{"id":6027,"date":"2020-10-08T13:00:50","date_gmt":"2020-10-08T16:00:50","guid":{"rendered":"https:\/\/www.agenciainfra.com\/blog\/?p=6027"},"modified":"2020-10-07T13:02:05","modified_gmt":"2020-10-07T16:02:05","slug":"infradebate-por-que-transparencia-nos-investimentos-em-infraestrutura-e-essencial-para-a-retomada-economica","status":"publish","type":"post","link":"https:\/\/agenciainfra.com\/blog\/infradebate-por-que-transparencia-nos-investimentos-em-infraestrutura-e-essencial-para-a-retomada-economica\/","title":{"rendered":"iNFRADebate: Por que transpar\u00eancia nos investimentos em infraestrutura \u00e9 essencial para a retomada econ\u00f4mica"},"content":{"rendered":"\n<p class=\"has-text-align-right\"><strong>Maria da Gra\u00e7a Ferraz de Almeida Prado*<\/strong><\/p>\n\n\n\n<p>Mundo afora, investimentos em infraestrutura ocupam posi\u00e7\u00e3o central nos planos econ\u00f4micos de recupera\u00e7\u00e3o p\u00f3s-pandemia e retomada de crescimento. No Brasil, o Minist\u00e9rio da Economia reconhece o protagonismo do setor para gera\u00e7\u00e3o de emprego e renda, agindo como \u201cindutor de prosperidade\u201d<sup>1<\/sup> para liderar o processo de retomada. A despeito de nosso hist\u00f3rico de corrup\u00e7\u00e3o no setor, chama a aten\u00e7\u00e3o o pouco espa\u00e7o dado ao tema da transpar\u00eancia como ingrediente chave para evitar erros do passado.<\/p>\n\n\n\n<p>Estudo publicado pelo Fundo Monet\u00e1rio Internacional em setembro deste ano indica que entre 30% e 50% dos investimentos em infraestrutura s\u00e3o perdidos por falta de uma gest\u00e3o eficiente de verbas e projetos<sup>2<\/sup>. Em economias emergentes como o Brasil, o percentual calculado \u00e9 de 34%, ou seja, mais de um ter\u00e7o do or\u00e7amento que poderia ser utilizado para melhorar padr\u00f5es de vida e de emprego acaba por ter destino incerto.\u00a0<\/p>\n\n\n\n<p>Esse estudo corrobora muitos outros que j\u00e1 haviam demonstrado perdas dessa magnitude<sup>3<\/sup>, apontando para a necessidade de transpar\u00eancia como governan\u00e7a fundamental para evitar que caracter\u00edsticas do setor (como os elevados valores das obras, as intrincadas redes contratuais que estruturam os investimentos e a dificuldade de controle e monitoramento pelo cidad\u00e3o comum) possam abrir brechas para desvios.\u00a0\u00a0\u00a0<\/p>\n\n\n\n<p>No caso do Brasil, a falta de transpar\u00eancia gerou um dos maiores esquemas de corrup\u00e7\u00e3o de que se tem not\u00edcia e valores devolvidos aos cofres p\u00fablicos por meio de investiga\u00e7\u00f5es e condena\u00e7\u00f5es nunca colocar\u00e3o o pa\u00eds de volta ao est\u00e1gio em que estaria caso tais perdas tivessem sido evitadas. Segundo apurado pela C\u00e2mara Brasileira da Ind\u00fastria da Constru\u00e7\u00e3o<sup>4<\/sup>, do total de obras paradas do PAC, 1.709 s\u00e3o de unidades b\u00e1sicas de sa\u00fade, 969 s\u00e3o creches e pr\u00e9-escolas, 646 referem-se a interven\u00e7\u00f5es de saneamento, 95 s\u00e3o relativas a recursos h\u00eddricos, entre tantas outras que poderiam representar mais oportunidades e menos riscos \u00e0 popula\u00e7\u00e3o, em especial em um contexto de pandemia e crise econ\u00f4mica.\u00a0<\/p>\n\n\n\n<p>Ind\u00edcios de fraude e superfaturamento nas contrata\u00e7\u00f5es de hospitais de campanha no Rio de Janeiro mostram que o fantasma da corrup\u00e7\u00e3o n\u00e3o ficou no passado<sup>5<\/sup>. \u00c9 bem verdade que o novo modelo de investimento em infraestrutura do pa\u00eds \u2013 o PPI (Programa de Parcerias de Investimentos)<sup>6<\/sup> \u2013\u2013 foca mais em parcerias privadas e menos em investimento p\u00fablico direto. Mas parcerias privadas n\u00e3o est\u00e3o isentas do risco de corrup\u00e7\u00e3o que pode surgir se n\u00e3o h\u00e1 transpar\u00eancia em torno dos crit\u00e9rios de aprova\u00e7\u00e3o de projetos, do processo de escolha dos parceiros e dos est\u00e1gios de implementa\u00e7\u00e3o da parceria<sup>7<\/sup>.<\/p>\n\n\n\n<p>Dentro do desenho do PPI, transpar\u00eancia \u00e9 prevista como um princ\u00edpio de atua\u00e7\u00e3o<sup>8<\/sup>, implementada por meio de relat\u00f3rios de progresso e gest\u00e3o disponibilizados ao p\u00fablico<sup>9<\/sup>, al\u00e9m de uma ferramenta eletr\u00f4nica de andamento de projetos onde \u00e9 poss\u00edvel obter um resumo dos projetos e o est\u00e1gio em que se encontram<sup>10<\/sup>. \u00c9 um modelo de presta\u00e7\u00e3o de contas, diga-se de passagem, bastante similar \u00e0quele empregado pelo PAC (Programa de Acelera\u00e7\u00e3o do Crescimento) e seus balan\u00e7os trimestrais e ferramentas de seguimento de obra<sup>11<\/sup>. Mas transpar\u00eancia n\u00e3o se limita a isso. O acesso \u00e0 informa\u00e7\u00e3o deve cobrir todo o ciclo de planejamento, prepara\u00e7\u00e3o e implementa\u00e7\u00e3o dos projetos, para permitir que o cidad\u00e3o comum, bem como concorrentes em processos p\u00fablicos, consigam entender as raz\u00f5es e crit\u00e9rios para escolha de projetos e parceiros, e possam acompanhar e monitorar, de forma independente, a execu\u00e7\u00e3o desses projetos \u00e0 medida que se desenvolvem. Plataformas digitais empregadas em outros pa\u00edses, como no caso da Ucr\u00e2nia<sup>12<\/sup>, mostram como \u00e9 poss\u00edvel construir um modelo de transpar\u00eancia que d\u00e1 ao cidad\u00e3o as condi\u00e7\u00f5es efetivas para um monitoramento em tempo real dos investimentos em infraestrutura.\u00a0\u00a0\u00a0\u00a0\u00a0<\/p>\n\n\n\n<p>N\u00e3o h\u00e1 d\u00favida de que a retomada do crescimento passa por investimentos em infraestrutura e os efeitos multiplicadores do setor ser\u00e3o fundamentais para um crescimento capaz de reduzir desigualdades sociais e regionais. Mas se mecanismos de transpar\u00eancia n\u00e3o forem integrados \u00e0s pol\u00edticas de implementa\u00e7\u00e3o, os riscos de abuso de poder, corrup\u00e7\u00e3o, favoritismo e nepotismo voltar\u00e3o a assombrar. O resultado \u00e9 uma infraestrutura de m\u00e1-qualidade, incompleta e que n\u00e3o atende a quem paga por ela: o cidad\u00e3o.<\/p>\n\n\n\n<h6 class=\"wp-block-heading\"><strong>*Maria da Gra\u00e7a <\/strong>Ferraz de Almeida Prado <strong>\u00e9 doutora em Direito Econ\u00f4mico pela Universidade de S\u00e3o Paulo e mestre em Pol\u00edticas de Desenvolvimento pela London School of Economics and Political Science. \u00c9 analista s\u00eanior da Iniciativa de <\/strong>Transpar\u00eancia em Infraestrutura CoST.<\/h6>\n\n\n\n<h6 class=\"wp-block-heading\">1 <em>Cf<\/em>. dispon\u00edvel em: <a href=\"https:\/\/www.gov.br\/economia\/pt-br\/canais_atendimento\/imprensa\/artigos\/2020\/retomada-economica-no-pos-covid-o-investimento-em-infraestrutura-como-indutor-de-prosperidade\">https:\/\/www.gov.br\/economia\/pt-br\/canais_atendimento\/imprensa\/artigos\/2020\/retomada-economica-no-pos-covid-o-investimento-em-infraestrutura-como-indutor-de-prosperidade<\/a>. Acesso em 5out2020.<\/h6>\n\n\n\n<h6 class=\"wp-block-heading\">2 <em>Cf<\/em>. dispon\u00edvel em: <a href=\"https:\/\/blogs.imf.org\/2020\/09\/03\/how-strong-infrastructure-governance-can-end-waste-in-public-investment\/\">https:\/\/blogs.imf.org\/2020\/09\/03\/how-strong-infrastructure-governance-can-end-waste-in-public-investment\/<\/a>. Acesso em 5out2020.<\/h6>\n\n\n\n<h6 class=\"wp-block-heading\">3 Veja relat\u00f3rio da UNODC de 2013 mencionado perdas entre 10-25% &#8211; <a href=\"https:\/\/www.unodc.org\/documents\/corruption\/Publications\/2013\/Guidebook_on_anti-corruption_in_public_procurement_and_the_management_of_public_finances.pdf\">https:\/\/www.unodc.org\/documents\/corruption\/Publications\/2013\/Guidebook_on_anti-corruption_in_public_procurement_and_the_management_of_public_finances.pdf<\/a>. No mesmo sentido: <a href=\"https:\/\/curbingcorruption.com\/wp-content\/uploads\/2018\/08\/180829-CurbingCorruption-Construction-sector-review.pdf\">https:\/\/curbingcorruption.com\/wp-content\/uploads\/2018\/08\/180829-CurbingCorruption-Construction-sector-review.pdf<\/a>. Acesso em 5out2020.<\/h6>\n\n\n\n<h6 class=\"wp-block-heading\">4 <em>Cf. <\/em>dispon\u00edvel em: <a href=\"https:\/\/cbic.org.br\/pac-soma-r-135-bilhoes-em-obras-paralisadas\/\">https:\/\/cbic.org.br\/pac-soma-r-135-bilhoes-em-obras-paralisadas\/<\/a>. Acesso em 5out2020.<\/h6>\n\n\n\n<h6 class=\"wp-block-heading\">5 <em>Cf<\/em>. dispon\u00edvel em: <a href=\"https:\/\/g1.globo.com\/jornal-nacional\/noticia\/2020\/08\/20\/dois-hospitais-de-campanha-sao-desativados-no-rio-de-janeiro.ghtml\">https:\/\/g1.globo.com\/jornal-nacional\/noticia\/2020\/08\/20\/dois-hospitais-de-campanha-sao-desativados-no-rio-de-janeiro.ghtml<\/a>. Acesso em 5out2020.<\/h6>\n\n\n\n<h6 class=\"wp-block-heading\">6 <em>Cf.<\/em> dispon\u00edvel em: <a href=\"https:\/\/www.ppi.gov.br\/sobre-o-programa\">https:\/\/www.ppi.gov.br\/sobre-o-programa<\/a>. Acesso em 5out2020.<\/h6>\n\n\n\n<h6 class=\"wp-block-heading\">7 <em>Cf<\/em>. dispon\u00edvel em: <a href=\"https:\/\/publications.iadb.org\/publications\/english\/document\/Effects_of_Corruption_on_Public%E2%80%93Private_Partnership_Contracts_Consequences_of_a_Zero-tolerance_Approach_en_en.pdf\">https:\/\/publications.iadb.org\/publications\/english\/document\/Effects_of_Corruption_on_Public%E2%80%93Private_Partnership_Contracts_Consequences_of_a_Zero-tolerance_Approach_en_en.pdf<\/a>. Acesso em 5out2020.<\/h6>\n\n\n\n<h6 class=\"wp-block-heading\">8 Veja artigo 3, (2) da Lei 13.334\/2016 que criou o programa. <em>Cf<\/em>. dispon\u00edvel em: <a href=\"http:\/\/www.planalto.gov.br\/ccivil_03\/_ato2015-2018\/2016\/lei\/L13334.htm\">http:\/\/www.planalto.gov.br\/ccivil_03\/_ato2015-2018\/2016\/lei\/L13334.htm<\/a>. Acesso em 5out2020.<\/h6>\n\n\n\n<h6 class=\"wp-block-heading\">9 <em>Cf<\/em>. dispon\u00edvel em: <a href=\"https:\/\/www.ppi.gov.br\/publicacoes-institucionais\">https:\/\/www.ppi.gov.br\/publicacoes-institucionais<\/a>. Acesso em 5out2020.<\/h6>\n\n\n\n<h6 class=\"wp-block-heading\">10 <em>Cf<\/em>. dispon\u00edvel em: <a href=\"https:\/\/www.ppi.gov.br\/projetos1#\/s\/Em%20andamento\/u\/\/e\/\/m\/\/r\/\">https:\/\/www.ppi.gov.br\/projetos1#\/s\/Em%20andamento\/u\/\/e\/\/m\/\/r\/<\/a>. Acesso em 5out2020.<\/h6>\n\n\n\n<h6 class=\"wp-block-heading\">11 <em>Cf<\/em>. dispon\u00edvel em: <a href=\"http:\/\/pac.gov.br\/\">http:\/\/pac.gov.br\/<\/a>. Acesso em 5out2020.<\/h6>\n\n\n\n<h6 class=\"wp-block-heading\">12 <em>Cf<\/em>. dispon\u00edvel em: <a href=\"https:\/\/portal.costukraine.org\/zviti\/\">https:\/\/portal.costukraine.org\/zviti\/<\/a> e <a href=\"https:\/\/www.youtube.com\/watch?v=4AFCea-ZthE&amp;feature=youtu.be\">https:\/\/www.youtube.com\/watch?v=4AFCea-ZthE&amp;feature=youtu.be<\/a>. Acesso em 5out2020.<\/h6>\n\n\n\n<h5 class=\"wp-block-heading\">O iNFRADebate \u00e9 o espa\u00e7o de artigos da Ag\u00eancia iNFRA com opini\u00f5es de seus atores que n\u00e3o refletem necessariamente o pensamento da Ag\u00eancia iNFRA, sendo de total responsabilidade do autor as informa\u00e7\u00f5es, ju\u00edzos de valor e conceitos descritos no texto.<\/h5>\n","protected":false},"excerpt":{"rendered":"<p>Maria da Gra\u00e7a Ferraz de Almeida Prado* Mundo afora, investimentos em infraestrutura ocupam posi\u00e7\u00e3o central nos planos econ\u00f4micos de recupera\u00e7\u00e3o p\u00f3s-pandemia e retomada de crescimento. No Brasil, o Minist\u00e9rio da Economia reconhece o protagonismo do setor para gera\u00e7\u00e3o de emprego e renda, agindo como \u201cindutor de prosperidade\u201d1 para liderar o processo de retomada. A despeito [&hellip;]<\/p>\n","protected":false},"author":9,"featured_media":6028,"comment_status":"closed","ping_status":"closed","sticky":false,"template":"","format":"standard","meta":{"_monsterinsights_skip_tracking":false,"_monsterinsights_sitenote_active":false,"_monsterinsights_sitenote_note":"","_monsterinsights_sitenote_category":0,"footnotes":""},"categories":[1,11],"tags":[2786,130,2578,731,691,2785,34,32,2784,766,36,786,2692,2575],"class_list":["post-6027","post","type-post","status-publish","format-standard","has-post-thumbnail","hentry","category-geral","category-infradebate","tag-camara-brasileira-da-industria-da-construcao","tag-cbic","tag-corrupcao","tag-economia","tag-fmi","tag-fundo-monetario-internacional","tag-infraestrutura","tag-investimentos","tag-maria-da-graca-ferraz-de-almeida-prado","tag-ministerio-da-economia","tag-ppi","tag-programa-de-parcerias-de-investimentos","tag-retomada","tag-transparencia"],"yoast_head":"<!-- This site is optimized with the Yoast SEO Premium plugin v25.4 (Yoast SEO v26.0) - https:\/\/yoast.com\/wordpress\/plugins\/seo\/ -->\n<title>iNFRADebate: Por que transpar\u00eancia nos investimentos em infraestrutura \u00e9 essencial para a retomada econ\u00f4mica - Ag\u00eancia iNFRA<\/title>\n<meta name=\"robots\" content=\"index, follow, max-snippet:-1, max-image-preview:large, max-video-preview:-1\" \/>\n<link rel=\"canonical\" href=\"https:\/\/agenciainfra.com\/blog\/infradebate-por-que-transparencia-nos-investimentos-em-infraestrutura-e-essencial-para-a-retomada-economica\/\" \/>\n<meta property=\"og:locale\" content=\"pt_BR\" \/>\n<meta property=\"og:type\" content=\"article\" \/>\n<meta property=\"og:title\" content=\"iNFRADebate: Por que transpar\u00eancia nos investimentos em infraestrutura \u00e9 essencial para a retomada econ\u00f4mica\" \/>\n<meta property=\"og:description\" content=\"Maria da Gra\u00e7a Ferraz de Almeida Prado* Mundo afora, investimentos em infraestrutura ocupam posi\u00e7\u00e3o central nos planos econ\u00f4micos de recupera\u00e7\u00e3o p\u00f3s-pandemia e retomada de crescimento. No Brasil, o Minist\u00e9rio da Economia reconhece o protagonismo do setor para gera\u00e7\u00e3o de emprego e renda, agindo como \u201cindutor de prosperidade\u201d1 para liderar o processo de retomada. A despeito [&hellip;]\" \/>\n<meta property=\"og:url\" content=\"https:\/\/agenciainfra.com\/blog\/infradebate-por-que-transparencia-nos-investimentos-em-infraestrutura-e-essencial-para-a-retomada-economica\/\" \/>\n<meta property=\"og:site_name\" content=\"Ag\u00eancia iNFRA\" \/>\n<meta property=\"article:publisher\" content=\"https:\/\/www.facebook.com\/ageninfra\" \/>\n<meta property=\"article:published_time\" content=\"2020-10-08T16:00:50+00:00\" \/>\n<meta property=\"og:image\" content=\"https:\/\/agenciainfra.com\/blog\/wp-content\/uploads\/2020\/10\/transparencia-lupa-foto-dominio-publico.jpg\" \/>\n\t<meta property=\"og:image:width\" content=\"1280\" \/>\n\t<meta property=\"og:image:height\" content=\"960\" \/>\n\t<meta property=\"og:image:type\" content=\"image\/jpeg\" \/>\n<meta name=\"author\" content=\"Rodrigo Zuquim\" \/>\n<meta name=\"twitter:card\" content=\"summary_large_image\" \/>\n<meta name=\"twitter:creator\" content=\"@agencia_infra\" \/>\n<meta name=\"twitter:site\" content=\"@agencia_infra\" \/>\n<meta name=\"twitter:label1\" content=\"Escrito por\" \/>\n\t<meta name=\"twitter:data1\" content=\"Rodrigo Zuquim\" \/>\n\t<meta name=\"twitter:label2\" content=\"Est. tempo de leitura\" \/>\n\t<meta name=\"twitter:data2\" content=\"5 minutos\" \/>\n<script type=\"application\/ld+json\" class=\"yoast-schema-graph\">{\"@context\":\"https:\/\/schema.org\",\"@graph\":[{\"@type\":\"Article\",\"@id\":\"https:\/\/agenciainfra.com\/blog\/infradebate-por-que-transparencia-nos-investimentos-em-infraestrutura-e-essencial-para-a-retomada-economica\/#article\",\"isPartOf\":{\"@id\":\"https:\/\/agenciainfra.com\/blog\/infradebate-por-que-transparencia-nos-investimentos-em-infraestrutura-e-essencial-para-a-retomada-economica\/\"},\"author\":{\"name\":\"Rodrigo Zuquim\",\"@id\":\"https:\/\/agenciainfra.com\/blog\/#\/schema\/person\/04dbb79bd6d8951f063da71f3e4c1eb1\"},\"headline\":\"iNFRADebate: Por que transpar\u00eancia nos investimentos em infraestrutura \u00e9 essencial para a retomada econ\u00f4mica\",\"datePublished\":\"2020-10-08T16:00:50+00:00\",\"mainEntityOfPage\":{\"@id\":\"https:\/\/agenciainfra.com\/blog\/infradebate-por-que-transparencia-nos-investimentos-em-infraestrutura-e-essencial-para-a-retomada-economica\/\"},\"wordCount\":1098,\"publisher\":{\"@id\":\"https:\/\/agenciainfra.com\/blog\/#organization\"},\"image\":{\"@id\":\"https:\/\/agenciainfra.com\/blog\/infradebate-por-que-transparencia-nos-investimentos-em-infraestrutura-e-essencial-para-a-retomada-economica\/#primaryimage\"},\"thumbnailUrl\":\"https:\/\/agenciainfra.com\/blog\/wp-content\/uploads\/2020\/10\/transparencia-lupa-foto-dominio-publico.jpg\",\"keywords\":[\"C\u00e2mara Brasileira da Ind\u00fastria da Constru\u00e7\u00e3o\",\"CBIC\",\"corrup\u00e7\u00e3o\",\"economia\",\"FMI\",\"Fundo Monet\u00e1rio Internacional\",\"Infraestrutura\",\"Investimentos\",\"Maria da Gra\u00e7a Ferraz de Almeida Prado\",\"Minist\u00e9rio da Economia\",\"PPI\",\"Programa de Parcerias de Investimentos\",\"retomada\",\"transpar\u00eancia\"],\"articleSection\":[\"Geral\",\"iNFRADebate\"],\"inLanguage\":\"pt-BR\",\"copyrightYear\":\"2020\",\"copyrightHolder\":{\"@id\":\"https:\/\/agenciainfra.com\/blog\/#organization\"}},{\"@type\":\"WebPage\",\"@id\":\"https:\/\/agenciainfra.com\/blog\/infradebate-por-que-transparencia-nos-investimentos-em-infraestrutura-e-essencial-para-a-retomada-economica\/\",\"url\":\"https:\/\/agenciainfra.com\/blog\/infradebate-por-que-transparencia-nos-investimentos-em-infraestrutura-e-essencial-para-a-retomada-economica\/\",\"name\":\"iNFRADebate: Por que transpar\u00eancia nos investimentos em infraestrutura \u00e9 essencial para a retomada econ\u00f4mica - Ag\u00eancia iNFRA\",\"isPartOf\":{\"@id\":\"https:\/\/agenciainfra.com\/blog\/#website\"},\"primaryImageOfPage\":{\"@id\":\"https:\/\/agenciainfra.com\/blog\/infradebate-por-que-transparencia-nos-investimentos-em-infraestrutura-e-essencial-para-a-retomada-economica\/#primaryimage\"},\"image\":{\"@id\":\"https:\/\/agenciainfra.com\/blog\/infradebate-por-que-transparencia-nos-investimentos-em-infraestrutura-e-essencial-para-a-retomada-economica\/#primaryimage\"},\"thumbnailUrl\":\"https:\/\/agenciainfra.com\/blog\/wp-content\/uploads\/2020\/10\/transparencia-lupa-foto-dominio-publico.jpg\",\"datePublished\":\"2020-10-08T16:00:50+00:00\",\"breadcrumb\":{\"@id\":\"https:\/\/agenciainfra.com\/blog\/infradebate-por-que-transparencia-nos-investimentos-em-infraestrutura-e-essencial-para-a-retomada-economica\/#breadcrumb\"},\"inLanguage\":\"pt-BR\",\"potentialAction\":[{\"@type\":\"ReadAction\",\"target\":[\"https:\/\/agenciainfra.com\/blog\/infradebate-por-que-transparencia-nos-investimentos-em-infraestrutura-e-essencial-para-a-retomada-economica\/\"]}]},{\"@type\":\"ImageObject\",\"inLanguage\":\"pt-BR\",\"@id\":\"https:\/\/agenciainfra.com\/blog\/infradebate-por-que-transparencia-nos-investimentos-em-infraestrutura-e-essencial-para-a-retomada-economica\/#primaryimage\",\"url\":\"https:\/\/agenciainfra.com\/blog\/wp-content\/uploads\/2020\/10\/transparencia-lupa-foto-dominio-publico.jpg\",\"contentUrl\":\"https:\/\/agenciainfra.com\/blog\/wp-content\/uploads\/2020\/10\/transparencia-lupa-foto-dominio-publico.jpg\",\"width\":1280,\"height\":960},{\"@type\":\"BreadcrumbList\",\"@id\":\"https:\/\/agenciainfra.com\/blog\/infradebate-por-que-transparencia-nos-investimentos-em-infraestrutura-e-essencial-para-a-retomada-economica\/#breadcrumb\",\"itemListElement\":[{\"@type\":\"ListItem\",\"position\":1,\"name\":\"In\u00edcio\",\"item\":\"https:\/\/agenciainfra.com\/blog\/\"},{\"@type\":\"ListItem\",\"position\":2,\"name\":\"iNFRADebate: Por que transpar\u00eancia nos investimentos em infraestrutura \u00e9 essencial para a retomada econ\u00f4mica\"}]},{\"@type\":\"WebSite\",\"@id\":\"https:\/\/agenciainfra.com\/blog\/#website\",\"url\":\"https:\/\/agenciainfra.com\/blog\/\",\"name\":\"Ag\u00eancia iNFRA\",\"description\":\"Multiplataforma de informa\u00e7\u00e3o jornal\u00edstica refer\u00eancia na \u00e1rea de infraestrutura no Brasil!\",\"publisher\":{\"@id\":\"https:\/\/agenciainfra.com\/blog\/#organization\"},\"potentialAction\":[{\"@type\":\"SearchAction\",\"target\":{\"@type\":\"EntryPoint\",\"urlTemplate\":\"https:\/\/agenciainfra.com\/blog\/?s={search_term_string}\"},\"query-input\":{\"@type\":\"PropertyValueSpecification\",\"valueRequired\":true,\"valueName\":\"search_term_string\"}}],\"inLanguage\":\"pt-BR\"},{\"@type\":\"Organization\",\"@id\":\"https:\/\/agenciainfra.com\/blog\/#organization\",\"name\":\"Ag\u00eancia iNFRA\",\"url\":\"https:\/\/agenciainfra.com\/blog\/\",\"logo\":{\"@type\":\"ImageObject\",\"inLanguage\":\"pt-BR\",\"@id\":\"https:\/\/agenciainfra.com\/blog\/#\/schema\/logo\/image\/\",\"url\":\"https:\/\/agenciainfra.com\/blog\/wp-content\/uploads\/2023\/09\/iNFRA_5-e1761735885940.png\",\"contentUrl\":\"https:\/\/agenciainfra.com\/blog\/wp-content\/uploads\/2023\/09\/iNFRA_5-e1761735885940.png\",\"width\":1672,\"height\":454,\"caption\":\"Ag\u00eancia iNFRA\"},\"image\":{\"@id\":\"https:\/\/agenciainfra.com\/blog\/#\/schema\/logo\/image\/\"},\"sameAs\":[\"https:\/\/www.facebook.com\/ageninfra\",\"https:\/\/x.com\/agencia_infra\",\"https:\/\/www.linkedin.com\/company\/ag\u00eanciainfra\/\",\"https:\/\/www.instagram.com\/agenciainfra\/\"]},{\"@type\":\"Person\",\"@id\":\"https:\/\/agenciainfra.com\/blog\/#\/schema\/person\/04dbb79bd6d8951f063da71f3e4c1eb1\",\"name\":\"Rodrigo Zuquim\",\"image\":{\"@type\":\"ImageObject\",\"inLanguage\":\"pt-BR\",\"@id\":\"https:\/\/agenciainfra.com\/blog\/#\/schema\/person\/image\/\",\"url\":\"https:\/\/secure.gravatar.com\/avatar\/594abfe82761d620726242ff34ca472a705a4b97f16c790053a6b4c4035274d0?s=96&d=mm&r=g\",\"contentUrl\":\"https:\/\/secure.gravatar.com\/avatar\/594abfe82761d620726242ff34ca472a705a4b97f16c790053a6b4c4035274d0?s=96&d=mm&r=g\",\"caption\":\"Rodrigo Zuquim\"},\"url\":\"https:\/\/agenciainfra.com\/blog\/author\/rodrigo-zuquim\/\"}]}<\/script>\n<!-- \/ Yoast SEO Premium plugin. -->","yoast_head_json":{"title":"iNFRADebate: Por que transpar\u00eancia nos investimentos em infraestrutura \u00e9 essencial para a retomada econ\u00f4mica - Ag\u00eancia iNFRA","robots":{"index":"index","follow":"follow","max-snippet":"max-snippet:-1","max-image-preview":"max-image-preview:large","max-video-preview":"max-video-preview:-1"},"canonical":"https:\/\/agenciainfra.com\/blog\/infradebate-por-que-transparencia-nos-investimentos-em-infraestrutura-e-essencial-para-a-retomada-economica\/","og_locale":"pt_BR","og_type":"article","og_title":"iNFRADebate: Por que transpar\u00eancia nos investimentos em infraestrutura \u00e9 essencial para a retomada econ\u00f4mica","og_description":"Maria da Gra\u00e7a Ferraz de Almeida Prado* Mundo afora, investimentos em infraestrutura ocupam posi\u00e7\u00e3o central nos planos econ\u00f4micos de recupera\u00e7\u00e3o p\u00f3s-pandemia e retomada de crescimento. No Brasil, o Minist\u00e9rio da Economia reconhece o protagonismo do setor para gera\u00e7\u00e3o de emprego e renda, agindo como \u201cindutor de prosperidade\u201d1 para liderar o processo de retomada. A despeito [&hellip;]","og_url":"https:\/\/agenciainfra.com\/blog\/infradebate-por-que-transparencia-nos-investimentos-em-infraestrutura-e-essencial-para-a-retomada-economica\/","og_site_name":"Ag\u00eancia iNFRA","article_publisher":"https:\/\/www.facebook.com\/ageninfra","article_published_time":"2020-10-08T16:00:50+00:00","og_image":[{"width":1280,"height":960,"url":"https:\/\/agenciainfra.com\/blog\/wp-content\/uploads\/2020\/10\/transparencia-lupa-foto-dominio-publico.jpg","type":"image\/jpeg"}],"author":"Rodrigo Zuquim","twitter_card":"summary_large_image","twitter_creator":"@agencia_infra","twitter_site":"@agencia_infra","twitter_misc":{"Escrito por":"Rodrigo Zuquim","Est. tempo de leitura":"5 minutos"},"schema":{"@context":"https:\/\/schema.org","@graph":[{"@type":"Article","@id":"https:\/\/agenciainfra.com\/blog\/infradebate-por-que-transparencia-nos-investimentos-em-infraestrutura-e-essencial-para-a-retomada-economica\/#article","isPartOf":{"@id":"https:\/\/agenciainfra.com\/blog\/infradebate-por-que-transparencia-nos-investimentos-em-infraestrutura-e-essencial-para-a-retomada-economica\/"},"author":{"name":"Rodrigo Zuquim","@id":"https:\/\/agenciainfra.com\/blog\/#\/schema\/person\/04dbb79bd6d8951f063da71f3e4c1eb1"},"headline":"iNFRADebate: Por que transpar\u00eancia nos investimentos em infraestrutura \u00e9 essencial para a retomada econ\u00f4mica","datePublished":"2020-10-08T16:00:50+00:00","mainEntityOfPage":{"@id":"https:\/\/agenciainfra.com\/blog\/infradebate-por-que-transparencia-nos-investimentos-em-infraestrutura-e-essencial-para-a-retomada-economica\/"},"wordCount":1098,"publisher":{"@id":"https:\/\/agenciainfra.com\/blog\/#organization"},"image":{"@id":"https:\/\/agenciainfra.com\/blog\/infradebate-por-que-transparencia-nos-investimentos-em-infraestrutura-e-essencial-para-a-retomada-economica\/#primaryimage"},"thumbnailUrl":"https:\/\/agenciainfra.com\/blog\/wp-content\/uploads\/2020\/10\/transparencia-lupa-foto-dominio-publico.jpg","keywords":["C\u00e2mara Brasileira da Ind\u00fastria da Constru\u00e7\u00e3o","CBIC","corrup\u00e7\u00e3o","economia","FMI","Fundo Monet\u00e1rio Internacional","Infraestrutura","Investimentos","Maria da Gra\u00e7a Ferraz de Almeida Prado","Minist\u00e9rio da Economia","PPI","Programa de Parcerias de Investimentos","retomada","transpar\u00eancia"],"articleSection":["Geral","iNFRADebate"],"inLanguage":"pt-BR","copyrightYear":"2020","copyrightHolder":{"@id":"https:\/\/agenciainfra.com\/blog\/#organization"}},{"@type":"WebPage","@id":"https:\/\/agenciainfra.com\/blog\/infradebate-por-que-transparencia-nos-investimentos-em-infraestrutura-e-essencial-para-a-retomada-economica\/","url":"https:\/\/agenciainfra.com\/blog\/infradebate-por-que-transparencia-nos-investimentos-em-infraestrutura-e-essencial-para-a-retomada-economica\/","name":"iNFRADebate: Por que transpar\u00eancia nos investimentos em infraestrutura \u00e9 essencial para a retomada econ\u00f4mica - Ag\u00eancia iNFRA","isPartOf":{"@id":"https:\/\/agenciainfra.com\/blog\/#website"},"primaryImageOfPage":{"@id":"https:\/\/agenciainfra.com\/blog\/infradebate-por-que-transparencia-nos-investimentos-em-infraestrutura-e-essencial-para-a-retomada-economica\/#primaryimage"},"image":{"@id":"https:\/\/agenciainfra.com\/blog\/infradebate-por-que-transparencia-nos-investimentos-em-infraestrutura-e-essencial-para-a-retomada-economica\/#primaryimage"},"thumbnailUrl":"https:\/\/agenciainfra.com\/blog\/wp-content\/uploads\/2020\/10\/transparencia-lupa-foto-dominio-publico.jpg","datePublished":"2020-10-08T16:00:50+00:00","breadcrumb":{"@id":"https:\/\/agenciainfra.com\/blog\/infradebate-por-que-transparencia-nos-investimentos-em-infraestrutura-e-essencial-para-a-retomada-economica\/#breadcrumb"},"inLanguage":"pt-BR","potentialAction":[{"@type":"ReadAction","target":["https:\/\/agenciainfra.com\/blog\/infradebate-por-que-transparencia-nos-investimentos-em-infraestrutura-e-essencial-para-a-retomada-economica\/"]}]},{"@type":"ImageObject","inLanguage":"pt-BR","@id":"https:\/\/agenciainfra.com\/blog\/infradebate-por-que-transparencia-nos-investimentos-em-infraestrutura-e-essencial-para-a-retomada-economica\/#primaryimage","url":"https:\/\/agenciainfra.com\/blog\/wp-content\/uploads\/2020\/10\/transparencia-lupa-foto-dominio-publico.jpg","contentUrl":"https:\/\/agenciainfra.com\/blog\/wp-content\/uploads\/2020\/10\/transparencia-lupa-foto-dominio-publico.jpg","width":1280,"height":960},{"@type":"BreadcrumbList","@id":"https:\/\/agenciainfra.com\/blog\/infradebate-por-que-transparencia-nos-investimentos-em-infraestrutura-e-essencial-para-a-retomada-economica\/#breadcrumb","itemListElement":[{"@type":"ListItem","position":1,"name":"In\u00edcio","item":"https:\/\/agenciainfra.com\/blog\/"},{"@type":"ListItem","position":2,"name":"iNFRADebate: Por que transpar\u00eancia nos investimentos em infraestrutura \u00e9 essencial para a retomada econ\u00f4mica"}]},{"@type":"WebSite","@id":"https:\/\/agenciainfra.com\/blog\/#website","url":"https:\/\/agenciainfra.com\/blog\/","name":"Ag\u00eancia iNFRA","description":"Multiplataforma de informa\u00e7\u00e3o jornal\u00edstica refer\u00eancia na \u00e1rea de infraestrutura no Brasil!","publisher":{"@id":"https:\/\/agenciainfra.com\/blog\/#organization"},"potentialAction":[{"@type":"SearchAction","target":{"@type":"EntryPoint","urlTemplate":"https:\/\/agenciainfra.com\/blog\/?s={search_term_string}"},"query-input":{"@type":"PropertyValueSpecification","valueRequired":true,"valueName":"search_term_string"}}],"inLanguage":"pt-BR"},{"@type":"Organization","@id":"https:\/\/agenciainfra.com\/blog\/#organization","name":"Ag\u00eancia iNFRA","url":"https:\/\/agenciainfra.com\/blog\/","logo":{"@type":"ImageObject","inLanguage":"pt-BR","@id":"https:\/\/agenciainfra.com\/blog\/#\/schema\/logo\/image\/","url":"https:\/\/agenciainfra.com\/blog\/wp-content\/uploads\/2023\/09\/iNFRA_5-e1761735885940.png","contentUrl":"https:\/\/agenciainfra.com\/blog\/wp-content\/uploads\/2023\/09\/iNFRA_5-e1761735885940.png","width":1672,"height":454,"caption":"Ag\u00eancia iNFRA"},"image":{"@id":"https:\/\/agenciainfra.com\/blog\/#\/schema\/logo\/image\/"},"sameAs":["https:\/\/www.facebook.com\/ageninfra","https:\/\/x.com\/agencia_infra","https:\/\/www.linkedin.com\/company\/ag\u00eanciainfra\/","https:\/\/www.instagram.com\/agenciainfra\/"]},{"@type":"Person","@id":"https:\/\/agenciainfra.com\/blog\/#\/schema\/person\/04dbb79bd6d8951f063da71f3e4c1eb1","name":"Rodrigo Zuquim","image":{"@type":"ImageObject","inLanguage":"pt-BR","@id":"https:\/\/agenciainfra.com\/blog\/#\/schema\/person\/image\/","url":"https:\/\/secure.gravatar.com\/avatar\/594abfe82761d620726242ff34ca472a705a4b97f16c790053a6b4c4035274d0?s=96&d=mm&r=g","contentUrl":"https:\/\/secure.gravatar.com\/avatar\/594abfe82761d620726242ff34ca472a705a4b97f16c790053a6b4c4035274d0?s=96&d=mm&r=g","caption":"Rodrigo Zuquim"},"url":"https:\/\/agenciainfra.com\/blog\/author\/rodrigo-zuquim\/"}]}},"_links":{"self":[{"href":"https:\/\/agenciainfra.com\/blog\/wp-json\/wp\/v2\/posts\/6027","targetHints":{"allow":["GET"]}}],"collection":[{"href":"https:\/\/agenciainfra.com\/blog\/wp-json\/wp\/v2\/posts"}],"about":[{"href":"https:\/\/agenciainfra.com\/blog\/wp-json\/wp\/v2\/types\/post"}],"author":[{"embeddable":true,"href":"https:\/\/agenciainfra.com\/blog\/wp-json\/wp\/v2\/users\/9"}],"replies":[{"embeddable":true,"href":"https:\/\/agenciainfra.com\/blog\/wp-json\/wp\/v2\/comments?post=6027"}],"version-history":[{"count":0,"href":"https:\/\/agenciainfra.com\/blog\/wp-json\/wp\/v2\/posts\/6027\/revisions"}],"wp:featuredmedia":[{"embeddable":true,"href":"https:\/\/agenciainfra.com\/blog\/wp-json\/wp\/v2\/media\/6028"}],"wp:attachment":[{"href":"https:\/\/agenciainfra.com\/blog\/wp-json\/wp\/v2\/media?parent=6027"}],"wp:term":[{"taxonomy":"category","embeddable":true,"href":"https:\/\/agenciainfra.com\/blog\/wp-json\/wp\/v2\/categories?post=6027"},{"taxonomy":"post_tag","embeddable":true,"href":"https:\/\/agenciainfra.com\/blog\/wp-json\/wp\/v2\/tags?post=6027"}],"curies":[{"name":"wp","href":"https:\/\/api.w.org\/{rel}","templated":true}]}}