{"id":6033,"date":"2020-10-08T08:02:23","date_gmt":"2020-10-08T11:02:23","guid":{"rendered":"https:\/\/www.agenciainfra.com\/blog\/?p=6033"},"modified":"2020-10-08T08:02:26","modified_gmt":"2020-10-08T11:02:26","slug":"governo-abre-estudos-para-desestatizar-aeroportos-de-congonhas-sp-santos-dumont-rj-e-belem-pa","status":"publish","type":"post","link":"https:\/\/agenciainfra.com\/blog\/governo-abre-estudos-para-desestatizar-aeroportos-de-congonhas-sp-santos-dumont-rj-e-belem-pa\/","title":{"rendered":"Governo abre estudos para desestatizar aeroportos de Congonhas (SP), Santos Dumont (RJ) e Bel\u00e9m (PA)"},"content":{"rendered":"\n<p class=\"has-text-align-right\"><strong>da Ag\u00eancia iNFRA<\/strong><\/p>\n\n\n\n<p>O Minist\u00e9rio da Infraestrutura lan\u00e7ou o Chamamento P\u00fablico 05\/2020 para &#8220;apresenta\u00e7\u00e3o de projetos, levantamentos, investiga\u00e7\u00f5es e estudos t\u00e9cnicos&#8221; para a modelagem da concess\u00e3o de aeroportos, a chamada 7\u00aa Rodada de concess\u00f5es.<\/p>\n\n\n\n<p>O ato foi publicado no Di\u00e1rio Oficial da Uni\u00e3o desta quinta-feira (8) e est\u00e1 dispon\u00edvel <a rel=\"noreferrer noopener\" href=\"https:\/\/pesquisa.in.gov.br\/imprensa\/jsp\/visualiza\/index.jsp?data=08\/10\/2020&amp;jornal=530&amp;pagina=74&amp;totalArquivos=235\" target=\"_blank\" data-type=\"URL\" data-id=\"https:\/\/pesquisa.in.gov.br\/imprensa\/jsp\/visualiza\/index.jsp?data=08\/10\/2020&amp;jornal=530&amp;pagina=74&amp;totalArquivos=235\">neste link<\/a>.<\/p>\n\n\n\n<p>Os 17 aeroportos hoje administrados pela Infraero foram divididos em tr\u00eas blocos, sendo um com unidades no Rio de Janeiro e em Minas Gerais, liderado pelo Aeroporto Santos Dumont (RJ). Esse bloco ter\u00e1 ainda os aeroportos de Jacarepagu\u00e1 (RJ) e Uberaba, Montes Claros e Uberl\u00e2ndia (MG).<\/p>\n\n\n\n<p>O outro ter\u00e1 unidades no Norte do pa\u00eds e ser\u00e1 liderado pelo aeroporto de Bel\u00e9m (PA). O bloco ter\u00e1 ainda os aeroportos de Macap\u00e1, em Amap\u00e1, e Santar\u00e9m, Marab\u00e1, Parauapebas e Altamira, no Par\u00e1.<\/p>\n\n\n\n<p>O terceiro tem unidades em S\u00e3o Paulo e Mato Grosso do Sul, liderado pelo aeroporto de Congonhas (SP), um dos mais importantes do pa\u00eds e considerado o hub principal da avia\u00e7\u00e3o nacional.<\/p>\n\n\n\n<p>Congonhas ser\u00e1 concedido junto com as unidades de Campo de Marte e S\u00e3o Jos\u00e9 dos Campos (SP) e Campo Grande, Corumb\u00e1 e Ponta Por\u00e3 (MS).<\/p>\n\n\n\n<p>De acordo com o ato, as empresas que quiserem fazer os estudos devem pedir a habilita\u00e7\u00e3o em at\u00e9 60 dias. Nessa modelagem, as empresas e cons\u00f3rcios que se habilitam para fazer os estudos aceitam o risco de n\u00e3o serem escolhidas.<\/p>\n\n\n\n<p>Somente uma empresa por bloco ter\u00e1 o estudo selecionado e ressarcido se a concess\u00e3o for bem sucedida. O valor m\u00e1ximo de ressarcimento foi estabelecido por blocos e soma cerca de R$ 70 milh\u00f5es, sendo R$ 20,8 milh\u00f5es para o Bloco RJ\/MG, R$ 23,7 milh\u00f5es para o Bloco Norte II, e R$ 25,5 milh\u00f5es para o bloco SP\/MS.<\/p>\n\n\n\n<p>Ap\u00f3s a publica\u00e7\u00e3o do termo de autoriza\u00e7\u00e3o com as empresas habilitadas, o prazo para a entrega dos estudos ser\u00e1 de 180 dias. A estimativa do governo \u00e9 licitar os tr\u00eas blocos em 2022.<\/p>\n\n\n\n<p>Apesar de ter lan\u00e7ado a 7\u00aa Rodada, o governo ainda n\u00e3o realizou o leil\u00e3o da 6\u00aa Rodada, em que est\u00e3o previstas as concess\u00f5es de tr\u00eas blocos de aeroportos, Sul, Norte e Central. Os estudos est\u00e3o em an\u00e1lise pelo TCU (Tribunal de Contas da Uni\u00e3o) e a previs\u00e3o \u00e9 que o leil\u00e3o ocorra em 2021.<\/p>\n","protected":false},"excerpt":{"rendered":"<p>da Ag\u00eancia iNFRA O Minist\u00e9rio da Infraestrutura lan\u00e7ou o Chamamento P\u00fablico 05\/2020 para &#8220;apresenta\u00e7\u00e3o de projetos, levantamentos, investiga\u00e7\u00f5es e estudos t\u00e9cnicos&#8221; para a modelagem da concess\u00e3o de aeroportos, a chamada 7\u00aa Rodada de concess\u00f5es. O ato foi publicado no Di\u00e1rio Oficial da Uni\u00e3o desta quinta-feira (8) e est\u00e1 dispon\u00edvel neste link. Os 17 aeroportos hoje [&hellip;]<\/p>\n","protected":false},"author":9,"featured_media":6034,"comment_status":"closed","ping_status":"closed","sticky":false,"template":"","format":"standard","meta":{"_monsterinsights_skip_tracking":false,"_monsterinsights_sitenote_active":false,"_monsterinsights_sitenote_note":"","_monsterinsights_sitenote_category":0,"footnotes":""},"categories":[1,2052],"tags":[2761,107,624,680,192,775,743],"class_list":["post-6033","post","type-post","status-publish","format-standard","has-post-thumbnail","hentry","category-geral","category-infra-transicao","tag-7a-rodada-de-concessoes","tag-aeroportos","tag-belem","tag-congonhas","tag-desestatizacao","tag-ministerio-da-infraestrutura","tag-santos-dumont"],"yoast_head":"<!-- This site is optimized with the Yoast SEO Premium plugin v25.4 (Yoast SEO v26.0) - https:\/\/yoast.com\/wordpress\/plugins\/seo\/ -->\n<title>Governo abre estudos para desestatizar aeroportos de Congonhas (SP), Santos Dumont (RJ) e Bel\u00e9m (PA) - Ag\u00eancia iNFRA<\/title>\n<meta name=\"robots\" content=\"index, follow, max-snippet:-1, max-image-preview:large, max-video-preview:-1\" \/>\n<link rel=\"canonical\" href=\"https:\/\/agenciainfra.com\/blog\/governo-abre-estudos-para-desestatizar-aeroportos-de-congonhas-sp-santos-dumont-rj-e-belem-pa\/\" \/>\n<meta property=\"og:locale\" content=\"pt_BR\" \/>\n<meta property=\"og:type\" content=\"article\" \/>\n<meta property=\"og:title\" content=\"Governo abre estudos para desestatizar aeroportos de Congonhas (SP), Santos Dumont (RJ) e Bel\u00e9m (PA)\" \/>\n<meta property=\"og:description\" content=\"da Ag\u00eancia iNFRA O Minist\u00e9rio da Infraestrutura lan\u00e7ou o Chamamento P\u00fablico 05\/2020 para &#8220;apresenta\u00e7\u00e3o de projetos, levantamentos, investiga\u00e7\u00f5es e estudos t\u00e9cnicos&#8221; para a modelagem da concess\u00e3o de aeroportos, a chamada 7\u00aa Rodada de concess\u00f5es. O ato foi publicado no Di\u00e1rio Oficial da Uni\u00e3o desta quinta-feira (8) e est\u00e1 dispon\u00edvel neste link. Os 17 aeroportos hoje [&hellip;]\" \/>\n<meta property=\"og:url\" content=\"https:\/\/agenciainfra.com\/blog\/governo-abre-estudos-para-desestatizar-aeroportos-de-congonhas-sp-santos-dumont-rj-e-belem-pa\/\" \/>\n<meta property=\"og:site_name\" content=\"Ag\u00eancia iNFRA\" \/>\n<meta property=\"article:publisher\" content=\"https:\/\/www.facebook.com\/ageninfra\" \/>\n<meta property=\"article:published_time\" content=\"2020-10-08T11:02:23+00:00\" \/>\n<meta property=\"article:modified_time\" content=\"2020-10-08T11:02:26+00:00\" \/>\n<meta property=\"og:image\" content=\"https:\/\/agenciainfra.com\/blog\/wp-content\/uploads\/2020\/10\/congonhas-foto-valter-campanato-agencia-brasil.jpg\" \/>\n\t<meta property=\"og:image:width\" content=\"1280\" \/>\n\t<meta property=\"og:image:height\" content=\"766\" \/>\n\t<meta property=\"og:image:type\" content=\"image\/jpeg\" \/>\n<meta name=\"author\" content=\"Rodrigo Zuquim\" \/>\n<meta name=\"twitter:card\" content=\"summary_large_image\" \/>\n<meta name=\"twitter:creator\" content=\"@agencia_infra\" \/>\n<meta name=\"twitter:site\" content=\"@agencia_infra\" \/>\n<meta name=\"twitter:label1\" content=\"Escrito por\" \/>\n\t<meta name=\"twitter:data1\" content=\"Rodrigo Zuquim\" \/>\n\t<meta name=\"twitter:label2\" content=\"Est. tempo de leitura\" \/>\n\t<meta name=\"twitter:data2\" content=\"2 minutos\" \/>\n<script type=\"application\/ld+json\" class=\"yoast-schema-graph\">{\"@context\":\"https:\/\/schema.org\",\"@graph\":[{\"@type\":\"Article\",\"@id\":\"https:\/\/agenciainfra.com\/blog\/governo-abre-estudos-para-desestatizar-aeroportos-de-congonhas-sp-santos-dumont-rj-e-belem-pa\/#article\",\"isPartOf\":{\"@id\":\"https:\/\/agenciainfra.com\/blog\/governo-abre-estudos-para-desestatizar-aeroportos-de-congonhas-sp-santos-dumont-rj-e-belem-pa\/\"},\"author\":{\"name\":\"Rodrigo Zuquim\",\"@id\":\"https:\/\/agenciainfra.com\/blog\/#\/schema\/person\/04dbb79bd6d8951f063da71f3e4c1eb1\"},\"headline\":\"Governo abre estudos para desestatizar aeroportos de Congonhas (SP), Santos Dumont (RJ) e Bel\u00e9m (PA)\",\"datePublished\":\"2020-10-08T11:02:23+00:00\",\"dateModified\":\"2020-10-08T11:02:26+00:00\",\"mainEntityOfPage\":{\"@id\":\"https:\/\/agenciainfra.com\/blog\/governo-abre-estudos-para-desestatizar-aeroportos-de-congonhas-sp-santos-dumont-rj-e-belem-pa\/\"},\"wordCount\":419,\"publisher\":{\"@id\":\"https:\/\/agenciainfra.com\/blog\/#organization\"},\"image\":{\"@id\":\"https:\/\/agenciainfra.com\/blog\/governo-abre-estudos-para-desestatizar-aeroportos-de-congonhas-sp-santos-dumont-rj-e-belem-pa\/#primaryimage\"},\"thumbnailUrl\":\"https:\/\/agenciainfra.com\/blog\/wp-content\/uploads\/2020\/10\/congonhas-foto-valter-campanato-agencia-brasil.jpg\",\"keywords\":[\"7\u00aa Rodada de Concess\u00f5es\",\"aeroportos\",\"Bel\u00e9m\",\"Congonhas\",\"desestatiza\u00e7\u00e3o\",\"Minist\u00e9rio da Infraestrutura\",\"Santos Dumont\"],\"articleSection\":[\"Geral\",\"iNFRA Na Transi\u00e7\u00e3o\"],\"inLanguage\":\"pt-BR\",\"copyrightYear\":\"2020\",\"copyrightHolder\":{\"@id\":\"https:\/\/agenciainfra.com\/blog\/#organization\"}},{\"@type\":\"WebPage\",\"@id\":\"https:\/\/agenciainfra.com\/blog\/governo-abre-estudos-para-desestatizar-aeroportos-de-congonhas-sp-santos-dumont-rj-e-belem-pa\/\",\"url\":\"https:\/\/agenciainfra.com\/blog\/governo-abre-estudos-para-desestatizar-aeroportos-de-congonhas-sp-santos-dumont-rj-e-belem-pa\/\",\"name\":\"Governo abre estudos para desestatizar aeroportos de Congonhas (SP), Santos Dumont (RJ) e Bel\u00e9m (PA) - Ag\u00eancia iNFRA\",\"isPartOf\":{\"@id\":\"https:\/\/agenciainfra.com\/blog\/#website\"},\"primaryImageOfPage\":{\"@id\":\"https:\/\/agenciainfra.com\/blog\/governo-abre-estudos-para-desestatizar-aeroportos-de-congonhas-sp-santos-dumont-rj-e-belem-pa\/#primaryimage\"},\"image\":{\"@id\":\"https:\/\/agenciainfra.com\/blog\/governo-abre-estudos-para-desestatizar-aeroportos-de-congonhas-sp-santos-dumont-rj-e-belem-pa\/#primaryimage\"},\"thumbnailUrl\":\"https:\/\/agenciainfra.com\/blog\/wp-content\/uploads\/2020\/10\/congonhas-foto-valter-campanato-agencia-brasil.jpg\",\"datePublished\":\"2020-10-08T11:02:23+00:00\",\"dateModified\":\"2020-10-08T11:02:26+00:00\",\"breadcrumb\":{\"@id\":\"https:\/\/agenciainfra.com\/blog\/governo-abre-estudos-para-desestatizar-aeroportos-de-congonhas-sp-santos-dumont-rj-e-belem-pa\/#breadcrumb\"},\"inLanguage\":\"pt-BR\",\"potentialAction\":[{\"@type\":\"ReadAction\",\"target\":[\"https:\/\/agenciainfra.com\/blog\/governo-abre-estudos-para-desestatizar-aeroportos-de-congonhas-sp-santos-dumont-rj-e-belem-pa\/\"]}]},{\"@type\":\"ImageObject\",\"inLanguage\":\"pt-BR\",\"@id\":\"https:\/\/agenciainfra.com\/blog\/governo-abre-estudos-para-desestatizar-aeroportos-de-congonhas-sp-santos-dumont-rj-e-belem-pa\/#primaryimage\",\"url\":\"https:\/\/agenciainfra.com\/blog\/wp-content\/uploads\/2020\/10\/congonhas-foto-valter-campanato-agencia-brasil.jpg\",\"contentUrl\":\"https:\/\/agenciainfra.com\/blog\/wp-content\/uploads\/2020\/10\/congonhas-foto-valter-campanato-agencia-brasil.jpg\",\"width\":1280,\"height\":766,\"caption\":\"Foto: Valter Campanato\/Ag\u00eancia Brasil\"},{\"@type\":\"BreadcrumbList\",\"@id\":\"https:\/\/agenciainfra.com\/blog\/governo-abre-estudos-para-desestatizar-aeroportos-de-congonhas-sp-santos-dumont-rj-e-belem-pa\/#breadcrumb\",\"itemListElement\":[{\"@type\":\"ListItem\",\"position\":1,\"name\":\"In\u00edcio\",\"item\":\"https:\/\/agenciainfra.com\/blog\/\"},{\"@type\":\"ListItem\",\"position\":2,\"name\":\"Governo abre estudos para desestatizar aeroportos de Congonhas (SP), Santos Dumont (RJ) e Bel\u00e9m (PA)\"}]},{\"@type\":\"WebSite\",\"@id\":\"https:\/\/agenciainfra.com\/blog\/#website\",\"url\":\"https:\/\/agenciainfra.com\/blog\/\",\"name\":\"Ag\u00eancia iNFRA\",\"description\":\"Multiplataforma de informa\u00e7\u00e3o jornal\u00edstica refer\u00eancia na \u00e1rea de infraestrutura no Brasil!\",\"publisher\":{\"@id\":\"https:\/\/agenciainfra.com\/blog\/#organization\"},\"potentialAction\":[{\"@type\":\"SearchAction\",\"target\":{\"@type\":\"EntryPoint\",\"urlTemplate\":\"https:\/\/agenciainfra.com\/blog\/?s={search_term_string}\"},\"query-input\":{\"@type\":\"PropertyValueSpecification\",\"valueRequired\":true,\"valueName\":\"search_term_string\"}}],\"inLanguage\":\"pt-BR\"},{\"@type\":\"Organization\",\"@id\":\"https:\/\/agenciainfra.com\/blog\/#organization\",\"name\":\"Ag\u00eancia iNFRA\",\"url\":\"https:\/\/agenciainfra.com\/blog\/\",\"logo\":{\"@type\":\"ImageObject\",\"inLanguage\":\"pt-BR\",\"@id\":\"https:\/\/agenciainfra.com\/blog\/#\/schema\/logo\/image\/\",\"url\":\"https:\/\/agenciainfra.com\/blog\/wp-content\/uploads\/2023\/09\/iNFRA_5-e1761735885940.png\",\"contentUrl\":\"https:\/\/agenciainfra.com\/blog\/wp-content\/uploads\/2023\/09\/iNFRA_5-e1761735885940.png\",\"width\":1672,\"height\":454,\"caption\":\"Ag\u00eancia iNFRA\"},\"image\":{\"@id\":\"https:\/\/agenciainfra.com\/blog\/#\/schema\/logo\/image\/\"},\"sameAs\":[\"https:\/\/www.facebook.com\/ageninfra\",\"https:\/\/x.com\/agencia_infra\",\"https:\/\/www.linkedin.com\/company\/ag\u00eanciainfra\/\",\"https:\/\/www.instagram.com\/agenciainfra\/\"]},{\"@type\":\"Person\",\"@id\":\"https:\/\/agenciainfra.com\/blog\/#\/schema\/person\/04dbb79bd6d8951f063da71f3e4c1eb1\",\"name\":\"Rodrigo Zuquim\",\"image\":{\"@type\":\"ImageObject\",\"inLanguage\":\"pt-BR\",\"@id\":\"https:\/\/agenciainfra.com\/blog\/#\/schema\/person\/image\/\",\"url\":\"https:\/\/secure.gravatar.com\/avatar\/594abfe82761d620726242ff34ca472a705a4b97f16c790053a6b4c4035274d0?s=96&d=mm&r=g\",\"contentUrl\":\"https:\/\/secure.gravatar.com\/avatar\/594abfe82761d620726242ff34ca472a705a4b97f16c790053a6b4c4035274d0?s=96&d=mm&r=g\",\"caption\":\"Rodrigo Zuquim\"},\"url\":\"https:\/\/agenciainfra.com\/blog\/author\/rodrigo-zuquim\/\"}]}<\/script>\n<!-- \/ Yoast SEO Premium plugin. -->","yoast_head_json":{"title":"Governo abre estudos para desestatizar aeroportos de Congonhas (SP), Santos Dumont (RJ) e Bel\u00e9m (PA) - Ag\u00eancia iNFRA","robots":{"index":"index","follow":"follow","max-snippet":"max-snippet:-1","max-image-preview":"max-image-preview:large","max-video-preview":"max-video-preview:-1"},"canonical":"https:\/\/agenciainfra.com\/blog\/governo-abre-estudos-para-desestatizar-aeroportos-de-congonhas-sp-santos-dumont-rj-e-belem-pa\/","og_locale":"pt_BR","og_type":"article","og_title":"Governo abre estudos para desestatizar aeroportos de Congonhas (SP), Santos Dumont (RJ) e Bel\u00e9m (PA)","og_description":"da Ag\u00eancia iNFRA O Minist\u00e9rio da Infraestrutura lan\u00e7ou o Chamamento P\u00fablico 05\/2020 para &#8220;apresenta\u00e7\u00e3o de projetos, levantamentos, investiga\u00e7\u00f5es e estudos t\u00e9cnicos&#8221; para a modelagem da concess\u00e3o de aeroportos, a chamada 7\u00aa Rodada de concess\u00f5es. O ato foi publicado no Di\u00e1rio Oficial da Uni\u00e3o desta quinta-feira (8) e est\u00e1 dispon\u00edvel neste link. Os 17 aeroportos hoje [&hellip;]","og_url":"https:\/\/agenciainfra.com\/blog\/governo-abre-estudos-para-desestatizar-aeroportos-de-congonhas-sp-santos-dumont-rj-e-belem-pa\/","og_site_name":"Ag\u00eancia iNFRA","article_publisher":"https:\/\/www.facebook.com\/ageninfra","article_published_time":"2020-10-08T11:02:23+00:00","article_modified_time":"2020-10-08T11:02:26+00:00","og_image":[{"width":1280,"height":766,"url":"https:\/\/agenciainfra.com\/blog\/wp-content\/uploads\/2020\/10\/congonhas-foto-valter-campanato-agencia-brasil.jpg","type":"image\/jpeg"}],"author":"Rodrigo Zuquim","twitter_card":"summary_large_image","twitter_creator":"@agencia_infra","twitter_site":"@agencia_infra","twitter_misc":{"Escrito por":"Rodrigo Zuquim","Est. tempo de leitura":"2 minutos"},"schema":{"@context":"https:\/\/schema.org","@graph":[{"@type":"Article","@id":"https:\/\/agenciainfra.com\/blog\/governo-abre-estudos-para-desestatizar-aeroportos-de-congonhas-sp-santos-dumont-rj-e-belem-pa\/#article","isPartOf":{"@id":"https:\/\/agenciainfra.com\/blog\/governo-abre-estudos-para-desestatizar-aeroportos-de-congonhas-sp-santos-dumont-rj-e-belem-pa\/"},"author":{"name":"Rodrigo Zuquim","@id":"https:\/\/agenciainfra.com\/blog\/#\/schema\/person\/04dbb79bd6d8951f063da71f3e4c1eb1"},"headline":"Governo abre estudos para desestatizar aeroportos de Congonhas (SP), Santos Dumont (RJ) e Bel\u00e9m (PA)","datePublished":"2020-10-08T11:02:23+00:00","dateModified":"2020-10-08T11:02:26+00:00","mainEntityOfPage":{"@id":"https:\/\/agenciainfra.com\/blog\/governo-abre-estudos-para-desestatizar-aeroportos-de-congonhas-sp-santos-dumont-rj-e-belem-pa\/"},"wordCount":419,"publisher":{"@id":"https:\/\/agenciainfra.com\/blog\/#organization"},"image":{"@id":"https:\/\/agenciainfra.com\/blog\/governo-abre-estudos-para-desestatizar-aeroportos-de-congonhas-sp-santos-dumont-rj-e-belem-pa\/#primaryimage"},"thumbnailUrl":"https:\/\/agenciainfra.com\/blog\/wp-content\/uploads\/2020\/10\/congonhas-foto-valter-campanato-agencia-brasil.jpg","keywords":["7\u00aa Rodada de Concess\u00f5es","aeroportos","Bel\u00e9m","Congonhas","desestatiza\u00e7\u00e3o","Minist\u00e9rio da Infraestrutura","Santos Dumont"],"articleSection":["Geral","iNFRA Na Transi\u00e7\u00e3o"],"inLanguage":"pt-BR","copyrightYear":"2020","copyrightHolder":{"@id":"https:\/\/agenciainfra.com\/blog\/#organization"}},{"@type":"WebPage","@id":"https:\/\/agenciainfra.com\/blog\/governo-abre-estudos-para-desestatizar-aeroportos-de-congonhas-sp-santos-dumont-rj-e-belem-pa\/","url":"https:\/\/agenciainfra.com\/blog\/governo-abre-estudos-para-desestatizar-aeroportos-de-congonhas-sp-santos-dumont-rj-e-belem-pa\/","name":"Governo abre estudos para desestatizar aeroportos de Congonhas (SP), Santos Dumont (RJ) e Bel\u00e9m (PA) - Ag\u00eancia iNFRA","isPartOf":{"@id":"https:\/\/agenciainfra.com\/blog\/#website"},"primaryImageOfPage":{"@id":"https:\/\/agenciainfra.com\/blog\/governo-abre-estudos-para-desestatizar-aeroportos-de-congonhas-sp-santos-dumont-rj-e-belem-pa\/#primaryimage"},"image":{"@id":"https:\/\/agenciainfra.com\/blog\/governo-abre-estudos-para-desestatizar-aeroportos-de-congonhas-sp-santos-dumont-rj-e-belem-pa\/#primaryimage"},"thumbnailUrl":"https:\/\/agenciainfra.com\/blog\/wp-content\/uploads\/2020\/10\/congonhas-foto-valter-campanato-agencia-brasil.jpg","datePublished":"2020-10-08T11:02:23+00:00","dateModified":"2020-10-08T11:02:26+00:00","breadcrumb":{"@id":"https:\/\/agenciainfra.com\/blog\/governo-abre-estudos-para-desestatizar-aeroportos-de-congonhas-sp-santos-dumont-rj-e-belem-pa\/#breadcrumb"},"inLanguage":"pt-BR","potentialAction":[{"@type":"ReadAction","target":["https:\/\/agenciainfra.com\/blog\/governo-abre-estudos-para-desestatizar-aeroportos-de-congonhas-sp-santos-dumont-rj-e-belem-pa\/"]}]},{"@type":"ImageObject","inLanguage":"pt-BR","@id":"https:\/\/agenciainfra.com\/blog\/governo-abre-estudos-para-desestatizar-aeroportos-de-congonhas-sp-santos-dumont-rj-e-belem-pa\/#primaryimage","url":"https:\/\/agenciainfra.com\/blog\/wp-content\/uploads\/2020\/10\/congonhas-foto-valter-campanato-agencia-brasil.jpg","contentUrl":"https:\/\/agenciainfra.com\/blog\/wp-content\/uploads\/2020\/10\/congonhas-foto-valter-campanato-agencia-brasil.jpg","width":1280,"height":766,"caption":"Foto: Valter Campanato\/Ag\u00eancia Brasil"},{"@type":"BreadcrumbList","@id":"https:\/\/agenciainfra.com\/blog\/governo-abre-estudos-para-desestatizar-aeroportos-de-congonhas-sp-santos-dumont-rj-e-belem-pa\/#breadcrumb","itemListElement":[{"@type":"ListItem","position":1,"name":"In\u00edcio","item":"https:\/\/agenciainfra.com\/blog\/"},{"@type":"ListItem","position":2,"name":"Governo abre estudos para desestatizar aeroportos de Congonhas (SP), Santos Dumont (RJ) e Bel\u00e9m (PA)"}]},{"@type":"WebSite","@id":"https:\/\/agenciainfra.com\/blog\/#website","url":"https:\/\/agenciainfra.com\/blog\/","name":"Ag\u00eancia iNFRA","description":"Multiplataforma de informa\u00e7\u00e3o jornal\u00edstica refer\u00eancia na \u00e1rea de infraestrutura no Brasil!","publisher":{"@id":"https:\/\/agenciainfra.com\/blog\/#organization"},"potentialAction":[{"@type":"SearchAction","target":{"@type":"EntryPoint","urlTemplate":"https:\/\/agenciainfra.com\/blog\/?s={search_term_string}"},"query-input":{"@type":"PropertyValueSpecification","valueRequired":true,"valueName":"search_term_string"}}],"inLanguage":"pt-BR"},{"@type":"Organization","@id":"https:\/\/agenciainfra.com\/blog\/#organization","name":"Ag\u00eancia iNFRA","url":"https:\/\/agenciainfra.com\/blog\/","logo":{"@type":"ImageObject","inLanguage":"pt-BR","@id":"https:\/\/agenciainfra.com\/blog\/#\/schema\/logo\/image\/","url":"https:\/\/agenciainfra.com\/blog\/wp-content\/uploads\/2023\/09\/iNFRA_5-e1761735885940.png","contentUrl":"https:\/\/agenciainfra.com\/blog\/wp-content\/uploads\/2023\/09\/iNFRA_5-e1761735885940.png","width":1672,"height":454,"caption":"Ag\u00eancia iNFRA"},"image":{"@id":"https:\/\/agenciainfra.com\/blog\/#\/schema\/logo\/image\/"},"sameAs":["https:\/\/www.facebook.com\/ageninfra","https:\/\/x.com\/agencia_infra","https:\/\/www.linkedin.com\/company\/ag\u00eanciainfra\/","https:\/\/www.instagram.com\/agenciainfra\/"]},{"@type":"Person","@id":"https:\/\/agenciainfra.com\/blog\/#\/schema\/person\/04dbb79bd6d8951f063da71f3e4c1eb1","name":"Rodrigo Zuquim","image":{"@type":"ImageObject","inLanguage":"pt-BR","@id":"https:\/\/agenciainfra.com\/blog\/#\/schema\/person\/image\/","url":"https:\/\/secure.gravatar.com\/avatar\/594abfe82761d620726242ff34ca472a705a4b97f16c790053a6b4c4035274d0?s=96&d=mm&r=g","contentUrl":"https:\/\/secure.gravatar.com\/avatar\/594abfe82761d620726242ff34ca472a705a4b97f16c790053a6b4c4035274d0?s=96&d=mm&r=g","caption":"Rodrigo Zuquim"},"url":"https:\/\/agenciainfra.com\/blog\/author\/rodrigo-zuquim\/"}]}},"_links":{"self":[{"href":"https:\/\/agenciainfra.com\/blog\/wp-json\/wp\/v2\/posts\/6033","targetHints":{"allow":["GET"]}}],"collection":[{"href":"https:\/\/agenciainfra.com\/blog\/wp-json\/wp\/v2\/posts"}],"about":[{"href":"https:\/\/agenciainfra.com\/blog\/wp-json\/wp\/v2\/types\/post"}],"author":[{"embeddable":true,"href":"https:\/\/agenciainfra.com\/blog\/wp-json\/wp\/v2\/users\/9"}],"replies":[{"embeddable":true,"href":"https:\/\/agenciainfra.com\/blog\/wp-json\/wp\/v2\/comments?post=6033"}],"version-history":[{"count":0,"href":"https:\/\/agenciainfra.com\/blog\/wp-json\/wp\/v2\/posts\/6033\/revisions"}],"wp:featuredmedia":[{"embeddable":true,"href":"https:\/\/agenciainfra.com\/blog\/wp-json\/wp\/v2\/media\/6034"}],"wp:attachment":[{"href":"https:\/\/agenciainfra.com\/blog\/wp-json\/wp\/v2\/media?parent=6033"}],"wp:term":[{"taxonomy":"category","embeddable":true,"href":"https:\/\/agenciainfra.com\/blog\/wp-json\/wp\/v2\/categories?post=6033"},{"taxonomy":"post_tag","embeddable":true,"href":"https:\/\/agenciainfra.com\/blog\/wp-json\/wp\/v2\/tags?post=6033"}],"curies":[{"name":"wp","href":"https:\/\/api.w.org\/{rel}","templated":true}]}}