{"id":6045,"date":"2020-10-14T08:00:01","date_gmt":"2020-10-14T11:00:01","guid":{"rendered":"https:\/\/www.agenciainfra.com\/blog\/?p=6045"},"modified":"2020-10-09T10:50:33","modified_gmt":"2020-10-09T13:50:33","slug":"tcu-abre-com-malha-oeste-auditorias-para-avaliar-abandono-e-falta-de-atendimento-nas-ferrovias","status":"publish","type":"post","link":"https:\/\/agenciainfra.com\/blog\/tcu-abre-com-malha-oeste-auditorias-para-avaliar-abandono-e-falta-de-atendimento-nas-ferrovias\/","title":{"rendered":"TCU abre com Malha Oeste auditorias para avaliar abandono e falta de atendimento nas ferrovias"},"content":{"rendered":"\n<hr class=\"wp-block-separator\"\/>\n\n\n\n<p class=\"has-text-align-right\"><strong>Dimmi Amora, da&nbsp;Ag\u00eancia iNFRA<\/strong><\/p>\n\n\n\n<p>O TCU (Tribunal de Contas da Uni\u00e3o) apresentou em uma consulta p\u00fablica, na \u00faltima quinta-feira (8), a matriz de planejamento do que ser\u00e1 sua primeira auditoria para avaliar os motivos de as ferrovias brasileiras terem partes abandonadas e n\u00e3o atenderem a um maior espectro de clientes.\u00a0<br><br>A ferrovia escolhida como uma esp\u00e9cie de teste foi a Malha Oeste, trecho de cerca de 2 mil quil\u00f4metros que liga o Mato Grosso do Sul a S\u00e3o Paulo. A Malha Oeste \u00e9 uma das ferrovias sob controle da Rumo, que nesse trecho atende praticamente s\u00f3 quando \u00e9 obrigada pelo governo.<br><br>Nesse tipo de trabalho do tribunal, chamado de auditoria operacional, os auditores fazem uma s\u00e9rie de levantamentos de dados sobre o tema e v\u00e3o a campo para entrevistas com agentes que tenham algum interesse. A mais recente auditoria desse tipo conclu\u00edda foi a que comparou os terminais portu\u00e1rios privados e p\u00fablicos, votada nesta semana pelo plen\u00e1rio \u00f3rg\u00e3o.<br><br>No evento desta quinta-feira, dispon\u00edvel\u00a0<a rel=\"noreferrer noopener\" href=\"https:\/\/agenciainfra.us14.list-manage.com\/track\/click?u=d460dd1bcf9ba0ae040e1fc0f&amp;id=38300b6e8d&amp;e=c099169394\" target=\"_blank\">neste link<\/a>. Os auditores da SeinfraPortoFerrovia, respons\u00e1veis pelo trabalho, indicaram quais v\u00e3o ser os temas de auditoria que ser\u00e3o avaliados. A apresenta\u00e7\u00e3o est\u00e1\u00a0<a rel=\"noreferrer noopener\" href=\"https:\/\/agenciainfra.us14.list-manage.com\/track\/click?u=d460dd1bcf9ba0ae040e1fc0f&amp;id=d365ce67d4&amp;e=c099169394\" target=\"_blank\">neste link<\/a>. A relatoria dessa auditoria ser\u00e1 do ministro Raimundo Carreiro.<br><br>De acordo com o respons\u00e1vel pelo levantamento, o auditor Jo\u00e3o Manoel Dion\u00edsio, a avalia\u00e7\u00e3o pr\u00e9via apontou para tr\u00eas pontos a serem analisados na auditoria: a forma como a ANTT (Ag\u00eancia Nacional de Transportes Terrestres) atua para assegurar\u00a0a presta\u00e7\u00e3o do servi\u00e7o adequado; a forma como a ANTT atua para induzir o atendimento \u00e0 demanda; e como a ag\u00eancia atua para garantir a manuten\u00e7\u00e3o dos bens da concess\u00e3o.<br><br>Entre os temas a serem avaliados, est\u00e3o a\u00a0verifica\u00e7\u00e3o da exist\u00eancia de par\u00e2metros e faixas adequadas para atingir as metas do contrato; e a verifica\u00e7\u00e3o se a ANTT est\u00e1 adotando procedimentos para induzir melhorias e amplia\u00e7\u00e3o do atendimento.<br><br>Segundo os auditores tamb\u00e9m ser\u00e1 analisada, por exemplo, a confiabilidade dos dados fornecidos pela concession\u00e1rias sobre as metas de produ\u00e7\u00e3o por trecho. A inten\u00e7\u00e3o, segundo os auditores, \u00e9 ainda analisar os motivos que levaram os clientes a deixarem de transportar por ferrovia e porque algumas cargas n\u00e3o usam esse meio de transporte.<br><br>O diretor da secretaria, Jairo Misson, lembrou que a apresenta\u00e7\u00e3o pr\u00e9via dos questionamentos \u00e9 para indicar se o trabalho est\u00e1 no caminho adequado e se h\u00e1 outros temas que precisam ser tratados na auditoria.\u00a0<br><br>E j\u00e1 recebeu uma contribui\u00e7\u00e3o inicial do presidente da Anut (Associa\u00e7\u00e3o Nacional dos Usu\u00e1rios de Transportes), Luiz Baldez, que pediu para que fosse avaliado n\u00e3o somente o trabalho da ANTT, mas tamb\u00e9m do poder concedente, que \u00e9 o Minist\u00e9rio da Infraestrutura.<br><br><strong>Problemas desde a origem<\/strong><br>O superintendente em exerc\u00edcio da Superintend\u00eancia de Transportes Ferrovi\u00e1rios da ANTT, Jean Mafra, apresentou um hist\u00f3rico da Malha Oeste que, segundo ele, tem problemas praticamente desde o in\u00edcio do contrato, quando seu principal fluxo, o de combust\u00edveis, foi impactado por uma decis\u00e3o do governo de alterar regras de transporte do produto.<br><br>Por causa disso, a ent\u00e3o respons\u00e1vel pela concession\u00e1ria entrou com um pedido de reequil\u00edbrio. Mas, segundo Mafra, a ANTT n\u00e3o deixou de atuar para fazer com que o contrato fosse cumprindo. Em 2011, atuou para obrigar a empresa a informar se devolveria trechos abandonados ou os recuperaria.<br><br>De acordo com ele, a partir de 2017, pelo fato de a empresa ter indicado a recupera\u00e7\u00e3o dos trechos, mas n\u00e3o estar operando, foi aberto o procedimento que pode levar \u00e0 caducidade da concess\u00e3o.<br><br>Jaime Verruk, secret\u00e1rio de Desenvolvimento Econ\u00f4mico do Mato Grosso do Sul, lembrou que a situa\u00e7\u00e3o de paralisa\u00e7\u00e3o do atendimento da ferrovia vem desde 2016 e afirmou que ela precisa ser solucionada, mesmo reconhecendo os problemas de competitividade da ferrovia. Ele citou que atualmente empresas do estado est\u00e3o transportando em caminh\u00f5es cargas de min\u00e9rio que n\u00e3o podem ser escoadas por sistema de hidrovias devido \u00e0 seca.<br><br><strong>Preju\u00edzo em todos os anos<\/strong><br>O representante da Rumo, Guilherme Penin, lembrou que a ferrovia nunca operou no positivo. Segundo ele, os fluxos que hoje seriam adequados para o transporte \u2013 um pequeno trecho de transporte de min\u00e9rio, um trecho de transporte de celulose e outro de cargas agr\u00edcolas \u2013 n\u00e3o est\u00e3o adequados ao transporte ferrovi\u00e1rio na Malha Oeste.\u00a0<br><br>Penin pediu para que a an\u00e1lise se volte para encontrar uma nova voca\u00e7\u00e3o da malha. Lembrando que ap\u00f3s a Rumo assumir as concess\u00f5es, ela tem ampliado o atendimento aos clientes, o diretor da empresa indicou que ela n\u00e3o pode operar com preju\u00edzo, lembrando que as empresas anteriores quebraram, citando a Rede Ferrovi\u00e1ria, a Brasil Ferrovias e a ALL.<br><br>Baldez, da Anut, concordou que a companhia n\u00e3o pode trabalhar para ter os retornos abaixo da expectativa do mercado, mas informou que est\u00e1 trabalhando no governo federal para tentar viabilizar fluxos ferrovi\u00e1rios que tenham incentivos para que possam ser feitos com retornos menores que os pedidos pelos acionistas das empresas ferrovi\u00e1rias, segundo ele na faixa dos 15%.<br><br>O advogado Leonardo Ribeiro, s\u00f3cio da LL Advogados, apontou que a auditoria do tribunal ter\u00e1 como ganho contribuir para o maior desenvolvimento do setor ferrovi\u00e1rio. Ele lembrou que a renova\u00e7\u00e3o antecipada dos contratos poder\u00e1 dar os incentivos necess\u00e1rios para o setor privado ampliar a opera\u00e7\u00e3o das vias, o que n\u00e3o era o objetivo dos contratos firmados na d\u00e9cada de 1990, quando elas foram concedidas.<br><br><strong>Ferrovia Norte-Sul<\/strong><br>Durante o evento, o representante da Rumo, Guilherme Penin, informou que a empresa dever\u00e1 antecipar em pelo menos seis meses o in\u00edcio da opera\u00e7\u00e3o da Ferrovia Norte-Sul entre Tocantins e S\u00e3o Paulo.<br><br>A ferrovia foi concedida pelo governo no in\u00edcio do ano passado, e a Rumo, vencedora da disputa, tinha um prazo de dois anos ap\u00f3s a assinatura do contrato para concluir obras inacabadas e iniciar a opera\u00e7\u00e3o.<\/p>\n","protected":false},"excerpt":{"rendered":"<p>Dimmi Amora, da&nbsp;Ag\u00eancia iNFRA O TCU (Tribunal de Contas da Uni\u00e3o) apresentou em uma consulta p\u00fablica, na \u00faltima quinta-feira (8), a matriz de planejamento do que ser\u00e1 sua primeira auditoria para avaliar os motivos de as ferrovias brasileiras terem partes abandonadas e n\u00e3o atenderem a um maior espectro de clientes.\u00a0 A ferrovia escolhida como uma [&hellip;]<\/p>\n","protected":false},"author":9,"featured_media":6046,"comment_status":"closed","ping_status":"closed","sticky":false,"template":"","format":"standard","meta":{"_monsterinsights_skip_tracking":false,"_monsterinsights_sitenote_active":false,"_monsterinsights_sitenote_note":"","_monsterinsights_sitenote_category":0,"footnotes":""},"categories":[1,7],"tags":[19,947,2794,31,120,2044,2796,1294,1064,2795,1407,2798,948,2793,2797,775,975,1938,80,2369,18,617],"class_list":["post-6045","post","type-post","status-publish","format-standard","has-post-thumbnail","hentry","category-geral","category-infratransporte","tag-antt","tag-anut","tag-auditoria","tag-ferrovia-norte-sul","tag-ferrovias","tag-guilherme-penin","tag-jaime-verruk","tag-jairo-misson","tag-jean-mafra","tag-joao-manoel-dionisio","tag-leonardo-ribeiro","tag-ll-advogados","tag-luiz-baldez","tag-malha-oeste","tag-mato-grosso-do-sul","tag-ministerio-da-infraestrutura","tag-raimundo-carreiro","tag-reequilibrio","tag-rumo","tag-seinfraportoferrovia","tag-tcu","tag-transporte"],"yoast_head":"<!-- This site is optimized with the Yoast SEO Premium plugin v25.4 (Yoast SEO v26.0) - https:\/\/yoast.com\/wordpress\/plugins\/seo\/ -->\n<title>TCU abre com Malha Oeste auditorias para avaliar abandono e falta de atendimento nas ferrovias - Ag\u00eancia iNFRA<\/title>\n<meta name=\"robots\" content=\"index, follow, max-snippet:-1, max-image-preview:large, max-video-preview:-1\" \/>\n<link rel=\"canonical\" href=\"https:\/\/agenciainfra.com\/blog\/tcu-abre-com-malha-oeste-auditorias-para-avaliar-abandono-e-falta-de-atendimento-nas-ferrovias\/\" \/>\n<meta property=\"og:locale\" content=\"pt_BR\" \/>\n<meta property=\"og:type\" content=\"article\" \/>\n<meta property=\"og:title\" content=\"TCU abre com Malha Oeste auditorias para avaliar abandono e falta de atendimento nas ferrovias\" \/>\n<meta property=\"og:description\" content=\"Dimmi Amora, da&nbsp;Ag\u00eancia iNFRA O TCU (Tribunal de Contas da Uni\u00e3o) apresentou em uma consulta p\u00fablica, na \u00faltima quinta-feira (8), a matriz de planejamento do que ser\u00e1 sua primeira auditoria para avaliar os motivos de as ferrovias brasileiras terem partes abandonadas e n\u00e3o atenderem a um maior espectro de clientes.\u00a0 A ferrovia escolhida como uma [&hellip;]\" \/>\n<meta property=\"og:url\" content=\"https:\/\/agenciainfra.com\/blog\/tcu-abre-com-malha-oeste-auditorias-para-avaliar-abandono-e-falta-de-atendimento-nas-ferrovias\/\" \/>\n<meta property=\"og:site_name\" content=\"Ag\u00eancia iNFRA\" \/>\n<meta property=\"article:publisher\" content=\"https:\/\/www.facebook.com\/ageninfra\" \/>\n<meta property=\"article:published_time\" content=\"2020-10-14T11:00:01+00:00\" \/>\n<meta property=\"og:image\" content=\"https:\/\/agenciainfra.com\/blog\/wp-content\/uploads\/2020\/10\/ferrovia-trilhos-foto-dominio-publico.jpg\" \/>\n\t<meta property=\"og:image:width\" content=\"1280\" \/>\n\t<meta property=\"og:image:height\" content=\"718\" \/>\n\t<meta property=\"og:image:type\" content=\"image\/jpeg\" \/>\n<meta name=\"author\" content=\"Rodrigo Zuquim\" \/>\n<meta name=\"twitter:card\" content=\"summary_large_image\" \/>\n<meta name=\"twitter:creator\" content=\"@agencia_infra\" \/>\n<meta name=\"twitter:site\" content=\"@agencia_infra\" \/>\n<meta name=\"twitter:label1\" content=\"Escrito por\" \/>\n\t<meta name=\"twitter:data1\" content=\"Rodrigo Zuquim\" \/>\n\t<meta name=\"twitter:label2\" content=\"Est. tempo de leitura\" \/>\n\t<meta name=\"twitter:data2\" content=\"5 minutos\" \/>\n<script type=\"application\/ld+json\" class=\"yoast-schema-graph\">{\"@context\":\"https:\/\/schema.org\",\"@graph\":[{\"@type\":\"Article\",\"@id\":\"https:\/\/agenciainfra.com\/blog\/tcu-abre-com-malha-oeste-auditorias-para-avaliar-abandono-e-falta-de-atendimento-nas-ferrovias\/#article\",\"isPartOf\":{\"@id\":\"https:\/\/agenciainfra.com\/blog\/tcu-abre-com-malha-oeste-auditorias-para-avaliar-abandono-e-falta-de-atendimento-nas-ferrovias\/\"},\"author\":{\"name\":\"Rodrigo Zuquim\",\"@id\":\"https:\/\/agenciainfra.com\/blog\/#\/schema\/person\/04dbb79bd6d8951f063da71f3e4c1eb1\"},\"headline\":\"TCU abre com Malha Oeste auditorias para avaliar abandono e falta de atendimento nas ferrovias\",\"datePublished\":\"2020-10-14T11:00:01+00:00\",\"mainEntityOfPage\":{\"@id\":\"https:\/\/agenciainfra.com\/blog\/tcu-abre-com-malha-oeste-auditorias-para-avaliar-abandono-e-falta-de-atendimento-nas-ferrovias\/\"},\"wordCount\":1040,\"publisher\":{\"@id\":\"https:\/\/agenciainfra.com\/blog\/#organization\"},\"image\":{\"@id\":\"https:\/\/agenciainfra.com\/blog\/tcu-abre-com-malha-oeste-auditorias-para-avaliar-abandono-e-falta-de-atendimento-nas-ferrovias\/#primaryimage\"},\"thumbnailUrl\":\"https:\/\/agenciainfra.com\/blog\/wp-content\/uploads\/2020\/10\/ferrovia-trilhos-foto-dominio-publico.jpg\",\"keywords\":[\"ANTT\",\"ANUT\",\"auditoria\",\"Ferrovia Norte-Sul\",\"Ferrovias\",\"Guilherme Penin\",\"Jaime Verruk\",\"Jairo Misson\",\"Jean Mafra\",\"Jo\u00e3o Manoel Dion\u00edsio\",\"Leonardo Ribeiro\",\"LL Advogados\",\"Luiz Baldez\",\"Malha Oeste\",\"Mato Grosso do Sul\",\"Minist\u00e9rio da Infraestrutura\",\"Raimundo Carreiro\",\"reequil\u00edbrio\",\"Rumo\",\"SeinfraPortoFerrovia\",\"TCU\",\"transporte\"],\"articleSection\":[\"Geral\",\"iNFRATransporte\"],\"inLanguage\":\"pt-BR\",\"copyrightYear\":\"2020\",\"copyrightHolder\":{\"@id\":\"https:\/\/agenciainfra.com\/blog\/#organization\"}},{\"@type\":\"WebPage\",\"@id\":\"https:\/\/agenciainfra.com\/blog\/tcu-abre-com-malha-oeste-auditorias-para-avaliar-abandono-e-falta-de-atendimento-nas-ferrovias\/\",\"url\":\"https:\/\/agenciainfra.com\/blog\/tcu-abre-com-malha-oeste-auditorias-para-avaliar-abandono-e-falta-de-atendimento-nas-ferrovias\/\",\"name\":\"TCU abre com Malha Oeste auditorias para avaliar abandono e falta de atendimento nas ferrovias - Ag\u00eancia iNFRA\",\"isPartOf\":{\"@id\":\"https:\/\/agenciainfra.com\/blog\/#website\"},\"primaryImageOfPage\":{\"@id\":\"https:\/\/agenciainfra.com\/blog\/tcu-abre-com-malha-oeste-auditorias-para-avaliar-abandono-e-falta-de-atendimento-nas-ferrovias\/#primaryimage\"},\"image\":{\"@id\":\"https:\/\/agenciainfra.com\/blog\/tcu-abre-com-malha-oeste-auditorias-para-avaliar-abandono-e-falta-de-atendimento-nas-ferrovias\/#primaryimage\"},\"thumbnailUrl\":\"https:\/\/agenciainfra.com\/blog\/wp-content\/uploads\/2020\/10\/ferrovia-trilhos-foto-dominio-publico.jpg\",\"datePublished\":\"2020-10-14T11:00:01+00:00\",\"breadcrumb\":{\"@id\":\"https:\/\/agenciainfra.com\/blog\/tcu-abre-com-malha-oeste-auditorias-para-avaliar-abandono-e-falta-de-atendimento-nas-ferrovias\/#breadcrumb\"},\"inLanguage\":\"pt-BR\",\"potentialAction\":[{\"@type\":\"ReadAction\",\"target\":[\"https:\/\/agenciainfra.com\/blog\/tcu-abre-com-malha-oeste-auditorias-para-avaliar-abandono-e-falta-de-atendimento-nas-ferrovias\/\"]}]},{\"@type\":\"ImageObject\",\"inLanguage\":\"pt-BR\",\"@id\":\"https:\/\/agenciainfra.com\/blog\/tcu-abre-com-malha-oeste-auditorias-para-avaliar-abandono-e-falta-de-atendimento-nas-ferrovias\/#primaryimage\",\"url\":\"https:\/\/agenciainfra.com\/blog\/wp-content\/uploads\/2020\/10\/ferrovia-trilhos-foto-dominio-publico.jpg\",\"contentUrl\":\"https:\/\/agenciainfra.com\/blog\/wp-content\/uploads\/2020\/10\/ferrovia-trilhos-foto-dominio-publico.jpg\",\"width\":1280,\"height\":718},{\"@type\":\"BreadcrumbList\",\"@id\":\"https:\/\/agenciainfra.com\/blog\/tcu-abre-com-malha-oeste-auditorias-para-avaliar-abandono-e-falta-de-atendimento-nas-ferrovias\/#breadcrumb\",\"itemListElement\":[{\"@type\":\"ListItem\",\"position\":1,\"name\":\"In\u00edcio\",\"item\":\"https:\/\/agenciainfra.com\/blog\/\"},{\"@type\":\"ListItem\",\"position\":2,\"name\":\"TCU abre com Malha Oeste auditorias para avaliar abandono e falta de atendimento nas ferrovias\"}]},{\"@type\":\"WebSite\",\"@id\":\"https:\/\/agenciainfra.com\/blog\/#website\",\"url\":\"https:\/\/agenciainfra.com\/blog\/\",\"name\":\"Ag\u00eancia iNFRA\",\"description\":\"Multiplataforma de informa\u00e7\u00e3o jornal\u00edstica refer\u00eancia na \u00e1rea de infraestrutura no Brasil!\",\"publisher\":{\"@id\":\"https:\/\/agenciainfra.com\/blog\/#organization\"},\"potentialAction\":[{\"@type\":\"SearchAction\",\"target\":{\"@type\":\"EntryPoint\",\"urlTemplate\":\"https:\/\/agenciainfra.com\/blog\/?s={search_term_string}\"},\"query-input\":{\"@type\":\"PropertyValueSpecification\",\"valueRequired\":true,\"valueName\":\"search_term_string\"}}],\"inLanguage\":\"pt-BR\"},{\"@type\":\"Organization\",\"@id\":\"https:\/\/agenciainfra.com\/blog\/#organization\",\"name\":\"Ag\u00eancia iNFRA\",\"url\":\"https:\/\/agenciainfra.com\/blog\/\",\"logo\":{\"@type\":\"ImageObject\",\"inLanguage\":\"pt-BR\",\"@id\":\"https:\/\/agenciainfra.com\/blog\/#\/schema\/logo\/image\/\",\"url\":\"https:\/\/agenciainfra.com\/blog\/wp-content\/uploads\/2023\/09\/iNFRA_5-e1761735885940.png\",\"contentUrl\":\"https:\/\/agenciainfra.com\/blog\/wp-content\/uploads\/2023\/09\/iNFRA_5-e1761735885940.png\",\"width\":1672,\"height\":454,\"caption\":\"Ag\u00eancia iNFRA\"},\"image\":{\"@id\":\"https:\/\/agenciainfra.com\/blog\/#\/schema\/logo\/image\/\"},\"sameAs\":[\"https:\/\/www.facebook.com\/ageninfra\",\"https:\/\/x.com\/agencia_infra\",\"https:\/\/www.linkedin.com\/company\/ag\u00eanciainfra\/\",\"https:\/\/www.instagram.com\/agenciainfra\/\"]},{\"@type\":\"Person\",\"@id\":\"https:\/\/agenciainfra.com\/blog\/#\/schema\/person\/04dbb79bd6d8951f063da71f3e4c1eb1\",\"name\":\"Rodrigo Zuquim\",\"image\":{\"@type\":\"ImageObject\",\"inLanguage\":\"pt-BR\",\"@id\":\"https:\/\/agenciainfra.com\/blog\/#\/schema\/person\/image\/\",\"url\":\"https:\/\/secure.gravatar.com\/avatar\/594abfe82761d620726242ff34ca472a705a4b97f16c790053a6b4c4035274d0?s=96&d=mm&r=g\",\"contentUrl\":\"https:\/\/secure.gravatar.com\/avatar\/594abfe82761d620726242ff34ca472a705a4b97f16c790053a6b4c4035274d0?s=96&d=mm&r=g\",\"caption\":\"Rodrigo Zuquim\"},\"url\":\"https:\/\/agenciainfra.com\/blog\/author\/rodrigo-zuquim\/\"}]}<\/script>\n<!-- \/ Yoast SEO Premium plugin. -->","yoast_head_json":{"title":"TCU abre com Malha Oeste auditorias para avaliar abandono e falta de atendimento nas ferrovias - Ag\u00eancia iNFRA","robots":{"index":"index","follow":"follow","max-snippet":"max-snippet:-1","max-image-preview":"max-image-preview:large","max-video-preview":"max-video-preview:-1"},"canonical":"https:\/\/agenciainfra.com\/blog\/tcu-abre-com-malha-oeste-auditorias-para-avaliar-abandono-e-falta-de-atendimento-nas-ferrovias\/","og_locale":"pt_BR","og_type":"article","og_title":"TCU abre com Malha Oeste auditorias para avaliar abandono e falta de atendimento nas ferrovias","og_description":"Dimmi Amora, da&nbsp;Ag\u00eancia iNFRA O TCU (Tribunal de Contas da Uni\u00e3o) apresentou em uma consulta p\u00fablica, na \u00faltima quinta-feira (8), a matriz de planejamento do que ser\u00e1 sua primeira auditoria para avaliar os motivos de as ferrovias brasileiras terem partes abandonadas e n\u00e3o atenderem a um maior espectro de clientes.\u00a0 A ferrovia escolhida como uma [&hellip;]","og_url":"https:\/\/agenciainfra.com\/blog\/tcu-abre-com-malha-oeste-auditorias-para-avaliar-abandono-e-falta-de-atendimento-nas-ferrovias\/","og_site_name":"Ag\u00eancia iNFRA","article_publisher":"https:\/\/www.facebook.com\/ageninfra","article_published_time":"2020-10-14T11:00:01+00:00","og_image":[{"width":1280,"height":718,"url":"https:\/\/agenciainfra.com\/blog\/wp-content\/uploads\/2020\/10\/ferrovia-trilhos-foto-dominio-publico.jpg","type":"image\/jpeg"}],"author":"Rodrigo Zuquim","twitter_card":"summary_large_image","twitter_creator":"@agencia_infra","twitter_site":"@agencia_infra","twitter_misc":{"Escrito por":"Rodrigo Zuquim","Est. tempo de leitura":"5 minutos"},"schema":{"@context":"https:\/\/schema.org","@graph":[{"@type":"Article","@id":"https:\/\/agenciainfra.com\/blog\/tcu-abre-com-malha-oeste-auditorias-para-avaliar-abandono-e-falta-de-atendimento-nas-ferrovias\/#article","isPartOf":{"@id":"https:\/\/agenciainfra.com\/blog\/tcu-abre-com-malha-oeste-auditorias-para-avaliar-abandono-e-falta-de-atendimento-nas-ferrovias\/"},"author":{"name":"Rodrigo Zuquim","@id":"https:\/\/agenciainfra.com\/blog\/#\/schema\/person\/04dbb79bd6d8951f063da71f3e4c1eb1"},"headline":"TCU abre com Malha Oeste auditorias para avaliar abandono e falta de atendimento nas ferrovias","datePublished":"2020-10-14T11:00:01+00:00","mainEntityOfPage":{"@id":"https:\/\/agenciainfra.com\/blog\/tcu-abre-com-malha-oeste-auditorias-para-avaliar-abandono-e-falta-de-atendimento-nas-ferrovias\/"},"wordCount":1040,"publisher":{"@id":"https:\/\/agenciainfra.com\/blog\/#organization"},"image":{"@id":"https:\/\/agenciainfra.com\/blog\/tcu-abre-com-malha-oeste-auditorias-para-avaliar-abandono-e-falta-de-atendimento-nas-ferrovias\/#primaryimage"},"thumbnailUrl":"https:\/\/agenciainfra.com\/blog\/wp-content\/uploads\/2020\/10\/ferrovia-trilhos-foto-dominio-publico.jpg","keywords":["ANTT","ANUT","auditoria","Ferrovia Norte-Sul","Ferrovias","Guilherme Penin","Jaime Verruk","Jairo Misson","Jean Mafra","Jo\u00e3o Manoel Dion\u00edsio","Leonardo Ribeiro","LL Advogados","Luiz Baldez","Malha Oeste","Mato Grosso do Sul","Minist\u00e9rio da Infraestrutura","Raimundo Carreiro","reequil\u00edbrio","Rumo","SeinfraPortoFerrovia","TCU","transporte"],"articleSection":["Geral","iNFRATransporte"],"inLanguage":"pt-BR","copyrightYear":"2020","copyrightHolder":{"@id":"https:\/\/agenciainfra.com\/blog\/#organization"}},{"@type":"WebPage","@id":"https:\/\/agenciainfra.com\/blog\/tcu-abre-com-malha-oeste-auditorias-para-avaliar-abandono-e-falta-de-atendimento-nas-ferrovias\/","url":"https:\/\/agenciainfra.com\/blog\/tcu-abre-com-malha-oeste-auditorias-para-avaliar-abandono-e-falta-de-atendimento-nas-ferrovias\/","name":"TCU abre com Malha Oeste auditorias para avaliar abandono e falta de atendimento nas ferrovias - Ag\u00eancia iNFRA","isPartOf":{"@id":"https:\/\/agenciainfra.com\/blog\/#website"},"primaryImageOfPage":{"@id":"https:\/\/agenciainfra.com\/blog\/tcu-abre-com-malha-oeste-auditorias-para-avaliar-abandono-e-falta-de-atendimento-nas-ferrovias\/#primaryimage"},"image":{"@id":"https:\/\/agenciainfra.com\/blog\/tcu-abre-com-malha-oeste-auditorias-para-avaliar-abandono-e-falta-de-atendimento-nas-ferrovias\/#primaryimage"},"thumbnailUrl":"https:\/\/agenciainfra.com\/blog\/wp-content\/uploads\/2020\/10\/ferrovia-trilhos-foto-dominio-publico.jpg","datePublished":"2020-10-14T11:00:01+00:00","breadcrumb":{"@id":"https:\/\/agenciainfra.com\/blog\/tcu-abre-com-malha-oeste-auditorias-para-avaliar-abandono-e-falta-de-atendimento-nas-ferrovias\/#breadcrumb"},"inLanguage":"pt-BR","potentialAction":[{"@type":"ReadAction","target":["https:\/\/agenciainfra.com\/blog\/tcu-abre-com-malha-oeste-auditorias-para-avaliar-abandono-e-falta-de-atendimento-nas-ferrovias\/"]}]},{"@type":"ImageObject","inLanguage":"pt-BR","@id":"https:\/\/agenciainfra.com\/blog\/tcu-abre-com-malha-oeste-auditorias-para-avaliar-abandono-e-falta-de-atendimento-nas-ferrovias\/#primaryimage","url":"https:\/\/agenciainfra.com\/blog\/wp-content\/uploads\/2020\/10\/ferrovia-trilhos-foto-dominio-publico.jpg","contentUrl":"https:\/\/agenciainfra.com\/blog\/wp-content\/uploads\/2020\/10\/ferrovia-trilhos-foto-dominio-publico.jpg","width":1280,"height":718},{"@type":"BreadcrumbList","@id":"https:\/\/agenciainfra.com\/blog\/tcu-abre-com-malha-oeste-auditorias-para-avaliar-abandono-e-falta-de-atendimento-nas-ferrovias\/#breadcrumb","itemListElement":[{"@type":"ListItem","position":1,"name":"In\u00edcio","item":"https:\/\/agenciainfra.com\/blog\/"},{"@type":"ListItem","position":2,"name":"TCU abre com Malha Oeste auditorias para avaliar abandono e falta de atendimento nas ferrovias"}]},{"@type":"WebSite","@id":"https:\/\/agenciainfra.com\/blog\/#website","url":"https:\/\/agenciainfra.com\/blog\/","name":"Ag\u00eancia iNFRA","description":"Multiplataforma de informa\u00e7\u00e3o jornal\u00edstica refer\u00eancia na \u00e1rea de infraestrutura no Brasil!","publisher":{"@id":"https:\/\/agenciainfra.com\/blog\/#organization"},"potentialAction":[{"@type":"SearchAction","target":{"@type":"EntryPoint","urlTemplate":"https:\/\/agenciainfra.com\/blog\/?s={search_term_string}"},"query-input":{"@type":"PropertyValueSpecification","valueRequired":true,"valueName":"search_term_string"}}],"inLanguage":"pt-BR"},{"@type":"Organization","@id":"https:\/\/agenciainfra.com\/blog\/#organization","name":"Ag\u00eancia iNFRA","url":"https:\/\/agenciainfra.com\/blog\/","logo":{"@type":"ImageObject","inLanguage":"pt-BR","@id":"https:\/\/agenciainfra.com\/blog\/#\/schema\/logo\/image\/","url":"https:\/\/agenciainfra.com\/blog\/wp-content\/uploads\/2023\/09\/iNFRA_5-e1761735885940.png","contentUrl":"https:\/\/agenciainfra.com\/blog\/wp-content\/uploads\/2023\/09\/iNFRA_5-e1761735885940.png","width":1672,"height":454,"caption":"Ag\u00eancia iNFRA"},"image":{"@id":"https:\/\/agenciainfra.com\/blog\/#\/schema\/logo\/image\/"},"sameAs":["https:\/\/www.facebook.com\/ageninfra","https:\/\/x.com\/agencia_infra","https:\/\/www.linkedin.com\/company\/ag\u00eanciainfra\/","https:\/\/www.instagram.com\/agenciainfra\/"]},{"@type":"Person","@id":"https:\/\/agenciainfra.com\/blog\/#\/schema\/person\/04dbb79bd6d8951f063da71f3e4c1eb1","name":"Rodrigo Zuquim","image":{"@type":"ImageObject","inLanguage":"pt-BR","@id":"https:\/\/agenciainfra.com\/blog\/#\/schema\/person\/image\/","url":"https:\/\/secure.gravatar.com\/avatar\/594abfe82761d620726242ff34ca472a705a4b97f16c790053a6b4c4035274d0?s=96&d=mm&r=g","contentUrl":"https:\/\/secure.gravatar.com\/avatar\/594abfe82761d620726242ff34ca472a705a4b97f16c790053a6b4c4035274d0?s=96&d=mm&r=g","caption":"Rodrigo Zuquim"},"url":"https:\/\/agenciainfra.com\/blog\/author\/rodrigo-zuquim\/"}]}},"_links":{"self":[{"href":"https:\/\/agenciainfra.com\/blog\/wp-json\/wp\/v2\/posts\/6045","targetHints":{"allow":["GET"]}}],"collection":[{"href":"https:\/\/agenciainfra.com\/blog\/wp-json\/wp\/v2\/posts"}],"about":[{"href":"https:\/\/agenciainfra.com\/blog\/wp-json\/wp\/v2\/types\/post"}],"author":[{"embeddable":true,"href":"https:\/\/agenciainfra.com\/blog\/wp-json\/wp\/v2\/users\/9"}],"replies":[{"embeddable":true,"href":"https:\/\/agenciainfra.com\/blog\/wp-json\/wp\/v2\/comments?post=6045"}],"version-history":[{"count":0,"href":"https:\/\/agenciainfra.com\/blog\/wp-json\/wp\/v2\/posts\/6045\/revisions"}],"wp:featuredmedia":[{"embeddable":true,"href":"https:\/\/agenciainfra.com\/blog\/wp-json\/wp\/v2\/media\/6046"}],"wp:attachment":[{"href":"https:\/\/agenciainfra.com\/blog\/wp-json\/wp\/v2\/media?parent=6045"}],"wp:term":[{"taxonomy":"category","embeddable":true,"href":"https:\/\/agenciainfra.com\/blog\/wp-json\/wp\/v2\/categories?post=6045"},{"taxonomy":"post_tag","embeddable":true,"href":"https:\/\/agenciainfra.com\/blog\/wp-json\/wp\/v2\/tags?post=6045"}],"curies":[{"name":"wp","href":"https:\/\/api.w.org\/{rel}","templated":true}]}}