{"id":6048,"date":"2020-10-13T10:26:15","date_gmt":"2020-10-13T13:26:15","guid":{"rendered":"https:\/\/www.agenciainfra.com\/blog\/?p=6048"},"modified":"2020-10-13T10:26:26","modified_gmt":"2020-10-13T13:26:26","slug":"infradebate-a-importancia-dos-titulos-verdes-green-bonds-no-setor-de-geracao-de-energia","status":"publish","type":"post","link":"https:\/\/agenciainfra.com\/blog\/infradebate-a-importancia-dos-titulos-verdes-green-bonds-no-setor-de-geracao-de-energia\/","title":{"rendered":"iNFRADebate: A import\u00e2ncia dos t\u00edtulos verdes (&#8220;green bonds&#8221;) no setor de gera\u00e7\u00e3o de energia"},"content":{"rendered":"\n<p class=\"has-text-align-right\"><strong>Marina Zago<\/strong>* <strong>e<\/strong> <strong>Mariana Avelar<\/strong>**<\/p>\n\n\n\n<p>Os <strong>t\u00edtulos verdes<\/strong> (\u201c<em>green bonds\u201d<\/em>) s\u00e3o importantes instrumentos de capta\u00e7\u00e3o privada de recursos financeiros para projetos sustent\u00e1veis do ponto de vista ambiental e social (quando s\u00e3o chamados de \u201c<em>social bonds<\/em>\u201d).<\/p>\n\n\n\n<p>O conceito de t\u00edtulos verdes \u00e9 amplo e comporta uma variedade de instrumentos, juridicamente delineados ou n\u00e3o. Este artigo tem por objetivo apresentar o atual estado da arte da regulamenta\u00e7\u00e3o do tema no contexto brasileiro, com enfoque no segmento de <strong>gera\u00e7\u00e3o de energia renov\u00e1vel<\/strong>.<\/p>\n\n\n\n<p><strong>Regulamenta\u00e7\u00e3o dos <\/strong><strong><em>green bonds<\/em><\/strong><\/p>\n\n\n\n<p>A regulamenta\u00e7\u00e3o dos t\u00edtulos verdes no direito brasileiro tem como principal antecedente o incentivo a projetos de infraestrutura ou de produ\u00e7\u00e3o econ\u00f4mica intensiva em pesquisa, desenvolvimento e inova\u00e7\u00e3o.<\/p>\n\n\n\n<p>Trata-se da <a href=\"http:\/\/www.planalto.gov.br\/CCIVIL_03\/_Ato2011-2014\/2011\/Lei\/L12431.htm\">Lei 12.431\/2011<\/a>, que regulamentou a emiss\u00e3o incentivada de alguns t\u00edtulos (deb\u00eantures incentivadas, certificados de receb\u00edveis imobili\u00e1rios e cotas de emiss\u00e3o de fundo de investimento em direitos credit\u00f3rios) com vistas a captar recursos para financiar projetos considerados como priorit\u00e1rios pelo Poder Executivo federal. Como principal incentivo para emiss\u00e3o desses t\u00edtulos, a lei reduziu as al\u00edquotas do imposto de renda a 0% para pessoas f\u00edsicas e a 15% para pessoas jur\u00eddicas.<\/p>\n\n\n\n<p>A regulamenta\u00e7\u00e3o inicial dessa legisla\u00e7\u00e3o ocorreu com o Decreto 7.603\/2011, posteriormente revogado pelo <a href=\"http:\/\/www.planalto.gov.br\/ccivil_03\/_ato2015-2018\/2016\/Decreto\/D8874.htm\">Decreto 8.874\/2016<\/a>.&nbsp;<\/p>\n\n\n\n<p>Em sua reda\u00e7\u00e3o original, o Decreto 8.874\/2016 previa uma rela\u00e7\u00e3o exemplificativa dos setores em que os projetos de investimento poderiam ser considerados priorit\u00e1rios para emitirem os t\u00edtulos incentivados. Determinava, ainda, que poderiam ser priorit\u00e1rios apenas projetos <em>(i) <\/em>executados mediante concess\u00e3o, permiss\u00e3o, arrendamento, autoriza\u00e7\u00e3o ou parceria p\u00fablico-privada, concess\u00e3o, permiss\u00e3o ou autoriza\u00e7\u00e3o; ou, alternativamente, <em>(ii)<\/em> que fossem considerados como relevantes pelo minist\u00e9rio competente.<\/p>\n\n\n\n<p><strong><em>Green bonds<\/em><\/strong><strong> para projetos de energia renov\u00e1vel<\/strong><\/p>\n\n\n\n<p>Especificamente em rela\u00e7\u00e3o aos projetos de energia, e ainda na vig\u00eancia da reda\u00e7\u00e3o original do Decreto 8.874\/2016, o Minist\u00e9rio de Minas e Energia (MME) emitiu a <a href=\"http:\/\/www.mme.gov.br\/documents\/36144\/479118\/Portaria+364+1.pdf\/296b7403-49a6-6a51-1e60-2a50122d9784\">Portaria 364\/2017<\/a>, trazendo os requisitos para enquadrar os projetos como priorit\u00e1rios. Nesses par\u00e2metros, foram contemplados <strong>projetos de gera\u00e7\u00e3o de energia, independentemente da fonte empregada, desde que tenham sido objeto de outorga por meio de concess\u00e3o ou autoriza\u00e7\u00e3o<\/strong>. At\u00e9 setembro deste ano, o MME havia aprovado <a href=\"http:\/\/www.mme.gov.br\/web\/guest\/secretaria-executiva\/projetos-prioritarios\">1.084 projetos priorit\u00e1rios no setor de energia<\/a>.<\/p>\n\n\n\n<p>Assim, por um lado, <strong>projetos de gera\u00e7\u00e3o centralizada baseados em fontes renov\u00e1veis<\/strong> j\u00e1 eram comtemplados pela norma ministerial, fazendo a conex\u00e3o direta entre t\u00edtulos verdes e os incentivos previstos pela Lei 12.431; por outro, a necessidade de outorga (concess\u00e3o, permiss\u00e3o ou autoriza\u00e7\u00e3o) <strong>afastaria, em princ\u00edpio, projetos de GD (gera\u00e7\u00e3o distribu\u00edda<\/strong>, que apenas passam por procedimento espec\u00edfico de acesso \u00e0s redes das distribuidoras.&nbsp;<\/p>\n\n\n\n<p>Recentemente, foi editado o <a href=\"http:\/\/www.planalto.gov.br\/ccivil_03\/_ato2019-2022\/2020\/decreto\/D10387.htm\">Decreto 10.387\/2020<\/a>, que modificou o Decreto 8.874\/2016, visando&nbsp; expandir a abrang\u00eancia do que se considera \u201cprojetos priorit\u00e1rios\u201d, que passou a alcan\u00e7ar projetos \u201c<em>que proporcionem benef\u00edcios ambientais ou sociais relevantes<\/em>\u201d. Consolidou-se, com essa altera\u00e7\u00e3o, o incentivo regulat\u00f3rio aos t\u00edtulos verdes incentivados.<\/p>\n\n\n\n<p>O Decreto de 2020 ainda explicitou o que se entende por projetos que proporcionam benef\u00edcios ambientais ou sociais relevantes, indicando expressamente como priorit\u00e1rios projetos de gera\u00e7\u00e3o solar, e\u00f3lica, PCHs (pequenas centrais hidrel\u00e9tricas) e a partir de res\u00edduos s\u00f3lidos.<\/p>\n\n\n\n<p>Houve avan\u00e7o ao se definir crit\u00e9rios para que projetos de energia fossem enquadrados como priorit\u00e1rios. Entretanto, a modifica\u00e7\u00e3o suscitou d\u00favidas sobre se, realmente, foi ampliado o universo de projetos de infraestrutura que poderiam se beneficiar dos t\u00edtulos incentivados para alcan\u00e7ar projetos que apesar de proporcionarem benef\u00edcios relevantes n\u00e3o estavam compreendidos pela antiga reda\u00e7\u00e3o. Exemplo disso s\u00e3o os projetos de GD.<\/p>\n\n\n\n<p>A d\u00favida sobre o enquadramento da GD em alguma das tr\u00eas hip\u00f3teses do Decreto 8.874\/2016 ocorre pois projetos que n\u00e3o s\u00e3o objeto de outorga continuam dependentes da an\u00e1lise de seu enquadramento pelo minist\u00e9rio respons\u00e1vel e a portaria ministerial existente ainda permanece restrita a projetos objeto de outorga do poder p\u00fablico.<\/p>\n\n\n\n<p><strong>PL 2.646: deb\u00eantures verdes incentivadas<\/strong><\/p>\n\n\n\n<p>Al\u00e9m da regulamenta\u00e7\u00e3o existente, h\u00e1 perspectiva de amplia\u00e7\u00e3o das modalidades de fomento aos t\u00edtulos verdes, por meio do <a href=\"https:\/\/www.camara.leg.br\/proposicoesWeb\/fichadetramitacao?idProposicao=2252649\">Projeto de Lei 2.646\/2020<\/a> (relator deputado Arnaldo Jardim), que tem por objeto criar novos instrumentos de investimento e aperfei\u00e7oar outros j\u00e1 existentes, como fundos de investimento em infraestrutura.<\/p>\n\n\n\n<p>Dentre outros aspectos, a proposta trata da <strong>deb\u00eanture verde de infraestrutura<\/strong> (art. 6\u00ba). Para isso, aperfei\u00e7oa o incentivo tribut\u00e1rio existente ao emissor desses t\u00edtulos, especificamente, a dedu\u00e7\u00e3o do valor de juros incorridos do imposto de renda e da CSLL (Contribui\u00e7\u00e3o Social sobre o Lucro), al\u00e9m da redu\u00e7\u00e3o da base de c\u00e1lculo da CSLL, conforme abordado por <a href=\"https:\/\/agenciainfra.com\/blog\/infradebate-projeto-preve-nova-debenture-de-infraestrutura\/\">Raquel Lamboglia Guimar\u00e3es e Nicole Katarivas<\/a>.<\/p>\n\n\n\n<p>Para projetos ligados ao desenvolvimento sustent\u00e1vel, o incentivo \u00e9 ainda maior: 20% a mais na exclus\u00e3o dos juros pagos da base de c\u00e1lculo da CSLL. Mas o PL exige que o projeto em quest\u00e3o seja certificado nacional ou internacionalmente caracterizando o t\u00edtulo mobili\u00e1rio como um t\u00edtulo verde.<\/p>\n\n\n\n<p><strong>Pr\u00f3ximos passos<\/strong><\/p>\n\n\n\n<p>A regulamenta\u00e7\u00e3o nacional j\u00e1 deu um passo no sentido de incentivar os <em>green bonds<\/em>, mas h\u00e1, ainda, um vasto campo a ser explorado. Ainda podem ser cogitados novos mecanismos de fomento, inclusive a outros t\u00edtulos de capta\u00e7\u00e3o de recursos privados, bem como a simplifica\u00e7\u00e3o de procedimentos para a emiss\u00e3o desses t\u00edtulos.<\/p>\n\n\n\n<p>A previs\u00e3o legal expressa dos t\u00edtulos verdes incentivados pode e deve ser complementada pelo movimento legislativo j\u00e1 em curso. A cria\u00e7\u00e3o das deb\u00eantures verdes de infraestrutura, conforme previsto no PL 2.646, sujeitas a regras e incentivos tribut\u00e1rios pr\u00f3prios, pode ser mais um passo rumo a mecanismos de financiamento criativos e arrojados destinados \u00e0 consolida\u00e7\u00e3o de uma economia baseada em projetos social e ambientalmente adequados.<\/p>\n\n\n\n<p>Podem ser criados novos procedimentos que simplifiquem a emiss\u00e3o desses t\u00edtulos \u2013 inclusive no \u00e2mbito da CVM (Comiss\u00e3o de Valores Mobili\u00e1rios) \u2013 sem, contudo, perder de vista a necessidade de bom enquadramento desses projetos, afastando o risco do \u201c<em>greenwashing<\/em>\u201d. Estudos j\u00e1 foram feitos, ouvindo o mercado, quanto a novos poss\u00edveis incentivos e simplifica\u00e7\u00f5es. \u00c9 o caso do estudo <a href=\"http:\/\/www.labinovacaofinanceira.com\/wp-content\/uploads\/2020\/07\/mercado_financasverdes_brasil.pdf\">\u201c<em>O Mercado Emergente de Finan\u00e7as Verdes no Brasil<\/em>\u201d<\/a>, do Laborat\u00f3rio de Inova\u00e7\u00e3o Financeira (LAB).<\/p>\n\n\n\n<p>Eis, enfim, a nova realidade dos investimentos privados: daqui em diante, n\u00e3o se pode ignorar os par\u00e2metros ambientais, sociais e de governan\u00e7a, par\u00e2metros \u201cESG\u201d, na sigla em ingl\u00eas, na forma\u00e7\u00e3o de carteiras e portf\u00f3lios de projetos investidos.&nbsp;A regula\u00e7\u00e3o dos <em>green bonds<\/em> deve pegar carona nessa caminhada cada vez mais acelerada, e, esperamos, sem volta, fazendo convergir os interesses do capital privado com a busca por uma matriz energ\u00e9tica mais limpa e sustent\u00e1vel.<\/p>\n\n\n\n<h6 class=\"wp-block-heading\" id=\"block-a41c7e8b-9dad-4060-a76c-cf02223c7aad\"><strong>*Mari<\/strong>n<strong>a Zago<\/strong> \u00e9 advogada na Manesco Ramires, Perez, Azevedo Marques Sociedade de Advogados.<\/h6>\n\n\n\n<h6 class=\"wp-block-heading\" id=\"block-a41c7e8b-9dad-4060-a76c-cf02223c7aad\"><strong>**Mariana Avelar<\/strong> \u00e9 advogada na Manesco Ramires, Perez, Azevedo Marques Sociedade de Advogados.<\/h6>\n\n\n\n<h5 class=\"wp-block-heading\" id=\"block-02fa0d85-dafd-4eec-b592-70b6bfd67e84\">O iNFRADebate \u00e9 o espa\u00e7o de artigos da Ag\u00eancia iNFRA com opini\u00f5es de seus atores que n\u00e3o refletem necessariamente o pensamento da Ag\u00eancia iNFRA, sendo de total responsabilidade do autor as informa\u00e7\u00f5es, ju\u00edzos de valor e conceitos descritos no texto.<\/h5>\n","protected":false},"excerpt":{"rendered":"<p>Marina Zago* e Mariana Avelar** Os t\u00edtulos verdes (\u201cgreen bonds\u201d) s\u00e3o importantes instrumentos de capta\u00e7\u00e3o privada de recursos financeiros para projetos sustent\u00e1veis do ponto de vista ambiental e social (quando s\u00e3o chamados de \u201csocial bonds\u201d). O conceito de t\u00edtulos verdes \u00e9 amplo e comporta uma variedade de instrumentos, juridicamente delineados ou n\u00e3o. Este artigo tem [&hellip;]<\/p>\n","protected":false},"author":9,"featured_media":6049,"comment_status":"closed","ping_status":"closed","sticky":false,"template":"","format":"standard","meta":{"_monsterinsights_skip_tracking":false,"_monsterinsights_sitenote_active":false,"_monsterinsights_sitenote_note":"","_monsterinsights_sitenote_category":0,"footnotes":""},"categories":[1,11],"tags":[622,2804,2805,2803,850,2802,34,981,2800,2799,96,2002,2656,2801],"class_list":["post-6048","post","type-post","status-publish","format-standard","has-post-thumbnail","hentry","category-geral","category-infradebate","tag-debentures","tag-energia-renovavel","tag-esg","tag-geracao-de-energia","tag-geracao-distribuida","tag-green-bonds","tag-infraestrutura","tag-lei-12-431","tag-mariana-avelar","tag-marina-zago","tag-ministerio-de-minas-e-energia","tag-pl-2-646-2020","tag-regulamentacao","tag-titulos-verdes"],"yoast_head":"<!-- This site is optimized with the Yoast SEO Premium plugin v25.4 (Yoast SEO v26.0) - https:\/\/yoast.com\/wordpress\/plugins\/seo\/ -->\n<title>iNFRADebate: A import\u00e2ncia dos t\u00edtulos verdes (&quot;green bonds&quot;) no setor de gera\u00e7\u00e3o de energia - Ag\u00eancia iNFRA<\/title>\n<meta name=\"robots\" content=\"index, follow, max-snippet:-1, max-image-preview:large, max-video-preview:-1\" \/>\n<link rel=\"canonical\" href=\"https:\/\/agenciainfra.com\/blog\/infradebate-a-importancia-dos-titulos-verdes-green-bonds-no-setor-de-geracao-de-energia\/\" \/>\n<meta property=\"og:locale\" content=\"pt_BR\" \/>\n<meta property=\"og:type\" content=\"article\" \/>\n<meta property=\"og:title\" content=\"iNFRADebate: A import\u00e2ncia dos t\u00edtulos verdes (&quot;green bonds&quot;) no setor de gera\u00e7\u00e3o de energia\" \/>\n<meta property=\"og:description\" content=\"Marina Zago* e Mariana Avelar** Os t\u00edtulos verdes (\u201cgreen bonds\u201d) s\u00e3o importantes instrumentos de capta\u00e7\u00e3o privada de recursos financeiros para projetos sustent\u00e1veis do ponto de vista ambiental e social (quando s\u00e3o chamados de \u201csocial bonds\u201d). O conceito de t\u00edtulos verdes \u00e9 amplo e comporta uma variedade de instrumentos, juridicamente delineados ou n\u00e3o. Este artigo tem [&hellip;]\" \/>\n<meta property=\"og:url\" content=\"https:\/\/agenciainfra.com\/blog\/infradebate-a-importancia-dos-titulos-verdes-green-bonds-no-setor-de-geracao-de-energia\/\" \/>\n<meta property=\"og:site_name\" content=\"Ag\u00eancia iNFRA\" \/>\n<meta property=\"article:publisher\" content=\"https:\/\/www.facebook.com\/ageninfra\" \/>\n<meta property=\"article:published_time\" content=\"2020-10-13T13:26:15+00:00\" \/>\n<meta property=\"article:modified_time\" content=\"2020-10-13T13:26:26+00:00\" \/>\n<meta property=\"og:image\" content=\"https:\/\/agenciainfra.com\/blog\/wp-content\/uploads\/2020\/10\/energia-eolica-foto-dominio-publico.jpg\" \/>\n\t<meta property=\"og:image:width\" content=\"1280\" \/>\n\t<meta property=\"og:image:height\" content=\"719\" \/>\n\t<meta property=\"og:image:type\" content=\"image\/jpeg\" \/>\n<meta name=\"author\" content=\"Rodrigo Zuquim\" \/>\n<meta name=\"twitter:card\" content=\"summary_large_image\" \/>\n<meta name=\"twitter:creator\" content=\"@agencia_infra\" \/>\n<meta name=\"twitter:site\" content=\"@agencia_infra\" \/>\n<meta name=\"twitter:label1\" content=\"Escrito por\" \/>\n\t<meta name=\"twitter:data1\" content=\"Rodrigo Zuquim\" \/>\n\t<meta name=\"twitter:label2\" content=\"Est. tempo de leitura\" \/>\n\t<meta name=\"twitter:data2\" content=\"6 minutos\" \/>\n<script type=\"application\/ld+json\" class=\"yoast-schema-graph\">{\"@context\":\"https:\/\/schema.org\",\"@graph\":[{\"@type\":\"Article\",\"@id\":\"https:\/\/agenciainfra.com\/blog\/infradebate-a-importancia-dos-titulos-verdes-green-bonds-no-setor-de-geracao-de-energia\/#article\",\"isPartOf\":{\"@id\":\"https:\/\/agenciainfra.com\/blog\/infradebate-a-importancia-dos-titulos-verdes-green-bonds-no-setor-de-geracao-de-energia\/\"},\"author\":{\"name\":\"Rodrigo Zuquim\",\"@id\":\"https:\/\/agenciainfra.com\/blog\/#\/schema\/person\/04dbb79bd6d8951f063da71f3e4c1eb1\"},\"headline\":\"iNFRADebate: A import\u00e2ncia dos t\u00edtulos verdes (&#8220;green bonds&#8221;) no setor de gera\u00e7\u00e3o de energia\",\"datePublished\":\"2020-10-13T13:26:15+00:00\",\"dateModified\":\"2020-10-13T13:26:26+00:00\",\"mainEntityOfPage\":{\"@id\":\"https:\/\/agenciainfra.com\/blog\/infradebate-a-importancia-dos-titulos-verdes-green-bonds-no-setor-de-geracao-de-energia\/\"},\"wordCount\":1241,\"publisher\":{\"@id\":\"https:\/\/agenciainfra.com\/blog\/#organization\"},\"image\":{\"@id\":\"https:\/\/agenciainfra.com\/blog\/infradebate-a-importancia-dos-titulos-verdes-green-bonds-no-setor-de-geracao-de-energia\/#primaryimage\"},\"thumbnailUrl\":\"https:\/\/agenciainfra.com\/blog\/wp-content\/uploads\/2020\/10\/energia-eolica-foto-dominio-publico.jpg\",\"keywords\":[\"deb\u00eantures\",\"energia renov\u00e1vel\",\"ESG\",\"gera\u00e7\u00e3o de energia\",\"gera\u00e7\u00e3o distribu\u00edda\",\"green bonds\",\"Infraestrutura\",\"Lei 12.431\",\"Mariana Avelar\",\"Marina Zago\",\"Minist\u00e9rio de Minas e Energia\",\"PL 2.646\/2020\",\"regulamenta\u00e7\u00e3o\",\"t\u00edtulos verdes\"],\"articleSection\":[\"Geral\",\"iNFRADebate\"],\"inLanguage\":\"pt-BR\",\"copyrightYear\":\"2020\",\"copyrightHolder\":{\"@id\":\"https:\/\/agenciainfra.com\/blog\/#organization\"}},{\"@type\":\"WebPage\",\"@id\":\"https:\/\/agenciainfra.com\/blog\/infradebate-a-importancia-dos-titulos-verdes-green-bonds-no-setor-de-geracao-de-energia\/\",\"url\":\"https:\/\/agenciainfra.com\/blog\/infradebate-a-importancia-dos-titulos-verdes-green-bonds-no-setor-de-geracao-de-energia\/\",\"name\":\"iNFRADebate: A import\u00e2ncia dos t\u00edtulos verdes (\\\"green bonds\\\") no setor de gera\u00e7\u00e3o de energia - Ag\u00eancia iNFRA\",\"isPartOf\":{\"@id\":\"https:\/\/agenciainfra.com\/blog\/#website\"},\"primaryImageOfPage\":{\"@id\":\"https:\/\/agenciainfra.com\/blog\/infradebate-a-importancia-dos-titulos-verdes-green-bonds-no-setor-de-geracao-de-energia\/#primaryimage\"},\"image\":{\"@id\":\"https:\/\/agenciainfra.com\/blog\/infradebate-a-importancia-dos-titulos-verdes-green-bonds-no-setor-de-geracao-de-energia\/#primaryimage\"},\"thumbnailUrl\":\"https:\/\/agenciainfra.com\/blog\/wp-content\/uploads\/2020\/10\/energia-eolica-foto-dominio-publico.jpg\",\"datePublished\":\"2020-10-13T13:26:15+00:00\",\"dateModified\":\"2020-10-13T13:26:26+00:00\",\"breadcrumb\":{\"@id\":\"https:\/\/agenciainfra.com\/blog\/infradebate-a-importancia-dos-titulos-verdes-green-bonds-no-setor-de-geracao-de-energia\/#breadcrumb\"},\"inLanguage\":\"pt-BR\",\"potentialAction\":[{\"@type\":\"ReadAction\",\"target\":[\"https:\/\/agenciainfra.com\/blog\/infradebate-a-importancia-dos-titulos-verdes-green-bonds-no-setor-de-geracao-de-energia\/\"]}]},{\"@type\":\"ImageObject\",\"inLanguage\":\"pt-BR\",\"@id\":\"https:\/\/agenciainfra.com\/blog\/infradebate-a-importancia-dos-titulos-verdes-green-bonds-no-setor-de-geracao-de-energia\/#primaryimage\",\"url\":\"https:\/\/agenciainfra.com\/blog\/wp-content\/uploads\/2020\/10\/energia-eolica-foto-dominio-publico.jpg\",\"contentUrl\":\"https:\/\/agenciainfra.com\/blog\/wp-content\/uploads\/2020\/10\/energia-eolica-foto-dominio-publico.jpg\",\"width\":1280,\"height\":719,\"caption\":\"Foto: Dom\u00ednio P\u00fablico\"},{\"@type\":\"BreadcrumbList\",\"@id\":\"https:\/\/agenciainfra.com\/blog\/infradebate-a-importancia-dos-titulos-verdes-green-bonds-no-setor-de-geracao-de-energia\/#breadcrumb\",\"itemListElement\":[{\"@type\":\"ListItem\",\"position\":1,\"name\":\"In\u00edcio\",\"item\":\"https:\/\/agenciainfra.com\/blog\/\"},{\"@type\":\"ListItem\",\"position\":2,\"name\":\"iNFRADebate: A import\u00e2ncia dos t\u00edtulos verdes (&#8220;green bonds&#8221;) no setor de gera\u00e7\u00e3o de energia\"}]},{\"@type\":\"WebSite\",\"@id\":\"https:\/\/agenciainfra.com\/blog\/#website\",\"url\":\"https:\/\/agenciainfra.com\/blog\/\",\"name\":\"Ag\u00eancia iNFRA\",\"description\":\"Multiplataforma de informa\u00e7\u00e3o jornal\u00edstica refer\u00eancia na \u00e1rea de infraestrutura no Brasil!\",\"publisher\":{\"@id\":\"https:\/\/agenciainfra.com\/blog\/#organization\"},\"potentialAction\":[{\"@type\":\"SearchAction\",\"target\":{\"@type\":\"EntryPoint\",\"urlTemplate\":\"https:\/\/agenciainfra.com\/blog\/?s={search_term_string}\"},\"query-input\":{\"@type\":\"PropertyValueSpecification\",\"valueRequired\":true,\"valueName\":\"search_term_string\"}}],\"inLanguage\":\"pt-BR\"},{\"@type\":\"Organization\",\"@id\":\"https:\/\/agenciainfra.com\/blog\/#organization\",\"name\":\"Ag\u00eancia iNFRA\",\"url\":\"https:\/\/agenciainfra.com\/blog\/\",\"logo\":{\"@type\":\"ImageObject\",\"inLanguage\":\"pt-BR\",\"@id\":\"https:\/\/agenciainfra.com\/blog\/#\/schema\/logo\/image\/\",\"url\":\"https:\/\/agenciainfra.com\/blog\/wp-content\/uploads\/2023\/09\/iNFRA_5-e1761735885940.png\",\"contentUrl\":\"https:\/\/agenciainfra.com\/blog\/wp-content\/uploads\/2023\/09\/iNFRA_5-e1761735885940.png\",\"width\":1672,\"height\":454,\"caption\":\"Ag\u00eancia iNFRA\"},\"image\":{\"@id\":\"https:\/\/agenciainfra.com\/blog\/#\/schema\/logo\/image\/\"},\"sameAs\":[\"https:\/\/www.facebook.com\/ageninfra\",\"https:\/\/x.com\/agencia_infra\",\"https:\/\/www.linkedin.com\/company\/ag\u00eanciainfra\/\",\"https:\/\/www.instagram.com\/agenciainfra\/\"]},{\"@type\":\"Person\",\"@id\":\"https:\/\/agenciainfra.com\/blog\/#\/schema\/person\/04dbb79bd6d8951f063da71f3e4c1eb1\",\"name\":\"Rodrigo Zuquim\",\"image\":{\"@type\":\"ImageObject\",\"inLanguage\":\"pt-BR\",\"@id\":\"https:\/\/agenciainfra.com\/blog\/#\/schema\/person\/image\/\",\"url\":\"https:\/\/secure.gravatar.com\/avatar\/594abfe82761d620726242ff34ca472a705a4b97f16c790053a6b4c4035274d0?s=96&d=mm&r=g\",\"contentUrl\":\"https:\/\/secure.gravatar.com\/avatar\/594abfe82761d620726242ff34ca472a705a4b97f16c790053a6b4c4035274d0?s=96&d=mm&r=g\",\"caption\":\"Rodrigo Zuquim\"},\"url\":\"https:\/\/agenciainfra.com\/blog\/author\/rodrigo-zuquim\/\"}]}<\/script>\n<!-- \/ Yoast SEO Premium plugin. -->","yoast_head_json":{"title":"iNFRADebate: A import\u00e2ncia dos t\u00edtulos verdes (\"green bonds\") no setor de gera\u00e7\u00e3o de energia - Ag\u00eancia iNFRA","robots":{"index":"index","follow":"follow","max-snippet":"max-snippet:-1","max-image-preview":"max-image-preview:large","max-video-preview":"max-video-preview:-1"},"canonical":"https:\/\/agenciainfra.com\/blog\/infradebate-a-importancia-dos-titulos-verdes-green-bonds-no-setor-de-geracao-de-energia\/","og_locale":"pt_BR","og_type":"article","og_title":"iNFRADebate: A import\u00e2ncia dos t\u00edtulos verdes (\"green bonds\") no setor de gera\u00e7\u00e3o de energia","og_description":"Marina Zago* e Mariana Avelar** Os t\u00edtulos verdes (\u201cgreen bonds\u201d) s\u00e3o importantes instrumentos de capta\u00e7\u00e3o privada de recursos financeiros para projetos sustent\u00e1veis do ponto de vista ambiental e social (quando s\u00e3o chamados de \u201csocial bonds\u201d). O conceito de t\u00edtulos verdes \u00e9 amplo e comporta uma variedade de instrumentos, juridicamente delineados ou n\u00e3o. Este artigo tem [&hellip;]","og_url":"https:\/\/agenciainfra.com\/blog\/infradebate-a-importancia-dos-titulos-verdes-green-bonds-no-setor-de-geracao-de-energia\/","og_site_name":"Ag\u00eancia iNFRA","article_publisher":"https:\/\/www.facebook.com\/ageninfra","article_published_time":"2020-10-13T13:26:15+00:00","article_modified_time":"2020-10-13T13:26:26+00:00","og_image":[{"width":1280,"height":719,"url":"https:\/\/agenciainfra.com\/blog\/wp-content\/uploads\/2020\/10\/energia-eolica-foto-dominio-publico.jpg","type":"image\/jpeg"}],"author":"Rodrigo Zuquim","twitter_card":"summary_large_image","twitter_creator":"@agencia_infra","twitter_site":"@agencia_infra","twitter_misc":{"Escrito por":"Rodrigo Zuquim","Est. tempo de leitura":"6 minutos"},"schema":{"@context":"https:\/\/schema.org","@graph":[{"@type":"Article","@id":"https:\/\/agenciainfra.com\/blog\/infradebate-a-importancia-dos-titulos-verdes-green-bonds-no-setor-de-geracao-de-energia\/#article","isPartOf":{"@id":"https:\/\/agenciainfra.com\/blog\/infradebate-a-importancia-dos-titulos-verdes-green-bonds-no-setor-de-geracao-de-energia\/"},"author":{"name":"Rodrigo Zuquim","@id":"https:\/\/agenciainfra.com\/blog\/#\/schema\/person\/04dbb79bd6d8951f063da71f3e4c1eb1"},"headline":"iNFRADebate: A import\u00e2ncia dos t\u00edtulos verdes (&#8220;green bonds&#8221;) no setor de gera\u00e7\u00e3o de energia","datePublished":"2020-10-13T13:26:15+00:00","dateModified":"2020-10-13T13:26:26+00:00","mainEntityOfPage":{"@id":"https:\/\/agenciainfra.com\/blog\/infradebate-a-importancia-dos-titulos-verdes-green-bonds-no-setor-de-geracao-de-energia\/"},"wordCount":1241,"publisher":{"@id":"https:\/\/agenciainfra.com\/blog\/#organization"},"image":{"@id":"https:\/\/agenciainfra.com\/blog\/infradebate-a-importancia-dos-titulos-verdes-green-bonds-no-setor-de-geracao-de-energia\/#primaryimage"},"thumbnailUrl":"https:\/\/agenciainfra.com\/blog\/wp-content\/uploads\/2020\/10\/energia-eolica-foto-dominio-publico.jpg","keywords":["deb\u00eantures","energia renov\u00e1vel","ESG","gera\u00e7\u00e3o de energia","gera\u00e7\u00e3o distribu\u00edda","green bonds","Infraestrutura","Lei 12.431","Mariana Avelar","Marina Zago","Minist\u00e9rio de Minas e Energia","PL 2.646\/2020","regulamenta\u00e7\u00e3o","t\u00edtulos verdes"],"articleSection":["Geral","iNFRADebate"],"inLanguage":"pt-BR","copyrightYear":"2020","copyrightHolder":{"@id":"https:\/\/agenciainfra.com\/blog\/#organization"}},{"@type":"WebPage","@id":"https:\/\/agenciainfra.com\/blog\/infradebate-a-importancia-dos-titulos-verdes-green-bonds-no-setor-de-geracao-de-energia\/","url":"https:\/\/agenciainfra.com\/blog\/infradebate-a-importancia-dos-titulos-verdes-green-bonds-no-setor-de-geracao-de-energia\/","name":"iNFRADebate: A import\u00e2ncia dos t\u00edtulos verdes (\"green bonds\") no setor de gera\u00e7\u00e3o de energia - Ag\u00eancia iNFRA","isPartOf":{"@id":"https:\/\/agenciainfra.com\/blog\/#website"},"primaryImageOfPage":{"@id":"https:\/\/agenciainfra.com\/blog\/infradebate-a-importancia-dos-titulos-verdes-green-bonds-no-setor-de-geracao-de-energia\/#primaryimage"},"image":{"@id":"https:\/\/agenciainfra.com\/blog\/infradebate-a-importancia-dos-titulos-verdes-green-bonds-no-setor-de-geracao-de-energia\/#primaryimage"},"thumbnailUrl":"https:\/\/agenciainfra.com\/blog\/wp-content\/uploads\/2020\/10\/energia-eolica-foto-dominio-publico.jpg","datePublished":"2020-10-13T13:26:15+00:00","dateModified":"2020-10-13T13:26:26+00:00","breadcrumb":{"@id":"https:\/\/agenciainfra.com\/blog\/infradebate-a-importancia-dos-titulos-verdes-green-bonds-no-setor-de-geracao-de-energia\/#breadcrumb"},"inLanguage":"pt-BR","potentialAction":[{"@type":"ReadAction","target":["https:\/\/agenciainfra.com\/blog\/infradebate-a-importancia-dos-titulos-verdes-green-bonds-no-setor-de-geracao-de-energia\/"]}]},{"@type":"ImageObject","inLanguage":"pt-BR","@id":"https:\/\/agenciainfra.com\/blog\/infradebate-a-importancia-dos-titulos-verdes-green-bonds-no-setor-de-geracao-de-energia\/#primaryimage","url":"https:\/\/agenciainfra.com\/blog\/wp-content\/uploads\/2020\/10\/energia-eolica-foto-dominio-publico.jpg","contentUrl":"https:\/\/agenciainfra.com\/blog\/wp-content\/uploads\/2020\/10\/energia-eolica-foto-dominio-publico.jpg","width":1280,"height":719,"caption":"Foto: Dom\u00ednio P\u00fablico"},{"@type":"BreadcrumbList","@id":"https:\/\/agenciainfra.com\/blog\/infradebate-a-importancia-dos-titulos-verdes-green-bonds-no-setor-de-geracao-de-energia\/#breadcrumb","itemListElement":[{"@type":"ListItem","position":1,"name":"In\u00edcio","item":"https:\/\/agenciainfra.com\/blog\/"},{"@type":"ListItem","position":2,"name":"iNFRADebate: A import\u00e2ncia dos t\u00edtulos verdes (&#8220;green bonds&#8221;) no setor de gera\u00e7\u00e3o de energia"}]},{"@type":"WebSite","@id":"https:\/\/agenciainfra.com\/blog\/#website","url":"https:\/\/agenciainfra.com\/blog\/","name":"Ag\u00eancia iNFRA","description":"Multiplataforma de informa\u00e7\u00e3o jornal\u00edstica refer\u00eancia na \u00e1rea de infraestrutura no Brasil!","publisher":{"@id":"https:\/\/agenciainfra.com\/blog\/#organization"},"potentialAction":[{"@type":"SearchAction","target":{"@type":"EntryPoint","urlTemplate":"https:\/\/agenciainfra.com\/blog\/?s={search_term_string}"},"query-input":{"@type":"PropertyValueSpecification","valueRequired":true,"valueName":"search_term_string"}}],"inLanguage":"pt-BR"},{"@type":"Organization","@id":"https:\/\/agenciainfra.com\/blog\/#organization","name":"Ag\u00eancia iNFRA","url":"https:\/\/agenciainfra.com\/blog\/","logo":{"@type":"ImageObject","inLanguage":"pt-BR","@id":"https:\/\/agenciainfra.com\/blog\/#\/schema\/logo\/image\/","url":"https:\/\/agenciainfra.com\/blog\/wp-content\/uploads\/2023\/09\/iNFRA_5-e1761735885940.png","contentUrl":"https:\/\/agenciainfra.com\/blog\/wp-content\/uploads\/2023\/09\/iNFRA_5-e1761735885940.png","width":1672,"height":454,"caption":"Ag\u00eancia iNFRA"},"image":{"@id":"https:\/\/agenciainfra.com\/blog\/#\/schema\/logo\/image\/"},"sameAs":["https:\/\/www.facebook.com\/ageninfra","https:\/\/x.com\/agencia_infra","https:\/\/www.linkedin.com\/company\/ag\u00eanciainfra\/","https:\/\/www.instagram.com\/agenciainfra\/"]},{"@type":"Person","@id":"https:\/\/agenciainfra.com\/blog\/#\/schema\/person\/04dbb79bd6d8951f063da71f3e4c1eb1","name":"Rodrigo Zuquim","image":{"@type":"ImageObject","inLanguage":"pt-BR","@id":"https:\/\/agenciainfra.com\/blog\/#\/schema\/person\/image\/","url":"https:\/\/secure.gravatar.com\/avatar\/594abfe82761d620726242ff34ca472a705a4b97f16c790053a6b4c4035274d0?s=96&d=mm&r=g","contentUrl":"https:\/\/secure.gravatar.com\/avatar\/594abfe82761d620726242ff34ca472a705a4b97f16c790053a6b4c4035274d0?s=96&d=mm&r=g","caption":"Rodrigo Zuquim"},"url":"https:\/\/agenciainfra.com\/blog\/author\/rodrigo-zuquim\/"}]}},"_links":{"self":[{"href":"https:\/\/agenciainfra.com\/blog\/wp-json\/wp\/v2\/posts\/6048","targetHints":{"allow":["GET"]}}],"collection":[{"href":"https:\/\/agenciainfra.com\/blog\/wp-json\/wp\/v2\/posts"}],"about":[{"href":"https:\/\/agenciainfra.com\/blog\/wp-json\/wp\/v2\/types\/post"}],"author":[{"embeddable":true,"href":"https:\/\/agenciainfra.com\/blog\/wp-json\/wp\/v2\/users\/9"}],"replies":[{"embeddable":true,"href":"https:\/\/agenciainfra.com\/blog\/wp-json\/wp\/v2\/comments?post=6048"}],"version-history":[{"count":0,"href":"https:\/\/agenciainfra.com\/blog\/wp-json\/wp\/v2\/posts\/6048\/revisions"}],"wp:featuredmedia":[{"embeddable":true,"href":"https:\/\/agenciainfra.com\/blog\/wp-json\/wp\/v2\/media\/6049"}],"wp:attachment":[{"href":"https:\/\/agenciainfra.com\/blog\/wp-json\/wp\/v2\/media?parent=6048"}],"wp:term":[{"taxonomy":"category","embeddable":true,"href":"https:\/\/agenciainfra.com\/blog\/wp-json\/wp\/v2\/categories?post=6048"},{"taxonomy":"post_tag","embeddable":true,"href":"https:\/\/agenciainfra.com\/blog\/wp-json\/wp\/v2\/tags?post=6048"}],"curies":[{"name":"wp","href":"https:\/\/api.w.org\/{rel}","templated":true}]}}