{"id":6065,"date":"2020-10-09T10:00:04","date_gmt":"2020-10-09T13:00:04","guid":{"rendered":"https:\/\/www.agenciainfra.com\/blog\/?p=6065"},"modified":"2020-10-14T10:32:39","modified_gmt":"2020-10-14T13:32:39","slug":"light-muda-comando-e-traz-executivos-da-equatorial","status":"publish","type":"post","link":"https:\/\/agenciainfra.com\/blog\/light-muda-comando-e-traz-executivos-da-equatorial\/","title":{"rendered":"Light muda comando e traz executivos da Equatorial"},"content":{"rendered":"\n<hr class=\"wp-block-separator\"\/>\n\n\n\n<p class=\"has-text-align-right\"><strong>&nbsp;Leila Coimbra e Nestor Rabello, da Ag\u00eancia iNFRA<\/strong><\/p>\n\n\n\n<p>O conselho de administra\u00e7\u00e3o da Light decidiu nesta quinta-feira (8) mudar o comando da empresa e elegeu Nonato Castro,\u00a0ex-presidente da Equatorial Piau\u00ed, como o novo CEO da distribuidora, em substitui\u00e7\u00e3o a Ana Marta Veloso, conforme havia antecipado a\u00a0<strong>Ag\u00eancia iNFRA<\/strong>.<br><br>\u201cO conselho de administra\u00e7\u00e3o registrou o seu agradecimento e enalteceu a gest\u00e3o da Sra. Ana Marta Veloso, que agregou significativo valor \u00e0 companhia, ressaltando as suas qualidades de lideran\u00e7a, dedica\u00e7\u00e3o e compet\u00eancia na condu\u00e7\u00e3o dos cargos exercidos\u201d, afirmou a empresa, em\u00a0<a rel=\"noreferrer noopener\" href=\"https:\/\/agenciainfra.us14.list-manage.com\/track\/click?u=d460dd1bcf9ba0ae040e1fc0f&amp;id=d4317ce813&amp;e=c099169394\" target=\"_blank\">comunicado<\/a>\u00a0divulgado ao mercado.\u00a0<br><br>Mais cedo, a Equatorial Piau\u00ed havia confirmado a sa\u00edda de Nonato Castro da presid\u00eancia da companhia.\u00a0<br><br>A distribuidora piauiense ser\u00e1 comandada por Maur\u00edcio Alvares da Silva Velloso Ferreira, que j\u00e1 passou por empresas de telecomunica\u00e7\u00f5es e pela dire\u00e7\u00e3o da CEB (Companhia Energ\u00e9tica de Bras\u00edlia).<br><br><strong>A\u00e7\u00f5es valorizam<\/strong><br>A not\u00edcia da sa\u00edda de Ana Marta Veloso movimentou o mercado ao longo do dia, e as a\u00e7\u00f5es da Light na Bolsa de Valores fecharam em alta de 11,1%.<br><br>De perfil t\u00e9cnico e com experi\u00eancia em outras distribuidoras, a executiva se tornou, em 2019, CEO da empresa, onde tamb\u00e9m atuava como diretora de Rela\u00e7\u00f5es com Investidores.<br><br>Essa fun\u00e7\u00e3o agora ser\u00e1 exercida interinamente pelo atual diretor da Light, Roberto Caixeta Barroso, segundo o comunicado da companhia.<br><br><strong>Sequ\u00eancia de mudan\u00e7as<\/strong><br>O movimento ocorre poucos dias depois de outra altera\u00e7\u00e3o significativa no corpo da Light, not\u00f3ria pelo alto endividamento e pelo baixo rating em alguns \u00edndices.<br><br>Em 28 de setembro, o executivo Firmino Sampaio foi confirmado como conselheiro da distribuidora, pouco depois de ter renunciado \u00e0 posi\u00e7\u00e3o de presidente do Conselho de Administra\u00e7\u00e3o da Equatorial Energia.<br><br>Na reuni\u00e3o desta quinta, ele foi eleito presidente do Conselho da Light, no lugar de David Zylbersztajn, que ficar\u00e1 com a vice-presid\u00eancia do colegiado.<\/p>\n","protected":false},"excerpt":{"rendered":"<p>&nbsp;Leila Coimbra e Nestor Rabello, da Ag\u00eancia iNFRA O conselho de administra\u00e7\u00e3o da Light decidiu nesta quinta-feira (8) mudar o comando da empresa e elegeu Nonato Castro,\u00a0ex-presidente da Equatorial Piau\u00ed, como o novo CEO da distribuidora, em substitui\u00e7\u00e3o a Ana Marta Veloso, conforme havia antecipado a\u00a0Ag\u00eancia iNFRA. \u201cO conselho de administra\u00e7\u00e3o registrou o seu agradecimento [&hellip;]<\/p>\n","protected":false},"author":9,"featured_media":6066,"comment_status":"closed","ping_status":"closed","sticky":false,"template":"","format":"standard","meta":{"_monsterinsights_skip_tracking":false,"_monsterinsights_sitenote_active":false,"_monsterinsights_sitenote_note":"","_monsterinsights_sitenote_category":0,"footnotes":""},"categories":[1,10],"tags":[2812,2817,2816,2811,2815,1867,2813,2810,2814],"class_list":["post-6065","post","type-post","status-publish","format-standard","has-post-thumbnail","hentry","category-geral","category-infraenergia","tag-ana-marta-veloso","tag-david-zylbersztajn","tag-equatorial-energia","tag-equatorial-piaui","tag-firmino-sampaio","tag-light","tag-mauricio-alvares-da-silva-velloso-ferreira","tag-nonato-castro","tag-roberto-caixeta-barroso"],"yoast_head":"<!-- This site is optimized with the Yoast SEO Premium plugin v25.4 (Yoast SEO v26.0) - https:\/\/yoast.com\/wordpress\/plugins\/seo\/ -->\n<title>Light muda comando e traz executivos da Equatorial - Ag\u00eancia iNFRA<\/title>\n<meta name=\"robots\" content=\"index, follow, max-snippet:-1, max-image-preview:large, max-video-preview:-1\" \/>\n<link rel=\"canonical\" href=\"https:\/\/agenciainfra.com\/blog\/light-muda-comando-e-traz-executivos-da-equatorial\/\" \/>\n<meta property=\"og:locale\" content=\"pt_BR\" \/>\n<meta property=\"og:type\" content=\"article\" \/>\n<meta property=\"og:title\" content=\"Light muda comando e traz executivos da Equatorial\" \/>\n<meta property=\"og:description\" content=\"&nbsp;Leila Coimbra e Nestor Rabello, da Ag\u00eancia iNFRA O conselho de administra\u00e7\u00e3o da Light decidiu nesta quinta-feira (8) mudar o comando da empresa e elegeu Nonato Castro,\u00a0ex-presidente da Equatorial Piau\u00ed, como o novo CEO da distribuidora, em substitui\u00e7\u00e3o a Ana Marta Veloso, conforme havia antecipado a\u00a0Ag\u00eancia iNFRA. \u201cO conselho de administra\u00e7\u00e3o registrou o seu agradecimento [&hellip;]\" \/>\n<meta property=\"og:url\" content=\"https:\/\/agenciainfra.com\/blog\/light-muda-comando-e-traz-executivos-da-equatorial\/\" \/>\n<meta property=\"og:site_name\" content=\"Ag\u00eancia iNFRA\" \/>\n<meta property=\"article:publisher\" content=\"https:\/\/www.facebook.com\/ageninfra\" \/>\n<meta property=\"article:published_time\" content=\"2020-10-09T13:00:04+00:00\" \/>\n<meta property=\"article:modified_time\" content=\"2020-10-14T13:32:39+00:00\" \/>\n<meta property=\"og:image\" content=\"https:\/\/agenciainfra.com\/blog\/wp-content\/uploads\/2020\/10\/torre-energia-foto-dominio-publico.jpg\" \/>\n\t<meta property=\"og:image:width\" content=\"1280\" \/>\n\t<meta property=\"og:image:height\" content=\"908\" \/>\n\t<meta property=\"og:image:type\" content=\"image\/jpeg\" \/>\n<meta name=\"author\" content=\"Rodrigo Zuquim\" \/>\n<meta name=\"twitter:card\" content=\"summary_large_image\" \/>\n<meta name=\"twitter:creator\" content=\"@agencia_infra\" \/>\n<meta name=\"twitter:site\" content=\"@agencia_infra\" \/>\n<meta name=\"twitter:label1\" content=\"Escrito por\" \/>\n\t<meta name=\"twitter:data1\" content=\"Rodrigo Zuquim\" \/>\n\t<meta name=\"twitter:label2\" content=\"Est. tempo de leitura\" \/>\n\t<meta name=\"twitter:data2\" content=\"2 minutos\" \/>\n<script type=\"application\/ld+json\" class=\"yoast-schema-graph\">{\"@context\":\"https:\/\/schema.org\",\"@graph\":[{\"@type\":\"Article\",\"@id\":\"https:\/\/agenciainfra.com\/blog\/light-muda-comando-e-traz-executivos-da-equatorial\/#article\",\"isPartOf\":{\"@id\":\"https:\/\/agenciainfra.com\/blog\/light-muda-comando-e-traz-executivos-da-equatorial\/\"},\"author\":{\"name\":\"Rodrigo Zuquim\",\"@id\":\"https:\/\/agenciainfra.com\/blog\/#\/schema\/person\/04dbb79bd6d8951f063da71f3e4c1eb1\"},\"headline\":\"Light muda comando e traz executivos da Equatorial\",\"datePublished\":\"2020-10-09T13:00:04+00:00\",\"dateModified\":\"2020-10-14T13:32:39+00:00\",\"mainEntityOfPage\":{\"@id\":\"https:\/\/agenciainfra.com\/blog\/light-muda-comando-e-traz-executivos-da-equatorial\/\"},\"wordCount\":334,\"publisher\":{\"@id\":\"https:\/\/agenciainfra.com\/blog\/#organization\"},\"image\":{\"@id\":\"https:\/\/agenciainfra.com\/blog\/light-muda-comando-e-traz-executivos-da-equatorial\/#primaryimage\"},\"thumbnailUrl\":\"https:\/\/agenciainfra.com\/blog\/wp-content\/uploads\/2020\/10\/torre-energia-foto-dominio-publico.jpg\",\"keywords\":[\"Ana Marta Veloso\",\"David Zylbersztajn\",\"Equatorial Energia\",\"Equatorial Piau\u00ed\",\"Firmino Sampaio\",\"Light\",\"Maur\u00edcio Alvares da Silva Velloso Ferreira\",\"Nonato Castro\",\"Roberto Caixeta Barroso\"],\"articleSection\":[\"Geral\",\"iNFRAEnergia\"],\"inLanguage\":\"pt-BR\",\"copyrightYear\":\"2020\",\"copyrightHolder\":{\"@id\":\"https:\/\/agenciainfra.com\/blog\/#organization\"}},{\"@type\":\"WebPage\",\"@id\":\"https:\/\/agenciainfra.com\/blog\/light-muda-comando-e-traz-executivos-da-equatorial\/\",\"url\":\"https:\/\/agenciainfra.com\/blog\/light-muda-comando-e-traz-executivos-da-equatorial\/\",\"name\":\"Light muda comando e traz executivos da Equatorial - Ag\u00eancia iNFRA\",\"isPartOf\":{\"@id\":\"https:\/\/agenciainfra.com\/blog\/#website\"},\"primaryImageOfPage\":{\"@id\":\"https:\/\/agenciainfra.com\/blog\/light-muda-comando-e-traz-executivos-da-equatorial\/#primaryimage\"},\"image\":{\"@id\":\"https:\/\/agenciainfra.com\/blog\/light-muda-comando-e-traz-executivos-da-equatorial\/#primaryimage\"},\"thumbnailUrl\":\"https:\/\/agenciainfra.com\/blog\/wp-content\/uploads\/2020\/10\/torre-energia-foto-dominio-publico.jpg\",\"datePublished\":\"2020-10-09T13:00:04+00:00\",\"dateModified\":\"2020-10-14T13:32:39+00:00\",\"breadcrumb\":{\"@id\":\"https:\/\/agenciainfra.com\/blog\/light-muda-comando-e-traz-executivos-da-equatorial\/#breadcrumb\"},\"inLanguage\":\"pt-BR\",\"potentialAction\":[{\"@type\":\"ReadAction\",\"target\":[\"https:\/\/agenciainfra.com\/blog\/light-muda-comando-e-traz-executivos-da-equatorial\/\"]}]},{\"@type\":\"ImageObject\",\"inLanguage\":\"pt-BR\",\"@id\":\"https:\/\/agenciainfra.com\/blog\/light-muda-comando-e-traz-executivos-da-equatorial\/#primaryimage\",\"url\":\"https:\/\/agenciainfra.com\/blog\/wp-content\/uploads\/2020\/10\/torre-energia-foto-dominio-publico.jpg\",\"contentUrl\":\"https:\/\/agenciainfra.com\/blog\/wp-content\/uploads\/2020\/10\/torre-energia-foto-dominio-publico.jpg\",\"width\":1280,\"height\":908},{\"@type\":\"BreadcrumbList\",\"@id\":\"https:\/\/agenciainfra.com\/blog\/light-muda-comando-e-traz-executivos-da-equatorial\/#breadcrumb\",\"itemListElement\":[{\"@type\":\"ListItem\",\"position\":1,\"name\":\"In\u00edcio\",\"item\":\"https:\/\/agenciainfra.com\/blog\/\"},{\"@type\":\"ListItem\",\"position\":2,\"name\":\"Light muda comando e traz executivos da Equatorial\"}]},{\"@type\":\"WebSite\",\"@id\":\"https:\/\/agenciainfra.com\/blog\/#website\",\"url\":\"https:\/\/agenciainfra.com\/blog\/\",\"name\":\"Ag\u00eancia iNFRA\",\"description\":\"Multiplataforma de informa\u00e7\u00e3o jornal\u00edstica refer\u00eancia na \u00e1rea de infraestrutura no Brasil!\",\"publisher\":{\"@id\":\"https:\/\/agenciainfra.com\/blog\/#organization\"},\"potentialAction\":[{\"@type\":\"SearchAction\",\"target\":{\"@type\":\"EntryPoint\",\"urlTemplate\":\"https:\/\/agenciainfra.com\/blog\/?s={search_term_string}\"},\"query-input\":{\"@type\":\"PropertyValueSpecification\",\"valueRequired\":true,\"valueName\":\"search_term_string\"}}],\"inLanguage\":\"pt-BR\"},{\"@type\":\"Organization\",\"@id\":\"https:\/\/agenciainfra.com\/blog\/#organization\",\"name\":\"Ag\u00eancia iNFRA\",\"url\":\"https:\/\/agenciainfra.com\/blog\/\",\"logo\":{\"@type\":\"ImageObject\",\"inLanguage\":\"pt-BR\",\"@id\":\"https:\/\/agenciainfra.com\/blog\/#\/schema\/logo\/image\/\",\"url\":\"https:\/\/agenciainfra.com\/blog\/wp-content\/uploads\/2023\/09\/iNFRA_5-e1761735885940.png\",\"contentUrl\":\"https:\/\/agenciainfra.com\/blog\/wp-content\/uploads\/2023\/09\/iNFRA_5-e1761735885940.png\",\"width\":1672,\"height\":454,\"caption\":\"Ag\u00eancia iNFRA\"},\"image\":{\"@id\":\"https:\/\/agenciainfra.com\/blog\/#\/schema\/logo\/image\/\"},\"sameAs\":[\"https:\/\/www.facebook.com\/ageninfra\",\"https:\/\/x.com\/agencia_infra\",\"https:\/\/www.linkedin.com\/company\/ag\u00eanciainfra\/\",\"https:\/\/www.instagram.com\/agenciainfra\/\"]},{\"@type\":\"Person\",\"@id\":\"https:\/\/agenciainfra.com\/blog\/#\/schema\/person\/04dbb79bd6d8951f063da71f3e4c1eb1\",\"name\":\"Rodrigo Zuquim\",\"image\":{\"@type\":\"ImageObject\",\"inLanguage\":\"pt-BR\",\"@id\":\"https:\/\/agenciainfra.com\/blog\/#\/schema\/person\/image\/\",\"url\":\"https:\/\/secure.gravatar.com\/avatar\/594abfe82761d620726242ff34ca472a705a4b97f16c790053a6b4c4035274d0?s=96&d=mm&r=g\",\"contentUrl\":\"https:\/\/secure.gravatar.com\/avatar\/594abfe82761d620726242ff34ca472a705a4b97f16c790053a6b4c4035274d0?s=96&d=mm&r=g\",\"caption\":\"Rodrigo Zuquim\"},\"url\":\"https:\/\/agenciainfra.com\/blog\/author\/rodrigo-zuquim\/\"}]}<\/script>\n<!-- \/ Yoast SEO Premium plugin. -->","yoast_head_json":{"title":"Light muda comando e traz executivos da Equatorial - Ag\u00eancia iNFRA","robots":{"index":"index","follow":"follow","max-snippet":"max-snippet:-1","max-image-preview":"max-image-preview:large","max-video-preview":"max-video-preview:-1"},"canonical":"https:\/\/agenciainfra.com\/blog\/light-muda-comando-e-traz-executivos-da-equatorial\/","og_locale":"pt_BR","og_type":"article","og_title":"Light muda comando e traz executivos da Equatorial","og_description":"&nbsp;Leila Coimbra e Nestor Rabello, da Ag\u00eancia iNFRA O conselho de administra\u00e7\u00e3o da Light decidiu nesta quinta-feira (8) mudar o comando da empresa e elegeu Nonato Castro,\u00a0ex-presidente da Equatorial Piau\u00ed, como o novo CEO da distribuidora, em substitui\u00e7\u00e3o a Ana Marta Veloso, conforme havia antecipado a\u00a0Ag\u00eancia iNFRA. \u201cO conselho de administra\u00e7\u00e3o registrou o seu agradecimento [&hellip;]","og_url":"https:\/\/agenciainfra.com\/blog\/light-muda-comando-e-traz-executivos-da-equatorial\/","og_site_name":"Ag\u00eancia iNFRA","article_publisher":"https:\/\/www.facebook.com\/ageninfra","article_published_time":"2020-10-09T13:00:04+00:00","article_modified_time":"2020-10-14T13:32:39+00:00","og_image":[{"width":1280,"height":908,"url":"https:\/\/agenciainfra.com\/blog\/wp-content\/uploads\/2020\/10\/torre-energia-foto-dominio-publico.jpg","type":"image\/jpeg"}],"author":"Rodrigo Zuquim","twitter_card":"summary_large_image","twitter_creator":"@agencia_infra","twitter_site":"@agencia_infra","twitter_misc":{"Escrito por":"Rodrigo Zuquim","Est. tempo de leitura":"2 minutos"},"schema":{"@context":"https:\/\/schema.org","@graph":[{"@type":"Article","@id":"https:\/\/agenciainfra.com\/blog\/light-muda-comando-e-traz-executivos-da-equatorial\/#article","isPartOf":{"@id":"https:\/\/agenciainfra.com\/blog\/light-muda-comando-e-traz-executivos-da-equatorial\/"},"author":{"name":"Rodrigo Zuquim","@id":"https:\/\/agenciainfra.com\/blog\/#\/schema\/person\/04dbb79bd6d8951f063da71f3e4c1eb1"},"headline":"Light muda comando e traz executivos da Equatorial","datePublished":"2020-10-09T13:00:04+00:00","dateModified":"2020-10-14T13:32:39+00:00","mainEntityOfPage":{"@id":"https:\/\/agenciainfra.com\/blog\/light-muda-comando-e-traz-executivos-da-equatorial\/"},"wordCount":334,"publisher":{"@id":"https:\/\/agenciainfra.com\/blog\/#organization"},"image":{"@id":"https:\/\/agenciainfra.com\/blog\/light-muda-comando-e-traz-executivos-da-equatorial\/#primaryimage"},"thumbnailUrl":"https:\/\/agenciainfra.com\/blog\/wp-content\/uploads\/2020\/10\/torre-energia-foto-dominio-publico.jpg","keywords":["Ana Marta Veloso","David Zylbersztajn","Equatorial Energia","Equatorial Piau\u00ed","Firmino Sampaio","Light","Maur\u00edcio Alvares da Silva Velloso Ferreira","Nonato Castro","Roberto Caixeta Barroso"],"articleSection":["Geral","iNFRAEnergia"],"inLanguage":"pt-BR","copyrightYear":"2020","copyrightHolder":{"@id":"https:\/\/agenciainfra.com\/blog\/#organization"}},{"@type":"WebPage","@id":"https:\/\/agenciainfra.com\/blog\/light-muda-comando-e-traz-executivos-da-equatorial\/","url":"https:\/\/agenciainfra.com\/blog\/light-muda-comando-e-traz-executivos-da-equatorial\/","name":"Light muda comando e traz executivos da Equatorial - Ag\u00eancia iNFRA","isPartOf":{"@id":"https:\/\/agenciainfra.com\/blog\/#website"},"primaryImageOfPage":{"@id":"https:\/\/agenciainfra.com\/blog\/light-muda-comando-e-traz-executivos-da-equatorial\/#primaryimage"},"image":{"@id":"https:\/\/agenciainfra.com\/blog\/light-muda-comando-e-traz-executivos-da-equatorial\/#primaryimage"},"thumbnailUrl":"https:\/\/agenciainfra.com\/blog\/wp-content\/uploads\/2020\/10\/torre-energia-foto-dominio-publico.jpg","datePublished":"2020-10-09T13:00:04+00:00","dateModified":"2020-10-14T13:32:39+00:00","breadcrumb":{"@id":"https:\/\/agenciainfra.com\/blog\/light-muda-comando-e-traz-executivos-da-equatorial\/#breadcrumb"},"inLanguage":"pt-BR","potentialAction":[{"@type":"ReadAction","target":["https:\/\/agenciainfra.com\/blog\/light-muda-comando-e-traz-executivos-da-equatorial\/"]}]},{"@type":"ImageObject","inLanguage":"pt-BR","@id":"https:\/\/agenciainfra.com\/blog\/light-muda-comando-e-traz-executivos-da-equatorial\/#primaryimage","url":"https:\/\/agenciainfra.com\/blog\/wp-content\/uploads\/2020\/10\/torre-energia-foto-dominio-publico.jpg","contentUrl":"https:\/\/agenciainfra.com\/blog\/wp-content\/uploads\/2020\/10\/torre-energia-foto-dominio-publico.jpg","width":1280,"height":908},{"@type":"BreadcrumbList","@id":"https:\/\/agenciainfra.com\/blog\/light-muda-comando-e-traz-executivos-da-equatorial\/#breadcrumb","itemListElement":[{"@type":"ListItem","position":1,"name":"In\u00edcio","item":"https:\/\/agenciainfra.com\/blog\/"},{"@type":"ListItem","position":2,"name":"Light muda comando e traz executivos da Equatorial"}]},{"@type":"WebSite","@id":"https:\/\/agenciainfra.com\/blog\/#website","url":"https:\/\/agenciainfra.com\/blog\/","name":"Ag\u00eancia iNFRA","description":"Multiplataforma de informa\u00e7\u00e3o jornal\u00edstica refer\u00eancia na \u00e1rea de infraestrutura no Brasil!","publisher":{"@id":"https:\/\/agenciainfra.com\/blog\/#organization"},"potentialAction":[{"@type":"SearchAction","target":{"@type":"EntryPoint","urlTemplate":"https:\/\/agenciainfra.com\/blog\/?s={search_term_string}"},"query-input":{"@type":"PropertyValueSpecification","valueRequired":true,"valueName":"search_term_string"}}],"inLanguage":"pt-BR"},{"@type":"Organization","@id":"https:\/\/agenciainfra.com\/blog\/#organization","name":"Ag\u00eancia iNFRA","url":"https:\/\/agenciainfra.com\/blog\/","logo":{"@type":"ImageObject","inLanguage":"pt-BR","@id":"https:\/\/agenciainfra.com\/blog\/#\/schema\/logo\/image\/","url":"https:\/\/agenciainfra.com\/blog\/wp-content\/uploads\/2023\/09\/iNFRA_5-e1761735885940.png","contentUrl":"https:\/\/agenciainfra.com\/blog\/wp-content\/uploads\/2023\/09\/iNFRA_5-e1761735885940.png","width":1672,"height":454,"caption":"Ag\u00eancia iNFRA"},"image":{"@id":"https:\/\/agenciainfra.com\/blog\/#\/schema\/logo\/image\/"},"sameAs":["https:\/\/www.facebook.com\/ageninfra","https:\/\/x.com\/agencia_infra","https:\/\/www.linkedin.com\/company\/ag\u00eanciainfra\/","https:\/\/www.instagram.com\/agenciainfra\/"]},{"@type":"Person","@id":"https:\/\/agenciainfra.com\/blog\/#\/schema\/person\/04dbb79bd6d8951f063da71f3e4c1eb1","name":"Rodrigo Zuquim","image":{"@type":"ImageObject","inLanguage":"pt-BR","@id":"https:\/\/agenciainfra.com\/blog\/#\/schema\/person\/image\/","url":"https:\/\/secure.gravatar.com\/avatar\/594abfe82761d620726242ff34ca472a705a4b97f16c790053a6b4c4035274d0?s=96&d=mm&r=g","contentUrl":"https:\/\/secure.gravatar.com\/avatar\/594abfe82761d620726242ff34ca472a705a4b97f16c790053a6b4c4035274d0?s=96&d=mm&r=g","caption":"Rodrigo Zuquim"},"url":"https:\/\/agenciainfra.com\/blog\/author\/rodrigo-zuquim\/"}]}},"_links":{"self":[{"href":"https:\/\/agenciainfra.com\/blog\/wp-json\/wp\/v2\/posts\/6065","targetHints":{"allow":["GET"]}}],"collection":[{"href":"https:\/\/agenciainfra.com\/blog\/wp-json\/wp\/v2\/posts"}],"about":[{"href":"https:\/\/agenciainfra.com\/blog\/wp-json\/wp\/v2\/types\/post"}],"author":[{"embeddable":true,"href":"https:\/\/agenciainfra.com\/blog\/wp-json\/wp\/v2\/users\/9"}],"replies":[{"embeddable":true,"href":"https:\/\/agenciainfra.com\/blog\/wp-json\/wp\/v2\/comments?post=6065"}],"version-history":[{"count":0,"href":"https:\/\/agenciainfra.com\/blog\/wp-json\/wp\/v2\/posts\/6065\/revisions"}],"wp:featuredmedia":[{"embeddable":true,"href":"https:\/\/agenciainfra.com\/blog\/wp-json\/wp\/v2\/media\/6066"}],"wp:attachment":[{"href":"https:\/\/agenciainfra.com\/blog\/wp-json\/wp\/v2\/media?parent=6065"}],"wp:term":[{"taxonomy":"category","embeddable":true,"href":"https:\/\/agenciainfra.com\/blog\/wp-json\/wp\/v2\/categories?post=6065"},{"taxonomy":"post_tag","embeddable":true,"href":"https:\/\/agenciainfra.com\/blog\/wp-json\/wp\/v2\/tags?post=6065"}],"curies":[{"name":"wp","href":"https:\/\/api.w.org\/{rel}","templated":true}]}}