{"id":6112,"date":"2020-10-19T08:00:24","date_gmt":"2020-10-19T11:00:24","guid":{"rendered":"https:\/\/www.agenciainfra.com\/blog\/?p=6112"},"modified":"2020-10-16T11:33:09","modified_gmt":"2020-10-16T14:33:09","slug":"alesp-afasta-risco-explicito-a-autonomia-de-agencias-mas-reforma-aprovada-ainda-preocupa","status":"publish","type":"post","link":"https:\/\/agenciainfra.com\/blog\/alesp-afasta-risco-explicito-a-autonomia-de-agencias-mas-reforma-aprovada-ainda-preocupa\/","title":{"rendered":"Alesp afasta risco expl\u00edcito a autonomia de ag\u00eancias, mas reforma aprovada ainda preocupa"},"content":{"rendered":"\n<hr class=\"wp-block-separator\"\/>\n\n\n\n<p class=\"has-text-align-right\"><strong>Rodrigo Zuquim, da&nbsp;Ag\u00eancia iNFRA<\/strong><\/p>\n\n\n\n<p>Trecho controverso da proposta de reforma administrativa do governador de S\u00e3o Paulo, Jo\u00e3o Doria, interpretado pelo setor privado como amea\u00e7a \u00e0 autonomia das ag\u00eancias reguladoras, foi afastado pelos deputados estaduais.<br><br>O texto final do projeto, aprovado na madrugada da \u00faltima quarta-feira (14), teve alterados os artigos propostos pelo governo que tratavam do tema. Na proposta original, os processos das ag\u00eancias referentes a mat\u00e9rias onerosas teriam de ser &#8220;submetidos&#8221; \u00e0 avalia\u00e7\u00e3o do governo do estado antes de passar por delibera\u00e7\u00e3o das diretorias colegiadas das ag\u00eancias.<br><br>A proposta provocou a preocupa\u00e7\u00e3o, entre as empresas que atuam no estado, de que as decis\u00f5es na Artesp (Ag\u00eancia de Transporte do Estado de S\u00e3o Paulo) e na Arsesp (Ag\u00eancia Reguladora de Saneamento e Energia do Estado de S\u00e3o Paulo) pudessem sofrer interfer\u00eancia pol\u00edtica, gerando inseguran\u00e7a jur\u00eddica aos contratos de concess\u00f5es dos setores regulados.<br><br>O texto do substitutivo apresentado pelo relator especial, deputado Alex de Madureira (PSD), e aprovado pela Alesp (Assembleia Legislativa do Estado de S\u00e3o Paulo) estabelece que o governo do estado ser\u00e1 &#8220;cientificado&#8221; previamente sobre as mat\u00e9rias onerosas para apresentar &#8220;as suas raz\u00f5es que contribuam para melhor an\u00e1lise do tema&#8221;.<br><br>E acrescenta que a manifesta\u00e7\u00e3o do governo respeitar\u00e1 a autonomia das ag\u00eancias e n\u00e3o ter\u00e1 car\u00e1ter vinculante. Veja nas imagens abaixo como era e como ficou o texto aprovado:<\/p>\n\n\n\n<figure class=\"wp-block-image size-large\"><img fetchpriority=\"high\" decoding=\"async\" width=\"688\" height=\"1024\" src=\"https:\/\/agenciainfra.com\/blog\/wp-content\/uploads\/2020\/10\/antes-depois-688x1024.png\" alt=\"\" class=\"wp-image-6113\" srcset=\"https:\/\/agenciainfra.com\/blog\/wp-content\/uploads\/2020\/10\/antes-depois-688x1024.png 688w, https:\/\/agenciainfra.com\/blog\/wp-content\/uploads\/2020\/10\/antes-depois-202x300.png 202w, https:\/\/agenciainfra.com\/blog\/wp-content\/uploads\/2020\/10\/antes-depois-768x1143.png 768w, https:\/\/agenciainfra.com\/blog\/wp-content\/uploads\/2020\/10\/antes-depois.png 836w\" sizes=\"(max-width: 688px) 100vw, 688px\" \/><\/figure>\n\n\n\n<p><strong>Ess\u00eancia permanece a mesma<\/strong><br>De acordo com Andr\u00e9 Rosilho, professor da FGV Direito SP e s\u00f3cio do Sundfeld Advogados, a substitui\u00e7\u00e3o do termo &#8220;submeter&#8221; por &#8220;cientificar&#8221; atenuou o tom centralizador anterior, mas a ess\u00eancia continua a mesma: &#8220;A lei tem tom intimidador&#8221;.<\/p>\n\n\n\n<p>Rosilho observou que as decis\u00f5es das ag\u00eancias relativas \u00e0 execu\u00e7\u00e3o das concess\u00f5es continuam condicionadas a que o governo seja ouvido antes, sob risco de invalidade da delibera\u00e7\u00e3o caso isso n\u00e3o ocorra, cabendo inclusive puni\u00e7\u00e3o aos agentes.<\/p>\n\n\n\n<p>Al\u00e9m disso, o advogado acrescenta que o texto n\u00e3o fixa prazos ou diretrizes para as manifesta\u00e7\u00f5es do governo, que &#8220;curiosamente, jogou o tema para regulamento, a ser editado pelo pr\u00f3prio Executivo&#8221;.<\/p>\n\n\n\n<p>&#8220;N\u00e3o se sabe se e quando o regulamento vir\u00e1. Mas a exig\u00eancia de o Executivo se manifestar previamente em processos de compet\u00eancia da ag\u00eancia parece vigorar de imediato&#8221;, acrescenta Rosilho.<\/p>\n\n\n\n<p><strong>Concess\u00e3o patrocinada<\/strong><br>Outra altera\u00e7\u00e3o foi a inclus\u00e3o de par\u00e1grafo, no artigo 35,&nbsp;que determina a edi\u00e7\u00e3o de um decreto espec\u00edfico para regulamentar de que forma se dar\u00e1 a regula\u00e7\u00e3o e a fiscaliza\u00e7\u00e3o da modalidade de concess\u00e3o patrocinada ou concess\u00e3o administrativa no \u00e2mbito das ag\u00eancias reguladoras.<\/p>\n\n\n\n<p>\u00c9 outro caso em que os termos ficam condicionados a decreto ainda inexistente. Para Rosilho, o par\u00e1grafo sugere desconfian\u00e7a com a autonomia das ag\u00eancias reguladoras em rela\u00e7\u00e3o ao governo.<\/p>\n","protected":false},"excerpt":{"rendered":"<p>Rodrigo Zuquim, da&nbsp;Ag\u00eancia iNFRA Trecho controverso da proposta de reforma administrativa do governador de S\u00e3o Paulo, Jo\u00e3o Doria, interpretado pelo setor privado como amea\u00e7a \u00e0 autonomia das ag\u00eancias reguladoras, foi afastado pelos deputados estaduais. O texto final do projeto, aprovado na madrugada da \u00faltima quarta-feira (14), teve alterados os artigos propostos pelo governo que tratavam [&hellip;]<\/p>\n","protected":false},"author":9,"featured_media":6114,"comment_status":"closed","ping_status":"closed","sticky":false,"template":"","format":"standard","meta":{"_monsterinsights_skip_tracking":false,"_monsterinsights_sitenote_active":false,"_monsterinsights_sitenote_note":"","_monsterinsights_sitenote_category":0,"footnotes":""},"categories":[1,7],"tags":[46,2826,2830,2184,2829,1247,2827,2828,1873,1731],"class_list":["post-6112","post","type-post","status-publish","format-standard","has-post-thumbnail","hentry","category-geral","category-infratransporte","tag-agencias-reguladoras","tag-alesp","tag-alex-de-madureira","tag-andre-rosilho","tag-arsesp","tag-artesp","tag-autonomia","tag-governo-do-estado-de-sao-paulo","tag-joao-doria","tag-reforma-administrativa"],"yoast_head":"<!-- This site is optimized with the Yoast SEO Premium plugin v25.4 (Yoast SEO v26.0) - https:\/\/yoast.com\/wordpress\/plugins\/seo\/ -->\n<title>Alesp afasta risco expl\u00edcito a autonomia de ag\u00eancias, mas reforma aprovada ainda preocupa - Ag\u00eancia iNFRA<\/title>\n<meta name=\"robots\" content=\"index, follow, max-snippet:-1, max-image-preview:large, max-video-preview:-1\" \/>\n<link rel=\"canonical\" href=\"https:\/\/agenciainfra.com\/blog\/alesp-afasta-risco-explicito-a-autonomia-de-agencias-mas-reforma-aprovada-ainda-preocupa\/\" \/>\n<meta property=\"og:locale\" content=\"pt_BR\" \/>\n<meta property=\"og:type\" content=\"article\" \/>\n<meta property=\"og:title\" content=\"Alesp afasta risco expl\u00edcito a autonomia de ag\u00eancias, mas reforma aprovada ainda preocupa\" \/>\n<meta property=\"og:description\" content=\"Rodrigo Zuquim, da&nbsp;Ag\u00eancia iNFRA Trecho controverso da proposta de reforma administrativa do governador de S\u00e3o Paulo, Jo\u00e3o Doria, interpretado pelo setor privado como amea\u00e7a \u00e0 autonomia das ag\u00eancias reguladoras, foi afastado pelos deputados estaduais. O texto final do projeto, aprovado na madrugada da \u00faltima quarta-feira (14), teve alterados os artigos propostos pelo governo que tratavam [&hellip;]\" \/>\n<meta property=\"og:url\" content=\"https:\/\/agenciainfra.com\/blog\/alesp-afasta-risco-explicito-a-autonomia-de-agencias-mas-reforma-aprovada-ainda-preocupa\/\" \/>\n<meta property=\"og:site_name\" content=\"Ag\u00eancia iNFRA\" \/>\n<meta property=\"article:publisher\" content=\"https:\/\/www.facebook.com\/ageninfra\" \/>\n<meta property=\"article:published_time\" content=\"2020-10-19T11:00:24+00:00\" \/>\n<meta property=\"og:image\" content=\"https:\/\/agenciainfra.com\/blog\/wp-content\/uploads\/2020\/10\/alesp-foto-sergio-galdino-alesp.jpg\" \/>\n\t<meta property=\"og:image:width\" content=\"1280\" \/>\n\t<meta property=\"og:image:height\" content=\"853\" \/>\n\t<meta property=\"og:image:type\" content=\"image\/jpeg\" \/>\n<meta name=\"author\" content=\"Rodrigo Zuquim\" \/>\n<meta name=\"twitter:card\" content=\"summary_large_image\" \/>\n<meta name=\"twitter:creator\" content=\"@agencia_infra\" \/>\n<meta name=\"twitter:site\" content=\"@agencia_infra\" \/>\n<meta name=\"twitter:label1\" content=\"Escrito por\" \/>\n\t<meta name=\"twitter:data1\" content=\"Rodrigo Zuquim\" \/>\n\t<meta name=\"twitter:label2\" content=\"Est. tempo de leitura\" \/>\n\t<meta name=\"twitter:data2\" content=\"2 minutos\" \/>\n<script type=\"application\/ld+json\" class=\"yoast-schema-graph\">{\"@context\":\"https:\/\/schema.org\",\"@graph\":[{\"@type\":\"Article\",\"@id\":\"https:\/\/agenciainfra.com\/blog\/alesp-afasta-risco-explicito-a-autonomia-de-agencias-mas-reforma-aprovada-ainda-preocupa\/#article\",\"isPartOf\":{\"@id\":\"https:\/\/agenciainfra.com\/blog\/alesp-afasta-risco-explicito-a-autonomia-de-agencias-mas-reforma-aprovada-ainda-preocupa\/\"},\"author\":{\"name\":\"Rodrigo Zuquim\",\"@id\":\"https:\/\/agenciainfra.com\/blog\/#\/schema\/person\/04dbb79bd6d8951f063da71f3e4c1eb1\"},\"headline\":\"Alesp afasta risco expl\u00edcito a autonomia de ag\u00eancias, mas reforma aprovada ainda preocupa\",\"datePublished\":\"2020-10-19T11:00:24+00:00\",\"mainEntityOfPage\":{\"@id\":\"https:\/\/agenciainfra.com\/blog\/alesp-afasta-risco-explicito-a-autonomia-de-agencias-mas-reforma-aprovada-ainda-preocupa\/\"},\"wordCount\":508,\"publisher\":{\"@id\":\"https:\/\/agenciainfra.com\/blog\/#organization\"},\"image\":{\"@id\":\"https:\/\/agenciainfra.com\/blog\/alesp-afasta-risco-explicito-a-autonomia-de-agencias-mas-reforma-aprovada-ainda-preocupa\/#primaryimage\"},\"thumbnailUrl\":\"https:\/\/agenciainfra.com\/blog\/wp-content\/uploads\/2020\/10\/alesp-foto-sergio-galdino-alesp.jpg\",\"keywords\":[\"Ag\u00eancias Reguladoras\",\"Alesp\",\"Alex de Madureira\",\"Andr\u00e9 Rosilho\",\"Arsesp\",\"Artesp\",\"autonomia\",\"Governo do Estado de S\u00e3o Paulo\",\"Jo\u00e3o Doria\",\"reforma administrativa\"],\"articleSection\":[\"Geral\",\"iNFRATransporte\"],\"inLanguage\":\"pt-BR\",\"copyrightYear\":\"2020\",\"copyrightHolder\":{\"@id\":\"https:\/\/agenciainfra.com\/blog\/#organization\"}},{\"@type\":\"WebPage\",\"@id\":\"https:\/\/agenciainfra.com\/blog\/alesp-afasta-risco-explicito-a-autonomia-de-agencias-mas-reforma-aprovada-ainda-preocupa\/\",\"url\":\"https:\/\/agenciainfra.com\/blog\/alesp-afasta-risco-explicito-a-autonomia-de-agencias-mas-reforma-aprovada-ainda-preocupa\/\",\"name\":\"Alesp afasta risco expl\u00edcito a autonomia de ag\u00eancias, mas reforma aprovada ainda preocupa - Ag\u00eancia iNFRA\",\"isPartOf\":{\"@id\":\"https:\/\/agenciainfra.com\/blog\/#website\"},\"primaryImageOfPage\":{\"@id\":\"https:\/\/agenciainfra.com\/blog\/alesp-afasta-risco-explicito-a-autonomia-de-agencias-mas-reforma-aprovada-ainda-preocupa\/#primaryimage\"},\"image\":{\"@id\":\"https:\/\/agenciainfra.com\/blog\/alesp-afasta-risco-explicito-a-autonomia-de-agencias-mas-reforma-aprovada-ainda-preocupa\/#primaryimage\"},\"thumbnailUrl\":\"https:\/\/agenciainfra.com\/blog\/wp-content\/uploads\/2020\/10\/alesp-foto-sergio-galdino-alesp.jpg\",\"datePublished\":\"2020-10-19T11:00:24+00:00\",\"breadcrumb\":{\"@id\":\"https:\/\/agenciainfra.com\/blog\/alesp-afasta-risco-explicito-a-autonomia-de-agencias-mas-reforma-aprovada-ainda-preocupa\/#breadcrumb\"},\"inLanguage\":\"pt-BR\",\"potentialAction\":[{\"@type\":\"ReadAction\",\"target\":[\"https:\/\/agenciainfra.com\/blog\/alesp-afasta-risco-explicito-a-autonomia-de-agencias-mas-reforma-aprovada-ainda-preocupa\/\"]}]},{\"@type\":\"ImageObject\",\"inLanguage\":\"pt-BR\",\"@id\":\"https:\/\/agenciainfra.com\/blog\/alesp-afasta-risco-explicito-a-autonomia-de-agencias-mas-reforma-aprovada-ainda-preocupa\/#primaryimage\",\"url\":\"https:\/\/agenciainfra.com\/blog\/wp-content\/uploads\/2020\/10\/alesp-foto-sergio-galdino-alesp.jpg\",\"contentUrl\":\"https:\/\/agenciainfra.com\/blog\/wp-content\/uploads\/2020\/10\/alesp-foto-sergio-galdino-alesp.jpg\",\"width\":1280,\"height\":853},{\"@type\":\"BreadcrumbList\",\"@id\":\"https:\/\/agenciainfra.com\/blog\/alesp-afasta-risco-explicito-a-autonomia-de-agencias-mas-reforma-aprovada-ainda-preocupa\/#breadcrumb\",\"itemListElement\":[{\"@type\":\"ListItem\",\"position\":1,\"name\":\"In\u00edcio\",\"item\":\"https:\/\/agenciainfra.com\/blog\/\"},{\"@type\":\"ListItem\",\"position\":2,\"name\":\"Alesp afasta risco expl\u00edcito a autonomia de ag\u00eancias, mas reforma aprovada ainda preocupa\"}]},{\"@type\":\"WebSite\",\"@id\":\"https:\/\/agenciainfra.com\/blog\/#website\",\"url\":\"https:\/\/agenciainfra.com\/blog\/\",\"name\":\"Ag\u00eancia iNFRA\",\"description\":\"Multiplataforma de informa\u00e7\u00e3o jornal\u00edstica refer\u00eancia na \u00e1rea de infraestrutura no Brasil!\",\"publisher\":{\"@id\":\"https:\/\/agenciainfra.com\/blog\/#organization\"},\"potentialAction\":[{\"@type\":\"SearchAction\",\"target\":{\"@type\":\"EntryPoint\",\"urlTemplate\":\"https:\/\/agenciainfra.com\/blog\/?s={search_term_string}\"},\"query-input\":{\"@type\":\"PropertyValueSpecification\",\"valueRequired\":true,\"valueName\":\"search_term_string\"}}],\"inLanguage\":\"pt-BR\"},{\"@type\":\"Organization\",\"@id\":\"https:\/\/agenciainfra.com\/blog\/#organization\",\"name\":\"Ag\u00eancia iNFRA\",\"url\":\"https:\/\/agenciainfra.com\/blog\/\",\"logo\":{\"@type\":\"ImageObject\",\"inLanguage\":\"pt-BR\",\"@id\":\"https:\/\/agenciainfra.com\/blog\/#\/schema\/logo\/image\/\",\"url\":\"https:\/\/agenciainfra.com\/blog\/wp-content\/uploads\/2023\/09\/iNFRA_5-e1761735885940.png\",\"contentUrl\":\"https:\/\/agenciainfra.com\/blog\/wp-content\/uploads\/2023\/09\/iNFRA_5-e1761735885940.png\",\"width\":1672,\"height\":454,\"caption\":\"Ag\u00eancia iNFRA\"},\"image\":{\"@id\":\"https:\/\/agenciainfra.com\/blog\/#\/schema\/logo\/image\/\"},\"sameAs\":[\"https:\/\/www.facebook.com\/ageninfra\",\"https:\/\/x.com\/agencia_infra\",\"https:\/\/www.linkedin.com\/company\/ag\u00eanciainfra\/\",\"https:\/\/www.instagram.com\/agenciainfra\/\"]},{\"@type\":\"Person\",\"@id\":\"https:\/\/agenciainfra.com\/blog\/#\/schema\/person\/04dbb79bd6d8951f063da71f3e4c1eb1\",\"name\":\"Rodrigo Zuquim\",\"image\":{\"@type\":\"ImageObject\",\"inLanguage\":\"pt-BR\",\"@id\":\"https:\/\/agenciainfra.com\/blog\/#\/schema\/person\/image\/\",\"url\":\"https:\/\/secure.gravatar.com\/avatar\/594abfe82761d620726242ff34ca472a705a4b97f16c790053a6b4c4035274d0?s=96&d=mm&r=g\",\"contentUrl\":\"https:\/\/secure.gravatar.com\/avatar\/594abfe82761d620726242ff34ca472a705a4b97f16c790053a6b4c4035274d0?s=96&d=mm&r=g\",\"caption\":\"Rodrigo Zuquim\"},\"url\":\"https:\/\/agenciainfra.com\/blog\/author\/rodrigo-zuquim\/\"}]}<\/script>\n<!-- \/ Yoast SEO Premium plugin. -->","yoast_head_json":{"title":"Alesp afasta risco expl\u00edcito a autonomia de ag\u00eancias, mas reforma aprovada ainda preocupa - Ag\u00eancia iNFRA","robots":{"index":"index","follow":"follow","max-snippet":"max-snippet:-1","max-image-preview":"max-image-preview:large","max-video-preview":"max-video-preview:-1"},"canonical":"https:\/\/agenciainfra.com\/blog\/alesp-afasta-risco-explicito-a-autonomia-de-agencias-mas-reforma-aprovada-ainda-preocupa\/","og_locale":"pt_BR","og_type":"article","og_title":"Alesp afasta risco expl\u00edcito a autonomia de ag\u00eancias, mas reforma aprovada ainda preocupa","og_description":"Rodrigo Zuquim, da&nbsp;Ag\u00eancia iNFRA Trecho controverso da proposta de reforma administrativa do governador de S\u00e3o Paulo, Jo\u00e3o Doria, interpretado pelo setor privado como amea\u00e7a \u00e0 autonomia das ag\u00eancias reguladoras, foi afastado pelos deputados estaduais. O texto final do projeto, aprovado na madrugada da \u00faltima quarta-feira (14), teve alterados os artigos propostos pelo governo que tratavam [&hellip;]","og_url":"https:\/\/agenciainfra.com\/blog\/alesp-afasta-risco-explicito-a-autonomia-de-agencias-mas-reforma-aprovada-ainda-preocupa\/","og_site_name":"Ag\u00eancia iNFRA","article_publisher":"https:\/\/www.facebook.com\/ageninfra","article_published_time":"2020-10-19T11:00:24+00:00","og_image":[{"width":1280,"height":853,"url":"https:\/\/agenciainfra.com\/blog\/wp-content\/uploads\/2020\/10\/alesp-foto-sergio-galdino-alesp.jpg","type":"image\/jpeg"}],"author":"Rodrigo Zuquim","twitter_card":"summary_large_image","twitter_creator":"@agencia_infra","twitter_site":"@agencia_infra","twitter_misc":{"Escrito por":"Rodrigo Zuquim","Est. tempo de leitura":"2 minutos"},"schema":{"@context":"https:\/\/schema.org","@graph":[{"@type":"Article","@id":"https:\/\/agenciainfra.com\/blog\/alesp-afasta-risco-explicito-a-autonomia-de-agencias-mas-reforma-aprovada-ainda-preocupa\/#article","isPartOf":{"@id":"https:\/\/agenciainfra.com\/blog\/alesp-afasta-risco-explicito-a-autonomia-de-agencias-mas-reforma-aprovada-ainda-preocupa\/"},"author":{"name":"Rodrigo Zuquim","@id":"https:\/\/agenciainfra.com\/blog\/#\/schema\/person\/04dbb79bd6d8951f063da71f3e4c1eb1"},"headline":"Alesp afasta risco expl\u00edcito a autonomia de ag\u00eancias, mas reforma aprovada ainda preocupa","datePublished":"2020-10-19T11:00:24+00:00","mainEntityOfPage":{"@id":"https:\/\/agenciainfra.com\/blog\/alesp-afasta-risco-explicito-a-autonomia-de-agencias-mas-reforma-aprovada-ainda-preocupa\/"},"wordCount":508,"publisher":{"@id":"https:\/\/agenciainfra.com\/blog\/#organization"},"image":{"@id":"https:\/\/agenciainfra.com\/blog\/alesp-afasta-risco-explicito-a-autonomia-de-agencias-mas-reforma-aprovada-ainda-preocupa\/#primaryimage"},"thumbnailUrl":"https:\/\/agenciainfra.com\/blog\/wp-content\/uploads\/2020\/10\/alesp-foto-sergio-galdino-alesp.jpg","keywords":["Ag\u00eancias Reguladoras","Alesp","Alex de Madureira","Andr\u00e9 Rosilho","Arsesp","Artesp","autonomia","Governo do Estado de S\u00e3o Paulo","Jo\u00e3o Doria","reforma administrativa"],"articleSection":["Geral","iNFRATransporte"],"inLanguage":"pt-BR","copyrightYear":"2020","copyrightHolder":{"@id":"https:\/\/agenciainfra.com\/blog\/#organization"}},{"@type":"WebPage","@id":"https:\/\/agenciainfra.com\/blog\/alesp-afasta-risco-explicito-a-autonomia-de-agencias-mas-reforma-aprovada-ainda-preocupa\/","url":"https:\/\/agenciainfra.com\/blog\/alesp-afasta-risco-explicito-a-autonomia-de-agencias-mas-reforma-aprovada-ainda-preocupa\/","name":"Alesp afasta risco expl\u00edcito a autonomia de ag\u00eancias, mas reforma aprovada ainda preocupa - Ag\u00eancia iNFRA","isPartOf":{"@id":"https:\/\/agenciainfra.com\/blog\/#website"},"primaryImageOfPage":{"@id":"https:\/\/agenciainfra.com\/blog\/alesp-afasta-risco-explicito-a-autonomia-de-agencias-mas-reforma-aprovada-ainda-preocupa\/#primaryimage"},"image":{"@id":"https:\/\/agenciainfra.com\/blog\/alesp-afasta-risco-explicito-a-autonomia-de-agencias-mas-reforma-aprovada-ainda-preocupa\/#primaryimage"},"thumbnailUrl":"https:\/\/agenciainfra.com\/blog\/wp-content\/uploads\/2020\/10\/alesp-foto-sergio-galdino-alesp.jpg","datePublished":"2020-10-19T11:00:24+00:00","breadcrumb":{"@id":"https:\/\/agenciainfra.com\/blog\/alesp-afasta-risco-explicito-a-autonomia-de-agencias-mas-reforma-aprovada-ainda-preocupa\/#breadcrumb"},"inLanguage":"pt-BR","potentialAction":[{"@type":"ReadAction","target":["https:\/\/agenciainfra.com\/blog\/alesp-afasta-risco-explicito-a-autonomia-de-agencias-mas-reforma-aprovada-ainda-preocupa\/"]}]},{"@type":"ImageObject","inLanguage":"pt-BR","@id":"https:\/\/agenciainfra.com\/blog\/alesp-afasta-risco-explicito-a-autonomia-de-agencias-mas-reforma-aprovada-ainda-preocupa\/#primaryimage","url":"https:\/\/agenciainfra.com\/blog\/wp-content\/uploads\/2020\/10\/alesp-foto-sergio-galdino-alesp.jpg","contentUrl":"https:\/\/agenciainfra.com\/blog\/wp-content\/uploads\/2020\/10\/alesp-foto-sergio-galdino-alesp.jpg","width":1280,"height":853},{"@type":"BreadcrumbList","@id":"https:\/\/agenciainfra.com\/blog\/alesp-afasta-risco-explicito-a-autonomia-de-agencias-mas-reforma-aprovada-ainda-preocupa\/#breadcrumb","itemListElement":[{"@type":"ListItem","position":1,"name":"In\u00edcio","item":"https:\/\/agenciainfra.com\/blog\/"},{"@type":"ListItem","position":2,"name":"Alesp afasta risco expl\u00edcito a autonomia de ag\u00eancias, mas reforma aprovada ainda preocupa"}]},{"@type":"WebSite","@id":"https:\/\/agenciainfra.com\/blog\/#website","url":"https:\/\/agenciainfra.com\/blog\/","name":"Ag\u00eancia iNFRA","description":"Multiplataforma de informa\u00e7\u00e3o jornal\u00edstica refer\u00eancia na \u00e1rea de infraestrutura no Brasil!","publisher":{"@id":"https:\/\/agenciainfra.com\/blog\/#organization"},"potentialAction":[{"@type":"SearchAction","target":{"@type":"EntryPoint","urlTemplate":"https:\/\/agenciainfra.com\/blog\/?s={search_term_string}"},"query-input":{"@type":"PropertyValueSpecification","valueRequired":true,"valueName":"search_term_string"}}],"inLanguage":"pt-BR"},{"@type":"Organization","@id":"https:\/\/agenciainfra.com\/blog\/#organization","name":"Ag\u00eancia iNFRA","url":"https:\/\/agenciainfra.com\/blog\/","logo":{"@type":"ImageObject","inLanguage":"pt-BR","@id":"https:\/\/agenciainfra.com\/blog\/#\/schema\/logo\/image\/","url":"https:\/\/agenciainfra.com\/blog\/wp-content\/uploads\/2023\/09\/iNFRA_5-e1761735885940.png","contentUrl":"https:\/\/agenciainfra.com\/blog\/wp-content\/uploads\/2023\/09\/iNFRA_5-e1761735885940.png","width":1672,"height":454,"caption":"Ag\u00eancia iNFRA"},"image":{"@id":"https:\/\/agenciainfra.com\/blog\/#\/schema\/logo\/image\/"},"sameAs":["https:\/\/www.facebook.com\/ageninfra","https:\/\/x.com\/agencia_infra","https:\/\/www.linkedin.com\/company\/ag\u00eanciainfra\/","https:\/\/www.instagram.com\/agenciainfra\/"]},{"@type":"Person","@id":"https:\/\/agenciainfra.com\/blog\/#\/schema\/person\/04dbb79bd6d8951f063da71f3e4c1eb1","name":"Rodrigo Zuquim","image":{"@type":"ImageObject","inLanguage":"pt-BR","@id":"https:\/\/agenciainfra.com\/blog\/#\/schema\/person\/image\/","url":"https:\/\/secure.gravatar.com\/avatar\/594abfe82761d620726242ff34ca472a705a4b97f16c790053a6b4c4035274d0?s=96&d=mm&r=g","contentUrl":"https:\/\/secure.gravatar.com\/avatar\/594abfe82761d620726242ff34ca472a705a4b97f16c790053a6b4c4035274d0?s=96&d=mm&r=g","caption":"Rodrigo Zuquim"},"url":"https:\/\/agenciainfra.com\/blog\/author\/rodrigo-zuquim\/"}]}},"_links":{"self":[{"href":"https:\/\/agenciainfra.com\/blog\/wp-json\/wp\/v2\/posts\/6112","targetHints":{"allow":["GET"]}}],"collection":[{"href":"https:\/\/agenciainfra.com\/blog\/wp-json\/wp\/v2\/posts"}],"about":[{"href":"https:\/\/agenciainfra.com\/blog\/wp-json\/wp\/v2\/types\/post"}],"author":[{"embeddable":true,"href":"https:\/\/agenciainfra.com\/blog\/wp-json\/wp\/v2\/users\/9"}],"replies":[{"embeddable":true,"href":"https:\/\/agenciainfra.com\/blog\/wp-json\/wp\/v2\/comments?post=6112"}],"version-history":[{"count":0,"href":"https:\/\/agenciainfra.com\/blog\/wp-json\/wp\/v2\/posts\/6112\/revisions"}],"wp:featuredmedia":[{"embeddable":true,"href":"https:\/\/agenciainfra.com\/blog\/wp-json\/wp\/v2\/media\/6114"}],"wp:attachment":[{"href":"https:\/\/agenciainfra.com\/blog\/wp-json\/wp\/v2\/media?parent=6112"}],"wp:term":[{"taxonomy":"category","embeddable":true,"href":"https:\/\/agenciainfra.com\/blog\/wp-json\/wp\/v2\/categories?post=6112"},{"taxonomy":"post_tag","embeddable":true,"href":"https:\/\/agenciainfra.com\/blog\/wp-json\/wp\/v2\/tags?post=6112"}],"curies":[{"name":"wp","href":"https:\/\/api.w.org\/{rel}","templated":true}]}}