{"id":6172,"date":"2020-10-20T08:00:47","date_gmt":"2020-10-20T11:00:47","guid":{"rendered":"https:\/\/www.agenciainfra.com\/blog\/?p=6172"},"modified":"2020-10-19T11:42:38","modified_gmt":"2020-10-19T14:42:38","slug":"mpf-entra-na-discussao-sobre-o-reequilibrio-das-distribuidoras-e-eleva-pressao-sobre-o-tema","status":"publish","type":"post","link":"https:\/\/agenciainfra.com\/blog\/mpf-entra-na-discussao-sobre-o-reequilibrio-das-distribuidoras-e-eleva-pressao-sobre-o-tema\/","title":{"rendered":"MPF entra na discuss\u00e3o sobre o reequil\u00edbrio das distribuidoras e eleva press\u00e3o sobre o tema"},"content":{"rendered":"\n<hr class=\"wp-block-separator\"\/>\n\n\n\n<p class=\"has-text-align-right\"><strong>Nestor Rabello,&nbsp;da Ag\u00eancia iNFRA<\/strong><\/p>\n\n\n\n<p>Em meio a um debate acirrado acerca das condi\u00e7\u00f5es do reequil\u00edbrio dos contratos das distribuidoras, a atua\u00e7\u00e3o antecipada de \u00f3rg\u00e3os externos em uma fase ainda preliminar da CP (Consulta P\u00fablica) 35 joga ainda mais press\u00e3o sobre o tema.<br><br>Na \u00faltima quarta-feira (14), o MPF (Minist\u00e9rio P\u00fablico Federal) encaminhou um\u00a0<a rel=\"noreferrer noopener\" href=\"https:\/\/agenciainfra.us14.list-manage.com\/track\/click?u=d460dd1bcf9ba0ae040e1fc0f&amp;id=b9479d5031&amp;e=c099169394\" target=\"_blank\">of\u00edcio<\/a>\u00a0\u00e0 ANEEL (Ag\u00eancia Nacional de Energia El\u00e9trica) requerendo a documenta\u00e7\u00e3o t\u00e9cnica e jur\u00eddica que fundamentou a proposta at\u00e9 agora apresentada pela ag\u00eancia reguladora sobre abertura de processos de RTE (Revis\u00e3o Tarif\u00e1ria Extraordin\u00e1ria) por preju\u00edzos ocasionados pela pandemia.<br><br>O pedido foi feito pelo subprocurador-geral da Rep\u00fablica, Luiz Augusto Santos Lima, coordenador da 3\u00aa C\u00e2mara de Coordena\u00e7\u00e3o e Revis\u00e3o do \u00f3rg\u00e3o, que trata de defesa do consumidor, concorr\u00eancia e regula\u00e7\u00e3o da atividade econ\u00f4mica.<br><br><strong>Advogados viram atitude com reserva<\/strong><br>Advogados que atuam no setor el\u00e9trico consultados pela\u00a0<strong>Ag\u00eancia iNFRA<\/strong>\u00a0manifestaram preocupa\u00e7\u00e3o sobre o envolvimento de \u00f3rg\u00e3os como o MPF e TCU (Tribunal de Contas da Uni\u00e3o) em um momento em que a ag\u00eancia reguladora ainda n\u00e3o apresentou as condi\u00e7\u00f5es efetivas para requerimento do reequil\u00edbrio dos contratos das distribuidoras.<br><br>\u201cEu vejo com reserva [o envolvimento de outros \u00f3rg\u00e3os]. Mas acho que tem um momento adequado. Esse tema estava em fase de debate em consulta p\u00fablica e as contribui\u00e7\u00f5es que foram apresentadas est\u00e3o sendo objeto de an\u00e1lise pelo regulador\u201d, afirmou o presidente da Comiss\u00e3o Nacional de Energia da OAB (Ordem dos Advogados do Brasil), Gustavo De Marchi.<br><br>\u201cQualquer envolvimento neste momento de outros \u00f3rg\u00e3os, como Minist\u00e9rio P\u00fablico, TCU, seria uma interfer\u00eancia, no m\u00ednimo, prematura. Externar preocupa\u00e7\u00e3o \u00e9 uma coisa, mas temos que respeitar o poder discricion\u00e1rio da ag\u00eancia. Ela est\u00e1 seguindo rigorosamente o rito [processual]\u201d, afirmou Marchi.\u00a0<br><br>Ainda no in\u00edcio do m\u00eas, o TCU foi instado a abrir uma auditoria sobre o reequil\u00edbrio desses contratos em um of\u00edcio enviado ao tribunal no in\u00edcio de outubro pela C\u00e2mara dos Deputados, temendo preju\u00edzos aos consumidores e alegando campanha \u201cmidi\u00e1tica\u201d das concession\u00e1rias.\u00a0<br><br>Para o advogado, as press\u00f5es externas podem ocasionar um cen\u00e1rio em que as discuss\u00f5es superem o \u00e2mbito regulat\u00f3rio.<br><br>\u201cCertamente, o que motivou [a a\u00e7\u00e3o do MPF] foi a repercuss\u00e3o desse tema, tal qual aconteceu quando se discutiam no \u00e2mbito da ag\u00eancia as regras sobre gera\u00e7\u00e3o distribu\u00edda. Houve a mesma manifesta\u00e7\u00e3o, decorrente do mesmo \u00f3rg\u00e3o. Havia um car\u00e1ter t\u00e9cnico e passou a ter um car\u00e1ter midi\u00e1tico, pol\u00edtico, saindo da esfera da ag\u00eancia\u201d, diz. \u201cPreocupa-me em que medida isso n\u00e3o afetaria discricionariedade da ag\u00eancia em deliberar sobre o tema\u201d, pontua.\u00a0<br><br><strong>Pouco usual<\/strong><br>O s\u00f3cio da Lefosse Advogados, Eduardo Carvalhaes, tamb\u00e9m demonstra temores similares acerca do envolvimento de \u00f3rg\u00e3os externos de controle e acrescenta que a manifesta\u00e7\u00e3o do MPF, ainda que em forma de of\u00edcio, j\u00e1 abre margem \u00e0 interpreta\u00e7\u00f5es de prejulgamento por parte da institui\u00e7\u00e3o.<br><br>\u201cDe uma forma geral, o MP tem papel de fiscalizar, de controle externo. Quando ele vai e demonstra uma posi\u00e7\u00e3o antes de saber as condi\u00e7\u00f5es do reequil\u00edbrio, muito embora o of\u00edcio n\u00e3o seja indicativo de uma posi\u00e7\u00e3o t\u00e3o clara, mostra uma inclina\u00e7\u00e3o a talvez questionar o reequil\u00edbrio financeiro das empresas\u201d, aponta o advogado.\u00a0<br><br>Para ele, o posicionamento desses \u00f3rg\u00e3os quando ainda n\u00e3o se tem uma delibera\u00e7\u00e3o formada pela ag\u00eancia reguladora pode ser visto como uma forma de influ\u00eancia sobre o que a ANEEL pode vir a decidir.<br><br>\u201cO MP n\u00e3o \u00e9 o ente regulador de energia el\u00e9trica. Ele \u00e9 fiscalizador da administra\u00e7\u00e3o p\u00fablica. E, nesse sentido, quando houver ind\u00edcios de desvio de conduta, faz sentido a\u00e7\u00f5es que investiguem, proposi\u00e7\u00e3o de a\u00e7\u00f5es. Mas em um debate amplo e t\u00e9cnico, em princ\u00edpio, n\u00e3o \u00e9 comum esse tipo de manifesta\u00e7\u00e3o, que pode, sim, ser interpretado como forma de influ\u00eancia e press\u00e3o sobre o ente regulador\u201d, ressalta.\u00a0<br><br><strong>Grande desafio<\/strong><br>Encerrada na \u00faltima semana, a CP 35 tem gerado forte debate entre agentes de distribui\u00e7\u00e3o e a ANEEL. De um lado, as distribuidoras pressionam por melhores condi\u00e7\u00f5es para requerer o reequil\u00edbrio de seus contratos; de outro, a ag\u00eancia reguladora tem refor\u00e7ado que ter\u00e1 um olhar diante da concess\u00e3o como um todo, e n\u00e3o de meses pontuais de preju\u00edzo das empresas.\u00a0<br><br>Nesse sentido, os advogados ressaltam que a ANEEL ter\u00e1 o dif\u00edcil desafio de tomar uma decis\u00e3o equilibrada que leve em conta, tamb\u00e9m, a singularidade da crise provocada pela pandemia.\u00a0<br><br>\u201cAcho que a discuss\u00e3o tem residido muito no aspecto jur\u00eddico, sendo que h\u00e1 outros fatores importantes a serem contemplados. Acho que o tom beligerante que foi adotado n\u00e3o ajuda em nada. \u00c9 momento de erguer a \u2018bandeira branca\u2019 para restabelecer o di\u00e1logo. H\u00e1 uma ansiedade muito grande\u201d, analisa Gustavo De Marchi.\u00a0<br><br>Para Carvalhaes, os posicionamentos da ag\u00eancia e das distribuidoras n\u00e3o s\u00e3o triviais\u00a0e permitem doses de interpreta\u00e7\u00e3o acerca de qual lado, poder concedente ou empresas, deve assumir o risco em casos como o da pandemia. \u201cNuma situa\u00e7\u00e3o concreta, como a da Covid, isso seria risco de demanda ou um caso fortuito de for\u00e7a maior. \u00c9 algo que demanda interpreta\u00e7\u00e3o\u201d, ressalta.<\/p>\n","protected":false},"excerpt":{"rendered":"<p>Nestor Rabello,&nbsp;da Ag\u00eancia iNFRA Em meio a um debate acirrado acerca das condi\u00e7\u00f5es do reequil\u00edbrio dos contratos das distribuidoras, a atua\u00e7\u00e3o antecipada de \u00f3rg\u00e3os externos em uma fase ainda preliminar da CP (Consulta P\u00fablica) 35 joga ainda mais press\u00e3o sobre o tema. Na \u00faltima quarta-feira (14), o MPF (Minist\u00e9rio P\u00fablico Federal) encaminhou um\u00a0of\u00edcio\u00a0\u00e0 ANEEL (Ag\u00eancia [&hellip;]<\/p>\n","protected":false},"author":9,"featured_media":6173,"comment_status":"closed","ping_status":"closed","sticky":false,"template":"","format":"standard","meta":{"_monsterinsights_skip_tracking":false,"_monsterinsights_sitenote_active":false,"_monsterinsights_sitenote_note":"","_monsterinsights_sitenote_category":0,"footnotes":""},"categories":[1,10],"tags":[53,2791,2790,292,2856,1468,2855,2853,843,524,2854,1938,2043,18],"class_list":["post-6172","post","type-post","status-publish","format-standard","has-post-thumbnail","hentry","category-geral","category-infraenergia","tag-aneel","tag-consulta-publica-35","tag-cp-35","tag-distribuidoras","tag-eduardo-carvalhaes","tag-gustavo-de-marchi","tag-lefosse-advogados","tag-luiz-augusto-santos-lima","tag-ministerio-publico-federal","tag-mpf","tag-oab","tag-reequilibrio","tag-rte","tag-tcu"],"yoast_head":"<!-- This site is optimized with the Yoast SEO Premium plugin v25.4 (Yoast SEO v26.0) - https:\/\/yoast.com\/wordpress\/plugins\/seo\/ -->\n<title>MPF entra na discuss\u00e3o sobre o reequil\u00edbrio das distribuidoras e eleva press\u00e3o sobre o tema - Ag\u00eancia iNFRA<\/title>\n<meta name=\"robots\" content=\"index, follow, max-snippet:-1, max-image-preview:large, max-video-preview:-1\" \/>\n<link rel=\"canonical\" href=\"https:\/\/agenciainfra.com\/blog\/mpf-entra-na-discussao-sobre-o-reequilibrio-das-distribuidoras-e-eleva-pressao-sobre-o-tema\/\" \/>\n<meta property=\"og:locale\" content=\"pt_BR\" \/>\n<meta property=\"og:type\" content=\"article\" \/>\n<meta property=\"og:title\" content=\"MPF entra na discuss\u00e3o sobre o reequil\u00edbrio das distribuidoras e eleva press\u00e3o sobre o tema\" \/>\n<meta property=\"og:description\" content=\"Nestor Rabello,&nbsp;da Ag\u00eancia iNFRA Em meio a um debate acirrado acerca das condi\u00e7\u00f5es do reequil\u00edbrio dos contratos das distribuidoras, a atua\u00e7\u00e3o antecipada de \u00f3rg\u00e3os externos em uma fase ainda preliminar da CP (Consulta P\u00fablica) 35 joga ainda mais press\u00e3o sobre o tema. Na \u00faltima quarta-feira (14), o MPF (Minist\u00e9rio P\u00fablico Federal) encaminhou um\u00a0of\u00edcio\u00a0\u00e0 ANEEL (Ag\u00eancia [&hellip;]\" \/>\n<meta property=\"og:url\" content=\"https:\/\/agenciainfra.com\/blog\/mpf-entra-na-discussao-sobre-o-reequilibrio-das-distribuidoras-e-eleva-pressao-sobre-o-tema\/\" \/>\n<meta property=\"og:site_name\" content=\"Ag\u00eancia iNFRA\" \/>\n<meta property=\"article:publisher\" content=\"https:\/\/www.facebook.com\/ageninfra\" \/>\n<meta property=\"article:published_time\" content=\"2020-10-20T11:00:47+00:00\" \/>\n<meta property=\"og:image\" content=\"https:\/\/agenciainfra.com\/blog\/wp-content\/uploads\/2020\/10\/procuradoria-geral-da-republica-foto-joao-americo-PGR.jpg\" \/>\n\t<meta property=\"og:image:width\" content=\"1280\" \/>\n\t<meta property=\"og:image:height\" content=\"725\" \/>\n\t<meta property=\"og:image:type\" content=\"image\/jpeg\" \/>\n<meta name=\"author\" content=\"Rodrigo Zuquim\" \/>\n<meta name=\"twitter:card\" content=\"summary_large_image\" \/>\n<meta name=\"twitter:creator\" content=\"@agencia_infra\" \/>\n<meta name=\"twitter:site\" content=\"@agencia_infra\" \/>\n<meta name=\"twitter:label1\" content=\"Escrito por\" \/>\n\t<meta name=\"twitter:data1\" content=\"Rodrigo Zuquim\" \/>\n\t<meta name=\"twitter:label2\" content=\"Est. tempo de leitura\" \/>\n\t<meta name=\"twitter:data2\" content=\"5 minutos\" \/>\n<script type=\"application\/ld+json\" class=\"yoast-schema-graph\">{\"@context\":\"https:\/\/schema.org\",\"@graph\":[{\"@type\":\"Article\",\"@id\":\"https:\/\/agenciainfra.com\/blog\/mpf-entra-na-discussao-sobre-o-reequilibrio-das-distribuidoras-e-eleva-pressao-sobre-o-tema\/#article\",\"isPartOf\":{\"@id\":\"https:\/\/agenciainfra.com\/blog\/mpf-entra-na-discussao-sobre-o-reequilibrio-das-distribuidoras-e-eleva-pressao-sobre-o-tema\/\"},\"author\":{\"name\":\"Rodrigo Zuquim\",\"@id\":\"https:\/\/agenciainfra.com\/blog\/#\/schema\/person\/04dbb79bd6d8951f063da71f3e4c1eb1\"},\"headline\":\"MPF entra na discuss\u00e3o sobre o reequil\u00edbrio das distribuidoras e eleva press\u00e3o sobre o tema\",\"datePublished\":\"2020-10-20T11:00:47+00:00\",\"mainEntityOfPage\":{\"@id\":\"https:\/\/agenciainfra.com\/blog\/mpf-entra-na-discussao-sobre-o-reequilibrio-das-distribuidoras-e-eleva-pressao-sobre-o-tema\/\"},\"wordCount\":950,\"publisher\":{\"@id\":\"https:\/\/agenciainfra.com\/blog\/#organization\"},\"image\":{\"@id\":\"https:\/\/agenciainfra.com\/blog\/mpf-entra-na-discussao-sobre-o-reequilibrio-das-distribuidoras-e-eleva-pressao-sobre-o-tema\/#primaryimage\"},\"thumbnailUrl\":\"https:\/\/agenciainfra.com\/blog\/wp-content\/uploads\/2020\/10\/procuradoria-geral-da-republica-foto-joao-americo-PGR.jpg\",\"keywords\":[\"ANEEL\",\"Consulta P\u00fablica 35\",\"CP 35\",\"distribuidoras\",\"Eduardo Carvalhaes\",\"Gustavo De Marchi\",\"Lefosse Advogados\",\"Luiz Augusto Santos Lima\",\"Minist\u00e9rio P\u00fablico Federal\",\"MPF\",\"OAB\",\"reequil\u00edbrio\",\"RTE\",\"TCU\"],\"articleSection\":[\"Geral\",\"iNFRAEnergia\"],\"inLanguage\":\"pt-BR\",\"copyrightYear\":\"2020\",\"copyrightHolder\":{\"@id\":\"https:\/\/agenciainfra.com\/blog\/#organization\"}},{\"@type\":\"WebPage\",\"@id\":\"https:\/\/agenciainfra.com\/blog\/mpf-entra-na-discussao-sobre-o-reequilibrio-das-distribuidoras-e-eleva-pressao-sobre-o-tema\/\",\"url\":\"https:\/\/agenciainfra.com\/blog\/mpf-entra-na-discussao-sobre-o-reequilibrio-das-distribuidoras-e-eleva-pressao-sobre-o-tema\/\",\"name\":\"MPF entra na discuss\u00e3o sobre o reequil\u00edbrio das distribuidoras e eleva press\u00e3o sobre o tema - Ag\u00eancia iNFRA\",\"isPartOf\":{\"@id\":\"https:\/\/agenciainfra.com\/blog\/#website\"},\"primaryImageOfPage\":{\"@id\":\"https:\/\/agenciainfra.com\/blog\/mpf-entra-na-discussao-sobre-o-reequilibrio-das-distribuidoras-e-eleva-pressao-sobre-o-tema\/#primaryimage\"},\"image\":{\"@id\":\"https:\/\/agenciainfra.com\/blog\/mpf-entra-na-discussao-sobre-o-reequilibrio-das-distribuidoras-e-eleva-pressao-sobre-o-tema\/#primaryimage\"},\"thumbnailUrl\":\"https:\/\/agenciainfra.com\/blog\/wp-content\/uploads\/2020\/10\/procuradoria-geral-da-republica-foto-joao-americo-PGR.jpg\",\"datePublished\":\"2020-10-20T11:00:47+00:00\",\"breadcrumb\":{\"@id\":\"https:\/\/agenciainfra.com\/blog\/mpf-entra-na-discussao-sobre-o-reequilibrio-das-distribuidoras-e-eleva-pressao-sobre-o-tema\/#breadcrumb\"},\"inLanguage\":\"pt-BR\",\"potentialAction\":[{\"@type\":\"ReadAction\",\"target\":[\"https:\/\/agenciainfra.com\/blog\/mpf-entra-na-discussao-sobre-o-reequilibrio-das-distribuidoras-e-eleva-pressao-sobre-o-tema\/\"]}]},{\"@type\":\"ImageObject\",\"inLanguage\":\"pt-BR\",\"@id\":\"https:\/\/agenciainfra.com\/blog\/mpf-entra-na-discussao-sobre-o-reequilibrio-das-distribuidoras-e-eleva-pressao-sobre-o-tema\/#primaryimage\",\"url\":\"https:\/\/agenciainfra.com\/blog\/wp-content\/uploads\/2020\/10\/procuradoria-geral-da-republica-foto-joao-americo-PGR.jpg\",\"contentUrl\":\"https:\/\/agenciainfra.com\/blog\/wp-content\/uploads\/2020\/10\/procuradoria-geral-da-republica-foto-joao-americo-PGR.jpg\",\"width\":1280,\"height\":725,\"caption\":\"Foto: Jo\u00e3o Am\u00e9rico\/PGR\"},{\"@type\":\"BreadcrumbList\",\"@id\":\"https:\/\/agenciainfra.com\/blog\/mpf-entra-na-discussao-sobre-o-reequilibrio-das-distribuidoras-e-eleva-pressao-sobre-o-tema\/#breadcrumb\",\"itemListElement\":[{\"@type\":\"ListItem\",\"position\":1,\"name\":\"In\u00edcio\",\"item\":\"https:\/\/agenciainfra.com\/blog\/\"},{\"@type\":\"ListItem\",\"position\":2,\"name\":\"MPF entra na discuss\u00e3o sobre o reequil\u00edbrio das distribuidoras e eleva press\u00e3o sobre o tema\"}]},{\"@type\":\"WebSite\",\"@id\":\"https:\/\/agenciainfra.com\/blog\/#website\",\"url\":\"https:\/\/agenciainfra.com\/blog\/\",\"name\":\"Ag\u00eancia iNFRA\",\"description\":\"Multiplataforma de informa\u00e7\u00e3o jornal\u00edstica refer\u00eancia na \u00e1rea de infraestrutura no Brasil!\",\"publisher\":{\"@id\":\"https:\/\/agenciainfra.com\/blog\/#organization\"},\"potentialAction\":[{\"@type\":\"SearchAction\",\"target\":{\"@type\":\"EntryPoint\",\"urlTemplate\":\"https:\/\/agenciainfra.com\/blog\/?s={search_term_string}\"},\"query-input\":{\"@type\":\"PropertyValueSpecification\",\"valueRequired\":true,\"valueName\":\"search_term_string\"}}],\"inLanguage\":\"pt-BR\"},{\"@type\":\"Organization\",\"@id\":\"https:\/\/agenciainfra.com\/blog\/#organization\",\"name\":\"Ag\u00eancia iNFRA\",\"url\":\"https:\/\/agenciainfra.com\/blog\/\",\"logo\":{\"@type\":\"ImageObject\",\"inLanguage\":\"pt-BR\",\"@id\":\"https:\/\/agenciainfra.com\/blog\/#\/schema\/logo\/image\/\",\"url\":\"https:\/\/agenciainfra.com\/blog\/wp-content\/uploads\/2023\/09\/iNFRA_5-e1761735885940.png\",\"contentUrl\":\"https:\/\/agenciainfra.com\/blog\/wp-content\/uploads\/2023\/09\/iNFRA_5-e1761735885940.png\",\"width\":1672,\"height\":454,\"caption\":\"Ag\u00eancia iNFRA\"},\"image\":{\"@id\":\"https:\/\/agenciainfra.com\/blog\/#\/schema\/logo\/image\/\"},\"sameAs\":[\"https:\/\/www.facebook.com\/ageninfra\",\"https:\/\/x.com\/agencia_infra\",\"https:\/\/www.linkedin.com\/company\/ag\u00eanciainfra\/\",\"https:\/\/www.instagram.com\/agenciainfra\/\"]},{\"@type\":\"Person\",\"@id\":\"https:\/\/agenciainfra.com\/blog\/#\/schema\/person\/04dbb79bd6d8951f063da71f3e4c1eb1\",\"name\":\"Rodrigo Zuquim\",\"image\":{\"@type\":\"ImageObject\",\"inLanguage\":\"pt-BR\",\"@id\":\"https:\/\/agenciainfra.com\/blog\/#\/schema\/person\/image\/\",\"url\":\"https:\/\/secure.gravatar.com\/avatar\/594abfe82761d620726242ff34ca472a705a4b97f16c790053a6b4c4035274d0?s=96&d=mm&r=g\",\"contentUrl\":\"https:\/\/secure.gravatar.com\/avatar\/594abfe82761d620726242ff34ca472a705a4b97f16c790053a6b4c4035274d0?s=96&d=mm&r=g\",\"caption\":\"Rodrigo Zuquim\"},\"url\":\"https:\/\/agenciainfra.com\/blog\/author\/rodrigo-zuquim\/\"}]}<\/script>\n<!-- \/ Yoast SEO Premium plugin. -->","yoast_head_json":{"title":"MPF entra na discuss\u00e3o sobre o reequil\u00edbrio das distribuidoras e eleva press\u00e3o sobre o tema - Ag\u00eancia iNFRA","robots":{"index":"index","follow":"follow","max-snippet":"max-snippet:-1","max-image-preview":"max-image-preview:large","max-video-preview":"max-video-preview:-1"},"canonical":"https:\/\/agenciainfra.com\/blog\/mpf-entra-na-discussao-sobre-o-reequilibrio-das-distribuidoras-e-eleva-pressao-sobre-o-tema\/","og_locale":"pt_BR","og_type":"article","og_title":"MPF entra na discuss\u00e3o sobre o reequil\u00edbrio das distribuidoras e eleva press\u00e3o sobre o tema","og_description":"Nestor Rabello,&nbsp;da Ag\u00eancia iNFRA Em meio a um debate acirrado acerca das condi\u00e7\u00f5es do reequil\u00edbrio dos contratos das distribuidoras, a atua\u00e7\u00e3o antecipada de \u00f3rg\u00e3os externos em uma fase ainda preliminar da CP (Consulta P\u00fablica) 35 joga ainda mais press\u00e3o sobre o tema. Na \u00faltima quarta-feira (14), o MPF (Minist\u00e9rio P\u00fablico Federal) encaminhou um\u00a0of\u00edcio\u00a0\u00e0 ANEEL (Ag\u00eancia [&hellip;]","og_url":"https:\/\/agenciainfra.com\/blog\/mpf-entra-na-discussao-sobre-o-reequilibrio-das-distribuidoras-e-eleva-pressao-sobre-o-tema\/","og_site_name":"Ag\u00eancia iNFRA","article_publisher":"https:\/\/www.facebook.com\/ageninfra","article_published_time":"2020-10-20T11:00:47+00:00","og_image":[{"width":1280,"height":725,"url":"https:\/\/agenciainfra.com\/blog\/wp-content\/uploads\/2020\/10\/procuradoria-geral-da-republica-foto-joao-americo-PGR.jpg","type":"image\/jpeg"}],"author":"Rodrigo Zuquim","twitter_card":"summary_large_image","twitter_creator":"@agencia_infra","twitter_site":"@agencia_infra","twitter_misc":{"Escrito por":"Rodrigo Zuquim","Est. tempo de leitura":"5 minutos"},"schema":{"@context":"https:\/\/schema.org","@graph":[{"@type":"Article","@id":"https:\/\/agenciainfra.com\/blog\/mpf-entra-na-discussao-sobre-o-reequilibrio-das-distribuidoras-e-eleva-pressao-sobre-o-tema\/#article","isPartOf":{"@id":"https:\/\/agenciainfra.com\/blog\/mpf-entra-na-discussao-sobre-o-reequilibrio-das-distribuidoras-e-eleva-pressao-sobre-o-tema\/"},"author":{"name":"Rodrigo Zuquim","@id":"https:\/\/agenciainfra.com\/blog\/#\/schema\/person\/04dbb79bd6d8951f063da71f3e4c1eb1"},"headline":"MPF entra na discuss\u00e3o sobre o reequil\u00edbrio das distribuidoras e eleva press\u00e3o sobre o tema","datePublished":"2020-10-20T11:00:47+00:00","mainEntityOfPage":{"@id":"https:\/\/agenciainfra.com\/blog\/mpf-entra-na-discussao-sobre-o-reequilibrio-das-distribuidoras-e-eleva-pressao-sobre-o-tema\/"},"wordCount":950,"publisher":{"@id":"https:\/\/agenciainfra.com\/blog\/#organization"},"image":{"@id":"https:\/\/agenciainfra.com\/blog\/mpf-entra-na-discussao-sobre-o-reequilibrio-das-distribuidoras-e-eleva-pressao-sobre-o-tema\/#primaryimage"},"thumbnailUrl":"https:\/\/agenciainfra.com\/blog\/wp-content\/uploads\/2020\/10\/procuradoria-geral-da-republica-foto-joao-americo-PGR.jpg","keywords":["ANEEL","Consulta P\u00fablica 35","CP 35","distribuidoras","Eduardo Carvalhaes","Gustavo De Marchi","Lefosse Advogados","Luiz Augusto Santos Lima","Minist\u00e9rio P\u00fablico Federal","MPF","OAB","reequil\u00edbrio","RTE","TCU"],"articleSection":["Geral","iNFRAEnergia"],"inLanguage":"pt-BR","copyrightYear":"2020","copyrightHolder":{"@id":"https:\/\/agenciainfra.com\/blog\/#organization"}},{"@type":"WebPage","@id":"https:\/\/agenciainfra.com\/blog\/mpf-entra-na-discussao-sobre-o-reequilibrio-das-distribuidoras-e-eleva-pressao-sobre-o-tema\/","url":"https:\/\/agenciainfra.com\/blog\/mpf-entra-na-discussao-sobre-o-reequilibrio-das-distribuidoras-e-eleva-pressao-sobre-o-tema\/","name":"MPF entra na discuss\u00e3o sobre o reequil\u00edbrio das distribuidoras e eleva press\u00e3o sobre o tema - Ag\u00eancia iNFRA","isPartOf":{"@id":"https:\/\/agenciainfra.com\/blog\/#website"},"primaryImageOfPage":{"@id":"https:\/\/agenciainfra.com\/blog\/mpf-entra-na-discussao-sobre-o-reequilibrio-das-distribuidoras-e-eleva-pressao-sobre-o-tema\/#primaryimage"},"image":{"@id":"https:\/\/agenciainfra.com\/blog\/mpf-entra-na-discussao-sobre-o-reequilibrio-das-distribuidoras-e-eleva-pressao-sobre-o-tema\/#primaryimage"},"thumbnailUrl":"https:\/\/agenciainfra.com\/blog\/wp-content\/uploads\/2020\/10\/procuradoria-geral-da-republica-foto-joao-americo-PGR.jpg","datePublished":"2020-10-20T11:00:47+00:00","breadcrumb":{"@id":"https:\/\/agenciainfra.com\/blog\/mpf-entra-na-discussao-sobre-o-reequilibrio-das-distribuidoras-e-eleva-pressao-sobre-o-tema\/#breadcrumb"},"inLanguage":"pt-BR","potentialAction":[{"@type":"ReadAction","target":["https:\/\/agenciainfra.com\/blog\/mpf-entra-na-discussao-sobre-o-reequilibrio-das-distribuidoras-e-eleva-pressao-sobre-o-tema\/"]}]},{"@type":"ImageObject","inLanguage":"pt-BR","@id":"https:\/\/agenciainfra.com\/blog\/mpf-entra-na-discussao-sobre-o-reequilibrio-das-distribuidoras-e-eleva-pressao-sobre-o-tema\/#primaryimage","url":"https:\/\/agenciainfra.com\/blog\/wp-content\/uploads\/2020\/10\/procuradoria-geral-da-republica-foto-joao-americo-PGR.jpg","contentUrl":"https:\/\/agenciainfra.com\/blog\/wp-content\/uploads\/2020\/10\/procuradoria-geral-da-republica-foto-joao-americo-PGR.jpg","width":1280,"height":725,"caption":"Foto: Jo\u00e3o Am\u00e9rico\/PGR"},{"@type":"BreadcrumbList","@id":"https:\/\/agenciainfra.com\/blog\/mpf-entra-na-discussao-sobre-o-reequilibrio-das-distribuidoras-e-eleva-pressao-sobre-o-tema\/#breadcrumb","itemListElement":[{"@type":"ListItem","position":1,"name":"In\u00edcio","item":"https:\/\/agenciainfra.com\/blog\/"},{"@type":"ListItem","position":2,"name":"MPF entra na discuss\u00e3o sobre o reequil\u00edbrio das distribuidoras e eleva press\u00e3o sobre o tema"}]},{"@type":"WebSite","@id":"https:\/\/agenciainfra.com\/blog\/#website","url":"https:\/\/agenciainfra.com\/blog\/","name":"Ag\u00eancia iNFRA","description":"Multiplataforma de informa\u00e7\u00e3o jornal\u00edstica refer\u00eancia na \u00e1rea de infraestrutura no Brasil!","publisher":{"@id":"https:\/\/agenciainfra.com\/blog\/#organization"},"potentialAction":[{"@type":"SearchAction","target":{"@type":"EntryPoint","urlTemplate":"https:\/\/agenciainfra.com\/blog\/?s={search_term_string}"},"query-input":{"@type":"PropertyValueSpecification","valueRequired":true,"valueName":"search_term_string"}}],"inLanguage":"pt-BR"},{"@type":"Organization","@id":"https:\/\/agenciainfra.com\/blog\/#organization","name":"Ag\u00eancia iNFRA","url":"https:\/\/agenciainfra.com\/blog\/","logo":{"@type":"ImageObject","inLanguage":"pt-BR","@id":"https:\/\/agenciainfra.com\/blog\/#\/schema\/logo\/image\/","url":"https:\/\/agenciainfra.com\/blog\/wp-content\/uploads\/2023\/09\/iNFRA_5-e1761735885940.png","contentUrl":"https:\/\/agenciainfra.com\/blog\/wp-content\/uploads\/2023\/09\/iNFRA_5-e1761735885940.png","width":1672,"height":454,"caption":"Ag\u00eancia iNFRA"},"image":{"@id":"https:\/\/agenciainfra.com\/blog\/#\/schema\/logo\/image\/"},"sameAs":["https:\/\/www.facebook.com\/ageninfra","https:\/\/x.com\/agencia_infra","https:\/\/www.linkedin.com\/company\/ag\u00eanciainfra\/","https:\/\/www.instagram.com\/agenciainfra\/"]},{"@type":"Person","@id":"https:\/\/agenciainfra.com\/blog\/#\/schema\/person\/04dbb79bd6d8951f063da71f3e4c1eb1","name":"Rodrigo Zuquim","image":{"@type":"ImageObject","inLanguage":"pt-BR","@id":"https:\/\/agenciainfra.com\/blog\/#\/schema\/person\/image\/","url":"https:\/\/secure.gravatar.com\/avatar\/594abfe82761d620726242ff34ca472a705a4b97f16c790053a6b4c4035274d0?s=96&d=mm&r=g","contentUrl":"https:\/\/secure.gravatar.com\/avatar\/594abfe82761d620726242ff34ca472a705a4b97f16c790053a6b4c4035274d0?s=96&d=mm&r=g","caption":"Rodrigo Zuquim"},"url":"https:\/\/agenciainfra.com\/blog\/author\/rodrigo-zuquim\/"}]}},"_links":{"self":[{"href":"https:\/\/agenciainfra.com\/blog\/wp-json\/wp\/v2\/posts\/6172","targetHints":{"allow":["GET"]}}],"collection":[{"href":"https:\/\/agenciainfra.com\/blog\/wp-json\/wp\/v2\/posts"}],"about":[{"href":"https:\/\/agenciainfra.com\/blog\/wp-json\/wp\/v2\/types\/post"}],"author":[{"embeddable":true,"href":"https:\/\/agenciainfra.com\/blog\/wp-json\/wp\/v2\/users\/9"}],"replies":[{"embeddable":true,"href":"https:\/\/agenciainfra.com\/blog\/wp-json\/wp\/v2\/comments?post=6172"}],"version-history":[{"count":0,"href":"https:\/\/agenciainfra.com\/blog\/wp-json\/wp\/v2\/posts\/6172\/revisions"}],"wp:featuredmedia":[{"embeddable":true,"href":"https:\/\/agenciainfra.com\/blog\/wp-json\/wp\/v2\/media\/6173"}],"wp:attachment":[{"href":"https:\/\/agenciainfra.com\/blog\/wp-json\/wp\/v2\/media?parent=6172"}],"wp:term":[{"taxonomy":"category","embeddable":true,"href":"https:\/\/agenciainfra.com\/blog\/wp-json\/wp\/v2\/categories?post=6172"},{"taxonomy":"post_tag","embeddable":true,"href":"https:\/\/agenciainfra.com\/blog\/wp-json\/wp\/v2\/tags?post=6172"}],"curies":[{"name":"wp","href":"https:\/\/api.w.org\/{rel}","templated":true}]}}