{"id":6175,"date":"2020-10-21T08:00:22","date_gmt":"2020-10-21T11:00:22","guid":{"rendered":"https:\/\/www.agenciainfra.com\/blog\/?p=6175"},"modified":"2020-10-20T11:54:38","modified_gmt":"2020-10-20T14:54:38","slug":"disputa-no-transporte-interestadual-de-passageiros-trava-indicacoes-para-diretoria-da-antt","status":"publish","type":"post","link":"https:\/\/agenciainfra.com\/blog\/disputa-no-transporte-interestadual-de-passageiros-trava-indicacoes-para-diretoria-da-antt\/","title":{"rendered":"Disputa no transporte interestadual de passageiros trava indica\u00e7\u00f5es para diretoria da ANTT"},"content":{"rendered":"\n<hr class=\"wp-block-separator\"\/>\n\n\n\n<p class=\"has-text-align-right\"><strong>Dimmi Amora, da&nbsp;Ag\u00eancia iNFRA<\/strong><\/p>\n\n\n\n<p>A disputa pol\u00edtica em rela\u00e7\u00e3o \u00e0 abertura do mercado do transporte rodovi\u00e1rio interestadual de passageiros \u00e9 o motivo pelo qual o governo n\u00e3o encaminhou nomes para serem avaliados pelo Senado para ocupar vagas na ANTT (Ag\u00eancia Nacional de Transportes Terrestres).<br><br>Das tr\u00eas ag\u00eancias ligadas ao Minist\u00e9rio da Infraestrutura, a ANTT foi a \u00fanica que n\u00e3o teve nomes enviados ao Senado na semana passada para as sabatinas e vota\u00e7\u00f5es desta semana. A ag\u00eancia tem duas vagas abertas desde o in\u00edcio do ano e est\u00e1 sem diretor-geral nomeado.<br><br>O atual diretor-geral substituto, Marcelo Vinaud, deixar\u00e1 o cargo em fevereiro de 2021, assim como o diretor Weber Ciloni. Com isso, caso n\u00e3o haja nomes aprovados pelo Senado at\u00e9 l\u00e1, a ag\u00eancia ter\u00e1 apenas um nome aprovado, o diretor Davi Barreto, que iniciou seu mandato em 2019.<br><br>O nome de Barreto \u00e9 o preferido do ministro Tarc\u00edsio de Freitas para ocupar a diretoria-geral da ag\u00eancia. Servidor do TCU (Tribunal de Contas da Uni\u00e3o), ele tem tentando melhorar a rela\u00e7\u00e3o da ag\u00eancia com o \u00f3rg\u00e3o. Mas, pela nova lei do setor, ele ter\u00e1 que ser sabatinado pelo Senado para ocupar esse cargo. E \u00e9 nesse ponto que os problemas come\u00e7am.<br><br>Barreto foi quem patrocinou uma profunda mudan\u00e7a na ag\u00eancia no setor de transporte rodovi\u00e1rio interestadual de passageiros. Votos dele alteraram as regras de prote\u00e7\u00e3o do mercado que regiam o setor desde sempre.\u00a0<br><br>Seguindo direcionamento comum a v\u00e1rias \u00e1reas do governo que vem se consolidando h\u00e1 alguns anos, as empresas desde o ano passado podem pedir livremente para realizar linhas de transporte. Como no setor a\u00e9reo, a ag\u00eancia s\u00f3 avalia se ela cumpre requisitos, e, se estiver tudo de acordo, a permiss\u00e3o \u00e9 dada.<br><br>Empresas mais antigas e consolidadas do setor querem a volta de uma an\u00e1lise de viabilidade para a concess\u00e3o das linhas, ou seja, se um novo entrante vai ou n\u00e3o desestabilizar economicamente o mercado (o que era qualificado como concorr\u00eancia ruinosa). O tema tamb\u00e9m ser\u00e1 analisado pelo STF (Supremo Tribunal Federal) hoje (21).<br><br><strong>Forte apoiamento<\/strong><br>Essas empresas t\u00eam no Congresso em geral um forte apoiamento e j\u00e1 h\u00e1 at\u00e9 mesmo projetos de lei em tramita\u00e7\u00e3o para fazer com que a regra anterior volte. O senador Acir Gurgacz (PDT-RO), dono de empresas de \u00f4nibus, lidera o bloco de opositores. Os agentes dos minist\u00e9rios da Economia e da Infraestrutura t\u00eam trabalhado contra essas propostas.<br><br>Mas a disputa entre parte dos senadores e os ministros est\u00e1 influindo na indica\u00e7\u00e3o dos nomes para a ANTT, e, por isso, o presidente Bolsonaro decidiu n\u00e3o mandar os nomes enviados pelo ministro da Infraestrutura, Tarc\u00edsio de Freitas, para a sabatina. Sem acordo, essas indica\u00e7\u00f5es poderiam at\u00e9 mesmo influir nas sabatinas dos que foram apresentados para outras ag\u00eancias.<br><br>Al\u00e9m de Barreto para a diretoria-geral, Freitas tamb\u00e9m quer o nome de Alexandre Porto, que est\u00e1 ocupando a vaga como substituto na lista tr\u00edplice, como diretor efetivo.\u00a0<br><br>Porto \u00e9 servidor da ag\u00eancia e como superintendente do setor ferrovi\u00e1rio conduziu os processos de licita\u00e7\u00e3o e renova\u00e7\u00e3o antecipada do setor ferrovi\u00e1rio. Por isso, tem a confian\u00e7a do ministro para seguir como diretor.\u00a0<\/p>\n","protected":false},"excerpt":{"rendered":"<p>Dimmi Amora, da&nbsp;Ag\u00eancia iNFRA A disputa pol\u00edtica em rela\u00e7\u00e3o \u00e0 abertura do mercado do transporte rodovi\u00e1rio interestadual de passageiros \u00e9 o motivo pelo qual o governo n\u00e3o encaminhou nomes para serem avaliados pelo Senado para ocupar vagas na ANTT (Ag\u00eancia Nacional de Transportes Terrestres). Das tr\u00eas ag\u00eancias ligadas ao Minist\u00e9rio da Infraestrutura, a ANTT foi [&hellip;]<\/p>\n","protected":false},"author":9,"featured_media":6176,"comment_status":"closed","ping_status":"closed","sticky":false,"template":"","format":"standard","meta":{"_monsterinsights_skip_tracking":false,"_monsterinsights_sitenote_active":false,"_monsterinsights_sitenote_note":"","_monsterinsights_sitenote_category":0,"footnotes":""},"categories":[1,7],"tags":[2623,1910,19,1050,922,775,448,2526,902,1451],"class_list":["post-6175","post","type-post","status-publish","format-standard","has-post-thumbnail","hentry","category-geral","category-infratransporte","tag-acir-gurgacz","tag-alexandre-porto","tag-antt","tag-davi-barreto","tag-marcelo-vinaud","tag-ministerio-da-infraestrutura","tag-tarcisio-de-freitas","tag-transporte-de-passageiros","tag-transporte-rodoviario","tag-weber-ciloni"],"yoast_head":"<!-- This site is optimized with the Yoast SEO Premium plugin v25.4 (Yoast SEO v26.0) - https:\/\/yoast.com\/wordpress\/plugins\/seo\/ -->\n<title>Disputa no transporte interestadual de passageiros trava indica\u00e7\u00f5es para diretoria da ANTT - Ag\u00eancia iNFRA<\/title>\n<meta name=\"robots\" content=\"index, follow, max-snippet:-1, max-image-preview:large, max-video-preview:-1\" \/>\n<link rel=\"canonical\" href=\"https:\/\/agenciainfra.com\/blog\/disputa-no-transporte-interestadual-de-passageiros-trava-indicacoes-para-diretoria-da-antt\/\" \/>\n<meta property=\"og:locale\" content=\"pt_BR\" \/>\n<meta property=\"og:type\" content=\"article\" \/>\n<meta property=\"og:title\" content=\"Disputa no transporte interestadual de passageiros trava indica\u00e7\u00f5es para diretoria da ANTT\" \/>\n<meta property=\"og:description\" content=\"Dimmi Amora, da&nbsp;Ag\u00eancia iNFRA A disputa pol\u00edtica em rela\u00e7\u00e3o \u00e0 abertura do mercado do transporte rodovi\u00e1rio interestadual de passageiros \u00e9 o motivo pelo qual o governo n\u00e3o encaminhou nomes para serem avaliados pelo Senado para ocupar vagas na ANTT (Ag\u00eancia Nacional de Transportes Terrestres). Das tr\u00eas ag\u00eancias ligadas ao Minist\u00e9rio da Infraestrutura, a ANTT foi [&hellip;]\" \/>\n<meta property=\"og:url\" content=\"https:\/\/agenciainfra.com\/blog\/disputa-no-transporte-interestadual-de-passageiros-trava-indicacoes-para-diretoria-da-antt\/\" \/>\n<meta property=\"og:site_name\" content=\"Ag\u00eancia iNFRA\" \/>\n<meta property=\"article:publisher\" content=\"https:\/\/www.facebook.com\/ageninfra\" \/>\n<meta property=\"article:published_time\" content=\"2020-10-21T11:00:22+00:00\" \/>\n<meta property=\"og:image\" content=\"https:\/\/agenciainfra.com\/blog\/wp-content\/uploads\/2020\/10\/onibus-interestadual-foto-agerba.jpg\" \/>\n\t<meta property=\"og:image:width\" content=\"1280\" \/>\n\t<meta property=\"og:image:height\" content=\"720\" \/>\n\t<meta property=\"og:image:type\" content=\"image\/jpeg\" \/>\n<meta name=\"author\" content=\"Rodrigo Zuquim\" \/>\n<meta name=\"twitter:card\" content=\"summary_large_image\" \/>\n<meta name=\"twitter:creator\" content=\"@agencia_infra\" \/>\n<meta name=\"twitter:site\" content=\"@agencia_infra\" \/>\n<meta name=\"twitter:label1\" content=\"Escrito por\" \/>\n\t<meta name=\"twitter:data1\" content=\"Rodrigo Zuquim\" \/>\n\t<meta name=\"twitter:label2\" content=\"Est. tempo de leitura\" \/>\n\t<meta name=\"twitter:data2\" content=\"3 minutos\" \/>\n<script type=\"application\/ld+json\" class=\"yoast-schema-graph\">{\"@context\":\"https:\/\/schema.org\",\"@graph\":[{\"@type\":\"Article\",\"@id\":\"https:\/\/agenciainfra.com\/blog\/disputa-no-transporte-interestadual-de-passageiros-trava-indicacoes-para-diretoria-da-antt\/#article\",\"isPartOf\":{\"@id\":\"https:\/\/agenciainfra.com\/blog\/disputa-no-transporte-interestadual-de-passageiros-trava-indicacoes-para-diretoria-da-antt\/\"},\"author\":{\"name\":\"Rodrigo Zuquim\",\"@id\":\"https:\/\/agenciainfra.com\/blog\/#\/schema\/person\/04dbb79bd6d8951f063da71f3e4c1eb1\"},\"headline\":\"Disputa no transporte interestadual de passageiros trava indica\u00e7\u00f5es para diretoria da ANTT\",\"datePublished\":\"2020-10-21T11:00:22+00:00\",\"mainEntityOfPage\":{\"@id\":\"https:\/\/agenciainfra.com\/blog\/disputa-no-transporte-interestadual-de-passageiros-trava-indicacoes-para-diretoria-da-antt\/\"},\"wordCount\":570,\"publisher\":{\"@id\":\"https:\/\/agenciainfra.com\/blog\/#organization\"},\"image\":{\"@id\":\"https:\/\/agenciainfra.com\/blog\/disputa-no-transporte-interestadual-de-passageiros-trava-indicacoes-para-diretoria-da-antt\/#primaryimage\"},\"thumbnailUrl\":\"https:\/\/agenciainfra.com\/blog\/wp-content\/uploads\/2020\/10\/onibus-interestadual-foto-agerba.jpg\",\"keywords\":[\"Acir Gurgacz\",\"Alexandre Porto\",\"ANTT\",\"Davi Barreto\",\"Marcelo Vinaud\",\"Minist\u00e9rio da Infraestrutura\",\"Tarc\u00edsio de Freitas\",\"transporte de passageiros\",\"transporte rodovi\u00e1rio\",\"Weber Ciloni\"],\"articleSection\":[\"Geral\",\"iNFRATransporte\"],\"inLanguage\":\"pt-BR\",\"copyrightYear\":\"2020\",\"copyrightHolder\":{\"@id\":\"https:\/\/agenciainfra.com\/blog\/#organization\"}},{\"@type\":\"WebPage\",\"@id\":\"https:\/\/agenciainfra.com\/blog\/disputa-no-transporte-interestadual-de-passageiros-trava-indicacoes-para-diretoria-da-antt\/\",\"url\":\"https:\/\/agenciainfra.com\/blog\/disputa-no-transporte-interestadual-de-passageiros-trava-indicacoes-para-diretoria-da-antt\/\",\"name\":\"Disputa no transporte interestadual de passageiros trava indica\u00e7\u00f5es para diretoria da ANTT - Ag\u00eancia iNFRA\",\"isPartOf\":{\"@id\":\"https:\/\/agenciainfra.com\/blog\/#website\"},\"primaryImageOfPage\":{\"@id\":\"https:\/\/agenciainfra.com\/blog\/disputa-no-transporte-interestadual-de-passageiros-trava-indicacoes-para-diretoria-da-antt\/#primaryimage\"},\"image\":{\"@id\":\"https:\/\/agenciainfra.com\/blog\/disputa-no-transporte-interestadual-de-passageiros-trava-indicacoes-para-diretoria-da-antt\/#primaryimage\"},\"thumbnailUrl\":\"https:\/\/agenciainfra.com\/blog\/wp-content\/uploads\/2020\/10\/onibus-interestadual-foto-agerba.jpg\",\"datePublished\":\"2020-10-21T11:00:22+00:00\",\"breadcrumb\":{\"@id\":\"https:\/\/agenciainfra.com\/blog\/disputa-no-transporte-interestadual-de-passageiros-trava-indicacoes-para-diretoria-da-antt\/#breadcrumb\"},\"inLanguage\":\"pt-BR\",\"potentialAction\":[{\"@type\":\"ReadAction\",\"target\":[\"https:\/\/agenciainfra.com\/blog\/disputa-no-transporte-interestadual-de-passageiros-trava-indicacoes-para-diretoria-da-antt\/\"]}]},{\"@type\":\"ImageObject\",\"inLanguage\":\"pt-BR\",\"@id\":\"https:\/\/agenciainfra.com\/blog\/disputa-no-transporte-interestadual-de-passageiros-trava-indicacoes-para-diretoria-da-antt\/#primaryimage\",\"url\":\"https:\/\/agenciainfra.com\/blog\/wp-content\/uploads\/2020\/10\/onibus-interestadual-foto-agerba.jpg\",\"contentUrl\":\"https:\/\/agenciainfra.com\/blog\/wp-content\/uploads\/2020\/10\/onibus-interestadual-foto-agerba.jpg\",\"width\":1280,\"height\":720,\"caption\":\"Foto: Agerba\"},{\"@type\":\"BreadcrumbList\",\"@id\":\"https:\/\/agenciainfra.com\/blog\/disputa-no-transporte-interestadual-de-passageiros-trava-indicacoes-para-diretoria-da-antt\/#breadcrumb\",\"itemListElement\":[{\"@type\":\"ListItem\",\"position\":1,\"name\":\"In\u00edcio\",\"item\":\"https:\/\/agenciainfra.com\/blog\/\"},{\"@type\":\"ListItem\",\"position\":2,\"name\":\"Disputa no transporte interestadual de passageiros trava indica\u00e7\u00f5es para diretoria da ANTT\"}]},{\"@type\":\"WebSite\",\"@id\":\"https:\/\/agenciainfra.com\/blog\/#website\",\"url\":\"https:\/\/agenciainfra.com\/blog\/\",\"name\":\"Ag\u00eancia iNFRA\",\"description\":\"Multiplataforma de informa\u00e7\u00e3o jornal\u00edstica refer\u00eancia na \u00e1rea de infraestrutura no Brasil!\",\"publisher\":{\"@id\":\"https:\/\/agenciainfra.com\/blog\/#organization\"},\"potentialAction\":[{\"@type\":\"SearchAction\",\"target\":{\"@type\":\"EntryPoint\",\"urlTemplate\":\"https:\/\/agenciainfra.com\/blog\/?s={search_term_string}\"},\"query-input\":{\"@type\":\"PropertyValueSpecification\",\"valueRequired\":true,\"valueName\":\"search_term_string\"}}],\"inLanguage\":\"pt-BR\"},{\"@type\":\"Organization\",\"@id\":\"https:\/\/agenciainfra.com\/blog\/#organization\",\"name\":\"Ag\u00eancia iNFRA\",\"url\":\"https:\/\/agenciainfra.com\/blog\/\",\"logo\":{\"@type\":\"ImageObject\",\"inLanguage\":\"pt-BR\",\"@id\":\"https:\/\/agenciainfra.com\/blog\/#\/schema\/logo\/image\/\",\"url\":\"https:\/\/agenciainfra.com\/blog\/wp-content\/uploads\/2023\/09\/iNFRA_5-e1761735885940.png\",\"contentUrl\":\"https:\/\/agenciainfra.com\/blog\/wp-content\/uploads\/2023\/09\/iNFRA_5-e1761735885940.png\",\"width\":1672,\"height\":454,\"caption\":\"Ag\u00eancia iNFRA\"},\"image\":{\"@id\":\"https:\/\/agenciainfra.com\/blog\/#\/schema\/logo\/image\/\"},\"sameAs\":[\"https:\/\/www.facebook.com\/ageninfra\",\"https:\/\/x.com\/agencia_infra\",\"https:\/\/www.linkedin.com\/company\/ag\u00eanciainfra\/\",\"https:\/\/www.instagram.com\/agenciainfra\/\"]},{\"@type\":\"Person\",\"@id\":\"https:\/\/agenciainfra.com\/blog\/#\/schema\/person\/04dbb79bd6d8951f063da71f3e4c1eb1\",\"name\":\"Rodrigo Zuquim\",\"image\":{\"@type\":\"ImageObject\",\"inLanguage\":\"pt-BR\",\"@id\":\"https:\/\/agenciainfra.com\/blog\/#\/schema\/person\/image\/\",\"url\":\"https:\/\/secure.gravatar.com\/avatar\/594abfe82761d620726242ff34ca472a705a4b97f16c790053a6b4c4035274d0?s=96&d=mm&r=g\",\"contentUrl\":\"https:\/\/secure.gravatar.com\/avatar\/594abfe82761d620726242ff34ca472a705a4b97f16c790053a6b4c4035274d0?s=96&d=mm&r=g\",\"caption\":\"Rodrigo Zuquim\"},\"url\":\"https:\/\/agenciainfra.com\/blog\/author\/rodrigo-zuquim\/\"}]}<\/script>\n<!-- \/ Yoast SEO Premium plugin. -->","yoast_head_json":{"title":"Disputa no transporte interestadual de passageiros trava indica\u00e7\u00f5es para diretoria da ANTT - Ag\u00eancia iNFRA","robots":{"index":"index","follow":"follow","max-snippet":"max-snippet:-1","max-image-preview":"max-image-preview:large","max-video-preview":"max-video-preview:-1"},"canonical":"https:\/\/agenciainfra.com\/blog\/disputa-no-transporte-interestadual-de-passageiros-trava-indicacoes-para-diretoria-da-antt\/","og_locale":"pt_BR","og_type":"article","og_title":"Disputa no transporte interestadual de passageiros trava indica\u00e7\u00f5es para diretoria da ANTT","og_description":"Dimmi Amora, da&nbsp;Ag\u00eancia iNFRA A disputa pol\u00edtica em rela\u00e7\u00e3o \u00e0 abertura do mercado do transporte rodovi\u00e1rio interestadual de passageiros \u00e9 o motivo pelo qual o governo n\u00e3o encaminhou nomes para serem avaliados pelo Senado para ocupar vagas na ANTT (Ag\u00eancia Nacional de Transportes Terrestres). Das tr\u00eas ag\u00eancias ligadas ao Minist\u00e9rio da Infraestrutura, a ANTT foi [&hellip;]","og_url":"https:\/\/agenciainfra.com\/blog\/disputa-no-transporte-interestadual-de-passageiros-trava-indicacoes-para-diretoria-da-antt\/","og_site_name":"Ag\u00eancia iNFRA","article_publisher":"https:\/\/www.facebook.com\/ageninfra","article_published_time":"2020-10-21T11:00:22+00:00","og_image":[{"width":1280,"height":720,"url":"https:\/\/agenciainfra.com\/blog\/wp-content\/uploads\/2020\/10\/onibus-interestadual-foto-agerba.jpg","type":"image\/jpeg"}],"author":"Rodrigo Zuquim","twitter_card":"summary_large_image","twitter_creator":"@agencia_infra","twitter_site":"@agencia_infra","twitter_misc":{"Escrito por":"Rodrigo Zuquim","Est. tempo de leitura":"3 minutos"},"schema":{"@context":"https:\/\/schema.org","@graph":[{"@type":"Article","@id":"https:\/\/agenciainfra.com\/blog\/disputa-no-transporte-interestadual-de-passageiros-trava-indicacoes-para-diretoria-da-antt\/#article","isPartOf":{"@id":"https:\/\/agenciainfra.com\/blog\/disputa-no-transporte-interestadual-de-passageiros-trava-indicacoes-para-diretoria-da-antt\/"},"author":{"name":"Rodrigo Zuquim","@id":"https:\/\/agenciainfra.com\/blog\/#\/schema\/person\/04dbb79bd6d8951f063da71f3e4c1eb1"},"headline":"Disputa no transporte interestadual de passageiros trava indica\u00e7\u00f5es para diretoria da ANTT","datePublished":"2020-10-21T11:00:22+00:00","mainEntityOfPage":{"@id":"https:\/\/agenciainfra.com\/blog\/disputa-no-transporte-interestadual-de-passageiros-trava-indicacoes-para-diretoria-da-antt\/"},"wordCount":570,"publisher":{"@id":"https:\/\/agenciainfra.com\/blog\/#organization"},"image":{"@id":"https:\/\/agenciainfra.com\/blog\/disputa-no-transporte-interestadual-de-passageiros-trava-indicacoes-para-diretoria-da-antt\/#primaryimage"},"thumbnailUrl":"https:\/\/agenciainfra.com\/blog\/wp-content\/uploads\/2020\/10\/onibus-interestadual-foto-agerba.jpg","keywords":["Acir Gurgacz","Alexandre Porto","ANTT","Davi Barreto","Marcelo Vinaud","Minist\u00e9rio da Infraestrutura","Tarc\u00edsio de Freitas","transporte de passageiros","transporte rodovi\u00e1rio","Weber Ciloni"],"articleSection":["Geral","iNFRATransporte"],"inLanguage":"pt-BR","copyrightYear":"2020","copyrightHolder":{"@id":"https:\/\/agenciainfra.com\/blog\/#organization"}},{"@type":"WebPage","@id":"https:\/\/agenciainfra.com\/blog\/disputa-no-transporte-interestadual-de-passageiros-trava-indicacoes-para-diretoria-da-antt\/","url":"https:\/\/agenciainfra.com\/blog\/disputa-no-transporte-interestadual-de-passageiros-trava-indicacoes-para-diretoria-da-antt\/","name":"Disputa no transporte interestadual de passageiros trava indica\u00e7\u00f5es para diretoria da ANTT - Ag\u00eancia iNFRA","isPartOf":{"@id":"https:\/\/agenciainfra.com\/blog\/#website"},"primaryImageOfPage":{"@id":"https:\/\/agenciainfra.com\/blog\/disputa-no-transporte-interestadual-de-passageiros-trava-indicacoes-para-diretoria-da-antt\/#primaryimage"},"image":{"@id":"https:\/\/agenciainfra.com\/blog\/disputa-no-transporte-interestadual-de-passageiros-trava-indicacoes-para-diretoria-da-antt\/#primaryimage"},"thumbnailUrl":"https:\/\/agenciainfra.com\/blog\/wp-content\/uploads\/2020\/10\/onibus-interestadual-foto-agerba.jpg","datePublished":"2020-10-21T11:00:22+00:00","breadcrumb":{"@id":"https:\/\/agenciainfra.com\/blog\/disputa-no-transporte-interestadual-de-passageiros-trava-indicacoes-para-diretoria-da-antt\/#breadcrumb"},"inLanguage":"pt-BR","potentialAction":[{"@type":"ReadAction","target":["https:\/\/agenciainfra.com\/blog\/disputa-no-transporte-interestadual-de-passageiros-trava-indicacoes-para-diretoria-da-antt\/"]}]},{"@type":"ImageObject","inLanguage":"pt-BR","@id":"https:\/\/agenciainfra.com\/blog\/disputa-no-transporte-interestadual-de-passageiros-trava-indicacoes-para-diretoria-da-antt\/#primaryimage","url":"https:\/\/agenciainfra.com\/blog\/wp-content\/uploads\/2020\/10\/onibus-interestadual-foto-agerba.jpg","contentUrl":"https:\/\/agenciainfra.com\/blog\/wp-content\/uploads\/2020\/10\/onibus-interestadual-foto-agerba.jpg","width":1280,"height":720,"caption":"Foto: Agerba"},{"@type":"BreadcrumbList","@id":"https:\/\/agenciainfra.com\/blog\/disputa-no-transporte-interestadual-de-passageiros-trava-indicacoes-para-diretoria-da-antt\/#breadcrumb","itemListElement":[{"@type":"ListItem","position":1,"name":"In\u00edcio","item":"https:\/\/agenciainfra.com\/blog\/"},{"@type":"ListItem","position":2,"name":"Disputa no transporte interestadual de passageiros trava indica\u00e7\u00f5es para diretoria da ANTT"}]},{"@type":"WebSite","@id":"https:\/\/agenciainfra.com\/blog\/#website","url":"https:\/\/agenciainfra.com\/blog\/","name":"Ag\u00eancia iNFRA","description":"Multiplataforma de informa\u00e7\u00e3o jornal\u00edstica refer\u00eancia na \u00e1rea de infraestrutura no Brasil!","publisher":{"@id":"https:\/\/agenciainfra.com\/blog\/#organization"},"potentialAction":[{"@type":"SearchAction","target":{"@type":"EntryPoint","urlTemplate":"https:\/\/agenciainfra.com\/blog\/?s={search_term_string}"},"query-input":{"@type":"PropertyValueSpecification","valueRequired":true,"valueName":"search_term_string"}}],"inLanguage":"pt-BR"},{"@type":"Organization","@id":"https:\/\/agenciainfra.com\/blog\/#organization","name":"Ag\u00eancia iNFRA","url":"https:\/\/agenciainfra.com\/blog\/","logo":{"@type":"ImageObject","inLanguage":"pt-BR","@id":"https:\/\/agenciainfra.com\/blog\/#\/schema\/logo\/image\/","url":"https:\/\/agenciainfra.com\/blog\/wp-content\/uploads\/2023\/09\/iNFRA_5-e1761735885940.png","contentUrl":"https:\/\/agenciainfra.com\/blog\/wp-content\/uploads\/2023\/09\/iNFRA_5-e1761735885940.png","width":1672,"height":454,"caption":"Ag\u00eancia iNFRA"},"image":{"@id":"https:\/\/agenciainfra.com\/blog\/#\/schema\/logo\/image\/"},"sameAs":["https:\/\/www.facebook.com\/ageninfra","https:\/\/x.com\/agencia_infra","https:\/\/www.linkedin.com\/company\/ag\u00eanciainfra\/","https:\/\/www.instagram.com\/agenciainfra\/"]},{"@type":"Person","@id":"https:\/\/agenciainfra.com\/blog\/#\/schema\/person\/04dbb79bd6d8951f063da71f3e4c1eb1","name":"Rodrigo Zuquim","image":{"@type":"ImageObject","inLanguage":"pt-BR","@id":"https:\/\/agenciainfra.com\/blog\/#\/schema\/person\/image\/","url":"https:\/\/secure.gravatar.com\/avatar\/594abfe82761d620726242ff34ca472a705a4b97f16c790053a6b4c4035274d0?s=96&d=mm&r=g","contentUrl":"https:\/\/secure.gravatar.com\/avatar\/594abfe82761d620726242ff34ca472a705a4b97f16c790053a6b4c4035274d0?s=96&d=mm&r=g","caption":"Rodrigo Zuquim"},"url":"https:\/\/agenciainfra.com\/blog\/author\/rodrigo-zuquim\/"}]}},"_links":{"self":[{"href":"https:\/\/agenciainfra.com\/blog\/wp-json\/wp\/v2\/posts\/6175","targetHints":{"allow":["GET"]}}],"collection":[{"href":"https:\/\/agenciainfra.com\/blog\/wp-json\/wp\/v2\/posts"}],"about":[{"href":"https:\/\/agenciainfra.com\/blog\/wp-json\/wp\/v2\/types\/post"}],"author":[{"embeddable":true,"href":"https:\/\/agenciainfra.com\/blog\/wp-json\/wp\/v2\/users\/9"}],"replies":[{"embeddable":true,"href":"https:\/\/agenciainfra.com\/blog\/wp-json\/wp\/v2\/comments?post=6175"}],"version-history":[{"count":0,"href":"https:\/\/agenciainfra.com\/blog\/wp-json\/wp\/v2\/posts\/6175\/revisions"}],"wp:featuredmedia":[{"embeddable":true,"href":"https:\/\/agenciainfra.com\/blog\/wp-json\/wp\/v2\/media\/6176"}],"wp:attachment":[{"href":"https:\/\/agenciainfra.com\/blog\/wp-json\/wp\/v2\/media?parent=6175"}],"wp:term":[{"taxonomy":"category","embeddable":true,"href":"https:\/\/agenciainfra.com\/blog\/wp-json\/wp\/v2\/categories?post=6175"},{"taxonomy":"post_tag","embeddable":true,"href":"https:\/\/agenciainfra.com\/blog\/wp-json\/wp\/v2\/tags?post=6175"}],"curies":[{"name":"wp","href":"https:\/\/api.w.org\/{rel}","templated":true}]}}