{"id":6178,"date":"2020-10-21T07:53:32","date_gmt":"2020-10-21T10:53:32","guid":{"rendered":"https:\/\/www.agenciainfra.com\/blog\/?p=6178"},"modified":"2020-10-21T07:53:37","modified_gmt":"2020-10-21T10:53:37","slug":"governo-quer-ate-2021-ter-plano-com-previsao-de-projetos-de-infraestrutura-para-os-proximos-30-anos","status":"publish","type":"post","link":"https:\/\/agenciainfra.com\/blog\/governo-quer-ate-2021-ter-plano-com-previsao-de-projetos-de-infraestrutura-para-os-proximos-30-anos\/","title":{"rendered":"Governo quer at\u00e9 2021 ter plano com previs\u00e3o de projetos de infraestrutura para os pr\u00f3ximos 30 anos"},"content":{"rendered":"\n<p class=\"has-text-align-right\"><strong>da Ag\u00eancia iNFRA<\/strong><\/p>\n\n\n\n<p>Decreto 10.526 instituiu o Comit\u00ea Interministerial de Planejamento da Infraestrutura e o Plano Integrado de Longo Prazo da Infraestrutura no \u00e2mbito do governo federal. O ato foi publicado no Di\u00e1rio Oficial da Uni\u00e3o desta quarta-feira (20) e est\u00e1 dispon\u00edvel <a rel=\"noreferrer noopener\" href=\"https:\/\/pesquisa.in.gov.br\/imprensa\/jsp\/visualiza\/index.jsp?data=21\/10\/2020&amp;jornal=515&amp;pagina=3&amp;totalArquivos=108\" target=\"_blank\" data-type=\"URL\" data-id=\"https:\/\/pesquisa.in.gov.br\/imprensa\/jsp\/visualiza\/index.jsp?data=21\/10\/2020&amp;jornal=515&amp;pagina=3&amp;totalArquivos=108\">neste link<\/a>.<\/p>\n\n\n\n<p>O Plano Integrado de Longo Prazo da Infraestrutura ter\u00e1 atualiza\u00e7\u00e3o bienal, com previs\u00e3o de investimentos por 30 anos, sendo que o primeiro plano dever\u00e1 ser publicado at\u00e9 31 de dezembro de 2021.\u00a0\u00a0<\/p>\n\n\n\n<p>Para elaborar o Plano Integrado de Longo Prazo da Infraestrutura do pa\u00eds, que dever\u00e1 estar alinhado com outros planos setoriais, de acordo com o documento, foi criado o comit\u00ea interministerial, que ter\u00e1 representantes de 10 minist\u00e9rios. O comit\u00ea poder\u00e1 formar grupos de trabalho com at\u00e9 cinco membros e vai tomar as decis\u00f5es por maioria.<\/p>\n\n\n\n<p>Entre os objetivos do plano integrado, informados no ato, est\u00e3o &#8220;fomentar investimentos em infraestrutura para aumentar a qualidade e o estoque de infraestrutura&#8221; e &#8220;contribuir para o aumento da produtividade da economia e para a gera\u00e7\u00e3o de empregos qualificados&#8221;.<\/p>\n\n\n\n<p>O plano envolver\u00e1 os setores de energia, transportes, telecomunica\u00e7\u00f5es,\u00a0 minera\u00e7\u00e3o, recursos h\u00eddricos e saneamento b\u00e1sico, e pesquisa e desenvolvimento tecnol\u00f3gico.<\/p>\n\n\n\n<p>De acordo com o ato,\u00a0o Plano Integrado de Longo Prazo da Infraestrutura dever\u00e1 conter &#8220;indica\u00e7\u00e3o dos investimentos necess\u00e1rios, agregados por setor, para os pr\u00f3ximos trinta anos&#8221;; e &#8220;rela\u00e7\u00e3o dos projetos de grande porte que dependam de iniciativa do governo federal previstos para os pr\u00f3ximos dez anos, acompanhada da estimativa de viabilidade socioecon\u00f4mica&#8221;.<\/p>\n\n\n\n<p>O documento tamb\u00e9m dever\u00e1 fazer o &#8220;mapeamento das tend\u00eancias de investimentos em infraestrutura da iniciativa privada e dos entes subnacionais previstos para os pr\u00f3ximos dez anos&#8221;; e &#8220;rela\u00e7\u00e3o dos projetos de grande porte de iniciativa do governo federal em andamento&#8221;.\u00a0<\/p>\n","protected":false},"excerpt":{"rendered":"<p>da Ag\u00eancia iNFRA Decreto 10.526 instituiu o Comit\u00ea Interministerial de Planejamento da Infraestrutura e o Plano Integrado de Longo Prazo da Infraestrutura no \u00e2mbito do governo federal. O ato foi publicado no Di\u00e1rio Oficial da Uni\u00e3o desta quarta-feira (20) e est\u00e1 dispon\u00edvel neste link. O Plano Integrado de Longo Prazo da Infraestrutura ter\u00e1 atualiza\u00e7\u00e3o bienal, [&hellip;]<\/p>\n","protected":false},"author":9,"featured_media":6179,"comment_status":"closed","ping_status":"closed","sticky":false,"template":"","format":"standard","meta":{"_monsterinsights_skip_tracking":false,"_monsterinsights_sitenote_active":false,"_monsterinsights_sitenote_note":"","_monsterinsights_sitenote_category":0,"footnotes":""},"categories":[1,2052],"tags":[2857,2861,731,25,2722,34,32,839,2860,2858,2859,73,2639,70],"class_list":["post-6178","post","type-post","status-publish","format-standard","has-post-thumbnail","hentry","category-geral","category-infra-transicao","tag-comite-interministerial-de-planejamento-da-infraestrutura","tag-desenvolvimento-tecnologico","tag-economia","tag-energia","tag-governo-federal","tag-infraestrutura","tag-investimentos","tag-mineracao","tag-pesquisa","tag-plano-integrado-de-longo-prazo-da-infraestrutura","tag-recursos-hidricos","tag-saneamento-basico","tag-telecomunicacoes","tag-transportes"],"yoast_head":"<!-- This site is optimized with the Yoast SEO Premium plugin v25.4 (Yoast SEO v26.0) - https:\/\/yoast.com\/wordpress\/plugins\/seo\/ -->\n<title>Governo quer at\u00e9 2021 ter plano com previs\u00e3o de projetos de infraestrutura para os pr\u00f3ximos 30 anos - Ag\u00eancia iNFRA<\/title>\n<meta name=\"robots\" content=\"index, follow, max-snippet:-1, max-image-preview:large, max-video-preview:-1\" \/>\n<link rel=\"canonical\" href=\"https:\/\/agenciainfra.com\/blog\/governo-quer-ate-2021-ter-plano-com-previsao-de-projetos-de-infraestrutura-para-os-proximos-30-anos\/\" \/>\n<meta property=\"og:locale\" content=\"pt_BR\" \/>\n<meta property=\"og:type\" content=\"article\" \/>\n<meta property=\"og:title\" content=\"Governo quer at\u00e9 2021 ter plano com previs\u00e3o de projetos de infraestrutura para os pr\u00f3ximos 30 anos\" \/>\n<meta property=\"og:description\" content=\"da Ag\u00eancia iNFRA Decreto 10.526 instituiu o Comit\u00ea Interministerial de Planejamento da Infraestrutura e o Plano Integrado de Longo Prazo da Infraestrutura no \u00e2mbito do governo federal. O ato foi publicado no Di\u00e1rio Oficial da Uni\u00e3o desta quarta-feira (20) e est\u00e1 dispon\u00edvel neste link. O Plano Integrado de Longo Prazo da Infraestrutura ter\u00e1 atualiza\u00e7\u00e3o bienal, [&hellip;]\" \/>\n<meta property=\"og:url\" content=\"https:\/\/agenciainfra.com\/blog\/governo-quer-ate-2021-ter-plano-com-previsao-de-projetos-de-infraestrutura-para-os-proximos-30-anos\/\" \/>\n<meta property=\"og:site_name\" content=\"Ag\u00eancia iNFRA\" \/>\n<meta property=\"article:publisher\" content=\"https:\/\/www.facebook.com\/ageninfra\" \/>\n<meta property=\"article:published_time\" content=\"2020-10-21T10:53:32+00:00\" \/>\n<meta property=\"article:modified_time\" content=\"2020-10-21T10:53:37+00:00\" \/>\n<meta property=\"og:image\" content=\"https:\/\/agenciainfra.com\/blog\/wp-content\/uploads\/2020\/10\/palacio-do-planalto-foto-pedro-franca-agencia-senado.jpg\" \/>\n\t<meta property=\"og:image:width\" content=\"1280\" \/>\n\t<meta property=\"og:image:height\" content=\"853\" \/>\n\t<meta property=\"og:image:type\" content=\"image\/jpeg\" \/>\n<meta name=\"author\" content=\"Rodrigo Zuquim\" \/>\n<meta name=\"twitter:card\" content=\"summary_large_image\" \/>\n<meta name=\"twitter:creator\" content=\"@agencia_infra\" \/>\n<meta name=\"twitter:site\" content=\"@agencia_infra\" \/>\n<meta name=\"twitter:label1\" content=\"Escrito por\" \/>\n\t<meta name=\"twitter:data1\" content=\"Rodrigo Zuquim\" \/>\n\t<meta name=\"twitter:label2\" content=\"Est. tempo de leitura\" \/>\n\t<meta name=\"twitter:data2\" content=\"2 minutos\" \/>\n<script type=\"application\/ld+json\" class=\"yoast-schema-graph\">{\"@context\":\"https:\/\/schema.org\",\"@graph\":[{\"@type\":\"Article\",\"@id\":\"https:\/\/agenciainfra.com\/blog\/governo-quer-ate-2021-ter-plano-com-previsao-de-projetos-de-infraestrutura-para-os-proximos-30-anos\/#article\",\"isPartOf\":{\"@id\":\"https:\/\/agenciainfra.com\/blog\/governo-quer-ate-2021-ter-plano-com-previsao-de-projetos-de-infraestrutura-para-os-proximos-30-anos\/\"},\"author\":{\"name\":\"Rodrigo Zuquim\",\"@id\":\"https:\/\/agenciainfra.com\/blog\/#\/schema\/person\/04dbb79bd6d8951f063da71f3e4c1eb1\"},\"headline\":\"Governo quer at\u00e9 2021 ter plano com previs\u00e3o de projetos de infraestrutura para os pr\u00f3ximos 30 anos\",\"datePublished\":\"2020-10-21T10:53:32+00:00\",\"dateModified\":\"2020-10-21T10:53:37+00:00\",\"mainEntityOfPage\":{\"@id\":\"https:\/\/agenciainfra.com\/blog\/governo-quer-ate-2021-ter-plano-com-previsao-de-projetos-de-infraestrutura-para-os-proximos-30-anos\/\"},\"wordCount\":319,\"publisher\":{\"@id\":\"https:\/\/agenciainfra.com\/blog\/#organization\"},\"image\":{\"@id\":\"https:\/\/agenciainfra.com\/blog\/governo-quer-ate-2021-ter-plano-com-previsao-de-projetos-de-infraestrutura-para-os-proximos-30-anos\/#primaryimage\"},\"thumbnailUrl\":\"https:\/\/agenciainfra.com\/blog\/wp-content\/uploads\/2020\/10\/palacio-do-planalto-foto-pedro-franca-agencia-senado.jpg\",\"keywords\":[\"Comit\u00ea Interministerial de Planejamento da Infraestrutura\",\"desenvolvimento tecnol\u00f3gico\",\"economia\",\"energia\",\"governo federal\",\"Infraestrutura\",\"Investimentos\",\"minera\u00e7\u00e3o\",\"pesquisa\",\"Plano Integrado de Longo Prazo da Infraestrutura\",\"recursos h\u00eddricos\",\"Saneamento B\u00e1sico\",\"telecomunica\u00e7\u00f5es\",\"transportes\"],\"articleSection\":[\"Geral\",\"iNFRA Na Transi\u00e7\u00e3o\"],\"inLanguage\":\"pt-BR\",\"copyrightYear\":\"2020\",\"copyrightHolder\":{\"@id\":\"https:\/\/agenciainfra.com\/blog\/#organization\"}},{\"@type\":\"WebPage\",\"@id\":\"https:\/\/agenciainfra.com\/blog\/governo-quer-ate-2021-ter-plano-com-previsao-de-projetos-de-infraestrutura-para-os-proximos-30-anos\/\",\"url\":\"https:\/\/agenciainfra.com\/blog\/governo-quer-ate-2021-ter-plano-com-previsao-de-projetos-de-infraestrutura-para-os-proximos-30-anos\/\",\"name\":\"Governo quer at\u00e9 2021 ter plano com previs\u00e3o de projetos de infraestrutura para os pr\u00f3ximos 30 anos - Ag\u00eancia iNFRA\",\"isPartOf\":{\"@id\":\"https:\/\/agenciainfra.com\/blog\/#website\"},\"primaryImageOfPage\":{\"@id\":\"https:\/\/agenciainfra.com\/blog\/governo-quer-ate-2021-ter-plano-com-previsao-de-projetos-de-infraestrutura-para-os-proximos-30-anos\/#primaryimage\"},\"image\":{\"@id\":\"https:\/\/agenciainfra.com\/blog\/governo-quer-ate-2021-ter-plano-com-previsao-de-projetos-de-infraestrutura-para-os-proximos-30-anos\/#primaryimage\"},\"thumbnailUrl\":\"https:\/\/agenciainfra.com\/blog\/wp-content\/uploads\/2020\/10\/palacio-do-planalto-foto-pedro-franca-agencia-senado.jpg\",\"datePublished\":\"2020-10-21T10:53:32+00:00\",\"dateModified\":\"2020-10-21T10:53:37+00:00\",\"breadcrumb\":{\"@id\":\"https:\/\/agenciainfra.com\/blog\/governo-quer-ate-2021-ter-plano-com-previsao-de-projetos-de-infraestrutura-para-os-proximos-30-anos\/#breadcrumb\"},\"inLanguage\":\"pt-BR\",\"potentialAction\":[{\"@type\":\"ReadAction\",\"target\":[\"https:\/\/agenciainfra.com\/blog\/governo-quer-ate-2021-ter-plano-com-previsao-de-projetos-de-infraestrutura-para-os-proximos-30-anos\/\"]}]},{\"@type\":\"ImageObject\",\"inLanguage\":\"pt-BR\",\"@id\":\"https:\/\/agenciainfra.com\/blog\/governo-quer-ate-2021-ter-plano-com-previsao-de-projetos-de-infraestrutura-para-os-proximos-30-anos\/#primaryimage\",\"url\":\"https:\/\/agenciainfra.com\/blog\/wp-content\/uploads\/2020\/10\/palacio-do-planalto-foto-pedro-franca-agencia-senado.jpg\",\"contentUrl\":\"https:\/\/agenciainfra.com\/blog\/wp-content\/uploads\/2020\/10\/palacio-do-planalto-foto-pedro-franca-agencia-senado.jpg\",\"width\":1280,\"height\":853},{\"@type\":\"BreadcrumbList\",\"@id\":\"https:\/\/agenciainfra.com\/blog\/governo-quer-ate-2021-ter-plano-com-previsao-de-projetos-de-infraestrutura-para-os-proximos-30-anos\/#breadcrumb\",\"itemListElement\":[{\"@type\":\"ListItem\",\"position\":1,\"name\":\"In\u00edcio\",\"item\":\"https:\/\/agenciainfra.com\/blog\/\"},{\"@type\":\"ListItem\",\"position\":2,\"name\":\"Governo quer at\u00e9 2021 ter plano com previs\u00e3o de projetos de infraestrutura para os pr\u00f3ximos 30 anos\"}]},{\"@type\":\"WebSite\",\"@id\":\"https:\/\/agenciainfra.com\/blog\/#website\",\"url\":\"https:\/\/agenciainfra.com\/blog\/\",\"name\":\"Ag\u00eancia iNFRA\",\"description\":\"Multiplataforma de informa\u00e7\u00e3o jornal\u00edstica refer\u00eancia na \u00e1rea de infraestrutura no Brasil!\",\"publisher\":{\"@id\":\"https:\/\/agenciainfra.com\/blog\/#organization\"},\"potentialAction\":[{\"@type\":\"SearchAction\",\"target\":{\"@type\":\"EntryPoint\",\"urlTemplate\":\"https:\/\/agenciainfra.com\/blog\/?s={search_term_string}\"},\"query-input\":{\"@type\":\"PropertyValueSpecification\",\"valueRequired\":true,\"valueName\":\"search_term_string\"}}],\"inLanguage\":\"pt-BR\"},{\"@type\":\"Organization\",\"@id\":\"https:\/\/agenciainfra.com\/blog\/#organization\",\"name\":\"Ag\u00eancia iNFRA\",\"url\":\"https:\/\/agenciainfra.com\/blog\/\",\"logo\":{\"@type\":\"ImageObject\",\"inLanguage\":\"pt-BR\",\"@id\":\"https:\/\/agenciainfra.com\/blog\/#\/schema\/logo\/image\/\",\"url\":\"https:\/\/agenciainfra.com\/blog\/wp-content\/uploads\/2023\/09\/iNFRA_5-e1761735885940.png\",\"contentUrl\":\"https:\/\/agenciainfra.com\/blog\/wp-content\/uploads\/2023\/09\/iNFRA_5-e1761735885940.png\",\"width\":1672,\"height\":454,\"caption\":\"Ag\u00eancia iNFRA\"},\"image\":{\"@id\":\"https:\/\/agenciainfra.com\/blog\/#\/schema\/logo\/image\/\"},\"sameAs\":[\"https:\/\/www.facebook.com\/ageninfra\",\"https:\/\/x.com\/agencia_infra\",\"https:\/\/www.linkedin.com\/company\/ag\u00eanciainfra\/\",\"https:\/\/www.instagram.com\/agenciainfra\/\"]},{\"@type\":\"Person\",\"@id\":\"https:\/\/agenciainfra.com\/blog\/#\/schema\/person\/04dbb79bd6d8951f063da71f3e4c1eb1\",\"name\":\"Rodrigo Zuquim\",\"image\":{\"@type\":\"ImageObject\",\"inLanguage\":\"pt-BR\",\"@id\":\"https:\/\/agenciainfra.com\/blog\/#\/schema\/person\/image\/\",\"url\":\"https:\/\/secure.gravatar.com\/avatar\/594abfe82761d620726242ff34ca472a705a4b97f16c790053a6b4c4035274d0?s=96&d=mm&r=g\",\"contentUrl\":\"https:\/\/secure.gravatar.com\/avatar\/594abfe82761d620726242ff34ca472a705a4b97f16c790053a6b4c4035274d0?s=96&d=mm&r=g\",\"caption\":\"Rodrigo Zuquim\"},\"url\":\"https:\/\/agenciainfra.com\/blog\/author\/rodrigo-zuquim\/\"}]}<\/script>\n<!-- \/ Yoast SEO Premium plugin. -->","yoast_head_json":{"title":"Governo quer at\u00e9 2021 ter plano com previs\u00e3o de projetos de infraestrutura para os pr\u00f3ximos 30 anos - Ag\u00eancia iNFRA","robots":{"index":"index","follow":"follow","max-snippet":"max-snippet:-1","max-image-preview":"max-image-preview:large","max-video-preview":"max-video-preview:-1"},"canonical":"https:\/\/agenciainfra.com\/blog\/governo-quer-ate-2021-ter-plano-com-previsao-de-projetos-de-infraestrutura-para-os-proximos-30-anos\/","og_locale":"pt_BR","og_type":"article","og_title":"Governo quer at\u00e9 2021 ter plano com previs\u00e3o de projetos de infraestrutura para os pr\u00f3ximos 30 anos","og_description":"da Ag\u00eancia iNFRA Decreto 10.526 instituiu o Comit\u00ea Interministerial de Planejamento da Infraestrutura e o Plano Integrado de Longo Prazo da Infraestrutura no \u00e2mbito do governo federal. O ato foi publicado no Di\u00e1rio Oficial da Uni\u00e3o desta quarta-feira (20) e est\u00e1 dispon\u00edvel neste link. O Plano Integrado de Longo Prazo da Infraestrutura ter\u00e1 atualiza\u00e7\u00e3o bienal, [&hellip;]","og_url":"https:\/\/agenciainfra.com\/blog\/governo-quer-ate-2021-ter-plano-com-previsao-de-projetos-de-infraestrutura-para-os-proximos-30-anos\/","og_site_name":"Ag\u00eancia iNFRA","article_publisher":"https:\/\/www.facebook.com\/ageninfra","article_published_time":"2020-10-21T10:53:32+00:00","article_modified_time":"2020-10-21T10:53:37+00:00","og_image":[{"width":1280,"height":853,"url":"https:\/\/agenciainfra.com\/blog\/wp-content\/uploads\/2020\/10\/palacio-do-planalto-foto-pedro-franca-agencia-senado.jpg","type":"image\/jpeg"}],"author":"Rodrigo Zuquim","twitter_card":"summary_large_image","twitter_creator":"@agencia_infra","twitter_site":"@agencia_infra","twitter_misc":{"Escrito por":"Rodrigo Zuquim","Est. tempo de leitura":"2 minutos"},"schema":{"@context":"https:\/\/schema.org","@graph":[{"@type":"Article","@id":"https:\/\/agenciainfra.com\/blog\/governo-quer-ate-2021-ter-plano-com-previsao-de-projetos-de-infraestrutura-para-os-proximos-30-anos\/#article","isPartOf":{"@id":"https:\/\/agenciainfra.com\/blog\/governo-quer-ate-2021-ter-plano-com-previsao-de-projetos-de-infraestrutura-para-os-proximos-30-anos\/"},"author":{"name":"Rodrigo Zuquim","@id":"https:\/\/agenciainfra.com\/blog\/#\/schema\/person\/04dbb79bd6d8951f063da71f3e4c1eb1"},"headline":"Governo quer at\u00e9 2021 ter plano com previs\u00e3o de projetos de infraestrutura para os pr\u00f3ximos 30 anos","datePublished":"2020-10-21T10:53:32+00:00","dateModified":"2020-10-21T10:53:37+00:00","mainEntityOfPage":{"@id":"https:\/\/agenciainfra.com\/blog\/governo-quer-ate-2021-ter-plano-com-previsao-de-projetos-de-infraestrutura-para-os-proximos-30-anos\/"},"wordCount":319,"publisher":{"@id":"https:\/\/agenciainfra.com\/blog\/#organization"},"image":{"@id":"https:\/\/agenciainfra.com\/blog\/governo-quer-ate-2021-ter-plano-com-previsao-de-projetos-de-infraestrutura-para-os-proximos-30-anos\/#primaryimage"},"thumbnailUrl":"https:\/\/agenciainfra.com\/blog\/wp-content\/uploads\/2020\/10\/palacio-do-planalto-foto-pedro-franca-agencia-senado.jpg","keywords":["Comit\u00ea Interministerial de Planejamento da Infraestrutura","desenvolvimento tecnol\u00f3gico","economia","energia","governo federal","Infraestrutura","Investimentos","minera\u00e7\u00e3o","pesquisa","Plano Integrado de Longo Prazo da Infraestrutura","recursos h\u00eddricos","Saneamento B\u00e1sico","telecomunica\u00e7\u00f5es","transportes"],"articleSection":["Geral","iNFRA Na Transi\u00e7\u00e3o"],"inLanguage":"pt-BR","copyrightYear":"2020","copyrightHolder":{"@id":"https:\/\/agenciainfra.com\/blog\/#organization"}},{"@type":"WebPage","@id":"https:\/\/agenciainfra.com\/blog\/governo-quer-ate-2021-ter-plano-com-previsao-de-projetos-de-infraestrutura-para-os-proximos-30-anos\/","url":"https:\/\/agenciainfra.com\/blog\/governo-quer-ate-2021-ter-plano-com-previsao-de-projetos-de-infraestrutura-para-os-proximos-30-anos\/","name":"Governo quer at\u00e9 2021 ter plano com previs\u00e3o de projetos de infraestrutura para os pr\u00f3ximos 30 anos - Ag\u00eancia iNFRA","isPartOf":{"@id":"https:\/\/agenciainfra.com\/blog\/#website"},"primaryImageOfPage":{"@id":"https:\/\/agenciainfra.com\/blog\/governo-quer-ate-2021-ter-plano-com-previsao-de-projetos-de-infraestrutura-para-os-proximos-30-anos\/#primaryimage"},"image":{"@id":"https:\/\/agenciainfra.com\/blog\/governo-quer-ate-2021-ter-plano-com-previsao-de-projetos-de-infraestrutura-para-os-proximos-30-anos\/#primaryimage"},"thumbnailUrl":"https:\/\/agenciainfra.com\/blog\/wp-content\/uploads\/2020\/10\/palacio-do-planalto-foto-pedro-franca-agencia-senado.jpg","datePublished":"2020-10-21T10:53:32+00:00","dateModified":"2020-10-21T10:53:37+00:00","breadcrumb":{"@id":"https:\/\/agenciainfra.com\/blog\/governo-quer-ate-2021-ter-plano-com-previsao-de-projetos-de-infraestrutura-para-os-proximos-30-anos\/#breadcrumb"},"inLanguage":"pt-BR","potentialAction":[{"@type":"ReadAction","target":["https:\/\/agenciainfra.com\/blog\/governo-quer-ate-2021-ter-plano-com-previsao-de-projetos-de-infraestrutura-para-os-proximos-30-anos\/"]}]},{"@type":"ImageObject","inLanguage":"pt-BR","@id":"https:\/\/agenciainfra.com\/blog\/governo-quer-ate-2021-ter-plano-com-previsao-de-projetos-de-infraestrutura-para-os-proximos-30-anos\/#primaryimage","url":"https:\/\/agenciainfra.com\/blog\/wp-content\/uploads\/2020\/10\/palacio-do-planalto-foto-pedro-franca-agencia-senado.jpg","contentUrl":"https:\/\/agenciainfra.com\/blog\/wp-content\/uploads\/2020\/10\/palacio-do-planalto-foto-pedro-franca-agencia-senado.jpg","width":1280,"height":853},{"@type":"BreadcrumbList","@id":"https:\/\/agenciainfra.com\/blog\/governo-quer-ate-2021-ter-plano-com-previsao-de-projetos-de-infraestrutura-para-os-proximos-30-anos\/#breadcrumb","itemListElement":[{"@type":"ListItem","position":1,"name":"In\u00edcio","item":"https:\/\/agenciainfra.com\/blog\/"},{"@type":"ListItem","position":2,"name":"Governo quer at\u00e9 2021 ter plano com previs\u00e3o de projetos de infraestrutura para os pr\u00f3ximos 30 anos"}]},{"@type":"WebSite","@id":"https:\/\/agenciainfra.com\/blog\/#website","url":"https:\/\/agenciainfra.com\/blog\/","name":"Ag\u00eancia iNFRA","description":"Multiplataforma de informa\u00e7\u00e3o jornal\u00edstica refer\u00eancia na \u00e1rea de infraestrutura no Brasil!","publisher":{"@id":"https:\/\/agenciainfra.com\/blog\/#organization"},"potentialAction":[{"@type":"SearchAction","target":{"@type":"EntryPoint","urlTemplate":"https:\/\/agenciainfra.com\/blog\/?s={search_term_string}"},"query-input":{"@type":"PropertyValueSpecification","valueRequired":true,"valueName":"search_term_string"}}],"inLanguage":"pt-BR"},{"@type":"Organization","@id":"https:\/\/agenciainfra.com\/blog\/#organization","name":"Ag\u00eancia iNFRA","url":"https:\/\/agenciainfra.com\/blog\/","logo":{"@type":"ImageObject","inLanguage":"pt-BR","@id":"https:\/\/agenciainfra.com\/blog\/#\/schema\/logo\/image\/","url":"https:\/\/agenciainfra.com\/blog\/wp-content\/uploads\/2023\/09\/iNFRA_5-e1761735885940.png","contentUrl":"https:\/\/agenciainfra.com\/blog\/wp-content\/uploads\/2023\/09\/iNFRA_5-e1761735885940.png","width":1672,"height":454,"caption":"Ag\u00eancia iNFRA"},"image":{"@id":"https:\/\/agenciainfra.com\/blog\/#\/schema\/logo\/image\/"},"sameAs":["https:\/\/www.facebook.com\/ageninfra","https:\/\/x.com\/agencia_infra","https:\/\/www.linkedin.com\/company\/ag\u00eanciainfra\/","https:\/\/www.instagram.com\/agenciainfra\/"]},{"@type":"Person","@id":"https:\/\/agenciainfra.com\/blog\/#\/schema\/person\/04dbb79bd6d8951f063da71f3e4c1eb1","name":"Rodrigo Zuquim","image":{"@type":"ImageObject","inLanguage":"pt-BR","@id":"https:\/\/agenciainfra.com\/blog\/#\/schema\/person\/image\/","url":"https:\/\/secure.gravatar.com\/avatar\/594abfe82761d620726242ff34ca472a705a4b97f16c790053a6b4c4035274d0?s=96&d=mm&r=g","contentUrl":"https:\/\/secure.gravatar.com\/avatar\/594abfe82761d620726242ff34ca472a705a4b97f16c790053a6b4c4035274d0?s=96&d=mm&r=g","caption":"Rodrigo Zuquim"},"url":"https:\/\/agenciainfra.com\/blog\/author\/rodrigo-zuquim\/"}]}},"_links":{"self":[{"href":"https:\/\/agenciainfra.com\/blog\/wp-json\/wp\/v2\/posts\/6178","targetHints":{"allow":["GET"]}}],"collection":[{"href":"https:\/\/agenciainfra.com\/blog\/wp-json\/wp\/v2\/posts"}],"about":[{"href":"https:\/\/agenciainfra.com\/blog\/wp-json\/wp\/v2\/types\/post"}],"author":[{"embeddable":true,"href":"https:\/\/agenciainfra.com\/blog\/wp-json\/wp\/v2\/users\/9"}],"replies":[{"embeddable":true,"href":"https:\/\/agenciainfra.com\/blog\/wp-json\/wp\/v2\/comments?post=6178"}],"version-history":[{"count":0,"href":"https:\/\/agenciainfra.com\/blog\/wp-json\/wp\/v2\/posts\/6178\/revisions"}],"wp:featuredmedia":[{"embeddable":true,"href":"https:\/\/agenciainfra.com\/blog\/wp-json\/wp\/v2\/media\/6179"}],"wp:attachment":[{"href":"https:\/\/agenciainfra.com\/blog\/wp-json\/wp\/v2\/media?parent=6178"}],"wp:term":[{"taxonomy":"category","embeddable":true,"href":"https:\/\/agenciainfra.com\/blog\/wp-json\/wp\/v2\/categories?post=6178"},{"taxonomy":"post_tag","embeddable":true,"href":"https:\/\/agenciainfra.com\/blog\/wp-json\/wp\/v2\/tags?post=6178"}],"curies":[{"name":"wp","href":"https:\/\/api.w.org\/{rel}","templated":true}]}}