{"id":6191,"date":"2020-10-24T08:00:01","date_gmt":"2020-10-24T11:00:01","guid":{"rendered":"https:\/\/www.agenciainfra.com\/blog\/?p=6191"},"modified":"2020-10-22T10:39:48","modified_gmt":"2020-10-22T13:39:48","slug":"governo-se-compromete-a-alterar-projeto-de-terminal-em-vila-do-conde-que-afeta-ute","status":"publish","type":"post","link":"https:\/\/agenciainfra.com\/blog\/governo-se-compromete-a-alterar-projeto-de-terminal-em-vila-do-conde-que-afeta-ute\/","title":{"rendered":"Governo se compromete a alterar projeto de terminal em Vila do Conde que afeta UTE"},"content":{"rendered":"\n<hr class=\"wp-block-separator\"\/>\n\n\n\n<p class=\"has-text-align-right\"><strong>Dimmi Amora, da&nbsp;Ag\u00eancia iNFRA<\/strong><\/p>\n\n\n\n<p>O governo federal se comprometeu a alterar a proposta apresentada nos estudos de viabilidade para a licita\u00e7\u00e3o de dois terminais portu\u00e1rios em Vila do Conde (PA), o VCD10 e VCD10A, destinados \u00e0 movimenta\u00e7\u00e3o de gran\u00e9is minerais e l\u00edquidos. Os terminais fazem parte do complexo portu\u00e1rio da cadeia do alum\u00ednio na regi\u00e3o e estariam conflitando com \u00e1reas j\u00e1 licitadas para a implanta\u00e7\u00e3o de uma termel\u00e9trica com investimentos estimados de R$ 1,6 bilh\u00e3o.<br><br>A declara\u00e7\u00e3o foi dada pelo presidente da Comiss\u00e3o de Licita\u00e7\u00e3o da ANTAQ (Ag\u00eancia Nacional de Transportes Aquavi\u00e1rios), Bruno Pinheiro, durante as sess\u00f5es presenciais das audi\u00eancias publicas 14 e 15\/2020, realizadas na \u00faltima quarta-feira (21), destinadas ao recebimento de contribui\u00e7\u00f5es para a melhoria dos estudos para esses editais. De acordo com Pinheiro, o governo respeita contratos e &#8220;n\u00e3o vai licitar qualquer novo contrato que impacte numa aven\u00e7a j\u00e1 licitada&#8221;.<br><br>A declara\u00e7\u00e3o foi dada em resposta ao representante da Celba (Centrais El\u00e9tricas Barcarena), Pedro Neiva, advogado do escrit\u00f3rio Kinkaid Mendes Vianna. Ele informou que o projeto do VDC10A coincide com \u00e1reas que a companhia adquiriu para implementar o projeto da termel\u00e9trica, que vai usar processo de regaseifica\u00e7\u00e3o de GNL (g\u00e1s natural liquefeito) por navios. Segundo ele, o projeto proposto para o VCD10A \u2013 que \u00e9 destinado \u00e0 movimenta\u00e7\u00e3o de soda c\u00e1ustica \u2013 torna &#8220;imposs\u00edvel&#8221; a opera\u00e7\u00e3o da termel\u00e9trica.<br><br>Fernando Correa, da EPL (Empresa de Planejamento e Log\u00edstica), estatal respons\u00e1vel pelo estudo, informou que j\u00e1 havia a informa\u00e7\u00e3o de que a CDP (Companhia Docas do Par\u00e1) faria a licita\u00e7\u00e3o do novo terminal e que se preferiu lan\u00e7ar a audi\u00eancia p\u00fablica com a superposi\u00e7\u00e3o de \u00e1reas para fazer os ajustes posteriormente.\u00a0<br><br>A licita\u00e7\u00e3o da Docas do Par\u00e1 para a \u00e1rea da UTE foi conclu\u00edda no fim de agosto deste ano. A Celba, que tem entre seus s\u00f3cios a Golar Power, foi a \u00fanica proponente na aquisi\u00e7\u00e3o dessa \u00e1rea. O investimento estimado na UTE \u00e9 de R$ 1,6 bilh\u00e3o.<br><br>J\u00e1 os investimentos nos dois terminais apresentados na audi\u00eancia p\u00fablica somam cerca de R$ 350 milh\u00f5es, sendo R$ 216 milh\u00f5es no VDC10, que \u00e9 destinado a gran\u00e9is minerais (bauxita e alumina); e R$ 136 milh\u00f5es no VDC10A. Al\u00e9m disso, o governo decidiu que os atuais operadores dessas \u00e1reas ser\u00e3o indenizados pelos ativos n\u00e3o amortizados em valor estimado em R$ 275 milh\u00f5es.\u00a0<br><br>Os contratos s\u00e3o de 25 anos, a partir de 2022, e o WACC dos estudos est\u00e3o em 9,38% ao ano. Se houver pagamento de outorga, o recurso ficar\u00e1 com a Docas do Par\u00e1. Os terminais foram modelados com pre\u00e7os tetos porque eles s\u00e3o os \u00fanicos que podem ser usados para o fornecimento de mat\u00e9ria-prima para todo o sistema industrial da cadeia de alum\u00ednio da regi\u00e3o.<br><br><strong>Mais dois at\u00e9 dezembro<\/strong><br>Diretor da Secretaria de Portos e Transportes Aquavi\u00e1rios do Minist\u00e9rio da Infraestrutura, F\u00e1bio Lavor disse que, das dezenas de audi\u00eancias p\u00fablicas j\u00e1 realizadas para terminais portu\u00e1rios, em nenhuma o estudo publicado foi o mesmo que foi levado posteriormente \u00e0 licita\u00e7\u00e3o. As contribui\u00e7\u00f5es podem ser feitas at\u00e9 18 de novembro.<br><br>&#8220;O processo n\u00e3o \u00e9 pro-forma. \u00c9 amplo e participativo para melhorar o instrumento&#8221;, disse Lavor.<br><br>O diretor-presidente da EPL, Arthur Lima, disse que a empresa j\u00e1 estruturou mais de 20 projetos portu\u00e1rios e que mais dois estudos para licita\u00e7\u00e3o de terminais v\u00e3o ser entregues \u00e0 ANTAQ at\u00e9 o fim do ano. A sess\u00e3o da audi\u00eancia est\u00e1 dispon\u00edvel\u00a0<a rel=\"noreferrer noopener\" href=\"https:\/\/agenciainfra.us14.list-manage.com\/track\/click?u=d460dd1bcf9ba0ae040e1fc0f&amp;id=d15852356e&amp;e=c099169394\" target=\"_blank\">neste link<\/a>.<br><br>A\u00a0<strong>Ag\u00eancia iNFRA<\/strong>\u00a0apurou que os terminais s\u00e3o o SUA07, inicialmente previsto para ser um terminal de gran\u00e9is s\u00f3lidos\u00a0no Porto de Suape (PE), e o MAC14, um terminal previsto para ser de cavaco de madeira no Porto de Macei\u00f3 (AL). Os terminais fazem parte da tentativa do Minist\u00e9rio da Infraestrutura de realizar 20 leil\u00f5es de terminais portu\u00e1rios p\u00fablicos em 2021, conforme anunciado pelo secret\u00e1rio de Portos e Transportes Aquavi\u00e1rios, Diogo Piloni.<\/p>\n","protected":false},"excerpt":{"rendered":"<p>Dimmi Amora, da&nbsp;Ag\u00eancia iNFRA O governo federal se comprometeu a alterar a proposta apresentada nos estudos de viabilidade para a licita\u00e7\u00e3o de dois terminais portu\u00e1rios em Vila do Conde (PA), o VCD10 e VCD10A, destinados \u00e0 movimenta\u00e7\u00e3o de gran\u00e9is minerais e l\u00edquidos. Os terminais fazem parte do complexo portu\u00e1rio da cadeia do alum\u00ednio na regi\u00e3o [&hellip;]<\/p>\n","protected":false},"author":9,"featured_media":6192,"comment_status":"closed","ping_status":"closed","sticky":false,"template":"","format":"standard","meta":{"_monsterinsights_skip_tracking":false,"_monsterinsights_sitenote_active":false,"_monsterinsights_sitenote_note":"","_monsterinsights_sitenote_category":0,"footnotes":""},"categories":[1,7],"tags":[86,1463,1447,2112,2871,1504,811,252,2875,2873,1783,2874,2878,775,2872,2481,2876,2877,2615,623,2869,2870,2868],"class_list":["post-6191","post","type-post","status-publish","format-standard","has-post-thumbnail","hentry","category-geral","category-infratransporte","tag-antaq","tag-arthur-lima","tag-bruno-pinheiro","tag-cdp","tag-celba","tag-companhia-docas-do-para","tag-diogo-piloni","tag-epl","tag-fabio-lavor","tag-fernando-correa","tag-gnl","tag-golar-power","tag-mac14","tag-ministerio-da-infraestrutura","tag-pedro-neiva","tag-porto-de-maceio","tag-porto-de-suape","tag-sua07","tag-termeletrica","tag-terminais-portuarios","tag-vcd10","tag-vcd10a","tag-vila-do-conde"],"yoast_head":"<!-- This site is optimized with the Yoast SEO Premium plugin v25.4 (Yoast SEO v26.0) - https:\/\/yoast.com\/wordpress\/plugins\/seo\/ -->\n<title>Governo se compromete a alterar projeto de terminal em Vila do Conde que afeta UTE - Ag\u00eancia iNFRA<\/title>\n<meta name=\"robots\" content=\"index, follow, max-snippet:-1, max-image-preview:large, max-video-preview:-1\" \/>\n<link rel=\"canonical\" href=\"https:\/\/agenciainfra.com\/blog\/governo-se-compromete-a-alterar-projeto-de-terminal-em-vila-do-conde-que-afeta-ute\/\" \/>\n<meta property=\"og:locale\" content=\"pt_BR\" \/>\n<meta property=\"og:type\" content=\"article\" \/>\n<meta property=\"og:title\" content=\"Governo se compromete a alterar projeto de terminal em Vila do Conde que afeta UTE\" \/>\n<meta property=\"og:description\" content=\"Dimmi Amora, da&nbsp;Ag\u00eancia iNFRA O governo federal se comprometeu a alterar a proposta apresentada nos estudos de viabilidade para a licita\u00e7\u00e3o de dois terminais portu\u00e1rios em Vila do Conde (PA), o VCD10 e VCD10A, destinados \u00e0 movimenta\u00e7\u00e3o de gran\u00e9is minerais e l\u00edquidos. Os terminais fazem parte do complexo portu\u00e1rio da cadeia do alum\u00ednio na regi\u00e3o [&hellip;]\" \/>\n<meta property=\"og:url\" content=\"https:\/\/agenciainfra.com\/blog\/governo-se-compromete-a-alterar-projeto-de-terminal-em-vila-do-conde-que-afeta-ute\/\" \/>\n<meta property=\"og:site_name\" content=\"Ag\u00eancia iNFRA\" \/>\n<meta property=\"article:publisher\" content=\"https:\/\/www.facebook.com\/ageninfra\" \/>\n<meta property=\"article:published_time\" content=\"2020-10-24T11:00:01+00:00\" \/>\n<meta property=\"og:image\" content=\"https:\/\/agenciainfra.com\/blog\/wp-content\/uploads\/2020\/10\/vila-do-conde-foto-ppi.jpeg\" \/>\n\t<meta property=\"og:image:width\" content=\"1280\" \/>\n\t<meta property=\"og:image:height\" content=\"853\" \/>\n\t<meta property=\"og:image:type\" content=\"image\/jpeg\" \/>\n<meta name=\"author\" content=\"Rodrigo Zuquim\" \/>\n<meta name=\"twitter:card\" content=\"summary_large_image\" \/>\n<meta name=\"twitter:creator\" content=\"@agencia_infra\" \/>\n<meta name=\"twitter:site\" content=\"@agencia_infra\" \/>\n<meta name=\"twitter:label1\" content=\"Escrito por\" \/>\n\t<meta name=\"twitter:data1\" content=\"Rodrigo Zuquim\" \/>\n\t<meta name=\"twitter:label2\" content=\"Est. tempo de leitura\" \/>\n\t<meta name=\"twitter:data2\" content=\"3 minutos\" \/>\n<script type=\"application\/ld+json\" class=\"yoast-schema-graph\">{\"@context\":\"https:\/\/schema.org\",\"@graph\":[{\"@type\":\"Article\",\"@id\":\"https:\/\/agenciainfra.com\/blog\/governo-se-compromete-a-alterar-projeto-de-terminal-em-vila-do-conde-que-afeta-ute\/#article\",\"isPartOf\":{\"@id\":\"https:\/\/agenciainfra.com\/blog\/governo-se-compromete-a-alterar-projeto-de-terminal-em-vila-do-conde-que-afeta-ute\/\"},\"author\":{\"name\":\"Rodrigo Zuquim\",\"@id\":\"https:\/\/agenciainfra.com\/blog\/#\/schema\/person\/04dbb79bd6d8951f063da71f3e4c1eb1\"},\"headline\":\"Governo se compromete a alterar projeto de terminal em Vila do Conde que afeta UTE\",\"datePublished\":\"2020-10-24T11:00:01+00:00\",\"mainEntityOfPage\":{\"@id\":\"https:\/\/agenciainfra.com\/blog\/governo-se-compromete-a-alterar-projeto-de-terminal-em-vila-do-conde-que-afeta-ute\/\"},\"wordCount\":711,\"publisher\":{\"@id\":\"https:\/\/agenciainfra.com\/blog\/#organization\"},\"image\":{\"@id\":\"https:\/\/agenciainfra.com\/blog\/governo-se-compromete-a-alterar-projeto-de-terminal-em-vila-do-conde-que-afeta-ute\/#primaryimage\"},\"thumbnailUrl\":\"https:\/\/agenciainfra.com\/blog\/wp-content\/uploads\/2020\/10\/vila-do-conde-foto-ppi.jpeg\",\"keywords\":[\"ANTAQ\",\"Arthur Lima\",\"Bruno Pinheiro\",\"CDP\",\"Celba\",\"Companhia Docas do Par\u00e1\",\"Diogo Piloni\",\"EPL\",\"F\u00e1bio Lavor\",\"Fernando Correa\",\"GNL\",\"Golar Power\",\"MAC14\",\"Minist\u00e9rio da Infraestrutura\",\"Pedro Neiva\",\"Porto de Macei\u00f3\",\"Porto de Suape\",\"SUA07\",\"termel\u00e9trica\",\"terminais portu\u00e1rios\",\"VCD10\",\"VCD10A\",\"Vila do Conde\"],\"articleSection\":[\"Geral\",\"iNFRATransporte\"],\"inLanguage\":\"pt-BR\",\"copyrightYear\":\"2020\",\"copyrightHolder\":{\"@id\":\"https:\/\/agenciainfra.com\/blog\/#organization\"}},{\"@type\":\"WebPage\",\"@id\":\"https:\/\/agenciainfra.com\/blog\/governo-se-compromete-a-alterar-projeto-de-terminal-em-vila-do-conde-que-afeta-ute\/\",\"url\":\"https:\/\/agenciainfra.com\/blog\/governo-se-compromete-a-alterar-projeto-de-terminal-em-vila-do-conde-que-afeta-ute\/\",\"name\":\"Governo se compromete a alterar projeto de terminal em Vila do Conde que afeta UTE - Ag\u00eancia iNFRA\",\"isPartOf\":{\"@id\":\"https:\/\/agenciainfra.com\/blog\/#website\"},\"primaryImageOfPage\":{\"@id\":\"https:\/\/agenciainfra.com\/blog\/governo-se-compromete-a-alterar-projeto-de-terminal-em-vila-do-conde-que-afeta-ute\/#primaryimage\"},\"image\":{\"@id\":\"https:\/\/agenciainfra.com\/blog\/governo-se-compromete-a-alterar-projeto-de-terminal-em-vila-do-conde-que-afeta-ute\/#primaryimage\"},\"thumbnailUrl\":\"https:\/\/agenciainfra.com\/blog\/wp-content\/uploads\/2020\/10\/vila-do-conde-foto-ppi.jpeg\",\"datePublished\":\"2020-10-24T11:00:01+00:00\",\"breadcrumb\":{\"@id\":\"https:\/\/agenciainfra.com\/blog\/governo-se-compromete-a-alterar-projeto-de-terminal-em-vila-do-conde-que-afeta-ute\/#breadcrumb\"},\"inLanguage\":\"pt-BR\",\"potentialAction\":[{\"@type\":\"ReadAction\",\"target\":[\"https:\/\/agenciainfra.com\/blog\/governo-se-compromete-a-alterar-projeto-de-terminal-em-vila-do-conde-que-afeta-ute\/\"]}]},{\"@type\":\"ImageObject\",\"inLanguage\":\"pt-BR\",\"@id\":\"https:\/\/agenciainfra.com\/blog\/governo-se-compromete-a-alterar-projeto-de-terminal-em-vila-do-conde-que-afeta-ute\/#primaryimage\",\"url\":\"https:\/\/agenciainfra.com\/blog\/wp-content\/uploads\/2020\/10\/vila-do-conde-foto-ppi.jpeg\",\"contentUrl\":\"https:\/\/agenciainfra.com\/blog\/wp-content\/uploads\/2020\/10\/vila-do-conde-foto-ppi.jpeg\",\"width\":1280,\"height\":853,\"caption\":\"Foto: Divulga\u00e7\u00e3o\/PPI\"},{\"@type\":\"BreadcrumbList\",\"@id\":\"https:\/\/agenciainfra.com\/blog\/governo-se-compromete-a-alterar-projeto-de-terminal-em-vila-do-conde-que-afeta-ute\/#breadcrumb\",\"itemListElement\":[{\"@type\":\"ListItem\",\"position\":1,\"name\":\"In\u00edcio\",\"item\":\"https:\/\/agenciainfra.com\/blog\/\"},{\"@type\":\"ListItem\",\"position\":2,\"name\":\"Governo se compromete a alterar projeto de terminal em Vila do Conde que afeta UTE\"}]},{\"@type\":\"WebSite\",\"@id\":\"https:\/\/agenciainfra.com\/blog\/#website\",\"url\":\"https:\/\/agenciainfra.com\/blog\/\",\"name\":\"Ag\u00eancia iNFRA\",\"description\":\"Multiplataforma de informa\u00e7\u00e3o jornal\u00edstica refer\u00eancia na \u00e1rea de infraestrutura no Brasil!\",\"publisher\":{\"@id\":\"https:\/\/agenciainfra.com\/blog\/#organization\"},\"potentialAction\":[{\"@type\":\"SearchAction\",\"target\":{\"@type\":\"EntryPoint\",\"urlTemplate\":\"https:\/\/agenciainfra.com\/blog\/?s={search_term_string}\"},\"query-input\":{\"@type\":\"PropertyValueSpecification\",\"valueRequired\":true,\"valueName\":\"search_term_string\"}}],\"inLanguage\":\"pt-BR\"},{\"@type\":\"Organization\",\"@id\":\"https:\/\/agenciainfra.com\/blog\/#organization\",\"name\":\"Ag\u00eancia iNFRA\",\"url\":\"https:\/\/agenciainfra.com\/blog\/\",\"logo\":{\"@type\":\"ImageObject\",\"inLanguage\":\"pt-BR\",\"@id\":\"https:\/\/agenciainfra.com\/blog\/#\/schema\/logo\/image\/\",\"url\":\"https:\/\/agenciainfra.com\/blog\/wp-content\/uploads\/2023\/09\/iNFRA_5-e1761735885940.png\",\"contentUrl\":\"https:\/\/agenciainfra.com\/blog\/wp-content\/uploads\/2023\/09\/iNFRA_5-e1761735885940.png\",\"width\":1672,\"height\":454,\"caption\":\"Ag\u00eancia iNFRA\"},\"image\":{\"@id\":\"https:\/\/agenciainfra.com\/blog\/#\/schema\/logo\/image\/\"},\"sameAs\":[\"https:\/\/www.facebook.com\/ageninfra\",\"https:\/\/x.com\/agencia_infra\",\"https:\/\/www.linkedin.com\/company\/ag\u00eanciainfra\/\",\"https:\/\/www.instagram.com\/agenciainfra\/\"]},{\"@type\":\"Person\",\"@id\":\"https:\/\/agenciainfra.com\/blog\/#\/schema\/person\/04dbb79bd6d8951f063da71f3e4c1eb1\",\"name\":\"Rodrigo Zuquim\",\"image\":{\"@type\":\"ImageObject\",\"inLanguage\":\"pt-BR\",\"@id\":\"https:\/\/agenciainfra.com\/blog\/#\/schema\/person\/image\/\",\"url\":\"https:\/\/secure.gravatar.com\/avatar\/594abfe82761d620726242ff34ca472a705a4b97f16c790053a6b4c4035274d0?s=96&d=mm&r=g\",\"contentUrl\":\"https:\/\/secure.gravatar.com\/avatar\/594abfe82761d620726242ff34ca472a705a4b97f16c790053a6b4c4035274d0?s=96&d=mm&r=g\",\"caption\":\"Rodrigo Zuquim\"},\"url\":\"https:\/\/agenciainfra.com\/blog\/author\/rodrigo-zuquim\/\"}]}<\/script>\n<!-- \/ Yoast SEO Premium plugin. -->","yoast_head_json":{"title":"Governo se compromete a alterar projeto de terminal em Vila do Conde que afeta UTE - Ag\u00eancia iNFRA","robots":{"index":"index","follow":"follow","max-snippet":"max-snippet:-1","max-image-preview":"max-image-preview:large","max-video-preview":"max-video-preview:-1"},"canonical":"https:\/\/agenciainfra.com\/blog\/governo-se-compromete-a-alterar-projeto-de-terminal-em-vila-do-conde-que-afeta-ute\/","og_locale":"pt_BR","og_type":"article","og_title":"Governo se compromete a alterar projeto de terminal em Vila do Conde que afeta UTE","og_description":"Dimmi Amora, da&nbsp;Ag\u00eancia iNFRA O governo federal se comprometeu a alterar a proposta apresentada nos estudos de viabilidade para a licita\u00e7\u00e3o de dois terminais portu\u00e1rios em Vila do Conde (PA), o VCD10 e VCD10A, destinados \u00e0 movimenta\u00e7\u00e3o de gran\u00e9is minerais e l\u00edquidos. Os terminais fazem parte do complexo portu\u00e1rio da cadeia do alum\u00ednio na regi\u00e3o [&hellip;]","og_url":"https:\/\/agenciainfra.com\/blog\/governo-se-compromete-a-alterar-projeto-de-terminal-em-vila-do-conde-que-afeta-ute\/","og_site_name":"Ag\u00eancia iNFRA","article_publisher":"https:\/\/www.facebook.com\/ageninfra","article_published_time":"2020-10-24T11:00:01+00:00","og_image":[{"width":1280,"height":853,"url":"https:\/\/agenciainfra.com\/blog\/wp-content\/uploads\/2020\/10\/vila-do-conde-foto-ppi.jpeg","type":"image\/jpeg"}],"author":"Rodrigo Zuquim","twitter_card":"summary_large_image","twitter_creator":"@agencia_infra","twitter_site":"@agencia_infra","twitter_misc":{"Escrito por":"Rodrigo Zuquim","Est. tempo de leitura":"3 minutos"},"schema":{"@context":"https:\/\/schema.org","@graph":[{"@type":"Article","@id":"https:\/\/agenciainfra.com\/blog\/governo-se-compromete-a-alterar-projeto-de-terminal-em-vila-do-conde-que-afeta-ute\/#article","isPartOf":{"@id":"https:\/\/agenciainfra.com\/blog\/governo-se-compromete-a-alterar-projeto-de-terminal-em-vila-do-conde-que-afeta-ute\/"},"author":{"name":"Rodrigo Zuquim","@id":"https:\/\/agenciainfra.com\/blog\/#\/schema\/person\/04dbb79bd6d8951f063da71f3e4c1eb1"},"headline":"Governo se compromete a alterar projeto de terminal em Vila do Conde que afeta UTE","datePublished":"2020-10-24T11:00:01+00:00","mainEntityOfPage":{"@id":"https:\/\/agenciainfra.com\/blog\/governo-se-compromete-a-alterar-projeto-de-terminal-em-vila-do-conde-que-afeta-ute\/"},"wordCount":711,"publisher":{"@id":"https:\/\/agenciainfra.com\/blog\/#organization"},"image":{"@id":"https:\/\/agenciainfra.com\/blog\/governo-se-compromete-a-alterar-projeto-de-terminal-em-vila-do-conde-que-afeta-ute\/#primaryimage"},"thumbnailUrl":"https:\/\/agenciainfra.com\/blog\/wp-content\/uploads\/2020\/10\/vila-do-conde-foto-ppi.jpeg","keywords":["ANTAQ","Arthur Lima","Bruno Pinheiro","CDP","Celba","Companhia Docas do Par\u00e1","Diogo Piloni","EPL","F\u00e1bio Lavor","Fernando Correa","GNL","Golar Power","MAC14","Minist\u00e9rio da Infraestrutura","Pedro Neiva","Porto de Macei\u00f3","Porto de Suape","SUA07","termel\u00e9trica","terminais portu\u00e1rios","VCD10","VCD10A","Vila do Conde"],"articleSection":["Geral","iNFRATransporte"],"inLanguage":"pt-BR","copyrightYear":"2020","copyrightHolder":{"@id":"https:\/\/agenciainfra.com\/blog\/#organization"}},{"@type":"WebPage","@id":"https:\/\/agenciainfra.com\/blog\/governo-se-compromete-a-alterar-projeto-de-terminal-em-vila-do-conde-que-afeta-ute\/","url":"https:\/\/agenciainfra.com\/blog\/governo-se-compromete-a-alterar-projeto-de-terminal-em-vila-do-conde-que-afeta-ute\/","name":"Governo se compromete a alterar projeto de terminal em Vila do Conde que afeta UTE - Ag\u00eancia iNFRA","isPartOf":{"@id":"https:\/\/agenciainfra.com\/blog\/#website"},"primaryImageOfPage":{"@id":"https:\/\/agenciainfra.com\/blog\/governo-se-compromete-a-alterar-projeto-de-terminal-em-vila-do-conde-que-afeta-ute\/#primaryimage"},"image":{"@id":"https:\/\/agenciainfra.com\/blog\/governo-se-compromete-a-alterar-projeto-de-terminal-em-vila-do-conde-que-afeta-ute\/#primaryimage"},"thumbnailUrl":"https:\/\/agenciainfra.com\/blog\/wp-content\/uploads\/2020\/10\/vila-do-conde-foto-ppi.jpeg","datePublished":"2020-10-24T11:00:01+00:00","breadcrumb":{"@id":"https:\/\/agenciainfra.com\/blog\/governo-se-compromete-a-alterar-projeto-de-terminal-em-vila-do-conde-que-afeta-ute\/#breadcrumb"},"inLanguage":"pt-BR","potentialAction":[{"@type":"ReadAction","target":["https:\/\/agenciainfra.com\/blog\/governo-se-compromete-a-alterar-projeto-de-terminal-em-vila-do-conde-que-afeta-ute\/"]}]},{"@type":"ImageObject","inLanguage":"pt-BR","@id":"https:\/\/agenciainfra.com\/blog\/governo-se-compromete-a-alterar-projeto-de-terminal-em-vila-do-conde-que-afeta-ute\/#primaryimage","url":"https:\/\/agenciainfra.com\/blog\/wp-content\/uploads\/2020\/10\/vila-do-conde-foto-ppi.jpeg","contentUrl":"https:\/\/agenciainfra.com\/blog\/wp-content\/uploads\/2020\/10\/vila-do-conde-foto-ppi.jpeg","width":1280,"height":853,"caption":"Foto: Divulga\u00e7\u00e3o\/PPI"},{"@type":"BreadcrumbList","@id":"https:\/\/agenciainfra.com\/blog\/governo-se-compromete-a-alterar-projeto-de-terminal-em-vila-do-conde-que-afeta-ute\/#breadcrumb","itemListElement":[{"@type":"ListItem","position":1,"name":"In\u00edcio","item":"https:\/\/agenciainfra.com\/blog\/"},{"@type":"ListItem","position":2,"name":"Governo se compromete a alterar projeto de terminal em Vila do Conde que afeta UTE"}]},{"@type":"WebSite","@id":"https:\/\/agenciainfra.com\/blog\/#website","url":"https:\/\/agenciainfra.com\/blog\/","name":"Ag\u00eancia iNFRA","description":"Multiplataforma de informa\u00e7\u00e3o jornal\u00edstica refer\u00eancia na \u00e1rea de infraestrutura no Brasil!","publisher":{"@id":"https:\/\/agenciainfra.com\/blog\/#organization"},"potentialAction":[{"@type":"SearchAction","target":{"@type":"EntryPoint","urlTemplate":"https:\/\/agenciainfra.com\/blog\/?s={search_term_string}"},"query-input":{"@type":"PropertyValueSpecification","valueRequired":true,"valueName":"search_term_string"}}],"inLanguage":"pt-BR"},{"@type":"Organization","@id":"https:\/\/agenciainfra.com\/blog\/#organization","name":"Ag\u00eancia iNFRA","url":"https:\/\/agenciainfra.com\/blog\/","logo":{"@type":"ImageObject","inLanguage":"pt-BR","@id":"https:\/\/agenciainfra.com\/blog\/#\/schema\/logo\/image\/","url":"https:\/\/agenciainfra.com\/blog\/wp-content\/uploads\/2023\/09\/iNFRA_5-e1761735885940.png","contentUrl":"https:\/\/agenciainfra.com\/blog\/wp-content\/uploads\/2023\/09\/iNFRA_5-e1761735885940.png","width":1672,"height":454,"caption":"Ag\u00eancia iNFRA"},"image":{"@id":"https:\/\/agenciainfra.com\/blog\/#\/schema\/logo\/image\/"},"sameAs":["https:\/\/www.facebook.com\/ageninfra","https:\/\/x.com\/agencia_infra","https:\/\/www.linkedin.com\/company\/ag\u00eanciainfra\/","https:\/\/www.instagram.com\/agenciainfra\/"]},{"@type":"Person","@id":"https:\/\/agenciainfra.com\/blog\/#\/schema\/person\/04dbb79bd6d8951f063da71f3e4c1eb1","name":"Rodrigo Zuquim","image":{"@type":"ImageObject","inLanguage":"pt-BR","@id":"https:\/\/agenciainfra.com\/blog\/#\/schema\/person\/image\/","url":"https:\/\/secure.gravatar.com\/avatar\/594abfe82761d620726242ff34ca472a705a4b97f16c790053a6b4c4035274d0?s=96&d=mm&r=g","contentUrl":"https:\/\/secure.gravatar.com\/avatar\/594abfe82761d620726242ff34ca472a705a4b97f16c790053a6b4c4035274d0?s=96&d=mm&r=g","caption":"Rodrigo Zuquim"},"url":"https:\/\/agenciainfra.com\/blog\/author\/rodrigo-zuquim\/"}]}},"_links":{"self":[{"href":"https:\/\/agenciainfra.com\/blog\/wp-json\/wp\/v2\/posts\/6191","targetHints":{"allow":["GET"]}}],"collection":[{"href":"https:\/\/agenciainfra.com\/blog\/wp-json\/wp\/v2\/posts"}],"about":[{"href":"https:\/\/agenciainfra.com\/blog\/wp-json\/wp\/v2\/types\/post"}],"author":[{"embeddable":true,"href":"https:\/\/agenciainfra.com\/blog\/wp-json\/wp\/v2\/users\/9"}],"replies":[{"embeddable":true,"href":"https:\/\/agenciainfra.com\/blog\/wp-json\/wp\/v2\/comments?post=6191"}],"version-history":[{"count":0,"href":"https:\/\/agenciainfra.com\/blog\/wp-json\/wp\/v2\/posts\/6191\/revisions"}],"wp:featuredmedia":[{"embeddable":true,"href":"https:\/\/agenciainfra.com\/blog\/wp-json\/wp\/v2\/media\/6192"}],"wp:attachment":[{"href":"https:\/\/agenciainfra.com\/blog\/wp-json\/wp\/v2\/media?parent=6191"}],"wp:term":[{"taxonomy":"category","embeddable":true,"href":"https:\/\/agenciainfra.com\/blog\/wp-json\/wp\/v2\/categories?post=6191"},{"taxonomy":"post_tag","embeddable":true,"href":"https:\/\/agenciainfra.com\/blog\/wp-json\/wp\/v2\/tags?post=6191"}],"curies":[{"name":"wp","href":"https:\/\/api.w.org\/{rel}","templated":true}]}}