{"id":6246,"date":"2020-10-27T08:04:31","date_gmt":"2020-10-27T11:04:31","guid":{"rendered":"https:\/\/www.agenciainfra.com\/blog\/?p=6246"},"modified":"2020-10-27T08:04:39","modified_gmt":"2020-10-27T11:04:39","slug":"estrategia-de-desenvolvimento-do-governo-federal-preve-pib-crescendo-35-no-ano-e-dobrar-taxa-de-investimento-ate-2013","status":"publish","type":"post","link":"https:\/\/agenciainfra.com\/blog\/estrategia-de-desenvolvimento-do-governo-federal-preve-pib-crescendo-35-no-ano-e-dobrar-taxa-de-investimento-ate-2013\/","title":{"rendered":"Estrat\u00e9gia de desenvolvimento do governo federal prev\u00ea PIB crescendo 3,5% no ano e dobrar taxa de investimento at\u00e9 2013"},"content":{"rendered":"\n<p class=\"has-text-align-right\"><strong>da Ag\u00eancia iNFRA<\/strong><\/p>\n\n\n\n<p>Decreto 10.531 instituiu a Estrat\u00e9gia Federal de Desenvolvimento para o Brasil no per\u00edodo de 2020 a 2031. A publica\u00e7\u00e3o est\u00e1 no Di\u00e1rio Oficial da Uni\u00e3o desta ter\u00e7a-feira (27), dispon\u00edvel <a rel=\"noreferrer noopener\" href=\"https:\/\/pesquisa.in.gov.br\/imprensa\/jsp\/visualiza\/index.jsp?data=27\/10\/2020&amp;jornal=515&amp;pagina=3&amp;totalArquivos=124\" target=\"_blank\" data-type=\"URL\" data-id=\"https:\/\/pesquisa.in.gov.br\/imprensa\/jsp\/visualiza\/index.jsp?data=27\/10\/2020&amp;jornal=515&amp;pagina=3&amp;totalArquivos=124\">neste link<\/a>.<\/p>\n\n\n\n<p>De acordo com o ato, o objetivo da estrat\u00e9gia \u00e9 &#8220;definir a vis\u00e3o de longo prazo para a atua\u00e7\u00e3o est\u00e1vel e coerente dos \u00f3rg\u00e3os e das entidades da administra\u00e7\u00e3o p\u00fablica federal direta, aut\u00e1rquica e fundacional&#8221;.<\/p>\n\n\n\n<p>Os \u00f3rg\u00e3os dever\u00e3o considerar as proje\u00e7\u00f5es feitas no documento em seus planejamentos, inclusive nos futuros planos plurianuais, documentos que balizam os or\u00e7amentos anuais do governo.<\/p>\n\n\n\n<p>A estrat\u00e9gia prev\u00ea um cen\u00e1rio de refer\u00eancia com crescimento de PIB de 2,2% ao ano at\u00e9 2031 e crescimento populacional de 0,6% ao ano. No chamado cen\u00e1rio transformador, o crescimento do PIB seria de 3,5% ao ano.<\/p>\n\n\n\n<p>Para que isso ocorra, o documento informa que seriam necess\u00e1rias reformas amplas para aumentar a produtividade da economia em 1% ao ano e uma taxa de investimentos de 2,9% ao ano no per\u00edodo. No cen\u00e1rio refer\u00eancia, a taxa de investimentos seria de 1,8%.<\/p>\n\n\n\n<p>Outra meta \u00e9 levar o IDH (\u00cdndice de Desenvolvimento Humano) dos atuais 0,761 para 0,808 (cen\u00e1rio base) ou 0,842 (cen\u00e1rio transformador).<\/p>\n\n\n\n<p>No eixo institucional, s\u00e3o estabelecidas metas a serem alcan\u00e7adas para medi\u00e7\u00f5es feitas por organiza\u00e7\u00f5es multilaterais como o Banco Mundial e a ONU. No caso da qualidade regulat\u00f3ria, a meta \u00e9 quase dobrar o indicador de governan\u00e7a do Banco Mundial para esse fim.<\/p>\n\n\n\n<p>No eixo infraestrutura s\u00e3o apontadas tr\u00eas metas: que a participa\u00e7\u00e3o no PIB saia dos atuais 1,3% para 1,8% (base) ou 3,4% (transformador); o indicador do F\u00f3rum Econ\u00f4mico Mundial para qualidade de infraestrutura saia de 65,5 para 68,3 ou 72,4; e a porcentagem de domic\u00edlios com condi\u00e7\u00e3o satisfat\u00f3ria, medida pelo IBGE, pule de 55,4% para 65% ou 75%.<\/p>\n\n\n\n<p>Para isso, a proposta fala em amplia\u00e7\u00e3o da seguran\u00e7a jur\u00eddica para investimentos do capital privado e &#8220;mapear e ampliar a explora\u00e7\u00e3o de receitas alternativas, complementares ou acess\u00f3rias em concess\u00f5es de servi\u00e7os p\u00fablicos na \u00e1rea de infraestrutura, de modo a garantir a sua atratividade para o investimento privado&#8221;.<\/p>\n","protected":false},"excerpt":{"rendered":"<p>da Ag\u00eancia iNFRA Decreto 10.531 instituiu a Estrat\u00e9gia Federal de Desenvolvimento para o Brasil no per\u00edodo de 2020 a 2031. A publica\u00e7\u00e3o est\u00e1 no Di\u00e1rio Oficial da Uni\u00e3o desta ter\u00e7a-feira (27), dispon\u00edvel neste link. De acordo com o ato, o objetivo da estrat\u00e9gia \u00e9 &#8220;definir a vis\u00e3o de longo prazo para a atua\u00e7\u00e3o est\u00e1vel e [&hellip;]<\/p>\n","protected":false},"author":9,"featured_media":6247,"comment_status":"closed","ping_status":"closed","sticky":false,"template":"","format":"standard","meta":{"_monsterinsights_skip_tracking":false,"_monsterinsights_sitenote_active":false,"_monsterinsights_sitenote_note":"","_monsterinsights_sitenote_category":0,"footnotes":""},"categories":[1,2052],"tags":[522,700,731,2900,2462,2903,34,702,2846,33,2902,2901],"class_list":["post-6246","post","type-post","status-publish","format-standard","has-post-thumbnail","hentry","category-geral","category-infra-transicao","tag-banco-mundial","tag-desenvolvimento","tag-economia","tag-estrategia-federal-de-desenvolvimento-para-o-brasil","tag-forum-economico-mundial","tag-idh","tag-infraestrutura","tag-investimento","tag-onu","tag-pib","tag-produtividade","tag-reformas"],"yoast_head":"<!-- This site is optimized with the Yoast SEO Premium plugin v25.4 (Yoast SEO v26.0) - https:\/\/yoast.com\/wordpress\/plugins\/seo\/ -->\n<title>Estrat\u00e9gia de desenvolvimento do governo federal prev\u00ea PIB crescendo 3,5% no ano e dobrar taxa de investimento at\u00e9 2013 - Ag\u00eancia iNFRA<\/title>\n<meta name=\"robots\" content=\"index, follow, max-snippet:-1, max-image-preview:large, max-video-preview:-1\" \/>\n<link rel=\"canonical\" href=\"https:\/\/agenciainfra.com\/blog\/estrategia-de-desenvolvimento-do-governo-federal-preve-pib-crescendo-35-no-ano-e-dobrar-taxa-de-investimento-ate-2013\/\" \/>\n<meta property=\"og:locale\" content=\"pt_BR\" \/>\n<meta property=\"og:type\" content=\"article\" \/>\n<meta property=\"og:title\" content=\"Estrat\u00e9gia de desenvolvimento do governo federal prev\u00ea PIB crescendo 3,5% no ano e dobrar taxa de investimento at\u00e9 2013\" \/>\n<meta property=\"og:description\" content=\"da Ag\u00eancia iNFRA Decreto 10.531 instituiu a Estrat\u00e9gia Federal de Desenvolvimento para o Brasil no per\u00edodo de 2020 a 2031. A publica\u00e7\u00e3o est\u00e1 no Di\u00e1rio Oficial da Uni\u00e3o desta ter\u00e7a-feira (27), dispon\u00edvel neste link. De acordo com o ato, o objetivo da estrat\u00e9gia \u00e9 &#8220;definir a vis\u00e3o de longo prazo para a atua\u00e7\u00e3o est\u00e1vel e [&hellip;]\" \/>\n<meta property=\"og:url\" content=\"https:\/\/agenciainfra.com\/blog\/estrategia-de-desenvolvimento-do-governo-federal-preve-pib-crescendo-35-no-ano-e-dobrar-taxa-de-investimento-ate-2013\/\" \/>\n<meta property=\"og:site_name\" content=\"Ag\u00eancia iNFRA\" \/>\n<meta property=\"article:publisher\" content=\"https:\/\/www.facebook.com\/ageninfra\" \/>\n<meta property=\"article:published_time\" content=\"2020-10-27T11:04:31+00:00\" \/>\n<meta property=\"article:modified_time\" content=\"2020-10-27T11:04:39+00:00\" \/>\n<meta property=\"og:image\" content=\"https:\/\/agenciainfra.com\/blog\/wp-content\/uploads\/2020\/10\/palacio-do-planalto-foto-roberto-stuckert-filho-presidencia-da-republica.jpeg\" \/>\n\t<meta property=\"og:image:width\" content=\"1280\" \/>\n\t<meta property=\"og:image:height\" content=\"853\" \/>\n\t<meta property=\"og:image:type\" content=\"image\/jpeg\" \/>\n<meta name=\"author\" content=\"Rodrigo Zuquim\" \/>\n<meta name=\"twitter:card\" content=\"summary_large_image\" \/>\n<meta name=\"twitter:creator\" content=\"@agencia_infra\" \/>\n<meta name=\"twitter:site\" content=\"@agencia_infra\" \/>\n<meta name=\"twitter:label1\" content=\"Escrito por\" \/>\n\t<meta name=\"twitter:data1\" content=\"Rodrigo Zuquim\" \/>\n\t<meta name=\"twitter:label2\" content=\"Est. tempo de leitura\" \/>\n\t<meta name=\"twitter:data2\" content=\"2 minutos\" \/>\n<script type=\"application\/ld+json\" class=\"yoast-schema-graph\">{\"@context\":\"https:\/\/schema.org\",\"@graph\":[{\"@type\":\"Article\",\"@id\":\"https:\/\/agenciainfra.com\/blog\/estrategia-de-desenvolvimento-do-governo-federal-preve-pib-crescendo-35-no-ano-e-dobrar-taxa-de-investimento-ate-2013\/#article\",\"isPartOf\":{\"@id\":\"https:\/\/agenciainfra.com\/blog\/estrategia-de-desenvolvimento-do-governo-federal-preve-pib-crescendo-35-no-ano-e-dobrar-taxa-de-investimento-ate-2013\/\"},\"author\":{\"name\":\"Rodrigo Zuquim\",\"@id\":\"https:\/\/agenciainfra.com\/blog\/#\/schema\/person\/04dbb79bd6d8951f063da71f3e4c1eb1\"},\"headline\":\"Estrat\u00e9gia de desenvolvimento do governo federal prev\u00ea PIB crescendo 3,5% no ano e dobrar taxa de investimento at\u00e9 2013\",\"datePublished\":\"2020-10-27T11:04:31+00:00\",\"dateModified\":\"2020-10-27T11:04:39+00:00\",\"mainEntityOfPage\":{\"@id\":\"https:\/\/agenciainfra.com\/blog\/estrategia-de-desenvolvimento-do-governo-federal-preve-pib-crescendo-35-no-ano-e-dobrar-taxa-de-investimento-ate-2013\/\"},\"wordCount\":385,\"publisher\":{\"@id\":\"https:\/\/agenciainfra.com\/blog\/#organization\"},\"image\":{\"@id\":\"https:\/\/agenciainfra.com\/blog\/estrategia-de-desenvolvimento-do-governo-federal-preve-pib-crescendo-35-no-ano-e-dobrar-taxa-de-investimento-ate-2013\/#primaryimage\"},\"thumbnailUrl\":\"https:\/\/agenciainfra.com\/blog\/wp-content\/uploads\/2020\/10\/palacio-do-planalto-foto-roberto-stuckert-filho-presidencia-da-republica.jpeg\",\"keywords\":[\"Banco Mundial\",\"desenvolvimento\",\"economia\",\"Estrat\u00e9gia Federal de Desenvolvimento para o Brasil\",\"F\u00f3rum Econ\u00f4mico Mundial\",\"IDH\",\"Infraestrutura\",\"Investimento\",\"ONU\",\"PIB\",\"produtividade\",\"reformas\"],\"articleSection\":[\"Geral\",\"iNFRA Na Transi\u00e7\u00e3o\"],\"inLanguage\":\"pt-BR\",\"copyrightYear\":\"2020\",\"copyrightHolder\":{\"@id\":\"https:\/\/agenciainfra.com\/blog\/#organization\"}},{\"@type\":\"WebPage\",\"@id\":\"https:\/\/agenciainfra.com\/blog\/estrategia-de-desenvolvimento-do-governo-federal-preve-pib-crescendo-35-no-ano-e-dobrar-taxa-de-investimento-ate-2013\/\",\"url\":\"https:\/\/agenciainfra.com\/blog\/estrategia-de-desenvolvimento-do-governo-federal-preve-pib-crescendo-35-no-ano-e-dobrar-taxa-de-investimento-ate-2013\/\",\"name\":\"Estrat\u00e9gia de desenvolvimento do governo federal prev\u00ea PIB crescendo 3,5% no ano e dobrar taxa de investimento at\u00e9 2013 - Ag\u00eancia iNFRA\",\"isPartOf\":{\"@id\":\"https:\/\/agenciainfra.com\/blog\/#website\"},\"primaryImageOfPage\":{\"@id\":\"https:\/\/agenciainfra.com\/blog\/estrategia-de-desenvolvimento-do-governo-federal-preve-pib-crescendo-35-no-ano-e-dobrar-taxa-de-investimento-ate-2013\/#primaryimage\"},\"image\":{\"@id\":\"https:\/\/agenciainfra.com\/blog\/estrategia-de-desenvolvimento-do-governo-federal-preve-pib-crescendo-35-no-ano-e-dobrar-taxa-de-investimento-ate-2013\/#primaryimage\"},\"thumbnailUrl\":\"https:\/\/agenciainfra.com\/blog\/wp-content\/uploads\/2020\/10\/palacio-do-planalto-foto-roberto-stuckert-filho-presidencia-da-republica.jpeg\",\"datePublished\":\"2020-10-27T11:04:31+00:00\",\"dateModified\":\"2020-10-27T11:04:39+00:00\",\"breadcrumb\":{\"@id\":\"https:\/\/agenciainfra.com\/blog\/estrategia-de-desenvolvimento-do-governo-federal-preve-pib-crescendo-35-no-ano-e-dobrar-taxa-de-investimento-ate-2013\/#breadcrumb\"},\"inLanguage\":\"pt-BR\",\"potentialAction\":[{\"@type\":\"ReadAction\",\"target\":[\"https:\/\/agenciainfra.com\/blog\/estrategia-de-desenvolvimento-do-governo-federal-preve-pib-crescendo-35-no-ano-e-dobrar-taxa-de-investimento-ate-2013\/\"]}]},{\"@type\":\"ImageObject\",\"inLanguage\":\"pt-BR\",\"@id\":\"https:\/\/agenciainfra.com\/blog\/estrategia-de-desenvolvimento-do-governo-federal-preve-pib-crescendo-35-no-ano-e-dobrar-taxa-de-investimento-ate-2013\/#primaryimage\",\"url\":\"https:\/\/agenciainfra.com\/blog\/wp-content\/uploads\/2020\/10\/palacio-do-planalto-foto-roberto-stuckert-filho-presidencia-da-republica.jpeg\",\"contentUrl\":\"https:\/\/agenciainfra.com\/blog\/wp-content\/uploads\/2020\/10\/palacio-do-planalto-foto-roberto-stuckert-filho-presidencia-da-republica.jpeg\",\"width\":1280,\"height\":853},{\"@type\":\"BreadcrumbList\",\"@id\":\"https:\/\/agenciainfra.com\/blog\/estrategia-de-desenvolvimento-do-governo-federal-preve-pib-crescendo-35-no-ano-e-dobrar-taxa-de-investimento-ate-2013\/#breadcrumb\",\"itemListElement\":[{\"@type\":\"ListItem\",\"position\":1,\"name\":\"In\u00edcio\",\"item\":\"https:\/\/agenciainfra.com\/blog\/\"},{\"@type\":\"ListItem\",\"position\":2,\"name\":\"Estrat\u00e9gia de desenvolvimento do governo federal prev\u00ea PIB crescendo 3,5% no ano e dobrar taxa de investimento at\u00e9 2013\"}]},{\"@type\":\"WebSite\",\"@id\":\"https:\/\/agenciainfra.com\/blog\/#website\",\"url\":\"https:\/\/agenciainfra.com\/blog\/\",\"name\":\"Ag\u00eancia iNFRA\",\"description\":\"Multiplataforma de informa\u00e7\u00e3o jornal\u00edstica refer\u00eancia na \u00e1rea de infraestrutura no Brasil!\",\"publisher\":{\"@id\":\"https:\/\/agenciainfra.com\/blog\/#organization\"},\"potentialAction\":[{\"@type\":\"SearchAction\",\"target\":{\"@type\":\"EntryPoint\",\"urlTemplate\":\"https:\/\/agenciainfra.com\/blog\/?s={search_term_string}\"},\"query-input\":{\"@type\":\"PropertyValueSpecification\",\"valueRequired\":true,\"valueName\":\"search_term_string\"}}],\"inLanguage\":\"pt-BR\"},{\"@type\":\"Organization\",\"@id\":\"https:\/\/agenciainfra.com\/blog\/#organization\",\"name\":\"Ag\u00eancia iNFRA\",\"url\":\"https:\/\/agenciainfra.com\/blog\/\",\"logo\":{\"@type\":\"ImageObject\",\"inLanguage\":\"pt-BR\",\"@id\":\"https:\/\/agenciainfra.com\/blog\/#\/schema\/logo\/image\/\",\"url\":\"https:\/\/agenciainfra.com\/blog\/wp-content\/uploads\/2023\/09\/iNFRA_5-e1761735885940.png\",\"contentUrl\":\"https:\/\/agenciainfra.com\/blog\/wp-content\/uploads\/2023\/09\/iNFRA_5-e1761735885940.png\",\"width\":1672,\"height\":454,\"caption\":\"Ag\u00eancia iNFRA\"},\"image\":{\"@id\":\"https:\/\/agenciainfra.com\/blog\/#\/schema\/logo\/image\/\"},\"sameAs\":[\"https:\/\/www.facebook.com\/ageninfra\",\"https:\/\/x.com\/agencia_infra\",\"https:\/\/www.linkedin.com\/company\/ag\u00eanciainfra\/\",\"https:\/\/www.instagram.com\/agenciainfra\/\"]},{\"@type\":\"Person\",\"@id\":\"https:\/\/agenciainfra.com\/blog\/#\/schema\/person\/04dbb79bd6d8951f063da71f3e4c1eb1\",\"name\":\"Rodrigo Zuquim\",\"image\":{\"@type\":\"ImageObject\",\"inLanguage\":\"pt-BR\",\"@id\":\"https:\/\/agenciainfra.com\/blog\/#\/schema\/person\/image\/\",\"url\":\"https:\/\/secure.gravatar.com\/avatar\/594abfe82761d620726242ff34ca472a705a4b97f16c790053a6b4c4035274d0?s=96&d=mm&r=g\",\"contentUrl\":\"https:\/\/secure.gravatar.com\/avatar\/594abfe82761d620726242ff34ca472a705a4b97f16c790053a6b4c4035274d0?s=96&d=mm&r=g\",\"caption\":\"Rodrigo Zuquim\"},\"url\":\"https:\/\/agenciainfra.com\/blog\/author\/rodrigo-zuquim\/\"}]}<\/script>\n<!-- \/ Yoast SEO Premium plugin. -->","yoast_head_json":{"title":"Estrat\u00e9gia de desenvolvimento do governo federal prev\u00ea PIB crescendo 3,5% no ano e dobrar taxa de investimento at\u00e9 2013 - Ag\u00eancia iNFRA","robots":{"index":"index","follow":"follow","max-snippet":"max-snippet:-1","max-image-preview":"max-image-preview:large","max-video-preview":"max-video-preview:-1"},"canonical":"https:\/\/agenciainfra.com\/blog\/estrategia-de-desenvolvimento-do-governo-federal-preve-pib-crescendo-35-no-ano-e-dobrar-taxa-de-investimento-ate-2013\/","og_locale":"pt_BR","og_type":"article","og_title":"Estrat\u00e9gia de desenvolvimento do governo federal prev\u00ea PIB crescendo 3,5% no ano e dobrar taxa de investimento at\u00e9 2013","og_description":"da Ag\u00eancia iNFRA Decreto 10.531 instituiu a Estrat\u00e9gia Federal de Desenvolvimento para o Brasil no per\u00edodo de 2020 a 2031. A publica\u00e7\u00e3o est\u00e1 no Di\u00e1rio Oficial da Uni\u00e3o desta ter\u00e7a-feira (27), dispon\u00edvel neste link. De acordo com o ato, o objetivo da estrat\u00e9gia \u00e9 &#8220;definir a vis\u00e3o de longo prazo para a atua\u00e7\u00e3o est\u00e1vel e [&hellip;]","og_url":"https:\/\/agenciainfra.com\/blog\/estrategia-de-desenvolvimento-do-governo-federal-preve-pib-crescendo-35-no-ano-e-dobrar-taxa-de-investimento-ate-2013\/","og_site_name":"Ag\u00eancia iNFRA","article_publisher":"https:\/\/www.facebook.com\/ageninfra","article_published_time":"2020-10-27T11:04:31+00:00","article_modified_time":"2020-10-27T11:04:39+00:00","og_image":[{"width":1280,"height":853,"url":"https:\/\/agenciainfra.com\/blog\/wp-content\/uploads\/2020\/10\/palacio-do-planalto-foto-roberto-stuckert-filho-presidencia-da-republica.jpeg","type":"image\/jpeg"}],"author":"Rodrigo Zuquim","twitter_card":"summary_large_image","twitter_creator":"@agencia_infra","twitter_site":"@agencia_infra","twitter_misc":{"Escrito por":"Rodrigo Zuquim","Est. tempo de leitura":"2 minutos"},"schema":{"@context":"https:\/\/schema.org","@graph":[{"@type":"Article","@id":"https:\/\/agenciainfra.com\/blog\/estrategia-de-desenvolvimento-do-governo-federal-preve-pib-crescendo-35-no-ano-e-dobrar-taxa-de-investimento-ate-2013\/#article","isPartOf":{"@id":"https:\/\/agenciainfra.com\/blog\/estrategia-de-desenvolvimento-do-governo-federal-preve-pib-crescendo-35-no-ano-e-dobrar-taxa-de-investimento-ate-2013\/"},"author":{"name":"Rodrigo Zuquim","@id":"https:\/\/agenciainfra.com\/blog\/#\/schema\/person\/04dbb79bd6d8951f063da71f3e4c1eb1"},"headline":"Estrat\u00e9gia de desenvolvimento do governo federal prev\u00ea PIB crescendo 3,5% no ano e dobrar taxa de investimento at\u00e9 2013","datePublished":"2020-10-27T11:04:31+00:00","dateModified":"2020-10-27T11:04:39+00:00","mainEntityOfPage":{"@id":"https:\/\/agenciainfra.com\/blog\/estrategia-de-desenvolvimento-do-governo-federal-preve-pib-crescendo-35-no-ano-e-dobrar-taxa-de-investimento-ate-2013\/"},"wordCount":385,"publisher":{"@id":"https:\/\/agenciainfra.com\/blog\/#organization"},"image":{"@id":"https:\/\/agenciainfra.com\/blog\/estrategia-de-desenvolvimento-do-governo-federal-preve-pib-crescendo-35-no-ano-e-dobrar-taxa-de-investimento-ate-2013\/#primaryimage"},"thumbnailUrl":"https:\/\/agenciainfra.com\/blog\/wp-content\/uploads\/2020\/10\/palacio-do-planalto-foto-roberto-stuckert-filho-presidencia-da-republica.jpeg","keywords":["Banco Mundial","desenvolvimento","economia","Estrat\u00e9gia Federal de Desenvolvimento para o Brasil","F\u00f3rum Econ\u00f4mico Mundial","IDH","Infraestrutura","Investimento","ONU","PIB","produtividade","reformas"],"articleSection":["Geral","iNFRA Na Transi\u00e7\u00e3o"],"inLanguage":"pt-BR","copyrightYear":"2020","copyrightHolder":{"@id":"https:\/\/agenciainfra.com\/blog\/#organization"}},{"@type":"WebPage","@id":"https:\/\/agenciainfra.com\/blog\/estrategia-de-desenvolvimento-do-governo-federal-preve-pib-crescendo-35-no-ano-e-dobrar-taxa-de-investimento-ate-2013\/","url":"https:\/\/agenciainfra.com\/blog\/estrategia-de-desenvolvimento-do-governo-federal-preve-pib-crescendo-35-no-ano-e-dobrar-taxa-de-investimento-ate-2013\/","name":"Estrat\u00e9gia de desenvolvimento do governo federal prev\u00ea PIB crescendo 3,5% no ano e dobrar taxa de investimento at\u00e9 2013 - Ag\u00eancia iNFRA","isPartOf":{"@id":"https:\/\/agenciainfra.com\/blog\/#website"},"primaryImageOfPage":{"@id":"https:\/\/agenciainfra.com\/blog\/estrategia-de-desenvolvimento-do-governo-federal-preve-pib-crescendo-35-no-ano-e-dobrar-taxa-de-investimento-ate-2013\/#primaryimage"},"image":{"@id":"https:\/\/agenciainfra.com\/blog\/estrategia-de-desenvolvimento-do-governo-federal-preve-pib-crescendo-35-no-ano-e-dobrar-taxa-de-investimento-ate-2013\/#primaryimage"},"thumbnailUrl":"https:\/\/agenciainfra.com\/blog\/wp-content\/uploads\/2020\/10\/palacio-do-planalto-foto-roberto-stuckert-filho-presidencia-da-republica.jpeg","datePublished":"2020-10-27T11:04:31+00:00","dateModified":"2020-10-27T11:04:39+00:00","breadcrumb":{"@id":"https:\/\/agenciainfra.com\/blog\/estrategia-de-desenvolvimento-do-governo-federal-preve-pib-crescendo-35-no-ano-e-dobrar-taxa-de-investimento-ate-2013\/#breadcrumb"},"inLanguage":"pt-BR","potentialAction":[{"@type":"ReadAction","target":["https:\/\/agenciainfra.com\/blog\/estrategia-de-desenvolvimento-do-governo-federal-preve-pib-crescendo-35-no-ano-e-dobrar-taxa-de-investimento-ate-2013\/"]}]},{"@type":"ImageObject","inLanguage":"pt-BR","@id":"https:\/\/agenciainfra.com\/blog\/estrategia-de-desenvolvimento-do-governo-federal-preve-pib-crescendo-35-no-ano-e-dobrar-taxa-de-investimento-ate-2013\/#primaryimage","url":"https:\/\/agenciainfra.com\/blog\/wp-content\/uploads\/2020\/10\/palacio-do-planalto-foto-roberto-stuckert-filho-presidencia-da-republica.jpeg","contentUrl":"https:\/\/agenciainfra.com\/blog\/wp-content\/uploads\/2020\/10\/palacio-do-planalto-foto-roberto-stuckert-filho-presidencia-da-republica.jpeg","width":1280,"height":853},{"@type":"BreadcrumbList","@id":"https:\/\/agenciainfra.com\/blog\/estrategia-de-desenvolvimento-do-governo-federal-preve-pib-crescendo-35-no-ano-e-dobrar-taxa-de-investimento-ate-2013\/#breadcrumb","itemListElement":[{"@type":"ListItem","position":1,"name":"In\u00edcio","item":"https:\/\/agenciainfra.com\/blog\/"},{"@type":"ListItem","position":2,"name":"Estrat\u00e9gia de desenvolvimento do governo federal prev\u00ea PIB crescendo 3,5% no ano e dobrar taxa de investimento at\u00e9 2013"}]},{"@type":"WebSite","@id":"https:\/\/agenciainfra.com\/blog\/#website","url":"https:\/\/agenciainfra.com\/blog\/","name":"Ag\u00eancia iNFRA","description":"Multiplataforma de informa\u00e7\u00e3o jornal\u00edstica refer\u00eancia na \u00e1rea de infraestrutura no Brasil!","publisher":{"@id":"https:\/\/agenciainfra.com\/blog\/#organization"},"potentialAction":[{"@type":"SearchAction","target":{"@type":"EntryPoint","urlTemplate":"https:\/\/agenciainfra.com\/blog\/?s={search_term_string}"},"query-input":{"@type":"PropertyValueSpecification","valueRequired":true,"valueName":"search_term_string"}}],"inLanguage":"pt-BR"},{"@type":"Organization","@id":"https:\/\/agenciainfra.com\/blog\/#organization","name":"Ag\u00eancia iNFRA","url":"https:\/\/agenciainfra.com\/blog\/","logo":{"@type":"ImageObject","inLanguage":"pt-BR","@id":"https:\/\/agenciainfra.com\/blog\/#\/schema\/logo\/image\/","url":"https:\/\/agenciainfra.com\/blog\/wp-content\/uploads\/2023\/09\/iNFRA_5-e1761735885940.png","contentUrl":"https:\/\/agenciainfra.com\/blog\/wp-content\/uploads\/2023\/09\/iNFRA_5-e1761735885940.png","width":1672,"height":454,"caption":"Ag\u00eancia iNFRA"},"image":{"@id":"https:\/\/agenciainfra.com\/blog\/#\/schema\/logo\/image\/"},"sameAs":["https:\/\/www.facebook.com\/ageninfra","https:\/\/x.com\/agencia_infra","https:\/\/www.linkedin.com\/company\/ag\u00eanciainfra\/","https:\/\/www.instagram.com\/agenciainfra\/"]},{"@type":"Person","@id":"https:\/\/agenciainfra.com\/blog\/#\/schema\/person\/04dbb79bd6d8951f063da71f3e4c1eb1","name":"Rodrigo Zuquim","image":{"@type":"ImageObject","inLanguage":"pt-BR","@id":"https:\/\/agenciainfra.com\/blog\/#\/schema\/person\/image\/","url":"https:\/\/secure.gravatar.com\/avatar\/594abfe82761d620726242ff34ca472a705a4b97f16c790053a6b4c4035274d0?s=96&d=mm&r=g","contentUrl":"https:\/\/secure.gravatar.com\/avatar\/594abfe82761d620726242ff34ca472a705a4b97f16c790053a6b4c4035274d0?s=96&d=mm&r=g","caption":"Rodrigo Zuquim"},"url":"https:\/\/agenciainfra.com\/blog\/author\/rodrigo-zuquim\/"}]}},"_links":{"self":[{"href":"https:\/\/agenciainfra.com\/blog\/wp-json\/wp\/v2\/posts\/6246","targetHints":{"allow":["GET"]}}],"collection":[{"href":"https:\/\/agenciainfra.com\/blog\/wp-json\/wp\/v2\/posts"}],"about":[{"href":"https:\/\/agenciainfra.com\/blog\/wp-json\/wp\/v2\/types\/post"}],"author":[{"embeddable":true,"href":"https:\/\/agenciainfra.com\/blog\/wp-json\/wp\/v2\/users\/9"}],"replies":[{"embeddable":true,"href":"https:\/\/agenciainfra.com\/blog\/wp-json\/wp\/v2\/comments?post=6246"}],"version-history":[{"count":0,"href":"https:\/\/agenciainfra.com\/blog\/wp-json\/wp\/v2\/posts\/6246\/revisions"}],"wp:featuredmedia":[{"embeddable":true,"href":"https:\/\/agenciainfra.com\/blog\/wp-json\/wp\/v2\/media\/6247"}],"wp:attachment":[{"href":"https:\/\/agenciainfra.com\/blog\/wp-json\/wp\/v2\/media?parent=6246"}],"wp:term":[{"taxonomy":"category","embeddable":true,"href":"https:\/\/agenciainfra.com\/blog\/wp-json\/wp\/v2\/categories?post=6246"},{"taxonomy":"post_tag","embeddable":true,"href":"https:\/\/agenciainfra.com\/blog\/wp-json\/wp\/v2\/tags?post=6246"}],"curies":[{"name":"wp","href":"https:\/\/api.w.org\/{rel}","templated":true}]}}