{"id":6249,"date":"2020-10-28T08:00:09","date_gmt":"2020-10-28T11:00:09","guid":{"rendered":"https:\/\/www.agenciainfra.com\/blog\/?p=6249"},"modified":"2020-10-28T07:48:33","modified_gmt":"2020-10-28T10:48:33","slug":"para-evitar-direcionamento-secretaria-do-tcu-indica-necessidade-de-area-propria-para-porto-da-fiol","status":"publish","type":"post","link":"https:\/\/agenciainfra.com\/blog\/para-evitar-direcionamento-secretaria-do-tcu-indica-necessidade-de-area-propria-para-porto-da-fiol\/","title":{"rendered":"Para evitar direcionamento, secretaria do TCU indica necessidade de \u00e1rea pr\u00f3pria para porto da Fiol"},"content":{"rendered":"\n<hr class=\"wp-block-separator\"\/>\n\n\n\n<p class=\"has-text-align-right\"><strong>Dimmi Amora, da&nbsp;Ag\u00eancia iNFRA<\/strong><\/p>\n\n\n\n<p>O mais recente relat\u00f3rio da Secretaria de Infraestrutura de Portos e Ferrovias do TCU (Tribunal de Contas da Uni\u00e3o), produzido em outubro, indica aos ministros da corte que s\u00e3o necess\u00e1rias mudan\u00e7as na proposta do governo para a licita\u00e7\u00e3o da Fiol (Ferrovia de Integra\u00e7\u00e3o Oeste-Leste), na Bahia, para evitar direcionamento da concorr\u00eancia.<br><br>O trabalho recomenda que sejam dados 180 dias ao governo para readequar os estudos e garantir que o vencedor da concorr\u00eancia tenha uma \u00e1rea em Ilh\u00e9us (BA) para construir um terminal portu\u00e1rio. Segundo o relat\u00f3rio, o governo j\u00e1 apresentou quatro diferentes propostas sobre esse tema, considerado fundamental para que a ferrovia funcione.<br><br>A constru\u00e7\u00e3o de um terminal portu\u00e1rio em Ilh\u00e9us para o uso da Fiol \u00e9 problem\u00e1tico praticamente desde o in\u00edcio do projeto. O governo da Bahia se responsabilizou por fazer um terminal privado na regi\u00e3o em 2014, mas avan\u00e7ou pouco em seis anos e perdeu a licen\u00e7a da ANTAQ (Ag\u00eancia Nacional de Transportes Aquavi\u00e1rios).<br><br>J\u00e1 a empresa Bamin, que tem uma mina de min\u00e9rio de ferro em Caetit\u00e9 (BA) e \u00e9 a principal interessada na ferrovia, tem autoriza\u00e7\u00e3o para implantar um TUP (terminal de uso privado) na regi\u00e3o onde a ferrovia termina. Na mais recente das propostas do governo, a ideia era que o terminal dessa empresa fosse usado pelo vencedor da concess\u00e3o da ferrovia.<br><br>Mas os auditores apontaram que isso levaria a direcionamento da concorr\u00eancia para a Bamin, visto que o terminal para min\u00e9rio teria dificuldade em operar outros tipos de carga, por exemplo.\u00a0Para os auditores, \u00e9 necess\u00e1rio que seja apresentada uma \u00e1rea georeferenciada\u00a0para a opera\u00e7\u00e3o portu\u00e1ria para assegurar igualdade na concorr\u00eancia.<br><br><strong>Quase um ano<\/strong><br>A an\u00e1lise da Fiol no TCU vai completar um ano desde o envio pelo governo da proposta. Mas os t\u00e9cnicos apontam que foram feitas mudan\u00e7as no meio do caminho, ap\u00f3s uma proposta inicial j\u00e1 analisada pelos auditores, e que por isso tiveram que produzir esse novo relat\u00f3rio,\u00a0encaminhado ao relator da proposta, ministro Aroldo Cedraz.<br><br>Cedraz agora poder\u00e1\u00a0aceitar as sugest\u00f5es t\u00e9cnicas e pedir as mudan\u00e7as ao governo ou levar ao plen\u00e1rio uma proposta para permitir ao governo seguir com a licita\u00e7\u00e3o, que estava prevista para este ano, mas que, de acordo com\u00a0o ministro da Infraestrutura, Tarc\u00edsio de Freitas, ser\u00e1 postergada para o 1\u00ba trimestre de 2021.<br><br>O pr\u00f3prio ministro Cedraz, em comunica\u00e7\u00e3o feita ao plen\u00e1rio do \u00f3rg\u00e3o no m\u00eas passado, afirmou que a an\u00e1lise dessa concess\u00e3o estava complexa, para justificar o tempo alongado do processo no \u00f3rg\u00e3o.<br><br>A garantia de uma \u00e1rea portu\u00e1ria para o vencedor n\u00e3o foi a \u00fanica mudan\u00e7a sugerida ao relator pelos auditores. De acordo com eles, tamb\u00e9m ser\u00e3o necess\u00e1rios ajustes nos estudos para retirar itens de custo que estavam sobrepostos.<br><br><strong>Cobran\u00e7a da outorga<\/strong><br>A rean\u00e1lise da secretaria tamb\u00e9m manteve a indica\u00e7\u00e3o de que a nova forma como o governo pretende cobrar a outorga do vencedor \u2013 com um percentual da receita operacional \u2013 n\u00e3o \u00e9 adequada e deve ser alterada. Mas, caso os ministros do tribunal aceitem a f\u00f3rmula, eles pedem que seja apresentado um c\u00e1lculo pr\u00e9vio em contrato para estabelecer como ser\u00e1 o pagamento.<br><br>Os auditores indicam ainda que deve ser apresentada recomenda\u00e7\u00e3o ao Minist\u00e9rio da Infraestrutura para que reveja os estudos, considerando o novo plano apresentado pelo governo de fazer uma concess\u00e3o de outros dois trechos da Fiol (entre Caetit\u00e9 e Barreiras e entre Barreiras e a Ferrovia Norte-Sul) e um trecho da Fico (Ferrovia de Integra\u00e7\u00e3o do Centro-Oeste).<br><br>Indicam ainda que o contrato deve prever que o concession\u00e1rio do trecho da Fiol a ser licitado opere os trechos que ficarem prontos da ferrovia posteriormente.\u00a0Os auditores relembram na proposta que o governo tem a op\u00e7\u00e3o de fazer a ferrovia funcionar sem a concess\u00e3o \u2013 um dos argumentos do governo \u00e9 que cerca de 80% da constru\u00e7\u00e3o est\u00e1 pronta e que tem pressa para licitar para evitar deteriora\u00e7\u00e3o do que j\u00e1 foi feito.<br><br>Eles indicam que a estatal Valec, que \u00e9 a concession\u00e1ria atual, pode operar a via e permitir que a Bamin seja uma operadora ferrovi\u00e1ria independente no trecho, figura j\u00e1 prevista no regulamento do setor.<\/p>\n\n\n\n<p><strong>Restri\u00e7\u00e3o a concession\u00e1rias atuais na disputa<\/strong><br>Ao mesmo tempo que quer evitar direcionamento para a Bamin, o relat\u00f3rio da SeinfraPortoFerrovia do TCU (Tribunal de Contas da Uni\u00e3o) manteve a indica\u00e7\u00e3o de que uma poss\u00edvel licita\u00e7\u00e3o da Fiol (Ferrovia de Integra\u00e7\u00e3o Oeste-Leste) ter\u00e1 que restringir a participa\u00e7\u00e3o dos atuais concession\u00e1rios de ferrovias, citando especificamente a Rumo e a Vale.<br><br>Conforme a\u00a0<strong>Ag\u00eancia iNFRA<\/strong>\u00a0<a rel=\"noreferrer noopener\" href=\"https:\/\/agenciainfra.us14.list-manage.com\/track\/click?u=d460dd1bcf9ba0ae040e1fc0f&amp;id=fedad30309&amp;e=c099169394\" target=\"_blank\">informou<\/a>, o pedido dos auditores ao relator j\u00e1 havia sido feito num relat\u00f3rio anterior, com a alega\u00e7\u00e3o de excessiva concentra\u00e7\u00e3o de mercado nas ferrovias\u00a0se um dos dois grupos adquirir a Fiol.<br><br>&#8220;Entende-se, portanto, que a adjudica\u00e7\u00e3o da Fiol para um dos dois grupos que j\u00e1 exercem posi\u00e7\u00e3o dominante no mercado tende a representar apenas aumento da capacidade de transporte para o pr\u00f3prio grupo econ\u00f4mico vencedor, com pequena probabilidade de redu\u00e7\u00e3o dos pre\u00e7os dos fretes praticados&#8221;, informa o relat\u00f3rio.<br><br><strong>Alternativa \u00e0 Norte-Sul<\/strong><br>A Fiol seria uma esp\u00e9cie de sa\u00edda alternativa \u00e0 Ferrovia Norte-Sul, que pelo Sul tem a Rumo no controle da opera\u00e7\u00e3o e pelo Norte, a Vale\/VLI, na vis\u00e3o dos auditores. Eles informaram que o mercado ferrovi\u00e1rio j\u00e1 tem excessiva concentra\u00e7\u00e3o e uma restri\u00e7\u00e3o \u00e0 amplia\u00e7\u00e3o dessa situa\u00e7\u00e3o seria adequada.<br><br>O governo nem chegou a se manifestar sobre esse tema na nova resposta, mantendo o entendimento de que a restri\u00e7\u00e3o diminuiria a competi\u00e7\u00e3o pelo ativo e que n\u00e3o seria adequada para o setor ferrovi\u00e1rio. Diz ainda que a ANTT (Ag\u00eancia Nacional de Transportes Terrestres) pode fiscalizar a concentra\u00e7\u00e3o de mercado.<br><br>Mas os auditores apontaram que n\u00e3o h\u00e1 nos estudos qualquer incentivo a redu\u00e7\u00f5es de pre\u00e7os. Relembram ainda que, em praticamente todos os setores da infraestrutura, os leil\u00f5es est\u00e3o sendo feito com restri\u00e7\u00f5es \u00e0 participa\u00e7\u00e3o de empresas que det\u00eam monop\u00f3lios.<br><br>&#8220;Pode-se perceber que a situa\u00e7\u00e3o do setor ferrovi\u00e1rio brasileiro em muito se assemelha com a verificada no caso dos arrendamentos de terminais para movimenta\u00e7\u00e3o de celulose no Porto de Santos\/SP, haja vista o mercado se encontrar dividido atualmente em apenas duas empresas. Constata-se a configura\u00e7\u00e3o de um duop\u00f3lio entre os grupos Rumo e Vale, na presta\u00e7\u00e3o do servi\u00e7o de transporte ferrovi\u00e1rio de gran\u00e9is destinados \u00e0 exporta\u00e7\u00e3o&#8221;, diz o relat\u00f3rio.<br><br>No caso da celulose, o governo arrendou dois terminais em Santos e proibiu que um mesmo operador ficasse com as duas \u00e1reas, al\u00e9m de restringir a participa\u00e7\u00e3o de atuais operadores. O mesmo deve ocorrer com o terminal de l\u00edquidos que ser\u00e1 licitado em 2021. Os auditores avaliam que a licita\u00e7\u00e3o da Fiol seria uma oportunidade para iniciar um processo de desconcentra\u00e7\u00e3o do mercado ferrovi\u00e1rio.<br><br>&#8220;Espera-se assim um aumento na competitividade do setor, bem como redu\u00e7\u00e3o dos pre\u00e7os dos fretes ferrovi\u00e1rios, em raz\u00e3o da concorr\u00eancia entre os agentes econ\u00f4micos&#8221;, indica o relat\u00f3rio.<\/p>\n","protected":false},"excerpt":{"rendered":"<p>Dimmi Amora, da&nbsp;Ag\u00eancia iNFRA O mais recente relat\u00f3rio da Secretaria de Infraestrutura de Portos e Ferrovias do TCU (Tribunal de Contas da Uni\u00e3o), produzido em outubro, indica aos ministros da corte que s\u00e3o necess\u00e1rias mudan\u00e7as na proposta do governo para a licita\u00e7\u00e3o da Fiol (Ferrovia de Integra\u00e7\u00e3o Oeste-Leste), na Bahia, para evitar direcionamento da concorr\u00eancia. [&hellip;]<\/p>\n","protected":false},"author":9,"featured_media":6250,"comment_status":"closed","ping_status":"closed","sticky":false,"template":"","format":"standard","meta":{"_monsterinsights_skip_tracking":false,"_monsterinsights_sitenote_active":false,"_monsterinsights_sitenote_note":"","_monsterinsights_sitenote_category":0,"footnotes":""},"categories":[1,7],"tags":[86,19,1205,2904,79,31,472,156,80,18,90,105,83,160,82],"class_list":["post-6249","post","type-post","status-publish","format-standard","has-post-thumbnail","hentry","category-geral","category-infratransporte","tag-antaq","tag-antt","tag-aroldo-cedraz","tag-bamin","tag-ferrovia","tag-ferrovia-norte-sul","tag-fico","tag-fiol","tag-rumo","tag-tcu","tag-terminal-portuario","tag-tup","tag-vale","tag-valec","tag-vli"],"yoast_head":"<!-- This site is optimized with the Yoast SEO Premium plugin v25.4 (Yoast SEO v26.0) - https:\/\/yoast.com\/wordpress\/plugins\/seo\/ -->\n<title>Para evitar direcionamento, secretaria do TCU indica necessidade de \u00e1rea pr\u00f3pria para porto da Fiol - Ag\u00eancia iNFRA<\/title>\n<meta name=\"robots\" content=\"index, follow, max-snippet:-1, max-image-preview:large, max-video-preview:-1\" \/>\n<link rel=\"canonical\" href=\"https:\/\/agenciainfra.com\/blog\/para-evitar-direcionamento-secretaria-do-tcu-indica-necessidade-de-area-propria-para-porto-da-fiol\/\" \/>\n<meta property=\"og:locale\" content=\"pt_BR\" \/>\n<meta property=\"og:type\" content=\"article\" \/>\n<meta property=\"og:title\" content=\"Para evitar direcionamento, secretaria do TCU indica necessidade de \u00e1rea pr\u00f3pria para porto da Fiol\" \/>\n<meta property=\"og:description\" content=\"Dimmi Amora, da&nbsp;Ag\u00eancia iNFRA O mais recente relat\u00f3rio da Secretaria de Infraestrutura de Portos e Ferrovias do TCU (Tribunal de Contas da Uni\u00e3o), produzido em outubro, indica aos ministros da corte que s\u00e3o necess\u00e1rias mudan\u00e7as na proposta do governo para a licita\u00e7\u00e3o da Fiol (Ferrovia de Integra\u00e7\u00e3o Oeste-Leste), na Bahia, para evitar direcionamento da concorr\u00eancia. [&hellip;]\" \/>\n<meta property=\"og:url\" content=\"https:\/\/agenciainfra.com\/blog\/para-evitar-direcionamento-secretaria-do-tcu-indica-necessidade-de-area-propria-para-porto-da-fiol\/\" \/>\n<meta property=\"og:site_name\" content=\"Ag\u00eancia iNFRA\" \/>\n<meta property=\"article:publisher\" content=\"https:\/\/www.facebook.com\/ageninfra\" \/>\n<meta property=\"article:published_time\" content=\"2020-10-28T11:00:09+00:00\" \/>\n<meta property=\"og:image\" content=\"https:\/\/agenciainfra.com\/blog\/wp-content\/uploads\/2020\/10\/fiol-foto-govba.jpeg\" \/>\n\t<meta property=\"og:image:width\" content=\"1280\" \/>\n\t<meta property=\"og:image:height\" content=\"853\" \/>\n\t<meta property=\"og:image:type\" content=\"image\/jpeg\" \/>\n<meta name=\"author\" content=\"Rodrigo Zuquim\" \/>\n<meta name=\"twitter:card\" content=\"summary_large_image\" \/>\n<meta name=\"twitter:creator\" content=\"@agencia_infra\" \/>\n<meta name=\"twitter:site\" content=\"@agencia_infra\" \/>\n<meta name=\"twitter:label1\" content=\"Escrito por\" \/>\n\t<meta name=\"twitter:data1\" content=\"Rodrigo Zuquim\" \/>\n\t<meta name=\"twitter:label2\" content=\"Est. tempo de leitura\" \/>\n\t<meta name=\"twitter:data2\" content=\"6 minutos\" \/>\n<script type=\"application\/ld+json\" class=\"yoast-schema-graph\">{\"@context\":\"https:\/\/schema.org\",\"@graph\":[{\"@type\":\"Article\",\"@id\":\"https:\/\/agenciainfra.com\/blog\/para-evitar-direcionamento-secretaria-do-tcu-indica-necessidade-de-area-propria-para-porto-da-fiol\/#article\",\"isPartOf\":{\"@id\":\"https:\/\/agenciainfra.com\/blog\/para-evitar-direcionamento-secretaria-do-tcu-indica-necessidade-de-area-propria-para-porto-da-fiol\/\"},\"author\":{\"name\":\"Rodrigo Zuquim\",\"@id\":\"https:\/\/agenciainfra.com\/blog\/#\/schema\/person\/04dbb79bd6d8951f063da71f3e4c1eb1\"},\"headline\":\"Para evitar direcionamento, secretaria do TCU indica necessidade de \u00e1rea pr\u00f3pria para porto da Fiol\",\"datePublished\":\"2020-10-28T11:00:09+00:00\",\"mainEntityOfPage\":{\"@id\":\"https:\/\/agenciainfra.com\/blog\/para-evitar-direcionamento-secretaria-do-tcu-indica-necessidade-de-area-propria-para-porto-da-fiol\/\"},\"wordCount\":1267,\"publisher\":{\"@id\":\"https:\/\/agenciainfra.com\/blog\/#organization\"},\"image\":{\"@id\":\"https:\/\/agenciainfra.com\/blog\/para-evitar-direcionamento-secretaria-do-tcu-indica-necessidade-de-area-propria-para-porto-da-fiol\/#primaryimage\"},\"thumbnailUrl\":\"https:\/\/agenciainfra.com\/blog\/wp-content\/uploads\/2020\/10\/fiol-foto-govba-e1751454093104.jpeg\",\"keywords\":[\"ANTAQ\",\"ANTT\",\"Aroldo Cedraz\",\"Bamin\",\"Ferrovia\",\"Ferrovia Norte-Sul\",\"FICO\",\"FIOL\",\"Rumo\",\"TCU\",\"TERMINAL PORTU\u00c1RIO\",\"TUP\",\"Vale\",\"Valec\",\"VLI\"],\"articleSection\":[\"Geral\",\"iNFRATransporte\"],\"inLanguage\":\"pt-BR\",\"copyrightYear\":\"2020\",\"copyrightHolder\":{\"@id\":\"https:\/\/agenciainfra.com\/blog\/#organization\"}},{\"@type\":\"WebPage\",\"@id\":\"https:\/\/agenciainfra.com\/blog\/para-evitar-direcionamento-secretaria-do-tcu-indica-necessidade-de-area-propria-para-porto-da-fiol\/\",\"url\":\"https:\/\/agenciainfra.com\/blog\/para-evitar-direcionamento-secretaria-do-tcu-indica-necessidade-de-area-propria-para-porto-da-fiol\/\",\"name\":\"Para evitar direcionamento, secretaria do TCU indica necessidade de \u00e1rea pr\u00f3pria para porto da Fiol - Ag\u00eancia iNFRA\",\"isPartOf\":{\"@id\":\"https:\/\/agenciainfra.com\/blog\/#website\"},\"primaryImageOfPage\":{\"@id\":\"https:\/\/agenciainfra.com\/blog\/para-evitar-direcionamento-secretaria-do-tcu-indica-necessidade-de-area-propria-para-porto-da-fiol\/#primaryimage\"},\"image\":{\"@id\":\"https:\/\/agenciainfra.com\/blog\/para-evitar-direcionamento-secretaria-do-tcu-indica-necessidade-de-area-propria-para-porto-da-fiol\/#primaryimage\"},\"thumbnailUrl\":\"https:\/\/agenciainfra.com\/blog\/wp-content\/uploads\/2020\/10\/fiol-foto-govba-e1751454093104.jpeg\",\"datePublished\":\"2020-10-28T11:00:09+00:00\",\"breadcrumb\":{\"@id\":\"https:\/\/agenciainfra.com\/blog\/para-evitar-direcionamento-secretaria-do-tcu-indica-necessidade-de-area-propria-para-porto-da-fiol\/#breadcrumb\"},\"inLanguage\":\"pt-BR\",\"potentialAction\":[{\"@type\":\"ReadAction\",\"target\":[\"https:\/\/agenciainfra.com\/blog\/para-evitar-direcionamento-secretaria-do-tcu-indica-necessidade-de-area-propria-para-porto-da-fiol\/\"]}]},{\"@type\":\"ImageObject\",\"inLanguage\":\"pt-BR\",\"@id\":\"https:\/\/agenciainfra.com\/blog\/para-evitar-direcionamento-secretaria-do-tcu-indica-necessidade-de-area-propria-para-porto-da-fiol\/#primaryimage\",\"url\":\"https:\/\/agenciainfra.com\/blog\/wp-content\/uploads\/2020\/10\/fiol-foto-govba-e1751454093104.jpeg\",\"contentUrl\":\"https:\/\/agenciainfra.com\/blog\/wp-content\/uploads\/2020\/10\/fiol-foto-govba-e1751454093104.jpeg\",\"width\":1280,\"height\":755,\"caption\":\"Foto: El\u00f3i Correa\/Governo do Estado da Bahia\"},{\"@type\":\"BreadcrumbList\",\"@id\":\"https:\/\/agenciainfra.com\/blog\/para-evitar-direcionamento-secretaria-do-tcu-indica-necessidade-de-area-propria-para-porto-da-fiol\/#breadcrumb\",\"itemListElement\":[{\"@type\":\"ListItem\",\"position\":1,\"name\":\"In\u00edcio\",\"item\":\"https:\/\/agenciainfra.com\/blog\/\"},{\"@type\":\"ListItem\",\"position\":2,\"name\":\"Para evitar direcionamento, secretaria do TCU indica necessidade de \u00e1rea pr\u00f3pria para porto da Fiol\"}]},{\"@type\":\"WebSite\",\"@id\":\"https:\/\/agenciainfra.com\/blog\/#website\",\"url\":\"https:\/\/agenciainfra.com\/blog\/\",\"name\":\"Ag\u00eancia iNFRA\",\"description\":\"Multiplataforma de informa\u00e7\u00e3o jornal\u00edstica refer\u00eancia na \u00e1rea de infraestrutura no Brasil!\",\"publisher\":{\"@id\":\"https:\/\/agenciainfra.com\/blog\/#organization\"},\"potentialAction\":[{\"@type\":\"SearchAction\",\"target\":{\"@type\":\"EntryPoint\",\"urlTemplate\":\"https:\/\/agenciainfra.com\/blog\/?s={search_term_string}\"},\"query-input\":{\"@type\":\"PropertyValueSpecification\",\"valueRequired\":true,\"valueName\":\"search_term_string\"}}],\"inLanguage\":\"pt-BR\"},{\"@type\":\"Organization\",\"@id\":\"https:\/\/agenciainfra.com\/blog\/#organization\",\"name\":\"Ag\u00eancia iNFRA\",\"url\":\"https:\/\/agenciainfra.com\/blog\/\",\"logo\":{\"@type\":\"ImageObject\",\"inLanguage\":\"pt-BR\",\"@id\":\"https:\/\/agenciainfra.com\/blog\/#\/schema\/logo\/image\/\",\"url\":\"https:\/\/agenciainfra.com\/blog\/wp-content\/uploads\/2023\/09\/iNFRA_5-e1761735885940.png\",\"contentUrl\":\"https:\/\/agenciainfra.com\/blog\/wp-content\/uploads\/2023\/09\/iNFRA_5-e1761735885940.png\",\"width\":1672,\"height\":454,\"caption\":\"Ag\u00eancia iNFRA\"},\"image\":{\"@id\":\"https:\/\/agenciainfra.com\/blog\/#\/schema\/logo\/image\/\"},\"sameAs\":[\"https:\/\/www.facebook.com\/ageninfra\",\"https:\/\/x.com\/agencia_infra\",\"https:\/\/www.linkedin.com\/company\/ag\u00eanciainfra\/\",\"https:\/\/www.instagram.com\/agenciainfra\/\"]},{\"@type\":\"Person\",\"@id\":\"https:\/\/agenciainfra.com\/blog\/#\/schema\/person\/04dbb79bd6d8951f063da71f3e4c1eb1\",\"name\":\"Rodrigo Zuquim\",\"image\":{\"@type\":\"ImageObject\",\"inLanguage\":\"pt-BR\",\"@id\":\"https:\/\/agenciainfra.com\/blog\/#\/schema\/person\/image\/\",\"url\":\"https:\/\/secure.gravatar.com\/avatar\/594abfe82761d620726242ff34ca472a705a4b97f16c790053a6b4c4035274d0?s=96&d=mm&r=g\",\"contentUrl\":\"https:\/\/secure.gravatar.com\/avatar\/594abfe82761d620726242ff34ca472a705a4b97f16c790053a6b4c4035274d0?s=96&d=mm&r=g\",\"caption\":\"Rodrigo Zuquim\"},\"url\":\"https:\/\/agenciainfra.com\/blog\/author\/rodrigo-zuquim\/\"}]}<\/script>\n<!-- \/ Yoast SEO Premium plugin. -->","yoast_head_json":{"title":"Para evitar direcionamento, secretaria do TCU indica necessidade de \u00e1rea pr\u00f3pria para porto da Fiol - Ag\u00eancia iNFRA","robots":{"index":"index","follow":"follow","max-snippet":"max-snippet:-1","max-image-preview":"max-image-preview:large","max-video-preview":"max-video-preview:-1"},"canonical":"https:\/\/agenciainfra.com\/blog\/para-evitar-direcionamento-secretaria-do-tcu-indica-necessidade-de-area-propria-para-porto-da-fiol\/","og_locale":"pt_BR","og_type":"article","og_title":"Para evitar direcionamento, secretaria do TCU indica necessidade de \u00e1rea pr\u00f3pria para porto da Fiol","og_description":"Dimmi Amora, da&nbsp;Ag\u00eancia iNFRA O mais recente relat\u00f3rio da Secretaria de Infraestrutura de Portos e Ferrovias do TCU (Tribunal de Contas da Uni\u00e3o), produzido em outubro, indica aos ministros da corte que s\u00e3o necess\u00e1rias mudan\u00e7as na proposta do governo para a licita\u00e7\u00e3o da Fiol (Ferrovia de Integra\u00e7\u00e3o Oeste-Leste), na Bahia, para evitar direcionamento da concorr\u00eancia. [&hellip;]","og_url":"https:\/\/agenciainfra.com\/blog\/para-evitar-direcionamento-secretaria-do-tcu-indica-necessidade-de-area-propria-para-porto-da-fiol\/","og_site_name":"Ag\u00eancia iNFRA","article_publisher":"https:\/\/www.facebook.com\/ageninfra","article_published_time":"2020-10-28T11:00:09+00:00","og_image":[{"width":1280,"height":853,"url":"https:\/\/agenciainfra.com\/blog\/wp-content\/uploads\/2020\/10\/fiol-foto-govba.jpeg","type":"image\/jpeg"}],"author":"Rodrigo Zuquim","twitter_card":"summary_large_image","twitter_creator":"@agencia_infra","twitter_site":"@agencia_infra","twitter_misc":{"Escrito por":"Rodrigo Zuquim","Est. tempo de leitura":"6 minutos"},"schema":{"@context":"https:\/\/schema.org","@graph":[{"@type":"Article","@id":"https:\/\/agenciainfra.com\/blog\/para-evitar-direcionamento-secretaria-do-tcu-indica-necessidade-de-area-propria-para-porto-da-fiol\/#article","isPartOf":{"@id":"https:\/\/agenciainfra.com\/blog\/para-evitar-direcionamento-secretaria-do-tcu-indica-necessidade-de-area-propria-para-porto-da-fiol\/"},"author":{"name":"Rodrigo Zuquim","@id":"https:\/\/agenciainfra.com\/blog\/#\/schema\/person\/04dbb79bd6d8951f063da71f3e4c1eb1"},"headline":"Para evitar direcionamento, secretaria do TCU indica necessidade de \u00e1rea pr\u00f3pria para porto da Fiol","datePublished":"2020-10-28T11:00:09+00:00","mainEntityOfPage":{"@id":"https:\/\/agenciainfra.com\/blog\/para-evitar-direcionamento-secretaria-do-tcu-indica-necessidade-de-area-propria-para-porto-da-fiol\/"},"wordCount":1267,"publisher":{"@id":"https:\/\/agenciainfra.com\/blog\/#organization"},"image":{"@id":"https:\/\/agenciainfra.com\/blog\/para-evitar-direcionamento-secretaria-do-tcu-indica-necessidade-de-area-propria-para-porto-da-fiol\/#primaryimage"},"thumbnailUrl":"https:\/\/agenciainfra.com\/blog\/wp-content\/uploads\/2020\/10\/fiol-foto-govba-e1751454093104.jpeg","keywords":["ANTAQ","ANTT","Aroldo Cedraz","Bamin","Ferrovia","Ferrovia Norte-Sul","FICO","FIOL","Rumo","TCU","TERMINAL PORTU\u00c1RIO","TUP","Vale","Valec","VLI"],"articleSection":["Geral","iNFRATransporte"],"inLanguage":"pt-BR","copyrightYear":"2020","copyrightHolder":{"@id":"https:\/\/agenciainfra.com\/blog\/#organization"}},{"@type":"WebPage","@id":"https:\/\/agenciainfra.com\/blog\/para-evitar-direcionamento-secretaria-do-tcu-indica-necessidade-de-area-propria-para-porto-da-fiol\/","url":"https:\/\/agenciainfra.com\/blog\/para-evitar-direcionamento-secretaria-do-tcu-indica-necessidade-de-area-propria-para-porto-da-fiol\/","name":"Para evitar direcionamento, secretaria do TCU indica necessidade de \u00e1rea pr\u00f3pria para porto da Fiol - Ag\u00eancia iNFRA","isPartOf":{"@id":"https:\/\/agenciainfra.com\/blog\/#website"},"primaryImageOfPage":{"@id":"https:\/\/agenciainfra.com\/blog\/para-evitar-direcionamento-secretaria-do-tcu-indica-necessidade-de-area-propria-para-porto-da-fiol\/#primaryimage"},"image":{"@id":"https:\/\/agenciainfra.com\/blog\/para-evitar-direcionamento-secretaria-do-tcu-indica-necessidade-de-area-propria-para-porto-da-fiol\/#primaryimage"},"thumbnailUrl":"https:\/\/agenciainfra.com\/blog\/wp-content\/uploads\/2020\/10\/fiol-foto-govba-e1751454093104.jpeg","datePublished":"2020-10-28T11:00:09+00:00","breadcrumb":{"@id":"https:\/\/agenciainfra.com\/blog\/para-evitar-direcionamento-secretaria-do-tcu-indica-necessidade-de-area-propria-para-porto-da-fiol\/#breadcrumb"},"inLanguage":"pt-BR","potentialAction":[{"@type":"ReadAction","target":["https:\/\/agenciainfra.com\/blog\/para-evitar-direcionamento-secretaria-do-tcu-indica-necessidade-de-area-propria-para-porto-da-fiol\/"]}]},{"@type":"ImageObject","inLanguage":"pt-BR","@id":"https:\/\/agenciainfra.com\/blog\/para-evitar-direcionamento-secretaria-do-tcu-indica-necessidade-de-area-propria-para-porto-da-fiol\/#primaryimage","url":"https:\/\/agenciainfra.com\/blog\/wp-content\/uploads\/2020\/10\/fiol-foto-govba-e1751454093104.jpeg","contentUrl":"https:\/\/agenciainfra.com\/blog\/wp-content\/uploads\/2020\/10\/fiol-foto-govba-e1751454093104.jpeg","width":1280,"height":755,"caption":"Foto: El\u00f3i Correa\/Governo do Estado da Bahia"},{"@type":"BreadcrumbList","@id":"https:\/\/agenciainfra.com\/blog\/para-evitar-direcionamento-secretaria-do-tcu-indica-necessidade-de-area-propria-para-porto-da-fiol\/#breadcrumb","itemListElement":[{"@type":"ListItem","position":1,"name":"In\u00edcio","item":"https:\/\/agenciainfra.com\/blog\/"},{"@type":"ListItem","position":2,"name":"Para evitar direcionamento, secretaria do TCU indica necessidade de \u00e1rea pr\u00f3pria para porto da Fiol"}]},{"@type":"WebSite","@id":"https:\/\/agenciainfra.com\/blog\/#website","url":"https:\/\/agenciainfra.com\/blog\/","name":"Ag\u00eancia iNFRA","description":"Multiplataforma de informa\u00e7\u00e3o jornal\u00edstica refer\u00eancia na \u00e1rea de infraestrutura no Brasil!","publisher":{"@id":"https:\/\/agenciainfra.com\/blog\/#organization"},"potentialAction":[{"@type":"SearchAction","target":{"@type":"EntryPoint","urlTemplate":"https:\/\/agenciainfra.com\/blog\/?s={search_term_string}"},"query-input":{"@type":"PropertyValueSpecification","valueRequired":true,"valueName":"search_term_string"}}],"inLanguage":"pt-BR"},{"@type":"Organization","@id":"https:\/\/agenciainfra.com\/blog\/#organization","name":"Ag\u00eancia iNFRA","url":"https:\/\/agenciainfra.com\/blog\/","logo":{"@type":"ImageObject","inLanguage":"pt-BR","@id":"https:\/\/agenciainfra.com\/blog\/#\/schema\/logo\/image\/","url":"https:\/\/agenciainfra.com\/blog\/wp-content\/uploads\/2023\/09\/iNFRA_5-e1761735885940.png","contentUrl":"https:\/\/agenciainfra.com\/blog\/wp-content\/uploads\/2023\/09\/iNFRA_5-e1761735885940.png","width":1672,"height":454,"caption":"Ag\u00eancia iNFRA"},"image":{"@id":"https:\/\/agenciainfra.com\/blog\/#\/schema\/logo\/image\/"},"sameAs":["https:\/\/www.facebook.com\/ageninfra","https:\/\/x.com\/agencia_infra","https:\/\/www.linkedin.com\/company\/ag\u00eanciainfra\/","https:\/\/www.instagram.com\/agenciainfra\/"]},{"@type":"Person","@id":"https:\/\/agenciainfra.com\/blog\/#\/schema\/person\/04dbb79bd6d8951f063da71f3e4c1eb1","name":"Rodrigo Zuquim","image":{"@type":"ImageObject","inLanguage":"pt-BR","@id":"https:\/\/agenciainfra.com\/blog\/#\/schema\/person\/image\/","url":"https:\/\/secure.gravatar.com\/avatar\/594abfe82761d620726242ff34ca472a705a4b97f16c790053a6b4c4035274d0?s=96&d=mm&r=g","contentUrl":"https:\/\/secure.gravatar.com\/avatar\/594abfe82761d620726242ff34ca472a705a4b97f16c790053a6b4c4035274d0?s=96&d=mm&r=g","caption":"Rodrigo Zuquim"},"url":"https:\/\/agenciainfra.com\/blog\/author\/rodrigo-zuquim\/"}]}},"_links":{"self":[{"href":"https:\/\/agenciainfra.com\/blog\/wp-json\/wp\/v2\/posts\/6249","targetHints":{"allow":["GET"]}}],"collection":[{"href":"https:\/\/agenciainfra.com\/blog\/wp-json\/wp\/v2\/posts"}],"about":[{"href":"https:\/\/agenciainfra.com\/blog\/wp-json\/wp\/v2\/types\/post"}],"author":[{"embeddable":true,"href":"https:\/\/agenciainfra.com\/blog\/wp-json\/wp\/v2\/users\/9"}],"replies":[{"embeddable":true,"href":"https:\/\/agenciainfra.com\/blog\/wp-json\/wp\/v2\/comments?post=6249"}],"version-history":[{"count":0,"href":"https:\/\/agenciainfra.com\/blog\/wp-json\/wp\/v2\/posts\/6249\/revisions"}],"wp:featuredmedia":[{"embeddable":true,"href":"https:\/\/agenciainfra.com\/blog\/wp-json\/wp\/v2\/media\/6250"}],"wp:attachment":[{"href":"https:\/\/agenciainfra.com\/blog\/wp-json\/wp\/v2\/media?parent=6249"}],"wp:term":[{"taxonomy":"category","embeddable":true,"href":"https:\/\/agenciainfra.com\/blog\/wp-json\/wp\/v2\/categories?post=6249"},{"taxonomy":"post_tag","embeddable":true,"href":"https:\/\/agenciainfra.com\/blog\/wp-json\/wp\/v2\/tags?post=6249"}],"curies":[{"name":"wp","href":"https:\/\/api.w.org\/{rel}","templated":true}]}}