{"id":6255,"date":"2020-10-29T07:45:42","date_gmt":"2020-10-29T10:45:42","guid":{"rendered":"https:\/\/www.agenciainfra.com\/blog\/?p=6255"},"modified":"2020-10-29T07:45:46","modified_gmt":"2020-10-29T10:45:46","slug":"bolsonaro-revoga-decreto-sobre-parcerias-publico-privadas-na-saude-modelo-que-ja-funciona-no-pais","status":"publish","type":"post","link":"https:\/\/agenciainfra.com\/blog\/bolsonaro-revoga-decreto-sobre-parcerias-publico-privadas-na-saude-modelo-que-ja-funciona-no-pais\/","title":{"rendered":"Bolsonaro revoga decreto sobre parcerias p\u00fablico-privadas na Sa\u00fade, modelo que j\u00e1 funciona no pa\u00eds"},"content":{"rendered":"\n<p class=\"has-text-align-right\"><strong>da Ag\u00eancia iNFRA<\/strong><\/p>\n\n\n\n<p>O presidente Jair Bolsonaro decidiu revogar o Decreto 10.530\/2020, publicado dois dias atr\u00e1s, que deu atribui\u00e7\u00f5es ao PPI (Programa de Parcerias de Investimentos) para apoiar estados e munic\u00edpios na estrutura\u00e7\u00e3o de projetos de unidades b\u00e1sicas de sa\u00fade em parceria com a iniciativa privada. A revoga\u00e7\u00e3o foi publicada no Di\u00e1rio Oficial da Uni\u00e3o (<a href=\"https:\/\/pesquisa.in.gov.br\/imprensa\/jsp\/visualiza\/index.jsp?jornal=600&amp;pagina=1&amp;data=28\/10\/2020&amp;totalArquivos=1\" target=\"_blank\" rel=\"noreferrer noopener\">neste link<\/a>).<\/p>\n\n\n\n<p>Na mesma linha de outros decretos que permitem ao PPI apoiar iniciativas de concess\u00f5es e PPPs (parcerias p\u00fablico-privadas)&nbsp;nos subnacionais em \u00e1reas como parques, pres\u00eddios, ilumina\u00e7\u00e3o p\u00fablica e outros, especialmente a elabora\u00e7\u00e3o de estudos de viabilidade, o decreto virou alvo de pol\u00eamica ap\u00f3s integrantes de conselhos ligados ao setor de sa\u00fade apontarem que seria a &#8220;privatiza\u00e7\u00e3o do SUS&#8221;.<br><br>As cr\u00edticas acabaram virando tema pol\u00edtico \u2013 em meio \u00e0 campanha eleitoral das cidades \u2013 e foram aproveitadas especialmente por integrantes de partidos de esquerda.<br><br>O PPI e o Minist\u00e9rio da Economia soltaram&nbsp;notas tentando esclarecer a iniciativa. O Minist\u00e9rio da Economia informou que &#8220;h\u00e1 mais de 4 mil UBS com obras inacabadas que, de acordo com o Minist\u00e9rio da Sa\u00fade, j\u00e1 consumiram R$ 1,7 bilh\u00e3o de recursos do Sistema \u00danico de Sa\u00fade (SUS)&#8221;, e garantiu que o modelo n\u00e3o significar\u00e1 pagamento pelos usu\u00e1rios.&nbsp;<br><br>Em texto publicado no site do PPI, a secretaria informou que &#8220;trabalhar\u00e1 junto ao Minist\u00e9rio da Sa\u00fade e ao BNDES na defini\u00e7\u00e3o de diretrizes para a elabora\u00e7\u00e3o deste tipo de projeto, para, posteriormente, selecionar entes federados (munic\u00edpios ou cons\u00f3rcios p\u00fablicos) que demonstrem interesse nessas parcerias no setor de sa\u00fade&#8221;.<br><br>O \u00f3rg\u00e3o lembrou ainda que o modelo de PPP na sa\u00fade j\u00e1 existe no pa\u00eds e citou que&nbsp;fez visita t\u00e9cnica ao Hospital do Sub\u00farbio, em Salvador,&nbsp;primeira PPP do setor de sa\u00fade do Brasil. A PPP foi concebida pelo ex-governador do PT Jaques Wagner, hoje senador pelo partido. A&nbsp;<a href=\"https:\/\/www.ppi.gov.br\/hospitalsalvador\" target=\"_blank\" rel=\"noreferrer noopener\">visita<\/a>&nbsp;ocorreu antes da pol\u00eamica.<br><br><strong>Diferente de OS<br><\/strong>O pa\u00eds hoje tem pouco mais de uma dezenas de PPPs na \u00e1rea de sa\u00fade. Al\u00e9m das feitas pelo governo da Bahia, o governo de S\u00e3o Paulo e as prefeituras de Belo Horizonte (MG) e de Manaus (AM) tamb\u00e9m t\u00eam modelos de PPP para gerir unidades de sa\u00fade. Em nenhuma h\u00e1 cobran\u00e7a dos usu\u00e1rios.<br><br>Nas chamadas PPPs administrativas, modelo que \u00e9 previsto da Lei de PPPs, o prestador de servi\u00e7o privado n\u00e3o cobra dos usu\u00e1rios. O governo remunera a empresa pelos servi\u00e7os prestados.<\/p>\n\n\n\n<p>H\u00e1 algumas diferen\u00e7as entre um contrato de PPP e uma contrata\u00e7\u00e3o comum para presta\u00e7\u00e3o de servi\u00e7o ou a das chamadas OSs (Organiza\u00e7\u00f5es Sociais). Os contratos de PPP s\u00e3o de longo prazo e, em geral, envolvem um investimento inicial da empresa em melhorias na unidade.\u00a0<\/p>\n\n\n\n<p>Quando feitos com qualidade, os contratados est\u00e3o submetidos a metas de desempenho do contrato que influem nas receitas da PPP. Um guia da <strong>Ag\u00eancia iNFRA<\/strong> explicando o modelo est\u00e1 dispon\u00edvel <a rel=\"noreferrer noopener\" href=\"https:\/\/agenciainfra.com\/blog\/concessoes-e-ppps-caminho-para-prefeitos-tirarem-cidades-do-buraco-na-infraestrutura\/\" data-type=\"URL\" data-id=\"https:\/\/agenciainfra.com\/blog\/concessoes-e-ppps-caminho-para-prefeitos-tirarem-cidades-do-buraco-na-infraestrutura\/\" target=\"_blank\">neste link<\/a>.<\/p>\n\n\n\n<p><strong>PPP modelo<\/strong><br>A PPP do Hospital do Sub\u00farbio \u00e9 caso de estudo internacional sobre a qualidade da gest\u00e3o de PPPs. Em recente\u00a0<a rel=\"noreferrer noopener\" href=\"https:\/\/deepblue.lib.umich.edu\/handle\/2027.42\/163172\" target=\"_blank\">tese publicada<\/a>\u00a0pela Universidade de Michigan, Maria Joachim, ap\u00f3s mais de dois anos de estudo no local, indica que o hospital tem elevado n\u00edvel de excel\u00eancia.\u00a0<br><br>M\u00e1rio Saadi e Lucas Santanna tamb\u00e9m produziram an\u00e1lise sobre o tema no artigo &#8220;PPPs na \u00e1rea da sa\u00fade &#8211; a Rede de Aten\u00e7\u00e3o B\u00e1sica de Belo Horizonte e o Hospital do Sub\u00farbio de Salvador&#8221;, indicando a pertin\u00eancia da utiliza\u00e7\u00e3o do modelo de concess\u00f5es privadas, sem qualquer cobran\u00e7a do usu\u00e1rio dos servi\u00e7os concedidos e com par\u00e2metros de verifica\u00e7\u00e3o da qualidade da presta\u00e7\u00e3o dos servi\u00e7os nos dois casos.\u00a0<br><br>O modelo de PPP tamb\u00e9m funciona em outros pa\u00edses do mundo que t\u00eam sa\u00fade gratuita, como \u00e9 o caso da Inglaterra, onde o NHS (National Health Service) tem 127 unidades de sa\u00fade e de assist\u00eancia social geridas atrav\u00e9s de PPPs, de acordo com\u00a0<a rel=\"noreferrer noopener\" href=\"https:\/\/www.nao.org.uk\/wp-content\/uploads\/2018\/01\/PFI-and-PF2.pdf\" target=\"_blank\">relat\u00f3rio<\/a>\u00a0do \u00f3rg\u00e3o respons\u00e1vel pelas PPPs no Reino Unido. O NHS \u00e9 um dos modelos que inspirou a cria\u00e7\u00e3o do SUS.\u00a0<br><br>Ap\u00f3s a revoga\u00e7\u00e3o, o presidente Bolsonaro foi para as redes sociais explicar a decis\u00e3o. Segundo ele, o esp\u00edrito do decreto era terminar as obras inacabadas. Bolsonaro tamb\u00e9m diz que a leitura do decreto j\u00e1 n\u00e3o indicava qualquer tentativa de privatiza\u00e7\u00e3o. Segundo o texto, se houver entendimento futuro, o decreto poder\u00e1 ser reeditado.<br><br><strong>Risco para projetos<\/strong><br>Avalia\u00e7\u00e3o de especialista no tema \u00e9 que o ato do governo federal teve um texto gen\u00e9rico, sem especificar que a proposta \u00e9 para PPPs, o que deu margem a interpreta\u00e7\u00e3o de que poderiam ser usados outros instrumentos de rela\u00e7\u00e3o com a iniciativa privada que j\u00e1 sofrem cr\u00edticas do setor de sa\u00fade.<br><br>H\u00e1 temor tamb\u00e9m de que as PPPs sejam confundidas com os contratos dos gestores de sa\u00fade com\u00a0OSs (Organiza\u00e7\u00f5es Sociais), cujo modelo de\u00a0contratos \u00e9\u00a0diferente\u00a0do\u00a0contrato\u00a0de\u00a0PPP, e por isso mais sujeitos a fraudes como as que est\u00e3o sendo constatadas em v\u00e1rios estados do pa\u00eds. Esses dois fatores podem dificultar processos futuros que est\u00e3o em avalia\u00e7\u00e3o.<\/p>\n","protected":false},"excerpt":{"rendered":"<p>da Ag\u00eancia iNFRA O presidente Jair Bolsonaro decidiu revogar o Decreto 10.530\/2020, publicado dois dias atr\u00e1s, que deu atribui\u00e7\u00f5es ao PPI (Programa de Parcerias de Investimentos) para apoiar estados e munic\u00edpios na estrutura\u00e7\u00e3o de projetos de unidades b\u00e1sicas de sa\u00fade em parceria com a iniciativa privada. A revoga\u00e7\u00e3o foi publicada no Di\u00e1rio Oficial da Uni\u00e3o [&hellip;]<\/p>\n","protected":false},"author":9,"featured_media":6256,"comment_status":"closed","ping_status":"closed","sticky":false,"template":"","format":"standard","meta":{"_monsterinsights_skip_tracking":false,"_monsterinsights_sitenote_active":false,"_monsterinsights_sitenote_note":"","_monsterinsights_sitenote_category":0,"footnotes":""},"categories":[1],"tags":[103,2913,845,2916,2914,2915,766,2585,2917,2918,1315,36,97,2911,2910,2912],"class_list":["post-6255","post","type-post","status-publish","format-standard","has-post-thumbnail","hentry","category-geral","tag-bndes","tag-hospital-do-suburbio","tag-jair-bolsonaro","tag-lucas-santanna-2","tag-maria-joachim","tag-mario-saadi","tag-ministerio-da-economia","tag-ministerio-da-saude","tag-national-health-service","tag-nhs","tag-parcerias-publico-privadas","tag-ppi","tag-ppp","tag-sus","tag-ubs","tag-unidades-basicas-de-saude"],"yoast_head":"<!-- This site is optimized with the Yoast SEO Premium plugin v25.4 (Yoast SEO v26.0) - https:\/\/yoast.com\/wordpress\/plugins\/seo\/ -->\n<title>Bolsonaro revoga decreto sobre parcerias p\u00fablico-privadas na Sa\u00fade, modelo que j\u00e1 funciona no pa\u00eds - Ag\u00eancia iNFRA<\/title>\n<meta name=\"robots\" content=\"index, follow, max-snippet:-1, max-image-preview:large, max-video-preview:-1\" \/>\n<link rel=\"canonical\" href=\"https:\/\/agenciainfra.com\/blog\/bolsonaro-revoga-decreto-sobre-parcerias-publico-privadas-na-saude-modelo-que-ja-funciona-no-pais\/\" \/>\n<meta property=\"og:locale\" content=\"pt_BR\" \/>\n<meta property=\"og:type\" content=\"article\" \/>\n<meta property=\"og:title\" content=\"Bolsonaro revoga decreto sobre parcerias p\u00fablico-privadas na Sa\u00fade, modelo que j\u00e1 funciona no pa\u00eds\" \/>\n<meta property=\"og:description\" content=\"da Ag\u00eancia iNFRA O presidente Jair Bolsonaro decidiu revogar o Decreto 10.530\/2020, publicado dois dias atr\u00e1s, que deu atribui\u00e7\u00f5es ao PPI (Programa de Parcerias de Investimentos) para apoiar estados e munic\u00edpios na estrutura\u00e7\u00e3o de projetos de unidades b\u00e1sicas de sa\u00fade em parceria com a iniciativa privada. A revoga\u00e7\u00e3o foi publicada no Di\u00e1rio Oficial da Uni\u00e3o [&hellip;]\" \/>\n<meta property=\"og:url\" content=\"https:\/\/agenciainfra.com\/blog\/bolsonaro-revoga-decreto-sobre-parcerias-publico-privadas-na-saude-modelo-que-ja-funciona-no-pais\/\" \/>\n<meta property=\"og:site_name\" content=\"Ag\u00eancia iNFRA\" \/>\n<meta property=\"article:publisher\" content=\"https:\/\/www.facebook.com\/ageninfra\" \/>\n<meta property=\"article:published_time\" content=\"2020-10-29T10:45:42+00:00\" \/>\n<meta property=\"article:modified_time\" content=\"2020-10-29T10:45:46+00:00\" \/>\n<meta property=\"og:image\" content=\"https:\/\/agenciainfra.com\/blog\/wp-content\/uploads\/2020\/10\/hospital-do-suburbio-foto-eloi-correa-govba.jpg\" \/>\n\t<meta property=\"og:image:width\" content=\"1280\" \/>\n\t<meta property=\"og:image:height\" content=\"853\" \/>\n\t<meta property=\"og:image:type\" content=\"image\/jpeg\" \/>\n<meta name=\"author\" content=\"Rodrigo Zuquim\" \/>\n<meta name=\"twitter:card\" content=\"summary_large_image\" \/>\n<meta name=\"twitter:creator\" content=\"@agencia_infra\" \/>\n<meta name=\"twitter:site\" content=\"@agencia_infra\" \/>\n<meta name=\"twitter:label1\" content=\"Escrito por\" \/>\n\t<meta name=\"twitter:data1\" content=\"Rodrigo Zuquim\" \/>\n\t<meta name=\"twitter:label2\" content=\"Est. tempo de leitura\" \/>\n\t<meta name=\"twitter:data2\" content=\"5 minutos\" \/>\n<script type=\"application\/ld+json\" class=\"yoast-schema-graph\">{\"@context\":\"https:\/\/schema.org\",\"@graph\":[{\"@type\":\"Article\",\"@id\":\"https:\/\/agenciainfra.com\/blog\/bolsonaro-revoga-decreto-sobre-parcerias-publico-privadas-na-saude-modelo-que-ja-funciona-no-pais\/#article\",\"isPartOf\":{\"@id\":\"https:\/\/agenciainfra.com\/blog\/bolsonaro-revoga-decreto-sobre-parcerias-publico-privadas-na-saude-modelo-que-ja-funciona-no-pais\/\"},\"author\":{\"name\":\"Rodrigo Zuquim\",\"@id\":\"https:\/\/agenciainfra.com\/blog\/#\/schema\/person\/04dbb79bd6d8951f063da71f3e4c1eb1\"},\"headline\":\"Bolsonaro revoga decreto sobre parcerias p\u00fablico-privadas na Sa\u00fade, modelo que j\u00e1 funciona no pa\u00eds\",\"datePublished\":\"2020-10-29T10:45:42+00:00\",\"dateModified\":\"2020-10-29T10:45:46+00:00\",\"mainEntityOfPage\":{\"@id\":\"https:\/\/agenciainfra.com\/blog\/bolsonaro-revoga-decreto-sobre-parcerias-publico-privadas-na-saude-modelo-que-ja-funciona-no-pais\/\"},\"wordCount\":939,\"publisher\":{\"@id\":\"https:\/\/agenciainfra.com\/blog\/#organization\"},\"image\":{\"@id\":\"https:\/\/agenciainfra.com\/blog\/bolsonaro-revoga-decreto-sobre-parcerias-publico-privadas-na-saude-modelo-que-ja-funciona-no-pais\/#primaryimage\"},\"thumbnailUrl\":\"https:\/\/agenciainfra.com\/blog\/wp-content\/uploads\/2020\/10\/hospital-do-suburbio-foto-eloi-correa-govba.jpg\",\"keywords\":[\"BNDES\",\"Hospital do Sub\u00farbio\",\"Jair Bolsonaro\",\"Lucas Santanna\",\"Maria Joachim\",\"M\u00e1rio Saadi\",\"Minist\u00e9rio da Economia\",\"Minist\u00e9rio da Sa\u00fade\",\"National Health Service\",\"NHS\",\"parcerias p\u00fablico-privadas\",\"PPI\",\"PPP\",\"SUS\",\"UBS\",\"unidades b\u00e1sicas de sa\u00fade\"],\"articleSection\":[\"Geral\"],\"inLanguage\":\"pt-BR\",\"copyrightYear\":\"2020\",\"copyrightHolder\":{\"@id\":\"https:\/\/agenciainfra.com\/blog\/#organization\"}},{\"@type\":\"WebPage\",\"@id\":\"https:\/\/agenciainfra.com\/blog\/bolsonaro-revoga-decreto-sobre-parcerias-publico-privadas-na-saude-modelo-que-ja-funciona-no-pais\/\",\"url\":\"https:\/\/agenciainfra.com\/blog\/bolsonaro-revoga-decreto-sobre-parcerias-publico-privadas-na-saude-modelo-que-ja-funciona-no-pais\/\",\"name\":\"Bolsonaro revoga decreto sobre parcerias p\u00fablico-privadas na Sa\u00fade, modelo que j\u00e1 funciona no pa\u00eds - Ag\u00eancia iNFRA\",\"isPartOf\":{\"@id\":\"https:\/\/agenciainfra.com\/blog\/#website\"},\"primaryImageOfPage\":{\"@id\":\"https:\/\/agenciainfra.com\/blog\/bolsonaro-revoga-decreto-sobre-parcerias-publico-privadas-na-saude-modelo-que-ja-funciona-no-pais\/#primaryimage\"},\"image\":{\"@id\":\"https:\/\/agenciainfra.com\/blog\/bolsonaro-revoga-decreto-sobre-parcerias-publico-privadas-na-saude-modelo-que-ja-funciona-no-pais\/#primaryimage\"},\"thumbnailUrl\":\"https:\/\/agenciainfra.com\/blog\/wp-content\/uploads\/2020\/10\/hospital-do-suburbio-foto-eloi-correa-govba.jpg\",\"datePublished\":\"2020-10-29T10:45:42+00:00\",\"dateModified\":\"2020-10-29T10:45:46+00:00\",\"breadcrumb\":{\"@id\":\"https:\/\/agenciainfra.com\/blog\/bolsonaro-revoga-decreto-sobre-parcerias-publico-privadas-na-saude-modelo-que-ja-funciona-no-pais\/#breadcrumb\"},\"inLanguage\":\"pt-BR\",\"potentialAction\":[{\"@type\":\"ReadAction\",\"target\":[\"https:\/\/agenciainfra.com\/blog\/bolsonaro-revoga-decreto-sobre-parcerias-publico-privadas-na-saude-modelo-que-ja-funciona-no-pais\/\"]}]},{\"@type\":\"ImageObject\",\"inLanguage\":\"pt-BR\",\"@id\":\"https:\/\/agenciainfra.com\/blog\/bolsonaro-revoga-decreto-sobre-parcerias-publico-privadas-na-saude-modelo-que-ja-funciona-no-pais\/#primaryimage\",\"url\":\"https:\/\/agenciainfra.com\/blog\/wp-content\/uploads\/2020\/10\/hospital-do-suburbio-foto-eloi-correa-govba.jpg\",\"contentUrl\":\"https:\/\/agenciainfra.com\/blog\/wp-content\/uploads\/2020\/10\/hospital-do-suburbio-foto-eloi-correa-govba.jpg\",\"width\":1280,\"height\":853},{\"@type\":\"BreadcrumbList\",\"@id\":\"https:\/\/agenciainfra.com\/blog\/bolsonaro-revoga-decreto-sobre-parcerias-publico-privadas-na-saude-modelo-que-ja-funciona-no-pais\/#breadcrumb\",\"itemListElement\":[{\"@type\":\"ListItem\",\"position\":1,\"name\":\"In\u00edcio\",\"item\":\"https:\/\/agenciainfra.com\/blog\/\"},{\"@type\":\"ListItem\",\"position\":2,\"name\":\"Bolsonaro revoga decreto sobre parcerias p\u00fablico-privadas na Sa\u00fade, modelo que j\u00e1 funciona no pa\u00eds\"}]},{\"@type\":\"WebSite\",\"@id\":\"https:\/\/agenciainfra.com\/blog\/#website\",\"url\":\"https:\/\/agenciainfra.com\/blog\/\",\"name\":\"Ag\u00eancia iNFRA\",\"description\":\"Multiplataforma de informa\u00e7\u00e3o jornal\u00edstica refer\u00eancia na \u00e1rea de infraestrutura no Brasil!\",\"publisher\":{\"@id\":\"https:\/\/agenciainfra.com\/blog\/#organization\"},\"potentialAction\":[{\"@type\":\"SearchAction\",\"target\":{\"@type\":\"EntryPoint\",\"urlTemplate\":\"https:\/\/agenciainfra.com\/blog\/?s={search_term_string}\"},\"query-input\":{\"@type\":\"PropertyValueSpecification\",\"valueRequired\":true,\"valueName\":\"search_term_string\"}}],\"inLanguage\":\"pt-BR\"},{\"@type\":\"Organization\",\"@id\":\"https:\/\/agenciainfra.com\/blog\/#organization\",\"name\":\"Ag\u00eancia iNFRA\",\"url\":\"https:\/\/agenciainfra.com\/blog\/\",\"logo\":{\"@type\":\"ImageObject\",\"inLanguage\":\"pt-BR\",\"@id\":\"https:\/\/agenciainfra.com\/blog\/#\/schema\/logo\/image\/\",\"url\":\"https:\/\/agenciainfra.com\/blog\/wp-content\/uploads\/2023\/09\/iNFRA_5-e1761735885940.png\",\"contentUrl\":\"https:\/\/agenciainfra.com\/blog\/wp-content\/uploads\/2023\/09\/iNFRA_5-e1761735885940.png\",\"width\":1672,\"height\":454,\"caption\":\"Ag\u00eancia iNFRA\"},\"image\":{\"@id\":\"https:\/\/agenciainfra.com\/blog\/#\/schema\/logo\/image\/\"},\"sameAs\":[\"https:\/\/www.facebook.com\/ageninfra\",\"https:\/\/x.com\/agencia_infra\",\"https:\/\/www.linkedin.com\/company\/ag\u00eanciainfra\/\",\"https:\/\/www.instagram.com\/agenciainfra\/\"]},{\"@type\":\"Person\",\"@id\":\"https:\/\/agenciainfra.com\/blog\/#\/schema\/person\/04dbb79bd6d8951f063da71f3e4c1eb1\",\"name\":\"Rodrigo Zuquim\",\"image\":{\"@type\":\"ImageObject\",\"inLanguage\":\"pt-BR\",\"@id\":\"https:\/\/agenciainfra.com\/blog\/#\/schema\/person\/image\/\",\"url\":\"https:\/\/secure.gravatar.com\/avatar\/594abfe82761d620726242ff34ca472a705a4b97f16c790053a6b4c4035274d0?s=96&d=mm&r=g\",\"contentUrl\":\"https:\/\/secure.gravatar.com\/avatar\/594abfe82761d620726242ff34ca472a705a4b97f16c790053a6b4c4035274d0?s=96&d=mm&r=g\",\"caption\":\"Rodrigo Zuquim\"},\"url\":\"https:\/\/agenciainfra.com\/blog\/author\/rodrigo-zuquim\/\"}]}<\/script>\n<!-- \/ Yoast SEO Premium plugin. -->","yoast_head_json":{"title":"Bolsonaro revoga decreto sobre parcerias p\u00fablico-privadas na Sa\u00fade, modelo que j\u00e1 funciona no pa\u00eds - Ag\u00eancia iNFRA","robots":{"index":"index","follow":"follow","max-snippet":"max-snippet:-1","max-image-preview":"max-image-preview:large","max-video-preview":"max-video-preview:-1"},"canonical":"https:\/\/agenciainfra.com\/blog\/bolsonaro-revoga-decreto-sobre-parcerias-publico-privadas-na-saude-modelo-que-ja-funciona-no-pais\/","og_locale":"pt_BR","og_type":"article","og_title":"Bolsonaro revoga decreto sobre parcerias p\u00fablico-privadas na Sa\u00fade, modelo que j\u00e1 funciona no pa\u00eds","og_description":"da Ag\u00eancia iNFRA O presidente Jair Bolsonaro decidiu revogar o Decreto 10.530\/2020, publicado dois dias atr\u00e1s, que deu atribui\u00e7\u00f5es ao PPI (Programa de Parcerias de Investimentos) para apoiar estados e munic\u00edpios na estrutura\u00e7\u00e3o de projetos de unidades b\u00e1sicas de sa\u00fade em parceria com a iniciativa privada. A revoga\u00e7\u00e3o foi publicada no Di\u00e1rio Oficial da Uni\u00e3o [&hellip;]","og_url":"https:\/\/agenciainfra.com\/blog\/bolsonaro-revoga-decreto-sobre-parcerias-publico-privadas-na-saude-modelo-que-ja-funciona-no-pais\/","og_site_name":"Ag\u00eancia iNFRA","article_publisher":"https:\/\/www.facebook.com\/ageninfra","article_published_time":"2020-10-29T10:45:42+00:00","article_modified_time":"2020-10-29T10:45:46+00:00","og_image":[{"width":1280,"height":853,"url":"https:\/\/agenciainfra.com\/blog\/wp-content\/uploads\/2020\/10\/hospital-do-suburbio-foto-eloi-correa-govba.jpg","type":"image\/jpeg"}],"author":"Rodrigo Zuquim","twitter_card":"summary_large_image","twitter_creator":"@agencia_infra","twitter_site":"@agencia_infra","twitter_misc":{"Escrito por":"Rodrigo Zuquim","Est. tempo de leitura":"5 minutos"},"schema":{"@context":"https:\/\/schema.org","@graph":[{"@type":"Article","@id":"https:\/\/agenciainfra.com\/blog\/bolsonaro-revoga-decreto-sobre-parcerias-publico-privadas-na-saude-modelo-que-ja-funciona-no-pais\/#article","isPartOf":{"@id":"https:\/\/agenciainfra.com\/blog\/bolsonaro-revoga-decreto-sobre-parcerias-publico-privadas-na-saude-modelo-que-ja-funciona-no-pais\/"},"author":{"name":"Rodrigo Zuquim","@id":"https:\/\/agenciainfra.com\/blog\/#\/schema\/person\/04dbb79bd6d8951f063da71f3e4c1eb1"},"headline":"Bolsonaro revoga decreto sobre parcerias p\u00fablico-privadas na Sa\u00fade, modelo que j\u00e1 funciona no pa\u00eds","datePublished":"2020-10-29T10:45:42+00:00","dateModified":"2020-10-29T10:45:46+00:00","mainEntityOfPage":{"@id":"https:\/\/agenciainfra.com\/blog\/bolsonaro-revoga-decreto-sobre-parcerias-publico-privadas-na-saude-modelo-que-ja-funciona-no-pais\/"},"wordCount":939,"publisher":{"@id":"https:\/\/agenciainfra.com\/blog\/#organization"},"image":{"@id":"https:\/\/agenciainfra.com\/blog\/bolsonaro-revoga-decreto-sobre-parcerias-publico-privadas-na-saude-modelo-que-ja-funciona-no-pais\/#primaryimage"},"thumbnailUrl":"https:\/\/agenciainfra.com\/blog\/wp-content\/uploads\/2020\/10\/hospital-do-suburbio-foto-eloi-correa-govba.jpg","keywords":["BNDES","Hospital do Sub\u00farbio","Jair Bolsonaro","Lucas Santanna","Maria Joachim","M\u00e1rio Saadi","Minist\u00e9rio da Economia","Minist\u00e9rio da Sa\u00fade","National Health Service","NHS","parcerias p\u00fablico-privadas","PPI","PPP","SUS","UBS","unidades b\u00e1sicas de sa\u00fade"],"articleSection":["Geral"],"inLanguage":"pt-BR","copyrightYear":"2020","copyrightHolder":{"@id":"https:\/\/agenciainfra.com\/blog\/#organization"}},{"@type":"WebPage","@id":"https:\/\/agenciainfra.com\/blog\/bolsonaro-revoga-decreto-sobre-parcerias-publico-privadas-na-saude-modelo-que-ja-funciona-no-pais\/","url":"https:\/\/agenciainfra.com\/blog\/bolsonaro-revoga-decreto-sobre-parcerias-publico-privadas-na-saude-modelo-que-ja-funciona-no-pais\/","name":"Bolsonaro revoga decreto sobre parcerias p\u00fablico-privadas na Sa\u00fade, modelo que j\u00e1 funciona no pa\u00eds - Ag\u00eancia iNFRA","isPartOf":{"@id":"https:\/\/agenciainfra.com\/blog\/#website"},"primaryImageOfPage":{"@id":"https:\/\/agenciainfra.com\/blog\/bolsonaro-revoga-decreto-sobre-parcerias-publico-privadas-na-saude-modelo-que-ja-funciona-no-pais\/#primaryimage"},"image":{"@id":"https:\/\/agenciainfra.com\/blog\/bolsonaro-revoga-decreto-sobre-parcerias-publico-privadas-na-saude-modelo-que-ja-funciona-no-pais\/#primaryimage"},"thumbnailUrl":"https:\/\/agenciainfra.com\/blog\/wp-content\/uploads\/2020\/10\/hospital-do-suburbio-foto-eloi-correa-govba.jpg","datePublished":"2020-10-29T10:45:42+00:00","dateModified":"2020-10-29T10:45:46+00:00","breadcrumb":{"@id":"https:\/\/agenciainfra.com\/blog\/bolsonaro-revoga-decreto-sobre-parcerias-publico-privadas-na-saude-modelo-que-ja-funciona-no-pais\/#breadcrumb"},"inLanguage":"pt-BR","potentialAction":[{"@type":"ReadAction","target":["https:\/\/agenciainfra.com\/blog\/bolsonaro-revoga-decreto-sobre-parcerias-publico-privadas-na-saude-modelo-que-ja-funciona-no-pais\/"]}]},{"@type":"ImageObject","inLanguage":"pt-BR","@id":"https:\/\/agenciainfra.com\/blog\/bolsonaro-revoga-decreto-sobre-parcerias-publico-privadas-na-saude-modelo-que-ja-funciona-no-pais\/#primaryimage","url":"https:\/\/agenciainfra.com\/blog\/wp-content\/uploads\/2020\/10\/hospital-do-suburbio-foto-eloi-correa-govba.jpg","contentUrl":"https:\/\/agenciainfra.com\/blog\/wp-content\/uploads\/2020\/10\/hospital-do-suburbio-foto-eloi-correa-govba.jpg","width":1280,"height":853},{"@type":"BreadcrumbList","@id":"https:\/\/agenciainfra.com\/blog\/bolsonaro-revoga-decreto-sobre-parcerias-publico-privadas-na-saude-modelo-que-ja-funciona-no-pais\/#breadcrumb","itemListElement":[{"@type":"ListItem","position":1,"name":"In\u00edcio","item":"https:\/\/agenciainfra.com\/blog\/"},{"@type":"ListItem","position":2,"name":"Bolsonaro revoga decreto sobre parcerias p\u00fablico-privadas na Sa\u00fade, modelo que j\u00e1 funciona no pa\u00eds"}]},{"@type":"WebSite","@id":"https:\/\/agenciainfra.com\/blog\/#website","url":"https:\/\/agenciainfra.com\/blog\/","name":"Ag\u00eancia iNFRA","description":"Multiplataforma de informa\u00e7\u00e3o jornal\u00edstica refer\u00eancia na \u00e1rea de infraestrutura no Brasil!","publisher":{"@id":"https:\/\/agenciainfra.com\/blog\/#organization"},"potentialAction":[{"@type":"SearchAction","target":{"@type":"EntryPoint","urlTemplate":"https:\/\/agenciainfra.com\/blog\/?s={search_term_string}"},"query-input":{"@type":"PropertyValueSpecification","valueRequired":true,"valueName":"search_term_string"}}],"inLanguage":"pt-BR"},{"@type":"Organization","@id":"https:\/\/agenciainfra.com\/blog\/#organization","name":"Ag\u00eancia iNFRA","url":"https:\/\/agenciainfra.com\/blog\/","logo":{"@type":"ImageObject","inLanguage":"pt-BR","@id":"https:\/\/agenciainfra.com\/blog\/#\/schema\/logo\/image\/","url":"https:\/\/agenciainfra.com\/blog\/wp-content\/uploads\/2023\/09\/iNFRA_5-e1761735885940.png","contentUrl":"https:\/\/agenciainfra.com\/blog\/wp-content\/uploads\/2023\/09\/iNFRA_5-e1761735885940.png","width":1672,"height":454,"caption":"Ag\u00eancia iNFRA"},"image":{"@id":"https:\/\/agenciainfra.com\/blog\/#\/schema\/logo\/image\/"},"sameAs":["https:\/\/www.facebook.com\/ageninfra","https:\/\/x.com\/agencia_infra","https:\/\/www.linkedin.com\/company\/ag\u00eanciainfra\/","https:\/\/www.instagram.com\/agenciainfra\/"]},{"@type":"Person","@id":"https:\/\/agenciainfra.com\/blog\/#\/schema\/person\/04dbb79bd6d8951f063da71f3e4c1eb1","name":"Rodrigo Zuquim","image":{"@type":"ImageObject","inLanguage":"pt-BR","@id":"https:\/\/agenciainfra.com\/blog\/#\/schema\/person\/image\/","url":"https:\/\/secure.gravatar.com\/avatar\/594abfe82761d620726242ff34ca472a705a4b97f16c790053a6b4c4035274d0?s=96&d=mm&r=g","contentUrl":"https:\/\/secure.gravatar.com\/avatar\/594abfe82761d620726242ff34ca472a705a4b97f16c790053a6b4c4035274d0?s=96&d=mm&r=g","caption":"Rodrigo Zuquim"},"url":"https:\/\/agenciainfra.com\/blog\/author\/rodrigo-zuquim\/"}]}},"_links":{"self":[{"href":"https:\/\/agenciainfra.com\/blog\/wp-json\/wp\/v2\/posts\/6255","targetHints":{"allow":["GET"]}}],"collection":[{"href":"https:\/\/agenciainfra.com\/blog\/wp-json\/wp\/v2\/posts"}],"about":[{"href":"https:\/\/agenciainfra.com\/blog\/wp-json\/wp\/v2\/types\/post"}],"author":[{"embeddable":true,"href":"https:\/\/agenciainfra.com\/blog\/wp-json\/wp\/v2\/users\/9"}],"replies":[{"embeddable":true,"href":"https:\/\/agenciainfra.com\/blog\/wp-json\/wp\/v2\/comments?post=6255"}],"version-history":[{"count":0,"href":"https:\/\/agenciainfra.com\/blog\/wp-json\/wp\/v2\/posts\/6255\/revisions"}],"wp:featuredmedia":[{"embeddable":true,"href":"https:\/\/agenciainfra.com\/blog\/wp-json\/wp\/v2\/media\/6256"}],"wp:attachment":[{"href":"https:\/\/agenciainfra.com\/blog\/wp-json\/wp\/v2\/media?parent=6255"}],"wp:term":[{"taxonomy":"category","embeddable":true,"href":"https:\/\/agenciainfra.com\/blog\/wp-json\/wp\/v2\/categories?post=6255"},{"taxonomy":"post_tag","embeddable":true,"href":"https:\/\/agenciainfra.com\/blog\/wp-json\/wp\/v2\/tags?post=6255"}],"curies":[{"name":"wp","href":"https:\/\/api.w.org\/{rel}","templated":true}]}}