{"id":6311,"date":"2020-11-11T08:00:38","date_gmt":"2020-11-11T11:00:38","guid":{"rendered":"https:\/\/www.agenciainfra.com\/blog\/?p=6311"},"modified":"2020-11-10T11:11:02","modified_gmt":"2020-11-10T14:11:02","slug":"governo-ampliara-contratos-da-nova-dutra-e-da-crt-em-2021-para-manter-servicos-em-rodovias-do-rj","status":"publish","type":"post","link":"https:\/\/agenciainfra.com\/blog\/governo-ampliara-contratos-da-nova-dutra-e-da-crt-em-2021-para-manter-servicos-em-rodovias-do-rj\/","title":{"rendered":"Governo ampliar\u00e1 contratos da Nova Dutra e da CRT em 2021 para manter servi\u00e7os em rodovias do RJ"},"content":{"rendered":"\n<hr class=\"wp-block-separator\"\/>\n\n\n\n<p class=\"has-text-align-right\"><strong>Dimmi Amora, da&nbsp;Ag\u00eancia iNFRA<\/strong><\/p>\n\n\n\n<p>O Minist\u00e9rio da Infraestrutura autorizou a ANTT (Ag\u00eancia Nacional de Transportes Terrestres) a abrir negocia\u00e7\u00f5es com as concession\u00e1rias de rodovia CCR Nova Dutra e CRT para que elas permane\u00e7am operando seus trechos concessionados al\u00e9m do per\u00edodo de contrato, que vence em fevereiro e mar\u00e7o de 2021, respectivamente.<br><br>Respons\u00e1veis por trechos da BR-116 entre Rio de Janeiro e S\u00e3o Paulo (Nova Dutra) e entre Rio de Janeiro e Al\u00e9m Para\u00edba (CRT), as duas companhias poderiam permanecer cobrando os ped\u00e1gios por um tempo estimado entre seis meses e um ano e meio, a depender da velocidade das licita\u00e7\u00f5es para escolher o novo operador dessas concess\u00f5es, para manter a presta\u00e7\u00e3o de servi\u00e7os e a conserva\u00e7\u00e3o das vias.<br><br>As concess\u00f5es s\u00e3o das primeiras do pa\u00eds, realizadas em 1995, com per\u00edodo de 25 anos. Houve no in\u00edcio da d\u00e9cada uma tentativa de ampliar os prazos dos contratos, que acabou frustrada. Desde 2017 come\u00e7aram os estudos para que fosse escolhido um novo operador. A estimativa de 2019 era licitar as duas estradas em 2020, o que n\u00e3o ocorrer\u00e1 pelos atrasos no cronograma.<br><br>O governo decidiu mudar a configura\u00e7\u00e3o das duas concess\u00f5es. No caso da BR-116 entre Rio e S\u00e3o Paulo, o atual trecho de cerca de 400 quil\u00f4metros foi desmembrado. Um ficar\u00e1 junto com a concess\u00e3o da BR-101 entre os dois estados. Essa licita\u00e7\u00e3o j\u00e1 passou por audi\u00eancia p\u00fablica e foi mandada semana passada ao TCU (Tribunal de Contas da Uni\u00e3o)\u00a0para an\u00e1lise.<br><br>A expectativa agora \u00e9 que a licita\u00e7\u00e3o ocorra no fim do primeiro semestre de 2021. Por isso, o governo pediu para que a ANTT negocie com a CCR um contrato de seis meses que pode ser ampliado por mais seis meses.<br><br>No caso do trecho da CRT, o governo quer ampliar a extens\u00e3o da concess\u00e3o em Minas Gerais at\u00e9 Governador Valadares. Al\u00e9m disso, planeja incorporar v\u00e1rios trechos rodovi\u00e1rios na regi\u00e3o metropolitana do Rio, inclusive uma parte que estava na CCR Nova Dutra, cerca de 70 quil\u00f4metros na regi\u00e3o da Baixada Fluminense.<br><br>Para essa nova configura\u00e7\u00e3o, os estudo foram encerrados pela EPL (Empresa de Planejamento e Log\u00edstica) no m\u00eas passado. A ANTT deve iniciar a audi\u00eancia p\u00fablica nas pr\u00f3ximas semanas. Pela complexidade do modelo, a expectativa \u00e9 que uma nova concession\u00e1ria s\u00f3 estar\u00e1 escolhida em 2022.<br><br><strong>Mais 18 meses<\/strong><br>Por isso, o governo indicou que a ag\u00eancia poderia fazer uma extens\u00e3o do contrato por 18 meses. Isso ajudaria tamb\u00e9m a sanear uma pend\u00eancia com a concession\u00e1ria, que tem um reequil\u00edbrio j\u00e1 reconhecido por altera\u00e7\u00e3o de local de pra\u00e7a de ped\u00e1gio, mas que nunca foi aplicado no contrato.<br><br>A indica\u00e7\u00e3o do governo para que a ag\u00eancia inicie as negocia\u00e7\u00f5es foi dada no fim de outubro, ap\u00f3s questionamento da ANTT sobre o que ser\u00e1 feito com as rodovias, visto que n\u00e3o h\u00e1 mais tempo h\u00e1bil para escolher um novo operador.<br><br>O governo respondeu questionando sobre a qualidade da presta\u00e7\u00e3o de servi\u00e7o das concession\u00e1rias e, com a informa\u00e7\u00e3o de que os servi\u00e7os das duas est\u00e3o sendo prestados a contento, informou que pode ser iniciada a negocia\u00e7\u00e3o para a extens\u00e3o de prazo.<br><br>Procuradas pela\u00a0<strong>Ag\u00eancia iNFRA<\/strong>, as duas concession\u00e1rias informaram que est\u00e3o em tratativas com o governo e a ag\u00eancia aguardando determina\u00e7\u00f5es sobre como proceder ao fim do per\u00edodo de contrato.<\/p>\n\n\n\n<p><strong>Concer segue indefinida<\/strong><br>Para a terceira concession\u00e1ria no estado com contrato a vencer em 2021, a Concer, que administra o trecho da BR-040 entre Rio de Janeiro e Juiz de Fora (MG), por enquanto ainda n\u00e3o h\u00e1 defini\u00e7\u00e3o se ela permanecer\u00e1 ou n\u00e3o na opera\u00e7\u00e3o da via.<br><br>A ANTT tem um processo de caducidade da concess\u00e3o por descumprimentos contratuais em andamento desde 2018 e n\u00e3o classifica a presta\u00e7\u00e3o dos servi\u00e7os como adequadas. A tend\u00eancia \u00e9 que n\u00e3o haja a amplia\u00e7\u00e3o do prazo nesse trecho, mas a decis\u00e3o n\u00e3o est\u00e1 tomada.<br><br>Para isso, ser\u00e1 necess\u00e1rio encontrar\u00a0solu\u00e7\u00e3o no or\u00e7amento do governo para a manuten\u00e7\u00e3o da via no per\u00edodo at\u00e9 se achar um novo operador e tamb\u00e9m de alguns servi\u00e7os essenciais, como reboques na regi\u00e3o da Serra de Petr\u00f3polis, por exemplo. J\u00e1 h\u00e1 tratativa com o DNIT (Departamento Nacional de Infraestrutura de Transportes) sobre o tema.<br><br>No caso da escolha do novo concession\u00e1rio para esse trecho, os estudos est\u00e3o em fase ainda anterior ao do trecho da CRT. A ideia tamb\u00e9m \u00e9 fazer uma nova modelagem, ampliando a concess\u00e3o em Minas Gerais at\u00e9 a regi\u00e3o metropolitana de Belo Horizonte.<br><br>Mas esse trecho em Minas Gerais\u00a0hoje est\u00e1 concessionado para outra empresa, a Via 040, que est\u00e1 num processo complicado de relicita\u00e7\u00e3o, que, em tese, ter\u00e1 que estar conclu\u00eddo at\u00e9 fevereiro de 2022.<br><br><strong>Reequil\u00edbrio<\/strong><br>A Concer informou que n\u00e3o foi procurada pelo governo e que tem pleitos de reequil\u00edbrio contratual que poderiam\u00a0ser atendidos por uma extens\u00e3o contratual, citando entre eles a obra da Nova Subida da Serra, obra que est\u00e1 em disputa judicial e administrativa.\u00a0\u00a0 \u00a0\u00a0<br><br>&#8220;A Concer est\u00e1 empenhada em restabelecer o equil\u00edbrio contratual da concess\u00e3o, sendo a alternativa da extens\u00e3o do prazo de concess\u00e3o a que se apresenta mais vi\u00e1vel. Havendo o efetivo reequil\u00edbrio nesses termos, a companhia tem a convic\u00e7\u00e3o de que conclui a Nova Subida da Serra em menor tempo e com o menor custo, eliminando desta forma o \u00faltimo gargalo da Rio-Juiz de Fora. A situa\u00e7\u00e3o como se encontra desde 2014 n\u00e3o interessa a ningu\u00e9m, sobretudo para o usu\u00e1rio da rodovia&#8221;, informou a concession\u00e1ria.\u00a0<br><br>Ainda\u00a0segundo a Concer, nos 24 anos de contrato foram feitos investimentos al\u00e9m do programado e foram realizados 600 mil atendimentos, sendo 61,8 mil apenas em 2019, entre inspe\u00e7\u00f5es, assist\u00eancias mec\u00e2nicas e remo\u00e7\u00f5es de ve\u00edculos pela frota de reboques. \u00a0<br><br>No trecho da Serra, onde a obra de amplia\u00e7\u00e3o n\u00e3o foi conclu\u00edda, foram\u00a039.576 ocorr\u00eancias entre 2013 a 2019, &#8220;m\u00e9dia de 15 ocorr\u00eancias di\u00e1rias em trecho de apenas 20 quil\u00f4metros de extens\u00e3o&#8221;. A empresa citou ainda que realizou\u00a024 mil atendimentos m\u00e9dicos gratuitos \u00e0 popula\u00e7\u00e3o de cidades da concess\u00e3o desde 2010, sendo 700 partos.<\/p>\n","protected":false},"excerpt":{"rendered":"<p>Dimmi Amora, da&nbsp;Ag\u00eancia iNFRA O Minist\u00e9rio da Infraestrutura autorizou a ANTT (Ag\u00eancia Nacional de Transportes Terrestres) a abrir negocia\u00e7\u00f5es com as concession\u00e1rias de rodovia CCR Nova Dutra e CRT para que elas permane\u00e7am operando seus trechos concessionados al\u00e9m do per\u00edodo de contrato, que vence em fevereiro e mar\u00e7o de 2021, respectivamente. Respons\u00e1veis por trechos da [&hellip;]<\/p>\n","protected":false},"author":9,"featured_media":6312,"comment_status":"closed","ping_status":"closed","sticky":false,"template":"","format":"standard","meta":{"_monsterinsights_skip_tracking":false,"_monsterinsights_sitenote_active":false,"_monsterinsights_sitenote_note":"","_monsterinsights_sitenote_category":0,"footnotes":""},"categories":[1,7],"tags":[19,514,435,1575,245,799,505,78,687,328,745,252,775,1493,1654,126,18],"class_list":["post-6311","post","type-post","status-publish","format-standard","has-post-thumbnail","hentry","category-geral","category-infratransporte","tag-antt","tag-br-040","tag-br-101","tag-br-116","tag-caducidade","tag-ccr-nova-dutra","tag-concer","tag-concessoes","tag-crt","tag-dnit","tag-empresa-de-planejamento-e-logistica","tag-epl","tag-ministerio-da-infraestrutura","tag-nova-dutra","tag-rio-de-janeiro","tag-rodovias","tag-tcu"],"yoast_head":"<!-- This site is optimized with the Yoast SEO Premium plugin v25.4 (Yoast SEO v26.0) - https:\/\/yoast.com\/wordpress\/plugins\/seo\/ -->\n<title>Governo ampliar\u00e1 contratos da Nova Dutra e da CRT em 2021 para manter servi\u00e7os em rodovias do RJ - Ag\u00eancia iNFRA<\/title>\n<meta name=\"robots\" content=\"index, follow, max-snippet:-1, max-image-preview:large, max-video-preview:-1\" \/>\n<link rel=\"canonical\" href=\"https:\/\/agenciainfra.com\/blog\/governo-ampliara-contratos-da-nova-dutra-e-da-crt-em-2021-para-manter-servicos-em-rodovias-do-rj\/\" \/>\n<meta property=\"og:locale\" content=\"pt_BR\" \/>\n<meta property=\"og:type\" content=\"article\" \/>\n<meta property=\"og:title\" content=\"Governo ampliar\u00e1 contratos da Nova Dutra e da CRT em 2021 para manter servi\u00e7os em rodovias do RJ\" \/>\n<meta property=\"og:description\" content=\"Dimmi Amora, da&nbsp;Ag\u00eancia iNFRA O Minist\u00e9rio da Infraestrutura autorizou a ANTT (Ag\u00eancia Nacional de Transportes Terrestres) a abrir negocia\u00e7\u00f5es com as concession\u00e1rias de rodovia CCR Nova Dutra e CRT para que elas permane\u00e7am operando seus trechos concessionados al\u00e9m do per\u00edodo de contrato, que vence em fevereiro e mar\u00e7o de 2021, respectivamente. Respons\u00e1veis por trechos da [&hellip;]\" \/>\n<meta property=\"og:url\" content=\"https:\/\/agenciainfra.com\/blog\/governo-ampliara-contratos-da-nova-dutra-e-da-crt-em-2021-para-manter-servicos-em-rodovias-do-rj\/\" \/>\n<meta property=\"og:site_name\" content=\"Ag\u00eancia iNFRA\" \/>\n<meta property=\"article:publisher\" content=\"https:\/\/www.facebook.com\/ageninfra\" \/>\n<meta property=\"article:published_time\" content=\"2020-11-11T11:00:38+00:00\" \/>\n<meta property=\"og:image\" content=\"https:\/\/agenciainfra.com\/blog\/wp-content\/uploads\/2020\/11\/tarcisio-de-freitas-foto-ricardo-botelho-minfra.jpg\" \/>\n\t<meta property=\"og:image:width\" content=\"1280\" \/>\n\t<meta property=\"og:image:height\" content=\"853\" \/>\n\t<meta property=\"og:image:type\" content=\"image\/jpeg\" \/>\n<meta name=\"author\" content=\"Rodrigo Zuquim\" \/>\n<meta name=\"twitter:card\" content=\"summary_large_image\" \/>\n<meta name=\"twitter:creator\" content=\"@agencia_infra\" \/>\n<meta name=\"twitter:site\" content=\"@agencia_infra\" \/>\n<meta name=\"twitter:label1\" content=\"Escrito por\" \/>\n\t<meta name=\"twitter:data1\" content=\"Rodrigo Zuquim\" \/>\n\t<meta name=\"twitter:label2\" content=\"Est. tempo de leitura\" \/>\n\t<meta name=\"twitter:data2\" content=\"5 minutos\" \/>\n<script type=\"application\/ld+json\" class=\"yoast-schema-graph\">{\"@context\":\"https:\/\/schema.org\",\"@graph\":[{\"@type\":\"Article\",\"@id\":\"https:\/\/agenciainfra.com\/blog\/governo-ampliara-contratos-da-nova-dutra-e-da-crt-em-2021-para-manter-servicos-em-rodovias-do-rj\/#article\",\"isPartOf\":{\"@id\":\"https:\/\/agenciainfra.com\/blog\/governo-ampliara-contratos-da-nova-dutra-e-da-crt-em-2021-para-manter-servicos-em-rodovias-do-rj\/\"},\"author\":{\"name\":\"Rodrigo Zuquim\",\"@id\":\"https:\/\/agenciainfra.com\/blog\/#\/schema\/person\/04dbb79bd6d8951f063da71f3e4c1eb1\"},\"headline\":\"Governo ampliar\u00e1 contratos da Nova Dutra e da CRT em 2021 para manter servi\u00e7os em rodovias do RJ\",\"datePublished\":\"2020-11-11T11:00:38+00:00\",\"mainEntityOfPage\":{\"@id\":\"https:\/\/agenciainfra.com\/blog\/governo-ampliara-contratos-da-nova-dutra-e-da-crt-em-2021-para-manter-servicos-em-rodovias-do-rj\/\"},\"wordCount\":1108,\"publisher\":{\"@id\":\"https:\/\/agenciainfra.com\/blog\/#organization\"},\"image\":{\"@id\":\"https:\/\/agenciainfra.com\/blog\/governo-ampliara-contratos-da-nova-dutra-e-da-crt-em-2021-para-manter-servicos-em-rodovias-do-rj\/#primaryimage\"},\"thumbnailUrl\":\"https:\/\/agenciainfra.com\/blog\/wp-content\/uploads\/2020\/11\/tarcisio-de-freitas-foto-ricardo-botelho-minfra.jpg\",\"keywords\":[\"ANTT\",\"BR-040\",\"BR-101\",\"BR-116\",\"caducidade\",\"CCR Nova Dutra\",\"Concer\",\"concess\u00f5es\",\"CRT\",\"DNIT\",\"Empresa de Planejamento e Log\u00edstica\",\"EPL\",\"Minist\u00e9rio da Infraestrutura\",\"Nova Dutra\",\"Rio de Janeiro\",\"rodovias\",\"TCU\"],\"articleSection\":[\"Geral\",\"iNFRATransporte\"],\"inLanguage\":\"pt-BR\",\"copyrightYear\":\"2020\",\"copyrightHolder\":{\"@id\":\"https:\/\/agenciainfra.com\/blog\/#organization\"}},{\"@type\":\"WebPage\",\"@id\":\"https:\/\/agenciainfra.com\/blog\/governo-ampliara-contratos-da-nova-dutra-e-da-crt-em-2021-para-manter-servicos-em-rodovias-do-rj\/\",\"url\":\"https:\/\/agenciainfra.com\/blog\/governo-ampliara-contratos-da-nova-dutra-e-da-crt-em-2021-para-manter-servicos-em-rodovias-do-rj\/\",\"name\":\"Governo ampliar\u00e1 contratos da Nova Dutra e da CRT em 2021 para manter servi\u00e7os em rodovias do RJ - Ag\u00eancia iNFRA\",\"isPartOf\":{\"@id\":\"https:\/\/agenciainfra.com\/blog\/#website\"},\"primaryImageOfPage\":{\"@id\":\"https:\/\/agenciainfra.com\/blog\/governo-ampliara-contratos-da-nova-dutra-e-da-crt-em-2021-para-manter-servicos-em-rodovias-do-rj\/#primaryimage\"},\"image\":{\"@id\":\"https:\/\/agenciainfra.com\/blog\/governo-ampliara-contratos-da-nova-dutra-e-da-crt-em-2021-para-manter-servicos-em-rodovias-do-rj\/#primaryimage\"},\"thumbnailUrl\":\"https:\/\/agenciainfra.com\/blog\/wp-content\/uploads\/2020\/11\/tarcisio-de-freitas-foto-ricardo-botelho-minfra.jpg\",\"datePublished\":\"2020-11-11T11:00:38+00:00\",\"breadcrumb\":{\"@id\":\"https:\/\/agenciainfra.com\/blog\/governo-ampliara-contratos-da-nova-dutra-e-da-crt-em-2021-para-manter-servicos-em-rodovias-do-rj\/#breadcrumb\"},\"inLanguage\":\"pt-BR\",\"potentialAction\":[{\"@type\":\"ReadAction\",\"target\":[\"https:\/\/agenciainfra.com\/blog\/governo-ampliara-contratos-da-nova-dutra-e-da-crt-em-2021-para-manter-servicos-em-rodovias-do-rj\/\"]}]},{\"@type\":\"ImageObject\",\"inLanguage\":\"pt-BR\",\"@id\":\"https:\/\/agenciainfra.com\/blog\/governo-ampliara-contratos-da-nova-dutra-e-da-crt-em-2021-para-manter-servicos-em-rodovias-do-rj\/#primaryimage\",\"url\":\"https:\/\/agenciainfra.com\/blog\/wp-content\/uploads\/2020\/11\/tarcisio-de-freitas-foto-ricardo-botelho-minfra.jpg\",\"contentUrl\":\"https:\/\/agenciainfra.com\/blog\/wp-content\/uploads\/2020\/11\/tarcisio-de-freitas-foto-ricardo-botelho-minfra.jpg\",\"width\":1280,\"height\":853},{\"@type\":\"BreadcrumbList\",\"@id\":\"https:\/\/agenciainfra.com\/blog\/governo-ampliara-contratos-da-nova-dutra-e-da-crt-em-2021-para-manter-servicos-em-rodovias-do-rj\/#breadcrumb\",\"itemListElement\":[{\"@type\":\"ListItem\",\"position\":1,\"name\":\"In\u00edcio\",\"item\":\"https:\/\/agenciainfra.com\/blog\/\"},{\"@type\":\"ListItem\",\"position\":2,\"name\":\"Governo ampliar\u00e1 contratos da Nova Dutra e da CRT em 2021 para manter servi\u00e7os em rodovias do RJ\"}]},{\"@type\":\"WebSite\",\"@id\":\"https:\/\/agenciainfra.com\/blog\/#website\",\"url\":\"https:\/\/agenciainfra.com\/blog\/\",\"name\":\"Ag\u00eancia iNFRA\",\"description\":\"Multiplataforma de informa\u00e7\u00e3o jornal\u00edstica refer\u00eancia na \u00e1rea de infraestrutura no Brasil!\",\"publisher\":{\"@id\":\"https:\/\/agenciainfra.com\/blog\/#organization\"},\"potentialAction\":[{\"@type\":\"SearchAction\",\"target\":{\"@type\":\"EntryPoint\",\"urlTemplate\":\"https:\/\/agenciainfra.com\/blog\/?s={search_term_string}\"},\"query-input\":{\"@type\":\"PropertyValueSpecification\",\"valueRequired\":true,\"valueName\":\"search_term_string\"}}],\"inLanguage\":\"pt-BR\"},{\"@type\":\"Organization\",\"@id\":\"https:\/\/agenciainfra.com\/blog\/#organization\",\"name\":\"Ag\u00eancia iNFRA\",\"url\":\"https:\/\/agenciainfra.com\/blog\/\",\"logo\":{\"@type\":\"ImageObject\",\"inLanguage\":\"pt-BR\",\"@id\":\"https:\/\/agenciainfra.com\/blog\/#\/schema\/logo\/image\/\",\"url\":\"https:\/\/agenciainfra.com\/blog\/wp-content\/uploads\/2023\/09\/iNFRA_5-e1761735885940.png\",\"contentUrl\":\"https:\/\/agenciainfra.com\/blog\/wp-content\/uploads\/2023\/09\/iNFRA_5-e1761735885940.png\",\"width\":1672,\"height\":454,\"caption\":\"Ag\u00eancia iNFRA\"},\"image\":{\"@id\":\"https:\/\/agenciainfra.com\/blog\/#\/schema\/logo\/image\/\"},\"sameAs\":[\"https:\/\/www.facebook.com\/ageninfra\",\"https:\/\/x.com\/agencia_infra\",\"https:\/\/www.linkedin.com\/company\/ag\u00eanciainfra\/\",\"https:\/\/www.instagram.com\/agenciainfra\/\"]},{\"@type\":\"Person\",\"@id\":\"https:\/\/agenciainfra.com\/blog\/#\/schema\/person\/04dbb79bd6d8951f063da71f3e4c1eb1\",\"name\":\"Rodrigo Zuquim\",\"image\":{\"@type\":\"ImageObject\",\"inLanguage\":\"pt-BR\",\"@id\":\"https:\/\/agenciainfra.com\/blog\/#\/schema\/person\/image\/\",\"url\":\"https:\/\/secure.gravatar.com\/avatar\/594abfe82761d620726242ff34ca472a705a4b97f16c790053a6b4c4035274d0?s=96&d=mm&r=g\",\"contentUrl\":\"https:\/\/secure.gravatar.com\/avatar\/594abfe82761d620726242ff34ca472a705a4b97f16c790053a6b4c4035274d0?s=96&d=mm&r=g\",\"caption\":\"Rodrigo Zuquim\"},\"url\":\"https:\/\/agenciainfra.com\/blog\/author\/rodrigo-zuquim\/\"}]}<\/script>\n<!-- \/ Yoast SEO Premium plugin. -->","yoast_head_json":{"title":"Governo ampliar\u00e1 contratos da Nova Dutra e da CRT em 2021 para manter servi\u00e7os em rodovias do RJ - Ag\u00eancia iNFRA","robots":{"index":"index","follow":"follow","max-snippet":"max-snippet:-1","max-image-preview":"max-image-preview:large","max-video-preview":"max-video-preview:-1"},"canonical":"https:\/\/agenciainfra.com\/blog\/governo-ampliara-contratos-da-nova-dutra-e-da-crt-em-2021-para-manter-servicos-em-rodovias-do-rj\/","og_locale":"pt_BR","og_type":"article","og_title":"Governo ampliar\u00e1 contratos da Nova Dutra e da CRT em 2021 para manter servi\u00e7os em rodovias do RJ","og_description":"Dimmi Amora, da&nbsp;Ag\u00eancia iNFRA O Minist\u00e9rio da Infraestrutura autorizou a ANTT (Ag\u00eancia Nacional de Transportes Terrestres) a abrir negocia\u00e7\u00f5es com as concession\u00e1rias de rodovia CCR Nova Dutra e CRT para que elas permane\u00e7am operando seus trechos concessionados al\u00e9m do per\u00edodo de contrato, que vence em fevereiro e mar\u00e7o de 2021, respectivamente. Respons\u00e1veis por trechos da [&hellip;]","og_url":"https:\/\/agenciainfra.com\/blog\/governo-ampliara-contratos-da-nova-dutra-e-da-crt-em-2021-para-manter-servicos-em-rodovias-do-rj\/","og_site_name":"Ag\u00eancia iNFRA","article_publisher":"https:\/\/www.facebook.com\/ageninfra","article_published_time":"2020-11-11T11:00:38+00:00","og_image":[{"width":1280,"height":853,"url":"https:\/\/agenciainfra.com\/blog\/wp-content\/uploads\/2020\/11\/tarcisio-de-freitas-foto-ricardo-botelho-minfra.jpg","type":"image\/jpeg"}],"author":"Rodrigo Zuquim","twitter_card":"summary_large_image","twitter_creator":"@agencia_infra","twitter_site":"@agencia_infra","twitter_misc":{"Escrito por":"Rodrigo Zuquim","Est. tempo de leitura":"5 minutos"},"schema":{"@context":"https:\/\/schema.org","@graph":[{"@type":"Article","@id":"https:\/\/agenciainfra.com\/blog\/governo-ampliara-contratos-da-nova-dutra-e-da-crt-em-2021-para-manter-servicos-em-rodovias-do-rj\/#article","isPartOf":{"@id":"https:\/\/agenciainfra.com\/blog\/governo-ampliara-contratos-da-nova-dutra-e-da-crt-em-2021-para-manter-servicos-em-rodovias-do-rj\/"},"author":{"name":"Rodrigo Zuquim","@id":"https:\/\/agenciainfra.com\/blog\/#\/schema\/person\/04dbb79bd6d8951f063da71f3e4c1eb1"},"headline":"Governo ampliar\u00e1 contratos da Nova Dutra e da CRT em 2021 para manter servi\u00e7os em rodovias do RJ","datePublished":"2020-11-11T11:00:38+00:00","mainEntityOfPage":{"@id":"https:\/\/agenciainfra.com\/blog\/governo-ampliara-contratos-da-nova-dutra-e-da-crt-em-2021-para-manter-servicos-em-rodovias-do-rj\/"},"wordCount":1108,"publisher":{"@id":"https:\/\/agenciainfra.com\/blog\/#organization"},"image":{"@id":"https:\/\/agenciainfra.com\/blog\/governo-ampliara-contratos-da-nova-dutra-e-da-crt-em-2021-para-manter-servicos-em-rodovias-do-rj\/#primaryimage"},"thumbnailUrl":"https:\/\/agenciainfra.com\/blog\/wp-content\/uploads\/2020\/11\/tarcisio-de-freitas-foto-ricardo-botelho-minfra.jpg","keywords":["ANTT","BR-040","BR-101","BR-116","caducidade","CCR Nova Dutra","Concer","concess\u00f5es","CRT","DNIT","Empresa de Planejamento e Log\u00edstica","EPL","Minist\u00e9rio da Infraestrutura","Nova Dutra","Rio de Janeiro","rodovias","TCU"],"articleSection":["Geral","iNFRATransporte"],"inLanguage":"pt-BR","copyrightYear":"2020","copyrightHolder":{"@id":"https:\/\/agenciainfra.com\/blog\/#organization"}},{"@type":"WebPage","@id":"https:\/\/agenciainfra.com\/blog\/governo-ampliara-contratos-da-nova-dutra-e-da-crt-em-2021-para-manter-servicos-em-rodovias-do-rj\/","url":"https:\/\/agenciainfra.com\/blog\/governo-ampliara-contratos-da-nova-dutra-e-da-crt-em-2021-para-manter-servicos-em-rodovias-do-rj\/","name":"Governo ampliar\u00e1 contratos da Nova Dutra e da CRT em 2021 para manter servi\u00e7os em rodovias do RJ - Ag\u00eancia iNFRA","isPartOf":{"@id":"https:\/\/agenciainfra.com\/blog\/#website"},"primaryImageOfPage":{"@id":"https:\/\/agenciainfra.com\/blog\/governo-ampliara-contratos-da-nova-dutra-e-da-crt-em-2021-para-manter-servicos-em-rodovias-do-rj\/#primaryimage"},"image":{"@id":"https:\/\/agenciainfra.com\/blog\/governo-ampliara-contratos-da-nova-dutra-e-da-crt-em-2021-para-manter-servicos-em-rodovias-do-rj\/#primaryimage"},"thumbnailUrl":"https:\/\/agenciainfra.com\/blog\/wp-content\/uploads\/2020\/11\/tarcisio-de-freitas-foto-ricardo-botelho-minfra.jpg","datePublished":"2020-11-11T11:00:38+00:00","breadcrumb":{"@id":"https:\/\/agenciainfra.com\/blog\/governo-ampliara-contratos-da-nova-dutra-e-da-crt-em-2021-para-manter-servicos-em-rodovias-do-rj\/#breadcrumb"},"inLanguage":"pt-BR","potentialAction":[{"@type":"ReadAction","target":["https:\/\/agenciainfra.com\/blog\/governo-ampliara-contratos-da-nova-dutra-e-da-crt-em-2021-para-manter-servicos-em-rodovias-do-rj\/"]}]},{"@type":"ImageObject","inLanguage":"pt-BR","@id":"https:\/\/agenciainfra.com\/blog\/governo-ampliara-contratos-da-nova-dutra-e-da-crt-em-2021-para-manter-servicos-em-rodovias-do-rj\/#primaryimage","url":"https:\/\/agenciainfra.com\/blog\/wp-content\/uploads\/2020\/11\/tarcisio-de-freitas-foto-ricardo-botelho-minfra.jpg","contentUrl":"https:\/\/agenciainfra.com\/blog\/wp-content\/uploads\/2020\/11\/tarcisio-de-freitas-foto-ricardo-botelho-minfra.jpg","width":1280,"height":853},{"@type":"BreadcrumbList","@id":"https:\/\/agenciainfra.com\/blog\/governo-ampliara-contratos-da-nova-dutra-e-da-crt-em-2021-para-manter-servicos-em-rodovias-do-rj\/#breadcrumb","itemListElement":[{"@type":"ListItem","position":1,"name":"In\u00edcio","item":"https:\/\/agenciainfra.com\/blog\/"},{"@type":"ListItem","position":2,"name":"Governo ampliar\u00e1 contratos da Nova Dutra e da CRT em 2021 para manter servi\u00e7os em rodovias do RJ"}]},{"@type":"WebSite","@id":"https:\/\/agenciainfra.com\/blog\/#website","url":"https:\/\/agenciainfra.com\/blog\/","name":"Ag\u00eancia iNFRA","description":"Multiplataforma de informa\u00e7\u00e3o jornal\u00edstica refer\u00eancia na \u00e1rea de infraestrutura no Brasil!","publisher":{"@id":"https:\/\/agenciainfra.com\/blog\/#organization"},"potentialAction":[{"@type":"SearchAction","target":{"@type":"EntryPoint","urlTemplate":"https:\/\/agenciainfra.com\/blog\/?s={search_term_string}"},"query-input":{"@type":"PropertyValueSpecification","valueRequired":true,"valueName":"search_term_string"}}],"inLanguage":"pt-BR"},{"@type":"Organization","@id":"https:\/\/agenciainfra.com\/blog\/#organization","name":"Ag\u00eancia iNFRA","url":"https:\/\/agenciainfra.com\/blog\/","logo":{"@type":"ImageObject","inLanguage":"pt-BR","@id":"https:\/\/agenciainfra.com\/blog\/#\/schema\/logo\/image\/","url":"https:\/\/agenciainfra.com\/blog\/wp-content\/uploads\/2023\/09\/iNFRA_5-e1761735885940.png","contentUrl":"https:\/\/agenciainfra.com\/blog\/wp-content\/uploads\/2023\/09\/iNFRA_5-e1761735885940.png","width":1672,"height":454,"caption":"Ag\u00eancia iNFRA"},"image":{"@id":"https:\/\/agenciainfra.com\/blog\/#\/schema\/logo\/image\/"},"sameAs":["https:\/\/www.facebook.com\/ageninfra","https:\/\/x.com\/agencia_infra","https:\/\/www.linkedin.com\/company\/ag\u00eanciainfra\/","https:\/\/www.instagram.com\/agenciainfra\/"]},{"@type":"Person","@id":"https:\/\/agenciainfra.com\/blog\/#\/schema\/person\/04dbb79bd6d8951f063da71f3e4c1eb1","name":"Rodrigo Zuquim","image":{"@type":"ImageObject","inLanguage":"pt-BR","@id":"https:\/\/agenciainfra.com\/blog\/#\/schema\/person\/image\/","url":"https:\/\/secure.gravatar.com\/avatar\/594abfe82761d620726242ff34ca472a705a4b97f16c790053a6b4c4035274d0?s=96&d=mm&r=g","contentUrl":"https:\/\/secure.gravatar.com\/avatar\/594abfe82761d620726242ff34ca472a705a4b97f16c790053a6b4c4035274d0?s=96&d=mm&r=g","caption":"Rodrigo Zuquim"},"url":"https:\/\/agenciainfra.com\/blog\/author\/rodrigo-zuquim\/"}]}},"_links":{"self":[{"href":"https:\/\/agenciainfra.com\/blog\/wp-json\/wp\/v2\/posts\/6311","targetHints":{"allow":["GET"]}}],"collection":[{"href":"https:\/\/agenciainfra.com\/blog\/wp-json\/wp\/v2\/posts"}],"about":[{"href":"https:\/\/agenciainfra.com\/blog\/wp-json\/wp\/v2\/types\/post"}],"author":[{"embeddable":true,"href":"https:\/\/agenciainfra.com\/blog\/wp-json\/wp\/v2\/users\/9"}],"replies":[{"embeddable":true,"href":"https:\/\/agenciainfra.com\/blog\/wp-json\/wp\/v2\/comments?post=6311"}],"version-history":[{"count":0,"href":"https:\/\/agenciainfra.com\/blog\/wp-json\/wp\/v2\/posts\/6311\/revisions"}],"wp:featuredmedia":[{"embeddable":true,"href":"https:\/\/agenciainfra.com\/blog\/wp-json\/wp\/v2\/media\/6312"}],"wp:attachment":[{"href":"https:\/\/agenciainfra.com\/blog\/wp-json\/wp\/v2\/media?parent=6311"}],"wp:term":[{"taxonomy":"category","embeddable":true,"href":"https:\/\/agenciainfra.com\/blog\/wp-json\/wp\/v2\/categories?post=6311"},{"taxonomy":"post_tag","embeddable":true,"href":"https:\/\/agenciainfra.com\/blog\/wp-json\/wp\/v2\/tags?post=6311"}],"curies":[{"name":"wp","href":"https:\/\/api.w.org\/{rel}","templated":true}]}}