{"id":6320,"date":"2020-11-12T08:00:23","date_gmt":"2020-11-12T11:00:23","guid":{"rendered":"https:\/\/www.agenciainfra.com\/blog\/?p=6320"},"modified":"2020-11-11T10:04:02","modified_gmt":"2020-11-11T13:04:02","slug":"para-ampliar-competicao-grande-terminal-de-liquido-em-santos-tera-dois-bercos-exclusivos","status":"publish","type":"post","link":"https:\/\/agenciainfra.com\/blog\/para-ampliar-competicao-grande-terminal-de-liquido-em-santos-tera-dois-bercos-exclusivos\/","title":{"rendered":"Para ampliar competi\u00e7\u00e3o, grande terminal de l\u00edquido em Santos ter\u00e1 dois ber\u00e7os exclusivos"},"content":{"rendered":"\n<hr class=\"wp-block-separator\"\/>\n\n\n\n<p class=\"has-text-align-right\"><strong>Dimmi Amora, da&nbsp;Ag\u00eancia iNFRA<\/strong><\/p>\n\n\n\n<p>O Minist\u00e9rio da Infraestrutura alterou o modelo proposto na audi\u00eancia p\u00fablica para o arrendamento dos terminais de l\u00edquidos STS08 e STS08A, no Porto de Santos (SP), e vai garantir dois ber\u00e7os exclusivos para a opera\u00e7\u00e3o do STS08A, a maior das duas \u00e1reas na regi\u00e3o da Alemoa.<br><br>A proposta foi enviada na \u00faltima sexta-feira (6) ao TCU (Tribunal de Contas da Uni\u00e3o), \u00faltima etapa antes da publica\u00e7\u00e3o do edital que o governo espera realizar no primeiro trimestre de 2021. As \u00e1reas s\u00e3o os mais relevantes leil\u00f5es portu\u00e1rios previstos para o ano que vem.<br><br>Em entrevista \u00e0\u00a0<strong>Ag\u00eancia iNFRA<\/strong>, o secret\u00e1rio de Portos e Transportes Aquavi\u00e1rios da pasta, Diogo Piloni, afirmou que a mudan\u00e7a veio das mais de 800 contribui\u00e7\u00f5es analisadas pela ag\u00eancia reguladora ANTAQ (Ag\u00eancia Nacional de Transportes Aquavi\u00e1rios) na audi\u00eancia e que tem o intuito de ampliar a competi\u00e7\u00e3o pelo terminal.<br><br>Piloni explicou que a proposta original era que haveria a amplia\u00e7\u00e3o de dois ber\u00e7os (5 e 6) na \u00e1rea da Alemoa para reduzir o atual elevado tempo de espera de navios para atracar nos terminais da regi\u00e3o. A ideia original, contudo, era que esses ber\u00e7os fossem operados pela autoridade portu\u00e1ria, que estabeleceria assim as prioridades para atraca\u00e7\u00e3o.<br><br>&#8220;Isso traz muita instabilidade quando se muda a autoridade portu\u00e1ria, por exemplo&#8221;, explicou Piloni.<br><br>A mudan\u00e7a \u00e9 que os ber\u00e7os 5 e 6 ser\u00e3o agora constru\u00eddos e mantidos pelo arrendat\u00e1rio do STS08A, que ter\u00e1 o uso exclusivo da \u00e1rea. O STS08A \u00e9 projetado para movimentar 7,6 milh\u00f5es de toneladas\/ano. J\u00e1 o STS08, projetado para 3,4 milh\u00f5es, n\u00e3o ter\u00e1 um ber\u00e7o exclusivo, mas a regra \u00e9 que ele ter\u00e1 prioridade para atraca\u00e7\u00e3o no ber\u00e7o 1.\u00a0<br><br>Os STS vir\u00e3o da divis\u00e3o da \u00e1rea que hoje \u00e9 operada pela Transpetro, subsidi\u00e1ria da Petrobras, que desejava ter o contrato renovado sem concorr\u00eancia, o que n\u00e3o foi permitido. A \u00e1rea \u00e9 operada h\u00e1 muitos anos pela empresa e \u00e9 necess\u00e1ria para o abastecimento de suas maiores refinarias em S\u00e3o Paulo.\u00a0<br><br>Por isso, foi necess\u00e1rio criar uma regra de transi\u00e7\u00e3o clara, segundo Piloni, tamb\u00e9m para garantir seguran\u00e7a para competidores. Coordenador de modelagens da secretaria, Disney Barroca explicou que foi criado o chamado PTO (Plano de Transi\u00e7\u00e3o Operacional) com regras especificadas sobre como ser\u00e1 o per\u00edodo de opera\u00e7\u00e3o entre as empresas, caso n\u00e3o seja a Petrobras a vencedora.\u00a0<br><br>Ele explicou que o plano \u00e9 baseado nos contratos de transi\u00e7\u00e3o do setor aeroportu\u00e1rio, onde as transi\u00e7\u00f5es s\u00e3o feitas entre a estatal Infraero e os vencedores das concorr\u00eancias. Tamb\u00e9m foi ampliado o per\u00edodo pr\u00e9-operacional do terminal 08A, que antes era previsto para dois anos e agora ser\u00e1 de tr\u00eas.<br><br><strong>Estudos de demanda<\/strong><br>Barroca afirmou ainda que foram feitas revis\u00f5es nos estudos de demanda, que tinham sido feitos pela EPE (Empresa de Pesquisa\u00a0Energ\u00e9tica) antes da audi\u00eancia e, portanto, sem considerar a pandemia de Covid-19. Segundo ele, a revis\u00e3o praticamente n\u00e3o alterou a proje\u00e7\u00e3o de demanda da proposta \u2013 o que foi motivo de reclama\u00e7\u00e3o de representante da Petrobras na sess\u00e3o presencial da audi\u00eancia p\u00fablica.<br><br>No ano, o setor de l\u00edquidos j\u00e1 movimentou 15% a mais que em 2019 e do que o terminal operado pela Transpetro na Alemoa, segundo Barroca; e j\u00e1 movimentou at\u00e9 agosto tudo o que movimentou no ano passado.<br><br>Segundo o secret\u00e1rio Piloni, outras contribui\u00e7\u00f5es aceitas se referem a valores de custos operacionais (opex) do contrato. De acordo com ele, as contribui\u00e7\u00f5es indicaram que o futuro operador ter\u00e1 custos com a opera\u00e7\u00e3o maiores que os previstos pelo modelo, devido ao longo tempo de uso dos equipamentos, por exemplo. Houve tamb\u00e9m redu\u00e7\u00f5es nos investimentos (capex), que agora est\u00e3o na casa do R$ 1,06 bilh\u00e3o (para as duas \u00e1reas).<br><br>Essas altera\u00e7\u00f5es levaram a uma mudan\u00e7a em valores de arrendamento que os arrendat\u00e1rios ter\u00e3o que pagar para a autoridade portu\u00e1ria, segundo Piloni. Mas os n\u00fameros n\u00e3o est\u00e3o fechados j\u00e1 que \u00e9 normal no processo de avalia\u00e7\u00e3o que o TCU aponte a necessidade de ajustes de valores, o que pode impactar nesses n\u00fameros.<br><br>Nos \u00faltimos anos, os estudos para leil\u00f5es de terminais portu\u00e1rios s\u00e3o os que t\u00eam tido as an\u00e1lises mais r\u00e1pidas do \u00f3rg\u00e3o de controle em rela\u00e7\u00e3o aos projetos de infraestrutura de transportes. Piloni, no entanto, \u00e9 cauteloso para esse caso devido \u00e0 propor\u00e7\u00e3o do projeto, mas segue confiante de que poder\u00e1 publicar o edital no pr\u00f3ximo trimestre.<\/p>\n","protected":false},"excerpt":{"rendered":"<p>Dimmi Amora, da&nbsp;Ag\u00eancia iNFRA O Minist\u00e9rio da Infraestrutura alterou o modelo proposto na audi\u00eancia p\u00fablica para o arrendamento dos terminais de l\u00edquidos STS08 e STS08A, no Porto de Santos (SP), e vai garantir dois ber\u00e7os exclusivos para a opera\u00e7\u00e3o do STS08A, a maior das duas \u00e1reas na regi\u00e3o da Alemoa. A proposta foi enviada na [&hellip;]<\/p>\n","protected":false},"author":9,"featured_media":6321,"comment_status":"closed","ping_status":"closed","sticky":false,"template":"","format":"standard","meta":{"_monsterinsights_skip_tracking":false,"_monsterinsights_sitenote_active":false,"_monsterinsights_sitenote_note":"","_monsterinsights_sitenote_category":0,"footnotes":""},"categories":[1,7],"tags":[3022,86,811,3023,1067,12,254,775,143,260,2299,2300,18,623,87],"class_list":["post-6320","post","type-post","status-publish","format-standard","has-post-thumbnail","hentry","category-geral","category-infratransporte","tag-alemoa","tag-antaq","tag-diogo-piloni","tag-disney-barroca","tag-empresa-de-pesquisa-energetica","tag-epe","tag-leilao","tag-ministerio-da-infraestrutura","tag-petrobras","tag-porto-de-santos","tag-sts08","tag-sts08-a","tag-tcu","tag-terminais-portuarios","tag-transpetro"],"yoast_head":"<!-- This site is optimized with the Yoast SEO Premium plugin v25.4 (Yoast SEO v26.0) - https:\/\/yoast.com\/wordpress\/plugins\/seo\/ -->\n<title>Para ampliar competi\u00e7\u00e3o, grande terminal de l\u00edquido em Santos ter\u00e1 dois ber\u00e7os exclusivos - Ag\u00eancia iNFRA<\/title>\n<meta name=\"robots\" content=\"index, follow, max-snippet:-1, max-image-preview:large, max-video-preview:-1\" \/>\n<link rel=\"canonical\" href=\"https:\/\/agenciainfra.com\/blog\/para-ampliar-competicao-grande-terminal-de-liquido-em-santos-tera-dois-bercos-exclusivos\/\" \/>\n<meta property=\"og:locale\" content=\"pt_BR\" \/>\n<meta property=\"og:type\" content=\"article\" \/>\n<meta property=\"og:title\" content=\"Para ampliar competi\u00e7\u00e3o, grande terminal de l\u00edquido em Santos ter\u00e1 dois ber\u00e7os exclusivos\" \/>\n<meta property=\"og:description\" content=\"Dimmi Amora, da&nbsp;Ag\u00eancia iNFRA O Minist\u00e9rio da Infraestrutura alterou o modelo proposto na audi\u00eancia p\u00fablica para o arrendamento dos terminais de l\u00edquidos STS08 e STS08A, no Porto de Santos (SP), e vai garantir dois ber\u00e7os exclusivos para a opera\u00e7\u00e3o do STS08A, a maior das duas \u00e1reas na regi\u00e3o da Alemoa. A proposta foi enviada na [&hellip;]\" \/>\n<meta property=\"og:url\" content=\"https:\/\/agenciainfra.com\/blog\/para-ampliar-competicao-grande-terminal-de-liquido-em-santos-tera-dois-bercos-exclusivos\/\" \/>\n<meta property=\"og:site_name\" content=\"Ag\u00eancia iNFRA\" \/>\n<meta property=\"article:publisher\" content=\"https:\/\/www.facebook.com\/ageninfra\" \/>\n<meta property=\"article:published_time\" content=\"2020-11-12T11:00:23+00:00\" \/>\n<meta property=\"og:image\" content=\"https:\/\/agenciainfra.com\/blog\/wp-content\/uploads\/2020\/11\/terminal-portuario-santos-foto-ppi-1024x682.png\" \/>\n\t<meta property=\"og:image:width\" content=\"1024\" \/>\n\t<meta property=\"og:image:height\" content=\"682\" \/>\n\t<meta property=\"og:image:type\" content=\"image\/png\" \/>\n<meta name=\"author\" content=\"Rodrigo Zuquim\" \/>\n<meta name=\"twitter:card\" content=\"summary_large_image\" \/>\n<meta name=\"twitter:creator\" content=\"@agencia_infra\" \/>\n<meta name=\"twitter:site\" content=\"@agencia_infra\" \/>\n<meta name=\"twitter:label1\" content=\"Escrito por\" \/>\n\t<meta name=\"twitter:data1\" content=\"Rodrigo Zuquim\" \/>\n\t<meta name=\"twitter:label2\" content=\"Est. tempo de leitura\" \/>\n\t<meta name=\"twitter:data2\" content=\"4 minutos\" \/>\n<script type=\"application\/ld+json\" class=\"yoast-schema-graph\">{\"@context\":\"https:\/\/schema.org\",\"@graph\":[{\"@type\":\"Article\",\"@id\":\"https:\/\/agenciainfra.com\/blog\/para-ampliar-competicao-grande-terminal-de-liquido-em-santos-tera-dois-bercos-exclusivos\/#article\",\"isPartOf\":{\"@id\":\"https:\/\/agenciainfra.com\/blog\/para-ampliar-competicao-grande-terminal-de-liquido-em-santos-tera-dois-bercos-exclusivos\/\"},\"author\":{\"name\":\"Rodrigo Zuquim\",\"@id\":\"https:\/\/agenciainfra.com\/blog\/#\/schema\/person\/04dbb79bd6d8951f063da71f3e4c1eb1\"},\"headline\":\"Para ampliar competi\u00e7\u00e3o, grande terminal de l\u00edquido em Santos ter\u00e1 dois ber\u00e7os exclusivos\",\"datePublished\":\"2020-11-12T11:00:23+00:00\",\"mainEntityOfPage\":{\"@id\":\"https:\/\/agenciainfra.com\/blog\/para-ampliar-competicao-grande-terminal-de-liquido-em-santos-tera-dois-bercos-exclusivos\/\"},\"wordCount\":813,\"publisher\":{\"@id\":\"https:\/\/agenciainfra.com\/blog\/#organization\"},\"image\":{\"@id\":\"https:\/\/agenciainfra.com\/blog\/para-ampliar-competicao-grande-terminal-de-liquido-em-santos-tera-dois-bercos-exclusivos\/#primaryimage\"},\"thumbnailUrl\":\"https:\/\/agenciainfra.com\/blog\/wp-content\/uploads\/2020\/11\/terminal-portuario-santos-foto-ppi.png\",\"keywords\":[\"Alemoa\",\"ANTAQ\",\"Diogo Piloni\",\"Disney Barroca\",\"Empresa de Pesquisa Energ\u00e9tica\",\"epe\",\"leil\u00e3o\",\"Minist\u00e9rio da Infraestrutura\",\"Petrobras\",\"Porto de Santos\",\"STS08\",\"STS08-A\",\"TCU\",\"terminais portu\u00e1rios\",\"TRANSPETRO\"],\"articleSection\":[\"Geral\",\"iNFRATransporte\"],\"inLanguage\":\"pt-BR\",\"copyrightYear\":\"2020\",\"copyrightHolder\":{\"@id\":\"https:\/\/agenciainfra.com\/blog\/#organization\"}},{\"@type\":\"WebPage\",\"@id\":\"https:\/\/agenciainfra.com\/blog\/para-ampliar-competicao-grande-terminal-de-liquido-em-santos-tera-dois-bercos-exclusivos\/\",\"url\":\"https:\/\/agenciainfra.com\/blog\/para-ampliar-competicao-grande-terminal-de-liquido-em-santos-tera-dois-bercos-exclusivos\/\",\"name\":\"Para ampliar competi\u00e7\u00e3o, grande terminal de l\u00edquido em Santos ter\u00e1 dois ber\u00e7os exclusivos - Ag\u00eancia iNFRA\",\"isPartOf\":{\"@id\":\"https:\/\/agenciainfra.com\/blog\/#website\"},\"primaryImageOfPage\":{\"@id\":\"https:\/\/agenciainfra.com\/blog\/para-ampliar-competicao-grande-terminal-de-liquido-em-santos-tera-dois-bercos-exclusivos\/#primaryimage\"},\"image\":{\"@id\":\"https:\/\/agenciainfra.com\/blog\/para-ampliar-competicao-grande-terminal-de-liquido-em-santos-tera-dois-bercos-exclusivos\/#primaryimage\"},\"thumbnailUrl\":\"https:\/\/agenciainfra.com\/blog\/wp-content\/uploads\/2020\/11\/terminal-portuario-santos-foto-ppi.png\",\"datePublished\":\"2020-11-12T11:00:23+00:00\",\"breadcrumb\":{\"@id\":\"https:\/\/agenciainfra.com\/blog\/para-ampliar-competicao-grande-terminal-de-liquido-em-santos-tera-dois-bercos-exclusivos\/#breadcrumb\"},\"inLanguage\":\"pt-BR\",\"potentialAction\":[{\"@type\":\"ReadAction\",\"target\":[\"https:\/\/agenciainfra.com\/blog\/para-ampliar-competicao-grande-terminal-de-liquido-em-santos-tera-dois-bercos-exclusivos\/\"]}]},{\"@type\":\"ImageObject\",\"inLanguage\":\"pt-BR\",\"@id\":\"https:\/\/agenciainfra.com\/blog\/para-ampliar-competicao-grande-terminal-de-liquido-em-santos-tera-dois-bercos-exclusivos\/#primaryimage\",\"url\":\"https:\/\/agenciainfra.com\/blog\/wp-content\/uploads\/2020\/11\/terminal-portuario-santos-foto-ppi.png\",\"contentUrl\":\"https:\/\/agenciainfra.com\/blog\/wp-content\/uploads\/2020\/11\/terminal-portuario-santos-foto-ppi.png\",\"width\":1280,\"height\":853},{\"@type\":\"BreadcrumbList\",\"@id\":\"https:\/\/agenciainfra.com\/blog\/para-ampliar-competicao-grande-terminal-de-liquido-em-santos-tera-dois-bercos-exclusivos\/#breadcrumb\",\"itemListElement\":[{\"@type\":\"ListItem\",\"position\":1,\"name\":\"In\u00edcio\",\"item\":\"https:\/\/agenciainfra.com\/blog\/\"},{\"@type\":\"ListItem\",\"position\":2,\"name\":\"Para ampliar competi\u00e7\u00e3o, grande terminal de l\u00edquido em Santos ter\u00e1 dois ber\u00e7os exclusivos\"}]},{\"@type\":\"WebSite\",\"@id\":\"https:\/\/agenciainfra.com\/blog\/#website\",\"url\":\"https:\/\/agenciainfra.com\/blog\/\",\"name\":\"Ag\u00eancia iNFRA\",\"description\":\"Multiplataforma de informa\u00e7\u00e3o jornal\u00edstica refer\u00eancia na \u00e1rea de infraestrutura no Brasil!\",\"publisher\":{\"@id\":\"https:\/\/agenciainfra.com\/blog\/#organization\"},\"potentialAction\":[{\"@type\":\"SearchAction\",\"target\":{\"@type\":\"EntryPoint\",\"urlTemplate\":\"https:\/\/agenciainfra.com\/blog\/?s={search_term_string}\"},\"query-input\":{\"@type\":\"PropertyValueSpecification\",\"valueRequired\":true,\"valueName\":\"search_term_string\"}}],\"inLanguage\":\"pt-BR\"},{\"@type\":\"Organization\",\"@id\":\"https:\/\/agenciainfra.com\/blog\/#organization\",\"name\":\"Ag\u00eancia iNFRA\",\"url\":\"https:\/\/agenciainfra.com\/blog\/\",\"logo\":{\"@type\":\"ImageObject\",\"inLanguage\":\"pt-BR\",\"@id\":\"https:\/\/agenciainfra.com\/blog\/#\/schema\/logo\/image\/\",\"url\":\"https:\/\/agenciainfra.com\/blog\/wp-content\/uploads\/2023\/09\/iNFRA_5-e1761735885940.png\",\"contentUrl\":\"https:\/\/agenciainfra.com\/blog\/wp-content\/uploads\/2023\/09\/iNFRA_5-e1761735885940.png\",\"width\":1672,\"height\":454,\"caption\":\"Ag\u00eancia iNFRA\"},\"image\":{\"@id\":\"https:\/\/agenciainfra.com\/blog\/#\/schema\/logo\/image\/\"},\"sameAs\":[\"https:\/\/www.facebook.com\/ageninfra\",\"https:\/\/x.com\/agencia_infra\",\"https:\/\/www.linkedin.com\/company\/ag\u00eanciainfra\/\",\"https:\/\/www.instagram.com\/agenciainfra\/\"]},{\"@type\":\"Person\",\"@id\":\"https:\/\/agenciainfra.com\/blog\/#\/schema\/person\/04dbb79bd6d8951f063da71f3e4c1eb1\",\"name\":\"Rodrigo Zuquim\",\"image\":{\"@type\":\"ImageObject\",\"inLanguage\":\"pt-BR\",\"@id\":\"https:\/\/agenciainfra.com\/blog\/#\/schema\/person\/image\/\",\"url\":\"https:\/\/secure.gravatar.com\/avatar\/594abfe82761d620726242ff34ca472a705a4b97f16c790053a6b4c4035274d0?s=96&d=mm&r=g\",\"contentUrl\":\"https:\/\/secure.gravatar.com\/avatar\/594abfe82761d620726242ff34ca472a705a4b97f16c790053a6b4c4035274d0?s=96&d=mm&r=g\",\"caption\":\"Rodrigo Zuquim\"},\"url\":\"https:\/\/agenciainfra.com\/blog\/author\/rodrigo-zuquim\/\"}]}<\/script>\n<!-- \/ Yoast SEO Premium plugin. -->","yoast_head_json":{"title":"Para ampliar competi\u00e7\u00e3o, grande terminal de l\u00edquido em Santos ter\u00e1 dois ber\u00e7os exclusivos - Ag\u00eancia iNFRA","robots":{"index":"index","follow":"follow","max-snippet":"max-snippet:-1","max-image-preview":"max-image-preview:large","max-video-preview":"max-video-preview:-1"},"canonical":"https:\/\/agenciainfra.com\/blog\/para-ampliar-competicao-grande-terminal-de-liquido-em-santos-tera-dois-bercos-exclusivos\/","og_locale":"pt_BR","og_type":"article","og_title":"Para ampliar competi\u00e7\u00e3o, grande terminal de l\u00edquido em Santos ter\u00e1 dois ber\u00e7os exclusivos","og_description":"Dimmi Amora, da&nbsp;Ag\u00eancia iNFRA O Minist\u00e9rio da Infraestrutura alterou o modelo proposto na audi\u00eancia p\u00fablica para o arrendamento dos terminais de l\u00edquidos STS08 e STS08A, no Porto de Santos (SP), e vai garantir dois ber\u00e7os exclusivos para a opera\u00e7\u00e3o do STS08A, a maior das duas \u00e1reas na regi\u00e3o da Alemoa. A proposta foi enviada na [&hellip;]","og_url":"https:\/\/agenciainfra.com\/blog\/para-ampliar-competicao-grande-terminal-de-liquido-em-santos-tera-dois-bercos-exclusivos\/","og_site_name":"Ag\u00eancia iNFRA","article_publisher":"https:\/\/www.facebook.com\/ageninfra","article_published_time":"2020-11-12T11:00:23+00:00","og_image":[{"width":1024,"height":682,"url":"https:\/\/agenciainfra.com\/blog\/wp-content\/uploads\/2020\/11\/terminal-portuario-santos-foto-ppi-1024x682.png","type":"image\/png"}],"author":"Rodrigo Zuquim","twitter_card":"summary_large_image","twitter_creator":"@agencia_infra","twitter_site":"@agencia_infra","twitter_misc":{"Escrito por":"Rodrigo Zuquim","Est. tempo de leitura":"4 minutos"},"schema":{"@context":"https:\/\/schema.org","@graph":[{"@type":"Article","@id":"https:\/\/agenciainfra.com\/blog\/para-ampliar-competicao-grande-terminal-de-liquido-em-santos-tera-dois-bercos-exclusivos\/#article","isPartOf":{"@id":"https:\/\/agenciainfra.com\/blog\/para-ampliar-competicao-grande-terminal-de-liquido-em-santos-tera-dois-bercos-exclusivos\/"},"author":{"name":"Rodrigo Zuquim","@id":"https:\/\/agenciainfra.com\/blog\/#\/schema\/person\/04dbb79bd6d8951f063da71f3e4c1eb1"},"headline":"Para ampliar competi\u00e7\u00e3o, grande terminal de l\u00edquido em Santos ter\u00e1 dois ber\u00e7os exclusivos","datePublished":"2020-11-12T11:00:23+00:00","mainEntityOfPage":{"@id":"https:\/\/agenciainfra.com\/blog\/para-ampliar-competicao-grande-terminal-de-liquido-em-santos-tera-dois-bercos-exclusivos\/"},"wordCount":813,"publisher":{"@id":"https:\/\/agenciainfra.com\/blog\/#organization"},"image":{"@id":"https:\/\/agenciainfra.com\/blog\/para-ampliar-competicao-grande-terminal-de-liquido-em-santos-tera-dois-bercos-exclusivos\/#primaryimage"},"thumbnailUrl":"https:\/\/agenciainfra.com\/blog\/wp-content\/uploads\/2020\/11\/terminal-portuario-santos-foto-ppi.png","keywords":["Alemoa","ANTAQ","Diogo Piloni","Disney Barroca","Empresa de Pesquisa Energ\u00e9tica","epe","leil\u00e3o","Minist\u00e9rio da Infraestrutura","Petrobras","Porto de Santos","STS08","STS08-A","TCU","terminais portu\u00e1rios","TRANSPETRO"],"articleSection":["Geral","iNFRATransporte"],"inLanguage":"pt-BR","copyrightYear":"2020","copyrightHolder":{"@id":"https:\/\/agenciainfra.com\/blog\/#organization"}},{"@type":"WebPage","@id":"https:\/\/agenciainfra.com\/blog\/para-ampliar-competicao-grande-terminal-de-liquido-em-santos-tera-dois-bercos-exclusivos\/","url":"https:\/\/agenciainfra.com\/blog\/para-ampliar-competicao-grande-terminal-de-liquido-em-santos-tera-dois-bercos-exclusivos\/","name":"Para ampliar competi\u00e7\u00e3o, grande terminal de l\u00edquido em Santos ter\u00e1 dois ber\u00e7os exclusivos - Ag\u00eancia iNFRA","isPartOf":{"@id":"https:\/\/agenciainfra.com\/blog\/#website"},"primaryImageOfPage":{"@id":"https:\/\/agenciainfra.com\/blog\/para-ampliar-competicao-grande-terminal-de-liquido-em-santos-tera-dois-bercos-exclusivos\/#primaryimage"},"image":{"@id":"https:\/\/agenciainfra.com\/blog\/para-ampliar-competicao-grande-terminal-de-liquido-em-santos-tera-dois-bercos-exclusivos\/#primaryimage"},"thumbnailUrl":"https:\/\/agenciainfra.com\/blog\/wp-content\/uploads\/2020\/11\/terminal-portuario-santos-foto-ppi.png","datePublished":"2020-11-12T11:00:23+00:00","breadcrumb":{"@id":"https:\/\/agenciainfra.com\/blog\/para-ampliar-competicao-grande-terminal-de-liquido-em-santos-tera-dois-bercos-exclusivos\/#breadcrumb"},"inLanguage":"pt-BR","potentialAction":[{"@type":"ReadAction","target":["https:\/\/agenciainfra.com\/blog\/para-ampliar-competicao-grande-terminal-de-liquido-em-santos-tera-dois-bercos-exclusivos\/"]}]},{"@type":"ImageObject","inLanguage":"pt-BR","@id":"https:\/\/agenciainfra.com\/blog\/para-ampliar-competicao-grande-terminal-de-liquido-em-santos-tera-dois-bercos-exclusivos\/#primaryimage","url":"https:\/\/agenciainfra.com\/blog\/wp-content\/uploads\/2020\/11\/terminal-portuario-santos-foto-ppi.png","contentUrl":"https:\/\/agenciainfra.com\/blog\/wp-content\/uploads\/2020\/11\/terminal-portuario-santos-foto-ppi.png","width":1280,"height":853},{"@type":"BreadcrumbList","@id":"https:\/\/agenciainfra.com\/blog\/para-ampliar-competicao-grande-terminal-de-liquido-em-santos-tera-dois-bercos-exclusivos\/#breadcrumb","itemListElement":[{"@type":"ListItem","position":1,"name":"In\u00edcio","item":"https:\/\/agenciainfra.com\/blog\/"},{"@type":"ListItem","position":2,"name":"Para ampliar competi\u00e7\u00e3o, grande terminal de l\u00edquido em Santos ter\u00e1 dois ber\u00e7os exclusivos"}]},{"@type":"WebSite","@id":"https:\/\/agenciainfra.com\/blog\/#website","url":"https:\/\/agenciainfra.com\/blog\/","name":"Ag\u00eancia iNFRA","description":"Multiplataforma de informa\u00e7\u00e3o jornal\u00edstica refer\u00eancia na \u00e1rea de infraestrutura no Brasil!","publisher":{"@id":"https:\/\/agenciainfra.com\/blog\/#organization"},"potentialAction":[{"@type":"SearchAction","target":{"@type":"EntryPoint","urlTemplate":"https:\/\/agenciainfra.com\/blog\/?s={search_term_string}"},"query-input":{"@type":"PropertyValueSpecification","valueRequired":true,"valueName":"search_term_string"}}],"inLanguage":"pt-BR"},{"@type":"Organization","@id":"https:\/\/agenciainfra.com\/blog\/#organization","name":"Ag\u00eancia iNFRA","url":"https:\/\/agenciainfra.com\/blog\/","logo":{"@type":"ImageObject","inLanguage":"pt-BR","@id":"https:\/\/agenciainfra.com\/blog\/#\/schema\/logo\/image\/","url":"https:\/\/agenciainfra.com\/blog\/wp-content\/uploads\/2023\/09\/iNFRA_5-e1761735885940.png","contentUrl":"https:\/\/agenciainfra.com\/blog\/wp-content\/uploads\/2023\/09\/iNFRA_5-e1761735885940.png","width":1672,"height":454,"caption":"Ag\u00eancia iNFRA"},"image":{"@id":"https:\/\/agenciainfra.com\/blog\/#\/schema\/logo\/image\/"},"sameAs":["https:\/\/www.facebook.com\/ageninfra","https:\/\/x.com\/agencia_infra","https:\/\/www.linkedin.com\/company\/ag\u00eanciainfra\/","https:\/\/www.instagram.com\/agenciainfra\/"]},{"@type":"Person","@id":"https:\/\/agenciainfra.com\/blog\/#\/schema\/person\/04dbb79bd6d8951f063da71f3e4c1eb1","name":"Rodrigo Zuquim","image":{"@type":"ImageObject","inLanguage":"pt-BR","@id":"https:\/\/agenciainfra.com\/blog\/#\/schema\/person\/image\/","url":"https:\/\/secure.gravatar.com\/avatar\/594abfe82761d620726242ff34ca472a705a4b97f16c790053a6b4c4035274d0?s=96&d=mm&r=g","contentUrl":"https:\/\/secure.gravatar.com\/avatar\/594abfe82761d620726242ff34ca472a705a4b97f16c790053a6b4c4035274d0?s=96&d=mm&r=g","caption":"Rodrigo Zuquim"},"url":"https:\/\/agenciainfra.com\/blog\/author\/rodrigo-zuquim\/"}]}},"_links":{"self":[{"href":"https:\/\/agenciainfra.com\/blog\/wp-json\/wp\/v2\/posts\/6320","targetHints":{"allow":["GET"]}}],"collection":[{"href":"https:\/\/agenciainfra.com\/blog\/wp-json\/wp\/v2\/posts"}],"about":[{"href":"https:\/\/agenciainfra.com\/blog\/wp-json\/wp\/v2\/types\/post"}],"author":[{"embeddable":true,"href":"https:\/\/agenciainfra.com\/blog\/wp-json\/wp\/v2\/users\/9"}],"replies":[{"embeddable":true,"href":"https:\/\/agenciainfra.com\/blog\/wp-json\/wp\/v2\/comments?post=6320"}],"version-history":[{"count":0,"href":"https:\/\/agenciainfra.com\/blog\/wp-json\/wp\/v2\/posts\/6320\/revisions"}],"wp:featuredmedia":[{"embeddable":true,"href":"https:\/\/agenciainfra.com\/blog\/wp-json\/wp\/v2\/media\/6321"}],"wp:attachment":[{"href":"https:\/\/agenciainfra.com\/blog\/wp-json\/wp\/v2\/media?parent=6320"}],"wp:term":[{"taxonomy":"category","embeddable":true,"href":"https:\/\/agenciainfra.com\/blog\/wp-json\/wp\/v2\/categories?post=6320"},{"taxonomy":"post_tag","embeddable":true,"href":"https:\/\/agenciainfra.com\/blog\/wp-json\/wp\/v2\/tags?post=6320"}],"curies":[{"name":"wp","href":"https:\/\/api.w.org\/{rel}","templated":true}]}}