{"id":6326,"date":"2020-11-11T13:55:27","date_gmt":"2020-11-11T16:55:27","guid":{"rendered":"https:\/\/www.agenciainfra.com\/blog\/?p=6326"},"modified":"2020-11-11T13:55:30","modified_gmt":"2020-11-11T16:55:30","slug":"guedes-erra-e-diz-que-privatizacao-do-porto-de-santos-prevista-para-2022-sai-em-2021","status":"publish","type":"post","link":"https:\/\/agenciainfra.com\/blog\/guedes-erra-e-diz-que-privatizacao-do-porto-de-santos-prevista-para-2022-sai-em-2021\/","title":{"rendered":"Guedes erra e diz que privatiza\u00e7\u00e3o do Porto de Santos, prevista para 2022, sai em 2021"},"content":{"rendered":"\n<hr class=\"wp-block-separator\"\/>\n\n\n\n<p class=\"has-text-align-right\"><strong>Dimmi Amora e Tales Silveira, da\u00a0Ag\u00eancia iNFRA<\/strong><\/p>\n\n\n\n<p>O ministro da Economia, Paulo Guedes, deu uma previs\u00e3o errada sobre o processo de desestatiza\u00e7\u00e3o do Porto de Santos (SP) em evento realizado nesta ter\u00e7a-feira (10).<\/p>\n\n\n\n<p>Nas palavras dele, a companhia docas do porto estaria nas m\u00e3os do setor privado at\u00e9 dezembro de 2021. A previs\u00e3o do Minist\u00e9rio da Infraestrutura, respons\u00e1vel pelo processo, sempre foi fazer o processo de desestatiza\u00e7\u00e3o do porto em 2022. Atualmente, a previs\u00e3o \u00e9 no segundo semestre daquele ano.<\/p>\n\n\n\n<p>Na fala durante o evento\u00a0Bloomberg Emerging + Frontier Forum 2020, Guedes disse ainda que Correios, Eletrobras e os contratos da estatal de petr\u00f3leo do pr\u00e9-sal, a PPSA, tamb\u00e9m estariam em m\u00e3os privadas at\u00e9 essa data. PPSA e Eletrobras dependem de aprova\u00e7\u00e3o de leis no Congresso para que o processo seja iniciado.<\/p>\n\n\n\n<p>No caso do Porto de Santos, o pontap\u00e9 inicial do processo foi dado em setembro com o in\u00edcio dos estudos de viabilidade. O cons\u00f3rcio contratado tem entre cinco e seis meses, a depender da velocidade do BNDES em pedir os levantamentos para concluir o trabalho.<\/p>\n\n\n\n<p>Mas a perspectiva \u00e9 que esse tempo seja maior. No caso do primeiro processo de desestatiza\u00e7\u00e3o portu\u00e1ria, o da Codesa (Companhia Docas do Esp\u00edrito Santo), os estudos come\u00e7aram h\u00e1 13 meses. A previs\u00e3o \u00e9 que somente em novembro eles entrem na fase seguinte, que \u00e9 a de audi\u00eancias p\u00fablicas.<\/p>\n\n\n\n<p>Depois de receber e analisar as contribui\u00e7\u00f5es da audi\u00eancia, o governo ainda deve levar o processo ao TCU (Tribunal de Contas da Uni\u00e3o) e s\u00f3 ent\u00e3o o edital \u00e9 lan\u00e7ado. \u00c9 improv\u00e1vel que essas etapas durem menos de um ano.<\/p>\n\n\n\n<p>O governo escolheu come\u00e7ar pela Codesa por ser uma companhia menor para ter um aprendizado do processo e assim tornar mais r\u00e1pido o processo de desestatiza\u00e7\u00e3o da SPA (Santos Port Authority) e do Porto de Itaja\u00ed (SC), que teve o lan\u00e7amento dos estudos na ter\u00e7a-feira. Mesmo assim, a proposta de desestatizar o maior porto do pa\u00eds at\u00e9 2022 ainda \u00e9 considerada um grande desafio.<\/p>\n\n\n\n<p>Procurado, o Minist\u00e9rio da Infraestrutura n\u00e3o quis comentar a fala do ministro da Economia. Em resposta \u00e0\u00a0<strong>Ag\u00eancia iNFRA<\/strong>, o\u00a0Minist\u00e9rio da Economia acredita que as privatiza\u00e7\u00f5es representam uma oportunidade essencial para a atra\u00e7\u00e3o de investimentos, o crescimento econ\u00f4mico e a recomposi\u00e7\u00e3o das contas p\u00fablicas brasileiras. Por essas raz\u00f5es, trabalha de forma coordenada com os minist\u00e9rios setoriais e com o Poder Legislativo no sentido de garantir a celeridade dos processos de desestatiza\u00e7\u00e3o.<\/p>\n\n\n\n<p><strong>Porto de Itaja\u00ed: &#8220;Chicote vai cantar&#8221;<\/strong><br>A EPL (Empresa de Planejamento e Log\u00edstica) apresentou, nesta ter\u00e7a, o cronograma para a desestatiza\u00e7\u00e3o do Porto de Itaja\u00ed (SC). De acordo com o \u00f3rg\u00e3o, a due diligence deve ser entregue ao Minist\u00e9rio da Infraestrutura no final deste ano.<br><br>Ainda segundo o cronograma, j\u00e1 no come\u00e7o de 2021 deve acontecer a avalia\u00e7\u00e3o para o novo modelo de desestatiza\u00e7\u00e3o. O\u00a0Evtea (estudo de viabilidade t\u00e9cnica, econ\u00f4mica e ambiental), por sua vez, ser\u00e1 apresentado no terceiro trimestre do mesmo ano. Depois dessa fase\u00a0o processo segue para consulta p\u00fablica, e\u00a0a expectativa \u00e9 que o leil\u00e3o aconte\u00e7a em 2022.<br><br>A reuni\u00e3o de apresenta\u00e7\u00e3o do cronograma contou com a presen\u00e7a do ministro da Infraestrutura, Tarc\u00edsio de Freitas. O l\u00edder da pasta afirmou que a prioridade do minist\u00e9rio s\u00e3o as desestatiza\u00e7\u00f5es dos portos do pa\u00eds e que a principal preocupa\u00e7\u00e3o do governo \u00e9 em rela\u00e7\u00e3o ao tempo. Ele n\u00e3o citou a fala do ministro da Economia.<br><br>\u201cAcho que j\u00e1 cometemos todos os erros que poder\u00edamos cometer e tivemos nossas perdas de tempo naturais, trazidas pelo ineditismo, no porto do Esp\u00edrito Santo. Temos que internalizar as li\u00e7\u00f5es aprendidas. Saibam que esses projetos de desestatiza\u00e7\u00e3o s\u00e3o prioridade m\u00e1xima do minist\u00e9rio. Ou seja, o chicote vai cantar\u201d, disse.<br><br>Freitas afirmou ainda que pretende incluir na carteira do PPI (Programa de Parcerias de Investimentos) a CDP (Companhia Docas do Par\u00e1) e a Codeba (Companhia Docas do Estado da Bahia). Contudo, o ministro ainda n\u00e3o definiu entre BNDES e EPL a responsabilidade de elabora\u00e7\u00e3o dos estudos para a desestatiza\u00e7\u00e3o.<br><br>\u201cVou sortear CDP\u00a0e Codeba. Vamos ver quem pega. Gostaria muito de passar isso para EPL. Falo isso porque acredito que podemos fazer mais. Cabem mais duas desestatiza\u00e7\u00f5es. Temos de pisar no acelerador\u201d, comentou.<\/p>\n","protected":false},"excerpt":{"rendered":"<p>Dimmi Amora e Tales Silveira, da\u00a0Ag\u00eancia iNFRA O ministro da Economia, Paulo Guedes, deu uma previs\u00e3o errada sobre o processo de desestatiza\u00e7\u00e3o do Porto de Santos (SP) em evento realizado nesta ter\u00e7a-feira (10). Nas palavras dele, a companhia docas do porto estaria nas m\u00e3os do setor privado at\u00e9 dezembro de 2021. A previs\u00e3o do Minist\u00e9rio [&hellip;]<\/p>\n","protected":false},"author":9,"featured_media":6327,"comment_status":"closed","ping_status":"closed","sticky":false,"template":"","format":"standard","meta":{"_monsterinsights_skip_tracking":false,"_monsterinsights_sitenote_active":false,"_monsterinsights_sitenote_note":"","_monsterinsights_sitenote_category":0,"footnotes":""},"categories":[1,7],"tags":[103,2112,3031,1146,3029,192,50,252,766,775,962,2056,260,36,3030,51,1941,18],"class_list":["post-6326","post","type-post","status-publish","format-standard","has-post-thumbnail","hentry","category-geral","category-infratransporte","tag-bndes","tag-cdp","tag-codeba","tag-codesa","tag-correios","tag-desestatizacao","tag-eletrobras","tag-epl","tag-ministerio-da-economia","tag-ministerio-da-infraestrutura","tag-paulo-guedes","tag-porto-de-itajai","tag-porto-de-santos","tag-ppi","tag-ppsa","tag-privatizacao","tag-spa","tag-tcu"],"yoast_head":"<!-- This site is optimized with the Yoast SEO Premium plugin v25.4 (Yoast SEO v26.0) - https:\/\/yoast.com\/wordpress\/plugins\/seo\/ -->\n<title>Guedes erra e diz que privatiza\u00e7\u00e3o do Porto de Santos, prevista para 2022, sai em 2021 - Ag\u00eancia iNFRA<\/title>\n<meta name=\"robots\" content=\"index, follow, max-snippet:-1, max-image-preview:large, max-video-preview:-1\" \/>\n<link rel=\"canonical\" href=\"https:\/\/agenciainfra.com\/blog\/guedes-erra-e-diz-que-privatizacao-do-porto-de-santos-prevista-para-2022-sai-em-2021\/\" \/>\n<meta property=\"og:locale\" content=\"pt_BR\" \/>\n<meta property=\"og:type\" content=\"article\" \/>\n<meta property=\"og:title\" content=\"Guedes erra e diz que privatiza\u00e7\u00e3o do Porto de Santos, prevista para 2022, sai em 2021\" \/>\n<meta property=\"og:description\" content=\"Dimmi Amora e Tales Silveira, da\u00a0Ag\u00eancia iNFRA O ministro da Economia, Paulo Guedes, deu uma previs\u00e3o errada sobre o processo de desestatiza\u00e7\u00e3o do Porto de Santos (SP) em evento realizado nesta ter\u00e7a-feira (10). Nas palavras dele, a companhia docas do porto estaria nas m\u00e3os do setor privado at\u00e9 dezembro de 2021. A previs\u00e3o do Minist\u00e9rio [&hellip;]\" \/>\n<meta property=\"og:url\" content=\"https:\/\/agenciainfra.com\/blog\/guedes-erra-e-diz-que-privatizacao-do-porto-de-santos-prevista-para-2022-sai-em-2021\/\" \/>\n<meta property=\"og:site_name\" content=\"Ag\u00eancia iNFRA\" \/>\n<meta property=\"article:publisher\" content=\"https:\/\/www.facebook.com\/ageninfra\" \/>\n<meta property=\"article:published_time\" content=\"2020-11-11T16:55:27+00:00\" \/>\n<meta property=\"article:modified_time\" content=\"2020-11-11T16:55:30+00:00\" \/>\n<meta property=\"og:image\" content=\"https:\/\/agenciainfra.com\/blog\/wp-content\/uploads\/2020\/11\/paulo-guedes-foto-edu-andrade-ascom-me.jpg\" \/>\n\t<meta property=\"og:image:width\" content=\"1280\" \/>\n\t<meta property=\"og:image:height\" content=\"854\" \/>\n\t<meta property=\"og:image:type\" content=\"image\/jpeg\" \/>\n<meta name=\"author\" content=\"Rodrigo Zuquim\" \/>\n<meta name=\"twitter:card\" content=\"summary_large_image\" \/>\n<meta name=\"twitter:creator\" content=\"@agencia_infra\" \/>\n<meta name=\"twitter:site\" content=\"@agencia_infra\" \/>\n<meta name=\"twitter:label1\" content=\"Escrito por\" \/>\n\t<meta name=\"twitter:data1\" content=\"Rodrigo Zuquim\" \/>\n\t<meta name=\"twitter:label2\" content=\"Est. tempo de leitura\" \/>\n\t<meta name=\"twitter:data2\" content=\"4 minutos\" \/>\n<script type=\"application\/ld+json\" class=\"yoast-schema-graph\">{\"@context\":\"https:\/\/schema.org\",\"@graph\":[{\"@type\":\"Article\",\"@id\":\"https:\/\/agenciainfra.com\/blog\/guedes-erra-e-diz-que-privatizacao-do-porto-de-santos-prevista-para-2022-sai-em-2021\/#article\",\"isPartOf\":{\"@id\":\"https:\/\/agenciainfra.com\/blog\/guedes-erra-e-diz-que-privatizacao-do-porto-de-santos-prevista-para-2022-sai-em-2021\/\"},\"author\":{\"name\":\"Rodrigo Zuquim\",\"@id\":\"https:\/\/agenciainfra.com\/blog\/#\/schema\/person\/04dbb79bd6d8951f063da71f3e4c1eb1\"},\"headline\":\"Guedes erra e diz que privatiza\u00e7\u00e3o do Porto de Santos, prevista para 2022, sai em 2021\",\"datePublished\":\"2020-11-11T16:55:27+00:00\",\"dateModified\":\"2020-11-11T16:55:30+00:00\",\"mainEntityOfPage\":{\"@id\":\"https:\/\/agenciainfra.com\/blog\/guedes-erra-e-diz-que-privatizacao-do-porto-de-santos-prevista-para-2022-sai-em-2021\/\"},\"wordCount\":773,\"publisher\":{\"@id\":\"https:\/\/agenciainfra.com\/blog\/#organization\"},\"image\":{\"@id\":\"https:\/\/agenciainfra.com\/blog\/guedes-erra-e-diz-que-privatizacao-do-porto-de-santos-prevista-para-2022-sai-em-2021\/#primaryimage\"},\"thumbnailUrl\":\"https:\/\/agenciainfra.com\/blog\/wp-content\/uploads\/2020\/11\/paulo-guedes-foto-edu-andrade-ascom-me.jpg\",\"keywords\":[\"BNDES\",\"CDP\",\"Codeba\",\"Codesa\",\"Correios\",\"desestatiza\u00e7\u00e3o\",\"Eletrobras\",\"EPL\",\"Minist\u00e9rio da Economia\",\"Minist\u00e9rio da Infraestrutura\",\"Paulo Guedes\",\"Porto de Itaja\u00ed\",\"Porto de Santos\",\"PPI\",\"PPSA\",\"Privatiza\u00e7\u00e3o\",\"SPA\",\"TCU\"],\"articleSection\":[\"Geral\",\"iNFRATransporte\"],\"inLanguage\":\"pt-BR\",\"copyrightYear\":\"2020\",\"copyrightHolder\":{\"@id\":\"https:\/\/agenciainfra.com\/blog\/#organization\"}},{\"@type\":\"WebPage\",\"@id\":\"https:\/\/agenciainfra.com\/blog\/guedes-erra-e-diz-que-privatizacao-do-porto-de-santos-prevista-para-2022-sai-em-2021\/\",\"url\":\"https:\/\/agenciainfra.com\/blog\/guedes-erra-e-diz-que-privatizacao-do-porto-de-santos-prevista-para-2022-sai-em-2021\/\",\"name\":\"Guedes erra e diz que privatiza\u00e7\u00e3o do Porto de Santos, prevista para 2022, sai em 2021 - Ag\u00eancia iNFRA\",\"isPartOf\":{\"@id\":\"https:\/\/agenciainfra.com\/blog\/#website\"},\"primaryImageOfPage\":{\"@id\":\"https:\/\/agenciainfra.com\/blog\/guedes-erra-e-diz-que-privatizacao-do-porto-de-santos-prevista-para-2022-sai-em-2021\/#primaryimage\"},\"image\":{\"@id\":\"https:\/\/agenciainfra.com\/blog\/guedes-erra-e-diz-que-privatizacao-do-porto-de-santos-prevista-para-2022-sai-em-2021\/#primaryimage\"},\"thumbnailUrl\":\"https:\/\/agenciainfra.com\/blog\/wp-content\/uploads\/2020\/11\/paulo-guedes-foto-edu-andrade-ascom-me.jpg\",\"datePublished\":\"2020-11-11T16:55:27+00:00\",\"dateModified\":\"2020-11-11T16:55:30+00:00\",\"breadcrumb\":{\"@id\":\"https:\/\/agenciainfra.com\/blog\/guedes-erra-e-diz-que-privatizacao-do-porto-de-santos-prevista-para-2022-sai-em-2021\/#breadcrumb\"},\"inLanguage\":\"pt-BR\",\"potentialAction\":[{\"@type\":\"ReadAction\",\"target\":[\"https:\/\/agenciainfra.com\/blog\/guedes-erra-e-diz-que-privatizacao-do-porto-de-santos-prevista-para-2022-sai-em-2021\/\"]}]},{\"@type\":\"ImageObject\",\"inLanguage\":\"pt-BR\",\"@id\":\"https:\/\/agenciainfra.com\/blog\/guedes-erra-e-diz-que-privatizacao-do-porto-de-santos-prevista-para-2022-sai-em-2021\/#primaryimage\",\"url\":\"https:\/\/agenciainfra.com\/blog\/wp-content\/uploads\/2020\/11\/paulo-guedes-foto-edu-andrade-ascom-me.jpg\",\"contentUrl\":\"https:\/\/agenciainfra.com\/blog\/wp-content\/uploads\/2020\/11\/paulo-guedes-foto-edu-andrade-ascom-me.jpg\",\"width\":1280,\"height\":854},{\"@type\":\"BreadcrumbList\",\"@id\":\"https:\/\/agenciainfra.com\/blog\/guedes-erra-e-diz-que-privatizacao-do-porto-de-santos-prevista-para-2022-sai-em-2021\/#breadcrumb\",\"itemListElement\":[{\"@type\":\"ListItem\",\"position\":1,\"name\":\"In\u00edcio\",\"item\":\"https:\/\/agenciainfra.com\/blog\/\"},{\"@type\":\"ListItem\",\"position\":2,\"name\":\"Guedes erra e diz que privatiza\u00e7\u00e3o do Porto de Santos, prevista para 2022, sai em 2021\"}]},{\"@type\":\"WebSite\",\"@id\":\"https:\/\/agenciainfra.com\/blog\/#website\",\"url\":\"https:\/\/agenciainfra.com\/blog\/\",\"name\":\"Ag\u00eancia iNFRA\",\"description\":\"Multiplataforma de informa\u00e7\u00e3o jornal\u00edstica refer\u00eancia na \u00e1rea de infraestrutura no Brasil!\",\"publisher\":{\"@id\":\"https:\/\/agenciainfra.com\/blog\/#organization\"},\"potentialAction\":[{\"@type\":\"SearchAction\",\"target\":{\"@type\":\"EntryPoint\",\"urlTemplate\":\"https:\/\/agenciainfra.com\/blog\/?s={search_term_string}\"},\"query-input\":{\"@type\":\"PropertyValueSpecification\",\"valueRequired\":true,\"valueName\":\"search_term_string\"}}],\"inLanguage\":\"pt-BR\"},{\"@type\":\"Organization\",\"@id\":\"https:\/\/agenciainfra.com\/blog\/#organization\",\"name\":\"Ag\u00eancia iNFRA\",\"url\":\"https:\/\/agenciainfra.com\/blog\/\",\"logo\":{\"@type\":\"ImageObject\",\"inLanguage\":\"pt-BR\",\"@id\":\"https:\/\/agenciainfra.com\/blog\/#\/schema\/logo\/image\/\",\"url\":\"https:\/\/agenciainfra.com\/blog\/wp-content\/uploads\/2023\/09\/iNFRA_5-e1761735885940.png\",\"contentUrl\":\"https:\/\/agenciainfra.com\/blog\/wp-content\/uploads\/2023\/09\/iNFRA_5-e1761735885940.png\",\"width\":1672,\"height\":454,\"caption\":\"Ag\u00eancia iNFRA\"},\"image\":{\"@id\":\"https:\/\/agenciainfra.com\/blog\/#\/schema\/logo\/image\/\"},\"sameAs\":[\"https:\/\/www.facebook.com\/ageninfra\",\"https:\/\/x.com\/agencia_infra\",\"https:\/\/www.linkedin.com\/company\/ag\u00eanciainfra\/\",\"https:\/\/www.instagram.com\/agenciainfra\/\"]},{\"@type\":\"Person\",\"@id\":\"https:\/\/agenciainfra.com\/blog\/#\/schema\/person\/04dbb79bd6d8951f063da71f3e4c1eb1\",\"name\":\"Rodrigo Zuquim\",\"image\":{\"@type\":\"ImageObject\",\"inLanguage\":\"pt-BR\",\"@id\":\"https:\/\/agenciainfra.com\/blog\/#\/schema\/person\/image\/\",\"url\":\"https:\/\/secure.gravatar.com\/avatar\/594abfe82761d620726242ff34ca472a705a4b97f16c790053a6b4c4035274d0?s=96&d=mm&r=g\",\"contentUrl\":\"https:\/\/secure.gravatar.com\/avatar\/594abfe82761d620726242ff34ca472a705a4b97f16c790053a6b4c4035274d0?s=96&d=mm&r=g\",\"caption\":\"Rodrigo Zuquim\"},\"url\":\"https:\/\/agenciainfra.com\/blog\/author\/rodrigo-zuquim\/\"}]}<\/script>\n<!-- \/ Yoast SEO Premium plugin. -->","yoast_head_json":{"title":"Guedes erra e diz que privatiza\u00e7\u00e3o do Porto de Santos, prevista para 2022, sai em 2021 - Ag\u00eancia iNFRA","robots":{"index":"index","follow":"follow","max-snippet":"max-snippet:-1","max-image-preview":"max-image-preview:large","max-video-preview":"max-video-preview:-1"},"canonical":"https:\/\/agenciainfra.com\/blog\/guedes-erra-e-diz-que-privatizacao-do-porto-de-santos-prevista-para-2022-sai-em-2021\/","og_locale":"pt_BR","og_type":"article","og_title":"Guedes erra e diz que privatiza\u00e7\u00e3o do Porto de Santos, prevista para 2022, sai em 2021","og_description":"Dimmi Amora e Tales Silveira, da\u00a0Ag\u00eancia iNFRA O ministro da Economia, Paulo Guedes, deu uma previs\u00e3o errada sobre o processo de desestatiza\u00e7\u00e3o do Porto de Santos (SP) em evento realizado nesta ter\u00e7a-feira (10). Nas palavras dele, a companhia docas do porto estaria nas m\u00e3os do setor privado at\u00e9 dezembro de 2021. A previs\u00e3o do Minist\u00e9rio [&hellip;]","og_url":"https:\/\/agenciainfra.com\/blog\/guedes-erra-e-diz-que-privatizacao-do-porto-de-santos-prevista-para-2022-sai-em-2021\/","og_site_name":"Ag\u00eancia iNFRA","article_publisher":"https:\/\/www.facebook.com\/ageninfra","article_published_time":"2020-11-11T16:55:27+00:00","article_modified_time":"2020-11-11T16:55:30+00:00","og_image":[{"width":1280,"height":854,"url":"https:\/\/agenciainfra.com\/blog\/wp-content\/uploads\/2020\/11\/paulo-guedes-foto-edu-andrade-ascom-me.jpg","type":"image\/jpeg"}],"author":"Rodrigo Zuquim","twitter_card":"summary_large_image","twitter_creator":"@agencia_infra","twitter_site":"@agencia_infra","twitter_misc":{"Escrito por":"Rodrigo Zuquim","Est. tempo de leitura":"4 minutos"},"schema":{"@context":"https:\/\/schema.org","@graph":[{"@type":"Article","@id":"https:\/\/agenciainfra.com\/blog\/guedes-erra-e-diz-que-privatizacao-do-porto-de-santos-prevista-para-2022-sai-em-2021\/#article","isPartOf":{"@id":"https:\/\/agenciainfra.com\/blog\/guedes-erra-e-diz-que-privatizacao-do-porto-de-santos-prevista-para-2022-sai-em-2021\/"},"author":{"name":"Rodrigo Zuquim","@id":"https:\/\/agenciainfra.com\/blog\/#\/schema\/person\/04dbb79bd6d8951f063da71f3e4c1eb1"},"headline":"Guedes erra e diz que privatiza\u00e7\u00e3o do Porto de Santos, prevista para 2022, sai em 2021","datePublished":"2020-11-11T16:55:27+00:00","dateModified":"2020-11-11T16:55:30+00:00","mainEntityOfPage":{"@id":"https:\/\/agenciainfra.com\/blog\/guedes-erra-e-diz-que-privatizacao-do-porto-de-santos-prevista-para-2022-sai-em-2021\/"},"wordCount":773,"publisher":{"@id":"https:\/\/agenciainfra.com\/blog\/#organization"},"image":{"@id":"https:\/\/agenciainfra.com\/blog\/guedes-erra-e-diz-que-privatizacao-do-porto-de-santos-prevista-para-2022-sai-em-2021\/#primaryimage"},"thumbnailUrl":"https:\/\/agenciainfra.com\/blog\/wp-content\/uploads\/2020\/11\/paulo-guedes-foto-edu-andrade-ascom-me.jpg","keywords":["BNDES","CDP","Codeba","Codesa","Correios","desestatiza\u00e7\u00e3o","Eletrobras","EPL","Minist\u00e9rio da Economia","Minist\u00e9rio da Infraestrutura","Paulo Guedes","Porto de Itaja\u00ed","Porto de Santos","PPI","PPSA","Privatiza\u00e7\u00e3o","SPA","TCU"],"articleSection":["Geral","iNFRATransporte"],"inLanguage":"pt-BR","copyrightYear":"2020","copyrightHolder":{"@id":"https:\/\/agenciainfra.com\/blog\/#organization"}},{"@type":"WebPage","@id":"https:\/\/agenciainfra.com\/blog\/guedes-erra-e-diz-que-privatizacao-do-porto-de-santos-prevista-para-2022-sai-em-2021\/","url":"https:\/\/agenciainfra.com\/blog\/guedes-erra-e-diz-que-privatizacao-do-porto-de-santos-prevista-para-2022-sai-em-2021\/","name":"Guedes erra e diz que privatiza\u00e7\u00e3o do Porto de Santos, prevista para 2022, sai em 2021 - Ag\u00eancia iNFRA","isPartOf":{"@id":"https:\/\/agenciainfra.com\/blog\/#website"},"primaryImageOfPage":{"@id":"https:\/\/agenciainfra.com\/blog\/guedes-erra-e-diz-que-privatizacao-do-porto-de-santos-prevista-para-2022-sai-em-2021\/#primaryimage"},"image":{"@id":"https:\/\/agenciainfra.com\/blog\/guedes-erra-e-diz-que-privatizacao-do-porto-de-santos-prevista-para-2022-sai-em-2021\/#primaryimage"},"thumbnailUrl":"https:\/\/agenciainfra.com\/blog\/wp-content\/uploads\/2020\/11\/paulo-guedes-foto-edu-andrade-ascom-me.jpg","datePublished":"2020-11-11T16:55:27+00:00","dateModified":"2020-11-11T16:55:30+00:00","breadcrumb":{"@id":"https:\/\/agenciainfra.com\/blog\/guedes-erra-e-diz-que-privatizacao-do-porto-de-santos-prevista-para-2022-sai-em-2021\/#breadcrumb"},"inLanguage":"pt-BR","potentialAction":[{"@type":"ReadAction","target":["https:\/\/agenciainfra.com\/blog\/guedes-erra-e-diz-que-privatizacao-do-porto-de-santos-prevista-para-2022-sai-em-2021\/"]}]},{"@type":"ImageObject","inLanguage":"pt-BR","@id":"https:\/\/agenciainfra.com\/blog\/guedes-erra-e-diz-que-privatizacao-do-porto-de-santos-prevista-para-2022-sai-em-2021\/#primaryimage","url":"https:\/\/agenciainfra.com\/blog\/wp-content\/uploads\/2020\/11\/paulo-guedes-foto-edu-andrade-ascom-me.jpg","contentUrl":"https:\/\/agenciainfra.com\/blog\/wp-content\/uploads\/2020\/11\/paulo-guedes-foto-edu-andrade-ascom-me.jpg","width":1280,"height":854},{"@type":"BreadcrumbList","@id":"https:\/\/agenciainfra.com\/blog\/guedes-erra-e-diz-que-privatizacao-do-porto-de-santos-prevista-para-2022-sai-em-2021\/#breadcrumb","itemListElement":[{"@type":"ListItem","position":1,"name":"In\u00edcio","item":"https:\/\/agenciainfra.com\/blog\/"},{"@type":"ListItem","position":2,"name":"Guedes erra e diz que privatiza\u00e7\u00e3o do Porto de Santos, prevista para 2022, sai em 2021"}]},{"@type":"WebSite","@id":"https:\/\/agenciainfra.com\/blog\/#website","url":"https:\/\/agenciainfra.com\/blog\/","name":"Ag\u00eancia iNFRA","description":"Multiplataforma de informa\u00e7\u00e3o jornal\u00edstica refer\u00eancia na \u00e1rea de infraestrutura no Brasil!","publisher":{"@id":"https:\/\/agenciainfra.com\/blog\/#organization"},"potentialAction":[{"@type":"SearchAction","target":{"@type":"EntryPoint","urlTemplate":"https:\/\/agenciainfra.com\/blog\/?s={search_term_string}"},"query-input":{"@type":"PropertyValueSpecification","valueRequired":true,"valueName":"search_term_string"}}],"inLanguage":"pt-BR"},{"@type":"Organization","@id":"https:\/\/agenciainfra.com\/blog\/#organization","name":"Ag\u00eancia iNFRA","url":"https:\/\/agenciainfra.com\/blog\/","logo":{"@type":"ImageObject","inLanguage":"pt-BR","@id":"https:\/\/agenciainfra.com\/blog\/#\/schema\/logo\/image\/","url":"https:\/\/agenciainfra.com\/blog\/wp-content\/uploads\/2023\/09\/iNFRA_5-e1761735885940.png","contentUrl":"https:\/\/agenciainfra.com\/blog\/wp-content\/uploads\/2023\/09\/iNFRA_5-e1761735885940.png","width":1672,"height":454,"caption":"Ag\u00eancia iNFRA"},"image":{"@id":"https:\/\/agenciainfra.com\/blog\/#\/schema\/logo\/image\/"},"sameAs":["https:\/\/www.facebook.com\/ageninfra","https:\/\/x.com\/agencia_infra","https:\/\/www.linkedin.com\/company\/ag\u00eanciainfra\/","https:\/\/www.instagram.com\/agenciainfra\/"]},{"@type":"Person","@id":"https:\/\/agenciainfra.com\/blog\/#\/schema\/person\/04dbb79bd6d8951f063da71f3e4c1eb1","name":"Rodrigo Zuquim","image":{"@type":"ImageObject","inLanguage":"pt-BR","@id":"https:\/\/agenciainfra.com\/blog\/#\/schema\/person\/image\/","url":"https:\/\/secure.gravatar.com\/avatar\/594abfe82761d620726242ff34ca472a705a4b97f16c790053a6b4c4035274d0?s=96&d=mm&r=g","contentUrl":"https:\/\/secure.gravatar.com\/avatar\/594abfe82761d620726242ff34ca472a705a4b97f16c790053a6b4c4035274d0?s=96&d=mm&r=g","caption":"Rodrigo Zuquim"},"url":"https:\/\/agenciainfra.com\/blog\/author\/rodrigo-zuquim\/"}]}},"_links":{"self":[{"href":"https:\/\/agenciainfra.com\/blog\/wp-json\/wp\/v2\/posts\/6326","targetHints":{"allow":["GET"]}}],"collection":[{"href":"https:\/\/agenciainfra.com\/blog\/wp-json\/wp\/v2\/posts"}],"about":[{"href":"https:\/\/agenciainfra.com\/blog\/wp-json\/wp\/v2\/types\/post"}],"author":[{"embeddable":true,"href":"https:\/\/agenciainfra.com\/blog\/wp-json\/wp\/v2\/users\/9"}],"replies":[{"embeddable":true,"href":"https:\/\/agenciainfra.com\/blog\/wp-json\/wp\/v2\/comments?post=6326"}],"version-history":[{"count":0,"href":"https:\/\/agenciainfra.com\/blog\/wp-json\/wp\/v2\/posts\/6326\/revisions"}],"wp:featuredmedia":[{"embeddable":true,"href":"https:\/\/agenciainfra.com\/blog\/wp-json\/wp\/v2\/media\/6327"}],"wp:attachment":[{"href":"https:\/\/agenciainfra.com\/blog\/wp-json\/wp\/v2\/media?parent=6326"}],"wp:term":[{"taxonomy":"category","embeddable":true,"href":"https:\/\/agenciainfra.com\/blog\/wp-json\/wp\/v2\/categories?post=6326"},{"taxonomy":"post_tag","embeddable":true,"href":"https:\/\/agenciainfra.com\/blog\/wp-json\/wp\/v2\/tags?post=6326"}],"curies":[{"name":"wp","href":"https:\/\/api.w.org\/{rel}","templated":true}]}}