{"id":6329,"date":"2020-11-11T15:00:57","date_gmt":"2020-11-11T18:00:57","guid":{"rendered":"https:\/\/www.agenciainfra.com\/blog\/?p=6329"},"modified":"2020-11-11T14:08:16","modified_gmt":"2020-11-11T17:08:16","slug":"em-meio-a-crise-energetica-no-amapa-guedes-reafirma-privatizacoes-da-eletrobras-e-ppsa","status":"publish","type":"post","link":"https:\/\/agenciainfra.com\/blog\/em-meio-a-crise-energetica-no-amapa-guedes-reafirma-privatizacoes-da-eletrobras-e-ppsa\/","title":{"rendered":"Em meio \u00e0 crise energ\u00e9tica no Amap\u00e1, Guedes reafirma privatiza\u00e7\u00f5es da Eletrobras e PPSA"},"content":{"rendered":"\n<hr class=\"wp-block-separator\"\/>\n\n\n\n<p class=\"has-text-align-right\"><strong>&nbsp; Nestor Rabello e Leila Coimbra, da Ag\u00eancia iNFRA<\/strong><\/p>\n\n\n\n<p>O ministro da Economia, Paulo Guedes, defendeu nesta ter\u00e7a-feira (10) o plano de dar andamento \u00e0s privatiza\u00e7\u00f5es de empresas de energia como a Eletrobras e a PPSA (Pr\u00e9-Sal Petr\u00f3leo S\/A)\u00a0at\u00e9 2021, enquanto o governo lida com a crise de fornecimento em decorr\u00eancia do apag\u00e3o ocorrido no Amap\u00e1.<br><br>Em evento da ag\u00eancia Bloomberg, o ministro disse calcular a possibilidade de arrecadar cerca de US$ 100 bilh\u00f5es com a oferta do portf\u00f3lio da PPSA, estatal respons\u00e1vel\u00a0por gerir contratos do pr\u00e9-sal.<br><br>Com a capitaliza\u00e7\u00e3o da Eletrobras e outras desestatiza\u00e7\u00f5es no pr\u00f3ximo ano, disse ser poss\u00edvel\u00a0reduzir parte da d\u00edvida contra\u00edda pela pandemia da Covid-19.<br><br>Contudo, as declara\u00e7\u00f5es de Guedes ocorrem num momento em que o governo enfrenta uma crise de grandes propor\u00e7\u00f5es no Amap\u00e1, na qual a Eletronorte, subsidi\u00e1ria da Eletrobras, ganhou papel de destaque.\u00a0<br><br>A estatal \u00e9 respons\u00e1vel por fornecer um transformador que substituir\u00e1 um dos equipamentos da Subesta\u00e7\u00e3o Macap\u00e1, na qual houve o inc\u00eandio que desligou o estado do SIN (Sistema Interligado Nacional). Al\u00e9m disso, a Eletronorte foi autorizada pelo governo a contratar at\u00e9 150 MW (megawatts) de unidades geradoras termel\u00e9tricas para garantir o restabelecimento gradual de energia na regi\u00e3o.<br><br>Nesse contexto, o presidente do Senado, Davi Alcolumbre (DEM-AP), defendeu a caducidade da concess\u00e3o da subesta\u00e7\u00e3o, hoje operada pela empresa privada\u00a0LMTE, e a assun\u00e7\u00e3o das opera\u00e7\u00f5es da unidade pela Eletronorte.\u00a0<br><br>As tens\u00f5es pol\u00edticas em torno da crise energ\u00e9tica s\u00e3o grandes diante da magnitude e repercuss\u00e3o do caso, sobretudo porque Alcolumbre teme os impactos pol\u00edticos do apag\u00e3o na candidatura do irm\u00e3o, Josiel Alcolumbre (DEM), \u00e0 prefeitura de Macap\u00e1.\u00a0<br><br><strong>PPSA<\/strong><br>No caso da PPSA, ainda n\u00e3o h\u00e1 consenso dentro do pr\u00f3prio governo a respeito da privatiza\u00e7\u00e3o da estatal. O plano de ofertar o portf\u00f3lio da companhia respons\u00e1vel por gerir os contratos de \u00f3leo no pr\u00e9-sal n\u00e3o conta com o apoio do ministro de Minas e Energia, Bento Albuquerque.\u00a0<br><br>Bento j\u00e1 havia se manifestado publicamente contra eventual privatiza\u00e7\u00e3o da empresa, vis\u00e3o que \u00e9 compartilhada por sua equipe no MME (Minist\u00e9rio de Minas e Energia).\u00a0<br><br><strong>Obst\u00e1culos<\/strong><br>A venda da PPSA n\u00e3o s\u00f3 carece de consenso entre governo, como tamb\u00e9m \u00e9 vista com reserva por agentes do mercado que acompanham o setor de \u00f3leo e g\u00e1s.<br><br>Como a empresa \u00e9 respons\u00e1vel por gerir recursos da Uni\u00e3o obtidos por meio da explora\u00e7\u00e3o do pr\u00e9-sal, h\u00e1 d\u00favidas sobre a viabilidade estrat\u00e9gica desse plano, ampliadas ainda pelo cen\u00e1rio de incertezas e de queda no barril do petr\u00f3leo.<br><br>Al\u00e9m de a Economia ainda n\u00e3o ter apresentado uma modelagem, eventual proposta tamb\u00e9m teria de enfrentar obst\u00e1culos pol\u00edticos, uma vez que altera\u00e7\u00f5es na fun\u00e7\u00e3o da estatal teriam de passar pelo Congresso Nacional.<br><br>Segundo uma fonte com tr\u00e2nsito no setor e entre parlamentares, Guedes subdimensiona os desafios pol\u00edticos para avan\u00e7ar com a pauta de privatiza\u00e7\u00f5es no Congresso. \u201cQuem vem do setor privado n\u00e3o entende que s\u00e3o outras regras no setor p\u00fablico. Uma proposta dessa teria de ser aprovada em v\u00e1rias etapas com engrenagem bem definida\u201d, disse.<br><br>Hoje, tramita no Senado o\u00a0<a rel=\"noreferrer noopener\" href=\"https:\/\/agenciainfra.us14.list-manage.com\/track\/click?u=d460dd1bcf9ba0ae040e1fc0f&amp;id=c9c6849045&amp;e=c099169394\" target=\"_blank\">PL 3.718\/2019<\/a>, de autoria do senador Jos\u00e9 Serra (PSDB-SP), que permite a licita\u00e7\u00e3o de blocos do pr\u00e9-sal em regime de concess\u00e3o, em vez do atual regime de partilha. Ficaria a cargo do CNPE (Conselho Nacional de Pol\u00edtica Energ\u00e9tica) escolher o modelo mais vantajoso.<br><br>Em nota \u00e0\u00a0<strong>Ag\u00eancia iNFRA<\/strong>, o Minist\u00e9rio da Economia disse que a PPSA n\u00e3o est\u00e1 listada no PND (Programa Nacional de Desestatiza\u00e7\u00e3o) e que ainda desenvolve estudos para avaliar opera\u00e7\u00f5es com base nos contratos de partilha.\u00a0<\/p>\n","protected":false},"excerpt":{"rendered":"<p>&nbsp; Nestor Rabello e Leila Coimbra, da Ag\u00eancia iNFRA O ministro da Economia, Paulo Guedes, defendeu nesta ter\u00e7a-feira (10) o plano de dar andamento \u00e0s privatiza\u00e7\u00f5es de empresas de energia como a Eletrobras e a PPSA (Pr\u00e9-Sal Petr\u00f3leo S\/A)\u00a0at\u00e9 2021, enquanto o governo lida com a crise de fornecimento em decorr\u00eancia do apag\u00e3o ocorrido no [&hellip;]<\/p>\n","protected":false},"author":9,"featured_media":6330,"comment_status":"closed","ping_status":"closed","sticky":false,"template":"","format":"standard","meta":{"_monsterinsights_skip_tracking":false,"_monsterinsights_sitenote_active":false,"_monsterinsights_sitenote_note":"","_monsterinsights_sitenote_category":0,"footnotes":""},"categories":[1,10],"tags":[3003,710,3004,1228,50,1229,2934,3034,3033,766,96,962,3035,165,3030,344,51,166,3036,747,3032],"class_list":["post-6329","post","type-post","status-publish","format-standard","has-post-thumbnail","hentry","category-geral","category-infraenergia","tag-amapa","tag-bento-albuquerque","tag-cnpe","tag-davi-alcolumbre","tag-eletrobras","tag-eletronorte","tag-jose-serra","tag-josiel-alcolumbre","tag-lmte","tag-ministerio-da-economia","tag-ministerio-de-minas-e-energia","tag-paulo-guedes","tag-pl-3-718-2019","tag-pnd","tag-ppsa","tag-pre-sal","tag-privatizacao","tag-programa-nacional-de-desestatizacao","tag-regime-de-partilha","tag-sistema-interligado-nacional","tag-subestacao-macapa"],"yoast_head":"<!-- This site is optimized with the Yoast SEO Premium plugin v25.4 (Yoast SEO v26.0) - https:\/\/yoast.com\/wordpress\/plugins\/seo\/ -->\n<title>Em meio \u00e0 crise energ\u00e9tica no Amap\u00e1, Guedes reafirma privatiza\u00e7\u00f5es da Eletrobras e PPSA - Ag\u00eancia iNFRA<\/title>\n<meta name=\"robots\" content=\"index, follow, max-snippet:-1, max-image-preview:large, max-video-preview:-1\" \/>\n<link rel=\"canonical\" href=\"https:\/\/agenciainfra.com\/blog\/em-meio-a-crise-energetica-no-amapa-guedes-reafirma-privatizacoes-da-eletrobras-e-ppsa\/\" \/>\n<meta property=\"og:locale\" content=\"pt_BR\" \/>\n<meta property=\"og:type\" content=\"article\" \/>\n<meta property=\"og:title\" content=\"Em meio \u00e0 crise energ\u00e9tica no Amap\u00e1, Guedes reafirma privatiza\u00e7\u00f5es da Eletrobras e PPSA\" \/>\n<meta property=\"og:description\" content=\"&nbsp; Nestor Rabello e Leila Coimbra, da Ag\u00eancia iNFRA O ministro da Economia, Paulo Guedes, defendeu nesta ter\u00e7a-feira (10) o plano de dar andamento \u00e0s privatiza\u00e7\u00f5es de empresas de energia como a Eletrobras e a PPSA (Pr\u00e9-Sal Petr\u00f3leo S\/A)\u00a0at\u00e9 2021, enquanto o governo lida com a crise de fornecimento em decorr\u00eancia do apag\u00e3o ocorrido no [&hellip;]\" \/>\n<meta property=\"og:url\" content=\"https:\/\/agenciainfra.com\/blog\/em-meio-a-crise-energetica-no-amapa-guedes-reafirma-privatizacoes-da-eletrobras-e-ppsa\/\" \/>\n<meta property=\"og:site_name\" content=\"Ag\u00eancia iNFRA\" \/>\n<meta property=\"article:publisher\" content=\"https:\/\/www.facebook.com\/ageninfra\" \/>\n<meta property=\"article:published_time\" content=\"2020-11-11T18:00:57+00:00\" \/>\n<meta property=\"og:image\" content=\"https:\/\/agenciainfra.com\/blog\/wp-content\/uploads\/2020\/11\/paulo-guedes-foto-wilson-dias-agencia-brasil.jpg\" \/>\n\t<meta property=\"og:image:width\" content=\"1280\" \/>\n\t<meta property=\"og:image:height\" content=\"853\" \/>\n\t<meta property=\"og:image:type\" content=\"image\/jpeg\" \/>\n<meta name=\"author\" content=\"Rodrigo Zuquim\" \/>\n<meta name=\"twitter:card\" content=\"summary_large_image\" \/>\n<meta name=\"twitter:creator\" content=\"@agencia_infra\" \/>\n<meta name=\"twitter:site\" content=\"@agencia_infra\" \/>\n<meta name=\"twitter:label1\" content=\"Escrito por\" \/>\n\t<meta name=\"twitter:data1\" content=\"Rodrigo Zuquim\" \/>\n\t<meta name=\"twitter:label2\" content=\"Est. tempo de leitura\" \/>\n\t<meta name=\"twitter:data2\" content=\"3 minutos\" \/>\n<script type=\"application\/ld+json\" class=\"yoast-schema-graph\">{\"@context\":\"https:\/\/schema.org\",\"@graph\":[{\"@type\":\"Article\",\"@id\":\"https:\/\/agenciainfra.com\/blog\/em-meio-a-crise-energetica-no-amapa-guedes-reafirma-privatizacoes-da-eletrobras-e-ppsa\/#article\",\"isPartOf\":{\"@id\":\"https:\/\/agenciainfra.com\/blog\/em-meio-a-crise-energetica-no-amapa-guedes-reafirma-privatizacoes-da-eletrobras-e-ppsa\/\"},\"author\":{\"name\":\"Rodrigo Zuquim\",\"@id\":\"https:\/\/agenciainfra.com\/blog\/#\/schema\/person\/04dbb79bd6d8951f063da71f3e4c1eb1\"},\"headline\":\"Em meio \u00e0 crise energ\u00e9tica no Amap\u00e1, Guedes reafirma privatiza\u00e7\u00f5es da Eletrobras e PPSA\",\"datePublished\":\"2020-11-11T18:00:57+00:00\",\"mainEntityOfPage\":{\"@id\":\"https:\/\/agenciainfra.com\/blog\/em-meio-a-crise-energetica-no-amapa-guedes-reafirma-privatizacoes-da-eletrobras-e-ppsa\/\"},\"wordCount\":670,\"publisher\":{\"@id\":\"https:\/\/agenciainfra.com\/blog\/#organization\"},\"image\":{\"@id\":\"https:\/\/agenciainfra.com\/blog\/em-meio-a-crise-energetica-no-amapa-guedes-reafirma-privatizacoes-da-eletrobras-e-ppsa\/#primaryimage\"},\"thumbnailUrl\":\"https:\/\/agenciainfra.com\/blog\/wp-content\/uploads\/2020\/11\/paulo-guedes-foto-wilson-dias-agencia-brasil.jpg\",\"keywords\":[\"Amap\u00e1\",\"bento albuquerque\",\"CNPE\",\"Davi Alcolumbre\",\"Eletrobras\",\"Eletronorte\",\"Jos\u00e9 Serra\",\"Josiel Alcolumbre\",\"LMTE\",\"Minist\u00e9rio da Economia\",\"Minist\u00e9rio de Minas e Energia\",\"Paulo Guedes\",\"PL 3.718\/2019\",\"PND\",\"PPSA\",\"pr\u00e9-sal\",\"Privatiza\u00e7\u00e3o\",\"Programa Nacional de Desestatiza\u00e7\u00e3o\",\"regime de partilha\",\"Sistema Interligado Nacional\",\"Subesta\u00e7\u00e3o Macap\u00e1\"],\"articleSection\":[\"Geral\",\"iNFRAEnergia\"],\"inLanguage\":\"pt-BR\",\"copyrightYear\":\"2020\",\"copyrightHolder\":{\"@id\":\"https:\/\/agenciainfra.com\/blog\/#organization\"}},{\"@type\":\"WebPage\",\"@id\":\"https:\/\/agenciainfra.com\/blog\/em-meio-a-crise-energetica-no-amapa-guedes-reafirma-privatizacoes-da-eletrobras-e-ppsa\/\",\"url\":\"https:\/\/agenciainfra.com\/blog\/em-meio-a-crise-energetica-no-amapa-guedes-reafirma-privatizacoes-da-eletrobras-e-ppsa\/\",\"name\":\"Em meio \u00e0 crise energ\u00e9tica no Amap\u00e1, Guedes reafirma privatiza\u00e7\u00f5es da Eletrobras e PPSA - Ag\u00eancia iNFRA\",\"isPartOf\":{\"@id\":\"https:\/\/agenciainfra.com\/blog\/#website\"},\"primaryImageOfPage\":{\"@id\":\"https:\/\/agenciainfra.com\/blog\/em-meio-a-crise-energetica-no-amapa-guedes-reafirma-privatizacoes-da-eletrobras-e-ppsa\/#primaryimage\"},\"image\":{\"@id\":\"https:\/\/agenciainfra.com\/blog\/em-meio-a-crise-energetica-no-amapa-guedes-reafirma-privatizacoes-da-eletrobras-e-ppsa\/#primaryimage\"},\"thumbnailUrl\":\"https:\/\/agenciainfra.com\/blog\/wp-content\/uploads\/2020\/11\/paulo-guedes-foto-wilson-dias-agencia-brasil.jpg\",\"datePublished\":\"2020-11-11T18:00:57+00:00\",\"breadcrumb\":{\"@id\":\"https:\/\/agenciainfra.com\/blog\/em-meio-a-crise-energetica-no-amapa-guedes-reafirma-privatizacoes-da-eletrobras-e-ppsa\/#breadcrumb\"},\"inLanguage\":\"pt-BR\",\"potentialAction\":[{\"@type\":\"ReadAction\",\"target\":[\"https:\/\/agenciainfra.com\/blog\/em-meio-a-crise-energetica-no-amapa-guedes-reafirma-privatizacoes-da-eletrobras-e-ppsa\/\"]}]},{\"@type\":\"ImageObject\",\"inLanguage\":\"pt-BR\",\"@id\":\"https:\/\/agenciainfra.com\/blog\/em-meio-a-crise-energetica-no-amapa-guedes-reafirma-privatizacoes-da-eletrobras-e-ppsa\/#primaryimage\",\"url\":\"https:\/\/agenciainfra.com\/blog\/wp-content\/uploads\/2020\/11\/paulo-guedes-foto-wilson-dias-agencia-brasil.jpg\",\"contentUrl\":\"https:\/\/agenciainfra.com\/blog\/wp-content\/uploads\/2020\/11\/paulo-guedes-foto-wilson-dias-agencia-brasil.jpg\",\"width\":1280,\"height\":853},{\"@type\":\"BreadcrumbList\",\"@id\":\"https:\/\/agenciainfra.com\/blog\/em-meio-a-crise-energetica-no-amapa-guedes-reafirma-privatizacoes-da-eletrobras-e-ppsa\/#breadcrumb\",\"itemListElement\":[{\"@type\":\"ListItem\",\"position\":1,\"name\":\"In\u00edcio\",\"item\":\"https:\/\/agenciainfra.com\/blog\/\"},{\"@type\":\"ListItem\",\"position\":2,\"name\":\"Em meio \u00e0 crise energ\u00e9tica no Amap\u00e1, Guedes reafirma privatiza\u00e7\u00f5es da Eletrobras e PPSA\"}]},{\"@type\":\"WebSite\",\"@id\":\"https:\/\/agenciainfra.com\/blog\/#website\",\"url\":\"https:\/\/agenciainfra.com\/blog\/\",\"name\":\"Ag\u00eancia iNFRA\",\"description\":\"Multiplataforma de informa\u00e7\u00e3o jornal\u00edstica refer\u00eancia na \u00e1rea de infraestrutura no Brasil!\",\"publisher\":{\"@id\":\"https:\/\/agenciainfra.com\/blog\/#organization\"},\"potentialAction\":[{\"@type\":\"SearchAction\",\"target\":{\"@type\":\"EntryPoint\",\"urlTemplate\":\"https:\/\/agenciainfra.com\/blog\/?s={search_term_string}\"},\"query-input\":{\"@type\":\"PropertyValueSpecification\",\"valueRequired\":true,\"valueName\":\"search_term_string\"}}],\"inLanguage\":\"pt-BR\"},{\"@type\":\"Organization\",\"@id\":\"https:\/\/agenciainfra.com\/blog\/#organization\",\"name\":\"Ag\u00eancia iNFRA\",\"url\":\"https:\/\/agenciainfra.com\/blog\/\",\"logo\":{\"@type\":\"ImageObject\",\"inLanguage\":\"pt-BR\",\"@id\":\"https:\/\/agenciainfra.com\/blog\/#\/schema\/logo\/image\/\",\"url\":\"https:\/\/agenciainfra.com\/blog\/wp-content\/uploads\/2023\/09\/iNFRA_5-e1761735885940.png\",\"contentUrl\":\"https:\/\/agenciainfra.com\/blog\/wp-content\/uploads\/2023\/09\/iNFRA_5-e1761735885940.png\",\"width\":1672,\"height\":454,\"caption\":\"Ag\u00eancia iNFRA\"},\"image\":{\"@id\":\"https:\/\/agenciainfra.com\/blog\/#\/schema\/logo\/image\/\"},\"sameAs\":[\"https:\/\/www.facebook.com\/ageninfra\",\"https:\/\/x.com\/agencia_infra\",\"https:\/\/www.linkedin.com\/company\/ag\u00eanciainfra\/\",\"https:\/\/www.instagram.com\/agenciainfra\/\"]},{\"@type\":\"Person\",\"@id\":\"https:\/\/agenciainfra.com\/blog\/#\/schema\/person\/04dbb79bd6d8951f063da71f3e4c1eb1\",\"name\":\"Rodrigo Zuquim\",\"image\":{\"@type\":\"ImageObject\",\"inLanguage\":\"pt-BR\",\"@id\":\"https:\/\/agenciainfra.com\/blog\/#\/schema\/person\/image\/\",\"url\":\"https:\/\/secure.gravatar.com\/avatar\/594abfe82761d620726242ff34ca472a705a4b97f16c790053a6b4c4035274d0?s=96&d=mm&r=g\",\"contentUrl\":\"https:\/\/secure.gravatar.com\/avatar\/594abfe82761d620726242ff34ca472a705a4b97f16c790053a6b4c4035274d0?s=96&d=mm&r=g\",\"caption\":\"Rodrigo Zuquim\"},\"url\":\"https:\/\/agenciainfra.com\/blog\/author\/rodrigo-zuquim\/\"}]}<\/script>\n<!-- \/ Yoast SEO Premium plugin. -->","yoast_head_json":{"title":"Em meio \u00e0 crise energ\u00e9tica no Amap\u00e1, Guedes reafirma privatiza\u00e7\u00f5es da Eletrobras e PPSA - Ag\u00eancia iNFRA","robots":{"index":"index","follow":"follow","max-snippet":"max-snippet:-1","max-image-preview":"max-image-preview:large","max-video-preview":"max-video-preview:-1"},"canonical":"https:\/\/agenciainfra.com\/blog\/em-meio-a-crise-energetica-no-amapa-guedes-reafirma-privatizacoes-da-eletrobras-e-ppsa\/","og_locale":"pt_BR","og_type":"article","og_title":"Em meio \u00e0 crise energ\u00e9tica no Amap\u00e1, Guedes reafirma privatiza\u00e7\u00f5es da Eletrobras e PPSA","og_description":"&nbsp; Nestor Rabello e Leila Coimbra, da Ag\u00eancia iNFRA O ministro da Economia, Paulo Guedes, defendeu nesta ter\u00e7a-feira (10) o plano de dar andamento \u00e0s privatiza\u00e7\u00f5es de empresas de energia como a Eletrobras e a PPSA (Pr\u00e9-Sal Petr\u00f3leo S\/A)\u00a0at\u00e9 2021, enquanto o governo lida com a crise de fornecimento em decorr\u00eancia do apag\u00e3o ocorrido no [&hellip;]","og_url":"https:\/\/agenciainfra.com\/blog\/em-meio-a-crise-energetica-no-amapa-guedes-reafirma-privatizacoes-da-eletrobras-e-ppsa\/","og_site_name":"Ag\u00eancia iNFRA","article_publisher":"https:\/\/www.facebook.com\/ageninfra","article_published_time":"2020-11-11T18:00:57+00:00","og_image":[{"width":1280,"height":853,"url":"https:\/\/agenciainfra.com\/blog\/wp-content\/uploads\/2020\/11\/paulo-guedes-foto-wilson-dias-agencia-brasil.jpg","type":"image\/jpeg"}],"author":"Rodrigo Zuquim","twitter_card":"summary_large_image","twitter_creator":"@agencia_infra","twitter_site":"@agencia_infra","twitter_misc":{"Escrito por":"Rodrigo Zuquim","Est. tempo de leitura":"3 minutos"},"schema":{"@context":"https:\/\/schema.org","@graph":[{"@type":"Article","@id":"https:\/\/agenciainfra.com\/blog\/em-meio-a-crise-energetica-no-amapa-guedes-reafirma-privatizacoes-da-eletrobras-e-ppsa\/#article","isPartOf":{"@id":"https:\/\/agenciainfra.com\/blog\/em-meio-a-crise-energetica-no-amapa-guedes-reafirma-privatizacoes-da-eletrobras-e-ppsa\/"},"author":{"name":"Rodrigo Zuquim","@id":"https:\/\/agenciainfra.com\/blog\/#\/schema\/person\/04dbb79bd6d8951f063da71f3e4c1eb1"},"headline":"Em meio \u00e0 crise energ\u00e9tica no Amap\u00e1, Guedes reafirma privatiza\u00e7\u00f5es da Eletrobras e PPSA","datePublished":"2020-11-11T18:00:57+00:00","mainEntityOfPage":{"@id":"https:\/\/agenciainfra.com\/blog\/em-meio-a-crise-energetica-no-amapa-guedes-reafirma-privatizacoes-da-eletrobras-e-ppsa\/"},"wordCount":670,"publisher":{"@id":"https:\/\/agenciainfra.com\/blog\/#organization"},"image":{"@id":"https:\/\/agenciainfra.com\/blog\/em-meio-a-crise-energetica-no-amapa-guedes-reafirma-privatizacoes-da-eletrobras-e-ppsa\/#primaryimage"},"thumbnailUrl":"https:\/\/agenciainfra.com\/blog\/wp-content\/uploads\/2020\/11\/paulo-guedes-foto-wilson-dias-agencia-brasil.jpg","keywords":["Amap\u00e1","bento albuquerque","CNPE","Davi Alcolumbre","Eletrobras","Eletronorte","Jos\u00e9 Serra","Josiel Alcolumbre","LMTE","Minist\u00e9rio da Economia","Minist\u00e9rio de Minas e Energia","Paulo Guedes","PL 3.718\/2019","PND","PPSA","pr\u00e9-sal","Privatiza\u00e7\u00e3o","Programa Nacional de Desestatiza\u00e7\u00e3o","regime de partilha","Sistema Interligado Nacional","Subesta\u00e7\u00e3o Macap\u00e1"],"articleSection":["Geral","iNFRAEnergia"],"inLanguage":"pt-BR","copyrightYear":"2020","copyrightHolder":{"@id":"https:\/\/agenciainfra.com\/blog\/#organization"}},{"@type":"WebPage","@id":"https:\/\/agenciainfra.com\/blog\/em-meio-a-crise-energetica-no-amapa-guedes-reafirma-privatizacoes-da-eletrobras-e-ppsa\/","url":"https:\/\/agenciainfra.com\/blog\/em-meio-a-crise-energetica-no-amapa-guedes-reafirma-privatizacoes-da-eletrobras-e-ppsa\/","name":"Em meio \u00e0 crise energ\u00e9tica no Amap\u00e1, Guedes reafirma privatiza\u00e7\u00f5es da Eletrobras e PPSA - Ag\u00eancia iNFRA","isPartOf":{"@id":"https:\/\/agenciainfra.com\/blog\/#website"},"primaryImageOfPage":{"@id":"https:\/\/agenciainfra.com\/blog\/em-meio-a-crise-energetica-no-amapa-guedes-reafirma-privatizacoes-da-eletrobras-e-ppsa\/#primaryimage"},"image":{"@id":"https:\/\/agenciainfra.com\/blog\/em-meio-a-crise-energetica-no-amapa-guedes-reafirma-privatizacoes-da-eletrobras-e-ppsa\/#primaryimage"},"thumbnailUrl":"https:\/\/agenciainfra.com\/blog\/wp-content\/uploads\/2020\/11\/paulo-guedes-foto-wilson-dias-agencia-brasil.jpg","datePublished":"2020-11-11T18:00:57+00:00","breadcrumb":{"@id":"https:\/\/agenciainfra.com\/blog\/em-meio-a-crise-energetica-no-amapa-guedes-reafirma-privatizacoes-da-eletrobras-e-ppsa\/#breadcrumb"},"inLanguage":"pt-BR","potentialAction":[{"@type":"ReadAction","target":["https:\/\/agenciainfra.com\/blog\/em-meio-a-crise-energetica-no-amapa-guedes-reafirma-privatizacoes-da-eletrobras-e-ppsa\/"]}]},{"@type":"ImageObject","inLanguage":"pt-BR","@id":"https:\/\/agenciainfra.com\/blog\/em-meio-a-crise-energetica-no-amapa-guedes-reafirma-privatizacoes-da-eletrobras-e-ppsa\/#primaryimage","url":"https:\/\/agenciainfra.com\/blog\/wp-content\/uploads\/2020\/11\/paulo-guedes-foto-wilson-dias-agencia-brasil.jpg","contentUrl":"https:\/\/agenciainfra.com\/blog\/wp-content\/uploads\/2020\/11\/paulo-guedes-foto-wilson-dias-agencia-brasil.jpg","width":1280,"height":853},{"@type":"BreadcrumbList","@id":"https:\/\/agenciainfra.com\/blog\/em-meio-a-crise-energetica-no-amapa-guedes-reafirma-privatizacoes-da-eletrobras-e-ppsa\/#breadcrumb","itemListElement":[{"@type":"ListItem","position":1,"name":"In\u00edcio","item":"https:\/\/agenciainfra.com\/blog\/"},{"@type":"ListItem","position":2,"name":"Em meio \u00e0 crise energ\u00e9tica no Amap\u00e1, Guedes reafirma privatiza\u00e7\u00f5es da Eletrobras e PPSA"}]},{"@type":"WebSite","@id":"https:\/\/agenciainfra.com\/blog\/#website","url":"https:\/\/agenciainfra.com\/blog\/","name":"Ag\u00eancia iNFRA","description":"Multiplataforma de informa\u00e7\u00e3o jornal\u00edstica refer\u00eancia na \u00e1rea de infraestrutura no Brasil!","publisher":{"@id":"https:\/\/agenciainfra.com\/blog\/#organization"},"potentialAction":[{"@type":"SearchAction","target":{"@type":"EntryPoint","urlTemplate":"https:\/\/agenciainfra.com\/blog\/?s={search_term_string}"},"query-input":{"@type":"PropertyValueSpecification","valueRequired":true,"valueName":"search_term_string"}}],"inLanguage":"pt-BR"},{"@type":"Organization","@id":"https:\/\/agenciainfra.com\/blog\/#organization","name":"Ag\u00eancia iNFRA","url":"https:\/\/agenciainfra.com\/blog\/","logo":{"@type":"ImageObject","inLanguage":"pt-BR","@id":"https:\/\/agenciainfra.com\/blog\/#\/schema\/logo\/image\/","url":"https:\/\/agenciainfra.com\/blog\/wp-content\/uploads\/2023\/09\/iNFRA_5-e1761735885940.png","contentUrl":"https:\/\/agenciainfra.com\/blog\/wp-content\/uploads\/2023\/09\/iNFRA_5-e1761735885940.png","width":1672,"height":454,"caption":"Ag\u00eancia iNFRA"},"image":{"@id":"https:\/\/agenciainfra.com\/blog\/#\/schema\/logo\/image\/"},"sameAs":["https:\/\/www.facebook.com\/ageninfra","https:\/\/x.com\/agencia_infra","https:\/\/www.linkedin.com\/company\/ag\u00eanciainfra\/","https:\/\/www.instagram.com\/agenciainfra\/"]},{"@type":"Person","@id":"https:\/\/agenciainfra.com\/blog\/#\/schema\/person\/04dbb79bd6d8951f063da71f3e4c1eb1","name":"Rodrigo Zuquim","image":{"@type":"ImageObject","inLanguage":"pt-BR","@id":"https:\/\/agenciainfra.com\/blog\/#\/schema\/person\/image\/","url":"https:\/\/secure.gravatar.com\/avatar\/594abfe82761d620726242ff34ca472a705a4b97f16c790053a6b4c4035274d0?s=96&d=mm&r=g","contentUrl":"https:\/\/secure.gravatar.com\/avatar\/594abfe82761d620726242ff34ca472a705a4b97f16c790053a6b4c4035274d0?s=96&d=mm&r=g","caption":"Rodrigo Zuquim"},"url":"https:\/\/agenciainfra.com\/blog\/author\/rodrigo-zuquim\/"}]}},"_links":{"self":[{"href":"https:\/\/agenciainfra.com\/blog\/wp-json\/wp\/v2\/posts\/6329","targetHints":{"allow":["GET"]}}],"collection":[{"href":"https:\/\/agenciainfra.com\/blog\/wp-json\/wp\/v2\/posts"}],"about":[{"href":"https:\/\/agenciainfra.com\/blog\/wp-json\/wp\/v2\/types\/post"}],"author":[{"embeddable":true,"href":"https:\/\/agenciainfra.com\/blog\/wp-json\/wp\/v2\/users\/9"}],"replies":[{"embeddable":true,"href":"https:\/\/agenciainfra.com\/blog\/wp-json\/wp\/v2\/comments?post=6329"}],"version-history":[{"count":0,"href":"https:\/\/agenciainfra.com\/blog\/wp-json\/wp\/v2\/posts\/6329\/revisions"}],"wp:featuredmedia":[{"embeddable":true,"href":"https:\/\/agenciainfra.com\/blog\/wp-json\/wp\/v2\/media\/6330"}],"wp:attachment":[{"href":"https:\/\/agenciainfra.com\/blog\/wp-json\/wp\/v2\/media?parent=6329"}],"wp:term":[{"taxonomy":"category","embeddable":true,"href":"https:\/\/agenciainfra.com\/blog\/wp-json\/wp\/v2\/categories?post=6329"},{"taxonomy":"post_tag","embeddable":true,"href":"https:\/\/agenciainfra.com\/blog\/wp-json\/wp\/v2\/tags?post=6329"}],"curies":[{"name":"wp","href":"https:\/\/api.w.org\/{rel}","templated":true}]}}