{"id":6336,"date":"2020-11-12T07:46:11","date_gmt":"2020-11-12T10:46:11","guid":{"rendered":"https:\/\/www.agenciainfra.com\/blog\/?p=6336"},"modified":"2020-11-12T07:46:14","modified_gmt":"2020-11-12T10:46:14","slug":"antt-aprova-aditivo-para-relicitar-a-br-040-entre-minas-gerais-e-distrito-federal","status":"publish","type":"post","link":"https:\/\/agenciainfra.com\/blog\/antt-aprova-aditivo-para-relicitar-a-br-040-entre-minas-gerais-e-distrito-federal\/","title":{"rendered":"ANTT aprova aditivo para relicitar a BR-040 entre Minas Gerais e Distrito Federal"},"content":{"rendered":"\n<p class=\"has-text-align-right\"><strong>da Ag\u00eancia iNFRA<\/strong><\/p>\n\n\n\n<p>Delibera\u00e7\u00e3o 462 da ANTT (Ag\u00eancia Nacional de Transportes Terrestres) aprovou a nova proposta para a relicita\u00e7\u00e3o da concess\u00e3o da BR-040\/DF-GO-MG, que est\u00e1 sob o controle da Via 040, do grupo Invepar. O ato foi publicado no Di\u00e1rio Oficial da Uni\u00e3o nesta quinta-feira (12).<\/p>\n\n\n\n<p>Na decis\u00e3o, a ag\u00eancia informa que indeferiu\u00a0pleito da concession\u00e1ria de inclus\u00e3o de nova subcl\u00e1usula ao termo aditivo de relicita\u00e7\u00e3o e deu prazo at\u00e9 20 de novembro de 2020 para que as partes assinem.<\/p>\n\n\n\n<p>A ag\u00eancia havia sido\u00a0proibida de assinar o termo aditivo por causa de uma medida cautelar do TCU (Tribunal de Contas da Uni\u00e3o) no m\u00eas de agosto.\u00a0<br>A medida do TCU foi revertida por meio de novo ac\u00f3rd\u00e3o do tribunal h\u00e1 duas semanas, conforme noticiou a\u00a0<strong>Ag\u00eancia iNFRA<\/strong>. A assinatura do aditivo \u00e9 a etapa final do processo de aceite da concession\u00e1ria atual para a relicita\u00e7\u00e3o da via.<\/p>\n\n\n\n<p>A empresa fez o pedido de entrar no processo de relicita\u00e7\u00e3o em 2017. Em fevereiro deste ano, o governo aceitou iniciar o procedimento de relicita\u00e7\u00e3o da via e o prazo estabelecido \u00e9 que at\u00e9 fevereiro de 2022 um novo concession\u00e1rio assuma a concess\u00e3o.<\/p>\n\n\n\n<p>At\u00e9 l\u00e1, a Via 040 ter\u00e1 que fazer a manuten\u00e7\u00e3o, mas est\u00e1 desobrigada de fazer amplia\u00e7\u00f5es e melhorias. Ela poder\u00e1 seguir cobrando o mesmo valor de ped\u00e1gio nesse per\u00edodo de transi\u00e7\u00e3o.<\/p>\n\n\n\n<p><strong>Audi\u00eancias p\u00fablicas<\/strong><br>A ANTT tamb\u00e9m comunicou no Di\u00e1rio Oficial a abertura da Audi\u00eancia P\u00fablica 5\/2020 para colher sugest\u00f5es e contribui\u00e7\u00f5es \u00e0 minuta de resolu\u00e7\u00e3o que estabelece as diretrizes para encerramento e relicita\u00e7\u00e3o dos contratos de concess\u00e3o de infraestrutura rodovi\u00e1ria.<\/p>\n\n\n\n<p>As contribui\u00e7\u00f5es poder\u00e3o ser enviadas at\u00e9 17 de dezembro de 2020. A sess\u00e3o p\u00fablica virtual foi marcada para 26 de novembro, das 15h \u00e0s 17h.<\/p>\n\n\n\n<p>E a ag\u00eancia publicou ainda que dar\u00e1 in\u00edcio em 23 de novembro \u00e0\u00a0Audi\u00eancia P\u00fablica 4\/2020 para\u00a0colher sugest\u00f5es sobre proposta de regulamenta\u00e7\u00e3o da presta\u00e7\u00e3o do servi\u00e7o regular de transporte rodovi\u00e1rio coletivo interestadual de passageiros, sob o regime de autoriza\u00e7\u00e3o.<\/p>\n\n\n\n<p>As contribui\u00e7\u00f5es poder\u00e3o ser enviadas at\u00e9 23 de janeiro de 2021. As sess\u00f5es p\u00fablicas ocorrer\u00e3o por meio de videoconfer\u00eancia nos dias 12, 13 e 14 de janeiro de 2021, sempre das 14h \u00e0s 18h.<\/p>\n\n\n\n<p>Houve uma mudan\u00e7a na forma como o governo permite que empresas operem linhas de transporte de passageiros por \u00f4nibus no ano passado. As empresas agora necessitam apenas de uma autoriza\u00e7\u00e3o para operar linhas e n\u00e3o mais de uma concess\u00e3o, como antes.<\/p>\n\n\n\n<p>A concess\u00e3o precisa de um estudo de mercado detalhado, tornando o processo mais caro e complexo, al\u00e9m de restringir a entrada de mais participantes no mercado, defende a ag\u00eancia.<\/p>\n\n\n\n<p>A mudan\u00e7a tem sido combatida por empresas mais consolidadas do setor. O Senado est\u00e1 avaliando proposta de proibir o regime de autoriza\u00e7\u00e3o no transporte rodovi\u00e1rio interestadual.<\/p>\n","protected":false},"excerpt":{"rendered":"<p>da Ag\u00eancia iNFRA Delibera\u00e7\u00e3o 462 da ANTT (Ag\u00eancia Nacional de Transportes Terrestres) aprovou a nova proposta para a relicita\u00e7\u00e3o da concess\u00e3o da BR-040\/DF-GO-MG, que est\u00e1 sob o controle da Via 040, do grupo Invepar. O ato foi publicado no Di\u00e1rio Oficial da Uni\u00e3o nesta quinta-feira (12). Na decis\u00e3o, a ag\u00eancia informa que indeferiu\u00a0pleito da concession\u00e1ria [&hellip;]<\/p>\n","protected":false},"author":9,"featured_media":6337,"comment_status":"closed","ping_status":"closed","sticky":false,"template":"","format":"standard","meta":{"_monsterinsights_skip_tracking":false,"_monsterinsights_sitenote_active":false,"_monsterinsights_sitenote_note":"","_monsterinsights_sitenote_category":0,"footnotes":""},"categories":[1,2052],"tags":[19,514,22,3037,838,1020,1985,2943,1027,126,18,1070,1019],"class_list":["post-6336","post","type-post","status-publish","format-standard","has-post-thumbnail","hentry","category-geral","category-infra-transicao","tag-antt","tag-br-040","tag-concessao","tag-distrito-federal","tag-infraestrutura-rodoviaria","tag-invepar","tag-minas-gerais","tag-regime-de-autorizacao","tag-relicitacao","tag-rodovias","tag-tcu","tag-transporte-rodoviario-interestadual-de-passageiros","tag-via-040"],"yoast_head":"<!-- This site is optimized with the Yoast SEO Premium plugin v25.4 (Yoast SEO v26.0) - https:\/\/yoast.com\/wordpress\/plugins\/seo\/ -->\n<title>ANTT aprova aditivo para relicitar a BR-040 entre Minas Gerais e Distrito Federal - Ag\u00eancia iNFRA<\/title>\n<meta name=\"robots\" content=\"index, follow, max-snippet:-1, max-image-preview:large, max-video-preview:-1\" \/>\n<link rel=\"canonical\" href=\"https:\/\/agenciainfra.com\/blog\/antt-aprova-aditivo-para-relicitar-a-br-040-entre-minas-gerais-e-distrito-federal\/\" \/>\n<meta property=\"og:locale\" content=\"pt_BR\" \/>\n<meta property=\"og:type\" content=\"article\" \/>\n<meta property=\"og:title\" content=\"ANTT aprova aditivo para relicitar a BR-040 entre Minas Gerais e Distrito Federal\" \/>\n<meta property=\"og:description\" content=\"da Ag\u00eancia iNFRA Delibera\u00e7\u00e3o 462 da ANTT (Ag\u00eancia Nacional de Transportes Terrestres) aprovou a nova proposta para a relicita\u00e7\u00e3o da concess\u00e3o da BR-040\/DF-GO-MG, que est\u00e1 sob o controle da Via 040, do grupo Invepar. O ato foi publicado no Di\u00e1rio Oficial da Uni\u00e3o nesta quinta-feira (12). Na decis\u00e3o, a ag\u00eancia informa que indeferiu\u00a0pleito da concession\u00e1ria [&hellip;]\" \/>\n<meta property=\"og:url\" content=\"https:\/\/agenciainfra.com\/blog\/antt-aprova-aditivo-para-relicitar-a-br-040-entre-minas-gerais-e-distrito-federal\/\" \/>\n<meta property=\"og:site_name\" content=\"Ag\u00eancia iNFRA\" \/>\n<meta property=\"article:publisher\" content=\"https:\/\/www.facebook.com\/ageninfra\" \/>\n<meta property=\"article:published_time\" content=\"2020-11-12T10:46:11+00:00\" \/>\n<meta property=\"article:modified_time\" content=\"2020-11-12T10:46:14+00:00\" \/>\n<meta property=\"og:image\" content=\"https:\/\/agenciainfra.com\/blog\/wp-content\/uploads\/2020\/11\/br040-foto-antt.jpg\" \/>\n\t<meta property=\"og:image:width\" content=\"1280\" \/>\n\t<meta property=\"og:image:height\" content=\"855\" \/>\n\t<meta property=\"og:image:type\" content=\"image\/jpeg\" \/>\n<meta name=\"author\" content=\"Rodrigo Zuquim\" \/>\n<meta name=\"twitter:card\" content=\"summary_large_image\" \/>\n<meta name=\"twitter:creator\" content=\"@agencia_infra\" \/>\n<meta name=\"twitter:site\" content=\"@agencia_infra\" \/>\n<meta name=\"twitter:label1\" content=\"Escrito por\" \/>\n\t<meta name=\"twitter:data1\" content=\"Rodrigo Zuquim\" \/>\n\t<meta name=\"twitter:label2\" content=\"Est. tempo de leitura\" \/>\n\t<meta name=\"twitter:data2\" content=\"3 minutos\" \/>\n<script type=\"application\/ld+json\" class=\"yoast-schema-graph\">{\"@context\":\"https:\/\/schema.org\",\"@graph\":[{\"@type\":\"Article\",\"@id\":\"https:\/\/agenciainfra.com\/blog\/antt-aprova-aditivo-para-relicitar-a-br-040-entre-minas-gerais-e-distrito-federal\/#article\",\"isPartOf\":{\"@id\":\"https:\/\/agenciainfra.com\/blog\/antt-aprova-aditivo-para-relicitar-a-br-040-entre-minas-gerais-e-distrito-federal\/\"},\"author\":{\"name\":\"Rodrigo Zuquim\",\"@id\":\"https:\/\/agenciainfra.com\/blog\/#\/schema\/person\/04dbb79bd6d8951f063da71f3e4c1eb1\"},\"headline\":\"ANTT aprova aditivo para relicitar a BR-040 entre Minas Gerais e Distrito Federal\",\"datePublished\":\"2020-11-12T10:46:11+00:00\",\"dateModified\":\"2020-11-12T10:46:14+00:00\",\"mainEntityOfPage\":{\"@id\":\"https:\/\/agenciainfra.com\/blog\/antt-aprova-aditivo-para-relicitar-a-br-040-entre-minas-gerais-e-distrito-federal\/\"},\"wordCount\":518,\"publisher\":{\"@id\":\"https:\/\/agenciainfra.com\/blog\/#organization\"},\"image\":{\"@id\":\"https:\/\/agenciainfra.com\/blog\/antt-aprova-aditivo-para-relicitar-a-br-040-entre-minas-gerais-e-distrito-federal\/#primaryimage\"},\"thumbnailUrl\":\"https:\/\/agenciainfra.com\/blog\/wp-content\/uploads\/2020\/11\/br040-foto-antt.jpg\",\"keywords\":[\"ANTT\",\"BR-040\",\"Concess\u00e3o\",\"Distrito Federal\",\"infraestrutura rodovi\u00e1ria\",\"Invepar\",\"Minas Gerais\",\"regime de autoriza\u00e7\u00e3o\",\"relicita\u00e7\u00e3o\",\"rodovias\",\"TCU\",\"transporte rodovi\u00e1rio interestadual de passageiros\",\"Via 040\"],\"articleSection\":[\"Geral\",\"iNFRA Na Transi\u00e7\u00e3o\"],\"inLanguage\":\"pt-BR\",\"copyrightYear\":\"2020\",\"copyrightHolder\":{\"@id\":\"https:\/\/agenciainfra.com\/blog\/#organization\"}},{\"@type\":\"WebPage\",\"@id\":\"https:\/\/agenciainfra.com\/blog\/antt-aprova-aditivo-para-relicitar-a-br-040-entre-minas-gerais-e-distrito-federal\/\",\"url\":\"https:\/\/agenciainfra.com\/blog\/antt-aprova-aditivo-para-relicitar-a-br-040-entre-minas-gerais-e-distrito-federal\/\",\"name\":\"ANTT aprova aditivo para relicitar a BR-040 entre Minas Gerais e Distrito Federal - Ag\u00eancia iNFRA\",\"isPartOf\":{\"@id\":\"https:\/\/agenciainfra.com\/blog\/#website\"},\"primaryImageOfPage\":{\"@id\":\"https:\/\/agenciainfra.com\/blog\/antt-aprova-aditivo-para-relicitar-a-br-040-entre-minas-gerais-e-distrito-federal\/#primaryimage\"},\"image\":{\"@id\":\"https:\/\/agenciainfra.com\/blog\/antt-aprova-aditivo-para-relicitar-a-br-040-entre-minas-gerais-e-distrito-federal\/#primaryimage\"},\"thumbnailUrl\":\"https:\/\/agenciainfra.com\/blog\/wp-content\/uploads\/2020\/11\/br040-foto-antt.jpg\",\"datePublished\":\"2020-11-12T10:46:11+00:00\",\"dateModified\":\"2020-11-12T10:46:14+00:00\",\"breadcrumb\":{\"@id\":\"https:\/\/agenciainfra.com\/blog\/antt-aprova-aditivo-para-relicitar-a-br-040-entre-minas-gerais-e-distrito-federal\/#breadcrumb\"},\"inLanguage\":\"pt-BR\",\"potentialAction\":[{\"@type\":\"ReadAction\",\"target\":[\"https:\/\/agenciainfra.com\/blog\/antt-aprova-aditivo-para-relicitar-a-br-040-entre-minas-gerais-e-distrito-federal\/\"]}]},{\"@type\":\"ImageObject\",\"inLanguage\":\"pt-BR\",\"@id\":\"https:\/\/agenciainfra.com\/blog\/antt-aprova-aditivo-para-relicitar-a-br-040-entre-minas-gerais-e-distrito-federal\/#primaryimage\",\"url\":\"https:\/\/agenciainfra.com\/blog\/wp-content\/uploads\/2020\/11\/br040-foto-antt.jpg\",\"contentUrl\":\"https:\/\/agenciainfra.com\/blog\/wp-content\/uploads\/2020\/11\/br040-foto-antt.jpg\",\"width\":1280,\"height\":855},{\"@type\":\"BreadcrumbList\",\"@id\":\"https:\/\/agenciainfra.com\/blog\/antt-aprova-aditivo-para-relicitar-a-br-040-entre-minas-gerais-e-distrito-federal\/#breadcrumb\",\"itemListElement\":[{\"@type\":\"ListItem\",\"position\":1,\"name\":\"In\u00edcio\",\"item\":\"https:\/\/agenciainfra.com\/blog\/\"},{\"@type\":\"ListItem\",\"position\":2,\"name\":\"ANTT aprova aditivo para relicitar a BR-040 entre Minas Gerais e Distrito Federal\"}]},{\"@type\":\"WebSite\",\"@id\":\"https:\/\/agenciainfra.com\/blog\/#website\",\"url\":\"https:\/\/agenciainfra.com\/blog\/\",\"name\":\"Ag\u00eancia iNFRA\",\"description\":\"Multiplataforma de informa\u00e7\u00e3o jornal\u00edstica refer\u00eancia na \u00e1rea de infraestrutura no Brasil!\",\"publisher\":{\"@id\":\"https:\/\/agenciainfra.com\/blog\/#organization\"},\"potentialAction\":[{\"@type\":\"SearchAction\",\"target\":{\"@type\":\"EntryPoint\",\"urlTemplate\":\"https:\/\/agenciainfra.com\/blog\/?s={search_term_string}\"},\"query-input\":{\"@type\":\"PropertyValueSpecification\",\"valueRequired\":true,\"valueName\":\"search_term_string\"}}],\"inLanguage\":\"pt-BR\"},{\"@type\":\"Organization\",\"@id\":\"https:\/\/agenciainfra.com\/blog\/#organization\",\"name\":\"Ag\u00eancia iNFRA\",\"url\":\"https:\/\/agenciainfra.com\/blog\/\",\"logo\":{\"@type\":\"ImageObject\",\"inLanguage\":\"pt-BR\",\"@id\":\"https:\/\/agenciainfra.com\/blog\/#\/schema\/logo\/image\/\",\"url\":\"https:\/\/agenciainfra.com\/blog\/wp-content\/uploads\/2023\/09\/iNFRA_5-e1761735885940.png\",\"contentUrl\":\"https:\/\/agenciainfra.com\/blog\/wp-content\/uploads\/2023\/09\/iNFRA_5-e1761735885940.png\",\"width\":1672,\"height\":454,\"caption\":\"Ag\u00eancia iNFRA\"},\"image\":{\"@id\":\"https:\/\/agenciainfra.com\/blog\/#\/schema\/logo\/image\/\"},\"sameAs\":[\"https:\/\/www.facebook.com\/ageninfra\",\"https:\/\/x.com\/agencia_infra\",\"https:\/\/www.linkedin.com\/company\/ag\u00eanciainfra\/\",\"https:\/\/www.instagram.com\/agenciainfra\/\"]},{\"@type\":\"Person\",\"@id\":\"https:\/\/agenciainfra.com\/blog\/#\/schema\/person\/04dbb79bd6d8951f063da71f3e4c1eb1\",\"name\":\"Rodrigo Zuquim\",\"image\":{\"@type\":\"ImageObject\",\"inLanguage\":\"pt-BR\",\"@id\":\"https:\/\/agenciainfra.com\/blog\/#\/schema\/person\/image\/\",\"url\":\"https:\/\/secure.gravatar.com\/avatar\/594abfe82761d620726242ff34ca472a705a4b97f16c790053a6b4c4035274d0?s=96&d=mm&r=g\",\"contentUrl\":\"https:\/\/secure.gravatar.com\/avatar\/594abfe82761d620726242ff34ca472a705a4b97f16c790053a6b4c4035274d0?s=96&d=mm&r=g\",\"caption\":\"Rodrigo Zuquim\"},\"url\":\"https:\/\/agenciainfra.com\/blog\/author\/rodrigo-zuquim\/\"}]}<\/script>\n<!-- \/ Yoast SEO Premium plugin. -->","yoast_head_json":{"title":"ANTT aprova aditivo para relicitar a BR-040 entre Minas Gerais e Distrito Federal - Ag\u00eancia iNFRA","robots":{"index":"index","follow":"follow","max-snippet":"max-snippet:-1","max-image-preview":"max-image-preview:large","max-video-preview":"max-video-preview:-1"},"canonical":"https:\/\/agenciainfra.com\/blog\/antt-aprova-aditivo-para-relicitar-a-br-040-entre-minas-gerais-e-distrito-federal\/","og_locale":"pt_BR","og_type":"article","og_title":"ANTT aprova aditivo para relicitar a BR-040 entre Minas Gerais e Distrito Federal","og_description":"da Ag\u00eancia iNFRA Delibera\u00e7\u00e3o 462 da ANTT (Ag\u00eancia Nacional de Transportes Terrestres) aprovou a nova proposta para a relicita\u00e7\u00e3o da concess\u00e3o da BR-040\/DF-GO-MG, que est\u00e1 sob o controle da Via 040, do grupo Invepar. O ato foi publicado no Di\u00e1rio Oficial da Uni\u00e3o nesta quinta-feira (12). Na decis\u00e3o, a ag\u00eancia informa que indeferiu\u00a0pleito da concession\u00e1ria [&hellip;]","og_url":"https:\/\/agenciainfra.com\/blog\/antt-aprova-aditivo-para-relicitar-a-br-040-entre-minas-gerais-e-distrito-federal\/","og_site_name":"Ag\u00eancia iNFRA","article_publisher":"https:\/\/www.facebook.com\/ageninfra","article_published_time":"2020-11-12T10:46:11+00:00","article_modified_time":"2020-11-12T10:46:14+00:00","og_image":[{"width":1280,"height":855,"url":"https:\/\/agenciainfra.com\/blog\/wp-content\/uploads\/2020\/11\/br040-foto-antt.jpg","type":"image\/jpeg"}],"author":"Rodrigo Zuquim","twitter_card":"summary_large_image","twitter_creator":"@agencia_infra","twitter_site":"@agencia_infra","twitter_misc":{"Escrito por":"Rodrigo Zuquim","Est. tempo de leitura":"3 minutos"},"schema":{"@context":"https:\/\/schema.org","@graph":[{"@type":"Article","@id":"https:\/\/agenciainfra.com\/blog\/antt-aprova-aditivo-para-relicitar-a-br-040-entre-minas-gerais-e-distrito-federal\/#article","isPartOf":{"@id":"https:\/\/agenciainfra.com\/blog\/antt-aprova-aditivo-para-relicitar-a-br-040-entre-minas-gerais-e-distrito-federal\/"},"author":{"name":"Rodrigo Zuquim","@id":"https:\/\/agenciainfra.com\/blog\/#\/schema\/person\/04dbb79bd6d8951f063da71f3e4c1eb1"},"headline":"ANTT aprova aditivo para relicitar a BR-040 entre Minas Gerais e Distrito Federal","datePublished":"2020-11-12T10:46:11+00:00","dateModified":"2020-11-12T10:46:14+00:00","mainEntityOfPage":{"@id":"https:\/\/agenciainfra.com\/blog\/antt-aprova-aditivo-para-relicitar-a-br-040-entre-minas-gerais-e-distrito-federal\/"},"wordCount":518,"publisher":{"@id":"https:\/\/agenciainfra.com\/blog\/#organization"},"image":{"@id":"https:\/\/agenciainfra.com\/blog\/antt-aprova-aditivo-para-relicitar-a-br-040-entre-minas-gerais-e-distrito-federal\/#primaryimage"},"thumbnailUrl":"https:\/\/agenciainfra.com\/blog\/wp-content\/uploads\/2020\/11\/br040-foto-antt.jpg","keywords":["ANTT","BR-040","Concess\u00e3o","Distrito Federal","infraestrutura rodovi\u00e1ria","Invepar","Minas Gerais","regime de autoriza\u00e7\u00e3o","relicita\u00e7\u00e3o","rodovias","TCU","transporte rodovi\u00e1rio interestadual de passageiros","Via 040"],"articleSection":["Geral","iNFRA Na Transi\u00e7\u00e3o"],"inLanguage":"pt-BR","copyrightYear":"2020","copyrightHolder":{"@id":"https:\/\/agenciainfra.com\/blog\/#organization"}},{"@type":"WebPage","@id":"https:\/\/agenciainfra.com\/blog\/antt-aprova-aditivo-para-relicitar-a-br-040-entre-minas-gerais-e-distrito-federal\/","url":"https:\/\/agenciainfra.com\/blog\/antt-aprova-aditivo-para-relicitar-a-br-040-entre-minas-gerais-e-distrito-federal\/","name":"ANTT aprova aditivo para relicitar a BR-040 entre Minas Gerais e Distrito Federal - Ag\u00eancia iNFRA","isPartOf":{"@id":"https:\/\/agenciainfra.com\/blog\/#website"},"primaryImageOfPage":{"@id":"https:\/\/agenciainfra.com\/blog\/antt-aprova-aditivo-para-relicitar-a-br-040-entre-minas-gerais-e-distrito-federal\/#primaryimage"},"image":{"@id":"https:\/\/agenciainfra.com\/blog\/antt-aprova-aditivo-para-relicitar-a-br-040-entre-minas-gerais-e-distrito-federal\/#primaryimage"},"thumbnailUrl":"https:\/\/agenciainfra.com\/blog\/wp-content\/uploads\/2020\/11\/br040-foto-antt.jpg","datePublished":"2020-11-12T10:46:11+00:00","dateModified":"2020-11-12T10:46:14+00:00","breadcrumb":{"@id":"https:\/\/agenciainfra.com\/blog\/antt-aprova-aditivo-para-relicitar-a-br-040-entre-minas-gerais-e-distrito-federal\/#breadcrumb"},"inLanguage":"pt-BR","potentialAction":[{"@type":"ReadAction","target":["https:\/\/agenciainfra.com\/blog\/antt-aprova-aditivo-para-relicitar-a-br-040-entre-minas-gerais-e-distrito-federal\/"]}]},{"@type":"ImageObject","inLanguage":"pt-BR","@id":"https:\/\/agenciainfra.com\/blog\/antt-aprova-aditivo-para-relicitar-a-br-040-entre-minas-gerais-e-distrito-federal\/#primaryimage","url":"https:\/\/agenciainfra.com\/blog\/wp-content\/uploads\/2020\/11\/br040-foto-antt.jpg","contentUrl":"https:\/\/agenciainfra.com\/blog\/wp-content\/uploads\/2020\/11\/br040-foto-antt.jpg","width":1280,"height":855},{"@type":"BreadcrumbList","@id":"https:\/\/agenciainfra.com\/blog\/antt-aprova-aditivo-para-relicitar-a-br-040-entre-minas-gerais-e-distrito-federal\/#breadcrumb","itemListElement":[{"@type":"ListItem","position":1,"name":"In\u00edcio","item":"https:\/\/agenciainfra.com\/blog\/"},{"@type":"ListItem","position":2,"name":"ANTT aprova aditivo para relicitar a BR-040 entre Minas Gerais e Distrito Federal"}]},{"@type":"WebSite","@id":"https:\/\/agenciainfra.com\/blog\/#website","url":"https:\/\/agenciainfra.com\/blog\/","name":"Ag\u00eancia iNFRA","description":"Multiplataforma de informa\u00e7\u00e3o jornal\u00edstica refer\u00eancia na \u00e1rea de infraestrutura no Brasil!","publisher":{"@id":"https:\/\/agenciainfra.com\/blog\/#organization"},"potentialAction":[{"@type":"SearchAction","target":{"@type":"EntryPoint","urlTemplate":"https:\/\/agenciainfra.com\/blog\/?s={search_term_string}"},"query-input":{"@type":"PropertyValueSpecification","valueRequired":true,"valueName":"search_term_string"}}],"inLanguage":"pt-BR"},{"@type":"Organization","@id":"https:\/\/agenciainfra.com\/blog\/#organization","name":"Ag\u00eancia iNFRA","url":"https:\/\/agenciainfra.com\/blog\/","logo":{"@type":"ImageObject","inLanguage":"pt-BR","@id":"https:\/\/agenciainfra.com\/blog\/#\/schema\/logo\/image\/","url":"https:\/\/agenciainfra.com\/blog\/wp-content\/uploads\/2023\/09\/iNFRA_5-e1761735885940.png","contentUrl":"https:\/\/agenciainfra.com\/blog\/wp-content\/uploads\/2023\/09\/iNFRA_5-e1761735885940.png","width":1672,"height":454,"caption":"Ag\u00eancia iNFRA"},"image":{"@id":"https:\/\/agenciainfra.com\/blog\/#\/schema\/logo\/image\/"},"sameAs":["https:\/\/www.facebook.com\/ageninfra","https:\/\/x.com\/agencia_infra","https:\/\/www.linkedin.com\/company\/ag\u00eanciainfra\/","https:\/\/www.instagram.com\/agenciainfra\/"]},{"@type":"Person","@id":"https:\/\/agenciainfra.com\/blog\/#\/schema\/person\/04dbb79bd6d8951f063da71f3e4c1eb1","name":"Rodrigo Zuquim","image":{"@type":"ImageObject","inLanguage":"pt-BR","@id":"https:\/\/agenciainfra.com\/blog\/#\/schema\/person\/image\/","url":"https:\/\/secure.gravatar.com\/avatar\/594abfe82761d620726242ff34ca472a705a4b97f16c790053a6b4c4035274d0?s=96&d=mm&r=g","contentUrl":"https:\/\/secure.gravatar.com\/avatar\/594abfe82761d620726242ff34ca472a705a4b97f16c790053a6b4c4035274d0?s=96&d=mm&r=g","caption":"Rodrigo Zuquim"},"url":"https:\/\/agenciainfra.com\/blog\/author\/rodrigo-zuquim\/"}]}},"_links":{"self":[{"href":"https:\/\/agenciainfra.com\/blog\/wp-json\/wp\/v2\/posts\/6336","targetHints":{"allow":["GET"]}}],"collection":[{"href":"https:\/\/agenciainfra.com\/blog\/wp-json\/wp\/v2\/posts"}],"about":[{"href":"https:\/\/agenciainfra.com\/blog\/wp-json\/wp\/v2\/types\/post"}],"author":[{"embeddable":true,"href":"https:\/\/agenciainfra.com\/blog\/wp-json\/wp\/v2\/users\/9"}],"replies":[{"embeddable":true,"href":"https:\/\/agenciainfra.com\/blog\/wp-json\/wp\/v2\/comments?post=6336"}],"version-history":[{"count":0,"href":"https:\/\/agenciainfra.com\/blog\/wp-json\/wp\/v2\/posts\/6336\/revisions"}],"wp:featuredmedia":[{"embeddable":true,"href":"https:\/\/agenciainfra.com\/blog\/wp-json\/wp\/v2\/media\/6337"}],"wp:attachment":[{"href":"https:\/\/agenciainfra.com\/blog\/wp-json\/wp\/v2\/media?parent=6336"}],"wp:term":[{"taxonomy":"category","embeddable":true,"href":"https:\/\/agenciainfra.com\/blog\/wp-json\/wp\/v2\/categories?post=6336"},{"taxonomy":"post_tag","embeddable":true,"href":"https:\/\/agenciainfra.com\/blog\/wp-json\/wp\/v2\/tags?post=6336"}],"curies":[{"name":"wp","href":"https:\/\/api.w.org\/{rel}","templated":true}]}}