{"id":6344,"date":"2020-11-14T08:00:06","date_gmt":"2020-11-14T11:00:06","guid":{"rendered":"https:\/\/www.agenciainfra.com\/blog\/?p=6344"},"modified":"2020-11-12T11:57:06","modified_gmt":"2020-11-12T14:57:06","slug":"para-licitar-fiol-governo-tera-que-garantir-porto-em-ilheus-ao-vencedor","status":"publish","type":"post","link":"https:\/\/agenciainfra.com\/blog\/para-licitar-fiol-governo-tera-que-garantir-porto-em-ilheus-ao-vencedor\/","title":{"rendered":"Para licitar Fiol, governo ter\u00e1 que garantir porto em Ilh\u00e9us ao vencedor"},"content":{"rendered":"\n<hr class=\"wp-block-separator\"\/>\n\n\n\n<p class=\"has-text-align-right\"><strong>Dimmi Amora, da&nbsp;Ag\u00eancia iNFRA<\/strong><\/p>\n\n\n\n<p>O governo ser\u00e1 obrigado a garantir um terminal portu\u00e1rio em Ilh\u00e9us (BA) para o vencedor da disputa pela subconcess\u00e3o da Fiol (Ferrovia de Integra\u00e7\u00e3o Oeste-Leste). Foi o que decidiu o plen\u00e1rio do TCU (Tribunal de Contas da Uni\u00e3o) na tarde da \u00faltima quarta-feira (11) ao aprovar os estudos de viabilidade para a concess\u00e3o, com determina\u00e7\u00f5es de mudan\u00e7as.<br><br>O relator do processo, ministro Aroldo Cedraz, afirmou que a garantia de que o vencedor ter\u00e1 uma \u00e1rea, previamente georeferenciada, para instalar um terminal portu\u00e1rio na cidade onde come\u00e7a a ferrovia \u00e9 forma de garantir competitividade e evitar direcionamento do certame.<br><br>O chamado trecho I da Fiol, que vai de Ilh\u00e9us a Caetit\u00e9 tem 535 km e est\u00e1 com 75% das obras conclu\u00eddas. A principal carga prevista para ser transportada s\u00e3o min\u00e9rios da regi\u00e3o de Caetit\u00e9 onde a companhia Bamin tem uma mina. A Bamin tamb\u00e9m tem autoriza\u00e7\u00e3o para um TUP na regi\u00e3o de Ilh\u00e9us. E o governo da Bahia tamb\u00e9m planeja um terminal portu\u00e1rio na regi\u00e3o.<br><br>Ao longo do quase um ano que o processo ficou no TCU, o governo apontou quatro solu\u00e7\u00f5es diferentes para o problema, como usar o terminal da Bamin ou o do governo da Bahia. Os auditores que analisaram o processo entenderam que somente com a delimita\u00e7\u00e3o de um porto pr\u00f3prio haveria seguran\u00e7a para que qualquer empresa disputasse a concess\u00e3o.<br><br>Por isso, o relator entendeu que al\u00e9m de colocar no contrato a possibilidade de compartilhamento do terminal da Bamin, a ANTT (Ag\u00eancia Nacional de Transportes Terrestres) tamb\u00e9m deve criar um mecanismo para que a vencedora tenha seu pr\u00f3prio terminal na regi\u00e3o, em nome da &#8220;isonomia do processo&#8221;.<br><br>Al\u00e9m dessa determina\u00e7\u00e3o, a ag\u00eancia tamb\u00e9m s\u00f3 poder\u00e1 publicar o edital ap\u00f3s diversos ajustes em valores de seus c\u00e1lculos que foram considerados inconsistentes pelos auditores. Cedraz afirmou que a concess\u00e3o era peculiar porque nem o porto nem a ferrovia est\u00e3o constru\u00eddos.\u00a0<br><br>&#8220;Tivemos que estudar todas as premissas relativas \u00e0 sa\u00edda portu\u00e1ria porque n\u00e3o entendemos haver porto sem ferrovia nem ferrovia sem porto&#8221;, disse o ministro.<br><br><strong>Mudan\u00e7as n\u00e3o aceitas<\/strong><br>Conforme\u00a0<a rel=\"noreferrer noopener\" href=\"https:\/\/agenciainfra.us14.list-manage.com\/track\/click?u=d460dd1bcf9ba0ae040e1fc0f&amp;id=5e8dd00716&amp;e=c099169394\" target=\"_blank\">mostrou reportagem<\/a>\u00a0da\u00a0<strong>Ag\u00eancia iNFRA<\/strong>\u00a0de outubro, os auditores tamb\u00e9m havia pedido outras mudan\u00e7as na proposta apresentada pelo governo para a subconcess\u00e3o da ferrovia. Mas elas n\u00e3o foram aceitas pelo relator.<br><br>Entre elas est\u00e1 a de limitar a participa\u00e7\u00e3o de atuais concession\u00e1rios de ferrovias na disputa, citando especificamente a Vale e a Rumo. A alega\u00e7\u00e3o dos auditores \u00e9 que o mercado brasileiro de ferrovias est\u00e1 concentrado nas duas empresas, que controlam as sa\u00edda portu\u00e1rias das ferrovias ao norte e ao sul, e a Fiol seria uma alternativa para a desconcentra\u00e7\u00e3o.\u00a0<br><br>Os ministros entenderam que o tema deve ser tratado pelo Cade (Conselho Administrativo de Defesa Econ\u00f4mica) e encaminhou o processo ao \u00f3rg\u00e3o de defesa da concorr\u00eancia.<br><br>Outra altera\u00e7\u00e3o indicada pelos auditores era na forma de cobran\u00e7a do pagamento de outorga pelo vencedor da disputa. Ap\u00f3s o envio da proposta ao tribunal, a ANTT alterou a proposta e decidiu que 90% do valor seria pago ao longo da concess\u00e3o, baseado na receita da concession\u00e1ria.<br><br>Os t\u00e9cnicos indicaram que a opera\u00e7\u00e3o trazia risco e que ela deveria ser vetada. Mas os ministros entenderam que a escolha da forma de pagar outorga est\u00e1 dentro do espa\u00e7o discricion\u00e1rio dos gestores e permitiram o formato, desde que sejam feitas corre\u00e7\u00f5es indicadas pelos auditores do tribunal no modelo.<br><br><strong>Outros trechos<\/strong><br>Outra indica\u00e7\u00e3o da secret\u00e1ria setorial n\u00e3o acatada foi a de obrigar o vencedor da disputa a operar outros trechos que ficassem prontos ou at\u00e9 mesmo esperar que eles ficassem prontos para licitar todos juntos. O ministro Bruno Dantas afirmou que isso poderia levar &#8220;15 anos&#8221; e que n\u00e3o seria justific\u00e1vel.<br><br>Dantas relembrou durante sua participa\u00e7\u00e3o que os ministros t\u00eam decidido, no setor ferrovi\u00e1rio, sempre diferente das indica\u00e7\u00f5es da secretaria especializada. Foi o que ocorreu na concess\u00e3o da Ferrovia Norte-Sul e nas renova\u00e7\u00f5es antecipadas da Malha Paulista, da Estrada de Ferro Caraj\u00e1s e da Estrada de Ferro Vit\u00f3ria a Minas.<br><br>Segundo ele, o minist\u00e9rio e a ag\u00eancia t\u00eam promovido estudos e fundamentado as escolhas, o que cabe ao poder concedente, lembrando que o tribunal n\u00e3o pode &#8220;invadir a compet\u00eancia ou substituir o gestor&#8221; nas escolhas.<br><br>&#8220;N\u00e3o obstante tenha visto os pareceres de muita qualidade, a forma como o relator enfrentou as quest\u00f5es \u00e9 uma maneira satisfat\u00f3ria. Respeita a discricionariedade do gestor, mas tamb\u00e9m se resguarda e mant\u00e9m a prerrogativa do tribunal de atuar caso haja alguma fiscaliza\u00e7\u00e3o ou irregularidade. N\u00e3o podemos presumir irregularidades&#8221;, disse Dantas.<br><br>A decis\u00e3o do tribunal est\u00e1 dispon\u00edvel\u00a0<a rel=\"noreferrer noopener\" href=\"https:\/\/agenciainfra.us14.list-manage.com\/track\/click?u=d460dd1bcf9ba0ae040e1fc0f&amp;id=88d104a44c&amp;e=c099169394\" target=\"_blank\">neste link<\/a>. A sess\u00e3o pode ser assistida\u00a0<a rel=\"noreferrer noopener\" href=\"https:\/\/agenciainfra.us14.list-manage.com\/track\/click?u=d460dd1bcf9ba0ae040e1fc0f&amp;id=2d09e85a96&amp;e=c099169394\" target=\"_blank\">neste link<\/a>.<\/p>\n","protected":false},"excerpt":{"rendered":"<p>Dimmi Amora, da&nbsp;Ag\u00eancia iNFRA O governo ser\u00e1 obrigado a garantir um terminal portu\u00e1rio em Ilh\u00e9us (BA) para o vencedor da disputa pela subconcess\u00e3o da Fiol (Ferrovia de Integra\u00e7\u00e3o Oeste-Leste). Foi o que decidiu o plen\u00e1rio do TCU (Tribunal de Contas da Uni\u00e3o) na tarde da \u00faltima quarta-feira (11) ao aprovar os estudos de viabilidade para [&hellip;]<\/p>\n","protected":false},"author":9,"featured_media":6345,"comment_status":"closed","ping_status":"closed","sticky":false,"template":"","format":"standard","meta":{"_monsterinsights_skip_tracking":false,"_monsterinsights_sitenote_active":false,"_monsterinsights_sitenote_note":"","_monsterinsights_sitenote_category":0,"footnotes":""},"categories":[1,7],"tags":[19,1205,2904,396,371,470,1419,79,157,31,156,3040,608,85,91,80,18,90,927,105,83],"class_list":["post-6344","post","type-post","status-publish","format-standard","has-post-thumbnail","hentry","category-geral","category-infratransporte","tag-antt","tag-aroldo-cedraz","tag-bamin","tag-bruno-dantas","tag-cade","tag-estrada-de-ferro-carajas","tag-estrada-de-ferro-vitoria-a-minas","tag-ferrovia","tag-ferrovia-de-integracao-oeste-leste","tag-ferrovia-norte-sul","tag-fiol","tag-governo-da-bahia","tag-ilheus","tag-malha-paulista","tag-porto","tag-rumo","tag-tcu","tag-terminal-portuario","tag-tribunal-de-contas-da-uniao","tag-tup","tag-vale"],"yoast_head":"<!-- This site is optimized with the Yoast SEO Premium plugin v25.4 (Yoast SEO v26.0) - https:\/\/yoast.com\/wordpress\/plugins\/seo\/ -->\n<title>Para licitar Fiol, governo ter\u00e1 que garantir porto em Ilh\u00e9us ao vencedor - Ag\u00eancia iNFRA<\/title>\n<meta name=\"robots\" content=\"index, follow, max-snippet:-1, max-image-preview:large, max-video-preview:-1\" \/>\n<link rel=\"canonical\" href=\"https:\/\/agenciainfra.com\/blog\/para-licitar-fiol-governo-tera-que-garantir-porto-em-ilheus-ao-vencedor\/\" \/>\n<meta property=\"og:locale\" content=\"pt_BR\" \/>\n<meta property=\"og:type\" content=\"article\" \/>\n<meta property=\"og:title\" content=\"Para licitar Fiol, governo ter\u00e1 que garantir porto em Ilh\u00e9us ao vencedor\" \/>\n<meta property=\"og:description\" content=\"Dimmi Amora, da&nbsp;Ag\u00eancia iNFRA O governo ser\u00e1 obrigado a garantir um terminal portu\u00e1rio em Ilh\u00e9us (BA) para o vencedor da disputa pela subconcess\u00e3o da Fiol (Ferrovia de Integra\u00e7\u00e3o Oeste-Leste). Foi o que decidiu o plen\u00e1rio do TCU (Tribunal de Contas da Uni\u00e3o) na tarde da \u00faltima quarta-feira (11) ao aprovar os estudos de viabilidade para [&hellip;]\" \/>\n<meta property=\"og:url\" content=\"https:\/\/agenciainfra.com\/blog\/para-licitar-fiol-governo-tera-que-garantir-porto-em-ilheus-ao-vencedor\/\" \/>\n<meta property=\"og:site_name\" content=\"Ag\u00eancia iNFRA\" \/>\n<meta property=\"article:publisher\" content=\"https:\/\/www.facebook.com\/ageninfra\" \/>\n<meta property=\"article:published_time\" content=\"2020-11-14T11:00:06+00:00\" \/>\n<meta property=\"og:image\" content=\"https:\/\/agenciainfra.com\/blog\/wp-content\/uploads\/2020\/11\/aroldo-cedraz-tcu-foto-lula-marques-agencia-pt.jpg\" \/>\n\t<meta property=\"og:image:width\" content=\"1280\" \/>\n\t<meta property=\"og:image:height\" content=\"719\" \/>\n\t<meta property=\"og:image:type\" content=\"image\/jpeg\" \/>\n<meta name=\"author\" content=\"Rodrigo Zuquim\" \/>\n<meta name=\"twitter:card\" content=\"summary_large_image\" \/>\n<meta name=\"twitter:creator\" content=\"@agencia_infra\" \/>\n<meta name=\"twitter:site\" content=\"@agencia_infra\" \/>\n<meta name=\"twitter:label1\" content=\"Escrito por\" \/>\n\t<meta name=\"twitter:data1\" content=\"Rodrigo Zuquim\" \/>\n\t<meta name=\"twitter:label2\" content=\"Est. tempo de leitura\" \/>\n\t<meta name=\"twitter:data2\" content=\"4 minutos\" \/>\n<script type=\"application\/ld+json\" class=\"yoast-schema-graph\">{\"@context\":\"https:\/\/schema.org\",\"@graph\":[{\"@type\":\"Article\",\"@id\":\"https:\/\/agenciainfra.com\/blog\/para-licitar-fiol-governo-tera-que-garantir-porto-em-ilheus-ao-vencedor\/#article\",\"isPartOf\":{\"@id\":\"https:\/\/agenciainfra.com\/blog\/para-licitar-fiol-governo-tera-que-garantir-porto-em-ilheus-ao-vencedor\/\"},\"author\":{\"name\":\"Rodrigo Zuquim\",\"@id\":\"https:\/\/agenciainfra.com\/blog\/#\/schema\/person\/04dbb79bd6d8951f063da71f3e4c1eb1\"},\"headline\":\"Para licitar Fiol, governo ter\u00e1 que garantir porto em Ilh\u00e9us ao vencedor\",\"datePublished\":\"2020-11-14T11:00:06+00:00\",\"mainEntityOfPage\":{\"@id\":\"https:\/\/agenciainfra.com\/blog\/para-licitar-fiol-governo-tera-que-garantir-porto-em-ilheus-ao-vencedor\/\"},\"wordCount\":861,\"publisher\":{\"@id\":\"https:\/\/agenciainfra.com\/blog\/#organization\"},\"image\":{\"@id\":\"https:\/\/agenciainfra.com\/blog\/para-licitar-fiol-governo-tera-que-garantir-porto-em-ilheus-ao-vencedor\/#primaryimage\"},\"thumbnailUrl\":\"https:\/\/agenciainfra.com\/blog\/wp-content\/uploads\/2020\/11\/aroldo-cedraz-tcu-foto-lula-marques-agencia-pt.jpg\",\"keywords\":[\"ANTT\",\"Aroldo Cedraz\",\"Bamin\",\"Bruno Dantas\",\"Cade\",\"Estrada de Ferro Caraj\u00e1s\",\"Estrada de Ferro Vit\u00f3ria a Minas\",\"Ferrovia\",\"Ferrovia de Integra\u00e7\u00e3o Oeste-Leste\",\"Ferrovia Norte-Sul\",\"FIOL\",\"Governo da Bahia\",\"Ilh\u00e9us\",\"Malha Paulista\",\"PORTO\",\"Rumo\",\"TCU\",\"TERMINAL PORTU\u00c1RIO\",\"Tribunal de Contas da Uni\u00e3o\",\"TUP\",\"Vale\"],\"articleSection\":[\"Geral\",\"iNFRATransporte\"],\"inLanguage\":\"pt-BR\",\"copyrightYear\":\"2020\",\"copyrightHolder\":{\"@id\":\"https:\/\/agenciainfra.com\/blog\/#organization\"}},{\"@type\":\"WebPage\",\"@id\":\"https:\/\/agenciainfra.com\/blog\/para-licitar-fiol-governo-tera-que-garantir-porto-em-ilheus-ao-vencedor\/\",\"url\":\"https:\/\/agenciainfra.com\/blog\/para-licitar-fiol-governo-tera-que-garantir-porto-em-ilheus-ao-vencedor\/\",\"name\":\"Para licitar Fiol, governo ter\u00e1 que garantir porto em Ilh\u00e9us ao vencedor - Ag\u00eancia iNFRA\",\"isPartOf\":{\"@id\":\"https:\/\/agenciainfra.com\/blog\/#website\"},\"primaryImageOfPage\":{\"@id\":\"https:\/\/agenciainfra.com\/blog\/para-licitar-fiol-governo-tera-que-garantir-porto-em-ilheus-ao-vencedor\/#primaryimage\"},\"image\":{\"@id\":\"https:\/\/agenciainfra.com\/blog\/para-licitar-fiol-governo-tera-que-garantir-porto-em-ilheus-ao-vencedor\/#primaryimage\"},\"thumbnailUrl\":\"https:\/\/agenciainfra.com\/blog\/wp-content\/uploads\/2020\/11\/aroldo-cedraz-tcu-foto-lula-marques-agencia-pt.jpg\",\"datePublished\":\"2020-11-14T11:00:06+00:00\",\"breadcrumb\":{\"@id\":\"https:\/\/agenciainfra.com\/blog\/para-licitar-fiol-governo-tera-que-garantir-porto-em-ilheus-ao-vencedor\/#breadcrumb\"},\"inLanguage\":\"pt-BR\",\"potentialAction\":[{\"@type\":\"ReadAction\",\"target\":[\"https:\/\/agenciainfra.com\/blog\/para-licitar-fiol-governo-tera-que-garantir-porto-em-ilheus-ao-vencedor\/\"]}]},{\"@type\":\"ImageObject\",\"inLanguage\":\"pt-BR\",\"@id\":\"https:\/\/agenciainfra.com\/blog\/para-licitar-fiol-governo-tera-que-garantir-porto-em-ilheus-ao-vencedor\/#primaryimage\",\"url\":\"https:\/\/agenciainfra.com\/blog\/wp-content\/uploads\/2020\/11\/aroldo-cedraz-tcu-foto-lula-marques-agencia-pt.jpg\",\"contentUrl\":\"https:\/\/agenciainfra.com\/blog\/wp-content\/uploads\/2020\/11\/aroldo-cedraz-tcu-foto-lula-marques-agencia-pt.jpg\",\"width\":1280,\"height\":719},{\"@type\":\"BreadcrumbList\",\"@id\":\"https:\/\/agenciainfra.com\/blog\/para-licitar-fiol-governo-tera-que-garantir-porto-em-ilheus-ao-vencedor\/#breadcrumb\",\"itemListElement\":[{\"@type\":\"ListItem\",\"position\":1,\"name\":\"In\u00edcio\",\"item\":\"https:\/\/agenciainfra.com\/blog\/\"},{\"@type\":\"ListItem\",\"position\":2,\"name\":\"Para licitar Fiol, governo ter\u00e1 que garantir porto em Ilh\u00e9us ao vencedor\"}]},{\"@type\":\"WebSite\",\"@id\":\"https:\/\/agenciainfra.com\/blog\/#website\",\"url\":\"https:\/\/agenciainfra.com\/blog\/\",\"name\":\"Ag\u00eancia iNFRA\",\"description\":\"Multiplataforma de informa\u00e7\u00e3o jornal\u00edstica refer\u00eancia na \u00e1rea de infraestrutura no Brasil!\",\"publisher\":{\"@id\":\"https:\/\/agenciainfra.com\/blog\/#organization\"},\"potentialAction\":[{\"@type\":\"SearchAction\",\"target\":{\"@type\":\"EntryPoint\",\"urlTemplate\":\"https:\/\/agenciainfra.com\/blog\/?s={search_term_string}\"},\"query-input\":{\"@type\":\"PropertyValueSpecification\",\"valueRequired\":true,\"valueName\":\"search_term_string\"}}],\"inLanguage\":\"pt-BR\"},{\"@type\":\"Organization\",\"@id\":\"https:\/\/agenciainfra.com\/blog\/#organization\",\"name\":\"Ag\u00eancia iNFRA\",\"url\":\"https:\/\/agenciainfra.com\/blog\/\",\"logo\":{\"@type\":\"ImageObject\",\"inLanguage\":\"pt-BR\",\"@id\":\"https:\/\/agenciainfra.com\/blog\/#\/schema\/logo\/image\/\",\"url\":\"https:\/\/agenciainfra.com\/blog\/wp-content\/uploads\/2023\/09\/iNFRA_5-e1761735885940.png\",\"contentUrl\":\"https:\/\/agenciainfra.com\/blog\/wp-content\/uploads\/2023\/09\/iNFRA_5-e1761735885940.png\",\"width\":1672,\"height\":454,\"caption\":\"Ag\u00eancia iNFRA\"},\"image\":{\"@id\":\"https:\/\/agenciainfra.com\/blog\/#\/schema\/logo\/image\/\"},\"sameAs\":[\"https:\/\/www.facebook.com\/ageninfra\",\"https:\/\/x.com\/agencia_infra\",\"https:\/\/www.linkedin.com\/company\/ag\u00eanciainfra\/\",\"https:\/\/www.instagram.com\/agenciainfra\/\"]},{\"@type\":\"Person\",\"@id\":\"https:\/\/agenciainfra.com\/blog\/#\/schema\/person\/04dbb79bd6d8951f063da71f3e4c1eb1\",\"name\":\"Rodrigo Zuquim\",\"image\":{\"@type\":\"ImageObject\",\"inLanguage\":\"pt-BR\",\"@id\":\"https:\/\/agenciainfra.com\/blog\/#\/schema\/person\/image\/\",\"url\":\"https:\/\/secure.gravatar.com\/avatar\/594abfe82761d620726242ff34ca472a705a4b97f16c790053a6b4c4035274d0?s=96&d=mm&r=g\",\"contentUrl\":\"https:\/\/secure.gravatar.com\/avatar\/594abfe82761d620726242ff34ca472a705a4b97f16c790053a6b4c4035274d0?s=96&d=mm&r=g\",\"caption\":\"Rodrigo Zuquim\"},\"url\":\"https:\/\/agenciainfra.com\/blog\/author\/rodrigo-zuquim\/\"}]}<\/script>\n<!-- \/ Yoast SEO Premium plugin. -->","yoast_head_json":{"title":"Para licitar Fiol, governo ter\u00e1 que garantir porto em Ilh\u00e9us ao vencedor - Ag\u00eancia iNFRA","robots":{"index":"index","follow":"follow","max-snippet":"max-snippet:-1","max-image-preview":"max-image-preview:large","max-video-preview":"max-video-preview:-1"},"canonical":"https:\/\/agenciainfra.com\/blog\/para-licitar-fiol-governo-tera-que-garantir-porto-em-ilheus-ao-vencedor\/","og_locale":"pt_BR","og_type":"article","og_title":"Para licitar Fiol, governo ter\u00e1 que garantir porto em Ilh\u00e9us ao vencedor","og_description":"Dimmi Amora, da&nbsp;Ag\u00eancia iNFRA O governo ser\u00e1 obrigado a garantir um terminal portu\u00e1rio em Ilh\u00e9us (BA) para o vencedor da disputa pela subconcess\u00e3o da Fiol (Ferrovia de Integra\u00e7\u00e3o Oeste-Leste). Foi o que decidiu o plen\u00e1rio do TCU (Tribunal de Contas da Uni\u00e3o) na tarde da \u00faltima quarta-feira (11) ao aprovar os estudos de viabilidade para [&hellip;]","og_url":"https:\/\/agenciainfra.com\/blog\/para-licitar-fiol-governo-tera-que-garantir-porto-em-ilheus-ao-vencedor\/","og_site_name":"Ag\u00eancia iNFRA","article_publisher":"https:\/\/www.facebook.com\/ageninfra","article_published_time":"2020-11-14T11:00:06+00:00","og_image":[{"width":1280,"height":719,"url":"https:\/\/agenciainfra.com\/blog\/wp-content\/uploads\/2020\/11\/aroldo-cedraz-tcu-foto-lula-marques-agencia-pt.jpg","type":"image\/jpeg"}],"author":"Rodrigo Zuquim","twitter_card":"summary_large_image","twitter_creator":"@agencia_infra","twitter_site":"@agencia_infra","twitter_misc":{"Escrito por":"Rodrigo Zuquim","Est. tempo de leitura":"4 minutos"},"schema":{"@context":"https:\/\/schema.org","@graph":[{"@type":"Article","@id":"https:\/\/agenciainfra.com\/blog\/para-licitar-fiol-governo-tera-que-garantir-porto-em-ilheus-ao-vencedor\/#article","isPartOf":{"@id":"https:\/\/agenciainfra.com\/blog\/para-licitar-fiol-governo-tera-que-garantir-porto-em-ilheus-ao-vencedor\/"},"author":{"name":"Rodrigo Zuquim","@id":"https:\/\/agenciainfra.com\/blog\/#\/schema\/person\/04dbb79bd6d8951f063da71f3e4c1eb1"},"headline":"Para licitar Fiol, governo ter\u00e1 que garantir porto em Ilh\u00e9us ao vencedor","datePublished":"2020-11-14T11:00:06+00:00","mainEntityOfPage":{"@id":"https:\/\/agenciainfra.com\/blog\/para-licitar-fiol-governo-tera-que-garantir-porto-em-ilheus-ao-vencedor\/"},"wordCount":861,"publisher":{"@id":"https:\/\/agenciainfra.com\/blog\/#organization"},"image":{"@id":"https:\/\/agenciainfra.com\/blog\/para-licitar-fiol-governo-tera-que-garantir-porto-em-ilheus-ao-vencedor\/#primaryimage"},"thumbnailUrl":"https:\/\/agenciainfra.com\/blog\/wp-content\/uploads\/2020\/11\/aroldo-cedraz-tcu-foto-lula-marques-agencia-pt.jpg","keywords":["ANTT","Aroldo Cedraz","Bamin","Bruno Dantas","Cade","Estrada de Ferro Caraj\u00e1s","Estrada de Ferro Vit\u00f3ria a Minas","Ferrovia","Ferrovia de Integra\u00e7\u00e3o Oeste-Leste","Ferrovia Norte-Sul","FIOL","Governo da Bahia","Ilh\u00e9us","Malha Paulista","PORTO","Rumo","TCU","TERMINAL PORTU\u00c1RIO","Tribunal de Contas da Uni\u00e3o","TUP","Vale"],"articleSection":["Geral","iNFRATransporte"],"inLanguage":"pt-BR","copyrightYear":"2020","copyrightHolder":{"@id":"https:\/\/agenciainfra.com\/blog\/#organization"}},{"@type":"WebPage","@id":"https:\/\/agenciainfra.com\/blog\/para-licitar-fiol-governo-tera-que-garantir-porto-em-ilheus-ao-vencedor\/","url":"https:\/\/agenciainfra.com\/blog\/para-licitar-fiol-governo-tera-que-garantir-porto-em-ilheus-ao-vencedor\/","name":"Para licitar Fiol, governo ter\u00e1 que garantir porto em Ilh\u00e9us ao vencedor - Ag\u00eancia iNFRA","isPartOf":{"@id":"https:\/\/agenciainfra.com\/blog\/#website"},"primaryImageOfPage":{"@id":"https:\/\/agenciainfra.com\/blog\/para-licitar-fiol-governo-tera-que-garantir-porto-em-ilheus-ao-vencedor\/#primaryimage"},"image":{"@id":"https:\/\/agenciainfra.com\/blog\/para-licitar-fiol-governo-tera-que-garantir-porto-em-ilheus-ao-vencedor\/#primaryimage"},"thumbnailUrl":"https:\/\/agenciainfra.com\/blog\/wp-content\/uploads\/2020\/11\/aroldo-cedraz-tcu-foto-lula-marques-agencia-pt.jpg","datePublished":"2020-11-14T11:00:06+00:00","breadcrumb":{"@id":"https:\/\/agenciainfra.com\/blog\/para-licitar-fiol-governo-tera-que-garantir-porto-em-ilheus-ao-vencedor\/#breadcrumb"},"inLanguage":"pt-BR","potentialAction":[{"@type":"ReadAction","target":["https:\/\/agenciainfra.com\/blog\/para-licitar-fiol-governo-tera-que-garantir-porto-em-ilheus-ao-vencedor\/"]}]},{"@type":"ImageObject","inLanguage":"pt-BR","@id":"https:\/\/agenciainfra.com\/blog\/para-licitar-fiol-governo-tera-que-garantir-porto-em-ilheus-ao-vencedor\/#primaryimage","url":"https:\/\/agenciainfra.com\/blog\/wp-content\/uploads\/2020\/11\/aroldo-cedraz-tcu-foto-lula-marques-agencia-pt.jpg","contentUrl":"https:\/\/agenciainfra.com\/blog\/wp-content\/uploads\/2020\/11\/aroldo-cedraz-tcu-foto-lula-marques-agencia-pt.jpg","width":1280,"height":719},{"@type":"BreadcrumbList","@id":"https:\/\/agenciainfra.com\/blog\/para-licitar-fiol-governo-tera-que-garantir-porto-em-ilheus-ao-vencedor\/#breadcrumb","itemListElement":[{"@type":"ListItem","position":1,"name":"In\u00edcio","item":"https:\/\/agenciainfra.com\/blog\/"},{"@type":"ListItem","position":2,"name":"Para licitar Fiol, governo ter\u00e1 que garantir porto em Ilh\u00e9us ao vencedor"}]},{"@type":"WebSite","@id":"https:\/\/agenciainfra.com\/blog\/#website","url":"https:\/\/agenciainfra.com\/blog\/","name":"Ag\u00eancia iNFRA","description":"Multiplataforma de informa\u00e7\u00e3o jornal\u00edstica refer\u00eancia na \u00e1rea de infraestrutura no Brasil!","publisher":{"@id":"https:\/\/agenciainfra.com\/blog\/#organization"},"potentialAction":[{"@type":"SearchAction","target":{"@type":"EntryPoint","urlTemplate":"https:\/\/agenciainfra.com\/blog\/?s={search_term_string}"},"query-input":{"@type":"PropertyValueSpecification","valueRequired":true,"valueName":"search_term_string"}}],"inLanguage":"pt-BR"},{"@type":"Organization","@id":"https:\/\/agenciainfra.com\/blog\/#organization","name":"Ag\u00eancia iNFRA","url":"https:\/\/agenciainfra.com\/blog\/","logo":{"@type":"ImageObject","inLanguage":"pt-BR","@id":"https:\/\/agenciainfra.com\/blog\/#\/schema\/logo\/image\/","url":"https:\/\/agenciainfra.com\/blog\/wp-content\/uploads\/2023\/09\/iNFRA_5-e1761735885940.png","contentUrl":"https:\/\/agenciainfra.com\/blog\/wp-content\/uploads\/2023\/09\/iNFRA_5-e1761735885940.png","width":1672,"height":454,"caption":"Ag\u00eancia iNFRA"},"image":{"@id":"https:\/\/agenciainfra.com\/blog\/#\/schema\/logo\/image\/"},"sameAs":["https:\/\/www.facebook.com\/ageninfra","https:\/\/x.com\/agencia_infra","https:\/\/www.linkedin.com\/company\/ag\u00eanciainfra\/","https:\/\/www.instagram.com\/agenciainfra\/"]},{"@type":"Person","@id":"https:\/\/agenciainfra.com\/blog\/#\/schema\/person\/04dbb79bd6d8951f063da71f3e4c1eb1","name":"Rodrigo Zuquim","image":{"@type":"ImageObject","inLanguage":"pt-BR","@id":"https:\/\/agenciainfra.com\/blog\/#\/schema\/person\/image\/","url":"https:\/\/secure.gravatar.com\/avatar\/594abfe82761d620726242ff34ca472a705a4b97f16c790053a6b4c4035274d0?s=96&d=mm&r=g","contentUrl":"https:\/\/secure.gravatar.com\/avatar\/594abfe82761d620726242ff34ca472a705a4b97f16c790053a6b4c4035274d0?s=96&d=mm&r=g","caption":"Rodrigo Zuquim"},"url":"https:\/\/agenciainfra.com\/blog\/author\/rodrigo-zuquim\/"}]}},"_links":{"self":[{"href":"https:\/\/agenciainfra.com\/blog\/wp-json\/wp\/v2\/posts\/6344","targetHints":{"allow":["GET"]}}],"collection":[{"href":"https:\/\/agenciainfra.com\/blog\/wp-json\/wp\/v2\/posts"}],"about":[{"href":"https:\/\/agenciainfra.com\/blog\/wp-json\/wp\/v2\/types\/post"}],"author":[{"embeddable":true,"href":"https:\/\/agenciainfra.com\/blog\/wp-json\/wp\/v2\/users\/9"}],"replies":[{"embeddable":true,"href":"https:\/\/agenciainfra.com\/blog\/wp-json\/wp\/v2\/comments?post=6344"}],"version-history":[{"count":0,"href":"https:\/\/agenciainfra.com\/blog\/wp-json\/wp\/v2\/posts\/6344\/revisions"}],"wp:featuredmedia":[{"embeddable":true,"href":"https:\/\/agenciainfra.com\/blog\/wp-json\/wp\/v2\/media\/6345"}],"wp:attachment":[{"href":"https:\/\/agenciainfra.com\/blog\/wp-json\/wp\/v2\/media?parent=6344"}],"wp:term":[{"taxonomy":"category","embeddable":true,"href":"https:\/\/agenciainfra.com\/blog\/wp-json\/wp\/v2\/categories?post=6344"},{"taxonomy":"post_tag","embeddable":true,"href":"https:\/\/agenciainfra.com\/blog\/wp-json\/wp\/v2\/tags?post=6344"}],"curies":[{"name":"wp","href":"https:\/\/api.w.org\/{rel}","templated":true}]}}