{"id":6354,"date":"2020-11-16T08:00:03","date_gmt":"2020-11-16T11:00:03","guid":{"rendered":"https:\/\/www.agenciainfra.com\/blog\/?p=6354"},"modified":"2020-11-13T12:14:26","modified_gmt":"2020-11-13T15:14:26","slug":"anac-finaliza-primeiros-processos-de-reequilibrio-de-contratos-de-concessoes-de-aeroportos-pos-covid","status":"publish","type":"post","link":"https:\/\/agenciainfra.com\/blog\/anac-finaliza-primeiros-processos-de-reequilibrio-de-contratos-de-concessoes-de-aeroportos-pos-covid\/","title":{"rendered":"ANAC finaliza primeiros processos de reequil\u00edbrio de contratos de concess\u00f5es de aeroportos p\u00f3s-Covid"},"content":{"rendered":"\n<hr class=\"wp-block-separator\"\/>\n\n\n\n<p class=\"has-text-align-right\"><strong>Gabriel Tabatcheik, da&nbsp;Ag\u00eancia iNFRA<\/strong><\/p>\n\n\n\n<p>A ANAC (Ag\u00eancia Nacional de Avia\u00e7\u00e3o Civil)\u00a0aprovou mudan\u00e7as em contratos de concess\u00e3o de quatro aeroportos\u00a0por causa de preju\u00edzos que as respectivas empresas administradoras tiveram em decorr\u00eancia da pandemia de Covid-19. As decis\u00f5es foram tomadas durante a reuni\u00e3o da diretoria da \u00faltima ter\u00e7a-feira (10), realizada por videoconfer\u00eancia.<br><br>Os contratos s\u00e3o dos aeroportos de Florian\u00f3polis (SC), Fortaleza (CE), Gale\u00e3o (RJ) e Porto Alegre (RS) e, a depender de cada caso, foram aprovadas revis\u00f5es extraordin\u00e1rias ou termos aditivos aos contratos de concess\u00e3o, uma vez que cada estrutura foi avaliada em um processo diferente.<br><br>Em comum, as decis\u00f5es preveem a compensa\u00e7\u00e3o parcial ou total dos valores por meio de revis\u00e3o das contribui\u00e7\u00f5es devidas pelas concession\u00e1rias ao governo \u2014 as quantias que elas devem pagar ao poder p\u00fablico pela explora\u00e7\u00e3o dos espa\u00e7os.<br><br>O \u00fanico aeroporto que deve contar com aumento de tarifas aeroportu\u00e1rias como forma de compensa\u00e7\u00e3o de preju\u00edzos \u00e9 o de Florian\u00f3polis. Isso porque o valor de repasse \u00e9 muito pequeno. No caso catarinense, a tarifa passaria dos atuais R$ 33 para R$ 38, at\u00e9 a compensa\u00e7\u00e3o total dos preju\u00edzos apurados e reconhecidos pela ag\u00eancia.<br><br>Os votos tamb\u00e9m reconheceram que \u201co evento aludido estaria contratualmente enquadrado como risco atribu\u00eddo ao poder concedente\u201d, conforme avaliou o diretor Ricardo Catanant, na leitura do voto do processo 00058.018880\/2020-67 (Porto Alegre).<br><br>Os outros processos s\u00e3o o 00058.020045\/2020-97 (Fortaleza), tamb\u00e9m relatado por Catanant, enquanto os processos 00058.018827\/2020-66 (Gale\u00e3o) e 00058.022660\/2020-38 (Florian\u00f3polis) foram relatados pelo diretor Tiago Pereira. Todas as propostas de compensa\u00e7\u00e3o precisam ainda do aval do Minfra (Minist\u00e9rio da Infraestrutura) para que surtam efeitos.<br><br><strong>Guarulhos<\/strong><br>O colegiado tomou duas decis\u00f5es que interessam \u00e0 Concession\u00e1ria do Aeroporto Internacional de Guarulhos. A primeira, referente ao processo 00058.012343\/2020-11, relatado pelo diretor Rafael Botelho, \u00e9 um recurso administrativo.<br><br>A empresa queria mudar a decis\u00e3o que lhe imp\u00f4s custos de encargos de pessoal para opera\u00e7\u00e3o de equipamentos de scanners de uso exclusivo da Receita Federal. O colegiado negou o m\u00e9rito do recurso, ao entender que o modelo da concess\u00e3o permite isso, ao mesmo tempo que autoriza atividades econ\u00f4micas acess\u00f3rias de gera\u00e7\u00e3o de renda \u00e0 firma.<br><br>A segunda decis\u00e3o \u00e9 do processo 00058.010330\/2019-66, relatado pelo diretor Ricardo Catanant, que aprovou um aditivo \u00e0 concess\u00e3o. Uma vez que o contrato \u00e9 antigo (entre a primeira e terceira rodadas), algumas adapta\u00e7\u00f5es foram sugeridas, tendo como par\u00e2metro a modelagem da quarta rodada de concess\u00f5es.<br><br><strong>Ouvinte<\/strong><br>Rog\u00e9rio Benevides Carvalho, diretor nomeado em substitui\u00e7\u00e3o ao ex-diretor Ricardo Fenelon, participou da videoconfer\u00eancia apenas como ouvinte. Isso porque sua posse ainda n\u00e3o havia sido realizada. Seu mandato como diretor da ANAC vai at\u00e9 agosto de 2024.<\/p>\n","protected":false},"excerpt":{"rendered":"<p>Gabriel Tabatcheik, da&nbsp;Ag\u00eancia iNFRA A ANAC (Ag\u00eancia Nacional de Avia\u00e7\u00e3o Civil)\u00a0aprovou mudan\u00e7as em contratos de concess\u00e3o de quatro aeroportos\u00a0por causa de preju\u00edzos que as respectivas empresas administradoras tiveram em decorr\u00eancia da pandemia de Covid-19. As decis\u00f5es foram tomadas durante a reuni\u00e3o da diretoria da \u00faltima ter\u00e7a-feira (10), realizada por videoconfer\u00eancia. Os contratos s\u00e3o dos aeroportos [&hellip;]<\/p>\n","protected":false},"author":9,"featured_media":6355,"comment_status":"closed","ping_status":"closed","sticky":false,"template":"","format":"standard","meta":{"_monsterinsights_skip_tracking":false,"_monsterinsights_sitenote_active":false,"_monsterinsights_sitenote_note":"","_monsterinsights_sitenote_category":0,"footnotes":""},"categories":[1,7],"tags":[3051,107,242,78,1758,1759,2565,2564,3050,775,1936,2563,3052,378,1938,1338,3053,1376],"class_list":["post-6354","post","type-post","status-publish","format-standard","has-post-thumbnail","hentry","category-geral","category-infratransporte","tag-aeroporto-internacional-de-guarulhos","tag-aeroportos","tag-anac","tag-concessoes","tag-coronavirus","tag-covid-19","tag-florianopolis","tag-fortaleza","tag-galeao","tag-ministerio-da-infraestrutura","tag-pandemia","tag-porto-alegre","tag-rafael-botelho","tag-receita-federal","tag-reequilibrio","tag-ricardo-catanant","tag-rogerio-benevides-carvalho","tag-tiago-pereira"],"yoast_head":"<!-- This site is optimized with the Yoast SEO Premium plugin v25.4 (Yoast SEO v26.0) - https:\/\/yoast.com\/wordpress\/plugins\/seo\/ -->\n<title>ANAC finaliza primeiros processos de reequil\u00edbrio de contratos de concess\u00f5es de aeroportos p\u00f3s-Covid - Ag\u00eancia iNFRA<\/title>\n<meta name=\"robots\" content=\"index, follow, max-snippet:-1, max-image-preview:large, max-video-preview:-1\" \/>\n<link rel=\"canonical\" href=\"https:\/\/agenciainfra.com\/blog\/anac-finaliza-primeiros-processos-de-reequilibrio-de-contratos-de-concessoes-de-aeroportos-pos-covid\/\" \/>\n<meta property=\"og:locale\" content=\"pt_BR\" \/>\n<meta property=\"og:type\" content=\"article\" \/>\n<meta property=\"og:title\" content=\"ANAC finaliza primeiros processos de reequil\u00edbrio de contratos de concess\u00f5es de aeroportos p\u00f3s-Covid\" \/>\n<meta property=\"og:description\" content=\"Gabriel Tabatcheik, da&nbsp;Ag\u00eancia iNFRA A ANAC (Ag\u00eancia Nacional de Avia\u00e7\u00e3o Civil)\u00a0aprovou mudan\u00e7as em contratos de concess\u00e3o de quatro aeroportos\u00a0por causa de preju\u00edzos que as respectivas empresas administradoras tiveram em decorr\u00eancia da pandemia de Covid-19. As decis\u00f5es foram tomadas durante a reuni\u00e3o da diretoria da \u00faltima ter\u00e7a-feira (10), realizada por videoconfer\u00eancia. Os contratos s\u00e3o dos aeroportos [&hellip;]\" \/>\n<meta property=\"og:url\" content=\"https:\/\/agenciainfra.com\/blog\/anac-finaliza-primeiros-processos-de-reequilibrio-de-contratos-de-concessoes-de-aeroportos-pos-covid\/\" \/>\n<meta property=\"og:site_name\" content=\"Ag\u00eancia iNFRA\" \/>\n<meta property=\"article:publisher\" content=\"https:\/\/www.facebook.com\/ageninfra\" \/>\n<meta property=\"article:published_time\" content=\"2020-11-16T11:00:03+00:00\" \/>\n<meta property=\"og:image\" content=\"https:\/\/agenciainfra.com\/blog\/wp-content\/uploads\/2020\/11\/aeroporto-galeao-foto-ministerio-do-esporte.jpg\" \/>\n\t<meta property=\"og:image:width\" content=\"1280\" \/>\n\t<meta property=\"og:image:height\" content=\"950\" \/>\n\t<meta property=\"og:image:type\" content=\"image\/jpeg\" \/>\n<meta name=\"author\" content=\"Rodrigo Zuquim\" \/>\n<meta name=\"twitter:card\" content=\"summary_large_image\" \/>\n<meta name=\"twitter:creator\" content=\"@agencia_infra\" \/>\n<meta name=\"twitter:site\" content=\"@agencia_infra\" \/>\n<meta name=\"twitter:label1\" content=\"Escrito por\" \/>\n\t<meta name=\"twitter:data1\" content=\"Rodrigo Zuquim\" \/>\n\t<meta name=\"twitter:label2\" content=\"Est. tempo de leitura\" \/>\n\t<meta name=\"twitter:data2\" content=\"2 minutos\" \/>\n<script type=\"application\/ld+json\" class=\"yoast-schema-graph\">{\"@context\":\"https:\/\/schema.org\",\"@graph\":[{\"@type\":\"Article\",\"@id\":\"https:\/\/agenciainfra.com\/blog\/anac-finaliza-primeiros-processos-de-reequilibrio-de-contratos-de-concessoes-de-aeroportos-pos-covid\/#article\",\"isPartOf\":{\"@id\":\"https:\/\/agenciainfra.com\/blog\/anac-finaliza-primeiros-processos-de-reequilibrio-de-contratos-de-concessoes-de-aeroportos-pos-covid\/\"},\"author\":{\"name\":\"Rodrigo Zuquim\",\"@id\":\"https:\/\/agenciainfra.com\/blog\/#\/schema\/person\/04dbb79bd6d8951f063da71f3e4c1eb1\"},\"headline\":\"ANAC finaliza primeiros processos de reequil\u00edbrio de contratos de concess\u00f5es de aeroportos p\u00f3s-Covid\",\"datePublished\":\"2020-11-16T11:00:03+00:00\",\"mainEntityOfPage\":{\"@id\":\"https:\/\/agenciainfra.com\/blog\/anac-finaliza-primeiros-processos-de-reequilibrio-de-contratos-de-concessoes-de-aeroportos-pos-covid\/\"},\"wordCount\":495,\"publisher\":{\"@id\":\"https:\/\/agenciainfra.com\/blog\/#organization\"},\"image\":{\"@id\":\"https:\/\/agenciainfra.com\/blog\/anac-finaliza-primeiros-processos-de-reequilibrio-de-contratos-de-concessoes-de-aeroportos-pos-covid\/#primaryimage\"},\"thumbnailUrl\":\"https:\/\/agenciainfra.com\/blog\/wp-content\/uploads\/2020\/11\/aeroporto-galeao-foto-ministerio-do-esporte.jpg\",\"keywords\":[\"Aeroporto Internacional de Guarulhos\",\"aeroportos\",\"ANAC\",\"concess\u00f5es\",\"coronav\u00edrus\",\"Covid-19\",\"Florian\u00f3polis\",\"Fortaleza\",\"Gale\u00e3o\",\"Minist\u00e9rio da Infraestrutura\",\"pandemia\",\"Porto Alegre\",\"Rafael Botelho\",\"receita federal\",\"reequil\u00edbrio\",\"Ricardo Catanant\",\"Rog\u00e9rio Benevides Carvalho\",\"Tiago Pereira\"],\"articleSection\":[\"Geral\",\"iNFRATransporte\"],\"inLanguage\":\"pt-BR\",\"copyrightYear\":\"2020\",\"copyrightHolder\":{\"@id\":\"https:\/\/agenciainfra.com\/blog\/#organization\"}},{\"@type\":\"WebPage\",\"@id\":\"https:\/\/agenciainfra.com\/blog\/anac-finaliza-primeiros-processos-de-reequilibrio-de-contratos-de-concessoes-de-aeroportos-pos-covid\/\",\"url\":\"https:\/\/agenciainfra.com\/blog\/anac-finaliza-primeiros-processos-de-reequilibrio-de-contratos-de-concessoes-de-aeroportos-pos-covid\/\",\"name\":\"ANAC finaliza primeiros processos de reequil\u00edbrio de contratos de concess\u00f5es de aeroportos p\u00f3s-Covid - Ag\u00eancia iNFRA\",\"isPartOf\":{\"@id\":\"https:\/\/agenciainfra.com\/blog\/#website\"},\"primaryImageOfPage\":{\"@id\":\"https:\/\/agenciainfra.com\/blog\/anac-finaliza-primeiros-processos-de-reequilibrio-de-contratos-de-concessoes-de-aeroportos-pos-covid\/#primaryimage\"},\"image\":{\"@id\":\"https:\/\/agenciainfra.com\/blog\/anac-finaliza-primeiros-processos-de-reequilibrio-de-contratos-de-concessoes-de-aeroportos-pos-covid\/#primaryimage\"},\"thumbnailUrl\":\"https:\/\/agenciainfra.com\/blog\/wp-content\/uploads\/2020\/11\/aeroporto-galeao-foto-ministerio-do-esporte.jpg\",\"datePublished\":\"2020-11-16T11:00:03+00:00\",\"breadcrumb\":{\"@id\":\"https:\/\/agenciainfra.com\/blog\/anac-finaliza-primeiros-processos-de-reequilibrio-de-contratos-de-concessoes-de-aeroportos-pos-covid\/#breadcrumb\"},\"inLanguage\":\"pt-BR\",\"potentialAction\":[{\"@type\":\"ReadAction\",\"target\":[\"https:\/\/agenciainfra.com\/blog\/anac-finaliza-primeiros-processos-de-reequilibrio-de-contratos-de-concessoes-de-aeroportos-pos-covid\/\"]}]},{\"@type\":\"ImageObject\",\"inLanguage\":\"pt-BR\",\"@id\":\"https:\/\/agenciainfra.com\/blog\/anac-finaliza-primeiros-processos-de-reequilibrio-de-contratos-de-concessoes-de-aeroportos-pos-covid\/#primaryimage\",\"url\":\"https:\/\/agenciainfra.com\/blog\/wp-content\/uploads\/2020\/11\/aeroporto-galeao-foto-ministerio-do-esporte.jpg\",\"contentUrl\":\"https:\/\/agenciainfra.com\/blog\/wp-content\/uploads\/2020\/11\/aeroporto-galeao-foto-ministerio-do-esporte.jpg\",\"width\":1280,\"height\":950,\"caption\":\"Foto: Minist\u00e9rio do Esporte\"},{\"@type\":\"BreadcrumbList\",\"@id\":\"https:\/\/agenciainfra.com\/blog\/anac-finaliza-primeiros-processos-de-reequilibrio-de-contratos-de-concessoes-de-aeroportos-pos-covid\/#breadcrumb\",\"itemListElement\":[{\"@type\":\"ListItem\",\"position\":1,\"name\":\"In\u00edcio\",\"item\":\"https:\/\/agenciainfra.com\/blog\/\"},{\"@type\":\"ListItem\",\"position\":2,\"name\":\"ANAC finaliza primeiros processos de reequil\u00edbrio de contratos de concess\u00f5es de aeroportos p\u00f3s-Covid\"}]},{\"@type\":\"WebSite\",\"@id\":\"https:\/\/agenciainfra.com\/blog\/#website\",\"url\":\"https:\/\/agenciainfra.com\/blog\/\",\"name\":\"Ag\u00eancia iNFRA\",\"description\":\"Multiplataforma de informa\u00e7\u00e3o jornal\u00edstica refer\u00eancia na \u00e1rea de infraestrutura no Brasil!\",\"publisher\":{\"@id\":\"https:\/\/agenciainfra.com\/blog\/#organization\"},\"potentialAction\":[{\"@type\":\"SearchAction\",\"target\":{\"@type\":\"EntryPoint\",\"urlTemplate\":\"https:\/\/agenciainfra.com\/blog\/?s={search_term_string}\"},\"query-input\":{\"@type\":\"PropertyValueSpecification\",\"valueRequired\":true,\"valueName\":\"search_term_string\"}}],\"inLanguage\":\"pt-BR\"},{\"@type\":\"Organization\",\"@id\":\"https:\/\/agenciainfra.com\/blog\/#organization\",\"name\":\"Ag\u00eancia iNFRA\",\"url\":\"https:\/\/agenciainfra.com\/blog\/\",\"logo\":{\"@type\":\"ImageObject\",\"inLanguage\":\"pt-BR\",\"@id\":\"https:\/\/agenciainfra.com\/blog\/#\/schema\/logo\/image\/\",\"url\":\"https:\/\/agenciainfra.com\/blog\/wp-content\/uploads\/2023\/09\/iNFRA_5-e1761735885940.png\",\"contentUrl\":\"https:\/\/agenciainfra.com\/blog\/wp-content\/uploads\/2023\/09\/iNFRA_5-e1761735885940.png\",\"width\":1672,\"height\":454,\"caption\":\"Ag\u00eancia iNFRA\"},\"image\":{\"@id\":\"https:\/\/agenciainfra.com\/blog\/#\/schema\/logo\/image\/\"},\"sameAs\":[\"https:\/\/www.facebook.com\/ageninfra\",\"https:\/\/x.com\/agencia_infra\",\"https:\/\/www.linkedin.com\/company\/ag\u00eanciainfra\/\",\"https:\/\/www.instagram.com\/agenciainfra\/\"]},{\"@type\":\"Person\",\"@id\":\"https:\/\/agenciainfra.com\/blog\/#\/schema\/person\/04dbb79bd6d8951f063da71f3e4c1eb1\",\"name\":\"Rodrigo Zuquim\",\"image\":{\"@type\":\"ImageObject\",\"inLanguage\":\"pt-BR\",\"@id\":\"https:\/\/agenciainfra.com\/blog\/#\/schema\/person\/image\/\",\"url\":\"https:\/\/secure.gravatar.com\/avatar\/594abfe82761d620726242ff34ca472a705a4b97f16c790053a6b4c4035274d0?s=96&d=mm&r=g\",\"contentUrl\":\"https:\/\/secure.gravatar.com\/avatar\/594abfe82761d620726242ff34ca472a705a4b97f16c790053a6b4c4035274d0?s=96&d=mm&r=g\",\"caption\":\"Rodrigo Zuquim\"},\"url\":\"https:\/\/agenciainfra.com\/blog\/author\/rodrigo-zuquim\/\"}]}<\/script>\n<!-- \/ Yoast SEO Premium plugin. -->","yoast_head_json":{"title":"ANAC finaliza primeiros processos de reequil\u00edbrio de contratos de concess\u00f5es de aeroportos p\u00f3s-Covid - Ag\u00eancia iNFRA","robots":{"index":"index","follow":"follow","max-snippet":"max-snippet:-1","max-image-preview":"max-image-preview:large","max-video-preview":"max-video-preview:-1"},"canonical":"https:\/\/agenciainfra.com\/blog\/anac-finaliza-primeiros-processos-de-reequilibrio-de-contratos-de-concessoes-de-aeroportos-pos-covid\/","og_locale":"pt_BR","og_type":"article","og_title":"ANAC finaliza primeiros processos de reequil\u00edbrio de contratos de concess\u00f5es de aeroportos p\u00f3s-Covid","og_description":"Gabriel Tabatcheik, da&nbsp;Ag\u00eancia iNFRA A ANAC (Ag\u00eancia Nacional de Avia\u00e7\u00e3o Civil)\u00a0aprovou mudan\u00e7as em contratos de concess\u00e3o de quatro aeroportos\u00a0por causa de preju\u00edzos que as respectivas empresas administradoras tiveram em decorr\u00eancia da pandemia de Covid-19. As decis\u00f5es foram tomadas durante a reuni\u00e3o da diretoria da \u00faltima ter\u00e7a-feira (10), realizada por videoconfer\u00eancia. Os contratos s\u00e3o dos aeroportos [&hellip;]","og_url":"https:\/\/agenciainfra.com\/blog\/anac-finaliza-primeiros-processos-de-reequilibrio-de-contratos-de-concessoes-de-aeroportos-pos-covid\/","og_site_name":"Ag\u00eancia iNFRA","article_publisher":"https:\/\/www.facebook.com\/ageninfra","article_published_time":"2020-11-16T11:00:03+00:00","og_image":[{"width":1280,"height":950,"url":"https:\/\/agenciainfra.com\/blog\/wp-content\/uploads\/2020\/11\/aeroporto-galeao-foto-ministerio-do-esporte.jpg","type":"image\/jpeg"}],"author":"Rodrigo Zuquim","twitter_card":"summary_large_image","twitter_creator":"@agencia_infra","twitter_site":"@agencia_infra","twitter_misc":{"Escrito por":"Rodrigo Zuquim","Est. tempo de leitura":"2 minutos"},"schema":{"@context":"https:\/\/schema.org","@graph":[{"@type":"Article","@id":"https:\/\/agenciainfra.com\/blog\/anac-finaliza-primeiros-processos-de-reequilibrio-de-contratos-de-concessoes-de-aeroportos-pos-covid\/#article","isPartOf":{"@id":"https:\/\/agenciainfra.com\/blog\/anac-finaliza-primeiros-processos-de-reequilibrio-de-contratos-de-concessoes-de-aeroportos-pos-covid\/"},"author":{"name":"Rodrigo Zuquim","@id":"https:\/\/agenciainfra.com\/blog\/#\/schema\/person\/04dbb79bd6d8951f063da71f3e4c1eb1"},"headline":"ANAC finaliza primeiros processos de reequil\u00edbrio de contratos de concess\u00f5es de aeroportos p\u00f3s-Covid","datePublished":"2020-11-16T11:00:03+00:00","mainEntityOfPage":{"@id":"https:\/\/agenciainfra.com\/blog\/anac-finaliza-primeiros-processos-de-reequilibrio-de-contratos-de-concessoes-de-aeroportos-pos-covid\/"},"wordCount":495,"publisher":{"@id":"https:\/\/agenciainfra.com\/blog\/#organization"},"image":{"@id":"https:\/\/agenciainfra.com\/blog\/anac-finaliza-primeiros-processos-de-reequilibrio-de-contratos-de-concessoes-de-aeroportos-pos-covid\/#primaryimage"},"thumbnailUrl":"https:\/\/agenciainfra.com\/blog\/wp-content\/uploads\/2020\/11\/aeroporto-galeao-foto-ministerio-do-esporte.jpg","keywords":["Aeroporto Internacional de Guarulhos","aeroportos","ANAC","concess\u00f5es","coronav\u00edrus","Covid-19","Florian\u00f3polis","Fortaleza","Gale\u00e3o","Minist\u00e9rio da Infraestrutura","pandemia","Porto Alegre","Rafael Botelho","receita federal","reequil\u00edbrio","Ricardo Catanant","Rog\u00e9rio Benevides Carvalho","Tiago Pereira"],"articleSection":["Geral","iNFRATransporte"],"inLanguage":"pt-BR","copyrightYear":"2020","copyrightHolder":{"@id":"https:\/\/agenciainfra.com\/blog\/#organization"}},{"@type":"WebPage","@id":"https:\/\/agenciainfra.com\/blog\/anac-finaliza-primeiros-processos-de-reequilibrio-de-contratos-de-concessoes-de-aeroportos-pos-covid\/","url":"https:\/\/agenciainfra.com\/blog\/anac-finaliza-primeiros-processos-de-reequilibrio-de-contratos-de-concessoes-de-aeroportos-pos-covid\/","name":"ANAC finaliza primeiros processos de reequil\u00edbrio de contratos de concess\u00f5es de aeroportos p\u00f3s-Covid - Ag\u00eancia iNFRA","isPartOf":{"@id":"https:\/\/agenciainfra.com\/blog\/#website"},"primaryImageOfPage":{"@id":"https:\/\/agenciainfra.com\/blog\/anac-finaliza-primeiros-processos-de-reequilibrio-de-contratos-de-concessoes-de-aeroportos-pos-covid\/#primaryimage"},"image":{"@id":"https:\/\/agenciainfra.com\/blog\/anac-finaliza-primeiros-processos-de-reequilibrio-de-contratos-de-concessoes-de-aeroportos-pos-covid\/#primaryimage"},"thumbnailUrl":"https:\/\/agenciainfra.com\/blog\/wp-content\/uploads\/2020\/11\/aeroporto-galeao-foto-ministerio-do-esporte.jpg","datePublished":"2020-11-16T11:00:03+00:00","breadcrumb":{"@id":"https:\/\/agenciainfra.com\/blog\/anac-finaliza-primeiros-processos-de-reequilibrio-de-contratos-de-concessoes-de-aeroportos-pos-covid\/#breadcrumb"},"inLanguage":"pt-BR","potentialAction":[{"@type":"ReadAction","target":["https:\/\/agenciainfra.com\/blog\/anac-finaliza-primeiros-processos-de-reequilibrio-de-contratos-de-concessoes-de-aeroportos-pos-covid\/"]}]},{"@type":"ImageObject","inLanguage":"pt-BR","@id":"https:\/\/agenciainfra.com\/blog\/anac-finaliza-primeiros-processos-de-reequilibrio-de-contratos-de-concessoes-de-aeroportos-pos-covid\/#primaryimage","url":"https:\/\/agenciainfra.com\/blog\/wp-content\/uploads\/2020\/11\/aeroporto-galeao-foto-ministerio-do-esporte.jpg","contentUrl":"https:\/\/agenciainfra.com\/blog\/wp-content\/uploads\/2020\/11\/aeroporto-galeao-foto-ministerio-do-esporte.jpg","width":1280,"height":950,"caption":"Foto: Minist\u00e9rio do Esporte"},{"@type":"BreadcrumbList","@id":"https:\/\/agenciainfra.com\/blog\/anac-finaliza-primeiros-processos-de-reequilibrio-de-contratos-de-concessoes-de-aeroportos-pos-covid\/#breadcrumb","itemListElement":[{"@type":"ListItem","position":1,"name":"In\u00edcio","item":"https:\/\/agenciainfra.com\/blog\/"},{"@type":"ListItem","position":2,"name":"ANAC finaliza primeiros processos de reequil\u00edbrio de contratos de concess\u00f5es de aeroportos p\u00f3s-Covid"}]},{"@type":"WebSite","@id":"https:\/\/agenciainfra.com\/blog\/#website","url":"https:\/\/agenciainfra.com\/blog\/","name":"Ag\u00eancia iNFRA","description":"Multiplataforma de informa\u00e7\u00e3o jornal\u00edstica refer\u00eancia na \u00e1rea de infraestrutura no Brasil!","publisher":{"@id":"https:\/\/agenciainfra.com\/blog\/#organization"},"potentialAction":[{"@type":"SearchAction","target":{"@type":"EntryPoint","urlTemplate":"https:\/\/agenciainfra.com\/blog\/?s={search_term_string}"},"query-input":{"@type":"PropertyValueSpecification","valueRequired":true,"valueName":"search_term_string"}}],"inLanguage":"pt-BR"},{"@type":"Organization","@id":"https:\/\/agenciainfra.com\/blog\/#organization","name":"Ag\u00eancia iNFRA","url":"https:\/\/agenciainfra.com\/blog\/","logo":{"@type":"ImageObject","inLanguage":"pt-BR","@id":"https:\/\/agenciainfra.com\/blog\/#\/schema\/logo\/image\/","url":"https:\/\/agenciainfra.com\/blog\/wp-content\/uploads\/2023\/09\/iNFRA_5-e1761735885940.png","contentUrl":"https:\/\/agenciainfra.com\/blog\/wp-content\/uploads\/2023\/09\/iNFRA_5-e1761735885940.png","width":1672,"height":454,"caption":"Ag\u00eancia iNFRA"},"image":{"@id":"https:\/\/agenciainfra.com\/blog\/#\/schema\/logo\/image\/"},"sameAs":["https:\/\/www.facebook.com\/ageninfra","https:\/\/x.com\/agencia_infra","https:\/\/www.linkedin.com\/company\/ag\u00eanciainfra\/","https:\/\/www.instagram.com\/agenciainfra\/"]},{"@type":"Person","@id":"https:\/\/agenciainfra.com\/blog\/#\/schema\/person\/04dbb79bd6d8951f063da71f3e4c1eb1","name":"Rodrigo Zuquim","image":{"@type":"ImageObject","inLanguage":"pt-BR","@id":"https:\/\/agenciainfra.com\/blog\/#\/schema\/person\/image\/","url":"https:\/\/secure.gravatar.com\/avatar\/594abfe82761d620726242ff34ca472a705a4b97f16c790053a6b4c4035274d0?s=96&d=mm&r=g","contentUrl":"https:\/\/secure.gravatar.com\/avatar\/594abfe82761d620726242ff34ca472a705a4b97f16c790053a6b4c4035274d0?s=96&d=mm&r=g","caption":"Rodrigo Zuquim"},"url":"https:\/\/agenciainfra.com\/blog\/author\/rodrigo-zuquim\/"}]}},"_links":{"self":[{"href":"https:\/\/agenciainfra.com\/blog\/wp-json\/wp\/v2\/posts\/6354","targetHints":{"allow":["GET"]}}],"collection":[{"href":"https:\/\/agenciainfra.com\/blog\/wp-json\/wp\/v2\/posts"}],"about":[{"href":"https:\/\/agenciainfra.com\/blog\/wp-json\/wp\/v2\/types\/post"}],"author":[{"embeddable":true,"href":"https:\/\/agenciainfra.com\/blog\/wp-json\/wp\/v2\/users\/9"}],"replies":[{"embeddable":true,"href":"https:\/\/agenciainfra.com\/blog\/wp-json\/wp\/v2\/comments?post=6354"}],"version-history":[{"count":0,"href":"https:\/\/agenciainfra.com\/blog\/wp-json\/wp\/v2\/posts\/6354\/revisions"}],"wp:featuredmedia":[{"embeddable":true,"href":"https:\/\/agenciainfra.com\/blog\/wp-json\/wp\/v2\/media\/6355"}],"wp:attachment":[{"href":"https:\/\/agenciainfra.com\/blog\/wp-json\/wp\/v2\/media?parent=6354"}],"wp:term":[{"taxonomy":"category","embeddable":true,"href":"https:\/\/agenciainfra.com\/blog\/wp-json\/wp\/v2\/categories?post=6354"},{"taxonomy":"post_tag","embeddable":true,"href":"https:\/\/agenciainfra.com\/blog\/wp-json\/wp\/v2\/tags?post=6354"}],"curies":[{"name":"wp","href":"https:\/\/api.w.org\/{rel}","templated":true}]}}