{"id":6361,"date":"2020-11-18T08:00:36","date_gmt":"2020-11-18T11:00:36","guid":{"rendered":"https:\/\/www.agenciainfra.com\/blog\/?p=6361"},"modified":"2020-11-16T10:33:44","modified_gmt":"2020-11-16T13:33:44","slug":"modelo-de-encerramento-e-relicitacao-da-dutra-e-crt-e-base-de-proposta-de-nova-resolucao-da-antt","status":"publish","type":"post","link":"https:\/\/agenciainfra.com\/blog\/modelo-de-encerramento-e-relicitacao-da-dutra-e-crt-e-base-de-proposta-de-nova-resolucao-da-antt\/","title":{"rendered":"Modelo de encerramento e relicita\u00e7\u00e3o da Dutra e CRT \u00e9 base de proposta de nova resolu\u00e7\u00e3o da ANTT"},"content":{"rendered":"\n<hr class=\"wp-block-separator\"\/>\n\n\n\n<p class=\"has-text-align-right\"><strong>Tales Silveira, da&nbsp;Ag\u00eancia iNFRA<\/strong><\/p>\n\n\n\n<p>A solu\u00e7\u00e3o dada para opera\u00e7\u00e3o al\u00e9m do per\u00edodo de contrato das concession\u00e1rias de rodovia CCR Nova Dutra e CRT serviu de base para a minuta de resolu\u00e7\u00e3o que estabelece as diretrizes para encerramento e relicita\u00e7\u00e3o de todos os contratos de concess\u00e3o de infraestrutura rodovi\u00e1ria federal.<br><br>A minuta \u00e9 objeto da\u00a0<a rel=\"noreferrer noopener\" href=\"https:\/\/agenciainfra.us14.list-manage.com\/track\/click?u=d460dd1bcf9ba0ae040e1fc0f&amp;id=d783e1cbbe&amp;e=c099169394\" target=\"_blank\">Audi\u00eancia P\u00fablica 05\/2020<\/a>, lan\u00e7ada pela ANTT (Ag\u00eancia Nacional de Transportes Terrestres) e que estar\u00e1 aberta para receber contribui\u00e7\u00f5es\u00a0a partir de hoje (18).<br>\u00a0<br>A afirma\u00e7\u00e3o partiu do superintendente\u00a0de Infraestrutura Rodovi\u00e1ria da ANTT, Andr\u00e9 Lu\u00eds Freire. Em conversa com a\u00a0<strong>Ag\u00eancia iNFRA<\/strong>, ele explicou que tanto a CRT quanto a Dutra ter\u00e3o seus contratos ampliados at\u00e9 que sejam realizados os novos leil\u00f5es.\u00a0<br>\u00a0<br>\u201cOs contratos est\u00e3o chegando ao fim e n\u00e3o vai dar tempo de concluir a licita\u00e7\u00e3o da Dutra e da CRT. Vamos ter que usar o dispositivo do artigo 32 da Lei 13.448 para estender at\u00e9 24 meses, como ela permite. N\u00e3o necessariamente todo esse tempo, mas \u00e9 o que ela permite. Portanto, dentro do meu gabinete, uma das primeiras coisas que fiz foi instalar uma assessoria para cuidar destes dois temas: caducidade e encerramentos contratuais. Ali, foi constru\u00eddo um primeiro boneco dessa resolu\u00e7\u00e3o que levamos a audi\u00eancia p\u00fablica\u201d, disse o superintendente.<br>\u00a0<br>Freire explicou ainda que durante as tratativas com as concession\u00e1rias, in\u00fameras d\u00favidas foram surgindo. A nova resolu\u00e7\u00e3o proposta ter\u00e1 como objetivo resolver os principais problemas levantados ao longo dessas reuni\u00f5es.<br>\u00a0<br>\u201cEst\u00e1vamos cada dia mais chegando ao fim desses contratos que acabam em fevereiro e mar\u00e7o de 2021. Para cada reuni\u00e3o desses contratos, a conversa \u00e9 que n\u00e3o tinham normas para definir o que deveria ser feito e, portanto, existe uma dificuldade na transi\u00e7\u00e3o operacional&#8221;, disse Freire, apontando d\u00favidas sobre como calcular a tarifa de um aditivo e quais as obriga\u00e7\u00f5es impor ao concession\u00e1rio, por exemplo.<br><br><strong>Modelo adapt\u00e1vel<\/strong><br>A ideia, segundo Freire, \u00e9 que as solu\u00e7\u00f5es apresentadas na minuta sejam debatidas para que a resolu\u00e7\u00e3o responda \u00e0s indaga\u00e7\u00f5es levantadas durante as conversas. Entre as propostas, por exemplo, est\u00e3o as cl\u00e1usulas obrigat\u00f3rias dos\u00a0termos aditivos\u00a0para\u00a0relicita\u00e7\u00e3o ou extens\u00e3o de prazo do contrato. H\u00e1 ainda\u00a0 um cap\u00edtulo inteiro sobre a transi\u00e7\u00e3o operacional e dos ativos.<br><br>Ainda segundo o superintende, outro grande objetivo da resolu\u00e7\u00e3o ser\u00e1 apresentar um modelo de regula\u00e7\u00e3o mais adapt\u00e1vel a diferentes situa\u00e7\u00f5es apresentadas. Tamb\u00e9m deve fazer com que a ag\u00eancia desenvolva mecanismos de puni\u00e7\u00e3o para as concession\u00e1rias que n\u00e3o cumprirem com o contrato<br>\u00a0<br>\u201cVimos que a ag\u00eancia est\u00e1 absorta no modelo de regula\u00e7\u00e3o por custo quando os nossos contratos precisariam ser mais regulados por performance ou resultados. Temos mecanismos excelentes de legisla\u00e7\u00e3o responsiva que n\u00e3o usamos em nossos contratos. Ou seja, dar um tratamento privilegiado para aquelas concession\u00e1rias que t\u00eam entregado o servi\u00e7o e uma m\u00e3o mais pesada e punitiva da ag\u00eancia para aqueles que de fato n\u00e3o entregam\u201d, disse.<br>\u00a0<br>As\u00a0sugest\u00f5es e contribui\u00e7\u00f5es \u00e0 resolu\u00e7\u00e3o j\u00e1 foram autorizadas pelo \u00f3rg\u00e3o\u00a0no\u00a0<a rel=\"noreferrer noopener\" href=\"https:\/\/agenciainfra.us14.list-manage.com\/track\/click?u=d460dd1bcf9ba0ae040e1fc0f&amp;id=0ddf43bb0f&amp;e=c099169394\" target=\"_blank\">DOU (Di\u00e1rio Oficial da Uni\u00e3o)<\/a>\u00a0da \u00faltima quinta-feira (12). A sess\u00e3o p\u00fablica virtual ser\u00e1 realizada por videoconfer\u00eancia ou outro meio eletr\u00f4nico no dia 26 de novembro.<\/p>\n","protected":false},"excerpt":{"rendered":"<p>Tales Silveira, da&nbsp;Ag\u00eancia iNFRA A solu\u00e7\u00e3o dada para opera\u00e7\u00e3o al\u00e9m do per\u00edodo de contrato das concession\u00e1rias de rodovia CCR Nova Dutra e CRT serviu de base para a minuta de resolu\u00e7\u00e3o que estabelece as diretrizes para encerramento e relicita\u00e7\u00e3o de todos os contratos de concess\u00e3o de infraestrutura rodovi\u00e1ria federal. A minuta \u00e9 objeto da\u00a0Audi\u00eancia P\u00fablica [&hellip;]<\/p>\n","protected":false},"author":9,"featured_media":6362,"comment_status":"closed","ping_status":"closed","sticky":false,"template":"","format":"standard","meta":{"_monsterinsights_skip_tracking":false,"_monsterinsights_sitenote_active":false,"_monsterinsights_sitenote_note":"","_monsterinsights_sitenote_category":0,"footnotes":""},"categories":[1,7],"tags":[1674,19,799,22,687,1027,126],"class_list":["post-6361","post","type-post","status-publish","format-standard","has-post-thumbnail","hentry","category-geral","category-infratransporte","tag-andre-luis-freire","tag-antt","tag-ccr-nova-dutra","tag-concessao","tag-crt","tag-relicitacao","tag-rodovias"],"yoast_head":"<!-- This site is optimized with the Yoast SEO Premium plugin v25.4 (Yoast SEO v26.0) - https:\/\/yoast.com\/wordpress\/plugins\/seo\/ -->\n<title>Modelo de encerramento e relicita\u00e7\u00e3o da Dutra e CRT \u00e9 base de proposta de nova resolu\u00e7\u00e3o da ANTT - Ag\u00eancia iNFRA<\/title>\n<meta name=\"robots\" content=\"index, follow, max-snippet:-1, max-image-preview:large, max-video-preview:-1\" \/>\n<link rel=\"canonical\" href=\"https:\/\/agenciainfra.com\/blog\/modelo-de-encerramento-e-relicitacao-da-dutra-e-crt-e-base-de-proposta-de-nova-resolucao-da-antt\/\" \/>\n<meta property=\"og:locale\" content=\"pt_BR\" \/>\n<meta property=\"og:type\" content=\"article\" \/>\n<meta property=\"og:title\" content=\"Modelo de encerramento e relicita\u00e7\u00e3o da Dutra e CRT \u00e9 base de proposta de nova resolu\u00e7\u00e3o da ANTT\" \/>\n<meta property=\"og:description\" content=\"Tales Silveira, da&nbsp;Ag\u00eancia iNFRA A solu\u00e7\u00e3o dada para opera\u00e7\u00e3o al\u00e9m do per\u00edodo de contrato das concession\u00e1rias de rodovia CCR Nova Dutra e CRT serviu de base para a minuta de resolu\u00e7\u00e3o que estabelece as diretrizes para encerramento e relicita\u00e7\u00e3o de todos os contratos de concess\u00e3o de infraestrutura rodovi\u00e1ria federal. A minuta \u00e9 objeto da\u00a0Audi\u00eancia P\u00fablica [&hellip;]\" \/>\n<meta property=\"og:url\" content=\"https:\/\/agenciainfra.com\/blog\/modelo-de-encerramento-e-relicitacao-da-dutra-e-crt-e-base-de-proposta-de-nova-resolucao-da-antt\/\" \/>\n<meta property=\"og:site_name\" content=\"Ag\u00eancia iNFRA\" \/>\n<meta property=\"article:publisher\" content=\"https:\/\/www.facebook.com\/ageninfra\" \/>\n<meta property=\"article:published_time\" content=\"2020-11-18T11:00:36+00:00\" \/>\n<meta property=\"og:image\" content=\"https:\/\/agenciainfra.com\/blog\/wp-content\/uploads\/2020\/11\/br-116-101-sp-rj-foto-antt.jpeg\" \/>\n\t<meta property=\"og:image:width\" content=\"1280\" \/>\n\t<meta property=\"og:image:height\" content=\"852\" \/>\n\t<meta property=\"og:image:type\" content=\"image\/jpeg\" \/>\n<meta name=\"author\" content=\"Rodrigo Zuquim\" \/>\n<meta name=\"twitter:card\" content=\"summary_large_image\" \/>\n<meta name=\"twitter:creator\" content=\"@agencia_infra\" \/>\n<meta name=\"twitter:site\" content=\"@agencia_infra\" \/>\n<meta name=\"twitter:label1\" content=\"Escrito por\" \/>\n\t<meta name=\"twitter:data1\" content=\"Rodrigo Zuquim\" \/>\n\t<meta name=\"twitter:label2\" content=\"Est. tempo de leitura\" \/>\n\t<meta name=\"twitter:data2\" content=\"3 minutos\" \/>\n<script type=\"application\/ld+json\" class=\"yoast-schema-graph\">{\"@context\":\"https:\/\/schema.org\",\"@graph\":[{\"@type\":\"Article\",\"@id\":\"https:\/\/agenciainfra.com\/blog\/modelo-de-encerramento-e-relicitacao-da-dutra-e-crt-e-base-de-proposta-de-nova-resolucao-da-antt\/#article\",\"isPartOf\":{\"@id\":\"https:\/\/agenciainfra.com\/blog\/modelo-de-encerramento-e-relicitacao-da-dutra-e-crt-e-base-de-proposta-de-nova-resolucao-da-antt\/\"},\"author\":{\"name\":\"Rodrigo Zuquim\",\"@id\":\"https:\/\/agenciainfra.com\/blog\/#\/schema\/person\/04dbb79bd6d8951f063da71f3e4c1eb1\"},\"headline\":\"Modelo de encerramento e relicita\u00e7\u00e3o da Dutra e CRT \u00e9 base de proposta de nova resolu\u00e7\u00e3o da ANTT\",\"datePublished\":\"2020-11-18T11:00:36+00:00\",\"mainEntityOfPage\":{\"@id\":\"https:\/\/agenciainfra.com\/blog\/modelo-de-encerramento-e-relicitacao-da-dutra-e-crt-e-base-de-proposta-de-nova-resolucao-da-antt\/\"},\"wordCount\":596,\"publisher\":{\"@id\":\"https:\/\/agenciainfra.com\/blog\/#organization\"},\"image\":{\"@id\":\"https:\/\/agenciainfra.com\/blog\/modelo-de-encerramento-e-relicitacao-da-dutra-e-crt-e-base-de-proposta-de-nova-resolucao-da-antt\/#primaryimage\"},\"thumbnailUrl\":\"https:\/\/agenciainfra.com\/blog\/wp-content\/uploads\/2020\/11\/br-116-101-sp-rj-foto-antt.jpeg\",\"keywords\":[\"Andr\u00e9 Lu\u00eds Freire\",\"ANTT\",\"CCR Nova Dutra\",\"Concess\u00e3o\",\"CRT\",\"relicita\u00e7\u00e3o\",\"rodovias\"],\"articleSection\":[\"Geral\",\"iNFRATransporte\"],\"inLanguage\":\"pt-BR\",\"copyrightYear\":\"2020\",\"copyrightHolder\":{\"@id\":\"https:\/\/agenciainfra.com\/blog\/#organization\"}},{\"@type\":\"WebPage\",\"@id\":\"https:\/\/agenciainfra.com\/blog\/modelo-de-encerramento-e-relicitacao-da-dutra-e-crt-e-base-de-proposta-de-nova-resolucao-da-antt\/\",\"url\":\"https:\/\/agenciainfra.com\/blog\/modelo-de-encerramento-e-relicitacao-da-dutra-e-crt-e-base-de-proposta-de-nova-resolucao-da-antt\/\",\"name\":\"Modelo de encerramento e relicita\u00e7\u00e3o da Dutra e CRT \u00e9 base de proposta de nova resolu\u00e7\u00e3o da ANTT - Ag\u00eancia iNFRA\",\"isPartOf\":{\"@id\":\"https:\/\/agenciainfra.com\/blog\/#website\"},\"primaryImageOfPage\":{\"@id\":\"https:\/\/agenciainfra.com\/blog\/modelo-de-encerramento-e-relicitacao-da-dutra-e-crt-e-base-de-proposta-de-nova-resolucao-da-antt\/#primaryimage\"},\"image\":{\"@id\":\"https:\/\/agenciainfra.com\/blog\/modelo-de-encerramento-e-relicitacao-da-dutra-e-crt-e-base-de-proposta-de-nova-resolucao-da-antt\/#primaryimage\"},\"thumbnailUrl\":\"https:\/\/agenciainfra.com\/blog\/wp-content\/uploads\/2020\/11\/br-116-101-sp-rj-foto-antt.jpeg\",\"datePublished\":\"2020-11-18T11:00:36+00:00\",\"breadcrumb\":{\"@id\":\"https:\/\/agenciainfra.com\/blog\/modelo-de-encerramento-e-relicitacao-da-dutra-e-crt-e-base-de-proposta-de-nova-resolucao-da-antt\/#breadcrumb\"},\"inLanguage\":\"pt-BR\",\"potentialAction\":[{\"@type\":\"ReadAction\",\"target\":[\"https:\/\/agenciainfra.com\/blog\/modelo-de-encerramento-e-relicitacao-da-dutra-e-crt-e-base-de-proposta-de-nova-resolucao-da-antt\/\"]}]},{\"@type\":\"ImageObject\",\"inLanguage\":\"pt-BR\",\"@id\":\"https:\/\/agenciainfra.com\/blog\/modelo-de-encerramento-e-relicitacao-da-dutra-e-crt-e-base-de-proposta-de-nova-resolucao-da-antt\/#primaryimage\",\"url\":\"https:\/\/agenciainfra.com\/blog\/wp-content\/uploads\/2020\/11\/br-116-101-sp-rj-foto-antt.jpeg\",\"contentUrl\":\"https:\/\/agenciainfra.com\/blog\/wp-content\/uploads\/2020\/11\/br-116-101-sp-rj-foto-antt.jpeg\",\"width\":1280,\"height\":852},{\"@type\":\"BreadcrumbList\",\"@id\":\"https:\/\/agenciainfra.com\/blog\/modelo-de-encerramento-e-relicitacao-da-dutra-e-crt-e-base-de-proposta-de-nova-resolucao-da-antt\/#breadcrumb\",\"itemListElement\":[{\"@type\":\"ListItem\",\"position\":1,\"name\":\"In\u00edcio\",\"item\":\"https:\/\/agenciainfra.com\/blog\/\"},{\"@type\":\"ListItem\",\"position\":2,\"name\":\"Modelo de encerramento e relicita\u00e7\u00e3o da Dutra e CRT \u00e9 base de proposta de nova resolu\u00e7\u00e3o da ANTT\"}]},{\"@type\":\"WebSite\",\"@id\":\"https:\/\/agenciainfra.com\/blog\/#website\",\"url\":\"https:\/\/agenciainfra.com\/blog\/\",\"name\":\"Ag\u00eancia iNFRA\",\"description\":\"Multiplataforma de informa\u00e7\u00e3o jornal\u00edstica refer\u00eancia na \u00e1rea de infraestrutura no Brasil!\",\"publisher\":{\"@id\":\"https:\/\/agenciainfra.com\/blog\/#organization\"},\"potentialAction\":[{\"@type\":\"SearchAction\",\"target\":{\"@type\":\"EntryPoint\",\"urlTemplate\":\"https:\/\/agenciainfra.com\/blog\/?s={search_term_string}\"},\"query-input\":{\"@type\":\"PropertyValueSpecification\",\"valueRequired\":true,\"valueName\":\"search_term_string\"}}],\"inLanguage\":\"pt-BR\"},{\"@type\":\"Organization\",\"@id\":\"https:\/\/agenciainfra.com\/blog\/#organization\",\"name\":\"Ag\u00eancia iNFRA\",\"url\":\"https:\/\/agenciainfra.com\/blog\/\",\"logo\":{\"@type\":\"ImageObject\",\"inLanguage\":\"pt-BR\",\"@id\":\"https:\/\/agenciainfra.com\/blog\/#\/schema\/logo\/image\/\",\"url\":\"https:\/\/agenciainfra.com\/blog\/wp-content\/uploads\/2023\/09\/iNFRA_5-e1761735885940.png\",\"contentUrl\":\"https:\/\/agenciainfra.com\/blog\/wp-content\/uploads\/2023\/09\/iNFRA_5-e1761735885940.png\",\"width\":1672,\"height\":454,\"caption\":\"Ag\u00eancia iNFRA\"},\"image\":{\"@id\":\"https:\/\/agenciainfra.com\/blog\/#\/schema\/logo\/image\/\"},\"sameAs\":[\"https:\/\/www.facebook.com\/ageninfra\",\"https:\/\/x.com\/agencia_infra\",\"https:\/\/www.linkedin.com\/company\/ag\u00eanciainfra\/\",\"https:\/\/www.instagram.com\/agenciainfra\/\"]},{\"@type\":\"Person\",\"@id\":\"https:\/\/agenciainfra.com\/blog\/#\/schema\/person\/04dbb79bd6d8951f063da71f3e4c1eb1\",\"name\":\"Rodrigo Zuquim\",\"image\":{\"@type\":\"ImageObject\",\"inLanguage\":\"pt-BR\",\"@id\":\"https:\/\/agenciainfra.com\/blog\/#\/schema\/person\/image\/\",\"url\":\"https:\/\/secure.gravatar.com\/avatar\/594abfe82761d620726242ff34ca472a705a4b97f16c790053a6b4c4035274d0?s=96&d=mm&r=g\",\"contentUrl\":\"https:\/\/secure.gravatar.com\/avatar\/594abfe82761d620726242ff34ca472a705a4b97f16c790053a6b4c4035274d0?s=96&d=mm&r=g\",\"caption\":\"Rodrigo Zuquim\"},\"url\":\"https:\/\/agenciainfra.com\/blog\/author\/rodrigo-zuquim\/\"}]}<\/script>\n<!-- \/ Yoast SEO Premium plugin. -->","yoast_head_json":{"title":"Modelo de encerramento e relicita\u00e7\u00e3o da Dutra e CRT \u00e9 base de proposta de nova resolu\u00e7\u00e3o da ANTT - Ag\u00eancia iNFRA","robots":{"index":"index","follow":"follow","max-snippet":"max-snippet:-1","max-image-preview":"max-image-preview:large","max-video-preview":"max-video-preview:-1"},"canonical":"https:\/\/agenciainfra.com\/blog\/modelo-de-encerramento-e-relicitacao-da-dutra-e-crt-e-base-de-proposta-de-nova-resolucao-da-antt\/","og_locale":"pt_BR","og_type":"article","og_title":"Modelo de encerramento e relicita\u00e7\u00e3o da Dutra e CRT \u00e9 base de proposta de nova resolu\u00e7\u00e3o da ANTT","og_description":"Tales Silveira, da&nbsp;Ag\u00eancia iNFRA A solu\u00e7\u00e3o dada para opera\u00e7\u00e3o al\u00e9m do per\u00edodo de contrato das concession\u00e1rias de rodovia CCR Nova Dutra e CRT serviu de base para a minuta de resolu\u00e7\u00e3o que estabelece as diretrizes para encerramento e relicita\u00e7\u00e3o de todos os contratos de concess\u00e3o de infraestrutura rodovi\u00e1ria federal. A minuta \u00e9 objeto da\u00a0Audi\u00eancia P\u00fablica [&hellip;]","og_url":"https:\/\/agenciainfra.com\/blog\/modelo-de-encerramento-e-relicitacao-da-dutra-e-crt-e-base-de-proposta-de-nova-resolucao-da-antt\/","og_site_name":"Ag\u00eancia iNFRA","article_publisher":"https:\/\/www.facebook.com\/ageninfra","article_published_time":"2020-11-18T11:00:36+00:00","og_image":[{"width":1280,"height":852,"url":"https:\/\/agenciainfra.com\/blog\/wp-content\/uploads\/2020\/11\/br-116-101-sp-rj-foto-antt.jpeg","type":"image\/jpeg"}],"author":"Rodrigo Zuquim","twitter_card":"summary_large_image","twitter_creator":"@agencia_infra","twitter_site":"@agencia_infra","twitter_misc":{"Escrito por":"Rodrigo Zuquim","Est. tempo de leitura":"3 minutos"},"schema":{"@context":"https:\/\/schema.org","@graph":[{"@type":"Article","@id":"https:\/\/agenciainfra.com\/blog\/modelo-de-encerramento-e-relicitacao-da-dutra-e-crt-e-base-de-proposta-de-nova-resolucao-da-antt\/#article","isPartOf":{"@id":"https:\/\/agenciainfra.com\/blog\/modelo-de-encerramento-e-relicitacao-da-dutra-e-crt-e-base-de-proposta-de-nova-resolucao-da-antt\/"},"author":{"name":"Rodrigo Zuquim","@id":"https:\/\/agenciainfra.com\/blog\/#\/schema\/person\/04dbb79bd6d8951f063da71f3e4c1eb1"},"headline":"Modelo de encerramento e relicita\u00e7\u00e3o da Dutra e CRT \u00e9 base de proposta de nova resolu\u00e7\u00e3o da ANTT","datePublished":"2020-11-18T11:00:36+00:00","mainEntityOfPage":{"@id":"https:\/\/agenciainfra.com\/blog\/modelo-de-encerramento-e-relicitacao-da-dutra-e-crt-e-base-de-proposta-de-nova-resolucao-da-antt\/"},"wordCount":596,"publisher":{"@id":"https:\/\/agenciainfra.com\/blog\/#organization"},"image":{"@id":"https:\/\/agenciainfra.com\/blog\/modelo-de-encerramento-e-relicitacao-da-dutra-e-crt-e-base-de-proposta-de-nova-resolucao-da-antt\/#primaryimage"},"thumbnailUrl":"https:\/\/agenciainfra.com\/blog\/wp-content\/uploads\/2020\/11\/br-116-101-sp-rj-foto-antt.jpeg","keywords":["Andr\u00e9 Lu\u00eds Freire","ANTT","CCR Nova Dutra","Concess\u00e3o","CRT","relicita\u00e7\u00e3o","rodovias"],"articleSection":["Geral","iNFRATransporte"],"inLanguage":"pt-BR","copyrightYear":"2020","copyrightHolder":{"@id":"https:\/\/agenciainfra.com\/blog\/#organization"}},{"@type":"WebPage","@id":"https:\/\/agenciainfra.com\/blog\/modelo-de-encerramento-e-relicitacao-da-dutra-e-crt-e-base-de-proposta-de-nova-resolucao-da-antt\/","url":"https:\/\/agenciainfra.com\/blog\/modelo-de-encerramento-e-relicitacao-da-dutra-e-crt-e-base-de-proposta-de-nova-resolucao-da-antt\/","name":"Modelo de encerramento e relicita\u00e7\u00e3o da Dutra e CRT \u00e9 base de proposta de nova resolu\u00e7\u00e3o da ANTT - Ag\u00eancia iNFRA","isPartOf":{"@id":"https:\/\/agenciainfra.com\/blog\/#website"},"primaryImageOfPage":{"@id":"https:\/\/agenciainfra.com\/blog\/modelo-de-encerramento-e-relicitacao-da-dutra-e-crt-e-base-de-proposta-de-nova-resolucao-da-antt\/#primaryimage"},"image":{"@id":"https:\/\/agenciainfra.com\/blog\/modelo-de-encerramento-e-relicitacao-da-dutra-e-crt-e-base-de-proposta-de-nova-resolucao-da-antt\/#primaryimage"},"thumbnailUrl":"https:\/\/agenciainfra.com\/blog\/wp-content\/uploads\/2020\/11\/br-116-101-sp-rj-foto-antt.jpeg","datePublished":"2020-11-18T11:00:36+00:00","breadcrumb":{"@id":"https:\/\/agenciainfra.com\/blog\/modelo-de-encerramento-e-relicitacao-da-dutra-e-crt-e-base-de-proposta-de-nova-resolucao-da-antt\/#breadcrumb"},"inLanguage":"pt-BR","potentialAction":[{"@type":"ReadAction","target":["https:\/\/agenciainfra.com\/blog\/modelo-de-encerramento-e-relicitacao-da-dutra-e-crt-e-base-de-proposta-de-nova-resolucao-da-antt\/"]}]},{"@type":"ImageObject","inLanguage":"pt-BR","@id":"https:\/\/agenciainfra.com\/blog\/modelo-de-encerramento-e-relicitacao-da-dutra-e-crt-e-base-de-proposta-de-nova-resolucao-da-antt\/#primaryimage","url":"https:\/\/agenciainfra.com\/blog\/wp-content\/uploads\/2020\/11\/br-116-101-sp-rj-foto-antt.jpeg","contentUrl":"https:\/\/agenciainfra.com\/blog\/wp-content\/uploads\/2020\/11\/br-116-101-sp-rj-foto-antt.jpeg","width":1280,"height":852},{"@type":"BreadcrumbList","@id":"https:\/\/agenciainfra.com\/blog\/modelo-de-encerramento-e-relicitacao-da-dutra-e-crt-e-base-de-proposta-de-nova-resolucao-da-antt\/#breadcrumb","itemListElement":[{"@type":"ListItem","position":1,"name":"In\u00edcio","item":"https:\/\/agenciainfra.com\/blog\/"},{"@type":"ListItem","position":2,"name":"Modelo de encerramento e relicita\u00e7\u00e3o da Dutra e CRT \u00e9 base de proposta de nova resolu\u00e7\u00e3o da ANTT"}]},{"@type":"WebSite","@id":"https:\/\/agenciainfra.com\/blog\/#website","url":"https:\/\/agenciainfra.com\/blog\/","name":"Ag\u00eancia iNFRA","description":"Multiplataforma de informa\u00e7\u00e3o jornal\u00edstica refer\u00eancia na \u00e1rea de infraestrutura no Brasil!","publisher":{"@id":"https:\/\/agenciainfra.com\/blog\/#organization"},"potentialAction":[{"@type":"SearchAction","target":{"@type":"EntryPoint","urlTemplate":"https:\/\/agenciainfra.com\/blog\/?s={search_term_string}"},"query-input":{"@type":"PropertyValueSpecification","valueRequired":true,"valueName":"search_term_string"}}],"inLanguage":"pt-BR"},{"@type":"Organization","@id":"https:\/\/agenciainfra.com\/blog\/#organization","name":"Ag\u00eancia iNFRA","url":"https:\/\/agenciainfra.com\/blog\/","logo":{"@type":"ImageObject","inLanguage":"pt-BR","@id":"https:\/\/agenciainfra.com\/blog\/#\/schema\/logo\/image\/","url":"https:\/\/agenciainfra.com\/blog\/wp-content\/uploads\/2023\/09\/iNFRA_5-e1761735885940.png","contentUrl":"https:\/\/agenciainfra.com\/blog\/wp-content\/uploads\/2023\/09\/iNFRA_5-e1761735885940.png","width":1672,"height":454,"caption":"Ag\u00eancia iNFRA"},"image":{"@id":"https:\/\/agenciainfra.com\/blog\/#\/schema\/logo\/image\/"},"sameAs":["https:\/\/www.facebook.com\/ageninfra","https:\/\/x.com\/agencia_infra","https:\/\/www.linkedin.com\/company\/ag\u00eanciainfra\/","https:\/\/www.instagram.com\/agenciainfra\/"]},{"@type":"Person","@id":"https:\/\/agenciainfra.com\/blog\/#\/schema\/person\/04dbb79bd6d8951f063da71f3e4c1eb1","name":"Rodrigo Zuquim","image":{"@type":"ImageObject","inLanguage":"pt-BR","@id":"https:\/\/agenciainfra.com\/blog\/#\/schema\/person\/image\/","url":"https:\/\/secure.gravatar.com\/avatar\/594abfe82761d620726242ff34ca472a705a4b97f16c790053a6b4c4035274d0?s=96&d=mm&r=g","contentUrl":"https:\/\/secure.gravatar.com\/avatar\/594abfe82761d620726242ff34ca472a705a4b97f16c790053a6b4c4035274d0?s=96&d=mm&r=g","caption":"Rodrigo Zuquim"},"url":"https:\/\/agenciainfra.com\/blog\/author\/rodrigo-zuquim\/"}]}},"_links":{"self":[{"href":"https:\/\/agenciainfra.com\/blog\/wp-json\/wp\/v2\/posts\/6361","targetHints":{"allow":["GET"]}}],"collection":[{"href":"https:\/\/agenciainfra.com\/blog\/wp-json\/wp\/v2\/posts"}],"about":[{"href":"https:\/\/agenciainfra.com\/blog\/wp-json\/wp\/v2\/types\/post"}],"author":[{"embeddable":true,"href":"https:\/\/agenciainfra.com\/blog\/wp-json\/wp\/v2\/users\/9"}],"replies":[{"embeddable":true,"href":"https:\/\/agenciainfra.com\/blog\/wp-json\/wp\/v2\/comments?post=6361"}],"version-history":[{"count":0,"href":"https:\/\/agenciainfra.com\/blog\/wp-json\/wp\/v2\/posts\/6361\/revisions"}],"wp:featuredmedia":[{"embeddable":true,"href":"https:\/\/agenciainfra.com\/blog\/wp-json\/wp\/v2\/media\/6362"}],"wp:attachment":[{"href":"https:\/\/agenciainfra.com\/blog\/wp-json\/wp\/v2\/media?parent=6361"}],"wp:term":[{"taxonomy":"category","embeddable":true,"href":"https:\/\/agenciainfra.com\/blog\/wp-json\/wp\/v2\/categories?post=6361"},{"taxonomy":"post_tag","embeddable":true,"href":"https:\/\/agenciainfra.com\/blog\/wp-json\/wp\/v2\/tags?post=6361"}],"curies":[{"name":"wp","href":"https:\/\/api.w.org\/{rel}","templated":true}]}}