{"id":6377,"date":"2020-11-20T08:02:48","date_gmt":"2020-11-20T11:02:48","guid":{"rendered":"https:\/\/www.agenciainfra.com\/blog\/?p=6377"},"modified":"2020-11-20T08:02:51","modified_gmt":"2020-11-20T11:02:51","slug":"aneel-libera-operacao-de-duas-termeletricas-da-eletronorte-para-abastecer-o-amapa-com-45-mw-de-energia","status":"publish","type":"post","link":"https:\/\/agenciainfra.com\/blog\/aneel-libera-operacao-de-duas-termeletricas-da-eletronorte-para-abastecer-o-amapa-com-45-mw-de-energia\/","title":{"rendered":"ANEEL libera opera\u00e7\u00e3o de duas termel\u00e9tricas da Eletronorte para abastecer o Amap\u00e1 com 45 MW de energia"},"content":{"rendered":"\n<p class=\"has-text-align-right\"><strong>da Ag\u00eancia iNFRA<\/strong><\/p>\n\n\n\n<p>Despacho 3.273 da Superintend\u00eancia de Fiscaliza\u00e7\u00e3o dos Servi\u00e7os de Gera\u00e7\u00e3o da ANEEL (Ag\u00eancia Nacional de Energia El\u00e9trica) liberou a opera\u00e7\u00e3o comercial de duas termel\u00e9tricas\u00a0para abastecer o Amap\u00e1 com 45 MW de energia.<\/p>\n\n\n\n<p>O despacho foi publicado no Di\u00e1rio Oficial da Uni\u00e3o desta sexta-feira (20) e est\u00e1 dispon\u00edvel <a rel=\"noreferrer noopener\" href=\"https:\/\/pesquisa.in.gov.br\/imprensa\/jsp\/visualiza\/index.jsp?data=20\/11\/2020&amp;jornal=515&amp;pagina=164&amp;totalArquivos=249\" target=\"_blank\" data-type=\"URL\" data-id=\"https:\/\/pesquisa.in.gov.br\/imprensa\/jsp\/visualiza\/index.jsp?data=20\/11\/2020&amp;jornal=515&amp;pagina=164&amp;totalArquivos=249\">neste link<\/a>.\u00a0A libera\u00e7\u00e3o para produ\u00e7\u00e3o comercial vale a partir deste s\u00e1bado (21).<\/p>\n\n\n\n<p>De acordo com o ato,\u00a0a UTE Santana II, com 24 unidades geradoras de 1.230 kW cada, totalizando pot\u00eancia instalada de 29,52 MW, vai garantir a gera\u00e7\u00e3o cont\u00ednua e ininterrupta de 25MW. J\u00e1 a UTE Santa Rita, com 20 unidades geradoras de 1.224 kW cada, totalizando 24,28 MW de pot\u00eancia instalada ser\u00e1 para garantia de gera\u00e7\u00e3o cont\u00ednua e ininterrupta de 20 MW. Ambas est\u00e3o instaladas em Macap\u00e1, a capital do estado.<\/p>\n\n\n\n<p>Segundo o despacho, a libera\u00e7\u00e3o \u00e9 em car\u00e1ter excepcional, nos termos da Portaria MME 406\/2020, que trata da situa\u00e7\u00e3o de emerg\u00eancia no Amap\u00e1 devido a uma s\u00e9rie de apag\u00f5es iniciados em 3 de novembro, ap\u00f3s problemas numa subesta\u00e7\u00e3o da LTME, transmissora privada de energia respons\u00e1vel pela \u00fanica linha que abastece o estado.<\/p>\n\n\n\n<p>A expectativa \u00e9 que com as duas unidades seja poss\u00edvel restabelecer completamente o fornecimento de energia do estado, que tem funcionado em esquema de rod\u00edzio ap\u00f3s a recupera\u00e7\u00e3o parcial do fornecimento.\u00a0\u00a0<\/p>\n\n\n\n<p>Pelo despacho da ANEEL, a Eletronorte\u00a0ter\u00e1 que\u00a0apresentar a documenta\u00e7\u00e3o exigida na Resolu\u00e7\u00e3o Normativa 593\/2013, para libera\u00e7\u00e3o das opera\u00e7\u00f5es, em at\u00e9 60 dias, prazo prorrog\u00e1vel por mais 60 dias, caso justificado. Outros documentos de identifica\u00e7\u00e3o das UTEs poder\u00e3o ser apresentados at\u00e9 10 de janeiro de 2021.<\/p>\n","protected":false},"excerpt":{"rendered":"<p>da Ag\u00eancia iNFRA Despacho 3.273 da Superintend\u00eancia de Fiscaliza\u00e7\u00e3o dos Servi\u00e7os de Gera\u00e7\u00e3o da ANEEL (Ag\u00eancia Nacional de Energia El\u00e9trica) liberou a opera\u00e7\u00e3o comercial de duas termel\u00e9tricas\u00a0para abastecer o Amap\u00e1 com 45 MW de energia. O despacho foi publicado no Di\u00e1rio Oficial da Uni\u00e3o desta sexta-feira (20) e est\u00e1 dispon\u00edvel neste link.\u00a0A libera\u00e7\u00e3o para produ\u00e7\u00e3o [&hellip;]<\/p>\n","protected":false},"author":9,"featured_media":6378,"comment_status":"closed","ping_status":"closed","sticky":false,"template":"","format":"standard","meta":{"_monsterinsights_skip_tracking":false,"_monsterinsights_sitenote_active":false,"_monsterinsights_sitenote_note":"","_monsterinsights_sitenote_category":0,"footnotes":""},"categories":[1,2052],"tags":[3003,53,3002,1229,3033,1154,3074,3073],"class_list":["post-6377","post","type-post","status-publish","format-standard","has-post-thumbnail","hentry","category-geral","category-infra-transicao","tag-amapa","tag-aneel","tag-apagao","tag-eletronorte","tag-lmte","tag-termeletricas","tag-ute-santa-rita","tag-ute-santana-ii"],"yoast_head":"<!-- This site is optimized with the Yoast SEO Premium plugin v25.4 (Yoast SEO v26.0) - https:\/\/yoast.com\/wordpress\/plugins\/seo\/ -->\n<title>ANEEL libera opera\u00e7\u00e3o de duas termel\u00e9tricas da Eletronorte para abastecer o Amap\u00e1 com 45 MW de energia - Ag\u00eancia iNFRA<\/title>\n<meta name=\"robots\" content=\"index, follow, max-snippet:-1, max-image-preview:large, max-video-preview:-1\" \/>\n<link rel=\"canonical\" href=\"https:\/\/agenciainfra.com\/blog\/aneel-libera-operacao-de-duas-termeletricas-da-eletronorte-para-abastecer-o-amapa-com-45-mw-de-energia\/\" \/>\n<meta property=\"og:locale\" content=\"pt_BR\" \/>\n<meta property=\"og:type\" content=\"article\" \/>\n<meta property=\"og:title\" content=\"ANEEL libera opera\u00e7\u00e3o de duas termel\u00e9tricas da Eletronorte para abastecer o Amap\u00e1 com 45 MW de energia\" \/>\n<meta property=\"og:description\" content=\"da Ag\u00eancia iNFRA Despacho 3.273 da Superintend\u00eancia de Fiscaliza\u00e7\u00e3o dos Servi\u00e7os de Gera\u00e7\u00e3o da ANEEL (Ag\u00eancia Nacional de Energia El\u00e9trica) liberou a opera\u00e7\u00e3o comercial de duas termel\u00e9tricas\u00a0para abastecer o Amap\u00e1 com 45 MW de energia. O despacho foi publicado no Di\u00e1rio Oficial da Uni\u00e3o desta sexta-feira (20) e est\u00e1 dispon\u00edvel neste link.\u00a0A libera\u00e7\u00e3o para produ\u00e7\u00e3o [&hellip;]\" \/>\n<meta property=\"og:url\" content=\"https:\/\/agenciainfra.com\/blog\/aneel-libera-operacao-de-duas-termeletricas-da-eletronorte-para-abastecer-o-amapa-com-45-mw-de-energia\/\" \/>\n<meta property=\"og:site_name\" content=\"Ag\u00eancia iNFRA\" \/>\n<meta property=\"article:publisher\" content=\"https:\/\/www.facebook.com\/ageninfra\" \/>\n<meta property=\"article:published_time\" content=\"2020-11-20T11:02:48+00:00\" \/>\n<meta property=\"article:modified_time\" content=\"2020-11-20T11:02:51+00:00\" \/>\n<meta property=\"og:image\" content=\"https:\/\/agenciainfra.com\/blog\/wp-content\/uploads\/2020\/11\/apagao-Amapa-foto-Rudja-Santos-Amazonia-Real.jpg\" \/>\n\t<meta property=\"og:image:width\" content=\"1280\" \/>\n\t<meta property=\"og:image:height\" content=\"853\" \/>\n\t<meta property=\"og:image:type\" content=\"image\/jpeg\" \/>\n<meta name=\"author\" content=\"Rodrigo Zuquim\" \/>\n<meta name=\"twitter:card\" content=\"summary_large_image\" \/>\n<meta name=\"twitter:creator\" content=\"@agencia_infra\" \/>\n<meta name=\"twitter:site\" content=\"@agencia_infra\" \/>\n<meta name=\"twitter:label1\" content=\"Escrito por\" \/>\n\t<meta name=\"twitter:data1\" content=\"Rodrigo Zuquim\" \/>\n\t<meta name=\"twitter:label2\" content=\"Est. tempo de leitura\" \/>\n\t<meta name=\"twitter:data2\" content=\"1 minuto\" \/>\n<script type=\"application\/ld+json\" class=\"yoast-schema-graph\">{\"@context\":\"https:\/\/schema.org\",\"@graph\":[{\"@type\":\"Article\",\"@id\":\"https:\/\/agenciainfra.com\/blog\/aneel-libera-operacao-de-duas-termeletricas-da-eletronorte-para-abastecer-o-amapa-com-45-mw-de-energia\/#article\",\"isPartOf\":{\"@id\":\"https:\/\/agenciainfra.com\/blog\/aneel-libera-operacao-de-duas-termeletricas-da-eletronorte-para-abastecer-o-amapa-com-45-mw-de-energia\/\"},\"author\":{\"name\":\"Rodrigo Zuquim\",\"@id\":\"https:\/\/agenciainfra.com\/blog\/#\/schema\/person\/04dbb79bd6d8951f063da71f3e4c1eb1\"},\"headline\":\"ANEEL libera opera\u00e7\u00e3o de duas termel\u00e9tricas da Eletronorte para abastecer o Amap\u00e1 com 45 MW de energia\",\"datePublished\":\"2020-11-20T11:02:48+00:00\",\"dateModified\":\"2020-11-20T11:02:51+00:00\",\"mainEntityOfPage\":{\"@id\":\"https:\/\/agenciainfra.com\/blog\/aneel-libera-operacao-de-duas-termeletricas-da-eletronorte-para-abastecer-o-amapa-com-45-mw-de-energia\/\"},\"wordCount\":305,\"publisher\":{\"@id\":\"https:\/\/agenciainfra.com\/blog\/#organization\"},\"image\":{\"@id\":\"https:\/\/agenciainfra.com\/blog\/aneel-libera-operacao-de-duas-termeletricas-da-eletronorte-para-abastecer-o-amapa-com-45-mw-de-energia\/#primaryimage\"},\"thumbnailUrl\":\"https:\/\/agenciainfra.com\/blog\/wp-content\/uploads\/2020\/11\/apagao-Amapa-foto-Rudja-Santos-Amazonia-Real.jpg\",\"keywords\":[\"Amap\u00e1\",\"ANEEL\",\"apag\u00e3o\",\"Eletronorte\",\"LMTE\",\"termel\u00e9tricas\",\"UTE Santa Rita\",\"UTE Santana II\"],\"articleSection\":[\"Geral\",\"iNFRA Na Transi\u00e7\u00e3o\"],\"inLanguage\":\"pt-BR\",\"copyrightYear\":\"2020\",\"copyrightHolder\":{\"@id\":\"https:\/\/agenciainfra.com\/blog\/#organization\"}},{\"@type\":\"WebPage\",\"@id\":\"https:\/\/agenciainfra.com\/blog\/aneel-libera-operacao-de-duas-termeletricas-da-eletronorte-para-abastecer-o-amapa-com-45-mw-de-energia\/\",\"url\":\"https:\/\/agenciainfra.com\/blog\/aneel-libera-operacao-de-duas-termeletricas-da-eletronorte-para-abastecer-o-amapa-com-45-mw-de-energia\/\",\"name\":\"ANEEL libera opera\u00e7\u00e3o de duas termel\u00e9tricas da Eletronorte para abastecer o Amap\u00e1 com 45 MW de energia - Ag\u00eancia iNFRA\",\"isPartOf\":{\"@id\":\"https:\/\/agenciainfra.com\/blog\/#website\"},\"primaryImageOfPage\":{\"@id\":\"https:\/\/agenciainfra.com\/blog\/aneel-libera-operacao-de-duas-termeletricas-da-eletronorte-para-abastecer-o-amapa-com-45-mw-de-energia\/#primaryimage\"},\"image\":{\"@id\":\"https:\/\/agenciainfra.com\/blog\/aneel-libera-operacao-de-duas-termeletricas-da-eletronorte-para-abastecer-o-amapa-com-45-mw-de-energia\/#primaryimage\"},\"thumbnailUrl\":\"https:\/\/agenciainfra.com\/blog\/wp-content\/uploads\/2020\/11\/apagao-Amapa-foto-Rudja-Santos-Amazonia-Real.jpg\",\"datePublished\":\"2020-11-20T11:02:48+00:00\",\"dateModified\":\"2020-11-20T11:02:51+00:00\",\"breadcrumb\":{\"@id\":\"https:\/\/agenciainfra.com\/blog\/aneel-libera-operacao-de-duas-termeletricas-da-eletronorte-para-abastecer-o-amapa-com-45-mw-de-energia\/#breadcrumb\"},\"inLanguage\":\"pt-BR\",\"potentialAction\":[{\"@type\":\"ReadAction\",\"target\":[\"https:\/\/agenciainfra.com\/blog\/aneel-libera-operacao-de-duas-termeletricas-da-eletronorte-para-abastecer-o-amapa-com-45-mw-de-energia\/\"]}]},{\"@type\":\"ImageObject\",\"inLanguage\":\"pt-BR\",\"@id\":\"https:\/\/agenciainfra.com\/blog\/aneel-libera-operacao-de-duas-termeletricas-da-eletronorte-para-abastecer-o-amapa-com-45-mw-de-energia\/#primaryimage\",\"url\":\"https:\/\/agenciainfra.com\/blog\/wp-content\/uploads\/2020\/11\/apagao-Amapa-foto-Rudja-Santos-Amazonia-Real.jpg\",\"contentUrl\":\"https:\/\/agenciainfra.com\/blog\/wp-content\/uploads\/2020\/11\/apagao-Amapa-foto-Rudja-Santos-Amazonia-Real.jpg\",\"width\":1280,\"height\":853,\"caption\":\"Foto: Rudja Santos\/Amaz\u00f4nia Real\"},{\"@type\":\"BreadcrumbList\",\"@id\":\"https:\/\/agenciainfra.com\/blog\/aneel-libera-operacao-de-duas-termeletricas-da-eletronorte-para-abastecer-o-amapa-com-45-mw-de-energia\/#breadcrumb\",\"itemListElement\":[{\"@type\":\"ListItem\",\"position\":1,\"name\":\"In\u00edcio\",\"item\":\"https:\/\/agenciainfra.com\/blog\/\"},{\"@type\":\"ListItem\",\"position\":2,\"name\":\"ANEEL libera opera\u00e7\u00e3o de duas termel\u00e9tricas da Eletronorte para abastecer o Amap\u00e1 com 45 MW de energia\"}]},{\"@type\":\"WebSite\",\"@id\":\"https:\/\/agenciainfra.com\/blog\/#website\",\"url\":\"https:\/\/agenciainfra.com\/blog\/\",\"name\":\"Ag\u00eancia iNFRA\",\"description\":\"Multiplataforma de informa\u00e7\u00e3o jornal\u00edstica refer\u00eancia na \u00e1rea de infraestrutura no Brasil!\",\"publisher\":{\"@id\":\"https:\/\/agenciainfra.com\/blog\/#organization\"},\"potentialAction\":[{\"@type\":\"SearchAction\",\"target\":{\"@type\":\"EntryPoint\",\"urlTemplate\":\"https:\/\/agenciainfra.com\/blog\/?s={search_term_string}\"},\"query-input\":{\"@type\":\"PropertyValueSpecification\",\"valueRequired\":true,\"valueName\":\"search_term_string\"}}],\"inLanguage\":\"pt-BR\"},{\"@type\":\"Organization\",\"@id\":\"https:\/\/agenciainfra.com\/blog\/#organization\",\"name\":\"Ag\u00eancia iNFRA\",\"url\":\"https:\/\/agenciainfra.com\/blog\/\",\"logo\":{\"@type\":\"ImageObject\",\"inLanguage\":\"pt-BR\",\"@id\":\"https:\/\/agenciainfra.com\/blog\/#\/schema\/logo\/image\/\",\"url\":\"https:\/\/agenciainfra.com\/blog\/wp-content\/uploads\/2023\/09\/iNFRA_5-e1761735885940.png\",\"contentUrl\":\"https:\/\/agenciainfra.com\/blog\/wp-content\/uploads\/2023\/09\/iNFRA_5-e1761735885940.png\",\"width\":1672,\"height\":454,\"caption\":\"Ag\u00eancia iNFRA\"},\"image\":{\"@id\":\"https:\/\/agenciainfra.com\/blog\/#\/schema\/logo\/image\/\"},\"sameAs\":[\"https:\/\/www.facebook.com\/ageninfra\",\"https:\/\/x.com\/agencia_infra\",\"https:\/\/www.linkedin.com\/company\/ag\u00eanciainfra\/\",\"https:\/\/www.instagram.com\/agenciainfra\/\"]},{\"@type\":\"Person\",\"@id\":\"https:\/\/agenciainfra.com\/blog\/#\/schema\/person\/04dbb79bd6d8951f063da71f3e4c1eb1\",\"name\":\"Rodrigo Zuquim\",\"image\":{\"@type\":\"ImageObject\",\"inLanguage\":\"pt-BR\",\"@id\":\"https:\/\/agenciainfra.com\/blog\/#\/schema\/person\/image\/\",\"url\":\"https:\/\/secure.gravatar.com\/avatar\/594abfe82761d620726242ff34ca472a705a4b97f16c790053a6b4c4035274d0?s=96&d=mm&r=g\",\"contentUrl\":\"https:\/\/secure.gravatar.com\/avatar\/594abfe82761d620726242ff34ca472a705a4b97f16c790053a6b4c4035274d0?s=96&d=mm&r=g\",\"caption\":\"Rodrigo Zuquim\"},\"url\":\"https:\/\/agenciainfra.com\/blog\/author\/rodrigo-zuquim\/\"}]}<\/script>\n<!-- \/ Yoast SEO Premium plugin. -->","yoast_head_json":{"title":"ANEEL libera opera\u00e7\u00e3o de duas termel\u00e9tricas da Eletronorte para abastecer o Amap\u00e1 com 45 MW de energia - Ag\u00eancia iNFRA","robots":{"index":"index","follow":"follow","max-snippet":"max-snippet:-1","max-image-preview":"max-image-preview:large","max-video-preview":"max-video-preview:-1"},"canonical":"https:\/\/agenciainfra.com\/blog\/aneel-libera-operacao-de-duas-termeletricas-da-eletronorte-para-abastecer-o-amapa-com-45-mw-de-energia\/","og_locale":"pt_BR","og_type":"article","og_title":"ANEEL libera opera\u00e7\u00e3o de duas termel\u00e9tricas da Eletronorte para abastecer o Amap\u00e1 com 45 MW de energia","og_description":"da Ag\u00eancia iNFRA Despacho 3.273 da Superintend\u00eancia de Fiscaliza\u00e7\u00e3o dos Servi\u00e7os de Gera\u00e7\u00e3o da ANEEL (Ag\u00eancia Nacional de Energia El\u00e9trica) liberou a opera\u00e7\u00e3o comercial de duas termel\u00e9tricas\u00a0para abastecer o Amap\u00e1 com 45 MW de energia. O despacho foi publicado no Di\u00e1rio Oficial da Uni\u00e3o desta sexta-feira (20) e est\u00e1 dispon\u00edvel neste link.\u00a0A libera\u00e7\u00e3o para produ\u00e7\u00e3o [&hellip;]","og_url":"https:\/\/agenciainfra.com\/blog\/aneel-libera-operacao-de-duas-termeletricas-da-eletronorte-para-abastecer-o-amapa-com-45-mw-de-energia\/","og_site_name":"Ag\u00eancia iNFRA","article_publisher":"https:\/\/www.facebook.com\/ageninfra","article_published_time":"2020-11-20T11:02:48+00:00","article_modified_time":"2020-11-20T11:02:51+00:00","og_image":[{"width":1280,"height":853,"url":"https:\/\/agenciainfra.com\/blog\/wp-content\/uploads\/2020\/11\/apagao-Amapa-foto-Rudja-Santos-Amazonia-Real.jpg","type":"image\/jpeg"}],"author":"Rodrigo Zuquim","twitter_card":"summary_large_image","twitter_creator":"@agencia_infra","twitter_site":"@agencia_infra","twitter_misc":{"Escrito por":"Rodrigo Zuquim","Est. tempo de leitura":"1 minuto"},"schema":{"@context":"https:\/\/schema.org","@graph":[{"@type":"Article","@id":"https:\/\/agenciainfra.com\/blog\/aneel-libera-operacao-de-duas-termeletricas-da-eletronorte-para-abastecer-o-amapa-com-45-mw-de-energia\/#article","isPartOf":{"@id":"https:\/\/agenciainfra.com\/blog\/aneel-libera-operacao-de-duas-termeletricas-da-eletronorte-para-abastecer-o-amapa-com-45-mw-de-energia\/"},"author":{"name":"Rodrigo Zuquim","@id":"https:\/\/agenciainfra.com\/blog\/#\/schema\/person\/04dbb79bd6d8951f063da71f3e4c1eb1"},"headline":"ANEEL libera opera\u00e7\u00e3o de duas termel\u00e9tricas da Eletronorte para abastecer o Amap\u00e1 com 45 MW de energia","datePublished":"2020-11-20T11:02:48+00:00","dateModified":"2020-11-20T11:02:51+00:00","mainEntityOfPage":{"@id":"https:\/\/agenciainfra.com\/blog\/aneel-libera-operacao-de-duas-termeletricas-da-eletronorte-para-abastecer-o-amapa-com-45-mw-de-energia\/"},"wordCount":305,"publisher":{"@id":"https:\/\/agenciainfra.com\/blog\/#organization"},"image":{"@id":"https:\/\/agenciainfra.com\/blog\/aneel-libera-operacao-de-duas-termeletricas-da-eletronorte-para-abastecer-o-amapa-com-45-mw-de-energia\/#primaryimage"},"thumbnailUrl":"https:\/\/agenciainfra.com\/blog\/wp-content\/uploads\/2020\/11\/apagao-Amapa-foto-Rudja-Santos-Amazonia-Real.jpg","keywords":["Amap\u00e1","ANEEL","apag\u00e3o","Eletronorte","LMTE","termel\u00e9tricas","UTE Santa Rita","UTE Santana II"],"articleSection":["Geral","iNFRA Na Transi\u00e7\u00e3o"],"inLanguage":"pt-BR","copyrightYear":"2020","copyrightHolder":{"@id":"https:\/\/agenciainfra.com\/blog\/#organization"}},{"@type":"WebPage","@id":"https:\/\/agenciainfra.com\/blog\/aneel-libera-operacao-de-duas-termeletricas-da-eletronorte-para-abastecer-o-amapa-com-45-mw-de-energia\/","url":"https:\/\/agenciainfra.com\/blog\/aneel-libera-operacao-de-duas-termeletricas-da-eletronorte-para-abastecer-o-amapa-com-45-mw-de-energia\/","name":"ANEEL libera opera\u00e7\u00e3o de duas termel\u00e9tricas da Eletronorte para abastecer o Amap\u00e1 com 45 MW de energia - Ag\u00eancia iNFRA","isPartOf":{"@id":"https:\/\/agenciainfra.com\/blog\/#website"},"primaryImageOfPage":{"@id":"https:\/\/agenciainfra.com\/blog\/aneel-libera-operacao-de-duas-termeletricas-da-eletronorte-para-abastecer-o-amapa-com-45-mw-de-energia\/#primaryimage"},"image":{"@id":"https:\/\/agenciainfra.com\/blog\/aneel-libera-operacao-de-duas-termeletricas-da-eletronorte-para-abastecer-o-amapa-com-45-mw-de-energia\/#primaryimage"},"thumbnailUrl":"https:\/\/agenciainfra.com\/blog\/wp-content\/uploads\/2020\/11\/apagao-Amapa-foto-Rudja-Santos-Amazonia-Real.jpg","datePublished":"2020-11-20T11:02:48+00:00","dateModified":"2020-11-20T11:02:51+00:00","breadcrumb":{"@id":"https:\/\/agenciainfra.com\/blog\/aneel-libera-operacao-de-duas-termeletricas-da-eletronorte-para-abastecer-o-amapa-com-45-mw-de-energia\/#breadcrumb"},"inLanguage":"pt-BR","potentialAction":[{"@type":"ReadAction","target":["https:\/\/agenciainfra.com\/blog\/aneel-libera-operacao-de-duas-termeletricas-da-eletronorte-para-abastecer-o-amapa-com-45-mw-de-energia\/"]}]},{"@type":"ImageObject","inLanguage":"pt-BR","@id":"https:\/\/agenciainfra.com\/blog\/aneel-libera-operacao-de-duas-termeletricas-da-eletronorte-para-abastecer-o-amapa-com-45-mw-de-energia\/#primaryimage","url":"https:\/\/agenciainfra.com\/blog\/wp-content\/uploads\/2020\/11\/apagao-Amapa-foto-Rudja-Santos-Amazonia-Real.jpg","contentUrl":"https:\/\/agenciainfra.com\/blog\/wp-content\/uploads\/2020\/11\/apagao-Amapa-foto-Rudja-Santos-Amazonia-Real.jpg","width":1280,"height":853,"caption":"Foto: Rudja Santos\/Amaz\u00f4nia Real"},{"@type":"BreadcrumbList","@id":"https:\/\/agenciainfra.com\/blog\/aneel-libera-operacao-de-duas-termeletricas-da-eletronorte-para-abastecer-o-amapa-com-45-mw-de-energia\/#breadcrumb","itemListElement":[{"@type":"ListItem","position":1,"name":"In\u00edcio","item":"https:\/\/agenciainfra.com\/blog\/"},{"@type":"ListItem","position":2,"name":"ANEEL libera opera\u00e7\u00e3o de duas termel\u00e9tricas da Eletronorte para abastecer o Amap\u00e1 com 45 MW de energia"}]},{"@type":"WebSite","@id":"https:\/\/agenciainfra.com\/blog\/#website","url":"https:\/\/agenciainfra.com\/blog\/","name":"Ag\u00eancia iNFRA","description":"Multiplataforma de informa\u00e7\u00e3o jornal\u00edstica refer\u00eancia na \u00e1rea de infraestrutura no Brasil!","publisher":{"@id":"https:\/\/agenciainfra.com\/blog\/#organization"},"potentialAction":[{"@type":"SearchAction","target":{"@type":"EntryPoint","urlTemplate":"https:\/\/agenciainfra.com\/blog\/?s={search_term_string}"},"query-input":{"@type":"PropertyValueSpecification","valueRequired":true,"valueName":"search_term_string"}}],"inLanguage":"pt-BR"},{"@type":"Organization","@id":"https:\/\/agenciainfra.com\/blog\/#organization","name":"Ag\u00eancia iNFRA","url":"https:\/\/agenciainfra.com\/blog\/","logo":{"@type":"ImageObject","inLanguage":"pt-BR","@id":"https:\/\/agenciainfra.com\/blog\/#\/schema\/logo\/image\/","url":"https:\/\/agenciainfra.com\/blog\/wp-content\/uploads\/2023\/09\/iNFRA_5-e1761735885940.png","contentUrl":"https:\/\/agenciainfra.com\/blog\/wp-content\/uploads\/2023\/09\/iNFRA_5-e1761735885940.png","width":1672,"height":454,"caption":"Ag\u00eancia iNFRA"},"image":{"@id":"https:\/\/agenciainfra.com\/blog\/#\/schema\/logo\/image\/"},"sameAs":["https:\/\/www.facebook.com\/ageninfra","https:\/\/x.com\/agencia_infra","https:\/\/www.linkedin.com\/company\/ag\u00eanciainfra\/","https:\/\/www.instagram.com\/agenciainfra\/"]},{"@type":"Person","@id":"https:\/\/agenciainfra.com\/blog\/#\/schema\/person\/04dbb79bd6d8951f063da71f3e4c1eb1","name":"Rodrigo Zuquim","image":{"@type":"ImageObject","inLanguage":"pt-BR","@id":"https:\/\/agenciainfra.com\/blog\/#\/schema\/person\/image\/","url":"https:\/\/secure.gravatar.com\/avatar\/594abfe82761d620726242ff34ca472a705a4b97f16c790053a6b4c4035274d0?s=96&d=mm&r=g","contentUrl":"https:\/\/secure.gravatar.com\/avatar\/594abfe82761d620726242ff34ca472a705a4b97f16c790053a6b4c4035274d0?s=96&d=mm&r=g","caption":"Rodrigo Zuquim"},"url":"https:\/\/agenciainfra.com\/blog\/author\/rodrigo-zuquim\/"}]}},"_links":{"self":[{"href":"https:\/\/agenciainfra.com\/blog\/wp-json\/wp\/v2\/posts\/6377","targetHints":{"allow":["GET"]}}],"collection":[{"href":"https:\/\/agenciainfra.com\/blog\/wp-json\/wp\/v2\/posts"}],"about":[{"href":"https:\/\/agenciainfra.com\/blog\/wp-json\/wp\/v2\/types\/post"}],"author":[{"embeddable":true,"href":"https:\/\/agenciainfra.com\/blog\/wp-json\/wp\/v2\/users\/9"}],"replies":[{"embeddable":true,"href":"https:\/\/agenciainfra.com\/blog\/wp-json\/wp\/v2\/comments?post=6377"}],"version-history":[{"count":0,"href":"https:\/\/agenciainfra.com\/blog\/wp-json\/wp\/v2\/posts\/6377\/revisions"}],"wp:featuredmedia":[{"embeddable":true,"href":"https:\/\/agenciainfra.com\/blog\/wp-json\/wp\/v2\/media\/6378"}],"wp:attachment":[{"href":"https:\/\/agenciainfra.com\/blog\/wp-json\/wp\/v2\/media?parent=6377"}],"wp:term":[{"taxonomy":"category","embeddable":true,"href":"https:\/\/agenciainfra.com\/blog\/wp-json\/wp\/v2\/categories?post=6377"},{"taxonomy":"post_tag","embeddable":true,"href":"https:\/\/agenciainfra.com\/blog\/wp-json\/wp\/v2\/tags?post=6377"}],"curies":[{"name":"wp","href":"https:\/\/api.w.org\/{rel}","templated":true}]}}