{"id":6382,"date":"2020-11-23T08:00:46","date_gmt":"2020-11-23T11:00:46","guid":{"rendered":"https:\/\/www.agenciainfra.com\/blog\/?p=6382"},"modified":"2020-11-20T10:47:03","modified_gmt":"2020-11-20T13:47:03","slug":"estudo-da-desestatizacao-da-codesa-propoe-concessao-de-portos-por-um-periodo-de-35-anos","status":"publish","type":"post","link":"https:\/\/agenciainfra.com\/blog\/estudo-da-desestatizacao-da-codesa-propoe-concessao-de-portos-por-um-periodo-de-35-anos\/","title":{"rendered":"Estudo da desestatiza\u00e7\u00e3o da Codesa prop\u00f5e concess\u00e3o de portos por um per\u00edodo de 35 anos"},"content":{"rendered":"\n<hr class=\"wp-block-separator\"\/>\n\n\n\n<p class=\"has-text-align-right\"><strong>Dimmi Amora, da&nbsp;Ag\u00eancia iNFRA<\/strong><\/p>\n\n\n\n<p>O Minist\u00e9rio da Infraestrutura encaminhou \u00e0 ANTAQ (Ag\u00eancia Nacional de Transportes Aquavi\u00e1rios) a vers\u00e3o final dos estudos para a desestatiza\u00e7\u00e3o da Codesa (Companhia Docas do Esp\u00edrito Santo). O ato abre caminho para o in\u00edcio da audi\u00eancia p\u00fablica sobre o tema, que deve come\u00e7ar ainda em dezembro.<br><br>A Codesa \u00e9 a primeira estatal federal administradora de portos na lista para a desestatiza\u00e7\u00e3o. A ideia do Minist\u00e9rio da Infraestrutura \u00e9 testar com ela um modelo que, depois, ser\u00e1 utilizado para passar todas as outras companhias estatais do setor ao setor privado, a come\u00e7ar pela SPA (Santos Port Authority).<br><br>Na modelagem dos estudos encaminhados pelo BNDES ao minist\u00e9rio ficou confirmado que a forma de desestatiza\u00e7\u00e3o ser\u00e1 uma venda de ativos (o CNPJ da companhia) com uma concess\u00e3o dos portos hoje administrados por ela, como j\u00e1 vinha sendo informado pelo governo.<br><br>A concess\u00e3o, contudo, ser\u00e1 de 35 anos sem permiss\u00e3o de renova\u00e7\u00e3o. H\u00e1 proposta de um prazo de cinco anos para alguma regulariza\u00e7\u00e3o de contrato ao fim do per\u00edodo.&nbsp;<br><br>O tempo de contrato \u00e9 diferente dos contratos de arrendamento portu\u00e1rio, que s\u00e3o os realizados hoje entre as administra\u00e7\u00f5es portu\u00e1rias p\u00fablicas e empresas privadas para gest\u00e3o de terminais. Eles podem ser prorrogados por at\u00e9 70 anos, de acordo com normas do Decreto 9.048\/2017.<br><br>Pela proposta encaminhada, esses contratos de arrendamento ser\u00e3o mantidos at\u00e9 o seu vencimento nas mesmas condi\u00e7\u00f5es em que foram assinados. Depois de vencidos, eles passam a ter uma regra de contratos entre privados e n\u00e3o mais no modelo de arrendamento previsto na Lei de Portos.<br><br><strong>Autoridade portu\u00e1ria<\/strong><br>A proposta estipula tamb\u00e9m que o administrador privado siga respons\u00e1vel por todos os servi\u00e7os que hoje s\u00e3o realizados pelas autoridades portu\u00e1rias, inclusive a gest\u00e3o do canal de acesso. A ideia \u00e9 criar mecanismos que gerem incentivos para a gest\u00e3o mais eficiente do acesso dos navios aos terminais portu\u00e1rios.<br><br>O que seguir\u00e1 sendo p\u00fablico ser\u00e1 o plano diretor de zoneamento do porto, que n\u00e3o poder\u00e1 ser alterado pelo privado. A regula\u00e7\u00e3o setorial tamb\u00e9m ser\u00e1 feita pelo setor p\u00fablico.<br><br>A proposta n\u00e3o traz altera\u00e7\u00f5es em rela\u00e7\u00e3o ao modelo de contrata\u00e7\u00e3o de m\u00e3o de obra avulsa por meio&nbsp;do OGMO (\u00d3rg\u00e3o Gestor de M\u00e3o de Obra) de forma exclusiva. O fim da exclusividade do OGMO tem sido uma reivindica\u00e7\u00e3o dos terminais portu\u00e1rios como forma de dar mais efici\u00eancia \u00e0 produ\u00e7\u00e3o.<br><br>A avalia\u00e7\u00e3o do Minist\u00e9rio da Infraestrutura \u00e9 que o OGMO s\u00f3 pode ser mudado por lei espec\u00edfica e, portanto, n\u00e3o caberia mexer no tema no contrato. O desejo dos t\u00e9cnicos \u00e9 tentar criar um modelo na linha da prioridade de contrata\u00e7\u00e3o para o OGMO, mas a avalia\u00e7\u00e3o \u00e9 que h\u00e1 outras prioridades a enfrentar no setor no momento.<br><br><strong>Projeto desafiador<\/strong><br>Em sua posse nesta semana, o novo diretor-geral da ANTAQ, Eduardo Nery, afirmou que a desestatiza\u00e7\u00e3o das administra\u00e7\u00f5es portu\u00e1rias \u00e9 um dos projetos mais desafiadores da sua gest\u00e3o, que, segundo ele, exigir\u00e1 grandes esfor\u00e7os e &#8220;intera\u00e7\u00e3o de todos os atores envolvidos&#8221;.<br><br>Na posse, num discurso empolgado sobre o tema, o ministro da Infraestrutura, Tarc\u00edsio de Freitas, indicou que a ideia \u00e9 desestatizar a Codesa em 2021 e na sequ\u00eancia todas as administra\u00e7\u00f5es portu\u00e1rias. Freitas disse que o processo da Codesa \u00e9 como um jogador de sinuca que &#8220;enca\u00e7apa uma bola j\u00e1 preparando a outra&#8221;, referindo-se \u00e0 inten\u00e7\u00e3o de desestatizar a SPA em 2022.<\/p>\n","protected":false},"excerpt":{"rendered":"<p>Dimmi Amora, da&nbsp;Ag\u00eancia iNFRA O Minist\u00e9rio da Infraestrutura encaminhou \u00e0 ANTAQ (Ag\u00eancia Nacional de Transportes Aquavi\u00e1rios) a vers\u00e3o final dos estudos para a desestatiza\u00e7\u00e3o da Codesa (Companhia Docas do Esp\u00edrito Santo). O ato abre caminho para o in\u00edcio da audi\u00eancia p\u00fablica sobre o tema, que deve come\u00e7ar ainda em dezembro. A Codesa \u00e9 a primeira [&hellip;]<\/p>\n","protected":false},"author":9,"featured_media":6383,"comment_status":"closed","ping_status":"closed","sticky":false,"template":"","format":"standard","meta":{"_monsterinsights_skip_tracking":false,"_monsterinsights_sitenote_active":false,"_monsterinsights_sitenote_note":"","_monsterinsights_sitenote_category":0,"footnotes":""},"categories":[1,7],"tags":[86,1752,103,1146,1147,22,192,2932,3075,775,2093,310,1642,1941,3076],"class_list":["post-6382","post","type-post","status-publish","format-standard","has-post-thumbnail","hentry","category-geral","category-infratransporte","tag-antaq","tag-autoridades-portuarias","tag-bndes","tag-codesa","tag-companhia-docas-do-espirito-santo","tag-concessao","tag-desestatizacao","tag-eduardo-nery","tag-espirito-santo","tag-ministerio-da-infraestrutura","tag-ogmo","tag-portos","tag-santos-port-authority","tag-spa","tag-tarcisio-de-freiras"],"yoast_head":"<!-- This site is optimized with the Yoast SEO Premium plugin v25.4 (Yoast SEO v26.0) - https:\/\/yoast.com\/wordpress\/plugins\/seo\/ -->\n<title>Estudo da desestatiza\u00e7\u00e3o da Codesa prop\u00f5e concess\u00e3o de portos por um per\u00edodo de 35 anos - Ag\u00eancia iNFRA<\/title>\n<meta name=\"robots\" content=\"index, follow, max-snippet:-1, max-image-preview:large, max-video-preview:-1\" \/>\n<link rel=\"canonical\" href=\"https:\/\/agenciainfra.com\/blog\/estudo-da-desestatizacao-da-codesa-propoe-concessao-de-portos-por-um-periodo-de-35-anos\/\" \/>\n<meta property=\"og:locale\" content=\"pt_BR\" \/>\n<meta property=\"og:type\" content=\"article\" \/>\n<meta property=\"og:title\" content=\"Estudo da desestatiza\u00e7\u00e3o da Codesa prop\u00f5e concess\u00e3o de portos por um per\u00edodo de 35 anos\" \/>\n<meta property=\"og:description\" content=\"Dimmi Amora, da&nbsp;Ag\u00eancia iNFRA O Minist\u00e9rio da Infraestrutura encaminhou \u00e0 ANTAQ (Ag\u00eancia Nacional de Transportes Aquavi\u00e1rios) a vers\u00e3o final dos estudos para a desestatiza\u00e7\u00e3o da Codesa (Companhia Docas do Esp\u00edrito Santo). O ato abre caminho para o in\u00edcio da audi\u00eancia p\u00fablica sobre o tema, que deve come\u00e7ar ainda em dezembro. A Codesa \u00e9 a primeira [&hellip;]\" \/>\n<meta property=\"og:url\" content=\"https:\/\/agenciainfra.com\/blog\/estudo-da-desestatizacao-da-codesa-propoe-concessao-de-portos-por-um-periodo-de-35-anos\/\" \/>\n<meta property=\"og:site_name\" content=\"Ag\u00eancia iNFRA\" \/>\n<meta property=\"article:publisher\" content=\"https:\/\/www.facebook.com\/ageninfra\" \/>\n<meta property=\"article:published_time\" content=\"2020-11-23T11:00:46+00:00\" \/>\n<meta property=\"og:image\" content=\"https:\/\/agenciainfra.com\/blog\/wp-content\/uploads\/2020\/11\/porto-vitoria-foto-fred-loureiro-secom-es.jpg\" \/>\n\t<meta property=\"og:image:width\" content=\"1280\" \/>\n\t<meta property=\"og:image:height\" content=\"720\" \/>\n\t<meta property=\"og:image:type\" content=\"image\/jpeg\" \/>\n<meta name=\"author\" content=\"Rodrigo Zuquim\" \/>\n<meta name=\"twitter:card\" content=\"summary_large_image\" \/>\n<meta name=\"twitter:creator\" content=\"@agencia_infra\" \/>\n<meta name=\"twitter:site\" content=\"@agencia_infra\" \/>\n<meta name=\"twitter:label1\" content=\"Escrito por\" \/>\n\t<meta name=\"twitter:data1\" content=\"Rodrigo Zuquim\" \/>\n\t<meta name=\"twitter:label2\" content=\"Est. tempo de leitura\" \/>\n\t<meta name=\"twitter:data2\" content=\"3 minutos\" \/>\n<script type=\"application\/ld+json\" class=\"yoast-schema-graph\">{\"@context\":\"https:\/\/schema.org\",\"@graph\":[{\"@type\":\"Article\",\"@id\":\"https:\/\/agenciainfra.com\/blog\/estudo-da-desestatizacao-da-codesa-propoe-concessao-de-portos-por-um-periodo-de-35-anos\/#article\",\"isPartOf\":{\"@id\":\"https:\/\/agenciainfra.com\/blog\/estudo-da-desestatizacao-da-codesa-propoe-concessao-de-portos-por-um-periodo-de-35-anos\/\"},\"author\":{\"name\":\"Rodrigo Zuquim\",\"@id\":\"https:\/\/agenciainfra.com\/blog\/#\/schema\/person\/04dbb79bd6d8951f063da71f3e4c1eb1\"},\"headline\":\"Estudo da desestatiza\u00e7\u00e3o da Codesa prop\u00f5e concess\u00e3o de portos por um per\u00edodo de 35 anos\",\"datePublished\":\"2020-11-23T11:00:46+00:00\",\"mainEntityOfPage\":{\"@id\":\"https:\/\/agenciainfra.com\/blog\/estudo-da-desestatizacao-da-codesa-propoe-concessao-de-portos-por-um-periodo-de-35-anos\/\"},\"wordCount\":628,\"publisher\":{\"@id\":\"https:\/\/agenciainfra.com\/blog\/#organization\"},\"image\":{\"@id\":\"https:\/\/agenciainfra.com\/blog\/estudo-da-desestatizacao-da-codesa-propoe-concessao-de-portos-por-um-periodo-de-35-anos\/#primaryimage\"},\"thumbnailUrl\":\"https:\/\/agenciainfra.com\/blog\/wp-content\/uploads\/2020\/11\/porto-vitoria-foto-fred-loureiro-secom-es.jpg\",\"keywords\":[\"ANTAQ\",\"Autoridades Portu\u00e1rias\",\"BNDES\",\"Codesa\",\"Companhia Docas do Esp\u00edrito Santo\",\"Concess\u00e3o\",\"desestatiza\u00e7\u00e3o\",\"Eduardo Nery\",\"Esp\u00edrito Santo\",\"Minist\u00e9rio da Infraestrutura\",\"OGMO\",\"portos\",\"Santos Port Authority\",\"SPA\",\"Tarc\u00edsio de Freiras\"],\"articleSection\":[\"Geral\",\"iNFRATransporte\"],\"inLanguage\":\"pt-BR\",\"copyrightYear\":\"2020\",\"copyrightHolder\":{\"@id\":\"https:\/\/agenciainfra.com\/blog\/#organization\"}},{\"@type\":\"WebPage\",\"@id\":\"https:\/\/agenciainfra.com\/blog\/estudo-da-desestatizacao-da-codesa-propoe-concessao-de-portos-por-um-periodo-de-35-anos\/\",\"url\":\"https:\/\/agenciainfra.com\/blog\/estudo-da-desestatizacao-da-codesa-propoe-concessao-de-portos-por-um-periodo-de-35-anos\/\",\"name\":\"Estudo da desestatiza\u00e7\u00e3o da Codesa prop\u00f5e concess\u00e3o de portos por um per\u00edodo de 35 anos - Ag\u00eancia iNFRA\",\"isPartOf\":{\"@id\":\"https:\/\/agenciainfra.com\/blog\/#website\"},\"primaryImageOfPage\":{\"@id\":\"https:\/\/agenciainfra.com\/blog\/estudo-da-desestatizacao-da-codesa-propoe-concessao-de-portos-por-um-periodo-de-35-anos\/#primaryimage\"},\"image\":{\"@id\":\"https:\/\/agenciainfra.com\/blog\/estudo-da-desestatizacao-da-codesa-propoe-concessao-de-portos-por-um-periodo-de-35-anos\/#primaryimage\"},\"thumbnailUrl\":\"https:\/\/agenciainfra.com\/blog\/wp-content\/uploads\/2020\/11\/porto-vitoria-foto-fred-loureiro-secom-es.jpg\",\"datePublished\":\"2020-11-23T11:00:46+00:00\",\"breadcrumb\":{\"@id\":\"https:\/\/agenciainfra.com\/blog\/estudo-da-desestatizacao-da-codesa-propoe-concessao-de-portos-por-um-periodo-de-35-anos\/#breadcrumb\"},\"inLanguage\":\"pt-BR\",\"potentialAction\":[{\"@type\":\"ReadAction\",\"target\":[\"https:\/\/agenciainfra.com\/blog\/estudo-da-desestatizacao-da-codesa-propoe-concessao-de-portos-por-um-periodo-de-35-anos\/\"]}]},{\"@type\":\"ImageObject\",\"inLanguage\":\"pt-BR\",\"@id\":\"https:\/\/agenciainfra.com\/blog\/estudo-da-desestatizacao-da-codesa-propoe-concessao-de-portos-por-um-periodo-de-35-anos\/#primaryimage\",\"url\":\"https:\/\/agenciainfra.com\/blog\/wp-content\/uploads\/2020\/11\/porto-vitoria-foto-fred-loureiro-secom-es.jpg\",\"contentUrl\":\"https:\/\/agenciainfra.com\/blog\/wp-content\/uploads\/2020\/11\/porto-vitoria-foto-fred-loureiro-secom-es.jpg\",\"width\":1280,\"height\":720},{\"@type\":\"BreadcrumbList\",\"@id\":\"https:\/\/agenciainfra.com\/blog\/estudo-da-desestatizacao-da-codesa-propoe-concessao-de-portos-por-um-periodo-de-35-anos\/#breadcrumb\",\"itemListElement\":[{\"@type\":\"ListItem\",\"position\":1,\"name\":\"In\u00edcio\",\"item\":\"https:\/\/agenciainfra.com\/blog\/\"},{\"@type\":\"ListItem\",\"position\":2,\"name\":\"Estudo da desestatiza\u00e7\u00e3o da Codesa prop\u00f5e concess\u00e3o de portos por um per\u00edodo de 35 anos\"}]},{\"@type\":\"WebSite\",\"@id\":\"https:\/\/agenciainfra.com\/blog\/#website\",\"url\":\"https:\/\/agenciainfra.com\/blog\/\",\"name\":\"Ag\u00eancia iNFRA\",\"description\":\"Multiplataforma de informa\u00e7\u00e3o jornal\u00edstica refer\u00eancia na \u00e1rea de infraestrutura no Brasil!\",\"publisher\":{\"@id\":\"https:\/\/agenciainfra.com\/blog\/#organization\"},\"potentialAction\":[{\"@type\":\"SearchAction\",\"target\":{\"@type\":\"EntryPoint\",\"urlTemplate\":\"https:\/\/agenciainfra.com\/blog\/?s={search_term_string}\"},\"query-input\":{\"@type\":\"PropertyValueSpecification\",\"valueRequired\":true,\"valueName\":\"search_term_string\"}}],\"inLanguage\":\"pt-BR\"},{\"@type\":\"Organization\",\"@id\":\"https:\/\/agenciainfra.com\/blog\/#organization\",\"name\":\"Ag\u00eancia iNFRA\",\"url\":\"https:\/\/agenciainfra.com\/blog\/\",\"logo\":{\"@type\":\"ImageObject\",\"inLanguage\":\"pt-BR\",\"@id\":\"https:\/\/agenciainfra.com\/blog\/#\/schema\/logo\/image\/\",\"url\":\"https:\/\/agenciainfra.com\/blog\/wp-content\/uploads\/2023\/09\/iNFRA_5-e1761735885940.png\",\"contentUrl\":\"https:\/\/agenciainfra.com\/blog\/wp-content\/uploads\/2023\/09\/iNFRA_5-e1761735885940.png\",\"width\":1672,\"height\":454,\"caption\":\"Ag\u00eancia iNFRA\"},\"image\":{\"@id\":\"https:\/\/agenciainfra.com\/blog\/#\/schema\/logo\/image\/\"},\"sameAs\":[\"https:\/\/www.facebook.com\/ageninfra\",\"https:\/\/x.com\/agencia_infra\",\"https:\/\/www.linkedin.com\/company\/ag\u00eanciainfra\/\",\"https:\/\/www.instagram.com\/agenciainfra\/\"]},{\"@type\":\"Person\",\"@id\":\"https:\/\/agenciainfra.com\/blog\/#\/schema\/person\/04dbb79bd6d8951f063da71f3e4c1eb1\",\"name\":\"Rodrigo Zuquim\",\"image\":{\"@type\":\"ImageObject\",\"inLanguage\":\"pt-BR\",\"@id\":\"https:\/\/agenciainfra.com\/blog\/#\/schema\/person\/image\/\",\"url\":\"https:\/\/secure.gravatar.com\/avatar\/594abfe82761d620726242ff34ca472a705a4b97f16c790053a6b4c4035274d0?s=96&d=mm&r=g\",\"contentUrl\":\"https:\/\/secure.gravatar.com\/avatar\/594abfe82761d620726242ff34ca472a705a4b97f16c790053a6b4c4035274d0?s=96&d=mm&r=g\",\"caption\":\"Rodrigo Zuquim\"},\"url\":\"https:\/\/agenciainfra.com\/blog\/author\/rodrigo-zuquim\/\"}]}<\/script>\n<!-- \/ Yoast SEO Premium plugin. -->","yoast_head_json":{"title":"Estudo da desestatiza\u00e7\u00e3o da Codesa prop\u00f5e concess\u00e3o de portos por um per\u00edodo de 35 anos - Ag\u00eancia iNFRA","robots":{"index":"index","follow":"follow","max-snippet":"max-snippet:-1","max-image-preview":"max-image-preview:large","max-video-preview":"max-video-preview:-1"},"canonical":"https:\/\/agenciainfra.com\/blog\/estudo-da-desestatizacao-da-codesa-propoe-concessao-de-portos-por-um-periodo-de-35-anos\/","og_locale":"pt_BR","og_type":"article","og_title":"Estudo da desestatiza\u00e7\u00e3o da Codesa prop\u00f5e concess\u00e3o de portos por um per\u00edodo de 35 anos","og_description":"Dimmi Amora, da&nbsp;Ag\u00eancia iNFRA O Minist\u00e9rio da Infraestrutura encaminhou \u00e0 ANTAQ (Ag\u00eancia Nacional de Transportes Aquavi\u00e1rios) a vers\u00e3o final dos estudos para a desestatiza\u00e7\u00e3o da Codesa (Companhia Docas do Esp\u00edrito Santo). O ato abre caminho para o in\u00edcio da audi\u00eancia p\u00fablica sobre o tema, que deve come\u00e7ar ainda em dezembro. A Codesa \u00e9 a primeira [&hellip;]","og_url":"https:\/\/agenciainfra.com\/blog\/estudo-da-desestatizacao-da-codesa-propoe-concessao-de-portos-por-um-periodo-de-35-anos\/","og_site_name":"Ag\u00eancia iNFRA","article_publisher":"https:\/\/www.facebook.com\/ageninfra","article_published_time":"2020-11-23T11:00:46+00:00","og_image":[{"width":1280,"height":720,"url":"https:\/\/agenciainfra.com\/blog\/wp-content\/uploads\/2020\/11\/porto-vitoria-foto-fred-loureiro-secom-es.jpg","type":"image\/jpeg"}],"author":"Rodrigo Zuquim","twitter_card":"summary_large_image","twitter_creator":"@agencia_infra","twitter_site":"@agencia_infra","twitter_misc":{"Escrito por":"Rodrigo Zuquim","Est. tempo de leitura":"3 minutos"},"schema":{"@context":"https:\/\/schema.org","@graph":[{"@type":"Article","@id":"https:\/\/agenciainfra.com\/blog\/estudo-da-desestatizacao-da-codesa-propoe-concessao-de-portos-por-um-periodo-de-35-anos\/#article","isPartOf":{"@id":"https:\/\/agenciainfra.com\/blog\/estudo-da-desestatizacao-da-codesa-propoe-concessao-de-portos-por-um-periodo-de-35-anos\/"},"author":{"name":"Rodrigo Zuquim","@id":"https:\/\/agenciainfra.com\/blog\/#\/schema\/person\/04dbb79bd6d8951f063da71f3e4c1eb1"},"headline":"Estudo da desestatiza\u00e7\u00e3o da Codesa prop\u00f5e concess\u00e3o de portos por um per\u00edodo de 35 anos","datePublished":"2020-11-23T11:00:46+00:00","mainEntityOfPage":{"@id":"https:\/\/agenciainfra.com\/blog\/estudo-da-desestatizacao-da-codesa-propoe-concessao-de-portos-por-um-periodo-de-35-anos\/"},"wordCount":628,"publisher":{"@id":"https:\/\/agenciainfra.com\/blog\/#organization"},"image":{"@id":"https:\/\/agenciainfra.com\/blog\/estudo-da-desestatizacao-da-codesa-propoe-concessao-de-portos-por-um-periodo-de-35-anos\/#primaryimage"},"thumbnailUrl":"https:\/\/agenciainfra.com\/blog\/wp-content\/uploads\/2020\/11\/porto-vitoria-foto-fred-loureiro-secom-es.jpg","keywords":["ANTAQ","Autoridades Portu\u00e1rias","BNDES","Codesa","Companhia Docas do Esp\u00edrito Santo","Concess\u00e3o","desestatiza\u00e7\u00e3o","Eduardo Nery","Esp\u00edrito Santo","Minist\u00e9rio da Infraestrutura","OGMO","portos","Santos Port Authority","SPA","Tarc\u00edsio de Freiras"],"articleSection":["Geral","iNFRATransporte"],"inLanguage":"pt-BR","copyrightYear":"2020","copyrightHolder":{"@id":"https:\/\/agenciainfra.com\/blog\/#organization"}},{"@type":"WebPage","@id":"https:\/\/agenciainfra.com\/blog\/estudo-da-desestatizacao-da-codesa-propoe-concessao-de-portos-por-um-periodo-de-35-anos\/","url":"https:\/\/agenciainfra.com\/blog\/estudo-da-desestatizacao-da-codesa-propoe-concessao-de-portos-por-um-periodo-de-35-anos\/","name":"Estudo da desestatiza\u00e7\u00e3o da Codesa prop\u00f5e concess\u00e3o de portos por um per\u00edodo de 35 anos - Ag\u00eancia iNFRA","isPartOf":{"@id":"https:\/\/agenciainfra.com\/blog\/#website"},"primaryImageOfPage":{"@id":"https:\/\/agenciainfra.com\/blog\/estudo-da-desestatizacao-da-codesa-propoe-concessao-de-portos-por-um-periodo-de-35-anos\/#primaryimage"},"image":{"@id":"https:\/\/agenciainfra.com\/blog\/estudo-da-desestatizacao-da-codesa-propoe-concessao-de-portos-por-um-periodo-de-35-anos\/#primaryimage"},"thumbnailUrl":"https:\/\/agenciainfra.com\/blog\/wp-content\/uploads\/2020\/11\/porto-vitoria-foto-fred-loureiro-secom-es.jpg","datePublished":"2020-11-23T11:00:46+00:00","breadcrumb":{"@id":"https:\/\/agenciainfra.com\/blog\/estudo-da-desestatizacao-da-codesa-propoe-concessao-de-portos-por-um-periodo-de-35-anos\/#breadcrumb"},"inLanguage":"pt-BR","potentialAction":[{"@type":"ReadAction","target":["https:\/\/agenciainfra.com\/blog\/estudo-da-desestatizacao-da-codesa-propoe-concessao-de-portos-por-um-periodo-de-35-anos\/"]}]},{"@type":"ImageObject","inLanguage":"pt-BR","@id":"https:\/\/agenciainfra.com\/blog\/estudo-da-desestatizacao-da-codesa-propoe-concessao-de-portos-por-um-periodo-de-35-anos\/#primaryimage","url":"https:\/\/agenciainfra.com\/blog\/wp-content\/uploads\/2020\/11\/porto-vitoria-foto-fred-loureiro-secom-es.jpg","contentUrl":"https:\/\/agenciainfra.com\/blog\/wp-content\/uploads\/2020\/11\/porto-vitoria-foto-fred-loureiro-secom-es.jpg","width":1280,"height":720},{"@type":"BreadcrumbList","@id":"https:\/\/agenciainfra.com\/blog\/estudo-da-desestatizacao-da-codesa-propoe-concessao-de-portos-por-um-periodo-de-35-anos\/#breadcrumb","itemListElement":[{"@type":"ListItem","position":1,"name":"In\u00edcio","item":"https:\/\/agenciainfra.com\/blog\/"},{"@type":"ListItem","position":2,"name":"Estudo da desestatiza\u00e7\u00e3o da Codesa prop\u00f5e concess\u00e3o de portos por um per\u00edodo de 35 anos"}]},{"@type":"WebSite","@id":"https:\/\/agenciainfra.com\/blog\/#website","url":"https:\/\/agenciainfra.com\/blog\/","name":"Ag\u00eancia iNFRA","description":"Multiplataforma de informa\u00e7\u00e3o jornal\u00edstica refer\u00eancia na \u00e1rea de infraestrutura no Brasil!","publisher":{"@id":"https:\/\/agenciainfra.com\/blog\/#organization"},"potentialAction":[{"@type":"SearchAction","target":{"@type":"EntryPoint","urlTemplate":"https:\/\/agenciainfra.com\/blog\/?s={search_term_string}"},"query-input":{"@type":"PropertyValueSpecification","valueRequired":true,"valueName":"search_term_string"}}],"inLanguage":"pt-BR"},{"@type":"Organization","@id":"https:\/\/agenciainfra.com\/blog\/#organization","name":"Ag\u00eancia iNFRA","url":"https:\/\/agenciainfra.com\/blog\/","logo":{"@type":"ImageObject","inLanguage":"pt-BR","@id":"https:\/\/agenciainfra.com\/blog\/#\/schema\/logo\/image\/","url":"https:\/\/agenciainfra.com\/blog\/wp-content\/uploads\/2023\/09\/iNFRA_5-e1761735885940.png","contentUrl":"https:\/\/agenciainfra.com\/blog\/wp-content\/uploads\/2023\/09\/iNFRA_5-e1761735885940.png","width":1672,"height":454,"caption":"Ag\u00eancia iNFRA"},"image":{"@id":"https:\/\/agenciainfra.com\/blog\/#\/schema\/logo\/image\/"},"sameAs":["https:\/\/www.facebook.com\/ageninfra","https:\/\/x.com\/agencia_infra","https:\/\/www.linkedin.com\/company\/ag\u00eanciainfra\/","https:\/\/www.instagram.com\/agenciainfra\/"]},{"@type":"Person","@id":"https:\/\/agenciainfra.com\/blog\/#\/schema\/person\/04dbb79bd6d8951f063da71f3e4c1eb1","name":"Rodrigo Zuquim","image":{"@type":"ImageObject","inLanguage":"pt-BR","@id":"https:\/\/agenciainfra.com\/blog\/#\/schema\/person\/image\/","url":"https:\/\/secure.gravatar.com\/avatar\/594abfe82761d620726242ff34ca472a705a4b97f16c790053a6b4c4035274d0?s=96&d=mm&r=g","contentUrl":"https:\/\/secure.gravatar.com\/avatar\/594abfe82761d620726242ff34ca472a705a4b97f16c790053a6b4c4035274d0?s=96&d=mm&r=g","caption":"Rodrigo Zuquim"},"url":"https:\/\/agenciainfra.com\/blog\/author\/rodrigo-zuquim\/"}]}},"_links":{"self":[{"href":"https:\/\/agenciainfra.com\/blog\/wp-json\/wp\/v2\/posts\/6382","targetHints":{"allow":["GET"]}}],"collection":[{"href":"https:\/\/agenciainfra.com\/blog\/wp-json\/wp\/v2\/posts"}],"about":[{"href":"https:\/\/agenciainfra.com\/blog\/wp-json\/wp\/v2\/types\/post"}],"author":[{"embeddable":true,"href":"https:\/\/agenciainfra.com\/blog\/wp-json\/wp\/v2\/users\/9"}],"replies":[{"embeddable":true,"href":"https:\/\/agenciainfra.com\/blog\/wp-json\/wp\/v2\/comments?post=6382"}],"version-history":[{"count":0,"href":"https:\/\/agenciainfra.com\/blog\/wp-json\/wp\/v2\/posts\/6382\/revisions"}],"wp:featuredmedia":[{"embeddable":true,"href":"https:\/\/agenciainfra.com\/blog\/wp-json\/wp\/v2\/media\/6383"}],"wp:attachment":[{"href":"https:\/\/agenciainfra.com\/blog\/wp-json\/wp\/v2\/media?parent=6382"}],"wp:term":[{"taxonomy":"category","embeddable":true,"href":"https:\/\/agenciainfra.com\/blog\/wp-json\/wp\/v2\/categories?post=6382"},{"taxonomy":"post_tag","embeddable":true,"href":"https:\/\/agenciainfra.com\/blog\/wp-json\/wp\/v2\/tags?post=6382"}],"curies":[{"name":"wp","href":"https:\/\/api.w.org\/{rel}","templated":true}]}}