{"id":6388,"date":"2020-11-24T13:00:18","date_gmt":"2020-11-24T16:00:18","guid":{"rendered":"https:\/\/www.agenciainfra.com\/blog\/?p=6388"},"modified":"2020-11-23T10:59:56","modified_gmt":"2020-11-23T13:59:56","slug":"infradebate-como-avancar-na-dragagem","status":"publish","type":"post","link":"https:\/\/agenciainfra.com\/blog\/infradebate-como-avancar-na-dragagem\/","title":{"rendered":"iNFRADebate: Como avan\u00e7ar na dragagem"},"content":{"rendered":"\n<p class=\"has-text-align-right\"><strong>Ricardo Falc\u00e3o*<\/strong><\/p>\n\n\n\n<p>A dragagem do canal de acesso, da bacia de evolu\u00e7\u00e3o e dos ber\u00e7os de um porto \u00e9 um dos principais desafios de infraestrutura portu\u00e1ria no pa\u00eds, que compromete a produtividade. Os problemas s\u00e3o conhecidos: burocracia na contrata\u00e7\u00e3o e no licenciamento da obra, conflitos ambientais, judicializa\u00e7\u00e3o e dificuldade para homologa\u00e7\u00e3o do calado ap\u00f3s a conclus\u00e3o do trabalho. Pouco se fala, por\u00e9m, sobre uma quest\u00e3o inicial e estrat\u00e9gica. Que navios desejamos operar em cada regi\u00e3o?&nbsp;<\/p>\n\n\n\n<p>As embarca\u00e7\u00f5es de cont\u00eainer est\u00e3o cada vez maiores por economia de escala e n\u00e3o \u00e9 vi\u00e1vel economicamente pensar que vamos dragar todos os portos para receb\u00ea-las. Por isso, \u00e9 importante definir o modelo de opera\u00e7\u00e3o brasileiro, com uma vis\u00e3o integrada. Quais portos ser\u00e3o concentradores de carga do longo curso (<em>hubs<\/em>) para operar esses meganavios? E quais ser\u00e3o os <em>feeders<\/em> que v\u00e3o receber essa carga e alimentar os <em>hubs<\/em> via cabotagem?<\/p>\n\n\n\n<p>No Brasil, temos espa\u00e7o para poucos <em>hubs<\/em> e s\u00e3o neles que os recursos p\u00fablicos para dragagens de aprofundamento devem ser priorizados. Quem tiver pressa em acessar os demais portos com navios maiores que fa\u00e7a os investimentos necess\u00e1rios. Essa \u00e9 a l\u00f3gica dos pa\u00edses mais desenvolvidos no setor portu\u00e1rio.<\/p>\n\n\n\n<p>Definida essa quest\u00e3o, devemos executar os calados comerciais estabelecidos para cada regi\u00e3o, como uma quest\u00e3o de Estado, n\u00e3o de um governo. Obviamente, isso deve ser feito sempre respeitando a norma t\u00e9cnica internacional, para termos opera\u00e7\u00f5es seguras e eficientes.&nbsp;<\/p>\n\n\n\n<p>Vejamos o exemplo do Rio Mississipi, nos Estados Unidos, que est\u00e1 passando por uma dragagem para passar de 45 a 50 p\u00e9s (15,24 metros) de calado.&nbsp; Estamos falando de um ganho de um metro e meio que vai trazer benef\u00edcios de US$ 127 milh\u00f5es anuais para a economia americana, pagando a obra em dois anos. O projeto de engenharia foi financiado por produtores de soja que exportam pela hidrovia. J\u00e1 a dragagem \u00e9 um investimento conjunto do governo federal e do estado da Louisiana.<\/p>\n\n\n\n<p>No Brasil, infelizmente, falta essa parceria, tanto entre governos quanto com a iniciativa privada. As pessoas n\u00e3o percebem que se trata de uma rela\u00e7\u00e3o de ganha-ganha. Na Amaz\u00f4nia, a praticagem assumiu o levantamento do fundo dos rios e das mar\u00e9s na foz do Rio Amazonas. O resultado? Um ganho de calado de 40 cent\u00edmetros \u2013 dez cent\u00edmetros a mais representam mil toneladas ou 65 cont\u00eaineres extras por embarca\u00e7\u00e3o. Se n\u00e3o fiz\u00e9ssemos esses e outros investimentos em todo o pa\u00eds, aumentaria o custo da exporta\u00e7\u00e3o e todos perderiam.<\/p>\n\n\n\n<p>A coopera\u00e7\u00e3o entre <em>stakeholders<\/em> tamb\u00e9m pode contribuir na supera\u00e7\u00e3o dos conflitos que surgem em um processo de dragagem. Mais uma vez, vou citar uma experi\u00eancia positiva da praticagem nessa dire\u00e7\u00e3o. Em agosto, simulamos, na USP, a entrada de graneleiros maiores em Santana (AP). Reunimos durante as simula\u00e7\u00f5es representantes do Minist\u00e9rio P\u00fablico, do Executivo, do Legislativo, da Marinha e da Autoridade Portu\u00e1ria. Trouxemos todo mundo para o debate e demonstramos os cuidados necess\u00e1rios para que a opera\u00e7\u00e3o fosse a mais segura. Com isso, o relat\u00f3rio foi um consenso e saltamos de navios com 55 mil toneladas de capacidade de carga para mais de 80 mil toneladas.&nbsp;<\/p>\n\n\n\n<p>Quanto \u00e0 dificuldade de homologa\u00e7\u00e3o do calado ap\u00f3s a dragagem, a Marinha j\u00e1 deixou claro o motivo do problema em v\u00e1rias apresenta\u00e7\u00f5es ao setor. Os levantamentos hidrogr\u00e1ficos de fim de dragagem apresentados pelas empresas melhoraram, mas ainda falta qualidade para aproveitamento dos dados na atualiza\u00e7\u00e3o das cartas n\u00e1uticas. Nesse caso, estamos falando de qu\u00ea? De capacita\u00e7\u00e3o. E como podemos resolver a quest\u00e3o? Criando outros centros de forma\u00e7\u00e3o de hidr\u00f3grafos al\u00e9m da Marinha? \u00c9 poss\u00edvel algum tipo de parceria nesse sentido?<\/p>\n\n\n\n<p>Quanto mais conversa e informa\u00e7\u00e3o tivermos na mesa, melhor e mais r\u00e1pida ser\u00e1 a solu\u00e7\u00e3o para todos. Sabemos que nem todos os desafios podem ser enfrentados com parceria. Nos portos p\u00fablicos, por exemplo, temos a quest\u00e3o das amarras legais que atrasam o processo e elevam o custo da obra. Mas o que n\u00e3o podemos \u00e9 ficar parados, porque todos somos parte da sociedade e da comunidade mar\u00edtima e portu\u00e1ria.<\/p>\n\n\n\n<h6 class=\"wp-block-heading\" id=\"block-a41c7e8b-9dad-4060-a76c-cf02223c7aad\"><strong>*<\/strong>Ricardo Falc\u00e3o \u00e9 diretor-presidente do Conapra (Conselho Nacional de Praticagem).<\/h6>\n\n\n\n<h5 class=\"wp-block-heading\" id=\"block-02fa0d85-dafd-4eec-b592-70b6bfd67e84\">O iNFRADebate \u00e9 o espa\u00e7o de artigos da Ag\u00eancia iNFRA com opini\u00f5es de seus atores que n\u00e3o refletem necessariamente o pensamento da Ag\u00eancia iNFRA, sendo de total responsabilidade do autor as informa\u00e7\u00f5es, ju\u00edzos de valor e conceitos descritos no texto.<\/h5>\n","protected":false},"excerpt":{"rendered":"<p>Ricardo Falc\u00e3o* A dragagem do canal de acesso, da bacia de evolu\u00e7\u00e3o e dos ber\u00e7os de um porto \u00e9 um dos principais desafios de infraestrutura portu\u00e1ria no pa\u00eds, que compromete a produtividade. Os problemas s\u00e3o conhecidos: burocracia na contrata\u00e7\u00e3o e no licenciamento da obra, conflitos ambientais, judicializa\u00e7\u00e3o e dificuldade para homologa\u00e7\u00e3o do calado ap\u00f3s a [&hellip;]<\/p>\n","protected":false},"author":9,"featured_media":6389,"comment_status":"closed","ping_status":"closed","sticky":false,"template":"","format":"standard","meta":{"_monsterinsights_skip_tracking":false,"_monsterinsights_sitenote_active":false,"_monsterinsights_sitenote_note":"","_monsterinsights_sitenote_category":0,"footnotes":""},"categories":[1,11],"tags":[407,3083,641,3082,34,572,650,3084,3086,310,1473,3081,3085],"class_list":["post-6388","post","type-post","status-publish","format-standard","has-post-thumbnail","hentry","category-geral","category-infradebate","tag-cabotagem","tag-calado","tag-conteiner","tag-dragagem-2","tag-infraestrutura","tag-judicializacao","tag-licenciamento","tag-longo-curso","tag-marinha","tag-portos","tag-praticagem","tag-ricardo-falcao","tag-stakeholder"],"yoast_head":"<!-- This site is optimized with the Yoast SEO Premium plugin v25.4 (Yoast SEO v26.0) - https:\/\/yoast.com\/wordpress\/plugins\/seo\/ -->\n<title>iNFRADebate: Como avan\u00e7ar na dragagem - Ag\u00eancia iNFRA<\/title>\n<meta name=\"robots\" content=\"index, follow, max-snippet:-1, max-image-preview:large, max-video-preview:-1\" \/>\n<link rel=\"canonical\" href=\"https:\/\/agenciainfra.com\/blog\/infradebate-como-avancar-na-dragagem\/\" \/>\n<meta property=\"og:locale\" content=\"pt_BR\" \/>\n<meta property=\"og:type\" content=\"article\" \/>\n<meta property=\"og:title\" content=\"iNFRADebate: Como avan\u00e7ar na dragagem\" \/>\n<meta property=\"og:description\" content=\"Ricardo Falc\u00e3o* A dragagem do canal de acesso, da bacia de evolu\u00e7\u00e3o e dos ber\u00e7os de um porto \u00e9 um dos principais desafios de infraestrutura portu\u00e1ria no pa\u00eds, que compromete a produtividade. Os problemas s\u00e3o conhecidos: burocracia na contrata\u00e7\u00e3o e no licenciamento da obra, conflitos ambientais, judicializa\u00e7\u00e3o e dificuldade para homologa\u00e7\u00e3o do calado ap\u00f3s a [&hellip;]\" \/>\n<meta property=\"og:url\" content=\"https:\/\/agenciainfra.com\/blog\/infradebate-como-avancar-na-dragagem\/\" \/>\n<meta property=\"og:site_name\" content=\"Ag\u00eancia iNFRA\" \/>\n<meta property=\"article:publisher\" content=\"https:\/\/www.facebook.com\/ageninfra\" \/>\n<meta property=\"article:published_time\" content=\"2020-11-24T16:00:18+00:00\" \/>\n<meta property=\"og:image\" content=\"https:\/\/agenciainfra.com\/blog\/wp-content\/uploads\/2020\/11\/ricardo-falcao-foto-geraldo-magela-agencia-senado.jpg\" \/>\n\t<meta property=\"og:image:width\" content=\"1280\" \/>\n\t<meta property=\"og:image:height\" content=\"852\" \/>\n\t<meta property=\"og:image:type\" content=\"image\/jpeg\" \/>\n<meta name=\"author\" content=\"Rodrigo Zuquim\" \/>\n<meta name=\"twitter:card\" content=\"summary_large_image\" \/>\n<meta name=\"twitter:creator\" content=\"@agencia_infra\" \/>\n<meta name=\"twitter:site\" content=\"@agencia_infra\" \/>\n<meta name=\"twitter:label1\" content=\"Escrito por\" \/>\n\t<meta name=\"twitter:data1\" content=\"Rodrigo Zuquim\" \/>\n\t<meta name=\"twitter:label2\" content=\"Est. tempo de leitura\" \/>\n\t<meta name=\"twitter:data2\" content=\"4 minutos\" \/>\n<script type=\"application\/ld+json\" class=\"yoast-schema-graph\">{\"@context\":\"https:\/\/schema.org\",\"@graph\":[{\"@type\":\"Article\",\"@id\":\"https:\/\/agenciainfra.com\/blog\/infradebate-como-avancar-na-dragagem\/#article\",\"isPartOf\":{\"@id\":\"https:\/\/agenciainfra.com\/blog\/infradebate-como-avancar-na-dragagem\/\"},\"author\":{\"name\":\"Rodrigo Zuquim\",\"@id\":\"https:\/\/agenciainfra.com\/blog\/#\/schema\/person\/04dbb79bd6d8951f063da71f3e4c1eb1\"},\"headline\":\"iNFRADebate: Como avan\u00e7ar na dragagem\",\"datePublished\":\"2020-11-24T16:00:18+00:00\",\"mainEntityOfPage\":{\"@id\":\"https:\/\/agenciainfra.com\/blog\/infradebate-como-avancar-na-dragagem\/\"},\"wordCount\":793,\"publisher\":{\"@id\":\"https:\/\/agenciainfra.com\/blog\/#organization\"},\"image\":{\"@id\":\"https:\/\/agenciainfra.com\/blog\/infradebate-como-avancar-na-dragagem\/#primaryimage\"},\"thumbnailUrl\":\"https:\/\/agenciainfra.com\/blog\/wp-content\/uploads\/2020\/11\/ricardo-falcao-foto-geraldo-magela-agencia-senado.jpg\",\"keywords\":[\"cabotagem\",\"calado\",\"cont\u00eainer\",\"dragagem\",\"Infraestrutura\",\"judicializa\u00e7\u00e3o\",\"licenciamento\",\"longo curso\",\"Marinha\",\"portos\",\"praticagem\",\"Ricardo Falc\u00e3o\",\"stakeholder\"],\"articleSection\":[\"Geral\",\"iNFRADebate\"],\"inLanguage\":\"pt-BR\",\"copyrightYear\":\"2020\",\"copyrightHolder\":{\"@id\":\"https:\/\/agenciainfra.com\/blog\/#organization\"}},{\"@type\":\"WebPage\",\"@id\":\"https:\/\/agenciainfra.com\/blog\/infradebate-como-avancar-na-dragagem\/\",\"url\":\"https:\/\/agenciainfra.com\/blog\/infradebate-como-avancar-na-dragagem\/\",\"name\":\"iNFRADebate: Como avan\u00e7ar na dragagem - Ag\u00eancia iNFRA\",\"isPartOf\":{\"@id\":\"https:\/\/agenciainfra.com\/blog\/#website\"},\"primaryImageOfPage\":{\"@id\":\"https:\/\/agenciainfra.com\/blog\/infradebate-como-avancar-na-dragagem\/#primaryimage\"},\"image\":{\"@id\":\"https:\/\/agenciainfra.com\/blog\/infradebate-como-avancar-na-dragagem\/#primaryimage\"},\"thumbnailUrl\":\"https:\/\/agenciainfra.com\/blog\/wp-content\/uploads\/2020\/11\/ricardo-falcao-foto-geraldo-magela-agencia-senado.jpg\",\"datePublished\":\"2020-11-24T16:00:18+00:00\",\"breadcrumb\":{\"@id\":\"https:\/\/agenciainfra.com\/blog\/infradebate-como-avancar-na-dragagem\/#breadcrumb\"},\"inLanguage\":\"pt-BR\",\"potentialAction\":[{\"@type\":\"ReadAction\",\"target\":[\"https:\/\/agenciainfra.com\/blog\/infradebate-como-avancar-na-dragagem\/\"]}]},{\"@type\":\"ImageObject\",\"inLanguage\":\"pt-BR\",\"@id\":\"https:\/\/agenciainfra.com\/blog\/infradebate-como-avancar-na-dragagem\/#primaryimage\",\"url\":\"https:\/\/agenciainfra.com\/blog\/wp-content\/uploads\/2020\/11\/ricardo-falcao-foto-geraldo-magela-agencia-senado.jpg\",\"contentUrl\":\"https:\/\/agenciainfra.com\/blog\/wp-content\/uploads\/2020\/11\/ricardo-falcao-foto-geraldo-magela-agencia-senado.jpg\",\"width\":1280,\"height\":852},{\"@type\":\"BreadcrumbList\",\"@id\":\"https:\/\/agenciainfra.com\/blog\/infradebate-como-avancar-na-dragagem\/#breadcrumb\",\"itemListElement\":[{\"@type\":\"ListItem\",\"position\":1,\"name\":\"In\u00edcio\",\"item\":\"https:\/\/agenciainfra.com\/blog\/\"},{\"@type\":\"ListItem\",\"position\":2,\"name\":\"iNFRADebate: Como avan\u00e7ar na dragagem\"}]},{\"@type\":\"WebSite\",\"@id\":\"https:\/\/agenciainfra.com\/blog\/#website\",\"url\":\"https:\/\/agenciainfra.com\/blog\/\",\"name\":\"Ag\u00eancia iNFRA\",\"description\":\"Multiplataforma de informa\u00e7\u00e3o jornal\u00edstica refer\u00eancia na \u00e1rea de infraestrutura no Brasil!\",\"publisher\":{\"@id\":\"https:\/\/agenciainfra.com\/blog\/#organization\"},\"potentialAction\":[{\"@type\":\"SearchAction\",\"target\":{\"@type\":\"EntryPoint\",\"urlTemplate\":\"https:\/\/agenciainfra.com\/blog\/?s={search_term_string}\"},\"query-input\":{\"@type\":\"PropertyValueSpecification\",\"valueRequired\":true,\"valueName\":\"search_term_string\"}}],\"inLanguage\":\"pt-BR\"},{\"@type\":\"Organization\",\"@id\":\"https:\/\/agenciainfra.com\/blog\/#organization\",\"name\":\"Ag\u00eancia iNFRA\",\"url\":\"https:\/\/agenciainfra.com\/blog\/\",\"logo\":{\"@type\":\"ImageObject\",\"inLanguage\":\"pt-BR\",\"@id\":\"https:\/\/agenciainfra.com\/blog\/#\/schema\/logo\/image\/\",\"url\":\"https:\/\/agenciainfra.com\/blog\/wp-content\/uploads\/2023\/09\/iNFRA_5-e1761735885940.png\",\"contentUrl\":\"https:\/\/agenciainfra.com\/blog\/wp-content\/uploads\/2023\/09\/iNFRA_5-e1761735885940.png\",\"width\":1672,\"height\":454,\"caption\":\"Ag\u00eancia iNFRA\"},\"image\":{\"@id\":\"https:\/\/agenciainfra.com\/blog\/#\/schema\/logo\/image\/\"},\"sameAs\":[\"https:\/\/www.facebook.com\/ageninfra\",\"https:\/\/x.com\/agencia_infra\",\"https:\/\/www.linkedin.com\/company\/ag\u00eanciainfra\/\",\"https:\/\/www.instagram.com\/agenciainfra\/\"]},{\"@type\":\"Person\",\"@id\":\"https:\/\/agenciainfra.com\/blog\/#\/schema\/person\/04dbb79bd6d8951f063da71f3e4c1eb1\",\"name\":\"Rodrigo Zuquim\",\"image\":{\"@type\":\"ImageObject\",\"inLanguage\":\"pt-BR\",\"@id\":\"https:\/\/agenciainfra.com\/blog\/#\/schema\/person\/image\/\",\"url\":\"https:\/\/secure.gravatar.com\/avatar\/594abfe82761d620726242ff34ca472a705a4b97f16c790053a6b4c4035274d0?s=96&d=mm&r=g\",\"contentUrl\":\"https:\/\/secure.gravatar.com\/avatar\/594abfe82761d620726242ff34ca472a705a4b97f16c790053a6b4c4035274d0?s=96&d=mm&r=g\",\"caption\":\"Rodrigo Zuquim\"},\"url\":\"https:\/\/agenciainfra.com\/blog\/author\/rodrigo-zuquim\/\"}]}<\/script>\n<!-- \/ Yoast SEO Premium plugin. -->","yoast_head_json":{"title":"iNFRADebate: Como avan\u00e7ar na dragagem - Ag\u00eancia iNFRA","robots":{"index":"index","follow":"follow","max-snippet":"max-snippet:-1","max-image-preview":"max-image-preview:large","max-video-preview":"max-video-preview:-1"},"canonical":"https:\/\/agenciainfra.com\/blog\/infradebate-como-avancar-na-dragagem\/","og_locale":"pt_BR","og_type":"article","og_title":"iNFRADebate: Como avan\u00e7ar na dragagem","og_description":"Ricardo Falc\u00e3o* A dragagem do canal de acesso, da bacia de evolu\u00e7\u00e3o e dos ber\u00e7os de um porto \u00e9 um dos principais desafios de infraestrutura portu\u00e1ria no pa\u00eds, que compromete a produtividade. Os problemas s\u00e3o conhecidos: burocracia na contrata\u00e7\u00e3o e no licenciamento da obra, conflitos ambientais, judicializa\u00e7\u00e3o e dificuldade para homologa\u00e7\u00e3o do calado ap\u00f3s a [&hellip;]","og_url":"https:\/\/agenciainfra.com\/blog\/infradebate-como-avancar-na-dragagem\/","og_site_name":"Ag\u00eancia iNFRA","article_publisher":"https:\/\/www.facebook.com\/ageninfra","article_published_time":"2020-11-24T16:00:18+00:00","og_image":[{"width":1280,"height":852,"url":"https:\/\/agenciainfra.com\/blog\/wp-content\/uploads\/2020\/11\/ricardo-falcao-foto-geraldo-magela-agencia-senado.jpg","type":"image\/jpeg"}],"author":"Rodrigo Zuquim","twitter_card":"summary_large_image","twitter_creator":"@agencia_infra","twitter_site":"@agencia_infra","twitter_misc":{"Escrito por":"Rodrigo Zuquim","Est. tempo de leitura":"4 minutos"},"schema":{"@context":"https:\/\/schema.org","@graph":[{"@type":"Article","@id":"https:\/\/agenciainfra.com\/blog\/infradebate-como-avancar-na-dragagem\/#article","isPartOf":{"@id":"https:\/\/agenciainfra.com\/blog\/infradebate-como-avancar-na-dragagem\/"},"author":{"name":"Rodrigo Zuquim","@id":"https:\/\/agenciainfra.com\/blog\/#\/schema\/person\/04dbb79bd6d8951f063da71f3e4c1eb1"},"headline":"iNFRADebate: Como avan\u00e7ar na dragagem","datePublished":"2020-11-24T16:00:18+00:00","mainEntityOfPage":{"@id":"https:\/\/agenciainfra.com\/blog\/infradebate-como-avancar-na-dragagem\/"},"wordCount":793,"publisher":{"@id":"https:\/\/agenciainfra.com\/blog\/#organization"},"image":{"@id":"https:\/\/agenciainfra.com\/blog\/infradebate-como-avancar-na-dragagem\/#primaryimage"},"thumbnailUrl":"https:\/\/agenciainfra.com\/blog\/wp-content\/uploads\/2020\/11\/ricardo-falcao-foto-geraldo-magela-agencia-senado.jpg","keywords":["cabotagem","calado","cont\u00eainer","dragagem","Infraestrutura","judicializa\u00e7\u00e3o","licenciamento","longo curso","Marinha","portos","praticagem","Ricardo Falc\u00e3o","stakeholder"],"articleSection":["Geral","iNFRADebate"],"inLanguage":"pt-BR","copyrightYear":"2020","copyrightHolder":{"@id":"https:\/\/agenciainfra.com\/blog\/#organization"}},{"@type":"WebPage","@id":"https:\/\/agenciainfra.com\/blog\/infradebate-como-avancar-na-dragagem\/","url":"https:\/\/agenciainfra.com\/blog\/infradebate-como-avancar-na-dragagem\/","name":"iNFRADebate: Como avan\u00e7ar na dragagem - Ag\u00eancia iNFRA","isPartOf":{"@id":"https:\/\/agenciainfra.com\/blog\/#website"},"primaryImageOfPage":{"@id":"https:\/\/agenciainfra.com\/blog\/infradebate-como-avancar-na-dragagem\/#primaryimage"},"image":{"@id":"https:\/\/agenciainfra.com\/blog\/infradebate-como-avancar-na-dragagem\/#primaryimage"},"thumbnailUrl":"https:\/\/agenciainfra.com\/blog\/wp-content\/uploads\/2020\/11\/ricardo-falcao-foto-geraldo-magela-agencia-senado.jpg","datePublished":"2020-11-24T16:00:18+00:00","breadcrumb":{"@id":"https:\/\/agenciainfra.com\/blog\/infradebate-como-avancar-na-dragagem\/#breadcrumb"},"inLanguage":"pt-BR","potentialAction":[{"@type":"ReadAction","target":["https:\/\/agenciainfra.com\/blog\/infradebate-como-avancar-na-dragagem\/"]}]},{"@type":"ImageObject","inLanguage":"pt-BR","@id":"https:\/\/agenciainfra.com\/blog\/infradebate-como-avancar-na-dragagem\/#primaryimage","url":"https:\/\/agenciainfra.com\/blog\/wp-content\/uploads\/2020\/11\/ricardo-falcao-foto-geraldo-magela-agencia-senado.jpg","contentUrl":"https:\/\/agenciainfra.com\/blog\/wp-content\/uploads\/2020\/11\/ricardo-falcao-foto-geraldo-magela-agencia-senado.jpg","width":1280,"height":852},{"@type":"BreadcrumbList","@id":"https:\/\/agenciainfra.com\/blog\/infradebate-como-avancar-na-dragagem\/#breadcrumb","itemListElement":[{"@type":"ListItem","position":1,"name":"In\u00edcio","item":"https:\/\/agenciainfra.com\/blog\/"},{"@type":"ListItem","position":2,"name":"iNFRADebate: Como avan\u00e7ar na dragagem"}]},{"@type":"WebSite","@id":"https:\/\/agenciainfra.com\/blog\/#website","url":"https:\/\/agenciainfra.com\/blog\/","name":"Ag\u00eancia iNFRA","description":"Multiplataforma de informa\u00e7\u00e3o jornal\u00edstica refer\u00eancia na \u00e1rea de infraestrutura no Brasil!","publisher":{"@id":"https:\/\/agenciainfra.com\/blog\/#organization"},"potentialAction":[{"@type":"SearchAction","target":{"@type":"EntryPoint","urlTemplate":"https:\/\/agenciainfra.com\/blog\/?s={search_term_string}"},"query-input":{"@type":"PropertyValueSpecification","valueRequired":true,"valueName":"search_term_string"}}],"inLanguage":"pt-BR"},{"@type":"Organization","@id":"https:\/\/agenciainfra.com\/blog\/#organization","name":"Ag\u00eancia iNFRA","url":"https:\/\/agenciainfra.com\/blog\/","logo":{"@type":"ImageObject","inLanguage":"pt-BR","@id":"https:\/\/agenciainfra.com\/blog\/#\/schema\/logo\/image\/","url":"https:\/\/agenciainfra.com\/blog\/wp-content\/uploads\/2023\/09\/iNFRA_5-e1761735885940.png","contentUrl":"https:\/\/agenciainfra.com\/blog\/wp-content\/uploads\/2023\/09\/iNFRA_5-e1761735885940.png","width":1672,"height":454,"caption":"Ag\u00eancia iNFRA"},"image":{"@id":"https:\/\/agenciainfra.com\/blog\/#\/schema\/logo\/image\/"},"sameAs":["https:\/\/www.facebook.com\/ageninfra","https:\/\/x.com\/agencia_infra","https:\/\/www.linkedin.com\/company\/ag\u00eanciainfra\/","https:\/\/www.instagram.com\/agenciainfra\/"]},{"@type":"Person","@id":"https:\/\/agenciainfra.com\/blog\/#\/schema\/person\/04dbb79bd6d8951f063da71f3e4c1eb1","name":"Rodrigo Zuquim","image":{"@type":"ImageObject","inLanguage":"pt-BR","@id":"https:\/\/agenciainfra.com\/blog\/#\/schema\/person\/image\/","url":"https:\/\/secure.gravatar.com\/avatar\/594abfe82761d620726242ff34ca472a705a4b97f16c790053a6b4c4035274d0?s=96&d=mm&r=g","contentUrl":"https:\/\/secure.gravatar.com\/avatar\/594abfe82761d620726242ff34ca472a705a4b97f16c790053a6b4c4035274d0?s=96&d=mm&r=g","caption":"Rodrigo Zuquim"},"url":"https:\/\/agenciainfra.com\/blog\/author\/rodrigo-zuquim\/"}]}},"_links":{"self":[{"href":"https:\/\/agenciainfra.com\/blog\/wp-json\/wp\/v2\/posts\/6388","targetHints":{"allow":["GET"]}}],"collection":[{"href":"https:\/\/agenciainfra.com\/blog\/wp-json\/wp\/v2\/posts"}],"about":[{"href":"https:\/\/agenciainfra.com\/blog\/wp-json\/wp\/v2\/types\/post"}],"author":[{"embeddable":true,"href":"https:\/\/agenciainfra.com\/blog\/wp-json\/wp\/v2\/users\/9"}],"replies":[{"embeddable":true,"href":"https:\/\/agenciainfra.com\/blog\/wp-json\/wp\/v2\/comments?post=6388"}],"version-history":[{"count":0,"href":"https:\/\/agenciainfra.com\/blog\/wp-json\/wp\/v2\/posts\/6388\/revisions"}],"wp:featuredmedia":[{"embeddable":true,"href":"https:\/\/agenciainfra.com\/blog\/wp-json\/wp\/v2\/media\/6389"}],"wp:attachment":[{"href":"https:\/\/agenciainfra.com\/blog\/wp-json\/wp\/v2\/media?parent=6388"}],"wp:term":[{"taxonomy":"category","embeddable":true,"href":"https:\/\/agenciainfra.com\/blog\/wp-json\/wp\/v2\/categories?post=6388"},{"taxonomy":"post_tag","embeddable":true,"href":"https:\/\/agenciainfra.com\/blog\/wp-json\/wp\/v2\/tags?post=6388"}],"curies":[{"name":"wp","href":"https:\/\/api.w.org\/{rel}","templated":true}]}}