{"id":6394,"date":"2020-11-25T08:00:00","date_gmt":"2020-11-25T11:00:00","guid":{"rendered":"https:\/\/www.agenciainfra.com\/blog\/?p=6394"},"modified":"2020-11-24T08:57:18","modified_gmt":"2020-11-24T11:57:18","slug":"braga-diz-que-nao-apoiara-decretos-para-mudar-a-lei-do-gas-e-que-vai-alterar-o-texto-do-pl","status":"publish","type":"post","link":"https:\/\/agenciainfra.com\/blog\/braga-diz-que-nao-apoiara-decretos-para-mudar-a-lei-do-gas-e-que-vai-alterar-o-texto-do-pl\/","title":{"rendered":"Braga diz que n\u00e3o apoiar\u00e1 decretos para mudar a Lei do G\u00e1s e que vai alterar o texto do PL"},"content":{"rendered":"\n<hr class=\"wp-block-separator\"\/>\n\n\n\n<p class=\"has-text-align-right\"><strong>&nbsp;Nestor Rabello, da Ag\u00eancia iNFRA<\/strong><\/p>\n\n\n\n<p>O senador Eduardo Braga (MDB-AM) disse que deve alterar o projeto da Nova Lei do G\u00e1s (<a href=\"https:\/\/agenciainfra.us14.list-manage.com\/track\/click?u=d460dd1bcf9ba0ae040e1fc0f&amp;id=7ddf752d90&amp;e=c099169394\" target=\"_blank\" rel=\"noreferrer noopener\">PL 4.476\/2020<\/a>) para incluir a previs\u00e3o de t\u00e9rmicas inflex\u00edveis a g\u00e1s natural, num movimento contr\u00e1rio \u00e0s negocia\u00e7\u00f5es do governo que envolvem a edi\u00e7\u00e3o de decretos para alterar o texto sem que ele tenha de voltar \u00e0 an\u00e1lise da C\u00e2mara dos Deputados.<br><br>\u00c0&nbsp;<strong>Ag\u00eancia iNFRA<\/strong>, o l\u00edder do MDB disse que a contrata\u00e7\u00e3o compuls\u00f3ria das t\u00e9rmicas ser\u00e1 inclu\u00edda no projeto de lei caso ele venha a ser confirmado o relator da proposta.<br><br>\u201cAinda n\u00e3o estamos debatendo o tema a n\u00edvel de proposta porque n\u00e3o sou o relator. Mas se depender de mim, sim [PL ser\u00e1 alterado]\u201d, disse o senador amazonense.<br><br>A edi\u00e7\u00e3o dos decretos foi prometida pelo governo para abarcar as demandas em rela\u00e7\u00e3o ao projeto. Uma mudan\u00e7a por parte dos senadores no plen\u00e1rio implicaria em uma nova vota\u00e7\u00e3o pela C\u00e2mara dos Deputados, onde a proposta&nbsp;tamb\u00e9m foi alvo de intensas disputas e negocia\u00e7\u00f5es.<br><br>Na ocasi\u00e3o, houve articula\u00e7\u00f5es para incluir n\u00e3o s\u00f3 a ado\u00e7\u00e3o das t\u00e9rmicas, como defende Braga, mas mudan\u00e7as sobre a&nbsp;desverticaliza\u00e7\u00e3o da cadeia e a classifica\u00e7\u00e3o de gasodutos de distribui\u00e7\u00e3o e transporte, temas que hoje tamb\u00e9m s\u00e3o alvos das negocia\u00e7\u00f5es entre governo e parlamentares.&nbsp;<br><br>Nos \u00faltimos dias, tem crescido a tend\u00eancia de mudan\u00e7as em rela\u00e7\u00e3o ao texto por Braga diante das&nbsp;<a href=\"https:\/\/agenciainfra.us14.list-manage.com\/track\/click?u=d460dd1bcf9ba0ae040e1fc0f&amp;id=2eee23efc0&amp;e=c099169394\" target=\"_blank\" rel=\"noreferrer noopener\">sinaliza\u00e7\u00f5es<\/a>&nbsp;dadas at\u00e9 o momento pelo governo. O MME (Minist\u00e9rio de Minas e Energia)&nbsp;tem refor\u00e7ado a&nbsp;prefer\u00eancia pela manuten\u00e7\u00e3o do texto na reda\u00e7\u00e3o atual, o que melhor promoveria&nbsp;a competitividade no mercado de g\u00e1s natural.<br><br>No entanto, Braga atua como relator informal da mat\u00e9ria e \u00e9 o principal negociador pol\u00edtico da Lei do G\u00e1s. Ainda que n\u00e3o tenha sido designado oficialmente, o presidente do Senado, Davi Alcolumbre (DEM-AP), aguardou o retorno do senador&nbsp;\u00e0s atividades ap\u00f3s a interna\u00e7\u00e3o por Covid-19 para retomar as tratativas em rela\u00e7\u00e3o ao tema.<br><br><strong>Aumenta a press\u00e3o<\/strong><br>Principal ponto de diverg\u00eancia do projeto, a press\u00e3o pela inclus\u00e3o das t\u00e9rmicas no texto ganhou volume&nbsp;diante do apag\u00e3o no Amap\u00e1. Esse contexto foi refor\u00e7ado \u00e0&nbsp;<strong>Ag\u00eancia iNFRA<\/strong>&nbsp;pelo l\u00edder do governo no Senado, Fernando Bezerra Coelho (MDB-PE).<br><br>\u201cEstamos conversando. A quest\u00e3o das t\u00e9rmicas inflex\u00edveis tem que ser equacionada, agora com esses epis\u00f3dios todos\u201d, afirmou o senador, em refer\u00eancia ao apag\u00e3o no Amap\u00e1. Ele disse que continua trabalhando para viabilizar a aprova\u00e7\u00e3o do projeto.<\/p>\n","protected":false},"excerpt":{"rendered":"<p>&nbsp;Nestor Rabello, da Ag\u00eancia iNFRA O senador Eduardo Braga (MDB-AM) disse que deve alterar o projeto da Nova Lei do G\u00e1s (PL 4.476\/2020) para incluir a previs\u00e3o de t\u00e9rmicas inflex\u00edveis a g\u00e1s natural, num movimento contr\u00e1rio \u00e0s negocia\u00e7\u00f5es do governo que envolvem a edi\u00e7\u00e3o de decretos para alterar o texto sem que ele tenha de [&hellip;]<\/p>\n","protected":false},"author":9,"featured_media":6395,"comment_status":"closed","ping_status":"closed","sticky":false,"template":"","format":"standard","meta":{"_monsterinsights_skip_tracking":false,"_monsterinsights_sitenote_active":false,"_monsterinsights_sitenote_note":"","_monsterinsights_sitenote_category":0,"footnotes":""},"categories":[1,10],"tags":[3092,3091,1252,1253,882,341,1480,96,2674,2823],"class_list":["post-6394","post","type-post","status-publish","format-standard","has-post-thumbnail","hentry","category-geral","category-infraenergia","tag-apagao-no-amapa","tag-desverticalizacao","tag-eduardo-braga","tag-fernando-bezerra-coelho","tag-gas-natural","tag-gasodutos","tag-lei-do-gas","tag-ministerio-de-minas-e-energia","tag-pl-4-476-2020","tag-termicas-inflexiveis"],"yoast_head":"<!-- This site is optimized with the Yoast SEO Premium plugin v25.4 (Yoast SEO v26.0) - https:\/\/yoast.com\/wordpress\/plugins\/seo\/ -->\n<title>Braga diz que n\u00e3o apoiar\u00e1 decretos para mudar a Lei do G\u00e1s e que vai alterar o texto do PL - Ag\u00eancia iNFRA<\/title>\n<meta name=\"robots\" content=\"index, follow, max-snippet:-1, max-image-preview:large, max-video-preview:-1\" \/>\n<link rel=\"canonical\" href=\"https:\/\/agenciainfra.com\/blog\/braga-diz-que-nao-apoiara-decretos-para-mudar-a-lei-do-gas-e-que-vai-alterar-o-texto-do-pl\/\" \/>\n<meta property=\"og:locale\" content=\"pt_BR\" \/>\n<meta property=\"og:type\" content=\"article\" \/>\n<meta property=\"og:title\" content=\"Braga diz que n\u00e3o apoiar\u00e1 decretos para mudar a Lei do G\u00e1s e que vai alterar o texto do PL\" \/>\n<meta property=\"og:description\" content=\"&nbsp;Nestor Rabello, da Ag\u00eancia iNFRA O senador Eduardo Braga (MDB-AM) disse que deve alterar o projeto da Nova Lei do G\u00e1s (PL 4.476\/2020) para incluir a previs\u00e3o de t\u00e9rmicas inflex\u00edveis a g\u00e1s natural, num movimento contr\u00e1rio \u00e0s negocia\u00e7\u00f5es do governo que envolvem a edi\u00e7\u00e3o de decretos para alterar o texto sem que ele tenha de [&hellip;]\" \/>\n<meta property=\"og:url\" content=\"https:\/\/agenciainfra.com\/blog\/braga-diz-que-nao-apoiara-decretos-para-mudar-a-lei-do-gas-e-que-vai-alterar-o-texto-do-pl\/\" \/>\n<meta property=\"og:site_name\" content=\"Ag\u00eancia iNFRA\" \/>\n<meta property=\"article:publisher\" content=\"https:\/\/www.facebook.com\/ageninfra\" \/>\n<meta property=\"article:published_time\" content=\"2020-11-25T11:00:00+00:00\" \/>\n<meta property=\"og:image\" content=\"https:\/\/agenciainfra.com\/blog\/wp-content\/uploads\/2020\/11\/senador-eduardo-braga-foto-pedro-franca-agencia-senado.jpg\" \/>\n\t<meta property=\"og:image:width\" content=\"1280\" \/>\n\t<meta property=\"og:image:height\" content=\"854\" \/>\n\t<meta property=\"og:image:type\" content=\"image\/jpeg\" \/>\n<meta name=\"author\" content=\"Rodrigo Zuquim\" \/>\n<meta name=\"twitter:card\" content=\"summary_large_image\" \/>\n<meta name=\"twitter:creator\" content=\"@agencia_infra\" \/>\n<meta name=\"twitter:site\" content=\"@agencia_infra\" \/>\n<meta name=\"twitter:label1\" content=\"Escrito por\" \/>\n\t<meta name=\"twitter:data1\" content=\"Rodrigo Zuquim\" \/>\n\t<meta name=\"twitter:label2\" content=\"Est. tempo de leitura\" \/>\n\t<meta name=\"twitter:data2\" content=\"2 minutos\" \/>\n<script type=\"application\/ld+json\" class=\"yoast-schema-graph\">{\"@context\":\"https:\/\/schema.org\",\"@graph\":[{\"@type\":\"Article\",\"@id\":\"https:\/\/agenciainfra.com\/blog\/braga-diz-que-nao-apoiara-decretos-para-mudar-a-lei-do-gas-e-que-vai-alterar-o-texto-do-pl\/#article\",\"isPartOf\":{\"@id\":\"https:\/\/agenciainfra.com\/blog\/braga-diz-que-nao-apoiara-decretos-para-mudar-a-lei-do-gas-e-que-vai-alterar-o-texto-do-pl\/\"},\"author\":{\"name\":\"Rodrigo Zuquim\",\"@id\":\"https:\/\/agenciainfra.com\/blog\/#\/schema\/person\/04dbb79bd6d8951f063da71f3e4c1eb1\"},\"headline\":\"Braga diz que n\u00e3o apoiar\u00e1 decretos para mudar a Lei do G\u00e1s e que vai alterar o texto do PL\",\"datePublished\":\"2020-11-25T11:00:00+00:00\",\"mainEntityOfPage\":{\"@id\":\"https:\/\/agenciainfra.com\/blog\/braga-diz-que-nao-apoiara-decretos-para-mudar-a-lei-do-gas-e-que-vai-alterar-o-texto-do-pl\/\"},\"wordCount\":494,\"publisher\":{\"@id\":\"https:\/\/agenciainfra.com\/blog\/#organization\"},\"image\":{\"@id\":\"https:\/\/agenciainfra.com\/blog\/braga-diz-que-nao-apoiara-decretos-para-mudar-a-lei-do-gas-e-que-vai-alterar-o-texto-do-pl\/#primaryimage\"},\"thumbnailUrl\":\"https:\/\/agenciainfra.com\/blog\/wp-content\/uploads\/2020\/11\/senador-eduardo-braga-foto-pedro-franca-agencia-senado.jpg\",\"keywords\":[\"apag\u00e3o no Amap\u00e1\",\"desverticaliza\u00e7\u00e3o\",\"Eduardo Braga\",\"Fernando Bezerra Coelho\",\"g\u00e1s natural\",\"gasodutos\",\"Lei do G\u00e1s\",\"Minist\u00e9rio de Minas e Energia\",\"PL 4.476\/2020\",\"t\u00e9rmicas inflex\u00edveis\"],\"articleSection\":[\"Geral\",\"iNFRAEnergia\"],\"inLanguage\":\"pt-BR\",\"copyrightYear\":\"2020\",\"copyrightHolder\":{\"@id\":\"https:\/\/agenciainfra.com\/blog\/#organization\"}},{\"@type\":\"WebPage\",\"@id\":\"https:\/\/agenciainfra.com\/blog\/braga-diz-que-nao-apoiara-decretos-para-mudar-a-lei-do-gas-e-que-vai-alterar-o-texto-do-pl\/\",\"url\":\"https:\/\/agenciainfra.com\/blog\/braga-diz-que-nao-apoiara-decretos-para-mudar-a-lei-do-gas-e-que-vai-alterar-o-texto-do-pl\/\",\"name\":\"Braga diz que n\u00e3o apoiar\u00e1 decretos para mudar a Lei do G\u00e1s e que vai alterar o texto do PL - Ag\u00eancia iNFRA\",\"isPartOf\":{\"@id\":\"https:\/\/agenciainfra.com\/blog\/#website\"},\"primaryImageOfPage\":{\"@id\":\"https:\/\/agenciainfra.com\/blog\/braga-diz-que-nao-apoiara-decretos-para-mudar-a-lei-do-gas-e-que-vai-alterar-o-texto-do-pl\/#primaryimage\"},\"image\":{\"@id\":\"https:\/\/agenciainfra.com\/blog\/braga-diz-que-nao-apoiara-decretos-para-mudar-a-lei-do-gas-e-que-vai-alterar-o-texto-do-pl\/#primaryimage\"},\"thumbnailUrl\":\"https:\/\/agenciainfra.com\/blog\/wp-content\/uploads\/2020\/11\/senador-eduardo-braga-foto-pedro-franca-agencia-senado.jpg\",\"datePublished\":\"2020-11-25T11:00:00+00:00\",\"breadcrumb\":{\"@id\":\"https:\/\/agenciainfra.com\/blog\/braga-diz-que-nao-apoiara-decretos-para-mudar-a-lei-do-gas-e-que-vai-alterar-o-texto-do-pl\/#breadcrumb\"},\"inLanguage\":\"pt-BR\",\"potentialAction\":[{\"@type\":\"ReadAction\",\"target\":[\"https:\/\/agenciainfra.com\/blog\/braga-diz-que-nao-apoiara-decretos-para-mudar-a-lei-do-gas-e-que-vai-alterar-o-texto-do-pl\/\"]}]},{\"@type\":\"ImageObject\",\"inLanguage\":\"pt-BR\",\"@id\":\"https:\/\/agenciainfra.com\/blog\/braga-diz-que-nao-apoiara-decretos-para-mudar-a-lei-do-gas-e-que-vai-alterar-o-texto-do-pl\/#primaryimage\",\"url\":\"https:\/\/agenciainfra.com\/blog\/wp-content\/uploads\/2020\/11\/senador-eduardo-braga-foto-pedro-franca-agencia-senado.jpg\",\"contentUrl\":\"https:\/\/agenciainfra.com\/blog\/wp-content\/uploads\/2020\/11\/senador-eduardo-braga-foto-pedro-franca-agencia-senado.jpg\",\"width\":1280,\"height\":854},{\"@type\":\"BreadcrumbList\",\"@id\":\"https:\/\/agenciainfra.com\/blog\/braga-diz-que-nao-apoiara-decretos-para-mudar-a-lei-do-gas-e-que-vai-alterar-o-texto-do-pl\/#breadcrumb\",\"itemListElement\":[{\"@type\":\"ListItem\",\"position\":1,\"name\":\"In\u00edcio\",\"item\":\"https:\/\/agenciainfra.com\/blog\/\"},{\"@type\":\"ListItem\",\"position\":2,\"name\":\"Braga diz que n\u00e3o apoiar\u00e1 decretos para mudar a Lei do G\u00e1s e que vai alterar o texto do PL\"}]},{\"@type\":\"WebSite\",\"@id\":\"https:\/\/agenciainfra.com\/blog\/#website\",\"url\":\"https:\/\/agenciainfra.com\/blog\/\",\"name\":\"Ag\u00eancia iNFRA\",\"description\":\"Multiplataforma de informa\u00e7\u00e3o jornal\u00edstica refer\u00eancia na \u00e1rea de infraestrutura no Brasil!\",\"publisher\":{\"@id\":\"https:\/\/agenciainfra.com\/blog\/#organization\"},\"potentialAction\":[{\"@type\":\"SearchAction\",\"target\":{\"@type\":\"EntryPoint\",\"urlTemplate\":\"https:\/\/agenciainfra.com\/blog\/?s={search_term_string}\"},\"query-input\":{\"@type\":\"PropertyValueSpecification\",\"valueRequired\":true,\"valueName\":\"search_term_string\"}}],\"inLanguage\":\"pt-BR\"},{\"@type\":\"Organization\",\"@id\":\"https:\/\/agenciainfra.com\/blog\/#organization\",\"name\":\"Ag\u00eancia iNFRA\",\"url\":\"https:\/\/agenciainfra.com\/blog\/\",\"logo\":{\"@type\":\"ImageObject\",\"inLanguage\":\"pt-BR\",\"@id\":\"https:\/\/agenciainfra.com\/blog\/#\/schema\/logo\/image\/\",\"url\":\"https:\/\/agenciainfra.com\/blog\/wp-content\/uploads\/2023\/09\/iNFRA_5-e1761735885940.png\",\"contentUrl\":\"https:\/\/agenciainfra.com\/blog\/wp-content\/uploads\/2023\/09\/iNFRA_5-e1761735885940.png\",\"width\":1672,\"height\":454,\"caption\":\"Ag\u00eancia iNFRA\"},\"image\":{\"@id\":\"https:\/\/agenciainfra.com\/blog\/#\/schema\/logo\/image\/\"},\"sameAs\":[\"https:\/\/www.facebook.com\/ageninfra\",\"https:\/\/x.com\/agencia_infra\",\"https:\/\/www.linkedin.com\/company\/ag\u00eanciainfra\/\",\"https:\/\/www.instagram.com\/agenciainfra\/\"]},{\"@type\":\"Person\",\"@id\":\"https:\/\/agenciainfra.com\/blog\/#\/schema\/person\/04dbb79bd6d8951f063da71f3e4c1eb1\",\"name\":\"Rodrigo Zuquim\",\"image\":{\"@type\":\"ImageObject\",\"inLanguage\":\"pt-BR\",\"@id\":\"https:\/\/agenciainfra.com\/blog\/#\/schema\/person\/image\/\",\"url\":\"https:\/\/secure.gravatar.com\/avatar\/594abfe82761d620726242ff34ca472a705a4b97f16c790053a6b4c4035274d0?s=96&d=mm&r=g\",\"contentUrl\":\"https:\/\/secure.gravatar.com\/avatar\/594abfe82761d620726242ff34ca472a705a4b97f16c790053a6b4c4035274d0?s=96&d=mm&r=g\",\"caption\":\"Rodrigo Zuquim\"},\"url\":\"https:\/\/agenciainfra.com\/blog\/author\/rodrigo-zuquim\/\"}]}<\/script>\n<!-- \/ Yoast SEO Premium plugin. -->","yoast_head_json":{"title":"Braga diz que n\u00e3o apoiar\u00e1 decretos para mudar a Lei do G\u00e1s e que vai alterar o texto do PL - Ag\u00eancia iNFRA","robots":{"index":"index","follow":"follow","max-snippet":"max-snippet:-1","max-image-preview":"max-image-preview:large","max-video-preview":"max-video-preview:-1"},"canonical":"https:\/\/agenciainfra.com\/blog\/braga-diz-que-nao-apoiara-decretos-para-mudar-a-lei-do-gas-e-que-vai-alterar-o-texto-do-pl\/","og_locale":"pt_BR","og_type":"article","og_title":"Braga diz que n\u00e3o apoiar\u00e1 decretos para mudar a Lei do G\u00e1s e que vai alterar o texto do PL","og_description":"&nbsp;Nestor Rabello, da Ag\u00eancia iNFRA O senador Eduardo Braga (MDB-AM) disse que deve alterar o projeto da Nova Lei do G\u00e1s (PL 4.476\/2020) para incluir a previs\u00e3o de t\u00e9rmicas inflex\u00edveis a g\u00e1s natural, num movimento contr\u00e1rio \u00e0s negocia\u00e7\u00f5es do governo que envolvem a edi\u00e7\u00e3o de decretos para alterar o texto sem que ele tenha de [&hellip;]","og_url":"https:\/\/agenciainfra.com\/blog\/braga-diz-que-nao-apoiara-decretos-para-mudar-a-lei-do-gas-e-que-vai-alterar-o-texto-do-pl\/","og_site_name":"Ag\u00eancia iNFRA","article_publisher":"https:\/\/www.facebook.com\/ageninfra","article_published_time":"2020-11-25T11:00:00+00:00","og_image":[{"width":1280,"height":854,"url":"https:\/\/agenciainfra.com\/blog\/wp-content\/uploads\/2020\/11\/senador-eduardo-braga-foto-pedro-franca-agencia-senado.jpg","type":"image\/jpeg"}],"author":"Rodrigo Zuquim","twitter_card":"summary_large_image","twitter_creator":"@agencia_infra","twitter_site":"@agencia_infra","twitter_misc":{"Escrito por":"Rodrigo Zuquim","Est. tempo de leitura":"2 minutos"},"schema":{"@context":"https:\/\/schema.org","@graph":[{"@type":"Article","@id":"https:\/\/agenciainfra.com\/blog\/braga-diz-que-nao-apoiara-decretos-para-mudar-a-lei-do-gas-e-que-vai-alterar-o-texto-do-pl\/#article","isPartOf":{"@id":"https:\/\/agenciainfra.com\/blog\/braga-diz-que-nao-apoiara-decretos-para-mudar-a-lei-do-gas-e-que-vai-alterar-o-texto-do-pl\/"},"author":{"name":"Rodrigo Zuquim","@id":"https:\/\/agenciainfra.com\/blog\/#\/schema\/person\/04dbb79bd6d8951f063da71f3e4c1eb1"},"headline":"Braga diz que n\u00e3o apoiar\u00e1 decretos para mudar a Lei do G\u00e1s e que vai alterar o texto do PL","datePublished":"2020-11-25T11:00:00+00:00","mainEntityOfPage":{"@id":"https:\/\/agenciainfra.com\/blog\/braga-diz-que-nao-apoiara-decretos-para-mudar-a-lei-do-gas-e-que-vai-alterar-o-texto-do-pl\/"},"wordCount":494,"publisher":{"@id":"https:\/\/agenciainfra.com\/blog\/#organization"},"image":{"@id":"https:\/\/agenciainfra.com\/blog\/braga-diz-que-nao-apoiara-decretos-para-mudar-a-lei-do-gas-e-que-vai-alterar-o-texto-do-pl\/#primaryimage"},"thumbnailUrl":"https:\/\/agenciainfra.com\/blog\/wp-content\/uploads\/2020\/11\/senador-eduardo-braga-foto-pedro-franca-agencia-senado.jpg","keywords":["apag\u00e3o no Amap\u00e1","desverticaliza\u00e7\u00e3o","Eduardo Braga","Fernando Bezerra Coelho","g\u00e1s natural","gasodutos","Lei do G\u00e1s","Minist\u00e9rio de Minas e Energia","PL 4.476\/2020","t\u00e9rmicas inflex\u00edveis"],"articleSection":["Geral","iNFRAEnergia"],"inLanguage":"pt-BR","copyrightYear":"2020","copyrightHolder":{"@id":"https:\/\/agenciainfra.com\/blog\/#organization"}},{"@type":"WebPage","@id":"https:\/\/agenciainfra.com\/blog\/braga-diz-que-nao-apoiara-decretos-para-mudar-a-lei-do-gas-e-que-vai-alterar-o-texto-do-pl\/","url":"https:\/\/agenciainfra.com\/blog\/braga-diz-que-nao-apoiara-decretos-para-mudar-a-lei-do-gas-e-que-vai-alterar-o-texto-do-pl\/","name":"Braga diz que n\u00e3o apoiar\u00e1 decretos para mudar a Lei do G\u00e1s e que vai alterar o texto do PL - Ag\u00eancia iNFRA","isPartOf":{"@id":"https:\/\/agenciainfra.com\/blog\/#website"},"primaryImageOfPage":{"@id":"https:\/\/agenciainfra.com\/blog\/braga-diz-que-nao-apoiara-decretos-para-mudar-a-lei-do-gas-e-que-vai-alterar-o-texto-do-pl\/#primaryimage"},"image":{"@id":"https:\/\/agenciainfra.com\/blog\/braga-diz-que-nao-apoiara-decretos-para-mudar-a-lei-do-gas-e-que-vai-alterar-o-texto-do-pl\/#primaryimage"},"thumbnailUrl":"https:\/\/agenciainfra.com\/blog\/wp-content\/uploads\/2020\/11\/senador-eduardo-braga-foto-pedro-franca-agencia-senado.jpg","datePublished":"2020-11-25T11:00:00+00:00","breadcrumb":{"@id":"https:\/\/agenciainfra.com\/blog\/braga-diz-que-nao-apoiara-decretos-para-mudar-a-lei-do-gas-e-que-vai-alterar-o-texto-do-pl\/#breadcrumb"},"inLanguage":"pt-BR","potentialAction":[{"@type":"ReadAction","target":["https:\/\/agenciainfra.com\/blog\/braga-diz-que-nao-apoiara-decretos-para-mudar-a-lei-do-gas-e-que-vai-alterar-o-texto-do-pl\/"]}]},{"@type":"ImageObject","inLanguage":"pt-BR","@id":"https:\/\/agenciainfra.com\/blog\/braga-diz-que-nao-apoiara-decretos-para-mudar-a-lei-do-gas-e-que-vai-alterar-o-texto-do-pl\/#primaryimage","url":"https:\/\/agenciainfra.com\/blog\/wp-content\/uploads\/2020\/11\/senador-eduardo-braga-foto-pedro-franca-agencia-senado.jpg","contentUrl":"https:\/\/agenciainfra.com\/blog\/wp-content\/uploads\/2020\/11\/senador-eduardo-braga-foto-pedro-franca-agencia-senado.jpg","width":1280,"height":854},{"@type":"BreadcrumbList","@id":"https:\/\/agenciainfra.com\/blog\/braga-diz-que-nao-apoiara-decretos-para-mudar-a-lei-do-gas-e-que-vai-alterar-o-texto-do-pl\/#breadcrumb","itemListElement":[{"@type":"ListItem","position":1,"name":"In\u00edcio","item":"https:\/\/agenciainfra.com\/blog\/"},{"@type":"ListItem","position":2,"name":"Braga diz que n\u00e3o apoiar\u00e1 decretos para mudar a Lei do G\u00e1s e que vai alterar o texto do PL"}]},{"@type":"WebSite","@id":"https:\/\/agenciainfra.com\/blog\/#website","url":"https:\/\/agenciainfra.com\/blog\/","name":"Ag\u00eancia iNFRA","description":"Multiplataforma de informa\u00e7\u00e3o jornal\u00edstica refer\u00eancia na \u00e1rea de infraestrutura no Brasil!","publisher":{"@id":"https:\/\/agenciainfra.com\/blog\/#organization"},"potentialAction":[{"@type":"SearchAction","target":{"@type":"EntryPoint","urlTemplate":"https:\/\/agenciainfra.com\/blog\/?s={search_term_string}"},"query-input":{"@type":"PropertyValueSpecification","valueRequired":true,"valueName":"search_term_string"}}],"inLanguage":"pt-BR"},{"@type":"Organization","@id":"https:\/\/agenciainfra.com\/blog\/#organization","name":"Ag\u00eancia iNFRA","url":"https:\/\/agenciainfra.com\/blog\/","logo":{"@type":"ImageObject","inLanguage":"pt-BR","@id":"https:\/\/agenciainfra.com\/blog\/#\/schema\/logo\/image\/","url":"https:\/\/agenciainfra.com\/blog\/wp-content\/uploads\/2023\/09\/iNFRA_5-e1761735885940.png","contentUrl":"https:\/\/agenciainfra.com\/blog\/wp-content\/uploads\/2023\/09\/iNFRA_5-e1761735885940.png","width":1672,"height":454,"caption":"Ag\u00eancia iNFRA"},"image":{"@id":"https:\/\/agenciainfra.com\/blog\/#\/schema\/logo\/image\/"},"sameAs":["https:\/\/www.facebook.com\/ageninfra","https:\/\/x.com\/agencia_infra","https:\/\/www.linkedin.com\/company\/ag\u00eanciainfra\/","https:\/\/www.instagram.com\/agenciainfra\/"]},{"@type":"Person","@id":"https:\/\/agenciainfra.com\/blog\/#\/schema\/person\/04dbb79bd6d8951f063da71f3e4c1eb1","name":"Rodrigo Zuquim","image":{"@type":"ImageObject","inLanguage":"pt-BR","@id":"https:\/\/agenciainfra.com\/blog\/#\/schema\/person\/image\/","url":"https:\/\/secure.gravatar.com\/avatar\/594abfe82761d620726242ff34ca472a705a4b97f16c790053a6b4c4035274d0?s=96&d=mm&r=g","contentUrl":"https:\/\/secure.gravatar.com\/avatar\/594abfe82761d620726242ff34ca472a705a4b97f16c790053a6b4c4035274d0?s=96&d=mm&r=g","caption":"Rodrigo Zuquim"},"url":"https:\/\/agenciainfra.com\/blog\/author\/rodrigo-zuquim\/"}]}},"_links":{"self":[{"href":"https:\/\/agenciainfra.com\/blog\/wp-json\/wp\/v2\/posts\/6394","targetHints":{"allow":["GET"]}}],"collection":[{"href":"https:\/\/agenciainfra.com\/blog\/wp-json\/wp\/v2\/posts"}],"about":[{"href":"https:\/\/agenciainfra.com\/blog\/wp-json\/wp\/v2\/types\/post"}],"author":[{"embeddable":true,"href":"https:\/\/agenciainfra.com\/blog\/wp-json\/wp\/v2\/users\/9"}],"replies":[{"embeddable":true,"href":"https:\/\/agenciainfra.com\/blog\/wp-json\/wp\/v2\/comments?post=6394"}],"version-history":[{"count":0,"href":"https:\/\/agenciainfra.com\/blog\/wp-json\/wp\/v2\/posts\/6394\/revisions"}],"wp:featuredmedia":[{"embeddable":true,"href":"https:\/\/agenciainfra.com\/blog\/wp-json\/wp\/v2\/media\/6395"}],"wp:attachment":[{"href":"https:\/\/agenciainfra.com\/blog\/wp-json\/wp\/v2\/media?parent=6394"}],"wp:term":[{"taxonomy":"category","embeddable":true,"href":"https:\/\/agenciainfra.com\/blog\/wp-json\/wp\/v2\/categories?post=6394"},{"taxonomy":"post_tag","embeddable":true,"href":"https:\/\/agenciainfra.com\/blog\/wp-json\/wp\/v2\/tags?post=6394"}],"curies":[{"name":"wp","href":"https:\/\/api.w.org\/{rel}","templated":true}]}}