{"id":6433,"date":"2020-11-29T08:00:34","date_gmt":"2020-11-29T11:00:34","guid":{"rendered":"https:\/\/www.agenciainfra.com\/blog\/?p=6433"},"modified":"2020-11-28T14:14:03","modified_gmt":"2020-11-28T17:14:03","slug":"apos-leiloar-tres-lotes-de-concessoes-rodoviarias-governo-de-mt-estuda-mais-sete","status":"publish","type":"post","link":"https:\/\/agenciainfra.com\/blog\/apos-leiloar-tres-lotes-de-concessoes-rodoviarias-governo-de-mt-estuda-mais-sete\/","title":{"rendered":"Ap\u00f3s leiloar tr\u00eas lotes de concess\u00f5es rodovi\u00e1rias, governo de MT estuda mais sete"},"content":{"rendered":"\n<hr class=\"wp-block-separator\"\/>\n\n\n\n<p class=\"has-text-align-right\"><strong>da\u00a0Ag\u00eancia iNFRA<\/strong><\/p>\n\n\n\n<p class=\"has-text-align-left\">O governador do Mato Grosso, Mauro Mendes, anunciou, durante o leil\u00e3o de tr\u00eas concess\u00f5es rodovi\u00e1rias na \u00faltima quinta-feira (26), na B3, em S\u00e3o Paulo, que estuda leiloar pelo menos outras sete concess\u00f5es do setor ainda em seu governo.<\/p>\n\n\n\n<p>Presente \u00e0 cerim\u00f4nia, o governador afirmou que o objetivo \u00e9 transferir \u00e0 iniciativa privada mais rodovias, mesmo com o plano de asfaltar 2,4 mil quil\u00f4metros de rodovias com recursos p\u00fablicos em seu mandato.<\/p>\n\n\n\n<p>&#8220;J\u00e1 estamos estudando outros sete lotes, totalizando 1,9 mil quil\u00f4metros&#8221;, disse o governador do estado, que j\u00e1 tem quase 1 mil quil\u00f4metros de rodovias concessionadas.<\/p>\n\n\n\n<p>Ele acredita que, em breve, o Mato Grosso j\u00e1 estar\u00e1 produzindo mais de 100 milh\u00f5es de toneladas de produtos agr\u00edcolas por ano e, em 10 anos, mais de 150 milh\u00f5es de toneladas.<\/p>\n\n\n\n<p>O secret\u00e1rio estadual de infraestrutura, Marcelo de Oliveira, contou que a inten\u00e7\u00e3o das concess\u00f5es atuais e futuras planejadas \u00e9 criar corredores rodovi\u00e1rios com qualidade que liguem regi\u00f5es de alta produ\u00e7\u00e3o agr\u00edcola e que t\u00eam ferrovia em funcionamento ou planejada, como forma de dar op\u00e7\u00e3o log\u00edstica aos produtores.<\/p>\n\n\n\n<p>Um dos corredores fica entre a regi\u00e3o de \u00c1gua Boa, onde est\u00e1 prevista a chegada da Fico (Ferrovia de Integra\u00e7\u00e3o do Centro-Oeste) e Rondon\u00f3polis, onde a Rumo opera a Malha Norte. O outro corredor rodovi\u00e1rio seria entre Rondon\u00f3polis e a regi\u00e3o de Sinop, para onde est\u00e1 prevista a chegada da Ferrogr\u00e3o.<\/p>\n\n\n\n<p>As concess\u00f5es que j\u00e1 est\u00e3o previstas para os pr\u00f3ximos anos s\u00e3o: MT-010-246 (Cuiab\u00e1, Ros\u00e1rio e Jangada), com extens\u00e3o de 115,8 km; MT-240-326 (\u00c1gua Boa-Cocalinho), com 152,3 km; MT-020 (Paranatinga-Canarana), com 302,5 km; MT-100 (Alto Araguaia a Ponta do Araguaia), com 227,7 km; MT-343 (Nortel\u00e2ndia-C\u00e1ceres), com 279 km; e MT-244-020-140 (Campo Verde-Planalto da Serra), com 119,9 km.<\/p>\n\n\n\n<p><strong>Tr\u00eas lotes leiloados<\/strong><br>Tr\u00eas cons\u00f3rcios de empresas\u00a0sagraram-se vencedores do leil\u00e3o de quinta-feira, cujas concess\u00f5es preveem investimentos de R$ 1,4 bilh\u00e3o.<\/p>\n\n\n\n<p>O Lote 1, com 138,4 quil\u00f4metros da MT-220, no trecho entre Tabapor\u00e3 e Sinop, foi vencido pelo Cons\u00f3rcio Via Norte Sul, formado pelas construtoras Constral e Centro Vias, com desconto de 1% sobre a tarifa do ped\u00e1gio, que ficar\u00e1 em R$ 8,25.\u00a0Ele foi disputado com o Cons\u00f3rcio Via Brasil, liderado pela Conasa e com a participa\u00e7\u00e3o das empresas CLD, Zetta, Engemat, M4 Investimentos, FBS Constru\u00e7\u00e3o e Ibera<\/p>\n\n\n\n<p>No Lote 2, com 233,2 quil\u00f4metros, das rodovias MT-246-343-358-480, nos trechos de Jangada a Itanorte, o Cons\u00f3rcio Via Brasil foi o \u00fanico a apresentar proposta e venceu a disputa com valor de ped\u00e1gio de R$ 7,90.<\/p>\n\n\n\n<p>J\u00e1 no Lote 3, com 140,6 quil\u00f4metros da MT-130, entre Primavera do Leste e Paranatinga, o Cons\u00f3rcio Primavera MT, liderado pela Vale do Rio Novo Engenharia e que conta com as construtoras Kamillos, Encalso, Terracon e Trail Infraestrutura, sagrou-se vencedor.<\/p>\n\n\n\n<p>Nesse lote, n\u00e3o houve desconto no valor do teto de ped\u00e1gio, de R$ 7,90, na disputa com o Via Brasil. Como houve empate no desconto do valor do ped\u00e1gio, a&nbsp;decis\u00e3o se deu pelo maior valor de outorga, que foi de R$ 1 milh\u00e3o do vencedor e de R$ 50 mil do perdedor.<\/p>\n\n\n\n<p>O Lote 3 \u00e9 de um trecho rodovi\u00e1rio que n\u00e3o teve interessados numa tentativa de leil\u00e3o em 2018. A diferen\u00e7a dessa vez foi que os investimentos foram mais espalhados ao longo do tempo, o que ampliou a viabilidade da concess\u00e3o na an\u00e1lise de Camilo Fraga, diretor da Houer Concess\u00f5es, respons\u00e1vel pela estrutura\u00e7\u00e3o do projeto.<\/p>\n","protected":false},"excerpt":{"rendered":"<p>da\u00a0Ag\u00eancia iNFRA O governador do Mato Grosso, Mauro Mendes, anunciou, durante o leil\u00e3o de tr\u00eas concess\u00f5es rodovi\u00e1rias na \u00faltima quinta-feira (26), na B3, em S\u00e3o Paulo, que estuda leiloar pelo menos outras sete concess\u00f5es do setor ainda em seu governo. Presente \u00e0 cerim\u00f4nia, o governador afirmou que o objetivo \u00e9 transferir \u00e0 iniciativa privada mais [&hellip;]<\/p>\n","protected":false},"author":9,"featured_media":6434,"comment_status":"closed","ping_status":"closed","sticky":false,"template":"","format":"standard","meta":{"_monsterinsights_skip_tracking":false,"_monsterinsights_sitenote_active":false,"_monsterinsights_sitenote_note":"","_monsterinsights_sitenote_category":0,"footnotes":""},"categories":[1,7],"tags":[2197,176,473,472,697,254,2196,108,2195,3137,126,3136,3135],"class_list":["post-6433","post","type-post","status-publish","format-standard","has-post-thumbnail","hentry","category-geral","category-infratransporte","tag-camilo-fraga","tag-concessoes-rodoviarias","tag-ferrovia-de-integracao-do-centro-oeste","tag-fico","tag-houer-concessoes","tag-leilao","tag-marcelo-de-oliveira","tag-mato-grosso","tag-mauro-mendes","tag-primavera-mt","tag-rodovias","tag-via-brasil","tag-via-norte-sul"],"yoast_head":"<!-- This site is optimized with the Yoast SEO Premium plugin v25.4 (Yoast SEO v26.0) - https:\/\/yoast.com\/wordpress\/plugins\/seo\/ -->\n<title>Ap\u00f3s leiloar tr\u00eas lotes de concess\u00f5es rodovi\u00e1rias, governo de MT estuda mais sete - Ag\u00eancia iNFRA<\/title>\n<meta name=\"robots\" content=\"index, follow, max-snippet:-1, max-image-preview:large, max-video-preview:-1\" \/>\n<link rel=\"canonical\" href=\"https:\/\/agenciainfra.com\/blog\/apos-leiloar-tres-lotes-de-concessoes-rodoviarias-governo-de-mt-estuda-mais-sete\/\" \/>\n<meta property=\"og:locale\" content=\"pt_BR\" \/>\n<meta property=\"og:type\" content=\"article\" \/>\n<meta property=\"og:title\" content=\"Ap\u00f3s leiloar tr\u00eas lotes de concess\u00f5es rodovi\u00e1rias, governo de MT estuda mais sete\" \/>\n<meta property=\"og:description\" content=\"da\u00a0Ag\u00eancia iNFRA O governador do Mato Grosso, Mauro Mendes, anunciou, durante o leil\u00e3o de tr\u00eas concess\u00f5es rodovi\u00e1rias na \u00faltima quinta-feira (26), na B3, em S\u00e3o Paulo, que estuda leiloar pelo menos outras sete concess\u00f5es do setor ainda em seu governo. Presente \u00e0 cerim\u00f4nia, o governador afirmou que o objetivo \u00e9 transferir \u00e0 iniciativa privada mais [&hellip;]\" \/>\n<meta property=\"og:url\" content=\"https:\/\/agenciainfra.com\/blog\/apos-leiloar-tres-lotes-de-concessoes-rodoviarias-governo-de-mt-estuda-mais-sete\/\" \/>\n<meta property=\"og:site_name\" content=\"Ag\u00eancia iNFRA\" \/>\n<meta property=\"article:publisher\" content=\"https:\/\/www.facebook.com\/ageninfra\" \/>\n<meta property=\"article:published_time\" content=\"2020-11-29T11:00:34+00:00\" \/>\n<meta property=\"og:image\" content=\"https:\/\/agenciainfra.com\/blog\/wp-content\/uploads\/2020\/11\/leilao-rodovias-mt-foto-mayke-toscano-secom-MT.jpg\" \/>\n\t<meta property=\"og:image:width\" content=\"1280\" \/>\n\t<meta property=\"og:image:height\" content=\"854\" \/>\n\t<meta property=\"og:image:type\" content=\"image\/jpeg\" \/>\n<meta name=\"author\" content=\"Rodrigo Zuquim\" \/>\n<meta name=\"twitter:card\" content=\"summary_large_image\" \/>\n<meta name=\"twitter:creator\" content=\"@agencia_infra\" \/>\n<meta name=\"twitter:site\" content=\"@agencia_infra\" \/>\n<meta name=\"twitter:label1\" content=\"Escrito por\" \/>\n\t<meta name=\"twitter:data1\" content=\"Rodrigo Zuquim\" \/>\n\t<meta name=\"twitter:label2\" content=\"Est. tempo de leitura\" \/>\n\t<meta name=\"twitter:data2\" content=\"3 minutos\" \/>\n<script type=\"application\/ld+json\" class=\"yoast-schema-graph\">{\"@context\":\"https:\/\/schema.org\",\"@graph\":[{\"@type\":\"Article\",\"@id\":\"https:\/\/agenciainfra.com\/blog\/apos-leiloar-tres-lotes-de-concessoes-rodoviarias-governo-de-mt-estuda-mais-sete\/#article\",\"isPartOf\":{\"@id\":\"https:\/\/agenciainfra.com\/blog\/apos-leiloar-tres-lotes-de-concessoes-rodoviarias-governo-de-mt-estuda-mais-sete\/\"},\"author\":{\"name\":\"Rodrigo Zuquim\",\"@id\":\"https:\/\/agenciainfra.com\/blog\/#\/schema\/person\/04dbb79bd6d8951f063da71f3e4c1eb1\"},\"headline\":\"Ap\u00f3s leiloar tr\u00eas lotes de concess\u00f5es rodovi\u00e1rias, governo de MT estuda mais sete\",\"datePublished\":\"2020-11-29T11:00:34+00:00\",\"mainEntityOfPage\":{\"@id\":\"https:\/\/agenciainfra.com\/blog\/apos-leiloar-tres-lotes-de-concessoes-rodoviarias-governo-de-mt-estuda-mais-sete\/\"},\"wordCount\":620,\"publisher\":{\"@id\":\"https:\/\/agenciainfra.com\/blog\/#organization\"},\"image\":{\"@id\":\"https:\/\/agenciainfra.com\/blog\/apos-leiloar-tres-lotes-de-concessoes-rodoviarias-governo-de-mt-estuda-mais-sete\/#primaryimage\"},\"thumbnailUrl\":\"https:\/\/agenciainfra.com\/blog\/wp-content\/uploads\/2020\/11\/leilao-rodovias-mt-foto-mayke-toscano-secom-MT.jpg\",\"keywords\":[\"Camilo Fraga\",\"concess\u00f5es rodovi\u00e1rias\",\"Ferrovia de Integra\u00e7\u00e3o do Centro-Oeste\",\"FICO\",\"Houer Concess\u00f5es\",\"leil\u00e3o\",\"Marcelo de Oliveira\",\"Mato Grosso\",\"Mauro Mendes\",\"Primavera MT\",\"rodovias\",\"Via Brasil\",\"Via Norte Sul\"],\"articleSection\":[\"Geral\",\"iNFRATransporte\"],\"inLanguage\":\"pt-BR\",\"copyrightYear\":\"2020\",\"copyrightHolder\":{\"@id\":\"https:\/\/agenciainfra.com\/blog\/#organization\"}},{\"@type\":\"WebPage\",\"@id\":\"https:\/\/agenciainfra.com\/blog\/apos-leiloar-tres-lotes-de-concessoes-rodoviarias-governo-de-mt-estuda-mais-sete\/\",\"url\":\"https:\/\/agenciainfra.com\/blog\/apos-leiloar-tres-lotes-de-concessoes-rodoviarias-governo-de-mt-estuda-mais-sete\/\",\"name\":\"Ap\u00f3s leiloar tr\u00eas lotes de concess\u00f5es rodovi\u00e1rias, governo de MT estuda mais sete - Ag\u00eancia iNFRA\",\"isPartOf\":{\"@id\":\"https:\/\/agenciainfra.com\/blog\/#website\"},\"primaryImageOfPage\":{\"@id\":\"https:\/\/agenciainfra.com\/blog\/apos-leiloar-tres-lotes-de-concessoes-rodoviarias-governo-de-mt-estuda-mais-sete\/#primaryimage\"},\"image\":{\"@id\":\"https:\/\/agenciainfra.com\/blog\/apos-leiloar-tres-lotes-de-concessoes-rodoviarias-governo-de-mt-estuda-mais-sete\/#primaryimage\"},\"thumbnailUrl\":\"https:\/\/agenciainfra.com\/blog\/wp-content\/uploads\/2020\/11\/leilao-rodovias-mt-foto-mayke-toscano-secom-MT.jpg\",\"datePublished\":\"2020-11-29T11:00:34+00:00\",\"breadcrumb\":{\"@id\":\"https:\/\/agenciainfra.com\/blog\/apos-leiloar-tres-lotes-de-concessoes-rodoviarias-governo-de-mt-estuda-mais-sete\/#breadcrumb\"},\"inLanguage\":\"pt-BR\",\"potentialAction\":[{\"@type\":\"ReadAction\",\"target\":[\"https:\/\/agenciainfra.com\/blog\/apos-leiloar-tres-lotes-de-concessoes-rodoviarias-governo-de-mt-estuda-mais-sete\/\"]}]},{\"@type\":\"ImageObject\",\"inLanguage\":\"pt-BR\",\"@id\":\"https:\/\/agenciainfra.com\/blog\/apos-leiloar-tres-lotes-de-concessoes-rodoviarias-governo-de-mt-estuda-mais-sete\/#primaryimage\",\"url\":\"https:\/\/agenciainfra.com\/blog\/wp-content\/uploads\/2020\/11\/leilao-rodovias-mt-foto-mayke-toscano-secom-MT.jpg\",\"contentUrl\":\"https:\/\/agenciainfra.com\/blog\/wp-content\/uploads\/2020\/11\/leilao-rodovias-mt-foto-mayke-toscano-secom-MT.jpg\",\"width\":1280,\"height\":854},{\"@type\":\"BreadcrumbList\",\"@id\":\"https:\/\/agenciainfra.com\/blog\/apos-leiloar-tres-lotes-de-concessoes-rodoviarias-governo-de-mt-estuda-mais-sete\/#breadcrumb\",\"itemListElement\":[{\"@type\":\"ListItem\",\"position\":1,\"name\":\"In\u00edcio\",\"item\":\"https:\/\/agenciainfra.com\/blog\/\"},{\"@type\":\"ListItem\",\"position\":2,\"name\":\"Ap\u00f3s leiloar tr\u00eas lotes de concess\u00f5es rodovi\u00e1rias, governo de MT estuda mais sete\"}]},{\"@type\":\"WebSite\",\"@id\":\"https:\/\/agenciainfra.com\/blog\/#website\",\"url\":\"https:\/\/agenciainfra.com\/blog\/\",\"name\":\"Ag\u00eancia iNFRA\",\"description\":\"Multiplataforma de informa\u00e7\u00e3o jornal\u00edstica refer\u00eancia na \u00e1rea de infraestrutura no Brasil!\",\"publisher\":{\"@id\":\"https:\/\/agenciainfra.com\/blog\/#organization\"},\"potentialAction\":[{\"@type\":\"SearchAction\",\"target\":{\"@type\":\"EntryPoint\",\"urlTemplate\":\"https:\/\/agenciainfra.com\/blog\/?s={search_term_string}\"},\"query-input\":{\"@type\":\"PropertyValueSpecification\",\"valueRequired\":true,\"valueName\":\"search_term_string\"}}],\"inLanguage\":\"pt-BR\"},{\"@type\":\"Organization\",\"@id\":\"https:\/\/agenciainfra.com\/blog\/#organization\",\"name\":\"Ag\u00eancia iNFRA\",\"url\":\"https:\/\/agenciainfra.com\/blog\/\",\"logo\":{\"@type\":\"ImageObject\",\"inLanguage\":\"pt-BR\",\"@id\":\"https:\/\/agenciainfra.com\/blog\/#\/schema\/logo\/image\/\",\"url\":\"https:\/\/agenciainfra.com\/blog\/wp-content\/uploads\/2023\/09\/iNFRA_5-e1761735885940.png\",\"contentUrl\":\"https:\/\/agenciainfra.com\/blog\/wp-content\/uploads\/2023\/09\/iNFRA_5-e1761735885940.png\",\"width\":1672,\"height\":454,\"caption\":\"Ag\u00eancia iNFRA\"},\"image\":{\"@id\":\"https:\/\/agenciainfra.com\/blog\/#\/schema\/logo\/image\/\"},\"sameAs\":[\"https:\/\/www.facebook.com\/ageninfra\",\"https:\/\/x.com\/agencia_infra\",\"https:\/\/www.linkedin.com\/company\/ag\u00eanciainfra\/\",\"https:\/\/www.instagram.com\/agenciainfra\/\"]},{\"@type\":\"Person\",\"@id\":\"https:\/\/agenciainfra.com\/blog\/#\/schema\/person\/04dbb79bd6d8951f063da71f3e4c1eb1\",\"name\":\"Rodrigo Zuquim\",\"image\":{\"@type\":\"ImageObject\",\"inLanguage\":\"pt-BR\",\"@id\":\"https:\/\/agenciainfra.com\/blog\/#\/schema\/person\/image\/\",\"url\":\"https:\/\/secure.gravatar.com\/avatar\/594abfe82761d620726242ff34ca472a705a4b97f16c790053a6b4c4035274d0?s=96&d=mm&r=g\",\"contentUrl\":\"https:\/\/secure.gravatar.com\/avatar\/594abfe82761d620726242ff34ca472a705a4b97f16c790053a6b4c4035274d0?s=96&d=mm&r=g\",\"caption\":\"Rodrigo Zuquim\"},\"url\":\"https:\/\/agenciainfra.com\/blog\/author\/rodrigo-zuquim\/\"}]}<\/script>\n<!-- \/ Yoast SEO Premium plugin. -->","yoast_head_json":{"title":"Ap\u00f3s leiloar tr\u00eas lotes de concess\u00f5es rodovi\u00e1rias, governo de MT estuda mais sete - Ag\u00eancia iNFRA","robots":{"index":"index","follow":"follow","max-snippet":"max-snippet:-1","max-image-preview":"max-image-preview:large","max-video-preview":"max-video-preview:-1"},"canonical":"https:\/\/agenciainfra.com\/blog\/apos-leiloar-tres-lotes-de-concessoes-rodoviarias-governo-de-mt-estuda-mais-sete\/","og_locale":"pt_BR","og_type":"article","og_title":"Ap\u00f3s leiloar tr\u00eas lotes de concess\u00f5es rodovi\u00e1rias, governo de MT estuda mais sete","og_description":"da\u00a0Ag\u00eancia iNFRA O governador do Mato Grosso, Mauro Mendes, anunciou, durante o leil\u00e3o de tr\u00eas concess\u00f5es rodovi\u00e1rias na \u00faltima quinta-feira (26), na B3, em S\u00e3o Paulo, que estuda leiloar pelo menos outras sete concess\u00f5es do setor ainda em seu governo. Presente \u00e0 cerim\u00f4nia, o governador afirmou que o objetivo \u00e9 transferir \u00e0 iniciativa privada mais [&hellip;]","og_url":"https:\/\/agenciainfra.com\/blog\/apos-leiloar-tres-lotes-de-concessoes-rodoviarias-governo-de-mt-estuda-mais-sete\/","og_site_name":"Ag\u00eancia iNFRA","article_publisher":"https:\/\/www.facebook.com\/ageninfra","article_published_time":"2020-11-29T11:00:34+00:00","og_image":[{"width":1280,"height":854,"url":"https:\/\/agenciainfra.com\/blog\/wp-content\/uploads\/2020\/11\/leilao-rodovias-mt-foto-mayke-toscano-secom-MT.jpg","type":"image\/jpeg"}],"author":"Rodrigo Zuquim","twitter_card":"summary_large_image","twitter_creator":"@agencia_infra","twitter_site":"@agencia_infra","twitter_misc":{"Escrito por":"Rodrigo Zuquim","Est. tempo de leitura":"3 minutos"},"schema":{"@context":"https:\/\/schema.org","@graph":[{"@type":"Article","@id":"https:\/\/agenciainfra.com\/blog\/apos-leiloar-tres-lotes-de-concessoes-rodoviarias-governo-de-mt-estuda-mais-sete\/#article","isPartOf":{"@id":"https:\/\/agenciainfra.com\/blog\/apos-leiloar-tres-lotes-de-concessoes-rodoviarias-governo-de-mt-estuda-mais-sete\/"},"author":{"name":"Rodrigo Zuquim","@id":"https:\/\/agenciainfra.com\/blog\/#\/schema\/person\/04dbb79bd6d8951f063da71f3e4c1eb1"},"headline":"Ap\u00f3s leiloar tr\u00eas lotes de concess\u00f5es rodovi\u00e1rias, governo de MT estuda mais sete","datePublished":"2020-11-29T11:00:34+00:00","mainEntityOfPage":{"@id":"https:\/\/agenciainfra.com\/blog\/apos-leiloar-tres-lotes-de-concessoes-rodoviarias-governo-de-mt-estuda-mais-sete\/"},"wordCount":620,"publisher":{"@id":"https:\/\/agenciainfra.com\/blog\/#organization"},"image":{"@id":"https:\/\/agenciainfra.com\/blog\/apos-leiloar-tres-lotes-de-concessoes-rodoviarias-governo-de-mt-estuda-mais-sete\/#primaryimage"},"thumbnailUrl":"https:\/\/agenciainfra.com\/blog\/wp-content\/uploads\/2020\/11\/leilao-rodovias-mt-foto-mayke-toscano-secom-MT.jpg","keywords":["Camilo Fraga","concess\u00f5es rodovi\u00e1rias","Ferrovia de Integra\u00e7\u00e3o do Centro-Oeste","FICO","Houer Concess\u00f5es","leil\u00e3o","Marcelo de Oliveira","Mato Grosso","Mauro Mendes","Primavera MT","rodovias","Via Brasil","Via Norte Sul"],"articleSection":["Geral","iNFRATransporte"],"inLanguage":"pt-BR","copyrightYear":"2020","copyrightHolder":{"@id":"https:\/\/agenciainfra.com\/blog\/#organization"}},{"@type":"WebPage","@id":"https:\/\/agenciainfra.com\/blog\/apos-leiloar-tres-lotes-de-concessoes-rodoviarias-governo-de-mt-estuda-mais-sete\/","url":"https:\/\/agenciainfra.com\/blog\/apos-leiloar-tres-lotes-de-concessoes-rodoviarias-governo-de-mt-estuda-mais-sete\/","name":"Ap\u00f3s leiloar tr\u00eas lotes de concess\u00f5es rodovi\u00e1rias, governo de MT estuda mais sete - Ag\u00eancia iNFRA","isPartOf":{"@id":"https:\/\/agenciainfra.com\/blog\/#website"},"primaryImageOfPage":{"@id":"https:\/\/agenciainfra.com\/blog\/apos-leiloar-tres-lotes-de-concessoes-rodoviarias-governo-de-mt-estuda-mais-sete\/#primaryimage"},"image":{"@id":"https:\/\/agenciainfra.com\/blog\/apos-leiloar-tres-lotes-de-concessoes-rodoviarias-governo-de-mt-estuda-mais-sete\/#primaryimage"},"thumbnailUrl":"https:\/\/agenciainfra.com\/blog\/wp-content\/uploads\/2020\/11\/leilao-rodovias-mt-foto-mayke-toscano-secom-MT.jpg","datePublished":"2020-11-29T11:00:34+00:00","breadcrumb":{"@id":"https:\/\/agenciainfra.com\/blog\/apos-leiloar-tres-lotes-de-concessoes-rodoviarias-governo-de-mt-estuda-mais-sete\/#breadcrumb"},"inLanguage":"pt-BR","potentialAction":[{"@type":"ReadAction","target":["https:\/\/agenciainfra.com\/blog\/apos-leiloar-tres-lotes-de-concessoes-rodoviarias-governo-de-mt-estuda-mais-sete\/"]}]},{"@type":"ImageObject","inLanguage":"pt-BR","@id":"https:\/\/agenciainfra.com\/blog\/apos-leiloar-tres-lotes-de-concessoes-rodoviarias-governo-de-mt-estuda-mais-sete\/#primaryimage","url":"https:\/\/agenciainfra.com\/blog\/wp-content\/uploads\/2020\/11\/leilao-rodovias-mt-foto-mayke-toscano-secom-MT.jpg","contentUrl":"https:\/\/agenciainfra.com\/blog\/wp-content\/uploads\/2020\/11\/leilao-rodovias-mt-foto-mayke-toscano-secom-MT.jpg","width":1280,"height":854},{"@type":"BreadcrumbList","@id":"https:\/\/agenciainfra.com\/blog\/apos-leiloar-tres-lotes-de-concessoes-rodoviarias-governo-de-mt-estuda-mais-sete\/#breadcrumb","itemListElement":[{"@type":"ListItem","position":1,"name":"In\u00edcio","item":"https:\/\/agenciainfra.com\/blog\/"},{"@type":"ListItem","position":2,"name":"Ap\u00f3s leiloar tr\u00eas lotes de concess\u00f5es rodovi\u00e1rias, governo de MT estuda mais sete"}]},{"@type":"WebSite","@id":"https:\/\/agenciainfra.com\/blog\/#website","url":"https:\/\/agenciainfra.com\/blog\/","name":"Ag\u00eancia iNFRA","description":"Multiplataforma de informa\u00e7\u00e3o jornal\u00edstica refer\u00eancia na \u00e1rea de infraestrutura no Brasil!","publisher":{"@id":"https:\/\/agenciainfra.com\/blog\/#organization"},"potentialAction":[{"@type":"SearchAction","target":{"@type":"EntryPoint","urlTemplate":"https:\/\/agenciainfra.com\/blog\/?s={search_term_string}"},"query-input":{"@type":"PropertyValueSpecification","valueRequired":true,"valueName":"search_term_string"}}],"inLanguage":"pt-BR"},{"@type":"Organization","@id":"https:\/\/agenciainfra.com\/blog\/#organization","name":"Ag\u00eancia iNFRA","url":"https:\/\/agenciainfra.com\/blog\/","logo":{"@type":"ImageObject","inLanguage":"pt-BR","@id":"https:\/\/agenciainfra.com\/blog\/#\/schema\/logo\/image\/","url":"https:\/\/agenciainfra.com\/blog\/wp-content\/uploads\/2023\/09\/iNFRA_5-e1761735885940.png","contentUrl":"https:\/\/agenciainfra.com\/blog\/wp-content\/uploads\/2023\/09\/iNFRA_5-e1761735885940.png","width":1672,"height":454,"caption":"Ag\u00eancia iNFRA"},"image":{"@id":"https:\/\/agenciainfra.com\/blog\/#\/schema\/logo\/image\/"},"sameAs":["https:\/\/www.facebook.com\/ageninfra","https:\/\/x.com\/agencia_infra","https:\/\/www.linkedin.com\/company\/ag\u00eanciainfra\/","https:\/\/www.instagram.com\/agenciainfra\/"]},{"@type":"Person","@id":"https:\/\/agenciainfra.com\/blog\/#\/schema\/person\/04dbb79bd6d8951f063da71f3e4c1eb1","name":"Rodrigo Zuquim","image":{"@type":"ImageObject","inLanguage":"pt-BR","@id":"https:\/\/agenciainfra.com\/blog\/#\/schema\/person\/image\/","url":"https:\/\/secure.gravatar.com\/avatar\/594abfe82761d620726242ff34ca472a705a4b97f16c790053a6b4c4035274d0?s=96&d=mm&r=g","contentUrl":"https:\/\/secure.gravatar.com\/avatar\/594abfe82761d620726242ff34ca472a705a4b97f16c790053a6b4c4035274d0?s=96&d=mm&r=g","caption":"Rodrigo Zuquim"},"url":"https:\/\/agenciainfra.com\/blog\/author\/rodrigo-zuquim\/"}]}},"_links":{"self":[{"href":"https:\/\/agenciainfra.com\/blog\/wp-json\/wp\/v2\/posts\/6433","targetHints":{"allow":["GET"]}}],"collection":[{"href":"https:\/\/agenciainfra.com\/blog\/wp-json\/wp\/v2\/posts"}],"about":[{"href":"https:\/\/agenciainfra.com\/blog\/wp-json\/wp\/v2\/types\/post"}],"author":[{"embeddable":true,"href":"https:\/\/agenciainfra.com\/blog\/wp-json\/wp\/v2\/users\/9"}],"replies":[{"embeddable":true,"href":"https:\/\/agenciainfra.com\/blog\/wp-json\/wp\/v2\/comments?post=6433"}],"version-history":[{"count":0,"href":"https:\/\/agenciainfra.com\/blog\/wp-json\/wp\/v2\/posts\/6433\/revisions"}],"wp:featuredmedia":[{"embeddable":true,"href":"https:\/\/agenciainfra.com\/blog\/wp-json\/wp\/v2\/media\/6434"}],"wp:attachment":[{"href":"https:\/\/agenciainfra.com\/blog\/wp-json\/wp\/v2\/media?parent=6433"}],"wp:term":[{"taxonomy":"category","embeddable":true,"href":"https:\/\/agenciainfra.com\/blog\/wp-json\/wp\/v2\/categories?post=6433"},{"taxonomy":"post_tag","embeddable":true,"href":"https:\/\/agenciainfra.com\/blog\/wp-json\/wp\/v2\/tags?post=6433"}],"curies":[{"name":"wp","href":"https:\/\/api.w.org\/{rel}","templated":true}]}}