{"id":6460,"date":"2020-12-02T13:00:23","date_gmt":"2020-12-02T16:00:23","guid":{"rendered":"https:\/\/www.agenciainfra.com\/blog\/?p=6460"},"modified":"2020-12-02T11:23:25","modified_gmt":"2020-12-02T14:23:25","slug":"infradebate-navegacao-de-cabotagem-desafios-e-oportunidades","status":"publish","type":"post","link":"https:\/\/agenciainfra.com\/blog\/infradebate-navegacao-de-cabotagem-desafios-e-oportunidades\/","title":{"rendered":"iNFRADebate: Navega\u00e7\u00e3o de cabotagem \u2013\u00a0desafios e oportunidades"},"content":{"rendered":"\n<p class=\"has-text-align-right\" id=\"block-5ab9ca95-0ee5-4b27-b104-15905da6d987\"><strong>Ant\u00f4nio Jos\u00e9 de Mattos Patr\u00edcio Junior*<\/strong><\/p>\n\n\n\n<p>Todo brasileiro tem a percep\u00e7\u00e3o, mesmo que intuitiva, de que o nosso pa\u00eds, com mais de 8.500 km de costa naveg\u00e1vel, deveria ter uma matriz de transporte com forte participa\u00e7\u00e3o da navega\u00e7\u00e3o de cabotagem \u2013 aquela realizada entre portos brasileiros, utilizando a via mar\u00edtima e as vias interiores do mesmo pa\u00eds.\u00a0<\/p>\n\n\n\n<p>N\u00e3o parece mesmo fazer muito sentido, com todo esse potencial da navega\u00e7\u00e3o, por exemplo, encher um caminh\u00e3o de carga no Sul do pa\u00eds e transportar essa carga por milhares de quil\u00f4metros at\u00e9 o Norte do pa\u00eds, via rodovi\u00e1ria.<\/p>\n\n\n\n<p>Tamb\u00e9m \u00e9 de percep\u00e7\u00e3o simples que a quantidade de caminh\u00f5es para transportar a mesma quantidade de carga de um navio acaba congestionando estradas, aumentando a probabilidade de acidentes, gerando mais polui\u00e7\u00e3o, desgaste do motorista em viagens muito longas, e outras v\u00e1rias externalidades negativas.<\/p>\n\n\n\n<p>Outro fato importante est\u00e1 na ociosidade dos ve\u00edculos rodovi\u00e1rios utilizados em transportes de longas dist\u00e2ncias. Um antigo estudo do Geipot (Grupo Executivo de Integra\u00e7\u00e3o da Pol\u00edtica de Transportes), que entrevistava caminhoneiros na estrada, colhendo dados para o planejamento de transporte, mostrava que, caso pin\u00e7\u00e1ssemos caminh\u00f5es em um mapa rodovi\u00e1rio do Brasil, de forma aleat\u00f3ria, ter\u00edamos mais de 35% de probabilidade de que esse caminh\u00e3o estivesse vazio.\u00a0<\/p>\n\n\n\n<p>\u00c9 tamb\u00e9m de conhecimento emp\u00edrico que as empresas rodovi\u00e1rias que conseguem bons resultados, as que conseguem ser lucrativas, mantendo frota nova, s\u00e3o empresas que fazem transportes de curta dist\u00e2ncia e com carga garantida, em geral de uma regi\u00e3o produtora at\u00e9 um porto, um terminal, uma f\u00e1brica ou um atacadista.<\/p>\n\n\n\n<p>Os caminhoneiros aut\u00f4nomos, que transportam por longas dist\u00e2ncias, acabam sendo mal remunerados, cobram fretes abaixo dos custos m\u00ednimos para oferta de um servi\u00e7o com seguran\u00e7a e qualidade e com frotas antigas e com baixa manuten\u00e7\u00e3o. Al\u00e9m do fato de terem que passar muito tempo improdutivo em filas, ou aguardando fretes de retorno em regi\u00f5es que n\u00e3o s\u00e3o de sua atua\u00e7\u00e3o rotineira, longe de suas fam\u00edlias, obrigados a dirigir por longos per\u00edodos sem descanso, se aventurarem com excesso de cargas (\u00e0s vezes imposto pelo contratante), para que o servi\u00e7o possa lhes render ao menos o sustento da fam\u00edlia, mesmo que para isso coloquem em risco a pr\u00f3pria vida.<\/p>\n\n\n\n<p>S\u00e3o conhecidas, de in\u00fameros estudos j\u00e1 realizados, as vantagens do transporte de cabotagem, dentre elas a maior seguran\u00e7a da carga, a maior efici\u00eancia energ\u00e9tica e as menores emiss\u00f5es de poluentes, congestionamento do tr\u00e1fego e \u00edndice de acidentes.\u00a0<\/p>\n\n\n\n<p>Com todo esse cen\u00e1rio, percebe-se a inviabilidade econ\u00f4mica, ambiental e t\u00e9cnico-operacional de transportar grandes volumes de cargas em longas dist\u00e2ncias usando caminh\u00f5es, e esse \u00e9 um dos principais itens da nossa pauta da composi\u00e7\u00e3o do Custo Brasil. O problema \u00e9 que, apesar de toda a l\u00f3gica e racionalidade dessa percep\u00e7\u00e3o, nosso pa\u00eds ainda tem uma matriz de transporte predominantemente rodovi\u00e1ria.&nbsp;<\/p>\n\n\n\n<p>A quest\u00e3o, portanto, a ser resolvida, est\u00e1 em quebrar essa cultura que reduz nossa efici\u00eancia log\u00edstica, criando condi\u00e7\u00f5es de est\u00edmulo ao crescimento acelerado da cabotagem.<\/p>\n\n\n\n<p>Do ponto de vista dos prestadores de servi\u00e7o, o debate passa pelas quest\u00f5es que distorcem a competitividade real, criando uma falsa condi\u00e7\u00e3o log\u00edstica que afeta a nossa matriz de transporte.<\/p>\n\n\n\n<p>\u00c9 preciso enxergar que os est\u00edmulos neste caso em quest\u00e3o s\u00e3o uma forma leg\u00edtima de investimento social na redu\u00e7\u00e3o de externalidades negativas que h\u00e1 muito tempo v\u00eam aumentando nosso custo log\u00edstico e diminuindo nossa competitividade, com custos mais altos para o consumidor final, principalmente para aqueles que est\u00e3o distantes dos grandes centros produtivos.<\/p>\n\n\n\n<p>Dentre os est\u00edmulos ou corre\u00e7\u00f5es de distor\u00e7\u00f5es, podem ser citados: o tratamento diferenciado dado ao combust\u00edvel rodovi\u00e1rio em rela\u00e7\u00e3o ao combust\u00edvel de navega\u00e7\u00e3o (<em>bunker<\/em>); a burocracia para libera\u00e7\u00e3o de cargas de cabotagem nos portos; as barreiras no afretamento de embarca\u00e7\u00f5es estrangeiras e para importa\u00e7\u00e3o de navios;\u00a0 os altos custos com a tripula\u00e7\u00e3o e dificuldades de capacita\u00e7\u00e3o de marinheiros; a inexist\u00eancia de um documento fiscal porta a porta (transporte multimodal); a baixa efici\u00eancia nas libera\u00e7\u00f5es dos navios; a burocracia dos sistemas aduaneiros, as dificuldades da utiliza\u00e7\u00e3o do AFRMM (Adicional de Frete para Renova\u00e7\u00e3o da Marinha Mercante) e do financiamento de navios, os altos custos portu\u00e1rios sobre o valor do frete de cabotagem,\u00a0 dentre diversos outros.<\/p>\n\n\n\n<p>J\u00e1 do ponto de vista do usu\u00e1rio, algumas importantes considera\u00e7\u00f5es s\u00e3o essenciais, tais como por exemplo a expans\u00e3o, moderniza\u00e7\u00e3o e otimiza\u00e7\u00e3o das atividades e frotas de navega\u00e7\u00e3o operantes no pa\u00eds; a melhoria na qualidade e na efici\u00eancia do transporte por cabotagem em rela\u00e7\u00e3o \u00e0 experi\u00eancia do usu\u00e1rio;\u00a0 o aumento na oferta; a cria\u00e7\u00e3o e manuten\u00e7\u00e3o de opera\u00e7\u00e3o de transporte de cargas regular; a inova\u00e7\u00e3o e desenvolvimento cient\u00edfico e tecnol\u00f3gico; a seguran\u00e7a no transporte dos bens transportados; a transpar\u00eancia quanto aos valores do frete; as pr\u00e1ticas concorrenciais saud\u00e1veis, que garantam a competitividade e a condu\u00e7\u00e3o dos neg\u00f3cios de forma eticamente respons\u00e1vel, dentre outras.<\/p>\n\n\n\n<p>Na equa\u00e7\u00e3o da competitividade, h\u00e1 uma enorme chance de que seja alcan\u00e7ado um modelo <em>win-win<\/em> para as posi\u00e7\u00f5es de prestadores de servi\u00e7o e de usu\u00e1rios do servi\u00e7o de cabotagem.&nbsp;<\/p>\n\n\n\n<p>O in\u00edcio do debate est\u00e1 definitivamente colocado com o Projeto de Lei BR do Mar, no Congresso Nacional. Sua import\u00e2ncia \u00e9 muito estrat\u00e9gica, j\u00e1 que essa \u00e9, provavelmente, uma das mais esperadas e desejadas constru\u00e7\u00f5es de pol\u00edtica p\u00fablica para o desenvolvimento econ\u00f4mico e social do Brasil.\u00a0<\/p>\n\n\n\n<p>O projeto de lei de est\u00edmulo \u00e0 cabotagem tem provocado manifesta\u00e7\u00f5es de apoio dos empres\u00e1rios do setor portu\u00e1rio, na busca de ampliar o transporte mar\u00edtimo de cabotagem pela costa brasileira. Para esses empres\u00e1rios, h\u00e1 consenso de que cabotagem \u00e9 um modal seguro, eficiente, de baixo custo e impacto ambiental.\u00a0<\/p>\n\n\n\n<p>O Minist\u00e9rio da Infraestrutura estima a amplia\u00e7\u00e3o em 40% da frota mar\u00edtima destinada \u00e0 cabotagem nos pr\u00f3ximos tr\u00eas anos, com meta j\u00e1 para 2022 de passar a transportar mais de 2 milh\u00f5es de TEUs \u2013 unidade equivalente a um cont\u00eainer de 20 p\u00e9s, o que representaria um aumento de 66,6% em rela\u00e7\u00e3o ao volume transportado em 2019 (1,2 milh\u00e3o de TEUs) .<\/p>\n\n\n\n<p>Os resultados esperados envolvem a atra\u00e7\u00e3o de investidores em projetos espec\u00edficos e em projetos de transporte de cont\u00eaineres, a promo\u00e7\u00e3o de substanciais ganhos ambientais que podem ser utilizados no mercado de cr\u00e9ditos de carbono, a redu\u00e7\u00e3o de externalidades no transporte rodovi\u00e1rio e a garantia de cargas de curta dist\u00e2ncia ao transportador rodovi\u00e1rio, proporcionando ao caminhoneiro a possibilidade de renova\u00e7\u00e3o da frota, proximidade da fam\u00edlia, garantia de carga, al\u00e9m, \u00e9 claro, do in\u00edcio da corre\u00e7\u00e3o de uma distor\u00e7\u00e3o hist\u00f3rica, nos levanto a outros patamares de efici\u00eancia log\u00edstica.<\/p>\n\n\n\n<p>No momento da economia mundial em que se espera\u00a0 a constru\u00e7\u00e3o de pol\u00edticas p\u00fablicas adequadas para a retomada da atividade econ\u00f4mica plena, devemos focar nossa aten\u00e7\u00e3o nesse debate. A aprova\u00e7\u00e3o da BR do Mar torna-se um marco importante ao estabelecer seguran\u00e7a a novos investimentos no setor log\u00edstico portu\u00e1rio nacional. Estamos certos de que a sociedade certamente demonstrar\u00e1, por meio dos seus representantes, a maturidade, o cuidado t\u00e9cnico e a urg\u00eancia para o avan\u00e7o da cabotagem no Brasil.<\/p>\n\n\n\n<p>A sociedade certamente demonstrar\u00e1, por meio dos seus representantes, a maturidade, o cuidado t\u00e9cnico e a urg\u00eancia para o avan\u00e7o da cabotagem no Brasil.<\/p>\n\n\n\n<p>Como se diz na navega\u00e7\u00e3o: <em>rudder amidships<\/em> e motores em pot\u00eancia m\u00e1xima avante!!!<\/p>\n\n\n\n<h6 class=\"wp-block-heading\" id=\"block-0ad831ad-cd23-417f-b06a-95588097a0b7\"><strong>*Ant\u00f4nio Jos\u00e9 de Mattos Patr\u00edcio Junior \u00e9 diretor de <\/strong>Investimento em Terminais da TiL (Terminal Investment Limited), bra\u00e7o de terminais portu\u00e1rios do Grupo MSC, com sede em Genebra, Su\u00ed\u00e7a. No comando de 10 terminais sob o portf\u00f3lio da TiL, Patr\u00edcio ainda acumula a posi\u00e7\u00e3o de conselheiro de terminais dos EUA e da Am\u00e9rica Latina, incluindo o da BTP (Brasil Terminal Portu\u00e1rio) e da Portonave, ambos no Brasil. Tem quase 40 anos de experi\u00eancia em diferentes posi\u00e7\u00f5es de lideran\u00e7a no setor portu\u00e1rio, tanto em terminais de cont\u00eaineres como em linhas de navega\u00e7\u00e3o. Patr\u00edcio Jr. tem forma\u00e7\u00e3o em Ci\u00eancias N\u00e1uticas pela Academia da Marinha Mercante no Brasil, al\u00e9m de especializa\u00e7\u00e3o em Gerenciamento de Portos pela Universidade de S\u00e3o Paulo.<\/h6>\n\n\n\n<h5 class=\"wp-block-heading\" id=\"block-d67878ff-7627-4f15-b175-8f58269174ff\">O iNFRADebate \u00e9 o espa\u00e7o de artigos da Ag\u00eancia iNFRA com opini\u00f5es de seus atores que n\u00e3o refletem necessariamente o pensamento da Ag\u00eancia iNFRA, sendo de total responsabilidade do autor as informa\u00e7\u00f5es, ju\u00edzos de valor e conceitos descritos no texto.<\/h5>\n","protected":false},"excerpt":{"rendered":"<p>Ant\u00f4nio Jos\u00e9 de Mattos Patr\u00edcio Junior* Todo brasileiro tem a percep\u00e7\u00e3o, mesmo que intuitiva, de que o nosso pa\u00eds, com mais de 8.500 km de costa naveg\u00e1vel, deveria ter uma matriz de transporte com forte participa\u00e7\u00e3o da navega\u00e7\u00e3o de cabotagem \u2013 aquela realizada entre portos brasileiros, utilizando a via mar\u00edtima e as vias interiores do [&hellip;]<\/p>\n","protected":false},"author":9,"featured_media":6461,"comment_status":"closed","ping_status":"closed","sticky":false,"template":"","format":"standard","meta":{"_monsterinsights_skip_tracking":false,"_monsterinsights_sitenote_active":false,"_monsterinsights_sitenote_note":"","_monsterinsights_sitenote_category":0,"footnotes":""},"categories":[1,11],"tags":[815,2468,3160,1245,1143,407,941,3162,3165,880,2601,3161,66,3163,3164,775,106,2484,310,126,1201,617,3169,3168,3166,902],"class_list":["post-6460","post","type-post","status-publish","format-standard","has-post-thumbnail","hentry","category-geral","category-infradebate","tag-afretamento","tag-afrmm","tag-antonio-jose-de-mattos-patricio-junior","tag-br-do-mar","tag-bunker","tag-cabotagem","tag-caminhoes","tag-cargas","tag-competitividade","tag-custo-brasil","tag-eficiencia-energetica","tag-geipot","tag-logistica","tag-longas-distancias","tag-matriz-de-transporte","tag-ministerio-da-infraestrutura","tag-navegacao","tag-pl-4-199-2020","tag-portos","tag-rodovias","tag-setor-portuario","tag-transporte","tag-transporte-de-conteineres","tag-transporte-maritimo","tag-transporte-multimodal","tag-transporte-rodoviario"],"yoast_head":"<!-- This site is optimized with the Yoast SEO Premium plugin v25.4 (Yoast SEO v26.0) - https:\/\/yoast.com\/wordpress\/plugins\/seo\/ -->\n<title>iNFRADebate: Navega\u00e7\u00e3o de cabotagem \u2013\u00a0desafios e oportunidades - Ag\u00eancia iNFRA<\/title>\n<meta name=\"robots\" content=\"index, follow, max-snippet:-1, max-image-preview:large, max-video-preview:-1\" \/>\n<link rel=\"canonical\" href=\"https:\/\/agenciainfra.com\/blog\/infradebate-navegacao-de-cabotagem-desafios-e-oportunidades\/\" \/>\n<meta property=\"og:locale\" content=\"pt_BR\" \/>\n<meta property=\"og:type\" content=\"article\" \/>\n<meta property=\"og:title\" content=\"iNFRADebate: Navega\u00e7\u00e3o de cabotagem \u2013\u00a0desafios e oportunidades\" \/>\n<meta property=\"og:description\" content=\"Ant\u00f4nio Jos\u00e9 de Mattos Patr\u00edcio Junior* Todo brasileiro tem a percep\u00e7\u00e3o, mesmo que intuitiva, de que o nosso pa\u00eds, com mais de 8.500 km de costa naveg\u00e1vel, deveria ter uma matriz de transporte com forte participa\u00e7\u00e3o da navega\u00e7\u00e3o de cabotagem \u2013 aquela realizada entre portos brasileiros, utilizando a via mar\u00edtima e as vias interiores do [&hellip;]\" \/>\n<meta property=\"og:url\" content=\"https:\/\/agenciainfra.com\/blog\/infradebate-navegacao-de-cabotagem-desafios-e-oportunidades\/\" \/>\n<meta property=\"og:site_name\" content=\"Ag\u00eancia iNFRA\" \/>\n<meta property=\"article:publisher\" content=\"https:\/\/www.facebook.com\/ageninfra\" \/>\n<meta property=\"article:published_time\" content=\"2020-12-02T16:00:23+00:00\" \/>\n<meta property=\"og:image\" content=\"https:\/\/agenciainfra.com\/blog\/wp-content\/uploads\/2020\/12\/patricio-junior-foto-arquivo.jpg\" \/>\n\t<meta property=\"og:image:width\" content=\"1280\" \/>\n\t<meta property=\"og:image:height\" content=\"832\" \/>\n\t<meta property=\"og:image:type\" content=\"image\/jpeg\" \/>\n<meta name=\"author\" content=\"Rodrigo Zuquim\" \/>\n<meta name=\"twitter:card\" content=\"summary_large_image\" \/>\n<meta name=\"twitter:creator\" content=\"@agencia_infra\" \/>\n<meta name=\"twitter:site\" content=\"@agencia_infra\" \/>\n<meta name=\"twitter:label1\" content=\"Escrito por\" \/>\n\t<meta name=\"twitter:data1\" content=\"Rodrigo Zuquim\" \/>\n\t<meta name=\"twitter:label2\" content=\"Est. tempo de leitura\" \/>\n\t<meta name=\"twitter:data2\" content=\"8 minutos\" \/>\n<script type=\"application\/ld+json\" class=\"yoast-schema-graph\">{\"@context\":\"https:\/\/schema.org\",\"@graph\":[{\"@type\":\"Article\",\"@id\":\"https:\/\/agenciainfra.com\/blog\/infradebate-navegacao-de-cabotagem-desafios-e-oportunidades\/#article\",\"isPartOf\":{\"@id\":\"https:\/\/agenciainfra.com\/blog\/infradebate-navegacao-de-cabotagem-desafios-e-oportunidades\/\"},\"author\":{\"name\":\"Rodrigo Zuquim\",\"@id\":\"https:\/\/agenciainfra.com\/blog\/#\/schema\/person\/04dbb79bd6d8951f063da71f3e4c1eb1\"},\"headline\":\"iNFRADebate: Navega\u00e7\u00e3o de cabotagem \u2013\u00a0desafios e oportunidades\",\"datePublished\":\"2020-12-02T16:00:23+00:00\",\"mainEntityOfPage\":{\"@id\":\"https:\/\/agenciainfra.com\/blog\/infradebate-navegacao-de-cabotagem-desafios-e-oportunidades\/\"},\"wordCount\":1534,\"publisher\":{\"@id\":\"https:\/\/agenciainfra.com\/blog\/#organization\"},\"image\":{\"@id\":\"https:\/\/agenciainfra.com\/blog\/infradebate-navegacao-de-cabotagem-desafios-e-oportunidades\/#primaryimage\"},\"thumbnailUrl\":\"https:\/\/agenciainfra.com\/blog\/wp-content\/uploads\/2020\/12\/patricio-junior-foto-arquivo.jpg\",\"keywords\":[\"afretamento\",\"AFRMM\",\"Ant\u00f4nio Jos\u00e9 de Mattos Patr\u00edcio Junior\",\"BR do Mar\",\"bunker\",\"cabotagem\",\"caminh\u00f5es\",\"cargas\",\"competitividade\",\"custo brasil\",\"Efici\u00eancia Energ\u00e9tica\",\"Geipot\",\"log\u00edstica\",\"longas dist\u00e2ncias\",\"matriz de transporte\",\"Minist\u00e9rio da Infraestrutura\",\"Navega\u00e7\u00e3o\",\"PL 4.199\/2020\",\"portos\",\"rodovias\",\"setor portu\u00e1rio\",\"transporte\",\"transporte de cont\u00eaineres\",\"transporte mar\u00edtimo\",\"transporte multimodal\",\"transporte rodovi\u00e1rio\"],\"articleSection\":[\"Geral\",\"iNFRADebate\"],\"inLanguage\":\"pt-BR\",\"copyrightYear\":\"2020\",\"copyrightHolder\":{\"@id\":\"https:\/\/agenciainfra.com\/blog\/#organization\"}},{\"@type\":\"WebPage\",\"@id\":\"https:\/\/agenciainfra.com\/blog\/infradebate-navegacao-de-cabotagem-desafios-e-oportunidades\/\",\"url\":\"https:\/\/agenciainfra.com\/blog\/infradebate-navegacao-de-cabotagem-desafios-e-oportunidades\/\",\"name\":\"iNFRADebate: Navega\u00e7\u00e3o de cabotagem \u2013\u00a0desafios e oportunidades - Ag\u00eancia iNFRA\",\"isPartOf\":{\"@id\":\"https:\/\/agenciainfra.com\/blog\/#website\"},\"primaryImageOfPage\":{\"@id\":\"https:\/\/agenciainfra.com\/blog\/infradebate-navegacao-de-cabotagem-desafios-e-oportunidades\/#primaryimage\"},\"image\":{\"@id\":\"https:\/\/agenciainfra.com\/blog\/infradebate-navegacao-de-cabotagem-desafios-e-oportunidades\/#primaryimage\"},\"thumbnailUrl\":\"https:\/\/agenciainfra.com\/blog\/wp-content\/uploads\/2020\/12\/patricio-junior-foto-arquivo.jpg\",\"datePublished\":\"2020-12-02T16:00:23+00:00\",\"breadcrumb\":{\"@id\":\"https:\/\/agenciainfra.com\/blog\/infradebate-navegacao-de-cabotagem-desafios-e-oportunidades\/#breadcrumb\"},\"inLanguage\":\"pt-BR\",\"potentialAction\":[{\"@type\":\"ReadAction\",\"target\":[\"https:\/\/agenciainfra.com\/blog\/infradebate-navegacao-de-cabotagem-desafios-e-oportunidades\/\"]}]},{\"@type\":\"ImageObject\",\"inLanguage\":\"pt-BR\",\"@id\":\"https:\/\/agenciainfra.com\/blog\/infradebate-navegacao-de-cabotagem-desafios-e-oportunidades\/#primaryimage\",\"url\":\"https:\/\/agenciainfra.com\/blog\/wp-content\/uploads\/2020\/12\/patricio-junior-foto-arquivo.jpg\",\"contentUrl\":\"https:\/\/agenciainfra.com\/blog\/wp-content\/uploads\/2020\/12\/patricio-junior-foto-arquivo.jpg\",\"width\":1280,\"height\":832},{\"@type\":\"BreadcrumbList\",\"@id\":\"https:\/\/agenciainfra.com\/blog\/infradebate-navegacao-de-cabotagem-desafios-e-oportunidades\/#breadcrumb\",\"itemListElement\":[{\"@type\":\"ListItem\",\"position\":1,\"name\":\"In\u00edcio\",\"item\":\"https:\/\/agenciainfra.com\/blog\/\"},{\"@type\":\"ListItem\",\"position\":2,\"name\":\"iNFRADebate: Navega\u00e7\u00e3o de cabotagem \u2013\u00a0desafios e oportunidades\"}]},{\"@type\":\"WebSite\",\"@id\":\"https:\/\/agenciainfra.com\/blog\/#website\",\"url\":\"https:\/\/agenciainfra.com\/blog\/\",\"name\":\"Ag\u00eancia iNFRA\",\"description\":\"Multiplataforma de informa\u00e7\u00e3o jornal\u00edstica refer\u00eancia na \u00e1rea de infraestrutura no Brasil!\",\"publisher\":{\"@id\":\"https:\/\/agenciainfra.com\/blog\/#organization\"},\"potentialAction\":[{\"@type\":\"SearchAction\",\"target\":{\"@type\":\"EntryPoint\",\"urlTemplate\":\"https:\/\/agenciainfra.com\/blog\/?s={search_term_string}\"},\"query-input\":{\"@type\":\"PropertyValueSpecification\",\"valueRequired\":true,\"valueName\":\"search_term_string\"}}],\"inLanguage\":\"pt-BR\"},{\"@type\":\"Organization\",\"@id\":\"https:\/\/agenciainfra.com\/blog\/#organization\",\"name\":\"Ag\u00eancia iNFRA\",\"url\":\"https:\/\/agenciainfra.com\/blog\/\",\"logo\":{\"@type\":\"ImageObject\",\"inLanguage\":\"pt-BR\",\"@id\":\"https:\/\/agenciainfra.com\/blog\/#\/schema\/logo\/image\/\",\"url\":\"https:\/\/agenciainfra.com\/blog\/wp-content\/uploads\/2023\/09\/iNFRA_5-e1761735885940.png\",\"contentUrl\":\"https:\/\/agenciainfra.com\/blog\/wp-content\/uploads\/2023\/09\/iNFRA_5-e1761735885940.png\",\"width\":1672,\"height\":454,\"caption\":\"Ag\u00eancia iNFRA\"},\"image\":{\"@id\":\"https:\/\/agenciainfra.com\/blog\/#\/schema\/logo\/image\/\"},\"sameAs\":[\"https:\/\/www.facebook.com\/ageninfra\",\"https:\/\/x.com\/agencia_infra\",\"https:\/\/www.linkedin.com\/company\/ag\u00eanciainfra\/\",\"https:\/\/www.instagram.com\/agenciainfra\/\"]},{\"@type\":\"Person\",\"@id\":\"https:\/\/agenciainfra.com\/blog\/#\/schema\/person\/04dbb79bd6d8951f063da71f3e4c1eb1\",\"name\":\"Rodrigo Zuquim\",\"image\":{\"@type\":\"ImageObject\",\"inLanguage\":\"pt-BR\",\"@id\":\"https:\/\/agenciainfra.com\/blog\/#\/schema\/person\/image\/\",\"url\":\"https:\/\/secure.gravatar.com\/avatar\/594abfe82761d620726242ff34ca472a705a4b97f16c790053a6b4c4035274d0?s=96&d=mm&r=g\",\"contentUrl\":\"https:\/\/secure.gravatar.com\/avatar\/594abfe82761d620726242ff34ca472a705a4b97f16c790053a6b4c4035274d0?s=96&d=mm&r=g\",\"caption\":\"Rodrigo Zuquim\"},\"url\":\"https:\/\/agenciainfra.com\/blog\/author\/rodrigo-zuquim\/\"}]}<\/script>\n<!-- \/ Yoast SEO Premium plugin. -->","yoast_head_json":{"title":"iNFRADebate: Navega\u00e7\u00e3o de cabotagem \u2013\u00a0desafios e oportunidades - Ag\u00eancia iNFRA","robots":{"index":"index","follow":"follow","max-snippet":"max-snippet:-1","max-image-preview":"max-image-preview:large","max-video-preview":"max-video-preview:-1"},"canonical":"https:\/\/agenciainfra.com\/blog\/infradebate-navegacao-de-cabotagem-desafios-e-oportunidades\/","og_locale":"pt_BR","og_type":"article","og_title":"iNFRADebate: Navega\u00e7\u00e3o de cabotagem \u2013\u00a0desafios e oportunidades","og_description":"Ant\u00f4nio Jos\u00e9 de Mattos Patr\u00edcio Junior* Todo brasileiro tem a percep\u00e7\u00e3o, mesmo que intuitiva, de que o nosso pa\u00eds, com mais de 8.500 km de costa naveg\u00e1vel, deveria ter uma matriz de transporte com forte participa\u00e7\u00e3o da navega\u00e7\u00e3o de cabotagem \u2013 aquela realizada entre portos brasileiros, utilizando a via mar\u00edtima e as vias interiores do [&hellip;]","og_url":"https:\/\/agenciainfra.com\/blog\/infradebate-navegacao-de-cabotagem-desafios-e-oportunidades\/","og_site_name":"Ag\u00eancia iNFRA","article_publisher":"https:\/\/www.facebook.com\/ageninfra","article_published_time":"2020-12-02T16:00:23+00:00","og_image":[{"width":1280,"height":832,"url":"https:\/\/agenciainfra.com\/blog\/wp-content\/uploads\/2020\/12\/patricio-junior-foto-arquivo.jpg","type":"image\/jpeg"}],"author":"Rodrigo Zuquim","twitter_card":"summary_large_image","twitter_creator":"@agencia_infra","twitter_site":"@agencia_infra","twitter_misc":{"Escrito por":"Rodrigo Zuquim","Est. tempo de leitura":"8 minutos"},"schema":{"@context":"https:\/\/schema.org","@graph":[{"@type":"Article","@id":"https:\/\/agenciainfra.com\/blog\/infradebate-navegacao-de-cabotagem-desafios-e-oportunidades\/#article","isPartOf":{"@id":"https:\/\/agenciainfra.com\/blog\/infradebate-navegacao-de-cabotagem-desafios-e-oportunidades\/"},"author":{"name":"Rodrigo Zuquim","@id":"https:\/\/agenciainfra.com\/blog\/#\/schema\/person\/04dbb79bd6d8951f063da71f3e4c1eb1"},"headline":"iNFRADebate: Navega\u00e7\u00e3o de cabotagem \u2013\u00a0desafios e oportunidades","datePublished":"2020-12-02T16:00:23+00:00","mainEntityOfPage":{"@id":"https:\/\/agenciainfra.com\/blog\/infradebate-navegacao-de-cabotagem-desafios-e-oportunidades\/"},"wordCount":1534,"publisher":{"@id":"https:\/\/agenciainfra.com\/blog\/#organization"},"image":{"@id":"https:\/\/agenciainfra.com\/blog\/infradebate-navegacao-de-cabotagem-desafios-e-oportunidades\/#primaryimage"},"thumbnailUrl":"https:\/\/agenciainfra.com\/blog\/wp-content\/uploads\/2020\/12\/patricio-junior-foto-arquivo.jpg","keywords":["afretamento","AFRMM","Ant\u00f4nio Jos\u00e9 de Mattos Patr\u00edcio Junior","BR do Mar","bunker","cabotagem","caminh\u00f5es","cargas","competitividade","custo brasil","Efici\u00eancia Energ\u00e9tica","Geipot","log\u00edstica","longas dist\u00e2ncias","matriz de transporte","Minist\u00e9rio da Infraestrutura","Navega\u00e7\u00e3o","PL 4.199\/2020","portos","rodovias","setor portu\u00e1rio","transporte","transporte de cont\u00eaineres","transporte mar\u00edtimo","transporte multimodal","transporte rodovi\u00e1rio"],"articleSection":["Geral","iNFRADebate"],"inLanguage":"pt-BR","copyrightYear":"2020","copyrightHolder":{"@id":"https:\/\/agenciainfra.com\/blog\/#organization"}},{"@type":"WebPage","@id":"https:\/\/agenciainfra.com\/blog\/infradebate-navegacao-de-cabotagem-desafios-e-oportunidades\/","url":"https:\/\/agenciainfra.com\/blog\/infradebate-navegacao-de-cabotagem-desafios-e-oportunidades\/","name":"iNFRADebate: Navega\u00e7\u00e3o de cabotagem \u2013\u00a0desafios e oportunidades - Ag\u00eancia iNFRA","isPartOf":{"@id":"https:\/\/agenciainfra.com\/blog\/#website"},"primaryImageOfPage":{"@id":"https:\/\/agenciainfra.com\/blog\/infradebate-navegacao-de-cabotagem-desafios-e-oportunidades\/#primaryimage"},"image":{"@id":"https:\/\/agenciainfra.com\/blog\/infradebate-navegacao-de-cabotagem-desafios-e-oportunidades\/#primaryimage"},"thumbnailUrl":"https:\/\/agenciainfra.com\/blog\/wp-content\/uploads\/2020\/12\/patricio-junior-foto-arquivo.jpg","datePublished":"2020-12-02T16:00:23+00:00","breadcrumb":{"@id":"https:\/\/agenciainfra.com\/blog\/infradebate-navegacao-de-cabotagem-desafios-e-oportunidades\/#breadcrumb"},"inLanguage":"pt-BR","potentialAction":[{"@type":"ReadAction","target":["https:\/\/agenciainfra.com\/blog\/infradebate-navegacao-de-cabotagem-desafios-e-oportunidades\/"]}]},{"@type":"ImageObject","inLanguage":"pt-BR","@id":"https:\/\/agenciainfra.com\/blog\/infradebate-navegacao-de-cabotagem-desafios-e-oportunidades\/#primaryimage","url":"https:\/\/agenciainfra.com\/blog\/wp-content\/uploads\/2020\/12\/patricio-junior-foto-arquivo.jpg","contentUrl":"https:\/\/agenciainfra.com\/blog\/wp-content\/uploads\/2020\/12\/patricio-junior-foto-arquivo.jpg","width":1280,"height":832},{"@type":"BreadcrumbList","@id":"https:\/\/agenciainfra.com\/blog\/infradebate-navegacao-de-cabotagem-desafios-e-oportunidades\/#breadcrumb","itemListElement":[{"@type":"ListItem","position":1,"name":"In\u00edcio","item":"https:\/\/agenciainfra.com\/blog\/"},{"@type":"ListItem","position":2,"name":"iNFRADebate: Navega\u00e7\u00e3o de cabotagem \u2013\u00a0desafios e oportunidades"}]},{"@type":"WebSite","@id":"https:\/\/agenciainfra.com\/blog\/#website","url":"https:\/\/agenciainfra.com\/blog\/","name":"Ag\u00eancia iNFRA","description":"Multiplataforma de informa\u00e7\u00e3o jornal\u00edstica refer\u00eancia na \u00e1rea de infraestrutura no Brasil!","publisher":{"@id":"https:\/\/agenciainfra.com\/blog\/#organization"},"potentialAction":[{"@type":"SearchAction","target":{"@type":"EntryPoint","urlTemplate":"https:\/\/agenciainfra.com\/blog\/?s={search_term_string}"},"query-input":{"@type":"PropertyValueSpecification","valueRequired":true,"valueName":"search_term_string"}}],"inLanguage":"pt-BR"},{"@type":"Organization","@id":"https:\/\/agenciainfra.com\/blog\/#organization","name":"Ag\u00eancia iNFRA","url":"https:\/\/agenciainfra.com\/blog\/","logo":{"@type":"ImageObject","inLanguage":"pt-BR","@id":"https:\/\/agenciainfra.com\/blog\/#\/schema\/logo\/image\/","url":"https:\/\/agenciainfra.com\/blog\/wp-content\/uploads\/2023\/09\/iNFRA_5-e1761735885940.png","contentUrl":"https:\/\/agenciainfra.com\/blog\/wp-content\/uploads\/2023\/09\/iNFRA_5-e1761735885940.png","width":1672,"height":454,"caption":"Ag\u00eancia iNFRA"},"image":{"@id":"https:\/\/agenciainfra.com\/blog\/#\/schema\/logo\/image\/"},"sameAs":["https:\/\/www.facebook.com\/ageninfra","https:\/\/x.com\/agencia_infra","https:\/\/www.linkedin.com\/company\/ag\u00eanciainfra\/","https:\/\/www.instagram.com\/agenciainfra\/"]},{"@type":"Person","@id":"https:\/\/agenciainfra.com\/blog\/#\/schema\/person\/04dbb79bd6d8951f063da71f3e4c1eb1","name":"Rodrigo Zuquim","image":{"@type":"ImageObject","inLanguage":"pt-BR","@id":"https:\/\/agenciainfra.com\/blog\/#\/schema\/person\/image\/","url":"https:\/\/secure.gravatar.com\/avatar\/594abfe82761d620726242ff34ca472a705a4b97f16c790053a6b4c4035274d0?s=96&d=mm&r=g","contentUrl":"https:\/\/secure.gravatar.com\/avatar\/594abfe82761d620726242ff34ca472a705a4b97f16c790053a6b4c4035274d0?s=96&d=mm&r=g","caption":"Rodrigo Zuquim"},"url":"https:\/\/agenciainfra.com\/blog\/author\/rodrigo-zuquim\/"}]}},"_links":{"self":[{"href":"https:\/\/agenciainfra.com\/blog\/wp-json\/wp\/v2\/posts\/6460","targetHints":{"allow":["GET"]}}],"collection":[{"href":"https:\/\/agenciainfra.com\/blog\/wp-json\/wp\/v2\/posts"}],"about":[{"href":"https:\/\/agenciainfra.com\/blog\/wp-json\/wp\/v2\/types\/post"}],"author":[{"embeddable":true,"href":"https:\/\/agenciainfra.com\/blog\/wp-json\/wp\/v2\/users\/9"}],"replies":[{"embeddable":true,"href":"https:\/\/agenciainfra.com\/blog\/wp-json\/wp\/v2\/comments?post=6460"}],"version-history":[{"count":0,"href":"https:\/\/agenciainfra.com\/blog\/wp-json\/wp\/v2\/posts\/6460\/revisions"}],"wp:featuredmedia":[{"embeddable":true,"href":"https:\/\/agenciainfra.com\/blog\/wp-json\/wp\/v2\/media\/6461"}],"wp:attachment":[{"href":"https:\/\/agenciainfra.com\/blog\/wp-json\/wp\/v2\/media?parent=6460"}],"wp:term":[{"taxonomy":"category","embeddable":true,"href":"https:\/\/agenciainfra.com\/blog\/wp-json\/wp\/v2\/categories?post=6460"},{"taxonomy":"post_tag","embeddable":true,"href":"https:\/\/agenciainfra.com\/blog\/wp-json\/wp\/v2\/tags?post=6460"}],"curies":[{"name":"wp","href":"https:\/\/api.w.org\/{rel}","templated":true}]}}