{"id":6479,"date":"2020-12-03T11:27:33","date_gmt":"2020-12-03T14:27:33","guid":{"rendered":"https:\/\/www.agenciainfra.com\/blog\/?p=6479"},"modified":"2020-12-03T11:36:32","modified_gmt":"2020-12-03T14:36:32","slug":"investimentos-em-infraestrutura-ainda-tem-gap-mesmo-com-mais-participacao-privada","status":"publish","type":"post","link":"https:\/\/agenciainfra.com\/blog\/investimentos-em-infraestrutura-ainda-tem-gap-mesmo-com-mais-participacao-privada\/","title":{"rendered":"Investimentos em infraestrutura ainda t\u00eam &#8220;gap&#8221;, mesmo com mais participa\u00e7\u00e3o privada"},"content":{"rendered":"\n<p class=\"has-text-align-right\"><strong>da Ag\u00eancia iNFRA<\/strong><\/p>\n\n\n\n<p>A perspectiva de maiores investimentos nos pr\u00f3ximos anos em infraestrutura, com aumento da participa\u00e7\u00e3o privada, n\u00e3o ser\u00e1 suficiente para suprir o d\u00e9ficit de gastos no setor. \u00c9 o que aponta o Livro Azul, levantamento in\u00e9dito da Abdib (Associa\u00e7\u00e3o Brasileira da Infraestrutura e Ind\u00fastrias de Base), lan\u00e7ado na \u00faltima ter\u00e7a-feira (1\u00ba), na abertura do Abdib F\u00f3rum 2020 &#8211; Experience.<\/p>\n\n\n\n<p>&#8220;A iniciativa nos d\u00e1, efetivamente, um cen\u00e1rio para avaliarmos onde estamos, o que temos e at\u00e9 onde podemos chegar nos pr\u00f3ximos anos&#8221;, avaliou o presidente-executivo da associa\u00e7\u00e3o, Venilton Tadini, anunciando que haver\u00e1 atualiza\u00e7\u00e3o permanente dos projetos.<\/p>\n\n\n\n<p>O documento \u00e9 dividido em quatro eixos principais: diagn\u00f3stico, evolu\u00e7\u00e3o de an\u00e1lise de projetos federais e estaduais, consolida\u00e7\u00e3o dos investimentos e propostas para acelerar os investimentos em infraestrutura. As propostas est\u00e3o consolidadas em quatro itens considerados fundamentais: reequil\u00edbrio econ\u00f4mico-financeiro dos contratos, condi\u00e7\u00f5es regulat\u00f3rias, estruturas de garantia e financiamento e requisitos para a retomada do investimento.<\/p>\n\n\n\n<p>Foram mapeados 1.200 projetos e\/ou iniciativas a partir da consulta ao poder concedente em cada esfera administrativa do pa\u00eds (governo federal e estados). Desse total, aproximadamente 800 ativos s\u00e3o blocos de explora\u00e7\u00e3o de petr\u00f3leo e g\u00e1s ofertados na 17\u00aa rodada, na nova modalidade de oferta permanente.<\/p>\n\n\n\n<p>O trabalho tra\u00e7a ainda um pequeno perfil de cada projeto e mostra tamb\u00e9m o seu atual est\u00e1gio. Por isso, a grande maioria ainda n\u00e3o estima valores de investimentos a partir deles.<\/p>\n\n\n\n<p>A associa\u00e7\u00e3o, no entanto, mapeou duas \u00e1reas espec\u00edficas para tentar chegar a um valor estimado de investimentos para os pr\u00f3ximos cinco anos: rodovias e saneamento. No caso das rodovias, a expectativa \u00e9 que os projetos de concess\u00e3o adicionem R$ 7,4 bilh\u00f5es de investimentos no ano de 2021.&nbsp;<\/p>\n\n\n\n<p>O n\u00famero sobe gradativamente at\u00e9 R$ 22,4 bilh\u00f5es em 2024. No total, a estimativa \u00e9 de acr\u00e9scimo de investimentos de R$ 82 bilh\u00f5es de concess\u00f5es no setor. J\u00e1 para o saneamento b\u00e1sico, estima-se que os investimentos privados comecem em R$ 1,3 bilh\u00e3o em 2021 e alcancem o pico de R$ 8,5 bilh\u00f5es at\u00e9 2025, somando R$ 32 bilh\u00f5es no per\u00edodo.<\/p>\n\n\n\n<p>Num outro recorte, com obras de valor superior a R$ 1 bilh\u00e3o, foram indicados 50 projetos, que somam R$ 334 bilh\u00f5es. O maior deles \u00e9 o conjunto de trechos rodovi\u00e1rios chamado de rodovias integradas do Paran\u00e1, em estudos com valor preliminar de investimento previsto de R$ 42 bilh\u00f5es.&nbsp;<\/p>\n\n\n\n<p>De acordo com o presidente-executivo da Abdib, Venilton Tadini, o caminho de investir em infraestrutura via setor privado est\u00e1 acertado, mas ele \u00e9 insuficiente. Em 2019, o investimento privado j\u00e1 passou de 70% do total de investimentos, mas em algumas \u00e1reas, como a de rodovias, ele corresponde a menos de 20% da necessidade estimada do pa\u00eds.&nbsp;<\/p>\n\n\n\n<p>Durante a abertura do Abdib F\u00f3rum 2020 \u2013 Experience, o presidente do Conselho de Administra\u00e7\u00e3o da Abdib, Britaldo Soares, ressaltou a import\u00e2ncia da conclus\u00e3o das reformas tribut\u00e1ria e administrativa pelo Congresso Nacional. &#8220;Quantidade de bons projetos \u00e9 uma condi\u00e7\u00e3o essencial, mas n\u00e3o suficiente. Nossa disciplina fiscal e econ\u00f4mica precisa seguir avan\u00e7ando&#8221;, afirmou Soares.<\/p>\n\n\n\n<p>O presidente do conselho da associa\u00e7\u00e3o listou ainda outras condi\u00e7\u00f5es b\u00e1sicas para o aumentos dos investimentos: &#8220;A seguran\u00e7a jur\u00eddica, a qualidade da regula\u00e7\u00e3o e do ambiente de neg\u00f3cios, o respeito aos contratos e seu equil\u00edbrio s\u00e3o condi\u00e7\u00f5es b\u00e1sicas para assegurarmos um fluxo de investimentos em infraestrutura sustent\u00e1vel e de longo prazo&#8221;, disse Britaldo.<\/p>\n\n\n\n<p><strong>Securitiza\u00e7\u00e3o<\/strong><br>O Livro Azul mostrou que os investimentos no pa\u00eds vinham em queda e est\u00e3o em patamares muito abaixo dos n\u00edveis m\u00ednimos necess\u00e1rios, classificando o setor como &#8220;sucateado&#8221;. O investimento realizado na infraestrutura brasileira somou R$ 123,9 bilh\u00f5es em 2019, inferior em 31,3% ao pico atingido em 2014, quando foram aplicados R$ 180,3 bilh\u00f5es no setor em n\u00fameros atualizados, informa o trabalho.<\/p>\n\n\n\n<p>Seriam necess\u00e1rios ao menos R$ 284,4 bilh\u00f5es de investimentos por ano, o que corresponde a 4,3% do PIB, ao longo dos pr\u00f3ximos dez anos, para o pa\u00eds reduzir gargalos ao desenvolvimento econ\u00f4mico e social, na conta da Abdib.<\/p>\n\n\n\n<p>A defasagem mais vis\u00edvel \u00e9 nos setores de saneamento b\u00e1sico e de transportes e log\u00edstica. Em transportes, seriam necess\u00e1rios R$ 149 bilh\u00f5es por ano (2,26% do PIB), mas foram investidos somente R$ 25 bilh\u00f5es em 2019 (0,34% do PIB), juntando investimentos p\u00fablicos e privados.&nbsp;<\/p>\n\n\n\n<p>O livro indica medidas que podem ser tomadas no curto prazo para a melhoria no investimento p\u00fablico, citando o projeto de lei de securitiza\u00e7\u00e3o de receb\u00edveis, que pode dar uma folga fiscal de R$ 30 bilh\u00f5es por ano para que todos os entes governamentais possam investir mais.<\/p>\n\n\n\n<p><strong>Perspectiva para 2021<\/strong><br>O presidente do Conselho de Administra\u00e7\u00e3o da Abdib, Britaldo Soares, destacou a import\u00e2ncia dos investimentos em infraestrutura para a amplia\u00e7\u00e3o de capacidade de oferta e gera\u00e7\u00e3o de empregos. Ele cita ainda a import\u00e2ncia da aprova\u00e7\u00e3o da Lei de Moderniza\u00e7\u00e3o do Setor El\u00e9trico, da Nova Lei do G\u00e1s e da Nova Lei Geral de Concess\u00f5es.<\/p>\n\n\n\n<p>&#8220;Precisamos ir em frente assegurando oportunidades com bons projetos, avan\u00e7ando na consolida\u00e7\u00e3o dos marcos regulat\u00f3rios, respeitando o meio ambiente, revertendo as percep\u00e7\u00f5es de inseguran\u00e7a jur\u00eddica e contribuindo para uma perspectiva robusta de boa economia&#8221;, vislumbrou.<\/p>\n","protected":false},"excerpt":{"rendered":"<p>da Ag\u00eancia iNFRA A perspectiva de maiores investimentos nos pr\u00f3ximos anos em infraestrutura, com aumento da participa\u00e7\u00e3o privada, n\u00e3o ser\u00e1 suficiente para suprir o d\u00e9ficit de gastos no setor. \u00c9 o que aponta o Livro Azul, levantamento in\u00e9dito da Abdib (Associa\u00e7\u00e3o Brasileira da Infraestrutura e Ind\u00fastrias de Base), lan\u00e7ado na \u00faltima ter\u00e7a-feira (1\u00ba), na abertura [&hellip;]<\/p>\n","protected":false},"author":9,"featured_media":6480,"comment_status":"closed","ping_status":"closed","sticky":false,"template":"","format":"standard","meta":{"_monsterinsights_skip_tracking":false,"_monsterinsights_sitenote_active":false,"_monsterinsights_sitenote_note":"","_monsterinsights_sitenote_category":0,"footnotes":""},"categories":[1,2053],"tags":[35,3098,3181,343,34,32,1508,3100,904,1010,213,48,126,179,3182,2449,1112],"class_list":["post-6479","post","type-post","status-publish","format-standard","has-post-thumbnail","hentry","category-geral","category-infraliveventos","tag-abdib","tag-abdib-forum-2020","tag-britaldo-soares","tag-gas","tag-infraestrutura","tag-investimentos","tag-lei-geral-de-concessoes","tag-livro-azul-da-infraestrutura","tag-modernizacao-do-setor-eletrico","tag-nova-lei-do-gas","tag-petroleo","tag-regulacao","tag-rodovias","tag-saneamento","tag-securitizacao","tag-seguranca-juridica","tag-venilton-tadini"],"yoast_head":"<!-- This site is optimized with the Yoast SEO Premium plugin v25.4 (Yoast SEO v26.0) - https:\/\/yoast.com\/wordpress\/plugins\/seo\/ -->\n<title>Investimentos em infraestrutura ainda t\u00eam &quot;gap&quot;, mesmo com mais participa\u00e7\u00e3o privada - Ag\u00eancia iNFRA<\/title>\n<meta name=\"robots\" content=\"index, follow, max-snippet:-1, max-image-preview:large, max-video-preview:-1\" \/>\n<link rel=\"canonical\" href=\"https:\/\/agenciainfra.com\/blog\/investimentos-em-infraestrutura-ainda-tem-gap-mesmo-com-mais-participacao-privada\/\" \/>\n<meta property=\"og:locale\" content=\"pt_BR\" \/>\n<meta property=\"og:type\" content=\"article\" \/>\n<meta property=\"og:title\" content=\"Investimentos em infraestrutura ainda t\u00eam &quot;gap&quot;, mesmo com mais participa\u00e7\u00e3o privada\" \/>\n<meta property=\"og:description\" content=\"da Ag\u00eancia iNFRA A perspectiva de maiores investimentos nos pr\u00f3ximos anos em infraestrutura, com aumento da participa\u00e7\u00e3o privada, n\u00e3o ser\u00e1 suficiente para suprir o d\u00e9ficit de gastos no setor. \u00c9 o que aponta o Livro Azul, levantamento in\u00e9dito da Abdib (Associa\u00e7\u00e3o Brasileira da Infraestrutura e Ind\u00fastrias de Base), lan\u00e7ado na \u00faltima ter\u00e7a-feira (1\u00ba), na abertura [&hellip;]\" \/>\n<meta property=\"og:url\" content=\"https:\/\/agenciainfra.com\/blog\/investimentos-em-infraestrutura-ainda-tem-gap-mesmo-com-mais-participacao-privada\/\" \/>\n<meta property=\"og:site_name\" content=\"Ag\u00eancia iNFRA\" \/>\n<meta property=\"article:publisher\" content=\"https:\/\/www.facebook.com\/ageninfra\" \/>\n<meta property=\"article:published_time\" content=\"2020-12-03T14:27:33+00:00\" \/>\n<meta property=\"article:modified_time\" content=\"2020-12-03T14:36:32+00:00\" \/>\n<meta property=\"og:image\" content=\"https:\/\/agenciainfra.com\/blog\/wp-content\/uploads\/2020\/12\/Abdib-Livro-Azul-foto-reproducao.png\" \/>\n\t<meta property=\"og:image:width\" content=\"1280\" \/>\n\t<meta property=\"og:image:height\" content=\"806\" \/>\n\t<meta property=\"og:image:type\" content=\"image\/png\" \/>\n<meta name=\"author\" content=\"Rodrigo Zuquim\" \/>\n<meta name=\"twitter:card\" content=\"summary_large_image\" \/>\n<meta name=\"twitter:creator\" content=\"@agencia_infra\" \/>\n<meta name=\"twitter:site\" content=\"@agencia_infra\" \/>\n<meta name=\"twitter:label1\" content=\"Escrito por\" \/>\n\t<meta name=\"twitter:data1\" content=\"Rodrigo Zuquim\" \/>\n\t<meta name=\"twitter:label2\" content=\"Est. tempo de leitura\" \/>\n\t<meta name=\"twitter:data2\" content=\"5 minutos\" \/>\n<script type=\"application\/ld+json\" class=\"yoast-schema-graph\">{\"@context\":\"https:\/\/schema.org\",\"@graph\":[{\"@type\":\"Article\",\"@id\":\"https:\/\/agenciainfra.com\/blog\/investimentos-em-infraestrutura-ainda-tem-gap-mesmo-com-mais-participacao-privada\/#article\",\"isPartOf\":{\"@id\":\"https:\/\/agenciainfra.com\/blog\/investimentos-em-infraestrutura-ainda-tem-gap-mesmo-com-mais-participacao-privada\/\"},\"author\":{\"name\":\"Rodrigo Zuquim\",\"@id\":\"https:\/\/agenciainfra.com\/blog\/#\/schema\/person\/04dbb79bd6d8951f063da71f3e4c1eb1\"},\"headline\":\"Investimentos em infraestrutura ainda t\u00eam &#8220;gap&#8221;, mesmo com mais participa\u00e7\u00e3o privada\",\"datePublished\":\"2020-12-03T14:27:33+00:00\",\"dateModified\":\"2020-12-03T14:36:32+00:00\",\"mainEntityOfPage\":{\"@id\":\"https:\/\/agenciainfra.com\/blog\/investimentos-em-infraestrutura-ainda-tem-gap-mesmo-com-mais-participacao-privada\/\"},\"wordCount\":916,\"publisher\":{\"@id\":\"https:\/\/agenciainfra.com\/blog\/#organization\"},\"image\":{\"@id\":\"https:\/\/agenciainfra.com\/blog\/investimentos-em-infraestrutura-ainda-tem-gap-mesmo-com-mais-participacao-privada\/#primaryimage\"},\"thumbnailUrl\":\"https:\/\/agenciainfra.com\/blog\/wp-content\/uploads\/2020\/12\/Abdib-Livro-Azul-foto-reproducao.png\",\"keywords\":[\"ABDIB\",\"Abdib F\u00f3rum 2020\",\"Britaldo Soares\",\"g\u00e1s\",\"Infraestrutura\",\"Investimentos\",\"Lei Geral de Concess\u00f5es\",\"Livro Azul da Infraestrutura\",\"moderniza\u00e7\u00e3o do setor el\u00e9trico\",\"nova Lei do G\u00e1s\",\"petr\u00f3leo\",\"Regula\u00e7\u00e3o\",\"rodovias\",\"saneamento\",\"securitiza\u00e7\u00e3o\",\"seguran\u00e7a jur\u00eddica\",\"Venilton Tadini\"],\"articleSection\":[\"Geral\",\"iNFRALive e Eventos\"],\"inLanguage\":\"pt-BR\",\"copyrightYear\":\"2020\",\"copyrightHolder\":{\"@id\":\"https:\/\/agenciainfra.com\/blog\/#organization\"}},{\"@type\":\"WebPage\",\"@id\":\"https:\/\/agenciainfra.com\/blog\/investimentos-em-infraestrutura-ainda-tem-gap-mesmo-com-mais-participacao-privada\/\",\"url\":\"https:\/\/agenciainfra.com\/blog\/investimentos-em-infraestrutura-ainda-tem-gap-mesmo-com-mais-participacao-privada\/\",\"name\":\"Investimentos em infraestrutura ainda t\u00eam \\\"gap\\\", mesmo com mais participa\u00e7\u00e3o privada - Ag\u00eancia iNFRA\",\"isPartOf\":{\"@id\":\"https:\/\/agenciainfra.com\/blog\/#website\"},\"primaryImageOfPage\":{\"@id\":\"https:\/\/agenciainfra.com\/blog\/investimentos-em-infraestrutura-ainda-tem-gap-mesmo-com-mais-participacao-privada\/#primaryimage\"},\"image\":{\"@id\":\"https:\/\/agenciainfra.com\/blog\/investimentos-em-infraestrutura-ainda-tem-gap-mesmo-com-mais-participacao-privada\/#primaryimage\"},\"thumbnailUrl\":\"https:\/\/agenciainfra.com\/blog\/wp-content\/uploads\/2020\/12\/Abdib-Livro-Azul-foto-reproducao.png\",\"datePublished\":\"2020-12-03T14:27:33+00:00\",\"dateModified\":\"2020-12-03T14:36:32+00:00\",\"breadcrumb\":{\"@id\":\"https:\/\/agenciainfra.com\/blog\/investimentos-em-infraestrutura-ainda-tem-gap-mesmo-com-mais-participacao-privada\/#breadcrumb\"},\"inLanguage\":\"pt-BR\",\"potentialAction\":[{\"@type\":\"ReadAction\",\"target\":[\"https:\/\/agenciainfra.com\/blog\/investimentos-em-infraestrutura-ainda-tem-gap-mesmo-com-mais-participacao-privada\/\"]}]},{\"@type\":\"ImageObject\",\"inLanguage\":\"pt-BR\",\"@id\":\"https:\/\/agenciainfra.com\/blog\/investimentos-em-infraestrutura-ainda-tem-gap-mesmo-com-mais-participacao-privada\/#primaryimage\",\"url\":\"https:\/\/agenciainfra.com\/blog\/wp-content\/uploads\/2020\/12\/Abdib-Livro-Azul-foto-reproducao.png\",\"contentUrl\":\"https:\/\/agenciainfra.com\/blog\/wp-content\/uploads\/2020\/12\/Abdib-Livro-Azul-foto-reproducao.png\",\"width\":1280,\"height\":806},{\"@type\":\"BreadcrumbList\",\"@id\":\"https:\/\/agenciainfra.com\/blog\/investimentos-em-infraestrutura-ainda-tem-gap-mesmo-com-mais-participacao-privada\/#breadcrumb\",\"itemListElement\":[{\"@type\":\"ListItem\",\"position\":1,\"name\":\"In\u00edcio\",\"item\":\"https:\/\/agenciainfra.com\/blog\/\"},{\"@type\":\"ListItem\",\"position\":2,\"name\":\"Investimentos em infraestrutura ainda t\u00eam &#8220;gap&#8221;, mesmo com mais participa\u00e7\u00e3o privada\"}]},{\"@type\":\"WebSite\",\"@id\":\"https:\/\/agenciainfra.com\/blog\/#website\",\"url\":\"https:\/\/agenciainfra.com\/blog\/\",\"name\":\"Ag\u00eancia iNFRA\",\"description\":\"Multiplataforma de informa\u00e7\u00e3o jornal\u00edstica refer\u00eancia na \u00e1rea de infraestrutura no Brasil!\",\"publisher\":{\"@id\":\"https:\/\/agenciainfra.com\/blog\/#organization\"},\"potentialAction\":[{\"@type\":\"SearchAction\",\"target\":{\"@type\":\"EntryPoint\",\"urlTemplate\":\"https:\/\/agenciainfra.com\/blog\/?s={search_term_string}\"},\"query-input\":{\"@type\":\"PropertyValueSpecification\",\"valueRequired\":true,\"valueName\":\"search_term_string\"}}],\"inLanguage\":\"pt-BR\"},{\"@type\":\"Organization\",\"@id\":\"https:\/\/agenciainfra.com\/blog\/#organization\",\"name\":\"Ag\u00eancia iNFRA\",\"url\":\"https:\/\/agenciainfra.com\/blog\/\",\"logo\":{\"@type\":\"ImageObject\",\"inLanguage\":\"pt-BR\",\"@id\":\"https:\/\/agenciainfra.com\/blog\/#\/schema\/logo\/image\/\",\"url\":\"https:\/\/agenciainfra.com\/blog\/wp-content\/uploads\/2023\/09\/iNFRA_5-e1761735885940.png\",\"contentUrl\":\"https:\/\/agenciainfra.com\/blog\/wp-content\/uploads\/2023\/09\/iNFRA_5-e1761735885940.png\",\"width\":1672,\"height\":454,\"caption\":\"Ag\u00eancia iNFRA\"},\"image\":{\"@id\":\"https:\/\/agenciainfra.com\/blog\/#\/schema\/logo\/image\/\"},\"sameAs\":[\"https:\/\/www.facebook.com\/ageninfra\",\"https:\/\/x.com\/agencia_infra\",\"https:\/\/www.linkedin.com\/company\/ag\u00eanciainfra\/\",\"https:\/\/www.instagram.com\/agenciainfra\/\"]},{\"@type\":\"Person\",\"@id\":\"https:\/\/agenciainfra.com\/blog\/#\/schema\/person\/04dbb79bd6d8951f063da71f3e4c1eb1\",\"name\":\"Rodrigo Zuquim\",\"image\":{\"@type\":\"ImageObject\",\"inLanguage\":\"pt-BR\",\"@id\":\"https:\/\/agenciainfra.com\/blog\/#\/schema\/person\/image\/\",\"url\":\"https:\/\/secure.gravatar.com\/avatar\/594abfe82761d620726242ff34ca472a705a4b97f16c790053a6b4c4035274d0?s=96&d=mm&r=g\",\"contentUrl\":\"https:\/\/secure.gravatar.com\/avatar\/594abfe82761d620726242ff34ca472a705a4b97f16c790053a6b4c4035274d0?s=96&d=mm&r=g\",\"caption\":\"Rodrigo Zuquim\"},\"url\":\"https:\/\/agenciainfra.com\/blog\/author\/rodrigo-zuquim\/\"}]}<\/script>\n<!-- \/ Yoast SEO Premium plugin. -->","yoast_head_json":{"title":"Investimentos em infraestrutura ainda t\u00eam \"gap\", mesmo com mais participa\u00e7\u00e3o privada - Ag\u00eancia iNFRA","robots":{"index":"index","follow":"follow","max-snippet":"max-snippet:-1","max-image-preview":"max-image-preview:large","max-video-preview":"max-video-preview:-1"},"canonical":"https:\/\/agenciainfra.com\/blog\/investimentos-em-infraestrutura-ainda-tem-gap-mesmo-com-mais-participacao-privada\/","og_locale":"pt_BR","og_type":"article","og_title":"Investimentos em infraestrutura ainda t\u00eam \"gap\", mesmo com mais participa\u00e7\u00e3o privada","og_description":"da Ag\u00eancia iNFRA A perspectiva de maiores investimentos nos pr\u00f3ximos anos em infraestrutura, com aumento da participa\u00e7\u00e3o privada, n\u00e3o ser\u00e1 suficiente para suprir o d\u00e9ficit de gastos no setor. \u00c9 o que aponta o Livro Azul, levantamento in\u00e9dito da Abdib (Associa\u00e7\u00e3o Brasileira da Infraestrutura e Ind\u00fastrias de Base), lan\u00e7ado na \u00faltima ter\u00e7a-feira (1\u00ba), na abertura [&hellip;]","og_url":"https:\/\/agenciainfra.com\/blog\/investimentos-em-infraestrutura-ainda-tem-gap-mesmo-com-mais-participacao-privada\/","og_site_name":"Ag\u00eancia iNFRA","article_publisher":"https:\/\/www.facebook.com\/ageninfra","article_published_time":"2020-12-03T14:27:33+00:00","article_modified_time":"2020-12-03T14:36:32+00:00","og_image":[{"width":1280,"height":806,"url":"https:\/\/agenciainfra.com\/blog\/wp-content\/uploads\/2020\/12\/Abdib-Livro-Azul-foto-reproducao.png","type":"image\/png"}],"author":"Rodrigo Zuquim","twitter_card":"summary_large_image","twitter_creator":"@agencia_infra","twitter_site":"@agencia_infra","twitter_misc":{"Escrito por":"Rodrigo Zuquim","Est. tempo de leitura":"5 minutos"},"schema":{"@context":"https:\/\/schema.org","@graph":[{"@type":"Article","@id":"https:\/\/agenciainfra.com\/blog\/investimentos-em-infraestrutura-ainda-tem-gap-mesmo-com-mais-participacao-privada\/#article","isPartOf":{"@id":"https:\/\/agenciainfra.com\/blog\/investimentos-em-infraestrutura-ainda-tem-gap-mesmo-com-mais-participacao-privada\/"},"author":{"name":"Rodrigo Zuquim","@id":"https:\/\/agenciainfra.com\/blog\/#\/schema\/person\/04dbb79bd6d8951f063da71f3e4c1eb1"},"headline":"Investimentos em infraestrutura ainda t\u00eam &#8220;gap&#8221;, mesmo com mais participa\u00e7\u00e3o privada","datePublished":"2020-12-03T14:27:33+00:00","dateModified":"2020-12-03T14:36:32+00:00","mainEntityOfPage":{"@id":"https:\/\/agenciainfra.com\/blog\/investimentos-em-infraestrutura-ainda-tem-gap-mesmo-com-mais-participacao-privada\/"},"wordCount":916,"publisher":{"@id":"https:\/\/agenciainfra.com\/blog\/#organization"},"image":{"@id":"https:\/\/agenciainfra.com\/blog\/investimentos-em-infraestrutura-ainda-tem-gap-mesmo-com-mais-participacao-privada\/#primaryimage"},"thumbnailUrl":"https:\/\/agenciainfra.com\/blog\/wp-content\/uploads\/2020\/12\/Abdib-Livro-Azul-foto-reproducao.png","keywords":["ABDIB","Abdib F\u00f3rum 2020","Britaldo Soares","g\u00e1s","Infraestrutura","Investimentos","Lei Geral de Concess\u00f5es","Livro Azul da Infraestrutura","moderniza\u00e7\u00e3o do setor el\u00e9trico","nova Lei do G\u00e1s","petr\u00f3leo","Regula\u00e7\u00e3o","rodovias","saneamento","securitiza\u00e7\u00e3o","seguran\u00e7a jur\u00eddica","Venilton Tadini"],"articleSection":["Geral","iNFRALive e Eventos"],"inLanguage":"pt-BR","copyrightYear":"2020","copyrightHolder":{"@id":"https:\/\/agenciainfra.com\/blog\/#organization"}},{"@type":"WebPage","@id":"https:\/\/agenciainfra.com\/blog\/investimentos-em-infraestrutura-ainda-tem-gap-mesmo-com-mais-participacao-privada\/","url":"https:\/\/agenciainfra.com\/blog\/investimentos-em-infraestrutura-ainda-tem-gap-mesmo-com-mais-participacao-privada\/","name":"Investimentos em infraestrutura ainda t\u00eam \"gap\", mesmo com mais participa\u00e7\u00e3o privada - Ag\u00eancia iNFRA","isPartOf":{"@id":"https:\/\/agenciainfra.com\/blog\/#website"},"primaryImageOfPage":{"@id":"https:\/\/agenciainfra.com\/blog\/investimentos-em-infraestrutura-ainda-tem-gap-mesmo-com-mais-participacao-privada\/#primaryimage"},"image":{"@id":"https:\/\/agenciainfra.com\/blog\/investimentos-em-infraestrutura-ainda-tem-gap-mesmo-com-mais-participacao-privada\/#primaryimage"},"thumbnailUrl":"https:\/\/agenciainfra.com\/blog\/wp-content\/uploads\/2020\/12\/Abdib-Livro-Azul-foto-reproducao.png","datePublished":"2020-12-03T14:27:33+00:00","dateModified":"2020-12-03T14:36:32+00:00","breadcrumb":{"@id":"https:\/\/agenciainfra.com\/blog\/investimentos-em-infraestrutura-ainda-tem-gap-mesmo-com-mais-participacao-privada\/#breadcrumb"},"inLanguage":"pt-BR","potentialAction":[{"@type":"ReadAction","target":["https:\/\/agenciainfra.com\/blog\/investimentos-em-infraestrutura-ainda-tem-gap-mesmo-com-mais-participacao-privada\/"]}]},{"@type":"ImageObject","inLanguage":"pt-BR","@id":"https:\/\/agenciainfra.com\/blog\/investimentos-em-infraestrutura-ainda-tem-gap-mesmo-com-mais-participacao-privada\/#primaryimage","url":"https:\/\/agenciainfra.com\/blog\/wp-content\/uploads\/2020\/12\/Abdib-Livro-Azul-foto-reproducao.png","contentUrl":"https:\/\/agenciainfra.com\/blog\/wp-content\/uploads\/2020\/12\/Abdib-Livro-Azul-foto-reproducao.png","width":1280,"height":806},{"@type":"BreadcrumbList","@id":"https:\/\/agenciainfra.com\/blog\/investimentos-em-infraestrutura-ainda-tem-gap-mesmo-com-mais-participacao-privada\/#breadcrumb","itemListElement":[{"@type":"ListItem","position":1,"name":"In\u00edcio","item":"https:\/\/agenciainfra.com\/blog\/"},{"@type":"ListItem","position":2,"name":"Investimentos em infraestrutura ainda t\u00eam &#8220;gap&#8221;, mesmo com mais participa\u00e7\u00e3o privada"}]},{"@type":"WebSite","@id":"https:\/\/agenciainfra.com\/blog\/#website","url":"https:\/\/agenciainfra.com\/blog\/","name":"Ag\u00eancia iNFRA","description":"Multiplataforma de informa\u00e7\u00e3o jornal\u00edstica refer\u00eancia na \u00e1rea de infraestrutura no Brasil!","publisher":{"@id":"https:\/\/agenciainfra.com\/blog\/#organization"},"potentialAction":[{"@type":"SearchAction","target":{"@type":"EntryPoint","urlTemplate":"https:\/\/agenciainfra.com\/blog\/?s={search_term_string}"},"query-input":{"@type":"PropertyValueSpecification","valueRequired":true,"valueName":"search_term_string"}}],"inLanguage":"pt-BR"},{"@type":"Organization","@id":"https:\/\/agenciainfra.com\/blog\/#organization","name":"Ag\u00eancia iNFRA","url":"https:\/\/agenciainfra.com\/blog\/","logo":{"@type":"ImageObject","inLanguage":"pt-BR","@id":"https:\/\/agenciainfra.com\/blog\/#\/schema\/logo\/image\/","url":"https:\/\/agenciainfra.com\/blog\/wp-content\/uploads\/2023\/09\/iNFRA_5-e1761735885940.png","contentUrl":"https:\/\/agenciainfra.com\/blog\/wp-content\/uploads\/2023\/09\/iNFRA_5-e1761735885940.png","width":1672,"height":454,"caption":"Ag\u00eancia iNFRA"},"image":{"@id":"https:\/\/agenciainfra.com\/blog\/#\/schema\/logo\/image\/"},"sameAs":["https:\/\/www.facebook.com\/ageninfra","https:\/\/x.com\/agencia_infra","https:\/\/www.linkedin.com\/company\/ag\u00eanciainfra\/","https:\/\/www.instagram.com\/agenciainfra\/"]},{"@type":"Person","@id":"https:\/\/agenciainfra.com\/blog\/#\/schema\/person\/04dbb79bd6d8951f063da71f3e4c1eb1","name":"Rodrigo Zuquim","image":{"@type":"ImageObject","inLanguage":"pt-BR","@id":"https:\/\/agenciainfra.com\/blog\/#\/schema\/person\/image\/","url":"https:\/\/secure.gravatar.com\/avatar\/594abfe82761d620726242ff34ca472a705a4b97f16c790053a6b4c4035274d0?s=96&d=mm&r=g","contentUrl":"https:\/\/secure.gravatar.com\/avatar\/594abfe82761d620726242ff34ca472a705a4b97f16c790053a6b4c4035274d0?s=96&d=mm&r=g","caption":"Rodrigo Zuquim"},"url":"https:\/\/agenciainfra.com\/blog\/author\/rodrigo-zuquim\/"}]}},"_links":{"self":[{"href":"https:\/\/agenciainfra.com\/blog\/wp-json\/wp\/v2\/posts\/6479","targetHints":{"allow":["GET"]}}],"collection":[{"href":"https:\/\/agenciainfra.com\/blog\/wp-json\/wp\/v2\/posts"}],"about":[{"href":"https:\/\/agenciainfra.com\/blog\/wp-json\/wp\/v2\/types\/post"}],"author":[{"embeddable":true,"href":"https:\/\/agenciainfra.com\/blog\/wp-json\/wp\/v2\/users\/9"}],"replies":[{"embeddable":true,"href":"https:\/\/agenciainfra.com\/blog\/wp-json\/wp\/v2\/comments?post=6479"}],"version-history":[{"count":0,"href":"https:\/\/agenciainfra.com\/blog\/wp-json\/wp\/v2\/posts\/6479\/revisions"}],"wp:featuredmedia":[{"embeddable":true,"href":"https:\/\/agenciainfra.com\/blog\/wp-json\/wp\/v2\/media\/6480"}],"wp:attachment":[{"href":"https:\/\/agenciainfra.com\/blog\/wp-json\/wp\/v2\/media?parent=6479"}],"wp:term":[{"taxonomy":"category","embeddable":true,"href":"https:\/\/agenciainfra.com\/blog\/wp-json\/wp\/v2\/categories?post=6479"},{"taxonomy":"post_tag","embeddable":true,"href":"https:\/\/agenciainfra.com\/blog\/wp-json\/wp\/v2\/tags?post=6479"}],"curies":[{"name":"wp","href":"https:\/\/api.w.org\/{rel}","templated":true}]}}