{"id":6505,"date":"2020-12-08T08:00:06","date_gmt":"2020-12-08T11:00:06","guid":{"rendered":"https:\/\/www.agenciainfra.com\/blog\/?p=6505"},"modified":"2020-12-08T10:23:36","modified_gmt":"2020-12-08T13:23:36","slug":"fornecimento-de-energia-e-prejudicado-pela-falta-de-agua-e-tambem-de-gas","status":"publish","type":"post","link":"https:\/\/agenciainfra.com\/blog\/fornecimento-de-energia-e-prejudicado-pela-falta-de-agua-e-tambem-de-gas\/","title":{"rendered":"Fornecimento de energia \u00e9 prejudicado pela falta de \u00e1gua e tamb\u00e9m de g\u00e1s"},"content":{"rendered":"\n<hr class=\"wp-block-separator\"\/>\n\n\n\n<p class=\"has-text-align-right\"><strong>&nbsp; Leila Coimbra e Nestor Rabello, da Ag\u00eancia iNFRA<\/strong><\/p>\n\n\n\n<p>Diante de uma seca hist\u00f3rica que vem esgotando os reservat\u00f3rios das hidrel\u00e9tricas do pa\u00eds, o abastecimento de energia tamb\u00e9m est\u00e1 prejudicado no momento por falta de g\u00e1s natural\u00a0para as termel\u00e9tricas gerarem eletricidade.<br><br>A Petrobras n\u00e3o conseguiu entregar todo o\u00a0insumo contratado junto \u00e0s\u00a0t\u00e9rmicas, especialmente no Nordeste. E algumas das usinas n\u00e3o puderam gerar no m\u00eas de novembro, mesmo ap\u00f3s determina\u00e7\u00e3o do CMSE (Comit\u00ea de Monitoramento do Setor El\u00e9trico), por falta de combust\u00edvel. \u00a0<br><br>A falta de g\u00e1s ocorreu principalmente porque a estatal encerrou no in\u00edcio deste ano uma parte do seu contrato de importa\u00e7\u00e3o da Bol\u00edvia, baixando a cota di\u00e1ria de 30 milh\u00f5es de metros c\u00fabicos para 20 milh\u00f5es de metros c\u00fabicos. E tamb\u00e9m porque ca\u00edram vertiginosamente as importa\u00e7\u00f5es de GNL (G\u00e1s Natural Liquefeito).\u00a0<br><br>Segundo dados do MME (Minist\u00e9rio de Minas e Energia), as compras de g\u00e1s da Bol\u00edvia \u2013 que atingiram uma m\u00e9dia de 32 milh\u00f5es de metros c\u00fabicos\/dia em 2015, pico do consumo \u2013 ca\u00edram para apenas 10 milh\u00f5es de metros c\u00fabicos em abril de 2020, auge da pandemia.<br><br>J\u00e1 as importa\u00e7\u00f5es de GNL, que atingiram 17 milh\u00f5es de metros c\u00fabicos na\u00a0demanda m\u00e1xima, despencaram para apenas 0,75 milh\u00e3o (ou 750 mil) metros c\u00fabicos di\u00e1rios em agosto de 2020, \u00faltimo dado dispon\u00edvel.<br><br><strong>Bento e Bolsonaro<\/strong><br>O ministro de Minas e Energia, Bento Albuquerque, falou na \u00faltima quinta-feira (3) sobre a delicada situa\u00e7\u00e3o energ\u00e9tica do pa\u00eds em live do presidente Jair Bolsonaro. \u201cOs reservat\u00f3rios est\u00e3o muito baixos, presidente. Dentro dos registros que temos no Minist\u00e9rio de Minas e Energia, desde 2000 n\u00e3o se tem uma seca t\u00e3o grande nos nossos reservat\u00f3rios do Sul, e desde 2015, nos [reservat\u00f3rios] do Centro-Oeste e Sudeste do pa\u00eds\u201d, falou.\u00a0<br><br>\u201cE isso nos levou a adotarmos medidas, como tendo que colocar nossas usinas termoel\u00e9tricas gerando energia. 65% da nossa energia \u00e9 gerada por hidroel\u00e9tricas, e com os reservat\u00f3rios de \u00e1gua estando baixos, temos que utilizar as usinas termoel\u00e9tricas para suprir essa energia, gerar seguran\u00e7a de abastecimento e preservar aquilo que temos de \u00e1gua nos reservat\u00f3rios.\u201d<br><br>De fato, a precipita\u00e7\u00e3o m\u00e9dia no submercado el\u00e9trico Sudeste\/Centro-Oeste, o principal do pa\u00eds, foi a 2\u00aa pior da hist\u00f3ria em quase 90 anos. No Sul, foi o pior de todo o hist\u00f3rico.<br><br>Essa seca\u00a0pegou o governo e a Petrobras no contrap\u00e9. A estatal vinha comprando cada vez menos g\u00e1s da Bol\u00edvia justamente por conta de uma penetra\u00e7\u00e3o cada vez maior de fontes renov\u00e1veis na matriz nacional, e na aposta da produ\u00e7\u00e3o de g\u00e1s do pr\u00e9-sal, que no momento ainda n\u00e3o pode ser escoada para o consumo em territ\u00f3rio nacional.<br><br><strong>Mais compras<\/strong><br>Para tentar normalizar a situa\u00e7\u00e3o, o Minist\u00e9rio de Minas e Energia autorizou a Petrobras a voltar a importar mais 10 milh\u00f5es de metros c\u00fabicos de g\u00e1s natural por dia, no fim de outubro, com a YPFB, estatal boliviana.<br><br>Procurados, o MME, a ANEEL (Ag\u00eancia Nacional de Energia El\u00e9trica) e o ONS (Operador Nacional do Sistema El\u00e9trico) n\u00e3o se manifestaram.<\/p>\n\n\n\n<p><em><strong>Atualiza\u00e7\u00e3o:<\/strong> Nesta segunda-feira (7), o ministro de Minas e Energia, Bento Albuquerque, negou a possibilidade de haver qualquer tipo de d\u00e9ficit do fornecimento de energia em fun\u00e7\u00e3o da crise h\u00eddrica que vem esgotando os reservat\u00f3rios das hidrel\u00e9tricas.<\/em><\/p>\n","protected":false},"excerpt":{"rendered":"<p>&nbsp; Leila Coimbra e Nestor Rabello, da Ag\u00eancia iNFRA Diante de uma seca hist\u00f3rica que vem esgotando os reservat\u00f3rios das hidrel\u00e9tricas do pa\u00eds, o abastecimento de energia tamb\u00e9m est\u00e1 prejudicado no momento por falta de g\u00e1s natural\u00a0para as termel\u00e9tricas gerarem eletricidade. A Petrobras n\u00e3o conseguiu entregar todo o\u00a0insumo contratado junto \u00e0s\u00a0t\u00e9rmicas, especialmente no Nordeste. E [&hellip;]<\/p>\n","protected":false},"author":9,"featured_media":6506,"comment_status":"closed","ping_status":"closed","sticky":false,"template":"","format":"standard","meta":{"_monsterinsights_skip_tracking":false,"_monsterinsights_sitenote_active":false,"_monsterinsights_sitenote_note":"","_monsterinsights_sitenote_category":0,"footnotes":""},"categories":[1,10],"tags":[3199,710,399,792,25,882,1783,635,96,71,143,1819,1154,1241],"class_list":["post-6505","post","type-post","status-publish","format-standard","has-post-thumbnail","hentry","category-geral","category-infraenergia","tag-abastecimento","tag-bento-albuquerque","tag-bolivia","tag-cmse","tag-energia","tag-gas-natural","tag-gnl","tag-hidreletricas","tag-ministerio-de-minas-e-energia","tag-mme","tag-petrobras","tag-reservatorios","tag-termeletricas","tag-ypfb"],"yoast_head":"<!-- This site is optimized with the Yoast SEO Premium plugin v25.4 (Yoast SEO v26.0) - https:\/\/yoast.com\/wordpress\/plugins\/seo\/ -->\n<title>Fornecimento de energia \u00e9 prejudicado pela falta de \u00e1gua e tamb\u00e9m de g\u00e1s - Ag\u00eancia iNFRA<\/title>\n<meta name=\"robots\" content=\"index, follow, max-snippet:-1, max-image-preview:large, max-video-preview:-1\" \/>\n<link rel=\"canonical\" href=\"https:\/\/agenciainfra.com\/blog\/fornecimento-de-energia-e-prejudicado-pela-falta-de-agua-e-tambem-de-gas\/\" \/>\n<meta property=\"og:locale\" content=\"pt_BR\" \/>\n<meta property=\"og:type\" content=\"article\" \/>\n<meta property=\"og:title\" content=\"Fornecimento de energia \u00e9 prejudicado pela falta de \u00e1gua e tamb\u00e9m de g\u00e1s\" \/>\n<meta property=\"og:description\" content=\"&nbsp; Leila Coimbra e Nestor Rabello, da Ag\u00eancia iNFRA Diante de uma seca hist\u00f3rica que vem esgotando os reservat\u00f3rios das hidrel\u00e9tricas do pa\u00eds, o abastecimento de energia tamb\u00e9m est\u00e1 prejudicado no momento por falta de g\u00e1s natural\u00a0para as termel\u00e9tricas gerarem eletricidade. A Petrobras n\u00e3o conseguiu entregar todo o\u00a0insumo contratado junto \u00e0s\u00a0t\u00e9rmicas, especialmente no Nordeste. E [&hellip;]\" \/>\n<meta property=\"og:url\" content=\"https:\/\/agenciainfra.com\/blog\/fornecimento-de-energia-e-prejudicado-pela-falta-de-agua-e-tambem-de-gas\/\" \/>\n<meta property=\"og:site_name\" content=\"Ag\u00eancia iNFRA\" \/>\n<meta property=\"article:publisher\" content=\"https:\/\/www.facebook.com\/ageninfra\" \/>\n<meta property=\"article:published_time\" content=\"2020-12-08T11:00:06+00:00\" \/>\n<meta property=\"article:modified_time\" content=\"2020-12-08T13:23:36+00:00\" \/>\n<meta property=\"og:image\" content=\"https:\/\/agenciainfra.com\/blog\/wp-content\/uploads\/2020\/12\/bolsonaro-bento-albuquerque-foto-reproducao-youtube.png\" \/>\n\t<meta property=\"og:image:width\" content=\"1280\" \/>\n\t<meta property=\"og:image:height\" content=\"846\" \/>\n\t<meta property=\"og:image:type\" content=\"image\/png\" \/>\n<meta name=\"author\" content=\"Rodrigo Zuquim\" \/>\n<meta name=\"twitter:card\" content=\"summary_large_image\" \/>\n<meta name=\"twitter:creator\" content=\"@agencia_infra\" \/>\n<meta name=\"twitter:site\" content=\"@agencia_infra\" \/>\n<meta name=\"twitter:label1\" content=\"Escrito por\" \/>\n\t<meta name=\"twitter:data1\" content=\"Rodrigo Zuquim\" \/>\n\t<meta name=\"twitter:label2\" content=\"Est. tempo de leitura\" \/>\n\t<meta name=\"twitter:data2\" content=\"3 minutos\" \/>\n<script type=\"application\/ld+json\" class=\"yoast-schema-graph\">{\"@context\":\"https:\/\/schema.org\",\"@graph\":[{\"@type\":\"Article\",\"@id\":\"https:\/\/agenciainfra.com\/blog\/fornecimento-de-energia-e-prejudicado-pela-falta-de-agua-e-tambem-de-gas\/#article\",\"isPartOf\":{\"@id\":\"https:\/\/agenciainfra.com\/blog\/fornecimento-de-energia-e-prejudicado-pela-falta-de-agua-e-tambem-de-gas\/\"},\"author\":{\"name\":\"Rodrigo Zuquim\",\"@id\":\"https:\/\/agenciainfra.com\/blog\/#\/schema\/person\/04dbb79bd6d8951f063da71f3e4c1eb1\"},\"headline\":\"Fornecimento de energia \u00e9 prejudicado pela falta de \u00e1gua e tamb\u00e9m de g\u00e1s\",\"datePublished\":\"2020-12-08T11:00:06+00:00\",\"dateModified\":\"2020-12-08T13:23:36+00:00\",\"mainEntityOfPage\":{\"@id\":\"https:\/\/agenciainfra.com\/blog\/fornecimento-de-energia-e-prejudicado-pela-falta-de-agua-e-tambem-de-gas\/\"},\"wordCount\":617,\"publisher\":{\"@id\":\"https:\/\/agenciainfra.com\/blog\/#organization\"},\"image\":{\"@id\":\"https:\/\/agenciainfra.com\/blog\/fornecimento-de-energia-e-prejudicado-pela-falta-de-agua-e-tambem-de-gas\/#primaryimage\"},\"thumbnailUrl\":\"https:\/\/agenciainfra.com\/blog\/wp-content\/uploads\/2020\/12\/bolsonaro-bento-albuquerque-foto-reproducao-youtube.png\",\"keywords\":[\"abastecimento\",\"bento albuquerque\",\"Bol\u00edvia\",\"CMSE\",\"energia\",\"g\u00e1s natural\",\"GNL\",\"Hidrel\u00e9tricas\",\"Minist\u00e9rio de Minas e Energia\",\"MME\",\"Petrobras\",\"reservat\u00f3rios\",\"termel\u00e9tricas\",\"YPFB\"],\"articleSection\":[\"Geral\",\"iNFRAEnergia\"],\"inLanguage\":\"pt-BR\",\"copyrightYear\":\"2020\",\"copyrightHolder\":{\"@id\":\"https:\/\/agenciainfra.com\/blog\/#organization\"}},{\"@type\":\"WebPage\",\"@id\":\"https:\/\/agenciainfra.com\/blog\/fornecimento-de-energia-e-prejudicado-pela-falta-de-agua-e-tambem-de-gas\/\",\"url\":\"https:\/\/agenciainfra.com\/blog\/fornecimento-de-energia-e-prejudicado-pela-falta-de-agua-e-tambem-de-gas\/\",\"name\":\"Fornecimento de energia \u00e9 prejudicado pela falta de \u00e1gua e tamb\u00e9m de g\u00e1s - Ag\u00eancia iNFRA\",\"isPartOf\":{\"@id\":\"https:\/\/agenciainfra.com\/blog\/#website\"},\"primaryImageOfPage\":{\"@id\":\"https:\/\/agenciainfra.com\/blog\/fornecimento-de-energia-e-prejudicado-pela-falta-de-agua-e-tambem-de-gas\/#primaryimage\"},\"image\":{\"@id\":\"https:\/\/agenciainfra.com\/blog\/fornecimento-de-energia-e-prejudicado-pela-falta-de-agua-e-tambem-de-gas\/#primaryimage\"},\"thumbnailUrl\":\"https:\/\/agenciainfra.com\/blog\/wp-content\/uploads\/2020\/12\/bolsonaro-bento-albuquerque-foto-reproducao-youtube.png\",\"datePublished\":\"2020-12-08T11:00:06+00:00\",\"dateModified\":\"2020-12-08T13:23:36+00:00\",\"breadcrumb\":{\"@id\":\"https:\/\/agenciainfra.com\/blog\/fornecimento-de-energia-e-prejudicado-pela-falta-de-agua-e-tambem-de-gas\/#breadcrumb\"},\"inLanguage\":\"pt-BR\",\"potentialAction\":[{\"@type\":\"ReadAction\",\"target\":[\"https:\/\/agenciainfra.com\/blog\/fornecimento-de-energia-e-prejudicado-pela-falta-de-agua-e-tambem-de-gas\/\"]}]},{\"@type\":\"ImageObject\",\"inLanguage\":\"pt-BR\",\"@id\":\"https:\/\/agenciainfra.com\/blog\/fornecimento-de-energia-e-prejudicado-pela-falta-de-agua-e-tambem-de-gas\/#primaryimage\",\"url\":\"https:\/\/agenciainfra.com\/blog\/wp-content\/uploads\/2020\/12\/bolsonaro-bento-albuquerque-foto-reproducao-youtube.png\",\"contentUrl\":\"https:\/\/agenciainfra.com\/blog\/wp-content\/uploads\/2020\/12\/bolsonaro-bento-albuquerque-foto-reproducao-youtube.png\",\"width\":1280,\"height\":846},{\"@type\":\"BreadcrumbList\",\"@id\":\"https:\/\/agenciainfra.com\/blog\/fornecimento-de-energia-e-prejudicado-pela-falta-de-agua-e-tambem-de-gas\/#breadcrumb\",\"itemListElement\":[{\"@type\":\"ListItem\",\"position\":1,\"name\":\"In\u00edcio\",\"item\":\"https:\/\/agenciainfra.com\/blog\/\"},{\"@type\":\"ListItem\",\"position\":2,\"name\":\"Fornecimento de energia \u00e9 prejudicado pela falta de \u00e1gua e tamb\u00e9m de g\u00e1s\"}]},{\"@type\":\"WebSite\",\"@id\":\"https:\/\/agenciainfra.com\/blog\/#website\",\"url\":\"https:\/\/agenciainfra.com\/blog\/\",\"name\":\"Ag\u00eancia iNFRA\",\"description\":\"Multiplataforma de informa\u00e7\u00e3o jornal\u00edstica refer\u00eancia na \u00e1rea de infraestrutura no Brasil!\",\"publisher\":{\"@id\":\"https:\/\/agenciainfra.com\/blog\/#organization\"},\"potentialAction\":[{\"@type\":\"SearchAction\",\"target\":{\"@type\":\"EntryPoint\",\"urlTemplate\":\"https:\/\/agenciainfra.com\/blog\/?s={search_term_string}\"},\"query-input\":{\"@type\":\"PropertyValueSpecification\",\"valueRequired\":true,\"valueName\":\"search_term_string\"}}],\"inLanguage\":\"pt-BR\"},{\"@type\":\"Organization\",\"@id\":\"https:\/\/agenciainfra.com\/blog\/#organization\",\"name\":\"Ag\u00eancia iNFRA\",\"url\":\"https:\/\/agenciainfra.com\/blog\/\",\"logo\":{\"@type\":\"ImageObject\",\"inLanguage\":\"pt-BR\",\"@id\":\"https:\/\/agenciainfra.com\/blog\/#\/schema\/logo\/image\/\",\"url\":\"https:\/\/agenciainfra.com\/blog\/wp-content\/uploads\/2023\/09\/iNFRA_5-e1761735885940.png\",\"contentUrl\":\"https:\/\/agenciainfra.com\/blog\/wp-content\/uploads\/2023\/09\/iNFRA_5-e1761735885940.png\",\"width\":1672,\"height\":454,\"caption\":\"Ag\u00eancia iNFRA\"},\"image\":{\"@id\":\"https:\/\/agenciainfra.com\/blog\/#\/schema\/logo\/image\/\"},\"sameAs\":[\"https:\/\/www.facebook.com\/ageninfra\",\"https:\/\/x.com\/agencia_infra\",\"https:\/\/www.linkedin.com\/company\/ag\u00eanciainfra\/\",\"https:\/\/www.instagram.com\/agenciainfra\/\"]},{\"@type\":\"Person\",\"@id\":\"https:\/\/agenciainfra.com\/blog\/#\/schema\/person\/04dbb79bd6d8951f063da71f3e4c1eb1\",\"name\":\"Rodrigo Zuquim\",\"image\":{\"@type\":\"ImageObject\",\"inLanguage\":\"pt-BR\",\"@id\":\"https:\/\/agenciainfra.com\/blog\/#\/schema\/person\/image\/\",\"url\":\"https:\/\/secure.gravatar.com\/avatar\/594abfe82761d620726242ff34ca472a705a4b97f16c790053a6b4c4035274d0?s=96&d=mm&r=g\",\"contentUrl\":\"https:\/\/secure.gravatar.com\/avatar\/594abfe82761d620726242ff34ca472a705a4b97f16c790053a6b4c4035274d0?s=96&d=mm&r=g\",\"caption\":\"Rodrigo Zuquim\"},\"url\":\"https:\/\/agenciainfra.com\/blog\/author\/rodrigo-zuquim\/\"}]}<\/script>\n<!-- \/ Yoast SEO Premium plugin. -->","yoast_head_json":{"title":"Fornecimento de energia \u00e9 prejudicado pela falta de \u00e1gua e tamb\u00e9m de g\u00e1s - Ag\u00eancia iNFRA","robots":{"index":"index","follow":"follow","max-snippet":"max-snippet:-1","max-image-preview":"max-image-preview:large","max-video-preview":"max-video-preview:-1"},"canonical":"https:\/\/agenciainfra.com\/blog\/fornecimento-de-energia-e-prejudicado-pela-falta-de-agua-e-tambem-de-gas\/","og_locale":"pt_BR","og_type":"article","og_title":"Fornecimento de energia \u00e9 prejudicado pela falta de \u00e1gua e tamb\u00e9m de g\u00e1s","og_description":"&nbsp; Leila Coimbra e Nestor Rabello, da Ag\u00eancia iNFRA Diante de uma seca hist\u00f3rica que vem esgotando os reservat\u00f3rios das hidrel\u00e9tricas do pa\u00eds, o abastecimento de energia tamb\u00e9m est\u00e1 prejudicado no momento por falta de g\u00e1s natural\u00a0para as termel\u00e9tricas gerarem eletricidade. A Petrobras n\u00e3o conseguiu entregar todo o\u00a0insumo contratado junto \u00e0s\u00a0t\u00e9rmicas, especialmente no Nordeste. E [&hellip;]","og_url":"https:\/\/agenciainfra.com\/blog\/fornecimento-de-energia-e-prejudicado-pela-falta-de-agua-e-tambem-de-gas\/","og_site_name":"Ag\u00eancia iNFRA","article_publisher":"https:\/\/www.facebook.com\/ageninfra","article_published_time":"2020-12-08T11:00:06+00:00","article_modified_time":"2020-12-08T13:23:36+00:00","og_image":[{"width":1280,"height":846,"url":"https:\/\/agenciainfra.com\/blog\/wp-content\/uploads\/2020\/12\/bolsonaro-bento-albuquerque-foto-reproducao-youtube.png","type":"image\/png"}],"author":"Rodrigo Zuquim","twitter_card":"summary_large_image","twitter_creator":"@agencia_infra","twitter_site":"@agencia_infra","twitter_misc":{"Escrito por":"Rodrigo Zuquim","Est. tempo de leitura":"3 minutos"},"schema":{"@context":"https:\/\/schema.org","@graph":[{"@type":"Article","@id":"https:\/\/agenciainfra.com\/blog\/fornecimento-de-energia-e-prejudicado-pela-falta-de-agua-e-tambem-de-gas\/#article","isPartOf":{"@id":"https:\/\/agenciainfra.com\/blog\/fornecimento-de-energia-e-prejudicado-pela-falta-de-agua-e-tambem-de-gas\/"},"author":{"name":"Rodrigo Zuquim","@id":"https:\/\/agenciainfra.com\/blog\/#\/schema\/person\/04dbb79bd6d8951f063da71f3e4c1eb1"},"headline":"Fornecimento de energia \u00e9 prejudicado pela falta de \u00e1gua e tamb\u00e9m de g\u00e1s","datePublished":"2020-12-08T11:00:06+00:00","dateModified":"2020-12-08T13:23:36+00:00","mainEntityOfPage":{"@id":"https:\/\/agenciainfra.com\/blog\/fornecimento-de-energia-e-prejudicado-pela-falta-de-agua-e-tambem-de-gas\/"},"wordCount":617,"publisher":{"@id":"https:\/\/agenciainfra.com\/blog\/#organization"},"image":{"@id":"https:\/\/agenciainfra.com\/blog\/fornecimento-de-energia-e-prejudicado-pela-falta-de-agua-e-tambem-de-gas\/#primaryimage"},"thumbnailUrl":"https:\/\/agenciainfra.com\/blog\/wp-content\/uploads\/2020\/12\/bolsonaro-bento-albuquerque-foto-reproducao-youtube.png","keywords":["abastecimento","bento albuquerque","Bol\u00edvia","CMSE","energia","g\u00e1s natural","GNL","Hidrel\u00e9tricas","Minist\u00e9rio de Minas e Energia","MME","Petrobras","reservat\u00f3rios","termel\u00e9tricas","YPFB"],"articleSection":["Geral","iNFRAEnergia"],"inLanguage":"pt-BR","copyrightYear":"2020","copyrightHolder":{"@id":"https:\/\/agenciainfra.com\/blog\/#organization"}},{"@type":"WebPage","@id":"https:\/\/agenciainfra.com\/blog\/fornecimento-de-energia-e-prejudicado-pela-falta-de-agua-e-tambem-de-gas\/","url":"https:\/\/agenciainfra.com\/blog\/fornecimento-de-energia-e-prejudicado-pela-falta-de-agua-e-tambem-de-gas\/","name":"Fornecimento de energia \u00e9 prejudicado pela falta de \u00e1gua e tamb\u00e9m de g\u00e1s - Ag\u00eancia iNFRA","isPartOf":{"@id":"https:\/\/agenciainfra.com\/blog\/#website"},"primaryImageOfPage":{"@id":"https:\/\/agenciainfra.com\/blog\/fornecimento-de-energia-e-prejudicado-pela-falta-de-agua-e-tambem-de-gas\/#primaryimage"},"image":{"@id":"https:\/\/agenciainfra.com\/blog\/fornecimento-de-energia-e-prejudicado-pela-falta-de-agua-e-tambem-de-gas\/#primaryimage"},"thumbnailUrl":"https:\/\/agenciainfra.com\/blog\/wp-content\/uploads\/2020\/12\/bolsonaro-bento-albuquerque-foto-reproducao-youtube.png","datePublished":"2020-12-08T11:00:06+00:00","dateModified":"2020-12-08T13:23:36+00:00","breadcrumb":{"@id":"https:\/\/agenciainfra.com\/blog\/fornecimento-de-energia-e-prejudicado-pela-falta-de-agua-e-tambem-de-gas\/#breadcrumb"},"inLanguage":"pt-BR","potentialAction":[{"@type":"ReadAction","target":["https:\/\/agenciainfra.com\/blog\/fornecimento-de-energia-e-prejudicado-pela-falta-de-agua-e-tambem-de-gas\/"]}]},{"@type":"ImageObject","inLanguage":"pt-BR","@id":"https:\/\/agenciainfra.com\/blog\/fornecimento-de-energia-e-prejudicado-pela-falta-de-agua-e-tambem-de-gas\/#primaryimage","url":"https:\/\/agenciainfra.com\/blog\/wp-content\/uploads\/2020\/12\/bolsonaro-bento-albuquerque-foto-reproducao-youtube.png","contentUrl":"https:\/\/agenciainfra.com\/blog\/wp-content\/uploads\/2020\/12\/bolsonaro-bento-albuquerque-foto-reproducao-youtube.png","width":1280,"height":846},{"@type":"BreadcrumbList","@id":"https:\/\/agenciainfra.com\/blog\/fornecimento-de-energia-e-prejudicado-pela-falta-de-agua-e-tambem-de-gas\/#breadcrumb","itemListElement":[{"@type":"ListItem","position":1,"name":"In\u00edcio","item":"https:\/\/agenciainfra.com\/blog\/"},{"@type":"ListItem","position":2,"name":"Fornecimento de energia \u00e9 prejudicado pela falta de \u00e1gua e tamb\u00e9m de g\u00e1s"}]},{"@type":"WebSite","@id":"https:\/\/agenciainfra.com\/blog\/#website","url":"https:\/\/agenciainfra.com\/blog\/","name":"Ag\u00eancia iNFRA","description":"Multiplataforma de informa\u00e7\u00e3o jornal\u00edstica refer\u00eancia na \u00e1rea de infraestrutura no Brasil!","publisher":{"@id":"https:\/\/agenciainfra.com\/blog\/#organization"},"potentialAction":[{"@type":"SearchAction","target":{"@type":"EntryPoint","urlTemplate":"https:\/\/agenciainfra.com\/blog\/?s={search_term_string}"},"query-input":{"@type":"PropertyValueSpecification","valueRequired":true,"valueName":"search_term_string"}}],"inLanguage":"pt-BR"},{"@type":"Organization","@id":"https:\/\/agenciainfra.com\/blog\/#organization","name":"Ag\u00eancia iNFRA","url":"https:\/\/agenciainfra.com\/blog\/","logo":{"@type":"ImageObject","inLanguage":"pt-BR","@id":"https:\/\/agenciainfra.com\/blog\/#\/schema\/logo\/image\/","url":"https:\/\/agenciainfra.com\/blog\/wp-content\/uploads\/2023\/09\/iNFRA_5-e1761735885940.png","contentUrl":"https:\/\/agenciainfra.com\/blog\/wp-content\/uploads\/2023\/09\/iNFRA_5-e1761735885940.png","width":1672,"height":454,"caption":"Ag\u00eancia iNFRA"},"image":{"@id":"https:\/\/agenciainfra.com\/blog\/#\/schema\/logo\/image\/"},"sameAs":["https:\/\/www.facebook.com\/ageninfra","https:\/\/x.com\/agencia_infra","https:\/\/www.linkedin.com\/company\/ag\u00eanciainfra\/","https:\/\/www.instagram.com\/agenciainfra\/"]},{"@type":"Person","@id":"https:\/\/agenciainfra.com\/blog\/#\/schema\/person\/04dbb79bd6d8951f063da71f3e4c1eb1","name":"Rodrigo Zuquim","image":{"@type":"ImageObject","inLanguage":"pt-BR","@id":"https:\/\/agenciainfra.com\/blog\/#\/schema\/person\/image\/","url":"https:\/\/secure.gravatar.com\/avatar\/594abfe82761d620726242ff34ca472a705a4b97f16c790053a6b4c4035274d0?s=96&d=mm&r=g","contentUrl":"https:\/\/secure.gravatar.com\/avatar\/594abfe82761d620726242ff34ca472a705a4b97f16c790053a6b4c4035274d0?s=96&d=mm&r=g","caption":"Rodrigo Zuquim"},"url":"https:\/\/agenciainfra.com\/blog\/author\/rodrigo-zuquim\/"}]}},"_links":{"self":[{"href":"https:\/\/agenciainfra.com\/blog\/wp-json\/wp\/v2\/posts\/6505","targetHints":{"allow":["GET"]}}],"collection":[{"href":"https:\/\/agenciainfra.com\/blog\/wp-json\/wp\/v2\/posts"}],"about":[{"href":"https:\/\/agenciainfra.com\/blog\/wp-json\/wp\/v2\/types\/post"}],"author":[{"embeddable":true,"href":"https:\/\/agenciainfra.com\/blog\/wp-json\/wp\/v2\/users\/9"}],"replies":[{"embeddable":true,"href":"https:\/\/agenciainfra.com\/blog\/wp-json\/wp\/v2\/comments?post=6505"}],"version-history":[{"count":0,"href":"https:\/\/agenciainfra.com\/blog\/wp-json\/wp\/v2\/posts\/6505\/revisions"}],"wp:featuredmedia":[{"embeddable":true,"href":"https:\/\/agenciainfra.com\/blog\/wp-json\/wp\/v2\/media\/6506"}],"wp:attachment":[{"href":"https:\/\/agenciainfra.com\/blog\/wp-json\/wp\/v2\/media?parent=6505"}],"wp:term":[{"taxonomy":"category","embeddable":true,"href":"https:\/\/agenciainfra.com\/blog\/wp-json\/wp\/v2\/categories?post=6505"},{"taxonomy":"post_tag","embeddable":true,"href":"https:\/\/agenciainfra.com\/blog\/wp-json\/wp\/v2\/tags?post=6505"}],"curies":[{"name":"wp","href":"https:\/\/api.w.org\/{rel}","templated":true}]}}