{"id":6508,"date":"2020-12-08T08:00:39","date_gmt":"2020-12-08T11:00:39","guid":{"rendered":"https:\/\/www.agenciainfra.com\/blog\/?p=6508"},"modified":"2020-12-05T17:32:28","modified_gmt":"2020-12-05T20:32:28","slug":"especialistas-dizem-que-cenario-e-critico-mas-probabilidade-de-racionamento-e-baixa","status":"publish","type":"post","link":"https:\/\/agenciainfra.com\/blog\/especialistas-dizem-que-cenario-e-critico-mas-probabilidade-de-racionamento-e-baixa\/","title":{"rendered":"Especialistas dizem que cen\u00e1rio \u00e9 cr\u00edtico, mas probabilidade de racionamento \u00e9 baixa"},"content":{"rendered":"\n<hr class=\"wp-block-separator\"\/>\n\n\n\n<p class=\"has-text-align-right\"><strong>&nbsp; Leila Coimbra e Nestor Rabello, da Ag\u00eancia iNFRA<\/strong><\/p>\n\n\n\n<p>O cen\u00e1rio de falta de chuvas e falta de g\u00e1s natural \u00e9 cr\u00edtico para a seguran\u00e7a energ\u00e9tica do pa\u00eds, e existe uma probabilidade de racionamento, mas muito baixa, segundo especialistas do setor el\u00e9trico ouvidos&nbsp;pela&nbsp;<strong>Ag\u00eancia iNFRA<\/strong>.<br><br>O consultor da Thymos, Pedro Moro, estima que a situa\u00e7\u00e3o h\u00eddrica no pa\u00eds deve melhor a partir da pr\u00f3xima semana, quando aposta que as aflu\u00eancias devem aumentar. Ele cita que os \u00faltimos tr\u00eas meses sobrecarregaram o sistema el\u00e9trico com recordes de escassez no pa\u00eds.&nbsp;<br><br>Moro aponta que o risco de racionamento em um contexto como este \u00e9 baixo, mas pode ser considerado, j\u00e1 que o clima pode surpreender. \u201cN\u00e3o \u00e9 um cen\u00e1rio base [racionamento]. L\u00f3gico que tem um risco. Quando a gente fala de meteorologia e de chuva, sempre existe o risco.\u201d<br><br>Ele acredita que haver\u00e1 uma alta no consumo de energia, mas nada fora do que j\u00e1 est\u00e1 previsto pelo ONS (Operador Nacional do Sistema El\u00e9trico). Moro aponta ainda que, confirmada a melhora nas aflu\u00eancias, a bandeira tarif\u00e1ria ficar\u00e1 amarela em janeiro e, nos meses seguintes, \u00e9 poss\u00edvel que n\u00e3o haja mais cobran\u00e7as adicionais nas tarifas do consumidor.&nbsp;<br><br>J\u00e1 o&nbsp;diretor-executivo da Neal e ex-diretor da ANEEL (Ag\u00eancia Nacional de Energia El\u00e9trica), Edvaldo Santana, afirmou que o atraso prolongado da entrada do per\u00edodo \u00famido preocupa e piora o cen\u00e1rio para a seguran\u00e7a energ\u00e9tica \u201ca cada semana\u201d.<br><br>De acordo com ele, o acionamento da bandeira tarif\u00e1ria no patamar vermelho 2 \u00e9 o \u00faltimo passo, em termos regulat\u00f3rios, antes de ser necess\u00e1rio adotar medidas mais dr\u00e1sticas, como a racionaliza\u00e7\u00e3o da energia.&nbsp;<br><br>\u201cA bandeira vermelha \u00e9 o primeiro passo para tentar frear o consumo, mas n\u00e3o vai conseguir. De qualquer maneira, algo tem de ser feito para n\u00e3o precisar cortar parte da carga, ou medida de racionaliza\u00e7\u00e3o mais grave\u201d, disse.<br><br>\u201cDepois da bandeira vermelha, do ponto de vista regulat\u00f3rio, n\u00e3o tem mais nada. \u00c9 o governo dizer para as pessoas consumirem menos antes de come\u00e7ar a cortar\u201d, resumiu.&nbsp;<br><br>Ele acrescentou que o CMO (Custo Marginal de Opera\u00e7\u00e3o) j\u00e1 chegou aos R$ 750,00 MWh (megawatt-hora), o que indica que n\u00e3o h\u00e1 t\u00e9rmicas a serem despachadas para atenderem \u00e0 demanda.&nbsp;<br><br>Edvaldo, no entanto, n\u00e3o v\u00ea riscos para a queda da importa\u00e7\u00e3o do g\u00e1s natural em termos de seguran\u00e7a energ\u00e9tica.<br><br>Para o CEO da PSR, Luiz Barroso, o ano de 2020 foi marcado por uma revers\u00e3o nas expectativas sobre a evolu\u00e7\u00e3o das chuvas, o que causou desde setembro um aumento forte dos pre\u00e7os da energia.&nbsp;<br><br>\u201cNo entanto \u00e9 necess\u00e1rio muito cuidado nas an\u00e1lises para o suprimento da energia no ano que vem e conclus\u00f5es precipitadas, pois estamos na transi\u00e7\u00e3o para o per\u00edodo \u00famido, e, como o setor sempre faz, \u00e9 necess\u00e1rio monitorar a situa\u00e7\u00e3o de perto\u201d, disse.&nbsp;<br><br>\u201cVeja: h\u00e1 a possibilidade de chuva nesta pr\u00f3xima semana e os pre\u00e7os de energia para o primeiro trimestre de 2021 j\u00e1 inclusive ca\u00edram. Para 2021, h\u00e1 5 GW de oferta nova entrando, com 1,3 GW de t\u00e9rmica a g\u00e1s, e o resto \u00e9 renov\u00e1vel. Enfim, h\u00e1 que ter calma\u201d, pontuou.&nbsp; &nbsp;<\/p>\n","protected":false},"excerpt":{"rendered":"<p>&nbsp; Leila Coimbra e Nestor Rabello, da Ag\u00eancia iNFRA O cen\u00e1rio de falta de chuvas e falta de g\u00e1s natural \u00e9 cr\u00edtico para a seguran\u00e7a energ\u00e9tica do pa\u00eds, e existe uma probabilidade de racionamento, mas muito baixa, segundo especialistas do setor el\u00e9trico ouvidos&nbsp;pela&nbsp;Ag\u00eancia iNFRA. O consultor da Thymos, Pedro Moro, estima que a situa\u00e7\u00e3o h\u00eddrica [&hellip;]<\/p>\n","protected":false},"author":9,"featured_media":6509,"comment_status":"closed","ping_status":"closed","sticky":false,"template":"","format":"standard","meta":{"_monsterinsights_skip_tracking":false,"_monsterinsights_sitenote_active":false,"_monsterinsights_sitenote_note":"","_monsterinsights_sitenote_category":0,"footnotes":""},"categories":[1,10],"tags":[53,3203,3204,13,2781,3201,882,1836,2782,216,3202,121,3200,3049,1170],"class_list":["post-6508","post","type-post","status-publish","format-standard","has-post-thumbnail","hentry","category-geral","category-infraenergia","tag-aneel","tag-bandeira-tarifaria","tag-cmo","tag-consumo-de-energia","tag-edvaldo-santana","tag-falta-de-chuva","tag-gas-natural","tag-luiz-barroso","tag-neal","tag-ons","tag-pedro-moro","tag-psr","tag-racionamento","tag-sistema-eletrico","tag-thymos"],"yoast_head":"<!-- This site is optimized with the Yoast SEO Premium plugin v25.4 (Yoast SEO v26.0) - https:\/\/yoast.com\/wordpress\/plugins\/seo\/ -->\n<title>Especialistas dizem que cen\u00e1rio \u00e9 cr\u00edtico, mas probabilidade de racionamento \u00e9 baixa - Ag\u00eancia iNFRA<\/title>\n<meta name=\"robots\" content=\"index, follow, max-snippet:-1, max-image-preview:large, max-video-preview:-1\" \/>\n<link rel=\"canonical\" href=\"https:\/\/agenciainfra.com\/blog\/especialistas-dizem-que-cenario-e-critico-mas-probabilidade-de-racionamento-e-baixa\/\" \/>\n<meta property=\"og:locale\" content=\"pt_BR\" \/>\n<meta property=\"og:type\" content=\"article\" \/>\n<meta property=\"og:title\" content=\"Especialistas dizem que cen\u00e1rio \u00e9 cr\u00edtico, mas probabilidade de racionamento \u00e9 baixa\" \/>\n<meta property=\"og:description\" content=\"&nbsp; Leila Coimbra e Nestor Rabello, da Ag\u00eancia iNFRA O cen\u00e1rio de falta de chuvas e falta de g\u00e1s natural \u00e9 cr\u00edtico para a seguran\u00e7a energ\u00e9tica do pa\u00eds, e existe uma probabilidade de racionamento, mas muito baixa, segundo especialistas do setor el\u00e9trico ouvidos&nbsp;pela&nbsp;Ag\u00eancia iNFRA. O consultor da Thymos, Pedro Moro, estima que a situa\u00e7\u00e3o h\u00eddrica [&hellip;]\" \/>\n<meta property=\"og:url\" content=\"https:\/\/agenciainfra.com\/blog\/especialistas-dizem-que-cenario-e-critico-mas-probabilidade-de-racionamento-e-baixa\/\" \/>\n<meta property=\"og:site_name\" content=\"Ag\u00eancia iNFRA\" \/>\n<meta property=\"article:publisher\" content=\"https:\/\/www.facebook.com\/ageninfra\" \/>\n<meta property=\"article:published_time\" content=\"2020-12-08T11:00:39+00:00\" \/>\n<meta property=\"og:image\" content=\"https:\/\/agenciainfra.com\/blog\/wp-content\/uploads\/2020\/12\/luiz-augusto-barroso-foto-saulo-cruz-mme.jpg\" \/>\n\t<meta property=\"og:image:width\" content=\"1280\" \/>\n\t<meta property=\"og:image:height\" content=\"853\" \/>\n\t<meta property=\"og:image:type\" content=\"image\/jpeg\" \/>\n<meta name=\"author\" content=\"Rodrigo Zuquim\" \/>\n<meta name=\"twitter:card\" content=\"summary_large_image\" \/>\n<meta name=\"twitter:creator\" content=\"@agencia_infra\" \/>\n<meta name=\"twitter:site\" content=\"@agencia_infra\" \/>\n<meta name=\"twitter:label1\" content=\"Escrito por\" \/>\n\t<meta name=\"twitter:data1\" content=\"Rodrigo Zuquim\" \/>\n\t<meta name=\"twitter:label2\" content=\"Est. tempo de leitura\" \/>\n\t<meta name=\"twitter:data2\" content=\"3 minutos\" \/>\n<script type=\"application\/ld+json\" class=\"yoast-schema-graph\">{\"@context\":\"https:\/\/schema.org\",\"@graph\":[{\"@type\":\"Article\",\"@id\":\"https:\/\/agenciainfra.com\/blog\/especialistas-dizem-que-cenario-e-critico-mas-probabilidade-de-racionamento-e-baixa\/#article\",\"isPartOf\":{\"@id\":\"https:\/\/agenciainfra.com\/blog\/especialistas-dizem-que-cenario-e-critico-mas-probabilidade-de-racionamento-e-baixa\/\"},\"author\":{\"name\":\"Rodrigo Zuquim\",\"@id\":\"https:\/\/agenciainfra.com\/blog\/#\/schema\/person\/04dbb79bd6d8951f063da71f3e4c1eb1\"},\"headline\":\"Especialistas dizem que cen\u00e1rio \u00e9 cr\u00edtico, mas probabilidade de racionamento \u00e9 baixa\",\"datePublished\":\"2020-12-08T11:00:39+00:00\",\"mainEntityOfPage\":{\"@id\":\"https:\/\/agenciainfra.com\/blog\/especialistas-dizem-que-cenario-e-critico-mas-probabilidade-de-racionamento-e-baixa\/\"},\"wordCount\":581,\"publisher\":{\"@id\":\"https:\/\/agenciainfra.com\/blog\/#organization\"},\"image\":{\"@id\":\"https:\/\/agenciainfra.com\/blog\/especialistas-dizem-que-cenario-e-critico-mas-probabilidade-de-racionamento-e-baixa\/#primaryimage\"},\"thumbnailUrl\":\"https:\/\/agenciainfra.com\/blog\/wp-content\/uploads\/2020\/12\/luiz-augusto-barroso-foto-saulo-cruz-mme.jpg\",\"keywords\":[\"ANEEL\",\"bandeira tarif\u00e1ria\",\"CMO\",\"consumo de energia\",\"Edvaldo Santana\",\"falta de chuva\",\"g\u00e1s natural\",\"Luiz Barroso\",\"Neal\",\"ONS\",\"Pedro Moro\",\"PSR\",\"racionamento\",\"sistema el\u00e9trico\",\"Thymos\"],\"articleSection\":[\"Geral\",\"iNFRAEnergia\"],\"inLanguage\":\"pt-BR\",\"copyrightYear\":\"2020\",\"copyrightHolder\":{\"@id\":\"https:\/\/agenciainfra.com\/blog\/#organization\"}},{\"@type\":\"WebPage\",\"@id\":\"https:\/\/agenciainfra.com\/blog\/especialistas-dizem-que-cenario-e-critico-mas-probabilidade-de-racionamento-e-baixa\/\",\"url\":\"https:\/\/agenciainfra.com\/blog\/especialistas-dizem-que-cenario-e-critico-mas-probabilidade-de-racionamento-e-baixa\/\",\"name\":\"Especialistas dizem que cen\u00e1rio \u00e9 cr\u00edtico, mas probabilidade de racionamento \u00e9 baixa - Ag\u00eancia iNFRA\",\"isPartOf\":{\"@id\":\"https:\/\/agenciainfra.com\/blog\/#website\"},\"primaryImageOfPage\":{\"@id\":\"https:\/\/agenciainfra.com\/blog\/especialistas-dizem-que-cenario-e-critico-mas-probabilidade-de-racionamento-e-baixa\/#primaryimage\"},\"image\":{\"@id\":\"https:\/\/agenciainfra.com\/blog\/especialistas-dizem-que-cenario-e-critico-mas-probabilidade-de-racionamento-e-baixa\/#primaryimage\"},\"thumbnailUrl\":\"https:\/\/agenciainfra.com\/blog\/wp-content\/uploads\/2020\/12\/luiz-augusto-barroso-foto-saulo-cruz-mme.jpg\",\"datePublished\":\"2020-12-08T11:00:39+00:00\",\"breadcrumb\":{\"@id\":\"https:\/\/agenciainfra.com\/blog\/especialistas-dizem-que-cenario-e-critico-mas-probabilidade-de-racionamento-e-baixa\/#breadcrumb\"},\"inLanguage\":\"pt-BR\",\"potentialAction\":[{\"@type\":\"ReadAction\",\"target\":[\"https:\/\/agenciainfra.com\/blog\/especialistas-dizem-que-cenario-e-critico-mas-probabilidade-de-racionamento-e-baixa\/\"]}]},{\"@type\":\"ImageObject\",\"inLanguage\":\"pt-BR\",\"@id\":\"https:\/\/agenciainfra.com\/blog\/especialistas-dizem-que-cenario-e-critico-mas-probabilidade-de-racionamento-e-baixa\/#primaryimage\",\"url\":\"https:\/\/agenciainfra.com\/blog\/wp-content\/uploads\/2020\/12\/luiz-augusto-barroso-foto-saulo-cruz-mme.jpg\",\"contentUrl\":\"https:\/\/agenciainfra.com\/blog\/wp-content\/uploads\/2020\/12\/luiz-augusto-barroso-foto-saulo-cruz-mme.jpg\",\"width\":1280,\"height\":853},{\"@type\":\"BreadcrumbList\",\"@id\":\"https:\/\/agenciainfra.com\/blog\/especialistas-dizem-que-cenario-e-critico-mas-probabilidade-de-racionamento-e-baixa\/#breadcrumb\",\"itemListElement\":[{\"@type\":\"ListItem\",\"position\":1,\"name\":\"In\u00edcio\",\"item\":\"https:\/\/agenciainfra.com\/blog\/\"},{\"@type\":\"ListItem\",\"position\":2,\"name\":\"Especialistas dizem que cen\u00e1rio \u00e9 cr\u00edtico, mas probabilidade de racionamento \u00e9 baixa\"}]},{\"@type\":\"WebSite\",\"@id\":\"https:\/\/agenciainfra.com\/blog\/#website\",\"url\":\"https:\/\/agenciainfra.com\/blog\/\",\"name\":\"Ag\u00eancia iNFRA\",\"description\":\"Multiplataforma de informa\u00e7\u00e3o jornal\u00edstica refer\u00eancia na \u00e1rea de infraestrutura no Brasil!\",\"publisher\":{\"@id\":\"https:\/\/agenciainfra.com\/blog\/#organization\"},\"potentialAction\":[{\"@type\":\"SearchAction\",\"target\":{\"@type\":\"EntryPoint\",\"urlTemplate\":\"https:\/\/agenciainfra.com\/blog\/?s={search_term_string}\"},\"query-input\":{\"@type\":\"PropertyValueSpecification\",\"valueRequired\":true,\"valueName\":\"search_term_string\"}}],\"inLanguage\":\"pt-BR\"},{\"@type\":\"Organization\",\"@id\":\"https:\/\/agenciainfra.com\/blog\/#organization\",\"name\":\"Ag\u00eancia iNFRA\",\"url\":\"https:\/\/agenciainfra.com\/blog\/\",\"logo\":{\"@type\":\"ImageObject\",\"inLanguage\":\"pt-BR\",\"@id\":\"https:\/\/agenciainfra.com\/blog\/#\/schema\/logo\/image\/\",\"url\":\"https:\/\/agenciainfra.com\/blog\/wp-content\/uploads\/2023\/09\/iNFRA_5-e1761735885940.png\",\"contentUrl\":\"https:\/\/agenciainfra.com\/blog\/wp-content\/uploads\/2023\/09\/iNFRA_5-e1761735885940.png\",\"width\":1672,\"height\":454,\"caption\":\"Ag\u00eancia iNFRA\"},\"image\":{\"@id\":\"https:\/\/agenciainfra.com\/blog\/#\/schema\/logo\/image\/\"},\"sameAs\":[\"https:\/\/www.facebook.com\/ageninfra\",\"https:\/\/x.com\/agencia_infra\",\"https:\/\/www.linkedin.com\/company\/ag\u00eanciainfra\/\",\"https:\/\/www.instagram.com\/agenciainfra\/\"]},{\"@type\":\"Person\",\"@id\":\"https:\/\/agenciainfra.com\/blog\/#\/schema\/person\/04dbb79bd6d8951f063da71f3e4c1eb1\",\"name\":\"Rodrigo Zuquim\",\"image\":{\"@type\":\"ImageObject\",\"inLanguage\":\"pt-BR\",\"@id\":\"https:\/\/agenciainfra.com\/blog\/#\/schema\/person\/image\/\",\"url\":\"https:\/\/secure.gravatar.com\/avatar\/594abfe82761d620726242ff34ca472a705a4b97f16c790053a6b4c4035274d0?s=96&d=mm&r=g\",\"contentUrl\":\"https:\/\/secure.gravatar.com\/avatar\/594abfe82761d620726242ff34ca472a705a4b97f16c790053a6b4c4035274d0?s=96&d=mm&r=g\",\"caption\":\"Rodrigo Zuquim\"},\"url\":\"https:\/\/agenciainfra.com\/blog\/author\/rodrigo-zuquim\/\"}]}<\/script>\n<!-- \/ Yoast SEO Premium plugin. -->","yoast_head_json":{"title":"Especialistas dizem que cen\u00e1rio \u00e9 cr\u00edtico, mas probabilidade de racionamento \u00e9 baixa - Ag\u00eancia iNFRA","robots":{"index":"index","follow":"follow","max-snippet":"max-snippet:-1","max-image-preview":"max-image-preview:large","max-video-preview":"max-video-preview:-1"},"canonical":"https:\/\/agenciainfra.com\/blog\/especialistas-dizem-que-cenario-e-critico-mas-probabilidade-de-racionamento-e-baixa\/","og_locale":"pt_BR","og_type":"article","og_title":"Especialistas dizem que cen\u00e1rio \u00e9 cr\u00edtico, mas probabilidade de racionamento \u00e9 baixa","og_description":"&nbsp; Leila Coimbra e Nestor Rabello, da Ag\u00eancia iNFRA O cen\u00e1rio de falta de chuvas e falta de g\u00e1s natural \u00e9 cr\u00edtico para a seguran\u00e7a energ\u00e9tica do pa\u00eds, e existe uma probabilidade de racionamento, mas muito baixa, segundo especialistas do setor el\u00e9trico ouvidos&nbsp;pela&nbsp;Ag\u00eancia iNFRA. O consultor da Thymos, Pedro Moro, estima que a situa\u00e7\u00e3o h\u00eddrica [&hellip;]","og_url":"https:\/\/agenciainfra.com\/blog\/especialistas-dizem-que-cenario-e-critico-mas-probabilidade-de-racionamento-e-baixa\/","og_site_name":"Ag\u00eancia iNFRA","article_publisher":"https:\/\/www.facebook.com\/ageninfra","article_published_time":"2020-12-08T11:00:39+00:00","og_image":[{"width":1280,"height":853,"url":"https:\/\/agenciainfra.com\/blog\/wp-content\/uploads\/2020\/12\/luiz-augusto-barroso-foto-saulo-cruz-mme.jpg","type":"image\/jpeg"}],"author":"Rodrigo Zuquim","twitter_card":"summary_large_image","twitter_creator":"@agencia_infra","twitter_site":"@agencia_infra","twitter_misc":{"Escrito por":"Rodrigo Zuquim","Est. tempo de leitura":"3 minutos"},"schema":{"@context":"https:\/\/schema.org","@graph":[{"@type":"Article","@id":"https:\/\/agenciainfra.com\/blog\/especialistas-dizem-que-cenario-e-critico-mas-probabilidade-de-racionamento-e-baixa\/#article","isPartOf":{"@id":"https:\/\/agenciainfra.com\/blog\/especialistas-dizem-que-cenario-e-critico-mas-probabilidade-de-racionamento-e-baixa\/"},"author":{"name":"Rodrigo Zuquim","@id":"https:\/\/agenciainfra.com\/blog\/#\/schema\/person\/04dbb79bd6d8951f063da71f3e4c1eb1"},"headline":"Especialistas dizem que cen\u00e1rio \u00e9 cr\u00edtico, mas probabilidade de racionamento \u00e9 baixa","datePublished":"2020-12-08T11:00:39+00:00","mainEntityOfPage":{"@id":"https:\/\/agenciainfra.com\/blog\/especialistas-dizem-que-cenario-e-critico-mas-probabilidade-de-racionamento-e-baixa\/"},"wordCount":581,"publisher":{"@id":"https:\/\/agenciainfra.com\/blog\/#organization"},"image":{"@id":"https:\/\/agenciainfra.com\/blog\/especialistas-dizem-que-cenario-e-critico-mas-probabilidade-de-racionamento-e-baixa\/#primaryimage"},"thumbnailUrl":"https:\/\/agenciainfra.com\/blog\/wp-content\/uploads\/2020\/12\/luiz-augusto-barroso-foto-saulo-cruz-mme.jpg","keywords":["ANEEL","bandeira tarif\u00e1ria","CMO","consumo de energia","Edvaldo Santana","falta de chuva","g\u00e1s natural","Luiz Barroso","Neal","ONS","Pedro Moro","PSR","racionamento","sistema el\u00e9trico","Thymos"],"articleSection":["Geral","iNFRAEnergia"],"inLanguage":"pt-BR","copyrightYear":"2020","copyrightHolder":{"@id":"https:\/\/agenciainfra.com\/blog\/#organization"}},{"@type":"WebPage","@id":"https:\/\/agenciainfra.com\/blog\/especialistas-dizem-que-cenario-e-critico-mas-probabilidade-de-racionamento-e-baixa\/","url":"https:\/\/agenciainfra.com\/blog\/especialistas-dizem-que-cenario-e-critico-mas-probabilidade-de-racionamento-e-baixa\/","name":"Especialistas dizem que cen\u00e1rio \u00e9 cr\u00edtico, mas probabilidade de racionamento \u00e9 baixa - Ag\u00eancia iNFRA","isPartOf":{"@id":"https:\/\/agenciainfra.com\/blog\/#website"},"primaryImageOfPage":{"@id":"https:\/\/agenciainfra.com\/blog\/especialistas-dizem-que-cenario-e-critico-mas-probabilidade-de-racionamento-e-baixa\/#primaryimage"},"image":{"@id":"https:\/\/agenciainfra.com\/blog\/especialistas-dizem-que-cenario-e-critico-mas-probabilidade-de-racionamento-e-baixa\/#primaryimage"},"thumbnailUrl":"https:\/\/agenciainfra.com\/blog\/wp-content\/uploads\/2020\/12\/luiz-augusto-barroso-foto-saulo-cruz-mme.jpg","datePublished":"2020-12-08T11:00:39+00:00","breadcrumb":{"@id":"https:\/\/agenciainfra.com\/blog\/especialistas-dizem-que-cenario-e-critico-mas-probabilidade-de-racionamento-e-baixa\/#breadcrumb"},"inLanguage":"pt-BR","potentialAction":[{"@type":"ReadAction","target":["https:\/\/agenciainfra.com\/blog\/especialistas-dizem-que-cenario-e-critico-mas-probabilidade-de-racionamento-e-baixa\/"]}]},{"@type":"ImageObject","inLanguage":"pt-BR","@id":"https:\/\/agenciainfra.com\/blog\/especialistas-dizem-que-cenario-e-critico-mas-probabilidade-de-racionamento-e-baixa\/#primaryimage","url":"https:\/\/agenciainfra.com\/blog\/wp-content\/uploads\/2020\/12\/luiz-augusto-barroso-foto-saulo-cruz-mme.jpg","contentUrl":"https:\/\/agenciainfra.com\/blog\/wp-content\/uploads\/2020\/12\/luiz-augusto-barroso-foto-saulo-cruz-mme.jpg","width":1280,"height":853},{"@type":"BreadcrumbList","@id":"https:\/\/agenciainfra.com\/blog\/especialistas-dizem-que-cenario-e-critico-mas-probabilidade-de-racionamento-e-baixa\/#breadcrumb","itemListElement":[{"@type":"ListItem","position":1,"name":"In\u00edcio","item":"https:\/\/agenciainfra.com\/blog\/"},{"@type":"ListItem","position":2,"name":"Especialistas dizem que cen\u00e1rio \u00e9 cr\u00edtico, mas probabilidade de racionamento \u00e9 baixa"}]},{"@type":"WebSite","@id":"https:\/\/agenciainfra.com\/blog\/#website","url":"https:\/\/agenciainfra.com\/blog\/","name":"Ag\u00eancia iNFRA","description":"Multiplataforma de informa\u00e7\u00e3o jornal\u00edstica refer\u00eancia na \u00e1rea de infraestrutura no Brasil!","publisher":{"@id":"https:\/\/agenciainfra.com\/blog\/#organization"},"potentialAction":[{"@type":"SearchAction","target":{"@type":"EntryPoint","urlTemplate":"https:\/\/agenciainfra.com\/blog\/?s={search_term_string}"},"query-input":{"@type":"PropertyValueSpecification","valueRequired":true,"valueName":"search_term_string"}}],"inLanguage":"pt-BR"},{"@type":"Organization","@id":"https:\/\/agenciainfra.com\/blog\/#organization","name":"Ag\u00eancia iNFRA","url":"https:\/\/agenciainfra.com\/blog\/","logo":{"@type":"ImageObject","inLanguage":"pt-BR","@id":"https:\/\/agenciainfra.com\/blog\/#\/schema\/logo\/image\/","url":"https:\/\/agenciainfra.com\/blog\/wp-content\/uploads\/2023\/09\/iNFRA_5-e1761735885940.png","contentUrl":"https:\/\/agenciainfra.com\/blog\/wp-content\/uploads\/2023\/09\/iNFRA_5-e1761735885940.png","width":1672,"height":454,"caption":"Ag\u00eancia iNFRA"},"image":{"@id":"https:\/\/agenciainfra.com\/blog\/#\/schema\/logo\/image\/"},"sameAs":["https:\/\/www.facebook.com\/ageninfra","https:\/\/x.com\/agencia_infra","https:\/\/www.linkedin.com\/company\/ag\u00eanciainfra\/","https:\/\/www.instagram.com\/agenciainfra\/"]},{"@type":"Person","@id":"https:\/\/agenciainfra.com\/blog\/#\/schema\/person\/04dbb79bd6d8951f063da71f3e4c1eb1","name":"Rodrigo Zuquim","image":{"@type":"ImageObject","inLanguage":"pt-BR","@id":"https:\/\/agenciainfra.com\/blog\/#\/schema\/person\/image\/","url":"https:\/\/secure.gravatar.com\/avatar\/594abfe82761d620726242ff34ca472a705a4b97f16c790053a6b4c4035274d0?s=96&d=mm&r=g","contentUrl":"https:\/\/secure.gravatar.com\/avatar\/594abfe82761d620726242ff34ca472a705a4b97f16c790053a6b4c4035274d0?s=96&d=mm&r=g","caption":"Rodrigo Zuquim"},"url":"https:\/\/agenciainfra.com\/blog\/author\/rodrigo-zuquim\/"}]}},"_links":{"self":[{"href":"https:\/\/agenciainfra.com\/blog\/wp-json\/wp\/v2\/posts\/6508","targetHints":{"allow":["GET"]}}],"collection":[{"href":"https:\/\/agenciainfra.com\/blog\/wp-json\/wp\/v2\/posts"}],"about":[{"href":"https:\/\/agenciainfra.com\/blog\/wp-json\/wp\/v2\/types\/post"}],"author":[{"embeddable":true,"href":"https:\/\/agenciainfra.com\/blog\/wp-json\/wp\/v2\/users\/9"}],"replies":[{"embeddable":true,"href":"https:\/\/agenciainfra.com\/blog\/wp-json\/wp\/v2\/comments?post=6508"}],"version-history":[{"count":0,"href":"https:\/\/agenciainfra.com\/blog\/wp-json\/wp\/v2\/posts\/6508\/revisions"}],"wp:featuredmedia":[{"embeddable":true,"href":"https:\/\/agenciainfra.com\/blog\/wp-json\/wp\/v2\/media\/6509"}],"wp:attachment":[{"href":"https:\/\/agenciainfra.com\/blog\/wp-json\/wp\/v2\/media?parent=6508"}],"wp:term":[{"taxonomy":"category","embeddable":true,"href":"https:\/\/agenciainfra.com\/blog\/wp-json\/wp\/v2\/categories?post=6508"},{"taxonomy":"post_tag","embeddable":true,"href":"https:\/\/agenciainfra.com\/blog\/wp-json\/wp\/v2\/tags?post=6508"}],"curies":[{"name":"wp","href":"https:\/\/api.w.org\/{rel}","templated":true}]}}