{"id":6518,"date":"2020-12-10T08:00:05","date_gmt":"2020-12-10T11:00:05","guid":{"rendered":"https:\/\/www.agenciainfra.com\/blog\/?p=6518"},"modified":"2020-12-08T10:53:11","modified_gmt":"2020-12-08T13:53:11","slug":"justica-de-santa-catarina-barra-tentativa-de-aerea-para-reter-recurso-de-tarifa-aeroportuaria","status":"publish","type":"post","link":"https:\/\/agenciainfra.com\/blog\/justica-de-santa-catarina-barra-tentativa-de-aerea-para-reter-recurso-de-tarifa-aeroportuaria\/","title":{"rendered":"Justi\u00e7a de Santa Catarina barra tentativa de a\u00e9rea para reter recurso de tarifa aeroportu\u00e1ria"},"content":{"rendered":"\n<hr class=\"wp-block-separator\"\/>\n\n\n\n<p class=\"has-text-align-right\"><strong>Dimmi Amora, da&nbsp;Ag\u00eancia iNFRA<\/strong><\/p>\n\n\n\n<p>A empresa a\u00e9rea Gol foi proibida pela Justi\u00e7a de Santa Catarina de reter recursos das taxas de embarque dos passageiros que utilizam o Aeroporto Internacional de Florian\u00f3polis (SC), administrado pela concession\u00e1ria Floripa Airport, do grupo Zurich Airport.&nbsp;<br><br>A empresa a\u00e9rea havia obtido uma decis\u00e3o de 1\u00aa inst\u00e2ncia que permitia a reten\u00e7\u00e3o de 3% do valor pago pelos passageiros. Mas, o desembargador Pedro Manoel Abreu, do Tribunal de Justi\u00e7a de Santa Catarina, entendeu que a reten\u00e7\u00e3o era indevida e suspendeu os efeitos da decis\u00e3o inicial.<br><br>As empresas a\u00e9reas t\u00eam tentado reter recursos que s\u00e3o cobrados por elas dos passageiros para usar os terminais aeroportu\u00e1rios, a chamada taxa de embarque, alegando ter custos para cobrar e gerenciar esses recursos.&nbsp;<br><br>Elas retinham, em conv\u00eanio firmado com a estatal Infraero, os valores dos aeroportos da estatal. Mas as empresas concession\u00e1rias que assumem as unidades ap\u00f3s os processos de concess\u00e3o se recusam a assinar esses conv\u00eanios, alegando que esse custo n\u00e3o estava previsto em seus contratos de concess\u00e3o.<br><br>Em 2018 a ANAC (Ag\u00eancia Nacional de Avia\u00e7\u00e3o Civil) emitiu uma nota t\u00e9cnica, atrav\u00e9s da Superintend\u00eancia de Regula\u00e7\u00e3o Aeroportu\u00e1ria, em resposta a questionamento da Abear (Associa\u00e7\u00e3o Brasileira das Empresas A\u00e9reas) sobre o tema, informando que a obrigatoriedade de reten\u00e7\u00e3o foi revogada em 2007. A nota est\u00e1 dispon\u00edvel&nbsp;<a href=\"https:\/\/agenciainfra.us14.list-manage.com\/track\/click?u=d460dd1bcf9ba0ae040e1fc0f&amp;id=01e85926a9&amp;e=c099169394\" target=\"_blank\" rel=\"noreferrer noopener\">neste link<\/a>.<br><br>A cobran\u00e7a, agora, s\u00f3 pode ser feita se houver um conv\u00eanio assinado entre a companhia a\u00e9rea e a concession\u00e1ria. Mas deixando claro que isso deve ser feito em comum acordo e n\u00e3o pode haver qualquer reten\u00e7\u00e3o sem esse&nbsp;conv\u00eanio. O entendimento da ANAC segue o mesmo at\u00e9 hoje.<br><br>O desembargador citou o entendimento da ANAC sobre o caso para reverter a decis\u00e3o. Ele tamb\u00e9m n\u00e3o aceitou o argumento da Gol de que a empresa estaria em dificuldades por causa da pandemia da Covid-19.<br><br>&#8220;A crise econ\u00f4mica oriunda da pandemia de Covid-19 n\u00e3o deve, por si s\u00f3, embasar a concess\u00e3o da tutela, pois tem atingido de maneira generalizada grande parte dos setores da economia. A prop\u00f3sito, o Poder Judici\u00e1rio vem recebendo in\u00fameras demandas onde se buscam os mais variados benef\u00edcios (&#8230;)&#8221;, disse em seu parecer.<br><br>&#8220;Para todos os casos, tem se ressaltado a necessidade de cautela em seu exame, a fim de que n\u00e3o se produza um efeito mais devastador do que aquele j\u00e1 vivido&#8221;, escreveu Abreu em sua decis\u00e3o, dispon\u00edvel&nbsp;<a href=\"https:\/\/agenciainfra.us14.list-manage.com\/track\/click?u=d460dd1bcf9ba0ae040e1fc0f&amp;id=237d2d409b&amp;e=c099169394\" target=\"_blank\" rel=\"noreferrer noopener\">neste link<\/a>.<br><br>A&nbsp;<strong>Ag\u00eancia iNFRA<\/strong>&nbsp;entrou em contato com a Gol para que comentasse o tema e n\u00e3o obteve resposta.<\/p>\n","protected":false},"excerpt":{"rendered":"<p>Dimmi Amora, da&nbsp;Ag\u00eancia iNFRA A empresa a\u00e9rea Gol foi proibida pela Justi\u00e7a de Santa Catarina de reter recursos das taxas de embarque dos passageiros que utilizam o Aeroporto Internacional de Florian\u00f3polis (SC), administrado pela concession\u00e1ria Floripa Airport, do grupo Zurich Airport.&nbsp; A empresa a\u00e9rea havia obtido uma decis\u00e3o de 1\u00aa inst\u00e2ncia que permitia a reten\u00e7\u00e3o [&hellip;]<\/p>\n","protected":false},"author":9,"featured_media":6519,"comment_status":"closed","ping_status":"closed","sticky":false,"template":"","format":"standard","meta":{"_monsterinsights_skip_tracking":false,"_monsterinsights_sitenote_active":false,"_monsterinsights_sitenote_note":"","_monsterinsights_sitenote_category":0,"footnotes":""},"categories":[1,7],"tags":[1393,3215,242,3216,230,61,3218,668,3214,3219,3217],"class_list":["post-6518","post","type-post","status-publish","format-standard","has-post-thumbnail","hentry","category-geral","category-infratransporte","tag-abear","tag-aeroporto-internacional-de-florianopolis","tag-anac","tag-floripa-airport","tag-gol","tag-infraero","tag-pedro-manoel-abreu","tag-santa-catarina","tag-taxa-de-embarque","tag-tribunal-de-justica-de-santa-catarina","tag-zurich-airport"],"yoast_head":"<!-- This site is optimized with the Yoast SEO Premium plugin v25.4 (Yoast SEO v26.0) - https:\/\/yoast.com\/wordpress\/plugins\/seo\/ -->\n<title>Justi\u00e7a de Santa Catarina barra tentativa de a\u00e9rea para reter recurso de tarifa aeroportu\u00e1ria - Ag\u00eancia iNFRA<\/title>\n<meta name=\"robots\" content=\"index, follow, max-snippet:-1, max-image-preview:large, max-video-preview:-1\" \/>\n<link rel=\"canonical\" href=\"https:\/\/agenciainfra.com\/blog\/justica-de-santa-catarina-barra-tentativa-de-aerea-para-reter-recurso-de-tarifa-aeroportuaria\/\" \/>\n<meta property=\"og:locale\" content=\"pt_BR\" \/>\n<meta property=\"og:type\" content=\"article\" \/>\n<meta property=\"og:title\" content=\"Justi\u00e7a de Santa Catarina barra tentativa de a\u00e9rea para reter recurso de tarifa aeroportu\u00e1ria\" \/>\n<meta property=\"og:description\" content=\"Dimmi Amora, da&nbsp;Ag\u00eancia iNFRA A empresa a\u00e9rea Gol foi proibida pela Justi\u00e7a de Santa Catarina de reter recursos das taxas de embarque dos passageiros que utilizam o Aeroporto Internacional de Florian\u00f3polis (SC), administrado pela concession\u00e1ria Floripa Airport, do grupo Zurich Airport.&nbsp; A empresa a\u00e9rea havia obtido uma decis\u00e3o de 1\u00aa inst\u00e2ncia que permitia a reten\u00e7\u00e3o [&hellip;]\" \/>\n<meta property=\"og:url\" content=\"https:\/\/agenciainfra.com\/blog\/justica-de-santa-catarina-barra-tentativa-de-aerea-para-reter-recurso-de-tarifa-aeroportuaria\/\" \/>\n<meta property=\"og:site_name\" content=\"Ag\u00eancia iNFRA\" \/>\n<meta property=\"article:publisher\" content=\"https:\/\/www.facebook.com\/ageninfra\" \/>\n<meta property=\"article:published_time\" content=\"2020-12-10T11:00:05+00:00\" \/>\n<meta property=\"og:image\" content=\"https:\/\/agenciainfra.com\/blog\/wp-content\/uploads\/2020\/12\/aeroporto-de-florianopolis-foto-alberto-ruy-minfra.jpg\" \/>\n\t<meta property=\"og:image:width\" content=\"1280\" \/>\n\t<meta property=\"og:image:height\" content=\"852\" \/>\n\t<meta property=\"og:image:type\" content=\"image\/jpeg\" \/>\n<meta name=\"author\" content=\"Rodrigo Zuquim\" \/>\n<meta name=\"twitter:card\" content=\"summary_large_image\" \/>\n<meta name=\"twitter:creator\" content=\"@agencia_infra\" \/>\n<meta name=\"twitter:site\" content=\"@agencia_infra\" \/>\n<meta name=\"twitter:label1\" content=\"Escrito por\" \/>\n\t<meta name=\"twitter:data1\" content=\"Rodrigo Zuquim\" \/>\n\t<meta name=\"twitter:label2\" content=\"Est. tempo de leitura\" \/>\n\t<meta name=\"twitter:data2\" content=\"2 minutos\" \/>\n<script type=\"application\/ld+json\" class=\"yoast-schema-graph\">{\"@context\":\"https:\/\/schema.org\",\"@graph\":[{\"@type\":\"Article\",\"@id\":\"https:\/\/agenciainfra.com\/blog\/justica-de-santa-catarina-barra-tentativa-de-aerea-para-reter-recurso-de-tarifa-aeroportuaria\/#article\",\"isPartOf\":{\"@id\":\"https:\/\/agenciainfra.com\/blog\/justica-de-santa-catarina-barra-tentativa-de-aerea-para-reter-recurso-de-tarifa-aeroportuaria\/\"},\"author\":{\"name\":\"Rodrigo Zuquim\",\"@id\":\"https:\/\/agenciainfra.com\/blog\/#\/schema\/person\/04dbb79bd6d8951f063da71f3e4c1eb1\"},\"headline\":\"Justi\u00e7a de Santa Catarina barra tentativa de a\u00e9rea para reter recurso de tarifa aeroportu\u00e1ria\",\"datePublished\":\"2020-12-10T11:00:05+00:00\",\"mainEntityOfPage\":{\"@id\":\"https:\/\/agenciainfra.com\/blog\/justica-de-santa-catarina-barra-tentativa-de-aerea-para-reter-recurso-de-tarifa-aeroportuaria\/\"},\"wordCount\":483,\"publisher\":{\"@id\":\"https:\/\/agenciainfra.com\/blog\/#organization\"},\"image\":{\"@id\":\"https:\/\/agenciainfra.com\/blog\/justica-de-santa-catarina-barra-tentativa-de-aerea-para-reter-recurso-de-tarifa-aeroportuaria\/#primaryimage\"},\"thumbnailUrl\":\"https:\/\/agenciainfra.com\/blog\/wp-content\/uploads\/2020\/12\/aeroporto-de-florianopolis-foto-alberto-ruy-minfra.jpg\",\"keywords\":[\"Abear\",\"Aeroporto Internacional de Florian\u00f3polis\",\"ANAC\",\"Floripa Airport\",\"Gol\",\"Infraero\",\"Pedro Manoel Abreu\",\"Santa Catarina\",\"taxa de embarque\",\"Tribunal de Justi\u00e7a de Santa Catarina\",\"Zurich Airport\"],\"articleSection\":[\"Geral\",\"iNFRATransporte\"],\"inLanguage\":\"pt-BR\",\"copyrightYear\":\"2020\",\"copyrightHolder\":{\"@id\":\"https:\/\/agenciainfra.com\/blog\/#organization\"}},{\"@type\":\"WebPage\",\"@id\":\"https:\/\/agenciainfra.com\/blog\/justica-de-santa-catarina-barra-tentativa-de-aerea-para-reter-recurso-de-tarifa-aeroportuaria\/\",\"url\":\"https:\/\/agenciainfra.com\/blog\/justica-de-santa-catarina-barra-tentativa-de-aerea-para-reter-recurso-de-tarifa-aeroportuaria\/\",\"name\":\"Justi\u00e7a de Santa Catarina barra tentativa de a\u00e9rea para reter recurso de tarifa aeroportu\u00e1ria - Ag\u00eancia iNFRA\",\"isPartOf\":{\"@id\":\"https:\/\/agenciainfra.com\/blog\/#website\"},\"primaryImageOfPage\":{\"@id\":\"https:\/\/agenciainfra.com\/blog\/justica-de-santa-catarina-barra-tentativa-de-aerea-para-reter-recurso-de-tarifa-aeroportuaria\/#primaryimage\"},\"image\":{\"@id\":\"https:\/\/agenciainfra.com\/blog\/justica-de-santa-catarina-barra-tentativa-de-aerea-para-reter-recurso-de-tarifa-aeroportuaria\/#primaryimage\"},\"thumbnailUrl\":\"https:\/\/agenciainfra.com\/blog\/wp-content\/uploads\/2020\/12\/aeroporto-de-florianopolis-foto-alberto-ruy-minfra.jpg\",\"datePublished\":\"2020-12-10T11:00:05+00:00\",\"breadcrumb\":{\"@id\":\"https:\/\/agenciainfra.com\/blog\/justica-de-santa-catarina-barra-tentativa-de-aerea-para-reter-recurso-de-tarifa-aeroportuaria\/#breadcrumb\"},\"inLanguage\":\"pt-BR\",\"potentialAction\":[{\"@type\":\"ReadAction\",\"target\":[\"https:\/\/agenciainfra.com\/blog\/justica-de-santa-catarina-barra-tentativa-de-aerea-para-reter-recurso-de-tarifa-aeroportuaria\/\"]}]},{\"@type\":\"ImageObject\",\"inLanguage\":\"pt-BR\",\"@id\":\"https:\/\/agenciainfra.com\/blog\/justica-de-santa-catarina-barra-tentativa-de-aerea-para-reter-recurso-de-tarifa-aeroportuaria\/#primaryimage\",\"url\":\"https:\/\/agenciainfra.com\/blog\/wp-content\/uploads\/2020\/12\/aeroporto-de-florianopolis-foto-alberto-ruy-minfra.jpg\",\"contentUrl\":\"https:\/\/agenciainfra.com\/blog\/wp-content\/uploads\/2020\/12\/aeroporto-de-florianopolis-foto-alberto-ruy-minfra.jpg\",\"width\":1280,\"height\":852},{\"@type\":\"BreadcrumbList\",\"@id\":\"https:\/\/agenciainfra.com\/blog\/justica-de-santa-catarina-barra-tentativa-de-aerea-para-reter-recurso-de-tarifa-aeroportuaria\/#breadcrumb\",\"itemListElement\":[{\"@type\":\"ListItem\",\"position\":1,\"name\":\"In\u00edcio\",\"item\":\"https:\/\/agenciainfra.com\/blog\/\"},{\"@type\":\"ListItem\",\"position\":2,\"name\":\"Justi\u00e7a de Santa Catarina barra tentativa de a\u00e9rea para reter recurso de tarifa aeroportu\u00e1ria\"}]},{\"@type\":\"WebSite\",\"@id\":\"https:\/\/agenciainfra.com\/blog\/#website\",\"url\":\"https:\/\/agenciainfra.com\/blog\/\",\"name\":\"Ag\u00eancia iNFRA\",\"description\":\"Multiplataforma de informa\u00e7\u00e3o jornal\u00edstica refer\u00eancia na \u00e1rea de infraestrutura no Brasil!\",\"publisher\":{\"@id\":\"https:\/\/agenciainfra.com\/blog\/#organization\"},\"potentialAction\":[{\"@type\":\"SearchAction\",\"target\":{\"@type\":\"EntryPoint\",\"urlTemplate\":\"https:\/\/agenciainfra.com\/blog\/?s={search_term_string}\"},\"query-input\":{\"@type\":\"PropertyValueSpecification\",\"valueRequired\":true,\"valueName\":\"search_term_string\"}}],\"inLanguage\":\"pt-BR\"},{\"@type\":\"Organization\",\"@id\":\"https:\/\/agenciainfra.com\/blog\/#organization\",\"name\":\"Ag\u00eancia iNFRA\",\"url\":\"https:\/\/agenciainfra.com\/blog\/\",\"logo\":{\"@type\":\"ImageObject\",\"inLanguage\":\"pt-BR\",\"@id\":\"https:\/\/agenciainfra.com\/blog\/#\/schema\/logo\/image\/\",\"url\":\"https:\/\/agenciainfra.com\/blog\/wp-content\/uploads\/2023\/09\/iNFRA_5-e1761735885940.png\",\"contentUrl\":\"https:\/\/agenciainfra.com\/blog\/wp-content\/uploads\/2023\/09\/iNFRA_5-e1761735885940.png\",\"width\":1672,\"height\":454,\"caption\":\"Ag\u00eancia iNFRA\"},\"image\":{\"@id\":\"https:\/\/agenciainfra.com\/blog\/#\/schema\/logo\/image\/\"},\"sameAs\":[\"https:\/\/www.facebook.com\/ageninfra\",\"https:\/\/x.com\/agencia_infra\",\"https:\/\/www.linkedin.com\/company\/ag\u00eanciainfra\/\",\"https:\/\/www.instagram.com\/agenciainfra\/\"]},{\"@type\":\"Person\",\"@id\":\"https:\/\/agenciainfra.com\/blog\/#\/schema\/person\/04dbb79bd6d8951f063da71f3e4c1eb1\",\"name\":\"Rodrigo Zuquim\",\"image\":{\"@type\":\"ImageObject\",\"inLanguage\":\"pt-BR\",\"@id\":\"https:\/\/agenciainfra.com\/blog\/#\/schema\/person\/image\/\",\"url\":\"https:\/\/secure.gravatar.com\/avatar\/594abfe82761d620726242ff34ca472a705a4b97f16c790053a6b4c4035274d0?s=96&d=mm&r=g\",\"contentUrl\":\"https:\/\/secure.gravatar.com\/avatar\/594abfe82761d620726242ff34ca472a705a4b97f16c790053a6b4c4035274d0?s=96&d=mm&r=g\",\"caption\":\"Rodrigo Zuquim\"},\"url\":\"https:\/\/agenciainfra.com\/blog\/author\/rodrigo-zuquim\/\"}]}<\/script>\n<!-- \/ Yoast SEO Premium plugin. -->","yoast_head_json":{"title":"Justi\u00e7a de Santa Catarina barra tentativa de a\u00e9rea para reter recurso de tarifa aeroportu\u00e1ria - Ag\u00eancia iNFRA","robots":{"index":"index","follow":"follow","max-snippet":"max-snippet:-1","max-image-preview":"max-image-preview:large","max-video-preview":"max-video-preview:-1"},"canonical":"https:\/\/agenciainfra.com\/blog\/justica-de-santa-catarina-barra-tentativa-de-aerea-para-reter-recurso-de-tarifa-aeroportuaria\/","og_locale":"pt_BR","og_type":"article","og_title":"Justi\u00e7a de Santa Catarina barra tentativa de a\u00e9rea para reter recurso de tarifa aeroportu\u00e1ria","og_description":"Dimmi Amora, da&nbsp;Ag\u00eancia iNFRA A empresa a\u00e9rea Gol foi proibida pela Justi\u00e7a de Santa Catarina de reter recursos das taxas de embarque dos passageiros que utilizam o Aeroporto Internacional de Florian\u00f3polis (SC), administrado pela concession\u00e1ria Floripa Airport, do grupo Zurich Airport.&nbsp; A empresa a\u00e9rea havia obtido uma decis\u00e3o de 1\u00aa inst\u00e2ncia que permitia a reten\u00e7\u00e3o [&hellip;]","og_url":"https:\/\/agenciainfra.com\/blog\/justica-de-santa-catarina-barra-tentativa-de-aerea-para-reter-recurso-de-tarifa-aeroportuaria\/","og_site_name":"Ag\u00eancia iNFRA","article_publisher":"https:\/\/www.facebook.com\/ageninfra","article_published_time":"2020-12-10T11:00:05+00:00","og_image":[{"width":1280,"height":852,"url":"https:\/\/agenciainfra.com\/blog\/wp-content\/uploads\/2020\/12\/aeroporto-de-florianopolis-foto-alberto-ruy-minfra.jpg","type":"image\/jpeg"}],"author":"Rodrigo Zuquim","twitter_card":"summary_large_image","twitter_creator":"@agencia_infra","twitter_site":"@agencia_infra","twitter_misc":{"Escrito por":"Rodrigo Zuquim","Est. tempo de leitura":"2 minutos"},"schema":{"@context":"https:\/\/schema.org","@graph":[{"@type":"Article","@id":"https:\/\/agenciainfra.com\/blog\/justica-de-santa-catarina-barra-tentativa-de-aerea-para-reter-recurso-de-tarifa-aeroportuaria\/#article","isPartOf":{"@id":"https:\/\/agenciainfra.com\/blog\/justica-de-santa-catarina-barra-tentativa-de-aerea-para-reter-recurso-de-tarifa-aeroportuaria\/"},"author":{"name":"Rodrigo Zuquim","@id":"https:\/\/agenciainfra.com\/blog\/#\/schema\/person\/04dbb79bd6d8951f063da71f3e4c1eb1"},"headline":"Justi\u00e7a de Santa Catarina barra tentativa de a\u00e9rea para reter recurso de tarifa aeroportu\u00e1ria","datePublished":"2020-12-10T11:00:05+00:00","mainEntityOfPage":{"@id":"https:\/\/agenciainfra.com\/blog\/justica-de-santa-catarina-barra-tentativa-de-aerea-para-reter-recurso-de-tarifa-aeroportuaria\/"},"wordCount":483,"publisher":{"@id":"https:\/\/agenciainfra.com\/blog\/#organization"},"image":{"@id":"https:\/\/agenciainfra.com\/blog\/justica-de-santa-catarina-barra-tentativa-de-aerea-para-reter-recurso-de-tarifa-aeroportuaria\/#primaryimage"},"thumbnailUrl":"https:\/\/agenciainfra.com\/blog\/wp-content\/uploads\/2020\/12\/aeroporto-de-florianopolis-foto-alberto-ruy-minfra.jpg","keywords":["Abear","Aeroporto Internacional de Florian\u00f3polis","ANAC","Floripa Airport","Gol","Infraero","Pedro Manoel Abreu","Santa Catarina","taxa de embarque","Tribunal de Justi\u00e7a de Santa Catarina","Zurich Airport"],"articleSection":["Geral","iNFRATransporte"],"inLanguage":"pt-BR","copyrightYear":"2020","copyrightHolder":{"@id":"https:\/\/agenciainfra.com\/blog\/#organization"}},{"@type":"WebPage","@id":"https:\/\/agenciainfra.com\/blog\/justica-de-santa-catarina-barra-tentativa-de-aerea-para-reter-recurso-de-tarifa-aeroportuaria\/","url":"https:\/\/agenciainfra.com\/blog\/justica-de-santa-catarina-barra-tentativa-de-aerea-para-reter-recurso-de-tarifa-aeroportuaria\/","name":"Justi\u00e7a de Santa Catarina barra tentativa de a\u00e9rea para reter recurso de tarifa aeroportu\u00e1ria - Ag\u00eancia iNFRA","isPartOf":{"@id":"https:\/\/agenciainfra.com\/blog\/#website"},"primaryImageOfPage":{"@id":"https:\/\/agenciainfra.com\/blog\/justica-de-santa-catarina-barra-tentativa-de-aerea-para-reter-recurso-de-tarifa-aeroportuaria\/#primaryimage"},"image":{"@id":"https:\/\/agenciainfra.com\/blog\/justica-de-santa-catarina-barra-tentativa-de-aerea-para-reter-recurso-de-tarifa-aeroportuaria\/#primaryimage"},"thumbnailUrl":"https:\/\/agenciainfra.com\/blog\/wp-content\/uploads\/2020\/12\/aeroporto-de-florianopolis-foto-alberto-ruy-minfra.jpg","datePublished":"2020-12-10T11:00:05+00:00","breadcrumb":{"@id":"https:\/\/agenciainfra.com\/blog\/justica-de-santa-catarina-barra-tentativa-de-aerea-para-reter-recurso-de-tarifa-aeroportuaria\/#breadcrumb"},"inLanguage":"pt-BR","potentialAction":[{"@type":"ReadAction","target":["https:\/\/agenciainfra.com\/blog\/justica-de-santa-catarina-barra-tentativa-de-aerea-para-reter-recurso-de-tarifa-aeroportuaria\/"]}]},{"@type":"ImageObject","inLanguage":"pt-BR","@id":"https:\/\/agenciainfra.com\/blog\/justica-de-santa-catarina-barra-tentativa-de-aerea-para-reter-recurso-de-tarifa-aeroportuaria\/#primaryimage","url":"https:\/\/agenciainfra.com\/blog\/wp-content\/uploads\/2020\/12\/aeroporto-de-florianopolis-foto-alberto-ruy-minfra.jpg","contentUrl":"https:\/\/agenciainfra.com\/blog\/wp-content\/uploads\/2020\/12\/aeroporto-de-florianopolis-foto-alberto-ruy-minfra.jpg","width":1280,"height":852},{"@type":"BreadcrumbList","@id":"https:\/\/agenciainfra.com\/blog\/justica-de-santa-catarina-barra-tentativa-de-aerea-para-reter-recurso-de-tarifa-aeroportuaria\/#breadcrumb","itemListElement":[{"@type":"ListItem","position":1,"name":"In\u00edcio","item":"https:\/\/agenciainfra.com\/blog\/"},{"@type":"ListItem","position":2,"name":"Justi\u00e7a de Santa Catarina barra tentativa de a\u00e9rea para reter recurso de tarifa aeroportu\u00e1ria"}]},{"@type":"WebSite","@id":"https:\/\/agenciainfra.com\/blog\/#website","url":"https:\/\/agenciainfra.com\/blog\/","name":"Ag\u00eancia iNFRA","description":"Multiplataforma de informa\u00e7\u00e3o jornal\u00edstica refer\u00eancia na \u00e1rea de infraestrutura no Brasil!","publisher":{"@id":"https:\/\/agenciainfra.com\/blog\/#organization"},"potentialAction":[{"@type":"SearchAction","target":{"@type":"EntryPoint","urlTemplate":"https:\/\/agenciainfra.com\/blog\/?s={search_term_string}"},"query-input":{"@type":"PropertyValueSpecification","valueRequired":true,"valueName":"search_term_string"}}],"inLanguage":"pt-BR"},{"@type":"Organization","@id":"https:\/\/agenciainfra.com\/blog\/#organization","name":"Ag\u00eancia iNFRA","url":"https:\/\/agenciainfra.com\/blog\/","logo":{"@type":"ImageObject","inLanguage":"pt-BR","@id":"https:\/\/agenciainfra.com\/blog\/#\/schema\/logo\/image\/","url":"https:\/\/agenciainfra.com\/blog\/wp-content\/uploads\/2023\/09\/iNFRA_5-e1761735885940.png","contentUrl":"https:\/\/agenciainfra.com\/blog\/wp-content\/uploads\/2023\/09\/iNFRA_5-e1761735885940.png","width":1672,"height":454,"caption":"Ag\u00eancia iNFRA"},"image":{"@id":"https:\/\/agenciainfra.com\/blog\/#\/schema\/logo\/image\/"},"sameAs":["https:\/\/www.facebook.com\/ageninfra","https:\/\/x.com\/agencia_infra","https:\/\/www.linkedin.com\/company\/ag\u00eanciainfra\/","https:\/\/www.instagram.com\/agenciainfra\/"]},{"@type":"Person","@id":"https:\/\/agenciainfra.com\/blog\/#\/schema\/person\/04dbb79bd6d8951f063da71f3e4c1eb1","name":"Rodrigo Zuquim","image":{"@type":"ImageObject","inLanguage":"pt-BR","@id":"https:\/\/agenciainfra.com\/blog\/#\/schema\/person\/image\/","url":"https:\/\/secure.gravatar.com\/avatar\/594abfe82761d620726242ff34ca472a705a4b97f16c790053a6b4c4035274d0?s=96&d=mm&r=g","contentUrl":"https:\/\/secure.gravatar.com\/avatar\/594abfe82761d620726242ff34ca472a705a4b97f16c790053a6b4c4035274d0?s=96&d=mm&r=g","caption":"Rodrigo Zuquim"},"url":"https:\/\/agenciainfra.com\/blog\/author\/rodrigo-zuquim\/"}]}},"_links":{"self":[{"href":"https:\/\/agenciainfra.com\/blog\/wp-json\/wp\/v2\/posts\/6518","targetHints":{"allow":["GET"]}}],"collection":[{"href":"https:\/\/agenciainfra.com\/blog\/wp-json\/wp\/v2\/posts"}],"about":[{"href":"https:\/\/agenciainfra.com\/blog\/wp-json\/wp\/v2\/types\/post"}],"author":[{"embeddable":true,"href":"https:\/\/agenciainfra.com\/blog\/wp-json\/wp\/v2\/users\/9"}],"replies":[{"embeddable":true,"href":"https:\/\/agenciainfra.com\/blog\/wp-json\/wp\/v2\/comments?post=6518"}],"version-history":[{"count":0,"href":"https:\/\/agenciainfra.com\/blog\/wp-json\/wp\/v2\/posts\/6518\/revisions"}],"wp:featuredmedia":[{"embeddable":true,"href":"https:\/\/agenciainfra.com\/blog\/wp-json\/wp\/v2\/media\/6519"}],"wp:attachment":[{"href":"https:\/\/agenciainfra.com\/blog\/wp-json\/wp\/v2\/media?parent=6518"}],"wp:term":[{"taxonomy":"category","embeddable":true,"href":"https:\/\/agenciainfra.com\/blog\/wp-json\/wp\/v2\/categories?post=6518"},{"taxonomy":"post_tag","embeddable":true,"href":"https:\/\/agenciainfra.com\/blog\/wp-json\/wp\/v2\/tags?post=6518"}],"curies":[{"name":"wp","href":"https:\/\/api.w.org\/{rel}","templated":true}]}}