{"id":6550,"date":"2020-12-16T08:00:00","date_gmt":"2020-12-16T11:00:00","guid":{"rendered":"https:\/\/www.agenciainfra.com\/blog\/?p=6550"},"modified":"2020-12-15T11:18:09","modified_gmt":"2020-12-15T14:18:09","slug":"governos-federal-e-da-bahia-encaminham-acordo-para-dar-area-em-porto-para-vencedor-da-fiol","status":"publish","type":"post","link":"https:\/\/agenciainfra.com\/blog\/governos-federal-e-da-bahia-encaminham-acordo-para-dar-area-em-porto-para-vencedor-da-fiol\/","title":{"rendered":"Governos federal e da Bahia encaminham acordo para dar \u00e1rea em porto para vencedor da Fiol"},"content":{"rendered":"\n<hr class=\"wp-block-separator\"\/>\n\n\n\n<p class=\"has-text-align-right\"><strong>Dimmi Amora, da&nbsp;Ag\u00eancia iNFRA<\/strong><\/p>\n\n\n\n<p>O governos federal e da Bahia encaminharam as diretrizes para o acordo que vai poder fornecer&nbsp;uma \u00e1rea pr\u00f3pria para a constru\u00e7\u00e3o de um terminal portu\u00e1rio em Ilh\u00e9us (BA) para atender \u00e0 Fiol (Ferrovia de Integra\u00e7\u00e3o Oeste-Leste), ferrovia que o governo federal pretende conceder.<br><br>As conversas foram retomadas ap\u00f3s a decis\u00e3o do TCU (Tribunal de Contas da Uni\u00e3o) de permitir a concess\u00e3o do trecho I da ferrovia, de Ilh\u00e9us at\u00e9 Caetit\u00e9, contanto que haja a garantia de que o vencedor possa ter uma \u00e1rea para a constru\u00e7\u00e3o de um terminal portu\u00e1rio pr\u00f3prio, se assim desejar. O acordo abre caminho para que o edital da concess\u00e3o seja publicado, o que pode acontecer ainda neste ano.<br><br>O acordo encaminhado \u00e9 que o governo da Bahia vai ceder uma \u00e1rea na regi\u00e3o para que possa ser colocado, no edital da concorr\u00eancia, o local em que&nbsp;ficar\u00e1 o porto pr\u00f3prio da ferrovia. Para isso, o governo da Bahia vai seguir com as tratativas para obter novamente a autoriza\u00e7\u00e3o da ANTAQ (Ag\u00eancia Nacional de Transportes Aquavi\u00e1rios) para ter um TUP (terminal de uso privado) na regi\u00e3o.<br><br>A quest\u00e3o do porto em Ilh\u00e9us tem sido problem\u00e1tica praticamente desde o in\u00edcio da constru\u00e7\u00e3o da ferrovia. A \u00e1rea inicialmente escolhida teve restri\u00e7\u00f5es ambientais e acabou havendo uma realoca\u00e7\u00e3o. A inten\u00e7\u00e3o inicial era que a Bamin, a mineradora que demonstra maior interesse no projeto porto ferrovia, por ter uma mina de min\u00e9rio de ferro em Caetit\u00e9, utilizasse \u00e1rea no TUP do governo estadual para desenvolver suas estruturas.<br><br>Mas a Bamin acabou por obter seu pr\u00f3prio TUP. Na nova \u00e1rea escolhida, o governo da Bahia iniciou as desapropria\u00e7\u00f5es, mas os avan\u00e7os n\u00e3o foram grandes at\u00e9 o ano passado, o que fez o TCU apontar a lentid\u00e3o no processo de desapropria\u00e7\u00e3o como um risco. A ANTAQ acabou retirando as autoriza\u00e7\u00f5es dos dois TUPs, o da Bamin e o do governo, que haviam sido dadas.<br><br>A Bamin obteve na Justi\u00e7a uma liminar para manter sua autoriza\u00e7\u00e3o, mas o governo da Bahia n\u00e3o fez o mesmo e teve que entrar com um novo pedido de autoriza\u00e7\u00e3o para criar seu TUP em Ilh\u00e9us. A inten\u00e7\u00e3o \u00e9 que a nova licen\u00e7a para o TUP do governo seja liberada e, em seguida, ser\u00e1 discutido o melhor instrumento jur\u00eddico para garantir uma \u00e1rea ao vencedor.<br><br><strong>Direcionamento<\/strong><br>Durante a an\u00e1lise da concess\u00e3o da Fiol pelo TCU, a ANTT apresentou v\u00e1rias alternativas diferentes para ter um projeto portu\u00e1rio junto com a ferrovia, inclusive o de usar o TUP da Bamin. Mas os auditores e os ministros entenderam que, como forma de evitar direcionamento na licita\u00e7\u00e3o, teria que estar garantida uma \u00e1rea para qualquer empresa vencedora.<br><br>Os representantes do&nbsp;governo da Bahia informaram&nbsp;na reuni\u00e3o com os representantes do Minist\u00e9rio da Infraestrutura sobre o tema&nbsp;que as desapropria\u00e7\u00f5es j\u00e1 est\u00e3o avan\u00e7ando num ritmo maior e que t\u00eam condi\u00e7\u00f5es de entregar uma \u00e1rea portu\u00e1ria ao vencedor da disputa, caso ele solicite.<\/p>\n","protected":false},"excerpt":{"rendered":"<p>Dimmi Amora, da&nbsp;Ag\u00eancia iNFRA O governos federal e da Bahia encaminharam as diretrizes para o acordo que vai poder fornecer&nbsp;uma \u00e1rea pr\u00f3pria para a constru\u00e7\u00e3o de um terminal portu\u00e1rio em Ilh\u00e9us (BA) para atender \u00e0 Fiol (Ferrovia de Integra\u00e7\u00e3o Oeste-Leste), ferrovia que o governo federal pretende conceder. As conversas foram retomadas ap\u00f3s a decis\u00e3o do [&hellip;]<\/p>\n","protected":false},"author":9,"featured_media":6551,"comment_status":"closed","ping_status":"closed","sticky":false,"template":"","format":"standard","meta":{"_monsterinsights_skip_tracking":false,"_monsterinsights_sitenote_active":false,"_monsterinsights_sitenote_note":"","_monsterinsights_sitenote_category":0,"footnotes":""},"categories":[1,7],"tags":[86,19,610,2904,157,156,608,775,18,3254,90,105],"class_list":["post-6550","post","type-post","status-publish","format-standard","has-post-thumbnail","hentry","category-geral","category-infratransporte","tag-antaq","tag-antt","tag-bahia","tag-bamin","tag-ferrovia-de-integracao-oeste-leste","tag-fiol","tag-ilheus","tag-ministerio-da-infraestrutura","tag-tcu","tag-terminal-de-uso-privado","tag-terminal-portuario","tag-tup"],"yoast_head":"<!-- This site is optimized with the Yoast SEO Premium plugin v25.4 (Yoast SEO v26.0) - https:\/\/yoast.com\/wordpress\/plugins\/seo\/ -->\n<title>Governos federal e da Bahia encaminham acordo para dar \u00e1rea em porto para vencedor da Fiol - Ag\u00eancia iNFRA<\/title>\n<meta name=\"robots\" content=\"index, follow, max-snippet:-1, max-image-preview:large, max-video-preview:-1\" \/>\n<link rel=\"canonical\" href=\"https:\/\/agenciainfra.com\/blog\/governos-federal-e-da-bahia-encaminham-acordo-para-dar-area-em-porto-para-vencedor-da-fiol\/\" \/>\n<meta property=\"og:locale\" content=\"pt_BR\" \/>\n<meta property=\"og:type\" content=\"article\" \/>\n<meta property=\"og:title\" content=\"Governos federal e da Bahia encaminham acordo para dar \u00e1rea em porto para vencedor da Fiol\" \/>\n<meta property=\"og:description\" content=\"Dimmi Amora, da&nbsp;Ag\u00eancia iNFRA O governos federal e da Bahia encaminharam as diretrizes para o acordo que vai poder fornecer&nbsp;uma \u00e1rea pr\u00f3pria para a constru\u00e7\u00e3o de um terminal portu\u00e1rio em Ilh\u00e9us (BA) para atender \u00e0 Fiol (Ferrovia de Integra\u00e7\u00e3o Oeste-Leste), ferrovia que o governo federal pretende conceder. As conversas foram retomadas ap\u00f3s a decis\u00e3o do [&hellip;]\" \/>\n<meta property=\"og:url\" content=\"https:\/\/agenciainfra.com\/blog\/governos-federal-e-da-bahia-encaminham-acordo-para-dar-area-em-porto-para-vencedor-da-fiol\/\" \/>\n<meta property=\"og:site_name\" content=\"Ag\u00eancia iNFRA\" \/>\n<meta property=\"article:publisher\" content=\"https:\/\/www.facebook.com\/ageninfra\" \/>\n<meta property=\"article:published_time\" content=\"2020-12-16T11:00:00+00:00\" \/>\n<meta property=\"og:image\" content=\"https:\/\/agenciainfra.com\/blog\/wp-content\/uploads\/2020\/12\/porto-de-ilheus-foto-codeba.jpg\" \/>\n\t<meta property=\"og:image:width\" content=\"1280\" \/>\n\t<meta property=\"og:image:height\" content=\"851\" \/>\n\t<meta property=\"og:image:type\" content=\"image\/jpeg\" \/>\n<meta name=\"author\" content=\"Rodrigo Zuquim\" \/>\n<meta name=\"twitter:card\" content=\"summary_large_image\" \/>\n<meta name=\"twitter:creator\" content=\"@agencia_infra\" \/>\n<meta name=\"twitter:site\" content=\"@agencia_infra\" \/>\n<meta name=\"twitter:label1\" content=\"Escrito por\" \/>\n\t<meta name=\"twitter:data1\" content=\"Rodrigo Zuquim\" \/>\n\t<meta name=\"twitter:label2\" content=\"Est. tempo de leitura\" \/>\n\t<meta name=\"twitter:data2\" content=\"3 minutos\" \/>\n<script type=\"application\/ld+json\" class=\"yoast-schema-graph\">{\"@context\":\"https:\/\/schema.org\",\"@graph\":[{\"@type\":\"Article\",\"@id\":\"https:\/\/agenciainfra.com\/blog\/governos-federal-e-da-bahia-encaminham-acordo-para-dar-area-em-porto-para-vencedor-da-fiol\/#article\",\"isPartOf\":{\"@id\":\"https:\/\/agenciainfra.com\/blog\/governos-federal-e-da-bahia-encaminham-acordo-para-dar-area-em-porto-para-vencedor-da-fiol\/\"},\"author\":{\"name\":\"Rodrigo Zuquim\",\"@id\":\"https:\/\/agenciainfra.com\/blog\/#\/schema\/person\/04dbb79bd6d8951f063da71f3e4c1eb1\"},\"headline\":\"Governos federal e da Bahia encaminham acordo para dar \u00e1rea em porto para vencedor da Fiol\",\"datePublished\":\"2020-12-16T11:00:00+00:00\",\"mainEntityOfPage\":{\"@id\":\"https:\/\/agenciainfra.com\/blog\/governos-federal-e-da-bahia-encaminham-acordo-para-dar-area-em-porto-para-vencedor-da-fiol\/\"},\"wordCount\":563,\"publisher\":{\"@id\":\"https:\/\/agenciainfra.com\/blog\/#organization\"},\"image\":{\"@id\":\"https:\/\/agenciainfra.com\/blog\/governos-federal-e-da-bahia-encaminham-acordo-para-dar-area-em-porto-para-vencedor-da-fiol\/#primaryimage\"},\"thumbnailUrl\":\"https:\/\/agenciainfra.com\/blog\/wp-content\/uploads\/2020\/12\/porto-de-ilheus-foto-codeba.jpg\",\"keywords\":[\"ANTAQ\",\"ANTT\",\"Bahia\",\"Bamin\",\"Ferrovia de Integra\u00e7\u00e3o Oeste-Leste\",\"FIOL\",\"Ilh\u00e9us\",\"Minist\u00e9rio da Infraestrutura\",\"TCU\",\"terminal de uso privado\",\"TERMINAL PORTU\u00c1RIO\",\"TUP\"],\"articleSection\":[\"Geral\",\"iNFRATransporte\"],\"inLanguage\":\"pt-BR\",\"copyrightYear\":\"2020\",\"copyrightHolder\":{\"@id\":\"https:\/\/agenciainfra.com\/blog\/#organization\"}},{\"@type\":\"WebPage\",\"@id\":\"https:\/\/agenciainfra.com\/blog\/governos-federal-e-da-bahia-encaminham-acordo-para-dar-area-em-porto-para-vencedor-da-fiol\/\",\"url\":\"https:\/\/agenciainfra.com\/blog\/governos-federal-e-da-bahia-encaminham-acordo-para-dar-area-em-porto-para-vencedor-da-fiol\/\",\"name\":\"Governos federal e da Bahia encaminham acordo para dar \u00e1rea em porto para vencedor da Fiol - Ag\u00eancia iNFRA\",\"isPartOf\":{\"@id\":\"https:\/\/agenciainfra.com\/blog\/#website\"},\"primaryImageOfPage\":{\"@id\":\"https:\/\/agenciainfra.com\/blog\/governos-federal-e-da-bahia-encaminham-acordo-para-dar-area-em-porto-para-vencedor-da-fiol\/#primaryimage\"},\"image\":{\"@id\":\"https:\/\/agenciainfra.com\/blog\/governos-federal-e-da-bahia-encaminham-acordo-para-dar-area-em-porto-para-vencedor-da-fiol\/#primaryimage\"},\"thumbnailUrl\":\"https:\/\/agenciainfra.com\/blog\/wp-content\/uploads\/2020\/12\/porto-de-ilheus-foto-codeba.jpg\",\"datePublished\":\"2020-12-16T11:00:00+00:00\",\"breadcrumb\":{\"@id\":\"https:\/\/agenciainfra.com\/blog\/governos-federal-e-da-bahia-encaminham-acordo-para-dar-area-em-porto-para-vencedor-da-fiol\/#breadcrumb\"},\"inLanguage\":\"pt-BR\",\"potentialAction\":[{\"@type\":\"ReadAction\",\"target\":[\"https:\/\/agenciainfra.com\/blog\/governos-federal-e-da-bahia-encaminham-acordo-para-dar-area-em-porto-para-vencedor-da-fiol\/\"]}]},{\"@type\":\"ImageObject\",\"inLanguage\":\"pt-BR\",\"@id\":\"https:\/\/agenciainfra.com\/blog\/governos-federal-e-da-bahia-encaminham-acordo-para-dar-area-em-porto-para-vencedor-da-fiol\/#primaryimage\",\"url\":\"https:\/\/agenciainfra.com\/blog\/wp-content\/uploads\/2020\/12\/porto-de-ilheus-foto-codeba.jpg\",\"contentUrl\":\"https:\/\/agenciainfra.com\/blog\/wp-content\/uploads\/2020\/12\/porto-de-ilheus-foto-codeba.jpg\",\"width\":1280,\"height\":851,\"caption\":\"Foto: Codeba\"},{\"@type\":\"BreadcrumbList\",\"@id\":\"https:\/\/agenciainfra.com\/blog\/governos-federal-e-da-bahia-encaminham-acordo-para-dar-area-em-porto-para-vencedor-da-fiol\/#breadcrumb\",\"itemListElement\":[{\"@type\":\"ListItem\",\"position\":1,\"name\":\"In\u00edcio\",\"item\":\"https:\/\/agenciainfra.com\/blog\/\"},{\"@type\":\"ListItem\",\"position\":2,\"name\":\"Governos federal e da Bahia encaminham acordo para dar \u00e1rea em porto para vencedor da Fiol\"}]},{\"@type\":\"WebSite\",\"@id\":\"https:\/\/agenciainfra.com\/blog\/#website\",\"url\":\"https:\/\/agenciainfra.com\/blog\/\",\"name\":\"Ag\u00eancia iNFRA\",\"description\":\"Multiplataforma de informa\u00e7\u00e3o jornal\u00edstica refer\u00eancia na \u00e1rea de infraestrutura no Brasil!\",\"publisher\":{\"@id\":\"https:\/\/agenciainfra.com\/blog\/#organization\"},\"potentialAction\":[{\"@type\":\"SearchAction\",\"target\":{\"@type\":\"EntryPoint\",\"urlTemplate\":\"https:\/\/agenciainfra.com\/blog\/?s={search_term_string}\"},\"query-input\":{\"@type\":\"PropertyValueSpecification\",\"valueRequired\":true,\"valueName\":\"search_term_string\"}}],\"inLanguage\":\"pt-BR\"},{\"@type\":\"Organization\",\"@id\":\"https:\/\/agenciainfra.com\/blog\/#organization\",\"name\":\"Ag\u00eancia iNFRA\",\"url\":\"https:\/\/agenciainfra.com\/blog\/\",\"logo\":{\"@type\":\"ImageObject\",\"inLanguage\":\"pt-BR\",\"@id\":\"https:\/\/agenciainfra.com\/blog\/#\/schema\/logo\/image\/\",\"url\":\"https:\/\/agenciainfra.com\/blog\/wp-content\/uploads\/2023\/09\/iNFRA_5-e1761735885940.png\",\"contentUrl\":\"https:\/\/agenciainfra.com\/blog\/wp-content\/uploads\/2023\/09\/iNFRA_5-e1761735885940.png\",\"width\":1672,\"height\":454,\"caption\":\"Ag\u00eancia iNFRA\"},\"image\":{\"@id\":\"https:\/\/agenciainfra.com\/blog\/#\/schema\/logo\/image\/\"},\"sameAs\":[\"https:\/\/www.facebook.com\/ageninfra\",\"https:\/\/x.com\/agencia_infra\",\"https:\/\/www.linkedin.com\/company\/ag\u00eanciainfra\/\",\"https:\/\/www.instagram.com\/agenciainfra\/\"]},{\"@type\":\"Person\",\"@id\":\"https:\/\/agenciainfra.com\/blog\/#\/schema\/person\/04dbb79bd6d8951f063da71f3e4c1eb1\",\"name\":\"Rodrigo Zuquim\",\"image\":{\"@type\":\"ImageObject\",\"inLanguage\":\"pt-BR\",\"@id\":\"https:\/\/agenciainfra.com\/blog\/#\/schema\/person\/image\/\",\"url\":\"https:\/\/secure.gravatar.com\/avatar\/594abfe82761d620726242ff34ca472a705a4b97f16c790053a6b4c4035274d0?s=96&d=mm&r=g\",\"contentUrl\":\"https:\/\/secure.gravatar.com\/avatar\/594abfe82761d620726242ff34ca472a705a4b97f16c790053a6b4c4035274d0?s=96&d=mm&r=g\",\"caption\":\"Rodrigo Zuquim\"},\"url\":\"https:\/\/agenciainfra.com\/blog\/author\/rodrigo-zuquim\/\"}]}<\/script>\n<!-- \/ Yoast SEO Premium plugin. -->","yoast_head_json":{"title":"Governos federal e da Bahia encaminham acordo para dar \u00e1rea em porto para vencedor da Fiol - Ag\u00eancia iNFRA","robots":{"index":"index","follow":"follow","max-snippet":"max-snippet:-1","max-image-preview":"max-image-preview:large","max-video-preview":"max-video-preview:-1"},"canonical":"https:\/\/agenciainfra.com\/blog\/governos-federal-e-da-bahia-encaminham-acordo-para-dar-area-em-porto-para-vencedor-da-fiol\/","og_locale":"pt_BR","og_type":"article","og_title":"Governos federal e da Bahia encaminham acordo para dar \u00e1rea em porto para vencedor da Fiol","og_description":"Dimmi Amora, da&nbsp;Ag\u00eancia iNFRA O governos federal e da Bahia encaminharam as diretrizes para o acordo que vai poder fornecer&nbsp;uma \u00e1rea pr\u00f3pria para a constru\u00e7\u00e3o de um terminal portu\u00e1rio em Ilh\u00e9us (BA) para atender \u00e0 Fiol (Ferrovia de Integra\u00e7\u00e3o Oeste-Leste), ferrovia que o governo federal pretende conceder. As conversas foram retomadas ap\u00f3s a decis\u00e3o do [&hellip;]","og_url":"https:\/\/agenciainfra.com\/blog\/governos-federal-e-da-bahia-encaminham-acordo-para-dar-area-em-porto-para-vencedor-da-fiol\/","og_site_name":"Ag\u00eancia iNFRA","article_publisher":"https:\/\/www.facebook.com\/ageninfra","article_published_time":"2020-12-16T11:00:00+00:00","og_image":[{"width":1280,"height":851,"url":"https:\/\/agenciainfra.com\/blog\/wp-content\/uploads\/2020\/12\/porto-de-ilheus-foto-codeba.jpg","type":"image\/jpeg"}],"author":"Rodrigo Zuquim","twitter_card":"summary_large_image","twitter_creator":"@agencia_infra","twitter_site":"@agencia_infra","twitter_misc":{"Escrito por":"Rodrigo Zuquim","Est. tempo de leitura":"3 minutos"},"schema":{"@context":"https:\/\/schema.org","@graph":[{"@type":"Article","@id":"https:\/\/agenciainfra.com\/blog\/governos-federal-e-da-bahia-encaminham-acordo-para-dar-area-em-porto-para-vencedor-da-fiol\/#article","isPartOf":{"@id":"https:\/\/agenciainfra.com\/blog\/governos-federal-e-da-bahia-encaminham-acordo-para-dar-area-em-porto-para-vencedor-da-fiol\/"},"author":{"name":"Rodrigo Zuquim","@id":"https:\/\/agenciainfra.com\/blog\/#\/schema\/person\/04dbb79bd6d8951f063da71f3e4c1eb1"},"headline":"Governos federal e da Bahia encaminham acordo para dar \u00e1rea em porto para vencedor da Fiol","datePublished":"2020-12-16T11:00:00+00:00","mainEntityOfPage":{"@id":"https:\/\/agenciainfra.com\/blog\/governos-federal-e-da-bahia-encaminham-acordo-para-dar-area-em-porto-para-vencedor-da-fiol\/"},"wordCount":563,"publisher":{"@id":"https:\/\/agenciainfra.com\/blog\/#organization"},"image":{"@id":"https:\/\/agenciainfra.com\/blog\/governos-federal-e-da-bahia-encaminham-acordo-para-dar-area-em-porto-para-vencedor-da-fiol\/#primaryimage"},"thumbnailUrl":"https:\/\/agenciainfra.com\/blog\/wp-content\/uploads\/2020\/12\/porto-de-ilheus-foto-codeba.jpg","keywords":["ANTAQ","ANTT","Bahia","Bamin","Ferrovia de Integra\u00e7\u00e3o Oeste-Leste","FIOL","Ilh\u00e9us","Minist\u00e9rio da Infraestrutura","TCU","terminal de uso privado","TERMINAL PORTU\u00c1RIO","TUP"],"articleSection":["Geral","iNFRATransporte"],"inLanguage":"pt-BR","copyrightYear":"2020","copyrightHolder":{"@id":"https:\/\/agenciainfra.com\/blog\/#organization"}},{"@type":"WebPage","@id":"https:\/\/agenciainfra.com\/blog\/governos-federal-e-da-bahia-encaminham-acordo-para-dar-area-em-porto-para-vencedor-da-fiol\/","url":"https:\/\/agenciainfra.com\/blog\/governos-federal-e-da-bahia-encaminham-acordo-para-dar-area-em-porto-para-vencedor-da-fiol\/","name":"Governos federal e da Bahia encaminham acordo para dar \u00e1rea em porto para vencedor da Fiol - Ag\u00eancia iNFRA","isPartOf":{"@id":"https:\/\/agenciainfra.com\/blog\/#website"},"primaryImageOfPage":{"@id":"https:\/\/agenciainfra.com\/blog\/governos-federal-e-da-bahia-encaminham-acordo-para-dar-area-em-porto-para-vencedor-da-fiol\/#primaryimage"},"image":{"@id":"https:\/\/agenciainfra.com\/blog\/governos-federal-e-da-bahia-encaminham-acordo-para-dar-area-em-porto-para-vencedor-da-fiol\/#primaryimage"},"thumbnailUrl":"https:\/\/agenciainfra.com\/blog\/wp-content\/uploads\/2020\/12\/porto-de-ilheus-foto-codeba.jpg","datePublished":"2020-12-16T11:00:00+00:00","breadcrumb":{"@id":"https:\/\/agenciainfra.com\/blog\/governos-federal-e-da-bahia-encaminham-acordo-para-dar-area-em-porto-para-vencedor-da-fiol\/#breadcrumb"},"inLanguage":"pt-BR","potentialAction":[{"@type":"ReadAction","target":["https:\/\/agenciainfra.com\/blog\/governos-federal-e-da-bahia-encaminham-acordo-para-dar-area-em-porto-para-vencedor-da-fiol\/"]}]},{"@type":"ImageObject","inLanguage":"pt-BR","@id":"https:\/\/agenciainfra.com\/blog\/governos-federal-e-da-bahia-encaminham-acordo-para-dar-area-em-porto-para-vencedor-da-fiol\/#primaryimage","url":"https:\/\/agenciainfra.com\/blog\/wp-content\/uploads\/2020\/12\/porto-de-ilheus-foto-codeba.jpg","contentUrl":"https:\/\/agenciainfra.com\/blog\/wp-content\/uploads\/2020\/12\/porto-de-ilheus-foto-codeba.jpg","width":1280,"height":851,"caption":"Foto: Codeba"},{"@type":"BreadcrumbList","@id":"https:\/\/agenciainfra.com\/blog\/governos-federal-e-da-bahia-encaminham-acordo-para-dar-area-em-porto-para-vencedor-da-fiol\/#breadcrumb","itemListElement":[{"@type":"ListItem","position":1,"name":"In\u00edcio","item":"https:\/\/agenciainfra.com\/blog\/"},{"@type":"ListItem","position":2,"name":"Governos federal e da Bahia encaminham acordo para dar \u00e1rea em porto para vencedor da Fiol"}]},{"@type":"WebSite","@id":"https:\/\/agenciainfra.com\/blog\/#website","url":"https:\/\/agenciainfra.com\/blog\/","name":"Ag\u00eancia iNFRA","description":"Multiplataforma de informa\u00e7\u00e3o jornal\u00edstica refer\u00eancia na \u00e1rea de infraestrutura no Brasil!","publisher":{"@id":"https:\/\/agenciainfra.com\/blog\/#organization"},"potentialAction":[{"@type":"SearchAction","target":{"@type":"EntryPoint","urlTemplate":"https:\/\/agenciainfra.com\/blog\/?s={search_term_string}"},"query-input":{"@type":"PropertyValueSpecification","valueRequired":true,"valueName":"search_term_string"}}],"inLanguage":"pt-BR"},{"@type":"Organization","@id":"https:\/\/agenciainfra.com\/blog\/#organization","name":"Ag\u00eancia iNFRA","url":"https:\/\/agenciainfra.com\/blog\/","logo":{"@type":"ImageObject","inLanguage":"pt-BR","@id":"https:\/\/agenciainfra.com\/blog\/#\/schema\/logo\/image\/","url":"https:\/\/agenciainfra.com\/blog\/wp-content\/uploads\/2023\/09\/iNFRA_5-e1761735885940.png","contentUrl":"https:\/\/agenciainfra.com\/blog\/wp-content\/uploads\/2023\/09\/iNFRA_5-e1761735885940.png","width":1672,"height":454,"caption":"Ag\u00eancia iNFRA"},"image":{"@id":"https:\/\/agenciainfra.com\/blog\/#\/schema\/logo\/image\/"},"sameAs":["https:\/\/www.facebook.com\/ageninfra","https:\/\/x.com\/agencia_infra","https:\/\/www.linkedin.com\/company\/ag\u00eanciainfra\/","https:\/\/www.instagram.com\/agenciainfra\/"]},{"@type":"Person","@id":"https:\/\/agenciainfra.com\/blog\/#\/schema\/person\/04dbb79bd6d8951f063da71f3e4c1eb1","name":"Rodrigo Zuquim","image":{"@type":"ImageObject","inLanguage":"pt-BR","@id":"https:\/\/agenciainfra.com\/blog\/#\/schema\/person\/image\/","url":"https:\/\/secure.gravatar.com\/avatar\/594abfe82761d620726242ff34ca472a705a4b97f16c790053a6b4c4035274d0?s=96&d=mm&r=g","contentUrl":"https:\/\/secure.gravatar.com\/avatar\/594abfe82761d620726242ff34ca472a705a4b97f16c790053a6b4c4035274d0?s=96&d=mm&r=g","caption":"Rodrigo Zuquim"},"url":"https:\/\/agenciainfra.com\/blog\/author\/rodrigo-zuquim\/"}]}},"_links":{"self":[{"href":"https:\/\/agenciainfra.com\/blog\/wp-json\/wp\/v2\/posts\/6550","targetHints":{"allow":["GET"]}}],"collection":[{"href":"https:\/\/agenciainfra.com\/blog\/wp-json\/wp\/v2\/posts"}],"about":[{"href":"https:\/\/agenciainfra.com\/blog\/wp-json\/wp\/v2\/types\/post"}],"author":[{"embeddable":true,"href":"https:\/\/agenciainfra.com\/blog\/wp-json\/wp\/v2\/users\/9"}],"replies":[{"embeddable":true,"href":"https:\/\/agenciainfra.com\/blog\/wp-json\/wp\/v2\/comments?post=6550"}],"version-history":[{"count":0,"href":"https:\/\/agenciainfra.com\/blog\/wp-json\/wp\/v2\/posts\/6550\/revisions"}],"wp:featuredmedia":[{"embeddable":true,"href":"https:\/\/agenciainfra.com\/blog\/wp-json\/wp\/v2\/media\/6551"}],"wp:attachment":[{"href":"https:\/\/agenciainfra.com\/blog\/wp-json\/wp\/v2\/media?parent=6550"}],"wp:term":[{"taxonomy":"category","embeddable":true,"href":"https:\/\/agenciainfra.com\/blog\/wp-json\/wp\/v2\/categories?post=6550"},{"taxonomy":"post_tag","embeddable":true,"href":"https:\/\/agenciainfra.com\/blog\/wp-json\/wp\/v2\/tags?post=6550"}],"curies":[{"name":"wp","href":"https:\/\/api.w.org\/{rel}","templated":true}]}}