{"id":6553,"date":"2020-12-16T08:07:33","date_gmt":"2020-12-16T11:07:33","guid":{"rendered":"https:\/\/www.agenciainfra.com\/blog\/?p=6553"},"modified":"2020-12-16T08:07:38","modified_gmt":"2020-12-16T11:07:38","slug":"pacotao-de-concessoes-ferroviarias-com-investimentos-de-mais-de-r-30-bi-e-aprovado-na-antt","status":"publish","type":"post","link":"https:\/\/agenciainfra.com\/blog\/pacotao-de-concessoes-ferroviarias-com-investimentos-de-mais-de-r-30-bi-e-aprovado-na-antt\/","title":{"rendered":"Pacot\u00e3o de concess\u00f5es ferrovi\u00e1rias com investimentos de mais de R$ 30 bi \u00e9 aprovado na ANTT"},"content":{"rendered":"\n<p class=\"has-text-align-right\"><strong>da Ag\u00eancia iNFRA<\/strong><\/p>\n\n\n\n<p>A ANTT (Ag\u00eancia Nacional de Transportes Terrestres)\u00a0publicou no Di\u00e1rio Oficial da Uni\u00e3o de hoje (16) um grande pacote de medidas voltadas a concess\u00f5es do setor ferrovi\u00e1rio. Os investimentos estimados nesses projetos aprovados ao longo dos pr\u00f3ximos cinco anos ultrapassam os R$ 30 bilh\u00f5es.<\/p>\n\n\n\n<p>Foram publicadas resolu\u00e7\u00f5es que permitem a prorroga\u00e7\u00e3o antecipada das concess\u00f5es da Vale S\/A, a abertura de audi\u00eancia p\u00fablica para discutir a prorroga\u00e7\u00e3o dos contratos da FCA (Ferrovia Centro-Atl\u00e2ntica), e a libera\u00e7\u00e3o do edital de subconcess\u00e3o da Fiol (Ferrovia de Integra\u00e7\u00e3o Oeste-Leste).\u00a0Tanto as prorroga\u00e7\u00f5es da Vale quanto a concess\u00e3o da Fiol est\u00e3o diretamente ligadas ao min\u00e9rio de ferro.<\/p>\n\n\n\n<p>No primeiro caso, as ferrovias que tiveram autoriza\u00e7\u00e3o para terem seus contratos prorrogados foram a EFC (Estrada de Ferro Caraj\u00e1s), que escoa a produ\u00e7\u00e3o de Caraj\u00e1s (PA) ao porto de Ponta da Madeira, em S\u00e3o Lu\u00eds (MA); e a EFVM (Estrada de Ferro Vit\u00f3ria a Minas), que tem origem na regi\u00e3o metropolitana de Belo Horizonte (MG) e exporta metal pelo porto de Tubar\u00e3o, em Vit\u00f3ria (ES).<\/p>\n\n\n\n<p>As delibera\u00e7\u00f5es 514 e 515 da ANTT que aprovaram a prorroga\u00e7\u00e3o est\u00e3o\u00a0<a rel=\"noreferrer noopener\" href=\"https:\/\/agenciainfra.us14.list-manage.com\/track\/click?u=d460dd1bcf9ba0ae040e1fc0f&amp;id=9cb2862409&amp;e=de74d75805\" target=\"_blank\">neste link<\/a>. O governo pretende assinar os contratos ainda neste ano e eles v\u00e3o permitir a constru\u00e7\u00e3o de outras ferrovias dentro do mecanismo de investimentos cruzados. Ser\u00e3o feitos um ramal ferrovi\u00e1rio no Esp\u00edrito Santo e um trecho da Fico (Ferrovia de Integra\u00e7\u00e3o do Centro-Oeste), ambos com recursos da compensa\u00e7\u00e3o da Vale pela renova\u00e7\u00e3o.<\/p>\n\n\n\n<p>J\u00e1 o trecho da Fiol a ser subconcedido, de acordo com a ANTT, tem como fun\u00e7\u00e3o principal o escoamento da produ\u00e7\u00e3o de min\u00e9rio, produzido no interior baiano, pelo porto de Ilh\u00e9us (BA). A Fiol est\u00e1 dividida em tr\u00eas partes.\u00a0O trecho\u00a0que foi liberado para concess\u00e3o \u00e0\u00a0iniciativa privada \u00e9 o Fiol 1, com 537 quil\u00f4metros ligando Ilh\u00e9us a Caetit\u00e9.\u00a0Atualmente \u00e9 administrado pela empresa p\u00fablica Valec.<\/p>\n\n\n\n<p>O trecho ser\u00e1 subconcedido para o vencedor do leil\u00e3o, que deve ocorrer em 8 de abril de 2021, na B3, em S\u00e3o Paulo (SP). A Delibera\u00e7\u00e3o 511 da ANTT que libera o edital est\u00e1\u00a0<a rel=\"noreferrer noopener\" href=\"https:\/\/agenciainfra.us14.list-manage.com\/track\/click?u=d460dd1bcf9ba0ae040e1fc0f&amp;id=fb70825703&amp;e=de74d75805\" target=\"_blank\">neste link<\/a>.<\/p>\n\n\n\n<p>O Di\u00e1rio Oficial tamb\u00e9m traz a permiss\u00e3o para abertura de audi\u00eancia p\u00fablica para discutir a prorroga\u00e7\u00e3o do contrato da FCA, administrada pela VLI, que tem a Vale como uma de suas s\u00f3cias. A empresa administra 7.223 km de ferrovias em sete estados da federa\u00e7\u00e3o (AL, BA, ES, GO, MG, RJ e SP), a maior malha federal concessionada.\u00a0<\/p>\n\n\n\n<p>O per\u00edodo para envio das contribui\u00e7\u00f5es para a Audi\u00eancia P\u00fablica 12\/2020&nbsp;ser\u00e1 de 18 de dezembro&nbsp;a 2 de fevereiro de 2021. Os detalhes publicados no Di\u00e1rio Oficial est\u00e3o&nbsp;<a href=\"https:\/\/agenciainfra.us14.list-manage.com\/track\/click?u=d460dd1bcf9ba0ae040e1fc0f&amp;id=ab58a34c39&amp;e=de74d75805\" target=\"_blank\" rel=\"noreferrer noopener\">neste link<\/a>.<\/p>\n\n\n\n<p>Em entrevista realizada nesta semana, o ministro da Infraestrutura, Tarc\u00edsio de Freitas, anunciou que a pasta havia chegado a um acordo com a empresa ap\u00f3s recusar propostas iniciais, que foram consideradas sem vantajosidade para o governo. Pela proposta que vai a audi\u00eancia p\u00fablica, a ferrovia ter\u00e1 que recuperar e devolver trechos e ainda pagar indeniza\u00e7\u00f5es que ser\u00e3o usadas para ampliar as obras da Fiol nos trechos ap\u00f3s Caetit\u00e9 (BA).<\/p>\n","protected":false},"excerpt":{"rendered":"<p>da Ag\u00eancia iNFRA A ANTT (Ag\u00eancia Nacional de Transportes Terrestres)\u00a0publicou no Di\u00e1rio Oficial da Uni\u00e3o de hoje (16) um grande pacote de medidas voltadas a concess\u00f5es do setor ferrovi\u00e1rio. Os investimentos estimados nesses projetos aprovados ao longo dos pr\u00f3ximos cinco anos ultrapassam os R$ 30 bilh\u00f5es. Foram publicadas resolu\u00e7\u00f5es que permitem a prorroga\u00e7\u00e3o antecipada das [&hellip;]<\/p>\n","protected":false},"author":9,"featured_media":6554,"comment_status":"closed","ping_status":"closed","sticky":false,"template":"","format":"standard","meta":{"_monsterinsights_skip_tracking":false,"_monsterinsights_sitenote_active":false,"_monsterinsights_sitenote_note":"","_monsterinsights_sitenote_category":0,"footnotes":""},"categories":[1,2052],"tags":[19,563,229,228,470,1419,446,754,473,157,472,156,448,83,160,82],"class_list":["post-6553","post","type-post","status-publish","format-standard","has-post-thumbnail","hentry","category-geral","category-infra-transicao","tag-antt","tag-concessoes-ferroviarias","tag-efc","tag-efvm","tag-estrada-de-ferro-carajas","tag-estrada-de-ferro-vitoria-a-minas","tag-fca","tag-ferrovia-centro-atlantica","tag-ferrovia-de-integracao-do-centro-oeste","tag-ferrovia-de-integracao-oeste-leste","tag-fico","tag-fiol","tag-tarcisio-de-freitas","tag-vale","tag-valec","tag-vli"],"yoast_head":"<!-- This site is optimized with the Yoast SEO Premium plugin v25.4 (Yoast SEO v26.0) - https:\/\/yoast.com\/wordpress\/plugins\/seo\/ -->\n<title>Pacot\u00e3o de concess\u00f5es ferrovi\u00e1rias com investimentos de mais de R$ 30 bi \u00e9 aprovado na ANTT - Ag\u00eancia iNFRA<\/title>\n<meta name=\"robots\" content=\"index, follow, max-snippet:-1, max-image-preview:large, max-video-preview:-1\" \/>\n<link rel=\"canonical\" href=\"https:\/\/agenciainfra.com\/blog\/pacotao-de-concessoes-ferroviarias-com-investimentos-de-mais-de-r-30-bi-e-aprovado-na-antt\/\" \/>\n<meta property=\"og:locale\" content=\"pt_BR\" \/>\n<meta property=\"og:type\" content=\"article\" \/>\n<meta property=\"og:title\" content=\"Pacot\u00e3o de concess\u00f5es ferrovi\u00e1rias com investimentos de mais de R$ 30 bi \u00e9 aprovado na ANTT\" \/>\n<meta property=\"og:description\" content=\"da Ag\u00eancia iNFRA A ANTT (Ag\u00eancia Nacional de Transportes Terrestres)\u00a0publicou no Di\u00e1rio Oficial da Uni\u00e3o de hoje (16) um grande pacote de medidas voltadas a concess\u00f5es do setor ferrovi\u00e1rio. Os investimentos estimados nesses projetos aprovados ao longo dos pr\u00f3ximos cinco anos ultrapassam os R$ 30 bilh\u00f5es. Foram publicadas resolu\u00e7\u00f5es que permitem a prorroga\u00e7\u00e3o antecipada das [&hellip;]\" \/>\n<meta property=\"og:url\" content=\"https:\/\/agenciainfra.com\/blog\/pacotao-de-concessoes-ferroviarias-com-investimentos-de-mais-de-r-30-bi-e-aprovado-na-antt\/\" \/>\n<meta property=\"og:site_name\" content=\"Ag\u00eancia iNFRA\" \/>\n<meta property=\"article:publisher\" content=\"https:\/\/www.facebook.com\/ageninfra\" \/>\n<meta property=\"article:published_time\" content=\"2020-12-16T11:07:33+00:00\" \/>\n<meta property=\"article:modified_time\" content=\"2020-12-16T11:07:38+00:00\" \/>\n<meta property=\"og:image\" content=\"https:\/\/agenciainfra.com\/blog\/wp-content\/uploads\/2020\/12\/fiol-foto-gondiberto-filho-valec.jpg\" \/>\n\t<meta property=\"og:image:width\" content=\"1280\" \/>\n\t<meta property=\"og:image:height\" content=\"960\" \/>\n\t<meta property=\"og:image:type\" content=\"image\/jpeg\" \/>\n<meta name=\"author\" content=\"Rodrigo Zuquim\" \/>\n<meta name=\"twitter:card\" content=\"summary_large_image\" \/>\n<meta name=\"twitter:creator\" content=\"@agencia_infra\" \/>\n<meta name=\"twitter:site\" content=\"@agencia_infra\" \/>\n<meta name=\"twitter:label1\" content=\"Escrito por\" \/>\n\t<meta name=\"twitter:data1\" content=\"Rodrigo Zuquim\" \/>\n\t<meta name=\"twitter:label2\" content=\"Est. tempo de leitura\" \/>\n\t<meta name=\"twitter:data2\" content=\"3 minutos\" \/>\n<script type=\"application\/ld+json\" class=\"yoast-schema-graph\">{\"@context\":\"https:\/\/schema.org\",\"@graph\":[{\"@type\":\"Article\",\"@id\":\"https:\/\/agenciainfra.com\/blog\/pacotao-de-concessoes-ferroviarias-com-investimentos-de-mais-de-r-30-bi-e-aprovado-na-antt\/#article\",\"isPartOf\":{\"@id\":\"https:\/\/agenciainfra.com\/blog\/pacotao-de-concessoes-ferroviarias-com-investimentos-de-mais-de-r-30-bi-e-aprovado-na-antt\/\"},\"author\":{\"name\":\"Rodrigo Zuquim\",\"@id\":\"https:\/\/agenciainfra.com\/blog\/#\/schema\/person\/04dbb79bd6d8951f063da71f3e4c1eb1\"},\"headline\":\"Pacot\u00e3o de concess\u00f5es ferrovi\u00e1rias com investimentos de mais de R$ 30 bi \u00e9 aprovado na ANTT\",\"datePublished\":\"2020-12-16T11:07:33+00:00\",\"dateModified\":\"2020-12-16T11:07:38+00:00\",\"mainEntityOfPage\":{\"@id\":\"https:\/\/agenciainfra.com\/blog\/pacotao-de-concessoes-ferroviarias-com-investimentos-de-mais-de-r-30-bi-e-aprovado-na-antt\/\"},\"wordCount\":576,\"publisher\":{\"@id\":\"https:\/\/agenciainfra.com\/blog\/#organization\"},\"image\":{\"@id\":\"https:\/\/agenciainfra.com\/blog\/pacotao-de-concessoes-ferroviarias-com-investimentos-de-mais-de-r-30-bi-e-aprovado-na-antt\/#primaryimage\"},\"thumbnailUrl\":\"https:\/\/agenciainfra.com\/blog\/wp-content\/uploads\/2020\/12\/fiol-foto-gondiberto-filho-valec.jpg\",\"keywords\":[\"ANTT\",\"concess\u00f5es ferrovi\u00e1rias\",\"EFC\",\"EFVM\",\"Estrada de Ferro Caraj\u00e1s\",\"Estrada de Ferro Vit\u00f3ria a Minas\",\"FCA\",\"Ferrovia Centro-Atl\u00e2ntica\",\"Ferrovia de Integra\u00e7\u00e3o do Centro-Oeste\",\"Ferrovia de Integra\u00e7\u00e3o Oeste-Leste\",\"FICO\",\"FIOL\",\"Tarc\u00edsio de Freitas\",\"Vale\",\"Valec\",\"VLI\"],\"articleSection\":[\"Geral\",\"iNFRA Na Transi\u00e7\u00e3o\"],\"inLanguage\":\"pt-BR\",\"copyrightYear\":\"2020\",\"copyrightHolder\":{\"@id\":\"https:\/\/agenciainfra.com\/blog\/#organization\"}},{\"@type\":\"WebPage\",\"@id\":\"https:\/\/agenciainfra.com\/blog\/pacotao-de-concessoes-ferroviarias-com-investimentos-de-mais-de-r-30-bi-e-aprovado-na-antt\/\",\"url\":\"https:\/\/agenciainfra.com\/blog\/pacotao-de-concessoes-ferroviarias-com-investimentos-de-mais-de-r-30-bi-e-aprovado-na-antt\/\",\"name\":\"Pacot\u00e3o de concess\u00f5es ferrovi\u00e1rias com investimentos de mais de R$ 30 bi \u00e9 aprovado na ANTT - Ag\u00eancia iNFRA\",\"isPartOf\":{\"@id\":\"https:\/\/agenciainfra.com\/blog\/#website\"},\"primaryImageOfPage\":{\"@id\":\"https:\/\/agenciainfra.com\/blog\/pacotao-de-concessoes-ferroviarias-com-investimentos-de-mais-de-r-30-bi-e-aprovado-na-antt\/#primaryimage\"},\"image\":{\"@id\":\"https:\/\/agenciainfra.com\/blog\/pacotao-de-concessoes-ferroviarias-com-investimentos-de-mais-de-r-30-bi-e-aprovado-na-antt\/#primaryimage\"},\"thumbnailUrl\":\"https:\/\/agenciainfra.com\/blog\/wp-content\/uploads\/2020\/12\/fiol-foto-gondiberto-filho-valec.jpg\",\"datePublished\":\"2020-12-16T11:07:33+00:00\",\"dateModified\":\"2020-12-16T11:07:38+00:00\",\"breadcrumb\":{\"@id\":\"https:\/\/agenciainfra.com\/blog\/pacotao-de-concessoes-ferroviarias-com-investimentos-de-mais-de-r-30-bi-e-aprovado-na-antt\/#breadcrumb\"},\"inLanguage\":\"pt-BR\",\"potentialAction\":[{\"@type\":\"ReadAction\",\"target\":[\"https:\/\/agenciainfra.com\/blog\/pacotao-de-concessoes-ferroviarias-com-investimentos-de-mais-de-r-30-bi-e-aprovado-na-antt\/\"]}]},{\"@type\":\"ImageObject\",\"inLanguage\":\"pt-BR\",\"@id\":\"https:\/\/agenciainfra.com\/blog\/pacotao-de-concessoes-ferroviarias-com-investimentos-de-mais-de-r-30-bi-e-aprovado-na-antt\/#primaryimage\",\"url\":\"https:\/\/agenciainfra.com\/blog\/wp-content\/uploads\/2020\/12\/fiol-foto-gondiberto-filho-valec.jpg\",\"contentUrl\":\"https:\/\/agenciainfra.com\/blog\/wp-content\/uploads\/2020\/12\/fiol-foto-gondiberto-filho-valec.jpg\",\"width\":1280,\"height\":960,\"caption\":\"Foto: Valec\"},{\"@type\":\"BreadcrumbList\",\"@id\":\"https:\/\/agenciainfra.com\/blog\/pacotao-de-concessoes-ferroviarias-com-investimentos-de-mais-de-r-30-bi-e-aprovado-na-antt\/#breadcrumb\",\"itemListElement\":[{\"@type\":\"ListItem\",\"position\":1,\"name\":\"In\u00edcio\",\"item\":\"https:\/\/agenciainfra.com\/blog\/\"},{\"@type\":\"ListItem\",\"position\":2,\"name\":\"Pacot\u00e3o de concess\u00f5es ferrovi\u00e1rias com investimentos de mais de R$ 30 bi \u00e9 aprovado na ANTT\"}]},{\"@type\":\"WebSite\",\"@id\":\"https:\/\/agenciainfra.com\/blog\/#website\",\"url\":\"https:\/\/agenciainfra.com\/blog\/\",\"name\":\"Ag\u00eancia iNFRA\",\"description\":\"Multiplataforma de informa\u00e7\u00e3o jornal\u00edstica refer\u00eancia na \u00e1rea de infraestrutura no Brasil!\",\"publisher\":{\"@id\":\"https:\/\/agenciainfra.com\/blog\/#organization\"},\"potentialAction\":[{\"@type\":\"SearchAction\",\"target\":{\"@type\":\"EntryPoint\",\"urlTemplate\":\"https:\/\/agenciainfra.com\/blog\/?s={search_term_string}\"},\"query-input\":{\"@type\":\"PropertyValueSpecification\",\"valueRequired\":true,\"valueName\":\"search_term_string\"}}],\"inLanguage\":\"pt-BR\"},{\"@type\":\"Organization\",\"@id\":\"https:\/\/agenciainfra.com\/blog\/#organization\",\"name\":\"Ag\u00eancia iNFRA\",\"url\":\"https:\/\/agenciainfra.com\/blog\/\",\"logo\":{\"@type\":\"ImageObject\",\"inLanguage\":\"pt-BR\",\"@id\":\"https:\/\/agenciainfra.com\/blog\/#\/schema\/logo\/image\/\",\"url\":\"https:\/\/agenciainfra.com\/blog\/wp-content\/uploads\/2023\/09\/iNFRA_5-e1761735885940.png\",\"contentUrl\":\"https:\/\/agenciainfra.com\/blog\/wp-content\/uploads\/2023\/09\/iNFRA_5-e1761735885940.png\",\"width\":1672,\"height\":454,\"caption\":\"Ag\u00eancia iNFRA\"},\"image\":{\"@id\":\"https:\/\/agenciainfra.com\/blog\/#\/schema\/logo\/image\/\"},\"sameAs\":[\"https:\/\/www.facebook.com\/ageninfra\",\"https:\/\/x.com\/agencia_infra\",\"https:\/\/www.linkedin.com\/company\/ag\u00eanciainfra\/\",\"https:\/\/www.instagram.com\/agenciainfra\/\"]},{\"@type\":\"Person\",\"@id\":\"https:\/\/agenciainfra.com\/blog\/#\/schema\/person\/04dbb79bd6d8951f063da71f3e4c1eb1\",\"name\":\"Rodrigo Zuquim\",\"image\":{\"@type\":\"ImageObject\",\"inLanguage\":\"pt-BR\",\"@id\":\"https:\/\/agenciainfra.com\/blog\/#\/schema\/person\/image\/\",\"url\":\"https:\/\/secure.gravatar.com\/avatar\/594abfe82761d620726242ff34ca472a705a4b97f16c790053a6b4c4035274d0?s=96&d=mm&r=g\",\"contentUrl\":\"https:\/\/secure.gravatar.com\/avatar\/594abfe82761d620726242ff34ca472a705a4b97f16c790053a6b4c4035274d0?s=96&d=mm&r=g\",\"caption\":\"Rodrigo Zuquim\"},\"url\":\"https:\/\/agenciainfra.com\/blog\/author\/rodrigo-zuquim\/\"}]}<\/script>\n<!-- \/ Yoast SEO Premium plugin. -->","yoast_head_json":{"title":"Pacot\u00e3o de concess\u00f5es ferrovi\u00e1rias com investimentos de mais de R$ 30 bi \u00e9 aprovado na ANTT - Ag\u00eancia iNFRA","robots":{"index":"index","follow":"follow","max-snippet":"max-snippet:-1","max-image-preview":"max-image-preview:large","max-video-preview":"max-video-preview:-1"},"canonical":"https:\/\/agenciainfra.com\/blog\/pacotao-de-concessoes-ferroviarias-com-investimentos-de-mais-de-r-30-bi-e-aprovado-na-antt\/","og_locale":"pt_BR","og_type":"article","og_title":"Pacot\u00e3o de concess\u00f5es ferrovi\u00e1rias com investimentos de mais de R$ 30 bi \u00e9 aprovado na ANTT","og_description":"da Ag\u00eancia iNFRA A ANTT (Ag\u00eancia Nacional de Transportes Terrestres)\u00a0publicou no Di\u00e1rio Oficial da Uni\u00e3o de hoje (16) um grande pacote de medidas voltadas a concess\u00f5es do setor ferrovi\u00e1rio. Os investimentos estimados nesses projetos aprovados ao longo dos pr\u00f3ximos cinco anos ultrapassam os R$ 30 bilh\u00f5es. Foram publicadas resolu\u00e7\u00f5es que permitem a prorroga\u00e7\u00e3o antecipada das [&hellip;]","og_url":"https:\/\/agenciainfra.com\/blog\/pacotao-de-concessoes-ferroviarias-com-investimentos-de-mais-de-r-30-bi-e-aprovado-na-antt\/","og_site_name":"Ag\u00eancia iNFRA","article_publisher":"https:\/\/www.facebook.com\/ageninfra","article_published_time":"2020-12-16T11:07:33+00:00","article_modified_time":"2020-12-16T11:07:38+00:00","og_image":[{"width":1280,"height":960,"url":"https:\/\/agenciainfra.com\/blog\/wp-content\/uploads\/2020\/12\/fiol-foto-gondiberto-filho-valec.jpg","type":"image\/jpeg"}],"author":"Rodrigo Zuquim","twitter_card":"summary_large_image","twitter_creator":"@agencia_infra","twitter_site":"@agencia_infra","twitter_misc":{"Escrito por":"Rodrigo Zuquim","Est. tempo de leitura":"3 minutos"},"schema":{"@context":"https:\/\/schema.org","@graph":[{"@type":"Article","@id":"https:\/\/agenciainfra.com\/blog\/pacotao-de-concessoes-ferroviarias-com-investimentos-de-mais-de-r-30-bi-e-aprovado-na-antt\/#article","isPartOf":{"@id":"https:\/\/agenciainfra.com\/blog\/pacotao-de-concessoes-ferroviarias-com-investimentos-de-mais-de-r-30-bi-e-aprovado-na-antt\/"},"author":{"name":"Rodrigo Zuquim","@id":"https:\/\/agenciainfra.com\/blog\/#\/schema\/person\/04dbb79bd6d8951f063da71f3e4c1eb1"},"headline":"Pacot\u00e3o de concess\u00f5es ferrovi\u00e1rias com investimentos de mais de R$ 30 bi \u00e9 aprovado na ANTT","datePublished":"2020-12-16T11:07:33+00:00","dateModified":"2020-12-16T11:07:38+00:00","mainEntityOfPage":{"@id":"https:\/\/agenciainfra.com\/blog\/pacotao-de-concessoes-ferroviarias-com-investimentos-de-mais-de-r-30-bi-e-aprovado-na-antt\/"},"wordCount":576,"publisher":{"@id":"https:\/\/agenciainfra.com\/blog\/#organization"},"image":{"@id":"https:\/\/agenciainfra.com\/blog\/pacotao-de-concessoes-ferroviarias-com-investimentos-de-mais-de-r-30-bi-e-aprovado-na-antt\/#primaryimage"},"thumbnailUrl":"https:\/\/agenciainfra.com\/blog\/wp-content\/uploads\/2020\/12\/fiol-foto-gondiberto-filho-valec.jpg","keywords":["ANTT","concess\u00f5es ferrovi\u00e1rias","EFC","EFVM","Estrada de Ferro Caraj\u00e1s","Estrada de Ferro Vit\u00f3ria a Minas","FCA","Ferrovia Centro-Atl\u00e2ntica","Ferrovia de Integra\u00e7\u00e3o do Centro-Oeste","Ferrovia de Integra\u00e7\u00e3o Oeste-Leste","FICO","FIOL","Tarc\u00edsio de Freitas","Vale","Valec","VLI"],"articleSection":["Geral","iNFRA Na Transi\u00e7\u00e3o"],"inLanguage":"pt-BR","copyrightYear":"2020","copyrightHolder":{"@id":"https:\/\/agenciainfra.com\/blog\/#organization"}},{"@type":"WebPage","@id":"https:\/\/agenciainfra.com\/blog\/pacotao-de-concessoes-ferroviarias-com-investimentos-de-mais-de-r-30-bi-e-aprovado-na-antt\/","url":"https:\/\/agenciainfra.com\/blog\/pacotao-de-concessoes-ferroviarias-com-investimentos-de-mais-de-r-30-bi-e-aprovado-na-antt\/","name":"Pacot\u00e3o de concess\u00f5es ferrovi\u00e1rias com investimentos de mais de R$ 30 bi \u00e9 aprovado na ANTT - Ag\u00eancia iNFRA","isPartOf":{"@id":"https:\/\/agenciainfra.com\/blog\/#website"},"primaryImageOfPage":{"@id":"https:\/\/agenciainfra.com\/blog\/pacotao-de-concessoes-ferroviarias-com-investimentos-de-mais-de-r-30-bi-e-aprovado-na-antt\/#primaryimage"},"image":{"@id":"https:\/\/agenciainfra.com\/blog\/pacotao-de-concessoes-ferroviarias-com-investimentos-de-mais-de-r-30-bi-e-aprovado-na-antt\/#primaryimage"},"thumbnailUrl":"https:\/\/agenciainfra.com\/blog\/wp-content\/uploads\/2020\/12\/fiol-foto-gondiberto-filho-valec.jpg","datePublished":"2020-12-16T11:07:33+00:00","dateModified":"2020-12-16T11:07:38+00:00","breadcrumb":{"@id":"https:\/\/agenciainfra.com\/blog\/pacotao-de-concessoes-ferroviarias-com-investimentos-de-mais-de-r-30-bi-e-aprovado-na-antt\/#breadcrumb"},"inLanguage":"pt-BR","potentialAction":[{"@type":"ReadAction","target":["https:\/\/agenciainfra.com\/blog\/pacotao-de-concessoes-ferroviarias-com-investimentos-de-mais-de-r-30-bi-e-aprovado-na-antt\/"]}]},{"@type":"ImageObject","inLanguage":"pt-BR","@id":"https:\/\/agenciainfra.com\/blog\/pacotao-de-concessoes-ferroviarias-com-investimentos-de-mais-de-r-30-bi-e-aprovado-na-antt\/#primaryimage","url":"https:\/\/agenciainfra.com\/blog\/wp-content\/uploads\/2020\/12\/fiol-foto-gondiberto-filho-valec.jpg","contentUrl":"https:\/\/agenciainfra.com\/blog\/wp-content\/uploads\/2020\/12\/fiol-foto-gondiberto-filho-valec.jpg","width":1280,"height":960,"caption":"Foto: Valec"},{"@type":"BreadcrumbList","@id":"https:\/\/agenciainfra.com\/blog\/pacotao-de-concessoes-ferroviarias-com-investimentos-de-mais-de-r-30-bi-e-aprovado-na-antt\/#breadcrumb","itemListElement":[{"@type":"ListItem","position":1,"name":"In\u00edcio","item":"https:\/\/agenciainfra.com\/blog\/"},{"@type":"ListItem","position":2,"name":"Pacot\u00e3o de concess\u00f5es ferrovi\u00e1rias com investimentos de mais de R$ 30 bi \u00e9 aprovado na ANTT"}]},{"@type":"WebSite","@id":"https:\/\/agenciainfra.com\/blog\/#website","url":"https:\/\/agenciainfra.com\/blog\/","name":"Ag\u00eancia iNFRA","description":"Multiplataforma de informa\u00e7\u00e3o jornal\u00edstica refer\u00eancia na \u00e1rea de infraestrutura no Brasil!","publisher":{"@id":"https:\/\/agenciainfra.com\/blog\/#organization"},"potentialAction":[{"@type":"SearchAction","target":{"@type":"EntryPoint","urlTemplate":"https:\/\/agenciainfra.com\/blog\/?s={search_term_string}"},"query-input":{"@type":"PropertyValueSpecification","valueRequired":true,"valueName":"search_term_string"}}],"inLanguage":"pt-BR"},{"@type":"Organization","@id":"https:\/\/agenciainfra.com\/blog\/#organization","name":"Ag\u00eancia iNFRA","url":"https:\/\/agenciainfra.com\/blog\/","logo":{"@type":"ImageObject","inLanguage":"pt-BR","@id":"https:\/\/agenciainfra.com\/blog\/#\/schema\/logo\/image\/","url":"https:\/\/agenciainfra.com\/blog\/wp-content\/uploads\/2023\/09\/iNFRA_5-e1761735885940.png","contentUrl":"https:\/\/agenciainfra.com\/blog\/wp-content\/uploads\/2023\/09\/iNFRA_5-e1761735885940.png","width":1672,"height":454,"caption":"Ag\u00eancia iNFRA"},"image":{"@id":"https:\/\/agenciainfra.com\/blog\/#\/schema\/logo\/image\/"},"sameAs":["https:\/\/www.facebook.com\/ageninfra","https:\/\/x.com\/agencia_infra","https:\/\/www.linkedin.com\/company\/ag\u00eanciainfra\/","https:\/\/www.instagram.com\/agenciainfra\/"]},{"@type":"Person","@id":"https:\/\/agenciainfra.com\/blog\/#\/schema\/person\/04dbb79bd6d8951f063da71f3e4c1eb1","name":"Rodrigo Zuquim","image":{"@type":"ImageObject","inLanguage":"pt-BR","@id":"https:\/\/agenciainfra.com\/blog\/#\/schema\/person\/image\/","url":"https:\/\/secure.gravatar.com\/avatar\/594abfe82761d620726242ff34ca472a705a4b97f16c790053a6b4c4035274d0?s=96&d=mm&r=g","contentUrl":"https:\/\/secure.gravatar.com\/avatar\/594abfe82761d620726242ff34ca472a705a4b97f16c790053a6b4c4035274d0?s=96&d=mm&r=g","caption":"Rodrigo Zuquim"},"url":"https:\/\/agenciainfra.com\/blog\/author\/rodrigo-zuquim\/"}]}},"_links":{"self":[{"href":"https:\/\/agenciainfra.com\/blog\/wp-json\/wp\/v2\/posts\/6553","targetHints":{"allow":["GET"]}}],"collection":[{"href":"https:\/\/agenciainfra.com\/blog\/wp-json\/wp\/v2\/posts"}],"about":[{"href":"https:\/\/agenciainfra.com\/blog\/wp-json\/wp\/v2\/types\/post"}],"author":[{"embeddable":true,"href":"https:\/\/agenciainfra.com\/blog\/wp-json\/wp\/v2\/users\/9"}],"replies":[{"embeddable":true,"href":"https:\/\/agenciainfra.com\/blog\/wp-json\/wp\/v2\/comments?post=6553"}],"version-history":[{"count":0,"href":"https:\/\/agenciainfra.com\/blog\/wp-json\/wp\/v2\/posts\/6553\/revisions"}],"wp:featuredmedia":[{"embeddable":true,"href":"https:\/\/agenciainfra.com\/blog\/wp-json\/wp\/v2\/media\/6554"}],"wp:attachment":[{"href":"https:\/\/agenciainfra.com\/blog\/wp-json\/wp\/v2\/media?parent=6553"}],"wp:term":[{"taxonomy":"category","embeddable":true,"href":"https:\/\/agenciainfra.com\/blog\/wp-json\/wp\/v2\/categories?post=6553"},{"taxonomy":"post_tag","embeddable":true,"href":"https:\/\/agenciainfra.com\/blog\/wp-json\/wp\/v2\/tags?post=6553"}],"curies":[{"name":"wp","href":"https:\/\/api.w.org\/{rel}","templated":true}]}}