{"id":6559,"date":"2020-12-18T08:00:00","date_gmt":"2020-12-18T11:00:00","guid":{"rendered":"https:\/\/www.agenciainfra.com\/blog\/?p=6559"},"modified":"2020-12-17T11:09:48","modified_gmt":"2020-12-17T14:09:48","slug":"senado-aprova-projeto-de-lei-que-regulamenta-trip","status":"publish","type":"post","link":"https:\/\/agenciainfra.com\/blog\/senado-aprova-projeto-de-lei-que-regulamenta-trip\/","title":{"rendered":"Senado aprova projeto de lei que regulamenta Trip"},"content":{"rendered":"\n<hr class=\"wp-block-separator\"\/>\n\n\n\n<p class=\"has-text-align-right\"><strong>Tales Silveira, da\u00a0Ag\u00eancia iNFRA<\/strong><\/p>\n\n\n\n<p>O plen\u00e1rio do Senado aprovou, na \u00faltima ter\u00e7a-feira (15), o PL (Projeto de Lei) 3.819\/2020, que regulamenta o Trip\u00a0(Transporte Rodovi\u00e1rio Interestadual de Passageiros). A mat\u00e9ria segue agora para a C\u00e2mara dos Deputados.<br><br>A proposta entrou em pauta quase no fim da sess\u00e3o. Houve um acordo para que o PL, cujo texto j\u00e1 estava acertado entre governo e parlamentares, fosse aprovado de maneira simb\u00f3lica. Foi feita uma costura em torno da vota\u00e7\u00e3o do Trip e de outros projetos de interesse do Minist\u00e9rio da Infraestrutura, como o PLS 261 (novo Marco Legal de Ferrovias) e a aprova\u00e7\u00e3o de diretores de ag\u00eancias reguladoras.<br><br>O novo substitutivo apresentado pelo relator, senador Acir Gurgacz (PDT-RO), retira o termo \u201cpermiss\u00e3o\u201d, mantendo a autoriza\u00e7\u00e3o para opera\u00e7\u00f5es de novas linhas. Segundo ele, com a manuten\u00e7\u00e3o do sistema, a ANTT (Ag\u00eancia Nacional de Transportes Terrestres) ter\u00e1 liberdade para dar novas autoriza\u00e7\u00f5es, diminuindo \u201cbarreiras de entrada e dos custos operacionais, al\u00e9m da redu\u00e7\u00e3o das tarifas pagas pelos usu\u00e1rios por meio do aumento da concorr\u00eancia\u201d. O novo relat\u00f3rio est\u00e1 dispon\u00edvel\u00a0<a rel=\"noreferrer noopener\" href=\"https:\/\/agenciainfra.us14.list-manage.com\/track\/click?u=d460dd1bcf9ba0ae040e1fc0f&amp;id=28ab6223e0&amp;e=c099169394\" target=\"_blank\">neste link<\/a>.<br><br>Contudo, o senador manteve a suspens\u00e3o das autoriza\u00e7\u00f5es concedidas ap\u00f3s 30 de outubro de 2019. Em seu relat\u00f3rio o parlamentar apontou que a \u201cDelibera\u00e7\u00e3o 955, de 2019, da ANTT, que originou a concess\u00e3o de autoriza\u00e7\u00f5es sem qualquer crit\u00e9rio t\u00e9cnico, operacional ou econ\u00f4mico, vem sendo contestada em diversas a\u00e7\u00f5es judiciais\u201d. Essas autoriza\u00e7\u00f5es dever\u00e3o ser \u201creanalisadas segundo os novos crit\u00e9rios estabelecidos na lei que resultar\u00e1 do PL\u201d. Foi acatada tamb\u00e9m uma emenda para que a ag\u00eancia d\u00ea aten\u00e7\u00e3o \u00e0s pessoas com necessidades especiais.<br><br>As mudan\u00e7as apresentadas no relat\u00f3rio foram feitas ap\u00f3s uma reuni\u00e3o entre Gurgacz e o ministro da Infraestrutura, Tarc\u00edsio de Freitas. Nela ficou estabelecido que a ANTT incluir\u00e1, em janeiro,\u00a0no novo marco regulat\u00f3rio do transporte rodovi\u00e1rio interestadual de passageiros, por meio de resolu\u00e7\u00e3o, as determina\u00e7\u00f5es trazidas pelo projeto de lei.<br><br>O acordo definiu tamb\u00e9m que, junto com a aprova\u00e7\u00e3o do PL do Trip, seria votado o PLS (Projeto de Lei do Senado) 261\/2018 \u2013 que estabelece o Novo Marco Legal das Ferrovias. Contudo, ao longo da sess\u00e3o desta ter\u00e7a-feira, houve reclama\u00e7\u00f5es de senadores, como Jayme Campos (DEM-MT),\u00a0que argumentaram que a proposta nunca tinha entrado em pauta.<br><br>Para solucionar o imbr\u00f3glio, o presidente do Senado, Davi Alcolumbre (DEM-AP), construiu um acordo para que o PLS fosse inclu\u00eddo na pauta do plen\u00e1rio. J\u00e1 a vota\u00e7\u00e3o da proposta deve acontecer no in\u00edcio do ano que vem.<\/p>\n","protected":false},"excerpt":{"rendered":"<p>Tales Silveira, da\u00a0Ag\u00eancia iNFRA O plen\u00e1rio do Senado aprovou, na \u00faltima ter\u00e7a-feira (15), o PL (Projeto de Lei) 3.819\/2020, que regulamenta o Trip\u00a0(Transporte Rodovi\u00e1rio Interestadual de Passageiros). A mat\u00e9ria segue agora para a C\u00e2mara dos Deputados. A proposta entrou em pauta quase no fim da sess\u00e3o. Houve um acordo para que o PL, cujo texto [&hellip;]<\/p>\n","protected":false},"author":9,"featured_media":6560,"comment_status":"closed","ping_status":"closed","sticky":false,"template":"","format":"standard","meta":{"_monsterinsights_skip_tracking":false,"_monsterinsights_sitenote_active":false,"_monsterinsights_sitenote_note":"","_monsterinsights_sitenote_category":0,"footnotes":""},"categories":[1,7],"tags":[2623,46,19,1228,1105,2448,775,2621,1035,123,448,1070,2622],"class_list":["post-6559","post","type-post","status-publish","format-standard","has-post-thumbnail","hentry","category-geral","category-infratransporte","tag-acir-gurgacz","tag-agencias-reguladoras","tag-antt","tag-davi-alcolumbre","tag-jayme-campos","tag-marco-legal-das-ferrovias","tag-ministerio-da-infraestrutura","tag-pl-3-819-2020","tag-pls-261-2018","tag-senado","tag-tarcisio-de-freitas","tag-transporte-rodoviario-interestadual-de-passageiros","tag-trip"],"yoast_head":"<!-- This site is optimized with the Yoast SEO Premium plugin v25.4 (Yoast SEO v26.0) - https:\/\/yoast.com\/wordpress\/plugins\/seo\/ -->\n<title>Senado aprova projeto de lei que regulamenta Trip - Ag\u00eancia iNFRA<\/title>\n<meta name=\"robots\" content=\"index, follow, max-snippet:-1, max-image-preview:large, max-video-preview:-1\" \/>\n<link rel=\"canonical\" href=\"https:\/\/agenciainfra.com\/blog\/senado-aprova-projeto-de-lei-que-regulamenta-trip\/\" \/>\n<meta property=\"og:locale\" content=\"pt_BR\" \/>\n<meta property=\"og:type\" content=\"article\" \/>\n<meta property=\"og:title\" content=\"Senado aprova projeto de lei que regulamenta Trip\" \/>\n<meta property=\"og:description\" content=\"Tales Silveira, da\u00a0Ag\u00eancia iNFRA O plen\u00e1rio do Senado aprovou, na \u00faltima ter\u00e7a-feira (15), o PL (Projeto de Lei) 3.819\/2020, que regulamenta o Trip\u00a0(Transporte Rodovi\u00e1rio Interestadual de Passageiros). A mat\u00e9ria segue agora para a C\u00e2mara dos Deputados. A proposta entrou em pauta quase no fim da sess\u00e3o. Houve um acordo para que o PL, cujo texto [&hellip;]\" \/>\n<meta property=\"og:url\" content=\"https:\/\/agenciainfra.com\/blog\/senado-aprova-projeto-de-lei-que-regulamenta-trip\/\" \/>\n<meta property=\"og:site_name\" content=\"Ag\u00eancia iNFRA\" \/>\n<meta property=\"article:publisher\" content=\"https:\/\/www.facebook.com\/ageninfra\" \/>\n<meta property=\"article:published_time\" content=\"2020-12-18T11:00:00+00:00\" \/>\n<meta property=\"og:image\" content=\"https:\/\/agenciainfra.com\/blog\/wp-content\/uploads\/2020\/12\/acir-gurgacz-foto-marcos-oliveira-agencia-senado.jpg\" \/>\n\t<meta property=\"og:image:width\" content=\"1280\" \/>\n\t<meta property=\"og:image:height\" content=\"853\" \/>\n\t<meta property=\"og:image:type\" content=\"image\/jpeg\" \/>\n<meta name=\"author\" content=\"Rodrigo Zuquim\" \/>\n<meta name=\"twitter:card\" content=\"summary_large_image\" \/>\n<meta name=\"twitter:creator\" content=\"@agencia_infra\" \/>\n<meta name=\"twitter:site\" content=\"@agencia_infra\" \/>\n<meta name=\"twitter:label1\" content=\"Escrito por\" \/>\n\t<meta name=\"twitter:data1\" content=\"Rodrigo Zuquim\" \/>\n\t<meta name=\"twitter:label2\" content=\"Est. tempo de leitura\" \/>\n\t<meta name=\"twitter:data2\" content=\"2 minutos\" \/>\n<script type=\"application\/ld+json\" class=\"yoast-schema-graph\">{\"@context\":\"https:\/\/schema.org\",\"@graph\":[{\"@type\":\"Article\",\"@id\":\"https:\/\/agenciainfra.com\/blog\/senado-aprova-projeto-de-lei-que-regulamenta-trip\/#article\",\"isPartOf\":{\"@id\":\"https:\/\/agenciainfra.com\/blog\/senado-aprova-projeto-de-lei-que-regulamenta-trip\/\"},\"author\":{\"name\":\"Rodrigo Zuquim\",\"@id\":\"https:\/\/agenciainfra.com\/blog\/#\/schema\/person\/04dbb79bd6d8951f063da71f3e4c1eb1\"},\"headline\":\"Senado aprova projeto de lei que regulamenta Trip\",\"datePublished\":\"2020-12-18T11:00:00+00:00\",\"mainEntityOfPage\":{\"@id\":\"https:\/\/agenciainfra.com\/blog\/senado-aprova-projeto-de-lei-que-regulamenta-trip\/\"},\"wordCount\":461,\"publisher\":{\"@id\":\"https:\/\/agenciainfra.com\/blog\/#organization\"},\"image\":{\"@id\":\"https:\/\/agenciainfra.com\/blog\/senado-aprova-projeto-de-lei-que-regulamenta-trip\/#primaryimage\"},\"thumbnailUrl\":\"https:\/\/agenciainfra.com\/blog\/wp-content\/uploads\/2020\/12\/acir-gurgacz-foto-marcos-oliveira-agencia-senado.jpg\",\"keywords\":[\"Acir Gurgacz\",\"Ag\u00eancias Reguladoras\",\"ANTT\",\"Davi Alcolumbre\",\"Jayme Campos\",\"Marco Legal das Ferrovias\",\"Minist\u00e9rio da Infraestrutura\",\"PL 3.819\/2020\",\"PLS 261\/2018\",\"senado\",\"Tarc\u00edsio de Freitas\",\"transporte rodovi\u00e1rio interestadual de passageiros\",\"Trip\"],\"articleSection\":[\"Geral\",\"iNFRATransporte\"],\"inLanguage\":\"pt-BR\",\"copyrightYear\":\"2020\",\"copyrightHolder\":{\"@id\":\"https:\/\/agenciainfra.com\/blog\/#organization\"}},{\"@type\":\"WebPage\",\"@id\":\"https:\/\/agenciainfra.com\/blog\/senado-aprova-projeto-de-lei-que-regulamenta-trip\/\",\"url\":\"https:\/\/agenciainfra.com\/blog\/senado-aprova-projeto-de-lei-que-regulamenta-trip\/\",\"name\":\"Senado aprova projeto de lei que regulamenta Trip - Ag\u00eancia iNFRA\",\"isPartOf\":{\"@id\":\"https:\/\/agenciainfra.com\/blog\/#website\"},\"primaryImageOfPage\":{\"@id\":\"https:\/\/agenciainfra.com\/blog\/senado-aprova-projeto-de-lei-que-regulamenta-trip\/#primaryimage\"},\"image\":{\"@id\":\"https:\/\/agenciainfra.com\/blog\/senado-aprova-projeto-de-lei-que-regulamenta-trip\/#primaryimage\"},\"thumbnailUrl\":\"https:\/\/agenciainfra.com\/blog\/wp-content\/uploads\/2020\/12\/acir-gurgacz-foto-marcos-oliveira-agencia-senado.jpg\",\"datePublished\":\"2020-12-18T11:00:00+00:00\",\"breadcrumb\":{\"@id\":\"https:\/\/agenciainfra.com\/blog\/senado-aprova-projeto-de-lei-que-regulamenta-trip\/#breadcrumb\"},\"inLanguage\":\"pt-BR\",\"potentialAction\":[{\"@type\":\"ReadAction\",\"target\":[\"https:\/\/agenciainfra.com\/blog\/senado-aprova-projeto-de-lei-que-regulamenta-trip\/\"]}]},{\"@type\":\"ImageObject\",\"inLanguage\":\"pt-BR\",\"@id\":\"https:\/\/agenciainfra.com\/blog\/senado-aprova-projeto-de-lei-que-regulamenta-trip\/#primaryimage\",\"url\":\"https:\/\/agenciainfra.com\/blog\/wp-content\/uploads\/2020\/12\/acir-gurgacz-foto-marcos-oliveira-agencia-senado.jpg\",\"contentUrl\":\"https:\/\/agenciainfra.com\/blog\/wp-content\/uploads\/2020\/12\/acir-gurgacz-foto-marcos-oliveira-agencia-senado.jpg\",\"width\":1280,\"height\":853},{\"@type\":\"BreadcrumbList\",\"@id\":\"https:\/\/agenciainfra.com\/blog\/senado-aprova-projeto-de-lei-que-regulamenta-trip\/#breadcrumb\",\"itemListElement\":[{\"@type\":\"ListItem\",\"position\":1,\"name\":\"In\u00edcio\",\"item\":\"https:\/\/agenciainfra.com\/blog\/\"},{\"@type\":\"ListItem\",\"position\":2,\"name\":\"Senado aprova projeto de lei que regulamenta Trip\"}]},{\"@type\":\"WebSite\",\"@id\":\"https:\/\/agenciainfra.com\/blog\/#website\",\"url\":\"https:\/\/agenciainfra.com\/blog\/\",\"name\":\"Ag\u00eancia iNFRA\",\"description\":\"Multiplataforma de informa\u00e7\u00e3o jornal\u00edstica refer\u00eancia na \u00e1rea de infraestrutura no Brasil!\",\"publisher\":{\"@id\":\"https:\/\/agenciainfra.com\/blog\/#organization\"},\"potentialAction\":[{\"@type\":\"SearchAction\",\"target\":{\"@type\":\"EntryPoint\",\"urlTemplate\":\"https:\/\/agenciainfra.com\/blog\/?s={search_term_string}\"},\"query-input\":{\"@type\":\"PropertyValueSpecification\",\"valueRequired\":true,\"valueName\":\"search_term_string\"}}],\"inLanguage\":\"pt-BR\"},{\"@type\":\"Organization\",\"@id\":\"https:\/\/agenciainfra.com\/blog\/#organization\",\"name\":\"Ag\u00eancia iNFRA\",\"url\":\"https:\/\/agenciainfra.com\/blog\/\",\"logo\":{\"@type\":\"ImageObject\",\"inLanguage\":\"pt-BR\",\"@id\":\"https:\/\/agenciainfra.com\/blog\/#\/schema\/logo\/image\/\",\"url\":\"https:\/\/agenciainfra.com\/blog\/wp-content\/uploads\/2023\/09\/iNFRA_5-e1761735885940.png\",\"contentUrl\":\"https:\/\/agenciainfra.com\/blog\/wp-content\/uploads\/2023\/09\/iNFRA_5-e1761735885940.png\",\"width\":1672,\"height\":454,\"caption\":\"Ag\u00eancia iNFRA\"},\"image\":{\"@id\":\"https:\/\/agenciainfra.com\/blog\/#\/schema\/logo\/image\/\"},\"sameAs\":[\"https:\/\/www.facebook.com\/ageninfra\",\"https:\/\/x.com\/agencia_infra\",\"https:\/\/www.linkedin.com\/company\/ag\u00eanciainfra\/\",\"https:\/\/www.instagram.com\/agenciainfra\/\"]},{\"@type\":\"Person\",\"@id\":\"https:\/\/agenciainfra.com\/blog\/#\/schema\/person\/04dbb79bd6d8951f063da71f3e4c1eb1\",\"name\":\"Rodrigo Zuquim\",\"image\":{\"@type\":\"ImageObject\",\"inLanguage\":\"pt-BR\",\"@id\":\"https:\/\/agenciainfra.com\/blog\/#\/schema\/person\/image\/\",\"url\":\"https:\/\/secure.gravatar.com\/avatar\/594abfe82761d620726242ff34ca472a705a4b97f16c790053a6b4c4035274d0?s=96&d=mm&r=g\",\"contentUrl\":\"https:\/\/secure.gravatar.com\/avatar\/594abfe82761d620726242ff34ca472a705a4b97f16c790053a6b4c4035274d0?s=96&d=mm&r=g\",\"caption\":\"Rodrigo Zuquim\"},\"url\":\"https:\/\/agenciainfra.com\/blog\/author\/rodrigo-zuquim\/\"}]}<\/script>\n<!-- \/ Yoast SEO Premium plugin. -->","yoast_head_json":{"title":"Senado aprova projeto de lei que regulamenta Trip - Ag\u00eancia iNFRA","robots":{"index":"index","follow":"follow","max-snippet":"max-snippet:-1","max-image-preview":"max-image-preview:large","max-video-preview":"max-video-preview:-1"},"canonical":"https:\/\/agenciainfra.com\/blog\/senado-aprova-projeto-de-lei-que-regulamenta-trip\/","og_locale":"pt_BR","og_type":"article","og_title":"Senado aprova projeto de lei que regulamenta Trip","og_description":"Tales Silveira, da\u00a0Ag\u00eancia iNFRA O plen\u00e1rio do Senado aprovou, na \u00faltima ter\u00e7a-feira (15), o PL (Projeto de Lei) 3.819\/2020, que regulamenta o Trip\u00a0(Transporte Rodovi\u00e1rio Interestadual de Passageiros). A mat\u00e9ria segue agora para a C\u00e2mara dos Deputados. A proposta entrou em pauta quase no fim da sess\u00e3o. Houve um acordo para que o PL, cujo texto [&hellip;]","og_url":"https:\/\/agenciainfra.com\/blog\/senado-aprova-projeto-de-lei-que-regulamenta-trip\/","og_site_name":"Ag\u00eancia iNFRA","article_publisher":"https:\/\/www.facebook.com\/ageninfra","article_published_time":"2020-12-18T11:00:00+00:00","og_image":[{"width":1280,"height":853,"url":"https:\/\/agenciainfra.com\/blog\/wp-content\/uploads\/2020\/12\/acir-gurgacz-foto-marcos-oliveira-agencia-senado.jpg","type":"image\/jpeg"}],"author":"Rodrigo Zuquim","twitter_card":"summary_large_image","twitter_creator":"@agencia_infra","twitter_site":"@agencia_infra","twitter_misc":{"Escrito por":"Rodrigo Zuquim","Est. tempo de leitura":"2 minutos"},"schema":{"@context":"https:\/\/schema.org","@graph":[{"@type":"Article","@id":"https:\/\/agenciainfra.com\/blog\/senado-aprova-projeto-de-lei-que-regulamenta-trip\/#article","isPartOf":{"@id":"https:\/\/agenciainfra.com\/blog\/senado-aprova-projeto-de-lei-que-regulamenta-trip\/"},"author":{"name":"Rodrigo Zuquim","@id":"https:\/\/agenciainfra.com\/blog\/#\/schema\/person\/04dbb79bd6d8951f063da71f3e4c1eb1"},"headline":"Senado aprova projeto de lei que regulamenta Trip","datePublished":"2020-12-18T11:00:00+00:00","mainEntityOfPage":{"@id":"https:\/\/agenciainfra.com\/blog\/senado-aprova-projeto-de-lei-que-regulamenta-trip\/"},"wordCount":461,"publisher":{"@id":"https:\/\/agenciainfra.com\/blog\/#organization"},"image":{"@id":"https:\/\/agenciainfra.com\/blog\/senado-aprova-projeto-de-lei-que-regulamenta-trip\/#primaryimage"},"thumbnailUrl":"https:\/\/agenciainfra.com\/blog\/wp-content\/uploads\/2020\/12\/acir-gurgacz-foto-marcos-oliveira-agencia-senado.jpg","keywords":["Acir Gurgacz","Ag\u00eancias Reguladoras","ANTT","Davi Alcolumbre","Jayme Campos","Marco Legal das Ferrovias","Minist\u00e9rio da Infraestrutura","PL 3.819\/2020","PLS 261\/2018","senado","Tarc\u00edsio de Freitas","transporte rodovi\u00e1rio interestadual de passageiros","Trip"],"articleSection":["Geral","iNFRATransporte"],"inLanguage":"pt-BR","copyrightYear":"2020","copyrightHolder":{"@id":"https:\/\/agenciainfra.com\/blog\/#organization"}},{"@type":"WebPage","@id":"https:\/\/agenciainfra.com\/blog\/senado-aprova-projeto-de-lei-que-regulamenta-trip\/","url":"https:\/\/agenciainfra.com\/blog\/senado-aprova-projeto-de-lei-que-regulamenta-trip\/","name":"Senado aprova projeto de lei que regulamenta Trip - Ag\u00eancia iNFRA","isPartOf":{"@id":"https:\/\/agenciainfra.com\/blog\/#website"},"primaryImageOfPage":{"@id":"https:\/\/agenciainfra.com\/blog\/senado-aprova-projeto-de-lei-que-regulamenta-trip\/#primaryimage"},"image":{"@id":"https:\/\/agenciainfra.com\/blog\/senado-aprova-projeto-de-lei-que-regulamenta-trip\/#primaryimage"},"thumbnailUrl":"https:\/\/agenciainfra.com\/blog\/wp-content\/uploads\/2020\/12\/acir-gurgacz-foto-marcos-oliveira-agencia-senado.jpg","datePublished":"2020-12-18T11:00:00+00:00","breadcrumb":{"@id":"https:\/\/agenciainfra.com\/blog\/senado-aprova-projeto-de-lei-que-regulamenta-trip\/#breadcrumb"},"inLanguage":"pt-BR","potentialAction":[{"@type":"ReadAction","target":["https:\/\/agenciainfra.com\/blog\/senado-aprova-projeto-de-lei-que-regulamenta-trip\/"]}]},{"@type":"ImageObject","inLanguage":"pt-BR","@id":"https:\/\/agenciainfra.com\/blog\/senado-aprova-projeto-de-lei-que-regulamenta-trip\/#primaryimage","url":"https:\/\/agenciainfra.com\/blog\/wp-content\/uploads\/2020\/12\/acir-gurgacz-foto-marcos-oliveira-agencia-senado.jpg","contentUrl":"https:\/\/agenciainfra.com\/blog\/wp-content\/uploads\/2020\/12\/acir-gurgacz-foto-marcos-oliveira-agencia-senado.jpg","width":1280,"height":853},{"@type":"BreadcrumbList","@id":"https:\/\/agenciainfra.com\/blog\/senado-aprova-projeto-de-lei-que-regulamenta-trip\/#breadcrumb","itemListElement":[{"@type":"ListItem","position":1,"name":"In\u00edcio","item":"https:\/\/agenciainfra.com\/blog\/"},{"@type":"ListItem","position":2,"name":"Senado aprova projeto de lei que regulamenta Trip"}]},{"@type":"WebSite","@id":"https:\/\/agenciainfra.com\/blog\/#website","url":"https:\/\/agenciainfra.com\/blog\/","name":"Ag\u00eancia iNFRA","description":"Multiplataforma de informa\u00e7\u00e3o jornal\u00edstica refer\u00eancia na \u00e1rea de infraestrutura no Brasil!","publisher":{"@id":"https:\/\/agenciainfra.com\/blog\/#organization"},"potentialAction":[{"@type":"SearchAction","target":{"@type":"EntryPoint","urlTemplate":"https:\/\/agenciainfra.com\/blog\/?s={search_term_string}"},"query-input":{"@type":"PropertyValueSpecification","valueRequired":true,"valueName":"search_term_string"}}],"inLanguage":"pt-BR"},{"@type":"Organization","@id":"https:\/\/agenciainfra.com\/blog\/#organization","name":"Ag\u00eancia iNFRA","url":"https:\/\/agenciainfra.com\/blog\/","logo":{"@type":"ImageObject","inLanguage":"pt-BR","@id":"https:\/\/agenciainfra.com\/blog\/#\/schema\/logo\/image\/","url":"https:\/\/agenciainfra.com\/blog\/wp-content\/uploads\/2023\/09\/iNFRA_5-e1761735885940.png","contentUrl":"https:\/\/agenciainfra.com\/blog\/wp-content\/uploads\/2023\/09\/iNFRA_5-e1761735885940.png","width":1672,"height":454,"caption":"Ag\u00eancia iNFRA"},"image":{"@id":"https:\/\/agenciainfra.com\/blog\/#\/schema\/logo\/image\/"},"sameAs":["https:\/\/www.facebook.com\/ageninfra","https:\/\/x.com\/agencia_infra","https:\/\/www.linkedin.com\/company\/ag\u00eanciainfra\/","https:\/\/www.instagram.com\/agenciainfra\/"]},{"@type":"Person","@id":"https:\/\/agenciainfra.com\/blog\/#\/schema\/person\/04dbb79bd6d8951f063da71f3e4c1eb1","name":"Rodrigo Zuquim","image":{"@type":"ImageObject","inLanguage":"pt-BR","@id":"https:\/\/agenciainfra.com\/blog\/#\/schema\/person\/image\/","url":"https:\/\/secure.gravatar.com\/avatar\/594abfe82761d620726242ff34ca472a705a4b97f16c790053a6b4c4035274d0?s=96&d=mm&r=g","contentUrl":"https:\/\/secure.gravatar.com\/avatar\/594abfe82761d620726242ff34ca472a705a4b97f16c790053a6b4c4035274d0?s=96&d=mm&r=g","caption":"Rodrigo Zuquim"},"url":"https:\/\/agenciainfra.com\/blog\/author\/rodrigo-zuquim\/"}]}},"_links":{"self":[{"href":"https:\/\/agenciainfra.com\/blog\/wp-json\/wp\/v2\/posts\/6559","targetHints":{"allow":["GET"]}}],"collection":[{"href":"https:\/\/agenciainfra.com\/blog\/wp-json\/wp\/v2\/posts"}],"about":[{"href":"https:\/\/agenciainfra.com\/blog\/wp-json\/wp\/v2\/types\/post"}],"author":[{"embeddable":true,"href":"https:\/\/agenciainfra.com\/blog\/wp-json\/wp\/v2\/users\/9"}],"replies":[{"embeddable":true,"href":"https:\/\/agenciainfra.com\/blog\/wp-json\/wp\/v2\/comments?post=6559"}],"version-history":[{"count":0,"href":"https:\/\/agenciainfra.com\/blog\/wp-json\/wp\/v2\/posts\/6559\/revisions"}],"wp:featuredmedia":[{"embeddable":true,"href":"https:\/\/agenciainfra.com\/blog\/wp-json\/wp\/v2\/media\/6560"}],"wp:attachment":[{"href":"https:\/\/agenciainfra.com\/blog\/wp-json\/wp\/v2\/media?parent=6559"}],"wp:term":[{"taxonomy":"category","embeddable":true,"href":"https:\/\/agenciainfra.com\/blog\/wp-json\/wp\/v2\/categories?post=6559"},{"taxonomy":"post_tag","embeddable":true,"href":"https:\/\/agenciainfra.com\/blog\/wp-json\/wp\/v2\/tags?post=6559"}],"curies":[{"name":"wp","href":"https:\/\/api.w.org\/{rel}","templated":true}]}}