{"id":6590,"date":"2021-01-07T08:00:00","date_gmt":"2021-01-07T11:00:00","guid":{"rendered":"https:\/\/www.agenciainfra.com\/blog\/?p=6590"},"modified":"2021-01-06T08:58:05","modified_gmt":"2021-01-06T11:58:05","slug":"governo-do-rio-quer-acelerar-superconcessao-de-rodovias-metropolitanas-no-estado","status":"publish","type":"post","link":"https:\/\/agenciainfra.com\/blog\/governo-do-rio-quer-acelerar-superconcessao-de-rodovias-metropolitanas-no-estado\/","title":{"rendered":"Governo do Rio quer acelerar superconcess\u00e3o de rodovias metropolitanas no estado"},"content":{"rendered":"\n<hr class=\"wp-block-separator\"\/>\n\n\n\n<p class=\"has-text-align-right\"><strong>Dimmi Amora, da&nbsp;Ag\u00eancia iNFRA<\/strong><\/p>\n\n\n\n<p>O governo do Rio de Janeiro pediu ao BNDES e aos consultores contratados para realizar os estudos de tr\u00eas concess\u00f5es rodovi\u00e1rias no estado que acelerem os trabalhos para que pelo menos o lote chamado de &#8220;Vias Metropolitanas&#8221; possa ter audi\u00eancias p\u00fablicas iniciadas em 2021.<br><br>O pedido foi feito no primeiro encontro entre o governo e o grupo, realizado na segunda quinzena de dezembro. De acordo com o secret\u00e1rio de Transportes do Estado do Rio de Janeiro, Delmo Pinho, a situa\u00e7\u00e3o \u00e9 urgente e s\u00e3o necess\u00e1rios investimentos especialmente na Linha Vermelha, uma liga\u00e7\u00e3o entre a capital e as cidades da Baixada Fluminense.<br><br>A ideia inicial do projeto \u00e9 criar um ped\u00e1gio no trecho final da via (mais pr\u00f3ximo \u00e0 Baixada) que possa financiar dois grandes investimentos: a liga\u00e7\u00e3o da Linha Vermelha com a Via Light e a liga\u00e7\u00e3o da Via Light com a Rodovia Presidente Dutra.<br><br>Segundo Pinho, sem esses investimentos, n\u00e3o h\u00e1 como reduzir os engarrafamentos di\u00e1rios que hoje ocorrem no per\u00edodo noturno na Rodovia Presidente Dutra, que \u00e9 a \u00fanica rodovia de grande porte ligando a capital \u00e0s maiores cidades dessa regi\u00e3o.<br><br>&#8220;A Linha Vermelha \u00e9 um neg\u00f3cio do tamanho da Ponte Rio-Niter\u00f3i&#8221;, compara o secret\u00e1rio.<br><br>Pinho afirmou que o governo vai estar preparado para as cr\u00edticas que v\u00e3o ocorrer pela ideia de se criar um ped\u00e1gio em \u00e1rea urbana. Segundo ele, a ideia \u00e9 ter uma campanha de comunica\u00e7\u00e3o forte para mostrar que o valor a ser pago no ped\u00e1gio vai compensar o tempo e os custos que os motoristas perdem hoje nos engarrafamentos.<br><br>De acordo com o secret\u00e1rio, a via teria maior seguran\u00e7a com sistema de vigil\u00e2ncia podendo pagar a policiais para trabalhar no servi\u00e7o de ronda armada. A maior vantagem, contudo, seria no ganho de tempo.&nbsp;<br><br>&#8220;A ideia \u00e9 tirar o cara do engarrafamento da Dutra e jogar ele direto dentro das cidades. S\u00f3 o que ele vai deixar de gastar de&nbsp;combust\u00edvel com o carro parado j\u00e1 vai ser vantagem&#8221;, disse o secret\u00e1rio. &#8220;Temos que mostrar que os benef\u00edcios ser\u00e3o grandes.&#8221;<br><br>O BNDES tamb\u00e9m foi contratado para estruturar outros dois lotes de concess\u00e3o no estado, o chamado Lote Sul, com as rodovias RJ-127-145-155; e o Lote Litoral Norte, com a RJ-106-162, ligando a regi\u00e3o de Niter\u00f3i a Maca\u00e9, que, segundo Pinho, podem ter as propostas finalizadas ap\u00f3s o Lote Metropolitano.<br><br>Nos dois casos, de acordo com o secret\u00e1rio, a ideia \u00e9 ter concess\u00f5es mais simples, que tenham custos operacionais baixos (sem atendimento m\u00e9dico, por exemplo) e com baixos investimentos em amplia\u00e7\u00e3o de capacidade. Segundo ele, as rodovias s\u00e3o antigas e precisariam de algum investimento.<br><br>Mas o fluxo n\u00e3o sustentaria investimentos maiores, apenas um bom sistema de manuten\u00e7\u00e3o e conserva\u00e7\u00e3o das vias, para o qual o caixa do governo j\u00e1 n\u00e3o tem mais capacidade de fazer.<br><br>&#8220;N\u00e3o d\u00e1 para ir do inferno para o c\u00e9u direto. Precisa passar no purgat\u00f3rio. Tem rodovia dessas que \u00e9 sem acostamento. Isso n\u00e3o contribui para a economia e seguran\u00e7a&#8221;, disse, citando os investimentos b\u00e1sicos que ter\u00e3o que ser implementados.<br><br>Al\u00e9m desses tr\u00eas lotes, o governo estadual tem dois lotes de concess\u00f5es para as quais recebeu PMI (Proposi\u00e7\u00e3o de Manifesta\u00e7\u00e3o de Interesse). Um \u00e9 para a implanta\u00e7\u00e3o de uma rodovia entre o Porto do A\u00e7u e a BR-101, de 45 quil\u00f4metros. O outro para um lote que englobaria as rodovias Lote Norte, com as RJ-122-158-160-186.<br><br>Segundo Pinho \u00e9 poss\u00edvel levar esses dois lotes de concess\u00f5es para uma consulta p\u00fablica ainda neste ano e finalizar a proposta para a licita\u00e7\u00e3o tamb\u00e9m em 2021. Segundo ele, os dois lotes estavam parados porque &#8220;a \u00e9poca n\u00e3o estava boa&#8221;.<\/p>\n","protected":false},"excerpt":{"rendered":"<p>Dimmi Amora, da&nbsp;Ag\u00eancia iNFRA O governo do Rio de Janeiro pediu ao BNDES e aos consultores contratados para realizar os estudos de tr\u00eas concess\u00f5es rodovi\u00e1rias no estado que acelerem os trabalhos para que pelo menos o lote chamado de &#8220;Vias Metropolitanas&#8221; possa ter audi\u00eancias p\u00fablicas iniciadas em 2021. O pedido foi feito no primeiro encontro [&hellip;]<\/p>\n","protected":false},"author":9,"featured_media":6591,"comment_status":"closed","ping_status":"closed","sticky":false,"template":"","format":"standard","meta":{"_monsterinsights_skip_tracking":false,"_monsterinsights_sitenote_active":false,"_monsterinsights_sitenote_note":"","_monsterinsights_sitenote_category":0,"footnotes":""},"categories":[1,7],"tags":[103,435,78,1523,2742,3292,65,3237,1654,1576,126,3290,3291],"class_list":["post-6590","post","type-post","status-publish","format-standard","has-post-thumbnail","hentry","category-geral","category-infratransporte","tag-bndes","tag-br-101","tag-concessoes","tag-delmo-pinho","tag-linha-vermelha","tag-lote-norte","tag-pmi","tag-porto-do-acu","tag-rio-de-janeiro","tag-rodovia-presidente-dutra","tag-rodovias","tag-rodovias-metropolitanas","tag-via-light"],"yoast_head":"<!-- This site is optimized with the Yoast SEO Premium plugin v25.4 (Yoast SEO v26.0) - https:\/\/yoast.com\/wordpress\/plugins\/seo\/ -->\n<title>Governo do Rio quer acelerar superconcess\u00e3o de rodovias metropolitanas no estado - Ag\u00eancia iNFRA<\/title>\n<meta name=\"robots\" content=\"index, follow, max-snippet:-1, max-image-preview:large, max-video-preview:-1\" \/>\n<link rel=\"canonical\" href=\"https:\/\/agenciainfra.com\/blog\/governo-do-rio-quer-acelerar-superconcessao-de-rodovias-metropolitanas-no-estado\/\" \/>\n<meta property=\"og:locale\" content=\"pt_BR\" \/>\n<meta property=\"og:type\" content=\"article\" \/>\n<meta property=\"og:title\" content=\"Governo do Rio quer acelerar superconcess\u00e3o de rodovias metropolitanas no estado\" \/>\n<meta property=\"og:description\" content=\"Dimmi Amora, da&nbsp;Ag\u00eancia iNFRA O governo do Rio de Janeiro pediu ao BNDES e aos consultores contratados para realizar os estudos de tr\u00eas concess\u00f5es rodovi\u00e1rias no estado que acelerem os trabalhos para que pelo menos o lote chamado de &#8220;Vias Metropolitanas&#8221; possa ter audi\u00eancias p\u00fablicas iniciadas em 2021. O pedido foi feito no primeiro encontro [&hellip;]\" \/>\n<meta property=\"og:url\" content=\"https:\/\/agenciainfra.com\/blog\/governo-do-rio-quer-acelerar-superconcessao-de-rodovias-metropolitanas-no-estado\/\" \/>\n<meta property=\"og:site_name\" content=\"Ag\u00eancia iNFRA\" \/>\n<meta property=\"article:publisher\" content=\"https:\/\/www.facebook.com\/ageninfra\" \/>\n<meta property=\"article:published_time\" content=\"2021-01-07T11:00:00+00:00\" \/>\n<meta property=\"og:image\" content=\"https:\/\/agenciainfra.com\/blog\/wp-content\/uploads\/2021\/01\/delmo-pinho-foto-roque-de-sa-agencia-senado.jpg\" \/>\n\t<meta property=\"og:image:width\" content=\"1280\" \/>\n\t<meta property=\"og:image:height\" content=\"853\" \/>\n\t<meta property=\"og:image:type\" content=\"image\/jpeg\" \/>\n<meta name=\"author\" content=\"Rodrigo Zuquim\" \/>\n<meta name=\"twitter:card\" content=\"summary_large_image\" \/>\n<meta name=\"twitter:creator\" content=\"@agencia_infra\" \/>\n<meta name=\"twitter:site\" content=\"@agencia_infra\" \/>\n<meta name=\"twitter:label1\" content=\"Escrito por\" \/>\n\t<meta name=\"twitter:data1\" content=\"Rodrigo Zuquim\" \/>\n\t<meta name=\"twitter:label2\" content=\"Est. tempo de leitura\" \/>\n\t<meta name=\"twitter:data2\" content=\"3 minutos\" \/>\n<script type=\"application\/ld+json\" class=\"yoast-schema-graph\">{\"@context\":\"https:\/\/schema.org\",\"@graph\":[{\"@type\":\"Article\",\"@id\":\"https:\/\/agenciainfra.com\/blog\/governo-do-rio-quer-acelerar-superconcessao-de-rodovias-metropolitanas-no-estado\/#article\",\"isPartOf\":{\"@id\":\"https:\/\/agenciainfra.com\/blog\/governo-do-rio-quer-acelerar-superconcessao-de-rodovias-metropolitanas-no-estado\/\"},\"author\":{\"name\":\"Rodrigo Zuquim\",\"@id\":\"https:\/\/agenciainfra.com\/blog\/#\/schema\/person\/04dbb79bd6d8951f063da71f3e4c1eb1\"},\"headline\":\"Governo do Rio quer acelerar superconcess\u00e3o de rodovias metropolitanas no estado\",\"datePublished\":\"2021-01-07T11:00:00+00:00\",\"mainEntityOfPage\":{\"@id\":\"https:\/\/agenciainfra.com\/blog\/governo-do-rio-quer-acelerar-superconcessao-de-rodovias-metropolitanas-no-estado\/\"},\"wordCount\":676,\"publisher\":{\"@id\":\"https:\/\/agenciainfra.com\/blog\/#organization\"},\"image\":{\"@id\":\"https:\/\/agenciainfra.com\/blog\/governo-do-rio-quer-acelerar-superconcessao-de-rodovias-metropolitanas-no-estado\/#primaryimage\"},\"thumbnailUrl\":\"https:\/\/agenciainfra.com\/blog\/wp-content\/uploads\/2021\/01\/delmo-pinho-foto-roque-de-sa-agencia-senado.jpg\",\"keywords\":[\"BNDES\",\"BR-101\",\"concess\u00f5es\",\"Delmo Pinho\",\"Linha Vermelha\",\"Lote Norte\",\"PMI\",\"Porto do A\u00e7u\",\"Rio de Janeiro\",\"Rodovia Presidente Dutra\",\"rodovias\",\"rodovias metropolitanas\",\"Via Light\"],\"articleSection\":[\"Geral\",\"iNFRATransporte\"],\"inLanguage\":\"pt-BR\",\"copyrightYear\":\"2021\",\"copyrightHolder\":{\"@id\":\"https:\/\/agenciainfra.com\/blog\/#organization\"}},{\"@type\":\"WebPage\",\"@id\":\"https:\/\/agenciainfra.com\/blog\/governo-do-rio-quer-acelerar-superconcessao-de-rodovias-metropolitanas-no-estado\/\",\"url\":\"https:\/\/agenciainfra.com\/blog\/governo-do-rio-quer-acelerar-superconcessao-de-rodovias-metropolitanas-no-estado\/\",\"name\":\"Governo do Rio quer acelerar superconcess\u00e3o de rodovias metropolitanas no estado - Ag\u00eancia iNFRA\",\"isPartOf\":{\"@id\":\"https:\/\/agenciainfra.com\/blog\/#website\"},\"primaryImageOfPage\":{\"@id\":\"https:\/\/agenciainfra.com\/blog\/governo-do-rio-quer-acelerar-superconcessao-de-rodovias-metropolitanas-no-estado\/#primaryimage\"},\"image\":{\"@id\":\"https:\/\/agenciainfra.com\/blog\/governo-do-rio-quer-acelerar-superconcessao-de-rodovias-metropolitanas-no-estado\/#primaryimage\"},\"thumbnailUrl\":\"https:\/\/agenciainfra.com\/blog\/wp-content\/uploads\/2021\/01\/delmo-pinho-foto-roque-de-sa-agencia-senado.jpg\",\"datePublished\":\"2021-01-07T11:00:00+00:00\",\"breadcrumb\":{\"@id\":\"https:\/\/agenciainfra.com\/blog\/governo-do-rio-quer-acelerar-superconcessao-de-rodovias-metropolitanas-no-estado\/#breadcrumb\"},\"inLanguage\":\"pt-BR\",\"potentialAction\":[{\"@type\":\"ReadAction\",\"target\":[\"https:\/\/agenciainfra.com\/blog\/governo-do-rio-quer-acelerar-superconcessao-de-rodovias-metropolitanas-no-estado\/\"]}]},{\"@type\":\"ImageObject\",\"inLanguage\":\"pt-BR\",\"@id\":\"https:\/\/agenciainfra.com\/blog\/governo-do-rio-quer-acelerar-superconcessao-de-rodovias-metropolitanas-no-estado\/#primaryimage\",\"url\":\"https:\/\/agenciainfra.com\/blog\/wp-content\/uploads\/2021\/01\/delmo-pinho-foto-roque-de-sa-agencia-senado.jpg\",\"contentUrl\":\"https:\/\/agenciainfra.com\/blog\/wp-content\/uploads\/2021\/01\/delmo-pinho-foto-roque-de-sa-agencia-senado.jpg\",\"width\":1280,\"height\":853},{\"@type\":\"BreadcrumbList\",\"@id\":\"https:\/\/agenciainfra.com\/blog\/governo-do-rio-quer-acelerar-superconcessao-de-rodovias-metropolitanas-no-estado\/#breadcrumb\",\"itemListElement\":[{\"@type\":\"ListItem\",\"position\":1,\"name\":\"In\u00edcio\",\"item\":\"https:\/\/agenciainfra.com\/blog\/\"},{\"@type\":\"ListItem\",\"position\":2,\"name\":\"Governo do Rio quer acelerar superconcess\u00e3o de rodovias metropolitanas no estado\"}]},{\"@type\":\"WebSite\",\"@id\":\"https:\/\/agenciainfra.com\/blog\/#website\",\"url\":\"https:\/\/agenciainfra.com\/blog\/\",\"name\":\"Ag\u00eancia iNFRA\",\"description\":\"Multiplataforma de informa\u00e7\u00e3o jornal\u00edstica refer\u00eancia na \u00e1rea de infraestrutura no Brasil!\",\"publisher\":{\"@id\":\"https:\/\/agenciainfra.com\/blog\/#organization\"},\"potentialAction\":[{\"@type\":\"SearchAction\",\"target\":{\"@type\":\"EntryPoint\",\"urlTemplate\":\"https:\/\/agenciainfra.com\/blog\/?s={search_term_string}\"},\"query-input\":{\"@type\":\"PropertyValueSpecification\",\"valueRequired\":true,\"valueName\":\"search_term_string\"}}],\"inLanguage\":\"pt-BR\"},{\"@type\":\"Organization\",\"@id\":\"https:\/\/agenciainfra.com\/blog\/#organization\",\"name\":\"Ag\u00eancia iNFRA\",\"url\":\"https:\/\/agenciainfra.com\/blog\/\",\"logo\":{\"@type\":\"ImageObject\",\"inLanguage\":\"pt-BR\",\"@id\":\"https:\/\/agenciainfra.com\/blog\/#\/schema\/logo\/image\/\",\"url\":\"https:\/\/agenciainfra.com\/blog\/wp-content\/uploads\/2023\/09\/iNFRA_5-e1761735885940.png\",\"contentUrl\":\"https:\/\/agenciainfra.com\/blog\/wp-content\/uploads\/2023\/09\/iNFRA_5-e1761735885940.png\",\"width\":1672,\"height\":454,\"caption\":\"Ag\u00eancia iNFRA\"},\"image\":{\"@id\":\"https:\/\/agenciainfra.com\/blog\/#\/schema\/logo\/image\/\"},\"sameAs\":[\"https:\/\/www.facebook.com\/ageninfra\",\"https:\/\/x.com\/agencia_infra\",\"https:\/\/www.linkedin.com\/company\/ag\u00eanciainfra\/\",\"https:\/\/www.instagram.com\/agenciainfra\/\"]},{\"@type\":\"Person\",\"@id\":\"https:\/\/agenciainfra.com\/blog\/#\/schema\/person\/04dbb79bd6d8951f063da71f3e4c1eb1\",\"name\":\"Rodrigo Zuquim\",\"image\":{\"@type\":\"ImageObject\",\"inLanguage\":\"pt-BR\",\"@id\":\"https:\/\/agenciainfra.com\/blog\/#\/schema\/person\/image\/\",\"url\":\"https:\/\/secure.gravatar.com\/avatar\/594abfe82761d620726242ff34ca472a705a4b97f16c790053a6b4c4035274d0?s=96&d=mm&r=g\",\"contentUrl\":\"https:\/\/secure.gravatar.com\/avatar\/594abfe82761d620726242ff34ca472a705a4b97f16c790053a6b4c4035274d0?s=96&d=mm&r=g\",\"caption\":\"Rodrigo Zuquim\"},\"url\":\"https:\/\/agenciainfra.com\/blog\/author\/rodrigo-zuquim\/\"}]}<\/script>\n<!-- \/ Yoast SEO Premium plugin. -->","yoast_head_json":{"title":"Governo do Rio quer acelerar superconcess\u00e3o de rodovias metropolitanas no estado - Ag\u00eancia iNFRA","robots":{"index":"index","follow":"follow","max-snippet":"max-snippet:-1","max-image-preview":"max-image-preview:large","max-video-preview":"max-video-preview:-1"},"canonical":"https:\/\/agenciainfra.com\/blog\/governo-do-rio-quer-acelerar-superconcessao-de-rodovias-metropolitanas-no-estado\/","og_locale":"pt_BR","og_type":"article","og_title":"Governo do Rio quer acelerar superconcess\u00e3o de rodovias metropolitanas no estado","og_description":"Dimmi Amora, da&nbsp;Ag\u00eancia iNFRA O governo do Rio de Janeiro pediu ao BNDES e aos consultores contratados para realizar os estudos de tr\u00eas concess\u00f5es rodovi\u00e1rias no estado que acelerem os trabalhos para que pelo menos o lote chamado de &#8220;Vias Metropolitanas&#8221; possa ter audi\u00eancias p\u00fablicas iniciadas em 2021. O pedido foi feito no primeiro encontro [&hellip;]","og_url":"https:\/\/agenciainfra.com\/blog\/governo-do-rio-quer-acelerar-superconcessao-de-rodovias-metropolitanas-no-estado\/","og_site_name":"Ag\u00eancia iNFRA","article_publisher":"https:\/\/www.facebook.com\/ageninfra","article_published_time":"2021-01-07T11:00:00+00:00","og_image":[{"width":1280,"height":853,"url":"https:\/\/agenciainfra.com\/blog\/wp-content\/uploads\/2021\/01\/delmo-pinho-foto-roque-de-sa-agencia-senado.jpg","type":"image\/jpeg"}],"author":"Rodrigo Zuquim","twitter_card":"summary_large_image","twitter_creator":"@agencia_infra","twitter_site":"@agencia_infra","twitter_misc":{"Escrito por":"Rodrigo Zuquim","Est. tempo de leitura":"3 minutos"},"schema":{"@context":"https:\/\/schema.org","@graph":[{"@type":"Article","@id":"https:\/\/agenciainfra.com\/blog\/governo-do-rio-quer-acelerar-superconcessao-de-rodovias-metropolitanas-no-estado\/#article","isPartOf":{"@id":"https:\/\/agenciainfra.com\/blog\/governo-do-rio-quer-acelerar-superconcessao-de-rodovias-metropolitanas-no-estado\/"},"author":{"name":"Rodrigo Zuquim","@id":"https:\/\/agenciainfra.com\/blog\/#\/schema\/person\/04dbb79bd6d8951f063da71f3e4c1eb1"},"headline":"Governo do Rio quer acelerar superconcess\u00e3o de rodovias metropolitanas no estado","datePublished":"2021-01-07T11:00:00+00:00","mainEntityOfPage":{"@id":"https:\/\/agenciainfra.com\/blog\/governo-do-rio-quer-acelerar-superconcessao-de-rodovias-metropolitanas-no-estado\/"},"wordCount":676,"publisher":{"@id":"https:\/\/agenciainfra.com\/blog\/#organization"},"image":{"@id":"https:\/\/agenciainfra.com\/blog\/governo-do-rio-quer-acelerar-superconcessao-de-rodovias-metropolitanas-no-estado\/#primaryimage"},"thumbnailUrl":"https:\/\/agenciainfra.com\/blog\/wp-content\/uploads\/2021\/01\/delmo-pinho-foto-roque-de-sa-agencia-senado.jpg","keywords":["BNDES","BR-101","concess\u00f5es","Delmo Pinho","Linha Vermelha","Lote Norte","PMI","Porto do A\u00e7u","Rio de Janeiro","Rodovia Presidente Dutra","rodovias","rodovias metropolitanas","Via Light"],"articleSection":["Geral","iNFRATransporte"],"inLanguage":"pt-BR","copyrightYear":"2021","copyrightHolder":{"@id":"https:\/\/agenciainfra.com\/blog\/#organization"}},{"@type":"WebPage","@id":"https:\/\/agenciainfra.com\/blog\/governo-do-rio-quer-acelerar-superconcessao-de-rodovias-metropolitanas-no-estado\/","url":"https:\/\/agenciainfra.com\/blog\/governo-do-rio-quer-acelerar-superconcessao-de-rodovias-metropolitanas-no-estado\/","name":"Governo do Rio quer acelerar superconcess\u00e3o de rodovias metropolitanas no estado - Ag\u00eancia iNFRA","isPartOf":{"@id":"https:\/\/agenciainfra.com\/blog\/#website"},"primaryImageOfPage":{"@id":"https:\/\/agenciainfra.com\/blog\/governo-do-rio-quer-acelerar-superconcessao-de-rodovias-metropolitanas-no-estado\/#primaryimage"},"image":{"@id":"https:\/\/agenciainfra.com\/blog\/governo-do-rio-quer-acelerar-superconcessao-de-rodovias-metropolitanas-no-estado\/#primaryimage"},"thumbnailUrl":"https:\/\/agenciainfra.com\/blog\/wp-content\/uploads\/2021\/01\/delmo-pinho-foto-roque-de-sa-agencia-senado.jpg","datePublished":"2021-01-07T11:00:00+00:00","breadcrumb":{"@id":"https:\/\/agenciainfra.com\/blog\/governo-do-rio-quer-acelerar-superconcessao-de-rodovias-metropolitanas-no-estado\/#breadcrumb"},"inLanguage":"pt-BR","potentialAction":[{"@type":"ReadAction","target":["https:\/\/agenciainfra.com\/blog\/governo-do-rio-quer-acelerar-superconcessao-de-rodovias-metropolitanas-no-estado\/"]}]},{"@type":"ImageObject","inLanguage":"pt-BR","@id":"https:\/\/agenciainfra.com\/blog\/governo-do-rio-quer-acelerar-superconcessao-de-rodovias-metropolitanas-no-estado\/#primaryimage","url":"https:\/\/agenciainfra.com\/blog\/wp-content\/uploads\/2021\/01\/delmo-pinho-foto-roque-de-sa-agencia-senado.jpg","contentUrl":"https:\/\/agenciainfra.com\/blog\/wp-content\/uploads\/2021\/01\/delmo-pinho-foto-roque-de-sa-agencia-senado.jpg","width":1280,"height":853},{"@type":"BreadcrumbList","@id":"https:\/\/agenciainfra.com\/blog\/governo-do-rio-quer-acelerar-superconcessao-de-rodovias-metropolitanas-no-estado\/#breadcrumb","itemListElement":[{"@type":"ListItem","position":1,"name":"In\u00edcio","item":"https:\/\/agenciainfra.com\/blog\/"},{"@type":"ListItem","position":2,"name":"Governo do Rio quer acelerar superconcess\u00e3o de rodovias metropolitanas no estado"}]},{"@type":"WebSite","@id":"https:\/\/agenciainfra.com\/blog\/#website","url":"https:\/\/agenciainfra.com\/blog\/","name":"Ag\u00eancia iNFRA","description":"Multiplataforma de informa\u00e7\u00e3o jornal\u00edstica refer\u00eancia na \u00e1rea de infraestrutura no Brasil!","publisher":{"@id":"https:\/\/agenciainfra.com\/blog\/#organization"},"potentialAction":[{"@type":"SearchAction","target":{"@type":"EntryPoint","urlTemplate":"https:\/\/agenciainfra.com\/blog\/?s={search_term_string}"},"query-input":{"@type":"PropertyValueSpecification","valueRequired":true,"valueName":"search_term_string"}}],"inLanguage":"pt-BR"},{"@type":"Organization","@id":"https:\/\/agenciainfra.com\/blog\/#organization","name":"Ag\u00eancia iNFRA","url":"https:\/\/agenciainfra.com\/blog\/","logo":{"@type":"ImageObject","inLanguage":"pt-BR","@id":"https:\/\/agenciainfra.com\/blog\/#\/schema\/logo\/image\/","url":"https:\/\/agenciainfra.com\/blog\/wp-content\/uploads\/2023\/09\/iNFRA_5-e1761735885940.png","contentUrl":"https:\/\/agenciainfra.com\/blog\/wp-content\/uploads\/2023\/09\/iNFRA_5-e1761735885940.png","width":1672,"height":454,"caption":"Ag\u00eancia iNFRA"},"image":{"@id":"https:\/\/agenciainfra.com\/blog\/#\/schema\/logo\/image\/"},"sameAs":["https:\/\/www.facebook.com\/ageninfra","https:\/\/x.com\/agencia_infra","https:\/\/www.linkedin.com\/company\/ag\u00eanciainfra\/","https:\/\/www.instagram.com\/agenciainfra\/"]},{"@type":"Person","@id":"https:\/\/agenciainfra.com\/blog\/#\/schema\/person\/04dbb79bd6d8951f063da71f3e4c1eb1","name":"Rodrigo Zuquim","image":{"@type":"ImageObject","inLanguage":"pt-BR","@id":"https:\/\/agenciainfra.com\/blog\/#\/schema\/person\/image\/","url":"https:\/\/secure.gravatar.com\/avatar\/594abfe82761d620726242ff34ca472a705a4b97f16c790053a6b4c4035274d0?s=96&d=mm&r=g","contentUrl":"https:\/\/secure.gravatar.com\/avatar\/594abfe82761d620726242ff34ca472a705a4b97f16c790053a6b4c4035274d0?s=96&d=mm&r=g","caption":"Rodrigo Zuquim"},"url":"https:\/\/agenciainfra.com\/blog\/author\/rodrigo-zuquim\/"}]}},"_links":{"self":[{"href":"https:\/\/agenciainfra.com\/blog\/wp-json\/wp\/v2\/posts\/6590","targetHints":{"allow":["GET"]}}],"collection":[{"href":"https:\/\/agenciainfra.com\/blog\/wp-json\/wp\/v2\/posts"}],"about":[{"href":"https:\/\/agenciainfra.com\/blog\/wp-json\/wp\/v2\/types\/post"}],"author":[{"embeddable":true,"href":"https:\/\/agenciainfra.com\/blog\/wp-json\/wp\/v2\/users\/9"}],"replies":[{"embeddable":true,"href":"https:\/\/agenciainfra.com\/blog\/wp-json\/wp\/v2\/comments?post=6590"}],"version-history":[{"count":0,"href":"https:\/\/agenciainfra.com\/blog\/wp-json\/wp\/v2\/posts\/6590\/revisions"}],"wp:featuredmedia":[{"embeddable":true,"href":"https:\/\/agenciainfra.com\/blog\/wp-json\/wp\/v2\/media\/6591"}],"wp:attachment":[{"href":"https:\/\/agenciainfra.com\/blog\/wp-json\/wp\/v2\/media?parent=6590"}],"wp:term":[{"taxonomy":"category","embeddable":true,"href":"https:\/\/agenciainfra.com\/blog\/wp-json\/wp\/v2\/categories?post=6590"},{"taxonomy":"post_tag","embeddable":true,"href":"https:\/\/agenciainfra.com\/blog\/wp-json\/wp\/v2\/tags?post=6590"}],"curies":[{"name":"wp","href":"https:\/\/api.w.org\/{rel}","templated":true}]}}