{"id":6593,"date":"2021-01-08T08:00:00","date_gmt":"2021-01-08T11:00:00","guid":{"rendered":"https:\/\/www.agenciainfra.com\/blog\/?p=6593"},"modified":"2021-01-07T10:23:01","modified_gmt":"2021-01-07T13:23:01","slug":"termicas-inflexiveis-sao-pagina-virada-diz-presidente-da-abrace","status":"publish","type":"post","link":"https:\/\/agenciainfra.com\/blog\/termicas-inflexiveis-sao-pagina-virada-diz-presidente-da-abrace\/","title":{"rendered":"&#8220;T\u00e9rmicas inflex\u00edveis s\u00e3o p\u00e1gina virada&#8221;, diz presidente da Abrace"},"content":{"rendered":"\n<hr class=\"wp-block-separator\"\/>\n\n\n\n<p class=\"has-text-align-right\"><strong>&nbsp; Nestor Rabello, da Ag\u00eancia iNFRA<\/strong><\/p>\n\n\n\n<p>O presidente da Abrace (Associa\u00e7\u00e3o Brasileira de Grandes Consumidores de Energia), Paulo Pedrosa, enxerga na discuss\u00e3o ocorrida sobre a inflexibilidade das t\u00e9rmicas a g\u00e1s (usinas gerando o tempo todo, na base do sistema el\u00e9trico), no \u00e2mbito da Nova Lei do G\u00e1s (PL\u00a0<a rel=\"noreferrer noopener\" href=\"https:\/\/agenciainfra.us14.list-manage.com\/track\/click?u=d460dd1bcf9ba0ae040e1fc0f&amp;id=dabe1f8b96&amp;e=c099169394\" target=\"_blank\">4.476\/2020<\/a>), uma tese vencida. Segundo ele, a pol\u00edtica para essas usinas deve &#8220;ser por m\u00e9rito e n\u00e3o por m\u00e1gica&#8221;.\u00a0<br><br>Ex-secret\u00e1rio-executivo do MME (Minist\u00e9rio de Minas e Energia), Pedrosa defende que a gera\u00e7\u00e3o de base seja feita com racionalidade. Na sua vis\u00e3o, solu\u00e7\u00f5es desse tipo encarecem as tarifas e podem gerar um \u201csobreinvestimento\u201d no setor.<br><br>\u201cA gente tem que tomar muito cuidado com discurso do setor el\u00e9trico para n\u00e3o aproveitar o momento de crise para assustar a sociedade num discurso de defender, por exemplo, sobreinvestimento \u2013 que vai virar tarifa \u2013\u00a0ou o adiamento da moderniza\u00e7\u00e3o do setor\u201d, disse o executivo em entrevista \u00e0\u00a0<strong>Ag\u00eancia iNFRA<\/strong>.\u00a0<br><br>Pedrosa avaliou que o ano que se encerrou representou uma aproxima\u00e7\u00e3o da ind\u00fastria das discuss\u00f5es do setor el\u00e9trico.\u00a0<br><br>O grupo de grandes consumidores industriais participou ativamente das conversas sobre o assunto\u00a0durante a tramita\u00e7\u00e3o da Nova Lei do G\u00e1s na C\u00e2mara, onde foi aprovado um texto que promove uma abertura maior e mais competitiva do mercado, na vis\u00e3o de sua entidade e tamb\u00e9m do governo.<br><br>Para o pr\u00f3ximo ano, o executivo espera a continuidade da pauta de moderniza\u00e7\u00e3o do setor el\u00e9trico no Congresso Nacional e a conclus\u00e3o da aprecia\u00e7\u00e3o da Nova Lei do G\u00e1s, que sofreu altera\u00e7\u00f5es no Senado. Confira os principais trechos da entrevista:<br><br><strong>Ag\u00eancia iNFRA: Qual a avalia\u00e7\u00e3o da Abrace sobre o ano que agora se encerrou e quais as expectativas para 2021?<\/strong><br><strong>Paulo Pedrosa:<\/strong>\u00a02020 foi um ano totalmente at\u00edpico e que em muitas coisas n\u00f3s tivemos que nos reinventar. Ao contr\u00e1rio de tudo que a gente achou no in\u00edcio, esse reinventar n\u00e3o significou menos contato, pelo menos no campo profissional. Para a\u00a0Abrace, foi um ano de muita interlocu\u00e7\u00e3o com governo, Congresso e principalmente de aproxima\u00e7\u00e3o do setor industrial. O grande aprendizado que ficou, e que diferencia de anos anteriores, foi a gente perceber que precisa trazer a ind\u00fastria para as discuss\u00f5es de energia mais para perto.<br><br>\u00a0Avan\u00e7os importantes no ano passado como a aprova\u00e7\u00e3o da Lei do G\u00e1s na C\u00e2mara dos Deputados e a constru\u00e7\u00e3o de uma unidade em torno da moderniza\u00e7\u00e3o do setor de energia e da amplia\u00e7\u00e3o da transpar\u00eancia e competi\u00e7\u00e3o nos anima para, em 2021, continuar nesse caminho.<br><br><strong>O setor el\u00e9trico se recupera do per\u00edodo da pandemia. H\u00e1 alguma preocupa\u00e7\u00e3o se h\u00e1 capacidade\u00a0 hoje em acompanhar a retomada da economia em 2021?<\/strong><br>O setor el\u00e9trico est\u00e1 se recuperando, ponto e v\u00edrgula. Porque ele passou pela crise numa condi\u00e7\u00e3o imensamente melhor que o resto da economia. Ele \u00e9 privilegiado e protegido. Parte disso \u00e9 a pr\u00f3pria regra do setor. Mas foi imensamente melhor tratado do que, por exemplo, o setor industrial.\u00a0<br><br>A gente tem que tomar muito cuidado com discurso do setor el\u00e9trico para n\u00e3o aproveitar o momento de crise para assustar a sociedade num discurso de defender, por exemplo, sobreinvestimento \u2013 que vai virar tarifa \u2013\u00a0ou o adiamento da moderniza\u00e7\u00e3o do setor. O setor precisa da mesma press\u00e3o competitiva e de inova\u00e7\u00e3o que a economia real est\u00e1 submetida.\u00a0<br><br>Ent\u00e3o, \u00e9 tomar muito cuidado com discursos que repetem a hist\u00f3ria do setor, que algumas vezes seguem o caminho de promover\u00a0<em>fake news<\/em>, como aconteceu neste ano na campanha bem sucedida de defesa de subs\u00eddios que oneram os consumidores, e buscar um enfrentamento maior desse vetor de pedalar o setor el\u00e9trico repetindo o passado e postergando sua necess\u00e1ria moderniza\u00e7\u00e3o, incluindo o setor de g\u00e1s.<br><br><strong>Acha que na quest\u00e3o do sobreinvestimento se encaixa a discuss\u00e3o que houve sobre as t\u00e9rmicas inflex\u00edveis no \u00e2mbito da Lei do G\u00e1s?<\/strong><br>Veja bem, sobre as t\u00e9rmicas inflex\u00edveis, a p\u00e1gina est\u00e1 virada. Na C\u00e2mara dos Deputados e no Senado Federal essa tese foi derrotada. Ent\u00e3o, ela sequer poder\u00e1 ser observada nas discuss\u00f5es que ainda acontecer\u00e3o na C\u00e2mara, que vai escolher entre o projeto original dela e o projeto aprovado no Senado, e essas t\u00e9rmicas n\u00e3o est\u00e3o em nenhum dos dois. Ent\u00e3o, isso \u00e9 p\u00e1gina virada. Vamos agora olhar para os outros problemas [do texto] porque esse foi evitado.<br><br><strong>Voc\u00ea acredita que deve haver uma pol\u00edtica do MME no sentido de melhorar a seguran\u00e7a energ\u00e9tica?<\/strong><br>A pol\u00edtica deve ser a de racionalidade. T\u00e9rmicas por m\u00e9rito e n\u00e3o por m\u00e1gica. Onde elas forem eficientes, vi\u00e1veis, competitivas, onde os atributos dessas t\u00e9rmicas forem reconhecidos de maneira t\u00e9cnica, elas precisam vir. Sejam t\u00e9rmicas inflex\u00edveis na base, que precisam ser muito competitivas, sejam as t\u00e9rmicas que v\u00e3o ajudar a firmar as renov\u00e1veis. E o custo delas tem que ser atribu\u00eddo de maneira adequada. Voc\u00ea n\u00e3o pode ratear isso por todos os consumidores, precisa alocar adequadamente esse custo a quem d\u00e1 causa a ele. Isso \u00e9 fazer por m\u00e9rito, e n\u00e3o por m\u00e1gica. E por m\u00e9rito, somos super a favor das t\u00e9rmicas.<br><br><strong>Voc\u00ea acredita que o tratamento que o governo est\u00e1 dando vai nesse sentido e permite a competitividade desses agentes?<\/strong><br>A competitividade, como em toda a situa\u00e7\u00e3o, vai depender do pre\u00e7o do g\u00e1s. Dos arranjos para constru\u00e7\u00e3o das instala\u00e7\u00f5es. Eu acredito que, com a oferta de g\u00e1s do pr\u00e9-sal e considerando o custo da oportunidade, haver\u00e1 g\u00e1s muito competitivo para gera\u00e7\u00e3o termel\u00e9trica.<br><br><strong>Isso n\u00e3o deixaria o g\u00e1s mais competitivo no litoral?<\/strong><br>Ficaria [competitivo] onde tiver que ser. Inclusive, esse racioc\u00ednio vale para tudo. Por exemplo, a e\u00f3lica distante que aumenta o custo de transmiss\u00e3o e que subutiliza a transmiss\u00e3o tem que ser adequadamente comparada com a t\u00e9rmica que gera na base, praticamente sem perdas, e sem utilizar a transmiss\u00e3o. O jogo tem que ser limpo e igual para todo mundo, valorizando os atributos. \u00c9 isso que n\u00f3s defendemos e que ganhe o melhor. \u00c9 o que vai trazer competitividade para a economia brasileira \u2013 sem governo, sem agente, sem ningu\u00e9m escolhendo o vencedor.\u00a0<br><br><strong>A MP (Medida Provis\u00f3ria) 998 perde a validade em fevereiro. O senhor acredita que h\u00e1 risco de que ela caduque? E quais os impactos que deveremos sofrer nessa hip\u00f3tese?<\/strong><br>Essa MP equilibrou maldades e bondades em rela\u00e7\u00e3o ao consumidor. As bondades est\u00e3o muito localizadas nos consumidores do Norte. Ela cair agora \u00e9 um cen\u00e1rio tr\u00e1gico, porque muitas das maldades j\u00e1 ter\u00e3o sido definidas e as bondades n\u00e3o v\u00e3o se efetivar, como por exemplo a redu\u00e7\u00e3o dos subs\u00eddios. \u00c9 muito importante, e trabalhamos muito nessa dire\u00e7\u00e3o e percebo que o governo tamb\u00e9m, preservar, no m\u00ednimo, o equil\u00edbrio dessa medida provis\u00f3ria e fazer todo o esfor\u00e7o para ela ser aprovada j\u00e1 nos primeiros dias de funcionamento do Congresso.<br><br><strong>Varia\u00e7\u00f5es muito s\u00fabitas do PLD (Pre\u00e7o de Liquida\u00e7\u00e3o das Diferen\u00e7as) colocam em risco a opera\u00e7\u00e3o do pre\u00e7o hor\u00e1rio? H\u00e1 algo ainda a ser equalizado?<\/strong><br>No nosso entendimento, havia uma regra que equilibrava a correta representa\u00e7\u00e3o da realidade no pre\u00e7o e a estabilidade desse pr\u00f3prio pre\u00e7o. S\u00e3o dois valores important\u00edssimos no mercado. A correta representa\u00e7\u00e3o da realidade e a previsibilidade. No entendimento da Abrace, a mudan\u00e7a feita no pre\u00e7o no ano passado (sobre opera\u00e7\u00e3o excepcional das UHEs da bacia do Rio S\u00e3o Francisco),\u00a0deveria ter sido anunciada e o efeito dela deveria ser aguardado um tempo conforme s\u00e3o as regras e a expectativa dos agentes.<br><br>Na nossa avalia\u00e7\u00e3o, houve um erro nesse processo, esse erro fez o PLD cair muito (na segunda semana de dezembro) e aumentou os custos dos encargos que os consumidores pagam, perturbou a previsibilidade do mercado. Portanto, nosso entendimento \u00e9 que esse processo deveria ter seguido a l\u00f3gica de um an\u00fancio de um prazo para que os efeitos tivessem sido reconhecidos no pre\u00e7o, e portanto deveria haver uma corre\u00e7\u00e3o, inclusive com a retroa\u00e7\u00e3o dessa decis\u00e3o.<br><br><strong>Mas erros como esse chegam a preocupar, tendo em vista que os pre\u00e7os agora s\u00e3o definidos a cada hora?<\/strong><br>Muito cuidado com os agentes do setor que usam a crise para justificar investimentos desnecess\u00e1rios e sobrecusto ao consumidor, e usam qualquer problema, como por exemplo o problema do Amap\u00e1 e agora esse problema da vaz\u00e3o, para justificar solu\u00e7\u00f5es intervencionistas que v\u00e3o prejudicar o consumidor. Portanto, esse problema n\u00e3o \u00e9 desculpa para postergar nenhuma moderniza\u00e7\u00e3o do setor, nem prejudicar o pre\u00e7o hor\u00e1rio.<br><br><strong>H\u00e1 necessidade de se fazer campanhas de racionaliza\u00e7\u00e3o da \u00e1gua ou os agentes entram em 2021 mais preparados para situa\u00e7\u00f5es como essa?<\/strong><br>Acho que a gente perde sempre a oportunidade no Brasil para educar as pessoas em rela\u00e7\u00e3o \u00e0 energia, que como qualquer produto \u2013\u00a0do fil\u00e9 mignon ao arroz, do aluguel ao autom\u00f3vel \u2013 tem flutua\u00e7\u00f5es de pre\u00e7o, e que demanda \u00e9 parte importante do mercado.\u00a0<br><br>Sempre defendi, por exemplo, que o dinheiro pago pelos consumidores\u00a0nas bandeiras tarif\u00e1rias deveria ser automaticamente utilizado para campanhas na televis\u00e3o. No final, chegamos \u00e0 situa\u00e7\u00e3o em que a bandeira, que \u00e9 como se fosse um term\u00f4metro que mostra a febre, passa a ser vista pela sociedade \u2013\u00a0muitas vezes pelo universo pol\u00edtico \u2013\u00a0como uma coisa ruim, quando ela deveria ser uma informa\u00e7\u00e3o positiva para que o consumidor, ao reduzir um pouco de seu consumo, ele entenda que cada pouquinho do consumo reduzido \u00e9 um consumo reduzido termel\u00e9trico car\u00edssimo.\u00a0<br><br>Acho que a gente perde um pouco essa oportunidade. Por exemplo, ao anunciar as bandeiras, deveria haver campanha de esclarecimento e de uso racional da energia. Toda vez que se fala em uso racional, o trauma da crise do racionamento volta e apavora pessoas de governo e provoca em segmentos do mercado aquele apetite por solu\u00e7\u00f5es intervencionistas. O setor ser\u00e1 melhor quando entendermos que as flutua\u00e7\u00f5es s\u00e3o normais no mercado, inclusive ajudam o mercado a se estabilizar.<br><br><strong>Como o senhor est\u00e1 vendo o setor el\u00e9trico sob a perspectiva de investimentos em 2021?<\/strong><br>O setor \u00e9 um espet\u00e1culo de atratividade, veja s\u00f3 os leil\u00f5es [de transmiss\u00e3o] que aconteceram em dezembro. Veja essa loucura da gera\u00e7\u00e3o distribu\u00edda, que tem projeto anunciando em plataforma 30% de rentabilidade ao ano. O problema do setor n\u00e3o \u00e9 atratividade ou seguran\u00e7a. O problema do setor el\u00e9trico brasileiro e da energia no Brasil \u00e9 a competi\u00e7\u00e3o e competitividade.<br><br><strong>Nesse sentido, qual o maior desafio do setor em 2021?<\/strong><br>A agenda \u00e9 clar\u00edssima. A aprova\u00e7\u00e3o da Lei do G\u00e1s com as corre\u00e7\u00f5es para que ela seja efetivamente pr\u00f3-competi\u00e7\u00e3o e a aprova\u00e7\u00e3o da moderniza\u00e7\u00e3o do setor el\u00e9trico. S\u00e3o dois projetos com potencial gigantesco de desenvolvimento para o pa\u00eds.\u00a0<br><br>Olhe\u00a0os resultados dos leil\u00f5es de saneamento. O Congresso deu ao pa\u00eds a aprova\u00e7\u00e3o da Lei do Saneamento. Em Alagoas, o pre\u00e7o m\u00ednimo que o governador pediu pela concess\u00e3o era R$ 15 milh\u00f5es, e foram mais de R$ 2 bilh\u00f5es pela concess\u00e3o. Isso mostra o tamanho do apetite pelos investimentos em saneamento. V\u00e3o aprovar a Lei do G\u00e1s e a moderniza\u00e7\u00e3o do setor el\u00e9trico e isso vai acontecer na energia. N\u00e3o contra o consumidor, mas a favor do consumidor.<\/p>\n","protected":false},"excerpt":{"rendered":"<p>&nbsp; Nestor Rabello, da Ag\u00eancia iNFRA O presidente da Abrace (Associa\u00e7\u00e3o Brasileira de Grandes Consumidores de Energia), Paulo Pedrosa, enxerga na discuss\u00e3o ocorrida sobre a inflexibilidade das t\u00e9rmicas a g\u00e1s (usinas gerando o tempo todo, na base do sistema el\u00e9trico), no \u00e2mbito da Nova Lei do G\u00e1s (PL\u00a04.476\/2020), uma tese vencida. Segundo ele, a pol\u00edtica [&hellip;]<\/p>\n","protected":false},"author":9,"featured_media":6594,"comment_status":"closed","ping_status":"closed","sticky":false,"template":"","format":"standard","meta":{"_monsterinsights_skip_tracking":false,"_monsterinsights_sitenote_active":false,"_monsterinsights_sitenote_note":"","_monsterinsights_sitenote_category":0,"footnotes":""},"categories":[1,10],"tags":[41,833,1887,96,904,2599,1010,1947,2674,1169,1036,54,3293,1601,2823],"class_list":["post-6593","post","type-post","status-publish","format-standard","has-post-thumbnail","hentry","category-geral","category-infraenergia","tag-abrace","tag-bandeiras-tarifarias","tag-consumidor","tag-ministerio-de-minas-e-energia","tag-modernizacao-do-setor-eletrico","tag-mp-998","tag-nova-lei-do-gas","tag-paulo-pedrosa","tag-pl-4-476-2020","tag-pld","tag-preco-horario","tag-setor-eletrico","tag-sobreinvestimento","tag-subsidios","tag-termicas-inflexiveis"],"yoast_head":"<!-- This site is optimized with the Yoast SEO Premium plugin v25.4 (Yoast SEO v26.0) - https:\/\/yoast.com\/wordpress\/plugins\/seo\/ -->\n<title>&quot;T\u00e9rmicas inflex\u00edveis s\u00e3o p\u00e1gina virada&quot;, diz presidente da Abrace - Ag\u00eancia iNFRA<\/title>\n<meta name=\"robots\" content=\"index, follow, max-snippet:-1, max-image-preview:large, max-video-preview:-1\" \/>\n<link rel=\"canonical\" href=\"https:\/\/agenciainfra.com\/blog\/termicas-inflexiveis-sao-pagina-virada-diz-presidente-da-abrace\/\" \/>\n<meta property=\"og:locale\" content=\"pt_BR\" \/>\n<meta property=\"og:type\" content=\"article\" \/>\n<meta property=\"og:title\" content=\"&quot;T\u00e9rmicas inflex\u00edveis s\u00e3o p\u00e1gina virada&quot;, diz presidente da Abrace\" \/>\n<meta property=\"og:description\" content=\"&nbsp; Nestor Rabello, da Ag\u00eancia iNFRA O presidente da Abrace (Associa\u00e7\u00e3o Brasileira de Grandes Consumidores de Energia), Paulo Pedrosa, enxerga na discuss\u00e3o ocorrida sobre a inflexibilidade das t\u00e9rmicas a g\u00e1s (usinas gerando o tempo todo, na base do sistema el\u00e9trico), no \u00e2mbito da Nova Lei do G\u00e1s (PL\u00a04.476\/2020), uma tese vencida. Segundo ele, a pol\u00edtica [&hellip;]\" \/>\n<meta property=\"og:url\" content=\"https:\/\/agenciainfra.com\/blog\/termicas-inflexiveis-sao-pagina-virada-diz-presidente-da-abrace\/\" \/>\n<meta property=\"og:site_name\" content=\"Ag\u00eancia iNFRA\" \/>\n<meta property=\"article:publisher\" content=\"https:\/\/www.facebook.com\/ageninfra\" \/>\n<meta property=\"article:published_time\" content=\"2021-01-08T11:00:00+00:00\" \/>\n<meta property=\"og:image\" content=\"https:\/\/agenciainfra.com\/blog\/wp-content\/uploads\/2021\/01\/paulo-pedrosa-foto-saulo-cruz-mme.jpg\" \/>\n\t<meta property=\"og:image:width\" content=\"1280\" \/>\n\t<meta property=\"og:image:height\" content=\"853\" \/>\n\t<meta property=\"og:image:type\" content=\"image\/jpeg\" \/>\n<meta name=\"author\" content=\"Rodrigo Zuquim\" \/>\n<meta name=\"twitter:card\" content=\"summary_large_image\" \/>\n<meta name=\"twitter:creator\" content=\"@agencia_infra\" \/>\n<meta name=\"twitter:site\" content=\"@agencia_infra\" \/>\n<meta name=\"twitter:label1\" content=\"Escrito por\" \/>\n\t<meta name=\"twitter:data1\" content=\"Rodrigo Zuquim\" \/>\n\t<meta name=\"twitter:label2\" content=\"Est. tempo de leitura\" \/>\n\t<meta name=\"twitter:data2\" content=\"10 minutos\" \/>\n<script type=\"application\/ld+json\" class=\"yoast-schema-graph\">{\"@context\":\"https:\/\/schema.org\",\"@graph\":[{\"@type\":\"Article\",\"@id\":\"https:\/\/agenciainfra.com\/blog\/termicas-inflexiveis-sao-pagina-virada-diz-presidente-da-abrace\/#article\",\"isPartOf\":{\"@id\":\"https:\/\/agenciainfra.com\/blog\/termicas-inflexiveis-sao-pagina-virada-diz-presidente-da-abrace\/\"},\"author\":{\"name\":\"Rodrigo Zuquim\",\"@id\":\"https:\/\/agenciainfra.com\/blog\/#\/schema\/person\/04dbb79bd6d8951f063da71f3e4c1eb1\"},\"headline\":\"&#8220;T\u00e9rmicas inflex\u00edveis s\u00e3o p\u00e1gina virada&#8221;, diz presidente da Abrace\",\"datePublished\":\"2021-01-08T11:00:00+00:00\",\"mainEntityOfPage\":{\"@id\":\"https:\/\/agenciainfra.com\/blog\/termicas-inflexiveis-sao-pagina-virada-diz-presidente-da-abrace\/\"},\"wordCount\":2005,\"publisher\":{\"@id\":\"https:\/\/agenciainfra.com\/blog\/#organization\"},\"image\":{\"@id\":\"https:\/\/agenciainfra.com\/blog\/termicas-inflexiveis-sao-pagina-virada-diz-presidente-da-abrace\/#primaryimage\"},\"thumbnailUrl\":\"https:\/\/agenciainfra.com\/blog\/wp-content\/uploads\/2021\/01\/paulo-pedrosa-foto-saulo-cruz-mme.jpg\",\"keywords\":[\"Abrace\",\"bandeiras tarif\u00e1rias\",\"consumidor\",\"Minist\u00e9rio de Minas e Energia\",\"moderniza\u00e7\u00e3o do setor el\u00e9trico\",\"MP 998\",\"nova Lei do G\u00e1s\",\"Paulo Pedrosa\",\"PL 4.476\/2020\",\"PLD\",\"pre\u00e7o hor\u00e1rio\",\"Setor El\u00e9trico\",\"sobreinvestimento\",\"subs\u00eddios\",\"t\u00e9rmicas inflex\u00edveis\"],\"articleSection\":[\"Geral\",\"iNFRAEnergia\"],\"inLanguage\":\"pt-BR\",\"copyrightYear\":\"2021\",\"copyrightHolder\":{\"@id\":\"https:\/\/agenciainfra.com\/blog\/#organization\"}},{\"@type\":\"WebPage\",\"@id\":\"https:\/\/agenciainfra.com\/blog\/termicas-inflexiveis-sao-pagina-virada-diz-presidente-da-abrace\/\",\"url\":\"https:\/\/agenciainfra.com\/blog\/termicas-inflexiveis-sao-pagina-virada-diz-presidente-da-abrace\/\",\"name\":\"\\\"T\u00e9rmicas inflex\u00edveis s\u00e3o p\u00e1gina virada\\\", diz presidente da Abrace - Ag\u00eancia iNFRA\",\"isPartOf\":{\"@id\":\"https:\/\/agenciainfra.com\/blog\/#website\"},\"primaryImageOfPage\":{\"@id\":\"https:\/\/agenciainfra.com\/blog\/termicas-inflexiveis-sao-pagina-virada-diz-presidente-da-abrace\/#primaryimage\"},\"image\":{\"@id\":\"https:\/\/agenciainfra.com\/blog\/termicas-inflexiveis-sao-pagina-virada-diz-presidente-da-abrace\/#primaryimage\"},\"thumbnailUrl\":\"https:\/\/agenciainfra.com\/blog\/wp-content\/uploads\/2021\/01\/paulo-pedrosa-foto-saulo-cruz-mme.jpg\",\"datePublished\":\"2021-01-08T11:00:00+00:00\",\"breadcrumb\":{\"@id\":\"https:\/\/agenciainfra.com\/blog\/termicas-inflexiveis-sao-pagina-virada-diz-presidente-da-abrace\/#breadcrumb\"},\"inLanguage\":\"pt-BR\",\"potentialAction\":[{\"@type\":\"ReadAction\",\"target\":[\"https:\/\/agenciainfra.com\/blog\/termicas-inflexiveis-sao-pagina-virada-diz-presidente-da-abrace\/\"]}]},{\"@type\":\"ImageObject\",\"inLanguage\":\"pt-BR\",\"@id\":\"https:\/\/agenciainfra.com\/blog\/termicas-inflexiveis-sao-pagina-virada-diz-presidente-da-abrace\/#primaryimage\",\"url\":\"https:\/\/agenciainfra.com\/blog\/wp-content\/uploads\/2021\/01\/paulo-pedrosa-foto-saulo-cruz-mme.jpg\",\"contentUrl\":\"https:\/\/agenciainfra.com\/blog\/wp-content\/uploads\/2021\/01\/paulo-pedrosa-foto-saulo-cruz-mme.jpg\",\"width\":1280,\"height\":853},{\"@type\":\"BreadcrumbList\",\"@id\":\"https:\/\/agenciainfra.com\/blog\/termicas-inflexiveis-sao-pagina-virada-diz-presidente-da-abrace\/#breadcrumb\",\"itemListElement\":[{\"@type\":\"ListItem\",\"position\":1,\"name\":\"In\u00edcio\",\"item\":\"https:\/\/agenciainfra.com\/blog\/\"},{\"@type\":\"ListItem\",\"position\":2,\"name\":\"&#8220;T\u00e9rmicas inflex\u00edveis s\u00e3o p\u00e1gina virada&#8221;, diz presidente da Abrace\"}]},{\"@type\":\"WebSite\",\"@id\":\"https:\/\/agenciainfra.com\/blog\/#website\",\"url\":\"https:\/\/agenciainfra.com\/blog\/\",\"name\":\"Ag\u00eancia iNFRA\",\"description\":\"Multiplataforma de informa\u00e7\u00e3o jornal\u00edstica refer\u00eancia na \u00e1rea de infraestrutura no Brasil!\",\"publisher\":{\"@id\":\"https:\/\/agenciainfra.com\/blog\/#organization\"},\"potentialAction\":[{\"@type\":\"SearchAction\",\"target\":{\"@type\":\"EntryPoint\",\"urlTemplate\":\"https:\/\/agenciainfra.com\/blog\/?s={search_term_string}\"},\"query-input\":{\"@type\":\"PropertyValueSpecification\",\"valueRequired\":true,\"valueName\":\"search_term_string\"}}],\"inLanguage\":\"pt-BR\"},{\"@type\":\"Organization\",\"@id\":\"https:\/\/agenciainfra.com\/blog\/#organization\",\"name\":\"Ag\u00eancia iNFRA\",\"url\":\"https:\/\/agenciainfra.com\/blog\/\",\"logo\":{\"@type\":\"ImageObject\",\"inLanguage\":\"pt-BR\",\"@id\":\"https:\/\/agenciainfra.com\/blog\/#\/schema\/logo\/image\/\",\"url\":\"https:\/\/agenciainfra.com\/blog\/wp-content\/uploads\/2023\/09\/iNFRA_5-e1761735885940.png\",\"contentUrl\":\"https:\/\/agenciainfra.com\/blog\/wp-content\/uploads\/2023\/09\/iNFRA_5-e1761735885940.png\",\"width\":1672,\"height\":454,\"caption\":\"Ag\u00eancia iNFRA\"},\"image\":{\"@id\":\"https:\/\/agenciainfra.com\/blog\/#\/schema\/logo\/image\/\"},\"sameAs\":[\"https:\/\/www.facebook.com\/ageninfra\",\"https:\/\/x.com\/agencia_infra\",\"https:\/\/www.linkedin.com\/company\/ag\u00eanciainfra\/\",\"https:\/\/www.instagram.com\/agenciainfra\/\"]},{\"@type\":\"Person\",\"@id\":\"https:\/\/agenciainfra.com\/blog\/#\/schema\/person\/04dbb79bd6d8951f063da71f3e4c1eb1\",\"name\":\"Rodrigo Zuquim\",\"image\":{\"@type\":\"ImageObject\",\"inLanguage\":\"pt-BR\",\"@id\":\"https:\/\/agenciainfra.com\/blog\/#\/schema\/person\/image\/\",\"url\":\"https:\/\/secure.gravatar.com\/avatar\/594abfe82761d620726242ff34ca472a705a4b97f16c790053a6b4c4035274d0?s=96&d=mm&r=g\",\"contentUrl\":\"https:\/\/secure.gravatar.com\/avatar\/594abfe82761d620726242ff34ca472a705a4b97f16c790053a6b4c4035274d0?s=96&d=mm&r=g\",\"caption\":\"Rodrigo Zuquim\"},\"url\":\"https:\/\/agenciainfra.com\/blog\/author\/rodrigo-zuquim\/\"}]}<\/script>\n<!-- \/ Yoast SEO Premium plugin. -->","yoast_head_json":{"title":"\"T\u00e9rmicas inflex\u00edveis s\u00e3o p\u00e1gina virada\", diz presidente da Abrace - Ag\u00eancia iNFRA","robots":{"index":"index","follow":"follow","max-snippet":"max-snippet:-1","max-image-preview":"max-image-preview:large","max-video-preview":"max-video-preview:-1"},"canonical":"https:\/\/agenciainfra.com\/blog\/termicas-inflexiveis-sao-pagina-virada-diz-presidente-da-abrace\/","og_locale":"pt_BR","og_type":"article","og_title":"\"T\u00e9rmicas inflex\u00edveis s\u00e3o p\u00e1gina virada\", diz presidente da Abrace","og_description":"&nbsp; Nestor Rabello, da Ag\u00eancia iNFRA O presidente da Abrace (Associa\u00e7\u00e3o Brasileira de Grandes Consumidores de Energia), Paulo Pedrosa, enxerga na discuss\u00e3o ocorrida sobre a inflexibilidade das t\u00e9rmicas a g\u00e1s (usinas gerando o tempo todo, na base do sistema el\u00e9trico), no \u00e2mbito da Nova Lei do G\u00e1s (PL\u00a04.476\/2020), uma tese vencida. Segundo ele, a pol\u00edtica [&hellip;]","og_url":"https:\/\/agenciainfra.com\/blog\/termicas-inflexiveis-sao-pagina-virada-diz-presidente-da-abrace\/","og_site_name":"Ag\u00eancia iNFRA","article_publisher":"https:\/\/www.facebook.com\/ageninfra","article_published_time":"2021-01-08T11:00:00+00:00","og_image":[{"width":1280,"height":853,"url":"https:\/\/agenciainfra.com\/blog\/wp-content\/uploads\/2021\/01\/paulo-pedrosa-foto-saulo-cruz-mme.jpg","type":"image\/jpeg"}],"author":"Rodrigo Zuquim","twitter_card":"summary_large_image","twitter_creator":"@agencia_infra","twitter_site":"@agencia_infra","twitter_misc":{"Escrito por":"Rodrigo Zuquim","Est. tempo de leitura":"10 minutos"},"schema":{"@context":"https:\/\/schema.org","@graph":[{"@type":"Article","@id":"https:\/\/agenciainfra.com\/blog\/termicas-inflexiveis-sao-pagina-virada-diz-presidente-da-abrace\/#article","isPartOf":{"@id":"https:\/\/agenciainfra.com\/blog\/termicas-inflexiveis-sao-pagina-virada-diz-presidente-da-abrace\/"},"author":{"name":"Rodrigo Zuquim","@id":"https:\/\/agenciainfra.com\/blog\/#\/schema\/person\/04dbb79bd6d8951f063da71f3e4c1eb1"},"headline":"&#8220;T\u00e9rmicas inflex\u00edveis s\u00e3o p\u00e1gina virada&#8221;, diz presidente da Abrace","datePublished":"2021-01-08T11:00:00+00:00","mainEntityOfPage":{"@id":"https:\/\/agenciainfra.com\/blog\/termicas-inflexiveis-sao-pagina-virada-diz-presidente-da-abrace\/"},"wordCount":2005,"publisher":{"@id":"https:\/\/agenciainfra.com\/blog\/#organization"},"image":{"@id":"https:\/\/agenciainfra.com\/blog\/termicas-inflexiveis-sao-pagina-virada-diz-presidente-da-abrace\/#primaryimage"},"thumbnailUrl":"https:\/\/agenciainfra.com\/blog\/wp-content\/uploads\/2021\/01\/paulo-pedrosa-foto-saulo-cruz-mme.jpg","keywords":["Abrace","bandeiras tarif\u00e1rias","consumidor","Minist\u00e9rio de Minas e Energia","moderniza\u00e7\u00e3o do setor el\u00e9trico","MP 998","nova Lei do G\u00e1s","Paulo Pedrosa","PL 4.476\/2020","PLD","pre\u00e7o hor\u00e1rio","Setor El\u00e9trico","sobreinvestimento","subs\u00eddios","t\u00e9rmicas inflex\u00edveis"],"articleSection":["Geral","iNFRAEnergia"],"inLanguage":"pt-BR","copyrightYear":"2021","copyrightHolder":{"@id":"https:\/\/agenciainfra.com\/blog\/#organization"}},{"@type":"WebPage","@id":"https:\/\/agenciainfra.com\/blog\/termicas-inflexiveis-sao-pagina-virada-diz-presidente-da-abrace\/","url":"https:\/\/agenciainfra.com\/blog\/termicas-inflexiveis-sao-pagina-virada-diz-presidente-da-abrace\/","name":"\"T\u00e9rmicas inflex\u00edveis s\u00e3o p\u00e1gina virada\", diz presidente da Abrace - Ag\u00eancia iNFRA","isPartOf":{"@id":"https:\/\/agenciainfra.com\/blog\/#website"},"primaryImageOfPage":{"@id":"https:\/\/agenciainfra.com\/blog\/termicas-inflexiveis-sao-pagina-virada-diz-presidente-da-abrace\/#primaryimage"},"image":{"@id":"https:\/\/agenciainfra.com\/blog\/termicas-inflexiveis-sao-pagina-virada-diz-presidente-da-abrace\/#primaryimage"},"thumbnailUrl":"https:\/\/agenciainfra.com\/blog\/wp-content\/uploads\/2021\/01\/paulo-pedrosa-foto-saulo-cruz-mme.jpg","datePublished":"2021-01-08T11:00:00+00:00","breadcrumb":{"@id":"https:\/\/agenciainfra.com\/blog\/termicas-inflexiveis-sao-pagina-virada-diz-presidente-da-abrace\/#breadcrumb"},"inLanguage":"pt-BR","potentialAction":[{"@type":"ReadAction","target":["https:\/\/agenciainfra.com\/blog\/termicas-inflexiveis-sao-pagina-virada-diz-presidente-da-abrace\/"]}]},{"@type":"ImageObject","inLanguage":"pt-BR","@id":"https:\/\/agenciainfra.com\/blog\/termicas-inflexiveis-sao-pagina-virada-diz-presidente-da-abrace\/#primaryimage","url":"https:\/\/agenciainfra.com\/blog\/wp-content\/uploads\/2021\/01\/paulo-pedrosa-foto-saulo-cruz-mme.jpg","contentUrl":"https:\/\/agenciainfra.com\/blog\/wp-content\/uploads\/2021\/01\/paulo-pedrosa-foto-saulo-cruz-mme.jpg","width":1280,"height":853},{"@type":"BreadcrumbList","@id":"https:\/\/agenciainfra.com\/blog\/termicas-inflexiveis-sao-pagina-virada-diz-presidente-da-abrace\/#breadcrumb","itemListElement":[{"@type":"ListItem","position":1,"name":"In\u00edcio","item":"https:\/\/agenciainfra.com\/blog\/"},{"@type":"ListItem","position":2,"name":"&#8220;T\u00e9rmicas inflex\u00edveis s\u00e3o p\u00e1gina virada&#8221;, diz presidente da Abrace"}]},{"@type":"WebSite","@id":"https:\/\/agenciainfra.com\/blog\/#website","url":"https:\/\/agenciainfra.com\/blog\/","name":"Ag\u00eancia iNFRA","description":"Multiplataforma de informa\u00e7\u00e3o jornal\u00edstica refer\u00eancia na \u00e1rea de infraestrutura no Brasil!","publisher":{"@id":"https:\/\/agenciainfra.com\/blog\/#organization"},"potentialAction":[{"@type":"SearchAction","target":{"@type":"EntryPoint","urlTemplate":"https:\/\/agenciainfra.com\/blog\/?s={search_term_string}"},"query-input":{"@type":"PropertyValueSpecification","valueRequired":true,"valueName":"search_term_string"}}],"inLanguage":"pt-BR"},{"@type":"Organization","@id":"https:\/\/agenciainfra.com\/blog\/#organization","name":"Ag\u00eancia iNFRA","url":"https:\/\/agenciainfra.com\/blog\/","logo":{"@type":"ImageObject","inLanguage":"pt-BR","@id":"https:\/\/agenciainfra.com\/blog\/#\/schema\/logo\/image\/","url":"https:\/\/agenciainfra.com\/blog\/wp-content\/uploads\/2023\/09\/iNFRA_5-e1761735885940.png","contentUrl":"https:\/\/agenciainfra.com\/blog\/wp-content\/uploads\/2023\/09\/iNFRA_5-e1761735885940.png","width":1672,"height":454,"caption":"Ag\u00eancia iNFRA"},"image":{"@id":"https:\/\/agenciainfra.com\/blog\/#\/schema\/logo\/image\/"},"sameAs":["https:\/\/www.facebook.com\/ageninfra","https:\/\/x.com\/agencia_infra","https:\/\/www.linkedin.com\/company\/ag\u00eanciainfra\/","https:\/\/www.instagram.com\/agenciainfra\/"]},{"@type":"Person","@id":"https:\/\/agenciainfra.com\/blog\/#\/schema\/person\/04dbb79bd6d8951f063da71f3e4c1eb1","name":"Rodrigo Zuquim","image":{"@type":"ImageObject","inLanguage":"pt-BR","@id":"https:\/\/agenciainfra.com\/blog\/#\/schema\/person\/image\/","url":"https:\/\/secure.gravatar.com\/avatar\/594abfe82761d620726242ff34ca472a705a4b97f16c790053a6b4c4035274d0?s=96&d=mm&r=g","contentUrl":"https:\/\/secure.gravatar.com\/avatar\/594abfe82761d620726242ff34ca472a705a4b97f16c790053a6b4c4035274d0?s=96&d=mm&r=g","caption":"Rodrigo Zuquim"},"url":"https:\/\/agenciainfra.com\/blog\/author\/rodrigo-zuquim\/"}]}},"_links":{"self":[{"href":"https:\/\/agenciainfra.com\/blog\/wp-json\/wp\/v2\/posts\/6593","targetHints":{"allow":["GET"]}}],"collection":[{"href":"https:\/\/agenciainfra.com\/blog\/wp-json\/wp\/v2\/posts"}],"about":[{"href":"https:\/\/agenciainfra.com\/blog\/wp-json\/wp\/v2\/types\/post"}],"author":[{"embeddable":true,"href":"https:\/\/agenciainfra.com\/blog\/wp-json\/wp\/v2\/users\/9"}],"replies":[{"embeddable":true,"href":"https:\/\/agenciainfra.com\/blog\/wp-json\/wp\/v2\/comments?post=6593"}],"version-history":[{"count":0,"href":"https:\/\/agenciainfra.com\/blog\/wp-json\/wp\/v2\/posts\/6593\/revisions"}],"wp:featuredmedia":[{"embeddable":true,"href":"https:\/\/agenciainfra.com\/blog\/wp-json\/wp\/v2\/media\/6594"}],"wp:attachment":[{"href":"https:\/\/agenciainfra.com\/blog\/wp-json\/wp\/v2\/media?parent=6593"}],"wp:term":[{"taxonomy":"category","embeddable":true,"href":"https:\/\/agenciainfra.com\/blog\/wp-json\/wp\/v2\/categories?post=6593"},{"taxonomy":"post_tag","embeddable":true,"href":"https:\/\/agenciainfra.com\/blog\/wp-json\/wp\/v2\/tags?post=6593"}],"curies":[{"name":"wp","href":"https:\/\/api.w.org\/{rel}","templated":true}]}}