{"id":6608,"date":"2021-01-13T08:00:00","date_gmt":"2021-01-13T11:00:00","guid":{"rendered":"https:\/\/www.agenciainfra.com\/blog\/?p=6608"},"modified":"2021-01-12T09:56:30","modified_gmt":"2021-01-12T12:56:30","slug":"decreto-da-uniao-sobre-marco-do-saneamento-fortalece-a-ana-diz-presidente-da-abar","status":"publish","type":"post","link":"https:\/\/agenciainfra.com\/blog\/decreto-da-uniao-sobre-marco-do-saneamento-fortalece-a-ana-diz-presidente-da-abar\/","title":{"rendered":"Decreto da Uni\u00e3o sobre marco do saneamento fortalece a ANA, diz presidente da Abar"},"content":{"rendered":"\n<hr class=\"wp-block-separator\"\/>\n\n\n\n<p class=\"has-text-align-right\"><strong>Tales Silveira, da&nbsp;Ag\u00eancia iNFRA<\/strong><\/p>\n\n\n\n<p>O presidente da Abar (Associa\u00e7\u00e3o Brasileira de Ag\u00eancias de Regula\u00e7\u00e3o), Fernando Franco, afirmou que a ANA (Ag\u00eancia Nacional de \u00c1guas e Saneamento B\u00e1sico) saiu fortalecida com&nbsp;<a href=\"https:\/\/agenciainfra.us14.list-manage.com\/track\/click?u=d460dd1bcf9ba0ae040e1fc0f&amp;id=6a115363c7&amp;e=c099169394\" target=\"_blank\" rel=\"noreferrer noopener\">Decreto 10.588<\/a>, publicado no dia 24 dezembro, que trata do apoio t\u00e9cnico e financeiro que a Uni\u00e3o deve conceder para a forma\u00e7\u00e3o dos cons\u00f3rcios intermunicipais.<br>&nbsp;<br>Segundo ele, isso ocorre porque o texto define que governo e bancos p\u00fablicos federais s\u00f3 destinar\u00e3o recursos para as cidades que tenham aderido \u00e0s diretrizes regulat\u00f3rias estabelecidas pela ag\u00eancia.<br>&nbsp;<br>\u201cEsse decreto veio para normatizar como ir\u00e3o acontecer os financiamentos p\u00fablicos de acordo com o novo marco. Ele fortaleceu a ANA, uma vez que colocou as normas de refer\u00eancia, que ainda ser\u00e3o publicadas, como condi\u00e7\u00e3o de acesso aos recursos onerosos e n\u00e3o onerosos do Estado. Elas ir\u00e3o sair, por meio de resolu\u00e7\u00e3o espec\u00edfica, de acordo com o que ser\u00e1 definido na agenda regulat\u00f3ria da ag\u00eancia, e dever\u00e3o ser criteriosamente seguidas\u201d, disse Franco.<br>&nbsp;<br>A agenda regulat\u00f3ria a que o presidente Abar se refere ainda n\u00e3o foi publicada pela ANA. Em setembro do ano passado, a ag\u00eancia abriu consulta p\u00fablica para tratar da&nbsp;proposta de planejamento da elabora\u00e7\u00e3o de normas de refer\u00eancia&nbsp;do saneamento b\u00e1sico entre 2020 e 2022, mas ainda n\u00e3o publicou o resultado do trabalho.&nbsp;A previs\u00e3o \u00e9 que ele seja publicado logo no in\u00edcio de 2021.<br>&nbsp;<br>J\u00e1 o&nbsp;programa inicial, publicado durante consulta p\u00fablica e dispon\u00edvel&nbsp;<a href=\"https:\/\/agenciainfra.us14.list-manage.com\/track\/click?u=d460dd1bcf9ba0ae040e1fc0f&amp;id=436f11c095&amp;e=c099169394\" target=\"_blank\" rel=\"noreferrer noopener\">neste link<\/a>, possui 22 normativos, incluindo normas de procedimentos e de refer\u00eancia relacionadas aos eixos de governan\u00e7a, regula\u00e7\u00e3o t\u00e9cnica, regula\u00e7\u00e3o contratual e regula\u00e7\u00e3o econ\u00f4mica do saneamento.<br><br>De acordo com Franco, ao longo da consulta, a Abar apresentou um estudo indicando quais diretrizes a ANA deveria tratar como prioridade. A proposta pontuava que, em primeiro lugar, deveria ser tratada a governan\u00e7a regulat\u00f3ria das ag\u00eancias subnacionais.&nbsp;<br>&nbsp;<br>\u201cNessa consulta p\u00fablica foram feitas v\u00e1rias contribui\u00e7\u00f5es da Abar onde colocamos que a primeira diretriz a ser atacada \u00e9 em rela\u00e7\u00e3o \u00e0 governan\u00e7a regulat\u00f3ria. Depois viria a quest\u00e3o da tarifa social e da revis\u00e3o dos contratos. Todas essas defini\u00e7\u00f5es sa\u00edram da conclus\u00e3o de uma assessoria internacional com contribui\u00e7\u00f5es de v\u00e1rios agentes do setor\u201d, afirmou.<br>&nbsp;<br>Apesar de ver com bons olhos o decreto publicado, o presidente da Abar criticou a demora na publica\u00e7\u00e3o de um segundo texto, ainda n\u00e3o editado, tratando da metodologia de comprova\u00e7\u00e3o econ\u00f4mico-financeira das companhias p\u00fablicas e privadas.<br>&nbsp;<br>\u201cEntendemos que essa \u00e9 uma quest\u00e3o pol\u00edtica e que o governo s\u00f3 quer tratar ap\u00f3s a an\u00e1lise dos vetos presidenciais [ao novo Marco Legal do Saneamento]. Mas tamb\u00e9m \u00e9 claro que h\u00e1 uma urg\u00eancia na publica\u00e7\u00e3o, porque os prazos estipulados de universaliza\u00e7\u00e3o precisam ser atingidos\u201d, disse. O prazo para a universaliza\u00e7\u00e3o do saneamento previsto na lei \u00e9 2033.<br>&nbsp;<br><strong>Saneamento rural<\/strong><br>Outro ponto importante apontado por Franco foi a retirada da obrigatoriedade da lei em tra\u00e7ar uma pol\u00edtica universalizada para o saneamento rural. Caso fosse mantido, o marco regulat\u00f3rio poderia se tornar invi\u00e1vel, de acordo com o presidente da associa\u00e7\u00e3o.&nbsp;<br>&nbsp;<br>\u201cEsse decreto corrigiu um erro no que tange o saneamento rural. Isso \u00e9 muito importante, porque a proposta da lei seria inviabilizada. O saneamento rural nessas pequenas comunidades \u00e9 feito por parceria das associa\u00e7\u00f5es locais com o governo. Como \u00e9 algo bem espec\u00edfico, foge totalmente da pol\u00edtica macro que \u00e9 o escopo do marco regulat\u00f3rio\u201d, explicou.<\/p>\n","protected":false},"excerpt":{"rendered":"<p>Tales Silveira, da&nbsp;Ag\u00eancia iNFRA O presidente da Abar (Associa\u00e7\u00e3o Brasileira de Ag\u00eancias de Regula\u00e7\u00e3o), Fernando Franco, afirmou que a ANA (Ag\u00eancia Nacional de \u00c1guas e Saneamento B\u00e1sico) saiu fortalecida com&nbsp;Decreto 10.588, publicado no dia 24 dezembro, que trata do apoio t\u00e9cnico e financeiro que a Uni\u00e3o deve conceder para a forma\u00e7\u00e3o dos cons\u00f3rcios intermunicipais.&nbsp;Segundo ele, [&hellip;]<\/p>\n","protected":false},"author":9,"featured_media":6609,"comment_status":"closed","ping_status":"closed","sticky":false,"template":"","format":"standard","meta":{"_monsterinsights_skip_tracking":false,"_monsterinsights_sitenote_active":false,"_monsterinsights_sitenote_note":"","_monsterinsights_sitenote_category":0,"footnotes":""},"categories":[1],"tags":[1202,77,1207,1397,3310,2192],"class_list":["post-6608","post","type-post","status-publish","format-standard","has-post-thumbnail","hentry","category-geral","tag-abar","tag-ana","tag-fernando-franco","tag-marco-do-saneamento","tag-saneamento-rural","tag-universalizacao"],"yoast_head":"<!-- This site is optimized with the Yoast SEO Premium plugin v25.4 (Yoast SEO v26.0) - https:\/\/yoast.com\/wordpress\/plugins\/seo\/ -->\n<title>Decreto da Uni\u00e3o sobre marco do saneamento fortalece a ANA, diz presidente da Abar - Ag\u00eancia iNFRA<\/title>\n<meta name=\"robots\" content=\"index, follow, max-snippet:-1, max-image-preview:large, max-video-preview:-1\" \/>\n<link rel=\"canonical\" href=\"https:\/\/agenciainfra.com\/blog\/decreto-da-uniao-sobre-marco-do-saneamento-fortalece-a-ana-diz-presidente-da-abar\/\" \/>\n<meta property=\"og:locale\" content=\"pt_BR\" \/>\n<meta property=\"og:type\" content=\"article\" \/>\n<meta property=\"og:title\" content=\"Decreto da Uni\u00e3o sobre marco do saneamento fortalece a ANA, diz presidente da Abar\" \/>\n<meta property=\"og:description\" content=\"Tales Silveira, da&nbsp;Ag\u00eancia iNFRA O presidente da Abar (Associa\u00e7\u00e3o Brasileira de Ag\u00eancias de Regula\u00e7\u00e3o), Fernando Franco, afirmou que a ANA (Ag\u00eancia Nacional de \u00c1guas e Saneamento B\u00e1sico) saiu fortalecida com&nbsp;Decreto 10.588, publicado no dia 24 dezembro, que trata do apoio t\u00e9cnico e financeiro que a Uni\u00e3o deve conceder para a forma\u00e7\u00e3o dos cons\u00f3rcios intermunicipais.&nbsp;Segundo ele, [&hellip;]\" \/>\n<meta property=\"og:url\" content=\"https:\/\/agenciainfra.com\/blog\/decreto-da-uniao-sobre-marco-do-saneamento-fortalece-a-ana-diz-presidente-da-abar\/\" \/>\n<meta property=\"og:site_name\" content=\"Ag\u00eancia iNFRA\" \/>\n<meta property=\"article:publisher\" content=\"https:\/\/www.facebook.com\/ageninfra\" \/>\n<meta property=\"article:published_time\" content=\"2021-01-13T11:00:00+00:00\" \/>\n<meta property=\"og:image\" content=\"https:\/\/agenciainfra.com\/blog\/wp-content\/uploads\/2021\/01\/fernando-franco-foto-abar.jpg\" \/>\n\t<meta property=\"og:image:width\" content=\"1280\" \/>\n\t<meta property=\"og:image:height\" content=\"924\" \/>\n\t<meta property=\"og:image:type\" content=\"image\/jpeg\" \/>\n<meta name=\"author\" content=\"Rodrigo Zuquim\" \/>\n<meta name=\"twitter:card\" content=\"summary_large_image\" \/>\n<meta name=\"twitter:creator\" content=\"@agencia_infra\" \/>\n<meta name=\"twitter:site\" content=\"@agencia_infra\" \/>\n<meta name=\"twitter:label1\" content=\"Escrito por\" \/>\n\t<meta name=\"twitter:data1\" content=\"Rodrigo Zuquim\" \/>\n\t<meta name=\"twitter:label2\" content=\"Est. tempo de leitura\" \/>\n\t<meta name=\"twitter:data2\" content=\"3 minutos\" \/>\n<script type=\"application\/ld+json\" class=\"yoast-schema-graph\">{\"@context\":\"https:\/\/schema.org\",\"@graph\":[{\"@type\":\"Article\",\"@id\":\"https:\/\/agenciainfra.com\/blog\/decreto-da-uniao-sobre-marco-do-saneamento-fortalece-a-ana-diz-presidente-da-abar\/#article\",\"isPartOf\":{\"@id\":\"https:\/\/agenciainfra.com\/blog\/decreto-da-uniao-sobre-marco-do-saneamento-fortalece-a-ana-diz-presidente-da-abar\/\"},\"author\":{\"name\":\"Rodrigo Zuquim\",\"@id\":\"https:\/\/agenciainfra.com\/blog\/#\/schema\/person\/04dbb79bd6d8951f063da71f3e4c1eb1\"},\"headline\":\"Decreto da Uni\u00e3o sobre marco do saneamento fortalece a ANA, diz presidente da Abar\",\"datePublished\":\"2021-01-13T11:00:00+00:00\",\"mainEntityOfPage\":{\"@id\":\"https:\/\/agenciainfra.com\/blog\/decreto-da-uniao-sobre-marco-do-saneamento-fortalece-a-ana-diz-presidente-da-abar\/\"},\"wordCount\":641,\"publisher\":{\"@id\":\"https:\/\/agenciainfra.com\/blog\/#organization\"},\"image\":{\"@id\":\"https:\/\/agenciainfra.com\/blog\/decreto-da-uniao-sobre-marco-do-saneamento-fortalece-a-ana-diz-presidente-da-abar\/#primaryimage\"},\"thumbnailUrl\":\"https:\/\/agenciainfra.com\/blog\/wp-content\/uploads\/2021\/01\/fernando-franco-foto-abar.jpg\",\"keywords\":[\"ABAR\",\"ANA\",\"Fernando Franco\",\"marco do saneamento\",\"saneamento rural\",\"universaliza\u00e7\u00e3o\"],\"articleSection\":[\"Geral\"],\"inLanguage\":\"pt-BR\",\"copyrightYear\":\"2021\",\"copyrightHolder\":{\"@id\":\"https:\/\/agenciainfra.com\/blog\/#organization\"}},{\"@type\":\"WebPage\",\"@id\":\"https:\/\/agenciainfra.com\/blog\/decreto-da-uniao-sobre-marco-do-saneamento-fortalece-a-ana-diz-presidente-da-abar\/\",\"url\":\"https:\/\/agenciainfra.com\/blog\/decreto-da-uniao-sobre-marco-do-saneamento-fortalece-a-ana-diz-presidente-da-abar\/\",\"name\":\"Decreto da Uni\u00e3o sobre marco do saneamento fortalece a ANA, diz presidente da Abar - Ag\u00eancia iNFRA\",\"isPartOf\":{\"@id\":\"https:\/\/agenciainfra.com\/blog\/#website\"},\"primaryImageOfPage\":{\"@id\":\"https:\/\/agenciainfra.com\/blog\/decreto-da-uniao-sobre-marco-do-saneamento-fortalece-a-ana-diz-presidente-da-abar\/#primaryimage\"},\"image\":{\"@id\":\"https:\/\/agenciainfra.com\/blog\/decreto-da-uniao-sobre-marco-do-saneamento-fortalece-a-ana-diz-presidente-da-abar\/#primaryimage\"},\"thumbnailUrl\":\"https:\/\/agenciainfra.com\/blog\/wp-content\/uploads\/2021\/01\/fernando-franco-foto-abar.jpg\",\"datePublished\":\"2021-01-13T11:00:00+00:00\",\"breadcrumb\":{\"@id\":\"https:\/\/agenciainfra.com\/blog\/decreto-da-uniao-sobre-marco-do-saneamento-fortalece-a-ana-diz-presidente-da-abar\/#breadcrumb\"},\"inLanguage\":\"pt-BR\",\"potentialAction\":[{\"@type\":\"ReadAction\",\"target\":[\"https:\/\/agenciainfra.com\/blog\/decreto-da-uniao-sobre-marco-do-saneamento-fortalece-a-ana-diz-presidente-da-abar\/\"]}]},{\"@type\":\"ImageObject\",\"inLanguage\":\"pt-BR\",\"@id\":\"https:\/\/agenciainfra.com\/blog\/decreto-da-uniao-sobre-marco-do-saneamento-fortalece-a-ana-diz-presidente-da-abar\/#primaryimage\",\"url\":\"https:\/\/agenciainfra.com\/blog\/wp-content\/uploads\/2021\/01\/fernando-franco-foto-abar.jpg\",\"contentUrl\":\"https:\/\/agenciainfra.com\/blog\/wp-content\/uploads\/2021\/01\/fernando-franco-foto-abar.jpg\",\"width\":1280,\"height\":924},{\"@type\":\"BreadcrumbList\",\"@id\":\"https:\/\/agenciainfra.com\/blog\/decreto-da-uniao-sobre-marco-do-saneamento-fortalece-a-ana-diz-presidente-da-abar\/#breadcrumb\",\"itemListElement\":[{\"@type\":\"ListItem\",\"position\":1,\"name\":\"In\u00edcio\",\"item\":\"https:\/\/agenciainfra.com\/blog\/\"},{\"@type\":\"ListItem\",\"position\":2,\"name\":\"Decreto da Uni\u00e3o sobre marco do saneamento fortalece a ANA, diz presidente da Abar\"}]},{\"@type\":\"WebSite\",\"@id\":\"https:\/\/agenciainfra.com\/blog\/#website\",\"url\":\"https:\/\/agenciainfra.com\/blog\/\",\"name\":\"Ag\u00eancia iNFRA\",\"description\":\"Multiplataforma de informa\u00e7\u00e3o jornal\u00edstica refer\u00eancia na \u00e1rea de infraestrutura no Brasil!\",\"publisher\":{\"@id\":\"https:\/\/agenciainfra.com\/blog\/#organization\"},\"potentialAction\":[{\"@type\":\"SearchAction\",\"target\":{\"@type\":\"EntryPoint\",\"urlTemplate\":\"https:\/\/agenciainfra.com\/blog\/?s={search_term_string}\"},\"query-input\":{\"@type\":\"PropertyValueSpecification\",\"valueRequired\":true,\"valueName\":\"search_term_string\"}}],\"inLanguage\":\"pt-BR\"},{\"@type\":\"Organization\",\"@id\":\"https:\/\/agenciainfra.com\/blog\/#organization\",\"name\":\"Ag\u00eancia iNFRA\",\"url\":\"https:\/\/agenciainfra.com\/blog\/\",\"logo\":{\"@type\":\"ImageObject\",\"inLanguage\":\"pt-BR\",\"@id\":\"https:\/\/agenciainfra.com\/blog\/#\/schema\/logo\/image\/\",\"url\":\"https:\/\/agenciainfra.com\/blog\/wp-content\/uploads\/2023\/09\/iNFRA_5-e1761735885940.png\",\"contentUrl\":\"https:\/\/agenciainfra.com\/blog\/wp-content\/uploads\/2023\/09\/iNFRA_5-e1761735885940.png\",\"width\":1672,\"height\":454,\"caption\":\"Ag\u00eancia iNFRA\"},\"image\":{\"@id\":\"https:\/\/agenciainfra.com\/blog\/#\/schema\/logo\/image\/\"},\"sameAs\":[\"https:\/\/www.facebook.com\/ageninfra\",\"https:\/\/x.com\/agencia_infra\",\"https:\/\/www.linkedin.com\/company\/ag\u00eanciainfra\/\",\"https:\/\/www.instagram.com\/agenciainfra\/\"]},{\"@type\":\"Person\",\"@id\":\"https:\/\/agenciainfra.com\/blog\/#\/schema\/person\/04dbb79bd6d8951f063da71f3e4c1eb1\",\"name\":\"Rodrigo Zuquim\",\"image\":{\"@type\":\"ImageObject\",\"inLanguage\":\"pt-BR\",\"@id\":\"https:\/\/agenciainfra.com\/blog\/#\/schema\/person\/image\/\",\"url\":\"https:\/\/secure.gravatar.com\/avatar\/594abfe82761d620726242ff34ca472a705a4b97f16c790053a6b4c4035274d0?s=96&d=mm&r=g\",\"contentUrl\":\"https:\/\/secure.gravatar.com\/avatar\/594abfe82761d620726242ff34ca472a705a4b97f16c790053a6b4c4035274d0?s=96&d=mm&r=g\",\"caption\":\"Rodrigo Zuquim\"},\"url\":\"https:\/\/agenciainfra.com\/blog\/author\/rodrigo-zuquim\/\"}]}<\/script>\n<!-- \/ Yoast SEO Premium plugin. -->","yoast_head_json":{"title":"Decreto da Uni\u00e3o sobre marco do saneamento fortalece a ANA, diz presidente da Abar - Ag\u00eancia iNFRA","robots":{"index":"index","follow":"follow","max-snippet":"max-snippet:-1","max-image-preview":"max-image-preview:large","max-video-preview":"max-video-preview:-1"},"canonical":"https:\/\/agenciainfra.com\/blog\/decreto-da-uniao-sobre-marco-do-saneamento-fortalece-a-ana-diz-presidente-da-abar\/","og_locale":"pt_BR","og_type":"article","og_title":"Decreto da Uni\u00e3o sobre marco do saneamento fortalece a ANA, diz presidente da Abar","og_description":"Tales Silveira, da&nbsp;Ag\u00eancia iNFRA O presidente da Abar (Associa\u00e7\u00e3o Brasileira de Ag\u00eancias de Regula\u00e7\u00e3o), Fernando Franco, afirmou que a ANA (Ag\u00eancia Nacional de \u00c1guas e Saneamento B\u00e1sico) saiu fortalecida com&nbsp;Decreto 10.588, publicado no dia 24 dezembro, que trata do apoio t\u00e9cnico e financeiro que a Uni\u00e3o deve conceder para a forma\u00e7\u00e3o dos cons\u00f3rcios intermunicipais.&nbsp;Segundo ele, [&hellip;]","og_url":"https:\/\/agenciainfra.com\/blog\/decreto-da-uniao-sobre-marco-do-saneamento-fortalece-a-ana-diz-presidente-da-abar\/","og_site_name":"Ag\u00eancia iNFRA","article_publisher":"https:\/\/www.facebook.com\/ageninfra","article_published_time":"2021-01-13T11:00:00+00:00","og_image":[{"width":1280,"height":924,"url":"https:\/\/agenciainfra.com\/blog\/wp-content\/uploads\/2021\/01\/fernando-franco-foto-abar.jpg","type":"image\/jpeg"}],"author":"Rodrigo Zuquim","twitter_card":"summary_large_image","twitter_creator":"@agencia_infra","twitter_site":"@agencia_infra","twitter_misc":{"Escrito por":"Rodrigo Zuquim","Est. tempo de leitura":"3 minutos"},"schema":{"@context":"https:\/\/schema.org","@graph":[{"@type":"Article","@id":"https:\/\/agenciainfra.com\/blog\/decreto-da-uniao-sobre-marco-do-saneamento-fortalece-a-ana-diz-presidente-da-abar\/#article","isPartOf":{"@id":"https:\/\/agenciainfra.com\/blog\/decreto-da-uniao-sobre-marco-do-saneamento-fortalece-a-ana-diz-presidente-da-abar\/"},"author":{"name":"Rodrigo Zuquim","@id":"https:\/\/agenciainfra.com\/blog\/#\/schema\/person\/04dbb79bd6d8951f063da71f3e4c1eb1"},"headline":"Decreto da Uni\u00e3o sobre marco do saneamento fortalece a ANA, diz presidente da Abar","datePublished":"2021-01-13T11:00:00+00:00","mainEntityOfPage":{"@id":"https:\/\/agenciainfra.com\/blog\/decreto-da-uniao-sobre-marco-do-saneamento-fortalece-a-ana-diz-presidente-da-abar\/"},"wordCount":641,"publisher":{"@id":"https:\/\/agenciainfra.com\/blog\/#organization"},"image":{"@id":"https:\/\/agenciainfra.com\/blog\/decreto-da-uniao-sobre-marco-do-saneamento-fortalece-a-ana-diz-presidente-da-abar\/#primaryimage"},"thumbnailUrl":"https:\/\/agenciainfra.com\/blog\/wp-content\/uploads\/2021\/01\/fernando-franco-foto-abar.jpg","keywords":["ABAR","ANA","Fernando Franco","marco do saneamento","saneamento rural","universaliza\u00e7\u00e3o"],"articleSection":["Geral"],"inLanguage":"pt-BR","copyrightYear":"2021","copyrightHolder":{"@id":"https:\/\/agenciainfra.com\/blog\/#organization"}},{"@type":"WebPage","@id":"https:\/\/agenciainfra.com\/blog\/decreto-da-uniao-sobre-marco-do-saneamento-fortalece-a-ana-diz-presidente-da-abar\/","url":"https:\/\/agenciainfra.com\/blog\/decreto-da-uniao-sobre-marco-do-saneamento-fortalece-a-ana-diz-presidente-da-abar\/","name":"Decreto da Uni\u00e3o sobre marco do saneamento fortalece a ANA, diz presidente da Abar - Ag\u00eancia iNFRA","isPartOf":{"@id":"https:\/\/agenciainfra.com\/blog\/#website"},"primaryImageOfPage":{"@id":"https:\/\/agenciainfra.com\/blog\/decreto-da-uniao-sobre-marco-do-saneamento-fortalece-a-ana-diz-presidente-da-abar\/#primaryimage"},"image":{"@id":"https:\/\/agenciainfra.com\/blog\/decreto-da-uniao-sobre-marco-do-saneamento-fortalece-a-ana-diz-presidente-da-abar\/#primaryimage"},"thumbnailUrl":"https:\/\/agenciainfra.com\/blog\/wp-content\/uploads\/2021\/01\/fernando-franco-foto-abar.jpg","datePublished":"2021-01-13T11:00:00+00:00","breadcrumb":{"@id":"https:\/\/agenciainfra.com\/blog\/decreto-da-uniao-sobre-marco-do-saneamento-fortalece-a-ana-diz-presidente-da-abar\/#breadcrumb"},"inLanguage":"pt-BR","potentialAction":[{"@type":"ReadAction","target":["https:\/\/agenciainfra.com\/blog\/decreto-da-uniao-sobre-marco-do-saneamento-fortalece-a-ana-diz-presidente-da-abar\/"]}]},{"@type":"ImageObject","inLanguage":"pt-BR","@id":"https:\/\/agenciainfra.com\/blog\/decreto-da-uniao-sobre-marco-do-saneamento-fortalece-a-ana-diz-presidente-da-abar\/#primaryimage","url":"https:\/\/agenciainfra.com\/blog\/wp-content\/uploads\/2021\/01\/fernando-franco-foto-abar.jpg","contentUrl":"https:\/\/agenciainfra.com\/blog\/wp-content\/uploads\/2021\/01\/fernando-franco-foto-abar.jpg","width":1280,"height":924},{"@type":"BreadcrumbList","@id":"https:\/\/agenciainfra.com\/blog\/decreto-da-uniao-sobre-marco-do-saneamento-fortalece-a-ana-diz-presidente-da-abar\/#breadcrumb","itemListElement":[{"@type":"ListItem","position":1,"name":"In\u00edcio","item":"https:\/\/agenciainfra.com\/blog\/"},{"@type":"ListItem","position":2,"name":"Decreto da Uni\u00e3o sobre marco do saneamento fortalece a ANA, diz presidente da Abar"}]},{"@type":"WebSite","@id":"https:\/\/agenciainfra.com\/blog\/#website","url":"https:\/\/agenciainfra.com\/blog\/","name":"Ag\u00eancia iNFRA","description":"Multiplataforma de informa\u00e7\u00e3o jornal\u00edstica refer\u00eancia na \u00e1rea de infraestrutura no Brasil!","publisher":{"@id":"https:\/\/agenciainfra.com\/blog\/#organization"},"potentialAction":[{"@type":"SearchAction","target":{"@type":"EntryPoint","urlTemplate":"https:\/\/agenciainfra.com\/blog\/?s={search_term_string}"},"query-input":{"@type":"PropertyValueSpecification","valueRequired":true,"valueName":"search_term_string"}}],"inLanguage":"pt-BR"},{"@type":"Organization","@id":"https:\/\/agenciainfra.com\/blog\/#organization","name":"Ag\u00eancia iNFRA","url":"https:\/\/agenciainfra.com\/blog\/","logo":{"@type":"ImageObject","inLanguage":"pt-BR","@id":"https:\/\/agenciainfra.com\/blog\/#\/schema\/logo\/image\/","url":"https:\/\/agenciainfra.com\/blog\/wp-content\/uploads\/2023\/09\/iNFRA_5-e1761735885940.png","contentUrl":"https:\/\/agenciainfra.com\/blog\/wp-content\/uploads\/2023\/09\/iNFRA_5-e1761735885940.png","width":1672,"height":454,"caption":"Ag\u00eancia iNFRA"},"image":{"@id":"https:\/\/agenciainfra.com\/blog\/#\/schema\/logo\/image\/"},"sameAs":["https:\/\/www.facebook.com\/ageninfra","https:\/\/x.com\/agencia_infra","https:\/\/www.linkedin.com\/company\/ag\u00eanciainfra\/","https:\/\/www.instagram.com\/agenciainfra\/"]},{"@type":"Person","@id":"https:\/\/agenciainfra.com\/blog\/#\/schema\/person\/04dbb79bd6d8951f063da71f3e4c1eb1","name":"Rodrigo Zuquim","image":{"@type":"ImageObject","inLanguage":"pt-BR","@id":"https:\/\/agenciainfra.com\/blog\/#\/schema\/person\/image\/","url":"https:\/\/secure.gravatar.com\/avatar\/594abfe82761d620726242ff34ca472a705a4b97f16c790053a6b4c4035274d0?s=96&d=mm&r=g","contentUrl":"https:\/\/secure.gravatar.com\/avatar\/594abfe82761d620726242ff34ca472a705a4b97f16c790053a6b4c4035274d0?s=96&d=mm&r=g","caption":"Rodrigo Zuquim"},"url":"https:\/\/agenciainfra.com\/blog\/author\/rodrigo-zuquim\/"}]}},"_links":{"self":[{"href":"https:\/\/agenciainfra.com\/blog\/wp-json\/wp\/v2\/posts\/6608","targetHints":{"allow":["GET"]}}],"collection":[{"href":"https:\/\/agenciainfra.com\/blog\/wp-json\/wp\/v2\/posts"}],"about":[{"href":"https:\/\/agenciainfra.com\/blog\/wp-json\/wp\/v2\/types\/post"}],"author":[{"embeddable":true,"href":"https:\/\/agenciainfra.com\/blog\/wp-json\/wp\/v2\/users\/9"}],"replies":[{"embeddable":true,"href":"https:\/\/agenciainfra.com\/blog\/wp-json\/wp\/v2\/comments?post=6608"}],"version-history":[{"count":0,"href":"https:\/\/agenciainfra.com\/blog\/wp-json\/wp\/v2\/posts\/6608\/revisions"}],"wp:featuredmedia":[{"embeddable":true,"href":"https:\/\/agenciainfra.com\/blog\/wp-json\/wp\/v2\/media\/6609"}],"wp:attachment":[{"href":"https:\/\/agenciainfra.com\/blog\/wp-json\/wp\/v2\/media?parent=6608"}],"wp:term":[{"taxonomy":"category","embeddable":true,"href":"https:\/\/agenciainfra.com\/blog\/wp-json\/wp\/v2\/categories?post=6608"},{"taxonomy":"post_tag","embeddable":true,"href":"https:\/\/agenciainfra.com\/blog\/wp-json\/wp\/v2\/tags?post=6608"}],"curies":[{"name":"wp","href":"https:\/\/api.w.org\/{rel}","templated":true}]}}