{"id":6621,"date":"2021-01-14T07:38:50","date_gmt":"2021-01-14T10:38:50","guid":{"rendered":"https:\/\/www.agenciainfra.com\/blog\/?p=6621"},"modified":"2021-01-14T07:38:54","modified_gmt":"2021-01-14T10:38:54","slug":"ministerio-da-infraestrutura-determina-a-infraero-saida-da-gestao-do-aeroporto-da-pampulha","status":"publish","type":"post","link":"https:\/\/agenciainfra.com\/blog\/ministerio-da-infraestrutura-determina-a-infraero-saida-da-gestao-do-aeroporto-da-pampulha\/","title":{"rendered":"Minist\u00e9rio da Infraestrutura determina a Infraero sa\u00edda da gest\u00e3o do Aeroporto da Pampulha"},"content":{"rendered":"\n<p class=\"has-text-align-right\"><strong><br>da Ag\u00eancia iNFRA<\/strong><\/p>\n\n\n\n<p>O Minist\u00e9rio da Infraestrutura retirou da Infraero a atribui\u00e7\u00e3o para explorar o Aeroporto da Pampulha, em Belo Horizonte (MG). <a rel=\"noreferrer noopener\" href=\"https:\/\/agenciainfra.us14.list-manage.com\/track\/click?u=d460dd1bcf9ba0ae040e1fc0f&amp;id=d3653772d1&amp;e=79cc876d14\" target=\"_blank\">Portaria 1<\/a>\u00a0da pasta, que retirou a atribui\u00e7\u00e3o, foi publicada no Di\u00e1rio Oficial da Uni\u00e3o desta quinta-feira (14). O ato est\u00e1 dispon\u00edvel <a rel=\"noreferrer noopener\" href=\"https:\/\/pesquisa.in.gov.br\/imprensa\/jsp\/visualiza\/index.jsp?data=14\/01\/2021&amp;jornal=515&amp;pagina=249&amp;totalArquivos=278\" data-type=\"URL\" data-id=\"https:\/\/pesquisa.in.gov.br\/imprensa\/jsp\/visualiza\/index.jsp?data=14\/01\/2021&amp;jornal=515&amp;pagina=249&amp;totalArquivos=278\" target=\"_blank\">neste link<\/a>.<\/p>\n\n\n\n<p>A portaria cria um regime de transi\u00e7\u00e3o para que o governo do estado de Minas Gerais possa assumir a unidade. De acordo com a norma, a Infraero permanecer\u00e1 respons\u00e1vel pela explora\u00e7\u00e3o do aeroporto at\u00e9 31 de dezembro de 2021. Em seis meses, a estatal que administra aeroportos ter\u00e1 que apresentar um invent\u00e1rio de bens detalhados da unidade.<\/p>\n\n\n\n<p>O Aeroporto da Pampulha fica localizado em \u00e1rea central da capital mineira. A unidade operava pequenos voos regionais desde a desestatiza\u00e7\u00e3o do aeroporto internacional do estado, em Confins (MG).<\/p>\n\n\n\n<p>Mas em 2016 houve uma tentativa de reabrir a unidade para voos nacionais, o que levou a uma disputa com a concession\u00e1ria do aeroporto internacional. Em 2019, a <a rel=\"noreferrer noopener\" href=\"https:\/\/agenciainfra.com\/blog\/ministerio-decide-que-pampulha-permanece-com-operacao-apenas-com-voos-regionais\/\" target=\"_blank\" data-type=\"URL\" data-id=\"https:\/\/agenciainfra.com\/blog\/ministerio-decide-que-pampulha-permanece-com-operacao-apenas-com-voos-regionais\/\">decis\u00e3o<\/a> foi por manter apenas voos regionais.<\/p>\n\n\n\n<p>No ano passado, o governo de Minas Gerais lan\u00e7ou um PMI (Procedimento de Manifesta\u00e7\u00e3o de Interesse) para estudos sobre o que ser\u00e1 feito com essa unidade.<\/p>\n","protected":false},"excerpt":{"rendered":"<p>da Ag\u00eancia iNFRA O Minist\u00e9rio da Infraestrutura retirou da Infraero a atribui\u00e7\u00e3o para explorar o Aeroporto da Pampulha, em Belo Horizonte (MG). Portaria 1\u00a0da pasta, que retirou a atribui\u00e7\u00e3o, foi publicada no Di\u00e1rio Oficial da Uni\u00e3o desta quinta-feira (14). O ato est\u00e1 dispon\u00edvel neste link. A portaria cria um regime de transi\u00e7\u00e3o para que o [&hellip;]<\/p>\n","protected":false},"author":9,"featured_media":6622,"comment_status":"closed","ping_status":"closed","sticky":false,"template":"","format":"standard","meta":{"_monsterinsights_skip_tracking":false,"_monsterinsights_sitenote_active":false,"_monsterinsights_sitenote_note":"","_monsterinsights_sitenote_category":0,"footnotes":""},"categories":[1,2052],"tags":[859,107,22,3318,192,61,1985,775,65],"class_list":["post-6621","post","type-post","status-publish","format-standard","has-post-thumbnail","hentry","category-geral","category-infra-transicao","tag-aeroporto-da-pampulha","tag-aeroportos","tag-concessao","tag-confins","tag-desestatizacao","tag-infraero","tag-minas-gerais","tag-ministerio-da-infraestrutura","tag-pmi"],"yoast_head":"<!-- This site is optimized with the Yoast SEO Premium plugin v25.4 (Yoast SEO v26.0) - https:\/\/yoast.com\/wordpress\/plugins\/seo\/ -->\n<title>Minist\u00e9rio da Infraestrutura determina a Infraero sa\u00edda da gest\u00e3o do Aeroporto da Pampulha - Ag\u00eancia iNFRA<\/title>\n<meta name=\"robots\" content=\"index, follow, max-snippet:-1, max-image-preview:large, max-video-preview:-1\" \/>\n<link rel=\"canonical\" href=\"https:\/\/agenciainfra.com\/blog\/ministerio-da-infraestrutura-determina-a-infraero-saida-da-gestao-do-aeroporto-da-pampulha\/\" \/>\n<meta property=\"og:locale\" content=\"pt_BR\" \/>\n<meta property=\"og:type\" content=\"article\" \/>\n<meta property=\"og:title\" content=\"Minist\u00e9rio da Infraestrutura determina a Infraero sa\u00edda da gest\u00e3o do Aeroporto da Pampulha\" \/>\n<meta property=\"og:description\" content=\"da Ag\u00eancia iNFRA O Minist\u00e9rio da Infraestrutura retirou da Infraero a atribui\u00e7\u00e3o para explorar o Aeroporto da Pampulha, em Belo Horizonte (MG). Portaria 1\u00a0da pasta, que retirou a atribui\u00e7\u00e3o, foi publicada no Di\u00e1rio Oficial da Uni\u00e3o desta quinta-feira (14). O ato est\u00e1 dispon\u00edvel neste link. A portaria cria um regime de transi\u00e7\u00e3o para que o [&hellip;]\" \/>\n<meta property=\"og:url\" content=\"https:\/\/agenciainfra.com\/blog\/ministerio-da-infraestrutura-determina-a-infraero-saida-da-gestao-do-aeroporto-da-pampulha\/\" \/>\n<meta property=\"og:site_name\" content=\"Ag\u00eancia iNFRA\" \/>\n<meta property=\"article:publisher\" content=\"https:\/\/www.facebook.com\/ageninfra\" \/>\n<meta property=\"article:published_time\" content=\"2021-01-14T10:38:50+00:00\" \/>\n<meta property=\"article:modified_time\" content=\"2021-01-14T10:38:54+00:00\" \/>\n<meta property=\"og:image\" content=\"https:\/\/agenciainfra.com\/blog\/wp-content\/uploads\/2021\/01\/aeroporto-da-pampulha-foto-carlos-alberto-imprensa-MG.jpg\" \/>\n\t<meta property=\"og:image:width\" content=\"1280\" \/>\n\t<meta property=\"og:image:height\" content=\"851\" \/>\n\t<meta property=\"og:image:type\" content=\"image\/jpeg\" \/>\n<meta name=\"author\" content=\"Rodrigo Zuquim\" \/>\n<meta name=\"twitter:card\" content=\"summary_large_image\" \/>\n<meta name=\"twitter:creator\" content=\"@agencia_infra\" \/>\n<meta name=\"twitter:site\" content=\"@agencia_infra\" \/>\n<meta name=\"twitter:label1\" content=\"Escrito por\" \/>\n\t<meta name=\"twitter:data1\" content=\"Rodrigo Zuquim\" \/>\n\t<meta name=\"twitter:label2\" content=\"Est. tempo de leitura\" \/>\n\t<meta name=\"twitter:data2\" content=\"1 minuto\" \/>\n<script type=\"application\/ld+json\" class=\"yoast-schema-graph\">{\"@context\":\"https:\/\/schema.org\",\"@graph\":[{\"@type\":\"Article\",\"@id\":\"https:\/\/agenciainfra.com\/blog\/ministerio-da-infraestrutura-determina-a-infraero-saida-da-gestao-do-aeroporto-da-pampulha\/#article\",\"isPartOf\":{\"@id\":\"https:\/\/agenciainfra.com\/blog\/ministerio-da-infraestrutura-determina-a-infraero-saida-da-gestao-do-aeroporto-da-pampulha\/\"},\"author\":{\"name\":\"Rodrigo Zuquim\",\"@id\":\"https:\/\/agenciainfra.com\/blog\/#\/schema\/person\/04dbb79bd6d8951f063da71f3e4c1eb1\"},\"headline\":\"Minist\u00e9rio da Infraestrutura determina a Infraero sa\u00edda da gest\u00e3o do Aeroporto da Pampulha\",\"datePublished\":\"2021-01-14T10:38:50+00:00\",\"dateModified\":\"2021-01-14T10:38:54+00:00\",\"mainEntityOfPage\":{\"@id\":\"https:\/\/agenciainfra.com\/blog\/ministerio-da-infraestrutura-determina-a-infraero-saida-da-gestao-do-aeroporto-da-pampulha\/\"},\"wordCount\":219,\"publisher\":{\"@id\":\"https:\/\/agenciainfra.com\/blog\/#organization\"},\"image\":{\"@id\":\"https:\/\/agenciainfra.com\/blog\/ministerio-da-infraestrutura-determina-a-infraero-saida-da-gestao-do-aeroporto-da-pampulha\/#primaryimage\"},\"thumbnailUrl\":\"https:\/\/agenciainfra.com\/blog\/wp-content\/uploads\/2021\/01\/aeroporto-da-pampulha-foto-carlos-alberto-imprensa-MG.jpg\",\"keywords\":[\"Aeroporto da Pampulha\",\"aeroportos\",\"Concess\u00e3o\",\"Confins\",\"desestatiza\u00e7\u00e3o\",\"Infraero\",\"Minas Gerais\",\"Minist\u00e9rio da Infraestrutura\",\"PMI\"],\"articleSection\":[\"Geral\",\"iNFRA Na Transi\u00e7\u00e3o\"],\"inLanguage\":\"pt-BR\",\"copyrightYear\":\"2021\",\"copyrightHolder\":{\"@id\":\"https:\/\/agenciainfra.com\/blog\/#organization\"}},{\"@type\":\"WebPage\",\"@id\":\"https:\/\/agenciainfra.com\/blog\/ministerio-da-infraestrutura-determina-a-infraero-saida-da-gestao-do-aeroporto-da-pampulha\/\",\"url\":\"https:\/\/agenciainfra.com\/blog\/ministerio-da-infraestrutura-determina-a-infraero-saida-da-gestao-do-aeroporto-da-pampulha\/\",\"name\":\"Minist\u00e9rio da Infraestrutura determina a Infraero sa\u00edda da gest\u00e3o do Aeroporto da Pampulha - Ag\u00eancia iNFRA\",\"isPartOf\":{\"@id\":\"https:\/\/agenciainfra.com\/blog\/#website\"},\"primaryImageOfPage\":{\"@id\":\"https:\/\/agenciainfra.com\/blog\/ministerio-da-infraestrutura-determina-a-infraero-saida-da-gestao-do-aeroporto-da-pampulha\/#primaryimage\"},\"image\":{\"@id\":\"https:\/\/agenciainfra.com\/blog\/ministerio-da-infraestrutura-determina-a-infraero-saida-da-gestao-do-aeroporto-da-pampulha\/#primaryimage\"},\"thumbnailUrl\":\"https:\/\/agenciainfra.com\/blog\/wp-content\/uploads\/2021\/01\/aeroporto-da-pampulha-foto-carlos-alberto-imprensa-MG.jpg\",\"datePublished\":\"2021-01-14T10:38:50+00:00\",\"dateModified\":\"2021-01-14T10:38:54+00:00\",\"breadcrumb\":{\"@id\":\"https:\/\/agenciainfra.com\/blog\/ministerio-da-infraestrutura-determina-a-infraero-saida-da-gestao-do-aeroporto-da-pampulha\/#breadcrumb\"},\"inLanguage\":\"pt-BR\",\"potentialAction\":[{\"@type\":\"ReadAction\",\"target\":[\"https:\/\/agenciainfra.com\/blog\/ministerio-da-infraestrutura-determina-a-infraero-saida-da-gestao-do-aeroporto-da-pampulha\/\"]}]},{\"@type\":\"ImageObject\",\"inLanguage\":\"pt-BR\",\"@id\":\"https:\/\/agenciainfra.com\/blog\/ministerio-da-infraestrutura-determina-a-infraero-saida-da-gestao-do-aeroporto-da-pampulha\/#primaryimage\",\"url\":\"https:\/\/agenciainfra.com\/blog\/wp-content\/uploads\/2021\/01\/aeroporto-da-pampulha-foto-carlos-alberto-imprensa-MG.jpg\",\"contentUrl\":\"https:\/\/agenciainfra.com\/blog\/wp-content\/uploads\/2021\/01\/aeroporto-da-pampulha-foto-carlos-alberto-imprensa-MG.jpg\",\"width\":1280,\"height\":851},{\"@type\":\"BreadcrumbList\",\"@id\":\"https:\/\/agenciainfra.com\/blog\/ministerio-da-infraestrutura-determina-a-infraero-saida-da-gestao-do-aeroporto-da-pampulha\/#breadcrumb\",\"itemListElement\":[{\"@type\":\"ListItem\",\"position\":1,\"name\":\"In\u00edcio\",\"item\":\"https:\/\/agenciainfra.com\/blog\/\"},{\"@type\":\"ListItem\",\"position\":2,\"name\":\"Minist\u00e9rio da Infraestrutura determina a Infraero sa\u00edda da gest\u00e3o do Aeroporto da Pampulha\"}]},{\"@type\":\"WebSite\",\"@id\":\"https:\/\/agenciainfra.com\/blog\/#website\",\"url\":\"https:\/\/agenciainfra.com\/blog\/\",\"name\":\"Ag\u00eancia iNFRA\",\"description\":\"Multiplataforma de informa\u00e7\u00e3o jornal\u00edstica refer\u00eancia na \u00e1rea de infraestrutura no Brasil!\",\"publisher\":{\"@id\":\"https:\/\/agenciainfra.com\/blog\/#organization\"},\"potentialAction\":[{\"@type\":\"SearchAction\",\"target\":{\"@type\":\"EntryPoint\",\"urlTemplate\":\"https:\/\/agenciainfra.com\/blog\/?s={search_term_string}\"},\"query-input\":{\"@type\":\"PropertyValueSpecification\",\"valueRequired\":true,\"valueName\":\"search_term_string\"}}],\"inLanguage\":\"pt-BR\"},{\"@type\":\"Organization\",\"@id\":\"https:\/\/agenciainfra.com\/blog\/#organization\",\"name\":\"Ag\u00eancia iNFRA\",\"url\":\"https:\/\/agenciainfra.com\/blog\/\",\"logo\":{\"@type\":\"ImageObject\",\"inLanguage\":\"pt-BR\",\"@id\":\"https:\/\/agenciainfra.com\/blog\/#\/schema\/logo\/image\/\",\"url\":\"https:\/\/agenciainfra.com\/blog\/wp-content\/uploads\/2023\/09\/iNFRA_5-e1761735885940.png\",\"contentUrl\":\"https:\/\/agenciainfra.com\/blog\/wp-content\/uploads\/2023\/09\/iNFRA_5-e1761735885940.png\",\"width\":1672,\"height\":454,\"caption\":\"Ag\u00eancia iNFRA\"},\"image\":{\"@id\":\"https:\/\/agenciainfra.com\/blog\/#\/schema\/logo\/image\/\"},\"sameAs\":[\"https:\/\/www.facebook.com\/ageninfra\",\"https:\/\/x.com\/agencia_infra\",\"https:\/\/www.linkedin.com\/company\/ag\u00eanciainfra\/\",\"https:\/\/www.instagram.com\/agenciainfra\/\"]},{\"@type\":\"Person\",\"@id\":\"https:\/\/agenciainfra.com\/blog\/#\/schema\/person\/04dbb79bd6d8951f063da71f3e4c1eb1\",\"name\":\"Rodrigo Zuquim\",\"image\":{\"@type\":\"ImageObject\",\"inLanguage\":\"pt-BR\",\"@id\":\"https:\/\/agenciainfra.com\/blog\/#\/schema\/person\/image\/\",\"url\":\"https:\/\/secure.gravatar.com\/avatar\/594abfe82761d620726242ff34ca472a705a4b97f16c790053a6b4c4035274d0?s=96&d=mm&r=g\",\"contentUrl\":\"https:\/\/secure.gravatar.com\/avatar\/594abfe82761d620726242ff34ca472a705a4b97f16c790053a6b4c4035274d0?s=96&d=mm&r=g\",\"caption\":\"Rodrigo Zuquim\"},\"url\":\"https:\/\/agenciainfra.com\/blog\/author\/rodrigo-zuquim\/\"}]}<\/script>\n<!-- \/ Yoast SEO Premium plugin. -->","yoast_head_json":{"title":"Minist\u00e9rio da Infraestrutura determina a Infraero sa\u00edda da gest\u00e3o do Aeroporto da Pampulha - Ag\u00eancia iNFRA","robots":{"index":"index","follow":"follow","max-snippet":"max-snippet:-1","max-image-preview":"max-image-preview:large","max-video-preview":"max-video-preview:-1"},"canonical":"https:\/\/agenciainfra.com\/blog\/ministerio-da-infraestrutura-determina-a-infraero-saida-da-gestao-do-aeroporto-da-pampulha\/","og_locale":"pt_BR","og_type":"article","og_title":"Minist\u00e9rio da Infraestrutura determina a Infraero sa\u00edda da gest\u00e3o do Aeroporto da Pampulha","og_description":"da Ag\u00eancia iNFRA O Minist\u00e9rio da Infraestrutura retirou da Infraero a atribui\u00e7\u00e3o para explorar o Aeroporto da Pampulha, em Belo Horizonte (MG). Portaria 1\u00a0da pasta, que retirou a atribui\u00e7\u00e3o, foi publicada no Di\u00e1rio Oficial da Uni\u00e3o desta quinta-feira (14). O ato est\u00e1 dispon\u00edvel neste link. A portaria cria um regime de transi\u00e7\u00e3o para que o [&hellip;]","og_url":"https:\/\/agenciainfra.com\/blog\/ministerio-da-infraestrutura-determina-a-infraero-saida-da-gestao-do-aeroporto-da-pampulha\/","og_site_name":"Ag\u00eancia iNFRA","article_publisher":"https:\/\/www.facebook.com\/ageninfra","article_published_time":"2021-01-14T10:38:50+00:00","article_modified_time":"2021-01-14T10:38:54+00:00","og_image":[{"width":1280,"height":851,"url":"https:\/\/agenciainfra.com\/blog\/wp-content\/uploads\/2021\/01\/aeroporto-da-pampulha-foto-carlos-alberto-imprensa-MG.jpg","type":"image\/jpeg"}],"author":"Rodrigo Zuquim","twitter_card":"summary_large_image","twitter_creator":"@agencia_infra","twitter_site":"@agencia_infra","twitter_misc":{"Escrito por":"Rodrigo Zuquim","Est. tempo de leitura":"1 minuto"},"schema":{"@context":"https:\/\/schema.org","@graph":[{"@type":"Article","@id":"https:\/\/agenciainfra.com\/blog\/ministerio-da-infraestrutura-determina-a-infraero-saida-da-gestao-do-aeroporto-da-pampulha\/#article","isPartOf":{"@id":"https:\/\/agenciainfra.com\/blog\/ministerio-da-infraestrutura-determina-a-infraero-saida-da-gestao-do-aeroporto-da-pampulha\/"},"author":{"name":"Rodrigo Zuquim","@id":"https:\/\/agenciainfra.com\/blog\/#\/schema\/person\/04dbb79bd6d8951f063da71f3e4c1eb1"},"headline":"Minist\u00e9rio da Infraestrutura determina a Infraero sa\u00edda da gest\u00e3o do Aeroporto da Pampulha","datePublished":"2021-01-14T10:38:50+00:00","dateModified":"2021-01-14T10:38:54+00:00","mainEntityOfPage":{"@id":"https:\/\/agenciainfra.com\/blog\/ministerio-da-infraestrutura-determina-a-infraero-saida-da-gestao-do-aeroporto-da-pampulha\/"},"wordCount":219,"publisher":{"@id":"https:\/\/agenciainfra.com\/blog\/#organization"},"image":{"@id":"https:\/\/agenciainfra.com\/blog\/ministerio-da-infraestrutura-determina-a-infraero-saida-da-gestao-do-aeroporto-da-pampulha\/#primaryimage"},"thumbnailUrl":"https:\/\/agenciainfra.com\/blog\/wp-content\/uploads\/2021\/01\/aeroporto-da-pampulha-foto-carlos-alberto-imprensa-MG.jpg","keywords":["Aeroporto da Pampulha","aeroportos","Concess\u00e3o","Confins","desestatiza\u00e7\u00e3o","Infraero","Minas Gerais","Minist\u00e9rio da Infraestrutura","PMI"],"articleSection":["Geral","iNFRA Na Transi\u00e7\u00e3o"],"inLanguage":"pt-BR","copyrightYear":"2021","copyrightHolder":{"@id":"https:\/\/agenciainfra.com\/blog\/#organization"}},{"@type":"WebPage","@id":"https:\/\/agenciainfra.com\/blog\/ministerio-da-infraestrutura-determina-a-infraero-saida-da-gestao-do-aeroporto-da-pampulha\/","url":"https:\/\/agenciainfra.com\/blog\/ministerio-da-infraestrutura-determina-a-infraero-saida-da-gestao-do-aeroporto-da-pampulha\/","name":"Minist\u00e9rio da Infraestrutura determina a Infraero sa\u00edda da gest\u00e3o do Aeroporto da Pampulha - Ag\u00eancia iNFRA","isPartOf":{"@id":"https:\/\/agenciainfra.com\/blog\/#website"},"primaryImageOfPage":{"@id":"https:\/\/agenciainfra.com\/blog\/ministerio-da-infraestrutura-determina-a-infraero-saida-da-gestao-do-aeroporto-da-pampulha\/#primaryimage"},"image":{"@id":"https:\/\/agenciainfra.com\/blog\/ministerio-da-infraestrutura-determina-a-infraero-saida-da-gestao-do-aeroporto-da-pampulha\/#primaryimage"},"thumbnailUrl":"https:\/\/agenciainfra.com\/blog\/wp-content\/uploads\/2021\/01\/aeroporto-da-pampulha-foto-carlos-alberto-imprensa-MG.jpg","datePublished":"2021-01-14T10:38:50+00:00","dateModified":"2021-01-14T10:38:54+00:00","breadcrumb":{"@id":"https:\/\/agenciainfra.com\/blog\/ministerio-da-infraestrutura-determina-a-infraero-saida-da-gestao-do-aeroporto-da-pampulha\/#breadcrumb"},"inLanguage":"pt-BR","potentialAction":[{"@type":"ReadAction","target":["https:\/\/agenciainfra.com\/blog\/ministerio-da-infraestrutura-determina-a-infraero-saida-da-gestao-do-aeroporto-da-pampulha\/"]}]},{"@type":"ImageObject","inLanguage":"pt-BR","@id":"https:\/\/agenciainfra.com\/blog\/ministerio-da-infraestrutura-determina-a-infraero-saida-da-gestao-do-aeroporto-da-pampulha\/#primaryimage","url":"https:\/\/agenciainfra.com\/blog\/wp-content\/uploads\/2021\/01\/aeroporto-da-pampulha-foto-carlos-alberto-imprensa-MG.jpg","contentUrl":"https:\/\/agenciainfra.com\/blog\/wp-content\/uploads\/2021\/01\/aeroporto-da-pampulha-foto-carlos-alberto-imprensa-MG.jpg","width":1280,"height":851},{"@type":"BreadcrumbList","@id":"https:\/\/agenciainfra.com\/blog\/ministerio-da-infraestrutura-determina-a-infraero-saida-da-gestao-do-aeroporto-da-pampulha\/#breadcrumb","itemListElement":[{"@type":"ListItem","position":1,"name":"In\u00edcio","item":"https:\/\/agenciainfra.com\/blog\/"},{"@type":"ListItem","position":2,"name":"Minist\u00e9rio da Infraestrutura determina a Infraero sa\u00edda da gest\u00e3o do Aeroporto da Pampulha"}]},{"@type":"WebSite","@id":"https:\/\/agenciainfra.com\/blog\/#website","url":"https:\/\/agenciainfra.com\/blog\/","name":"Ag\u00eancia iNFRA","description":"Multiplataforma de informa\u00e7\u00e3o jornal\u00edstica refer\u00eancia na \u00e1rea de infraestrutura no Brasil!","publisher":{"@id":"https:\/\/agenciainfra.com\/blog\/#organization"},"potentialAction":[{"@type":"SearchAction","target":{"@type":"EntryPoint","urlTemplate":"https:\/\/agenciainfra.com\/blog\/?s={search_term_string}"},"query-input":{"@type":"PropertyValueSpecification","valueRequired":true,"valueName":"search_term_string"}}],"inLanguage":"pt-BR"},{"@type":"Organization","@id":"https:\/\/agenciainfra.com\/blog\/#organization","name":"Ag\u00eancia iNFRA","url":"https:\/\/agenciainfra.com\/blog\/","logo":{"@type":"ImageObject","inLanguage":"pt-BR","@id":"https:\/\/agenciainfra.com\/blog\/#\/schema\/logo\/image\/","url":"https:\/\/agenciainfra.com\/blog\/wp-content\/uploads\/2023\/09\/iNFRA_5-e1761735885940.png","contentUrl":"https:\/\/agenciainfra.com\/blog\/wp-content\/uploads\/2023\/09\/iNFRA_5-e1761735885940.png","width":1672,"height":454,"caption":"Ag\u00eancia iNFRA"},"image":{"@id":"https:\/\/agenciainfra.com\/blog\/#\/schema\/logo\/image\/"},"sameAs":["https:\/\/www.facebook.com\/ageninfra","https:\/\/x.com\/agencia_infra","https:\/\/www.linkedin.com\/company\/ag\u00eanciainfra\/","https:\/\/www.instagram.com\/agenciainfra\/"]},{"@type":"Person","@id":"https:\/\/agenciainfra.com\/blog\/#\/schema\/person\/04dbb79bd6d8951f063da71f3e4c1eb1","name":"Rodrigo Zuquim","image":{"@type":"ImageObject","inLanguage":"pt-BR","@id":"https:\/\/agenciainfra.com\/blog\/#\/schema\/person\/image\/","url":"https:\/\/secure.gravatar.com\/avatar\/594abfe82761d620726242ff34ca472a705a4b97f16c790053a6b4c4035274d0?s=96&d=mm&r=g","contentUrl":"https:\/\/secure.gravatar.com\/avatar\/594abfe82761d620726242ff34ca472a705a4b97f16c790053a6b4c4035274d0?s=96&d=mm&r=g","caption":"Rodrigo Zuquim"},"url":"https:\/\/agenciainfra.com\/blog\/author\/rodrigo-zuquim\/"}]}},"_links":{"self":[{"href":"https:\/\/agenciainfra.com\/blog\/wp-json\/wp\/v2\/posts\/6621","targetHints":{"allow":["GET"]}}],"collection":[{"href":"https:\/\/agenciainfra.com\/blog\/wp-json\/wp\/v2\/posts"}],"about":[{"href":"https:\/\/agenciainfra.com\/blog\/wp-json\/wp\/v2\/types\/post"}],"author":[{"embeddable":true,"href":"https:\/\/agenciainfra.com\/blog\/wp-json\/wp\/v2\/users\/9"}],"replies":[{"embeddable":true,"href":"https:\/\/agenciainfra.com\/blog\/wp-json\/wp\/v2\/comments?post=6621"}],"version-history":[{"count":0,"href":"https:\/\/agenciainfra.com\/blog\/wp-json\/wp\/v2\/posts\/6621\/revisions"}],"wp:featuredmedia":[{"embeddable":true,"href":"https:\/\/agenciainfra.com\/blog\/wp-json\/wp\/v2\/media\/6622"}],"wp:attachment":[{"href":"https:\/\/agenciainfra.com\/blog\/wp-json\/wp\/v2\/media?parent=6621"}],"wp:term":[{"taxonomy":"category","embeddable":true,"href":"https:\/\/agenciainfra.com\/blog\/wp-json\/wp\/v2\/categories?post=6621"},{"taxonomy":"post_tag","embeddable":true,"href":"https:\/\/agenciainfra.com\/blog\/wp-json\/wp\/v2\/tags?post=6621"}],"curies":[{"name":"wp","href":"https:\/\/api.w.org\/{rel}","templated":true}]}}