{"id":6664,"date":"2021-01-23T08:00:00","date_gmt":"2021-01-23T11:00:00","guid":{"rendered":"https:\/\/www.agenciainfra.com\/blog\/?p=6664"},"modified":"2021-01-21T09:48:29","modified_gmt":"2021-01-21T12:48:29","slug":"com-998-de-execucao-em-2020-infraestrutura-vai-atras-de-mais-r-34-bi-de-emendas-no-orcamento-de-2021","status":"publish","type":"post","link":"https:\/\/agenciainfra.com\/blog\/com-998-de-execucao-em-2020-infraestrutura-vai-atras-de-mais-r-34-bi-de-emendas-no-orcamento-de-2021\/","title":{"rendered":"Com 99,8% de execu\u00e7\u00e3o em 2020, Infraestrutura vai atr\u00e1s de mais R$ 3,4 bi de emendas no or\u00e7amento de 2021"},"content":{"rendered":"\n<hr class=\"wp-block-separator\"\/>\n\n\n\n<p class=\"has-text-align-right\"><strong>Dimmi Amora, da&nbsp;Ag\u00eancia iNFRA<\/strong><\/p>\n\n\n\n<p>A execu\u00e7\u00e3o or\u00e7ament\u00e1ria recorde, de 99,8% do or\u00e7amento de 2020, feita pelo Minist\u00e9rio da Infraestrutura, levou a pasta a acreditar que no or\u00e7amento de 2021 ser\u00e1 poss\u00edvel obter R$ 3,4 bilh\u00f5es a mais para investimentos por meio de emendas parlamentares.<br><br>O n\u00famero foi projetado pelo secret\u00e1rio-executivo da pasta, Marcelo Sampaio, \u00e0&nbsp;<strong>Ag\u00eancia iNFRA<\/strong>. O valor seria quase 17 vezes o volume de emendas parlamentares para a pasta no or\u00e7amento de 2019, o primeiro da atual gest\u00e3o, que teve R$ 200 milh\u00f5es. No ano passado foram R$ 2 bilh\u00f5es em emendas, totalmente executados.<br><br>&#8220;O n\u00famero [de 2020] d\u00e1 legitimidade para dizermos aos deputados que se ele colocar R$ 10 milh\u00f5es em emenda [onde sugerimos], sabe que ser\u00e1 R$ 10 milh\u00f5es que v\u00e3o gerar obra&#8221;, disse Sampaio.&nbsp;<br><br>No combalido or\u00e7amento da Uni\u00e3o dos \u00faltimos anos, conseguir recursos de emendas parlamentares tem sido uma solu\u00e7\u00e3o para aumentar as verbas das pastas sem ultrapassar o teto de gastos, que impede gastos discricion\u00e1rios acima da infla\u00e7\u00e3o do ano anterior.<br><br>No caso da Infraestrutura, a proposta de or\u00e7amento de 2021 levada ao Congresso \u00e9 de apenas R$ 7,3 bilh\u00f5es, 20% menos que os R$ 9,3 bilh\u00f5es que foram empenhados ao longo de 2020 e levaram ao recorde de execu\u00e7\u00e3o da pasta.<br>&nbsp;<br>Executar praticamente tudo o que o or\u00e7amento permite \u00e9 um feito diante da burocracia natural para se gastar dinheiro do or\u00e7amento no pa\u00eds. No ano de 2019, a execu\u00e7\u00e3o j\u00e1 tinha sido elevada, 99,44%. Antes, os n\u00fameros oscilavam&nbsp;na casa dos 80% a 90%. O que n\u00e3o \u00e9 executado (que na linguagem or\u00e7ament\u00e1ria significa empenhado para pagamento) \u00e9 perdido.<br><br><strong>Junta or\u00e7ament\u00e1ria<\/strong><br>Segundo Sampaio, a conquista da pasta foi obtida por uma mudan\u00e7a da equipe na forma de gerir o or\u00e7amento, ap\u00f3s anos de aprendizado por parte de servidores experientes no tema que est\u00e3o \u00e0 frente da \u00e1rea no minist\u00e9rio.<br><br>A principal provid\u00eancia foi criar uma junta or\u00e7ament\u00e1ria interna da pasta. H\u00e1 uma junta or\u00e7ament\u00e1ria do governo federal que analisa a execu\u00e7\u00e3o do or\u00e7amento ao longo do ano e avalia a execu\u00e7\u00e3o e os pleitos dos minist\u00e9rios por mais verbas.<br><br>A ideia foi criar entre os ordenadores de despesas de cada \u00f3rg\u00e3o da pasta um sistema igual que analisa m\u00eas a m\u00eas como est\u00e1 o gasto e projeta quais n\u00e3o v\u00e3o conseguir empenhar o que est\u00e1 previsto no or\u00e7amento e os que est\u00e3o em ritmo que podem receber mais recursos.<br><br>Sampaio cita como exemplo os problemas para executar obras de conv\u00eanio com estados e munic\u00edpios em aeroportos com recursos do FNAC (Fundo Nacional de Avia\u00e7\u00e3o Civil), que por falta de projetos e recursos das cidades nem sempre podem ser feitos. Para evitar que o espa\u00e7o or\u00e7ament\u00e1rio seja perdido, os recursos s\u00e3o cancelados para esse fim e outra \u00e1rea pode ampliar o gasto numa obra que tenha possibilidade de ter o recurso empenhado.<br><br>&#8220;O or\u00e7amento \u00e9 todo carimbado. Se voc\u00ea n\u00e3o conhece todo o labirinto, n\u00e3o chega a essa marca. N\u00f3s temos um time que conhece&#8221;, afirmou Sampaio, indicando que o formato de junta tem gerado um trabalho colaborativo.<br><br>Foram criados oito indicadores para mostrar ao longo do ano como est\u00e1 o gasto. Esses indicadores tamb\u00e9m ajudam a fazer um ranking dos \u00f3rg\u00e3os que est\u00e3o mais pr\u00f3ximos de executar toda a sua previs\u00e3o, o que, para Sampaio, gera uma competi\u00e7\u00e3o saud\u00e1vel.<br><br>Outra provid\u00eancia tomada foi a de criar uma nomenclatura pr\u00f3pria para que todos falem a &#8220;mesma l\u00edngua&#8221; sobre o tema. Sampaio explicou que, em alguns casos, servidores consideravam executado um or\u00e7amento porque ele chegou na fase de empenho. J\u00e1 em outro \u00f3rg\u00e3o, a mesma palavra servia para designar aquilo que j\u00e1 tinha sido efetivamente constru\u00eddo numa obra, por exemplo.<br><br><strong>Or\u00e7amento de outras pastas<\/strong><br>O acompanhamento ao longo de todo ano por essa junta tamb\u00e9m fez com que a pasta pudesse ter mais verbas para gastar dentro do teto vinda de espa\u00e7o or\u00e7ament\u00e1rio deixado por outras pastas. Segundo Sampaio, o or\u00e7amento discricion\u00e1rio inicial da pasta estava em R$ 8,4 bilh\u00f5es, quase R$ 1 bilh\u00e3o a menos que o executado.<br><br>Como ao longo do ano a execu\u00e7\u00e3o vinha num ritmo acima do previsto no or\u00e7amento, a junta or\u00e7ament\u00e1ria federal dava as permiss\u00f5es para que a pasta pudesse usar mais or\u00e7amento para os investimentos do setor, retirando a permiss\u00e3o para gastar de outras \u00e1reas que informavam que n\u00e3o teriam como empenhar os recursos.<br><br>Para conseguir fazer com que o or\u00e7amento discricion\u00e1rio de 2021 passe dos R$ 10 bilh\u00f5es, Sampaio lembrou que a pasta criou uma din\u00e2mica com as bancadas legislativas de um &#8220;card\u00e1pio&#8221; de obras nos estados que est\u00e3o em condi\u00e7\u00f5es de serem executadas no ano, para evitar a perda de recurso das emendas.<br><br>Isso e mais a metodologia para gastar criada pelo minist\u00e9rio, segundo ele, d\u00e3o a confian\u00e7a de que o resultado de 2020 foi alcan\u00e7ada n\u00e3o porque havia pouco dinheiro para gastar (mesmo com o recorde percentual, o valor empenhado ainda \u00e9 cerca de metade dos anos de pico de empenho da d\u00e9cada passada), mas porque se chegou a um formato adequado para a execu\u00e7\u00e3o.<br><br>&#8220;Se a gente tiver R$ 20 bilh\u00f5es para executar, n\u00f3s executamos&#8221;, afirmou o secret\u00e1rio, lembrando que 92 obras foram conclu\u00eddas em 2020 (lista completa&nbsp;<a href=\"https:\/\/agenciainfra.us14.list-manage.com\/track\/click?u=d460dd1bcf9ba0ae040e1fc0f&amp;id=784d493be6&amp;e=c099169394\" target=\"_blank\" rel=\"noreferrer noopener\">neste link<\/a>).<\/p>\n","protected":false},"excerpt":{"rendered":"<p>Dimmi Amora, da&nbsp;Ag\u00eancia iNFRA A execu\u00e7\u00e3o or\u00e7ament\u00e1ria recorde, de 99,8% do or\u00e7amento de 2020, feita pelo Minist\u00e9rio da Infraestrutura, levou a pasta a acreditar que no or\u00e7amento de 2021 ser\u00e1 poss\u00edvel obter R$ 3,4 bilh\u00f5es a mais para investimentos por meio de emendas parlamentares. O n\u00famero foi projetado pelo secret\u00e1rio-executivo da pasta, Marcelo Sampaio, \u00e0&nbsp;Ag\u00eancia [&hellip;]<\/p>\n","protected":false},"author":9,"featured_media":6666,"comment_status":"closed","ping_status":"closed","sticky":false,"template":"","format":"standard","meta":{"_monsterinsights_skip_tracking":false,"_monsterinsights_sitenote_active":false,"_monsterinsights_sitenote_note":"","_monsterinsights_sitenote_category":0,"footnotes":""},"categories":[1,7],"tags":[1441,734,3363,997,775,167],"class_list":["post-6664","post","type-post","status-publish","format-standard","has-post-thumbnail","hentry","category-geral","category-infratransporte","tag-emendas-parlamentares","tag-fnac","tag-fundo-nacional-de-aviacao-civil","tag-marcelo-sampaio","tag-ministerio-da-infraestrutura","tag-orcamento"],"yoast_head":"<!-- This site is optimized with the Yoast SEO Premium plugin v25.4 (Yoast SEO v26.0) - https:\/\/yoast.com\/wordpress\/plugins\/seo\/ -->\n<title>Com 99,8% de execu\u00e7\u00e3o em 2020, Infraestrutura vai atr\u00e1s de mais R$ 3,4 bi de emendas no or\u00e7amento de 2021 - Ag\u00eancia iNFRA<\/title>\n<meta name=\"robots\" content=\"index, follow, max-snippet:-1, max-image-preview:large, max-video-preview:-1\" \/>\n<link rel=\"canonical\" href=\"https:\/\/agenciainfra.com\/blog\/com-998-de-execucao-em-2020-infraestrutura-vai-atras-de-mais-r-34-bi-de-emendas-no-orcamento-de-2021\/\" \/>\n<meta property=\"og:locale\" content=\"pt_BR\" \/>\n<meta property=\"og:type\" content=\"article\" \/>\n<meta property=\"og:title\" content=\"Com 99,8% de execu\u00e7\u00e3o em 2020, Infraestrutura vai atr\u00e1s de mais R$ 3,4 bi de emendas no or\u00e7amento de 2021\" \/>\n<meta property=\"og:description\" content=\"Dimmi Amora, da&nbsp;Ag\u00eancia iNFRA A execu\u00e7\u00e3o or\u00e7ament\u00e1ria recorde, de 99,8% do or\u00e7amento de 2020, feita pelo Minist\u00e9rio da Infraestrutura, levou a pasta a acreditar que no or\u00e7amento de 2021 ser\u00e1 poss\u00edvel obter R$ 3,4 bilh\u00f5es a mais para investimentos por meio de emendas parlamentares. O n\u00famero foi projetado pelo secret\u00e1rio-executivo da pasta, Marcelo Sampaio, \u00e0&nbsp;Ag\u00eancia [&hellip;]\" \/>\n<meta property=\"og:url\" content=\"https:\/\/agenciainfra.com\/blog\/com-998-de-execucao-em-2020-infraestrutura-vai-atras-de-mais-r-34-bi-de-emendas-no-orcamento-de-2021\/\" \/>\n<meta property=\"og:site_name\" content=\"Ag\u00eancia iNFRA\" \/>\n<meta property=\"article:publisher\" content=\"https:\/\/www.facebook.com\/ageninfra\" \/>\n<meta property=\"article:published_time\" content=\"2021-01-23T11:00:00+00:00\" \/>\n<meta property=\"og:image\" content=\"https:\/\/agenciainfra.com\/blog\/wp-content\/uploads\/2021\/01\/sec-exec-marcelo-sampaio-foto-ricardo-botelho-minfra.jpg\" \/>\n\t<meta property=\"og:image:width\" content=\"1280\" \/>\n\t<meta property=\"og:image:height\" content=\"853\" \/>\n\t<meta property=\"og:image:type\" content=\"image\/jpeg\" \/>\n<meta name=\"author\" content=\"Rodrigo Zuquim\" \/>\n<meta name=\"twitter:card\" content=\"summary_large_image\" \/>\n<meta name=\"twitter:creator\" content=\"@agencia_infra\" \/>\n<meta name=\"twitter:site\" content=\"@agencia_infra\" \/>\n<meta name=\"twitter:label1\" content=\"Escrito por\" \/>\n\t<meta name=\"twitter:data1\" content=\"Rodrigo Zuquim\" \/>\n\t<meta name=\"twitter:label2\" content=\"Est. tempo de leitura\" \/>\n\t<meta name=\"twitter:data2\" content=\"5 minutos\" \/>\n<script type=\"application\/ld+json\" class=\"yoast-schema-graph\">{\"@context\":\"https:\/\/schema.org\",\"@graph\":[{\"@type\":\"Article\",\"@id\":\"https:\/\/agenciainfra.com\/blog\/com-998-de-execucao-em-2020-infraestrutura-vai-atras-de-mais-r-34-bi-de-emendas-no-orcamento-de-2021\/#article\",\"isPartOf\":{\"@id\":\"https:\/\/agenciainfra.com\/blog\/com-998-de-execucao-em-2020-infraestrutura-vai-atras-de-mais-r-34-bi-de-emendas-no-orcamento-de-2021\/\"},\"author\":{\"name\":\"Rodrigo Zuquim\",\"@id\":\"https:\/\/agenciainfra.com\/blog\/#\/schema\/person\/04dbb79bd6d8951f063da71f3e4c1eb1\"},\"headline\":\"Com 99,8% de execu\u00e7\u00e3o em 2020, Infraestrutura vai atr\u00e1s de mais R$ 3,4 bi de emendas no or\u00e7amento de 2021\",\"datePublished\":\"2021-01-23T11:00:00+00:00\",\"mainEntityOfPage\":{\"@id\":\"https:\/\/agenciainfra.com\/blog\/com-998-de-execucao-em-2020-infraestrutura-vai-atras-de-mais-r-34-bi-de-emendas-no-orcamento-de-2021\/\"},\"wordCount\":967,\"publisher\":{\"@id\":\"https:\/\/agenciainfra.com\/blog\/#organization\"},\"image\":{\"@id\":\"https:\/\/agenciainfra.com\/blog\/com-998-de-execucao-em-2020-infraestrutura-vai-atras-de-mais-r-34-bi-de-emendas-no-orcamento-de-2021\/#primaryimage\"},\"thumbnailUrl\":\"https:\/\/agenciainfra.com\/blog\/wp-content\/uploads\/2021\/01\/sec-exec-marcelo-sampaio-foto-ricardo-botelho-minfra.jpg\",\"keywords\":[\"emendas parlamentares\",\"FNAC\",\"Fundo Nacional de Avia\u00e7\u00e3o Civil\",\"Marcelo Sampaio\",\"Minist\u00e9rio da Infraestrutura\",\"Or\u00e7amento\"],\"articleSection\":[\"Geral\",\"iNFRATransporte\"],\"inLanguage\":\"pt-BR\",\"copyrightYear\":\"2021\",\"copyrightHolder\":{\"@id\":\"https:\/\/agenciainfra.com\/blog\/#organization\"}},{\"@type\":\"WebPage\",\"@id\":\"https:\/\/agenciainfra.com\/blog\/com-998-de-execucao-em-2020-infraestrutura-vai-atras-de-mais-r-34-bi-de-emendas-no-orcamento-de-2021\/\",\"url\":\"https:\/\/agenciainfra.com\/blog\/com-998-de-execucao-em-2020-infraestrutura-vai-atras-de-mais-r-34-bi-de-emendas-no-orcamento-de-2021\/\",\"name\":\"Com 99,8% de execu\u00e7\u00e3o em 2020, Infraestrutura vai atr\u00e1s de mais R$ 3,4 bi de emendas no or\u00e7amento de 2021 - Ag\u00eancia iNFRA\",\"isPartOf\":{\"@id\":\"https:\/\/agenciainfra.com\/blog\/#website\"},\"primaryImageOfPage\":{\"@id\":\"https:\/\/agenciainfra.com\/blog\/com-998-de-execucao-em-2020-infraestrutura-vai-atras-de-mais-r-34-bi-de-emendas-no-orcamento-de-2021\/#primaryimage\"},\"image\":{\"@id\":\"https:\/\/agenciainfra.com\/blog\/com-998-de-execucao-em-2020-infraestrutura-vai-atras-de-mais-r-34-bi-de-emendas-no-orcamento-de-2021\/#primaryimage\"},\"thumbnailUrl\":\"https:\/\/agenciainfra.com\/blog\/wp-content\/uploads\/2021\/01\/sec-exec-marcelo-sampaio-foto-ricardo-botelho-minfra.jpg\",\"datePublished\":\"2021-01-23T11:00:00+00:00\",\"breadcrumb\":{\"@id\":\"https:\/\/agenciainfra.com\/blog\/com-998-de-execucao-em-2020-infraestrutura-vai-atras-de-mais-r-34-bi-de-emendas-no-orcamento-de-2021\/#breadcrumb\"},\"inLanguage\":\"pt-BR\",\"potentialAction\":[{\"@type\":\"ReadAction\",\"target\":[\"https:\/\/agenciainfra.com\/blog\/com-998-de-execucao-em-2020-infraestrutura-vai-atras-de-mais-r-34-bi-de-emendas-no-orcamento-de-2021\/\"]}]},{\"@type\":\"ImageObject\",\"inLanguage\":\"pt-BR\",\"@id\":\"https:\/\/agenciainfra.com\/blog\/com-998-de-execucao-em-2020-infraestrutura-vai-atras-de-mais-r-34-bi-de-emendas-no-orcamento-de-2021\/#primaryimage\",\"url\":\"https:\/\/agenciainfra.com\/blog\/wp-content\/uploads\/2021\/01\/sec-exec-marcelo-sampaio-foto-ricardo-botelho-minfra.jpg\",\"contentUrl\":\"https:\/\/agenciainfra.com\/blog\/wp-content\/uploads\/2021\/01\/sec-exec-marcelo-sampaio-foto-ricardo-botelho-minfra.jpg\",\"width\":1280,\"height\":853},{\"@type\":\"BreadcrumbList\",\"@id\":\"https:\/\/agenciainfra.com\/blog\/com-998-de-execucao-em-2020-infraestrutura-vai-atras-de-mais-r-34-bi-de-emendas-no-orcamento-de-2021\/#breadcrumb\",\"itemListElement\":[{\"@type\":\"ListItem\",\"position\":1,\"name\":\"In\u00edcio\",\"item\":\"https:\/\/agenciainfra.com\/blog\/\"},{\"@type\":\"ListItem\",\"position\":2,\"name\":\"Com 99,8% de execu\u00e7\u00e3o em 2020, Infraestrutura vai atr\u00e1s de mais R$ 3,4 bi de emendas no or\u00e7amento de 2021\"}]},{\"@type\":\"WebSite\",\"@id\":\"https:\/\/agenciainfra.com\/blog\/#website\",\"url\":\"https:\/\/agenciainfra.com\/blog\/\",\"name\":\"Ag\u00eancia iNFRA\",\"description\":\"Multiplataforma de informa\u00e7\u00e3o jornal\u00edstica refer\u00eancia na \u00e1rea de infraestrutura no Brasil!\",\"publisher\":{\"@id\":\"https:\/\/agenciainfra.com\/blog\/#organization\"},\"potentialAction\":[{\"@type\":\"SearchAction\",\"target\":{\"@type\":\"EntryPoint\",\"urlTemplate\":\"https:\/\/agenciainfra.com\/blog\/?s={search_term_string}\"},\"query-input\":{\"@type\":\"PropertyValueSpecification\",\"valueRequired\":true,\"valueName\":\"search_term_string\"}}],\"inLanguage\":\"pt-BR\"},{\"@type\":\"Organization\",\"@id\":\"https:\/\/agenciainfra.com\/blog\/#organization\",\"name\":\"Ag\u00eancia iNFRA\",\"url\":\"https:\/\/agenciainfra.com\/blog\/\",\"logo\":{\"@type\":\"ImageObject\",\"inLanguage\":\"pt-BR\",\"@id\":\"https:\/\/agenciainfra.com\/blog\/#\/schema\/logo\/image\/\",\"url\":\"https:\/\/agenciainfra.com\/blog\/wp-content\/uploads\/2023\/09\/iNFRA_5-e1761735885940.png\",\"contentUrl\":\"https:\/\/agenciainfra.com\/blog\/wp-content\/uploads\/2023\/09\/iNFRA_5-e1761735885940.png\",\"width\":1672,\"height\":454,\"caption\":\"Ag\u00eancia iNFRA\"},\"image\":{\"@id\":\"https:\/\/agenciainfra.com\/blog\/#\/schema\/logo\/image\/\"},\"sameAs\":[\"https:\/\/www.facebook.com\/ageninfra\",\"https:\/\/x.com\/agencia_infra\",\"https:\/\/www.linkedin.com\/company\/ag\u00eanciainfra\/\",\"https:\/\/www.instagram.com\/agenciainfra\/\"]},{\"@type\":\"Person\",\"@id\":\"https:\/\/agenciainfra.com\/blog\/#\/schema\/person\/04dbb79bd6d8951f063da71f3e4c1eb1\",\"name\":\"Rodrigo Zuquim\",\"image\":{\"@type\":\"ImageObject\",\"inLanguage\":\"pt-BR\",\"@id\":\"https:\/\/agenciainfra.com\/blog\/#\/schema\/person\/image\/\",\"url\":\"https:\/\/secure.gravatar.com\/avatar\/594abfe82761d620726242ff34ca472a705a4b97f16c790053a6b4c4035274d0?s=96&d=mm&r=g\",\"contentUrl\":\"https:\/\/secure.gravatar.com\/avatar\/594abfe82761d620726242ff34ca472a705a4b97f16c790053a6b4c4035274d0?s=96&d=mm&r=g\",\"caption\":\"Rodrigo Zuquim\"},\"url\":\"https:\/\/agenciainfra.com\/blog\/author\/rodrigo-zuquim\/\"}]}<\/script>\n<!-- \/ Yoast SEO Premium plugin. -->","yoast_head_json":{"title":"Com 99,8% de execu\u00e7\u00e3o em 2020, Infraestrutura vai atr\u00e1s de mais R$ 3,4 bi de emendas no or\u00e7amento de 2021 - Ag\u00eancia iNFRA","robots":{"index":"index","follow":"follow","max-snippet":"max-snippet:-1","max-image-preview":"max-image-preview:large","max-video-preview":"max-video-preview:-1"},"canonical":"https:\/\/agenciainfra.com\/blog\/com-998-de-execucao-em-2020-infraestrutura-vai-atras-de-mais-r-34-bi-de-emendas-no-orcamento-de-2021\/","og_locale":"pt_BR","og_type":"article","og_title":"Com 99,8% de execu\u00e7\u00e3o em 2020, Infraestrutura vai atr\u00e1s de mais R$ 3,4 bi de emendas no or\u00e7amento de 2021","og_description":"Dimmi Amora, da&nbsp;Ag\u00eancia iNFRA A execu\u00e7\u00e3o or\u00e7ament\u00e1ria recorde, de 99,8% do or\u00e7amento de 2020, feita pelo Minist\u00e9rio da Infraestrutura, levou a pasta a acreditar que no or\u00e7amento de 2021 ser\u00e1 poss\u00edvel obter R$ 3,4 bilh\u00f5es a mais para investimentos por meio de emendas parlamentares. O n\u00famero foi projetado pelo secret\u00e1rio-executivo da pasta, Marcelo Sampaio, \u00e0&nbsp;Ag\u00eancia [&hellip;]","og_url":"https:\/\/agenciainfra.com\/blog\/com-998-de-execucao-em-2020-infraestrutura-vai-atras-de-mais-r-34-bi-de-emendas-no-orcamento-de-2021\/","og_site_name":"Ag\u00eancia iNFRA","article_publisher":"https:\/\/www.facebook.com\/ageninfra","article_published_time":"2021-01-23T11:00:00+00:00","og_image":[{"width":1280,"height":853,"url":"https:\/\/agenciainfra.com\/blog\/wp-content\/uploads\/2021\/01\/sec-exec-marcelo-sampaio-foto-ricardo-botelho-minfra.jpg","type":"image\/jpeg"}],"author":"Rodrigo Zuquim","twitter_card":"summary_large_image","twitter_creator":"@agencia_infra","twitter_site":"@agencia_infra","twitter_misc":{"Escrito por":"Rodrigo Zuquim","Est. tempo de leitura":"5 minutos"},"schema":{"@context":"https:\/\/schema.org","@graph":[{"@type":"Article","@id":"https:\/\/agenciainfra.com\/blog\/com-998-de-execucao-em-2020-infraestrutura-vai-atras-de-mais-r-34-bi-de-emendas-no-orcamento-de-2021\/#article","isPartOf":{"@id":"https:\/\/agenciainfra.com\/blog\/com-998-de-execucao-em-2020-infraestrutura-vai-atras-de-mais-r-34-bi-de-emendas-no-orcamento-de-2021\/"},"author":{"name":"Rodrigo Zuquim","@id":"https:\/\/agenciainfra.com\/blog\/#\/schema\/person\/04dbb79bd6d8951f063da71f3e4c1eb1"},"headline":"Com 99,8% de execu\u00e7\u00e3o em 2020, Infraestrutura vai atr\u00e1s de mais R$ 3,4 bi de emendas no or\u00e7amento de 2021","datePublished":"2021-01-23T11:00:00+00:00","mainEntityOfPage":{"@id":"https:\/\/agenciainfra.com\/blog\/com-998-de-execucao-em-2020-infraestrutura-vai-atras-de-mais-r-34-bi-de-emendas-no-orcamento-de-2021\/"},"wordCount":967,"publisher":{"@id":"https:\/\/agenciainfra.com\/blog\/#organization"},"image":{"@id":"https:\/\/agenciainfra.com\/blog\/com-998-de-execucao-em-2020-infraestrutura-vai-atras-de-mais-r-34-bi-de-emendas-no-orcamento-de-2021\/#primaryimage"},"thumbnailUrl":"https:\/\/agenciainfra.com\/blog\/wp-content\/uploads\/2021\/01\/sec-exec-marcelo-sampaio-foto-ricardo-botelho-minfra.jpg","keywords":["emendas parlamentares","FNAC","Fundo Nacional de Avia\u00e7\u00e3o Civil","Marcelo Sampaio","Minist\u00e9rio da Infraestrutura","Or\u00e7amento"],"articleSection":["Geral","iNFRATransporte"],"inLanguage":"pt-BR","copyrightYear":"2021","copyrightHolder":{"@id":"https:\/\/agenciainfra.com\/blog\/#organization"}},{"@type":"WebPage","@id":"https:\/\/agenciainfra.com\/blog\/com-998-de-execucao-em-2020-infraestrutura-vai-atras-de-mais-r-34-bi-de-emendas-no-orcamento-de-2021\/","url":"https:\/\/agenciainfra.com\/blog\/com-998-de-execucao-em-2020-infraestrutura-vai-atras-de-mais-r-34-bi-de-emendas-no-orcamento-de-2021\/","name":"Com 99,8% de execu\u00e7\u00e3o em 2020, Infraestrutura vai atr\u00e1s de mais R$ 3,4 bi de emendas no or\u00e7amento de 2021 - Ag\u00eancia iNFRA","isPartOf":{"@id":"https:\/\/agenciainfra.com\/blog\/#website"},"primaryImageOfPage":{"@id":"https:\/\/agenciainfra.com\/blog\/com-998-de-execucao-em-2020-infraestrutura-vai-atras-de-mais-r-34-bi-de-emendas-no-orcamento-de-2021\/#primaryimage"},"image":{"@id":"https:\/\/agenciainfra.com\/blog\/com-998-de-execucao-em-2020-infraestrutura-vai-atras-de-mais-r-34-bi-de-emendas-no-orcamento-de-2021\/#primaryimage"},"thumbnailUrl":"https:\/\/agenciainfra.com\/blog\/wp-content\/uploads\/2021\/01\/sec-exec-marcelo-sampaio-foto-ricardo-botelho-minfra.jpg","datePublished":"2021-01-23T11:00:00+00:00","breadcrumb":{"@id":"https:\/\/agenciainfra.com\/blog\/com-998-de-execucao-em-2020-infraestrutura-vai-atras-de-mais-r-34-bi-de-emendas-no-orcamento-de-2021\/#breadcrumb"},"inLanguage":"pt-BR","potentialAction":[{"@type":"ReadAction","target":["https:\/\/agenciainfra.com\/blog\/com-998-de-execucao-em-2020-infraestrutura-vai-atras-de-mais-r-34-bi-de-emendas-no-orcamento-de-2021\/"]}]},{"@type":"ImageObject","inLanguage":"pt-BR","@id":"https:\/\/agenciainfra.com\/blog\/com-998-de-execucao-em-2020-infraestrutura-vai-atras-de-mais-r-34-bi-de-emendas-no-orcamento-de-2021\/#primaryimage","url":"https:\/\/agenciainfra.com\/blog\/wp-content\/uploads\/2021\/01\/sec-exec-marcelo-sampaio-foto-ricardo-botelho-minfra.jpg","contentUrl":"https:\/\/agenciainfra.com\/blog\/wp-content\/uploads\/2021\/01\/sec-exec-marcelo-sampaio-foto-ricardo-botelho-minfra.jpg","width":1280,"height":853},{"@type":"BreadcrumbList","@id":"https:\/\/agenciainfra.com\/blog\/com-998-de-execucao-em-2020-infraestrutura-vai-atras-de-mais-r-34-bi-de-emendas-no-orcamento-de-2021\/#breadcrumb","itemListElement":[{"@type":"ListItem","position":1,"name":"In\u00edcio","item":"https:\/\/agenciainfra.com\/blog\/"},{"@type":"ListItem","position":2,"name":"Com 99,8% de execu\u00e7\u00e3o em 2020, Infraestrutura vai atr\u00e1s de mais R$ 3,4 bi de emendas no or\u00e7amento de 2021"}]},{"@type":"WebSite","@id":"https:\/\/agenciainfra.com\/blog\/#website","url":"https:\/\/agenciainfra.com\/blog\/","name":"Ag\u00eancia iNFRA","description":"Multiplataforma de informa\u00e7\u00e3o jornal\u00edstica refer\u00eancia na \u00e1rea de infraestrutura no Brasil!","publisher":{"@id":"https:\/\/agenciainfra.com\/blog\/#organization"},"potentialAction":[{"@type":"SearchAction","target":{"@type":"EntryPoint","urlTemplate":"https:\/\/agenciainfra.com\/blog\/?s={search_term_string}"},"query-input":{"@type":"PropertyValueSpecification","valueRequired":true,"valueName":"search_term_string"}}],"inLanguage":"pt-BR"},{"@type":"Organization","@id":"https:\/\/agenciainfra.com\/blog\/#organization","name":"Ag\u00eancia iNFRA","url":"https:\/\/agenciainfra.com\/blog\/","logo":{"@type":"ImageObject","inLanguage":"pt-BR","@id":"https:\/\/agenciainfra.com\/blog\/#\/schema\/logo\/image\/","url":"https:\/\/agenciainfra.com\/blog\/wp-content\/uploads\/2023\/09\/iNFRA_5-e1761735885940.png","contentUrl":"https:\/\/agenciainfra.com\/blog\/wp-content\/uploads\/2023\/09\/iNFRA_5-e1761735885940.png","width":1672,"height":454,"caption":"Ag\u00eancia iNFRA"},"image":{"@id":"https:\/\/agenciainfra.com\/blog\/#\/schema\/logo\/image\/"},"sameAs":["https:\/\/www.facebook.com\/ageninfra","https:\/\/x.com\/agencia_infra","https:\/\/www.linkedin.com\/company\/ag\u00eanciainfra\/","https:\/\/www.instagram.com\/agenciainfra\/"]},{"@type":"Person","@id":"https:\/\/agenciainfra.com\/blog\/#\/schema\/person\/04dbb79bd6d8951f063da71f3e4c1eb1","name":"Rodrigo Zuquim","image":{"@type":"ImageObject","inLanguage":"pt-BR","@id":"https:\/\/agenciainfra.com\/blog\/#\/schema\/person\/image\/","url":"https:\/\/secure.gravatar.com\/avatar\/594abfe82761d620726242ff34ca472a705a4b97f16c790053a6b4c4035274d0?s=96&d=mm&r=g","contentUrl":"https:\/\/secure.gravatar.com\/avatar\/594abfe82761d620726242ff34ca472a705a4b97f16c790053a6b4c4035274d0?s=96&d=mm&r=g","caption":"Rodrigo Zuquim"},"url":"https:\/\/agenciainfra.com\/blog\/author\/rodrigo-zuquim\/"}]}},"_links":{"self":[{"href":"https:\/\/agenciainfra.com\/blog\/wp-json\/wp\/v2\/posts\/6664","targetHints":{"allow":["GET"]}}],"collection":[{"href":"https:\/\/agenciainfra.com\/blog\/wp-json\/wp\/v2\/posts"}],"about":[{"href":"https:\/\/agenciainfra.com\/blog\/wp-json\/wp\/v2\/types\/post"}],"author":[{"embeddable":true,"href":"https:\/\/agenciainfra.com\/blog\/wp-json\/wp\/v2\/users\/9"}],"replies":[{"embeddable":true,"href":"https:\/\/agenciainfra.com\/blog\/wp-json\/wp\/v2\/comments?post=6664"}],"version-history":[{"count":0,"href":"https:\/\/agenciainfra.com\/blog\/wp-json\/wp\/v2\/posts\/6664\/revisions"}],"wp:featuredmedia":[{"embeddable":true,"href":"https:\/\/agenciainfra.com\/blog\/wp-json\/wp\/v2\/media\/6666"}],"wp:attachment":[{"href":"https:\/\/agenciainfra.com\/blog\/wp-json\/wp\/v2\/media?parent=6664"}],"wp:term":[{"taxonomy":"category","embeddable":true,"href":"https:\/\/agenciainfra.com\/blog\/wp-json\/wp\/v2\/categories?post=6664"},{"taxonomy":"post_tag","embeddable":true,"href":"https:\/\/agenciainfra.com\/blog\/wp-json\/wp\/v2\/tags?post=6664"}],"curies":[{"name":"wp","href":"https:\/\/api.w.org\/{rel}","templated":true}]}}