{"id":6676,"date":"2021-01-27T08:00:00","date_gmt":"2021-01-27T11:00:00","guid":{"rendered":"https:\/\/www.agenciainfra.com\/blog\/?p=6676"},"modified":"2021-01-22T10:42:56","modified_gmt":"2021-01-22T13:42:56","slug":"contratos-operacionais-vao-dar-regras-para-relacao-de-ferrovias-e-operadores-independentes","status":"publish","type":"post","link":"https:\/\/agenciainfra.com\/blog\/contratos-operacionais-vao-dar-regras-para-relacao-de-ferrovias-e-operadores-independentes\/","title":{"rendered":"Contratos operacionais v\u00e3o dar regras para rela\u00e7\u00e3o de ferrovias e operadores independentes"},"content":{"rendered":"\n<hr class=\"wp-block-separator\"\/>\n\n\n\n<p class=\"has-text-align-right\"><strong>Dimmi Amora, da&nbsp;Ag\u00eancia iNFRA<\/strong><\/p>\n\n\n\n<p>As novas regras para a exist\u00eancia dos OFIs (Operadores Ferrovi\u00e1rios Independentes), empresas que podem utilizar a ferrovia sem ter a concess\u00e3o para a opera\u00e7\u00e3o delas, equiparou essas companhias aos usu\u00e1rios de ferrovias nas negocia\u00e7\u00f5es com as concession\u00e1rias.<br><br>Com isso, os OFIs v\u00e3o poder solicitar \u00e0 ANTT (Ag\u00eancia Nacional de Transportes Terrestres) interven\u00e7\u00e3o da ag\u00eancia em quest\u00f5es que levem a diverg\u00eancias operacionais ou at\u00e9 mesmo concorrenciais entre as concession\u00e1rias e operadores independentes.<br><br>Essa foi a forma da ag\u00eancia para tentar proteger as companhias que quiserem usar as ferrovias com seu pr\u00f3prio maquin\u00e1rio de poss\u00edveis abusos das concession\u00e1rias que t\u00eam o monop\u00f3lio do transporte de carga das regi\u00f5es em que atuam.<br><br>&#8220;O poder do monopolista n\u00e3o pode sobrepujar o interesse p\u00fablico do servi\u00e7o ferrovi\u00e1rio&#8221;, afirmou o superintendente de Ferrovias da ANTT, Jean Mafra.<br><br>O formato de equiparar os OFIs a usu\u00e1rios recebeu cr\u00edticas do presidente da ANTF (Associa\u00e7\u00e3o Nacional dos Transportadores Ferrovi\u00e1rios) \u2013 leia a avalia\u00e7\u00e3o da associa\u00e7\u00e3o mais abaixo.<\/p>\n\n\n\n<p>Apesar de estar previsto em regras desde o in\u00edcio das concess\u00f5es ferrovi\u00e1rias, o OFI nunca se tornou efetivo no pa\u00eds. Apenas quatro empresas conseguiram habilita\u00e7\u00e3o para operar, mas nenhuma delas efetivamente operou no setor.<br><br>De acordo com o superintendente de Ferrovias da ANTT, a regra que estava em vigor at\u00e9 a publica\u00e7\u00e3o da Resolu\u00e7\u00e3o 5.920\/2020 teria que ser mudada porque foi concebida num momento em que a diretriz do setor ferrovi\u00e1rio era para o chamado modelo open access, abandonado em 2016.<br><br>Por isso, a mudan\u00e7a foi colocada na agenda regulat\u00f3ria da ag\u00eancia, passou por audi\u00eancia p\u00fablica e ficou pronta no fim do ano passado. Uma das inten\u00e7\u00f5es era tornar ainda mais simples o pedido das empresas junto \u00e0 ANTT.<br><br>&#8220;Tinham muitas amarras na norma que simplificamos para ter mais incentivos&#8221;, revelou Mafra.<br><br>Carolina Fidalgo, s\u00f3cia da Renn\u00f3 Penteado Sampaio Advogados e professora de Direito Administrativo da P\u00f3s-Gradua\u00e7\u00e3o da UERJ, avaliou que a ag\u00eancia simplificou expressivamente as condi\u00e7\u00f5es de habilita\u00e7\u00e3o das empresas interessadas em obter autoriza\u00e7\u00e3o para operar com OFI na nova resolu\u00e7\u00e3o.<br><br>Na Resolu\u00e7\u00e3o 4.348\/2014 eram previstas exig\u00eancias como a elabora\u00e7\u00e3o de um plano econ\u00f4mico que contemplasse a previs\u00e3o de tr\u00e1fego, receitas, evolu\u00e7\u00e3o dos custos operacionais e as fontes de financiamento, por exemplo.<br><br>&#8220;Essas exig\u00eancias foram substitu\u00eddas por uma lista simples de documenta\u00e7\u00e3o e pela apresenta\u00e7\u00e3o de Termo de Compromisso de Qualifica\u00e7\u00e3o T\u00e9cnica, al\u00e9m do dever de contrata\u00e7\u00e3o de seguros, que j\u00e1 existia&#8221;, explicou a professora, para quem o COE pode dar acesso efetivo ao sistema ferrovi\u00e1rio aos OFIs.<br><br><strong>Exig\u00eancias para seguran\u00e7a<\/strong><br>Mesmo com a simplifica\u00e7\u00e3o, segundo Mafra, h\u00e1 ainda exig\u00eancias que precisam ser cobradas para que a opera\u00e7\u00e3o ferrovi\u00e1ria tenha seguran\u00e7a e seja feita de forma adequada para os clientes, como a exig\u00eancia de seguros, por exemplo, que ficou a cargo da ANTT.<br><br>Mas toda a parte de regras operacionais e comerciais ficar\u00e1 para ser acordada entre o OFI e a concession\u00e1ria atrav\u00e9s do chamado COE (Contrato Operacional Espec\u00edfico), que tem uma resolu\u00e7\u00e3o pr\u00f3pria.<br><br>Esse \u00e9 o tipo de contrato que j\u00e1 \u00e9 feito entre as concession\u00e1rias existentes para regular o chamado direito de passagem (quando uma concession\u00e1ria usa trechos de outras para transitar). Segundo Mafra, a novidade da atual regulamenta\u00e7\u00e3o \u00e9 equiparar o OFI a uma concession\u00e1ria nas negocia\u00e7\u00f5es, atrav\u00e9s do uso desse instrumento.<br><br>H\u00e1, no entanto, uma diferen\u00e7a, segundo Mafra. Nos COEs entre concession\u00e1rias, a empresa que passa pela malha n\u00e3o pode pegar carga na malha da concorrente. Essa regra n\u00e3o valer\u00e1 para os OFIs.<br><br>Por enquanto, segundo Mafra, n\u00e3o houve pedidos para novos operadores ferrovi\u00e1rios na ag\u00eancia. Segundo ele, houve consultas de empresas para conhecer o funcionamento e h\u00e1 grande expectativa da ag\u00eancia para que, desta vez, tenha-se pelo menos uma empresa para iniciar a opera\u00e7\u00e3o com OFI.<br><br><strong>Defesa da simplifica\u00e7\u00e3o<\/strong><br>O estudo &#8220;Regula\u00e7\u00e3o Ferrovi\u00e1ria No Brasil &#8211; Propostas para simplifica\u00e7\u00e3o e aumento de efic\u00e1cia da regula\u00e7\u00e3o do setor ferrovi\u00e1rio&#8221;, realizado pelo BCG (Boston Consulting Group), indica que o pa\u00eds vai precisar de investimentos privados para desenvolver o setor de ferrovias. O trabalho est\u00e1 dispon\u00edvel\u00a0<a rel=\"noreferrer noopener\" href=\"https:\/\/agenciainfra.us14.list-manage.com\/track\/click?u=d460dd1bcf9ba0ae040e1fc0f&amp;id=817211d9de&amp;e=c099169394\" target=\"_blank\">neste link<\/a>.<br><br>Para isso, o foco deve ser numa regula\u00e7\u00e3o simplificada para diminuir custos operacionais e permitir as negocia\u00e7\u00f5es livres entre privados, com interven\u00e7\u00f5es em quest\u00f5es onde houver demonstrada a chamada depend\u00eancia do transportador pelo transporte ferrovi\u00e1rio, inclusive no que trata de operadores independentes.\u00a0<br><br>Para Thiago Cardoso, s\u00f3cio e diretor de Infraestrutura do BCG no Brasil, nos locais onde os operadores ferrovi\u00e1rios independentes tiveram maior desenvolvimento foi necess\u00e1rio ter regras mais simples para que eles pudessem operar. Segundo ele, em alguns pa\u00edses, h\u00e1 at\u00e9 mesmo empresas familiares que operam pequenas rotas ferrovi\u00e1rias e que n\u00e3o t\u00eam como cumprir com as mesmas regras de grandes companhias do setor, citando especialmente as trabalhistas.<\/p>\n\n\n\n<p><strong>&#8216;Equipara\u00e7\u00e3o de OFIs a usu\u00e1rios \u00e9 ponto negativo&#8217;<\/strong><\/p>\n\n\n\n<p>O presidente da ANTF (Associa\u00e7\u00e3o Nacional dos Transportadores Ferrovi\u00e1rios), Fernando Paes, afirmou que a equipara\u00e7\u00e3o feita pela ANTT (Ag\u00eancia Nacional de Transportes Terrestres)&nbsp;dos OFIs (Operadores Ferrovi\u00e1rios Independentes) aos usu\u00e1rios da ferrovia \u00e9 um ponto negativo do normativo.<\/p>\n\n\n\n<p>&#8220;Achamos que isso n\u00e3o \u00e9 correto. Nem sempre ele tem, como no caso do usu\u00e1rio, hipossufici\u00eancia. Criticamos o ponto ainda nas audi\u00eancias p\u00fablicas, mas foi mantido. Isso pode trazer desequil\u00edbrio indesej\u00e1vel&#8221;, afirmou Paes.<\/p>\n\n\n\n<p>Segundo ele, a associa\u00e7\u00e3o tamb\u00e9m defendia que a resolu\u00e7\u00e3o mantivesse alguns requisitos t\u00e9cnicos m\u00ednimos que os OFIs teriam que cumprir. Segundo ele, diminuir requisitos \u00e9 importante para reduzir as barreiras de entrada, mas deixar todos eles para serem discutidos num contrato privado (o COE) pode representar um risco para a seguran\u00e7a nas ferrovias e levar a discuss\u00f5es jur\u00eddicas &#8220;gigantescas&#8221;.<\/p>\n\n\n\n<p>Ainda de acordo com&nbsp;Paes, foi importante na vota\u00e7\u00e3o final da proposta a retirada, pelos diretores da ag\u00eancia, de artigos que restringiriam a participa\u00e7\u00e3o no OFI de empresas com partes relacionadas aos atuais s\u00f3cios das concession\u00e1rias&nbsp;ferrovi\u00e1rias, o que para ele tamb\u00e9m seria uma barreira de entrada.<\/p>\n\n\n\n<p>Para o diretor da associa\u00e7\u00e3o, os principais entraves \u00e0 exist\u00eancia de OFIs no Brasil s\u00e3o barreiras econ\u00f4micas naturais do pr\u00f3prio setor ferrovi\u00e1rio e que ainda n\u00e3o tiveram o tratamento adequado por parte da ag\u00eancia e da legisla\u00e7\u00e3o.<br><br>Segundo ele, \u00e9 dif\u00edcil para uma empresa de menor porte operar em escalas menores que as atuais ferrovias e, ainda assim, serem competitivas, se n\u00e3o houver uma regula\u00e7\u00e3o mais flex\u00edvel para elas em termos de cumprimentos de regras setoriais e de seguran\u00e7a, por exemplo, que ser\u00e3o as mesmas para todas.<\/p>\n\n\n\n<p>&#8220;Faltam um pouco as condi\u00e7\u00f5es mais favor\u00e1veis e menos onerosas para essas empresas operarem. Ser\u00e1 preciso tratar desigualmente os desiguais&#8221;, afirmou o diretor.&nbsp;<\/p>\n\n\n\n<p><strong>Incentivos para short lines<\/strong><br>Paes defende que o PLS 261 do Senado, que o governo quer transformar num novo marco legal de ferrovias instituindo o processo de autoriza\u00e7\u00e3o, possa criar mecanismos para incentivar as chamadas short lines, linhas de menor dist\u00e2ncia e fora dos troncos ferrovi\u00e1rios, que para ele s\u00e3o onde os OFIs teriam mais chance de serem competitivos.<\/p>\n\n\n\n<p>Nessas linhas, a legisla\u00e7\u00e3o poderia autorizar a manuten\u00e7\u00e3o dos trilhos e o transporte de carga de uma forma mais simples, o que traria incentivos econ\u00f4micos para mais operadores. Segundo o dirigente da associa\u00e7\u00e3o, as empresas est\u00e3o apoiando o governo com estudos para encontrar voca\u00e7\u00f5es ferrovi\u00e1rias para trechos que est\u00e3o sendo devolvidos nos processos de renova\u00e7\u00e3o antecipada das concession\u00e1rias.<\/p>\n","protected":false},"excerpt":{"rendered":"<p>Dimmi Amora, da&nbsp;Ag\u00eancia iNFRA As novas regras para a exist\u00eancia dos OFIs (Operadores Ferrovi\u00e1rios Independentes), empresas que podem utilizar a ferrovia sem ter a concess\u00e3o para a opera\u00e7\u00e3o delas, equiparou essas companhias aos usu\u00e1rios de ferrovias nas negocia\u00e7\u00f5es com as concession\u00e1rias. Com isso, os OFIs v\u00e3o poder solicitar \u00e0 ANTT (Ag\u00eancia Nacional de Transportes Terrestres) [&hellip;]<\/p>\n","protected":false},"author":9,"featured_media":6677,"comment_status":"closed","ping_status":"closed","sticky":false,"template":"","format":"standard","meta":{"_monsterinsights_skip_tracking":false,"_monsterinsights_sitenote_active":false,"_monsterinsights_sitenote_note":"","_monsterinsights_sitenote_category":0,"footnotes":""},"categories":[1,7],"tags":[59,19,3385,3386,3381,22,2048,120,1064,3378,3380,3379,1982,48,3382,3384,3383,3388,3387,1059],"class_list":["post-6676","post","type-post","status-publish","format-standard","has-post-thumbnail","hentry","category-geral","category-infratransporte","tag-antf","tag-antt","tag-bcg","tag-boston-consulting-group","tag-carolina-fidalgo","tag-concessao","tag-fernando-paes","tag-ferrovias","tag-jean-mafra","tag-ofi","tag-open-access","tag-operadores-ferroviarios-independentes","tag-pls-261","tag-regulacao","tag-renno-penteado-sampaio-advogados","tag-resolucao-4-348-2014","tag-resolucao-5-920-2020","tag-short-lines","tag-thiago-cardoso","tag-transporte-de-cargas"],"yoast_head":"<!-- This site is optimized with the Yoast SEO Premium plugin v25.4 (Yoast SEO v26.0) - https:\/\/yoast.com\/wordpress\/plugins\/seo\/ -->\n<title>Contratos operacionais v\u00e3o dar regras para rela\u00e7\u00e3o de ferrovias e operadores independentes - Ag\u00eancia iNFRA<\/title>\n<meta name=\"robots\" content=\"index, follow, max-snippet:-1, max-image-preview:large, max-video-preview:-1\" \/>\n<link rel=\"canonical\" href=\"https:\/\/agenciainfra.com\/blog\/contratos-operacionais-vao-dar-regras-para-relacao-de-ferrovias-e-operadores-independentes\/\" \/>\n<meta property=\"og:locale\" content=\"pt_BR\" \/>\n<meta property=\"og:type\" content=\"article\" \/>\n<meta property=\"og:title\" content=\"Contratos operacionais v\u00e3o dar regras para rela\u00e7\u00e3o de ferrovias e operadores independentes\" \/>\n<meta property=\"og:description\" content=\"Dimmi Amora, da&nbsp;Ag\u00eancia iNFRA As novas regras para a exist\u00eancia dos OFIs (Operadores Ferrovi\u00e1rios Independentes), empresas que podem utilizar a ferrovia sem ter a concess\u00e3o para a opera\u00e7\u00e3o delas, equiparou essas companhias aos usu\u00e1rios de ferrovias nas negocia\u00e7\u00f5es com as concession\u00e1rias. Com isso, os OFIs v\u00e3o poder solicitar \u00e0 ANTT (Ag\u00eancia Nacional de Transportes Terrestres) [&hellip;]\" \/>\n<meta property=\"og:url\" content=\"https:\/\/agenciainfra.com\/blog\/contratos-operacionais-vao-dar-regras-para-relacao-de-ferrovias-e-operadores-independentes\/\" \/>\n<meta property=\"og:site_name\" content=\"Ag\u00eancia iNFRA\" \/>\n<meta property=\"article:publisher\" content=\"https:\/\/www.facebook.com\/ageninfra\" \/>\n<meta property=\"article:published_time\" content=\"2021-01-27T11:00:00+00:00\" \/>\n<meta property=\"og:image\" content=\"https:\/\/agenciainfra.com\/blog\/wp-content\/uploads\/2021\/01\/ferrovia-linha-ferrea-foto-dominio-publico.jpg\" \/>\n\t<meta property=\"og:image:width\" content=\"1280\" \/>\n\t<meta property=\"og:image:height\" content=\"853\" \/>\n\t<meta property=\"og:image:type\" content=\"image\/jpeg\" \/>\n<meta name=\"author\" content=\"Rodrigo Zuquim\" \/>\n<meta name=\"twitter:card\" content=\"summary_large_image\" \/>\n<meta name=\"twitter:creator\" content=\"@agencia_infra\" \/>\n<meta name=\"twitter:site\" content=\"@agencia_infra\" \/>\n<meta name=\"twitter:label1\" content=\"Escrito por\" \/>\n\t<meta name=\"twitter:data1\" content=\"Rodrigo Zuquim\" \/>\n\t<meta name=\"twitter:label2\" content=\"Est. tempo de leitura\" \/>\n\t<meta name=\"twitter:data2\" content=\"7 minutos\" \/>\n<script type=\"application\/ld+json\" class=\"yoast-schema-graph\">{\"@context\":\"https:\/\/schema.org\",\"@graph\":[{\"@type\":\"Article\",\"@id\":\"https:\/\/agenciainfra.com\/blog\/contratos-operacionais-vao-dar-regras-para-relacao-de-ferrovias-e-operadores-independentes\/#article\",\"isPartOf\":{\"@id\":\"https:\/\/agenciainfra.com\/blog\/contratos-operacionais-vao-dar-regras-para-relacao-de-ferrovias-e-operadores-independentes\/\"},\"author\":{\"name\":\"Rodrigo Zuquim\",\"@id\":\"https:\/\/agenciainfra.com\/blog\/#\/schema\/person\/04dbb79bd6d8951f063da71f3e4c1eb1\"},\"headline\":\"Contratos operacionais v\u00e3o dar regras para rela\u00e7\u00e3o de ferrovias e operadores independentes\",\"datePublished\":\"2021-01-27T11:00:00+00:00\",\"mainEntityOfPage\":{\"@id\":\"https:\/\/agenciainfra.com\/blog\/contratos-operacionais-vao-dar-regras-para-relacao-de-ferrovias-e-operadores-independentes\/\"},\"wordCount\":1370,\"publisher\":{\"@id\":\"https:\/\/agenciainfra.com\/blog\/#organization\"},\"image\":{\"@id\":\"https:\/\/agenciainfra.com\/blog\/contratos-operacionais-vao-dar-regras-para-relacao-de-ferrovias-e-operadores-independentes\/#primaryimage\"},\"thumbnailUrl\":\"https:\/\/agenciainfra.com\/blog\/wp-content\/uploads\/2021\/01\/ferrovia-linha-ferrea-foto-dominio-publico.jpg\",\"keywords\":[\"ANTF\",\"ANTT\",\"BCG\",\"Boston Consulting Group\",\"Carolina Fidalgo\",\"Concess\u00e3o\",\"Fernando Paes\",\"Ferrovias\",\"Jean Mafra\",\"OFI\",\"open access\",\"operadores ferrovi\u00e1rios independentes\",\"PLS 261\",\"Regula\u00e7\u00e3o\",\"Renn\u00f3 Penteado Sampaio Advogados\",\"Resolu\u00e7\u00e3o 4.348\/2014\",\"Resolu\u00e7\u00e3o 5.920\/2020\",\"short lines\",\"Thiago Cardoso\",\"transporte de cargas\"],\"articleSection\":[\"Geral\",\"iNFRATransporte\"],\"inLanguage\":\"pt-BR\",\"copyrightYear\":\"2021\",\"copyrightHolder\":{\"@id\":\"https:\/\/agenciainfra.com\/blog\/#organization\"}},{\"@type\":\"WebPage\",\"@id\":\"https:\/\/agenciainfra.com\/blog\/contratos-operacionais-vao-dar-regras-para-relacao-de-ferrovias-e-operadores-independentes\/\",\"url\":\"https:\/\/agenciainfra.com\/blog\/contratos-operacionais-vao-dar-regras-para-relacao-de-ferrovias-e-operadores-independentes\/\",\"name\":\"Contratos operacionais v\u00e3o dar regras para rela\u00e7\u00e3o de ferrovias e operadores independentes - Ag\u00eancia iNFRA\",\"isPartOf\":{\"@id\":\"https:\/\/agenciainfra.com\/blog\/#website\"},\"primaryImageOfPage\":{\"@id\":\"https:\/\/agenciainfra.com\/blog\/contratos-operacionais-vao-dar-regras-para-relacao-de-ferrovias-e-operadores-independentes\/#primaryimage\"},\"image\":{\"@id\":\"https:\/\/agenciainfra.com\/blog\/contratos-operacionais-vao-dar-regras-para-relacao-de-ferrovias-e-operadores-independentes\/#primaryimage\"},\"thumbnailUrl\":\"https:\/\/agenciainfra.com\/blog\/wp-content\/uploads\/2021\/01\/ferrovia-linha-ferrea-foto-dominio-publico.jpg\",\"datePublished\":\"2021-01-27T11:00:00+00:00\",\"breadcrumb\":{\"@id\":\"https:\/\/agenciainfra.com\/blog\/contratos-operacionais-vao-dar-regras-para-relacao-de-ferrovias-e-operadores-independentes\/#breadcrumb\"},\"inLanguage\":\"pt-BR\",\"potentialAction\":[{\"@type\":\"ReadAction\",\"target\":[\"https:\/\/agenciainfra.com\/blog\/contratos-operacionais-vao-dar-regras-para-relacao-de-ferrovias-e-operadores-independentes\/\"]}]},{\"@type\":\"ImageObject\",\"inLanguage\":\"pt-BR\",\"@id\":\"https:\/\/agenciainfra.com\/blog\/contratos-operacionais-vao-dar-regras-para-relacao-de-ferrovias-e-operadores-independentes\/#primaryimage\",\"url\":\"https:\/\/agenciainfra.com\/blog\/wp-content\/uploads\/2021\/01\/ferrovia-linha-ferrea-foto-dominio-publico.jpg\",\"contentUrl\":\"https:\/\/agenciainfra.com\/blog\/wp-content\/uploads\/2021\/01\/ferrovia-linha-ferrea-foto-dominio-publico.jpg\",\"width\":1280,\"height\":853,\"caption\":\"Foto: Dom\u00ednio P\u00fablico\"},{\"@type\":\"BreadcrumbList\",\"@id\":\"https:\/\/agenciainfra.com\/blog\/contratos-operacionais-vao-dar-regras-para-relacao-de-ferrovias-e-operadores-independentes\/#breadcrumb\",\"itemListElement\":[{\"@type\":\"ListItem\",\"position\":1,\"name\":\"In\u00edcio\",\"item\":\"https:\/\/agenciainfra.com\/blog\/\"},{\"@type\":\"ListItem\",\"position\":2,\"name\":\"Contratos operacionais v\u00e3o dar regras para rela\u00e7\u00e3o de ferrovias e operadores independentes\"}]},{\"@type\":\"WebSite\",\"@id\":\"https:\/\/agenciainfra.com\/blog\/#website\",\"url\":\"https:\/\/agenciainfra.com\/blog\/\",\"name\":\"Ag\u00eancia iNFRA\",\"description\":\"Multiplataforma de informa\u00e7\u00e3o jornal\u00edstica refer\u00eancia na \u00e1rea de infraestrutura no Brasil!\",\"publisher\":{\"@id\":\"https:\/\/agenciainfra.com\/blog\/#organization\"},\"potentialAction\":[{\"@type\":\"SearchAction\",\"target\":{\"@type\":\"EntryPoint\",\"urlTemplate\":\"https:\/\/agenciainfra.com\/blog\/?s={search_term_string}\"},\"query-input\":{\"@type\":\"PropertyValueSpecification\",\"valueRequired\":true,\"valueName\":\"search_term_string\"}}],\"inLanguage\":\"pt-BR\"},{\"@type\":\"Organization\",\"@id\":\"https:\/\/agenciainfra.com\/blog\/#organization\",\"name\":\"Ag\u00eancia iNFRA\",\"url\":\"https:\/\/agenciainfra.com\/blog\/\",\"logo\":{\"@type\":\"ImageObject\",\"inLanguage\":\"pt-BR\",\"@id\":\"https:\/\/agenciainfra.com\/blog\/#\/schema\/logo\/image\/\",\"url\":\"https:\/\/agenciainfra.com\/blog\/wp-content\/uploads\/2023\/09\/iNFRA_5-e1761735885940.png\",\"contentUrl\":\"https:\/\/agenciainfra.com\/blog\/wp-content\/uploads\/2023\/09\/iNFRA_5-e1761735885940.png\",\"width\":1672,\"height\":454,\"caption\":\"Ag\u00eancia iNFRA\"},\"image\":{\"@id\":\"https:\/\/agenciainfra.com\/blog\/#\/schema\/logo\/image\/\"},\"sameAs\":[\"https:\/\/www.facebook.com\/ageninfra\",\"https:\/\/x.com\/agencia_infra\",\"https:\/\/www.linkedin.com\/company\/ag\u00eanciainfra\/\",\"https:\/\/www.instagram.com\/agenciainfra\/\"]},{\"@type\":\"Person\",\"@id\":\"https:\/\/agenciainfra.com\/blog\/#\/schema\/person\/04dbb79bd6d8951f063da71f3e4c1eb1\",\"name\":\"Rodrigo Zuquim\",\"image\":{\"@type\":\"ImageObject\",\"inLanguage\":\"pt-BR\",\"@id\":\"https:\/\/agenciainfra.com\/blog\/#\/schema\/person\/image\/\",\"url\":\"https:\/\/secure.gravatar.com\/avatar\/594abfe82761d620726242ff34ca472a705a4b97f16c790053a6b4c4035274d0?s=96&d=mm&r=g\",\"contentUrl\":\"https:\/\/secure.gravatar.com\/avatar\/594abfe82761d620726242ff34ca472a705a4b97f16c790053a6b4c4035274d0?s=96&d=mm&r=g\",\"caption\":\"Rodrigo Zuquim\"},\"url\":\"https:\/\/agenciainfra.com\/blog\/author\/rodrigo-zuquim\/\"}]}<\/script>\n<!-- \/ Yoast SEO Premium plugin. -->","yoast_head_json":{"title":"Contratos operacionais v\u00e3o dar regras para rela\u00e7\u00e3o de ferrovias e operadores independentes - Ag\u00eancia iNFRA","robots":{"index":"index","follow":"follow","max-snippet":"max-snippet:-1","max-image-preview":"max-image-preview:large","max-video-preview":"max-video-preview:-1"},"canonical":"https:\/\/agenciainfra.com\/blog\/contratos-operacionais-vao-dar-regras-para-relacao-de-ferrovias-e-operadores-independentes\/","og_locale":"pt_BR","og_type":"article","og_title":"Contratos operacionais v\u00e3o dar regras para rela\u00e7\u00e3o de ferrovias e operadores independentes","og_description":"Dimmi Amora, da&nbsp;Ag\u00eancia iNFRA As novas regras para a exist\u00eancia dos OFIs (Operadores Ferrovi\u00e1rios Independentes), empresas que podem utilizar a ferrovia sem ter a concess\u00e3o para a opera\u00e7\u00e3o delas, equiparou essas companhias aos usu\u00e1rios de ferrovias nas negocia\u00e7\u00f5es com as concession\u00e1rias. Com isso, os OFIs v\u00e3o poder solicitar \u00e0 ANTT (Ag\u00eancia Nacional de Transportes Terrestres) [&hellip;]","og_url":"https:\/\/agenciainfra.com\/blog\/contratos-operacionais-vao-dar-regras-para-relacao-de-ferrovias-e-operadores-independentes\/","og_site_name":"Ag\u00eancia iNFRA","article_publisher":"https:\/\/www.facebook.com\/ageninfra","article_published_time":"2021-01-27T11:00:00+00:00","og_image":[{"width":1280,"height":853,"url":"https:\/\/agenciainfra.com\/blog\/wp-content\/uploads\/2021\/01\/ferrovia-linha-ferrea-foto-dominio-publico.jpg","type":"image\/jpeg"}],"author":"Rodrigo Zuquim","twitter_card":"summary_large_image","twitter_creator":"@agencia_infra","twitter_site":"@agencia_infra","twitter_misc":{"Escrito por":"Rodrigo Zuquim","Est. tempo de leitura":"7 minutos"},"schema":{"@context":"https:\/\/schema.org","@graph":[{"@type":"Article","@id":"https:\/\/agenciainfra.com\/blog\/contratos-operacionais-vao-dar-regras-para-relacao-de-ferrovias-e-operadores-independentes\/#article","isPartOf":{"@id":"https:\/\/agenciainfra.com\/blog\/contratos-operacionais-vao-dar-regras-para-relacao-de-ferrovias-e-operadores-independentes\/"},"author":{"name":"Rodrigo Zuquim","@id":"https:\/\/agenciainfra.com\/blog\/#\/schema\/person\/04dbb79bd6d8951f063da71f3e4c1eb1"},"headline":"Contratos operacionais v\u00e3o dar regras para rela\u00e7\u00e3o de ferrovias e operadores independentes","datePublished":"2021-01-27T11:00:00+00:00","mainEntityOfPage":{"@id":"https:\/\/agenciainfra.com\/blog\/contratos-operacionais-vao-dar-regras-para-relacao-de-ferrovias-e-operadores-independentes\/"},"wordCount":1370,"publisher":{"@id":"https:\/\/agenciainfra.com\/blog\/#organization"},"image":{"@id":"https:\/\/agenciainfra.com\/blog\/contratos-operacionais-vao-dar-regras-para-relacao-de-ferrovias-e-operadores-independentes\/#primaryimage"},"thumbnailUrl":"https:\/\/agenciainfra.com\/blog\/wp-content\/uploads\/2021\/01\/ferrovia-linha-ferrea-foto-dominio-publico.jpg","keywords":["ANTF","ANTT","BCG","Boston Consulting Group","Carolina Fidalgo","Concess\u00e3o","Fernando Paes","Ferrovias","Jean Mafra","OFI","open access","operadores ferrovi\u00e1rios independentes","PLS 261","Regula\u00e7\u00e3o","Renn\u00f3 Penteado Sampaio Advogados","Resolu\u00e7\u00e3o 4.348\/2014","Resolu\u00e7\u00e3o 5.920\/2020","short lines","Thiago Cardoso","transporte de cargas"],"articleSection":["Geral","iNFRATransporte"],"inLanguage":"pt-BR","copyrightYear":"2021","copyrightHolder":{"@id":"https:\/\/agenciainfra.com\/blog\/#organization"}},{"@type":"WebPage","@id":"https:\/\/agenciainfra.com\/blog\/contratos-operacionais-vao-dar-regras-para-relacao-de-ferrovias-e-operadores-independentes\/","url":"https:\/\/agenciainfra.com\/blog\/contratos-operacionais-vao-dar-regras-para-relacao-de-ferrovias-e-operadores-independentes\/","name":"Contratos operacionais v\u00e3o dar regras para rela\u00e7\u00e3o de ferrovias e operadores independentes - Ag\u00eancia iNFRA","isPartOf":{"@id":"https:\/\/agenciainfra.com\/blog\/#website"},"primaryImageOfPage":{"@id":"https:\/\/agenciainfra.com\/blog\/contratos-operacionais-vao-dar-regras-para-relacao-de-ferrovias-e-operadores-independentes\/#primaryimage"},"image":{"@id":"https:\/\/agenciainfra.com\/blog\/contratos-operacionais-vao-dar-regras-para-relacao-de-ferrovias-e-operadores-independentes\/#primaryimage"},"thumbnailUrl":"https:\/\/agenciainfra.com\/blog\/wp-content\/uploads\/2021\/01\/ferrovia-linha-ferrea-foto-dominio-publico.jpg","datePublished":"2021-01-27T11:00:00+00:00","breadcrumb":{"@id":"https:\/\/agenciainfra.com\/blog\/contratos-operacionais-vao-dar-regras-para-relacao-de-ferrovias-e-operadores-independentes\/#breadcrumb"},"inLanguage":"pt-BR","potentialAction":[{"@type":"ReadAction","target":["https:\/\/agenciainfra.com\/blog\/contratos-operacionais-vao-dar-regras-para-relacao-de-ferrovias-e-operadores-independentes\/"]}]},{"@type":"ImageObject","inLanguage":"pt-BR","@id":"https:\/\/agenciainfra.com\/blog\/contratos-operacionais-vao-dar-regras-para-relacao-de-ferrovias-e-operadores-independentes\/#primaryimage","url":"https:\/\/agenciainfra.com\/blog\/wp-content\/uploads\/2021\/01\/ferrovia-linha-ferrea-foto-dominio-publico.jpg","contentUrl":"https:\/\/agenciainfra.com\/blog\/wp-content\/uploads\/2021\/01\/ferrovia-linha-ferrea-foto-dominio-publico.jpg","width":1280,"height":853,"caption":"Foto: Dom\u00ednio P\u00fablico"},{"@type":"BreadcrumbList","@id":"https:\/\/agenciainfra.com\/blog\/contratos-operacionais-vao-dar-regras-para-relacao-de-ferrovias-e-operadores-independentes\/#breadcrumb","itemListElement":[{"@type":"ListItem","position":1,"name":"In\u00edcio","item":"https:\/\/agenciainfra.com\/blog\/"},{"@type":"ListItem","position":2,"name":"Contratos operacionais v\u00e3o dar regras para rela\u00e7\u00e3o de ferrovias e operadores independentes"}]},{"@type":"WebSite","@id":"https:\/\/agenciainfra.com\/blog\/#website","url":"https:\/\/agenciainfra.com\/blog\/","name":"Ag\u00eancia iNFRA","description":"Multiplataforma de informa\u00e7\u00e3o jornal\u00edstica refer\u00eancia na \u00e1rea de infraestrutura no Brasil!","publisher":{"@id":"https:\/\/agenciainfra.com\/blog\/#organization"},"potentialAction":[{"@type":"SearchAction","target":{"@type":"EntryPoint","urlTemplate":"https:\/\/agenciainfra.com\/blog\/?s={search_term_string}"},"query-input":{"@type":"PropertyValueSpecification","valueRequired":true,"valueName":"search_term_string"}}],"inLanguage":"pt-BR"},{"@type":"Organization","@id":"https:\/\/agenciainfra.com\/blog\/#organization","name":"Ag\u00eancia iNFRA","url":"https:\/\/agenciainfra.com\/blog\/","logo":{"@type":"ImageObject","inLanguage":"pt-BR","@id":"https:\/\/agenciainfra.com\/blog\/#\/schema\/logo\/image\/","url":"https:\/\/agenciainfra.com\/blog\/wp-content\/uploads\/2023\/09\/iNFRA_5-e1761735885940.png","contentUrl":"https:\/\/agenciainfra.com\/blog\/wp-content\/uploads\/2023\/09\/iNFRA_5-e1761735885940.png","width":1672,"height":454,"caption":"Ag\u00eancia iNFRA"},"image":{"@id":"https:\/\/agenciainfra.com\/blog\/#\/schema\/logo\/image\/"},"sameAs":["https:\/\/www.facebook.com\/ageninfra","https:\/\/x.com\/agencia_infra","https:\/\/www.linkedin.com\/company\/ag\u00eanciainfra\/","https:\/\/www.instagram.com\/agenciainfra\/"]},{"@type":"Person","@id":"https:\/\/agenciainfra.com\/blog\/#\/schema\/person\/04dbb79bd6d8951f063da71f3e4c1eb1","name":"Rodrigo Zuquim","image":{"@type":"ImageObject","inLanguage":"pt-BR","@id":"https:\/\/agenciainfra.com\/blog\/#\/schema\/person\/image\/","url":"https:\/\/secure.gravatar.com\/avatar\/594abfe82761d620726242ff34ca472a705a4b97f16c790053a6b4c4035274d0?s=96&d=mm&r=g","contentUrl":"https:\/\/secure.gravatar.com\/avatar\/594abfe82761d620726242ff34ca472a705a4b97f16c790053a6b4c4035274d0?s=96&d=mm&r=g","caption":"Rodrigo Zuquim"},"url":"https:\/\/agenciainfra.com\/blog\/author\/rodrigo-zuquim\/"}]}},"_links":{"self":[{"href":"https:\/\/agenciainfra.com\/blog\/wp-json\/wp\/v2\/posts\/6676","targetHints":{"allow":["GET"]}}],"collection":[{"href":"https:\/\/agenciainfra.com\/blog\/wp-json\/wp\/v2\/posts"}],"about":[{"href":"https:\/\/agenciainfra.com\/blog\/wp-json\/wp\/v2\/types\/post"}],"author":[{"embeddable":true,"href":"https:\/\/agenciainfra.com\/blog\/wp-json\/wp\/v2\/users\/9"}],"replies":[{"embeddable":true,"href":"https:\/\/agenciainfra.com\/blog\/wp-json\/wp\/v2\/comments?post=6676"}],"version-history":[{"count":0,"href":"https:\/\/agenciainfra.com\/blog\/wp-json\/wp\/v2\/posts\/6676\/revisions"}],"wp:featuredmedia":[{"embeddable":true,"href":"https:\/\/agenciainfra.com\/blog\/wp-json\/wp\/v2\/media\/6677"}],"wp:attachment":[{"href":"https:\/\/agenciainfra.com\/blog\/wp-json\/wp\/v2\/media?parent=6676"}],"wp:term":[{"taxonomy":"category","embeddable":true,"href":"https:\/\/agenciainfra.com\/blog\/wp-json\/wp\/v2\/categories?post=6676"},{"taxonomy":"post_tag","embeddable":true,"href":"https:\/\/agenciainfra.com\/blog\/wp-json\/wp\/v2\/tags?post=6676"}],"curies":[{"name":"wp","href":"https:\/\/api.w.org\/{rel}","templated":true}]}}