{"id":6688,"date":"2021-01-27T13:00:00","date_gmt":"2021-01-27T16:00:00","guid":{"rendered":"https:\/\/www.agenciainfra.com\/blog\/?p=6688"},"modified":"2021-01-27T10:57:38","modified_gmt":"2021-01-27T13:57:38","slug":"infradebate-renovacao-da-fca-e-uma-afronta-as-reais-necessidades-do-sistema-ferroviario-e-da-populacao","status":"publish","type":"post","link":"https:\/\/agenciainfra.com\/blog\/infradebate-renovacao-da-fca-e-uma-afronta-as-reais-necessidades-do-sistema-ferroviario-e-da-populacao\/","title":{"rendered":"iNFRADebate: Renova\u00e7\u00e3o da FCA \u00e9 uma afronta \u00e0s reais necessidades do sistema ferrovi\u00e1rio e da popula\u00e7\u00e3o"},"content":{"rendered":"\n<p class=\"has-text-align-right\"><strong>Vitor Pires Vencovsky*<\/strong><\/p>\n\n\n\n<p><em>Projeto n\u00e3o apresenta vantajosidades que justifiquem uma renova\u00e7\u00e3o antecipada do contrato de concess\u00e3o<\/em><\/p>\n\n\n\n<p>Sempre fui um defensor de que os processos de renova\u00e7\u00e3o das concess\u00f5es das malhas ferrovi\u00e1rias brasileiras fossem elaborados sob um ponto de vista t\u00e9cnico. \u00c9 preciso focar em princ\u00edpios que representem aumento de capacidade, efici\u00eancia, seguran\u00e7a e o efetivo desenvolvimento do modal sob os aspectos econ\u00f4micos e sociais do pa\u00eds. No entanto, essa n\u00e3o parece uma preocupa\u00e7\u00e3o do Governo Federal ao avaliar os atributos presentes no documento da renova\u00e7\u00e3o antecipada da FCA (Ferrovia Centro-Atl\u00e2ntica), aberta para consulta p\u00fablica e manifesta\u00e7\u00f5es no \u00faltimo dia 6 de janeiro. Repleto de lacunas \u2013 que de fato impedem um maior ju\u00edzo da sociedade a respeito do que est\u00e1 proposto \u2013 e artimanhas, o documento n\u00e3o traz informa\u00e7\u00f5es que justifiquem uma renova\u00e7\u00e3o por mais 30 anos.<\/p>\n\n\n\n<p>Com 7.220 quil\u00f4metros de extens\u00e3o, a FCA foi privatizada em 1996 e atualmente est\u00e1 sob concess\u00e3o da VLI. \u00c9 uma malha representativa, que atravessa Sergipe, Bahia, Esp\u00edrito Santo, Rio de Janeiro, S\u00e3o Paulo, Minas Gerais e Goi\u00e1s, al\u00e9m do Distrito Federal. Diante da sua import\u00e2ncia na cadeia log\u00edstica, chama aten\u00e7\u00e3o a aus\u00eancia, nos documentos apresentados, de diversos elementos t\u00e9cnicos essenciais para a avalia\u00e7\u00e3o do processo pela sociedade:<\/p>\n\n\n\n<p><strong>N\u00e3o h\u00e1 na proposta de investimentos a solu\u00e7\u00e3o de conflitos urbanos<\/strong><\/p>\n\n\n\n<p>Prop\u00f5e-se a renova\u00e7\u00e3o de uma ferrovia que atravessa mais de 300 munic\u00edpios sem apresentar quais ser\u00e3o as obras para a resolu\u00e7\u00e3o dos conflitos entre a ferrovia e as comunidades. O Caderno de Engenharia destaca que esses investimentos ser\u00e3o tratados oportunamente no processo. Oportunamente quando? Sem essas informa\u00e7\u00f5es preliminares, qual \u00e9 o objetivo de se ouvir a sociedade na audi\u00eancia p\u00fablica agendada para 3 de fevereiro?<\/p>\n\n\n\n<p><strong>N\u00e3o h\u00e1 quaisquer informa\u00e7\u00f5es sobre devolu\u00e7\u00f5es de trechos<\/strong><\/p>\n\n\n\n<p>Segundo o Caderno de Demanda, tais informa\u00e7\u00f5es seriam apresentadas no caderno de passivos \u2013 documento que n\u00e3o foi disponibilizado at\u00e9 o momento. Prev\u00ea-se a redu\u00e7\u00e3o de 1.571 quil\u00f4metros ap\u00f3s a formaliza\u00e7\u00e3o da renova\u00e7\u00e3o, mas n\u00e3o nos \u00e9 informado quais trechos ser\u00e3o devolvidos, os valores de indeniza\u00e7\u00e3o ou a proposta de destina\u00e7\u00e3o para esses ramais. A utiliza\u00e7\u00e3o para trens de passageiros ou projetos de reurbaniza\u00e7\u00e3o poderiam se tornar alternativas interessantes no aspecto socioecon\u00f4mico para munic\u00edpios que sofrem com infraestruturas obsoletas. Mais uma vez: n\u00e3o \u00e9 poss\u00edvel entender o sentido da audi\u00eancia de 3 de fevereiro pr\u00f3ximo sem que a sociedade disponha de tais informa\u00e7\u00f5es.<\/p>\n\n\n\n<p><strong>N\u00e3o h\u00e1 informa\u00e7\u00f5es sobre obras de expans\u00e3o de capacidade<\/strong>.&nbsp;<\/p>\n\n\n\n<p>Dos R$ 3,3 bilh\u00f5es de Capex, somente 530 milh\u00f5es ser\u00e3o destinados a projeto de expans\u00e3o de capacidade operacional e via permanente. Em uma concess\u00e3o de mais de 7 mil quil\u00f4metros, \u00e9 um valor irris\u00f3rio, sobretudo considerando-se uma renova\u00e7\u00e3o por 30 anos. S\u00e3o duas amplia\u00e7\u00f5es de p\u00e1tio no ano 1 e outras duas no ano 12, al\u00e9m da moderniza\u00e7\u00e3o de 520 quil\u00f4metros de via. Ou seja, investimentos em menos de 10% da extens\u00e3o total da malha e uma parte ap\u00f3s o vencimento da primeira parte do contrato. N\u00e3o h\u00e1 uma duplica\u00e7\u00e3o de via sequer, uma semiduplica\u00e7\u00e3o, uma nova modelagem operacional, um trecho <em>greenfield<\/em>, nada. Em nenhum dos nove estados da Federa\u00e7\u00e3o atravessados pela malha. Dif\u00edcil identificar o sentido em se renovar o contrato.&nbsp;<\/p>\n\n\n\n<p><strong>O investimento em material rodante \u00e9 a maior parte do Capex e concentrado no longu\u00edssimo prazo<\/strong>.<\/p>\n\n\n\n<p>Dos R$ 3,3 bilh\u00f5es de Capex (montante que j\u00e1 seria baixo para o tamanho da concess\u00e3o e do prazo), cerca de 84% (R$ 2,77 bilh\u00f5es) s\u00e3o em material rodante, o que por si s\u00f3 j\u00e1 \u00e9 question\u00e1vel. Est\u00e1 prevista a aquisi\u00e7\u00e3o de 353 locomotivas. Desse total, no entanto, a grande maioria (322) tem previs\u00e3o de aquisi\u00e7\u00e3o ap\u00f3s o vencimento da primeira parte do contrato, em 2027. Como se n\u00e3o bastasse o fato de a aquisi\u00e7\u00e3o imediata ser irris\u00f3ria, a maior parte das m\u00e1quinas \u2013 nada menos do que 260 das 322 \u2013 est\u00e1 prevista para ap\u00f3s o ano de 2047 (isso mesmo). Mais agravante ainda \u00e9 o fato de que os valores projetados para investimentos em locomotivas e vag\u00f5es n\u00e3o s\u00e3o vinculantes na proposta elaborada. Trocando em mi\u00fados, n\u00e3o existe uma obriga\u00e7\u00e3o contratual a ser assumida para que sejam executados no prazo planejado.<\/p>\n\n\n\n<p>Em suma, se a maior parte do Capex, que j\u00e1 \u00e9 baixo, est\u00e1 concentrada em locomotivas e a imensa maioria das locomotivas est\u00e1 concentrada ap\u00f3s 2047, o que resta de investimentos propostos \u00e9 irris\u00f3rio. Al\u00e9m do fato de que n\u00e3o h\u00e1 proposta para conflitos urbanos, trechos abandonados e nem sequer aumento de capacidade de via.&nbsp;<\/p>\n\n\n\n<p>Engana-se quem pensa que a falta de transpar\u00eancia na renova\u00e7\u00e3o da FCA \u00e9 um mero descuido t\u00e9cnico de um planejamento mal executado. O primeiro instinto, ap\u00f3s a leitura do material, \u00e9 acreditar que houve erro processual e foi publicada vers\u00e3o equivocada. H\u00e1, por\u00e9m, ind\u00edcios de que os reais interesses s\u00e3o outros. O valor de outorga de R$ 4,98 bilh\u00f5es \u00e9 resultado de modelagem financeira em que se gasta o m\u00ednimo em investimentos. Assim, os recursos da outorga podem ser aplicados em outros projetos de interesse do governo federal, via os chamados \u201cinvestimentos cruzados\u201d \u2013 uma manobra pol\u00edtica que burla o sistema licitat\u00f3rio, desviando os recursos que deveriam ser aplicados integralmente na malha que \u00e9 objeto da renova\u00e7\u00e3o.<\/p>\n\n\n\n<p>Todos esses aspectos apontam para a inexist\u00eancia de vantajosidade na renova\u00e7\u00e3o antecipada. Afinal, boa parte dos investimentos ser\u00e3o posteriores a 2026 e poderiam perfeitamente ser executados por outro concession\u00e1rio \u2013 a partir de uma nova licita\u00e7\u00e3o, com direito a ampla concorr\u00eancia e um planejamento mais assertivo e estruturado do que este agora proposto.<\/p>\n\n\n\n<h6 class=\"wp-block-heading\" id=\"block-0ad831ad-cd23-417f-b06a-95588097a0b7\"><strong>*Vitor Pires Vencovsky \u00e9 engenheiro e autor do livro <em>Ferrovia e Sociedade <\/em>(2019).<\/strong><\/h6>\n\n\n\n<h5 class=\"wp-block-heading\" id=\"block-d67878ff-7627-4f15-b175-8f58269174ff\">O iNFRADebate \u00e9 o espa\u00e7o de artigos da Ag\u00eancia iNFRA com opini\u00f5es de seus atores que n\u00e3o refletem necessariamente o pensamento da Ag\u00eancia iNFRA, sendo de total responsabilidade do autor as informa\u00e7\u00f5es, ju\u00edzos de valor e conceitos descritos no texto.<\/h5>\n","protected":false},"excerpt":{"rendered":"<p>Vitor Pires Vencovsky* Projeto n\u00e3o apresenta vantajosidades que justifiquem uma renova\u00e7\u00e3o antecipada do contrato de concess\u00e3o Sempre fui um defensor de que os processos de renova\u00e7\u00e3o das concess\u00f5es das malhas ferrovi\u00e1rias brasileiras fossem elaborados sob um ponto de vista t\u00e9cnico. \u00c9 preciso focar em princ\u00edpios que representem aumento de capacidade, efici\u00eancia, seguran\u00e7a e o efetivo [&hellip;]<\/p>\n","protected":false},"author":9,"featured_media":0,"comment_status":"closed","ping_status":"closed","sticky":false,"template":"","format":"standard","meta":{"_monsterinsights_skip_tracking":false,"_monsterinsights_sitenote_active":false,"_monsterinsights_sitenote_note":"","_monsterinsights_sitenote_category":0,"footnotes":""},"categories":[1,11],"tags":[22,3412,3413,446,754,120,32,3414,84,856,1963,3411,82],"class_list":["post-6688","post","type-post","status-publish","format-standard","hentry","category-geral","category-infradebate","tag-concessao","tag-conflitos-urbanos","tag-expansao-de-capacidade","tag-fca","tag-ferrovia-centro-atlantica","tag-ferrovias","tag-investimentos","tag-investimentos-cruzados","tag-renovacao-antecipada","tag-sistema-ferroviario","tag-vantajosidade","tag-vitor-pires-vencovsky","tag-vli"],"yoast_head":"<!-- This site is optimized with the Yoast SEO Premium plugin v25.4 (Yoast SEO v26.0) - https:\/\/yoast.com\/wordpress\/plugins\/seo\/ -->\n<title>iNFRADebate: Renova\u00e7\u00e3o da FCA \u00e9 uma afronta \u00e0s reais necessidades do sistema ferrovi\u00e1rio e da popula\u00e7\u00e3o - Ag\u00eancia iNFRA<\/title>\n<meta name=\"robots\" content=\"index, follow, max-snippet:-1, max-image-preview:large, max-video-preview:-1\" \/>\n<link rel=\"canonical\" href=\"https:\/\/agenciainfra.com\/blog\/infradebate-renovacao-da-fca-e-uma-afronta-as-reais-necessidades-do-sistema-ferroviario-e-da-populacao\/\" \/>\n<meta property=\"og:locale\" content=\"pt_BR\" \/>\n<meta property=\"og:type\" content=\"article\" \/>\n<meta property=\"og:title\" content=\"iNFRADebate: Renova\u00e7\u00e3o da FCA \u00e9 uma afronta \u00e0s reais necessidades do sistema ferrovi\u00e1rio e da popula\u00e7\u00e3o\" \/>\n<meta property=\"og:description\" content=\"Vitor Pires Vencovsky* Projeto n\u00e3o apresenta vantajosidades que justifiquem uma renova\u00e7\u00e3o antecipada do contrato de concess\u00e3o Sempre fui um defensor de que os processos de renova\u00e7\u00e3o das concess\u00f5es das malhas ferrovi\u00e1rias brasileiras fossem elaborados sob um ponto de vista t\u00e9cnico. \u00c9 preciso focar em princ\u00edpios que representem aumento de capacidade, efici\u00eancia, seguran\u00e7a e o efetivo [&hellip;]\" \/>\n<meta property=\"og:url\" content=\"https:\/\/agenciainfra.com\/blog\/infradebate-renovacao-da-fca-e-uma-afronta-as-reais-necessidades-do-sistema-ferroviario-e-da-populacao\/\" \/>\n<meta property=\"og:site_name\" content=\"Ag\u00eancia iNFRA\" \/>\n<meta property=\"article:publisher\" content=\"https:\/\/www.facebook.com\/ageninfra\" \/>\n<meta property=\"article:published_time\" content=\"2021-01-27T16:00:00+00:00\" \/>\n<meta property=\"og:image\" content=\"https:\/\/agenciainfra.com\/blog\/wp-content\/uploads\/2021\/01\/FCA-foto-Gustavo-Andrade-VLI.jpg\" \/>\n\t<meta property=\"og:image:width\" content=\"1280\" \/>\n\t<meta property=\"og:image:height\" content=\"854\" \/>\n\t<meta property=\"og:image:type\" content=\"image\/jpeg\" \/>\n<meta name=\"author\" content=\"Rodrigo Zuquim\" \/>\n<meta name=\"twitter:card\" content=\"summary_large_image\" \/>\n<meta name=\"twitter:creator\" content=\"@agencia_infra\" \/>\n<meta name=\"twitter:site\" content=\"@agencia_infra\" \/>\n<meta name=\"twitter:label1\" content=\"Escrito por\" \/>\n\t<meta name=\"twitter:data1\" content=\"Rodrigo Zuquim\" \/>\n\t<meta name=\"twitter:label2\" content=\"Est. tempo de leitura\" \/>\n\t<meta name=\"twitter:data2\" content=\"5 minutos\" \/>\n<script type=\"application\/ld+json\" class=\"yoast-schema-graph\">{\"@context\":\"https:\/\/schema.org\",\"@graph\":[{\"@type\":\"Article\",\"@id\":\"https:\/\/agenciainfra.com\/blog\/infradebate-renovacao-da-fca-e-uma-afronta-as-reais-necessidades-do-sistema-ferroviario-e-da-populacao\/#article\",\"isPartOf\":{\"@id\":\"https:\/\/agenciainfra.com\/blog\/infradebate-renovacao-da-fca-e-uma-afronta-as-reais-necessidades-do-sistema-ferroviario-e-da-populacao\/\"},\"author\":{\"name\":\"Rodrigo Zuquim\",\"@id\":\"https:\/\/agenciainfra.com\/blog\/#\/schema\/person\/04dbb79bd6d8951f063da71f3e4c1eb1\"},\"headline\":\"iNFRADebate: Renova\u00e7\u00e3o da FCA \u00e9 uma afronta \u00e0s reais necessidades do sistema ferrovi\u00e1rio e da popula\u00e7\u00e3o\",\"datePublished\":\"2021-01-27T16:00:00+00:00\",\"mainEntityOfPage\":{\"@id\":\"https:\/\/agenciainfra.com\/blog\/infradebate-renovacao-da-fca-e-uma-afronta-as-reais-necessidades-do-sistema-ferroviario-e-da-populacao\/\"},\"wordCount\":1072,\"publisher\":{\"@id\":\"https:\/\/agenciainfra.com\/blog\/#organization\"},\"keywords\":[\"Concess\u00e3o\",\"conflitos urbanos\",\"expans\u00e3o de capacidade\",\"FCA\",\"Ferrovia Centro-Atl\u00e2ntica\",\"Ferrovias\",\"Investimentos\",\"investimentos cruzados\",\"Renova\u00e7\u00e3o antecipada\",\"sistema ferrovi\u00e1rio\",\"vantajosidade\",\"Vitor Pires Vencovsky\",\"VLI\"],\"articleSection\":[\"Geral\",\"iNFRADebate\"],\"inLanguage\":\"pt-BR\",\"copyrightYear\":\"2021\",\"copyrightHolder\":{\"@id\":\"https:\/\/agenciainfra.com\/blog\/#organization\"}},{\"@type\":\"WebPage\",\"@id\":\"https:\/\/agenciainfra.com\/blog\/infradebate-renovacao-da-fca-e-uma-afronta-as-reais-necessidades-do-sistema-ferroviario-e-da-populacao\/\",\"url\":\"https:\/\/agenciainfra.com\/blog\/infradebate-renovacao-da-fca-e-uma-afronta-as-reais-necessidades-do-sistema-ferroviario-e-da-populacao\/\",\"name\":\"iNFRADebate: Renova\u00e7\u00e3o da FCA \u00e9 uma afronta \u00e0s reais necessidades do sistema ferrovi\u00e1rio e da popula\u00e7\u00e3o - Ag\u00eancia iNFRA\",\"isPartOf\":{\"@id\":\"https:\/\/agenciainfra.com\/blog\/#website\"},\"datePublished\":\"2021-01-27T16:00:00+00:00\",\"breadcrumb\":{\"@id\":\"https:\/\/agenciainfra.com\/blog\/infradebate-renovacao-da-fca-e-uma-afronta-as-reais-necessidades-do-sistema-ferroviario-e-da-populacao\/#breadcrumb\"},\"inLanguage\":\"pt-BR\",\"potentialAction\":[{\"@type\":\"ReadAction\",\"target\":[\"https:\/\/agenciainfra.com\/blog\/infradebate-renovacao-da-fca-e-uma-afronta-as-reais-necessidades-do-sistema-ferroviario-e-da-populacao\/\"]}]},{\"@type\":\"BreadcrumbList\",\"@id\":\"https:\/\/agenciainfra.com\/blog\/infradebate-renovacao-da-fca-e-uma-afronta-as-reais-necessidades-do-sistema-ferroviario-e-da-populacao\/#breadcrumb\",\"itemListElement\":[{\"@type\":\"ListItem\",\"position\":1,\"name\":\"In\u00edcio\",\"item\":\"https:\/\/agenciainfra.com\/blog\/\"},{\"@type\":\"ListItem\",\"position\":2,\"name\":\"iNFRADebate: Renova\u00e7\u00e3o da FCA \u00e9 uma afronta \u00e0s reais necessidades do sistema ferrovi\u00e1rio e da popula\u00e7\u00e3o\"}]},{\"@type\":\"WebSite\",\"@id\":\"https:\/\/agenciainfra.com\/blog\/#website\",\"url\":\"https:\/\/agenciainfra.com\/blog\/\",\"name\":\"Ag\u00eancia iNFRA\",\"description\":\"Multiplataforma de informa\u00e7\u00e3o jornal\u00edstica refer\u00eancia na \u00e1rea de infraestrutura no Brasil!\",\"publisher\":{\"@id\":\"https:\/\/agenciainfra.com\/blog\/#organization\"},\"potentialAction\":[{\"@type\":\"SearchAction\",\"target\":{\"@type\":\"EntryPoint\",\"urlTemplate\":\"https:\/\/agenciainfra.com\/blog\/?s={search_term_string}\"},\"query-input\":{\"@type\":\"PropertyValueSpecification\",\"valueRequired\":true,\"valueName\":\"search_term_string\"}}],\"inLanguage\":\"pt-BR\"},{\"@type\":\"Organization\",\"@id\":\"https:\/\/agenciainfra.com\/blog\/#organization\",\"name\":\"Ag\u00eancia iNFRA\",\"url\":\"https:\/\/agenciainfra.com\/blog\/\",\"logo\":{\"@type\":\"ImageObject\",\"inLanguage\":\"pt-BR\",\"@id\":\"https:\/\/agenciainfra.com\/blog\/#\/schema\/logo\/image\/\",\"url\":\"https:\/\/agenciainfra.com\/blog\/wp-content\/uploads\/2023\/09\/iNFRA_5-e1761735885940.png\",\"contentUrl\":\"https:\/\/agenciainfra.com\/blog\/wp-content\/uploads\/2023\/09\/iNFRA_5-e1761735885940.png\",\"width\":1672,\"height\":454,\"caption\":\"Ag\u00eancia iNFRA\"},\"image\":{\"@id\":\"https:\/\/agenciainfra.com\/blog\/#\/schema\/logo\/image\/\"},\"sameAs\":[\"https:\/\/www.facebook.com\/ageninfra\",\"https:\/\/x.com\/agencia_infra\",\"https:\/\/www.linkedin.com\/company\/ag\u00eanciainfra\/\",\"https:\/\/www.instagram.com\/agenciainfra\/\"]},{\"@type\":\"Person\",\"@id\":\"https:\/\/agenciainfra.com\/blog\/#\/schema\/person\/04dbb79bd6d8951f063da71f3e4c1eb1\",\"name\":\"Rodrigo Zuquim\",\"image\":{\"@type\":\"ImageObject\",\"inLanguage\":\"pt-BR\",\"@id\":\"https:\/\/agenciainfra.com\/blog\/#\/schema\/person\/image\/\",\"url\":\"https:\/\/secure.gravatar.com\/avatar\/594abfe82761d620726242ff34ca472a705a4b97f16c790053a6b4c4035274d0?s=96&d=mm&r=g\",\"contentUrl\":\"https:\/\/secure.gravatar.com\/avatar\/594abfe82761d620726242ff34ca472a705a4b97f16c790053a6b4c4035274d0?s=96&d=mm&r=g\",\"caption\":\"Rodrigo Zuquim\"},\"url\":\"https:\/\/agenciainfra.com\/blog\/author\/rodrigo-zuquim\/\"}]}<\/script>\n<!-- \/ Yoast SEO Premium plugin. -->","yoast_head_json":{"title":"iNFRADebate: Renova\u00e7\u00e3o da FCA \u00e9 uma afronta \u00e0s reais necessidades do sistema ferrovi\u00e1rio e da popula\u00e7\u00e3o - Ag\u00eancia iNFRA","robots":{"index":"index","follow":"follow","max-snippet":"max-snippet:-1","max-image-preview":"max-image-preview:large","max-video-preview":"max-video-preview:-1"},"canonical":"https:\/\/agenciainfra.com\/blog\/infradebate-renovacao-da-fca-e-uma-afronta-as-reais-necessidades-do-sistema-ferroviario-e-da-populacao\/","og_locale":"pt_BR","og_type":"article","og_title":"iNFRADebate: Renova\u00e7\u00e3o da FCA \u00e9 uma afronta \u00e0s reais necessidades do sistema ferrovi\u00e1rio e da popula\u00e7\u00e3o","og_description":"Vitor Pires Vencovsky* Projeto n\u00e3o apresenta vantajosidades que justifiquem uma renova\u00e7\u00e3o antecipada do contrato de concess\u00e3o Sempre fui um defensor de que os processos de renova\u00e7\u00e3o das concess\u00f5es das malhas ferrovi\u00e1rias brasileiras fossem elaborados sob um ponto de vista t\u00e9cnico. \u00c9 preciso focar em princ\u00edpios que representem aumento de capacidade, efici\u00eancia, seguran\u00e7a e o efetivo [&hellip;]","og_url":"https:\/\/agenciainfra.com\/blog\/infradebate-renovacao-da-fca-e-uma-afronta-as-reais-necessidades-do-sistema-ferroviario-e-da-populacao\/","og_site_name":"Ag\u00eancia iNFRA","article_publisher":"https:\/\/www.facebook.com\/ageninfra","article_published_time":"2021-01-27T16:00:00+00:00","og_image":[{"width":1280,"height":854,"url":"https:\/\/agenciainfra.com\/blog\/wp-content\/uploads\/2021\/01\/FCA-foto-Gustavo-Andrade-VLI.jpg","type":"image\/jpeg"}],"author":"Rodrigo Zuquim","twitter_card":"summary_large_image","twitter_creator":"@agencia_infra","twitter_site":"@agencia_infra","twitter_misc":{"Escrito por":"Rodrigo Zuquim","Est. tempo de leitura":"5 minutos"},"schema":{"@context":"https:\/\/schema.org","@graph":[{"@type":"Article","@id":"https:\/\/agenciainfra.com\/blog\/infradebate-renovacao-da-fca-e-uma-afronta-as-reais-necessidades-do-sistema-ferroviario-e-da-populacao\/#article","isPartOf":{"@id":"https:\/\/agenciainfra.com\/blog\/infradebate-renovacao-da-fca-e-uma-afronta-as-reais-necessidades-do-sistema-ferroviario-e-da-populacao\/"},"author":{"name":"Rodrigo Zuquim","@id":"https:\/\/agenciainfra.com\/blog\/#\/schema\/person\/04dbb79bd6d8951f063da71f3e4c1eb1"},"headline":"iNFRADebate: Renova\u00e7\u00e3o da FCA \u00e9 uma afronta \u00e0s reais necessidades do sistema ferrovi\u00e1rio e da popula\u00e7\u00e3o","datePublished":"2021-01-27T16:00:00+00:00","mainEntityOfPage":{"@id":"https:\/\/agenciainfra.com\/blog\/infradebate-renovacao-da-fca-e-uma-afronta-as-reais-necessidades-do-sistema-ferroviario-e-da-populacao\/"},"wordCount":1072,"publisher":{"@id":"https:\/\/agenciainfra.com\/blog\/#organization"},"keywords":["Concess\u00e3o","conflitos urbanos","expans\u00e3o de capacidade","FCA","Ferrovia Centro-Atl\u00e2ntica","Ferrovias","Investimentos","investimentos cruzados","Renova\u00e7\u00e3o antecipada","sistema ferrovi\u00e1rio","vantajosidade","Vitor Pires Vencovsky","VLI"],"articleSection":["Geral","iNFRADebate"],"inLanguage":"pt-BR","copyrightYear":"2021","copyrightHolder":{"@id":"https:\/\/agenciainfra.com\/blog\/#organization"}},{"@type":"WebPage","@id":"https:\/\/agenciainfra.com\/blog\/infradebate-renovacao-da-fca-e-uma-afronta-as-reais-necessidades-do-sistema-ferroviario-e-da-populacao\/","url":"https:\/\/agenciainfra.com\/blog\/infradebate-renovacao-da-fca-e-uma-afronta-as-reais-necessidades-do-sistema-ferroviario-e-da-populacao\/","name":"iNFRADebate: Renova\u00e7\u00e3o da FCA \u00e9 uma afronta \u00e0s reais necessidades do sistema ferrovi\u00e1rio e da popula\u00e7\u00e3o - Ag\u00eancia iNFRA","isPartOf":{"@id":"https:\/\/agenciainfra.com\/blog\/#website"},"datePublished":"2021-01-27T16:00:00+00:00","breadcrumb":{"@id":"https:\/\/agenciainfra.com\/blog\/infradebate-renovacao-da-fca-e-uma-afronta-as-reais-necessidades-do-sistema-ferroviario-e-da-populacao\/#breadcrumb"},"inLanguage":"pt-BR","potentialAction":[{"@type":"ReadAction","target":["https:\/\/agenciainfra.com\/blog\/infradebate-renovacao-da-fca-e-uma-afronta-as-reais-necessidades-do-sistema-ferroviario-e-da-populacao\/"]}]},{"@type":"BreadcrumbList","@id":"https:\/\/agenciainfra.com\/blog\/infradebate-renovacao-da-fca-e-uma-afronta-as-reais-necessidades-do-sistema-ferroviario-e-da-populacao\/#breadcrumb","itemListElement":[{"@type":"ListItem","position":1,"name":"In\u00edcio","item":"https:\/\/agenciainfra.com\/blog\/"},{"@type":"ListItem","position":2,"name":"iNFRADebate: Renova\u00e7\u00e3o da FCA \u00e9 uma afronta \u00e0s reais necessidades do sistema ferrovi\u00e1rio e da popula\u00e7\u00e3o"}]},{"@type":"WebSite","@id":"https:\/\/agenciainfra.com\/blog\/#website","url":"https:\/\/agenciainfra.com\/blog\/","name":"Ag\u00eancia iNFRA","description":"Multiplataforma de informa\u00e7\u00e3o jornal\u00edstica refer\u00eancia na \u00e1rea de infraestrutura no Brasil!","publisher":{"@id":"https:\/\/agenciainfra.com\/blog\/#organization"},"potentialAction":[{"@type":"SearchAction","target":{"@type":"EntryPoint","urlTemplate":"https:\/\/agenciainfra.com\/blog\/?s={search_term_string}"},"query-input":{"@type":"PropertyValueSpecification","valueRequired":true,"valueName":"search_term_string"}}],"inLanguage":"pt-BR"},{"@type":"Organization","@id":"https:\/\/agenciainfra.com\/blog\/#organization","name":"Ag\u00eancia iNFRA","url":"https:\/\/agenciainfra.com\/blog\/","logo":{"@type":"ImageObject","inLanguage":"pt-BR","@id":"https:\/\/agenciainfra.com\/blog\/#\/schema\/logo\/image\/","url":"https:\/\/agenciainfra.com\/blog\/wp-content\/uploads\/2023\/09\/iNFRA_5-e1761735885940.png","contentUrl":"https:\/\/agenciainfra.com\/blog\/wp-content\/uploads\/2023\/09\/iNFRA_5-e1761735885940.png","width":1672,"height":454,"caption":"Ag\u00eancia iNFRA"},"image":{"@id":"https:\/\/agenciainfra.com\/blog\/#\/schema\/logo\/image\/"},"sameAs":["https:\/\/www.facebook.com\/ageninfra","https:\/\/x.com\/agencia_infra","https:\/\/www.linkedin.com\/company\/ag\u00eanciainfra\/","https:\/\/www.instagram.com\/agenciainfra\/"]},{"@type":"Person","@id":"https:\/\/agenciainfra.com\/blog\/#\/schema\/person\/04dbb79bd6d8951f063da71f3e4c1eb1","name":"Rodrigo Zuquim","image":{"@type":"ImageObject","inLanguage":"pt-BR","@id":"https:\/\/agenciainfra.com\/blog\/#\/schema\/person\/image\/","url":"https:\/\/secure.gravatar.com\/avatar\/594abfe82761d620726242ff34ca472a705a4b97f16c790053a6b4c4035274d0?s=96&d=mm&r=g","contentUrl":"https:\/\/secure.gravatar.com\/avatar\/594abfe82761d620726242ff34ca472a705a4b97f16c790053a6b4c4035274d0?s=96&d=mm&r=g","caption":"Rodrigo Zuquim"},"url":"https:\/\/agenciainfra.com\/blog\/author\/rodrigo-zuquim\/"}]}},"_links":{"self":[{"href":"https:\/\/agenciainfra.com\/blog\/wp-json\/wp\/v2\/posts\/6688","targetHints":{"allow":["GET"]}}],"collection":[{"href":"https:\/\/agenciainfra.com\/blog\/wp-json\/wp\/v2\/posts"}],"about":[{"href":"https:\/\/agenciainfra.com\/blog\/wp-json\/wp\/v2\/types\/post"}],"author":[{"embeddable":true,"href":"https:\/\/agenciainfra.com\/blog\/wp-json\/wp\/v2\/users\/9"}],"replies":[{"embeddable":true,"href":"https:\/\/agenciainfra.com\/blog\/wp-json\/wp\/v2\/comments?post=6688"}],"version-history":[{"count":0,"href":"https:\/\/agenciainfra.com\/blog\/wp-json\/wp\/v2\/posts\/6688\/revisions"}],"wp:attachment":[{"href":"https:\/\/agenciainfra.com\/blog\/wp-json\/wp\/v2\/media?parent=6688"}],"wp:term":[{"taxonomy":"category","embeddable":true,"href":"https:\/\/agenciainfra.com\/blog\/wp-json\/wp\/v2\/categories?post=6688"},{"taxonomy":"post_tag","embeddable":true,"href":"https:\/\/agenciainfra.com\/blog\/wp-json\/wp\/v2\/tags?post=6688"}],"curies":[{"name":"wp","href":"https:\/\/api.w.org\/{rel}","templated":true}]}}