{"id":6693,"date":"2021-01-27T07:15:35","date_gmt":"2021-01-27T10:15:35","guid":{"rendered":"https:\/\/www.agenciainfra.com\/blog\/?p=6693"},"modified":"2021-01-27T07:15:41","modified_gmt":"2021-01-27T10:15:41","slug":"audiencia-publica-para-desestatizacao-da-codesa-sera-em-4-de-fevereiro-decide-antaq","status":"publish","type":"post","link":"https:\/\/agenciainfra.com\/blog\/audiencia-publica-para-desestatizacao-da-codesa-sera-em-4-de-fevereiro-decide-antaq\/","title":{"rendered":"Audi\u00eancia p\u00fablica para desestatiza\u00e7\u00e3o da Codesa ser\u00e1 em 4 de fevereiro, decide ANTAQ"},"content":{"rendered":"\n<p class=\"has-text-align-right\"><strong>da Ag\u00eancia iNFRA<\/strong><\/p>\n\n\n\n<p>A sess\u00e3o telepresencial da audi\u00eancia p\u00fablica para a desestatiza\u00e7\u00e3o da Codesa (Companhia Docas do Esp\u00edrito Santo) ocorrer\u00e1 no dia 4 de fevereiro, a partir das 9h.<\/p>\n\n\n\n<p>A decis\u00e3o tomada pela ANTAQ (Ag\u00eancia Nacional de Transportes Aquavi\u00e1rios) foi publicada no Di\u00e1rio Oficial da Uni\u00e3o desta quarta-feira (27) e est\u00e1 dispon\u00edvel <a rel=\"noreferrer noopener\" href=\"https:\/\/www.in.gov.br\/en\/web\/dou\/-\/deliberacao-dg-n-1-de-25-de-janeiro-2021-300789716\" target=\"_blank\" data-type=\"URL\" data-id=\"https:\/\/www.in.gov.br\/en\/web\/dou\/-\/deliberacao-dg-n-1-de-25-de-janeiro-2021-300789716\">neste link<\/a>.<\/p>\n\n\n\n<p>Pelas regras da audi\u00eancia, os interessados em apresentar contribui\u00e7\u00f5es orais ter\u00e3o que fazer uma inscri\u00e7\u00e3o via aplicativo de mensagem. A sess\u00e3o ser\u00e1 transmitida ao p\u00fablico no canal do YouTube da ag\u00eancia.<\/p>\n\n\n\n<p>As contribui\u00e7\u00f5es por escrito ao processo seguem abertas na p\u00e1gina da audi\u00eancia p\u00fablica no <a rel=\"noreferrer noopener\" href=\"http:\/\/portal.antaq.gov.br\/index.php\/aviso-de-audiencia-publica-no-19-2020-antaq\/\" target=\"_blank\" data-type=\"URL\" data-id=\"http:\/\/portal.antaq.gov.br\/index.php\/aviso-de-audiencia-publica-no-19-2020-antaq\/\">site da ANTAQ<\/a>, onde tamb\u00e9m est\u00e3o as propostas. Elas podem ser enviadas at\u00e9 10 de fevereiro.<\/p>\n\n\n\n<p>Pelos planos do Minist\u00e9rio da Infraestrutura, a Codesa, que administra os portos federais no Esp\u00edrito Santo, ser\u00e1 a primeira autoridade portu\u00e1ria p\u00fablica federal a passar para a iniciativa privada. <a rel=\"noreferrer noopener\" href=\"https:\/\/agenciainfra.com\/blog\/codesa-proposta-de-desestatizacao-preve-contribuicao-de-75-da-receita-bruta-e-livre-negociacao-de-precos\/\" data-type=\"URL\" data-id=\"https:\/\/agenciainfra.com\/blog\/codesa-proposta-de-desestatizacao-preve-contribuicao-de-75-da-receita-bruta-e-livre-negociacao-de-precos\/\" target=\"_blank\">Reportagem<\/a> da <strong>Ag\u00eancia iNFRA<\/strong> informou sobre as principais propostas para essa desestatiza\u00e7\u00e3o.<\/p>\n\n\n\n<p>O modelo ser\u00e1 a venda da companhia com a concess\u00e3o dos ativos p\u00fablicos geridos por ela, por um per\u00edodo de 35 anos. A desestatiza\u00e7\u00e3o da Codesa \u00e9 considerada a base para o processo em que o governo pretende passar \u00e0 iniciativa privada todas as suas estatais portu\u00e1rias nos pr\u00f3ximos anos.<\/p>\n","protected":false},"excerpt":{"rendered":"<p>da Ag\u00eancia iNFRA A sess\u00e3o telepresencial da audi\u00eancia p\u00fablica para a desestatiza\u00e7\u00e3o da Codesa (Companhia Docas do Esp\u00edrito Santo) ocorrer\u00e1 no dia 4 de fevereiro, a partir das 9h. A decis\u00e3o tomada pela ANTAQ (Ag\u00eancia Nacional de Transportes Aquavi\u00e1rios) foi publicada no Di\u00e1rio Oficial da Uni\u00e3o desta quarta-feira (27) e est\u00e1 dispon\u00edvel neste link. Pelas [&hellip;]<\/p>\n","protected":false},"author":9,"featured_media":6694,"comment_status":"closed","ping_status":"closed","sticky":false,"template":"","format":"standard","meta":{"_monsterinsights_skip_tracking":false,"_monsterinsights_sitenote_active":false,"_monsterinsights_sitenote_note":"","_monsterinsights_sitenote_category":0,"footnotes":""},"categories":[1,2052],"tags":[86,3020,1146,22,192,3075,775],"class_list":["post-6693","post","type-post","status-publish","format-standard","has-post-thumbnail","hentry","category-geral","category-infra-transicao","tag-antaq","tag-audiencia-publica","tag-codesa","tag-concessao","tag-desestatizacao","tag-espirito-santo","tag-ministerio-da-infraestrutura"],"yoast_head":"<!-- This site is optimized with the Yoast SEO Premium plugin v25.4 (Yoast SEO v26.0) - https:\/\/yoast.com\/wordpress\/plugins\/seo\/ -->\n<title>Audi\u00eancia p\u00fablica para desestatiza\u00e7\u00e3o da Codesa ser\u00e1 em 4 de fevereiro, decide ANTAQ - Ag\u00eancia iNFRA<\/title>\n<meta name=\"robots\" content=\"index, follow, max-snippet:-1, max-image-preview:large, max-video-preview:-1\" \/>\n<link rel=\"canonical\" href=\"https:\/\/agenciainfra.com\/blog\/audiencia-publica-para-desestatizacao-da-codesa-sera-em-4-de-fevereiro-decide-antaq\/\" \/>\n<meta property=\"og:locale\" content=\"pt_BR\" \/>\n<meta property=\"og:type\" content=\"article\" \/>\n<meta property=\"og:title\" content=\"Audi\u00eancia p\u00fablica para desestatiza\u00e7\u00e3o da Codesa ser\u00e1 em 4 de fevereiro, decide ANTAQ\" \/>\n<meta property=\"og:description\" content=\"da Ag\u00eancia iNFRA A sess\u00e3o telepresencial da audi\u00eancia p\u00fablica para a desestatiza\u00e7\u00e3o da Codesa (Companhia Docas do Esp\u00edrito Santo) ocorrer\u00e1 no dia 4 de fevereiro, a partir das 9h. A decis\u00e3o tomada pela ANTAQ (Ag\u00eancia Nacional de Transportes Aquavi\u00e1rios) foi publicada no Di\u00e1rio Oficial da Uni\u00e3o desta quarta-feira (27) e est\u00e1 dispon\u00edvel neste link. Pelas [&hellip;]\" \/>\n<meta property=\"og:url\" content=\"https:\/\/agenciainfra.com\/blog\/audiencia-publica-para-desestatizacao-da-codesa-sera-em-4-de-fevereiro-decide-antaq\/\" \/>\n<meta property=\"og:site_name\" content=\"Ag\u00eancia iNFRA\" \/>\n<meta property=\"article:publisher\" content=\"https:\/\/www.facebook.com\/ageninfra\" \/>\n<meta property=\"article:published_time\" content=\"2021-01-27T10:15:35+00:00\" \/>\n<meta property=\"article:modified_time\" content=\"2021-01-27T10:15:41+00:00\" \/>\n<meta property=\"og:image\" content=\"https:\/\/agenciainfra.com\/blog\/wp-content\/uploads\/2021\/01\/codesa-foto-divulgacao.jpg\" \/>\n\t<meta property=\"og:image:width\" content=\"1280\" \/>\n\t<meta property=\"og:image:height\" content=\"855\" \/>\n\t<meta property=\"og:image:type\" content=\"image\/jpeg\" \/>\n<meta name=\"author\" content=\"Rodrigo Zuquim\" \/>\n<meta name=\"twitter:card\" content=\"summary_large_image\" \/>\n<meta name=\"twitter:creator\" content=\"@agencia_infra\" \/>\n<meta name=\"twitter:site\" content=\"@agencia_infra\" \/>\n<meta name=\"twitter:label1\" content=\"Escrito por\" \/>\n\t<meta name=\"twitter:data1\" content=\"Rodrigo Zuquim\" \/>\n\t<meta name=\"twitter:label2\" content=\"Est. tempo de leitura\" \/>\n\t<meta name=\"twitter:data2\" content=\"1 minuto\" \/>\n<script type=\"application\/ld+json\" class=\"yoast-schema-graph\">{\"@context\":\"https:\/\/schema.org\",\"@graph\":[{\"@type\":\"Article\",\"@id\":\"https:\/\/agenciainfra.com\/blog\/audiencia-publica-para-desestatizacao-da-codesa-sera-em-4-de-fevereiro-decide-antaq\/#article\",\"isPartOf\":{\"@id\":\"https:\/\/agenciainfra.com\/blog\/audiencia-publica-para-desestatizacao-da-codesa-sera-em-4-de-fevereiro-decide-antaq\/\"},\"author\":{\"name\":\"Rodrigo Zuquim\",\"@id\":\"https:\/\/agenciainfra.com\/blog\/#\/schema\/person\/04dbb79bd6d8951f063da71f3e4c1eb1\"},\"headline\":\"Audi\u00eancia p\u00fablica para desestatiza\u00e7\u00e3o da Codesa ser\u00e1 em 4 de fevereiro, decide ANTAQ\",\"datePublished\":\"2021-01-27T10:15:35+00:00\",\"dateModified\":\"2021-01-27T10:15:41+00:00\",\"mainEntityOfPage\":{\"@id\":\"https:\/\/agenciainfra.com\/blog\/audiencia-publica-para-desestatizacao-da-codesa-sera-em-4-de-fevereiro-decide-antaq\/\"},\"wordCount\":252,\"publisher\":{\"@id\":\"https:\/\/agenciainfra.com\/blog\/#organization\"},\"image\":{\"@id\":\"https:\/\/agenciainfra.com\/blog\/audiencia-publica-para-desestatizacao-da-codesa-sera-em-4-de-fevereiro-decide-antaq\/#primaryimage\"},\"thumbnailUrl\":\"https:\/\/agenciainfra.com\/blog\/wp-content\/uploads\/2021\/01\/codesa-foto-divulgacao.jpg\",\"keywords\":[\"ANTAQ\",\"audi\u00eancia p\u00fablica\",\"Codesa\",\"Concess\u00e3o\",\"desestatiza\u00e7\u00e3o\",\"Esp\u00edrito Santo\",\"Minist\u00e9rio da Infraestrutura\"],\"articleSection\":[\"Geral\",\"iNFRA Na Transi\u00e7\u00e3o\"],\"inLanguage\":\"pt-BR\",\"copyrightYear\":\"2021\",\"copyrightHolder\":{\"@id\":\"https:\/\/agenciainfra.com\/blog\/#organization\"}},{\"@type\":\"WebPage\",\"@id\":\"https:\/\/agenciainfra.com\/blog\/audiencia-publica-para-desestatizacao-da-codesa-sera-em-4-de-fevereiro-decide-antaq\/\",\"url\":\"https:\/\/agenciainfra.com\/blog\/audiencia-publica-para-desestatizacao-da-codesa-sera-em-4-de-fevereiro-decide-antaq\/\",\"name\":\"Audi\u00eancia p\u00fablica para desestatiza\u00e7\u00e3o da Codesa ser\u00e1 em 4 de fevereiro, decide ANTAQ - Ag\u00eancia iNFRA\",\"isPartOf\":{\"@id\":\"https:\/\/agenciainfra.com\/blog\/#website\"},\"primaryImageOfPage\":{\"@id\":\"https:\/\/agenciainfra.com\/blog\/audiencia-publica-para-desestatizacao-da-codesa-sera-em-4-de-fevereiro-decide-antaq\/#primaryimage\"},\"image\":{\"@id\":\"https:\/\/agenciainfra.com\/blog\/audiencia-publica-para-desestatizacao-da-codesa-sera-em-4-de-fevereiro-decide-antaq\/#primaryimage\"},\"thumbnailUrl\":\"https:\/\/agenciainfra.com\/blog\/wp-content\/uploads\/2021\/01\/codesa-foto-divulgacao.jpg\",\"datePublished\":\"2021-01-27T10:15:35+00:00\",\"dateModified\":\"2021-01-27T10:15:41+00:00\",\"breadcrumb\":{\"@id\":\"https:\/\/agenciainfra.com\/blog\/audiencia-publica-para-desestatizacao-da-codesa-sera-em-4-de-fevereiro-decide-antaq\/#breadcrumb\"},\"inLanguage\":\"pt-BR\",\"potentialAction\":[{\"@type\":\"ReadAction\",\"target\":[\"https:\/\/agenciainfra.com\/blog\/audiencia-publica-para-desestatizacao-da-codesa-sera-em-4-de-fevereiro-decide-antaq\/\"]}]},{\"@type\":\"ImageObject\",\"inLanguage\":\"pt-BR\",\"@id\":\"https:\/\/agenciainfra.com\/blog\/audiencia-publica-para-desestatizacao-da-codesa-sera-em-4-de-fevereiro-decide-antaq\/#primaryimage\",\"url\":\"https:\/\/agenciainfra.com\/blog\/wp-content\/uploads\/2021\/01\/codesa-foto-divulgacao.jpg\",\"contentUrl\":\"https:\/\/agenciainfra.com\/blog\/wp-content\/uploads\/2021\/01\/codesa-foto-divulgacao.jpg\",\"width\":1280,\"height\":855},{\"@type\":\"BreadcrumbList\",\"@id\":\"https:\/\/agenciainfra.com\/blog\/audiencia-publica-para-desestatizacao-da-codesa-sera-em-4-de-fevereiro-decide-antaq\/#breadcrumb\",\"itemListElement\":[{\"@type\":\"ListItem\",\"position\":1,\"name\":\"In\u00edcio\",\"item\":\"https:\/\/agenciainfra.com\/blog\/\"},{\"@type\":\"ListItem\",\"position\":2,\"name\":\"Audi\u00eancia p\u00fablica para desestatiza\u00e7\u00e3o da Codesa ser\u00e1 em 4 de fevereiro, decide ANTAQ\"}]},{\"@type\":\"WebSite\",\"@id\":\"https:\/\/agenciainfra.com\/blog\/#website\",\"url\":\"https:\/\/agenciainfra.com\/blog\/\",\"name\":\"Ag\u00eancia iNFRA\",\"description\":\"Multiplataforma de informa\u00e7\u00e3o jornal\u00edstica refer\u00eancia na \u00e1rea de infraestrutura no Brasil!\",\"publisher\":{\"@id\":\"https:\/\/agenciainfra.com\/blog\/#organization\"},\"potentialAction\":[{\"@type\":\"SearchAction\",\"target\":{\"@type\":\"EntryPoint\",\"urlTemplate\":\"https:\/\/agenciainfra.com\/blog\/?s={search_term_string}\"},\"query-input\":{\"@type\":\"PropertyValueSpecification\",\"valueRequired\":true,\"valueName\":\"search_term_string\"}}],\"inLanguage\":\"pt-BR\"},{\"@type\":\"Organization\",\"@id\":\"https:\/\/agenciainfra.com\/blog\/#organization\",\"name\":\"Ag\u00eancia iNFRA\",\"url\":\"https:\/\/agenciainfra.com\/blog\/\",\"logo\":{\"@type\":\"ImageObject\",\"inLanguage\":\"pt-BR\",\"@id\":\"https:\/\/agenciainfra.com\/blog\/#\/schema\/logo\/image\/\",\"url\":\"https:\/\/agenciainfra.com\/blog\/wp-content\/uploads\/2023\/09\/iNFRA_5-e1761735885940.png\",\"contentUrl\":\"https:\/\/agenciainfra.com\/blog\/wp-content\/uploads\/2023\/09\/iNFRA_5-e1761735885940.png\",\"width\":1672,\"height\":454,\"caption\":\"Ag\u00eancia iNFRA\"},\"image\":{\"@id\":\"https:\/\/agenciainfra.com\/blog\/#\/schema\/logo\/image\/\"},\"sameAs\":[\"https:\/\/www.facebook.com\/ageninfra\",\"https:\/\/x.com\/agencia_infra\",\"https:\/\/www.linkedin.com\/company\/ag\u00eanciainfra\/\",\"https:\/\/www.instagram.com\/agenciainfra\/\"]},{\"@type\":\"Person\",\"@id\":\"https:\/\/agenciainfra.com\/blog\/#\/schema\/person\/04dbb79bd6d8951f063da71f3e4c1eb1\",\"name\":\"Rodrigo Zuquim\",\"image\":{\"@type\":\"ImageObject\",\"inLanguage\":\"pt-BR\",\"@id\":\"https:\/\/agenciainfra.com\/blog\/#\/schema\/person\/image\/\",\"url\":\"https:\/\/secure.gravatar.com\/avatar\/594abfe82761d620726242ff34ca472a705a4b97f16c790053a6b4c4035274d0?s=96&d=mm&r=g\",\"contentUrl\":\"https:\/\/secure.gravatar.com\/avatar\/594abfe82761d620726242ff34ca472a705a4b97f16c790053a6b4c4035274d0?s=96&d=mm&r=g\",\"caption\":\"Rodrigo Zuquim\"},\"url\":\"https:\/\/agenciainfra.com\/blog\/author\/rodrigo-zuquim\/\"}]}<\/script>\n<!-- \/ Yoast SEO Premium plugin. -->","yoast_head_json":{"title":"Audi\u00eancia p\u00fablica para desestatiza\u00e7\u00e3o da Codesa ser\u00e1 em 4 de fevereiro, decide ANTAQ - Ag\u00eancia iNFRA","robots":{"index":"index","follow":"follow","max-snippet":"max-snippet:-1","max-image-preview":"max-image-preview:large","max-video-preview":"max-video-preview:-1"},"canonical":"https:\/\/agenciainfra.com\/blog\/audiencia-publica-para-desestatizacao-da-codesa-sera-em-4-de-fevereiro-decide-antaq\/","og_locale":"pt_BR","og_type":"article","og_title":"Audi\u00eancia p\u00fablica para desestatiza\u00e7\u00e3o da Codesa ser\u00e1 em 4 de fevereiro, decide ANTAQ","og_description":"da Ag\u00eancia iNFRA A sess\u00e3o telepresencial da audi\u00eancia p\u00fablica para a desestatiza\u00e7\u00e3o da Codesa (Companhia Docas do Esp\u00edrito Santo) ocorrer\u00e1 no dia 4 de fevereiro, a partir das 9h. A decis\u00e3o tomada pela ANTAQ (Ag\u00eancia Nacional de Transportes Aquavi\u00e1rios) foi publicada no Di\u00e1rio Oficial da Uni\u00e3o desta quarta-feira (27) e est\u00e1 dispon\u00edvel neste link. Pelas [&hellip;]","og_url":"https:\/\/agenciainfra.com\/blog\/audiencia-publica-para-desestatizacao-da-codesa-sera-em-4-de-fevereiro-decide-antaq\/","og_site_name":"Ag\u00eancia iNFRA","article_publisher":"https:\/\/www.facebook.com\/ageninfra","article_published_time":"2021-01-27T10:15:35+00:00","article_modified_time":"2021-01-27T10:15:41+00:00","og_image":[{"width":1280,"height":855,"url":"https:\/\/agenciainfra.com\/blog\/wp-content\/uploads\/2021\/01\/codesa-foto-divulgacao.jpg","type":"image\/jpeg"}],"author":"Rodrigo Zuquim","twitter_card":"summary_large_image","twitter_creator":"@agencia_infra","twitter_site":"@agencia_infra","twitter_misc":{"Escrito por":"Rodrigo Zuquim","Est. tempo de leitura":"1 minuto"},"schema":{"@context":"https:\/\/schema.org","@graph":[{"@type":"Article","@id":"https:\/\/agenciainfra.com\/blog\/audiencia-publica-para-desestatizacao-da-codesa-sera-em-4-de-fevereiro-decide-antaq\/#article","isPartOf":{"@id":"https:\/\/agenciainfra.com\/blog\/audiencia-publica-para-desestatizacao-da-codesa-sera-em-4-de-fevereiro-decide-antaq\/"},"author":{"name":"Rodrigo Zuquim","@id":"https:\/\/agenciainfra.com\/blog\/#\/schema\/person\/04dbb79bd6d8951f063da71f3e4c1eb1"},"headline":"Audi\u00eancia p\u00fablica para desestatiza\u00e7\u00e3o da Codesa ser\u00e1 em 4 de fevereiro, decide ANTAQ","datePublished":"2021-01-27T10:15:35+00:00","dateModified":"2021-01-27T10:15:41+00:00","mainEntityOfPage":{"@id":"https:\/\/agenciainfra.com\/blog\/audiencia-publica-para-desestatizacao-da-codesa-sera-em-4-de-fevereiro-decide-antaq\/"},"wordCount":252,"publisher":{"@id":"https:\/\/agenciainfra.com\/blog\/#organization"},"image":{"@id":"https:\/\/agenciainfra.com\/blog\/audiencia-publica-para-desestatizacao-da-codesa-sera-em-4-de-fevereiro-decide-antaq\/#primaryimage"},"thumbnailUrl":"https:\/\/agenciainfra.com\/blog\/wp-content\/uploads\/2021\/01\/codesa-foto-divulgacao.jpg","keywords":["ANTAQ","audi\u00eancia p\u00fablica","Codesa","Concess\u00e3o","desestatiza\u00e7\u00e3o","Esp\u00edrito Santo","Minist\u00e9rio da Infraestrutura"],"articleSection":["Geral","iNFRA Na Transi\u00e7\u00e3o"],"inLanguage":"pt-BR","copyrightYear":"2021","copyrightHolder":{"@id":"https:\/\/agenciainfra.com\/blog\/#organization"}},{"@type":"WebPage","@id":"https:\/\/agenciainfra.com\/blog\/audiencia-publica-para-desestatizacao-da-codesa-sera-em-4-de-fevereiro-decide-antaq\/","url":"https:\/\/agenciainfra.com\/blog\/audiencia-publica-para-desestatizacao-da-codesa-sera-em-4-de-fevereiro-decide-antaq\/","name":"Audi\u00eancia p\u00fablica para desestatiza\u00e7\u00e3o da Codesa ser\u00e1 em 4 de fevereiro, decide ANTAQ - Ag\u00eancia iNFRA","isPartOf":{"@id":"https:\/\/agenciainfra.com\/blog\/#website"},"primaryImageOfPage":{"@id":"https:\/\/agenciainfra.com\/blog\/audiencia-publica-para-desestatizacao-da-codesa-sera-em-4-de-fevereiro-decide-antaq\/#primaryimage"},"image":{"@id":"https:\/\/agenciainfra.com\/blog\/audiencia-publica-para-desestatizacao-da-codesa-sera-em-4-de-fevereiro-decide-antaq\/#primaryimage"},"thumbnailUrl":"https:\/\/agenciainfra.com\/blog\/wp-content\/uploads\/2021\/01\/codesa-foto-divulgacao.jpg","datePublished":"2021-01-27T10:15:35+00:00","dateModified":"2021-01-27T10:15:41+00:00","breadcrumb":{"@id":"https:\/\/agenciainfra.com\/blog\/audiencia-publica-para-desestatizacao-da-codesa-sera-em-4-de-fevereiro-decide-antaq\/#breadcrumb"},"inLanguage":"pt-BR","potentialAction":[{"@type":"ReadAction","target":["https:\/\/agenciainfra.com\/blog\/audiencia-publica-para-desestatizacao-da-codesa-sera-em-4-de-fevereiro-decide-antaq\/"]}]},{"@type":"ImageObject","inLanguage":"pt-BR","@id":"https:\/\/agenciainfra.com\/blog\/audiencia-publica-para-desestatizacao-da-codesa-sera-em-4-de-fevereiro-decide-antaq\/#primaryimage","url":"https:\/\/agenciainfra.com\/blog\/wp-content\/uploads\/2021\/01\/codesa-foto-divulgacao.jpg","contentUrl":"https:\/\/agenciainfra.com\/blog\/wp-content\/uploads\/2021\/01\/codesa-foto-divulgacao.jpg","width":1280,"height":855},{"@type":"BreadcrumbList","@id":"https:\/\/agenciainfra.com\/blog\/audiencia-publica-para-desestatizacao-da-codesa-sera-em-4-de-fevereiro-decide-antaq\/#breadcrumb","itemListElement":[{"@type":"ListItem","position":1,"name":"In\u00edcio","item":"https:\/\/agenciainfra.com\/blog\/"},{"@type":"ListItem","position":2,"name":"Audi\u00eancia p\u00fablica para desestatiza\u00e7\u00e3o da Codesa ser\u00e1 em 4 de fevereiro, decide ANTAQ"}]},{"@type":"WebSite","@id":"https:\/\/agenciainfra.com\/blog\/#website","url":"https:\/\/agenciainfra.com\/blog\/","name":"Ag\u00eancia iNFRA","description":"Multiplataforma de informa\u00e7\u00e3o jornal\u00edstica refer\u00eancia na \u00e1rea de infraestrutura no Brasil!","publisher":{"@id":"https:\/\/agenciainfra.com\/blog\/#organization"},"potentialAction":[{"@type":"SearchAction","target":{"@type":"EntryPoint","urlTemplate":"https:\/\/agenciainfra.com\/blog\/?s={search_term_string}"},"query-input":{"@type":"PropertyValueSpecification","valueRequired":true,"valueName":"search_term_string"}}],"inLanguage":"pt-BR"},{"@type":"Organization","@id":"https:\/\/agenciainfra.com\/blog\/#organization","name":"Ag\u00eancia iNFRA","url":"https:\/\/agenciainfra.com\/blog\/","logo":{"@type":"ImageObject","inLanguage":"pt-BR","@id":"https:\/\/agenciainfra.com\/blog\/#\/schema\/logo\/image\/","url":"https:\/\/agenciainfra.com\/blog\/wp-content\/uploads\/2023\/09\/iNFRA_5-e1761735885940.png","contentUrl":"https:\/\/agenciainfra.com\/blog\/wp-content\/uploads\/2023\/09\/iNFRA_5-e1761735885940.png","width":1672,"height":454,"caption":"Ag\u00eancia iNFRA"},"image":{"@id":"https:\/\/agenciainfra.com\/blog\/#\/schema\/logo\/image\/"},"sameAs":["https:\/\/www.facebook.com\/ageninfra","https:\/\/x.com\/agencia_infra","https:\/\/www.linkedin.com\/company\/ag\u00eanciainfra\/","https:\/\/www.instagram.com\/agenciainfra\/"]},{"@type":"Person","@id":"https:\/\/agenciainfra.com\/blog\/#\/schema\/person\/04dbb79bd6d8951f063da71f3e4c1eb1","name":"Rodrigo Zuquim","image":{"@type":"ImageObject","inLanguage":"pt-BR","@id":"https:\/\/agenciainfra.com\/blog\/#\/schema\/person\/image\/","url":"https:\/\/secure.gravatar.com\/avatar\/594abfe82761d620726242ff34ca472a705a4b97f16c790053a6b4c4035274d0?s=96&d=mm&r=g","contentUrl":"https:\/\/secure.gravatar.com\/avatar\/594abfe82761d620726242ff34ca472a705a4b97f16c790053a6b4c4035274d0?s=96&d=mm&r=g","caption":"Rodrigo Zuquim"},"url":"https:\/\/agenciainfra.com\/blog\/author\/rodrigo-zuquim\/"}]}},"_links":{"self":[{"href":"https:\/\/agenciainfra.com\/blog\/wp-json\/wp\/v2\/posts\/6693","targetHints":{"allow":["GET"]}}],"collection":[{"href":"https:\/\/agenciainfra.com\/blog\/wp-json\/wp\/v2\/posts"}],"about":[{"href":"https:\/\/agenciainfra.com\/blog\/wp-json\/wp\/v2\/types\/post"}],"author":[{"embeddable":true,"href":"https:\/\/agenciainfra.com\/blog\/wp-json\/wp\/v2\/users\/9"}],"replies":[{"embeddable":true,"href":"https:\/\/agenciainfra.com\/blog\/wp-json\/wp\/v2\/comments?post=6693"}],"version-history":[{"count":0,"href":"https:\/\/agenciainfra.com\/blog\/wp-json\/wp\/v2\/posts\/6693\/revisions"}],"wp:featuredmedia":[{"embeddable":true,"href":"https:\/\/agenciainfra.com\/blog\/wp-json\/wp\/v2\/media\/6694"}],"wp:attachment":[{"href":"https:\/\/agenciainfra.com\/blog\/wp-json\/wp\/v2\/media?parent=6693"}],"wp:term":[{"taxonomy":"category","embeddable":true,"href":"https:\/\/agenciainfra.com\/blog\/wp-json\/wp\/v2\/categories?post=6693"},{"taxonomy":"post_tag","embeddable":true,"href":"https:\/\/agenciainfra.com\/blog\/wp-json\/wp\/v2\/tags?post=6693"}],"curies":[{"name":"wp","href":"https:\/\/api.w.org\/{rel}","templated":true}]}}