{"id":6703,"date":"2021-01-29T08:00:00","date_gmt":"2021-01-29T11:00:00","guid":{"rendered":"https:\/\/www.agenciainfra.com\/blog\/?p=6703"},"modified":"2021-01-28T11:05:28","modified_gmt":"2021-01-28T14:05:28","slug":"ma-articulacao-politica-do-governo-e-entrave-a-capitalizacao-da-eletrobras-dizem-parlamentares","status":"publish","type":"post","link":"https:\/\/agenciainfra.com\/blog\/ma-articulacao-politica-do-governo-e-entrave-a-capitalizacao-da-eletrobras-dizem-parlamentares\/","title":{"rendered":"M\u00e1 articula\u00e7\u00e3o pol\u00edtica do governo \u00e9 entrave \u00e0 capitaliza\u00e7\u00e3o da Eletrobras, dizem parlamentares"},"content":{"rendered":"\n<hr class=\"wp-block-separator\"\/>\n\n\n\n<p class=\"has-text-align-right\"><strong>&nbsp; Nestor Rabello e Leila Coimbra, da Ag\u00eancia iNFRA<\/strong><\/p>\n\n\n\n<p>A substitui\u00e7\u00e3o do presidente da Eletrobras, Wilson Ferreira Jr., no comando da companhia n\u00e3o deve influenciar a tramita\u00e7\u00e3o do projeto de capitaliza\u00e7\u00e3o da empresa no Congresso. Para parlamentares e fontes pr\u00f3ximas do assunto, os entraves pol\u00edticos \u00e0 mat\u00e9ria ainda s\u00e3o grandes e nem mesmo o governo tem priorizado o tema dentro de sua agenda.\u00a0<br><br>Entre os congressistas, o humor em rela\u00e7\u00e3o \u00e0 privatiza\u00e7\u00e3o da Eletrobras continua desfavor\u00e1vel, tanto na C\u00e2mara dos Deputados quanto no Senado. As falhas na articula\u00e7\u00e3o do governo contribuem para piorar as perspectivas sobre a\u00a0capitaliza\u00e7\u00e3o da companhia.<br><br>Na vis\u00e3o do l\u00edder do PSDB no Senado, Izalci Lucas (DF), al\u00e9m de se tratar de um projeto que n\u00e3o \u00e9 consensual, o Parlamento deve priorizar outras mat\u00e9rias, como o pacto federativo, em vez da privatiza\u00e7\u00e3o da companhia.<br><br>\u201cEu vejo muita dificuldade neste momento, em fun\u00e7\u00e3o at\u00e9 dos apag\u00f5es recentes e uma preocupa\u00e7\u00e3o com a Eletronorte. N\u00e3o sei se a privatiza\u00e7\u00e3o ser\u00e1 colocada como prioridade. O governo tinha que sinalizar algo para o Congresso [sobre a mat\u00e9ria], mas haver\u00e1 muita resist\u00eancia\u201d, disse \u00e0\u00a0<strong>Ag\u00eancia iNFRA<\/strong>.<br><br>Avalia\u00e7\u00e3o similar tem o deputado Lafayette de Andrada (Republicanos-MG), que ressalta o cen\u00e1rio desfavor\u00e1vel para o projeto e cita que a articula\u00e7\u00e3o do governo \u00e0 mat\u00e9ria tem deixado a desejar. Para ele, os problemas na tramita\u00e7\u00e3o do projeto s\u00e3o pol\u00edticos, e n\u00e3o administrativos.<br><br>\u201cFaltou ao governo e \u00e0 pr\u00f3pria Eletrobras conversar mais com os deputados e expor a necessidade de privatiza\u00e7\u00e3o dentro do quadro atual. N\u00e3o vi uma articula\u00e7\u00e3o eficiente do governo nesse sentido\u201d, aponta. \u201cEle [Ferreira Jr.] entrou para organizar a empresa para a privatiza\u00e7\u00e3o. O problema foi muito mais pol\u00edtico do que administrativo\u201d, acrescenta.\u00a0<br><br>Para fontes que acompanham o assunto de perto, as elei\u00e7\u00f5es para a presid\u00eancia das Mesas Diretoras, mesmo que favor\u00e1veis ao governo, tamb\u00e9m n\u00e3o garantem que o tema ganhe prioridade no Legislativo em 2021.\u00a0<br><br><strong>Resist\u00eancia estrutural<\/strong><br>Sem enxergar perspectivas para o projeto, Ferreira Jr. decidiu renunciar \u00e0 presid\u00eancia da Eletrobras, citando falta de apoio no Legislativo. Mas, segundo fontes pr\u00f3ximas do assunto, o governo ter\u00e1 de ampliar seus esfor\u00e7os no Congresso\u00a0caso queira ver a mat\u00e9ria aprovada.\u00a0<br><br>Nessa linha, o deputado F\u00e1bio Ramalho (MDB-MG), que concorre \u00e0 presid\u00eancia da C\u00e2mara em candidatura avulsa, refor\u00e7ou que as resist\u00eancias pol\u00edticas ao projeto s\u00e3o estruturais, o que explica a ren\u00fancia do executivo \u00e0 frente da estatal, em sua avalia\u00e7\u00e3o.<br><br>\u201cEu acho que \u00e9 muito dif\u00edcil voc\u00ea fazer a privatiza\u00e7\u00e3o da Eletrobras. A bancada de Minas Gerais \u00e9 contr\u00e1ria, a bancada do Nordeste \u00e9 quase toda contra, e depois ainda tem os outros estados. \u00c9 muito dif\u00edcil e acho que ele [Ferreira Jr.] sentiu que n\u00e3o tinha jeito\u201d, apontou.<br><br>O projeto de capitaliza\u00e7\u00e3o da Eletrobras chegou \u00e0 C\u00e2mara em novembro de 2019. Desde ent\u00e3o, ela est\u00e1 empacada \u2013 sem relatoria e comiss\u00e3o especial para discuti-la. Mesmo assim, os\u00a0minist\u00e9rios de Minas e Energia e da Economia v\u00eam refor\u00e7ando o compromisso com a proposta e afirmam que ela tem condi\u00e7\u00f5es de ser aprovada ainda em 2021.<br><br><strong>Privatiza\u00e7\u00f5es<\/strong><br>Em meio \u00e0 ren\u00fancia de Ferreira Jr., o presidente da C\u00e2mara, Rodrigo Maia (DEM-RJ), rejeitou a responsabiliza\u00e7\u00e3o do Congresso em rela\u00e7\u00e3o \u00e0s dificuldades de tramita\u00e7\u00e3o da capitaliza\u00e7\u00e3o da companhia. Ele\u00a0atribuiu essa demora ao\u00a0que considera ser uma\u00a0falta de prioridade do governo em rela\u00e7\u00e3o \u00e0 agenda de privatiza\u00e7\u00f5es.<br><br>&#8220;O governo abriu m\u00e3o das privatiza\u00e7\u00f5es, por mais que tentem colocar a culpa na C\u00e2mara ou no Senado. O presidente Bolsonaro nunca tratou de nenhuma privatiza\u00e7\u00e3o conosco [&#8230;] A \u00fanica que est\u00e1 aqui \u00e9 a da Eletrobras e sempre soubemos que t\u00ednhamos um problema grande no Senado&#8221;, disse Maia, em entrevista na \u00faltima segunda-feira (25).<\/p>\n","protected":false},"excerpt":{"rendered":"<p>&nbsp; Nestor Rabello e Leila Coimbra, da Ag\u00eancia iNFRA A substitui\u00e7\u00e3o do presidente da Eletrobras, Wilson Ferreira Jr., no comando da companhia n\u00e3o deve influenciar a tramita\u00e7\u00e3o do projeto de capitaliza\u00e7\u00e3o da empresa no Congresso. Para parlamentares e fontes pr\u00f3ximas do assunto, os entraves pol\u00edticos \u00e0 mat\u00e9ria ainda s\u00e3o grandes e nem mesmo o governo [&hellip;]<\/p>\n","protected":false},"author":9,"featured_media":6704,"comment_status":"closed","ping_status":"closed","sticky":false,"template":"","format":"standard","meta":{"_monsterinsights_skip_tracking":false,"_monsterinsights_sitenote_active":false,"_monsterinsights_sitenote_note":"","_monsterinsights_sitenote_category":0,"footnotes":""},"categories":[1,10],"tags":[305,1430,779,50,1229,3428,3272,1380,766,96,51,39,123,2001],"class_list":["post-6703","post","type-post","status-publish","format-standard","has-post-thumbnail","hentry","category-geral","category-infraenergia","tag-camara-dos-deputados","tag-capitalizacao","tag-congresso-nacional","tag-eletrobras","tag-eletronorte","tag-fabio-ramalho","tag-izalci-lucas","tag-lafayette-de-andrada","tag-ministerio-da-economia","tag-ministerio-de-minas-e-energia","tag-privatizacao","tag-rodrigo-maia","tag-senado","tag-wilson-ferreira-jr"],"yoast_head":"<!-- This site is optimized with the Yoast SEO Premium plugin v25.4 (Yoast SEO v26.0) - https:\/\/yoast.com\/wordpress\/plugins\/seo\/ -->\n<title>M\u00e1 articula\u00e7\u00e3o pol\u00edtica do governo \u00e9 entrave \u00e0 capitaliza\u00e7\u00e3o da Eletrobras, dizem parlamentares - Ag\u00eancia iNFRA<\/title>\n<meta name=\"robots\" content=\"index, follow, max-snippet:-1, max-image-preview:large, max-video-preview:-1\" \/>\n<link rel=\"canonical\" href=\"https:\/\/agenciainfra.com\/blog\/ma-articulacao-politica-do-governo-e-entrave-a-capitalizacao-da-eletrobras-dizem-parlamentares\/\" \/>\n<meta property=\"og:locale\" content=\"pt_BR\" \/>\n<meta property=\"og:type\" content=\"article\" \/>\n<meta property=\"og:title\" content=\"M\u00e1 articula\u00e7\u00e3o pol\u00edtica do governo \u00e9 entrave \u00e0 capitaliza\u00e7\u00e3o da Eletrobras, dizem parlamentares\" \/>\n<meta property=\"og:description\" content=\"&nbsp; Nestor Rabello e Leila Coimbra, da Ag\u00eancia iNFRA A substitui\u00e7\u00e3o do presidente da Eletrobras, Wilson Ferreira Jr., no comando da companhia n\u00e3o deve influenciar a tramita\u00e7\u00e3o do projeto de capitaliza\u00e7\u00e3o da empresa no Congresso. Para parlamentares e fontes pr\u00f3ximas do assunto, os entraves pol\u00edticos \u00e0 mat\u00e9ria ainda s\u00e3o grandes e nem mesmo o governo [&hellip;]\" \/>\n<meta property=\"og:url\" content=\"https:\/\/agenciainfra.com\/blog\/ma-articulacao-politica-do-governo-e-entrave-a-capitalizacao-da-eletrobras-dizem-parlamentares\/\" \/>\n<meta property=\"og:site_name\" content=\"Ag\u00eancia iNFRA\" \/>\n<meta property=\"article:publisher\" content=\"https:\/\/www.facebook.com\/ageninfra\" \/>\n<meta property=\"article:published_time\" content=\"2021-01-29T11:00:00+00:00\" \/>\n<meta property=\"og:image\" content=\"https:\/\/agenciainfra.com\/blog\/wp-content\/uploads\/2021\/01\/congresso-nacional-foto-jonas-pereira-agencia-senado.jpg\" \/>\n\t<meta property=\"og:image:width\" content=\"1280\" \/>\n\t<meta property=\"og:image:height\" content=\"852\" \/>\n\t<meta property=\"og:image:type\" content=\"image\/jpeg\" \/>\n<meta name=\"author\" content=\"Rodrigo Zuquim\" \/>\n<meta name=\"twitter:card\" content=\"summary_large_image\" \/>\n<meta name=\"twitter:creator\" content=\"@agencia_infra\" \/>\n<meta name=\"twitter:site\" content=\"@agencia_infra\" \/>\n<meta name=\"twitter:label1\" content=\"Escrito por\" \/>\n\t<meta name=\"twitter:data1\" content=\"Rodrigo Zuquim\" \/>\n\t<meta name=\"twitter:label2\" content=\"Est. tempo de leitura\" \/>\n\t<meta name=\"twitter:data2\" content=\"3 minutos\" \/>\n<script type=\"application\/ld+json\" class=\"yoast-schema-graph\">{\"@context\":\"https:\/\/schema.org\",\"@graph\":[{\"@type\":\"Article\",\"@id\":\"https:\/\/agenciainfra.com\/blog\/ma-articulacao-politica-do-governo-e-entrave-a-capitalizacao-da-eletrobras-dizem-parlamentares\/#article\",\"isPartOf\":{\"@id\":\"https:\/\/agenciainfra.com\/blog\/ma-articulacao-politica-do-governo-e-entrave-a-capitalizacao-da-eletrobras-dizem-parlamentares\/\"},\"author\":{\"name\":\"Rodrigo Zuquim\",\"@id\":\"https:\/\/agenciainfra.com\/blog\/#\/schema\/person\/04dbb79bd6d8951f063da71f3e4c1eb1\"},\"headline\":\"M\u00e1 articula\u00e7\u00e3o pol\u00edtica do governo \u00e9 entrave \u00e0 capitaliza\u00e7\u00e3o da Eletrobras, dizem parlamentares\",\"datePublished\":\"2021-01-29T11:00:00+00:00\",\"mainEntityOfPage\":{\"@id\":\"https:\/\/agenciainfra.com\/blog\/ma-articulacao-politica-do-governo-e-entrave-a-capitalizacao-da-eletrobras-dizem-parlamentares\/\"},\"wordCount\":687,\"publisher\":{\"@id\":\"https:\/\/agenciainfra.com\/blog\/#organization\"},\"image\":{\"@id\":\"https:\/\/agenciainfra.com\/blog\/ma-articulacao-politica-do-governo-e-entrave-a-capitalizacao-da-eletrobras-dizem-parlamentares\/#primaryimage\"},\"thumbnailUrl\":\"https:\/\/agenciainfra.com\/blog\/wp-content\/uploads\/2021\/01\/congresso-nacional-foto-jonas-pereira-agencia-senado-e1750849044286.jpg\",\"keywords\":[\"C\u00e2mara dos Deputados\",\"capitaliza\u00e7\u00e3o\",\"Congresso Nacional\",\"Eletrobras\",\"Eletronorte\",\"F\u00e1bio Ramalho\",\"Izalci Lucas\",\"Lafayette de Andrada\",\"Minist\u00e9rio da Economia\",\"Minist\u00e9rio de Minas e Energia\",\"Privatiza\u00e7\u00e3o\",\"Rodrigo Maia\",\"senado\",\"Wilson Ferreira Jr.\"],\"articleSection\":[\"Geral\",\"iNFRAEnergia\"],\"inLanguage\":\"pt-BR\",\"copyrightYear\":\"2021\",\"copyrightHolder\":{\"@id\":\"https:\/\/agenciainfra.com\/blog\/#organization\"}},{\"@type\":\"WebPage\",\"@id\":\"https:\/\/agenciainfra.com\/blog\/ma-articulacao-politica-do-governo-e-entrave-a-capitalizacao-da-eletrobras-dizem-parlamentares\/\",\"url\":\"https:\/\/agenciainfra.com\/blog\/ma-articulacao-politica-do-governo-e-entrave-a-capitalizacao-da-eletrobras-dizem-parlamentares\/\",\"name\":\"M\u00e1 articula\u00e7\u00e3o pol\u00edtica do governo \u00e9 entrave \u00e0 capitaliza\u00e7\u00e3o da Eletrobras, dizem parlamentares - Ag\u00eancia iNFRA\",\"isPartOf\":{\"@id\":\"https:\/\/agenciainfra.com\/blog\/#website\"},\"primaryImageOfPage\":{\"@id\":\"https:\/\/agenciainfra.com\/blog\/ma-articulacao-politica-do-governo-e-entrave-a-capitalizacao-da-eletrobras-dizem-parlamentares\/#primaryimage\"},\"image\":{\"@id\":\"https:\/\/agenciainfra.com\/blog\/ma-articulacao-politica-do-governo-e-entrave-a-capitalizacao-da-eletrobras-dizem-parlamentares\/#primaryimage\"},\"thumbnailUrl\":\"https:\/\/agenciainfra.com\/blog\/wp-content\/uploads\/2021\/01\/congresso-nacional-foto-jonas-pereira-agencia-senado-e1750849044286.jpg\",\"datePublished\":\"2021-01-29T11:00:00+00:00\",\"breadcrumb\":{\"@id\":\"https:\/\/agenciainfra.com\/blog\/ma-articulacao-politica-do-governo-e-entrave-a-capitalizacao-da-eletrobras-dizem-parlamentares\/#breadcrumb\"},\"inLanguage\":\"pt-BR\",\"potentialAction\":[{\"@type\":\"ReadAction\",\"target\":[\"https:\/\/agenciainfra.com\/blog\/ma-articulacao-politica-do-governo-e-entrave-a-capitalizacao-da-eletrobras-dizem-parlamentares\/\"]}]},{\"@type\":\"ImageObject\",\"inLanguage\":\"pt-BR\",\"@id\":\"https:\/\/agenciainfra.com\/blog\/ma-articulacao-politica-do-governo-e-entrave-a-capitalizacao-da-eletrobras-dizem-parlamentares\/#primaryimage\",\"url\":\"https:\/\/agenciainfra.com\/blog\/wp-content\/uploads\/2021\/01\/congresso-nacional-foto-jonas-pereira-agencia-senado-e1750849044286.jpg\",\"contentUrl\":\"https:\/\/agenciainfra.com\/blog\/wp-content\/uploads\/2021\/01\/congresso-nacional-foto-jonas-pereira-agencia-senado-e1750849044286.jpg\",\"width\":1280,\"height\":760,\"caption\":\"Foto: Jonas Pereira\/Ag\u00eancia Senado\"},{\"@type\":\"BreadcrumbList\",\"@id\":\"https:\/\/agenciainfra.com\/blog\/ma-articulacao-politica-do-governo-e-entrave-a-capitalizacao-da-eletrobras-dizem-parlamentares\/#breadcrumb\",\"itemListElement\":[{\"@type\":\"ListItem\",\"position\":1,\"name\":\"In\u00edcio\",\"item\":\"https:\/\/agenciainfra.com\/blog\/\"},{\"@type\":\"ListItem\",\"position\":2,\"name\":\"M\u00e1 articula\u00e7\u00e3o pol\u00edtica do governo \u00e9 entrave \u00e0 capitaliza\u00e7\u00e3o da Eletrobras, dizem parlamentares\"}]},{\"@type\":\"WebSite\",\"@id\":\"https:\/\/agenciainfra.com\/blog\/#website\",\"url\":\"https:\/\/agenciainfra.com\/blog\/\",\"name\":\"Ag\u00eancia iNFRA\",\"description\":\"Multiplataforma de informa\u00e7\u00e3o jornal\u00edstica refer\u00eancia na \u00e1rea de infraestrutura no Brasil!\",\"publisher\":{\"@id\":\"https:\/\/agenciainfra.com\/blog\/#organization\"},\"potentialAction\":[{\"@type\":\"SearchAction\",\"target\":{\"@type\":\"EntryPoint\",\"urlTemplate\":\"https:\/\/agenciainfra.com\/blog\/?s={search_term_string}\"},\"query-input\":{\"@type\":\"PropertyValueSpecification\",\"valueRequired\":true,\"valueName\":\"search_term_string\"}}],\"inLanguage\":\"pt-BR\"},{\"@type\":\"Organization\",\"@id\":\"https:\/\/agenciainfra.com\/blog\/#organization\",\"name\":\"Ag\u00eancia iNFRA\",\"url\":\"https:\/\/agenciainfra.com\/blog\/\",\"logo\":{\"@type\":\"ImageObject\",\"inLanguage\":\"pt-BR\",\"@id\":\"https:\/\/agenciainfra.com\/blog\/#\/schema\/logo\/image\/\",\"url\":\"https:\/\/agenciainfra.com\/blog\/wp-content\/uploads\/2023\/09\/iNFRA_5-e1761735885940.png\",\"contentUrl\":\"https:\/\/agenciainfra.com\/blog\/wp-content\/uploads\/2023\/09\/iNFRA_5-e1761735885940.png\",\"width\":1672,\"height\":454,\"caption\":\"Ag\u00eancia iNFRA\"},\"image\":{\"@id\":\"https:\/\/agenciainfra.com\/blog\/#\/schema\/logo\/image\/\"},\"sameAs\":[\"https:\/\/www.facebook.com\/ageninfra\",\"https:\/\/x.com\/agencia_infra\",\"https:\/\/www.linkedin.com\/company\/ag\u00eanciainfra\/\",\"https:\/\/www.instagram.com\/agenciainfra\/\"]},{\"@type\":\"Person\",\"@id\":\"https:\/\/agenciainfra.com\/blog\/#\/schema\/person\/04dbb79bd6d8951f063da71f3e4c1eb1\",\"name\":\"Rodrigo Zuquim\",\"image\":{\"@type\":\"ImageObject\",\"inLanguage\":\"pt-BR\",\"@id\":\"https:\/\/agenciainfra.com\/blog\/#\/schema\/person\/image\/\",\"url\":\"https:\/\/secure.gravatar.com\/avatar\/594abfe82761d620726242ff34ca472a705a4b97f16c790053a6b4c4035274d0?s=96&d=mm&r=g\",\"contentUrl\":\"https:\/\/secure.gravatar.com\/avatar\/594abfe82761d620726242ff34ca472a705a4b97f16c790053a6b4c4035274d0?s=96&d=mm&r=g\",\"caption\":\"Rodrigo Zuquim\"},\"url\":\"https:\/\/agenciainfra.com\/blog\/author\/rodrigo-zuquim\/\"}]}<\/script>\n<!-- \/ Yoast SEO Premium plugin. -->","yoast_head_json":{"title":"M\u00e1 articula\u00e7\u00e3o pol\u00edtica do governo \u00e9 entrave \u00e0 capitaliza\u00e7\u00e3o da Eletrobras, dizem parlamentares - Ag\u00eancia iNFRA","robots":{"index":"index","follow":"follow","max-snippet":"max-snippet:-1","max-image-preview":"max-image-preview:large","max-video-preview":"max-video-preview:-1"},"canonical":"https:\/\/agenciainfra.com\/blog\/ma-articulacao-politica-do-governo-e-entrave-a-capitalizacao-da-eletrobras-dizem-parlamentares\/","og_locale":"pt_BR","og_type":"article","og_title":"M\u00e1 articula\u00e7\u00e3o pol\u00edtica do governo \u00e9 entrave \u00e0 capitaliza\u00e7\u00e3o da Eletrobras, dizem parlamentares","og_description":"&nbsp; Nestor Rabello e Leila Coimbra, da Ag\u00eancia iNFRA A substitui\u00e7\u00e3o do presidente da Eletrobras, Wilson Ferreira Jr., no comando da companhia n\u00e3o deve influenciar a tramita\u00e7\u00e3o do projeto de capitaliza\u00e7\u00e3o da empresa no Congresso. Para parlamentares e fontes pr\u00f3ximas do assunto, os entraves pol\u00edticos \u00e0 mat\u00e9ria ainda s\u00e3o grandes e nem mesmo o governo [&hellip;]","og_url":"https:\/\/agenciainfra.com\/blog\/ma-articulacao-politica-do-governo-e-entrave-a-capitalizacao-da-eletrobras-dizem-parlamentares\/","og_site_name":"Ag\u00eancia iNFRA","article_publisher":"https:\/\/www.facebook.com\/ageninfra","article_published_time":"2021-01-29T11:00:00+00:00","og_image":[{"width":1280,"height":852,"url":"https:\/\/agenciainfra.com\/blog\/wp-content\/uploads\/2021\/01\/congresso-nacional-foto-jonas-pereira-agencia-senado.jpg","type":"image\/jpeg"}],"author":"Rodrigo Zuquim","twitter_card":"summary_large_image","twitter_creator":"@agencia_infra","twitter_site":"@agencia_infra","twitter_misc":{"Escrito por":"Rodrigo Zuquim","Est. tempo de leitura":"3 minutos"},"schema":{"@context":"https:\/\/schema.org","@graph":[{"@type":"Article","@id":"https:\/\/agenciainfra.com\/blog\/ma-articulacao-politica-do-governo-e-entrave-a-capitalizacao-da-eletrobras-dizem-parlamentares\/#article","isPartOf":{"@id":"https:\/\/agenciainfra.com\/blog\/ma-articulacao-politica-do-governo-e-entrave-a-capitalizacao-da-eletrobras-dizem-parlamentares\/"},"author":{"name":"Rodrigo Zuquim","@id":"https:\/\/agenciainfra.com\/blog\/#\/schema\/person\/04dbb79bd6d8951f063da71f3e4c1eb1"},"headline":"M\u00e1 articula\u00e7\u00e3o pol\u00edtica do governo \u00e9 entrave \u00e0 capitaliza\u00e7\u00e3o da Eletrobras, dizem parlamentares","datePublished":"2021-01-29T11:00:00+00:00","mainEntityOfPage":{"@id":"https:\/\/agenciainfra.com\/blog\/ma-articulacao-politica-do-governo-e-entrave-a-capitalizacao-da-eletrobras-dizem-parlamentares\/"},"wordCount":687,"publisher":{"@id":"https:\/\/agenciainfra.com\/blog\/#organization"},"image":{"@id":"https:\/\/agenciainfra.com\/blog\/ma-articulacao-politica-do-governo-e-entrave-a-capitalizacao-da-eletrobras-dizem-parlamentares\/#primaryimage"},"thumbnailUrl":"https:\/\/agenciainfra.com\/blog\/wp-content\/uploads\/2021\/01\/congresso-nacional-foto-jonas-pereira-agencia-senado-e1750849044286.jpg","keywords":["C\u00e2mara dos Deputados","capitaliza\u00e7\u00e3o","Congresso Nacional","Eletrobras","Eletronorte","F\u00e1bio Ramalho","Izalci Lucas","Lafayette de Andrada","Minist\u00e9rio da Economia","Minist\u00e9rio de Minas e Energia","Privatiza\u00e7\u00e3o","Rodrigo Maia","senado","Wilson Ferreira Jr."],"articleSection":["Geral","iNFRAEnergia"],"inLanguage":"pt-BR","copyrightYear":"2021","copyrightHolder":{"@id":"https:\/\/agenciainfra.com\/blog\/#organization"}},{"@type":"WebPage","@id":"https:\/\/agenciainfra.com\/blog\/ma-articulacao-politica-do-governo-e-entrave-a-capitalizacao-da-eletrobras-dizem-parlamentares\/","url":"https:\/\/agenciainfra.com\/blog\/ma-articulacao-politica-do-governo-e-entrave-a-capitalizacao-da-eletrobras-dizem-parlamentares\/","name":"M\u00e1 articula\u00e7\u00e3o pol\u00edtica do governo \u00e9 entrave \u00e0 capitaliza\u00e7\u00e3o da Eletrobras, dizem parlamentares - Ag\u00eancia iNFRA","isPartOf":{"@id":"https:\/\/agenciainfra.com\/blog\/#website"},"primaryImageOfPage":{"@id":"https:\/\/agenciainfra.com\/blog\/ma-articulacao-politica-do-governo-e-entrave-a-capitalizacao-da-eletrobras-dizem-parlamentares\/#primaryimage"},"image":{"@id":"https:\/\/agenciainfra.com\/blog\/ma-articulacao-politica-do-governo-e-entrave-a-capitalizacao-da-eletrobras-dizem-parlamentares\/#primaryimage"},"thumbnailUrl":"https:\/\/agenciainfra.com\/blog\/wp-content\/uploads\/2021\/01\/congresso-nacional-foto-jonas-pereira-agencia-senado-e1750849044286.jpg","datePublished":"2021-01-29T11:00:00+00:00","breadcrumb":{"@id":"https:\/\/agenciainfra.com\/blog\/ma-articulacao-politica-do-governo-e-entrave-a-capitalizacao-da-eletrobras-dizem-parlamentares\/#breadcrumb"},"inLanguage":"pt-BR","potentialAction":[{"@type":"ReadAction","target":["https:\/\/agenciainfra.com\/blog\/ma-articulacao-politica-do-governo-e-entrave-a-capitalizacao-da-eletrobras-dizem-parlamentares\/"]}]},{"@type":"ImageObject","inLanguage":"pt-BR","@id":"https:\/\/agenciainfra.com\/blog\/ma-articulacao-politica-do-governo-e-entrave-a-capitalizacao-da-eletrobras-dizem-parlamentares\/#primaryimage","url":"https:\/\/agenciainfra.com\/blog\/wp-content\/uploads\/2021\/01\/congresso-nacional-foto-jonas-pereira-agencia-senado-e1750849044286.jpg","contentUrl":"https:\/\/agenciainfra.com\/blog\/wp-content\/uploads\/2021\/01\/congresso-nacional-foto-jonas-pereira-agencia-senado-e1750849044286.jpg","width":1280,"height":760,"caption":"Foto: Jonas Pereira\/Ag\u00eancia Senado"},{"@type":"BreadcrumbList","@id":"https:\/\/agenciainfra.com\/blog\/ma-articulacao-politica-do-governo-e-entrave-a-capitalizacao-da-eletrobras-dizem-parlamentares\/#breadcrumb","itemListElement":[{"@type":"ListItem","position":1,"name":"In\u00edcio","item":"https:\/\/agenciainfra.com\/blog\/"},{"@type":"ListItem","position":2,"name":"M\u00e1 articula\u00e7\u00e3o pol\u00edtica do governo \u00e9 entrave \u00e0 capitaliza\u00e7\u00e3o da Eletrobras, dizem parlamentares"}]},{"@type":"WebSite","@id":"https:\/\/agenciainfra.com\/blog\/#website","url":"https:\/\/agenciainfra.com\/blog\/","name":"Ag\u00eancia iNFRA","description":"Multiplataforma de informa\u00e7\u00e3o jornal\u00edstica refer\u00eancia na \u00e1rea de infraestrutura no Brasil!","publisher":{"@id":"https:\/\/agenciainfra.com\/blog\/#organization"},"potentialAction":[{"@type":"SearchAction","target":{"@type":"EntryPoint","urlTemplate":"https:\/\/agenciainfra.com\/blog\/?s={search_term_string}"},"query-input":{"@type":"PropertyValueSpecification","valueRequired":true,"valueName":"search_term_string"}}],"inLanguage":"pt-BR"},{"@type":"Organization","@id":"https:\/\/agenciainfra.com\/blog\/#organization","name":"Ag\u00eancia iNFRA","url":"https:\/\/agenciainfra.com\/blog\/","logo":{"@type":"ImageObject","inLanguage":"pt-BR","@id":"https:\/\/agenciainfra.com\/blog\/#\/schema\/logo\/image\/","url":"https:\/\/agenciainfra.com\/blog\/wp-content\/uploads\/2023\/09\/iNFRA_5-e1761735885940.png","contentUrl":"https:\/\/agenciainfra.com\/blog\/wp-content\/uploads\/2023\/09\/iNFRA_5-e1761735885940.png","width":1672,"height":454,"caption":"Ag\u00eancia iNFRA"},"image":{"@id":"https:\/\/agenciainfra.com\/blog\/#\/schema\/logo\/image\/"},"sameAs":["https:\/\/www.facebook.com\/ageninfra","https:\/\/x.com\/agencia_infra","https:\/\/www.linkedin.com\/company\/ag\u00eanciainfra\/","https:\/\/www.instagram.com\/agenciainfra\/"]},{"@type":"Person","@id":"https:\/\/agenciainfra.com\/blog\/#\/schema\/person\/04dbb79bd6d8951f063da71f3e4c1eb1","name":"Rodrigo Zuquim","image":{"@type":"ImageObject","inLanguage":"pt-BR","@id":"https:\/\/agenciainfra.com\/blog\/#\/schema\/person\/image\/","url":"https:\/\/secure.gravatar.com\/avatar\/594abfe82761d620726242ff34ca472a705a4b97f16c790053a6b4c4035274d0?s=96&d=mm&r=g","contentUrl":"https:\/\/secure.gravatar.com\/avatar\/594abfe82761d620726242ff34ca472a705a4b97f16c790053a6b4c4035274d0?s=96&d=mm&r=g","caption":"Rodrigo Zuquim"},"url":"https:\/\/agenciainfra.com\/blog\/author\/rodrigo-zuquim\/"}]}},"_links":{"self":[{"href":"https:\/\/agenciainfra.com\/blog\/wp-json\/wp\/v2\/posts\/6703","targetHints":{"allow":["GET"]}}],"collection":[{"href":"https:\/\/agenciainfra.com\/blog\/wp-json\/wp\/v2\/posts"}],"about":[{"href":"https:\/\/agenciainfra.com\/blog\/wp-json\/wp\/v2\/types\/post"}],"author":[{"embeddable":true,"href":"https:\/\/agenciainfra.com\/blog\/wp-json\/wp\/v2\/users\/9"}],"replies":[{"embeddable":true,"href":"https:\/\/agenciainfra.com\/blog\/wp-json\/wp\/v2\/comments?post=6703"}],"version-history":[{"count":0,"href":"https:\/\/agenciainfra.com\/blog\/wp-json\/wp\/v2\/posts\/6703\/revisions"}],"wp:featuredmedia":[{"embeddable":true,"href":"https:\/\/agenciainfra.com\/blog\/wp-json\/wp\/v2\/media\/6704"}],"wp:attachment":[{"href":"https:\/\/agenciainfra.com\/blog\/wp-json\/wp\/v2\/media?parent=6703"}],"wp:term":[{"taxonomy":"category","embeddable":true,"href":"https:\/\/agenciainfra.com\/blog\/wp-json\/wp\/v2\/categories?post=6703"},{"taxonomy":"post_tag","embeddable":true,"href":"https:\/\/agenciainfra.com\/blog\/wp-json\/wp\/v2\/tags?post=6703"}],"curies":[{"name":"wp","href":"https:\/\/api.w.org\/{rel}","templated":true}]}}