{"id":6723,"date":"2021-02-02T07:41:32","date_gmt":"2021-02-02T10:41:32","guid":{"rendered":"https:\/\/www.agenciainfra.com\/blog\/?p=6723"},"modified":"2021-02-02T07:41:36","modified_gmt":"2021-02-02T10:41:36","slug":"antaq-faz-consulta-para-criar-marketplace-de-transporte-de-cargas","status":"publish","type":"post","link":"https:\/\/agenciainfra.com\/blog\/antaq-faz-consulta-para-criar-marketplace-de-transporte-de-cargas\/","title":{"rendered":"ANTAQ faz consulta para criar marketplace de transporte de cargas"},"content":{"rendered":"\n<p class=\"has-text-align-right\"><strong>da Ag\u00eancia iNFRA<\/strong><\/p>\n\n\n\n<p>A ANTAQ (Ag\u00eancia Nacional de Transportes Aquavi\u00e1rios) abriu nesta ter\u00e7a-feira (2) a Tomada de Subs\u00eddios 1\/2021 para obter contribui\u00e7\u00f5es e subs\u00eddios sobre proposta de criar, na forma eletr\u00f4nica, um espa\u00e7o (marketplace) de transporte de cargas. O ato foi publicado no Di\u00e1rio Oficial da Uni\u00e3o e est\u00e1 <a rel=\"noreferrer noopener\" href=\"https:\/\/www.in.gov.br\/en\/web\/dou\/-\/aviso-de-tomada-de-subsidios-n-1\/2021\/sog-antaq-301695657\" target=\"_blank\" data-type=\"URL\" data-id=\"https:\/\/www.in.gov.br\/en\/web\/dou\/-\/aviso-de-tomada-de-subsidios-n-1\/2021\/sog-antaq-301695657\">neste link<\/a>.<\/p>\n\n\n\n<p>De acordo com a proposta, a ideia \u00e9 de uma plataforma de utiliza\u00e7\u00e3o facultativa para &#8220;troca de ofertas de transporte com ampla competi\u00e7\u00e3o&#8221;.\u00a0A ideia, de acordo com o documento, \u00e9 que o demandante divulgue sua necessidade de transporte e os ofertantes apresentem suas propostas de transporte.<\/p>\n\n\n\n<p>&#8220;Ou seja, uma plataforma eletr\u00f4nica que conecta usu\u00e1rios e transportadores, os quais poderiam ofertar n\u00e3o apenas o transporte mar\u00edtimo, mas toda a qualidade de procedimentos na forma de uma solu\u00e7\u00e3o log\u00edstica completa aos usu\u00e1rios em um mesmo local&#8221;, diz o documento de apresenta\u00e7\u00e3o da tomada de subs\u00eddios.\u00a0\u00a0<\/p>\n\n\n\n<p>O acesso ao question\u00e1rio eletr\u00f4nico sobre o tema est\u00e1 neste <a rel=\"noreferrer noopener\" href=\"https:\/\/forms.office.com\/Pages\/ResponsePage.aspx?id=J_dXjl4OMEGOJC1ffIw49pDjPaSKXTtJnR6cZ7y5SbJUOVFLMDJQTjFYMlUwQzZZMjU2WVRYT1pHUi4u\" data-type=\"URL\" data-id=\"https:\/\/forms.office.com\/Pages\/ResponsePage.aspx?id=J_dXjl4OMEGOJC1ffIw49pDjPaSKXTtJnR6cZ7y5SbJUOVFLMDJQTjFYMlUwQzZZMjU2WVRYT1pHUi4u\" target=\"_blank\">endere\u00e7o eletr\u00f4nico<\/a>.<\/p>\n\n\n\n<p>De acordo com a publica\u00e7\u00e3o, as contribui\u00e7\u00f5es podem ser enviadas at\u00e9 9 de mar\u00e7o, tamb\u00e9m pelo e-mail da ag\u00eancia:\u00a0<a rel=\"noreferrer noopener\" href=\"mailto:anexo_tomada01SOG2021@antaq.gov.br\" target=\"_blank\">anexo_tomada01SOG2021@antaq.gov.br<\/a><\/p>\n\n\n\n<p><strong>PL do BR do Mar<\/strong><br>O governo tem uma proposta legislativa de altera\u00e7\u00e3o das regras para facilitar a navega\u00e7\u00e3o de cabotagem para o transporte de carga mar\u00edtima, o chamado <a rel=\"noreferrer noopener\" href=\"https:\/\/agenciainfra.com\/blog\/privatizacao-de-porto-australiano-sera-base-para-desestatizacao-de-santos-diz-minfra\/\" target=\"_blank\" data-type=\"URL\" data-id=\"https:\/\/agenciainfra.com\/blog\/privatizacao-de-porto-australiano-sera-base-para-desestatizacao-de-santos-diz-minfra\/\">PL do BR do Mar<\/a>, que foi aprovado pela C\u00e2mara no ano passado e est\u00e1 agora sob an\u00e1lise do Senado.<\/p>\n\n\n\n<p>Pelas regras atuais, os fretes mar\u00edtimos s\u00f3 podem ser feitos por navios constru\u00eddos ou registrados no Brasil e\u00a0de empresas brasileiras. A ideia \u00e9 <a rel=\"noreferrer noopener\" href=\"https:\/\/agenciainfra.com\/blog\/sem-relator-e-consenso-para-votacao-br-do-mar-caminha-para-perder-urgencia-constitucional\" target=\"_blank\" data-type=\"URL\" data-id=\"https:\/\/agenciainfra.com\/blog\/sem-relator-e-consenso-para-votacao-br-do-mar-caminha-para-perder-urgencia-constitucional\">flexibilizar a exig\u00eancia de navios brasileiros e criar um modelo de empresa brasileira com regras mais flex\u00edveis<\/a>, com a inten\u00e7\u00e3o de reduzir os custos desse tipo de transporte e aumentar sua participa\u00e7\u00e3o entre os tipos de transportes utilizados no pa\u00eds.<\/p>\n","protected":false},"excerpt":{"rendered":"<p>da Ag\u00eancia iNFRA A ANTAQ (Ag\u00eancia Nacional de Transportes Aquavi\u00e1rios) abriu nesta ter\u00e7a-feira (2) a Tomada de Subs\u00eddios 1\/2021 para obter contribui\u00e7\u00f5es e subs\u00eddios sobre proposta de criar, na forma eletr\u00f4nica, um espa\u00e7o (marketplace) de transporte de cargas. O ato foi publicado no Di\u00e1rio Oficial da Uni\u00e3o e est\u00e1 neste link. De acordo com a [&hellip;]<\/p>\n","protected":false},"author":9,"featured_media":5491,"comment_status":"closed","ping_status":"closed","sticky":false,"template":"","format":"standard","meta":{"_monsterinsights_skip_tracking":false,"_monsterinsights_sitenote_active":false,"_monsterinsights_sitenote_note":"","_monsterinsights_sitenote_category":0,"footnotes":""},"categories":[1,7],"tags":[86,1245,407,3467,66,3466,2352,1059,3168],"class_list":["post-6723","post","type-post","status-publish","format-standard","has-post-thumbnail","hentry","category-geral","category-infratransporte","tag-antaq","tag-br-do-mar","tag-cabotagem","tag-fretes-maritimos","tag-logistica","tag-marketplace","tag-tomada-de-subsidios","tag-transporte-de-cargas","tag-transporte-maritimo"],"yoast_head":"<!-- This site is optimized with the Yoast SEO Premium plugin v25.4 (Yoast SEO v26.0) - https:\/\/yoast.com\/wordpress\/plugins\/seo\/ -->\n<title>ANTAQ faz consulta para criar marketplace de transporte de cargas - Ag\u00eancia iNFRA<\/title>\n<meta name=\"robots\" content=\"index, follow, max-snippet:-1, max-image-preview:large, max-video-preview:-1\" \/>\n<link rel=\"canonical\" href=\"https:\/\/agenciainfra.com\/blog\/antaq-faz-consulta-para-criar-marketplace-de-transporte-de-cargas\/\" \/>\n<meta property=\"og:locale\" content=\"pt_BR\" \/>\n<meta property=\"og:type\" content=\"article\" \/>\n<meta property=\"og:title\" content=\"ANTAQ faz consulta para criar marketplace de transporte de cargas\" \/>\n<meta property=\"og:description\" content=\"da Ag\u00eancia iNFRA A ANTAQ (Ag\u00eancia Nacional de Transportes Aquavi\u00e1rios) abriu nesta ter\u00e7a-feira (2) a Tomada de Subs\u00eddios 1\/2021 para obter contribui\u00e7\u00f5es e subs\u00eddios sobre proposta de criar, na forma eletr\u00f4nica, um espa\u00e7o (marketplace) de transporte de cargas. O ato foi publicado no Di\u00e1rio Oficial da Uni\u00e3o e est\u00e1 neste link. De acordo com a [&hellip;]\" \/>\n<meta property=\"og:url\" content=\"https:\/\/agenciainfra.com\/blog\/antaq-faz-consulta-para-criar-marketplace-de-transporte-de-cargas\/\" \/>\n<meta property=\"og:site_name\" content=\"Ag\u00eancia iNFRA\" \/>\n<meta property=\"article:publisher\" content=\"https:\/\/www.facebook.com\/ageninfra\" \/>\n<meta property=\"article:published_time\" content=\"2021-02-02T10:41:32+00:00\" \/>\n<meta property=\"article:modified_time\" content=\"2021-02-02T10:41:36+00:00\" \/>\n<meta property=\"og:image\" content=\"https:\/\/agenciainfra.com\/blog\/wp-content\/uploads\/2020\/07\/fachada-antaq.jpg\" \/>\n\t<meta property=\"og:image:width\" content=\"1280\" \/>\n\t<meta property=\"og:image:height\" content=\"850\" \/>\n\t<meta property=\"og:image:type\" content=\"image\/jpeg\" \/>\n<meta name=\"author\" content=\"Rodrigo Zuquim\" \/>\n<meta name=\"twitter:card\" content=\"summary_large_image\" \/>\n<meta name=\"twitter:creator\" content=\"@agencia_infra\" \/>\n<meta name=\"twitter:site\" content=\"@agencia_infra\" \/>\n<meta name=\"twitter:label1\" content=\"Escrito por\" \/>\n\t<meta name=\"twitter:data1\" content=\"Rodrigo Zuquim\" \/>\n\t<meta name=\"twitter:label2\" content=\"Est. tempo de leitura\" \/>\n\t<meta name=\"twitter:data2\" content=\"2 minutos\" \/>\n<script type=\"application\/ld+json\" class=\"yoast-schema-graph\">{\"@context\":\"https:\/\/schema.org\",\"@graph\":[{\"@type\":\"Article\",\"@id\":\"https:\/\/agenciainfra.com\/blog\/antaq-faz-consulta-para-criar-marketplace-de-transporte-de-cargas\/#article\",\"isPartOf\":{\"@id\":\"https:\/\/agenciainfra.com\/blog\/antaq-faz-consulta-para-criar-marketplace-de-transporte-de-cargas\/\"},\"author\":{\"name\":\"Rodrigo Zuquim\",\"@id\":\"https:\/\/agenciainfra.com\/blog\/#\/schema\/person\/04dbb79bd6d8951f063da71f3e4c1eb1\"},\"headline\":\"ANTAQ faz consulta para criar marketplace de transporte de cargas\",\"datePublished\":\"2021-02-02T10:41:32+00:00\",\"dateModified\":\"2021-02-02T10:41:36+00:00\",\"mainEntityOfPage\":{\"@id\":\"https:\/\/agenciainfra.com\/blog\/antaq-faz-consulta-para-criar-marketplace-de-transporte-de-cargas\/\"},\"wordCount\":342,\"publisher\":{\"@id\":\"https:\/\/agenciainfra.com\/blog\/#organization\"},\"image\":{\"@id\":\"https:\/\/agenciainfra.com\/blog\/antaq-faz-consulta-para-criar-marketplace-de-transporte-de-cargas\/#primaryimage\"},\"thumbnailUrl\":\"https:\/\/agenciainfra.com\/blog\/wp-content\/uploads\/2020\/07\/fachada-antaq.jpg\",\"keywords\":[\"ANTAQ\",\"BR do Mar\",\"cabotagem\",\"fretes mar\u00edtimos\",\"log\u00edstica\",\"marketplace\",\"tomada de subs\u00eddios\",\"transporte de cargas\",\"transporte mar\u00edtimo\"],\"articleSection\":[\"Geral\",\"iNFRATransporte\"],\"inLanguage\":\"pt-BR\",\"copyrightYear\":\"2021\",\"copyrightHolder\":{\"@id\":\"https:\/\/agenciainfra.com\/blog\/#organization\"}},{\"@type\":\"WebPage\",\"@id\":\"https:\/\/agenciainfra.com\/blog\/antaq-faz-consulta-para-criar-marketplace-de-transporte-de-cargas\/\",\"url\":\"https:\/\/agenciainfra.com\/blog\/antaq-faz-consulta-para-criar-marketplace-de-transporte-de-cargas\/\",\"name\":\"ANTAQ faz consulta para criar marketplace de transporte de cargas - Ag\u00eancia iNFRA\",\"isPartOf\":{\"@id\":\"https:\/\/agenciainfra.com\/blog\/#website\"},\"primaryImageOfPage\":{\"@id\":\"https:\/\/agenciainfra.com\/blog\/antaq-faz-consulta-para-criar-marketplace-de-transporte-de-cargas\/#primaryimage\"},\"image\":{\"@id\":\"https:\/\/agenciainfra.com\/blog\/antaq-faz-consulta-para-criar-marketplace-de-transporte-de-cargas\/#primaryimage\"},\"thumbnailUrl\":\"https:\/\/agenciainfra.com\/blog\/wp-content\/uploads\/2020\/07\/fachada-antaq.jpg\",\"datePublished\":\"2021-02-02T10:41:32+00:00\",\"dateModified\":\"2021-02-02T10:41:36+00:00\",\"breadcrumb\":{\"@id\":\"https:\/\/agenciainfra.com\/blog\/antaq-faz-consulta-para-criar-marketplace-de-transporte-de-cargas\/#breadcrumb\"},\"inLanguage\":\"pt-BR\",\"potentialAction\":[{\"@type\":\"ReadAction\",\"target\":[\"https:\/\/agenciainfra.com\/blog\/antaq-faz-consulta-para-criar-marketplace-de-transporte-de-cargas\/\"]}]},{\"@type\":\"ImageObject\",\"inLanguage\":\"pt-BR\",\"@id\":\"https:\/\/agenciainfra.com\/blog\/antaq-faz-consulta-para-criar-marketplace-de-transporte-de-cargas\/#primaryimage\",\"url\":\"https:\/\/agenciainfra.com\/blog\/wp-content\/uploads\/2020\/07\/fachada-antaq.jpg\",\"contentUrl\":\"https:\/\/agenciainfra.com\/blog\/wp-content\/uploads\/2020\/07\/fachada-antaq.jpg\",\"width\":1280,\"height\":850,\"caption\":\"Foto: Divulga\u00e7\u00e3o ANTAQ\"},{\"@type\":\"BreadcrumbList\",\"@id\":\"https:\/\/agenciainfra.com\/blog\/antaq-faz-consulta-para-criar-marketplace-de-transporte-de-cargas\/#breadcrumb\",\"itemListElement\":[{\"@type\":\"ListItem\",\"position\":1,\"name\":\"In\u00edcio\",\"item\":\"https:\/\/agenciainfra.com\/blog\/\"},{\"@type\":\"ListItem\",\"position\":2,\"name\":\"ANTAQ faz consulta para criar marketplace de transporte de cargas\"}]},{\"@type\":\"WebSite\",\"@id\":\"https:\/\/agenciainfra.com\/blog\/#website\",\"url\":\"https:\/\/agenciainfra.com\/blog\/\",\"name\":\"Ag\u00eancia iNFRA\",\"description\":\"Multiplataforma de informa\u00e7\u00e3o jornal\u00edstica refer\u00eancia na \u00e1rea de infraestrutura no Brasil!\",\"publisher\":{\"@id\":\"https:\/\/agenciainfra.com\/blog\/#organization\"},\"potentialAction\":[{\"@type\":\"SearchAction\",\"target\":{\"@type\":\"EntryPoint\",\"urlTemplate\":\"https:\/\/agenciainfra.com\/blog\/?s={search_term_string}\"},\"query-input\":{\"@type\":\"PropertyValueSpecification\",\"valueRequired\":true,\"valueName\":\"search_term_string\"}}],\"inLanguage\":\"pt-BR\"},{\"@type\":\"Organization\",\"@id\":\"https:\/\/agenciainfra.com\/blog\/#organization\",\"name\":\"Ag\u00eancia iNFRA\",\"url\":\"https:\/\/agenciainfra.com\/blog\/\",\"logo\":{\"@type\":\"ImageObject\",\"inLanguage\":\"pt-BR\",\"@id\":\"https:\/\/agenciainfra.com\/blog\/#\/schema\/logo\/image\/\",\"url\":\"https:\/\/agenciainfra.com\/blog\/wp-content\/uploads\/2023\/09\/iNFRA_5-e1761735885940.png\",\"contentUrl\":\"https:\/\/agenciainfra.com\/blog\/wp-content\/uploads\/2023\/09\/iNFRA_5-e1761735885940.png\",\"width\":1672,\"height\":454,\"caption\":\"Ag\u00eancia iNFRA\"},\"image\":{\"@id\":\"https:\/\/agenciainfra.com\/blog\/#\/schema\/logo\/image\/\"},\"sameAs\":[\"https:\/\/www.facebook.com\/ageninfra\",\"https:\/\/x.com\/agencia_infra\",\"https:\/\/www.linkedin.com\/company\/ag\u00eanciainfra\/\",\"https:\/\/www.instagram.com\/agenciainfra\/\"]},{\"@type\":\"Person\",\"@id\":\"https:\/\/agenciainfra.com\/blog\/#\/schema\/person\/04dbb79bd6d8951f063da71f3e4c1eb1\",\"name\":\"Rodrigo Zuquim\",\"image\":{\"@type\":\"ImageObject\",\"inLanguage\":\"pt-BR\",\"@id\":\"https:\/\/agenciainfra.com\/blog\/#\/schema\/person\/image\/\",\"url\":\"https:\/\/secure.gravatar.com\/avatar\/594abfe82761d620726242ff34ca472a705a4b97f16c790053a6b4c4035274d0?s=96&d=mm&r=g\",\"contentUrl\":\"https:\/\/secure.gravatar.com\/avatar\/594abfe82761d620726242ff34ca472a705a4b97f16c790053a6b4c4035274d0?s=96&d=mm&r=g\",\"caption\":\"Rodrigo Zuquim\"},\"url\":\"https:\/\/agenciainfra.com\/blog\/author\/rodrigo-zuquim\/\"}]}<\/script>\n<!-- \/ Yoast SEO Premium plugin. -->","yoast_head_json":{"title":"ANTAQ faz consulta para criar marketplace de transporte de cargas - Ag\u00eancia iNFRA","robots":{"index":"index","follow":"follow","max-snippet":"max-snippet:-1","max-image-preview":"max-image-preview:large","max-video-preview":"max-video-preview:-1"},"canonical":"https:\/\/agenciainfra.com\/blog\/antaq-faz-consulta-para-criar-marketplace-de-transporte-de-cargas\/","og_locale":"pt_BR","og_type":"article","og_title":"ANTAQ faz consulta para criar marketplace de transporte de cargas","og_description":"da Ag\u00eancia iNFRA A ANTAQ (Ag\u00eancia Nacional de Transportes Aquavi\u00e1rios) abriu nesta ter\u00e7a-feira (2) a Tomada de Subs\u00eddios 1\/2021 para obter contribui\u00e7\u00f5es e subs\u00eddios sobre proposta de criar, na forma eletr\u00f4nica, um espa\u00e7o (marketplace) de transporte de cargas. O ato foi publicado no Di\u00e1rio Oficial da Uni\u00e3o e est\u00e1 neste link. De acordo com a [&hellip;]","og_url":"https:\/\/agenciainfra.com\/blog\/antaq-faz-consulta-para-criar-marketplace-de-transporte-de-cargas\/","og_site_name":"Ag\u00eancia iNFRA","article_publisher":"https:\/\/www.facebook.com\/ageninfra","article_published_time":"2021-02-02T10:41:32+00:00","article_modified_time":"2021-02-02T10:41:36+00:00","og_image":[{"width":1280,"height":850,"url":"https:\/\/agenciainfra.com\/blog\/wp-content\/uploads\/2020\/07\/fachada-antaq.jpg","type":"image\/jpeg"}],"author":"Rodrigo Zuquim","twitter_card":"summary_large_image","twitter_creator":"@agencia_infra","twitter_site":"@agencia_infra","twitter_misc":{"Escrito por":"Rodrigo Zuquim","Est. tempo de leitura":"2 minutos"},"schema":{"@context":"https:\/\/schema.org","@graph":[{"@type":"Article","@id":"https:\/\/agenciainfra.com\/blog\/antaq-faz-consulta-para-criar-marketplace-de-transporte-de-cargas\/#article","isPartOf":{"@id":"https:\/\/agenciainfra.com\/blog\/antaq-faz-consulta-para-criar-marketplace-de-transporte-de-cargas\/"},"author":{"name":"Rodrigo Zuquim","@id":"https:\/\/agenciainfra.com\/blog\/#\/schema\/person\/04dbb79bd6d8951f063da71f3e4c1eb1"},"headline":"ANTAQ faz consulta para criar marketplace de transporte de cargas","datePublished":"2021-02-02T10:41:32+00:00","dateModified":"2021-02-02T10:41:36+00:00","mainEntityOfPage":{"@id":"https:\/\/agenciainfra.com\/blog\/antaq-faz-consulta-para-criar-marketplace-de-transporte-de-cargas\/"},"wordCount":342,"publisher":{"@id":"https:\/\/agenciainfra.com\/blog\/#organization"},"image":{"@id":"https:\/\/agenciainfra.com\/blog\/antaq-faz-consulta-para-criar-marketplace-de-transporte-de-cargas\/#primaryimage"},"thumbnailUrl":"https:\/\/agenciainfra.com\/blog\/wp-content\/uploads\/2020\/07\/fachada-antaq.jpg","keywords":["ANTAQ","BR do Mar","cabotagem","fretes mar\u00edtimos","log\u00edstica","marketplace","tomada de subs\u00eddios","transporte de cargas","transporte mar\u00edtimo"],"articleSection":["Geral","iNFRATransporte"],"inLanguage":"pt-BR","copyrightYear":"2021","copyrightHolder":{"@id":"https:\/\/agenciainfra.com\/blog\/#organization"}},{"@type":"WebPage","@id":"https:\/\/agenciainfra.com\/blog\/antaq-faz-consulta-para-criar-marketplace-de-transporte-de-cargas\/","url":"https:\/\/agenciainfra.com\/blog\/antaq-faz-consulta-para-criar-marketplace-de-transporte-de-cargas\/","name":"ANTAQ faz consulta para criar marketplace de transporte de cargas - Ag\u00eancia iNFRA","isPartOf":{"@id":"https:\/\/agenciainfra.com\/blog\/#website"},"primaryImageOfPage":{"@id":"https:\/\/agenciainfra.com\/blog\/antaq-faz-consulta-para-criar-marketplace-de-transporte-de-cargas\/#primaryimage"},"image":{"@id":"https:\/\/agenciainfra.com\/blog\/antaq-faz-consulta-para-criar-marketplace-de-transporte-de-cargas\/#primaryimage"},"thumbnailUrl":"https:\/\/agenciainfra.com\/blog\/wp-content\/uploads\/2020\/07\/fachada-antaq.jpg","datePublished":"2021-02-02T10:41:32+00:00","dateModified":"2021-02-02T10:41:36+00:00","breadcrumb":{"@id":"https:\/\/agenciainfra.com\/blog\/antaq-faz-consulta-para-criar-marketplace-de-transporte-de-cargas\/#breadcrumb"},"inLanguage":"pt-BR","potentialAction":[{"@type":"ReadAction","target":["https:\/\/agenciainfra.com\/blog\/antaq-faz-consulta-para-criar-marketplace-de-transporte-de-cargas\/"]}]},{"@type":"ImageObject","inLanguage":"pt-BR","@id":"https:\/\/agenciainfra.com\/blog\/antaq-faz-consulta-para-criar-marketplace-de-transporte-de-cargas\/#primaryimage","url":"https:\/\/agenciainfra.com\/blog\/wp-content\/uploads\/2020\/07\/fachada-antaq.jpg","contentUrl":"https:\/\/agenciainfra.com\/blog\/wp-content\/uploads\/2020\/07\/fachada-antaq.jpg","width":1280,"height":850,"caption":"Foto: Divulga\u00e7\u00e3o ANTAQ"},{"@type":"BreadcrumbList","@id":"https:\/\/agenciainfra.com\/blog\/antaq-faz-consulta-para-criar-marketplace-de-transporte-de-cargas\/#breadcrumb","itemListElement":[{"@type":"ListItem","position":1,"name":"In\u00edcio","item":"https:\/\/agenciainfra.com\/blog\/"},{"@type":"ListItem","position":2,"name":"ANTAQ faz consulta para criar marketplace de transporte de cargas"}]},{"@type":"WebSite","@id":"https:\/\/agenciainfra.com\/blog\/#website","url":"https:\/\/agenciainfra.com\/blog\/","name":"Ag\u00eancia iNFRA","description":"Multiplataforma de informa\u00e7\u00e3o jornal\u00edstica refer\u00eancia na \u00e1rea de infraestrutura no Brasil!","publisher":{"@id":"https:\/\/agenciainfra.com\/blog\/#organization"},"potentialAction":[{"@type":"SearchAction","target":{"@type":"EntryPoint","urlTemplate":"https:\/\/agenciainfra.com\/blog\/?s={search_term_string}"},"query-input":{"@type":"PropertyValueSpecification","valueRequired":true,"valueName":"search_term_string"}}],"inLanguage":"pt-BR"},{"@type":"Organization","@id":"https:\/\/agenciainfra.com\/blog\/#organization","name":"Ag\u00eancia iNFRA","url":"https:\/\/agenciainfra.com\/blog\/","logo":{"@type":"ImageObject","inLanguage":"pt-BR","@id":"https:\/\/agenciainfra.com\/blog\/#\/schema\/logo\/image\/","url":"https:\/\/agenciainfra.com\/blog\/wp-content\/uploads\/2023\/09\/iNFRA_5-e1761735885940.png","contentUrl":"https:\/\/agenciainfra.com\/blog\/wp-content\/uploads\/2023\/09\/iNFRA_5-e1761735885940.png","width":1672,"height":454,"caption":"Ag\u00eancia iNFRA"},"image":{"@id":"https:\/\/agenciainfra.com\/blog\/#\/schema\/logo\/image\/"},"sameAs":["https:\/\/www.facebook.com\/ageninfra","https:\/\/x.com\/agencia_infra","https:\/\/www.linkedin.com\/company\/ag\u00eanciainfra\/","https:\/\/www.instagram.com\/agenciainfra\/"]},{"@type":"Person","@id":"https:\/\/agenciainfra.com\/blog\/#\/schema\/person\/04dbb79bd6d8951f063da71f3e4c1eb1","name":"Rodrigo Zuquim","image":{"@type":"ImageObject","inLanguage":"pt-BR","@id":"https:\/\/agenciainfra.com\/blog\/#\/schema\/person\/image\/","url":"https:\/\/secure.gravatar.com\/avatar\/594abfe82761d620726242ff34ca472a705a4b97f16c790053a6b4c4035274d0?s=96&d=mm&r=g","contentUrl":"https:\/\/secure.gravatar.com\/avatar\/594abfe82761d620726242ff34ca472a705a4b97f16c790053a6b4c4035274d0?s=96&d=mm&r=g","caption":"Rodrigo Zuquim"},"url":"https:\/\/agenciainfra.com\/blog\/author\/rodrigo-zuquim\/"}]}},"_links":{"self":[{"href":"https:\/\/agenciainfra.com\/blog\/wp-json\/wp\/v2\/posts\/6723","targetHints":{"allow":["GET"]}}],"collection":[{"href":"https:\/\/agenciainfra.com\/blog\/wp-json\/wp\/v2\/posts"}],"about":[{"href":"https:\/\/agenciainfra.com\/blog\/wp-json\/wp\/v2\/types\/post"}],"author":[{"embeddable":true,"href":"https:\/\/agenciainfra.com\/blog\/wp-json\/wp\/v2\/users\/9"}],"replies":[{"embeddable":true,"href":"https:\/\/agenciainfra.com\/blog\/wp-json\/wp\/v2\/comments?post=6723"}],"version-history":[{"count":0,"href":"https:\/\/agenciainfra.com\/blog\/wp-json\/wp\/v2\/posts\/6723\/revisions"}],"wp:featuredmedia":[{"embeddable":true,"href":"https:\/\/agenciainfra.com\/blog\/wp-json\/wp\/v2\/media\/5491"}],"wp:attachment":[{"href":"https:\/\/agenciainfra.com\/blog\/wp-json\/wp\/v2\/media?parent=6723"}],"wp:term":[{"taxonomy":"category","embeddable":true,"href":"https:\/\/agenciainfra.com\/blog\/wp-json\/wp\/v2\/categories?post=6723"},{"taxonomy":"post_tag","embeddable":true,"href":"https:\/\/agenciainfra.com\/blog\/wp-json\/wp\/v2\/tags?post=6723"}],"curies":[{"name":"wp","href":"https:\/\/api.w.org\/{rel}","templated":true}]}}