{"id":6725,"date":"2021-02-03T08:00:00","date_gmt":"2021-02-03T11:00:00","guid":{"rendered":"https:\/\/www.agenciainfra.com\/blog\/?p=6725"},"modified":"2021-02-02T09:49:29","modified_gmt":"2021-02-02T12:49:29","slug":"rio-grande-do-sul-tem-acordo-para-estudar-1o-hyperloop-da-america-latina","status":"publish","type":"post","link":"https:\/\/agenciainfra.com\/blog\/rio-grande-do-sul-tem-acordo-para-estudar-1o-hyperloop-da-america-latina\/","title":{"rendered":"Rio Grande do Sul tem acordo para estudar 1\u00ba hyperloop da Am\u00e9rica Latina"},"content":{"rendered":"\n<hr class=\"wp-block-separator\"\/>\n\n\n\n<p class=\"has-text-align-right\"><strong>Tales Silveira e Rodrigo Zuquim, da&nbsp;Ag\u00eancia iNFRA<\/strong><\/p>\n\n\n\n<p>O estado do Rio Grande do Sul assinou um acordo, no \u00faltimo dia 19, com a empresa HyperloopTT (Hyperloop Transportation Technologies) para realizar estudos de viabilidade de uma rota ligando a capital Porto Alegre \u00e0 Serra Ga\u00facha por meio do sistema de transporte hyperloop. A iniciativa foi apresentada como pioneira na Am\u00e9rica Latina e ser\u00e1 desenvolvida por meio de uma parceria entre a empresa e a UFRGS (Universidade Federal do Rio Grande do Sul).\u00a0<br><br>O sistema hyperloop consiste em uma tecnologia, ainda em desenvolvimento, para o transporte de pessoas e mercadorias em alta velocidade, no qual c\u00e1psulas para passageiros e carga flutuam dentro de uma rede de tubos de baixa press\u00e3o que conecta diferentes localidades, conforme descreve a empresa.<br><br>A combina\u00e7\u00e3o da levita\u00e7\u00e3o magn\u00e9tica e de um motor el\u00e9trico linear no interior de um tubo a v\u00e1cuo permite que as c\u00e1psulas se movam em alta velocidade, podendo atingir cerca de 1.200 quil\u00f4metros por hora devido \u00e0 falta de atrito. \u00c9 uma velocidade superior \u00e0 praticada por avi\u00f5es comerciais.<br><br>Al\u00e9m da realiza\u00e7\u00e3o do estudo de viabilidade para a implanta\u00e7\u00e3o do sistema, o acordo assinado entre o governo do estado ga\u00facho e a empresa inclui a realiza\u00e7\u00e3o de an\u00e1lise das condi\u00e7\u00f5es ambientais e socioecon\u00f4micas, e dos aspectos financeiros do projeto. A HyperloopTT defende a vantagem econ\u00f4mica dessa tecnologia, que n\u00e3o dependeria de recursos p\u00fablicos para se manter, seria vi\u00e1vel comercialmente e sustent\u00e1vel do ponto de vista ambiental, de acordo com os resultados de um estudo realizado em 2019.\u00a0<br><br>O estudo inicial de viabilidade avaliar\u00e1 aspectos operacionais e estruturais para a cria\u00e7\u00e3o do sistema na rota determinada, como as poss\u00edveis localiza\u00e7\u00f5es aptas a comportar grandes estruturas e a integra\u00e7\u00e3o do hyperloop com a estrutura de transporte que j\u00e1 existe.<br><br>Na UFRGS, o estudo ser\u00e1 coordenado pelos pesquisadores Luiz Afonso Senna, professor convidado do Deprot (Departamento de Engenharia de Produ\u00e7\u00e3o e Transportes) e presidente da Agergs (Ag\u00eancia Estadual de Regula\u00e7\u00e3o dos Servi\u00e7os P\u00fablicos Delegados do RS), e Christine Nodari, pesquisadora do Lastran (Laborat\u00f3rio de Sistemas de Transportes) da UFRGS.<br><br><strong>Especifica\u00e7\u00f5es para o estudo<\/strong><br>De acordo com o diretor para Am\u00e9rica Latina da HyperloopTT, Ricardo Penzin, o estudo seguir\u00e1 conforme os que s\u00e3o praticados em outros modais, por\u00e9m com algumas especificidades que devem ser observadas.<br><br>&#8220;A diferen\u00e7a \u00e9 que os dados imputados v\u00e3o de acordo com o modal, onde falamos de curvatura, velocidade, consumo energ\u00e9tico e capacidade de carga. Tamb\u00e9m vamos fazer o sistema de viabilidade t\u00e9cnica e econ\u00f4mica para passageiros e cargas&#8221;, disse.<br><br>Penzin informa que na c\u00e1psula projetada para o transporte de passageiros cabem entre 40 e 50 pessoas. No estudo tamb\u00e9m ser\u00e1 definido se o trajeto precisar\u00e1 ser subterr\u00e2neo ou se poder\u00e1 seguir, por exemplo, uma rodovia.<br><br>&#8220;Da demanda de passageiros do fluxo entre Porto Alegre e a Serra Ga\u00facha, vamos ver quantas c\u00e1psulas dever\u00e3o ser utilizadas&#8221;, afirmou o diretor.<br><br>A expectativa de HyperloopTT \u00e9 de finalizar o trabalho em um ano ou at\u00e9 mesmo antes desse prazo. &#8220;Eu acredito que entregaremos em oito meses. Estamos com parcerias que trazem uma equipe de treze pessoas da universidade mais o nosso quadro de engenharia dos Estados Unidos. Tudo isso faz com que tenhamos esse otimismo em entregar isso antes do esperado&#8221;, afirmou.<br><br><strong>Rota nos EUA<\/strong><br>Como exemplo dos ganhos estimados com o projeto, Penzin menciona o trabalho da HyperloopTT no desenvolvimento de uma rota entre Cleveland e Pittsburgh, nos Estados Unidos, de cerca de 800 quil\u00f4metros.<br><br>Segundo o diretor, h\u00e1 expectativa de gera\u00e7\u00e3o de 900 mil empregos e mais de US$ 40 bilh\u00f5es na economia. Al\u00e9m disso, milhares de toneladas de CO2 deixar\u00e3o de ser injetadas na atmosfera com a implementa\u00e7\u00e3o do sistema hyperloop nessa rota.<br><br>&#8220;Tamb\u00e9m teremos um retorno de investimentos em 18 anos, o que, no mundo da infraestrutura, \u00e9 quase um milagre&#8221;, disse.<\/p>\n","protected":false},"excerpt":{"rendered":"<p>Tales Silveira e Rodrigo Zuquim, da&nbsp;Ag\u00eancia iNFRA O estado do Rio Grande do Sul assinou um acordo, no \u00faltimo dia 19, com a empresa HyperloopTT (Hyperloop Transportation Technologies) para realizar estudos de viabilidade de uma rota ligando a capital Porto Alegre \u00e0 Serra Ga\u00facha por meio do sistema de transporte hyperloop. A iniciativa foi apresentada [&hellip;]<\/p>\n","protected":false},"author":9,"featured_media":6726,"comment_status":"closed","ping_status":"closed","sticky":false,"template":"","format":"standard","meta":{"_monsterinsights_skip_tracking":false,"_monsterinsights_sitenote_active":false,"_monsterinsights_sitenote_note":"","_monsterinsights_sitenote_category":0,"footnotes":""},"categories":[1,7],"tags":[3472,3469,3470,3471,3473,3468,617,114],"class_list":["post-6725","post","type-post","status-publish","format-standard","has-post-thumbnail","hentry","category-geral","category-infratransporte","tag-christine-nodari","tag-hyperloop","tag-hyperlooptt","tag-luiz-afonso-senna","tag-ricardo-penzin","tag-rio-grande-do-sul","tag-transporte","tag-ufrgs"],"yoast_head":"<!-- This site is optimized with the Yoast SEO Premium plugin v25.4 (Yoast SEO v26.0) - https:\/\/yoast.com\/wordpress\/plugins\/seo\/ -->\n<title>Rio Grande do Sul tem acordo para estudar 1\u00ba hyperloop da Am\u00e9rica Latina - Ag\u00eancia iNFRA<\/title>\n<meta name=\"robots\" content=\"index, follow, max-snippet:-1, max-image-preview:large, max-video-preview:-1\" \/>\n<link rel=\"canonical\" href=\"https:\/\/agenciainfra.com\/blog\/rio-grande-do-sul-tem-acordo-para-estudar-1o-hyperloop-da-america-latina\/\" \/>\n<meta property=\"og:locale\" content=\"pt_BR\" \/>\n<meta property=\"og:type\" content=\"article\" \/>\n<meta property=\"og:title\" content=\"Rio Grande do Sul tem acordo para estudar 1\u00ba hyperloop da Am\u00e9rica Latina\" \/>\n<meta property=\"og:description\" content=\"Tales Silveira e Rodrigo Zuquim, da&nbsp;Ag\u00eancia iNFRA O estado do Rio Grande do Sul assinou um acordo, no \u00faltimo dia 19, com a empresa HyperloopTT (Hyperloop Transportation Technologies) para realizar estudos de viabilidade de uma rota ligando a capital Porto Alegre \u00e0 Serra Ga\u00facha por meio do sistema de transporte hyperloop. A iniciativa foi apresentada [&hellip;]\" \/>\n<meta property=\"og:url\" content=\"https:\/\/agenciainfra.com\/blog\/rio-grande-do-sul-tem-acordo-para-estudar-1o-hyperloop-da-america-latina\/\" \/>\n<meta property=\"og:site_name\" content=\"Ag\u00eancia iNFRA\" \/>\n<meta property=\"article:publisher\" content=\"https:\/\/www.facebook.com\/ageninfra\" \/>\n<meta property=\"article:published_time\" content=\"2021-02-03T11:00:00+00:00\" \/>\n<meta property=\"og:image\" content=\"https:\/\/agenciainfra.com\/blog\/wp-content\/uploads\/2021\/02\/hyperloop-foto-hyperlooptt.jpeg\" \/>\n\t<meta property=\"og:image:width\" content=\"1280\" \/>\n\t<meta property=\"og:image:height\" content=\"777\" \/>\n\t<meta property=\"og:image:type\" content=\"image\/jpeg\" \/>\n<meta name=\"author\" content=\"Rodrigo Zuquim\" \/>\n<meta name=\"twitter:card\" content=\"summary_large_image\" \/>\n<meta name=\"twitter:creator\" content=\"@agencia_infra\" \/>\n<meta name=\"twitter:site\" content=\"@agencia_infra\" \/>\n<meta name=\"twitter:label1\" content=\"Escrito por\" \/>\n\t<meta name=\"twitter:data1\" content=\"Rodrigo Zuquim\" \/>\n\t<meta name=\"twitter:label2\" content=\"Est. tempo de leitura\" \/>\n\t<meta name=\"twitter:data2\" content=\"3 minutos\" \/>\n<script type=\"application\/ld+json\" class=\"yoast-schema-graph\">{\"@context\":\"https:\/\/schema.org\",\"@graph\":[{\"@type\":\"Article\",\"@id\":\"https:\/\/agenciainfra.com\/blog\/rio-grande-do-sul-tem-acordo-para-estudar-1o-hyperloop-da-america-latina\/#article\",\"isPartOf\":{\"@id\":\"https:\/\/agenciainfra.com\/blog\/rio-grande-do-sul-tem-acordo-para-estudar-1o-hyperloop-da-america-latina\/\"},\"author\":{\"name\":\"Rodrigo Zuquim\",\"@id\":\"https:\/\/agenciainfra.com\/blog\/#\/schema\/person\/04dbb79bd6d8951f063da71f3e4c1eb1\"},\"headline\":\"Rio Grande do Sul tem acordo para estudar 1\u00ba hyperloop da Am\u00e9rica Latina\",\"datePublished\":\"2021-02-03T11:00:00+00:00\",\"mainEntityOfPage\":{\"@id\":\"https:\/\/agenciainfra.com\/blog\/rio-grande-do-sul-tem-acordo-para-estudar-1o-hyperloop-da-america-latina\/\"},\"wordCount\":688,\"publisher\":{\"@id\":\"https:\/\/agenciainfra.com\/blog\/#organization\"},\"image\":{\"@id\":\"https:\/\/agenciainfra.com\/blog\/rio-grande-do-sul-tem-acordo-para-estudar-1o-hyperloop-da-america-latina\/#primaryimage\"},\"thumbnailUrl\":\"https:\/\/agenciainfra.com\/blog\/wp-content\/uploads\/2021\/02\/hyperloop-foto-hyperlooptt.jpeg\",\"keywords\":[\"Christine Nodari\",\"hyperloop\",\"HyperloopTT\",\"Luiz Afonso Senna\",\"Ricardo Penzin\",\"Rio Grande do Sul\",\"transporte\",\"UFRGS\"],\"articleSection\":[\"Geral\",\"iNFRATransporte\"],\"inLanguage\":\"pt-BR\",\"copyrightYear\":\"2021\",\"copyrightHolder\":{\"@id\":\"https:\/\/agenciainfra.com\/blog\/#organization\"}},{\"@type\":\"WebPage\",\"@id\":\"https:\/\/agenciainfra.com\/blog\/rio-grande-do-sul-tem-acordo-para-estudar-1o-hyperloop-da-america-latina\/\",\"url\":\"https:\/\/agenciainfra.com\/blog\/rio-grande-do-sul-tem-acordo-para-estudar-1o-hyperloop-da-america-latina\/\",\"name\":\"Rio Grande do Sul tem acordo para estudar 1\u00ba hyperloop da Am\u00e9rica Latina - Ag\u00eancia iNFRA\",\"isPartOf\":{\"@id\":\"https:\/\/agenciainfra.com\/blog\/#website\"},\"primaryImageOfPage\":{\"@id\":\"https:\/\/agenciainfra.com\/blog\/rio-grande-do-sul-tem-acordo-para-estudar-1o-hyperloop-da-america-latina\/#primaryimage\"},\"image\":{\"@id\":\"https:\/\/agenciainfra.com\/blog\/rio-grande-do-sul-tem-acordo-para-estudar-1o-hyperloop-da-america-latina\/#primaryimage\"},\"thumbnailUrl\":\"https:\/\/agenciainfra.com\/blog\/wp-content\/uploads\/2021\/02\/hyperloop-foto-hyperlooptt.jpeg\",\"datePublished\":\"2021-02-03T11:00:00+00:00\",\"breadcrumb\":{\"@id\":\"https:\/\/agenciainfra.com\/blog\/rio-grande-do-sul-tem-acordo-para-estudar-1o-hyperloop-da-america-latina\/#breadcrumb\"},\"inLanguage\":\"pt-BR\",\"potentialAction\":[{\"@type\":\"ReadAction\",\"target\":[\"https:\/\/agenciainfra.com\/blog\/rio-grande-do-sul-tem-acordo-para-estudar-1o-hyperloop-da-america-latina\/\"]}]},{\"@type\":\"ImageObject\",\"inLanguage\":\"pt-BR\",\"@id\":\"https:\/\/agenciainfra.com\/blog\/rio-grande-do-sul-tem-acordo-para-estudar-1o-hyperloop-da-america-latina\/#primaryimage\",\"url\":\"https:\/\/agenciainfra.com\/blog\/wp-content\/uploads\/2021\/02\/hyperloop-foto-hyperlooptt.jpeg\",\"contentUrl\":\"https:\/\/agenciainfra.com\/blog\/wp-content\/uploads\/2021\/02\/hyperloop-foto-hyperlooptt.jpeg\",\"width\":1280,\"height\":777},{\"@type\":\"BreadcrumbList\",\"@id\":\"https:\/\/agenciainfra.com\/blog\/rio-grande-do-sul-tem-acordo-para-estudar-1o-hyperloop-da-america-latina\/#breadcrumb\",\"itemListElement\":[{\"@type\":\"ListItem\",\"position\":1,\"name\":\"In\u00edcio\",\"item\":\"https:\/\/agenciainfra.com\/blog\/\"},{\"@type\":\"ListItem\",\"position\":2,\"name\":\"Rio Grande do Sul tem acordo para estudar 1\u00ba hyperloop da Am\u00e9rica Latina\"}]},{\"@type\":\"WebSite\",\"@id\":\"https:\/\/agenciainfra.com\/blog\/#website\",\"url\":\"https:\/\/agenciainfra.com\/blog\/\",\"name\":\"Ag\u00eancia iNFRA\",\"description\":\"Multiplataforma de informa\u00e7\u00e3o jornal\u00edstica refer\u00eancia na \u00e1rea de infraestrutura no Brasil!\",\"publisher\":{\"@id\":\"https:\/\/agenciainfra.com\/blog\/#organization\"},\"potentialAction\":[{\"@type\":\"SearchAction\",\"target\":{\"@type\":\"EntryPoint\",\"urlTemplate\":\"https:\/\/agenciainfra.com\/blog\/?s={search_term_string}\"},\"query-input\":{\"@type\":\"PropertyValueSpecification\",\"valueRequired\":true,\"valueName\":\"search_term_string\"}}],\"inLanguage\":\"pt-BR\"},{\"@type\":\"Organization\",\"@id\":\"https:\/\/agenciainfra.com\/blog\/#organization\",\"name\":\"Ag\u00eancia iNFRA\",\"url\":\"https:\/\/agenciainfra.com\/blog\/\",\"logo\":{\"@type\":\"ImageObject\",\"inLanguage\":\"pt-BR\",\"@id\":\"https:\/\/agenciainfra.com\/blog\/#\/schema\/logo\/image\/\",\"url\":\"https:\/\/agenciainfra.com\/blog\/wp-content\/uploads\/2023\/09\/iNFRA_5-e1761735885940.png\",\"contentUrl\":\"https:\/\/agenciainfra.com\/blog\/wp-content\/uploads\/2023\/09\/iNFRA_5-e1761735885940.png\",\"width\":1672,\"height\":454,\"caption\":\"Ag\u00eancia iNFRA\"},\"image\":{\"@id\":\"https:\/\/agenciainfra.com\/blog\/#\/schema\/logo\/image\/\"},\"sameAs\":[\"https:\/\/www.facebook.com\/ageninfra\",\"https:\/\/x.com\/agencia_infra\",\"https:\/\/www.linkedin.com\/company\/ag\u00eanciainfra\/\",\"https:\/\/www.instagram.com\/agenciainfra\/\"]},{\"@type\":\"Person\",\"@id\":\"https:\/\/agenciainfra.com\/blog\/#\/schema\/person\/04dbb79bd6d8951f063da71f3e4c1eb1\",\"name\":\"Rodrigo Zuquim\",\"image\":{\"@type\":\"ImageObject\",\"inLanguage\":\"pt-BR\",\"@id\":\"https:\/\/agenciainfra.com\/blog\/#\/schema\/person\/image\/\",\"url\":\"https:\/\/secure.gravatar.com\/avatar\/594abfe82761d620726242ff34ca472a705a4b97f16c790053a6b4c4035274d0?s=96&d=mm&r=g\",\"contentUrl\":\"https:\/\/secure.gravatar.com\/avatar\/594abfe82761d620726242ff34ca472a705a4b97f16c790053a6b4c4035274d0?s=96&d=mm&r=g\",\"caption\":\"Rodrigo Zuquim\"},\"url\":\"https:\/\/agenciainfra.com\/blog\/author\/rodrigo-zuquim\/\"}]}<\/script>\n<!-- \/ Yoast SEO Premium plugin. -->","yoast_head_json":{"title":"Rio Grande do Sul tem acordo para estudar 1\u00ba hyperloop da Am\u00e9rica Latina - Ag\u00eancia iNFRA","robots":{"index":"index","follow":"follow","max-snippet":"max-snippet:-1","max-image-preview":"max-image-preview:large","max-video-preview":"max-video-preview:-1"},"canonical":"https:\/\/agenciainfra.com\/blog\/rio-grande-do-sul-tem-acordo-para-estudar-1o-hyperloop-da-america-latina\/","og_locale":"pt_BR","og_type":"article","og_title":"Rio Grande do Sul tem acordo para estudar 1\u00ba hyperloop da Am\u00e9rica Latina","og_description":"Tales Silveira e Rodrigo Zuquim, da&nbsp;Ag\u00eancia iNFRA O estado do Rio Grande do Sul assinou um acordo, no \u00faltimo dia 19, com a empresa HyperloopTT (Hyperloop Transportation Technologies) para realizar estudos de viabilidade de uma rota ligando a capital Porto Alegre \u00e0 Serra Ga\u00facha por meio do sistema de transporte hyperloop. A iniciativa foi apresentada [&hellip;]","og_url":"https:\/\/agenciainfra.com\/blog\/rio-grande-do-sul-tem-acordo-para-estudar-1o-hyperloop-da-america-latina\/","og_site_name":"Ag\u00eancia iNFRA","article_publisher":"https:\/\/www.facebook.com\/ageninfra","article_published_time":"2021-02-03T11:00:00+00:00","og_image":[{"width":1280,"height":777,"url":"https:\/\/agenciainfra.com\/blog\/wp-content\/uploads\/2021\/02\/hyperloop-foto-hyperlooptt.jpeg","type":"image\/jpeg"}],"author":"Rodrigo Zuquim","twitter_card":"summary_large_image","twitter_creator":"@agencia_infra","twitter_site":"@agencia_infra","twitter_misc":{"Escrito por":"Rodrigo Zuquim","Est. tempo de leitura":"3 minutos"},"schema":{"@context":"https:\/\/schema.org","@graph":[{"@type":"Article","@id":"https:\/\/agenciainfra.com\/blog\/rio-grande-do-sul-tem-acordo-para-estudar-1o-hyperloop-da-america-latina\/#article","isPartOf":{"@id":"https:\/\/agenciainfra.com\/blog\/rio-grande-do-sul-tem-acordo-para-estudar-1o-hyperloop-da-america-latina\/"},"author":{"name":"Rodrigo Zuquim","@id":"https:\/\/agenciainfra.com\/blog\/#\/schema\/person\/04dbb79bd6d8951f063da71f3e4c1eb1"},"headline":"Rio Grande do Sul tem acordo para estudar 1\u00ba hyperloop da Am\u00e9rica Latina","datePublished":"2021-02-03T11:00:00+00:00","mainEntityOfPage":{"@id":"https:\/\/agenciainfra.com\/blog\/rio-grande-do-sul-tem-acordo-para-estudar-1o-hyperloop-da-america-latina\/"},"wordCount":688,"publisher":{"@id":"https:\/\/agenciainfra.com\/blog\/#organization"},"image":{"@id":"https:\/\/agenciainfra.com\/blog\/rio-grande-do-sul-tem-acordo-para-estudar-1o-hyperloop-da-america-latina\/#primaryimage"},"thumbnailUrl":"https:\/\/agenciainfra.com\/blog\/wp-content\/uploads\/2021\/02\/hyperloop-foto-hyperlooptt.jpeg","keywords":["Christine Nodari","hyperloop","HyperloopTT","Luiz Afonso Senna","Ricardo Penzin","Rio Grande do Sul","transporte","UFRGS"],"articleSection":["Geral","iNFRATransporte"],"inLanguage":"pt-BR","copyrightYear":"2021","copyrightHolder":{"@id":"https:\/\/agenciainfra.com\/blog\/#organization"}},{"@type":"WebPage","@id":"https:\/\/agenciainfra.com\/blog\/rio-grande-do-sul-tem-acordo-para-estudar-1o-hyperloop-da-america-latina\/","url":"https:\/\/agenciainfra.com\/blog\/rio-grande-do-sul-tem-acordo-para-estudar-1o-hyperloop-da-america-latina\/","name":"Rio Grande do Sul tem acordo para estudar 1\u00ba hyperloop da Am\u00e9rica Latina - Ag\u00eancia iNFRA","isPartOf":{"@id":"https:\/\/agenciainfra.com\/blog\/#website"},"primaryImageOfPage":{"@id":"https:\/\/agenciainfra.com\/blog\/rio-grande-do-sul-tem-acordo-para-estudar-1o-hyperloop-da-america-latina\/#primaryimage"},"image":{"@id":"https:\/\/agenciainfra.com\/blog\/rio-grande-do-sul-tem-acordo-para-estudar-1o-hyperloop-da-america-latina\/#primaryimage"},"thumbnailUrl":"https:\/\/agenciainfra.com\/blog\/wp-content\/uploads\/2021\/02\/hyperloop-foto-hyperlooptt.jpeg","datePublished":"2021-02-03T11:00:00+00:00","breadcrumb":{"@id":"https:\/\/agenciainfra.com\/blog\/rio-grande-do-sul-tem-acordo-para-estudar-1o-hyperloop-da-america-latina\/#breadcrumb"},"inLanguage":"pt-BR","potentialAction":[{"@type":"ReadAction","target":["https:\/\/agenciainfra.com\/blog\/rio-grande-do-sul-tem-acordo-para-estudar-1o-hyperloop-da-america-latina\/"]}]},{"@type":"ImageObject","inLanguage":"pt-BR","@id":"https:\/\/agenciainfra.com\/blog\/rio-grande-do-sul-tem-acordo-para-estudar-1o-hyperloop-da-america-latina\/#primaryimage","url":"https:\/\/agenciainfra.com\/blog\/wp-content\/uploads\/2021\/02\/hyperloop-foto-hyperlooptt.jpeg","contentUrl":"https:\/\/agenciainfra.com\/blog\/wp-content\/uploads\/2021\/02\/hyperloop-foto-hyperlooptt.jpeg","width":1280,"height":777},{"@type":"BreadcrumbList","@id":"https:\/\/agenciainfra.com\/blog\/rio-grande-do-sul-tem-acordo-para-estudar-1o-hyperloop-da-america-latina\/#breadcrumb","itemListElement":[{"@type":"ListItem","position":1,"name":"In\u00edcio","item":"https:\/\/agenciainfra.com\/blog\/"},{"@type":"ListItem","position":2,"name":"Rio Grande do Sul tem acordo para estudar 1\u00ba hyperloop da Am\u00e9rica Latina"}]},{"@type":"WebSite","@id":"https:\/\/agenciainfra.com\/blog\/#website","url":"https:\/\/agenciainfra.com\/blog\/","name":"Ag\u00eancia iNFRA","description":"Multiplataforma de informa\u00e7\u00e3o jornal\u00edstica refer\u00eancia na \u00e1rea de infraestrutura no Brasil!","publisher":{"@id":"https:\/\/agenciainfra.com\/blog\/#organization"},"potentialAction":[{"@type":"SearchAction","target":{"@type":"EntryPoint","urlTemplate":"https:\/\/agenciainfra.com\/blog\/?s={search_term_string}"},"query-input":{"@type":"PropertyValueSpecification","valueRequired":true,"valueName":"search_term_string"}}],"inLanguage":"pt-BR"},{"@type":"Organization","@id":"https:\/\/agenciainfra.com\/blog\/#organization","name":"Ag\u00eancia iNFRA","url":"https:\/\/agenciainfra.com\/blog\/","logo":{"@type":"ImageObject","inLanguage":"pt-BR","@id":"https:\/\/agenciainfra.com\/blog\/#\/schema\/logo\/image\/","url":"https:\/\/agenciainfra.com\/blog\/wp-content\/uploads\/2023\/09\/iNFRA_5-e1761735885940.png","contentUrl":"https:\/\/agenciainfra.com\/blog\/wp-content\/uploads\/2023\/09\/iNFRA_5-e1761735885940.png","width":1672,"height":454,"caption":"Ag\u00eancia iNFRA"},"image":{"@id":"https:\/\/agenciainfra.com\/blog\/#\/schema\/logo\/image\/"},"sameAs":["https:\/\/www.facebook.com\/ageninfra","https:\/\/x.com\/agencia_infra","https:\/\/www.linkedin.com\/company\/ag\u00eanciainfra\/","https:\/\/www.instagram.com\/agenciainfra\/"]},{"@type":"Person","@id":"https:\/\/agenciainfra.com\/blog\/#\/schema\/person\/04dbb79bd6d8951f063da71f3e4c1eb1","name":"Rodrigo Zuquim","image":{"@type":"ImageObject","inLanguage":"pt-BR","@id":"https:\/\/agenciainfra.com\/blog\/#\/schema\/person\/image\/","url":"https:\/\/secure.gravatar.com\/avatar\/594abfe82761d620726242ff34ca472a705a4b97f16c790053a6b4c4035274d0?s=96&d=mm&r=g","contentUrl":"https:\/\/secure.gravatar.com\/avatar\/594abfe82761d620726242ff34ca472a705a4b97f16c790053a6b4c4035274d0?s=96&d=mm&r=g","caption":"Rodrigo Zuquim"},"url":"https:\/\/agenciainfra.com\/blog\/author\/rodrigo-zuquim\/"}]}},"_links":{"self":[{"href":"https:\/\/agenciainfra.com\/blog\/wp-json\/wp\/v2\/posts\/6725","targetHints":{"allow":["GET"]}}],"collection":[{"href":"https:\/\/agenciainfra.com\/blog\/wp-json\/wp\/v2\/posts"}],"about":[{"href":"https:\/\/agenciainfra.com\/blog\/wp-json\/wp\/v2\/types\/post"}],"author":[{"embeddable":true,"href":"https:\/\/agenciainfra.com\/blog\/wp-json\/wp\/v2\/users\/9"}],"replies":[{"embeddable":true,"href":"https:\/\/agenciainfra.com\/blog\/wp-json\/wp\/v2\/comments?post=6725"}],"version-history":[{"count":0,"href":"https:\/\/agenciainfra.com\/blog\/wp-json\/wp\/v2\/posts\/6725\/revisions"}],"wp:featuredmedia":[{"embeddable":true,"href":"https:\/\/agenciainfra.com\/blog\/wp-json\/wp\/v2\/media\/6726"}],"wp:attachment":[{"href":"https:\/\/agenciainfra.com\/blog\/wp-json\/wp\/v2\/media?parent=6725"}],"wp:term":[{"taxonomy":"category","embeddable":true,"href":"https:\/\/agenciainfra.com\/blog\/wp-json\/wp\/v2\/categories?post=6725"},{"taxonomy":"post_tag","embeddable":true,"href":"https:\/\/agenciainfra.com\/blog\/wp-json\/wp\/v2\/tags?post=6725"}],"curies":[{"name":"wp","href":"https:\/\/api.w.org\/{rel}","templated":true}]}}