{"id":6742,"date":"2021-02-06T08:00:00","date_gmt":"2021-02-06T11:00:00","guid":{"rendered":"https:\/\/www.agenciainfra.com\/blog\/?p=6742"},"modified":"2021-02-05T09:47:12","modified_gmt":"2021-02-05T12:47:12","slug":"governo-ainda-nao-definiu-se-determinara-que-vli-revitalize-trechos-devolvidos-da-fca","status":"publish","type":"post","link":"https:\/\/agenciainfra.com\/blog\/governo-ainda-nao-definiu-se-determinara-que-vli-revitalize-trechos-devolvidos-da-fca\/","title":{"rendered":"Governo ainda n\u00e3o definiu se determinar\u00e1 que VLI revitalize trechos devolvidos da FCA"},"content":{"rendered":"\n<hr class=\"wp-block-separator\"\/>\n\n\n\n<p class=\"has-text-align-right\"><strong>Tales Silveira, da&nbsp;Ag\u00eancia iNFRA<\/strong><\/p>\n\n\n\n<p>A ANTT (Ag\u00eancia Nacional de Transportes Terrestres) afirmou, na \u00faltima quinta-feira (4), que ainda n\u00e3o definiu se determinar\u00e1 que a VLI, concession\u00e1ria da FCA (Ferrovia Centro-Atl\u00e2ntica), revitalize\u00a0os trechos que ser\u00e3o devolvidos ao governo.<br>\u00a0<br>A afirma\u00e7\u00e3o foi feita durante a sess\u00e3o telepresencial da\u00a0<a rel=\"noreferrer noopener\" href=\"https:\/\/agenciainfra.us14.list-manage.com\/track\/click?u=d460dd1bcf9ba0ae040e1fc0f&amp;id=938022cad2&amp;e=c099169394\" target=\"_blank\">Audi\u00eancia P\u00fablica 12\/2020<\/a>\u00a0da ANTT, que discute a renova\u00e7\u00e3o da concess\u00e3o.\u00a0De acordo com a ag\u00eancia, ainda ser\u00e1 definido se as devolu\u00e7\u00f5es ser\u00e3o entregues ao poder p\u00fablico revitalizadas ou se haver\u00e1 um\u00a0valor a ser inclu\u00eddo no \u00e2mbito dos passivos da companhia e somados \u00e0 indeniza\u00e7\u00e3o. Ainda segundo o \u00f3rg\u00e3o, nos custos de indeniza\u00e7\u00e3o foram previstos a valora\u00e7\u00e3o para recupera\u00e7\u00e3o desses trechos do modo que a concession\u00e1ria o recebeu.<br>\u00a0<br>Os pedidos de entrega da malha revitalizada <a rel=\"noreferrer noopener\" href=\"https:\/\/agenciainfra.com\/blog\/estados-e-empresas-pedem-que-governo-determine-investimentos-da-fca-na-propria-malha\/\" data-type=\"URL\" data-id=\"https:\/\/agenciainfra.com\/blog\/estados-e-empresas-pedem-que-governo-determine-investimentos-da-fca-na-propria-malha\/\" target=\"_blank\">j\u00e1 haviam sido feitos<\/a> na \u00faltima sess\u00e3o da audi\u00eancia p\u00fablica, realizada no dia anterior. Durante a audi\u00eancia desta quinta-feira, os pedidos continuaram.<br>\u00a0<br>Entre os novos pedidos est\u00e1 o do diretor do N\u00facleo de Infraestrutura e Log\u00edstica da FDC (Funda\u00e7\u00e3o Dom Cabral), Paulo Tarso Vilela. Segundo ele, \u00e9 crucial que a malha mineira seja entregue revitalizada. Isso porque a funda\u00e7\u00e3o \u00e9 uma das respons\u00e1veis pela elabora\u00e7\u00e3o do PEF (Plano Estrat\u00e9gico Ferrovi\u00e1rio) no estado que j\u00e1 mapeou todo o potencial de escoamento por ferrovias, de gran\u00e9is agr\u00edcolas, minerais e carga geral, em Minas Gerais.<br>\u00a0<br>\u201cA malha atual da FCA \u00e9 imprescind\u00edvel para que n\u00f3s tenhamos uma maior participa\u00e7\u00e3o de outras cargas. Destaco o granel agr\u00edcola, principalmente no Noroeste de Minas, Sudoeste da Bahia e Centro-Oeste de Goi\u00e1s. \u00c9 uma regi\u00e3o que pode se transformar em uma grande fronteira agr\u00edcola. Cargas gerais e combust\u00edveis poderiam ainda transformar Minas. Toda e qualquer negocia\u00e7\u00e3o feita entre o governo e a VLI deve trazer recursos para o Estado. Temos muita escassez de recursos e precisamos deles\u201d, disse.<br>\u00a0<br>A frase de Vilela vai ao encontro da do\u00a0consultor especialista do Coinfra-Fins (Conselho de Infraestrutura da Federa\u00e7\u00e3o das Ind\u00fastrias do Estado do Esp\u00edrito Santo), Ac\u00e1cio Romeu Rodrigues. Ele defende que \u00e9 importante que, al\u00e9m da entrega e revitaliza\u00e7\u00e3o dos trechos devolvidos, os valores de outorga devem ser investidos na capta\u00e7\u00e3o em fun\u00e7\u00e3o da eventual revis\u00e3o do estudo de demanda.<br>\u00a0<br>\u201cAl\u00e9m da revitaliza\u00e7\u00e3o da malha, o Coinfra defende que a renova\u00e7\u00e3o da concess\u00e3o da FCA deve trazer como contrapartida a aplica\u00e7\u00e3o dos recursos da outorga na capacita\u00e7\u00e3o da malha ferrovi\u00e1ria do corredor Centro-Leste e do Arco-Leste, tornando ainda mais competitiva a sa\u00edda de exporta\u00e7\u00e3o e importa\u00e7\u00e3o para o pa\u00eds. Tamb\u00e9m \u00e9 preciso considerar, como no processo de concess\u00e3o da Codesa, os novos investimentos portu\u00e1rios privados em implanta\u00e7\u00e3o. Por isso, \u00e9 preciso reanalisar a capacidade ferrovi\u00e1ria em fun\u00e7\u00e3o da eventual revis\u00e3o de demanda\u201d, falou.<br>\u00a0<br><strong>Benef\u00edcios da renova\u00e7\u00e3o<\/strong><br>Durante a sess\u00e3o p\u00fablica quase todas as manifesta\u00e7\u00f5es foram em favor da renova\u00e7\u00e3o da concess\u00e3o. Contudo o presidente da CBPM (Companhia Baiana de Pesquisa Mineral), Ant\u00f4nio Carlos Tramm, foi um dos \u00fanicos que questionaram a validade do processo de renova\u00e7\u00e3o. Para ele, a VLI trouxe preju\u00edzos para a minera\u00e7\u00e3o no estado da Bahia. \u00a0<br>\u00a0<br>&#8220;Precisamos saber nesses anos todos o que ela contribuiu para o desenvolvimento do pa\u00eds. No caso da Bahia, por exemplo, n\u00f3s temos o Porto de Aratu. O terminal que tinha l\u00e1 a empresa desmobilizou levando at\u00e9 os trilhos. Tentamos a reativa\u00e7\u00e3o para possibilitar a explora\u00e7\u00e3o de min\u00e9rio de ferro. Nunca sa\u00edmos da discuss\u00e3o. Precisamos estudar a contribui\u00e7\u00e3o que a VLI deu ao desenvolvimento.&#8221;<br>\u00a0<br>Segundo ele, n\u00e3o \u00e9 poss\u00edvel transportar min\u00e9rio de ferro e cobre sem ser por trem e, por isso, h\u00e1 necessidade em\u00a0dinamizar esse sistema.<br><br>&#8220;Foram diversos depoimentos falando das contribui\u00e7\u00f5es para o desenvolvimento social. Isso \u00e9 \u00f3timo. Mas precisamos saber o que ela contribuiu para o desenvolvimento econ\u00f4mico, por exemplo, da Bahia, onde sua grande malha est\u00e1\u201d, questionou.<br>\u00a0<br>Sobre o assunto, a ANTT afirmou que vem se empenhando junto com o estado da Bahia para o desenvolvimento de min\u00e9rio de ferro na regi\u00e3o. Como argumento, ressaltou a publica\u00e7\u00e3o do edital da subconcess\u00e3o da Fiol (Ferrovia de Integra\u00e7\u00e3o Oeste-Leste) I e o direcionamento de recursos da prorroga\u00e7\u00e3o antecipada da EFVM (Estrada de Ferro Vit\u00f3ria a Minas) para o desenvolvimento da malha da Fiol II. \u00a0<br>\u00a0<br>Sobre os questionamentos a respeito das vantagens da prorroga\u00e7\u00e3o antecipada, em compara\u00e7\u00e3o com a alternativa de concess\u00e3o separada do corredor baiano, o \u00f3rg\u00e3o informou que consolidar\u00e1 um relat\u00f3rio que levar\u00e1 em conta as contribui\u00e7\u00f5es da audi\u00eancia ao conjunto de investimentos para conflitos urbanos e para a pol\u00edtica p\u00fablica. Caso seja atestada as vantagens, o processo seguir\u00e1 normalmente.<\/p>\n","protected":false},"excerpt":{"rendered":"<p>Tales Silveira, da&nbsp;Ag\u00eancia iNFRA A ANTT (Ag\u00eancia Nacional de Transportes Terrestres) afirmou, na \u00faltima quinta-feira (4), que ainda n\u00e3o definiu se determinar\u00e1 que a VLI, concession\u00e1ria da FCA (Ferrovia Centro-Atl\u00e2ntica), revitalize\u00a0os trechos que ser\u00e3o devolvidos ao governo.\u00a0A afirma\u00e7\u00e3o foi feita durante a sess\u00e3o telepresencial da\u00a0Audi\u00eancia P\u00fablica 12\/2020\u00a0da ANTT, que discute a renova\u00e7\u00e3o da concess\u00e3o.\u00a0De acordo [&hellip;]<\/p>\n","protected":false},"author":9,"featured_media":6743,"comment_status":"closed","ping_status":"closed","sticky":false,"template":"","format":"standard","meta":{"_monsterinsights_skip_tracking":false,"_monsterinsights_sitenote_active":false,"_monsterinsights_sitenote_note":"","_monsterinsights_sitenote_category":0,"footnotes":""},"categories":[1,7],"tags":[3495,3497,19,3461,3496,22,228,1419,446,79,754,157,156,3093,1985,3498,3494,3489,3499,226,82],"class_list":["post-6742","post","type-post","status-publish","format-standard","has-post-thumbnail","hentry","category-geral","category-infratransporte","tag-acacio-romeu-rodrigues","tag-antonio-carlos-tramm","tag-antt","tag-audiencia-publica-12-2020","tag-cbpm","tag-concessao","tag-efvm","tag-estrada-de-ferro-vitoria-a-minas","tag-fca","tag-ferrovia","tag-ferrovia-centro-atlantica","tag-ferrovia-de-integracao-oeste-leste","tag-fiol","tag-fundacao-dom-cabral","tag-minas-gerais","tag-minerio-de-ferro","tag-paulo-tarso-vilela","tag-plano-estrategico-ferroviario","tag-porto-de-aratu","tag-renovacao","tag-vli"],"yoast_head":"<!-- This site is optimized with the Yoast SEO Premium plugin v25.4 (Yoast SEO v26.0) - https:\/\/yoast.com\/wordpress\/plugins\/seo\/ -->\n<title>Governo ainda n\u00e3o definiu se determinar\u00e1 que VLI revitalize trechos devolvidos da FCA - Ag\u00eancia iNFRA<\/title>\n<meta name=\"robots\" content=\"index, follow, max-snippet:-1, max-image-preview:large, max-video-preview:-1\" \/>\n<link rel=\"canonical\" href=\"https:\/\/agenciainfra.com\/blog\/governo-ainda-nao-definiu-se-determinara-que-vli-revitalize-trechos-devolvidos-da-fca\/\" \/>\n<meta property=\"og:locale\" content=\"pt_BR\" \/>\n<meta property=\"og:type\" content=\"article\" \/>\n<meta property=\"og:title\" content=\"Governo ainda n\u00e3o definiu se determinar\u00e1 que VLI revitalize trechos devolvidos da FCA\" \/>\n<meta property=\"og:description\" content=\"Tales Silveira, da&nbsp;Ag\u00eancia iNFRA A ANTT (Ag\u00eancia Nacional de Transportes Terrestres) afirmou, na \u00faltima quinta-feira (4), que ainda n\u00e3o definiu se determinar\u00e1 que a VLI, concession\u00e1ria da FCA (Ferrovia Centro-Atl\u00e2ntica), revitalize\u00a0os trechos que ser\u00e3o devolvidos ao governo.\u00a0A afirma\u00e7\u00e3o foi feita durante a sess\u00e3o telepresencial da\u00a0Audi\u00eancia P\u00fablica 12\/2020\u00a0da ANTT, que discute a renova\u00e7\u00e3o da concess\u00e3o.\u00a0De acordo [&hellip;]\" \/>\n<meta property=\"og:url\" content=\"https:\/\/agenciainfra.com\/blog\/governo-ainda-nao-definiu-se-determinara-que-vli-revitalize-trechos-devolvidos-da-fca\/\" \/>\n<meta property=\"og:site_name\" content=\"Ag\u00eancia iNFRA\" \/>\n<meta property=\"article:publisher\" content=\"https:\/\/www.facebook.com\/ageninfra\" \/>\n<meta property=\"article:published_time\" content=\"2021-02-06T11:00:00+00:00\" \/>\n<meta property=\"og:image\" content=\"https:\/\/agenciainfra.com\/blog\/wp-content\/uploads\/2021\/02\/ANTT-audiencia-publica-FCA-foto-reproducao-ANTT.png\" \/>\n\t<meta property=\"og:image:width\" content=\"1280\" \/>\n\t<meta property=\"og:image:height\" content=\"719\" \/>\n\t<meta property=\"og:image:type\" content=\"image\/png\" \/>\n<meta name=\"author\" content=\"Rodrigo Zuquim\" \/>\n<meta name=\"twitter:card\" content=\"summary_large_image\" \/>\n<meta name=\"twitter:creator\" content=\"@agencia_infra\" \/>\n<meta name=\"twitter:site\" content=\"@agencia_infra\" \/>\n<meta name=\"twitter:label1\" content=\"Escrito por\" \/>\n\t<meta name=\"twitter:data1\" content=\"Rodrigo Zuquim\" \/>\n\t<meta name=\"twitter:label2\" content=\"Est. tempo de leitura\" \/>\n\t<meta name=\"twitter:data2\" content=\"4 minutos\" \/>\n<script type=\"application\/ld+json\" class=\"yoast-schema-graph\">{\"@context\":\"https:\/\/schema.org\",\"@graph\":[{\"@type\":\"Article\",\"@id\":\"https:\/\/agenciainfra.com\/blog\/governo-ainda-nao-definiu-se-determinara-que-vli-revitalize-trechos-devolvidos-da-fca\/#article\",\"isPartOf\":{\"@id\":\"https:\/\/agenciainfra.com\/blog\/governo-ainda-nao-definiu-se-determinara-que-vli-revitalize-trechos-devolvidos-da-fca\/\"},\"author\":{\"name\":\"Rodrigo Zuquim\",\"@id\":\"https:\/\/agenciainfra.com\/blog\/#\/schema\/person\/04dbb79bd6d8951f063da71f3e4c1eb1\"},\"headline\":\"Governo ainda n\u00e3o definiu se determinar\u00e1 que VLI revitalize trechos devolvidos da FCA\",\"datePublished\":\"2021-02-06T11:00:00+00:00\",\"mainEntityOfPage\":{\"@id\":\"https:\/\/agenciainfra.com\/blog\/governo-ainda-nao-definiu-se-determinara-que-vli-revitalize-trechos-devolvidos-da-fca\/\"},\"wordCount\":853,\"publisher\":{\"@id\":\"https:\/\/agenciainfra.com\/blog\/#organization\"},\"image\":{\"@id\":\"https:\/\/agenciainfra.com\/blog\/governo-ainda-nao-definiu-se-determinara-que-vli-revitalize-trechos-devolvidos-da-fca\/#primaryimage\"},\"thumbnailUrl\":\"https:\/\/agenciainfra.com\/blog\/wp-content\/uploads\/2021\/02\/ANTT-audiencia-publica-FCA-foto-reproducao-ANTT.png\",\"keywords\":[\"Ac\u00e1cio Romeu Rodrigues\",\"Ant\u00f4nio Carlos Tramm\",\"ANTT\",\"Audi\u00eancia P\u00fablica 12\/2020\",\"CBPM\",\"Concess\u00e3o\",\"EFVM\",\"Estrada de Ferro Vit\u00f3ria a Minas\",\"FCA\",\"Ferrovia\",\"Ferrovia Centro-Atl\u00e2ntica\",\"Ferrovia de Integra\u00e7\u00e3o Oeste-Leste\",\"FIOL\",\"Funda\u00e7\u00e3o Dom Cabral\",\"Minas Gerais\",\"min\u00e9rio de ferro\",\"Paulo Tarso Vilela\",\"Plano Estrat\u00e9gico Ferrovi\u00e1rio\",\"Porto de Aratu\",\"renova\u00e7\u00e3o\",\"VLI\"],\"articleSection\":[\"Geral\",\"iNFRATransporte\"],\"inLanguage\":\"pt-BR\",\"copyrightYear\":\"2021\",\"copyrightHolder\":{\"@id\":\"https:\/\/agenciainfra.com\/blog\/#organization\"}},{\"@type\":\"WebPage\",\"@id\":\"https:\/\/agenciainfra.com\/blog\/governo-ainda-nao-definiu-se-determinara-que-vli-revitalize-trechos-devolvidos-da-fca\/\",\"url\":\"https:\/\/agenciainfra.com\/blog\/governo-ainda-nao-definiu-se-determinara-que-vli-revitalize-trechos-devolvidos-da-fca\/\",\"name\":\"Governo ainda n\u00e3o definiu se determinar\u00e1 que VLI revitalize trechos devolvidos da FCA - Ag\u00eancia iNFRA\",\"isPartOf\":{\"@id\":\"https:\/\/agenciainfra.com\/blog\/#website\"},\"primaryImageOfPage\":{\"@id\":\"https:\/\/agenciainfra.com\/blog\/governo-ainda-nao-definiu-se-determinara-que-vli-revitalize-trechos-devolvidos-da-fca\/#primaryimage\"},\"image\":{\"@id\":\"https:\/\/agenciainfra.com\/blog\/governo-ainda-nao-definiu-se-determinara-que-vli-revitalize-trechos-devolvidos-da-fca\/#primaryimage\"},\"thumbnailUrl\":\"https:\/\/agenciainfra.com\/blog\/wp-content\/uploads\/2021\/02\/ANTT-audiencia-publica-FCA-foto-reproducao-ANTT.png\",\"datePublished\":\"2021-02-06T11:00:00+00:00\",\"breadcrumb\":{\"@id\":\"https:\/\/agenciainfra.com\/blog\/governo-ainda-nao-definiu-se-determinara-que-vli-revitalize-trechos-devolvidos-da-fca\/#breadcrumb\"},\"inLanguage\":\"pt-BR\",\"potentialAction\":[{\"@type\":\"ReadAction\",\"target\":[\"https:\/\/agenciainfra.com\/blog\/governo-ainda-nao-definiu-se-determinara-que-vli-revitalize-trechos-devolvidos-da-fca\/\"]}]},{\"@type\":\"ImageObject\",\"inLanguage\":\"pt-BR\",\"@id\":\"https:\/\/agenciainfra.com\/blog\/governo-ainda-nao-definiu-se-determinara-que-vli-revitalize-trechos-devolvidos-da-fca\/#primaryimage\",\"url\":\"https:\/\/agenciainfra.com\/blog\/wp-content\/uploads\/2021\/02\/ANTT-audiencia-publica-FCA-foto-reproducao-ANTT.png\",\"contentUrl\":\"https:\/\/agenciainfra.com\/blog\/wp-content\/uploads\/2021\/02\/ANTT-audiencia-publica-FCA-foto-reproducao-ANTT.png\",\"width\":1280,\"height\":719,\"caption\":\"Foto: ANTT\"},{\"@type\":\"BreadcrumbList\",\"@id\":\"https:\/\/agenciainfra.com\/blog\/governo-ainda-nao-definiu-se-determinara-que-vli-revitalize-trechos-devolvidos-da-fca\/#breadcrumb\",\"itemListElement\":[{\"@type\":\"ListItem\",\"position\":1,\"name\":\"In\u00edcio\",\"item\":\"https:\/\/agenciainfra.com\/blog\/\"},{\"@type\":\"ListItem\",\"position\":2,\"name\":\"Governo ainda n\u00e3o definiu se determinar\u00e1 que VLI revitalize trechos devolvidos da FCA\"}]},{\"@type\":\"WebSite\",\"@id\":\"https:\/\/agenciainfra.com\/blog\/#website\",\"url\":\"https:\/\/agenciainfra.com\/blog\/\",\"name\":\"Ag\u00eancia iNFRA\",\"description\":\"Multiplataforma de informa\u00e7\u00e3o jornal\u00edstica refer\u00eancia na \u00e1rea de infraestrutura no Brasil!\",\"publisher\":{\"@id\":\"https:\/\/agenciainfra.com\/blog\/#organization\"},\"potentialAction\":[{\"@type\":\"SearchAction\",\"target\":{\"@type\":\"EntryPoint\",\"urlTemplate\":\"https:\/\/agenciainfra.com\/blog\/?s={search_term_string}\"},\"query-input\":{\"@type\":\"PropertyValueSpecification\",\"valueRequired\":true,\"valueName\":\"search_term_string\"}}],\"inLanguage\":\"pt-BR\"},{\"@type\":\"Organization\",\"@id\":\"https:\/\/agenciainfra.com\/blog\/#organization\",\"name\":\"Ag\u00eancia iNFRA\",\"url\":\"https:\/\/agenciainfra.com\/blog\/\",\"logo\":{\"@type\":\"ImageObject\",\"inLanguage\":\"pt-BR\",\"@id\":\"https:\/\/agenciainfra.com\/blog\/#\/schema\/logo\/image\/\",\"url\":\"https:\/\/agenciainfra.com\/blog\/wp-content\/uploads\/2023\/09\/iNFRA_5-e1761735885940.png\",\"contentUrl\":\"https:\/\/agenciainfra.com\/blog\/wp-content\/uploads\/2023\/09\/iNFRA_5-e1761735885940.png\",\"width\":1672,\"height\":454,\"caption\":\"Ag\u00eancia iNFRA\"},\"image\":{\"@id\":\"https:\/\/agenciainfra.com\/blog\/#\/schema\/logo\/image\/\"},\"sameAs\":[\"https:\/\/www.facebook.com\/ageninfra\",\"https:\/\/x.com\/agencia_infra\",\"https:\/\/www.linkedin.com\/company\/ag\u00eanciainfra\/\",\"https:\/\/www.instagram.com\/agenciainfra\/\"]},{\"@type\":\"Person\",\"@id\":\"https:\/\/agenciainfra.com\/blog\/#\/schema\/person\/04dbb79bd6d8951f063da71f3e4c1eb1\",\"name\":\"Rodrigo Zuquim\",\"image\":{\"@type\":\"ImageObject\",\"inLanguage\":\"pt-BR\",\"@id\":\"https:\/\/agenciainfra.com\/blog\/#\/schema\/person\/image\/\",\"url\":\"https:\/\/secure.gravatar.com\/avatar\/594abfe82761d620726242ff34ca472a705a4b97f16c790053a6b4c4035274d0?s=96&d=mm&r=g\",\"contentUrl\":\"https:\/\/secure.gravatar.com\/avatar\/594abfe82761d620726242ff34ca472a705a4b97f16c790053a6b4c4035274d0?s=96&d=mm&r=g\",\"caption\":\"Rodrigo Zuquim\"},\"url\":\"https:\/\/agenciainfra.com\/blog\/author\/rodrigo-zuquim\/\"}]}<\/script>\n<!-- \/ Yoast SEO Premium plugin. -->","yoast_head_json":{"title":"Governo ainda n\u00e3o definiu se determinar\u00e1 que VLI revitalize trechos devolvidos da FCA - Ag\u00eancia iNFRA","robots":{"index":"index","follow":"follow","max-snippet":"max-snippet:-1","max-image-preview":"max-image-preview:large","max-video-preview":"max-video-preview:-1"},"canonical":"https:\/\/agenciainfra.com\/blog\/governo-ainda-nao-definiu-se-determinara-que-vli-revitalize-trechos-devolvidos-da-fca\/","og_locale":"pt_BR","og_type":"article","og_title":"Governo ainda n\u00e3o definiu se determinar\u00e1 que VLI revitalize trechos devolvidos da FCA","og_description":"Tales Silveira, da&nbsp;Ag\u00eancia iNFRA A ANTT (Ag\u00eancia Nacional de Transportes Terrestres) afirmou, na \u00faltima quinta-feira (4), que ainda n\u00e3o definiu se determinar\u00e1 que a VLI, concession\u00e1ria da FCA (Ferrovia Centro-Atl\u00e2ntica), revitalize\u00a0os trechos que ser\u00e3o devolvidos ao governo.\u00a0A afirma\u00e7\u00e3o foi feita durante a sess\u00e3o telepresencial da\u00a0Audi\u00eancia P\u00fablica 12\/2020\u00a0da ANTT, que discute a renova\u00e7\u00e3o da concess\u00e3o.\u00a0De acordo [&hellip;]","og_url":"https:\/\/agenciainfra.com\/blog\/governo-ainda-nao-definiu-se-determinara-que-vli-revitalize-trechos-devolvidos-da-fca\/","og_site_name":"Ag\u00eancia iNFRA","article_publisher":"https:\/\/www.facebook.com\/ageninfra","article_published_time":"2021-02-06T11:00:00+00:00","og_image":[{"width":1280,"height":719,"url":"https:\/\/agenciainfra.com\/blog\/wp-content\/uploads\/2021\/02\/ANTT-audiencia-publica-FCA-foto-reproducao-ANTT.png","type":"image\/png"}],"author":"Rodrigo Zuquim","twitter_card":"summary_large_image","twitter_creator":"@agencia_infra","twitter_site":"@agencia_infra","twitter_misc":{"Escrito por":"Rodrigo Zuquim","Est. tempo de leitura":"4 minutos"},"schema":{"@context":"https:\/\/schema.org","@graph":[{"@type":"Article","@id":"https:\/\/agenciainfra.com\/blog\/governo-ainda-nao-definiu-se-determinara-que-vli-revitalize-trechos-devolvidos-da-fca\/#article","isPartOf":{"@id":"https:\/\/agenciainfra.com\/blog\/governo-ainda-nao-definiu-se-determinara-que-vli-revitalize-trechos-devolvidos-da-fca\/"},"author":{"name":"Rodrigo Zuquim","@id":"https:\/\/agenciainfra.com\/blog\/#\/schema\/person\/04dbb79bd6d8951f063da71f3e4c1eb1"},"headline":"Governo ainda n\u00e3o definiu se determinar\u00e1 que VLI revitalize trechos devolvidos da FCA","datePublished":"2021-02-06T11:00:00+00:00","mainEntityOfPage":{"@id":"https:\/\/agenciainfra.com\/blog\/governo-ainda-nao-definiu-se-determinara-que-vli-revitalize-trechos-devolvidos-da-fca\/"},"wordCount":853,"publisher":{"@id":"https:\/\/agenciainfra.com\/blog\/#organization"},"image":{"@id":"https:\/\/agenciainfra.com\/blog\/governo-ainda-nao-definiu-se-determinara-que-vli-revitalize-trechos-devolvidos-da-fca\/#primaryimage"},"thumbnailUrl":"https:\/\/agenciainfra.com\/blog\/wp-content\/uploads\/2021\/02\/ANTT-audiencia-publica-FCA-foto-reproducao-ANTT.png","keywords":["Ac\u00e1cio Romeu Rodrigues","Ant\u00f4nio Carlos Tramm","ANTT","Audi\u00eancia P\u00fablica 12\/2020","CBPM","Concess\u00e3o","EFVM","Estrada de Ferro Vit\u00f3ria a Minas","FCA","Ferrovia","Ferrovia Centro-Atl\u00e2ntica","Ferrovia de Integra\u00e7\u00e3o Oeste-Leste","FIOL","Funda\u00e7\u00e3o Dom Cabral","Minas Gerais","min\u00e9rio de ferro","Paulo Tarso Vilela","Plano Estrat\u00e9gico Ferrovi\u00e1rio","Porto de Aratu","renova\u00e7\u00e3o","VLI"],"articleSection":["Geral","iNFRATransporte"],"inLanguage":"pt-BR","copyrightYear":"2021","copyrightHolder":{"@id":"https:\/\/agenciainfra.com\/blog\/#organization"}},{"@type":"WebPage","@id":"https:\/\/agenciainfra.com\/blog\/governo-ainda-nao-definiu-se-determinara-que-vli-revitalize-trechos-devolvidos-da-fca\/","url":"https:\/\/agenciainfra.com\/blog\/governo-ainda-nao-definiu-se-determinara-que-vli-revitalize-trechos-devolvidos-da-fca\/","name":"Governo ainda n\u00e3o definiu se determinar\u00e1 que VLI revitalize trechos devolvidos da FCA - Ag\u00eancia iNFRA","isPartOf":{"@id":"https:\/\/agenciainfra.com\/blog\/#website"},"primaryImageOfPage":{"@id":"https:\/\/agenciainfra.com\/blog\/governo-ainda-nao-definiu-se-determinara-que-vli-revitalize-trechos-devolvidos-da-fca\/#primaryimage"},"image":{"@id":"https:\/\/agenciainfra.com\/blog\/governo-ainda-nao-definiu-se-determinara-que-vli-revitalize-trechos-devolvidos-da-fca\/#primaryimage"},"thumbnailUrl":"https:\/\/agenciainfra.com\/blog\/wp-content\/uploads\/2021\/02\/ANTT-audiencia-publica-FCA-foto-reproducao-ANTT.png","datePublished":"2021-02-06T11:00:00+00:00","breadcrumb":{"@id":"https:\/\/agenciainfra.com\/blog\/governo-ainda-nao-definiu-se-determinara-que-vli-revitalize-trechos-devolvidos-da-fca\/#breadcrumb"},"inLanguage":"pt-BR","potentialAction":[{"@type":"ReadAction","target":["https:\/\/agenciainfra.com\/blog\/governo-ainda-nao-definiu-se-determinara-que-vli-revitalize-trechos-devolvidos-da-fca\/"]}]},{"@type":"ImageObject","inLanguage":"pt-BR","@id":"https:\/\/agenciainfra.com\/blog\/governo-ainda-nao-definiu-se-determinara-que-vli-revitalize-trechos-devolvidos-da-fca\/#primaryimage","url":"https:\/\/agenciainfra.com\/blog\/wp-content\/uploads\/2021\/02\/ANTT-audiencia-publica-FCA-foto-reproducao-ANTT.png","contentUrl":"https:\/\/agenciainfra.com\/blog\/wp-content\/uploads\/2021\/02\/ANTT-audiencia-publica-FCA-foto-reproducao-ANTT.png","width":1280,"height":719,"caption":"Foto: ANTT"},{"@type":"BreadcrumbList","@id":"https:\/\/agenciainfra.com\/blog\/governo-ainda-nao-definiu-se-determinara-que-vli-revitalize-trechos-devolvidos-da-fca\/#breadcrumb","itemListElement":[{"@type":"ListItem","position":1,"name":"In\u00edcio","item":"https:\/\/agenciainfra.com\/blog\/"},{"@type":"ListItem","position":2,"name":"Governo ainda n\u00e3o definiu se determinar\u00e1 que VLI revitalize trechos devolvidos da FCA"}]},{"@type":"WebSite","@id":"https:\/\/agenciainfra.com\/blog\/#website","url":"https:\/\/agenciainfra.com\/blog\/","name":"Ag\u00eancia iNFRA","description":"Multiplataforma de informa\u00e7\u00e3o jornal\u00edstica refer\u00eancia na \u00e1rea de infraestrutura no Brasil!","publisher":{"@id":"https:\/\/agenciainfra.com\/blog\/#organization"},"potentialAction":[{"@type":"SearchAction","target":{"@type":"EntryPoint","urlTemplate":"https:\/\/agenciainfra.com\/blog\/?s={search_term_string}"},"query-input":{"@type":"PropertyValueSpecification","valueRequired":true,"valueName":"search_term_string"}}],"inLanguage":"pt-BR"},{"@type":"Organization","@id":"https:\/\/agenciainfra.com\/blog\/#organization","name":"Ag\u00eancia iNFRA","url":"https:\/\/agenciainfra.com\/blog\/","logo":{"@type":"ImageObject","inLanguage":"pt-BR","@id":"https:\/\/agenciainfra.com\/blog\/#\/schema\/logo\/image\/","url":"https:\/\/agenciainfra.com\/blog\/wp-content\/uploads\/2023\/09\/iNFRA_5-e1761735885940.png","contentUrl":"https:\/\/agenciainfra.com\/blog\/wp-content\/uploads\/2023\/09\/iNFRA_5-e1761735885940.png","width":1672,"height":454,"caption":"Ag\u00eancia iNFRA"},"image":{"@id":"https:\/\/agenciainfra.com\/blog\/#\/schema\/logo\/image\/"},"sameAs":["https:\/\/www.facebook.com\/ageninfra","https:\/\/x.com\/agencia_infra","https:\/\/www.linkedin.com\/company\/ag\u00eanciainfra\/","https:\/\/www.instagram.com\/agenciainfra\/"]},{"@type":"Person","@id":"https:\/\/agenciainfra.com\/blog\/#\/schema\/person\/04dbb79bd6d8951f063da71f3e4c1eb1","name":"Rodrigo Zuquim","image":{"@type":"ImageObject","inLanguage":"pt-BR","@id":"https:\/\/agenciainfra.com\/blog\/#\/schema\/person\/image\/","url":"https:\/\/secure.gravatar.com\/avatar\/594abfe82761d620726242ff34ca472a705a4b97f16c790053a6b4c4035274d0?s=96&d=mm&r=g","contentUrl":"https:\/\/secure.gravatar.com\/avatar\/594abfe82761d620726242ff34ca472a705a4b97f16c790053a6b4c4035274d0?s=96&d=mm&r=g","caption":"Rodrigo Zuquim"},"url":"https:\/\/agenciainfra.com\/blog\/author\/rodrigo-zuquim\/"}]}},"_links":{"self":[{"href":"https:\/\/agenciainfra.com\/blog\/wp-json\/wp\/v2\/posts\/6742","targetHints":{"allow":["GET"]}}],"collection":[{"href":"https:\/\/agenciainfra.com\/blog\/wp-json\/wp\/v2\/posts"}],"about":[{"href":"https:\/\/agenciainfra.com\/blog\/wp-json\/wp\/v2\/types\/post"}],"author":[{"embeddable":true,"href":"https:\/\/agenciainfra.com\/blog\/wp-json\/wp\/v2\/users\/9"}],"replies":[{"embeddable":true,"href":"https:\/\/agenciainfra.com\/blog\/wp-json\/wp\/v2\/comments?post=6742"}],"version-history":[{"count":0,"href":"https:\/\/agenciainfra.com\/blog\/wp-json\/wp\/v2\/posts\/6742\/revisions"}],"wp:featuredmedia":[{"embeddable":true,"href":"https:\/\/agenciainfra.com\/blog\/wp-json\/wp\/v2\/media\/6743"}],"wp:attachment":[{"href":"https:\/\/agenciainfra.com\/blog\/wp-json\/wp\/v2\/media?parent=6742"}],"wp:term":[{"taxonomy":"category","embeddable":true,"href":"https:\/\/agenciainfra.com\/blog\/wp-json\/wp\/v2\/categories?post=6742"},{"taxonomy":"post_tag","embeddable":true,"href":"https:\/\/agenciainfra.com\/blog\/wp-json\/wp\/v2\/tags?post=6742"}],"curies":[{"name":"wp","href":"https:\/\/api.w.org\/{rel}","templated":true}]}}