{"id":6776,"date":"2021-02-13T08:00:00","date_gmt":"2021-02-13T11:00:00","guid":{"rendered":"https:\/\/www.agenciainfra.com\/blog\/?p=6776"},"modified":"2021-02-11T11:56:36","modified_gmt":"2021-02-11T14:56:36","slug":"audiencia-publica-tem-pressao-para-juntar-trecho-da-mrs-na-ferrovia-do-porto-de-santos","status":"publish","type":"post","link":"https:\/\/agenciainfra.com\/blog\/audiencia-publica-tem-pressao-para-juntar-trecho-da-mrs-na-ferrovia-do-porto-de-santos\/","title":{"rendered":"Audi\u00eancia p\u00fablica tem press\u00e3o para juntar trecho da MRS na Ferrovia do Porto de Santos"},"content":{"rendered":"\n<hr class=\"wp-block-separator\"\/>\n\n\n\n<p class=\"has-text-align-right\"><strong>Dimmi Amora, da&nbsp;Ag\u00eancia iNFRA<\/strong><\/p>\n\n\n\n<p>A sess\u00e3o telepresencial da consulta p\u00fablica para proposta de cria\u00e7\u00e3o da Fips (Ferrovia Interna do Porto de Santos) foi marcada pelos pedidos generalizados para que o trecho atualmente operado pela Portofer no porto seja ampliado e inclua uma parte da malha ferrovi\u00e1ria federal, atualmente operada pela MRS, na chamada ferradura de Santos (SP).<br><br>Representantes da prefeitura e da C\u00e2mara de Santos, de operadores portu\u00e1rios e de associa\u00e7\u00f5es indicaram estarem insatisfeitos com o fato de a Fips n\u00e3o operar toda a rede de ferrovias na regi\u00e3o da Baixada Santista e que isso poder\u00e1 se transformar num gargalo no futuro. Houve ainda reclama\u00e7\u00f5es sobre a falta de cumprimento de investimentos por parte da MRS nesse trecho, o que o representante da concession\u00e1ria no evento negou.<br><br>&#8220;A\u00a0MRS n\u00e3o foi, n\u00e3o \u00e9 e n\u00e3o ser\u00e1 gargalo para os investimentos no Porto de Santos&#8221;, disse Jos\u00e9 Roberto Louren\u00e7o, representantes da MRS, informando que houve R$ 1 bilh\u00e3o de investimentos nesse trecho ao longo do contrato, o que elevou o volume transportado de 5 milh\u00f5es de toneladas\/ano antes da concess\u00e3o a 48 milh\u00f5es no ano passado.<\/p>\n\n\n\n<div class=\"wp-block-image\"><figure class=\"aligncenter size-large\"><img fetchpriority=\"high\" decoding=\"async\" width=\"567\" height=\"308\" src=\"https:\/\/agenciainfra.com\/blog\/wp-content\/uploads\/2021\/02\/acesso-ferroviario-porto-santos.jpg\" alt=\"\" class=\"wp-image-6777\" srcset=\"https:\/\/agenciainfra.com\/blog\/wp-content\/uploads\/2021\/02\/acesso-ferroviario-porto-santos.jpg 567w, https:\/\/agenciainfra.com\/blog\/wp-content\/uploads\/2021\/02\/acesso-ferroviario-porto-santos-300x163.jpg 300w\" sizes=\"(max-width: 567px) 100vw, 567px\" \/><\/figure><\/div>\n\n\n\n<p>Conforme imagem acima, o acesso ferrovi\u00e1rio ao porto de Santos \u00e9 uma esp\u00e9cie de ferradura que recebe na parte curva as ferrovias que descem da serra, a Malha Paulista de ferrovias por um lado e a MRS por outro. Essa parte curva da ferradura \u00e9 controlada pela MRS (em azul). J\u00e1 as pontas da ferradura (em amarelo) s\u00e3o operadas pela Portofer e v\u00e3o constituir a Fips.<\/p>\n\n\n\n<p>O sistema que foi concebido para a opera\u00e7\u00e3o da Fips \u00e9 semelhante ao que opera hoje como Portofer, uma esp\u00e9cie de &#8220;cooperativa&#8221; de operadores ferrovi\u00e1rios que dividem os custos operacionais e de investimentos. Atualmente, os operadores ferrovi\u00e1rios que chegam ao porto s\u00e3o a Rumo, a MRS e a VLI.\u00a0\u00a0<\/p>\n\n\n\n<p>A diferen\u00e7a principal para o modelo atual \u00e9 que o novo contrato vai prever que a cada dois anos ter\u00e1 que ser aberta chamada para a entrada de novos operadores ferrovi\u00e1rios nessa &#8220;cooperativa&#8221;, desde que cumpram requisitos e entrem no rateio dos custos e de parte dos investimentos feitos e previstos.&nbsp;<\/p>\n\n\n\n<p>A divis\u00e3o desses custos proposta no contrato foi motivo de alerta das concession\u00e1rias que operam atualmente, que se mostraram a favor de manter a modelagem, mas disseram que v\u00e3o sugerir altera\u00e7\u00f5es alegando que o formato proposto pode levar a problemas concorrenciais.<\/p>\n\n\n\n<p>J\u00e1 a cr\u00edtica dos agentes p\u00fablicos e operadores portu\u00e1rios \u2013 as empresas que operam os terminais portu\u00e1rios e dependem dos trens para serem mais eficientes \u2013 \u00e9 que ter o modelo cooperativo somente numa parte dos acessos portu\u00e1rios vai tornar o sistema ineficiente, al\u00e9m de ser risco para os cerca de R$ 1,8 bilh\u00e3o em investimentos que ter\u00e3o que ser feitos pelos novos operadores na Fips nos primeiros cinco anos.<\/p>\n\n\n\n<p>Se as pontas da ferradura forem ampliadas e a curva n\u00e3o for, n\u00e3o haver\u00e1 a capacidade prevista para cargas ferrovi\u00e1rias no porto, cuja proje\u00e7\u00e3o \u00e9 de dobrar a quantidade atual de 50 milh\u00f5es de toneladas ano movimentadas por trem&nbsp;para 100 milh\u00f5es nos pr\u00f3ximos 20 anos. Al\u00e9m disso, a&nbsp;<strong>Ag\u00eancia iNFRA<\/strong>&nbsp;apurou junto a agentes que operam no porto que h\u00e1 reclama\u00e7\u00f5es sobre valores elevados pagos por direito de passagem no trecho da MRS.<\/p>\n\n\n\n<p><strong>Problema desde a origem<\/strong><br>O contrato da MRS vence em 2026 e desde 2019 est\u00e1 em consulta p\u00fablica para que seja renovado por mais 30 anos. A proposta apresentada pelo governo \u00e9 manter a parte da ferradura com a empresa. A ferradura foi motivo de debates j\u00e1 na modelagem da concess\u00e3o original, na d\u00e9cada de 1990, com discuss\u00f5es entre operadores do porto e o BNDES (Banco Nacional de Desenvolvimento Econ\u00f4mico e Social), que era respons\u00e1vel pela modelagem.<\/p>\n\n\n\n<p>O diretor-presidente da SPA (Santos Port Authority), Fernando Biral,\u00a0repetiu v\u00e1rias vezes, ao longo das respostas aos pedidos de mudan\u00e7a, que era uma quest\u00e3o fundamental para a Fips, mas que n\u00e3o estava ao alcance da autoridade portu\u00e1ria, j\u00e1 que a \u00e1rea da MRS est\u00e1 fora da poligonal do porto.\u00a0<\/p>\n\n\n\n<p>A representante do Minist\u00e9rio da Infraestrutura na audi\u00eancia p\u00fablica foi a diretora de Gest\u00e3o de Contratos da Secretaria Nacional de Portos, Fl\u00e1via Takafashi. Ela afirmou que a quest\u00e3o est\u00e1 sendo discutida pelo minist\u00e9rio e que &#8220;n\u00e3o tem endere\u00e7amento&#8221; ainda.\u00a0<\/p>\n\n\n\n<p>&#8220;Estamos discutindo as vantagens de um modelo e outro. Temos que olhar a gera\u00e7\u00e3o de valor de um modelo e outro. Estamos discutindo e acompanhando a quest\u00e3o para tomar a decis\u00e3o mais favor\u00e1vel ao porto&#8221;, afirmou Takafashi.<\/p>\n\n\n\n<p><strong>Plano B<\/strong><br>Durante o evento, o diretor-presidente foi perguntado se havia um plano B de passar a ferrovia para o futuro concession\u00e1rio privado que o governo pretende escolher para ser a autoridade portu\u00e1ria em Santos (SP). Os estudos para o processo de desestatiza\u00e7\u00e3o est\u00e3o em andamento.<\/p>\n\n\n\n<p>Segundo Biral, o formato de compartilhamento para as ferrovias \u00e9 usado com sucesso em v\u00e1rios portos do mundo e mesmo uma autoridade portu\u00e1ria privada teria dificuldade em operar o trecho fora desse modelo. Al\u00e9m disso, segundo ele, n\u00e3o h\u00e1 garantia de que o cronograma de desestatizar a empresa em 2022 seja cumprido.<\/p>\n\n\n\n<p>&#8220;O cronograma do BNDES pode acontecer algum atraso. Esperamos que n\u00e3o, mas n\u00e3o podemos nos dar esse luxo.&#8221;&nbsp;&nbsp;<\/p>\n\n\n\n<p>Bruno Stupello, diretor de Desenvolvimento de Neg\u00f3cios e Regula\u00e7\u00e3o da SPA, afirmou n\u00e3o haver como esperar mais pelos investimentos ferrovi\u00e1rios, que j\u00e1 s\u00e3o um gargalo para a opera\u00e7\u00e3o portu\u00e1ria, e as obras precisam come\u00e7ar em 2022. A audi\u00eancia pode ser vista\u00a0<a rel=\"noreferrer noopener\" href=\"https:\/\/agenciainfra.us14.list-manage.com\/track\/click?u=d460dd1bcf9ba0ae040e1fc0f&amp;id=db320fcef6&amp;e=c099169394\" target=\"_blank\">neste link<\/a>.<\/p>\n","protected":false},"excerpt":{"rendered":"<p>Dimmi Amora, da&nbsp;Ag\u00eancia iNFRA A sess\u00e3o telepresencial da consulta p\u00fablica para proposta de cria\u00e7\u00e3o da Fips (Ferrovia Interna do Porto de Santos) foi marcada pelos pedidos generalizados para que o trecho atualmente operado pela Portofer no porto seja ampliado e inclua uma parte da malha ferrovi\u00e1ria federal, atualmente operada pela MRS, na chamada ferradura de [&hellip;]<\/p>\n","protected":false},"author":9,"featured_media":6778,"comment_status":"closed","ping_status":"closed","sticky":false,"template":"","format":"standard","meta":{"_monsterinsights_skip_tracking":false,"_monsterinsights_sitenote_active":false,"_monsterinsights_sitenote_note":"","_monsterinsights_sitenote_category":0,"footnotes":""},"categories":[1,7],"tags":[3540,3434,2503,103,3543,22,3542,3537,3536,120,3544,3263,3538,32,3539,270,85,775,81,3541,260,2037,80,1642,1941,623,82],"class_list":["post-6776","post","type-post","status-publish","format-standard","has-post-thumbnail","hentry","category-geral","category-infratransporte","tag-acesso-ferroviario","tag-autoridade-portuaria","tag-baixada-santista","tag-bndes","tag-bruno-stupello","tag-concessao","tag-fernando-biral","tag-ferradura-de-santos","tag-ferrovia-interna-do-porto-de-santos","tag-ferrovias","tag-fips","tag-flavia-takafashi","tag-gargalo","tag-investimentos","tag-jose-roberto-lourenco","tag-malha-ferroviaria","tag-malha-paulista","tag-ministerio-da-infraestrutura","tag-mrs","tag-operadores-portuarios","tag-porto-de-santos","tag-portofer","tag-rumo","tag-santos-port-authority","tag-spa","tag-terminais-portuarios","tag-vli"],"yoast_head":"<!-- This site is optimized with the Yoast SEO Premium plugin v25.4 (Yoast SEO v26.0) - https:\/\/yoast.com\/wordpress\/plugins\/seo\/ -->\n<title>Audi\u00eancia p\u00fablica tem press\u00e3o para juntar trecho da MRS na Ferrovia do Porto de Santos - Ag\u00eancia iNFRA<\/title>\n<meta name=\"robots\" content=\"index, follow, max-snippet:-1, max-image-preview:large, max-video-preview:-1\" \/>\n<link rel=\"canonical\" href=\"https:\/\/agenciainfra.com\/blog\/audiencia-publica-tem-pressao-para-juntar-trecho-da-mrs-na-ferrovia-do-porto-de-santos\/\" \/>\n<meta property=\"og:locale\" content=\"pt_BR\" \/>\n<meta property=\"og:type\" content=\"article\" \/>\n<meta property=\"og:title\" content=\"Audi\u00eancia p\u00fablica tem press\u00e3o para juntar trecho da MRS na Ferrovia do Porto de Santos\" \/>\n<meta property=\"og:description\" content=\"Dimmi Amora, da&nbsp;Ag\u00eancia iNFRA A sess\u00e3o telepresencial da consulta p\u00fablica para proposta de cria\u00e7\u00e3o da Fips (Ferrovia Interna do Porto de Santos) foi marcada pelos pedidos generalizados para que o trecho atualmente operado pela Portofer no porto seja ampliado e inclua uma parte da malha ferrovi\u00e1ria federal, atualmente operada pela MRS, na chamada ferradura de [&hellip;]\" \/>\n<meta property=\"og:url\" content=\"https:\/\/agenciainfra.com\/blog\/audiencia-publica-tem-pressao-para-juntar-trecho-da-mrs-na-ferrovia-do-porto-de-santos\/\" \/>\n<meta property=\"og:site_name\" content=\"Ag\u00eancia iNFRA\" \/>\n<meta property=\"article:publisher\" content=\"https:\/\/www.facebook.com\/ageninfra\" \/>\n<meta property=\"article:published_time\" content=\"2021-02-13T11:00:00+00:00\" \/>\n<meta property=\"og:image\" content=\"https:\/\/agenciainfra.com\/blog\/wp-content\/uploads\/2021\/02\/Fips-foto-SPA.jpg\" \/>\n\t<meta property=\"og:image:width\" content=\"1280\" \/>\n\t<meta property=\"og:image:height\" content=\"720\" \/>\n\t<meta property=\"og:image:type\" content=\"image\/jpeg\" \/>\n<meta name=\"author\" content=\"Rodrigo Zuquim\" \/>\n<meta name=\"twitter:card\" content=\"summary_large_image\" \/>\n<meta name=\"twitter:creator\" content=\"@agencia_infra\" \/>\n<meta name=\"twitter:site\" content=\"@agencia_infra\" \/>\n<meta name=\"twitter:label1\" content=\"Escrito por\" \/>\n\t<meta name=\"twitter:data1\" content=\"Rodrigo Zuquim\" \/>\n\t<meta name=\"twitter:label2\" content=\"Est. tempo de leitura\" \/>\n\t<meta name=\"twitter:data2\" content=\"5 minutos\" \/>\n<script type=\"application\/ld+json\" class=\"yoast-schema-graph\">{\"@context\":\"https:\/\/schema.org\",\"@graph\":[{\"@type\":\"Article\",\"@id\":\"https:\/\/agenciainfra.com\/blog\/audiencia-publica-tem-pressao-para-juntar-trecho-da-mrs-na-ferrovia-do-porto-de-santos\/#article\",\"isPartOf\":{\"@id\":\"https:\/\/agenciainfra.com\/blog\/audiencia-publica-tem-pressao-para-juntar-trecho-da-mrs-na-ferrovia-do-porto-de-santos\/\"},\"author\":{\"name\":\"Rodrigo Zuquim\",\"@id\":\"https:\/\/agenciainfra.com\/blog\/#\/schema\/person\/04dbb79bd6d8951f063da71f3e4c1eb1\"},\"headline\":\"Audi\u00eancia p\u00fablica tem press\u00e3o para juntar trecho da MRS na Ferrovia do Porto de Santos\",\"datePublished\":\"2021-02-13T11:00:00+00:00\",\"mainEntityOfPage\":{\"@id\":\"https:\/\/agenciainfra.com\/blog\/audiencia-publica-tem-pressao-para-juntar-trecho-da-mrs-na-ferrovia-do-porto-de-santos\/\"},\"wordCount\":996,\"publisher\":{\"@id\":\"https:\/\/agenciainfra.com\/blog\/#organization\"},\"image\":{\"@id\":\"https:\/\/agenciainfra.com\/blog\/audiencia-publica-tem-pressao-para-juntar-trecho-da-mrs-na-ferrovia-do-porto-de-santos\/#primaryimage\"},\"thumbnailUrl\":\"https:\/\/agenciainfra.com\/blog\/wp-content\/uploads\/2021\/02\/Fips-foto-SPA.jpg\",\"keywords\":[\"acesso ferrovi\u00e1rio\",\"autoridade portu\u00e1ria\",\"Baixada Santista\",\"BNDES\",\"Bruno Stupello\",\"Concess\u00e3o\",\"Fernando Biral\",\"ferradura de Santos\",\"Ferrovia Interna do Porto de Santos\",\"Ferrovias\",\"Fips\",\"Fl\u00e1via Takafashi\",\"gargalo\",\"Investimentos\",\"Jos\u00e9 Roberto Louren\u00e7o\",\"malha ferrovi\u00e1ria\",\"Malha Paulista\",\"Minist\u00e9rio da Infraestrutura\",\"MRS\",\"operadores portu\u00e1rios\",\"Porto de Santos\",\"Portofer\",\"Rumo\",\"Santos Port Authority\",\"SPA\",\"terminais portu\u00e1rios\",\"VLI\"],\"articleSection\":[\"Geral\",\"iNFRATransporte\"],\"inLanguage\":\"pt-BR\",\"copyrightYear\":\"2021\",\"copyrightHolder\":{\"@id\":\"https:\/\/agenciainfra.com\/blog\/#organization\"}},{\"@type\":\"WebPage\",\"@id\":\"https:\/\/agenciainfra.com\/blog\/audiencia-publica-tem-pressao-para-juntar-trecho-da-mrs-na-ferrovia-do-porto-de-santos\/\",\"url\":\"https:\/\/agenciainfra.com\/blog\/audiencia-publica-tem-pressao-para-juntar-trecho-da-mrs-na-ferrovia-do-porto-de-santos\/\",\"name\":\"Audi\u00eancia p\u00fablica tem press\u00e3o para juntar trecho da MRS na Ferrovia do Porto de Santos - Ag\u00eancia iNFRA\",\"isPartOf\":{\"@id\":\"https:\/\/agenciainfra.com\/blog\/#website\"},\"primaryImageOfPage\":{\"@id\":\"https:\/\/agenciainfra.com\/blog\/audiencia-publica-tem-pressao-para-juntar-trecho-da-mrs-na-ferrovia-do-porto-de-santos\/#primaryimage\"},\"image\":{\"@id\":\"https:\/\/agenciainfra.com\/blog\/audiencia-publica-tem-pressao-para-juntar-trecho-da-mrs-na-ferrovia-do-porto-de-santos\/#primaryimage\"},\"thumbnailUrl\":\"https:\/\/agenciainfra.com\/blog\/wp-content\/uploads\/2021\/02\/Fips-foto-SPA.jpg\",\"datePublished\":\"2021-02-13T11:00:00+00:00\",\"breadcrumb\":{\"@id\":\"https:\/\/agenciainfra.com\/blog\/audiencia-publica-tem-pressao-para-juntar-trecho-da-mrs-na-ferrovia-do-porto-de-santos\/#breadcrumb\"},\"inLanguage\":\"pt-BR\",\"potentialAction\":[{\"@type\":\"ReadAction\",\"target\":[\"https:\/\/agenciainfra.com\/blog\/audiencia-publica-tem-pressao-para-juntar-trecho-da-mrs-na-ferrovia-do-porto-de-santos\/\"]}]},{\"@type\":\"ImageObject\",\"inLanguage\":\"pt-BR\",\"@id\":\"https:\/\/agenciainfra.com\/blog\/audiencia-publica-tem-pressao-para-juntar-trecho-da-mrs-na-ferrovia-do-porto-de-santos\/#primaryimage\",\"url\":\"https:\/\/agenciainfra.com\/blog\/wp-content\/uploads\/2021\/02\/Fips-foto-SPA.jpg\",\"contentUrl\":\"https:\/\/agenciainfra.com\/blog\/wp-content\/uploads\/2021\/02\/Fips-foto-SPA.jpg\",\"width\":1280,\"height\":720},{\"@type\":\"BreadcrumbList\",\"@id\":\"https:\/\/agenciainfra.com\/blog\/audiencia-publica-tem-pressao-para-juntar-trecho-da-mrs-na-ferrovia-do-porto-de-santos\/#breadcrumb\",\"itemListElement\":[{\"@type\":\"ListItem\",\"position\":1,\"name\":\"In\u00edcio\",\"item\":\"https:\/\/agenciainfra.com\/blog\/\"},{\"@type\":\"ListItem\",\"position\":2,\"name\":\"Audi\u00eancia p\u00fablica tem press\u00e3o para juntar trecho da MRS na Ferrovia do Porto de Santos\"}]},{\"@type\":\"WebSite\",\"@id\":\"https:\/\/agenciainfra.com\/blog\/#website\",\"url\":\"https:\/\/agenciainfra.com\/blog\/\",\"name\":\"Ag\u00eancia iNFRA\",\"description\":\"Multiplataforma de informa\u00e7\u00e3o jornal\u00edstica refer\u00eancia na \u00e1rea de infraestrutura no Brasil!\",\"publisher\":{\"@id\":\"https:\/\/agenciainfra.com\/blog\/#organization\"},\"potentialAction\":[{\"@type\":\"SearchAction\",\"target\":{\"@type\":\"EntryPoint\",\"urlTemplate\":\"https:\/\/agenciainfra.com\/blog\/?s={search_term_string}\"},\"query-input\":{\"@type\":\"PropertyValueSpecification\",\"valueRequired\":true,\"valueName\":\"search_term_string\"}}],\"inLanguage\":\"pt-BR\"},{\"@type\":\"Organization\",\"@id\":\"https:\/\/agenciainfra.com\/blog\/#organization\",\"name\":\"Ag\u00eancia iNFRA\",\"url\":\"https:\/\/agenciainfra.com\/blog\/\",\"logo\":{\"@type\":\"ImageObject\",\"inLanguage\":\"pt-BR\",\"@id\":\"https:\/\/agenciainfra.com\/blog\/#\/schema\/logo\/image\/\",\"url\":\"https:\/\/agenciainfra.com\/blog\/wp-content\/uploads\/2023\/09\/iNFRA_5-e1761735885940.png\",\"contentUrl\":\"https:\/\/agenciainfra.com\/blog\/wp-content\/uploads\/2023\/09\/iNFRA_5-e1761735885940.png\",\"width\":1672,\"height\":454,\"caption\":\"Ag\u00eancia iNFRA\"},\"image\":{\"@id\":\"https:\/\/agenciainfra.com\/blog\/#\/schema\/logo\/image\/\"},\"sameAs\":[\"https:\/\/www.facebook.com\/ageninfra\",\"https:\/\/x.com\/agencia_infra\",\"https:\/\/www.linkedin.com\/company\/ag\u00eanciainfra\/\",\"https:\/\/www.instagram.com\/agenciainfra\/\"]},{\"@type\":\"Person\",\"@id\":\"https:\/\/agenciainfra.com\/blog\/#\/schema\/person\/04dbb79bd6d8951f063da71f3e4c1eb1\",\"name\":\"Rodrigo Zuquim\",\"image\":{\"@type\":\"ImageObject\",\"inLanguage\":\"pt-BR\",\"@id\":\"https:\/\/agenciainfra.com\/blog\/#\/schema\/person\/image\/\",\"url\":\"https:\/\/secure.gravatar.com\/avatar\/594abfe82761d620726242ff34ca472a705a4b97f16c790053a6b4c4035274d0?s=96&d=mm&r=g\",\"contentUrl\":\"https:\/\/secure.gravatar.com\/avatar\/594abfe82761d620726242ff34ca472a705a4b97f16c790053a6b4c4035274d0?s=96&d=mm&r=g\",\"caption\":\"Rodrigo Zuquim\"},\"url\":\"https:\/\/agenciainfra.com\/blog\/author\/rodrigo-zuquim\/\"}]}<\/script>\n<!-- \/ Yoast SEO Premium plugin. -->","yoast_head_json":{"title":"Audi\u00eancia p\u00fablica tem press\u00e3o para juntar trecho da MRS na Ferrovia do Porto de Santos - Ag\u00eancia iNFRA","robots":{"index":"index","follow":"follow","max-snippet":"max-snippet:-1","max-image-preview":"max-image-preview:large","max-video-preview":"max-video-preview:-1"},"canonical":"https:\/\/agenciainfra.com\/blog\/audiencia-publica-tem-pressao-para-juntar-trecho-da-mrs-na-ferrovia-do-porto-de-santos\/","og_locale":"pt_BR","og_type":"article","og_title":"Audi\u00eancia p\u00fablica tem press\u00e3o para juntar trecho da MRS na Ferrovia do Porto de Santos","og_description":"Dimmi Amora, da&nbsp;Ag\u00eancia iNFRA A sess\u00e3o telepresencial da consulta p\u00fablica para proposta de cria\u00e7\u00e3o da Fips (Ferrovia Interna do Porto de Santos) foi marcada pelos pedidos generalizados para que o trecho atualmente operado pela Portofer no porto seja ampliado e inclua uma parte da malha ferrovi\u00e1ria federal, atualmente operada pela MRS, na chamada ferradura de [&hellip;]","og_url":"https:\/\/agenciainfra.com\/blog\/audiencia-publica-tem-pressao-para-juntar-trecho-da-mrs-na-ferrovia-do-porto-de-santos\/","og_site_name":"Ag\u00eancia iNFRA","article_publisher":"https:\/\/www.facebook.com\/ageninfra","article_published_time":"2021-02-13T11:00:00+00:00","og_image":[{"width":1280,"height":720,"url":"https:\/\/agenciainfra.com\/blog\/wp-content\/uploads\/2021\/02\/Fips-foto-SPA.jpg","type":"image\/jpeg"}],"author":"Rodrigo Zuquim","twitter_card":"summary_large_image","twitter_creator":"@agencia_infra","twitter_site":"@agencia_infra","twitter_misc":{"Escrito por":"Rodrigo Zuquim","Est. tempo de leitura":"5 minutos"},"schema":{"@context":"https:\/\/schema.org","@graph":[{"@type":"Article","@id":"https:\/\/agenciainfra.com\/blog\/audiencia-publica-tem-pressao-para-juntar-trecho-da-mrs-na-ferrovia-do-porto-de-santos\/#article","isPartOf":{"@id":"https:\/\/agenciainfra.com\/blog\/audiencia-publica-tem-pressao-para-juntar-trecho-da-mrs-na-ferrovia-do-porto-de-santos\/"},"author":{"name":"Rodrigo Zuquim","@id":"https:\/\/agenciainfra.com\/blog\/#\/schema\/person\/04dbb79bd6d8951f063da71f3e4c1eb1"},"headline":"Audi\u00eancia p\u00fablica tem press\u00e3o para juntar trecho da MRS na Ferrovia do Porto de Santos","datePublished":"2021-02-13T11:00:00+00:00","mainEntityOfPage":{"@id":"https:\/\/agenciainfra.com\/blog\/audiencia-publica-tem-pressao-para-juntar-trecho-da-mrs-na-ferrovia-do-porto-de-santos\/"},"wordCount":996,"publisher":{"@id":"https:\/\/agenciainfra.com\/blog\/#organization"},"image":{"@id":"https:\/\/agenciainfra.com\/blog\/audiencia-publica-tem-pressao-para-juntar-trecho-da-mrs-na-ferrovia-do-porto-de-santos\/#primaryimage"},"thumbnailUrl":"https:\/\/agenciainfra.com\/blog\/wp-content\/uploads\/2021\/02\/Fips-foto-SPA.jpg","keywords":["acesso ferrovi\u00e1rio","autoridade portu\u00e1ria","Baixada Santista","BNDES","Bruno Stupello","Concess\u00e3o","Fernando Biral","ferradura de Santos","Ferrovia Interna do Porto de Santos","Ferrovias","Fips","Fl\u00e1via Takafashi","gargalo","Investimentos","Jos\u00e9 Roberto Louren\u00e7o","malha ferrovi\u00e1ria","Malha Paulista","Minist\u00e9rio da Infraestrutura","MRS","operadores portu\u00e1rios","Porto de Santos","Portofer","Rumo","Santos Port Authority","SPA","terminais portu\u00e1rios","VLI"],"articleSection":["Geral","iNFRATransporte"],"inLanguage":"pt-BR","copyrightYear":"2021","copyrightHolder":{"@id":"https:\/\/agenciainfra.com\/blog\/#organization"}},{"@type":"WebPage","@id":"https:\/\/agenciainfra.com\/blog\/audiencia-publica-tem-pressao-para-juntar-trecho-da-mrs-na-ferrovia-do-porto-de-santos\/","url":"https:\/\/agenciainfra.com\/blog\/audiencia-publica-tem-pressao-para-juntar-trecho-da-mrs-na-ferrovia-do-porto-de-santos\/","name":"Audi\u00eancia p\u00fablica tem press\u00e3o para juntar trecho da MRS na Ferrovia do Porto de Santos - Ag\u00eancia iNFRA","isPartOf":{"@id":"https:\/\/agenciainfra.com\/blog\/#website"},"primaryImageOfPage":{"@id":"https:\/\/agenciainfra.com\/blog\/audiencia-publica-tem-pressao-para-juntar-trecho-da-mrs-na-ferrovia-do-porto-de-santos\/#primaryimage"},"image":{"@id":"https:\/\/agenciainfra.com\/blog\/audiencia-publica-tem-pressao-para-juntar-trecho-da-mrs-na-ferrovia-do-porto-de-santos\/#primaryimage"},"thumbnailUrl":"https:\/\/agenciainfra.com\/blog\/wp-content\/uploads\/2021\/02\/Fips-foto-SPA.jpg","datePublished":"2021-02-13T11:00:00+00:00","breadcrumb":{"@id":"https:\/\/agenciainfra.com\/blog\/audiencia-publica-tem-pressao-para-juntar-trecho-da-mrs-na-ferrovia-do-porto-de-santos\/#breadcrumb"},"inLanguage":"pt-BR","potentialAction":[{"@type":"ReadAction","target":["https:\/\/agenciainfra.com\/blog\/audiencia-publica-tem-pressao-para-juntar-trecho-da-mrs-na-ferrovia-do-porto-de-santos\/"]}]},{"@type":"ImageObject","inLanguage":"pt-BR","@id":"https:\/\/agenciainfra.com\/blog\/audiencia-publica-tem-pressao-para-juntar-trecho-da-mrs-na-ferrovia-do-porto-de-santos\/#primaryimage","url":"https:\/\/agenciainfra.com\/blog\/wp-content\/uploads\/2021\/02\/Fips-foto-SPA.jpg","contentUrl":"https:\/\/agenciainfra.com\/blog\/wp-content\/uploads\/2021\/02\/Fips-foto-SPA.jpg","width":1280,"height":720},{"@type":"BreadcrumbList","@id":"https:\/\/agenciainfra.com\/blog\/audiencia-publica-tem-pressao-para-juntar-trecho-da-mrs-na-ferrovia-do-porto-de-santos\/#breadcrumb","itemListElement":[{"@type":"ListItem","position":1,"name":"In\u00edcio","item":"https:\/\/agenciainfra.com\/blog\/"},{"@type":"ListItem","position":2,"name":"Audi\u00eancia p\u00fablica tem press\u00e3o para juntar trecho da MRS na Ferrovia do Porto de Santos"}]},{"@type":"WebSite","@id":"https:\/\/agenciainfra.com\/blog\/#website","url":"https:\/\/agenciainfra.com\/blog\/","name":"Ag\u00eancia iNFRA","description":"Multiplataforma de informa\u00e7\u00e3o jornal\u00edstica refer\u00eancia na \u00e1rea de infraestrutura no Brasil!","publisher":{"@id":"https:\/\/agenciainfra.com\/blog\/#organization"},"potentialAction":[{"@type":"SearchAction","target":{"@type":"EntryPoint","urlTemplate":"https:\/\/agenciainfra.com\/blog\/?s={search_term_string}"},"query-input":{"@type":"PropertyValueSpecification","valueRequired":true,"valueName":"search_term_string"}}],"inLanguage":"pt-BR"},{"@type":"Organization","@id":"https:\/\/agenciainfra.com\/blog\/#organization","name":"Ag\u00eancia iNFRA","url":"https:\/\/agenciainfra.com\/blog\/","logo":{"@type":"ImageObject","inLanguage":"pt-BR","@id":"https:\/\/agenciainfra.com\/blog\/#\/schema\/logo\/image\/","url":"https:\/\/agenciainfra.com\/blog\/wp-content\/uploads\/2023\/09\/iNFRA_5-e1761735885940.png","contentUrl":"https:\/\/agenciainfra.com\/blog\/wp-content\/uploads\/2023\/09\/iNFRA_5-e1761735885940.png","width":1672,"height":454,"caption":"Ag\u00eancia iNFRA"},"image":{"@id":"https:\/\/agenciainfra.com\/blog\/#\/schema\/logo\/image\/"},"sameAs":["https:\/\/www.facebook.com\/ageninfra","https:\/\/x.com\/agencia_infra","https:\/\/www.linkedin.com\/company\/ag\u00eanciainfra\/","https:\/\/www.instagram.com\/agenciainfra\/"]},{"@type":"Person","@id":"https:\/\/agenciainfra.com\/blog\/#\/schema\/person\/04dbb79bd6d8951f063da71f3e4c1eb1","name":"Rodrigo Zuquim","image":{"@type":"ImageObject","inLanguage":"pt-BR","@id":"https:\/\/agenciainfra.com\/blog\/#\/schema\/person\/image\/","url":"https:\/\/secure.gravatar.com\/avatar\/594abfe82761d620726242ff34ca472a705a4b97f16c790053a6b4c4035274d0?s=96&d=mm&r=g","contentUrl":"https:\/\/secure.gravatar.com\/avatar\/594abfe82761d620726242ff34ca472a705a4b97f16c790053a6b4c4035274d0?s=96&d=mm&r=g","caption":"Rodrigo Zuquim"},"url":"https:\/\/agenciainfra.com\/blog\/author\/rodrigo-zuquim\/"}]}},"_links":{"self":[{"href":"https:\/\/agenciainfra.com\/blog\/wp-json\/wp\/v2\/posts\/6776","targetHints":{"allow":["GET"]}}],"collection":[{"href":"https:\/\/agenciainfra.com\/blog\/wp-json\/wp\/v2\/posts"}],"about":[{"href":"https:\/\/agenciainfra.com\/blog\/wp-json\/wp\/v2\/types\/post"}],"author":[{"embeddable":true,"href":"https:\/\/agenciainfra.com\/blog\/wp-json\/wp\/v2\/users\/9"}],"replies":[{"embeddable":true,"href":"https:\/\/agenciainfra.com\/blog\/wp-json\/wp\/v2\/comments?post=6776"}],"version-history":[{"count":0,"href":"https:\/\/agenciainfra.com\/blog\/wp-json\/wp\/v2\/posts\/6776\/revisions"}],"wp:featuredmedia":[{"embeddable":true,"href":"https:\/\/agenciainfra.com\/blog\/wp-json\/wp\/v2\/media\/6778"}],"wp:attachment":[{"href":"https:\/\/agenciainfra.com\/blog\/wp-json\/wp\/v2\/media?parent=6776"}],"wp:term":[{"taxonomy":"category","embeddable":true,"href":"https:\/\/agenciainfra.com\/blog\/wp-json\/wp\/v2\/categories?post=6776"},{"taxonomy":"post_tag","embeddable":true,"href":"https:\/\/agenciainfra.com\/blog\/wp-json\/wp\/v2\/tags?post=6776"}],"curies":[{"name":"wp","href":"https:\/\/api.w.org\/{rel}","templated":true}]}}