{"id":6780,"date":"2021-02-18T13:00:00","date_gmt":"2021-02-18T16:00:00","guid":{"rendered":"https:\/\/www.agenciainfra.com\/blog\/?p=6780"},"modified":"2021-02-12T12:22:50","modified_gmt":"2021-02-12T15:22:50","slug":"infradebate-naming-rights-em-concessoes-de-servicos-publicos","status":"publish","type":"post","link":"https:\/\/agenciainfra.com\/blog\/infradebate-naming-rights-em-concessoes-de-servicos-publicos\/","title":{"rendered":"iNFRADebate: Naming rights em concess\u00f5es de servi\u00e7os p\u00fablicos"},"content":{"rendered":"\n<p class=\"has-text-align-right\"><strong>Leonardo Coelho Ribeiro*<\/strong><\/p>\n\n\n\n<p>Seja em rela\u00e7\u00e3o a bens privados, seja em rela\u00e7\u00e3o a bens p\u00fablicos, falar de <em>naming rights<\/em> tem certo <em>glamour<\/em>. \u00c9, de algum modo, novidadeiro. O tema, entretanto, n\u00e3o \u00e9 propriamente in\u00e9dito. As quest\u00f5es que se p\u00f5em sobre seu emprego envolvendo bens p\u00fablicos, essas sim, aqui e ali, podem ser novas e merecem aten\u00e7\u00e3o.&nbsp;<\/p>\n\n\n\n<p>Disseminada nos Estados Unidos a partir da d\u00e9cada de 70, a pr\u00e1tica de contratar o direito \u00e0 denomina\u00e7\u00e3o de um bem, a t\u00edtulo oneroso ou gratuito, por prazo determinado, de forma aut\u00f4noma ao direito de propriedade, vem desde ent\u00e3o sendo largamente utilizada para viabilizar o financiamento de equipamentos de interesse coletivo. Quadras e complexos esportivos, bibliotecas, parques e pra\u00e7as s\u00e3o exemplares cotidianos na experi\u00eancia daquele pa\u00eds.&nbsp;<\/p>\n\n\n\n<p>O tema talvez tenha aportado no Brasil pela via das arenas esportivas privadas, mas, aos poucos, vai se tornando realidade tamb\u00e9m em rela\u00e7\u00e3o aos bens p\u00fablicos que comp\u00f5em o imenso estoque patrimonial do Estado brasileiro. Passo a passo, as quest\u00f5es decorrentes do choque entre a \u2018nova pr\u00e1tica\u2019 e o regime jur\u00eddico dos bens p\u00fablicos v\u00e3o, ent\u00e3o, se colocando.&nbsp;<\/p>\n\n\n\n<p>No plano dos bens p\u00fablicos, a negocia\u00e7\u00e3o de <em>naming rights<\/em> tem o intuito central de favorecer a efetiva\u00e7\u00e3o da fun\u00e7\u00e3o social da propriedade sob dom\u00ednio estatal, conferindo um melhor aproveitamento econ\u00f4mico desses bens e contribuindo para sua conserva\u00e7\u00e3o e para o provimento de sua utilidade coletiva em concreto, conforme o objetivo a que se volte o bem<sup>1<\/sup>.<\/p>\n\n\n\n<p>O tema ganha nuances peculiares quando os bens p\u00fablicos em quest\u00e3o se encontram, momentaneamente, afetados \u00e0 presta\u00e7\u00e3o de um servi\u00e7o p\u00fablico sob regime concession\u00e1rio.&nbsp;<\/p>\n\n\n\n<p>Como se sabe, em concess\u00f5es de servi\u00e7os p\u00fablicos, o acervo de bens necess\u00e1rios \u00e0 presta\u00e7\u00e3o do servi\u00e7o objeto de concess\u00e3o \u00e9 transferido \u00e0 concession\u00e1ria e afetado ao objeto concedido, servindo de instrumento \u00e0 sua boa execu\u00e7\u00e3o. A boa execu\u00e7\u00e3o de um contrato de presta\u00e7\u00e3o de servi\u00e7os p\u00fablicos pela via concession\u00e1ria acontece, a grosso modo, quando sua presta\u00e7\u00e3o se d\u00e1 em n\u00edvel de qualidade adequado, para frui\u00e7\u00e3o pelo maior n\u00famero de usu\u00e1rios (universaliza\u00e7\u00e3o), mediante o pagamento das tarifas mais m\u00f3dicas poss\u00edveis.<\/p>\n\n\n\n<p>Nesse sentido, desde que a pr\u00e1tica n\u00e3o cause qualquer preju\u00edzo \u00e0 presta\u00e7\u00e3o do servi\u00e7o p\u00fablico em si (como seria a hip\u00f3tese de desinforma\u00e7\u00e3o, no caso da nomea\u00e7\u00e3o de pontos de refer\u00eancia em modais de mobilidade urbana), a negocia\u00e7\u00e3o de <em>naming rights<\/em> com terceiros interessados a denominar bens p\u00fablicos afetados \u00e0 presta\u00e7\u00e3o do servi\u00e7o p\u00fablico h\u00e1 de ser incentivada e perseguida pelos agentes enredados em um projeto concession\u00e1rio (concession\u00e1ria, concedente, regulador e usu\u00e1rios, principalmente), na medida em que poder\u00e1 vir a se tornar fonte de receita acess\u00f3ria relevante, colaborando para o financiamento do servi\u00e7o p\u00fablico adequado, para a sustentabilidade econ\u00f4mico-financeira do neg\u00f3cio e, desse modo, para a continuidade da presta\u00e7\u00e3o a pre\u00e7os m\u00f3dicos.<\/p>\n\n\n\n<p>Concedida a presta\u00e7\u00e3o do servi\u00e7o p\u00fablico, faz-se absolutamente contraproducente que concedente, regulador, ou mesmo o Legislativo, se lancem a propor denomina\u00e7\u00f5es aos bens afetados \u00e0 concess\u00e3o. A pr\u00e1tica tem o exclusivo cond\u00e3o de infirmar tudo quanto se busca por meio dos <em>naming rigths<\/em>: ao pretender impor, extroversamente, a denomina\u00e7\u00e3o desses bens, interdita-se a negocia\u00e7\u00e3o dos referidos direitos pela concession\u00e1ria, esvaziando o potencial econ\u00f4mico da concess\u00e3o, fulminando uma fonte de receita acess\u00f3ria, prejudicando a busca pela modicidade tarif\u00e1ria, a sustentabilidade econ\u00f4mico-financeira do projeto e, em situa\u00e7\u00f5es limite, a pr\u00f3pria continuidade do servi\u00e7o p\u00fablico.<\/p>\n\n\n\n<p>Os bens p\u00fablicos, afetados a projetos concession\u00e1rios ou n\u00e3o, precisam de melhor aproveitamento econ\u00f4mico, e n\u00e3o de pior. Em tempos de pandemia, e dos desafios que seus impactos jogam sobre as concess\u00f5es, especialmente as de mobilidade urbana, seria de se esperar o incentivo \u00e0 busca de fontes alternativas de receitas, e n\u00e3o o contr\u00e1rio. \u00c9 isso que se espera dos agentes verdadeiramente interessados em garantir a boa presta\u00e7\u00e3o dos servi\u00e7os p\u00fablicos. A renitente postura adversarial, que n\u00e3o reconhece o car\u00e1ter comunit\u00e1rio das concess\u00f5es de servi\u00e7os p\u00fablicos, s\u00f3 faz insuflar bandeiras populistas, autointeressadas ou desviantes, que antagonizam o particular em colabora\u00e7\u00e3o e degradam o servi\u00e7o p\u00fablico destinado \u00e0 popula\u00e7\u00e3o, como a realidade insiste em mostrar. \u00c9 isso que precisa ser combatido. N\u00e3o a liberdade de empresa e a livre iniciativa.<\/p>\n\n\n\n<h6 class=\"wp-block-heading\" id=\"block-0ad831ad-cd23-417f-b06a-95588097a0b7\"><strong>*Leonardo Coelho Ribeiro \u00e9 s\u00f3cio de LL Advogados. Professor do LL.M em Direito da Infraestrutura e da Regula\u00e7\u00e3o na FGV Direito Rio. Mestre em Direito P\u00fablico pela UERJ.<\/strong><\/h6>\n\n\n\n<h6 class=\"wp-block-heading\" id=\"block-0ad831ad-cd23-417f-b06a-95588097a0b7\">1 Sobre o tema no Brasil, confira-se: SAMPAIO, Luis Felipe. <em>Naming rights em bens p\u00fablicos<\/em>. S\u00e3o Paulo: Almedina, 2017; IKENAGA, Ana Lucia.&nbsp;A atribui\u00e7\u00e3o de nome como modo de explora\u00e7\u00e3o de bens p\u00fablicos. <em>Disserta\u00e7\u00e3o (Mestrado em Direito do Estado)<\/em> &#8211; Faculdade de Direito, Universidade de S\u00e3o Paulo, S\u00e3o Paulo, 2012; JUSTEN FILHO, Mar\u00e7al. A explora\u00e7\u00e3o econ\u00f4mica de bens p\u00fablicos: cess\u00e3o do direito \u00e0 denomina\u00e7\u00e3o. <em>Revista de Direito P\u00fablico da Economia RDPE<\/em>, Belo Horizonte, ano 8, n. 30, abr.\/jun. 2010.<\/h6>\n\n\n\n<h5 class=\"wp-block-heading\" id=\"block-d67878ff-7627-4f15-b175-8f58269174ff\">O iNFRADebate \u00e9 o espa\u00e7o de artigos da Ag\u00eancia iNFRA com opini\u00f5es de seus atores que n\u00e3o refletem necessariamente o pensamento da Ag\u00eancia iNFRA, sendo de total responsabilidade do autor as informa\u00e7\u00f5es, ju\u00edzos de valor e conceitos descritos no texto.<\/h5>\n","protected":false},"excerpt":{"rendered":"<p>Leonardo Coelho Ribeiro* Seja em rela\u00e7\u00e3o a bens privados, seja em rela\u00e7\u00e3o a bens p\u00fablicos, falar de naming rights tem certo glamour. \u00c9, de algum modo, novidadeiro. O tema, entretanto, n\u00e3o \u00e9 propriamente in\u00e9dito. As quest\u00f5es que se p\u00f5em sobre seu emprego envolvendo bens p\u00fablicos, essas sim, aqui e ali, podem ser novas e merecem [&hellip;]<\/p>\n","protected":false},"author":9,"featured_media":6784,"comment_status":"closed","ping_status":"closed","sticky":false,"template":"","format":"standard","meta":{"_monsterinsights_skip_tracking":false,"_monsterinsights_sitenote_active":false,"_monsterinsights_sitenote_note":"","_monsterinsights_sitenote_category":0,"footnotes":""},"categories":[1,11],"tags":[3549,3547,3548,78,187,1934,3550,2162,2941,3545,3534,3008,1573,2192],"class_list":["post-6780","post","type-post","status-publish","format-standard","has-post-thumbnail","hentry","category-geral","category-infradebate","tag-agente-regulador","tag-bens-publicos","tag-concessionaria","tag-concessoes","tag-financiamento","tag-leonardo-coelho-ribeiro","tag-livre-iniciativa","tag-mobilidade-urbana","tag-modicidade-tarifaria","tag-naming-rights","tag-poder-concedente","tag-servicos-publicos","tag-sustentabilidade","tag-universalizacao"],"yoast_head":"<!-- This site is optimized with the Yoast SEO Premium plugin v25.4 (Yoast SEO v26.0) - https:\/\/yoast.com\/wordpress\/plugins\/seo\/ -->\n<title>iNFRADebate: Naming rights em concess\u00f5es de servi\u00e7os p\u00fablicos - Ag\u00eancia iNFRA<\/title>\n<meta name=\"robots\" content=\"index, follow, max-snippet:-1, max-image-preview:large, max-video-preview:-1\" \/>\n<link rel=\"canonical\" href=\"https:\/\/agenciainfra.com\/blog\/infradebate-naming-rights-em-concessoes-de-servicos-publicos\/\" \/>\n<meta property=\"og:locale\" content=\"pt_BR\" \/>\n<meta property=\"og:type\" content=\"article\" \/>\n<meta property=\"og:title\" content=\"iNFRADebate: Naming rights em concess\u00f5es de servi\u00e7os p\u00fablicos\" \/>\n<meta property=\"og:description\" content=\"Leonardo Coelho Ribeiro* Seja em rela\u00e7\u00e3o a bens privados, seja em rela\u00e7\u00e3o a bens p\u00fablicos, falar de naming rights tem certo glamour. \u00c9, de algum modo, novidadeiro. O tema, entretanto, n\u00e3o \u00e9 propriamente in\u00e9dito. As quest\u00f5es que se p\u00f5em sobre seu emprego envolvendo bens p\u00fablicos, essas sim, aqui e ali, podem ser novas e merecem [&hellip;]\" \/>\n<meta property=\"og:url\" content=\"https:\/\/agenciainfra.com\/blog\/infradebate-naming-rights-em-concessoes-de-servicos-publicos\/\" \/>\n<meta property=\"og:site_name\" content=\"Ag\u00eancia iNFRA\" \/>\n<meta property=\"article:publisher\" content=\"https:\/\/www.facebook.com\/ageninfra\" \/>\n<meta property=\"article:published_time\" content=\"2021-02-18T16:00:00+00:00\" \/>\n<meta property=\"og:image\" content=\"https:\/\/agenciainfra.com\/blog\/wp-content\/uploads\/2021\/02\/leonardo-coelho-ribeiro-foto-arquivo.jpeg\" \/>\n\t<meta property=\"og:image:width\" content=\"1280\" \/>\n\t<meta property=\"og:image:height\" content=\"821\" \/>\n\t<meta property=\"og:image:type\" content=\"image\/jpeg\" \/>\n<meta name=\"author\" content=\"Rodrigo Zuquim\" \/>\n<meta name=\"twitter:card\" content=\"summary_large_image\" \/>\n<meta name=\"twitter:creator\" content=\"@agencia_infra\" \/>\n<meta name=\"twitter:site\" content=\"@agencia_infra\" \/>\n<meta name=\"twitter:label1\" content=\"Escrito por\" \/>\n\t<meta name=\"twitter:data1\" content=\"Rodrigo Zuquim\" \/>\n\t<meta name=\"twitter:label2\" content=\"Est. tempo de leitura\" \/>\n\t<meta name=\"twitter:data2\" content=\"5 minutos\" \/>\n<script type=\"application\/ld+json\" class=\"yoast-schema-graph\">{\"@context\":\"https:\/\/schema.org\",\"@graph\":[{\"@type\":\"Article\",\"@id\":\"https:\/\/agenciainfra.com\/blog\/infradebate-naming-rights-em-concessoes-de-servicos-publicos\/#article\",\"isPartOf\":{\"@id\":\"https:\/\/agenciainfra.com\/blog\/infradebate-naming-rights-em-concessoes-de-servicos-publicos\/\"},\"author\":{\"name\":\"Rodrigo Zuquim\",\"@id\":\"https:\/\/agenciainfra.com\/blog\/#\/schema\/person\/04dbb79bd6d8951f063da71f3e4c1eb1\"},\"headline\":\"iNFRADebate: Naming rights em concess\u00f5es de servi\u00e7os p\u00fablicos\",\"datePublished\":\"2021-02-18T16:00:00+00:00\",\"mainEntityOfPage\":{\"@id\":\"https:\/\/agenciainfra.com\/blog\/infradebate-naming-rights-em-concessoes-de-servicos-publicos\/\"},\"wordCount\":970,\"publisher\":{\"@id\":\"https:\/\/agenciainfra.com\/blog\/#organization\"},\"image\":{\"@id\":\"https:\/\/agenciainfra.com\/blog\/infradebate-naming-rights-em-concessoes-de-servicos-publicos\/#primaryimage\"},\"thumbnailUrl\":\"https:\/\/agenciainfra.com\/blog\/wp-content\/uploads\/2021\/02\/leonardo-coelho-ribeiro-foto-arquivo.jpeg\",\"keywords\":[\"agente regulador\",\"bens p\u00fablicos\",\"concession\u00e1ria\",\"concess\u00f5es\",\"financiamento\",\"Leonardo Coelho Ribeiro\",\"livre iniciativa\",\"mobilidade urbana\",\"modicidade tarif\u00e1ria\",\"naming rights\",\"poder concedente\",\"servi\u00e7os p\u00fablicos\",\"sustentabilidade\",\"universaliza\u00e7\u00e3o\"],\"articleSection\":[\"Geral\",\"iNFRADebate\"],\"inLanguage\":\"pt-BR\",\"copyrightYear\":\"2021\",\"copyrightHolder\":{\"@id\":\"https:\/\/agenciainfra.com\/blog\/#organization\"}},{\"@type\":\"WebPage\",\"@id\":\"https:\/\/agenciainfra.com\/blog\/infradebate-naming-rights-em-concessoes-de-servicos-publicos\/\",\"url\":\"https:\/\/agenciainfra.com\/blog\/infradebate-naming-rights-em-concessoes-de-servicos-publicos\/\",\"name\":\"iNFRADebate: Naming rights em concess\u00f5es de servi\u00e7os p\u00fablicos - Ag\u00eancia iNFRA\",\"isPartOf\":{\"@id\":\"https:\/\/agenciainfra.com\/blog\/#website\"},\"primaryImageOfPage\":{\"@id\":\"https:\/\/agenciainfra.com\/blog\/infradebate-naming-rights-em-concessoes-de-servicos-publicos\/#primaryimage\"},\"image\":{\"@id\":\"https:\/\/agenciainfra.com\/blog\/infradebate-naming-rights-em-concessoes-de-servicos-publicos\/#primaryimage\"},\"thumbnailUrl\":\"https:\/\/agenciainfra.com\/blog\/wp-content\/uploads\/2021\/02\/leonardo-coelho-ribeiro-foto-arquivo.jpeg\",\"datePublished\":\"2021-02-18T16:00:00+00:00\",\"breadcrumb\":{\"@id\":\"https:\/\/agenciainfra.com\/blog\/infradebate-naming-rights-em-concessoes-de-servicos-publicos\/#breadcrumb\"},\"inLanguage\":\"pt-BR\",\"potentialAction\":[{\"@type\":\"ReadAction\",\"target\":[\"https:\/\/agenciainfra.com\/blog\/infradebate-naming-rights-em-concessoes-de-servicos-publicos\/\"]}]},{\"@type\":\"ImageObject\",\"inLanguage\":\"pt-BR\",\"@id\":\"https:\/\/agenciainfra.com\/blog\/infradebate-naming-rights-em-concessoes-de-servicos-publicos\/#primaryimage\",\"url\":\"https:\/\/agenciainfra.com\/blog\/wp-content\/uploads\/2021\/02\/leonardo-coelho-ribeiro-foto-arquivo.jpeg\",\"contentUrl\":\"https:\/\/agenciainfra.com\/blog\/wp-content\/uploads\/2021\/02\/leonardo-coelho-ribeiro-foto-arquivo.jpeg\",\"width\":1280,\"height\":821},{\"@type\":\"BreadcrumbList\",\"@id\":\"https:\/\/agenciainfra.com\/blog\/infradebate-naming-rights-em-concessoes-de-servicos-publicos\/#breadcrumb\",\"itemListElement\":[{\"@type\":\"ListItem\",\"position\":1,\"name\":\"In\u00edcio\",\"item\":\"https:\/\/agenciainfra.com\/blog\/\"},{\"@type\":\"ListItem\",\"position\":2,\"name\":\"iNFRADebate: Naming rights em concess\u00f5es de servi\u00e7os p\u00fablicos\"}]},{\"@type\":\"WebSite\",\"@id\":\"https:\/\/agenciainfra.com\/blog\/#website\",\"url\":\"https:\/\/agenciainfra.com\/blog\/\",\"name\":\"Ag\u00eancia iNFRA\",\"description\":\"Multiplataforma de informa\u00e7\u00e3o jornal\u00edstica refer\u00eancia na \u00e1rea de infraestrutura no Brasil!\",\"publisher\":{\"@id\":\"https:\/\/agenciainfra.com\/blog\/#organization\"},\"potentialAction\":[{\"@type\":\"SearchAction\",\"target\":{\"@type\":\"EntryPoint\",\"urlTemplate\":\"https:\/\/agenciainfra.com\/blog\/?s={search_term_string}\"},\"query-input\":{\"@type\":\"PropertyValueSpecification\",\"valueRequired\":true,\"valueName\":\"search_term_string\"}}],\"inLanguage\":\"pt-BR\"},{\"@type\":\"Organization\",\"@id\":\"https:\/\/agenciainfra.com\/blog\/#organization\",\"name\":\"Ag\u00eancia iNFRA\",\"url\":\"https:\/\/agenciainfra.com\/blog\/\",\"logo\":{\"@type\":\"ImageObject\",\"inLanguage\":\"pt-BR\",\"@id\":\"https:\/\/agenciainfra.com\/blog\/#\/schema\/logo\/image\/\",\"url\":\"https:\/\/agenciainfra.com\/blog\/wp-content\/uploads\/2023\/09\/iNFRA_5-e1761735885940.png\",\"contentUrl\":\"https:\/\/agenciainfra.com\/blog\/wp-content\/uploads\/2023\/09\/iNFRA_5-e1761735885940.png\",\"width\":1672,\"height\":454,\"caption\":\"Ag\u00eancia iNFRA\"},\"image\":{\"@id\":\"https:\/\/agenciainfra.com\/blog\/#\/schema\/logo\/image\/\"},\"sameAs\":[\"https:\/\/www.facebook.com\/ageninfra\",\"https:\/\/x.com\/agencia_infra\",\"https:\/\/www.linkedin.com\/company\/ag\u00eanciainfra\/\",\"https:\/\/www.instagram.com\/agenciainfra\/\"]},{\"@type\":\"Person\",\"@id\":\"https:\/\/agenciainfra.com\/blog\/#\/schema\/person\/04dbb79bd6d8951f063da71f3e4c1eb1\",\"name\":\"Rodrigo Zuquim\",\"image\":{\"@type\":\"ImageObject\",\"inLanguage\":\"pt-BR\",\"@id\":\"https:\/\/agenciainfra.com\/blog\/#\/schema\/person\/image\/\",\"url\":\"https:\/\/secure.gravatar.com\/avatar\/594abfe82761d620726242ff34ca472a705a4b97f16c790053a6b4c4035274d0?s=96&d=mm&r=g\",\"contentUrl\":\"https:\/\/secure.gravatar.com\/avatar\/594abfe82761d620726242ff34ca472a705a4b97f16c790053a6b4c4035274d0?s=96&d=mm&r=g\",\"caption\":\"Rodrigo Zuquim\"},\"url\":\"https:\/\/agenciainfra.com\/blog\/author\/rodrigo-zuquim\/\"}]}<\/script>\n<!-- \/ Yoast SEO Premium plugin. -->","yoast_head_json":{"title":"iNFRADebate: Naming rights em concess\u00f5es de servi\u00e7os p\u00fablicos - Ag\u00eancia iNFRA","robots":{"index":"index","follow":"follow","max-snippet":"max-snippet:-1","max-image-preview":"max-image-preview:large","max-video-preview":"max-video-preview:-1"},"canonical":"https:\/\/agenciainfra.com\/blog\/infradebate-naming-rights-em-concessoes-de-servicos-publicos\/","og_locale":"pt_BR","og_type":"article","og_title":"iNFRADebate: Naming rights em concess\u00f5es de servi\u00e7os p\u00fablicos","og_description":"Leonardo Coelho Ribeiro* Seja em rela\u00e7\u00e3o a bens privados, seja em rela\u00e7\u00e3o a bens p\u00fablicos, falar de naming rights tem certo glamour. \u00c9, de algum modo, novidadeiro. O tema, entretanto, n\u00e3o \u00e9 propriamente in\u00e9dito. As quest\u00f5es que se p\u00f5em sobre seu emprego envolvendo bens p\u00fablicos, essas sim, aqui e ali, podem ser novas e merecem [&hellip;]","og_url":"https:\/\/agenciainfra.com\/blog\/infradebate-naming-rights-em-concessoes-de-servicos-publicos\/","og_site_name":"Ag\u00eancia iNFRA","article_publisher":"https:\/\/www.facebook.com\/ageninfra","article_published_time":"2021-02-18T16:00:00+00:00","og_image":[{"width":1280,"height":821,"url":"https:\/\/agenciainfra.com\/blog\/wp-content\/uploads\/2021\/02\/leonardo-coelho-ribeiro-foto-arquivo.jpeg","type":"image\/jpeg"}],"author":"Rodrigo Zuquim","twitter_card":"summary_large_image","twitter_creator":"@agencia_infra","twitter_site":"@agencia_infra","twitter_misc":{"Escrito por":"Rodrigo Zuquim","Est. tempo de leitura":"5 minutos"},"schema":{"@context":"https:\/\/schema.org","@graph":[{"@type":"Article","@id":"https:\/\/agenciainfra.com\/blog\/infradebate-naming-rights-em-concessoes-de-servicos-publicos\/#article","isPartOf":{"@id":"https:\/\/agenciainfra.com\/blog\/infradebate-naming-rights-em-concessoes-de-servicos-publicos\/"},"author":{"name":"Rodrigo Zuquim","@id":"https:\/\/agenciainfra.com\/blog\/#\/schema\/person\/04dbb79bd6d8951f063da71f3e4c1eb1"},"headline":"iNFRADebate: Naming rights em concess\u00f5es de servi\u00e7os p\u00fablicos","datePublished":"2021-02-18T16:00:00+00:00","mainEntityOfPage":{"@id":"https:\/\/agenciainfra.com\/blog\/infradebate-naming-rights-em-concessoes-de-servicos-publicos\/"},"wordCount":970,"publisher":{"@id":"https:\/\/agenciainfra.com\/blog\/#organization"},"image":{"@id":"https:\/\/agenciainfra.com\/blog\/infradebate-naming-rights-em-concessoes-de-servicos-publicos\/#primaryimage"},"thumbnailUrl":"https:\/\/agenciainfra.com\/blog\/wp-content\/uploads\/2021\/02\/leonardo-coelho-ribeiro-foto-arquivo.jpeg","keywords":["agente regulador","bens p\u00fablicos","concession\u00e1ria","concess\u00f5es","financiamento","Leonardo Coelho Ribeiro","livre iniciativa","mobilidade urbana","modicidade tarif\u00e1ria","naming rights","poder concedente","servi\u00e7os p\u00fablicos","sustentabilidade","universaliza\u00e7\u00e3o"],"articleSection":["Geral","iNFRADebate"],"inLanguage":"pt-BR","copyrightYear":"2021","copyrightHolder":{"@id":"https:\/\/agenciainfra.com\/blog\/#organization"}},{"@type":"WebPage","@id":"https:\/\/agenciainfra.com\/blog\/infradebate-naming-rights-em-concessoes-de-servicos-publicos\/","url":"https:\/\/agenciainfra.com\/blog\/infradebate-naming-rights-em-concessoes-de-servicos-publicos\/","name":"iNFRADebate: Naming rights em concess\u00f5es de servi\u00e7os p\u00fablicos - Ag\u00eancia iNFRA","isPartOf":{"@id":"https:\/\/agenciainfra.com\/blog\/#website"},"primaryImageOfPage":{"@id":"https:\/\/agenciainfra.com\/blog\/infradebate-naming-rights-em-concessoes-de-servicos-publicos\/#primaryimage"},"image":{"@id":"https:\/\/agenciainfra.com\/blog\/infradebate-naming-rights-em-concessoes-de-servicos-publicos\/#primaryimage"},"thumbnailUrl":"https:\/\/agenciainfra.com\/blog\/wp-content\/uploads\/2021\/02\/leonardo-coelho-ribeiro-foto-arquivo.jpeg","datePublished":"2021-02-18T16:00:00+00:00","breadcrumb":{"@id":"https:\/\/agenciainfra.com\/blog\/infradebate-naming-rights-em-concessoes-de-servicos-publicos\/#breadcrumb"},"inLanguage":"pt-BR","potentialAction":[{"@type":"ReadAction","target":["https:\/\/agenciainfra.com\/blog\/infradebate-naming-rights-em-concessoes-de-servicos-publicos\/"]}]},{"@type":"ImageObject","inLanguage":"pt-BR","@id":"https:\/\/agenciainfra.com\/blog\/infradebate-naming-rights-em-concessoes-de-servicos-publicos\/#primaryimage","url":"https:\/\/agenciainfra.com\/blog\/wp-content\/uploads\/2021\/02\/leonardo-coelho-ribeiro-foto-arquivo.jpeg","contentUrl":"https:\/\/agenciainfra.com\/blog\/wp-content\/uploads\/2021\/02\/leonardo-coelho-ribeiro-foto-arquivo.jpeg","width":1280,"height":821},{"@type":"BreadcrumbList","@id":"https:\/\/agenciainfra.com\/blog\/infradebate-naming-rights-em-concessoes-de-servicos-publicos\/#breadcrumb","itemListElement":[{"@type":"ListItem","position":1,"name":"In\u00edcio","item":"https:\/\/agenciainfra.com\/blog\/"},{"@type":"ListItem","position":2,"name":"iNFRADebate: Naming rights em concess\u00f5es de servi\u00e7os p\u00fablicos"}]},{"@type":"WebSite","@id":"https:\/\/agenciainfra.com\/blog\/#website","url":"https:\/\/agenciainfra.com\/blog\/","name":"Ag\u00eancia iNFRA","description":"Multiplataforma de informa\u00e7\u00e3o jornal\u00edstica refer\u00eancia na \u00e1rea de infraestrutura no Brasil!","publisher":{"@id":"https:\/\/agenciainfra.com\/blog\/#organization"},"potentialAction":[{"@type":"SearchAction","target":{"@type":"EntryPoint","urlTemplate":"https:\/\/agenciainfra.com\/blog\/?s={search_term_string}"},"query-input":{"@type":"PropertyValueSpecification","valueRequired":true,"valueName":"search_term_string"}}],"inLanguage":"pt-BR"},{"@type":"Organization","@id":"https:\/\/agenciainfra.com\/blog\/#organization","name":"Ag\u00eancia iNFRA","url":"https:\/\/agenciainfra.com\/blog\/","logo":{"@type":"ImageObject","inLanguage":"pt-BR","@id":"https:\/\/agenciainfra.com\/blog\/#\/schema\/logo\/image\/","url":"https:\/\/agenciainfra.com\/blog\/wp-content\/uploads\/2023\/09\/iNFRA_5-e1761735885940.png","contentUrl":"https:\/\/agenciainfra.com\/blog\/wp-content\/uploads\/2023\/09\/iNFRA_5-e1761735885940.png","width":1672,"height":454,"caption":"Ag\u00eancia iNFRA"},"image":{"@id":"https:\/\/agenciainfra.com\/blog\/#\/schema\/logo\/image\/"},"sameAs":["https:\/\/www.facebook.com\/ageninfra","https:\/\/x.com\/agencia_infra","https:\/\/www.linkedin.com\/company\/ag\u00eanciainfra\/","https:\/\/www.instagram.com\/agenciainfra\/"]},{"@type":"Person","@id":"https:\/\/agenciainfra.com\/blog\/#\/schema\/person\/04dbb79bd6d8951f063da71f3e4c1eb1","name":"Rodrigo Zuquim","image":{"@type":"ImageObject","inLanguage":"pt-BR","@id":"https:\/\/agenciainfra.com\/blog\/#\/schema\/person\/image\/","url":"https:\/\/secure.gravatar.com\/avatar\/594abfe82761d620726242ff34ca472a705a4b97f16c790053a6b4c4035274d0?s=96&d=mm&r=g","contentUrl":"https:\/\/secure.gravatar.com\/avatar\/594abfe82761d620726242ff34ca472a705a4b97f16c790053a6b4c4035274d0?s=96&d=mm&r=g","caption":"Rodrigo Zuquim"},"url":"https:\/\/agenciainfra.com\/blog\/author\/rodrigo-zuquim\/"}]}},"_links":{"self":[{"href":"https:\/\/agenciainfra.com\/blog\/wp-json\/wp\/v2\/posts\/6780","targetHints":{"allow":["GET"]}}],"collection":[{"href":"https:\/\/agenciainfra.com\/blog\/wp-json\/wp\/v2\/posts"}],"about":[{"href":"https:\/\/agenciainfra.com\/blog\/wp-json\/wp\/v2\/types\/post"}],"author":[{"embeddable":true,"href":"https:\/\/agenciainfra.com\/blog\/wp-json\/wp\/v2\/users\/9"}],"replies":[{"embeddable":true,"href":"https:\/\/agenciainfra.com\/blog\/wp-json\/wp\/v2\/comments?post=6780"}],"version-history":[{"count":0,"href":"https:\/\/agenciainfra.com\/blog\/wp-json\/wp\/v2\/posts\/6780\/revisions"}],"wp:featuredmedia":[{"embeddable":true,"href":"https:\/\/agenciainfra.com\/blog\/wp-json\/wp\/v2\/media\/6784"}],"wp:attachment":[{"href":"https:\/\/agenciainfra.com\/blog\/wp-json\/wp\/v2\/media?parent=6780"}],"wp:term":[{"taxonomy":"category","embeddable":true,"href":"https:\/\/agenciainfra.com\/blog\/wp-json\/wp\/v2\/categories?post=6780"},{"taxonomy":"post_tag","embeddable":true,"href":"https:\/\/agenciainfra.com\/blog\/wp-json\/wp\/v2\/tags?post=6780"}],"curies":[{"name":"wp","href":"https:\/\/api.w.org\/{rel}","templated":true}]}}