{"id":6789,"date":"2021-02-17T13:00:00","date_gmt":"2021-02-17T16:00:00","guid":{"rendered":"https:\/\/www.agenciainfra.com\/blog\/?p=6789"},"modified":"2021-02-14T17:25:20","modified_gmt":"2021-02-14T20:25:20","slug":"infradebate-falta-de-criterios-claros-dificulta-investimentos-na-expansao-da-rede-de-transmissao-de-energia","status":"publish","type":"post","link":"https:\/\/agenciainfra.com\/blog\/infradebate-falta-de-criterios-claros-dificulta-investimentos-na-expansao-da-rede-de-transmissao-de-energia\/","title":{"rendered":"iNFRADebate: Falta de crit\u00e9rios claros dificulta investimentos na expans\u00e3o da rede de transmiss\u00e3o de energia"},"content":{"rendered":"\n<p class=\"has-text-align-right\"><strong>Marina Zago*<\/strong><\/p>\n\n\n\n<p><em>A insufici\u00eancia dos crit\u00e9rios regulat\u00f3rios traz conflitos e inseguran\u00e7a jur\u00eddica ao setor, com potencial de preju\u00edzos \u00e0 competi\u00e7\u00e3o e modicidade tarif\u00e1ria<\/em><\/p>\n\n\n\n<p>Seguran\u00e7a, confiabilidade e expans\u00e3o do sistema de transmiss\u00e3o de energia el\u00e9trica s\u00e3o garantidos, a partir de obras e instala\u00e7\u00f5es que podem ser enquadradas em um dos tr\u00eas grupos: <strong>melhoria<\/strong>, <strong>refor\u00e7o<\/strong> ou <strong>amplia\u00e7\u00e3o<\/strong>.\u00a0<\/p>\n\n\n\n<p>Essa classifica\u00e7\u00e3o define <strong>quem ir\u00e1 executar a instala\u00e7\u00e3o<\/strong> \u2013 se a pr\u00f3pria concession\u00e1ria transmissora, ou um novo agente escolhido ap\u00f3s processo de licita\u00e7\u00e3o \u2013 e <strong>como ela ser\u00e1 financiada<\/strong> \u2013 se ela pode ou n\u00e3o gerar receita tarif\u00e1ria adicional, com aumento da RAP (receita anual permitida), em fun\u00e7\u00e3o da obra.\u00a0<\/p>\n\n\n\n<p>S\u00e3o quest\u00f5es bastante relevantes para os <strong>agentes do setor<\/strong>, seja para as atuais concession\u00e1rias, seja para as empresas que desejam entrar no mercado pela disputa, via leil\u00e3o, de uma nova concess\u00e3o de transmiss\u00e3o, ou ainda para os <strong>usu\u00e1rios finais<\/strong>. O enquadramento das obras em um ou outro grupo \u2013 e as consequ\u00eancias entre licitar ou autorizar, rever ou n\u00e3o a RAP \u2013 traz impactos para a <strong>modicidade tarif\u00e1ria<\/strong> e para a <strong>competi\u00e7\u00e3o pelo e no setor de transmiss\u00e3o<\/strong>.<\/p>\n\n\n\n<p>H\u00e1 dois pontos bastante relevantes que est\u00e3o em jogo, em consequ\u00eancia da classifica\u00e7\u00e3o das obras de expans\u00e3o do sistema de transmiss\u00e3o de energia entre melhoria, refor\u00e7o e amplia\u00e7\u00e3o.<em> <\/em>O primeiro \u00e9 a defini\u00e7\u00e3o de quais obras ser\u00e3o diretamente executadas pela concession\u00e1ria transmissora, por meio de pr\u00e9via autoriza\u00e7\u00e3o da ANEEL (Ag\u00eancia Nacional de Energia El\u00e9trica), e quais obras ser\u00e3o submetidas ao processo de competi\u00e7\u00e3o por meio de leil\u00e3o de transmiss\u00e3o. Esse ponto \u00e9 relevante especialmente no conflito \u201crefor\u00e7os <em>versus<\/em> amplia\u00e7\u00e3o\u201d. O segundo \u00e9 defini\u00e7\u00e3o de quais obras e com quais limites poder\u00e3o gerar receita adicional \u00e0 transmissora, e quais obras ter\u00e3o que ser arcadas pela receita j\u00e1 fixada para a concession\u00e1ria. Ponto relevante, especialmente, no conflito \u201crefor\u00e7os <em>versus<\/em> melhorias\u201d.\u00a0<\/p>\n\n\n\n<p><strong>Classifica\u00e7\u00e3o<\/strong><br>As defini\u00e7\u00f5es de melhorias e refor\u00e7os est\u00e3o previstas na <a href=\"http:\/\/www2.aneel.gov.br\/cedoc\/ren2020905.pdf\">Resolu\u00e7\u00e3o ANEEL n\u00ba 905\/2020<\/a>. Recentemente editada, a resolu\u00e7\u00e3o compilou as normativas referentes aos servi\u00e7os de transmis\u00e3o. Especificamente em rela\u00e7\u00e3o \u00e0 classifica\u00e7\u00e3o das instala\u00e7\u00f5es, essa resolu\u00e7\u00e3o incorporou as regras ent\u00e3o previstas pela Resolu\u00e7\u00e3o ANEEL n\u00ba 443\/2011 (agora revogada), sem altera\u00e7\u00f5es de conte\u00fado.<\/p>\n\n\n\n<p>Ocorre que, se as defini\u00e7\u00f5es parecem, em abstrato, bastante claras e precisas, na pr\u00e1tica as partes interessadas buscam, a partir de argumentos t\u00e9cnicos igualmente razo\u00e1veis, enquadrar uma mesma instala\u00e7\u00e3o em pelo menos duas das categorias \u2013 melhoria <em>versus<\/em> refor\u00e7o, ou refor\u00e7o <em>versus<\/em> amplia\u00e7\u00e3o. E o fazem justamente a partir dos interesses leg\u00edtimos envolvidos, seja na disputa <em>\u201clicitar versus autorizar\u201d<\/em>, seja na disputa <em>\u201crevisar RAP x n\u00e3o revisar RAP\u201d<\/em>.<\/p>\n\n\n\n<p>No \u00faltimo leil\u00e3o de transmiss\u00e3o, realizado em dezembro de 2020 (Leil\u00e3o de Transmiss\u00e3o n\u00ba 01\/2020), houve dois importantes embates sobre o enquadramento de instala\u00e7\u00f5es como refor\u00e7o ou amplia\u00e7\u00e3o, que foram acompanhadas de perto por todos os agentes interessados: a subesta\u00e7\u00e3o de Porto Alegre 4, e as subesta\u00e7\u00f5es envolvendo a Regi\u00e3o Metropolitana de S\u00e3o Paulo.&nbsp;<\/p>\n\n\n\n<p>Independentemente da discuss\u00e3o sobre as raz\u00f5es de classificac\u00e3o, o fato \u00e9 que os <strong>crit\u00e9rios regulat\u00f3rios atualmente existentes geram diverg\u00eancias t\u00e9cnicas entre os atores e n\u00e3o contribuem para a seguran\u00e7a e previsibilidade jur\u00eddicas<\/strong>. O cen\u00e1rio \u00e9 agravado pelo contencioso regulat\u00f3rio um tanto quanto casu\u00edstico, que ora indica alguns fatores para enquadramento das instala\u00e7\u00f5es, ora os afasta \u2013 como, por exemplo, o volume esperado dos investimentos, ou o prazo necess\u00e1rio para a execu\u00e7\u00e3o das obras.<\/p>\n\n\n\n<p>A necessidade de aperfei\u00e7oamento dos crit\u00e9rios de classifica\u00e7\u00e3o das instala\u00e7\u00f5es j\u00e1 foi identificada pela ANEEL, com a inclus\u00e3o do tema em sua <a href=\"https:\/\/www.aneel.gov.br\/agenda-regulatoria-aneel\/-\/asset_publisher\/r08W5eILpt4u\/content\/agenda-regulatoria-2021-20-1?inheritRedirect=false&amp;redirect=https%3A%2F%2Fwww.aneel.gov.br%2Fagenda-regulatoria-aneel%3Fp_p_id%3D101_INSTANCE_r08W5eILpt4u%26p_p_lifecycle%3D0%26p_p_state%3Dnormal%26p_p_mode%3Dview%26p_p_col_id%3Dcolumn-2%26p_p_col_count%3D5\">Agenda Regulat\u00f3ria 2021-2022<\/a> (item 17). A ag\u00eancia estabeleceu como meta a proposi\u00e7\u00e3o de nova resolu\u00e7\u00e3o sobre o tema, com consulta p\u00fablica no 1\u00ba semestre de 2021 e publica\u00e7\u00e3o final para o 2\u00ba semestre.<\/p>\n\n\n\n<p>O tema \u00e9 n\u00e3o apenas relevante, como urgente: o planejamento setorial j\u00e1 indica obras&nbsp; que ter\u00e3o que ser executadas para manuten\u00e7\u00e3o da confiabilidade e expans\u00e3o do sistema de transmiss\u00e3o, inclusive com um pr\u00f3ximo leil\u00e3o de transmiss\u00e3o previsto para junho de 2021 (<a href=\"https:\/\/www.aneel.gov.br\/transmissao4\">Leil\u00e3o de Transmiss\u00e3o n\u00ba 1\/2021<\/a>).<\/p>\n\n\n\n<p><strong>An\u00e1lise<\/strong><br>Os crit\u00e9rios de classifica\u00e7\u00e3o das obras devem ser revistos e detalhados, tornando-os mais claros para os agentes. \u00c9 preciso discriminar quais fatores, com maior precis\u00e3o e clareza, efetivamente importam para o enquadramento das obras como <strong>melhoria, refor\u00e7o ou amplia\u00e7\u00e3o<\/strong>. O prazo necess\u00e1rio para executar as obras \u00e9 um crit\u00e9rio a ser levado em conta? Se sim, ent\u00e3o como garantir que a falha no planejamento n\u00e3o ser\u00e1 utilizada como uma forma para se esquivar da licita\u00e7\u00e3o? O volume dos investimentos \u00e9 relevante? A identifica\u00e7\u00e3o, pelos \u00f3rg\u00e3os de planejamento setorial, de um mesmo bloco de obras necess\u00e1rias n\u00e3o deveria levar \u00e0 prioriza\u00e7\u00e3o da licita\u00e7\u00e3o desse bloco de obras em conjunto? Essas s\u00e3o algumas quest\u00f5es que devem ser abordadas de frente pela regula\u00e7\u00e3o e, especialmente, discutidas com a sociedade no \u00e2mbito do processo de consulta p\u00fablica, com vistas a trazer par\u00e2metros mais transparentes e detalhados para os agentes do setor.\u00a0<\/p>\n\n\n\n<p>Nesse processo, n\u00e3o se pode perder de vista que o detalhamento e a defini\u00e7\u00e3o desses crit\u00e9rios envolvem escolhas regulat\u00f3rias que implicam <em>trade-offs<\/em> de valores \u2013 maior velocidade para executar as obras em oposi\u00e7\u00e3o \u00e0 maior competi\u00e7\u00e3o, por exemplo. As cr\u00edticas \u00e0 prioriza\u00e7\u00e3o dos valores pela ag\u00eancia s\u00e3o relevantes e contribuem para o aperfei\u00e7oamento da regula\u00e7\u00e3o. Mas, antes de tudo, \u00e9 essencial que esses <em>trade-offs<\/em> fiquem claros, sejam transparentes e previs\u00edveis para os atores interessados.<\/p>\n\n\n\n<p>A ANEEL tem, agora, a chance de encabe\u00e7ar uma mudan\u00e7a regulat\u00f3ria que certamente ter\u00e1 impacto positivo para o setor de transmiss\u00e3o, seus agentes e os consumidores finais.<\/p>\n\n\n\n<h6 class=\"wp-block-heading\" id=\"block-0ad831ad-cd23-417f-b06a-95588097a0b7\"><strong>* Marina Zago \u00e9 advogada do Manesco, Ramires, Perez, Azevedo Marques Sociedade de Advogados.<\/strong><\/h6>\n\n\n\n<h5 class=\"wp-block-heading\" id=\"block-d67878ff-7627-4f15-b175-8f58269174ff\">O iNFRADebate \u00e9 o espa\u00e7o de artigos da Ag\u00eancia iNFRA com opini\u00f5es de seus atores que n\u00e3o refletem necessariamente o pensamento da Ag\u00eancia iNFRA, sendo de total responsabilidade do autor as informa\u00e7\u00f5es, ju\u00edzos de valor e conceitos descritos no texto.<\/h5>\n","protected":false},"excerpt":{"rendered":"<p>Marina Zago* A insufici\u00eancia dos crit\u00e9rios regulat\u00f3rios traz conflitos e inseguran\u00e7a jur\u00eddica ao setor, com potencial de preju\u00edzos \u00e0 competi\u00e7\u00e3o e modicidade tarif\u00e1ria Seguran\u00e7a, confiabilidade e expans\u00e3o do sistema de transmiss\u00e3o de energia el\u00e9trica s\u00e3o garantidos, a partir de obras e instala\u00e7\u00f5es que podem ser enquadradas em um dos tr\u00eas grupos: melhoria, refor\u00e7o ou amplia\u00e7\u00e3o.\u00a0 [&hellip;]<\/p>\n","protected":false},"author":9,"featured_media":6790,"comment_status":"closed","ping_status":"closed","sticky":false,"template":"","format":"standard","meta":{"_monsterinsights_skip_tracking":false,"_monsterinsights_sitenote_active":false,"_monsterinsights_sitenote_note":"","_monsterinsights_sitenote_category":0,"footnotes":""},"categories":[1,11],"tags":[852,2540,53,3556,3548,345,25,3557,3196,32,254,3560,3561,316,2799,2941,2222,2223,3555,48,3559,3558,2969],"class_list":["post-6789","post","type-post","status-publish","format-standard","has-post-thumbnail","hentry","category-geral","category-infradebate","tag-agencia-nacional-de-energia-eletrica","tag-agenda-regulatoria","tag-aneel","tag-competicao","tag-concessionaria","tag-consulta-publica","tag-energia","tag-expansao","tag-inseguranca-juridica","tag-investimentos","tag-leilao","tag-leilao-de-transmissao-01-2020","tag-leilao-de-transmissao-01-2021","tag-licitacao","tag-marina-zago","tag-modicidade-tarifaria","tag-rap","tag-receita-anual-permitida","tag-rede-de-transmissao","tag-regulacao","tag-resolucao-aneel-443-2011","tag-resolucao-aneel-905-2020","tag-transmissao"],"yoast_head":"<!-- This site is optimized with the Yoast SEO Premium plugin v25.4 (Yoast SEO v26.0) - https:\/\/yoast.com\/wordpress\/plugins\/seo\/ -->\n<title>iNFRADebate: Falta de crit\u00e9rios claros dificulta investimentos na expans\u00e3o da rede de transmiss\u00e3o de energia - Ag\u00eancia iNFRA<\/title>\n<meta name=\"robots\" content=\"index, follow, max-snippet:-1, max-image-preview:large, max-video-preview:-1\" \/>\n<link rel=\"canonical\" href=\"https:\/\/agenciainfra.com\/blog\/infradebate-falta-de-criterios-claros-dificulta-investimentos-na-expansao-da-rede-de-transmissao-de-energia\/\" \/>\n<meta property=\"og:locale\" content=\"pt_BR\" \/>\n<meta property=\"og:type\" content=\"article\" \/>\n<meta property=\"og:title\" content=\"iNFRADebate: Falta de crit\u00e9rios claros dificulta investimentos na expans\u00e3o da rede de transmiss\u00e3o de energia\" \/>\n<meta property=\"og:description\" content=\"Marina Zago* A insufici\u00eancia dos crit\u00e9rios regulat\u00f3rios traz conflitos e inseguran\u00e7a jur\u00eddica ao setor, com potencial de preju\u00edzos \u00e0 competi\u00e7\u00e3o e modicidade tarif\u00e1ria Seguran\u00e7a, confiabilidade e expans\u00e3o do sistema de transmiss\u00e3o de energia el\u00e9trica s\u00e3o garantidos, a partir de obras e instala\u00e7\u00f5es que podem ser enquadradas em um dos tr\u00eas grupos: melhoria, refor\u00e7o ou amplia\u00e7\u00e3o.\u00a0 [&hellip;]\" \/>\n<meta property=\"og:url\" content=\"https:\/\/agenciainfra.com\/blog\/infradebate-falta-de-criterios-claros-dificulta-investimentos-na-expansao-da-rede-de-transmissao-de-energia\/\" \/>\n<meta property=\"og:site_name\" content=\"Ag\u00eancia iNFRA\" \/>\n<meta property=\"article:publisher\" content=\"https:\/\/www.facebook.com\/ageninfra\" \/>\n<meta property=\"article:published_time\" content=\"2021-02-17T16:00:00+00:00\" \/>\n<meta property=\"og:image\" content=\"https:\/\/agenciainfra.com\/blog\/wp-content\/uploads\/2021\/02\/rede-de-transmissao-foto-dominio-publico.jpg\" \/>\n\t<meta property=\"og:image:width\" content=\"1280\" \/>\n\t<meta property=\"og:image:height\" content=\"854\" \/>\n\t<meta property=\"og:image:type\" content=\"image\/jpeg\" \/>\n<meta name=\"author\" content=\"Rodrigo Zuquim\" \/>\n<meta name=\"twitter:card\" content=\"summary_large_image\" \/>\n<meta name=\"twitter:creator\" content=\"@agencia_infra\" \/>\n<meta name=\"twitter:site\" content=\"@agencia_infra\" \/>\n<meta name=\"twitter:label1\" content=\"Escrito por\" \/>\n\t<meta name=\"twitter:data1\" content=\"Rodrigo Zuquim\" \/>\n\t<meta name=\"twitter:label2\" content=\"Est. tempo de leitura\" \/>\n\t<meta name=\"twitter:data2\" content=\"5 minutos\" \/>\n<script type=\"application\/ld+json\" class=\"yoast-schema-graph\">{\"@context\":\"https:\/\/schema.org\",\"@graph\":[{\"@type\":\"Article\",\"@id\":\"https:\/\/agenciainfra.com\/blog\/infradebate-falta-de-criterios-claros-dificulta-investimentos-na-expansao-da-rede-de-transmissao-de-energia\/#article\",\"isPartOf\":{\"@id\":\"https:\/\/agenciainfra.com\/blog\/infradebate-falta-de-criterios-claros-dificulta-investimentos-na-expansao-da-rede-de-transmissao-de-energia\/\"},\"author\":{\"name\":\"Rodrigo Zuquim\",\"@id\":\"https:\/\/agenciainfra.com\/blog\/#\/schema\/person\/04dbb79bd6d8951f063da71f3e4c1eb1\"},\"headline\":\"iNFRADebate: Falta de crit\u00e9rios claros dificulta investimentos na expans\u00e3o da rede de transmiss\u00e3o de energia\",\"datePublished\":\"2021-02-17T16:00:00+00:00\",\"mainEntityOfPage\":{\"@id\":\"https:\/\/agenciainfra.com\/blog\/infradebate-falta-de-criterios-claros-dificulta-investimentos-na-expansao-da-rede-de-transmissao-de-energia\/\"},\"wordCount\":1116,\"publisher\":{\"@id\":\"https:\/\/agenciainfra.com\/blog\/#organization\"},\"image\":{\"@id\":\"https:\/\/agenciainfra.com\/blog\/infradebate-falta-de-criterios-claros-dificulta-investimentos-na-expansao-da-rede-de-transmissao-de-energia\/#primaryimage\"},\"thumbnailUrl\":\"https:\/\/agenciainfra.com\/blog\/wp-content\/uploads\/2021\/02\/rede-de-transmissao-foto-dominio-publico.jpg\",\"keywords\":[\"Ag\u00eancia Nacional de Energia El\u00e9trica\",\"agenda regulat\u00f3ria\",\"ANEEL\",\"competi\u00e7\u00e3o\",\"concession\u00e1ria\",\"consulta p\u00fablica\",\"energia\",\"expans\u00e3o\",\"inseguran\u00e7a jur\u00eddica\",\"Investimentos\",\"leil\u00e3o\",\"Leil\u00e3o de Transmiss\u00e3o 01\/2020\",\"Leil\u00e3o de Transmiss\u00e3o 01\/2021\",\"licita\u00e7\u00e3o\",\"Marina Zago\",\"modicidade tarif\u00e1ria\",\"RAP\",\"receita anual permitida\",\"rede de transmiss\u00e3o\",\"Regula\u00e7\u00e3o\",\"Resolu\u00e7\u00e3o ANEEL 443\/2011\",\"Resolu\u00e7\u00e3o ANEEL 905\/2020\",\"transmiss\u00e3o\"],\"articleSection\":[\"Geral\",\"iNFRADebate\"],\"inLanguage\":\"pt-BR\",\"copyrightYear\":\"2021\",\"copyrightHolder\":{\"@id\":\"https:\/\/agenciainfra.com\/blog\/#organization\"}},{\"@type\":\"WebPage\",\"@id\":\"https:\/\/agenciainfra.com\/blog\/infradebate-falta-de-criterios-claros-dificulta-investimentos-na-expansao-da-rede-de-transmissao-de-energia\/\",\"url\":\"https:\/\/agenciainfra.com\/blog\/infradebate-falta-de-criterios-claros-dificulta-investimentos-na-expansao-da-rede-de-transmissao-de-energia\/\",\"name\":\"iNFRADebate: Falta de crit\u00e9rios claros dificulta investimentos na expans\u00e3o da rede de transmiss\u00e3o de energia - Ag\u00eancia iNFRA\",\"isPartOf\":{\"@id\":\"https:\/\/agenciainfra.com\/blog\/#website\"},\"primaryImageOfPage\":{\"@id\":\"https:\/\/agenciainfra.com\/blog\/infradebate-falta-de-criterios-claros-dificulta-investimentos-na-expansao-da-rede-de-transmissao-de-energia\/#primaryimage\"},\"image\":{\"@id\":\"https:\/\/agenciainfra.com\/blog\/infradebate-falta-de-criterios-claros-dificulta-investimentos-na-expansao-da-rede-de-transmissao-de-energia\/#primaryimage\"},\"thumbnailUrl\":\"https:\/\/agenciainfra.com\/blog\/wp-content\/uploads\/2021\/02\/rede-de-transmissao-foto-dominio-publico.jpg\",\"datePublished\":\"2021-02-17T16:00:00+00:00\",\"breadcrumb\":{\"@id\":\"https:\/\/agenciainfra.com\/blog\/infradebate-falta-de-criterios-claros-dificulta-investimentos-na-expansao-da-rede-de-transmissao-de-energia\/#breadcrumb\"},\"inLanguage\":\"pt-BR\",\"potentialAction\":[{\"@type\":\"ReadAction\",\"target\":[\"https:\/\/agenciainfra.com\/blog\/infradebate-falta-de-criterios-claros-dificulta-investimentos-na-expansao-da-rede-de-transmissao-de-energia\/\"]}]},{\"@type\":\"ImageObject\",\"inLanguage\":\"pt-BR\",\"@id\":\"https:\/\/agenciainfra.com\/blog\/infradebate-falta-de-criterios-claros-dificulta-investimentos-na-expansao-da-rede-de-transmissao-de-energia\/#primaryimage\",\"url\":\"https:\/\/agenciainfra.com\/blog\/wp-content\/uploads\/2021\/02\/rede-de-transmissao-foto-dominio-publico.jpg\",\"contentUrl\":\"https:\/\/agenciainfra.com\/blog\/wp-content\/uploads\/2021\/02\/rede-de-transmissao-foto-dominio-publico.jpg\",\"width\":1280,\"height\":854,\"caption\":\"Foto: Dom\u00ednio P\u00fablico\"},{\"@type\":\"BreadcrumbList\",\"@id\":\"https:\/\/agenciainfra.com\/blog\/infradebate-falta-de-criterios-claros-dificulta-investimentos-na-expansao-da-rede-de-transmissao-de-energia\/#breadcrumb\",\"itemListElement\":[{\"@type\":\"ListItem\",\"position\":1,\"name\":\"In\u00edcio\",\"item\":\"https:\/\/agenciainfra.com\/blog\/\"},{\"@type\":\"ListItem\",\"position\":2,\"name\":\"iNFRADebate: Falta de crit\u00e9rios claros dificulta investimentos na expans\u00e3o da rede de transmiss\u00e3o de energia\"}]},{\"@type\":\"WebSite\",\"@id\":\"https:\/\/agenciainfra.com\/blog\/#website\",\"url\":\"https:\/\/agenciainfra.com\/blog\/\",\"name\":\"Ag\u00eancia iNFRA\",\"description\":\"Multiplataforma de informa\u00e7\u00e3o jornal\u00edstica refer\u00eancia na \u00e1rea de infraestrutura no Brasil!\",\"publisher\":{\"@id\":\"https:\/\/agenciainfra.com\/blog\/#organization\"},\"potentialAction\":[{\"@type\":\"SearchAction\",\"target\":{\"@type\":\"EntryPoint\",\"urlTemplate\":\"https:\/\/agenciainfra.com\/blog\/?s={search_term_string}\"},\"query-input\":{\"@type\":\"PropertyValueSpecification\",\"valueRequired\":true,\"valueName\":\"search_term_string\"}}],\"inLanguage\":\"pt-BR\"},{\"@type\":\"Organization\",\"@id\":\"https:\/\/agenciainfra.com\/blog\/#organization\",\"name\":\"Ag\u00eancia iNFRA\",\"url\":\"https:\/\/agenciainfra.com\/blog\/\",\"logo\":{\"@type\":\"ImageObject\",\"inLanguage\":\"pt-BR\",\"@id\":\"https:\/\/agenciainfra.com\/blog\/#\/schema\/logo\/image\/\",\"url\":\"https:\/\/agenciainfra.com\/blog\/wp-content\/uploads\/2023\/09\/iNFRA_5-e1761735885940.png\",\"contentUrl\":\"https:\/\/agenciainfra.com\/blog\/wp-content\/uploads\/2023\/09\/iNFRA_5-e1761735885940.png\",\"width\":1672,\"height\":454,\"caption\":\"Ag\u00eancia iNFRA\"},\"image\":{\"@id\":\"https:\/\/agenciainfra.com\/blog\/#\/schema\/logo\/image\/\"},\"sameAs\":[\"https:\/\/www.facebook.com\/ageninfra\",\"https:\/\/x.com\/agencia_infra\",\"https:\/\/www.linkedin.com\/company\/ag\u00eanciainfra\/\",\"https:\/\/www.instagram.com\/agenciainfra\/\"]},{\"@type\":\"Person\",\"@id\":\"https:\/\/agenciainfra.com\/blog\/#\/schema\/person\/04dbb79bd6d8951f063da71f3e4c1eb1\",\"name\":\"Rodrigo Zuquim\",\"image\":{\"@type\":\"ImageObject\",\"inLanguage\":\"pt-BR\",\"@id\":\"https:\/\/agenciainfra.com\/blog\/#\/schema\/person\/image\/\",\"url\":\"https:\/\/secure.gravatar.com\/avatar\/594abfe82761d620726242ff34ca472a705a4b97f16c790053a6b4c4035274d0?s=96&d=mm&r=g\",\"contentUrl\":\"https:\/\/secure.gravatar.com\/avatar\/594abfe82761d620726242ff34ca472a705a4b97f16c790053a6b4c4035274d0?s=96&d=mm&r=g\",\"caption\":\"Rodrigo Zuquim\"},\"url\":\"https:\/\/agenciainfra.com\/blog\/author\/rodrigo-zuquim\/\"}]}<\/script>\n<!-- \/ Yoast SEO Premium plugin. -->","yoast_head_json":{"title":"iNFRADebate: Falta de crit\u00e9rios claros dificulta investimentos na expans\u00e3o da rede de transmiss\u00e3o de energia - Ag\u00eancia iNFRA","robots":{"index":"index","follow":"follow","max-snippet":"max-snippet:-1","max-image-preview":"max-image-preview:large","max-video-preview":"max-video-preview:-1"},"canonical":"https:\/\/agenciainfra.com\/blog\/infradebate-falta-de-criterios-claros-dificulta-investimentos-na-expansao-da-rede-de-transmissao-de-energia\/","og_locale":"pt_BR","og_type":"article","og_title":"iNFRADebate: Falta de crit\u00e9rios claros dificulta investimentos na expans\u00e3o da rede de transmiss\u00e3o de energia","og_description":"Marina Zago* A insufici\u00eancia dos crit\u00e9rios regulat\u00f3rios traz conflitos e inseguran\u00e7a jur\u00eddica ao setor, com potencial de preju\u00edzos \u00e0 competi\u00e7\u00e3o e modicidade tarif\u00e1ria Seguran\u00e7a, confiabilidade e expans\u00e3o do sistema de transmiss\u00e3o de energia el\u00e9trica s\u00e3o garantidos, a partir de obras e instala\u00e7\u00f5es que podem ser enquadradas em um dos tr\u00eas grupos: melhoria, refor\u00e7o ou amplia\u00e7\u00e3o.\u00a0 [&hellip;]","og_url":"https:\/\/agenciainfra.com\/blog\/infradebate-falta-de-criterios-claros-dificulta-investimentos-na-expansao-da-rede-de-transmissao-de-energia\/","og_site_name":"Ag\u00eancia iNFRA","article_publisher":"https:\/\/www.facebook.com\/ageninfra","article_published_time":"2021-02-17T16:00:00+00:00","og_image":[{"width":1280,"height":854,"url":"https:\/\/agenciainfra.com\/blog\/wp-content\/uploads\/2021\/02\/rede-de-transmissao-foto-dominio-publico.jpg","type":"image\/jpeg"}],"author":"Rodrigo Zuquim","twitter_card":"summary_large_image","twitter_creator":"@agencia_infra","twitter_site":"@agencia_infra","twitter_misc":{"Escrito por":"Rodrigo Zuquim","Est. tempo de leitura":"5 minutos"},"schema":{"@context":"https:\/\/schema.org","@graph":[{"@type":"Article","@id":"https:\/\/agenciainfra.com\/blog\/infradebate-falta-de-criterios-claros-dificulta-investimentos-na-expansao-da-rede-de-transmissao-de-energia\/#article","isPartOf":{"@id":"https:\/\/agenciainfra.com\/blog\/infradebate-falta-de-criterios-claros-dificulta-investimentos-na-expansao-da-rede-de-transmissao-de-energia\/"},"author":{"name":"Rodrigo Zuquim","@id":"https:\/\/agenciainfra.com\/blog\/#\/schema\/person\/04dbb79bd6d8951f063da71f3e4c1eb1"},"headline":"iNFRADebate: Falta de crit\u00e9rios claros dificulta investimentos na expans\u00e3o da rede de transmiss\u00e3o de energia","datePublished":"2021-02-17T16:00:00+00:00","mainEntityOfPage":{"@id":"https:\/\/agenciainfra.com\/blog\/infradebate-falta-de-criterios-claros-dificulta-investimentos-na-expansao-da-rede-de-transmissao-de-energia\/"},"wordCount":1116,"publisher":{"@id":"https:\/\/agenciainfra.com\/blog\/#organization"},"image":{"@id":"https:\/\/agenciainfra.com\/blog\/infradebate-falta-de-criterios-claros-dificulta-investimentos-na-expansao-da-rede-de-transmissao-de-energia\/#primaryimage"},"thumbnailUrl":"https:\/\/agenciainfra.com\/blog\/wp-content\/uploads\/2021\/02\/rede-de-transmissao-foto-dominio-publico.jpg","keywords":["Ag\u00eancia Nacional de Energia El\u00e9trica","agenda regulat\u00f3ria","ANEEL","competi\u00e7\u00e3o","concession\u00e1ria","consulta p\u00fablica","energia","expans\u00e3o","inseguran\u00e7a jur\u00eddica","Investimentos","leil\u00e3o","Leil\u00e3o de Transmiss\u00e3o 01\/2020","Leil\u00e3o de Transmiss\u00e3o 01\/2021","licita\u00e7\u00e3o","Marina Zago","modicidade tarif\u00e1ria","RAP","receita anual permitida","rede de transmiss\u00e3o","Regula\u00e7\u00e3o","Resolu\u00e7\u00e3o ANEEL 443\/2011","Resolu\u00e7\u00e3o ANEEL 905\/2020","transmiss\u00e3o"],"articleSection":["Geral","iNFRADebate"],"inLanguage":"pt-BR","copyrightYear":"2021","copyrightHolder":{"@id":"https:\/\/agenciainfra.com\/blog\/#organization"}},{"@type":"WebPage","@id":"https:\/\/agenciainfra.com\/blog\/infradebate-falta-de-criterios-claros-dificulta-investimentos-na-expansao-da-rede-de-transmissao-de-energia\/","url":"https:\/\/agenciainfra.com\/blog\/infradebate-falta-de-criterios-claros-dificulta-investimentos-na-expansao-da-rede-de-transmissao-de-energia\/","name":"iNFRADebate: Falta de crit\u00e9rios claros dificulta investimentos na expans\u00e3o da rede de transmiss\u00e3o de energia - Ag\u00eancia iNFRA","isPartOf":{"@id":"https:\/\/agenciainfra.com\/blog\/#website"},"primaryImageOfPage":{"@id":"https:\/\/agenciainfra.com\/blog\/infradebate-falta-de-criterios-claros-dificulta-investimentos-na-expansao-da-rede-de-transmissao-de-energia\/#primaryimage"},"image":{"@id":"https:\/\/agenciainfra.com\/blog\/infradebate-falta-de-criterios-claros-dificulta-investimentos-na-expansao-da-rede-de-transmissao-de-energia\/#primaryimage"},"thumbnailUrl":"https:\/\/agenciainfra.com\/blog\/wp-content\/uploads\/2021\/02\/rede-de-transmissao-foto-dominio-publico.jpg","datePublished":"2021-02-17T16:00:00+00:00","breadcrumb":{"@id":"https:\/\/agenciainfra.com\/blog\/infradebate-falta-de-criterios-claros-dificulta-investimentos-na-expansao-da-rede-de-transmissao-de-energia\/#breadcrumb"},"inLanguage":"pt-BR","potentialAction":[{"@type":"ReadAction","target":["https:\/\/agenciainfra.com\/blog\/infradebate-falta-de-criterios-claros-dificulta-investimentos-na-expansao-da-rede-de-transmissao-de-energia\/"]}]},{"@type":"ImageObject","inLanguage":"pt-BR","@id":"https:\/\/agenciainfra.com\/blog\/infradebate-falta-de-criterios-claros-dificulta-investimentos-na-expansao-da-rede-de-transmissao-de-energia\/#primaryimage","url":"https:\/\/agenciainfra.com\/blog\/wp-content\/uploads\/2021\/02\/rede-de-transmissao-foto-dominio-publico.jpg","contentUrl":"https:\/\/agenciainfra.com\/blog\/wp-content\/uploads\/2021\/02\/rede-de-transmissao-foto-dominio-publico.jpg","width":1280,"height":854,"caption":"Foto: Dom\u00ednio P\u00fablico"},{"@type":"BreadcrumbList","@id":"https:\/\/agenciainfra.com\/blog\/infradebate-falta-de-criterios-claros-dificulta-investimentos-na-expansao-da-rede-de-transmissao-de-energia\/#breadcrumb","itemListElement":[{"@type":"ListItem","position":1,"name":"In\u00edcio","item":"https:\/\/agenciainfra.com\/blog\/"},{"@type":"ListItem","position":2,"name":"iNFRADebate: Falta de crit\u00e9rios claros dificulta investimentos na expans\u00e3o da rede de transmiss\u00e3o de energia"}]},{"@type":"WebSite","@id":"https:\/\/agenciainfra.com\/blog\/#website","url":"https:\/\/agenciainfra.com\/blog\/","name":"Ag\u00eancia iNFRA","description":"Multiplataforma de informa\u00e7\u00e3o jornal\u00edstica refer\u00eancia na \u00e1rea de infraestrutura no Brasil!","publisher":{"@id":"https:\/\/agenciainfra.com\/blog\/#organization"},"potentialAction":[{"@type":"SearchAction","target":{"@type":"EntryPoint","urlTemplate":"https:\/\/agenciainfra.com\/blog\/?s={search_term_string}"},"query-input":{"@type":"PropertyValueSpecification","valueRequired":true,"valueName":"search_term_string"}}],"inLanguage":"pt-BR"},{"@type":"Organization","@id":"https:\/\/agenciainfra.com\/blog\/#organization","name":"Ag\u00eancia iNFRA","url":"https:\/\/agenciainfra.com\/blog\/","logo":{"@type":"ImageObject","inLanguage":"pt-BR","@id":"https:\/\/agenciainfra.com\/blog\/#\/schema\/logo\/image\/","url":"https:\/\/agenciainfra.com\/blog\/wp-content\/uploads\/2023\/09\/iNFRA_5-e1761735885940.png","contentUrl":"https:\/\/agenciainfra.com\/blog\/wp-content\/uploads\/2023\/09\/iNFRA_5-e1761735885940.png","width":1672,"height":454,"caption":"Ag\u00eancia iNFRA"},"image":{"@id":"https:\/\/agenciainfra.com\/blog\/#\/schema\/logo\/image\/"},"sameAs":["https:\/\/www.facebook.com\/ageninfra","https:\/\/x.com\/agencia_infra","https:\/\/www.linkedin.com\/company\/ag\u00eanciainfra\/","https:\/\/www.instagram.com\/agenciainfra\/"]},{"@type":"Person","@id":"https:\/\/agenciainfra.com\/blog\/#\/schema\/person\/04dbb79bd6d8951f063da71f3e4c1eb1","name":"Rodrigo Zuquim","image":{"@type":"ImageObject","inLanguage":"pt-BR","@id":"https:\/\/agenciainfra.com\/blog\/#\/schema\/person\/image\/","url":"https:\/\/secure.gravatar.com\/avatar\/594abfe82761d620726242ff34ca472a705a4b97f16c790053a6b4c4035274d0?s=96&d=mm&r=g","contentUrl":"https:\/\/secure.gravatar.com\/avatar\/594abfe82761d620726242ff34ca472a705a4b97f16c790053a6b4c4035274d0?s=96&d=mm&r=g","caption":"Rodrigo Zuquim"},"url":"https:\/\/agenciainfra.com\/blog\/author\/rodrigo-zuquim\/"}]}},"_links":{"self":[{"href":"https:\/\/agenciainfra.com\/blog\/wp-json\/wp\/v2\/posts\/6789","targetHints":{"allow":["GET"]}}],"collection":[{"href":"https:\/\/agenciainfra.com\/blog\/wp-json\/wp\/v2\/posts"}],"about":[{"href":"https:\/\/agenciainfra.com\/blog\/wp-json\/wp\/v2\/types\/post"}],"author":[{"embeddable":true,"href":"https:\/\/agenciainfra.com\/blog\/wp-json\/wp\/v2\/users\/9"}],"replies":[{"embeddable":true,"href":"https:\/\/agenciainfra.com\/blog\/wp-json\/wp\/v2\/comments?post=6789"}],"version-history":[{"count":0,"href":"https:\/\/agenciainfra.com\/blog\/wp-json\/wp\/v2\/posts\/6789\/revisions"}],"wp:featuredmedia":[{"embeddable":true,"href":"https:\/\/agenciainfra.com\/blog\/wp-json\/wp\/v2\/media\/6790"}],"wp:attachment":[{"href":"https:\/\/agenciainfra.com\/blog\/wp-json\/wp\/v2\/media?parent=6789"}],"wp:term":[{"taxonomy":"category","embeddable":true,"href":"https:\/\/agenciainfra.com\/blog\/wp-json\/wp\/v2\/categories?post=6789"},{"taxonomy":"post_tag","embeddable":true,"href":"https:\/\/agenciainfra.com\/blog\/wp-json\/wp\/v2\/tags?post=6789"}],"curies":[{"name":"wp","href":"https:\/\/api.w.org\/{rel}","templated":true}]}}