{"id":6820,"date":"2021-02-23T08:00:00","date_gmt":"2021-02-23T11:00:00","guid":{"rendered":"https:\/\/www.agenciainfra.com\/blog\/?p=6820"},"modified":"2021-02-22T18:15:48","modified_gmt":"2021-02-22T21:15:48","slug":"diretor-geral-interino-da-antt-quer-avancar-com-mudancas-para-reforcar-trabalho-tecnico-da-agencia","status":"publish","type":"post","link":"https:\/\/agenciainfra.com\/blog\/diretor-geral-interino-da-antt-quer-avancar-com-mudancas-para-reforcar-trabalho-tecnico-da-agencia\/","title":{"rendered":"Diretor-geral interino da ANTT quer avan\u00e7ar com mudan\u00e7as para refor\u00e7ar trabalho t\u00e9cnico da ag\u00eancia"},"content":{"rendered":"\n<hr class=\"wp-block-separator\"\/>\n\n\n\n<p class=\"has-text-align-right\"><strong>Dimmi Amora, da&nbsp;Ag\u00eancia iNFRA<\/strong><\/p>\n\n\n\n<p>O novo diretor-geral substituto da ANTT (Ag\u00eancia Nacional de Transportes Terrestres), Alexandre Porto, afirmou que pretende\u00a0em seu per\u00edodo \u00e0 frente da ag\u00eancia fazer mudan\u00e7as que possam ampliar a governan\u00e7a da ag\u00eancia e refor\u00e7ar o trabalho dos t\u00e9cnicos.<br><br>Em conversa com a\u00a0<strong>Ag\u00eancia iNFRA<\/strong>\u00a0ap\u00f3s iniciar sua gest\u00e3o, Porto, que \u00e9 servidor da ag\u00eancia e pode se tornar diretor efetivo se tiver seu nome referendado pelo plen\u00e1rio do Senado, afirmou que sua interinidade pode durar &#8220;uma semana ou seis meses&#8221; e que, por isso, n\u00e3o pode parar o funcionamento da ag\u00eancia at\u00e9 a nomea\u00e7\u00e3o de Davi Barreto, que est\u00e1 com seu nome para ser aprovado pelo Senado como diretor-geral.<br><br>&#8220;Temos que seguir com a pol\u00edtica de refor\u00e7ar a governan\u00e7a de nosso or\u00e7amento e dos cargos e sal\u00e1rios. Precisamos tamb\u00e9m seguir com o aumento da transpar\u00eancia. Ainda tem muita coisa fechada que precisa ser aberta para a sociedade&#8221;, disse Porto.<br><br>Segundo o diretor-geral interino, a melhor governan\u00e7a nos processos or\u00e7ament\u00e1rios e de cargos vai servir para refor\u00e7ar contrata\u00e7\u00f5es que possam auxiliar as equipes t\u00e9cnicas a melhorar o trabalho em suas \u00e1reas.\u00a0<br><br>O novo diretor admitiu que h\u00e1 uma preocupa\u00e7\u00e3o, de toda a Esplanada dos Minist\u00e9rios, com a execu\u00e7\u00e3o do or\u00e7amento de 2021, que ainda n\u00e3o foi aprovado e obriga os \u00f3rg\u00e3os a trabalharem com apenas 1\/18 do or\u00e7amento de 2020. Mas afirmou que vai trabalhar para adequar os gastos e evitar paralisa\u00e7\u00f5es de servi\u00e7os.<br><br>Porto elogiou as mudan\u00e7as iniciadas na gest\u00e3o de seu antecessor, o diretor Marcelo Vinaud, que deixou o cargo semana passada ap\u00f3s ficar um ano \u00e0 frente da ag\u00eancia.\u00a0<br><br>Segundo ele, a cria\u00e7\u00e3o de uma superintend\u00eancia para cuidar de concess\u00f5es melhorou a estrutura\u00e7\u00e3o de projetos e deu maior capacidade para as equipes das superintend\u00eancias de rodovias e ferrovias para trabalharem no desenvolvimento dessas \u00e1reas.<br><br><strong>Aditivo\u00a0da NovaDutra\u00a0<\/strong><br>Porto e Vinaud fizeram uma transi\u00e7\u00e3o tranquila e o novo diretor recebeu uma lista de processos cr\u00edticos que ter\u00e3o que ser decididos pela ag\u00eancia nas pr\u00f3ximas semanas, em especial as concess\u00f5es rodovi\u00e1rias da 1\u00aa Etapa, que se encerram nos pr\u00f3ximos dias.<br><br>No caso da Rodovia Presidente Dutra (Rio de Janeiro-S\u00e3o Paulo), administrada pela CCR NovaDutra, o TCU (Tribunal de Contas da Uni\u00e3o) est\u00e1 contestando o modelo escolhido pela ANTT de um aditivo para mais um ano da opera\u00e7\u00e3o.<br><br>A ag\u00eancia reguladora criou uma tarifa calculada para o per\u00edodo de aditivo, menor que a tarifa que ser\u00e1 cobrada. A diferen\u00e7a vai criar um fundo para indenizar a concession\u00e1ria por poss\u00edveis perdas ao longo da concess\u00e3o.\u00a0<br><br>A secretaria do TCU que analisa processos de rodovias contesta tanto o c\u00e1lculo realizado para chegar \u00e0 tarifa calculada como tamb\u00e9m a legalidade dessa decis\u00e3o por parte da ANTT. Houve um pedido de cautelar ao ministro Bruno Dantas, que pediu esclarecimentos \u00e0 ANTT antes de decidir.<br><br>Segundo Porto, a resposta ao ministro seria encaminhada na sexta-feira, com dados sobre os motivos que levaram \u00e0 escolha regulat\u00f3ria por parte da ag\u00eancia.<br><br>&#8220;Estamos tecnicamente muito seguros do que fizemos&#8221;, afirmou o novo diretor-geral.\u00a0<br><br><strong>Liminar negada<\/strong><br>A ju\u00edza Diana Wanderlei, substituta da 5\u00aa Vara Federal do Distrito Federal, negou pedido de liminar da concession\u00e1ria Concer, que administra o trecho da BR-040 entre Rio de Janeiro e Juiz de Fora, para permanecer na administra\u00e7\u00e3o da rodovia ap\u00f3s o fim do contrato da 1\u00aa Etapa de concess\u00f5es rodovi\u00e1rias, que se encerrar\u00e1 em 28 de fevereiro.<br><br>N\u00e3o foi acatado o\u00a0argumento da concession\u00e1ria que pedia no processo 1005306-15.2021.4.01.3400 para seguir na concess\u00e3o por mais 138 dias para reequilibrar despesas decorrentes da Covid-19.<br><br>A magistrada avaliou que eram v\u00e1lidos os argumentos da ANTT de que a empresa n\u00e3o estaria prestando o servi\u00e7o a contento e que os reequil\u00edbrios t\u00eam regra pr\u00f3pria para serem realizados.\u00a0<br><br>Al\u00e9m disso, citou a defer\u00eancia ao ato do regulador para decidir como operar a rodovia que, pelos planos do governo, ser\u00e1 repassada para a administra\u00e7\u00e3o do DNIT (Departamento Nacional de Infraestrutura de Transportes) a partir de 1\u00ba de mar\u00e7o.<br><br>&#8220;O ente regulat\u00f3rio j\u00e1 tem um cronograma definido junto ao DNIT, tudo com participa\u00e7\u00e3o da comunidade civil, com audi\u00eancias p\u00fablicas j\u00e1 marcadas, para fins de execu\u00e7\u00e3o da assun\u00e7\u00e3o pelo DNIT da rodovia, para fins de uma melhor execu\u00e7\u00e3o do servi\u00e7o p\u00fablico com incurs\u00e3o da comunidade.<\/p>\n\n\n\n<p>Conceder este prazo a mais, requerido pelo autor, representaria um desarranjo \u00e0 pol\u00edtica p\u00fablica regulat\u00f3ria do trecho e descr\u00e9dito da sociedade ao Poder Judici\u00e1rio&#8221;, escreveu a ju\u00edza em sua decis\u00e3o.<\/p>\n","protected":false},"excerpt":{"rendered":"<p>Dimmi Amora, da&nbsp;Ag\u00eancia iNFRA O novo diretor-geral substituto da ANTT (Ag\u00eancia Nacional de Transportes Terrestres), Alexandre Porto, afirmou que pretende\u00a0em seu per\u00edodo \u00e0 frente da ag\u00eancia fazer mudan\u00e7as que possam ampliar a governan\u00e7a da ag\u00eancia e refor\u00e7ar o trabalho dos t\u00e9cnicos. Em conversa com a\u00a0Ag\u00eancia iNFRA\u00a0ap\u00f3s iniciar sua gest\u00e3o, Porto, que \u00e9 servidor da ag\u00eancia [&hellip;]<\/p>\n","protected":false},"author":9,"featured_media":6821,"comment_status":"closed","ping_status":"closed","sticky":false,"template":"","format":"standard","meta":{"_monsterinsights_skip_tracking":false,"_monsterinsights_sitenote_active":false,"_monsterinsights_sitenote_note":"","_monsterinsights_sitenote_category":0,"footnotes":""},"categories":[1,7],"tags":[1774,1910,19,514,396,1776,505,3548,1759,1050,3602,328,120,922,3565,167,1576,126,123,3601,18],"class_list":["post-6820","post","type-post","status-publish","format-standard","has-post-thumbnail","hentry","category-geral","category-infratransporte","tag-1a-etapa","tag-alexandre-porto","tag-antt","tag-br-040","tag-bruno-dantas","tag-ccr-novadutra","tag-concer","tag-concessionaria","tag-covid-19","tag-davi-barreto","tag-diana-wanderlei","tag-dnit","tag-ferrovias","tag-marcelo-vinaud","tag-novadutra","tag-orcamento","tag-rodovia-presidente-dutra","tag-rodovias","tag-senado","tag-tarifa-calculada","tag-tcu"],"yoast_head":"<!-- This site is optimized with the Yoast SEO Premium plugin v25.4 (Yoast SEO v26.0) - https:\/\/yoast.com\/wordpress\/plugins\/seo\/ -->\n<title>Diretor-geral interino da ANTT quer avan\u00e7ar com mudan\u00e7as para refor\u00e7ar trabalho t\u00e9cnico da ag\u00eancia - Ag\u00eancia iNFRA<\/title>\n<meta name=\"robots\" content=\"index, follow, max-snippet:-1, max-image-preview:large, max-video-preview:-1\" \/>\n<link rel=\"canonical\" href=\"https:\/\/agenciainfra.com\/blog\/diretor-geral-interino-da-antt-quer-avancar-com-mudancas-para-reforcar-trabalho-tecnico-da-agencia\/\" \/>\n<meta property=\"og:locale\" content=\"pt_BR\" \/>\n<meta property=\"og:type\" content=\"article\" \/>\n<meta property=\"og:title\" content=\"Diretor-geral interino da ANTT quer avan\u00e7ar com mudan\u00e7as para refor\u00e7ar trabalho t\u00e9cnico da ag\u00eancia\" \/>\n<meta property=\"og:description\" content=\"Dimmi Amora, da&nbsp;Ag\u00eancia iNFRA O novo diretor-geral substituto da ANTT (Ag\u00eancia Nacional de Transportes Terrestres), Alexandre Porto, afirmou que pretende\u00a0em seu per\u00edodo \u00e0 frente da ag\u00eancia fazer mudan\u00e7as que possam ampliar a governan\u00e7a da ag\u00eancia e refor\u00e7ar o trabalho dos t\u00e9cnicos. Em conversa com a\u00a0Ag\u00eancia iNFRA\u00a0ap\u00f3s iniciar sua gest\u00e3o, Porto, que \u00e9 servidor da ag\u00eancia [&hellip;]\" \/>\n<meta property=\"og:url\" content=\"https:\/\/agenciainfra.com\/blog\/diretor-geral-interino-da-antt-quer-avancar-com-mudancas-para-reforcar-trabalho-tecnico-da-agencia\/\" \/>\n<meta property=\"og:site_name\" content=\"Ag\u00eancia iNFRA\" \/>\n<meta property=\"article:publisher\" content=\"https:\/\/www.facebook.com\/ageninfra\" \/>\n<meta property=\"article:published_time\" content=\"2021-02-23T11:00:00+00:00\" \/>\n<meta property=\"og:image\" content=\"https:\/\/agenciainfra.com\/blog\/wp-content\/uploads\/2021\/02\/alexandre-porto-foto-jefferson-rudy-agencia-senado.jpg\" \/>\n\t<meta property=\"og:image:width\" content=\"1280\" \/>\n\t<meta property=\"og:image:height\" content=\"854\" \/>\n\t<meta property=\"og:image:type\" content=\"image\/jpeg\" \/>\n<meta name=\"author\" content=\"Rodrigo Zuquim\" \/>\n<meta name=\"twitter:card\" content=\"summary_large_image\" \/>\n<meta name=\"twitter:creator\" content=\"@agencia_infra\" \/>\n<meta name=\"twitter:site\" content=\"@agencia_infra\" \/>\n<meta name=\"twitter:label1\" content=\"Escrito por\" \/>\n\t<meta name=\"twitter:data1\" content=\"Rodrigo Zuquim\" \/>\n\t<meta name=\"twitter:label2\" content=\"Est. tempo de leitura\" \/>\n\t<meta name=\"twitter:data2\" content=\"4 minutos\" \/>\n<script type=\"application\/ld+json\" class=\"yoast-schema-graph\">{\"@context\":\"https:\/\/schema.org\",\"@graph\":[{\"@type\":\"Article\",\"@id\":\"https:\/\/agenciainfra.com\/blog\/diretor-geral-interino-da-antt-quer-avancar-com-mudancas-para-reforcar-trabalho-tecnico-da-agencia\/#article\",\"isPartOf\":{\"@id\":\"https:\/\/agenciainfra.com\/blog\/diretor-geral-interino-da-antt-quer-avancar-com-mudancas-para-reforcar-trabalho-tecnico-da-agencia\/\"},\"author\":{\"name\":\"Rodrigo Zuquim\",\"@id\":\"https:\/\/agenciainfra.com\/blog\/#\/schema\/person\/04dbb79bd6d8951f063da71f3e4c1eb1\"},\"headline\":\"Diretor-geral interino da ANTT quer avan\u00e7ar com mudan\u00e7as para refor\u00e7ar trabalho t\u00e9cnico da ag\u00eancia\",\"datePublished\":\"2021-02-23T11:00:00+00:00\",\"mainEntityOfPage\":{\"@id\":\"https:\/\/agenciainfra.com\/blog\/diretor-geral-interino-da-antt-quer-avancar-com-mudancas-para-reforcar-trabalho-tecnico-da-agencia\/\"},\"wordCount\":839,\"publisher\":{\"@id\":\"https:\/\/agenciainfra.com\/blog\/#organization\"},\"image\":{\"@id\":\"https:\/\/agenciainfra.com\/blog\/diretor-geral-interino-da-antt-quer-avancar-com-mudancas-para-reforcar-trabalho-tecnico-da-agencia\/#primaryimage\"},\"thumbnailUrl\":\"https:\/\/agenciainfra.com\/blog\/wp-content\/uploads\/2021\/02\/alexandre-porto-foto-jefferson-rudy-agencia-senado.jpg\",\"keywords\":[\"1\u00aa Etapa\",\"Alexandre Porto\",\"ANTT\",\"BR-040\",\"Bruno Dantas\",\"CCR NovaDutra\",\"Concer\",\"concession\u00e1ria\",\"Covid-19\",\"Davi Barreto\",\"Diana Wanderlei\",\"DNIT\",\"Ferrovias\",\"Marcelo Vinaud\",\"NovaDutra\",\"Or\u00e7amento\",\"Rodovia Presidente Dutra\",\"rodovias\",\"senado\",\"tarifa calculada\",\"TCU\"],\"articleSection\":[\"Geral\",\"iNFRATransporte\"],\"inLanguage\":\"pt-BR\",\"copyrightYear\":\"2021\",\"copyrightHolder\":{\"@id\":\"https:\/\/agenciainfra.com\/blog\/#organization\"}},{\"@type\":\"WebPage\",\"@id\":\"https:\/\/agenciainfra.com\/blog\/diretor-geral-interino-da-antt-quer-avancar-com-mudancas-para-reforcar-trabalho-tecnico-da-agencia\/\",\"url\":\"https:\/\/agenciainfra.com\/blog\/diretor-geral-interino-da-antt-quer-avancar-com-mudancas-para-reforcar-trabalho-tecnico-da-agencia\/\",\"name\":\"Diretor-geral interino da ANTT quer avan\u00e7ar com mudan\u00e7as para refor\u00e7ar trabalho t\u00e9cnico da ag\u00eancia - Ag\u00eancia iNFRA\",\"isPartOf\":{\"@id\":\"https:\/\/agenciainfra.com\/blog\/#website\"},\"primaryImageOfPage\":{\"@id\":\"https:\/\/agenciainfra.com\/blog\/diretor-geral-interino-da-antt-quer-avancar-com-mudancas-para-reforcar-trabalho-tecnico-da-agencia\/#primaryimage\"},\"image\":{\"@id\":\"https:\/\/agenciainfra.com\/blog\/diretor-geral-interino-da-antt-quer-avancar-com-mudancas-para-reforcar-trabalho-tecnico-da-agencia\/#primaryimage\"},\"thumbnailUrl\":\"https:\/\/agenciainfra.com\/blog\/wp-content\/uploads\/2021\/02\/alexandre-porto-foto-jefferson-rudy-agencia-senado.jpg\",\"datePublished\":\"2021-02-23T11:00:00+00:00\",\"breadcrumb\":{\"@id\":\"https:\/\/agenciainfra.com\/blog\/diretor-geral-interino-da-antt-quer-avancar-com-mudancas-para-reforcar-trabalho-tecnico-da-agencia\/#breadcrumb\"},\"inLanguage\":\"pt-BR\",\"potentialAction\":[{\"@type\":\"ReadAction\",\"target\":[\"https:\/\/agenciainfra.com\/blog\/diretor-geral-interino-da-antt-quer-avancar-com-mudancas-para-reforcar-trabalho-tecnico-da-agencia\/\"]}]},{\"@type\":\"ImageObject\",\"inLanguage\":\"pt-BR\",\"@id\":\"https:\/\/agenciainfra.com\/blog\/diretor-geral-interino-da-antt-quer-avancar-com-mudancas-para-reforcar-trabalho-tecnico-da-agencia\/#primaryimage\",\"url\":\"https:\/\/agenciainfra.com\/blog\/wp-content\/uploads\/2021\/02\/alexandre-porto-foto-jefferson-rudy-agencia-senado.jpg\",\"contentUrl\":\"https:\/\/agenciainfra.com\/blog\/wp-content\/uploads\/2021\/02\/alexandre-porto-foto-jefferson-rudy-agencia-senado.jpg\",\"width\":1280,\"height\":854},{\"@type\":\"BreadcrumbList\",\"@id\":\"https:\/\/agenciainfra.com\/blog\/diretor-geral-interino-da-antt-quer-avancar-com-mudancas-para-reforcar-trabalho-tecnico-da-agencia\/#breadcrumb\",\"itemListElement\":[{\"@type\":\"ListItem\",\"position\":1,\"name\":\"In\u00edcio\",\"item\":\"https:\/\/agenciainfra.com\/blog\/\"},{\"@type\":\"ListItem\",\"position\":2,\"name\":\"Diretor-geral interino da ANTT quer avan\u00e7ar com mudan\u00e7as para refor\u00e7ar trabalho t\u00e9cnico da ag\u00eancia\"}]},{\"@type\":\"WebSite\",\"@id\":\"https:\/\/agenciainfra.com\/blog\/#website\",\"url\":\"https:\/\/agenciainfra.com\/blog\/\",\"name\":\"Ag\u00eancia iNFRA\",\"description\":\"Multiplataforma de informa\u00e7\u00e3o jornal\u00edstica refer\u00eancia na \u00e1rea de infraestrutura no Brasil!\",\"publisher\":{\"@id\":\"https:\/\/agenciainfra.com\/blog\/#organization\"},\"potentialAction\":[{\"@type\":\"SearchAction\",\"target\":{\"@type\":\"EntryPoint\",\"urlTemplate\":\"https:\/\/agenciainfra.com\/blog\/?s={search_term_string}\"},\"query-input\":{\"@type\":\"PropertyValueSpecification\",\"valueRequired\":true,\"valueName\":\"search_term_string\"}}],\"inLanguage\":\"pt-BR\"},{\"@type\":\"Organization\",\"@id\":\"https:\/\/agenciainfra.com\/blog\/#organization\",\"name\":\"Ag\u00eancia iNFRA\",\"url\":\"https:\/\/agenciainfra.com\/blog\/\",\"logo\":{\"@type\":\"ImageObject\",\"inLanguage\":\"pt-BR\",\"@id\":\"https:\/\/agenciainfra.com\/blog\/#\/schema\/logo\/image\/\",\"url\":\"https:\/\/agenciainfra.com\/blog\/wp-content\/uploads\/2023\/09\/iNFRA_5-e1761735885940.png\",\"contentUrl\":\"https:\/\/agenciainfra.com\/blog\/wp-content\/uploads\/2023\/09\/iNFRA_5-e1761735885940.png\",\"width\":1672,\"height\":454,\"caption\":\"Ag\u00eancia iNFRA\"},\"image\":{\"@id\":\"https:\/\/agenciainfra.com\/blog\/#\/schema\/logo\/image\/\"},\"sameAs\":[\"https:\/\/www.facebook.com\/ageninfra\",\"https:\/\/x.com\/agencia_infra\",\"https:\/\/www.linkedin.com\/company\/ag\u00eanciainfra\/\",\"https:\/\/www.instagram.com\/agenciainfra\/\"]},{\"@type\":\"Person\",\"@id\":\"https:\/\/agenciainfra.com\/blog\/#\/schema\/person\/04dbb79bd6d8951f063da71f3e4c1eb1\",\"name\":\"Rodrigo Zuquim\",\"image\":{\"@type\":\"ImageObject\",\"inLanguage\":\"pt-BR\",\"@id\":\"https:\/\/agenciainfra.com\/blog\/#\/schema\/person\/image\/\",\"url\":\"https:\/\/secure.gravatar.com\/avatar\/594abfe82761d620726242ff34ca472a705a4b97f16c790053a6b4c4035274d0?s=96&d=mm&r=g\",\"contentUrl\":\"https:\/\/secure.gravatar.com\/avatar\/594abfe82761d620726242ff34ca472a705a4b97f16c790053a6b4c4035274d0?s=96&d=mm&r=g\",\"caption\":\"Rodrigo Zuquim\"},\"url\":\"https:\/\/agenciainfra.com\/blog\/author\/rodrigo-zuquim\/\"}]}<\/script>\n<!-- \/ Yoast SEO Premium plugin. -->","yoast_head_json":{"title":"Diretor-geral interino da ANTT quer avan\u00e7ar com mudan\u00e7as para refor\u00e7ar trabalho t\u00e9cnico da ag\u00eancia - Ag\u00eancia iNFRA","robots":{"index":"index","follow":"follow","max-snippet":"max-snippet:-1","max-image-preview":"max-image-preview:large","max-video-preview":"max-video-preview:-1"},"canonical":"https:\/\/agenciainfra.com\/blog\/diretor-geral-interino-da-antt-quer-avancar-com-mudancas-para-reforcar-trabalho-tecnico-da-agencia\/","og_locale":"pt_BR","og_type":"article","og_title":"Diretor-geral interino da ANTT quer avan\u00e7ar com mudan\u00e7as para refor\u00e7ar trabalho t\u00e9cnico da ag\u00eancia","og_description":"Dimmi Amora, da&nbsp;Ag\u00eancia iNFRA O novo diretor-geral substituto da ANTT (Ag\u00eancia Nacional de Transportes Terrestres), Alexandre Porto, afirmou que pretende\u00a0em seu per\u00edodo \u00e0 frente da ag\u00eancia fazer mudan\u00e7as que possam ampliar a governan\u00e7a da ag\u00eancia e refor\u00e7ar o trabalho dos t\u00e9cnicos. Em conversa com a\u00a0Ag\u00eancia iNFRA\u00a0ap\u00f3s iniciar sua gest\u00e3o, Porto, que \u00e9 servidor da ag\u00eancia [&hellip;]","og_url":"https:\/\/agenciainfra.com\/blog\/diretor-geral-interino-da-antt-quer-avancar-com-mudancas-para-reforcar-trabalho-tecnico-da-agencia\/","og_site_name":"Ag\u00eancia iNFRA","article_publisher":"https:\/\/www.facebook.com\/ageninfra","article_published_time":"2021-02-23T11:00:00+00:00","og_image":[{"width":1280,"height":854,"url":"https:\/\/agenciainfra.com\/blog\/wp-content\/uploads\/2021\/02\/alexandre-porto-foto-jefferson-rudy-agencia-senado.jpg","type":"image\/jpeg"}],"author":"Rodrigo Zuquim","twitter_card":"summary_large_image","twitter_creator":"@agencia_infra","twitter_site":"@agencia_infra","twitter_misc":{"Escrito por":"Rodrigo Zuquim","Est. tempo de leitura":"4 minutos"},"schema":{"@context":"https:\/\/schema.org","@graph":[{"@type":"Article","@id":"https:\/\/agenciainfra.com\/blog\/diretor-geral-interino-da-antt-quer-avancar-com-mudancas-para-reforcar-trabalho-tecnico-da-agencia\/#article","isPartOf":{"@id":"https:\/\/agenciainfra.com\/blog\/diretor-geral-interino-da-antt-quer-avancar-com-mudancas-para-reforcar-trabalho-tecnico-da-agencia\/"},"author":{"name":"Rodrigo Zuquim","@id":"https:\/\/agenciainfra.com\/blog\/#\/schema\/person\/04dbb79bd6d8951f063da71f3e4c1eb1"},"headline":"Diretor-geral interino da ANTT quer avan\u00e7ar com mudan\u00e7as para refor\u00e7ar trabalho t\u00e9cnico da ag\u00eancia","datePublished":"2021-02-23T11:00:00+00:00","mainEntityOfPage":{"@id":"https:\/\/agenciainfra.com\/blog\/diretor-geral-interino-da-antt-quer-avancar-com-mudancas-para-reforcar-trabalho-tecnico-da-agencia\/"},"wordCount":839,"publisher":{"@id":"https:\/\/agenciainfra.com\/blog\/#organization"},"image":{"@id":"https:\/\/agenciainfra.com\/blog\/diretor-geral-interino-da-antt-quer-avancar-com-mudancas-para-reforcar-trabalho-tecnico-da-agencia\/#primaryimage"},"thumbnailUrl":"https:\/\/agenciainfra.com\/blog\/wp-content\/uploads\/2021\/02\/alexandre-porto-foto-jefferson-rudy-agencia-senado.jpg","keywords":["1\u00aa Etapa","Alexandre Porto","ANTT","BR-040","Bruno Dantas","CCR NovaDutra","Concer","concession\u00e1ria","Covid-19","Davi Barreto","Diana Wanderlei","DNIT","Ferrovias","Marcelo Vinaud","NovaDutra","Or\u00e7amento","Rodovia Presidente Dutra","rodovias","senado","tarifa calculada","TCU"],"articleSection":["Geral","iNFRATransporte"],"inLanguage":"pt-BR","copyrightYear":"2021","copyrightHolder":{"@id":"https:\/\/agenciainfra.com\/blog\/#organization"}},{"@type":"WebPage","@id":"https:\/\/agenciainfra.com\/blog\/diretor-geral-interino-da-antt-quer-avancar-com-mudancas-para-reforcar-trabalho-tecnico-da-agencia\/","url":"https:\/\/agenciainfra.com\/blog\/diretor-geral-interino-da-antt-quer-avancar-com-mudancas-para-reforcar-trabalho-tecnico-da-agencia\/","name":"Diretor-geral interino da ANTT quer avan\u00e7ar com mudan\u00e7as para refor\u00e7ar trabalho t\u00e9cnico da ag\u00eancia - Ag\u00eancia iNFRA","isPartOf":{"@id":"https:\/\/agenciainfra.com\/blog\/#website"},"primaryImageOfPage":{"@id":"https:\/\/agenciainfra.com\/blog\/diretor-geral-interino-da-antt-quer-avancar-com-mudancas-para-reforcar-trabalho-tecnico-da-agencia\/#primaryimage"},"image":{"@id":"https:\/\/agenciainfra.com\/blog\/diretor-geral-interino-da-antt-quer-avancar-com-mudancas-para-reforcar-trabalho-tecnico-da-agencia\/#primaryimage"},"thumbnailUrl":"https:\/\/agenciainfra.com\/blog\/wp-content\/uploads\/2021\/02\/alexandre-porto-foto-jefferson-rudy-agencia-senado.jpg","datePublished":"2021-02-23T11:00:00+00:00","breadcrumb":{"@id":"https:\/\/agenciainfra.com\/blog\/diretor-geral-interino-da-antt-quer-avancar-com-mudancas-para-reforcar-trabalho-tecnico-da-agencia\/#breadcrumb"},"inLanguage":"pt-BR","potentialAction":[{"@type":"ReadAction","target":["https:\/\/agenciainfra.com\/blog\/diretor-geral-interino-da-antt-quer-avancar-com-mudancas-para-reforcar-trabalho-tecnico-da-agencia\/"]}]},{"@type":"ImageObject","inLanguage":"pt-BR","@id":"https:\/\/agenciainfra.com\/blog\/diretor-geral-interino-da-antt-quer-avancar-com-mudancas-para-reforcar-trabalho-tecnico-da-agencia\/#primaryimage","url":"https:\/\/agenciainfra.com\/blog\/wp-content\/uploads\/2021\/02\/alexandre-porto-foto-jefferson-rudy-agencia-senado.jpg","contentUrl":"https:\/\/agenciainfra.com\/blog\/wp-content\/uploads\/2021\/02\/alexandre-porto-foto-jefferson-rudy-agencia-senado.jpg","width":1280,"height":854},{"@type":"BreadcrumbList","@id":"https:\/\/agenciainfra.com\/blog\/diretor-geral-interino-da-antt-quer-avancar-com-mudancas-para-reforcar-trabalho-tecnico-da-agencia\/#breadcrumb","itemListElement":[{"@type":"ListItem","position":1,"name":"In\u00edcio","item":"https:\/\/agenciainfra.com\/blog\/"},{"@type":"ListItem","position":2,"name":"Diretor-geral interino da ANTT quer avan\u00e7ar com mudan\u00e7as para refor\u00e7ar trabalho t\u00e9cnico da ag\u00eancia"}]},{"@type":"WebSite","@id":"https:\/\/agenciainfra.com\/blog\/#website","url":"https:\/\/agenciainfra.com\/blog\/","name":"Ag\u00eancia iNFRA","description":"Multiplataforma de informa\u00e7\u00e3o jornal\u00edstica refer\u00eancia na \u00e1rea de infraestrutura no Brasil!","publisher":{"@id":"https:\/\/agenciainfra.com\/blog\/#organization"},"potentialAction":[{"@type":"SearchAction","target":{"@type":"EntryPoint","urlTemplate":"https:\/\/agenciainfra.com\/blog\/?s={search_term_string}"},"query-input":{"@type":"PropertyValueSpecification","valueRequired":true,"valueName":"search_term_string"}}],"inLanguage":"pt-BR"},{"@type":"Organization","@id":"https:\/\/agenciainfra.com\/blog\/#organization","name":"Ag\u00eancia iNFRA","url":"https:\/\/agenciainfra.com\/blog\/","logo":{"@type":"ImageObject","inLanguage":"pt-BR","@id":"https:\/\/agenciainfra.com\/blog\/#\/schema\/logo\/image\/","url":"https:\/\/agenciainfra.com\/blog\/wp-content\/uploads\/2023\/09\/iNFRA_5-e1761735885940.png","contentUrl":"https:\/\/agenciainfra.com\/blog\/wp-content\/uploads\/2023\/09\/iNFRA_5-e1761735885940.png","width":1672,"height":454,"caption":"Ag\u00eancia iNFRA"},"image":{"@id":"https:\/\/agenciainfra.com\/blog\/#\/schema\/logo\/image\/"},"sameAs":["https:\/\/www.facebook.com\/ageninfra","https:\/\/x.com\/agencia_infra","https:\/\/www.linkedin.com\/company\/ag\u00eanciainfra\/","https:\/\/www.instagram.com\/agenciainfra\/"]},{"@type":"Person","@id":"https:\/\/agenciainfra.com\/blog\/#\/schema\/person\/04dbb79bd6d8951f063da71f3e4c1eb1","name":"Rodrigo Zuquim","image":{"@type":"ImageObject","inLanguage":"pt-BR","@id":"https:\/\/agenciainfra.com\/blog\/#\/schema\/person\/image\/","url":"https:\/\/secure.gravatar.com\/avatar\/594abfe82761d620726242ff34ca472a705a4b97f16c790053a6b4c4035274d0?s=96&d=mm&r=g","contentUrl":"https:\/\/secure.gravatar.com\/avatar\/594abfe82761d620726242ff34ca472a705a4b97f16c790053a6b4c4035274d0?s=96&d=mm&r=g","caption":"Rodrigo Zuquim"},"url":"https:\/\/agenciainfra.com\/blog\/author\/rodrigo-zuquim\/"}]}},"_links":{"self":[{"href":"https:\/\/agenciainfra.com\/blog\/wp-json\/wp\/v2\/posts\/6820","targetHints":{"allow":["GET"]}}],"collection":[{"href":"https:\/\/agenciainfra.com\/blog\/wp-json\/wp\/v2\/posts"}],"about":[{"href":"https:\/\/agenciainfra.com\/blog\/wp-json\/wp\/v2\/types\/post"}],"author":[{"embeddable":true,"href":"https:\/\/agenciainfra.com\/blog\/wp-json\/wp\/v2\/users\/9"}],"replies":[{"embeddable":true,"href":"https:\/\/agenciainfra.com\/blog\/wp-json\/wp\/v2\/comments?post=6820"}],"version-history":[{"count":0,"href":"https:\/\/agenciainfra.com\/blog\/wp-json\/wp\/v2\/posts\/6820\/revisions"}],"wp:featuredmedia":[{"embeddable":true,"href":"https:\/\/agenciainfra.com\/blog\/wp-json\/wp\/v2\/media\/6821"}],"wp:attachment":[{"href":"https:\/\/agenciainfra.com\/blog\/wp-json\/wp\/v2\/media?parent=6820"}],"wp:term":[{"taxonomy":"category","embeddable":true,"href":"https:\/\/agenciainfra.com\/blog\/wp-json\/wp\/v2\/categories?post=6820"},{"taxonomy":"post_tag","embeddable":true,"href":"https:\/\/agenciainfra.com\/blog\/wp-json\/wp\/v2\/tags?post=6820"}],"curies":[{"name":"wp","href":"https:\/\/api.w.org\/{rel}","templated":true}]}}